{"id":494564,"date":"2023-12-04T08:29:28","date_gmt":"2023-12-04T11:29:28","guid":{"rendered":"https:\/\/www.suno.com.br\/noticias\/?p=494564"},"modified":"2023-12-04T08:32:00","modified_gmt":"2023-12-04T11:32:00","slug":"bolsas-asiaticas-e-europeias-operam-sem-sinal-unico-nesta-segunda-ibovespa-seguira-mercado-externo","status":"publish","type":"post","link":"https:\/\/www.suno.com.br\/noticias\/bolsas-asiaticas-e-europeias-operam-sem-sinal-unico-nesta-segunda-ibovespa-seguira-mercado-externo\/","title":{"rendered":"Bolsas asi\u00e1ticas e europeias operam sem sinal \u00fanico nesta segunda; Ibovespa seguir\u00e1 mercado externo?"},"content":{"rendered":"<p>As <strong>bolsas asi\u00e1ticas<\/strong> n\u00e3o tiveram sinal \u00fanico nesta segunda-feira (4), mas houve perdas em Xangai e em T\u00f3quio.<\/p>\t<div class=\"wrapper-featured-image\">\n\t\t<figure class=\"spotlightImg\">\n\n\t\t\t<picture>\n\t\t\t\t<source media=\"(max-width: 768px)\" srcset=\"https:\/\/files.sunoresearch.com.br\/n\/uploads\/2023\/08\/xangai-unsplash-400x200.jpg\">\n\t\t\t\t<img loading=\"lazy\" decoding=\"async\" class=\"newsContent__article__imgCapa lazyloadDisabled \" src=\"https:\/\/files.sunoresearch.com.br\/n\/uploads\/2023\/08\/xangai-unsplash-800x450.jpg\" width=\"800\" height=\"450\" alt=\"Bolsas asi\u00e1ticas e europeias operam sem sinal \u00fanico nesta segunda; Ibovespa seguir\u00e1 mercado externo?\" fetchpriority=high \/>\n\t\t\t<\/picture>\n\n\t\t\t<figcaption class=\"wp-caption-text wp-caption-text--show\">Bolsas asi\u00e1ticas. Foto: Unsplash<\/figcaption>\n\t\t<\/figure>\n\t<\/div>\n\n\n\n\n\n\n\n\t<p>\n\t\t<a href=\"https:\/\/lp.suno.com.br\/ebook-como-analisar-uma-acao\/\" target=\"_blank\" data-element=\"shortcode-suno-banner\" title=\"Banner SUNO, clique e saiba mais\">\n\t\t\t<picture>\n\t\t\t\t<source media=\"(max-width: 500px)\" srcset=\"https:\/\/files.sunoresearch.com.br\/n\/uploads\/2023\/03\/Ebook-Acoes-Mobile.jpg\">\n\t\t\t\t<img class=\"newsContent__article__imgCapa newsContent__article__imgCapa--banner\"\n\t\t\t\t\tsrc=\"https:\/\/files.sunoresearch.com.br\/n\/uploads\/2023\/03\/Ebook-Acoes-Desktop.jpg\"\n\t\t\t\t\tdata-promo-id=\"378302\"\t\t\t\t\t\t\t\t\t\twidth='1420' height='286'\t\t\t\t\talt=\"https:\/\/files.sunoresearch.com.br\/n\/uploads\/2023\/03\/Ebook-Acoes-Desktop.jpg\"\n\t\t\t\t>\n\t\t\t<\/picture>\n\t\t<\/a>\n\t<\/p>\n\n\n\n\n\n<p>Esse cen\u00e1rio pode ter alguma repercuss\u00e3o nas negocia\u00e7\u00f5es do&nbsp;<strong>Ibovespa hoje,<\/strong>&nbsp;que fechou a sess\u00e3o de sexta-feira (1) em alta de 0,67% aos 128.184,91 pontos.<\/p>\n\n\n\n<p>Entre as <strong>bolsas asi\u00e1ticas<\/strong>, a <strong>Bolsa de Xangai<\/strong> fechou em queda de 0,29%, em 3.022,91 pontos, e a de <strong>Shenzhen<\/strong>, de menor abrang\u00eancia, caiu 0,34%, a 1.968,48 pontos. A\u00e7\u00f5es de incorporadoras e farmac\u00eauticas estiveram sob press\u00e3o. <strong>Pharmaron Beijing<\/strong> caiu 9,9% e <strong>Poly Developments &amp; Holdings<\/strong>, 2,8%.<\/p>\n\n\n\n<p>Em T\u00f3quio, o <strong>\u00edndice Nikkei<\/strong> registrou baixa de 0,60%, a 16.830,30 pontos. A for\u00e7a do iene foi negativa para a\u00e7\u00f5es de exportadoras japonesas. <strong>Toyota Industries<\/strong> e <strong>Denso<\/strong> estiveram entre as mais pressionadas, com baixas de 5,2% e 3,3%, respectivamente.<\/p>\n\n\n\n<p>O <strong>\u00edndice Kospi<\/strong>, da <strong>Bolsa de Seul<\/strong>, foi na contram\u00e3o da maioria e subiu 0,40%, a 2.514,95 pontos. A\u00e7\u00f5es de empresas ligadas a baterias e tamb\u00e9m ao transporte mar\u00edtimo de cargas puxaram o mercado local para cima. Entre as empresas do segmento de baterias para ve\u00edculos el\u00e9tricos, <strong>Posco Futuro M <\/strong>e<strong> SK ie Technology<\/strong> subiram 11% e 15%, respectivamente, ap\u00f3s os&nbsp;Estados Unidos&nbsp;anunciarem nova diretriz para limitar conte\u00fado chin\u00eas em baterias para o recebimento de cr\u00e9ditos tribut\u00e1rios americanos. <strong>HD Hyundai Heavy Industries<\/strong> ganhou 3,8%.<\/p>\n\n\n\n<p>Ainda nas bolsas asi\u00e1ticas, em Hong Kong, o <strong>\u00edndice Hang Seng<\/strong> registrou baixa de 1,09%, a 16.646,05 pontos, em meio a preocupa\u00e7\u00f5es com a economia da&nbsp;China, antes de mais indicadores previstos para esta semana. O <strong>Goldman Sachs<\/strong> avalia que o mercado teve rea\u00e7\u00e3o t\u00edmida a medidas recentes de relaxamento de Pequim, por acreditar que isso n\u00e3o ser\u00e1 suficiente e questionar seu impacto.<\/p>\n\n\n\n<p>A\u00e7\u00f5es de farmac\u00eauticas estiveram entre as quedas, com <strong>Wuxi Biologics<\/strong> em baixa de 24%, antes de que a negocia\u00e7\u00e3o do papel fosse paralisada. J\u00e1 <strong>China Evergrande Group<\/strong> subiu 9,2% ap\u00f3s um tribunal dar \u00e0 incorporadora mais prazo para um plano de reestrutura\u00e7\u00e3o.<\/p>\n\n\n\n<p>Em Taiwan, o <strong>\u00edndice Taiex<\/strong> caiu 0,10%, a 17.421,48 pontos.<\/p>\n\n\n\n<p>Na Oceania, em Sydney, o <strong>\u00edndice S&amp;P\/ASX 200<\/strong> fechou em alta de 0,73%, em 7.124,70 pontos. O n\u00edvel de fechamento foi o mais alto desde 20 de setembro, na v\u00e9spera da \u00faltima decis\u00e3o do ano de <a href=\"https:\/\/www.suno.com.br\/artigos\/politica-monetaria\/\">pol\u00edtica monet\u00e1ria<\/a> do Banco Central da Austr\u00e1lia. A\u00e7\u00f5es ligadas ao ouro e ao min\u00e9rio de ferro puxaram o mercado local para cima.<\/p>\n\n\n\n\t<div data-element=\"shortcode-read-more\" class=\"readToo\">\n\t\t\t\t<span class=\"readToo__title\">Leia mais<\/span>\n\t\t\t\t<ul class=\"readToo__list\">\n\t\t\t<li><a href=\"https:\/\/www.suno.com.br\/noticias\/ibovespa-hoje-mercado-ao-vivo-041223\/\">Ibovespa cai com realiza\u00e7\u00e3o; Vale (VALE3) e Petrobras (PETR4) recuam mais de 2%. Gol (GOLL4) tomba 9% e Engie (EGIE3) lidera ganhos<\/a><\/li><li><a href=\"https:\/\/www.suno.com.br\/noticias\/sabesp-sbpb3-lula-ibovespa-gpj\/\">Privatiza\u00e7\u00e3o da Sabesp (SBPB3), Lula na Alemanha e mais: confira a agenda desta segunda-feira<\/a><\/li>\t\t<\/ul>\n\t<\/div>\n\n\n\n\t<p>\n\t\t<a href=\"https:\/\/lp.suno.com.br\/ebook-gratuito-investindo-no-exterior\/\" target=\"_blank\" data-element=\"shortcode-suno-banner\" title=\"Banner SUNO, clique e saiba mais\">\n\t\t\t<picture>\n\t\t\t\t<source media=\"(max-width: 500px)\" srcset=\"https:\/\/files.sunoresearch.com.br\/n\/uploads\/2023\/03\/400x300-Investindo-no-exterior.png\">\n\t\t\t\t<img class=\"newsContent__article__imgCapa newsContent__article__imgCapa--banner\"\n\t\t\t\t\tsrc=\"https:\/\/files.sunoresearch.com.br\/n\/uploads\/2023\/03\/1420x240-Investindo-no-exterior.png\"\n\t\t\t\t\tdata-promo-id=\"383161\"\t\t\t\t\t\t\t\t\t\twidth='1420' height='240'\t\t\t\t\talt=\"https:\/\/files.sunoresearch.com.br\/n\/uploads\/2023\/03\/1420x240-Investindo-no-exterior.png\"\n\t\t\t\t>\n\t\t\t<\/picture>\n\t\t<\/a>\n\t<\/p>\n\n\n\n\n\n<h2 class=\"wp-block-heading\">Bolsas da Europa operam sem sinal \u00fanico, \u00e0 espera de Lagarde, do BCE<\/h2>\n\n\n\n<p>As <strong>bolsas europeias<\/strong> operam sem sinal \u00fanico, nas primeiras horas de neg\u00f3cio desta segunda-feira (4). Sem indicadores importantes previstos, h\u00e1 expectativa por declara\u00e7\u00f5es da presidente do Banco Central Europeu (<strong>BCE<\/strong>), Christine Lagarde, durante evento em Paris.<\/p>\n\n\n\n<p>Confira os \u00edndices perto das 8h25 desta segunda:<\/p>\n\n\n\n<ul class=\"wp-block-list\">\n<li>Londres (FTSE100): -0,36%<\/li>\n\n\n\n<li>Frankfurt (DAX): +0,10%<\/li>\n\n\n\n<li>Paris (CAC 40): -0,13%<\/li>\n\n\n\n<li>Madrid (Ibex 35): +0,34%<\/li>\n\n\n\n<li>Europa (Stoxx 600): -0,04%<\/li>\n<\/ul>\n\n\n\n<p>\u00c0s 11h, Lagarde discursa durante evento em Paris, e investidores aguardam mais pistas sobre os pr\u00f3ximos passos da <a href=\"https:\/\/www.suno.com.br\/artigos\/politica-monetaria\/\">pol\u00edtica monet\u00e1ria<\/a> do BCE. Na avalia\u00e7\u00e3o do ING, Lagarde deve manter o equil\u00edbrio entre as alas do BCE, ao sugerir que ainda h\u00e1 possibilidade de eleva\u00e7\u00e3o dos juros na <a href=\"https:\/\/www.suno.com.br\/artigos\/zona-do-euro\/\">zona do euro<\/a>. Mais cedo, o vice do BCE, Luis de Guindos, alertou para o ritmo ainda robusto do aumento dos sal\u00e1rios, que pode influir na infla\u00e7\u00e3o adiante.<\/p>\n\n\n\n<p>\u00c0s 8h30, Swati Dhingra, integrante do conselho do Banco da Inglaterra (<strong>BoE<\/strong>, na sigla em ingl\u00eas), participa em evento sobre estrat\u00e9gias econ\u00f4micas. Na sexta-feira, a <strong>Fitch<\/strong> reafirmou o rating AA- do Reino Unido, com perspectiva negativa, e citou em comunicado o quadro de <a href=\"https:\/\/www.suno.com.br\/artigos\/divida-publica\/\">d\u00edvida p\u00fablica<\/a> elevada e incertezas nas rela\u00e7\u00f5es com a Uni\u00e3o Europeia, desde a sa\u00edda do pa\u00eds do bloco (Brexit). Para a Fitch, a consolida\u00e7\u00e3o fiscal do pa\u00eds \u00e9 algo incerto, diante do crescimento mais fraco e da infla\u00e7\u00e3o persistente.<\/p>\n\n\n\n<p><em>*Com informa\u00e7\u00f5es da Dow Jones Newswires e Estad\u00e3o Conte\u00fado<\/em><a href=\"https:\/\/lp.suno.com.br\/planilha-da-vida-financeira\/\" target=\"_blank\" rel=\"noreferrer noopener\"><\/a><\/p>\n\n\n\t<p>\n\t\t<a href=\"https:\/\/lp.suno.com.br\/planilha-da-vida-financeira\/\" target=\"_blank\" data-element=\"shortcode-suno-banner\" title=\"Banner SUNO, clique e saiba mais\">\n\t\t\t<picture>\n\t\t\t\t<source media=\"(max-width: 500px)\" srcset=\"https:\/\/files.sunoresearch.com.br\/n\/uploads\/2023\/04\/400x300-Planilha-vida-financeira-true.png\">\n\t\t\t\t<img class=\"newsContent__article__imgCapa newsContent__article__imgCapa--banner\"\n\t\t\t\t\tsrc=\"https:\/\/files.sunoresearch.com.br\/n\/uploads\/2023\/04\/1420x240-Planilha-vida-financeira-true.png\"\n\t\t\t\t\tdata-promo-id=\"383123\"\t\t\t\t\t\t\t\t\t\twidth='1420' height='240'\t\t\t\t\talt=\"https:\/\/files.sunoresearch.com.br\/n\/uploads\/2023\/04\/1420x240-Planilha-vida-financeira-true.png\"\n\t\t\t\t>\n\t\t\t<\/picture>\n\t\t<\/a>\n\t<\/p>\n\n\n","protected":false},"excerpt":{"rendered":"<p>As bolsas asi\u00e1ticas n\u00e3o tiveram sinal \u00fanico nesta segunda-feira (4), mas houve perdas em Xangai e em T\u00f3quio. Bolsas asi\u00e1ticas. Foto: Unsplash Esse cen\u00e1rio pode ter alguma repercuss\u00e3o nas negocia\u00e7\u00f5es do&nbsp;Ibovespa hoje,&nbsp;que fechou a sess\u00e3o de sexta-feira (1) em alta de 0,67% aos 128.184,91 pontos. Entre as bolsas asi\u00e1ticas, a Bolsa de Xangai fechou em [&hellip;]<\/p>\n","protected":false},"author":313,"featured_media":445672,"comment_status":"closed","ping_status":"closed","sticky":false,"template":"","format":"standard","meta":[],"categories":[60],"tags":[286,2204,104703,711,105108,105107],"suno_strategy":[],"class_list":["post-494564","post","type-post","status-publish","format-standard","has-post-thumbnail","hentry","category-mercado","tag-acoes","tag-bolsa-de-valores-de-hong-kong","tag-bolsas-mundiais","tag-china","tag-hang-seng","tag-nikkei-225"],"yoast_head":"<!-- This site is optimized with the Yoast SEO plugin v24.4 - https:\/\/yoast.com\/wordpress\/plugins\/seo\/ -->\n<title>Bolsas asi\u00e1ticas e europeias operam sem sinal \u00fanico nesta segunda-feira<\/title>\n<meta name=\"description\" content=\"As bolsas asi\u00e1ticas n\u00e3o tiveram sinal \u00fanico nesta segunda-feira (4), mas houve perdas em Xangai e em T\u00f3quio.\" \/>\n<meta name=\"robots\" content=\"index, follow, max-snippet:-1, max-image-preview:large, max-video-preview:-1\" \/>\n<link rel=\"canonical\" href=\"https:\/\/www.suno.com.br\/noticias\/bolsas-asiaticas-e-europeias-operam-sem-sinal-unico-nesta-segunda-ibovespa-seguira-mercado-externo\/\" \/>\n<meta property=\"og:locale\" content=\"pt_BR\" \/>\n<meta property=\"og:type\" content=\"article\" \/>\n<meta property=\"og:title\" content=\"Bolsas asi\u00e1ticas e europeias operam sem sinal \u00fanico nesta segunda-feira\" \/>\n<meta property=\"og:description\" content=\"As bolsas asi\u00e1ticas n\u00e3o tiveram sinal \u00fanico nesta segunda-feira (4), mas houve perdas em Xangai e em T\u00f3quio.\" \/>\n<meta property=\"og:url\" content=\"https:\/\/www.suno.com.br\/noticias\/bolsas-asiaticas-e-europeias-operam-sem-sinal-unico-nesta-segunda-ibovespa-seguira-mercado-externo\/\" \/>\n<meta property=\"og:site_name\" content=\"Suno Not\u00edcias\" \/>\n<meta property=\"article:publisher\" content=\"https:\/\/facebook.com\/sunoresearch\" \/>\n<meta property=\"og:image\" content=\"https:\/\/files.sunoresearch.com.br\/n\/uploads\/2023\/08\/xangai-unsplash.jpg\" \/>\n\t<meta property=\"og:image:width\" content=\"1200\" \/>\n\t<meta property=\"og:image:height\" content=\"800\" \/>\n\t<meta property=\"og:image:type\" content=\"image\/jpeg\" \/>\n<meta name=\"author\" content=\"Giovanni Porf\u00edrio Jacomino\" \/>\n<meta name=\"twitter:card\" content=\"summary_large_image\" \/>\n<meta name=\"twitter:creator\" content=\"@sunoresearch\" \/>\n<meta name=\"twitter:site\" content=\"@sunoresearch\" \/>\n<meta name=\"twitter:label1\" content=\"Escrito por\" \/>\n\t<meta name=\"twitter:data1\" content=\"Giovanni Porf\u00edrio Jacomino\" \/>\n\t<meta name=\"twitter:label2\" content=\"Est. tempo de leitura\" \/>\n\t<meta name=\"twitter:data2\" content=\"4 minutos\" \/>\n<script type=\"application\/ld+json\" class=\"yoast-schema-graph\">{\"@context\":\"https:\/\/schema.org\",\"@graph\":[{\"@type\":\"NewsArticle\",\"@id\":\"https:\/\/www.suno.com.br\/noticias\/bolsas-asiaticas-e-europeias-operam-sem-sinal-unico-nesta-segunda-ibovespa-seguira-mercado-externo\/#article\",\"isPartOf\":{\"@id\":\"https:\/\/www.suno.com.br\/noticias\/bolsas-asiaticas-e-europeias-operam-sem-sinal-unico-nesta-segunda-ibovespa-seguira-mercado-externo\/\"},\"author\":{\"name\":\"Giovanni Porf\u00edrio Jacomino\",\"@id\":\"https:\/\/www.suno.com.br\/noticias\/#\/schema\/person\/d0f32748bbca4bee871fa191ee4e2d40\"},\"headline\":\"Bolsas asi\u00e1ticas e europeias operam sem sinal \u00fanico nesta segunda; Ibovespa seguir\u00e1 mercado externo?\",\"datePublished\":\"2023-12-04T11:29:28+00:00\",\"dateModified\":\"2023-12-04T11:32:00+00:00\",\"mainEntityOfPage\":{\"@id\":\"https:\/\/www.suno.com.br\/noticias\/bolsas-asiaticas-e-europeias-operam-sem-sinal-unico-nesta-segunda-ibovespa-seguira-mercado-externo\/\"},\"wordCount\":690,\"publisher\":{\"@id\":\"https:\/\/www.suno.com.br\/noticias\/#organization\"},\"image\":{\"@id\":\"https:\/\/www.suno.com.br\/noticias\/bolsas-asiaticas-e-europeias-operam-sem-sinal-unico-nesta-segunda-ibovespa-seguira-mercado-externo\/#primaryimage\"},\"thumbnailUrl\":\"https:\/\/files.sunoresearch.com.br\/n\/uploads\/2023\/08\/xangai-unsplash.jpg\",\"keywords\":[\"A\u00e7\u00f5es\",\"Bolsa de Valores de Hong Kong\",\"Bolsas mundiais\",\"China\",\"Hang Seng\",\"Nikkei 225\"],\"articleSection\":[\"Mercado\"],\"inLanguage\":\"pt-BR\"},{\"@type\":\"WebPage\",\"@id\":\"https:\/\/www.suno.com.br\/noticias\/bolsas-asiaticas-e-europeias-operam-sem-sinal-unico-nesta-segunda-ibovespa-seguira-mercado-externo\/\",\"url\":\"https:\/\/www.suno.com.br\/noticias\/bolsas-asiaticas-e-europeias-operam-sem-sinal-unico-nesta-segunda-ibovespa-seguira-mercado-externo\/\",\"name\":\"Bolsas asi\u00e1ticas e europeias operam sem sinal \u00fanico nesta segunda-feira\",\"isPartOf\":{\"@id\":\"https:\/\/www.suno.com.br\/noticias\/#website\"},\"primaryImageOfPage\":{\"@id\":\"https:\/\/www.suno.com.br\/noticias\/bolsas-asiaticas-e-europeias-operam-sem-sinal-unico-nesta-segunda-ibovespa-seguira-mercado-externo\/#primaryimage\"},\"image\":{\"@id\":\"https:\/\/www.suno.com.br\/noticias\/bolsas-asiaticas-e-europeias-operam-sem-sinal-unico-nesta-segunda-ibovespa-seguira-mercado-externo\/#primaryimage\"},\"thumbnailUrl\":\"https:\/\/files.sunoresearch.com.br\/n\/uploads\/2023\/08\/xangai-unsplash.jpg\",\"datePublished\":\"2023-12-04T11:29:28+00:00\",\"dateModified\":\"2023-12-04T11:32:00+00:00\",\"description\":\"As bolsas asi\u00e1ticas n\u00e3o tiveram sinal \u00fanico nesta segunda-feira (4), mas houve perdas em Xangai e em T\u00f3quio.\",\"breadcrumb\":{\"@id\":\"https:\/\/www.suno.com.br\/noticias\/bolsas-asiaticas-e-europeias-operam-sem-sinal-unico-nesta-segunda-ibovespa-seguira-mercado-externo\/#breadcrumb\"},\"inLanguage\":\"pt-BR\",\"potentialAction\":[{\"@type\":\"ReadAction\",\"target\":[\"https:\/\/www.suno.com.br\/noticias\/bolsas-asiaticas-e-europeias-operam-sem-sinal-unico-nesta-segunda-ibovespa-seguira-mercado-externo\/\"]}]},{\"@type\":\"ImageObject\",\"inLanguage\":\"pt-BR\",\"@id\":\"https:\/\/www.suno.com.br\/noticias\/bolsas-asiaticas-e-europeias-operam-sem-sinal-unico-nesta-segunda-ibovespa-seguira-mercado-externo\/#primaryimage\",\"url\":\"https:\/\/files.sunoresearch.com.br\/n\/uploads\/2023\/08\/xangai-unsplash.jpg\",\"contentUrl\":\"https:\/\/files.sunoresearch.com.br\/n\/uploads\/2023\/08\/xangai-unsplash.jpg\",\"width\":1200,\"height\":800,\"caption\":\"Bolsas asi\u00e1ticas. Foto: Unsplash\"},{\"@type\":\"BreadcrumbList\",\"@id\":\"https:\/\/www.suno.com.br\/noticias\/bolsas-asiaticas-e-europeias-operam-sem-sinal-unico-nesta-segunda-ibovespa-seguira-mercado-externo\/#breadcrumb\",\"itemListElement\":[{\"@type\":\"ListItem\",\"position\":1,\"name\":\"Not\u00edcias\",\"item\":\"https:\/\/www.suno.com.br\/noticias\/\"},{\"@type\":\"ListItem\",\"position\":2,\"name\":\"Mercado\",\"item\":\"https:\/\/www.suno.com.br\/noticias\/mercado\/\"},{\"@type\":\"ListItem\",\"position\":3,\"name\":\"Bolsas asi\u00e1ticas e europeias operam sem sinal \u00fanico nesta segunda; Ibovespa seguir\u00e1 mercado externo?\"}]},{\"@type\":\"WebSite\",\"@id\":\"https:\/\/www.suno.com.br\/noticias\/#website\",\"url\":\"https:\/\/www.suno.com.br\/noticias\/\",\"name\":\"Suno Not\u00edcias\",\"description\":\"Seu portal de informa\u00e7\u00e3o sobre o mundo dos investimentos\",\"publisher\":{\"@id\":\"https:\/\/www.suno.com.br\/noticias\/#organization\"},\"potentialAction\":[{\"@type\":\"SearchAction\",\"target\":{\"@type\":\"EntryPoint\",\"urlTemplate\":\"https:\/\/www.suno.com.br\/noticias\/?s={search_term_string}\"},\"query-input\":{\"@type\":\"PropertyValueSpecification\",\"valueRequired\":true,\"valueName\":\"search_term_string\"}}],\"inLanguage\":\"pt-BR\"},{\"@type\":\"Organization\",\"@id\":\"https:\/\/www.suno.com.br\/noticias\/#organization\",\"name\":\"Suno Not\u00edcias\",\"url\":\"https:\/\/www.suno.com.br\/noticias\/\",\"logo\":{\"@type\":\"ImageObject\",\"inLanguage\":\"pt-BR\",\"@id\":\"https:\/\/www.suno.com.br\/noticias\/#\/schema\/logo\/image\/\",\"url\":\"https:\/\/files.sunoresearch.com.br\/n\/uploads\/2021\/09\/suno-logo.png\",\"contentUrl\":\"https:\/\/files.sunoresearch.com.br\/n\/uploads\/2021\/09\/suno-logo.png\",\"width\":180,\"height\":180,\"caption\":\"Suno Not\u00edcias\"},\"image\":{\"@id\":\"https:\/\/www.suno.com.br\/noticias\/#\/schema\/logo\/image\/\"},\"sameAs\":[\"https:\/\/facebook.com\/sunoresearch\",\"https:\/\/x.com\/sunoresearch\",\"https:\/\/www.instagram.com\/suno\",\"https:\/\/www.linkedin.com\/company\/suno-research\/\",\"https:\/\/www.youtube.com\/c\/sunoresearch\"]},{\"@type\":\"Person\",\"@id\":\"https:\/\/www.suno.com.br\/noticias\/#\/schema\/person\/d0f32748bbca4bee871fa191ee4e2d40\",\"name\":\"Giovanni Porf\u00edrio Jacomino\",\"image\":{\"@type\":\"ImageObject\",\"inLanguage\":\"pt-BR\",\"@id\":\"https:\/\/www.suno.com.br\/noticias\/#\/schema\/person\/image\/\",\"url\":\"https:\/\/secure.gravatar.com\/avatar\/efb32e19b730a121cb7a80f41ffec01a?s=96&r=g\",\"contentUrl\":\"https:\/\/secure.gravatar.com\/avatar\/efb32e19b730a121cb7a80f41ffec01a?s=96&r=g\",\"caption\":\"Giovanni Porf\u00edrio Jacomino\"},\"description\":\"Giovanni Porf\u00edrio Jacomino \u00e9 jornalista formado pela Universidade Estadual de Londrina (UEL) e p\u00f3s-graduado em Produ\u00e7\u00e3o e Pr\u00e1ticas Jornal\u00edsticas na Contemporaneidade na Faculdade C\u00e1sper L\u00edbero (FCL). Foi editor web no Startupi e no Finsiders, atuando ainda como editor no TC Mover, portal de not\u00edcias da TradersClub, fazendo a cobertura de assuntos relacionados ao mercado financeiro interno e externo. Atualmente, \u00e9 Rep\u00f3rter do Suno Not\u00edcias.\",\"url\":\"https:\/\/www.suno.com.br\/noticias\/author\/giovanni-porfiriosuno-com-br\/\"}]}<\/script>\n<!-- \/ Yoast SEO plugin. -->","yoast_head_json":{"title":"Bolsas asi\u00e1ticas e europeias operam sem sinal \u00fanico nesta segunda-feira","description":"As bolsas asi\u00e1ticas n\u00e3o tiveram sinal \u00fanico nesta segunda-feira (4), mas houve perdas em Xangai e em T\u00f3quio.","robots":{"index":"index","follow":"follow","max-snippet":"max-snippet:-1","max-image-preview":"max-image-preview:large","max-video-preview":"max-video-preview:-1"},"canonical":"https:\/\/www.suno.com.br\/noticias\/bolsas-asiaticas-e-europeias-operam-sem-sinal-unico-nesta-segunda-ibovespa-seguira-mercado-externo\/","og_locale":"pt_BR","og_type":"article","og_title":"Bolsas asi\u00e1ticas e europeias operam sem sinal \u00fanico nesta segunda-feira","og_description":"As bolsas asi\u00e1ticas n\u00e3o tiveram sinal \u00fanico nesta segunda-feira (4), mas houve perdas em Xangai e em T\u00f3quio.","og_url":"https:\/\/www.suno.com.br\/noticias\/bolsas-asiaticas-e-europeias-operam-sem-sinal-unico-nesta-segunda-ibovespa-seguira-mercado-externo\/","og_site_name":"Suno Not\u00edcias","article_publisher":"https:\/\/facebook.com\/sunoresearch","og_image":[{"width":1200,"height":800,"url":"https:\/\/files.sunoresearch.com.br\/n\/uploads\/2023\/08\/xangai-unsplash.jpg","type":"image\/jpeg"}],"author":"Giovanni Porf\u00edrio Jacomino","twitter_card":"summary_large_image","twitter_creator":"@sunoresearch","twitter_site":"@sunoresearch","twitter_misc":{"Escrito por":"Giovanni Porf\u00edrio Jacomino","Est. tempo de leitura":"4 minutos"},"schema":{"@context":"https:\/\/schema.org","@graph":[{"@type":"NewsArticle","@id":"https:\/\/www.suno.com.br\/noticias\/bolsas-asiaticas-e-europeias-operam-sem-sinal-unico-nesta-segunda-ibovespa-seguira-mercado-externo\/#article","isPartOf":{"@id":"https:\/\/www.suno.com.br\/noticias\/bolsas-asiaticas-e-europeias-operam-sem-sinal-unico-nesta-segunda-ibovespa-seguira-mercado-externo\/"},"author":{"name":"Giovanni Porf\u00edrio Jacomino","@id":"https:\/\/www.suno.com.br\/noticias\/#\/schema\/person\/d0f32748bbca4bee871fa191ee4e2d40"},"headline":"Bolsas asi\u00e1ticas e europeias operam sem sinal \u00fanico nesta segunda; Ibovespa seguir\u00e1 mercado externo?","datePublished":"2023-12-04T11:29:28+00:00","dateModified":"2023-12-04T11:32:00+00:00","mainEntityOfPage":{"@id":"https:\/\/www.suno.com.br\/noticias\/bolsas-asiaticas-e-europeias-operam-sem-sinal-unico-nesta-segunda-ibovespa-seguira-mercado-externo\/"},"wordCount":690,"publisher":{"@id":"https:\/\/www.suno.com.br\/noticias\/#organization"},"image":{"@id":"https:\/\/www.suno.com.br\/noticias\/bolsas-asiaticas-e-europeias-operam-sem-sinal-unico-nesta-segunda-ibovespa-seguira-mercado-externo\/#primaryimage"},"thumbnailUrl":"https:\/\/files.sunoresearch.com.br\/n\/uploads\/2023\/08\/xangai-unsplash.jpg","keywords":["A\u00e7\u00f5es","Bolsa de Valores de Hong Kong","Bolsas mundiais","China","Hang Seng","Nikkei 225"],"articleSection":["Mercado"],"inLanguage":"pt-BR"},{"@type":"WebPage","@id":"https:\/\/www.suno.com.br\/noticias\/bolsas-asiaticas-e-europeias-operam-sem-sinal-unico-nesta-segunda-ibovespa-seguira-mercado-externo\/","url":"https:\/\/www.suno.com.br\/noticias\/bolsas-asiaticas-e-europeias-operam-sem-sinal-unico-nesta-segunda-ibovespa-seguira-mercado-externo\/","name":"Bolsas asi\u00e1ticas e europeias operam sem sinal \u00fanico nesta segunda-feira","isPartOf":{"@id":"https:\/\/www.suno.com.br\/noticias\/#website"},"primaryImageOfPage":{"@id":"https:\/\/www.suno.com.br\/noticias\/bolsas-asiaticas-e-europeias-operam-sem-sinal-unico-nesta-segunda-ibovespa-seguira-mercado-externo\/#primaryimage"},"image":{"@id":"https:\/\/www.suno.com.br\/noticias\/bolsas-asiaticas-e-europeias-operam-sem-sinal-unico-nesta-segunda-ibovespa-seguira-mercado-externo\/#primaryimage"},"thumbnailUrl":"https:\/\/files.sunoresearch.com.br\/n\/uploads\/2023\/08\/xangai-unsplash.jpg","datePublished":"2023-12-04T11:29:28+00:00","dateModified":"2023-12-04T11:32:00+00:00","description":"As bolsas asi\u00e1ticas n\u00e3o tiveram sinal \u00fanico nesta segunda-feira (4), mas houve perdas em Xangai e em T\u00f3quio.","breadcrumb":{"@id":"https:\/\/www.suno.com.br\/noticias\/bolsas-asiaticas-e-europeias-operam-sem-sinal-unico-nesta-segunda-ibovespa-seguira-mercado-externo\/#breadcrumb"},"inLanguage":"pt-BR","potentialAction":[{"@type":"ReadAction","target":["https:\/\/www.suno.com.br\/noticias\/bolsas-asiaticas-e-europeias-operam-sem-sinal-unico-nesta-segunda-ibovespa-seguira-mercado-externo\/"]}]},{"@type":"ImageObject","inLanguage":"pt-BR","@id":"https:\/\/www.suno.com.br\/noticias\/bolsas-asiaticas-e-europeias-operam-sem-sinal-unico-nesta-segunda-ibovespa-seguira-mercado-externo\/#primaryimage","url":"https:\/\/files.sunoresearch.com.br\/n\/uploads\/2023\/08\/xangai-unsplash.jpg","contentUrl":"https:\/\/files.sunoresearch.com.br\/n\/uploads\/2023\/08\/xangai-unsplash.jpg","width":1200,"height":800,"caption":"Bolsas asi\u00e1ticas. Foto: Unsplash"},{"@type":"BreadcrumbList","@id":"https:\/\/www.suno.com.br\/noticias\/bolsas-asiaticas-e-europeias-operam-sem-sinal-unico-nesta-segunda-ibovespa-seguira-mercado-externo\/#breadcrumb","itemListElement":[{"@type":"ListItem","position":1,"name":"Not\u00edcias","item":"https:\/\/www.suno.com.br\/noticias\/"},{"@type":"ListItem","position":2,"name":"Mercado","item":"https:\/\/www.suno.com.br\/noticias\/mercado\/"},{"@type":"ListItem","position":3,"name":"Bolsas asi\u00e1ticas e europeias operam sem sinal \u00fanico nesta segunda; Ibovespa seguir\u00e1 mercado externo?"}]},{"@type":"WebSite","@id":"https:\/\/www.suno.com.br\/noticias\/#website","url":"https:\/\/www.suno.com.br\/noticias\/","name":"Suno Not\u00edcias","description":"Seu portal de informa\u00e7\u00e3o sobre o mundo dos investimentos","publisher":{"@id":"https:\/\/www.suno.com.br\/noticias\/#organization"},"potentialAction":[{"@type":"SearchAction","target":{"@type":"EntryPoint","urlTemplate":"https:\/\/www.suno.com.br\/noticias\/?s={search_term_string}"},"query-input":{"@type":"PropertyValueSpecification","valueRequired":true,"valueName":"search_term_string"}}],"inLanguage":"pt-BR"},{"@type":"Organization","@id":"https:\/\/www.suno.com.br\/noticias\/#organization","name":"Suno Not\u00edcias","url":"https:\/\/www.suno.com.br\/noticias\/","logo":{"@type":"ImageObject","inLanguage":"pt-BR","@id":"https:\/\/www.suno.com.br\/noticias\/#\/schema\/logo\/image\/","url":"https:\/\/files.sunoresearch.com.br\/n\/uploads\/2021\/09\/suno-logo.png","contentUrl":"https:\/\/files.sunoresearch.com.br\/n\/uploads\/2021\/09\/suno-logo.png","width":180,"height":180,"caption":"Suno Not\u00edcias"},"image":{"@id":"https:\/\/www.suno.com.br\/noticias\/#\/schema\/logo\/image\/"},"sameAs":["https:\/\/facebook.com\/sunoresearch","https:\/\/x.com\/sunoresearch","https:\/\/www.instagram.com\/suno","https:\/\/www.linkedin.com\/company\/suno-research\/","https:\/\/www.youtube.com\/c\/sunoresearch"]},{"@type":"Person","@id":"https:\/\/www.suno.com.br\/noticias\/#\/schema\/person\/d0f32748bbca4bee871fa191ee4e2d40","name":"Giovanni Porf\u00edrio Jacomino","image":{"@type":"ImageObject","inLanguage":"pt-BR","@id":"https:\/\/www.suno.com.br\/noticias\/#\/schema\/person\/image\/","url":"https:\/\/secure.gravatar.com\/avatar\/efb32e19b730a121cb7a80f41ffec01a?s=96&r=g","contentUrl":"https:\/\/secure.gravatar.com\/avatar\/efb32e19b730a121cb7a80f41ffec01a?s=96&r=g","caption":"Giovanni Porf\u00edrio Jacomino"},"description":"Giovanni Porf\u00edrio Jacomino \u00e9 jornalista formado pela Universidade Estadual de Londrina (UEL) e p\u00f3s-graduado em Produ\u00e7\u00e3o e Pr\u00e1ticas Jornal\u00edsticas na Contemporaneidade na Faculdade C\u00e1sper L\u00edbero (FCL). Foi editor web no Startupi e no Finsiders, atuando ainda como editor no TC Mover, portal de not\u00edcias da TradersClub, fazendo a cobertura de assuntos relacionados ao mercado financeiro interno e externo. Atualmente, \u00e9 Rep\u00f3rter do Suno Not\u00edcias.","url":"https:\/\/www.suno.com.br\/noticias\/author\/giovanni-porfiriosuno-com-br\/"}]}},"default_loop_html":"<div class=\"cardsPage__listCard__boxs\"><div class=\"cardsPage__listCard__boxs__img\"><a href=\"https:\/\/www.suno.com.br\/noticias\/bolsas-asiaticas-e-europeias-operam-sem-sinal-unico-nesta-segunda-ibovespa-seguira-mercado-externo\/\"><img class=\"mask\" src=\"https:\/\/www.suno.com.br\/noticias\/wp-content\/themes\/suno\/resources\/images\/spotlight\/spotlight1img\/bg-mask.png\" alt=\"Image Mask\"\/><img src=\"https:\/\/files.sunoresearch.com.br\/n\/uploads\/2023\/08\/xangai-unsplash-400x200.jpg\" alt=\"Bolsas asi\u00e1ticas e europeias operam sem sinal \u00fanico nesta segunda; Ibovespa seguir\u00e1 mercado externo?\"\/><\/a><span class=\"spotlightCategory\"><a href=\"https:\/\/www.suno.com.br\/noticias\/mercado\/\">Mercado<\/a><\/span><\/div><div class=\"cardsPage__listCard__boxs__content\"><a href=\"https:\/\/www.suno.com.br\/noticias\/bolsas-asiaticas-e-europeias-operam-sem-sinal-unico-nesta-segunda-ibovespa-seguira-mercado-externo\/\"><h2 class=\"content__title\">Bolsas asi\u00e1ticas e europeias operam sem sinal \u00fanico nesta segunda; Ibovespa seguir\u00e1 mercado externo?<\/h2><\/a><div class=\"newsContent__article__meta\"><div class=\"newsContent__article__meta__authorBox\"><a href=\"https:\/\/www.suno.com.br\/noticias\/author\/giovanni-porfiriosuno-com-br\/\" class=\"authorBox__avatar noMobi\"><img src=\"https:\/\/files.sunoresearch.com.br\/n\/uploads\/2024\/05\/DSCF4115-1-1-150x150.webp\" alt=\"Giovanni Porf\u00edrio Jacomino\"><\/a><div class=\"authorBox__name\"><span>por\n\t\t\t<a href=\"https:\/\/www.suno.com.br\/noticias\/author\/giovanni-porfiriosuno-com-br\/\"><span itemprop=\"author\">Giovanni Porf\u00edrio Jacomino<\/span><\/a><\/span><time datetime=\"2023-12-04T08:29:28-03:00\" itemprop=\"datePublished\">04\/12\/2023 08:29<\/time><\/div><\/div><\/div><\/div><\/div>","single_layout":"posts","amp_enabled":true,"_links":{"self":[{"href":"https:\/\/www.suno.com.br\/noticias\/wp-json\/wp\/v2\/posts\/494564"}],"collection":[{"href":"https:\/\/www.suno.com.br\/noticias\/wp-json\/wp\/v2\/posts"}],"about":[{"href":"https:\/\/www.suno.com.br\/noticias\/wp-json\/wp\/v2\/types\/post"}],"author":[{"embeddable":true,"href":"https:\/\/www.suno.com.br\/noticias\/wp-json\/wp\/v2\/users\/313"}],"replies":[{"embeddable":true,"href":"https:\/\/www.suno.com.br\/noticias\/wp-json\/wp\/v2\/comments?post=494564"}],"version-history":[{"count":3,"href":"https:\/\/www.suno.com.br\/noticias\/wp-json\/wp\/v2\/posts\/494564\/revisions"}],"predecessor-version":[{"id":494584,"href":"https:\/\/www.suno.com.br\/noticias\/wp-json\/wp\/v2\/posts\/494564\/revisions\/494584"}],"wp:featuredmedia":[{"embeddable":true,"href":"https:\/\/www.suno.com.br\/noticias\/wp-json\/wp\/v2\/media\/445672"}],"wp:attachment":[{"href":"https:\/\/www.suno.com.br\/noticias\/wp-json\/wp\/v2\/media?parent=494564"}],"wp:term":[{"taxonomy":"category","embeddable":true,"href":"https:\/\/www.suno.com.br\/noticias\/wp-json\/wp\/v2\/categories?post=494564"},{"taxonomy":"post_tag","embeddable":true,"href":"https:\/\/www.suno.com.br\/noticias\/wp-json\/wp\/v2\/tags?post=494564"},{"taxonomy":"suno_strategy","embeddable":true,"href":"https:\/\/www.suno.com.br\/noticias\/wp-json\/wp\/v2\/suno_strategy?post=494564"}],"curies":[{"name":"wp","href":"https:\/\/api.w.org\/{rel}","templated":true}]}}