{"id":494548,"date":"2023-12-04T08:48:05","date_gmt":"2023-12-04T11:48:05","guid":{"rendered":"https:\/\/www.suno.com.br\/noticias\/?p=494548"},"modified":"2023-12-05T11:04:42","modified_gmt":"2023-12-05T14:04:42","slug":"agenda-ofertas-fundos-imobiliarios-snel11-blmg11-dezembro-cpf","status":"publish","type":"post","link":"https:\/\/www.suno.com.br\/noticias\/agenda-ofertas-fundos-imobiliarios-snel11-blmg11-dezembro-cpf\/","title":{"rendered":"SNEL11, BLMG11: Veja a agenda de ofertas de fundos imobili\u00e1rios desta semana"},"content":{"rendered":"<p>Nesta semana, as ofertas de<strong> fundos imobili\u00e1rios<\/strong> devem ficar no radar dos investidores. Os cotistas ficar\u00e3o de olho no in\u00edcio dos per\u00edodos de prefer\u00eancia, com destaque para as ofertas do FII SNEL11 e do FII BLMG11.<\/p>\t<div class=\"wrapper-featured-image\">\n\t\t<figure class=\"spotlightImg\">\n\n\t\t\t<picture>\n\t\t\t\t<source media=\"(max-width: 768px)\" srcset=\"https:\/\/files.sunoresearch.com.br\/n\/uploads\/2023\/05\/predios-empresariais-imoveis-investir-fii-400x200.jpg\">\n\t\t\t\t<img loading=\"lazy\" decoding=\"async\" class=\"newsContent__article__imgCapa lazyloadDisabled \" src=\"https:\/\/files.sunoresearch.com.br\/n\/uploads\/2023\/05\/predios-empresariais-imoveis-investir-fii-800x450.jpg\" width=\"800\" height=\"450\" alt=\"SNEL11, BLMG11: Veja a agenda de ofertas de fundos imobili\u00e1rios desta semana\" fetchpriority=high \/>\n\t\t\t<\/picture>\n\n\t\t\t<figcaption class=\"wp-caption-text wp-caption-text--show\">HTMX11 lucra R$ 2,27 milh\u00f5es em abril. Foto: iStock<\/figcaption>\n\t\t<\/figure>\n\t<\/div>\n\n\n\n\n\n\n\n\t<p>\n\t\t<a href=\"\" target=\"_blank\" data-element=\"shortcode-suno-banner\" title=\"Banner SUNO, clique e saiba mais\">\n\t\t\t<picture>\n\t\t\t\t<source media=\"(max-width: 500px)\" srcset=\"\">\n\t\t\t\t<img class=\"newsContent__article__imgCapa newsContent__article__imgCapa--banner\"\n\t\t\t\t\tsrc=\"\"\n\t\t\t\t\tdata-promo-id=\"494026\"\t\t\t\t\t\t\t\t\t\t\t\t\t\t\talt=\"\"\n\t\t\t\t>\n\t\t\t<\/picture>\n\t\t<\/a>\n\t<\/p>\n\n\n\n\n\n<p>O investidor precisa ficar atento para n\u00e3o perder os prazos de prefer\u00eancia dos <strong>fundos imobili\u00e1rios<\/strong>, caso deseja participar das ofertas.<\/p>\n\n\n\n<p>Veja abaixo o cronograma das emiss\u00f5es desta semana:<\/p>\n\n\n\n<h2 class=\"wp-block-heading\">In\u00edcio do per\u00edodo de prefer\u00eancia dos fundos imobili\u00e1rios<\/h2>\n\n\n\n<p>N\u00e3o h\u00e1 nenhuma <strong>oferta de fundo imobili\u00e1rio<\/strong> cujo per\u00edodo de prefer\u00eancia ter\u00e1 in\u00edcio nesta semana.<\/p>\n\n\n\n<p>O per\u00edodo prefer\u00eancia nas ofertas \u00e9 importante para os atuais cotistas que desejam adquirir mais cotas do FII durante a emiss\u00e3o.<\/p>\n\n\n\n<h2 class=\"wp-block-heading\">Per\u00edodos de prefer\u00eancia que terminam essa semana<\/h2>\n\n\n\n<p><strong>BLMG11<\/strong><\/p>\n\n\n\n<p>O FII <a class=\"suno-keyword\" target=\"_blank\" data-force=\"yes\" data-priority=\"2\" href=\"https:\/\/www.suno.com.br\/fundos-imobiliarios\/blmg11\/\" rel=\"noopener\">BLMG11<\/a> \u00e9 um fundo de Im\u00f3veis Industriais e Log\u00edsticos, com investimentos em Fundo de Tijolo.<\/p>\n\n\n\n<p>Essa \u00e9 a 5\u00aa emiss\u00e3o de cotas do fundo imobili\u00e1rio BLMG11, que est\u00e1 ofertando 572.869 novas cotas.<\/p>\n\n\n\n<ul class=\"wp-block-list\">\n<li>A <a class=\"suno-keyword\" data-force=\"no\" data-priority=\"1\" href=\"https:\/\/www.suno.com.br\/artigos\/oferta-restrita\/\" target=\"_blank\" rel=\"noopener\">oferta restrita<\/a> quer captar R$ 50.000.006,32.A data de prefer\u00eancia ficou definida de 22\/11\/2023 a 04\/12\/2023.<\/li>\n\n\n\n<li>A propor\u00e7\u00e3o do per\u00edodo de prefer\u00eancia soma 15,03.<\/li>\n\n\n\n<li>A taxa de emiss\u00e3o ficou em 0,08% e o coordenador-l\u00edder \u00e9 V\u00f3rtx.<\/li>\n<\/ul>\n\n\n\n<p><strong>FAMB11B<\/strong><\/p>\n\n\n\n<p>O FII FAMB11B \u00e9 um fundo de <a class=\"suno-keyword\" target=\"_blank\" data-force=\"no\" data-priority=\"1\" href=\"https:\/\/www.suno.com.br\/artigos\/lajes-corporativas\/\" rel=\"noopener\">Lajes Corporativas<\/a>, com investimentos em Fundo de Tijolo.<\/p>\n\n\n\n<p>Essa \u00e9 a 3\u00aa emiss\u00e3o de cotas do fundo imobili\u00e1rio FAMB11B, que est\u00e1 ofertando 4.000 novas cotas.<\/p>\n\n\n\n<ul class=\"wp-block-list\">\n<li>A oferta p\u00fablica quer captar R$ 3.500.000,00.A data de prefer\u00eancia ficou definida de 28\/11\/2023 a 08\/12\/2023.<\/li>\n\n\n\n<li>A propor\u00e7\u00e3o do per\u00edodo de prefer\u00eancia soma 3,63.<\/li>\n\n\n\n<li>A taxa de emiss\u00e3o ficou em 3,33% e o coordenador-l\u00edder \u00e9 a definir.<\/li>\n<\/ul>\n\n\n\n<p><strong>JASC11<\/strong><\/p>\n\n\n\n<p>O FII JASC11 \u00e9 um fundo de Im\u00f3veis Comerciais &#8211; Outros, com investimentos em Fundo de Tijolo.<\/p>\n\n\n\n<p>Essa \u00e9 a 4\u00aa emiss\u00e3o de cotas do fundo imobili\u00e1rio JASC11, que est\u00e1 ofertando 1.500.000 novas cotas.<\/p>\n\n\n\n<ul class=\"wp-block-list\">\n<li>A oferta p\u00fablica quer captar R$ 150.000.000,00.A data de prefer\u00eancia ficou definida de 22\/11\/2023 a 04\/12\/2023.<\/li>\n\n\n\n<li>A propor\u00e7\u00e3o do per\u00edodo de prefer\u00eancia soma 36,02.<\/li>\n\n\n\n<li>A taxa de emiss\u00e3o ficou em 4,78% e o coordenador-l\u00edder \u00e9 Oriz.<\/li>\n<\/ul>\n\n\n\n<p><strong>LIFE11<\/strong><\/p>\n\n\n\n<p>O FII LIFE11 \u00e9 um fundo de Im\u00f3veis Comerciais &#8211; Outros, com investimentos em Fundo de Tijolo.<\/p>\n\n\n\n<p>Essa \u00e9 a 5\u00aa emiss\u00e3o de cotas do fundo imobili\u00e1rio LIFE11, que est\u00e1 ofertando 30.762.328 novas cotas.<\/p>\n\n\n\n<ul class=\"wp-block-list\">\n<li>A oferta p\u00fablica quer captar R$ 312.237.629,20.A data de prefer\u00eancia ficou definida de 22\/11\/2023 a 04\/12\/2023.<\/li>\n\n\n\n<li>A propor\u00e7\u00e3o do per\u00edodo de prefer\u00eancia soma 110,47.<\/li>\n\n\n\n<li>A taxa de emiss\u00e3o ficou em 3,94% e o coordenador-l\u00edder \u00e9 V\u00f3rtx.<\/li>\n<\/ul>\n\n\n\n<p><strong>PVBI11<\/strong><\/p>\n\n\n\n<p>O FII <a class=\"suno-keyword\" target=\"_blank\" data-force=\"yes\" data-priority=\"2\" href=\"https:\/\/www.suno.com.br\/fundos-imobiliarios\/pvbi11\/\" rel=\"noopener\">PVBI11<\/a> \u00e9 um fundo de <a class=\"suno-keyword\" target=\"_blank\" data-force=\"no\" data-priority=\"1\" href=\"https:\/\/www.suno.com.br\/artigos\/lajes-corporativas\/\" rel=\"noopener\">Lajes Corporativas<\/a>, com investimentos em Fundo de Tijolo.<\/p>\n\n\n\n<p>Essa \u00e9 a 5\u00aa emiss\u00e3o de cotas do fundo imobili\u00e1rio PVBI11, que est\u00e1 ofertando 5.942.954 novas cotas.<\/p>\n\n\n\n<ul class=\"wp-block-list\">\n<li>A <a class=\"suno-keyword\" data-force=\"no\" data-priority=\"1\" href=\"https:\/\/www.suno.com.br\/artigos\/oferta-restrita\/\" target=\"_blank\" rel=\"noopener\">oferta restrita<\/a> quer captar R$ 600.000.635,84.A data de prefer\u00eancia ficou definida de 22\/11\/2023 a 04\/12\/2023.<\/li>\n\n\n\n<li>A propor\u00e7\u00e3o do per\u00edodo de prefer\u00eancia soma 45,69.<\/li>\n\n\n\n<li>A taxa de emiss\u00e3o ficou em 0,01% e o coordenador-l\u00edder \u00e9 BTG Pactual.<\/li>\n<\/ul>\n\n\n\n<p><strong>RZTR11<\/strong><\/p>\n\n\n\n<p>O FII <a class=\"suno-keyword\" target=\"_blank\" data-force=\"yes\" data-priority=\"2\" href=\"https:\/\/www.suno.com.br\/fundos-imobiliarios\/rztr11\/\" rel=\"noopener\">RZTR11<\/a> \u00e9 um fundo de Misto, com investimentos em Fundo Misto.<\/p>\n\n\n\n<p>Essa \u00e9 a 3\u00aa emiss\u00e3o de cotas do fundo imobili\u00e1rio RZTR11, que est\u00e1 ofertando 9.407.928 novas cotas.<\/p>\n\n\n\n<ul class=\"wp-block-list\">\n<li>A oferta p\u00fablica quer captar R$ 937.500.025,20.A data de prefer\u00eancia ficou definida de 24\/11\/2023 a 06\/12\/2023.<\/li>\n\n\n\n<li>A propor\u00e7\u00e3o do per\u00edodo de prefer\u00eancia soma 68,12.<\/li>\n\n\n\n<li>A taxa de emiss\u00e3o ficou em 4,02% e o coordenador-l\u00edder \u00e9 XP.<\/li>\n<\/ul>\n\n\n\n<p><strong>SNEL11<\/strong><\/p>\n\n\n\n<p>O FII SNEL11 \u00e9 um fundo de Energia Limpa e Renov\u00e1vel, com investimentos em Fundo Misto.<\/p>\n\n\n\n<p>Essa \u00e9 a 2\u00aa emiss\u00e3o de cotas do fundo imobili\u00e1rio SNEL11, que est\u00e1 ofertando 1.000.052 novas cotas.<\/p>\n\n\n\n<ul class=\"wp-block-list\">\n<li>A oferta p\u00fablica quer captar R$ 100.005.200,00.A data de prefer\u00eancia ficou definida de 22\/11\/2023 a 05\/12\/2023.<\/li>\n\n\n\n<li>A propor\u00e7\u00e3o do per\u00edodo de prefer\u00eancia soma 200,00.<\/li>\n\n\n\n<li>A taxa de emiss\u00e3o ficou em 16,44% e o coordenador-l\u00edder \u00e9 Guide.<\/li>\n<\/ul>\n\n\n\n<p><strong>VGHF11<\/strong><\/p>\n\n\n\n<p>O FII <a class=\"suno-keyword\" target=\"_blank\" data-force=\"yes\" data-priority=\"2\" href=\"https:\/\/www.suno.com.br\/fundos-imobiliarios\/vghf11\/\" rel=\"noopener\">VGHF11<\/a> \u00e9 um fundo de Misto, com investimentos em Fundo Misto.<\/p>\n\n\n\n<p>Essa \u00e9 a 6\u00aa emiss\u00e3o de cotas do fundo imobili\u00e1rio VGHF11, que est\u00e1 ofertando 161.290.323 novas cotas.<\/p>\n\n\n\n<ul class=\"wp-block-list\">\n<li>A oferta p\u00fablica quer captar R$ 1.482.258.068,37.A data de prefer\u00eancia ficou definida de 28\/11\/2023 a 08\/12\/2023.<\/li>\n\n\n\n<li>A propor\u00e7\u00e3o do per\u00edodo de prefer\u00eancia soma 138,63.<\/li>\n\n\n\n<li>A taxa de emiss\u00e3o ficou em 1,41% e o coordenador-l\u00edder \u00e9 XP.<\/li>\n<\/ul>\n\n\n\t<p>\n\t\t<a href=\"https:\/\/lp.suno.com.br\/4-emissao-snel11\/\" target=\"_blank\" data-element=\"shortcode-suno-banner\" title=\"Banner SUNO, clique e saiba mais\">\n\t\t\t<picture>\n\t\t\t\t<source media=\"(max-width: 500px)\" srcset=\"https:\/\/files.sunoresearch.com.br\/n\/uploads\/2025\/07\/400x300-Mobile-Artigos-7.webp\">\n\t\t\t\t<img class=\"newsContent__article__imgCapa newsContent__article__imgCapa--banner\"\n\t\t\t\t\tsrc=\"https:\/\/files.sunoresearch.com.br\/n\/uploads\/2025\/07\/1420x240-Banner-Artigos-1-_-Banner-Materias-5.webp\"\n\t\t\t\t\tdata-promo-id=\"364417\"\t\t\t\t\t\t\t\t\t\twidth='1420' height='240'\t\t\t\t\talt=\"https:\/\/files.sunoresearch.com.br\/n\/uploads\/2025\/07\/1420x240-Banner-Artigos-1-_-Banner-Materias-5.webp\"\n\t\t\t\t>\n\t\t\t<\/picture>\n\t\t<\/a>\n\t<\/p>\n\n\n\n\n\n<h2 class=\"wp-block-heading\">Emiss\u00f5es de FIIs<\/h2>\n\n\n\n<p>Em geral, os <a class=\"suno-keyword\" target=\"_blank\" data-force=\"no\" data-priority=\"2\" href=\"https:\/\/www.suno.com.br\/fundos-imobiliarios\/\" rel=\"noopener\">fundos imobili\u00e1rios<\/a> emitem novas cotas para aumentar seu capital, ou ent\u00e3o quando est\u00e3o sendo estruturados.<\/p>\n\n\n\n<p>Neste processo, o fundo emite novas cota e as vende no mercado. O dinheiro arrecadado na oferta permite que o FII invista em novos ativos ou reforme aqueles que j\u00e1 est\u00e3o em sua carteira.<\/p>\n\n\n\n<p>Esta mat\u00e9ria n\u00e3o \u00e9 uma recomenda\u00e7\u00e3o de<strong> investimento em Fundos imobili\u00e1rios<\/strong>. Lembre-se de que, antes de investir em renda vari\u00e1vel, \u00e9 fundamental quitar suas d\u00edvidas e fazer uma reserva de emerg\u00eancia.<\/p>\n\n\n\t<p>\n\t\t<a href=\"https:\/\/lp.suno.com.br\/minicurso-investindo-fiis\/\" target=\"_blank\" data-element=\"shortcode-suno-banner\" title=\"Banner SUNO, clique e saiba mais\">\n\t\t\t<picture>\n\t\t\t\t<source media=\"(max-width: 500px)\" srcset=\"https:\/\/files.sunoresearch.com.br\/n\/uploads\/2023\/03\/400x300-Minicurso-FIIS.png\">\n\t\t\t\t<img class=\"newsContent__article__imgCapa newsContent__article__imgCapa--banner\"\n\t\t\t\t\tsrc=\"https:\/\/files.sunoresearch.com.br\/n\/uploads\/2023\/03\/1420x240-Minicurso-FIIS.png\"\n\t\t\t\t\tdata-promo-id=\"383125\"\t\t\t\t\t\t\t\t\t\twidth='1420' height='240'\t\t\t\t\talt=\"https:\/\/files.sunoresearch.com.br\/n\/uploads\/2023\/03\/1420x240-Minicurso-FIIS.png\"\n\t\t\t\t>\n\t\t\t<\/picture>\n\t\t<\/a>\n\t<\/p>\n\n\n","protected":false},"excerpt":{"rendered":"<p>Nesta semana, as ofertas de fundos imobili\u00e1rios devem ficar no radar dos investidores. Os cotistas ficar\u00e3o de olho no in\u00edcio dos per\u00edodos de prefer\u00eancia, com destaque para as ofertas do FII SNEL11 e do FII BLMG11. HTMX11 lucra R$ 2,27 milh\u00f5es em abril. Foto: iStock O investidor precisa ficar atento para n\u00e3o perder os prazos [&hellip;]<\/p>\n","protected":false},"author":283,"featured_media":401451,"comment_status":"closed","ping_status":"closed","sticky":false,"template":"","format":"standard","meta":[],"categories":[66],"tags":[105964,315,106199,107095],"suno_strategy":[],"class_list":["post-494548","post","type-post","status-publish","format-standard","has-post-thumbnail","hentry","category-fiis","tag-blmg11","tag-fundos-imobiliarios-fiis","tag-pvbi11","tag-snel11"],"yoast_head":"<!-- This site is optimized with the Yoast SEO plugin v24.4 - https:\/\/yoast.com\/wordpress\/plugins\/seo\/ -->\n<title>Fundos imobili\u00e1rios SNEL11, BLMG11 na agenda de ofertas semanal<\/title>\n<meta name=\"description\" content=\"A agenda de ofertas de fundos imobili\u00e1rios desta semana conta com tickers como SNELL11 e BLMG11; Confira os detalhes das emiss\u00f5es.\" \/>\n<meta name=\"robots\" content=\"index, follow, max-snippet:-1, max-image-preview:large, max-video-preview:-1\" \/>\n<link rel=\"canonical\" href=\"https:\/\/www.suno.com.br\/noticias\/agenda-ofertas-fundos-imobiliarios-snel11-blmg11-dezembro-cpf\/\" \/>\n<meta property=\"og:locale\" content=\"pt_BR\" \/>\n<meta property=\"og:type\" content=\"article\" \/>\n<meta property=\"og:title\" content=\"Fundos imobili\u00e1rios SNEL11, BLMG11 na agenda de ofertas semanal\" \/>\n<meta property=\"og:description\" content=\"A agenda de ofertas de fundos imobili\u00e1rios desta semana conta com tickers como SNELL11 e BLMG11; Confira os detalhes das emiss\u00f5es.\" \/>\n<meta property=\"og:url\" content=\"https:\/\/www.suno.com.br\/noticias\/agenda-ofertas-fundos-imobiliarios-snel11-blmg11-dezembro-cpf\/\" \/>\n<meta property=\"og:site_name\" content=\"Suno Not\u00edcias\" \/>\n<meta property=\"article:publisher\" content=\"https:\/\/facebook.com\/sunoresearch\" \/>\n<meta property=\"og:image\" content=\"https:\/\/files.sunoresearch.com.br\/n\/uploads\/2023\/05\/predios-empresariais-imoveis-investir-fii.jpg\" \/>\n\t<meta property=\"og:image:width\" content=\"1200\" \/>\n\t<meta property=\"og:image:height\" content=\"800\" \/>\n\t<meta property=\"og:image:type\" content=\"image\/jpeg\" \/>\n<meta name=\"author\" content=\"Camila Paim\" \/>\n<meta name=\"twitter:card\" content=\"summary_large_image\" \/>\n<meta name=\"twitter:creator\" content=\"@sunoresearch\" \/>\n<meta name=\"twitter:site\" content=\"@sunoresearch\" \/>\n<meta name=\"twitter:label1\" content=\"Escrito por\" \/>\n\t<meta name=\"twitter:data1\" content=\"Camila Paim\" \/>\n\t<meta name=\"twitter:label2\" content=\"Est. tempo de leitura\" \/>\n\t<meta name=\"twitter:data2\" content=\"5 minutos\" \/>\n<script type=\"application\/ld+json\" class=\"yoast-schema-graph\">{\"@context\":\"https:\/\/schema.org\",\"@graph\":[{\"@type\":\"NewsArticle\",\"@id\":\"https:\/\/www.suno.com.br\/noticias\/agenda-ofertas-fundos-imobiliarios-snel11-blmg11-dezembro-cpf\/#article\",\"isPartOf\":{\"@id\":\"https:\/\/www.suno.com.br\/noticias\/agenda-ofertas-fundos-imobiliarios-snel11-blmg11-dezembro-cpf\/\"},\"author\":{\"name\":\"Camila Paim\",\"@id\":\"https:\/\/www.suno.com.br\/noticias\/#\/schema\/person\/f341d3ae5d1cc685176c9a5327cdfdbb\"},\"headline\":\"SNEL11, BLMG11: Veja a agenda de ofertas de fundos imobili\u00e1rios desta semana\",\"datePublished\":\"2023-12-04T11:48:05+00:00\",\"dateModified\":\"2023-12-05T14:04:42+00:00\",\"mainEntityOfPage\":{\"@id\":\"https:\/\/www.suno.com.br\/noticias\/agenda-ofertas-fundos-imobiliarios-snel11-blmg11-dezembro-cpf\/\"},\"wordCount\":820,\"publisher\":{\"@id\":\"https:\/\/www.suno.com.br\/noticias\/#organization\"},\"image\":{\"@id\":\"https:\/\/www.suno.com.br\/noticias\/agenda-ofertas-fundos-imobiliarios-snel11-blmg11-dezembro-cpf\/#primaryimage\"},\"thumbnailUrl\":\"https:\/\/files.sunoresearch.com.br\/n\/uploads\/2023\/05\/predios-empresariais-imoveis-investir-fii.jpg\",\"keywords\":[\"BLMG11\",\"Fundos Imobili\u00e1rios (FIIs)\",\"PVBI11\",\"SNEL11\"],\"articleSection\":[\"FIIs\"],\"inLanguage\":\"pt-BR\"},{\"@type\":\"WebPage\",\"@id\":\"https:\/\/www.suno.com.br\/noticias\/agenda-ofertas-fundos-imobiliarios-snel11-blmg11-dezembro-cpf\/\",\"url\":\"https:\/\/www.suno.com.br\/noticias\/agenda-ofertas-fundos-imobiliarios-snel11-blmg11-dezembro-cpf\/\",\"name\":\"Fundos imobili\u00e1rios SNEL11, BLMG11 na agenda de ofertas semanal\",\"isPartOf\":{\"@id\":\"https:\/\/www.suno.com.br\/noticias\/#website\"},\"primaryImageOfPage\":{\"@id\":\"https:\/\/www.suno.com.br\/noticias\/agenda-ofertas-fundos-imobiliarios-snel11-blmg11-dezembro-cpf\/#primaryimage\"},\"image\":{\"@id\":\"https:\/\/www.suno.com.br\/noticias\/agenda-ofertas-fundos-imobiliarios-snel11-blmg11-dezembro-cpf\/#primaryimage\"},\"thumbnailUrl\":\"https:\/\/files.sunoresearch.com.br\/n\/uploads\/2023\/05\/predios-empresariais-imoveis-investir-fii.jpg\",\"datePublished\":\"2023-12-04T11:48:05+00:00\",\"dateModified\":\"2023-12-05T14:04:42+00:00\",\"description\":\"A agenda de ofertas de fundos imobili\u00e1rios desta semana conta com tickers como SNELL11 e BLMG11; Confira os detalhes das emiss\u00f5es.\",\"breadcrumb\":{\"@id\":\"https:\/\/www.suno.com.br\/noticias\/agenda-ofertas-fundos-imobiliarios-snel11-blmg11-dezembro-cpf\/#breadcrumb\"},\"inLanguage\":\"pt-BR\",\"potentialAction\":[{\"@type\":\"ReadAction\",\"target\":[\"https:\/\/www.suno.com.br\/noticias\/agenda-ofertas-fundos-imobiliarios-snel11-blmg11-dezembro-cpf\/\"]}]},{\"@type\":\"ImageObject\",\"inLanguage\":\"pt-BR\",\"@id\":\"https:\/\/www.suno.com.br\/noticias\/agenda-ofertas-fundos-imobiliarios-snel11-blmg11-dezembro-cpf\/#primaryimage\",\"url\":\"https:\/\/files.sunoresearch.com.br\/n\/uploads\/2023\/05\/predios-empresariais-imoveis-investir-fii.jpg\",\"contentUrl\":\"https:\/\/files.sunoresearch.com.br\/n\/uploads\/2023\/05\/predios-empresariais-imoveis-investir-fii.jpg\",\"width\":1200,\"height\":800,\"caption\":\"HTMX11 lucra R$ 2,27 milh\u00f5es em abril. Foto: iStock\"},{\"@type\":\"BreadcrumbList\",\"@id\":\"https:\/\/www.suno.com.br\/noticias\/agenda-ofertas-fundos-imobiliarios-snel11-blmg11-dezembro-cpf\/#breadcrumb\",\"itemListElement\":[{\"@type\":\"ListItem\",\"position\":1,\"name\":\"Not\u00edcias\",\"item\":\"https:\/\/www.suno.com.br\/noticias\/\"},{\"@type\":\"ListItem\",\"position\":2,\"name\":\"FIIs\",\"item\":\"https:\/\/www.suno.com.br\/noticias\/fiis\/\"},{\"@type\":\"ListItem\",\"position\":3,\"name\":\"SNEL11, BLMG11: Veja a agenda de ofertas de fundos imobili\u00e1rios desta semana\"}]},{\"@type\":\"WebSite\",\"@id\":\"https:\/\/www.suno.com.br\/noticias\/#website\",\"url\":\"https:\/\/www.suno.com.br\/noticias\/\",\"name\":\"Suno Not\u00edcias\",\"description\":\"Seu portal de informa\u00e7\u00e3o sobre o mundo dos investimentos\",\"publisher\":{\"@id\":\"https:\/\/www.suno.com.br\/noticias\/#organization\"},\"potentialAction\":[{\"@type\":\"SearchAction\",\"target\":{\"@type\":\"EntryPoint\",\"urlTemplate\":\"https:\/\/www.suno.com.br\/noticias\/?s={search_term_string}\"},\"query-input\":{\"@type\":\"PropertyValueSpecification\",\"valueRequired\":true,\"valueName\":\"search_term_string\"}}],\"inLanguage\":\"pt-BR\"},{\"@type\":\"Organization\",\"@id\":\"https:\/\/www.suno.com.br\/noticias\/#organization\",\"name\":\"Suno Not\u00edcias\",\"url\":\"https:\/\/www.suno.com.br\/noticias\/\",\"logo\":{\"@type\":\"ImageObject\",\"inLanguage\":\"pt-BR\",\"@id\":\"https:\/\/www.suno.com.br\/noticias\/#\/schema\/logo\/image\/\",\"url\":\"https:\/\/files.sunoresearch.com.br\/n\/uploads\/2021\/09\/suno-logo.png\",\"contentUrl\":\"https:\/\/files.sunoresearch.com.br\/n\/uploads\/2021\/09\/suno-logo.png\",\"width\":180,\"height\":180,\"caption\":\"Suno Not\u00edcias\"},\"image\":{\"@id\":\"https:\/\/www.suno.com.br\/noticias\/#\/schema\/logo\/image\/\"},\"sameAs\":[\"https:\/\/facebook.com\/sunoresearch\",\"https:\/\/x.com\/sunoresearch\",\"https:\/\/www.instagram.com\/suno\",\"https:\/\/www.linkedin.com\/company\/suno-research\/\",\"https:\/\/www.youtube.com\/c\/sunoresearch\"]},{\"@type\":\"Person\",\"@id\":\"https:\/\/www.suno.com.br\/noticias\/#\/schema\/person\/f341d3ae5d1cc685176c9a5327cdfdbb\",\"name\":\"Camila Paim\",\"image\":{\"@type\":\"ImageObject\",\"inLanguage\":\"pt-BR\",\"@id\":\"https:\/\/www.suno.com.br\/noticias\/#\/schema\/person\/image\/\",\"url\":\"https:\/\/secure.gravatar.com\/avatar\/f33728e65febb1aa7ecf6792956f9b20?s=96&r=g\",\"contentUrl\":\"https:\/\/secure.gravatar.com\/avatar\/f33728e65febb1aa7ecf6792956f9b20?s=96&r=g\",\"caption\":\"Camila Paim\"},\"description\":\"Jornalista formada pela USP, tem experi\u00eancia em reda\u00e7\u00f5es, SEO, Branded Content e Webdesign. Com passagem pelo Jornal da USP, Empiricus e C6 Bank, hoje \u00e9 rep\u00f3rter no Suno Not\u00edcias cobrindo macroeconomia, finan\u00e7as pessoais e startups.\",\"url\":\"https:\/\/www.suno.com.br\/noticias\/author\/camila-figueiredosuno-com-br\/\"}]}<\/script>\n<!-- \/ Yoast SEO plugin. -->","yoast_head_json":{"title":"Fundos imobili\u00e1rios SNEL11, BLMG11 na agenda de ofertas semanal","description":"A agenda de ofertas de fundos imobili\u00e1rios desta semana conta com tickers como SNELL11 e BLMG11; Confira os detalhes das emiss\u00f5es.","robots":{"index":"index","follow":"follow","max-snippet":"max-snippet:-1","max-image-preview":"max-image-preview:large","max-video-preview":"max-video-preview:-1"},"canonical":"https:\/\/www.suno.com.br\/noticias\/agenda-ofertas-fundos-imobiliarios-snel11-blmg11-dezembro-cpf\/","og_locale":"pt_BR","og_type":"article","og_title":"Fundos imobili\u00e1rios SNEL11, BLMG11 na agenda de ofertas semanal","og_description":"A agenda de ofertas de fundos imobili\u00e1rios desta semana conta com tickers como SNELL11 e BLMG11; Confira os detalhes das emiss\u00f5es.","og_url":"https:\/\/www.suno.com.br\/noticias\/agenda-ofertas-fundos-imobiliarios-snel11-blmg11-dezembro-cpf\/","og_site_name":"Suno Not\u00edcias","article_publisher":"https:\/\/facebook.com\/sunoresearch","og_image":[{"width":1200,"height":800,"url":"https:\/\/files.sunoresearch.com.br\/n\/uploads\/2023\/05\/predios-empresariais-imoveis-investir-fii.jpg","type":"image\/jpeg"}],"author":"Camila Paim","twitter_card":"summary_large_image","twitter_creator":"@sunoresearch","twitter_site":"@sunoresearch","twitter_misc":{"Escrito por":"Camila Paim","Est. tempo de leitura":"5 minutos"},"schema":{"@context":"https:\/\/schema.org","@graph":[{"@type":"NewsArticle","@id":"https:\/\/www.suno.com.br\/noticias\/agenda-ofertas-fundos-imobiliarios-snel11-blmg11-dezembro-cpf\/#article","isPartOf":{"@id":"https:\/\/www.suno.com.br\/noticias\/agenda-ofertas-fundos-imobiliarios-snel11-blmg11-dezembro-cpf\/"},"author":{"name":"Camila Paim","@id":"https:\/\/www.suno.com.br\/noticias\/#\/schema\/person\/f341d3ae5d1cc685176c9a5327cdfdbb"},"headline":"SNEL11, BLMG11: Veja a agenda de ofertas de fundos imobili\u00e1rios desta semana","datePublished":"2023-12-04T11:48:05+00:00","dateModified":"2023-12-05T14:04:42+00:00","mainEntityOfPage":{"@id":"https:\/\/www.suno.com.br\/noticias\/agenda-ofertas-fundos-imobiliarios-snel11-blmg11-dezembro-cpf\/"},"wordCount":820,"publisher":{"@id":"https:\/\/www.suno.com.br\/noticias\/#organization"},"image":{"@id":"https:\/\/www.suno.com.br\/noticias\/agenda-ofertas-fundos-imobiliarios-snel11-blmg11-dezembro-cpf\/#primaryimage"},"thumbnailUrl":"https:\/\/files.sunoresearch.com.br\/n\/uploads\/2023\/05\/predios-empresariais-imoveis-investir-fii.jpg","keywords":["BLMG11","Fundos Imobili\u00e1rios (FIIs)","PVBI11","SNEL11"],"articleSection":["FIIs"],"inLanguage":"pt-BR"},{"@type":"WebPage","@id":"https:\/\/www.suno.com.br\/noticias\/agenda-ofertas-fundos-imobiliarios-snel11-blmg11-dezembro-cpf\/","url":"https:\/\/www.suno.com.br\/noticias\/agenda-ofertas-fundos-imobiliarios-snel11-blmg11-dezembro-cpf\/","name":"Fundos imobili\u00e1rios SNEL11, BLMG11 na agenda de ofertas semanal","isPartOf":{"@id":"https:\/\/www.suno.com.br\/noticias\/#website"},"primaryImageOfPage":{"@id":"https:\/\/www.suno.com.br\/noticias\/agenda-ofertas-fundos-imobiliarios-snel11-blmg11-dezembro-cpf\/#primaryimage"},"image":{"@id":"https:\/\/www.suno.com.br\/noticias\/agenda-ofertas-fundos-imobiliarios-snel11-blmg11-dezembro-cpf\/#primaryimage"},"thumbnailUrl":"https:\/\/files.sunoresearch.com.br\/n\/uploads\/2023\/05\/predios-empresariais-imoveis-investir-fii.jpg","datePublished":"2023-12-04T11:48:05+00:00","dateModified":"2023-12-05T14:04:42+00:00","description":"A agenda de ofertas de fundos imobili\u00e1rios desta semana conta com tickers como SNELL11 e BLMG11; Confira os detalhes das emiss\u00f5es.","breadcrumb":{"@id":"https:\/\/www.suno.com.br\/noticias\/agenda-ofertas-fundos-imobiliarios-snel11-blmg11-dezembro-cpf\/#breadcrumb"},"inLanguage":"pt-BR","potentialAction":[{"@type":"ReadAction","target":["https:\/\/www.suno.com.br\/noticias\/agenda-ofertas-fundos-imobiliarios-snel11-blmg11-dezembro-cpf\/"]}]},{"@type":"ImageObject","inLanguage":"pt-BR","@id":"https:\/\/www.suno.com.br\/noticias\/agenda-ofertas-fundos-imobiliarios-snel11-blmg11-dezembro-cpf\/#primaryimage","url":"https:\/\/files.sunoresearch.com.br\/n\/uploads\/2023\/05\/predios-empresariais-imoveis-investir-fii.jpg","contentUrl":"https:\/\/files.sunoresearch.com.br\/n\/uploads\/2023\/05\/predios-empresariais-imoveis-investir-fii.jpg","width":1200,"height":800,"caption":"HTMX11 lucra R$ 2,27 milh\u00f5es em abril. Foto: iStock"},{"@type":"BreadcrumbList","@id":"https:\/\/www.suno.com.br\/noticias\/agenda-ofertas-fundos-imobiliarios-snel11-blmg11-dezembro-cpf\/#breadcrumb","itemListElement":[{"@type":"ListItem","position":1,"name":"Not\u00edcias","item":"https:\/\/www.suno.com.br\/noticias\/"},{"@type":"ListItem","position":2,"name":"FIIs","item":"https:\/\/www.suno.com.br\/noticias\/fiis\/"},{"@type":"ListItem","position":3,"name":"SNEL11, BLMG11: Veja a agenda de ofertas de fundos imobili\u00e1rios desta semana"}]},{"@type":"WebSite","@id":"https:\/\/www.suno.com.br\/noticias\/#website","url":"https:\/\/www.suno.com.br\/noticias\/","name":"Suno Not\u00edcias","description":"Seu portal de informa\u00e7\u00e3o sobre o mundo dos investimentos","publisher":{"@id":"https:\/\/www.suno.com.br\/noticias\/#organization"},"potentialAction":[{"@type":"SearchAction","target":{"@type":"EntryPoint","urlTemplate":"https:\/\/www.suno.com.br\/noticias\/?s={search_term_string}"},"query-input":{"@type":"PropertyValueSpecification","valueRequired":true,"valueName":"search_term_string"}}],"inLanguage":"pt-BR"},{"@type":"Organization","@id":"https:\/\/www.suno.com.br\/noticias\/#organization","name":"Suno Not\u00edcias","url":"https:\/\/www.suno.com.br\/noticias\/","logo":{"@type":"ImageObject","inLanguage":"pt-BR","@id":"https:\/\/www.suno.com.br\/noticias\/#\/schema\/logo\/image\/","url":"https:\/\/files.sunoresearch.com.br\/n\/uploads\/2021\/09\/suno-logo.png","contentUrl":"https:\/\/files.sunoresearch.com.br\/n\/uploads\/2021\/09\/suno-logo.png","width":180,"height":180,"caption":"Suno Not\u00edcias"},"image":{"@id":"https:\/\/www.suno.com.br\/noticias\/#\/schema\/logo\/image\/"},"sameAs":["https:\/\/facebook.com\/sunoresearch","https:\/\/x.com\/sunoresearch","https:\/\/www.instagram.com\/suno","https:\/\/www.linkedin.com\/company\/suno-research\/","https:\/\/www.youtube.com\/c\/sunoresearch"]},{"@type":"Person","@id":"https:\/\/www.suno.com.br\/noticias\/#\/schema\/person\/f341d3ae5d1cc685176c9a5327cdfdbb","name":"Camila Paim","image":{"@type":"ImageObject","inLanguage":"pt-BR","@id":"https:\/\/www.suno.com.br\/noticias\/#\/schema\/person\/image\/","url":"https:\/\/secure.gravatar.com\/avatar\/f33728e65febb1aa7ecf6792956f9b20?s=96&r=g","contentUrl":"https:\/\/secure.gravatar.com\/avatar\/f33728e65febb1aa7ecf6792956f9b20?s=96&r=g","caption":"Camila Paim"},"description":"Jornalista formada pela USP, tem experi\u00eancia em reda\u00e7\u00f5es, SEO, Branded Content e Webdesign. Com passagem pelo Jornal da USP, Empiricus e C6 Bank, hoje \u00e9 rep\u00f3rter no Suno Not\u00edcias cobrindo macroeconomia, finan\u00e7as pessoais e startups.","url":"https:\/\/www.suno.com.br\/noticias\/author\/camila-figueiredosuno-com-br\/"}]}},"default_loop_html":"<div class=\"cardsPage__listCard__boxs\"><div class=\"cardsPage__listCard__boxs__img\"><a href=\"https:\/\/www.suno.com.br\/noticias\/agenda-ofertas-fundos-imobiliarios-snel11-blmg11-dezembro-cpf\/\"><img class=\"mask\" src=\"https:\/\/www.suno.com.br\/noticias\/wp-content\/themes\/suno\/resources\/images\/spotlight\/spotlight1img\/bg-mask.png\" alt=\"Image Mask\"\/><img src=\"https:\/\/files.sunoresearch.com.br\/n\/uploads\/2023\/05\/predios-empresariais-imoveis-investir-fii-400x200.jpg\" alt=\"SNEL11, BLMG11: Veja a agenda de ofertas de fundos imobili\u00e1rios desta semana\"\/><\/a><span class=\"spotlightCategory\"><a href=\"https:\/\/www.suno.com.br\/noticias\/fiis\/\">FIIs<\/a><\/span><\/div><div class=\"cardsPage__listCard__boxs__content\"><a href=\"https:\/\/www.suno.com.br\/noticias\/agenda-ofertas-fundos-imobiliarios-snel11-blmg11-dezembro-cpf\/\"><h2 class=\"content__title\">SNEL11, BLMG11: Veja a agenda de ofertas de fundos imobili\u00e1rios desta semana<\/h2><\/a><div class=\"newsContent__article__meta\"><div class=\"newsContent__article__meta__authorBox\"><a href=\"https:\/\/www.suno.com.br\/noticias\/author\/camila-figueiredosuno-com-br\/\" class=\"authorBox__avatar noMobi\"><img src=\"https:\/\/files.sunoresearch.com.br\/n\/uploads\/2024\/05\/camila-paim-square-150x150.jpg\" alt=\"Camila Paim\"><\/a><div class=\"authorBox__name\"><span>por\n\t\t\t<a href=\"https:\/\/www.suno.com.br\/noticias\/author\/camila-figueiredosuno-com-br\/\"><span itemprop=\"author\">Camila Paim<\/span><\/a><\/span><time datetime=\"2023-12-04T08:48:05-03:00\" itemprop=\"datePublished\">04\/12\/2023 08:48<\/time><\/div><\/div><\/div><\/div><\/div>","single_layout":"posts","amp_enabled":true,"_links":{"self":[{"href":"https:\/\/www.suno.com.br\/noticias\/wp-json\/wp\/v2\/posts\/494548"}],"collection":[{"href":"https:\/\/www.suno.com.br\/noticias\/wp-json\/wp\/v2\/posts"}],"about":[{"href":"https:\/\/www.suno.com.br\/noticias\/wp-json\/wp\/v2\/types\/post"}],"author":[{"embeddable":true,"href":"https:\/\/www.suno.com.br\/noticias\/wp-json\/wp\/v2\/users\/283"}],"replies":[{"embeddable":true,"href":"https:\/\/www.suno.com.br\/noticias\/wp-json\/wp\/v2\/comments?post=494548"}],"version-history":[{"count":3,"href":"https:\/\/www.suno.com.br\/noticias\/wp-json\/wp\/v2\/posts\/494548\/revisions"}],"predecessor-version":[{"id":495401,"href":"https:\/\/www.suno.com.br\/noticias\/wp-json\/wp\/v2\/posts\/494548\/revisions\/495401"}],"wp:featuredmedia":[{"embeddable":true,"href":"https:\/\/www.suno.com.br\/noticias\/wp-json\/wp\/v2\/media\/401451"}],"wp:attachment":[{"href":"https:\/\/www.suno.com.br\/noticias\/wp-json\/wp\/v2\/media?parent=494548"}],"wp:term":[{"taxonomy":"category","embeddable":true,"href":"https:\/\/www.suno.com.br\/noticias\/wp-json\/wp\/v2\/categories?post=494548"},{"taxonomy":"post_tag","embeddable":true,"href":"https:\/\/www.suno.com.br\/noticias\/wp-json\/wp\/v2\/tags?post=494548"},{"taxonomy":"suno_strategy","embeddable":true,"href":"https:\/\/www.suno.com.br\/noticias\/wp-json\/wp\/v2\/suno_strategy?post=494548"}],"curies":[{"name":"wp","href":"https:\/\/api.w.org\/{rel}","templated":true}]}}