{"id":494480,"date":"2023-12-03T12:52:50","date_gmt":"2023-12-03T15:52:50","guid":{"rendered":"https:\/\/www.suno.com.br\/noticias\/?p=494480"},"modified":"2023-12-03T13:03:44","modified_gmt":"2023-12-03T16:03:44","slug":"venezuela-guiana-referendo-gpj","status":"publish","type":"post","link":"https:\/\/www.suno.com.br\/noticias\/venezuela-guiana-referendo-gpj\/","title":{"rendered":"Venezuela faz referendo sobre anexa\u00e7\u00e3o de territ\u00f3rio da Guiana; Lula pede &#8220;bom senso&#8221;"},"content":{"rendered":"<p>O presidente Luiz In\u00e1cio Lula<strong> <\/strong>da Silva espera que <strong>Venezuela <\/strong>e Guiana tenham \u201cbom senso\u201d na disputa territorial da regi\u00e3o de Essequibo, na Guiana. Neste domingo (3), os venezuelanos fazem um referendo sobre o apoio da popula\u00e7\u00e3o a respeito da anexa\u00e7\u00e3o da \u00e1rea.\u00a0<img decoding=\"async\" style=\"width: 1px; height: 1px;\" src=\"https:\/\/agenciabrasil.ebc.com.br\/ebc.png?id=1570182&amp;o=rss\"><img decoding=\"async\" style=\"width: 1px; height: 1px;\" src=\"https:\/\/agenciabrasil.ebc.com.br\/ebc.gif?id=1570182&amp;o=rss\"><\/p>\t<div class=\"wrapper-featured-image\">\n\t\t<figure class=\"spotlightImg\">\n\n\t\t\t<picture>\n\t\t\t\t<source media=\"(max-width: 768px)\" srcset=\"https:\/\/files.sunoresearch.com.br\/n\/uploads\/2018\/11\/3854ede0-venezuela-400x200.webp\">\n\t\t\t\t<img loading=\"lazy\" decoding=\"async\" class=\"newsContent__article__imgCapa lazyloadDisabled \" src=\"https:\/\/files.sunoresearch.com.br\/n\/uploads\/2018\/11\/3854ede0-venezuela-800x450.webp\" width=\"800\" height=\"450\" alt=\"Venezuela faz referendo sobre anexa\u00e7\u00e3o de territ\u00f3rio da Guiana; Lula pede &#8220;bom senso&#8221;\" fetchpriority=high \/>\n\t\t\t<\/picture>\n\n\t\t\t<figcaption class=\"wp-caption-text wp-caption-text--show\">Bandeira da Venezuela. Foto: Divulga\u00e7\u00e3o.<\/figcaption>\n\t\t<\/figure>\n\t<\/div>\n\n\n\n\n\n\n\n\t<p>\n\t\t<a href=\"https:\/\/lp.suno.com.br\/ebook-como-analisar-uma-acao\/\" target=\"_blank\" data-element=\"shortcode-suno-banner\" title=\"Banner SUNO, clique e saiba mais\">\n\t\t\t<picture>\n\t\t\t\t<source media=\"(max-width: 500px)\" srcset=\"https:\/\/files.sunoresearch.com.br\/n\/uploads\/2023\/03\/Ebook-Acoes-Mobile.jpg\">\n\t\t\t\t<img class=\"newsContent__article__imgCapa newsContent__article__imgCapa--banner\"\n\t\t\t\t\tsrc=\"https:\/\/files.sunoresearch.com.br\/n\/uploads\/2023\/03\/Ebook-Acoes-Desktop.jpg\"\n\t\t\t\t\tdata-promo-id=\"378302\"\t\t\t\t\t\t\t\t\t\twidth='1420' height='286'\t\t\t\t\talt=\"https:\/\/files.sunoresearch.com.br\/n\/uploads\/2023\/03\/Ebook-Acoes-Desktop.jpg\"\n\t\t\t\t>\n\t\t\t<\/picture>\n\t\t<\/a>\n\t<\/p>\n\n\n\n\n\n<p>Nos \u00faltimos dias, Lula esteve em visita ao <strong>Oriente M\u00e9dio<\/strong>\u00a0e, hoje, conversou com jornalistas antes de deixar Dubai, nos Emirados \u00c1rabes, a caminho de Berlim, na Alemanha, onde tem compromissos da agenda bilateral.<\/p>\n\n\n\n<p>Para o presidente, o que a Am\u00e9rica do Sul \u201cn\u00e3o est\u00e1 precisando agora \u00e9 de confus\u00e3o\u201d. \u201cSe tem uma coisa que precisamos para crescer e melhorar a vida do nosso povo \u00e9 a gente baixar o facho, trabalhar com muita disposi\u00e7\u00e3o de melhorar a vida do povo e n\u00e3o ficar pensando em briga, n\u00e3o ficar inventando hist\u00f3ria. Ent\u00e3o, espero que o bom senso prevale\u00e7a do lado da Venezuela e da Guiana\u201d, disse Lula.\u00a0<\/p>\n\n\n\n<p>\u201cA humanidade deveria ter medo de guerra porque s\u00f3 faz guerra quando falta o bom senso, quando o poder da palavra se exauriu por fragilidade dos conversadores. Vale mais a pena uma conversa do que uma guerra\u201d, acrescentou o presidente sobre o <strong>conflito entre Venezuela e Guiana<\/strong>.<\/p>\n\n\n\n\t<div data-element=\"shortcode-read-more\" class=\"readToo\">\n\t\t\t\t<span class=\"readToo__title\">Leia mais<\/span>\n\t\t\t\t<ul class=\"readToo__list\">\n\t\t\t<li><a href=\"https:\/\/www.suno.com.br\/noticias\/reino-unido-anuncia-mais-r-215-milhoes-para-o-fundo-amazonia-gpj\/\">Reino Unido anuncia mais R$ 215 milh\u00f5es para o Fundo Amaz\u00f4nia<\/a><\/li><li><a href=\"https:\/\/www.suno.com.br\/noticias\/lula-brasil-vai-para-opep-para-influenciar-transicao-energetica-gpj\/\">Lula: Brasil vai para Opep+ para influenciar transi\u00e7\u00e3o energ\u00e9tica<\/a><\/li>\t\t<\/ul>\n\t<\/div>\n\n\n\n\n<h2 class=\"wp-block-heading\">Brasil v\u00ea com preocupa\u00e7\u00e3o tens\u00e3o entre Venezuela e Guiana<\/h2>\n\n\n\n<p>O referendo popular promovido pelo governo venezuelano de <strong>Nicol\u00e1s Maduro<\/strong>\u00a0far\u00e1 cinco perguntas ao eleitor, envolvendo a disputa pela\u00a0regi\u00e3o de <strong>Essequibo<\/strong>, que ocupa 75% dos 215 mil quil\u00f4metros quadrados do territ\u00f3rio guian\u00eas. A \u00e1rea \u00e9 reivindicada pela Venezuela desde meados do s\u00e9culo XIX.\u00a0<\/p>\n\n\n\n<p>\u201cObviamente, o referendo vai dar o que o Maduro quer porque \u00e9 um chamamento ao povo para aumentar aquilo que ele entende [ter direito]\u201d, afirmou Lula, explicando que a \u00e1rea foi objeto de um acordo em 1966.&nbsp;<\/p>\n\n\n\n<p>Apesar de defender uma solu\u00e7\u00e3o diplom\u00e1tica e pac\u00edfica para a controv\u00e9rsia, o Brasil v\u00ea com preocupa\u00e7\u00e3o a <strong>tens\u00e3o entre<\/strong> <strong>Venezuela e Guiana<\/strong>. O Minist\u00e9rio da Defesa informou que ampliou a presen\u00e7a de militares nas fronteiras com ambos pa\u00edses.\u00a0<\/p>\n\n\n\t<p>\n\t\t<a href=\"https:\/\/lp.suno.com.br\/ebook-gratuito-investindo-no-exterior\/\" target=\"_blank\" data-element=\"shortcode-suno-banner\" title=\"Banner SUNO, clique e saiba mais\">\n\t\t\t<picture>\n\t\t\t\t<source media=\"(max-width: 500px)\" srcset=\"https:\/\/files.sunoresearch.com.br\/n\/uploads\/2023\/03\/400x300-Investindo-no-exterior.png\">\n\t\t\t\t<img class=\"newsContent__article__imgCapa newsContent__article__imgCapa--banner\"\n\t\t\t\t\tsrc=\"https:\/\/files.sunoresearch.com.br\/n\/uploads\/2023\/03\/1420x240-Investindo-no-exterior.png\"\n\t\t\t\t\tdata-promo-id=\"383161\"\t\t\t\t\t\t\t\t\t\twidth='1420' height='240'\t\t\t\t\talt=\"https:\/\/files.sunoresearch.com.br\/n\/uploads\/2023\/03\/1420x240-Investindo-no-exterior.png\"\n\t\t\t\t>\n\t\t\t<\/picture>\n\t\t<\/a>\n\t<\/p>\n\n\n\n\n\n<h2 class=\"wp-block-heading\">Entenda\u00a0o referendo <\/h2>\n\n\n\n<p>A <strong>Guiana <\/strong>tem o controle efetivo dos 160 mil quil\u00f4metros quadrados de territ\u00f3rio a oeste do <strong>Rio Essequibo<\/strong>\u00a0desde a demarca\u00e7\u00e3o da fronteira em 1905 &#8211; quando ainda era col\u00f4nia brit\u00e2nica -, acordada entre Venezuela e Reino Unido. J\u00e1 o governo venezuelano defende que o novo limite seja o Rio Essequibo.\u00a0<\/p>\n\n\n\n<p>A Venezuela n\u00e3o reconhece a atual fronteira porque, segundo a posi\u00e7\u00e3o oficial do governo do pa\u00eds, ela foi definida de forma fraudulenta pelo Laudo Arbitral de Paris, em 1899, apesar de os venezuelanos terem aceitado a media\u00e7\u00e3o do tribunal arbitral e o resultado do laudo por v\u00e1rias d\u00e9cadas.&nbsp;<\/p>\n\n\n\n<p>A costa da Guiana em quest\u00e3o inclui parte do <strong>campo de Stabroek<\/strong>, com reservas estimadas em cerca de 11 bilh\u00f5es de barris de petr\u00f3leo, regi\u00e3o que atualmente \u00e9 explorada em parceria com companhias como a norte-americana <strong>ExxonMobil<\/strong> e a chinesa <strong>CNOOC<\/strong>. \u00a0<\/p>\n\n\n\n<p>A quest\u00e3o fronteiri\u00e7a est\u00e1 sendo analisada, desde 2018, pela Corte Internacional de Justi\u00e7a (<strong>CIJ<\/strong>), em Haia, por orienta\u00e7\u00e3o do secretariado-geral da Organiza\u00e7\u00e3o das Na\u00e7\u00f5es Unidas (<strong>ONU<\/strong>), mas a Venezuela n\u00e3o aceita a jurisdi\u00e7\u00e3o do tribunal sobre o tema.\u00a0<\/p>\n\n\n\n<p>Para os venezuelanos, o \u00fanico instrumento v\u00e1lido sobre a quest\u00e3o da fronteira \u00e9 o Acordo de Genebra, de 1966, assinado meses antes da independ\u00eancia da Guiana, entre <strong>Venezuela <\/strong>e o antigo poder colonial. O texto prev\u00ea que os dois pa\u00edses busquem as alternativas pac\u00edficas previstas pela Carta das Na\u00e7\u00f5es Unidas para resolver a controv\u00e9rsia.\u00a0<\/p>\n\n\n\n<p>*<em>Com informa\u00e7\u00f5es de Ag\u00eancia Brasil<\/em><\/p>\n\n\n\t<p>\n\t\t<a href=\"https:\/\/lp.suno.com.br\/planilha-da-vida-financeira\/\" target=\"_blank\" data-element=\"shortcode-suno-banner\" title=\"Banner SUNO, clique e saiba mais\">\n\t\t\t<picture>\n\t\t\t\t<source media=\"(max-width: 500px)\" srcset=\"https:\/\/files.sunoresearch.com.br\/n\/uploads\/2023\/04\/400x300-Planilha-vida-financeira-true.png\">\n\t\t\t\t<img class=\"newsContent__article__imgCapa newsContent__article__imgCapa--banner\"\n\t\t\t\t\tsrc=\"https:\/\/files.sunoresearch.com.br\/n\/uploads\/2023\/04\/1420x240-Planilha-vida-financeira-true.png\"\n\t\t\t\t\tdata-promo-id=\"383123\"\t\t\t\t\t\t\t\t\t\twidth='1420' height='240'\t\t\t\t\talt=\"https:\/\/files.sunoresearch.com.br\/n\/uploads\/2023\/04\/1420x240-Planilha-vida-financeira-true.png\"\n\t\t\t\t>\n\t\t\t<\/picture>\n\t\t<\/a>\n\t<\/p>\n\n\n","protected":false},"excerpt":{"rendered":"<p>O presidente Luiz In\u00e1cio Lula da Silva espera que Venezuela e Guiana tenham \u201cbom senso\u201d na disputa territorial da regi\u00e3o de Essequibo, na Guiana. Neste domingo (3), os venezuelanos fazem um referendo sobre o apoio da popula\u00e7\u00e3o a respeito da anexa\u00e7\u00e3o da \u00e1rea.\u00a0 Bandeira da Venezuela. Foto: Divulga\u00e7\u00e3o. Nos \u00faltimos dias, Lula esteve em visita [&hellip;]<\/p>\n","protected":false},"author":43,"featured_media":6069,"comment_status":"closed","ping_status":"closed","sticky":false,"template":"","format":"standard","meta":[],"categories":[63],"tags":[709,804],"suno_strategy":[],"class_list":["post-494480","post","type-post","status-publish","format-standard","has-post-thumbnail","hentry","category-internacional","tag-lula","tag-venezuela"],"yoast_head":"<!-- This site is optimized with the Yoast SEO plugin v24.4 - https:\/\/yoast.com\/wordpress\/plugins\/seo\/ -->\n<title>Venezuela faz referendo sobre anexa\u00e7\u00e3o de territ\u00f3rio da Guiana<\/title>\n<meta name=\"description\" content=\"O presidente Lula espera que Venezuela e Guiana tenham \u201cbom senso\u201d na disputa territorial da regi\u00e3o de Essequibo, na Guiana.\" \/>\n<meta name=\"robots\" content=\"index, follow, max-snippet:-1, max-image-preview:large, max-video-preview:-1\" \/>\n<link rel=\"canonical\" href=\"https:\/\/www.suno.com.br\/noticias\/venezuela-guiana-referendo-gpj\/\" \/>\n<meta property=\"og:locale\" content=\"pt_BR\" \/>\n<meta property=\"og:type\" content=\"article\" \/>\n<meta property=\"og:title\" content=\"Venezuela faz referendo sobre anexa\u00e7\u00e3o de territ\u00f3rio da Guiana\" \/>\n<meta property=\"og:description\" content=\"O presidente Lula espera que Venezuela e Guiana tenham \u201cbom senso\u201d na disputa territorial da regi\u00e3o de Essequibo, na Guiana.\" \/>\n<meta property=\"og:url\" content=\"https:\/\/www.suno.com.br\/noticias\/venezuela-guiana-referendo-gpj\/\" \/>\n<meta property=\"og:site_name\" content=\"Suno Not\u00edcias\" \/>\n<meta property=\"article:publisher\" content=\"https:\/\/facebook.com\/sunoresearch\" \/>\n<meta property=\"article:author\" content=\"https:\/\/www.facebook.com\/sunonoticias\/\" \/>\n<meta property=\"og:image\" content=\"https:\/\/files.sunoresearch.com.br\/n\/uploads\/2018\/11\/3854ede0-venezuela.jpg\" \/>\n\t<meta property=\"og:image:width\" content=\"1920\" \/>\n\t<meta property=\"og:image:height\" content=\"1280\" \/>\n\t<meta property=\"og:image:type\" content=\"image\/jpeg\" \/>\n<meta name=\"author\" content=\"Reda\u00e7\u00e3o Suno Not\u00edcias\" \/>\n<meta name=\"twitter:card\" content=\"summary_large_image\" \/>\n<meta name=\"twitter:creator\" content=\"@https:\/\/twitter.com\/sunoresearch\" \/>\n<meta name=\"twitter:site\" content=\"@sunoresearch\" \/>\n<meta name=\"twitter:label1\" content=\"Escrito por\" \/>\n\t<meta name=\"twitter:data1\" content=\"Reda\u00e7\u00e3o Suno Not\u00edcias\" \/>\n\t<meta name=\"twitter:label2\" content=\"Est. tempo de leitura\" \/>\n\t<meta name=\"twitter:data2\" content=\"4 minutos\" \/>\n<script type=\"application\/ld+json\" class=\"yoast-schema-graph\">{\"@context\":\"https:\/\/schema.org\",\"@graph\":[{\"@type\":\"NewsArticle\",\"@id\":\"https:\/\/www.suno.com.br\/noticias\/venezuela-guiana-referendo-gpj\/#article\",\"isPartOf\":{\"@id\":\"https:\/\/www.suno.com.br\/noticias\/venezuela-guiana-referendo-gpj\/\"},\"author\":{\"name\":\"Reda\u00e7\u00e3o Suno Not\u00edcias\",\"@id\":\"https:\/\/www.suno.com.br\/noticias\/#\/schema\/person\/c1b1bd3727fa852bd045e9dbff3673ea\"},\"headline\":\"Venezuela faz referendo sobre anexa\u00e7\u00e3o de territ\u00f3rio da Guiana; Lula pede &#8220;bom senso&#8221;\",\"datePublished\":\"2023-12-03T15:52:50+00:00\",\"dateModified\":\"2023-12-03T16:03:44+00:00\",\"mainEntityOfPage\":{\"@id\":\"https:\/\/www.suno.com.br\/noticias\/venezuela-guiana-referendo-gpj\/\"},\"wordCount\":638,\"publisher\":{\"@id\":\"https:\/\/www.suno.com.br\/noticias\/#organization\"},\"image\":{\"@id\":\"https:\/\/www.suno.com.br\/noticias\/venezuela-guiana-referendo-gpj\/#primaryimage\"},\"thumbnailUrl\":\"https:\/\/files.sunoresearch.com.br\/n\/uploads\/2018\/11\/3854ede0-venezuela-jpg.webp\",\"keywords\":[\"Lula\",\"Venezuela\"],\"articleSection\":[\"Internacional\"],\"inLanguage\":\"pt-BR\"},{\"@type\":\"WebPage\",\"@id\":\"https:\/\/www.suno.com.br\/noticias\/venezuela-guiana-referendo-gpj\/\",\"url\":\"https:\/\/www.suno.com.br\/noticias\/venezuela-guiana-referendo-gpj\/\",\"name\":\"Venezuela faz referendo sobre anexa\u00e7\u00e3o de territ\u00f3rio da Guiana\",\"isPartOf\":{\"@id\":\"https:\/\/www.suno.com.br\/noticias\/#website\"},\"primaryImageOfPage\":{\"@id\":\"https:\/\/www.suno.com.br\/noticias\/venezuela-guiana-referendo-gpj\/#primaryimage\"},\"image\":{\"@id\":\"https:\/\/www.suno.com.br\/noticias\/venezuela-guiana-referendo-gpj\/#primaryimage\"},\"thumbnailUrl\":\"https:\/\/files.sunoresearch.com.br\/n\/uploads\/2018\/11\/3854ede0-venezuela-jpg.webp\",\"datePublished\":\"2023-12-03T15:52:50+00:00\",\"dateModified\":\"2023-12-03T16:03:44+00:00\",\"description\":\"O presidente Lula espera que Venezuela e Guiana tenham \u201cbom senso\u201d na disputa territorial da regi\u00e3o de Essequibo, na Guiana.\",\"breadcrumb\":{\"@id\":\"https:\/\/www.suno.com.br\/noticias\/venezuela-guiana-referendo-gpj\/#breadcrumb\"},\"inLanguage\":\"pt-BR\",\"potentialAction\":[{\"@type\":\"ReadAction\",\"target\":[\"https:\/\/www.suno.com.br\/noticias\/venezuela-guiana-referendo-gpj\/\"]}]},{\"@type\":\"ImageObject\",\"inLanguage\":\"pt-BR\",\"@id\":\"https:\/\/www.suno.com.br\/noticias\/venezuela-guiana-referendo-gpj\/#primaryimage\",\"url\":\"https:\/\/files.sunoresearch.com.br\/n\/uploads\/2018\/11\/3854ede0-venezuela-jpg.webp\",\"contentUrl\":\"https:\/\/files.sunoresearch.com.br\/n\/uploads\/2018\/11\/3854ede0-venezuela-jpg.webp\",\"width\":1920,\"height\":1280,\"caption\":\"Bandeira da Venezuela. Foto: Divulga\u00e7\u00e3o.\"},{\"@type\":\"BreadcrumbList\",\"@id\":\"https:\/\/www.suno.com.br\/noticias\/venezuela-guiana-referendo-gpj\/#breadcrumb\",\"itemListElement\":[{\"@type\":\"ListItem\",\"position\":1,\"name\":\"Not\u00edcias\",\"item\":\"https:\/\/www.suno.com.br\/noticias\/\"},{\"@type\":\"ListItem\",\"position\":2,\"name\":\"Internacional\",\"item\":\"https:\/\/www.suno.com.br\/noticias\/internacional\/\"},{\"@type\":\"ListItem\",\"position\":3,\"name\":\"Venezuela faz referendo sobre anexa\u00e7\u00e3o de territ\u00f3rio da Guiana; Lula pede &#8220;bom senso&#8221;\"}]},{\"@type\":\"WebSite\",\"@id\":\"https:\/\/www.suno.com.br\/noticias\/#website\",\"url\":\"https:\/\/www.suno.com.br\/noticias\/\",\"name\":\"Suno Not\u00edcias\",\"description\":\"Seu portal de informa\u00e7\u00e3o sobre o mundo dos investimentos\",\"publisher\":{\"@id\":\"https:\/\/www.suno.com.br\/noticias\/#organization\"},\"potentialAction\":[{\"@type\":\"SearchAction\",\"target\":{\"@type\":\"EntryPoint\",\"urlTemplate\":\"https:\/\/www.suno.com.br\/noticias\/?s={search_term_string}\"},\"query-input\":{\"@type\":\"PropertyValueSpecification\",\"valueRequired\":true,\"valueName\":\"search_term_string\"}}],\"inLanguage\":\"pt-BR\"},{\"@type\":\"Organization\",\"@id\":\"https:\/\/www.suno.com.br\/noticias\/#organization\",\"name\":\"Suno Not\u00edcias\",\"url\":\"https:\/\/www.suno.com.br\/noticias\/\",\"logo\":{\"@type\":\"ImageObject\",\"inLanguage\":\"pt-BR\",\"@id\":\"https:\/\/www.suno.com.br\/noticias\/#\/schema\/logo\/image\/\",\"url\":\"https:\/\/files.sunoresearch.com.br\/n\/uploads\/2021\/09\/suno-logo.png\",\"contentUrl\":\"https:\/\/files.sunoresearch.com.br\/n\/uploads\/2021\/09\/suno-logo.png\",\"width\":180,\"height\":180,\"caption\":\"Suno Not\u00edcias\"},\"image\":{\"@id\":\"https:\/\/www.suno.com.br\/noticias\/#\/schema\/logo\/image\/\"},\"sameAs\":[\"https:\/\/facebook.com\/sunoresearch\",\"https:\/\/x.com\/sunoresearch\",\"https:\/\/www.instagram.com\/suno\",\"https:\/\/www.linkedin.com\/company\/suno-research\/\",\"https:\/\/www.youtube.com\/c\/sunoresearch\"]},{\"@type\":\"Person\",\"@id\":\"https:\/\/www.suno.com.br\/noticias\/#\/schema\/person\/c1b1bd3727fa852bd045e9dbff3673ea\",\"name\":\"Reda\u00e7\u00e3o Suno Not\u00edcias\",\"image\":{\"@type\":\"ImageObject\",\"inLanguage\":\"pt-BR\",\"@id\":\"https:\/\/www.suno.com.br\/noticias\/#\/schema\/person\/image\/\",\"url\":\"https:\/\/secure.gravatar.com\/avatar\/b8104b9b5a71985d5238ee59fbe418af?s=96&r=g\",\"contentUrl\":\"https:\/\/secure.gravatar.com\/avatar\/b8104b9b5a71985d5238ee59fbe418af?s=96&r=g\",\"caption\":\"Reda\u00e7\u00e3o Suno Not\u00edcias\"},\"description\":\"O Suno Not\u00edcias \u00e9 um portal de informa\u00e7\u00f5es sobre Mercado Financeiro, Pol\u00edtica, Neg\u00f3cios, Economia e Finan\u00e7as Pessoais.\",\"sameAs\":[\"https:\/\/www.suno.com.br\/noticias\",\"https:\/\/www.facebook.com\/sunonoticias\/\",\"https:\/\/www.instagram.com\/sunonoticias\/\",\"https:\/\/x.com\/https:\/\/twitter.com\/sunoresearch\",\"https:\/\/www.youtube.com\/sunonoticias\"],\"url\":\"https:\/\/www.suno.com.br\/noticias\/author\/redacao-suno\/\"}]}<\/script>\n<!-- \/ Yoast SEO plugin. -->","yoast_head_json":{"title":"Venezuela faz referendo sobre anexa\u00e7\u00e3o de territ\u00f3rio da Guiana","description":"O presidente Lula espera que Venezuela e Guiana tenham \u201cbom senso\u201d na disputa territorial da regi\u00e3o de Essequibo, na Guiana.","robots":{"index":"index","follow":"follow","max-snippet":"max-snippet:-1","max-image-preview":"max-image-preview:large","max-video-preview":"max-video-preview:-1"},"canonical":"https:\/\/www.suno.com.br\/noticias\/venezuela-guiana-referendo-gpj\/","og_locale":"pt_BR","og_type":"article","og_title":"Venezuela faz referendo sobre anexa\u00e7\u00e3o de territ\u00f3rio da Guiana","og_description":"O presidente Lula espera que Venezuela e Guiana tenham \u201cbom senso\u201d na disputa territorial da regi\u00e3o de Essequibo, na Guiana.","og_url":"https:\/\/www.suno.com.br\/noticias\/venezuela-guiana-referendo-gpj\/","og_site_name":"Suno Not\u00edcias","article_publisher":"https:\/\/facebook.com\/sunoresearch","article_author":"https:\/\/www.facebook.com\/sunonoticias\/","og_image":[{"width":1920,"height":1280,"url":"https:\/\/files.sunoresearch.com.br\/n\/uploads\/2018\/11\/3854ede0-venezuela.jpg","type":"image\/jpeg"}],"author":"Reda\u00e7\u00e3o Suno Not\u00edcias","twitter_card":"summary_large_image","twitter_creator":"@https:\/\/twitter.com\/sunoresearch","twitter_site":"@sunoresearch","twitter_misc":{"Escrito por":"Reda\u00e7\u00e3o Suno Not\u00edcias","Est. tempo de leitura":"4 minutos"},"schema":{"@context":"https:\/\/schema.org","@graph":[{"@type":"NewsArticle","@id":"https:\/\/www.suno.com.br\/noticias\/venezuela-guiana-referendo-gpj\/#article","isPartOf":{"@id":"https:\/\/www.suno.com.br\/noticias\/venezuela-guiana-referendo-gpj\/"},"author":{"name":"Reda\u00e7\u00e3o Suno Not\u00edcias","@id":"https:\/\/www.suno.com.br\/noticias\/#\/schema\/person\/c1b1bd3727fa852bd045e9dbff3673ea"},"headline":"Venezuela faz referendo sobre anexa\u00e7\u00e3o de territ\u00f3rio da Guiana; Lula pede &#8220;bom senso&#8221;","datePublished":"2023-12-03T15:52:50+00:00","dateModified":"2023-12-03T16:03:44+00:00","mainEntityOfPage":{"@id":"https:\/\/www.suno.com.br\/noticias\/venezuela-guiana-referendo-gpj\/"},"wordCount":638,"publisher":{"@id":"https:\/\/www.suno.com.br\/noticias\/#organization"},"image":{"@id":"https:\/\/www.suno.com.br\/noticias\/venezuela-guiana-referendo-gpj\/#primaryimage"},"thumbnailUrl":"https:\/\/files.sunoresearch.com.br\/n\/uploads\/2018\/11\/3854ede0-venezuela-jpg.webp","keywords":["Lula","Venezuela"],"articleSection":["Internacional"],"inLanguage":"pt-BR"},{"@type":"WebPage","@id":"https:\/\/www.suno.com.br\/noticias\/venezuela-guiana-referendo-gpj\/","url":"https:\/\/www.suno.com.br\/noticias\/venezuela-guiana-referendo-gpj\/","name":"Venezuela faz referendo sobre anexa\u00e7\u00e3o de territ\u00f3rio da Guiana","isPartOf":{"@id":"https:\/\/www.suno.com.br\/noticias\/#website"},"primaryImageOfPage":{"@id":"https:\/\/www.suno.com.br\/noticias\/venezuela-guiana-referendo-gpj\/#primaryimage"},"image":{"@id":"https:\/\/www.suno.com.br\/noticias\/venezuela-guiana-referendo-gpj\/#primaryimage"},"thumbnailUrl":"https:\/\/files.sunoresearch.com.br\/n\/uploads\/2018\/11\/3854ede0-venezuela-jpg.webp","datePublished":"2023-12-03T15:52:50+00:00","dateModified":"2023-12-03T16:03:44+00:00","description":"O presidente Lula espera que Venezuela e Guiana tenham \u201cbom senso\u201d na disputa territorial da regi\u00e3o de Essequibo, na Guiana.","breadcrumb":{"@id":"https:\/\/www.suno.com.br\/noticias\/venezuela-guiana-referendo-gpj\/#breadcrumb"},"inLanguage":"pt-BR","potentialAction":[{"@type":"ReadAction","target":["https:\/\/www.suno.com.br\/noticias\/venezuela-guiana-referendo-gpj\/"]}]},{"@type":"ImageObject","inLanguage":"pt-BR","@id":"https:\/\/www.suno.com.br\/noticias\/venezuela-guiana-referendo-gpj\/#primaryimage","url":"https:\/\/files.sunoresearch.com.br\/n\/uploads\/2018\/11\/3854ede0-venezuela-jpg.webp","contentUrl":"https:\/\/files.sunoresearch.com.br\/n\/uploads\/2018\/11\/3854ede0-venezuela-jpg.webp","width":1920,"height":1280,"caption":"Bandeira da Venezuela. Foto: Divulga\u00e7\u00e3o."},{"@type":"BreadcrumbList","@id":"https:\/\/www.suno.com.br\/noticias\/venezuela-guiana-referendo-gpj\/#breadcrumb","itemListElement":[{"@type":"ListItem","position":1,"name":"Not\u00edcias","item":"https:\/\/www.suno.com.br\/noticias\/"},{"@type":"ListItem","position":2,"name":"Internacional","item":"https:\/\/www.suno.com.br\/noticias\/internacional\/"},{"@type":"ListItem","position":3,"name":"Venezuela faz referendo sobre anexa\u00e7\u00e3o de territ\u00f3rio da Guiana; Lula pede &#8220;bom senso&#8221;"}]},{"@type":"WebSite","@id":"https:\/\/www.suno.com.br\/noticias\/#website","url":"https:\/\/www.suno.com.br\/noticias\/","name":"Suno Not\u00edcias","description":"Seu portal de informa\u00e7\u00e3o sobre o mundo dos investimentos","publisher":{"@id":"https:\/\/www.suno.com.br\/noticias\/#organization"},"potentialAction":[{"@type":"SearchAction","target":{"@type":"EntryPoint","urlTemplate":"https:\/\/www.suno.com.br\/noticias\/?s={search_term_string}"},"query-input":{"@type":"PropertyValueSpecification","valueRequired":true,"valueName":"search_term_string"}}],"inLanguage":"pt-BR"},{"@type":"Organization","@id":"https:\/\/www.suno.com.br\/noticias\/#organization","name":"Suno Not\u00edcias","url":"https:\/\/www.suno.com.br\/noticias\/","logo":{"@type":"ImageObject","inLanguage":"pt-BR","@id":"https:\/\/www.suno.com.br\/noticias\/#\/schema\/logo\/image\/","url":"https:\/\/files.sunoresearch.com.br\/n\/uploads\/2021\/09\/suno-logo.png","contentUrl":"https:\/\/files.sunoresearch.com.br\/n\/uploads\/2021\/09\/suno-logo.png","width":180,"height":180,"caption":"Suno Not\u00edcias"},"image":{"@id":"https:\/\/www.suno.com.br\/noticias\/#\/schema\/logo\/image\/"},"sameAs":["https:\/\/facebook.com\/sunoresearch","https:\/\/x.com\/sunoresearch","https:\/\/www.instagram.com\/suno","https:\/\/www.linkedin.com\/company\/suno-research\/","https:\/\/www.youtube.com\/c\/sunoresearch"]},{"@type":"Person","@id":"https:\/\/www.suno.com.br\/noticias\/#\/schema\/person\/c1b1bd3727fa852bd045e9dbff3673ea","name":"Reda\u00e7\u00e3o Suno Not\u00edcias","image":{"@type":"ImageObject","inLanguage":"pt-BR","@id":"https:\/\/www.suno.com.br\/noticias\/#\/schema\/person\/image\/","url":"https:\/\/secure.gravatar.com\/avatar\/b8104b9b5a71985d5238ee59fbe418af?s=96&r=g","contentUrl":"https:\/\/secure.gravatar.com\/avatar\/b8104b9b5a71985d5238ee59fbe418af?s=96&r=g","caption":"Reda\u00e7\u00e3o Suno Not\u00edcias"},"description":"O Suno Not\u00edcias \u00e9 um portal de informa\u00e7\u00f5es sobre Mercado Financeiro, Pol\u00edtica, Neg\u00f3cios, Economia e Finan\u00e7as Pessoais.","sameAs":["https:\/\/www.suno.com.br\/noticias","https:\/\/www.facebook.com\/sunonoticias\/","https:\/\/www.instagram.com\/sunonoticias\/","https:\/\/x.com\/https:\/\/twitter.com\/sunoresearch","https:\/\/www.youtube.com\/sunonoticias"],"url":"https:\/\/www.suno.com.br\/noticias\/author\/redacao-suno\/"}]}},"default_loop_html":"<div class=\"cardsPage__listCard__boxs\"><div class=\"cardsPage__listCard__boxs__img\"><a href=\"https:\/\/www.suno.com.br\/noticias\/venezuela-guiana-referendo-gpj\/\"><img class=\"mask\" src=\"https:\/\/www.suno.com.br\/noticias\/wp-content\/themes\/suno\/resources\/images\/spotlight\/spotlight1img\/bg-mask.png\" alt=\"Image Mask\"\/><img src=\"https:\/\/files.sunoresearch.com.br\/n\/uploads\/2018\/11\/3854ede0-venezuela-400x200.webp\" alt=\"Venezuela faz referendo sobre anexa\u00e7\u00e3o de territ\u00f3rio da Guiana; Lula pede &#8220;bom senso&#8221;\"\/><\/a><span class=\"spotlightCategory\"><a href=\"https:\/\/www.suno.com.br\/noticias\/internacional\/\">Internacional<\/a><\/span><\/div><div class=\"cardsPage__listCard__boxs__content\"><a href=\"https:\/\/www.suno.com.br\/noticias\/venezuela-guiana-referendo-gpj\/\"><h2 class=\"content__title\">Venezuela faz referendo sobre anexa\u00e7\u00e3o de territ\u00f3rio da Guiana; Lula pede &#8220;bom senso&#8221;<\/h2><\/a><div class=\"newsContent__article__meta\"><div class=\"newsContent__article__meta__authorBox\"><a href=\"https:\/\/www.suno.com.br\/noticias\/author\/redacao-suno\/\" class=\"authorBox__avatar noMobi\"><img src=\"https:\/\/files.sunoresearch.com.br\/n\/uploads\/2020\/08\/0ace682d-redacao-1-150x150.webp\" alt=\"Reda\u00e7\u00e3o Suno Not\u00edcias\"><\/a><div class=\"authorBox__name\"><span>por\n\t\t\t<a href=\"https:\/\/www.suno.com.br\/noticias\/author\/redacao-suno\/\"><span itemprop=\"author\">Reda\u00e7\u00e3o Suno Not\u00edcias<\/span><\/a><\/span><time datetime=\"2023-12-03T12:52:50-03:00\" itemprop=\"datePublished\">03\/12\/2023 12:52<\/time><\/div><\/div><\/div><\/div><\/div>","single_layout":"posts","amp_enabled":true,"_links":{"self":[{"href":"https:\/\/www.suno.com.br\/noticias\/wp-json\/wp\/v2\/posts\/494480"}],"collection":[{"href":"https:\/\/www.suno.com.br\/noticias\/wp-json\/wp\/v2\/posts"}],"about":[{"href":"https:\/\/www.suno.com.br\/noticias\/wp-json\/wp\/v2\/types\/post"}],"author":[{"embeddable":true,"href":"https:\/\/www.suno.com.br\/noticias\/wp-json\/wp\/v2\/users\/43"}],"replies":[{"embeddable":true,"href":"https:\/\/www.suno.com.br\/noticias\/wp-json\/wp\/v2\/comments?post=494480"}],"version-history":[{"count":2,"href":"https:\/\/www.suno.com.br\/noticias\/wp-json\/wp\/v2\/posts\/494480\/revisions"}],"predecessor-version":[{"id":494496,"href":"https:\/\/www.suno.com.br\/noticias\/wp-json\/wp\/v2\/posts\/494480\/revisions\/494496"}],"wp:featuredmedia":[{"embeddable":true,"href":"https:\/\/www.suno.com.br\/noticias\/wp-json\/wp\/v2\/media\/6069"}],"wp:attachment":[{"href":"https:\/\/www.suno.com.br\/noticias\/wp-json\/wp\/v2\/media?parent=494480"}],"wp:term":[{"taxonomy":"category","embeddable":true,"href":"https:\/\/www.suno.com.br\/noticias\/wp-json\/wp\/v2\/categories?post=494480"},{"taxonomy":"post_tag","embeddable":true,"href":"https:\/\/www.suno.com.br\/noticias\/wp-json\/wp\/v2\/tags?post=494480"},{"taxonomy":"suno_strategy","embeddable":true,"href":"https:\/\/www.suno.com.br\/noticias\/wp-json\/wp\/v2\/suno_strategy?post=494480"}],"curies":[{"name":"wp","href":"https:\/\/api.w.org\/{rel}","templated":true}]}}