{"id":494366,"date":"2023-12-02T12:38:19","date_gmt":"2023-12-02T15:38:19","guid":{"rendered":"https:\/\/www.suno.com.br\/noticias\/?p=494366"},"modified":"2023-12-02T12:38:24","modified_gmt":"2023-12-02T15:38:24","slug":"lula-pede-paises-ricos-paguem-preservacao-de-florestas-gb","status":"publish","type":"post","link":"https:\/\/www.suno.com.br\/noticias\/lula-pede-paises-ricos-paguem-preservacao-de-florestas-gb\/","title":{"rendered":"Lula pede\u00a0que pa\u00edses ricos paguem\u00a0conta por\u00a0preserva\u00e7\u00e3o de florestas"},"content":{"rendered":"<p class=\"has-text-align-left\">O presidente<strong> Luiz In\u00e1cio Lula da Silva<\/strong> afirmou, neste s\u00e1bado (2), que s\u00e3o os pa\u00edses ricos que devem pagar a conta pela preserva\u00e7\u00e3o das florestas. Ao discursar\u00a0em reuni\u00e3o\u00a0na Confer\u00eancia das Na\u00e7\u00f5es Unidas sobre Mudan\u00e7as Clim\u00e1ticas de 2023 (COP28),\u00a0em Dubai, nos Emirados \u00c1rabes Unidos, Lula estacou\u00a0que\u00a0essa\u00a0\u00e9 a primeira vez, em 28 anos de COPs, que as &#8220;florestas falam por si\u201d. \u00a0<\/p>\t<div class=\"wrapper-featured-image\">\n\t\t<figure class=\"spotlightImg\">\n\n\t\t\t<picture>\n\t\t\t\t<source media=\"(max-width: 768px)\" srcset=\"https:\/\/files.sunoresearch.com.br\/n\/uploads\/2023\/01\/lula-presidente-reuniao-governadores-foto-jose-cruz-agencia-brasil-400x200.jpg\">\n\t\t\t\t<img loading=\"lazy\" decoding=\"async\" class=\"newsContent__article__imgCapa lazyloadDisabled \" src=\"https:\/\/files.sunoresearch.com.br\/n\/uploads\/2023\/01\/lula-presidente-reuniao-governadores-foto-jose-cruz-agencia-brasil-800x450.jpg\" width=\"800\" height=\"450\" alt=\"Lula pede\u00a0que pa\u00edses ricos paguem\u00a0conta por\u00a0preserva\u00e7\u00e3o de florestas\" fetchpriority=high \/>\n\t\t\t<\/picture>\n\n\t\t\t<figcaption class=\"wp-caption-text wp-caption-text--show\">Lula pede\u00a0que pa\u00edses ricos paguem\u00a0conta por\u00a0preserva\u00e7\u00e3o de florestas. Foto: Jos\u00e9 Cruz\/Ag\u00eancia Brasil<\/figcaption>\n\t\t<\/figure>\n\t<\/div>\n\n\n<p class=\"has-text-align-left\">O presidente<strong> Luiz In\u00e1cio Lula da Silva<\/strong> afirmou, neste s\u00e1bado (2), que s\u00e3o os pa\u00edses ricos que devem pagar a conta pela preserva\u00e7\u00e3o das florestas. Ao discursar\u00a0em reuni\u00e3o\u00a0na Confer\u00eancia das Na\u00e7\u00f5es Unidas sobre Mudan\u00e7as Clim\u00e1ticas de 2023 (COP28),\u00a0em Dubai, nos Emirados \u00c1rabes Unidos, Lula estacou\u00a0que\u00a0essa\u00a0\u00e9 a primeira vez, em 28 anos de COPs, que as &#8220;florestas falam por si\u201d. \u00a0<\/p>\n\n\n\t<p>\n\t\t<a href=\"https:\/\/lp.suno.com.br\/planilha-da-vida-financeira\/\" target=\"_blank\" data-element=\"shortcode-suno-banner\" title=\"Banner SUNO, clique e saiba mais\">\n\t\t\t<picture>\n\t\t\t\t<source media=\"(max-width: 500px)\" srcset=\"https:\/\/files.sunoresearch.com.br\/n\/uploads\/2023\/04\/400x300-Planilha-vida-financeira-true.png\">\n\t\t\t\t<img class=\"newsContent__article__imgCapa newsContent__article__imgCapa--banner\"\n\t\t\t\t\tsrc=\"https:\/\/files.sunoresearch.com.br\/n\/uploads\/2023\/04\/1420x240-Planilha-vida-financeira-true.png\"\n\t\t\t\t\tdata-promo-id=\"383123\"\t\t\t\t\t\t\t\t\t\twidth='1420' height='240'\t\t\t\t\talt=\"https:\/\/files.sunoresearch.com.br\/n\/uploads\/2023\/04\/1420x240-Planilha-vida-financeira-true.png\"\n\t\t\t\t>\n\t\t\t<\/picture>\n\t\t<\/a>\n\t<\/p>\n\n\n\n\n\n\n\n\n\n<p>O presidente participou, ao lado da ministra do Meio Ambiente, <strong>Marina Silva<\/strong>, de evento chamado Protegendo a Natureza para o Clima, Vidas e Subsist\u00eancia, que reuniu especialistas, representantes de povos de florestas e chefes de Estado de pa\u00edses com florestas, como o presidente da Fran\u00e7a, Emannuel Macron, devido a posse sobre o territ\u00f3rio da Guiana Francesa, aqui na Am\u00e9rica do Sul. \u00a0<\/p>\n\n\n\n<p>Lula cedeu seu tempo de fala para a ministra Marina uma vez que ela cresceu nos seringais da floresta amaz\u00f4nica, no Acre. O presidente chorou ao lembrar a hist\u00f3ria de vida da ministra. <\/p>\n\n\n\n<p>Em seu primeiro dia, na quinta-feira (30), a <strong>COP28<\/strong> aprovou um fundo clim\u00e1tico para financiar perdas e danos de pa\u00edses vulner\u00e1veis. O objetivo do\u00a0novo fundo \u00e9 ajudar as na\u00e7\u00f5es pobres a lidar com desastres clim\u00e1ticos.<\/p>\n\n\n\n<h2 class=\"wp-block-heading\">Pol\u00edcias ambientais do Brasil<\/h2>\n\n\n\n<p>A ministra Marina Silva fez um breve relato das pol\u00edticas do governo federal para preserva\u00e7\u00e3o da floresta, destacando as a\u00e7\u00f5es de combate ao desmatamento ilegal da Amaz\u00f4nia que, de acordo com Marina, foram respons\u00e1veis por reduzir a derrubada da floresta em 49,5% nos 10 primeiros meses de governo, \u201cevitando lan\u00e7ar na atmosfera 250 milh\u00f5es de toneladas de CO\u2082. Se n\u00e3o fossem suas medidas, ter\u00edamos um aumento do desmatamento de 54%\u201d. &nbsp;<\/p>\n\n\n\n<p>Marina tamb\u00e9m destacou as pol\u00edticas para os povos ind\u00edgenas e quilombolas como essenciais para preserva\u00e7\u00e3o das florestas. \u201cOs povos origin\u00e1rios s\u00e3o respons\u00e1veis por 80% das florestas protegidas do mundo, e o povo quilombola agora tamb\u00e9m tem uma mulher, uma mulher negra, Anielle Franco, uma jovem que est\u00e1 ajudando a proteger floresta com o povo quilombola\u201d, ressaltou.&nbsp;<\/p>\n\n\n\n<p>Ainda segundo a ministra do Meio Ambiente, a pol\u00edtica do governo n\u00e3o \u00e9 setorial, mas est\u00e1 em todos os minist\u00e9rios e citou, como exemplo dessa abordagem sist\u00eamica, o Plano de Transforma\u00e7\u00e3o Ecol\u00f3gica apresentado pelo <a class=\"suno-keyword\" target=\"_blank\" data-force=\"no\" data-priority=\"2\" href=\"https:\/\/www.suno.com.br\/artigos\/ministerio-da-fazenda\/\" rel=\"noopener\">Minist\u00e9rio da Fazenda<\/a>.<\/p>\n\n\n\n<p>Referindo-se ao presidente Lula, a ministra&nbsp;afirmou que &#8220;sua diretriz para proteger a floresta \u00e9 mais do que comando e controle [fiscaliza\u00e7\u00e3o e repress\u00e3o], \u00e9 uma diretriz de desenvolvimento sustent\u00e1vel em suas quatro dimens\u00f5es: na dimens\u00e3o ambiental, na dimens\u00e3o social, na dimens\u00e3o econ\u00f4mica e na dimens\u00e3o cultural.\u201d&nbsp;<\/p>\n\n\n\n<p>Nesta COP, o Brasil apresentou proposta para que os pa\u00edses com Fundos Soberanos invistam, ao menos, US$ 250 bilh\u00f5es em um Fundo para manuten\u00e7\u00e3o das florestais tropicais de todo o mundo. \u00a0<\/p>\n\n\n\n<p><em>Com Ag\u00eancia Brasil<\/em><\/p>\n\n\n\t<p>\n\t\t<a href=\"https:\/\/lp.suno.com.br\/ebook-gratuito-investindo-no-exterior\/\" target=\"_blank\" data-element=\"shortcode-suno-banner\" title=\"Banner SUNO, clique e saiba mais\">\n\t\t\t<picture>\n\t\t\t\t<source media=\"(max-width: 500px)\" srcset=\"https:\/\/files.sunoresearch.com.br\/n\/uploads\/2023\/03\/400x300-Investindo-no-exterior.png\">\n\t\t\t\t<img class=\"newsContent__article__imgCapa newsContent__article__imgCapa--banner\"\n\t\t\t\t\tsrc=\"https:\/\/files.sunoresearch.com.br\/n\/uploads\/2023\/03\/1420x240-Investindo-no-exterior.png\"\n\t\t\t\t\tdata-promo-id=\"383161\"\t\t\t\t\t\t\t\t\t\twidth='1420' height='240'\t\t\t\t\talt=\"https:\/\/files.sunoresearch.com.br\/n\/uploads\/2023\/03\/1420x240-Investindo-no-exterior.png\"\n\t\t\t\t>\n\t\t\t<\/picture>\n\t\t<\/a>\n\t<\/p>\n\n\n\n\n","protected":false},"excerpt":{"rendered":"<p>O presidente Luiz In\u00e1cio Lula da Silva afirmou, neste s\u00e1bado (2), que s\u00e3o os pa\u00edses ricos que devem pagar a conta pela preserva\u00e7\u00e3o das florestas. Ao discursar\u00a0em reuni\u00e3o\u00a0na Confer\u00eancia das Na\u00e7\u00f5es Unidas sobre Mudan\u00e7as Clim\u00e1ticas de 2023 (COP28),\u00a0em Dubai, nos Emirados \u00c1rabes Unidos, Lula estacou\u00a0que\u00a0essa\u00a0\u00e9 a primeira vez, em 28 anos de COPs, que as [&hellip;]<\/p>\n","protected":false},"author":43,"featured_media":353976,"comment_status":"closed","ping_status":"closed","sticky":false,"template":"","format":"standard","meta":[],"categories":[61],"tags":[709],"suno_strategy":[],"class_list":["post-494366","post","type-post","status-publish","format-standard","has-post-thumbnail","hentry","category-politica","tag-lula"],"yoast_head":"<!-- This site is optimized with the Yoast SEO plugin v24.4 - https:\/\/yoast.com\/wordpress\/plugins\/seo\/ -->\n<title>Lula pede\u00a0que pa\u00edses ricos paguem\u00a0conta por\u00a0preserva\u00e7\u00e3o de florestas<\/title>\n<meta name=\"description\" content=\"O presidente Luiz In\u00e1cio Lula da Silva afirmou que s\u00e3o os pa\u00edses ricos que devem pagar a conta pela preserva\u00e7\u00e3o das florestas.\" \/>\n<meta name=\"robots\" content=\"index, follow, max-snippet:-1, max-image-preview:large, max-video-preview:-1\" \/>\n<link rel=\"canonical\" href=\"https:\/\/www.suno.com.br\/noticias\/lula-pede-paises-ricos-paguem-preservacao-de-florestas-gb\/\" \/>\n<meta property=\"og:locale\" content=\"pt_BR\" \/>\n<meta property=\"og:type\" content=\"article\" \/>\n<meta property=\"og:title\" content=\"Lula pede\u00a0que pa\u00edses ricos paguem\u00a0conta por\u00a0preserva\u00e7\u00e3o de florestas\" \/>\n<meta property=\"og:description\" content=\"O presidente Luiz In\u00e1cio Lula da Silva afirmou que s\u00e3o os pa\u00edses ricos que devem pagar a conta pela preserva\u00e7\u00e3o das florestas.\" \/>\n<meta property=\"og:url\" content=\"https:\/\/www.suno.com.br\/noticias\/lula-pede-paises-ricos-paguem-preservacao-de-florestas-gb\/\" \/>\n<meta property=\"og:site_name\" content=\"Suno Not\u00edcias\" \/>\n<meta property=\"article:publisher\" content=\"https:\/\/facebook.com\/sunoresearch\" \/>\n<meta property=\"article:author\" content=\"https:\/\/www.facebook.com\/sunonoticias\/\" \/>\n<meta property=\"og:image\" content=\"https:\/\/files.sunoresearch.com.br\/n\/uploads\/2023\/01\/lula-presidente-reuniao-governadores-foto-jose-cruz-agencia-brasil.jpg\" \/>\n\t<meta property=\"og:image:width\" content=\"1200\" \/>\n\t<meta property=\"og:image:height\" content=\"675\" \/>\n\t<meta property=\"og:image:type\" content=\"image\/jpeg\" \/>\n<meta name=\"author\" content=\"Reda\u00e7\u00e3o Suno Not\u00edcias\" \/>\n<meta name=\"twitter:card\" content=\"summary_large_image\" \/>\n<meta name=\"twitter:creator\" content=\"@https:\/\/twitter.com\/sunoresearch\" \/>\n<meta name=\"twitter:site\" content=\"@sunoresearch\" \/>\n<meta name=\"twitter:label1\" content=\"Escrito por\" \/>\n\t<meta name=\"twitter:data1\" content=\"Reda\u00e7\u00e3o Suno Not\u00edcias\" \/>\n\t<meta name=\"twitter:label2\" content=\"Est. tempo de leitura\" \/>\n\t<meta name=\"twitter:data2\" content=\"3 minutos\" \/>\n<script type=\"application\/ld+json\" class=\"yoast-schema-graph\">{\"@context\":\"https:\/\/schema.org\",\"@graph\":[{\"@type\":\"NewsArticle\",\"@id\":\"https:\/\/www.suno.com.br\/noticias\/lula-pede-paises-ricos-paguem-preservacao-de-florestas-gb\/#article\",\"isPartOf\":{\"@id\":\"https:\/\/www.suno.com.br\/noticias\/lula-pede-paises-ricos-paguem-preservacao-de-florestas-gb\/\"},\"author\":{\"name\":\"Reda\u00e7\u00e3o Suno Not\u00edcias\",\"@id\":\"https:\/\/www.suno.com.br\/noticias\/#\/schema\/person\/c1b1bd3727fa852bd045e9dbff3673ea\"},\"headline\":\"Lula pede\u00a0que pa\u00edses ricos paguem\u00a0conta por\u00a0preserva\u00e7\u00e3o de florestas\",\"datePublished\":\"2023-12-02T15:38:19+00:00\",\"dateModified\":\"2023-12-02T15:38:24+00:00\",\"mainEntityOfPage\":{\"@id\":\"https:\/\/www.suno.com.br\/noticias\/lula-pede-paises-ricos-paguem-preservacao-de-florestas-gb\/\"},\"wordCount\":577,\"publisher\":{\"@id\":\"https:\/\/www.suno.com.br\/noticias\/#organization\"},\"image\":{\"@id\":\"https:\/\/www.suno.com.br\/noticias\/lula-pede-paises-ricos-paguem-preservacao-de-florestas-gb\/#primaryimage\"},\"thumbnailUrl\":\"https:\/\/files.sunoresearch.com.br\/n\/uploads\/2023\/01\/lula-presidente-reuniao-governadores-foto-jose-cruz-agencia-brasil.jpg\",\"keywords\":[\"Lula\"],\"articleSection\":[\"Pol\u00edtica\"],\"inLanguage\":\"pt-BR\"},{\"@type\":\"WebPage\",\"@id\":\"https:\/\/www.suno.com.br\/noticias\/lula-pede-paises-ricos-paguem-preservacao-de-florestas-gb\/\",\"url\":\"https:\/\/www.suno.com.br\/noticias\/lula-pede-paises-ricos-paguem-preservacao-de-florestas-gb\/\",\"name\":\"Lula pede\u00a0que pa\u00edses ricos paguem\u00a0conta por\u00a0preserva\u00e7\u00e3o de florestas\",\"isPartOf\":{\"@id\":\"https:\/\/www.suno.com.br\/noticias\/#website\"},\"primaryImageOfPage\":{\"@id\":\"https:\/\/www.suno.com.br\/noticias\/lula-pede-paises-ricos-paguem-preservacao-de-florestas-gb\/#primaryimage\"},\"image\":{\"@id\":\"https:\/\/www.suno.com.br\/noticias\/lula-pede-paises-ricos-paguem-preservacao-de-florestas-gb\/#primaryimage\"},\"thumbnailUrl\":\"https:\/\/files.sunoresearch.com.br\/n\/uploads\/2023\/01\/lula-presidente-reuniao-governadores-foto-jose-cruz-agencia-brasil.jpg\",\"datePublished\":\"2023-12-02T15:38:19+00:00\",\"dateModified\":\"2023-12-02T15:38:24+00:00\",\"description\":\"O presidente Luiz In\u00e1cio Lula da Silva afirmou que s\u00e3o os pa\u00edses ricos que devem pagar a conta pela preserva\u00e7\u00e3o das florestas.\",\"breadcrumb\":{\"@id\":\"https:\/\/www.suno.com.br\/noticias\/lula-pede-paises-ricos-paguem-preservacao-de-florestas-gb\/#breadcrumb\"},\"inLanguage\":\"pt-BR\",\"potentialAction\":[{\"@type\":\"ReadAction\",\"target\":[\"https:\/\/www.suno.com.br\/noticias\/lula-pede-paises-ricos-paguem-preservacao-de-florestas-gb\/\"]}]},{\"@type\":\"ImageObject\",\"inLanguage\":\"pt-BR\",\"@id\":\"https:\/\/www.suno.com.br\/noticias\/lula-pede-paises-ricos-paguem-preservacao-de-florestas-gb\/#primaryimage\",\"url\":\"https:\/\/files.sunoresearch.com.br\/n\/uploads\/2023\/01\/lula-presidente-reuniao-governadores-foto-jose-cruz-agencia-brasil.jpg\",\"contentUrl\":\"https:\/\/files.sunoresearch.com.br\/n\/uploads\/2023\/01\/lula-presidente-reuniao-governadores-foto-jose-cruz-agencia-brasil.jpg\",\"width\":1200,\"height\":675,\"caption\":\"Lula pede\u00a0que pa\u00edses ricos paguem\u00a0conta por\u00a0preserva\u00e7\u00e3o de florestas. Foto: Jos\u00e9 Cruz\/Ag\u00eancia Brasil\"},{\"@type\":\"BreadcrumbList\",\"@id\":\"https:\/\/www.suno.com.br\/noticias\/lula-pede-paises-ricos-paguem-preservacao-de-florestas-gb\/#breadcrumb\",\"itemListElement\":[{\"@type\":\"ListItem\",\"position\":1,\"name\":\"Not\u00edcias\",\"item\":\"https:\/\/www.suno.com.br\/noticias\/\"},{\"@type\":\"ListItem\",\"position\":2,\"name\":\"Pol\u00edtica\",\"item\":\"https:\/\/www.suno.com.br\/noticias\/politica\/\"},{\"@type\":\"ListItem\",\"position\":3,\"name\":\"Lula pede\u00a0que pa\u00edses ricos paguem\u00a0conta por\u00a0preserva\u00e7\u00e3o de florestas\"}]},{\"@type\":\"WebSite\",\"@id\":\"https:\/\/www.suno.com.br\/noticias\/#website\",\"url\":\"https:\/\/www.suno.com.br\/noticias\/\",\"name\":\"Suno Not\u00edcias\",\"description\":\"Seu portal de informa\u00e7\u00e3o sobre o mundo dos investimentos\",\"publisher\":{\"@id\":\"https:\/\/www.suno.com.br\/noticias\/#organization\"},\"potentialAction\":[{\"@type\":\"SearchAction\",\"target\":{\"@type\":\"EntryPoint\",\"urlTemplate\":\"https:\/\/www.suno.com.br\/noticias\/?s={search_term_string}\"},\"query-input\":{\"@type\":\"PropertyValueSpecification\",\"valueRequired\":true,\"valueName\":\"search_term_string\"}}],\"inLanguage\":\"pt-BR\"},{\"@type\":\"Organization\",\"@id\":\"https:\/\/www.suno.com.br\/noticias\/#organization\",\"name\":\"Suno Not\u00edcias\",\"url\":\"https:\/\/www.suno.com.br\/noticias\/\",\"logo\":{\"@type\":\"ImageObject\",\"inLanguage\":\"pt-BR\",\"@id\":\"https:\/\/www.suno.com.br\/noticias\/#\/schema\/logo\/image\/\",\"url\":\"https:\/\/files.sunoresearch.com.br\/n\/uploads\/2021\/09\/suno-logo.png\",\"contentUrl\":\"https:\/\/files.sunoresearch.com.br\/n\/uploads\/2021\/09\/suno-logo.png\",\"width\":180,\"height\":180,\"caption\":\"Suno Not\u00edcias\"},\"image\":{\"@id\":\"https:\/\/www.suno.com.br\/noticias\/#\/schema\/logo\/image\/\"},\"sameAs\":[\"https:\/\/facebook.com\/sunoresearch\",\"https:\/\/x.com\/sunoresearch\",\"https:\/\/www.instagram.com\/suno\",\"https:\/\/www.linkedin.com\/company\/suno-research\/\",\"https:\/\/www.youtube.com\/c\/sunoresearch\"]},{\"@type\":\"Person\",\"@id\":\"https:\/\/www.suno.com.br\/noticias\/#\/schema\/person\/c1b1bd3727fa852bd045e9dbff3673ea\",\"name\":\"Reda\u00e7\u00e3o Suno Not\u00edcias\",\"image\":{\"@type\":\"ImageObject\",\"inLanguage\":\"pt-BR\",\"@id\":\"https:\/\/www.suno.com.br\/noticias\/#\/schema\/person\/image\/\",\"url\":\"https:\/\/secure.gravatar.com\/avatar\/b8104b9b5a71985d5238ee59fbe418af?s=96&r=g\",\"contentUrl\":\"https:\/\/secure.gravatar.com\/avatar\/b8104b9b5a71985d5238ee59fbe418af?s=96&r=g\",\"caption\":\"Reda\u00e7\u00e3o Suno Not\u00edcias\"},\"description\":\"O Suno Not\u00edcias \u00e9 um portal de informa\u00e7\u00f5es sobre Mercado Financeiro, Pol\u00edtica, Neg\u00f3cios, Economia e Finan\u00e7as Pessoais.\",\"sameAs\":[\"https:\/\/www.suno.com.br\/noticias\",\"https:\/\/www.facebook.com\/sunonoticias\/\",\"https:\/\/www.instagram.com\/sunonoticias\/\",\"https:\/\/x.com\/https:\/\/twitter.com\/sunoresearch\",\"https:\/\/www.youtube.com\/sunonoticias\"],\"url\":\"https:\/\/www.suno.com.br\/noticias\/author\/redacao-suno\/\"}]}<\/script>\n<!-- \/ Yoast SEO plugin. -->","yoast_head_json":{"title":"Lula pede\u00a0que pa\u00edses ricos paguem\u00a0conta por\u00a0preserva\u00e7\u00e3o de florestas","description":"O presidente Luiz In\u00e1cio Lula da Silva afirmou que s\u00e3o os pa\u00edses ricos que devem pagar a conta pela preserva\u00e7\u00e3o das florestas.","robots":{"index":"index","follow":"follow","max-snippet":"max-snippet:-1","max-image-preview":"max-image-preview:large","max-video-preview":"max-video-preview:-1"},"canonical":"https:\/\/www.suno.com.br\/noticias\/lula-pede-paises-ricos-paguem-preservacao-de-florestas-gb\/","og_locale":"pt_BR","og_type":"article","og_title":"Lula pede\u00a0que pa\u00edses ricos paguem\u00a0conta por\u00a0preserva\u00e7\u00e3o de florestas","og_description":"O presidente Luiz In\u00e1cio Lula da Silva afirmou que s\u00e3o os pa\u00edses ricos que devem pagar a conta pela preserva\u00e7\u00e3o das florestas.","og_url":"https:\/\/www.suno.com.br\/noticias\/lula-pede-paises-ricos-paguem-preservacao-de-florestas-gb\/","og_site_name":"Suno Not\u00edcias","article_publisher":"https:\/\/facebook.com\/sunoresearch","article_author":"https:\/\/www.facebook.com\/sunonoticias\/","og_image":[{"width":1200,"height":675,"url":"https:\/\/files.sunoresearch.com.br\/n\/uploads\/2023\/01\/lula-presidente-reuniao-governadores-foto-jose-cruz-agencia-brasil.jpg","type":"image\/jpeg"}],"author":"Reda\u00e7\u00e3o Suno Not\u00edcias","twitter_card":"summary_large_image","twitter_creator":"@https:\/\/twitter.com\/sunoresearch","twitter_site":"@sunoresearch","twitter_misc":{"Escrito por":"Reda\u00e7\u00e3o Suno Not\u00edcias","Est. tempo de leitura":"3 minutos"},"schema":{"@context":"https:\/\/schema.org","@graph":[{"@type":"NewsArticle","@id":"https:\/\/www.suno.com.br\/noticias\/lula-pede-paises-ricos-paguem-preservacao-de-florestas-gb\/#article","isPartOf":{"@id":"https:\/\/www.suno.com.br\/noticias\/lula-pede-paises-ricos-paguem-preservacao-de-florestas-gb\/"},"author":{"name":"Reda\u00e7\u00e3o Suno Not\u00edcias","@id":"https:\/\/www.suno.com.br\/noticias\/#\/schema\/person\/c1b1bd3727fa852bd045e9dbff3673ea"},"headline":"Lula pede\u00a0que pa\u00edses ricos paguem\u00a0conta por\u00a0preserva\u00e7\u00e3o de florestas","datePublished":"2023-12-02T15:38:19+00:00","dateModified":"2023-12-02T15:38:24+00:00","mainEntityOfPage":{"@id":"https:\/\/www.suno.com.br\/noticias\/lula-pede-paises-ricos-paguem-preservacao-de-florestas-gb\/"},"wordCount":577,"publisher":{"@id":"https:\/\/www.suno.com.br\/noticias\/#organization"},"image":{"@id":"https:\/\/www.suno.com.br\/noticias\/lula-pede-paises-ricos-paguem-preservacao-de-florestas-gb\/#primaryimage"},"thumbnailUrl":"https:\/\/files.sunoresearch.com.br\/n\/uploads\/2023\/01\/lula-presidente-reuniao-governadores-foto-jose-cruz-agencia-brasil.jpg","keywords":["Lula"],"articleSection":["Pol\u00edtica"],"inLanguage":"pt-BR"},{"@type":"WebPage","@id":"https:\/\/www.suno.com.br\/noticias\/lula-pede-paises-ricos-paguem-preservacao-de-florestas-gb\/","url":"https:\/\/www.suno.com.br\/noticias\/lula-pede-paises-ricos-paguem-preservacao-de-florestas-gb\/","name":"Lula pede\u00a0que pa\u00edses ricos paguem\u00a0conta por\u00a0preserva\u00e7\u00e3o de florestas","isPartOf":{"@id":"https:\/\/www.suno.com.br\/noticias\/#website"},"primaryImageOfPage":{"@id":"https:\/\/www.suno.com.br\/noticias\/lula-pede-paises-ricos-paguem-preservacao-de-florestas-gb\/#primaryimage"},"image":{"@id":"https:\/\/www.suno.com.br\/noticias\/lula-pede-paises-ricos-paguem-preservacao-de-florestas-gb\/#primaryimage"},"thumbnailUrl":"https:\/\/files.sunoresearch.com.br\/n\/uploads\/2023\/01\/lula-presidente-reuniao-governadores-foto-jose-cruz-agencia-brasil.jpg","datePublished":"2023-12-02T15:38:19+00:00","dateModified":"2023-12-02T15:38:24+00:00","description":"O presidente Luiz In\u00e1cio Lula da Silva afirmou que s\u00e3o os pa\u00edses ricos que devem pagar a conta pela preserva\u00e7\u00e3o das florestas.","breadcrumb":{"@id":"https:\/\/www.suno.com.br\/noticias\/lula-pede-paises-ricos-paguem-preservacao-de-florestas-gb\/#breadcrumb"},"inLanguage":"pt-BR","potentialAction":[{"@type":"ReadAction","target":["https:\/\/www.suno.com.br\/noticias\/lula-pede-paises-ricos-paguem-preservacao-de-florestas-gb\/"]}]},{"@type":"ImageObject","inLanguage":"pt-BR","@id":"https:\/\/www.suno.com.br\/noticias\/lula-pede-paises-ricos-paguem-preservacao-de-florestas-gb\/#primaryimage","url":"https:\/\/files.sunoresearch.com.br\/n\/uploads\/2023\/01\/lula-presidente-reuniao-governadores-foto-jose-cruz-agencia-brasil.jpg","contentUrl":"https:\/\/files.sunoresearch.com.br\/n\/uploads\/2023\/01\/lula-presidente-reuniao-governadores-foto-jose-cruz-agencia-brasil.jpg","width":1200,"height":675,"caption":"Lula pede\u00a0que pa\u00edses ricos paguem\u00a0conta por\u00a0preserva\u00e7\u00e3o de florestas. Foto: Jos\u00e9 Cruz\/Ag\u00eancia Brasil"},{"@type":"BreadcrumbList","@id":"https:\/\/www.suno.com.br\/noticias\/lula-pede-paises-ricos-paguem-preservacao-de-florestas-gb\/#breadcrumb","itemListElement":[{"@type":"ListItem","position":1,"name":"Not\u00edcias","item":"https:\/\/www.suno.com.br\/noticias\/"},{"@type":"ListItem","position":2,"name":"Pol\u00edtica","item":"https:\/\/www.suno.com.br\/noticias\/politica\/"},{"@type":"ListItem","position":3,"name":"Lula pede\u00a0que pa\u00edses ricos paguem\u00a0conta por\u00a0preserva\u00e7\u00e3o de florestas"}]},{"@type":"WebSite","@id":"https:\/\/www.suno.com.br\/noticias\/#website","url":"https:\/\/www.suno.com.br\/noticias\/","name":"Suno Not\u00edcias","description":"Seu portal de informa\u00e7\u00e3o sobre o mundo dos investimentos","publisher":{"@id":"https:\/\/www.suno.com.br\/noticias\/#organization"},"potentialAction":[{"@type":"SearchAction","target":{"@type":"EntryPoint","urlTemplate":"https:\/\/www.suno.com.br\/noticias\/?s={search_term_string}"},"query-input":{"@type":"PropertyValueSpecification","valueRequired":true,"valueName":"search_term_string"}}],"inLanguage":"pt-BR"},{"@type":"Organization","@id":"https:\/\/www.suno.com.br\/noticias\/#organization","name":"Suno Not\u00edcias","url":"https:\/\/www.suno.com.br\/noticias\/","logo":{"@type":"ImageObject","inLanguage":"pt-BR","@id":"https:\/\/www.suno.com.br\/noticias\/#\/schema\/logo\/image\/","url":"https:\/\/files.sunoresearch.com.br\/n\/uploads\/2021\/09\/suno-logo.png","contentUrl":"https:\/\/files.sunoresearch.com.br\/n\/uploads\/2021\/09\/suno-logo.png","width":180,"height":180,"caption":"Suno Not\u00edcias"},"image":{"@id":"https:\/\/www.suno.com.br\/noticias\/#\/schema\/logo\/image\/"},"sameAs":["https:\/\/facebook.com\/sunoresearch","https:\/\/x.com\/sunoresearch","https:\/\/www.instagram.com\/suno","https:\/\/www.linkedin.com\/company\/suno-research\/","https:\/\/www.youtube.com\/c\/sunoresearch"]},{"@type":"Person","@id":"https:\/\/www.suno.com.br\/noticias\/#\/schema\/person\/c1b1bd3727fa852bd045e9dbff3673ea","name":"Reda\u00e7\u00e3o Suno Not\u00edcias","image":{"@type":"ImageObject","inLanguage":"pt-BR","@id":"https:\/\/www.suno.com.br\/noticias\/#\/schema\/person\/image\/","url":"https:\/\/secure.gravatar.com\/avatar\/b8104b9b5a71985d5238ee59fbe418af?s=96&r=g","contentUrl":"https:\/\/secure.gravatar.com\/avatar\/b8104b9b5a71985d5238ee59fbe418af?s=96&r=g","caption":"Reda\u00e7\u00e3o Suno Not\u00edcias"},"description":"O Suno Not\u00edcias \u00e9 um portal de informa\u00e7\u00f5es sobre Mercado Financeiro, Pol\u00edtica, Neg\u00f3cios, Economia e Finan\u00e7as Pessoais.","sameAs":["https:\/\/www.suno.com.br\/noticias","https:\/\/www.facebook.com\/sunonoticias\/","https:\/\/www.instagram.com\/sunonoticias\/","https:\/\/x.com\/https:\/\/twitter.com\/sunoresearch","https:\/\/www.youtube.com\/sunonoticias"],"url":"https:\/\/www.suno.com.br\/noticias\/author\/redacao-suno\/"}]}},"default_loop_html":"<div class=\"cardsPage__listCard__boxs\"><div class=\"cardsPage__listCard__boxs__img\"><a href=\"https:\/\/www.suno.com.br\/noticias\/lula-pede-paises-ricos-paguem-preservacao-de-florestas-gb\/\"><img class=\"mask\" src=\"https:\/\/www.suno.com.br\/noticias\/wp-content\/themes\/suno\/resources\/images\/spotlight\/spotlight1img\/bg-mask.png\" alt=\"Image Mask\"\/><img src=\"https:\/\/files.sunoresearch.com.br\/n\/uploads\/2023\/01\/lula-presidente-reuniao-governadores-foto-jose-cruz-agencia-brasil-400x200.jpg\" alt=\"Lula pede\u00a0que pa\u00edses ricos paguem\u00a0conta por\u00a0preserva\u00e7\u00e3o de florestas\"\/><\/a><span class=\"spotlightCategory\"><a href=\"https:\/\/www.suno.com.br\/noticias\/politica\/\">Pol\u00edtica<\/a><\/span><\/div><div class=\"cardsPage__listCard__boxs__content\"><a href=\"https:\/\/www.suno.com.br\/noticias\/lula-pede-paises-ricos-paguem-preservacao-de-florestas-gb\/\"><h2 class=\"content__title\">Lula pede\u00a0que pa\u00edses ricos paguem\u00a0conta por\u00a0preserva\u00e7\u00e3o de florestas<\/h2><\/a><div class=\"newsContent__article__meta\"><div class=\"newsContent__article__meta__authorBox\"><a href=\"https:\/\/www.suno.com.br\/noticias\/author\/redacao-suno\/\" class=\"authorBox__avatar noMobi\"><img src=\"https:\/\/files.sunoresearch.com.br\/n\/uploads\/2020\/08\/0ace682d-redacao-1-150x150.webp\" alt=\"Reda\u00e7\u00e3o Suno Not\u00edcias\"><\/a><div class=\"authorBox__name\"><span>por\n\t\t\t<a href=\"https:\/\/www.suno.com.br\/noticias\/author\/redacao-suno\/\"><span itemprop=\"author\">Reda\u00e7\u00e3o Suno Not\u00edcias<\/span><\/a><\/span><time datetime=\"2023-12-02T12:38:19-03:00\" itemprop=\"datePublished\">02\/12\/2023 12:38<\/time><\/div><\/div><\/div><\/div><\/div>","single_layout":"posts","amp_enabled":true,"_links":{"self":[{"href":"https:\/\/www.suno.com.br\/noticias\/wp-json\/wp\/v2\/posts\/494366"}],"collection":[{"href":"https:\/\/www.suno.com.br\/noticias\/wp-json\/wp\/v2\/posts"}],"about":[{"href":"https:\/\/www.suno.com.br\/noticias\/wp-json\/wp\/v2\/types\/post"}],"author":[{"embeddable":true,"href":"https:\/\/www.suno.com.br\/noticias\/wp-json\/wp\/v2\/users\/43"}],"replies":[{"embeddable":true,"href":"https:\/\/www.suno.com.br\/noticias\/wp-json\/wp\/v2\/comments?post=494366"}],"version-history":[{"count":3,"href":"https:\/\/www.suno.com.br\/noticias\/wp-json\/wp\/v2\/posts\/494366\/revisions"}],"predecessor-version":[{"id":494386,"href":"https:\/\/www.suno.com.br\/noticias\/wp-json\/wp\/v2\/posts\/494366\/revisions\/494386"}],"wp:featuredmedia":[{"embeddable":true,"href":"https:\/\/www.suno.com.br\/noticias\/wp-json\/wp\/v2\/media\/353976"}],"wp:attachment":[{"href":"https:\/\/www.suno.com.br\/noticias\/wp-json\/wp\/v2\/media?parent=494366"}],"wp:term":[{"taxonomy":"category","embeddable":true,"href":"https:\/\/www.suno.com.br\/noticias\/wp-json\/wp\/v2\/categories?post=494366"},{"taxonomy":"post_tag","embeddable":true,"href":"https:\/\/www.suno.com.br\/noticias\/wp-json\/wp\/v2\/tags?post=494366"},{"taxonomy":"suno_strategy","embeddable":true,"href":"https:\/\/www.suno.com.br\/noticias\/wp-json\/wp\/v2\/suno_strategy?post=494366"}],"curies":[{"name":"wp","href":"https:\/\/api.w.org\/{rel}","templated":true}]}}