{"id":49349,"date":"2020-01-10T18:29:28","date_gmt":"2020-01-10T20:29:28","guid":{"rendered":"https:\/\/www.suno.com.br\/noticias\/?p=49349"},"modified":"2021-06-13T23:39:32","modified_gmt":"2021-06-14T02:39:32","slug":"dolar-alta-018-4094-10012020","status":"publish","type":"post","link":"https:\/\/www.suno.com.br\/noticias\/dolar-alta-018-4094-10012020\/","title":{"rendered":"D\u00f3lar encerra em alta de 0,18%, cotado em R$ 4,094"},"content":{"rendered":"<p>O d\u00f3lar fechou, nesta sexta-feira (10), em <strong>alta<\/strong> de 0,186%, negociado a R$ 4,094 na venda. A varia\u00e7\u00e3o positiva da moeda norte-americana ocorreu em meio a divulga\u00e7\u00e3o dos detalhes das san\u00e7\u00f5es econ\u00f4micas impostas pelos <strong>Estados Unidos <\/strong>ao <strong>Ir\u00e3<\/strong>.<\/p>\t<div class=\"wrapper-featured-image\">\n\t\t<figure class=\"spotlightImg\">\n\n\t\t\t<picture>\n\t\t\t\t<source media=\"(max-width: 768px)\" srcset=\"https:\/\/files.sunoresearch.com.br\/n\/uploads\/2019\/06\/753f7398-dol\u00e1r-400x200.webp\">\n\t\t\t\t<img loading=\"lazy\" decoding=\"async\" class=\"newsContent__article__imgCapa lazyloadDisabled newsContent__article__imgCapa--noCaption\" src=\"https:\/\/files.sunoresearch.com.br\/n\/uploads\/2019\/06\/753f7398-dol\u00e1r-800x450.webp\" width=\"800\" height=\"450\" alt=\"D\u00f3lar encerra em alta de 0,18%, cotado em R$ 4,094\" fetchpriority=high \/>\n\t\t\t<\/picture>\n\n\t\t\t<figcaption class=\"wp-caption-text wp-caption-text--hide\">O d\u00f3lar hoje fechou no maior patamar desde 2 de outubro<\/figcaption>\n\t\t<\/figure>\n\t<\/div>\n\n\n\n<p>O <strong>d\u00f3lar<\/strong> encerrou o preg\u00e3o em sua cota\u00e7\u00e3o m\u00e1xima registrada durante o <em><a href=\"https:\/\/www.suno.com.br\/artigos\/intraday\/\">intraday<\/a>. <\/em>A m\u00ednima foi de R$ 4,0640, por volta das 12h20.<\/p>\n<p>Al\u00e9m das tens\u00f5es entre EUA e Ir\u00e3, as seguintes not\u00edcias tamb\u00e9m movimentaram o mercado e refletiram na cota\u00e7\u00e3o da moeda estadunidense:<\/p>\n<ul>\n<li>Impeachment de <strong>Trump<\/strong> ser\u00e1 enviado ao Senado na pr\u00f3xima semana;<\/li>\n<li>Venda de <strong>d\u00f3lares<\/strong> pelo Banco Central reduz a d\u00edvida bruta do Pa\u00eds;<\/li>\n<li><strong>IPCA<\/strong>: infla\u00e7\u00e3o dispara e ultrapassa centro da meta estipulada para 2019, diz IBGE.<\/li>\n<\/ul>\n<h2>EUA anuncia san\u00e7\u00f5es para o Ir\u00e3<\/h2>\n<p>Nesta sexta, o secret\u00e1rio do Tesouro americano, Steve Mnuchin, revelou os detalhes das medidas econ\u00f4micas que ser\u00e3o impostas pelos <strong>Estados Unidos<\/strong> ao <strong>Ir\u00e3<\/strong>.<\/p>\n<p><a href=\"https:\/\/www.suno.com.br\/noticias\/eua-novas-sancoes-ira-afetarao-industria-oficiais\/\">Saiba mais: EUA: Novas san\u00e7\u00f5es ao Ir\u00e3 afetar\u00e3o ind\u00fastrias e oficiais do pa\u00eds<\/a><\/p>\n<p>A nova rodada de san\u00e7\u00f5es foi anunciada pelo presidente dos <strong>EUA<\/strong>, <a href=\"https:\/\/www.suno.com.br\/tudo-sobre\/donald-trump\/\">Donald Trump<\/a>, na quarta-feira (8), em discurso \u00e0 na\u00e7\u00e3o ap\u00f3s os ataques a duas bases americanas no Iraque. O mandat\u00e1rio, por\u00e9m, n\u00e3o havia dado detalhes sobre as novas restri\u00e7\u00f5es.<\/p>\n<p>Mnuchin disse que as penalidades afetar\u00e3o setores da <a href=\"https:\/\/www.youtube.com\/channel\/UCWDeEIDAIi_oYKDiqwfGyRg\">economia<\/a> do Ir\u00e3 como o de constru\u00e7\u00e3o, manufatura, t\u00eaxtil, minera\u00e7\u00e3o, metalurgia e siderurgia. Outro foco das san\u00e7\u00f5es s\u00e3o oito oficiais seniores das for\u00e7as armadas iranianas, que estiveram, segundo os Estados Unidos, envolvidos no bombardeio das bases americanas no Iraque. O objetivo \u00e9 atingir o aparato de seguran\u00e7a interna do pa\u00eds, segundo o secret\u00e1rio de Estado americano, Mike Pompeo.<\/p>\n<h2>Impeachment de Donald Trump<\/h2>\n<p>A presidente da <strong>C\u00e2mara<\/strong> dos <strong>Estados<\/strong> <strong>Unidos<\/strong>, a democrata <strong>Nancy Pelosi<\/strong>, afirmou que enviar\u00e1 ao Senado, na pr\u00f3xima semana, as den\u00fancias de impeachment do presidente <a href=\"https:\/\/www.suno.com.br\/tudo-sobre\/donald-trump\/\">Donald Trump<\/a>, ap\u00f3s ret\u00ea-las em um esfor\u00e7o para ter garantias de que o julgamento do presidente Trump ir\u00e1 incluir novas testemunhas e documentos.<\/p>\n<p><a href=\"https:\/\/www.suno.com.br\/noticias\/impeachment-trump-senado-proxima-semana\/\">Saiba mais: Impeachment de Trump ser\u00e1 enviado ao Senado na pr\u00f3xima semana<\/a><\/p>\n<p>A C\u00e2mara deve votar uma resolu\u00e7\u00e3o que nomeie &#8220;gerentes&#8221; de impeachment e forne\u00e7a evid\u00eancias \u00e0 c\u00e2mara. Em dezembro, foram aprovadas duas den\u00fancias contra o presidente <strong>Trump<\/strong>.<\/p>\n<p>A primeira diz respeito aos esfor\u00e7os do presidente para pressionar a <strong>Ucr\u00e2nia<\/strong> a iniciar investiga\u00e7\u00f5es que poderiam benefici\u00e1-lo politicamente nas elei\u00e7\u00f5es deste ano, o que constitu\u00edram abuso de poder. Na segunda den\u00fancia foi alegado que os esfor\u00e7os da <strong>Casa<\/strong> <strong>Branca<\/strong> para bloquear testemunhos-chave foram obstru\u00e7\u00e3o do Congresso.<\/p>\n<h2>Venda de d\u00f3lares pelo BC<\/h2>\n<p>O Banco Central (<a href=\"https:\/\/www.suno.com.br\/artigos\/bacen\/\">BC<\/a>) informou que ao longo de 2019 vendeu US$ 36,9 bilh\u00f5es das <strong>reservas internacionais<\/strong>. Com isso, a d\u00edvida bruta do Pa\u00eds foi diminu\u00edda em dois pontos percentuais do <a href=\"https:\/\/www.suno.com.br\/artigos\/pib-produto-interno-bruto\/\">Produto Interno Bruto (PIB)<\/a>, cerca de R$ 140 bilh\u00f5es.<\/p>\n<p><a href=\"https:\/\/www.suno.com.br\/noticias\/venda-dolares-banco-central\/\">Saiba mais: Venda de d\u00f3lares pelo Banco Central reduz a d\u00edvida bruta do Pa\u00eds<\/a><\/p>\n<p>Com as interven\u00e7\u00f5es cambiais realizadas pelo <strong>BC<\/strong> no ano passado, per\u00edodo que protagonizou a maior sa\u00edda de d\u00f3lares da hist\u00f3ria, as reservas internacionais do pa\u00eds recuaram para US$ 356,9 bilh\u00f5es.<\/p>\n<p>Por mais que a institui\u00e7\u00e3o monet\u00e1ria central do Pa\u00eds tenha realizado tais vendas por motivos cambiais, a estrat\u00e9gia do BC est\u00e1 de acordo com o objetivo do <strong>Ministro da Economia<\/strong>, <a href=\"https:\/\/www.suno.com.br\/tudo-sobre\/paulo-guedes\/\">Paulo Guedes<\/a>, apontada na transi\u00e7\u00e3o de governo. O intuito \u00e9 aproveitar as desvaloriza\u00e7\u00f5es do real para diminuir as reservas do Pa\u00eds, cortando a d\u00edvida p\u00fablica e seus custos.<\/p>\n<h2>Infla\u00e7\u00e3o em 2019<\/h2>\n<p>O \u00cdndice de Pre\u00e7os ao Consumidor Amplo (<a href=\"https:\/\/www.suno.com.br\/artigos\/ipca\/\">IPCA<\/a>) subiu 1,15% em dezembro, ap\u00f3s ter avan\u00e7ado 0,51% no m\u00eas anterior. Dessa forma, o principal indicador do aumento dos pre\u00e7os no Pa\u00eds atingiu 4,31% em 2019, ultrapassando o centro da meta estipulada pelo governo, que era de 4,25%.<\/p>\n<p><a href=\"https:\/\/www.suno.com.br\/noticias\/ipca-2019\/\">Saiba mais: IPCA: infla\u00e7\u00e3o dispara e ultrapassa centro da meta estipulada para 2019, diz IBGE<\/a><\/p>\n<p>Este foi o maior resultado do <strong>IPCA<\/strong> para um m\u00eas de dezembro desde 2002, quando o avan\u00e7o foi de 2,10%. Em 2018, o aumento dos pre\u00e7os foram na ordem de 0,15%. As informa\u00e7\u00f5es foram divulgadas pelo Instituto Brasileiro de Geografia e Estat\u00edstica<strong> (IBGE)<\/strong> nesta manh\u00e3.<\/p>\n<p><a href=\"https:\/\/www.suno.com.br\/noticias\/primeiro-boletim-focus-de-2020-mantem-previsao-para-crescimento-do-pib\/\">Segundo o Boletim Focus<\/a>, divulgado pelo <strong><a href=\"https:\/\/www.suno.com.br\/artigos\/bacen\/\">Banco Central (BC)<\/a><\/strong> na \u00faltima segunda-feira (6), os especialistas das principais institui\u00e7\u00f5es financeiras do Pa\u00eds esperavam um acumulo de 4,13% na <strong><a href=\"https:\/\/www.suno.com.br\/artigos\/inflacao\/\">infla\u00e7\u00e3o<\/a><\/strong> de 2019.<\/p>\n<h2>\u00daltima cota\u00e7\u00e3o do d\u00f3lar<\/h2>\n<p>Na \u00faltima sess\u00e3o, quinta-feira, o <strong>d\u00f3lar<\/strong> encerrou em alta de 0,851% cotado a R$ 4,0864.<\/p>\n\n","protected":false},"excerpt":{"rendered":"<p>O d\u00f3lar fechou, nesta sexta-feira (10), em alta de 0,186%, negociado a R$ 4,094 na venda. A varia\u00e7\u00e3o positiva da moeda norte-americana ocorreu em meio a divulga\u00e7\u00e3o dos detalhes das san\u00e7\u00f5es econ\u00f4micas impostas pelos Estados Unidos ao Ir\u00e3. O d\u00f3lar hoje fechou no maior patamar desde 2 de outubro O d\u00f3lar encerrou o preg\u00e3o em [&hellip;]<\/p>\n","protected":false},"author":18,"featured_media":27876,"comment_status":"closed","ping_status":"closed","sticky":false,"template":"","format":"standard","meta":[],"categories":[60],"tags":[326,793,850,1458],"suno_strategy":[],"class_list":["post-49349","post","type-post","status-publish","format-standard","has-post-thumbnail","hentry","category-mercado","tag-dolar","tag-estados-unidos-eua","tag-inflacao","tag-ira"],"yoast_head":"<!-- This site is optimized with the Yoast SEO plugin v24.4 - https:\/\/yoast.com\/wordpress\/plugins\/seo\/ -->\n<title>D\u00f3lar encerra em alta de 0,18%, cotado em R$ 4,094<\/title>\n<meta name=\"description\" content=\"O d\u00f3lar encerrou o preg\u00e3o, nesta sexta-feira (10), em varia\u00e7\u00e3o positiva de 0,186%, negociado a R$ 4,094 na venda. Clique para saber mais.\" \/>\n<meta name=\"robots\" content=\"index, follow, max-snippet:-1, max-image-preview:large, max-video-preview:-1\" \/>\n<link rel=\"canonical\" href=\"https:\/\/www.suno.com.br\/noticias\/dolar-alta-018-4094-10012020\/\" \/>\n<meta property=\"og:locale\" content=\"pt_BR\" \/>\n<meta property=\"og:type\" content=\"article\" \/>\n<meta property=\"og:title\" content=\"D\u00f3lar encerra em alta de 0,18%, cotado em R$ 4,094\" \/>\n<meta property=\"og:description\" content=\"O d\u00f3lar encerrou o preg\u00e3o, nesta sexta-feira (10), em varia\u00e7\u00e3o positiva de 0,186%, negociado a R$ 4,094 na venda. Clique para saber mais.\" \/>\n<meta property=\"og:url\" content=\"https:\/\/www.suno.com.br\/noticias\/dolar-alta-018-4094-10012020\/\" \/>\n<meta property=\"og:site_name\" content=\"Suno Not\u00edcias\" \/>\n<meta property=\"article:publisher\" content=\"https:\/\/facebook.com\/sunoresearch\" \/>\n<meta property=\"og:image\" content=\"https:\/\/files.sunoresearch.com.br\/n\/uploads\/2019\/06\/753f7398-dol\u00e1r.jpg\" \/>\n\t<meta property=\"og:image:width\" content=\"2598\" \/>\n\t<meta property=\"og:image:height\" content=\"1700\" \/>\n\t<meta property=\"og:image:type\" content=\"image\/jpeg\" \/>\n<meta name=\"author\" content=\"Giovanna Oliveira\" \/>\n<meta name=\"twitter:card\" content=\"summary_large_image\" \/>\n<meta name=\"twitter:creator\" content=\"@sunoresearch\" \/>\n<meta name=\"twitter:site\" content=\"@sunoresearch\" \/>\n<meta name=\"twitter:label1\" content=\"Escrito por\" \/>\n\t<meta name=\"twitter:data1\" content=\"Giovanna Oliveira\" \/>\n\t<meta name=\"twitter:label2\" content=\"Est. tempo de leitura\" \/>\n\t<meta name=\"twitter:data2\" content=\"4 minutos\" \/>\n<script type=\"application\/ld+json\" class=\"yoast-schema-graph\">{\"@context\":\"https:\/\/schema.org\",\"@graph\":[{\"@type\":\"NewsArticle\",\"@id\":\"https:\/\/www.suno.com.br\/noticias\/dolar-alta-018-4094-10012020\/#article\",\"isPartOf\":{\"@id\":\"https:\/\/www.suno.com.br\/noticias\/dolar-alta-018-4094-10012020\/\"},\"author\":{\"name\":\"Giovanna Oliveira\",\"@id\":\"https:\/\/www.suno.com.br\/noticias\/#\/schema\/person\/4e19e3d2575736e5283d58eb3199d120\"},\"headline\":\"D\u00f3lar encerra em alta de 0,18%, cotado em R$ 4,094\",\"datePublished\":\"2020-01-10T20:29:28+00:00\",\"dateModified\":\"2021-06-14T02:39:32+00:00\",\"mainEntityOfPage\":{\"@id\":\"https:\/\/www.suno.com.br\/noticias\/dolar-alta-018-4094-10012020\/\"},\"wordCount\":806,\"publisher\":{\"@id\":\"https:\/\/www.suno.com.br\/noticias\/#organization\"},\"image\":{\"@id\":\"https:\/\/www.suno.com.br\/noticias\/dolar-alta-018-4094-10012020\/#primaryimage\"},\"thumbnailUrl\":\"https:\/\/files.sunoresearch.com.br\/n\/uploads\/2019\/06\/753f7398-dol\u00e1r-scaled.webp\",\"keywords\":[\"d\u00f3lar\",\"Estados Unidos (EUA)\",\"infla\u00e7\u00e3o\",\"Ir\u00e3\"],\"articleSection\":[\"Mercado\"],\"inLanguage\":\"pt-BR\"},{\"@type\":\"WebPage\",\"@id\":\"https:\/\/www.suno.com.br\/noticias\/dolar-alta-018-4094-10012020\/\",\"url\":\"https:\/\/www.suno.com.br\/noticias\/dolar-alta-018-4094-10012020\/\",\"name\":\"D\u00f3lar encerra em alta de 0,18%, cotado em R$ 4,094\",\"isPartOf\":{\"@id\":\"https:\/\/www.suno.com.br\/noticias\/#website\"},\"primaryImageOfPage\":{\"@id\":\"https:\/\/www.suno.com.br\/noticias\/dolar-alta-018-4094-10012020\/#primaryimage\"},\"image\":{\"@id\":\"https:\/\/www.suno.com.br\/noticias\/dolar-alta-018-4094-10012020\/#primaryimage\"},\"thumbnailUrl\":\"https:\/\/files.sunoresearch.com.br\/n\/uploads\/2019\/06\/753f7398-dol\u00e1r-scaled.webp\",\"datePublished\":\"2020-01-10T20:29:28+00:00\",\"dateModified\":\"2021-06-14T02:39:32+00:00\",\"description\":\"O d\u00f3lar encerrou o preg\u00e3o, nesta sexta-feira (10), em varia\u00e7\u00e3o positiva de 0,186%, negociado a R$ 4,094 na venda. Clique para saber mais.\",\"breadcrumb\":{\"@id\":\"https:\/\/www.suno.com.br\/noticias\/dolar-alta-018-4094-10012020\/#breadcrumb\"},\"inLanguage\":\"pt-BR\",\"potentialAction\":[{\"@type\":\"ReadAction\",\"target\":[\"https:\/\/www.suno.com.br\/noticias\/dolar-alta-018-4094-10012020\/\"]}]},{\"@type\":\"ImageObject\",\"inLanguage\":\"pt-BR\",\"@id\":\"https:\/\/www.suno.com.br\/noticias\/dolar-alta-018-4094-10012020\/#primaryimage\",\"url\":\"https:\/\/files.sunoresearch.com.br\/n\/uploads\/2019\/06\/753f7398-dol\u00e1r-scaled.webp\",\"contentUrl\":\"https:\/\/files.sunoresearch.com.br\/n\/uploads\/2019\/06\/753f7398-dol\u00e1r-scaled.webp\",\"width\":2560,\"height\":1675,\"caption\":\"O d\u00f3lar hoje fechou no maior patamar desde 2 de outubro\"},{\"@type\":\"BreadcrumbList\",\"@id\":\"https:\/\/www.suno.com.br\/noticias\/dolar-alta-018-4094-10012020\/#breadcrumb\",\"itemListElement\":[{\"@type\":\"ListItem\",\"position\":1,\"name\":\"Not\u00edcias\",\"item\":\"https:\/\/www.suno.com.br\/noticias\/\"},{\"@type\":\"ListItem\",\"position\":2,\"name\":\"Mercado\",\"item\":\"https:\/\/www.suno.com.br\/noticias\/mercado\/\"},{\"@type\":\"ListItem\",\"position\":3,\"name\":\"D\u00f3lar encerra em alta de 0,18%, cotado em R$ 4,094\"}]},{\"@type\":\"WebSite\",\"@id\":\"https:\/\/www.suno.com.br\/noticias\/#website\",\"url\":\"https:\/\/www.suno.com.br\/noticias\/\",\"name\":\"Suno Not\u00edcias\",\"description\":\"Seu portal de informa\u00e7\u00e3o sobre o mundo dos investimentos\",\"publisher\":{\"@id\":\"https:\/\/www.suno.com.br\/noticias\/#organization\"},\"potentialAction\":[{\"@type\":\"SearchAction\",\"target\":{\"@type\":\"EntryPoint\",\"urlTemplate\":\"https:\/\/www.suno.com.br\/noticias\/?s={search_term_string}\"},\"query-input\":{\"@type\":\"PropertyValueSpecification\",\"valueRequired\":true,\"valueName\":\"search_term_string\"}}],\"inLanguage\":\"pt-BR\"},{\"@type\":\"Organization\",\"@id\":\"https:\/\/www.suno.com.br\/noticias\/#organization\",\"name\":\"Suno Not\u00edcias\",\"url\":\"https:\/\/www.suno.com.br\/noticias\/\",\"logo\":{\"@type\":\"ImageObject\",\"inLanguage\":\"pt-BR\",\"@id\":\"https:\/\/www.suno.com.br\/noticias\/#\/schema\/logo\/image\/\",\"url\":\"https:\/\/files.sunoresearch.com.br\/n\/uploads\/2021\/09\/suno-logo.png\",\"contentUrl\":\"https:\/\/files.sunoresearch.com.br\/n\/uploads\/2021\/09\/suno-logo.png\",\"width\":180,\"height\":180,\"caption\":\"Suno Not\u00edcias\"},\"image\":{\"@id\":\"https:\/\/www.suno.com.br\/noticias\/#\/schema\/logo\/image\/\"},\"sameAs\":[\"https:\/\/facebook.com\/sunoresearch\",\"https:\/\/x.com\/sunoresearch\",\"https:\/\/www.instagram.com\/suno\",\"https:\/\/www.linkedin.com\/company\/suno-research\/\",\"https:\/\/www.youtube.com\/c\/sunoresearch\"]},{\"@type\":\"Person\",\"@id\":\"https:\/\/www.suno.com.br\/noticias\/#\/schema\/person\/4e19e3d2575736e5283d58eb3199d120\",\"name\":\"Giovanna Oliveira\",\"image\":{\"@type\":\"ImageObject\",\"inLanguage\":\"pt-BR\",\"@id\":\"https:\/\/www.suno.com.br\/noticias\/#\/schema\/person\/image\/\",\"url\":\"https:\/\/secure.gravatar.com\/avatar\/9a37b3ae208962ac568992d0ffdbc2eb?s=96&r=g\",\"contentUrl\":\"https:\/\/secure.gravatar.com\/avatar\/9a37b3ae208962ac568992d0ffdbc2eb?s=96&r=g\",\"caption\":\"Giovanna Oliveira\"},\"description\":\"Giovanna Oliveira escreve sobre economia e pol\u00edtica. Foi rep\u00f3rter do portal de jornalismo da ESPM-SP e produziu conte\u00fado para a Corinthians TV. \u00c9 estudante da ESPM.\",\"url\":\"https:\/\/www.suno.com.br\/noticias\/author\/giovanna\/\"}]}<\/script>\n<!-- \/ Yoast SEO plugin. -->","yoast_head_json":{"title":"D\u00f3lar encerra em alta de 0,18%, cotado em R$ 4,094","description":"O d\u00f3lar encerrou o preg\u00e3o, nesta sexta-feira (10), em varia\u00e7\u00e3o positiva de 0,186%, negociado a R$ 4,094 na venda. Clique para saber mais.","robots":{"index":"index","follow":"follow","max-snippet":"max-snippet:-1","max-image-preview":"max-image-preview:large","max-video-preview":"max-video-preview:-1"},"canonical":"https:\/\/www.suno.com.br\/noticias\/dolar-alta-018-4094-10012020\/","og_locale":"pt_BR","og_type":"article","og_title":"D\u00f3lar encerra em alta de 0,18%, cotado em R$ 4,094","og_description":"O d\u00f3lar encerrou o preg\u00e3o, nesta sexta-feira (10), em varia\u00e7\u00e3o positiva de 0,186%, negociado a R$ 4,094 na venda. Clique para saber mais.","og_url":"https:\/\/www.suno.com.br\/noticias\/dolar-alta-018-4094-10012020\/","og_site_name":"Suno Not\u00edcias","article_publisher":"https:\/\/facebook.com\/sunoresearch","og_image":[{"width":2598,"height":1700,"url":"https:\/\/files.sunoresearch.com.br\/n\/uploads\/2019\/06\/753f7398-dol\u00e1r.jpg","type":"image\/jpeg"}],"author":"Giovanna Oliveira","twitter_card":"summary_large_image","twitter_creator":"@sunoresearch","twitter_site":"@sunoresearch","twitter_misc":{"Escrito por":"Giovanna Oliveira","Est. tempo de leitura":"4 minutos"},"schema":{"@context":"https:\/\/schema.org","@graph":[{"@type":"NewsArticle","@id":"https:\/\/www.suno.com.br\/noticias\/dolar-alta-018-4094-10012020\/#article","isPartOf":{"@id":"https:\/\/www.suno.com.br\/noticias\/dolar-alta-018-4094-10012020\/"},"author":{"name":"Giovanna Oliveira","@id":"https:\/\/www.suno.com.br\/noticias\/#\/schema\/person\/4e19e3d2575736e5283d58eb3199d120"},"headline":"D\u00f3lar encerra em alta de 0,18%, cotado em R$ 4,094","datePublished":"2020-01-10T20:29:28+00:00","dateModified":"2021-06-14T02:39:32+00:00","mainEntityOfPage":{"@id":"https:\/\/www.suno.com.br\/noticias\/dolar-alta-018-4094-10012020\/"},"wordCount":806,"publisher":{"@id":"https:\/\/www.suno.com.br\/noticias\/#organization"},"image":{"@id":"https:\/\/www.suno.com.br\/noticias\/dolar-alta-018-4094-10012020\/#primaryimage"},"thumbnailUrl":"https:\/\/files.sunoresearch.com.br\/n\/uploads\/2019\/06\/753f7398-dol\u00e1r-scaled.webp","keywords":["d\u00f3lar","Estados Unidos (EUA)","infla\u00e7\u00e3o","Ir\u00e3"],"articleSection":["Mercado"],"inLanguage":"pt-BR"},{"@type":"WebPage","@id":"https:\/\/www.suno.com.br\/noticias\/dolar-alta-018-4094-10012020\/","url":"https:\/\/www.suno.com.br\/noticias\/dolar-alta-018-4094-10012020\/","name":"D\u00f3lar encerra em alta de 0,18%, cotado em R$ 4,094","isPartOf":{"@id":"https:\/\/www.suno.com.br\/noticias\/#website"},"primaryImageOfPage":{"@id":"https:\/\/www.suno.com.br\/noticias\/dolar-alta-018-4094-10012020\/#primaryimage"},"image":{"@id":"https:\/\/www.suno.com.br\/noticias\/dolar-alta-018-4094-10012020\/#primaryimage"},"thumbnailUrl":"https:\/\/files.sunoresearch.com.br\/n\/uploads\/2019\/06\/753f7398-dol\u00e1r-scaled.webp","datePublished":"2020-01-10T20:29:28+00:00","dateModified":"2021-06-14T02:39:32+00:00","description":"O d\u00f3lar encerrou o preg\u00e3o, nesta sexta-feira (10), em varia\u00e7\u00e3o positiva de 0,186%, negociado a R$ 4,094 na venda. Clique para saber mais.","breadcrumb":{"@id":"https:\/\/www.suno.com.br\/noticias\/dolar-alta-018-4094-10012020\/#breadcrumb"},"inLanguage":"pt-BR","potentialAction":[{"@type":"ReadAction","target":["https:\/\/www.suno.com.br\/noticias\/dolar-alta-018-4094-10012020\/"]}]},{"@type":"ImageObject","inLanguage":"pt-BR","@id":"https:\/\/www.suno.com.br\/noticias\/dolar-alta-018-4094-10012020\/#primaryimage","url":"https:\/\/files.sunoresearch.com.br\/n\/uploads\/2019\/06\/753f7398-dol\u00e1r-scaled.webp","contentUrl":"https:\/\/files.sunoresearch.com.br\/n\/uploads\/2019\/06\/753f7398-dol\u00e1r-scaled.webp","width":2560,"height":1675,"caption":"O d\u00f3lar hoje fechou no maior patamar desde 2 de outubro"},{"@type":"BreadcrumbList","@id":"https:\/\/www.suno.com.br\/noticias\/dolar-alta-018-4094-10012020\/#breadcrumb","itemListElement":[{"@type":"ListItem","position":1,"name":"Not\u00edcias","item":"https:\/\/www.suno.com.br\/noticias\/"},{"@type":"ListItem","position":2,"name":"Mercado","item":"https:\/\/www.suno.com.br\/noticias\/mercado\/"},{"@type":"ListItem","position":3,"name":"D\u00f3lar encerra em alta de 0,18%, cotado em R$ 4,094"}]},{"@type":"WebSite","@id":"https:\/\/www.suno.com.br\/noticias\/#website","url":"https:\/\/www.suno.com.br\/noticias\/","name":"Suno Not\u00edcias","description":"Seu portal de informa\u00e7\u00e3o sobre o mundo dos investimentos","publisher":{"@id":"https:\/\/www.suno.com.br\/noticias\/#organization"},"potentialAction":[{"@type":"SearchAction","target":{"@type":"EntryPoint","urlTemplate":"https:\/\/www.suno.com.br\/noticias\/?s={search_term_string}"},"query-input":{"@type":"PropertyValueSpecification","valueRequired":true,"valueName":"search_term_string"}}],"inLanguage":"pt-BR"},{"@type":"Organization","@id":"https:\/\/www.suno.com.br\/noticias\/#organization","name":"Suno Not\u00edcias","url":"https:\/\/www.suno.com.br\/noticias\/","logo":{"@type":"ImageObject","inLanguage":"pt-BR","@id":"https:\/\/www.suno.com.br\/noticias\/#\/schema\/logo\/image\/","url":"https:\/\/files.sunoresearch.com.br\/n\/uploads\/2021\/09\/suno-logo.png","contentUrl":"https:\/\/files.sunoresearch.com.br\/n\/uploads\/2021\/09\/suno-logo.png","width":180,"height":180,"caption":"Suno Not\u00edcias"},"image":{"@id":"https:\/\/www.suno.com.br\/noticias\/#\/schema\/logo\/image\/"},"sameAs":["https:\/\/facebook.com\/sunoresearch","https:\/\/x.com\/sunoresearch","https:\/\/www.instagram.com\/suno","https:\/\/www.linkedin.com\/company\/suno-research\/","https:\/\/www.youtube.com\/c\/sunoresearch"]},{"@type":"Person","@id":"https:\/\/www.suno.com.br\/noticias\/#\/schema\/person\/4e19e3d2575736e5283d58eb3199d120","name":"Giovanna Oliveira","image":{"@type":"ImageObject","inLanguage":"pt-BR","@id":"https:\/\/www.suno.com.br\/noticias\/#\/schema\/person\/image\/","url":"https:\/\/secure.gravatar.com\/avatar\/9a37b3ae208962ac568992d0ffdbc2eb?s=96&r=g","contentUrl":"https:\/\/secure.gravatar.com\/avatar\/9a37b3ae208962ac568992d0ffdbc2eb?s=96&r=g","caption":"Giovanna Oliveira"},"description":"Giovanna Oliveira escreve sobre economia e pol\u00edtica. Foi rep\u00f3rter do portal de jornalismo da ESPM-SP e produziu conte\u00fado para a Corinthians TV. \u00c9 estudante da ESPM.","url":"https:\/\/www.suno.com.br\/noticias\/author\/giovanna\/"}]}},"default_loop_html":"<div class=\"cardsPage__listCard__boxs\"><div class=\"cardsPage__listCard__boxs__img\"><a href=\"https:\/\/www.suno.com.br\/noticias\/dolar-alta-018-4094-10012020\/\"><img class=\"mask\" src=\"https:\/\/www.suno.com.br\/noticias\/wp-content\/themes\/suno\/resources\/images\/spotlight\/spotlight1img\/bg-mask.png\" alt=\"Image Mask\"\/><img src=\"https:\/\/files.sunoresearch.com.br\/n\/uploads\/2019\/06\/753f7398-dol\u00e1r-400x200.webp\" alt=\"D\u00f3lar encerra em alta de 0,18%, cotado em R$ 4,094\"\/><\/a><span class=\"spotlightCategory\"><a href=\"https:\/\/www.suno.com.br\/noticias\/mercado\/\">Mercado<\/a><\/span><\/div><div class=\"cardsPage__listCard__boxs__content\"><a href=\"https:\/\/www.suno.com.br\/noticias\/dolar-alta-018-4094-10012020\/\"><h2 class=\"content__title\">D\u00f3lar encerra em alta de 0,18%, cotado em R$ 4,094<\/h2><\/a><div class=\"newsContent__article__meta\"><div class=\"newsContent__article__meta__authorBox\"><a href=\"https:\/\/www.suno.com.br\/noticias\/author\/giovanna\/\" class=\"authorBox__avatar noMobi\"><img src=\"https:\/\/files.sunoresearch.com.br\/n\/uploads\/2019\/06\/952a89ca-screenshot_20190608-171507-150x150.webp\" alt=\"Giovanna Oliveira\"><\/a><div class=\"authorBox__name\"><span>por\n\t\t\t<a href=\"https:\/\/www.suno.com.br\/noticias\/author\/giovanna\/\"><span itemprop=\"author\">Giovanna Oliveira<\/span><\/a><\/span><time datetime=\"2020-01-10T18:29:28-03:00\" itemprop=\"datePublished\">10\/01\/2020 18:29<\/time><\/div><\/div><\/div><\/div><\/div>","single_layout":"posts","amp_enabled":true,"_links":{"self":[{"href":"https:\/\/www.suno.com.br\/noticias\/wp-json\/wp\/v2\/posts\/49349"}],"collection":[{"href":"https:\/\/www.suno.com.br\/noticias\/wp-json\/wp\/v2\/posts"}],"about":[{"href":"https:\/\/www.suno.com.br\/noticias\/wp-json\/wp\/v2\/types\/post"}],"author":[{"embeddable":true,"href":"https:\/\/www.suno.com.br\/noticias\/wp-json\/wp\/v2\/users\/18"}],"replies":[{"embeddable":true,"href":"https:\/\/www.suno.com.br\/noticias\/wp-json\/wp\/v2\/comments?post=49349"}],"version-history":[{"count":1,"href":"https:\/\/www.suno.com.br\/noticias\/wp-json\/wp\/v2\/posts\/49349\/revisions"}],"predecessor-version":[{"id":157197,"href":"https:\/\/www.suno.com.br\/noticias\/wp-json\/wp\/v2\/posts\/49349\/revisions\/157197"}],"wp:featuredmedia":[{"embeddable":true,"href":"https:\/\/www.suno.com.br\/noticias\/wp-json\/wp\/v2\/media\/27876"}],"wp:attachment":[{"href":"https:\/\/www.suno.com.br\/noticias\/wp-json\/wp\/v2\/media?parent=49349"}],"wp:term":[{"taxonomy":"category","embeddable":true,"href":"https:\/\/www.suno.com.br\/noticias\/wp-json\/wp\/v2\/categories?post=49349"},{"taxonomy":"post_tag","embeddable":true,"href":"https:\/\/www.suno.com.br\/noticias\/wp-json\/wp\/v2\/tags?post=49349"},{"taxonomy":"suno_strategy","embeddable":true,"href":"https:\/\/www.suno.com.br\/noticias\/wp-json\/wp\/v2\/suno_strategy?post=49349"}],"curies":[{"name":"wp","href":"https:\/\/api.w.org\/{rel}","templated":true}]}}