{"id":492651,"date":"2023-11-29T19:49:55","date_gmt":"2023-11-29T22:49:55","guid":{"rendered":"https:\/\/www.suno.com.br\/noticias\/?p=492651"},"modified":"2023-11-29T19:54:20","modified_gmt":"2023-11-29T22:54:20","slug":"senado-aprova-pl-offshores-fundos-exclusivos-texto-sancao","status":"publish","type":"post","link":"https:\/\/www.suno.com.br\/noticias\/senado-aprova-pl-offshores-fundos-exclusivos-texto-sancao\/","title":{"rendered":"Senado aprova PL das offshores e fundos exclusivos; texto vai \u00e0 san\u00e7\u00e3o"},"content":{"rendered":"<p>O Senado aprovou nesta quarta-feira, 29, em vota\u00e7\u00e3o simb\u00f3lica, o projeto de lei de taxa\u00e7\u00e3o dos <a class=\"suno-keyword\" target=\"_blank\" data-force=\"no\" data-priority=\"1\" href=\"https:\/\/www.suno.com.br\/artigos\/fundos-offshore\/\" rel=\"noopener\">fundos offshore<\/a> e<strong> fundos exclusivos<\/strong>. A proposta \u00e9 priorit\u00e1ria para o Minist\u00e9rio da Fazenda, que v\u00ea no texto uma possibilidade de aumentar a arrecada\u00e7\u00e3o nos pr\u00f3ximos anos e ajudar a zerar o <a class=\"suno-keyword\" target=\"_blank\" data-force=\"no\" data-priority=\"1\" href=\"https:\/\/www.suno.com.br\/artigos\/deficit-primario\/\" rel=\"noopener\">d\u00e9ficit prim\u00e1rio<\/a> da Uni\u00e3o.<\/p>\t<div class=\"wrapper-featured-image\">\n\t\t<figure class=\"spotlightImg\">\n\n\t\t\t<picture>\n\t\t\t\t<source media=\"(max-width: 768px)\" srcset=\"https:\/\/files.sunoresearch.com.br\/n\/uploads\/2022\/01\/15472110202_f32ba4d0d5_o-400x200.jpg\">\n\t\t\t\t<img loading=\"lazy\" decoding=\"async\" class=\"newsContent__article__imgCapa lazyloadDisabled \" src=\"https:\/\/files.sunoresearch.com.br\/n\/uploads\/2022\/01\/15472110202_f32ba4d0d5_o-800x450.jpg\" width=\"800\" height=\"450\" alt=\"Senado aprova PL das offshores e fundos exclusivos; texto vai \u00e0 san\u00e7\u00e3o\" fetchpriority=high \/>\n\t\t\t<\/picture>\n\n\t\t\t<figcaption class=\"wp-caption-text wp-caption-text--show\">Senado: compras internacionais. Foto: Jefferson Rudy\/Ag\u00eancia Senado\n<\/figcaption>\n\t\t<\/figure>\n\t<\/div>\n\n\n\n\n\n\t<p>\n\t\t<a href=\"\" target=\"_blank\" data-element=\"shortcode-suno-banner\" title=\"Banner SUNO, clique e saiba mais\">\n\t\t\t<picture>\n\t\t\t\t<source media=\"(max-width: 500px)\" srcset=\"\">\n\t\t\t\t<img class=\"newsContent__article__imgCapa newsContent__article__imgCapa--banner\"\n\t\t\t\t\tsrc=\"\"\n\t\t\t\t\tdata-promo-id=\"240038\"\t\t\t\t\t\t\t\t\t\t\t\t\t\t\talt=\"\"\n\t\t\t\t>\n\t\t\t<\/picture>\n\t\t<\/a>\n\t<\/p>\n\n\n\n\n\n\n\n<p>Como a <strong>vota\u00e7\u00e3o sobre os fundos exclusivos<\/strong> e offshores foi simb\u00f3lica, n\u00e3o houve registro individual do voto de cada senador. Apenas os senadores Carlos Portinho (PL-RJ), Oriovisto Guimar\u00e3es (Podemos-PR), Soraya Thronicke (Podemos-MS), Jorge Seif (PL-SC), Cleitinho (Republicanos-MG), Magno Malta (PL-ES), Eduardo Gir\u00e3o (Novo-CE) e Damares Alves (Republicanos-DF) se manifestaram contra a proposta.<\/p>\n\n\n\n<p>O <strong>texto sobre os fundos exclusivos<\/strong> foi aprovado sem altera\u00e7\u00f5es significativas em rela\u00e7\u00e3o ao aprovado na C\u00e2mara dos Deputados. Por isso, o projeto segue agora \u00e0 san\u00e7\u00e3o presidencial.<\/p>\n\n\n\n<p>A proposta estabelece uma <strong>al\u00edquota de 15% para os fundos<\/strong> no exterior. Os <a class=\"suno-keyword\" target=\"_blank\" data-force=\"no\" data-priority=\"1\" href=\"https:\/\/www.suno.com.br\/artigos\/fundos-exclusivos\/\" rel=\"noopener\">fundos exclusivos<\/a> de <a class=\"suno-keyword\" target=\"_blank\" data-force=\"no\" data-priority=\"1\" href=\"https:\/\/www.suno.com.br\/artigos\/curto-prazo\/\" rel=\"noopener\">curto prazo<\/a> ter\u00e3o uma al\u00edquota de 20% e os de <a class=\"suno-keyword\" target=\"_blank\" data-force=\"no\" data-priority=\"1\" href=\"https:\/\/www.suno.com.br\/artigos\/longo-prazo\/\" rel=\"noopener\">longo prazo<\/a>, de 15%.<\/p>\n\n\n\n<p>Al\u00e9m disso, no caso dos exclusivos, os parlamentares definiram uma al\u00edquota de 8% para o contribuinte que optar por antecipar o pagamento do Imposto de Renda sobre os rendimentos acumulados dos fundos at\u00e9 31 de dezembro de 2023. O governo havia proposto uma taxa de 10%.<\/p>\n\n\n\n<p>A estimativa inicial do governo era de aumento de cerca de R$ 20 bilh\u00f5es na arrecada\u00e7\u00e3o da Uni\u00e3o no ano que vem. As mudan\u00e7as feitas na C\u00e2mara dos Deputados e <strong>aprovadas pelo Senado<\/strong>, por\u00e9m, devem reduzir essa expectativa.<\/p>\n\n\n\t<p>\n\t\t<a href=\"https:\/\/lp.suno.com.br\/ebook-gratuito-investindo-no-exterior\/\" target=\"_blank\" data-element=\"shortcode-suno-banner\" title=\"Banner SUNO, clique e saiba mais\">\n\t\t\t<picture>\n\t\t\t\t<source media=\"(max-width: 500px)\" srcset=\"https:\/\/files.sunoresearch.com.br\/n\/uploads\/2023\/03\/400x300-Investindo-no-exterior.png\">\n\t\t\t\t<img class=\"newsContent__article__imgCapa newsContent__article__imgCapa--banner\"\n\t\t\t\t\tsrc=\"https:\/\/files.sunoresearch.com.br\/n\/uploads\/2023\/03\/1420x240-Investindo-no-exterior.png\"\n\t\t\t\t\tdata-promo-id=\"383161\"\t\t\t\t\t\t\t\t\t\twidth='1420' height='240'\t\t\t\t\talt=\"https:\/\/files.sunoresearch.com.br\/n\/uploads\/2023\/03\/1420x240-Investindo-no-exterior.png\"\n\t\t\t\t>\n\t\t\t<\/picture>\n\t\t<\/a>\n\t<\/p>\n\n\n\n\n\n<h2 class=\"wp-block-heading\">Fundos: segundo estimativas do governo, h\u00e1 cerca de 2,5 mil brasileiros com recursos em fundos exclusivos,<\/h2>\n\n\n\n<p>A proposta foi aprovada na Comiss\u00e3o de Assuntos Econ\u00f4micos (CAE) do Senado na semana passada em vota\u00e7\u00e3o simb\u00f3lica. Apenas senadores da oposi\u00e7\u00e3o se manifestaram contra a vota\u00e7\u00e3o.<\/p>\n\n\n\n<p>Na vota\u00e7\u00e3o na CAE, o relator, senador Alessandro Vieira (MDB-SE), acatou emendas de reda\u00e7\u00e3o de parlamentares da oposi\u00e7\u00e3o para viabilizar a aprova\u00e7\u00e3o da proposta. As emendas esclarecem o que s\u00e3o considerados como &#8220;bolsas de valores e mercados de balc\u00e3o organizado no Pa\u00eds&#8221;.<\/p>\n\n\n\n<p>Vieira n\u00e3o esteve presente na sess\u00e3o desta quarta, j\u00e1 que viajou para participar da COP-28, em Dubai.<\/p>\n\n\n\n<p>Pela legisla\u00e7\u00e3o atual, os<strong> fundos de alta renda<\/strong>, tanto no exterior quanto no Brasil, s\u00f3 s\u00e3o tributados quando os detentores retiram seus lucros, o chamado &#8220;resgate&#8221;, o que pode levar anos ou nunca acontecer. Com o projeto, esses <a class=\"suno-keyword\" target=\"_blank\" data-force=\"no\" data-priority=\"1\" href=\"https:\/\/www.suno.com.br\/artigos\/fundos-exclusivos\/\" rel=\"noopener\">fundos exclusivos<\/a> passar\u00e3o a ser taxados semestralmente, no sistema chamado de &#8220;come-cotas&#8221;, e os <strong>offshore<\/strong>, uma vez por ano, o que levar\u00e1 a um aumento da arrecada\u00e7\u00e3o federal.<\/p>\n\n\n\n<p>Os <a class=\"suno-keyword\" data-force=\"no\" data-priority=\"1\" href=\"https:\/\/www.suno.com.br\/artigos\/fundos-exclusivos\/\" target=\"_blank\" rel=\"noopener\">fundos exclusivos<\/a> recebem esse nome por serem fechados e terem apenas um cotista, diferentemente dos ativos tradicionais do mercado, abertos a diversos cotistas. Essa modalidade, que prev\u00ea um portf\u00f3lio muito mais personalizado, \u00e9 direcionada a investidores com patrim\u00f4nio elevado.<\/p>\n\n\n\n<p>Segundo estimativas do governo federal, h\u00e1 cerca de 2,5 mil brasileiros com recursos aplicados nos <strong>fundos exclusivos<\/strong>, que acumulam R$ 756,8 bilh\u00f5es e respondem por 12,3% dos fundos no Pa\u00eds. Estima-se que os investidores desse tipo de fundo devam ter patrim\u00f4nio m\u00ednimo de R$ 10 milh\u00f5es, j\u00e1 que os custos de manuten\u00e7\u00e3o podem somar R$ 150 mil por ano. Por isso, esses investimentos s\u00e3o conhecidos como fundos dos super-ricos.<\/p>\n\n\n\n<p><em>Com Estad\u00e3o Conte\u00fado<\/em><\/p>\n\n\n\t<p>\n\t\t<a href=\"https:\/\/lp.suno.com.br\/planilha-da-vida-financeira\/\" target=\"_blank\" data-element=\"shortcode-suno-banner\" title=\"Banner SUNO, clique e saiba mais\">\n\t\t\t<picture>\n\t\t\t\t<source media=\"(max-width: 500px)\" srcset=\"https:\/\/files.sunoresearch.com.br\/n\/uploads\/2023\/04\/400x300-Planilha-vida-financeira-true.png\">\n\t\t\t\t<img class=\"newsContent__article__imgCapa newsContent__article__imgCapa--banner\"\n\t\t\t\t\tsrc=\"https:\/\/files.sunoresearch.com.br\/n\/uploads\/2023\/04\/1420x240-Planilha-vida-financeira-true.png\"\n\t\t\t\t\tdata-promo-id=\"383123\"\t\t\t\t\t\t\t\t\t\twidth='1420' height='240'\t\t\t\t\talt=\"https:\/\/files.sunoresearch.com.br\/n\/uploads\/2023\/04\/1420x240-Planilha-vida-financeira-true.png\"\n\t\t\t\t>\n\t\t\t<\/picture>\n\t\t<\/a>\n\t<\/p>\n\n\n","protected":false},"excerpt":{"rendered":"<p>O Senado aprovou nesta quarta-feira, 29, em vota\u00e7\u00e3o simb\u00f3lica, o projeto de lei de taxa\u00e7\u00e3o dos fundos offshore e fundos exclusivos. A proposta \u00e9 priorit\u00e1ria para o Minist\u00e9rio da Fazenda, que v\u00ea no texto uma possibilidade de aumentar a arrecada\u00e7\u00e3o nos pr\u00f3ximos anos e ajudar a zerar o d\u00e9ficit prim\u00e1rio da Uni\u00e3o. Senado: compras internacionais. [&hellip;]<\/p>\n","protected":false},"author":43,"featured_media":223460,"comment_status":"closed","ping_status":"closed","sticky":false,"template":"","format":"standard","meta":[],"categories":[61],"tags":[1068],"suno_strategy":[],"class_list":["post-492651","post","type-post","status-publish","format-standard","has-post-thumbnail","hentry","category-politica","tag-senado-federal"],"yoast_head":"<!-- This site is optimized with the Yoast SEO plugin v24.4 - https:\/\/yoast.com\/wordpress\/plugins\/seo\/ -->\n<title>Fundos exclusivos e offshores: Senado aprova PL e texto vai \u00e0 san\u00e7\u00e3o<\/title>\n<meta name=\"description\" content=\"O Senado aprovou nesta quarta-feira, 29, em vota\u00e7\u00e3o simb\u00f3lica, o projeto de lei de taxa\u00e7\u00e3o dos fundos offshore e fundos exclusivos.\" \/>\n<meta name=\"robots\" content=\"index, follow, max-snippet:-1, max-image-preview:large, max-video-preview:-1\" \/>\n<link rel=\"canonical\" href=\"https:\/\/www.suno.com.br\/noticias\/senado-aprova-pl-offshores-fundos-exclusivos-texto-sancao\/\" \/>\n<meta property=\"og:locale\" content=\"pt_BR\" \/>\n<meta property=\"og:type\" content=\"article\" \/>\n<meta property=\"og:title\" content=\"Fundos exclusivos e offshores: Senado aprova PL e texto vai \u00e0 san\u00e7\u00e3o\" \/>\n<meta property=\"og:description\" content=\"O Senado aprovou nesta quarta-feira, 29, em vota\u00e7\u00e3o simb\u00f3lica, o projeto de lei de taxa\u00e7\u00e3o dos fundos offshore e fundos exclusivos.\" \/>\n<meta property=\"og:url\" content=\"https:\/\/www.suno.com.br\/noticias\/senado-aprova-pl-offshores-fundos-exclusivos-texto-sancao\/\" \/>\n<meta property=\"og:site_name\" content=\"Suno Not\u00edcias\" \/>\n<meta property=\"article:publisher\" content=\"https:\/\/facebook.com\/sunoresearch\" \/>\n<meta property=\"article:author\" content=\"https:\/\/www.facebook.com\/sunonoticias\/\" \/>\n<meta property=\"og:image\" content=\"https:\/\/files.sunoresearch.com.br\/n\/uploads\/2022\/01\/15472110202_f32ba4d0d5_o-scaled.jpg\" \/>\n\t<meta property=\"og:image:width\" content=\"2560\" \/>\n\t<meta property=\"og:image:height\" content=\"1705\" \/>\n\t<meta property=\"og:image:type\" content=\"image\/jpeg\" \/>\n<meta name=\"author\" content=\"Reda\u00e7\u00e3o Suno Not\u00edcias\" \/>\n<meta name=\"twitter:card\" content=\"summary_large_image\" \/>\n<meta name=\"twitter:creator\" content=\"@https:\/\/twitter.com\/sunoresearch\" \/>\n<meta name=\"twitter:site\" content=\"@sunoresearch\" \/>\n<meta name=\"twitter:label1\" content=\"Escrito por\" \/>\n\t<meta name=\"twitter:data1\" content=\"Reda\u00e7\u00e3o Suno Not\u00edcias\" \/>\n\t<meta name=\"twitter:label2\" content=\"Est. tempo de leitura\" \/>\n\t<meta name=\"twitter:data2\" content=\"3 minutos\" \/>\n<script type=\"application\/ld+json\" class=\"yoast-schema-graph\">{\"@context\":\"https:\/\/schema.org\",\"@graph\":[{\"@type\":\"NewsArticle\",\"@id\":\"https:\/\/www.suno.com.br\/noticias\/senado-aprova-pl-offshores-fundos-exclusivos-texto-sancao\/#article\",\"isPartOf\":{\"@id\":\"https:\/\/www.suno.com.br\/noticias\/senado-aprova-pl-offshores-fundos-exclusivos-texto-sancao\/\"},\"author\":{\"name\":\"Reda\u00e7\u00e3o Suno Not\u00edcias\",\"@id\":\"https:\/\/www.suno.com.br\/noticias\/#\/schema\/person\/c1b1bd3727fa852bd045e9dbff3673ea\"},\"headline\":\"Senado aprova PL das offshores e fundos exclusivos; texto vai \u00e0 san\u00e7\u00e3o\",\"datePublished\":\"2023-11-29T22:49:55+00:00\",\"dateModified\":\"2023-11-29T22:54:20+00:00\",\"mainEntityOfPage\":{\"@id\":\"https:\/\/www.suno.com.br\/noticias\/senado-aprova-pl-offshores-fundos-exclusivos-texto-sancao\/\"},\"wordCount\":589,\"publisher\":{\"@id\":\"https:\/\/www.suno.com.br\/noticias\/#organization\"},\"image\":{\"@id\":\"https:\/\/www.suno.com.br\/noticias\/senado-aprova-pl-offshores-fundos-exclusivos-texto-sancao\/#primaryimage\"},\"thumbnailUrl\":\"https:\/\/files.sunoresearch.com.br\/n\/uploads\/2022\/01\/15472110202_f32ba4d0d5_o-scaled.jpg\",\"keywords\":[\"Senado Federal\"],\"articleSection\":[\"Pol\u00edtica\"],\"inLanguage\":\"pt-BR\"},{\"@type\":\"WebPage\",\"@id\":\"https:\/\/www.suno.com.br\/noticias\/senado-aprova-pl-offshores-fundos-exclusivos-texto-sancao\/\",\"url\":\"https:\/\/www.suno.com.br\/noticias\/senado-aprova-pl-offshores-fundos-exclusivos-texto-sancao\/\",\"name\":\"Fundos exclusivos e offshores: Senado aprova PL e texto vai \u00e0 san\u00e7\u00e3o\",\"isPartOf\":{\"@id\":\"https:\/\/www.suno.com.br\/noticias\/#website\"},\"primaryImageOfPage\":{\"@id\":\"https:\/\/www.suno.com.br\/noticias\/senado-aprova-pl-offshores-fundos-exclusivos-texto-sancao\/#primaryimage\"},\"image\":{\"@id\":\"https:\/\/www.suno.com.br\/noticias\/senado-aprova-pl-offshores-fundos-exclusivos-texto-sancao\/#primaryimage\"},\"thumbnailUrl\":\"https:\/\/files.sunoresearch.com.br\/n\/uploads\/2022\/01\/15472110202_f32ba4d0d5_o-scaled.jpg\",\"datePublished\":\"2023-11-29T22:49:55+00:00\",\"dateModified\":\"2023-11-29T22:54:20+00:00\",\"description\":\"O Senado aprovou nesta quarta-feira, 29, em vota\u00e7\u00e3o simb\u00f3lica, o projeto de lei de taxa\u00e7\u00e3o dos fundos offshore e fundos exclusivos.\",\"breadcrumb\":{\"@id\":\"https:\/\/www.suno.com.br\/noticias\/senado-aprova-pl-offshores-fundos-exclusivos-texto-sancao\/#breadcrumb\"},\"inLanguage\":\"pt-BR\",\"potentialAction\":[{\"@type\":\"ReadAction\",\"target\":[\"https:\/\/www.suno.com.br\/noticias\/senado-aprova-pl-offshores-fundos-exclusivos-texto-sancao\/\"]}]},{\"@type\":\"ImageObject\",\"inLanguage\":\"pt-BR\",\"@id\":\"https:\/\/www.suno.com.br\/noticias\/senado-aprova-pl-offshores-fundos-exclusivos-texto-sancao\/#primaryimage\",\"url\":\"https:\/\/files.sunoresearch.com.br\/n\/uploads\/2022\/01\/15472110202_f32ba4d0d5_o-scaled.jpg\",\"contentUrl\":\"https:\/\/files.sunoresearch.com.br\/n\/uploads\/2022\/01\/15472110202_f32ba4d0d5_o-scaled.jpg\",\"width\":2560,\"height\":1705,\"caption\":\"Senado: compras internacionais. Foto: Jefferson Rudy\/Ag\u00eancia Senado\"},{\"@type\":\"BreadcrumbList\",\"@id\":\"https:\/\/www.suno.com.br\/noticias\/senado-aprova-pl-offshores-fundos-exclusivos-texto-sancao\/#breadcrumb\",\"itemListElement\":[{\"@type\":\"ListItem\",\"position\":1,\"name\":\"Not\u00edcias\",\"item\":\"https:\/\/www.suno.com.br\/noticias\/\"},{\"@type\":\"ListItem\",\"position\":2,\"name\":\"Pol\u00edtica\",\"item\":\"https:\/\/www.suno.com.br\/noticias\/politica\/\"},{\"@type\":\"ListItem\",\"position\":3,\"name\":\"Senado aprova PL das offshores e fundos exclusivos; texto vai \u00e0 san\u00e7\u00e3o\"}]},{\"@type\":\"WebSite\",\"@id\":\"https:\/\/www.suno.com.br\/noticias\/#website\",\"url\":\"https:\/\/www.suno.com.br\/noticias\/\",\"name\":\"Suno Not\u00edcias\",\"description\":\"Seu portal de informa\u00e7\u00e3o sobre o mundo dos investimentos\",\"publisher\":{\"@id\":\"https:\/\/www.suno.com.br\/noticias\/#organization\"},\"potentialAction\":[{\"@type\":\"SearchAction\",\"target\":{\"@type\":\"EntryPoint\",\"urlTemplate\":\"https:\/\/www.suno.com.br\/noticias\/?s={search_term_string}\"},\"query-input\":{\"@type\":\"PropertyValueSpecification\",\"valueRequired\":true,\"valueName\":\"search_term_string\"}}],\"inLanguage\":\"pt-BR\"},{\"@type\":\"Organization\",\"@id\":\"https:\/\/www.suno.com.br\/noticias\/#organization\",\"name\":\"Suno Not\u00edcias\",\"url\":\"https:\/\/www.suno.com.br\/noticias\/\",\"logo\":{\"@type\":\"ImageObject\",\"inLanguage\":\"pt-BR\",\"@id\":\"https:\/\/www.suno.com.br\/noticias\/#\/schema\/logo\/image\/\",\"url\":\"https:\/\/files.sunoresearch.com.br\/n\/uploads\/2021\/09\/suno-logo.png\",\"contentUrl\":\"https:\/\/files.sunoresearch.com.br\/n\/uploads\/2021\/09\/suno-logo.png\",\"width\":180,\"height\":180,\"caption\":\"Suno Not\u00edcias\"},\"image\":{\"@id\":\"https:\/\/www.suno.com.br\/noticias\/#\/schema\/logo\/image\/\"},\"sameAs\":[\"https:\/\/facebook.com\/sunoresearch\",\"https:\/\/x.com\/sunoresearch\",\"https:\/\/www.instagram.com\/suno\",\"https:\/\/www.linkedin.com\/company\/suno-research\/\",\"https:\/\/www.youtube.com\/c\/sunoresearch\"]},{\"@type\":\"Person\",\"@id\":\"https:\/\/www.suno.com.br\/noticias\/#\/schema\/person\/c1b1bd3727fa852bd045e9dbff3673ea\",\"name\":\"Reda\u00e7\u00e3o Suno Not\u00edcias\",\"image\":{\"@type\":\"ImageObject\",\"inLanguage\":\"pt-BR\",\"@id\":\"https:\/\/www.suno.com.br\/noticias\/#\/schema\/person\/image\/\",\"url\":\"https:\/\/secure.gravatar.com\/avatar\/b8104b9b5a71985d5238ee59fbe418af?s=96&r=g\",\"contentUrl\":\"https:\/\/secure.gravatar.com\/avatar\/b8104b9b5a71985d5238ee59fbe418af?s=96&r=g\",\"caption\":\"Reda\u00e7\u00e3o Suno Not\u00edcias\"},\"description\":\"O Suno Not\u00edcias \u00e9 um portal de informa\u00e7\u00f5es sobre Mercado Financeiro, Pol\u00edtica, Neg\u00f3cios, Economia e Finan\u00e7as Pessoais.\",\"sameAs\":[\"https:\/\/www.suno.com.br\/noticias\",\"https:\/\/www.facebook.com\/sunonoticias\/\",\"https:\/\/www.instagram.com\/sunonoticias\/\",\"https:\/\/x.com\/https:\/\/twitter.com\/sunoresearch\",\"https:\/\/www.youtube.com\/sunonoticias\"],\"url\":\"https:\/\/www.suno.com.br\/noticias\/author\/redacao-suno\/\"}]}<\/script>\n<!-- \/ Yoast SEO plugin. -->","yoast_head_json":{"title":"Fundos exclusivos e offshores: Senado aprova PL e texto vai \u00e0 san\u00e7\u00e3o","description":"O Senado aprovou nesta quarta-feira, 29, em vota\u00e7\u00e3o simb\u00f3lica, o projeto de lei de taxa\u00e7\u00e3o dos fundos offshore e fundos exclusivos.","robots":{"index":"index","follow":"follow","max-snippet":"max-snippet:-1","max-image-preview":"max-image-preview:large","max-video-preview":"max-video-preview:-1"},"canonical":"https:\/\/www.suno.com.br\/noticias\/senado-aprova-pl-offshores-fundos-exclusivos-texto-sancao\/","og_locale":"pt_BR","og_type":"article","og_title":"Fundos exclusivos e offshores: Senado aprova PL e texto vai \u00e0 san\u00e7\u00e3o","og_description":"O Senado aprovou nesta quarta-feira, 29, em vota\u00e7\u00e3o simb\u00f3lica, o projeto de lei de taxa\u00e7\u00e3o dos fundos offshore e fundos exclusivos.","og_url":"https:\/\/www.suno.com.br\/noticias\/senado-aprova-pl-offshores-fundos-exclusivos-texto-sancao\/","og_site_name":"Suno Not\u00edcias","article_publisher":"https:\/\/facebook.com\/sunoresearch","article_author":"https:\/\/www.facebook.com\/sunonoticias\/","og_image":[{"width":2560,"height":1705,"url":"https:\/\/files.sunoresearch.com.br\/n\/uploads\/2022\/01\/15472110202_f32ba4d0d5_o-scaled.jpg","type":"image\/jpeg"}],"author":"Reda\u00e7\u00e3o Suno Not\u00edcias","twitter_card":"summary_large_image","twitter_creator":"@https:\/\/twitter.com\/sunoresearch","twitter_site":"@sunoresearch","twitter_misc":{"Escrito por":"Reda\u00e7\u00e3o Suno Not\u00edcias","Est. tempo de leitura":"3 minutos"},"schema":{"@context":"https:\/\/schema.org","@graph":[{"@type":"NewsArticle","@id":"https:\/\/www.suno.com.br\/noticias\/senado-aprova-pl-offshores-fundos-exclusivos-texto-sancao\/#article","isPartOf":{"@id":"https:\/\/www.suno.com.br\/noticias\/senado-aprova-pl-offshores-fundos-exclusivos-texto-sancao\/"},"author":{"name":"Reda\u00e7\u00e3o Suno Not\u00edcias","@id":"https:\/\/www.suno.com.br\/noticias\/#\/schema\/person\/c1b1bd3727fa852bd045e9dbff3673ea"},"headline":"Senado aprova PL das offshores e fundos exclusivos; texto vai \u00e0 san\u00e7\u00e3o","datePublished":"2023-11-29T22:49:55+00:00","dateModified":"2023-11-29T22:54:20+00:00","mainEntityOfPage":{"@id":"https:\/\/www.suno.com.br\/noticias\/senado-aprova-pl-offshores-fundos-exclusivos-texto-sancao\/"},"wordCount":589,"publisher":{"@id":"https:\/\/www.suno.com.br\/noticias\/#organization"},"image":{"@id":"https:\/\/www.suno.com.br\/noticias\/senado-aprova-pl-offshores-fundos-exclusivos-texto-sancao\/#primaryimage"},"thumbnailUrl":"https:\/\/files.sunoresearch.com.br\/n\/uploads\/2022\/01\/15472110202_f32ba4d0d5_o-scaled.jpg","keywords":["Senado Federal"],"articleSection":["Pol\u00edtica"],"inLanguage":"pt-BR"},{"@type":"WebPage","@id":"https:\/\/www.suno.com.br\/noticias\/senado-aprova-pl-offshores-fundos-exclusivos-texto-sancao\/","url":"https:\/\/www.suno.com.br\/noticias\/senado-aprova-pl-offshores-fundos-exclusivos-texto-sancao\/","name":"Fundos exclusivos e offshores: Senado aprova PL e texto vai \u00e0 san\u00e7\u00e3o","isPartOf":{"@id":"https:\/\/www.suno.com.br\/noticias\/#website"},"primaryImageOfPage":{"@id":"https:\/\/www.suno.com.br\/noticias\/senado-aprova-pl-offshores-fundos-exclusivos-texto-sancao\/#primaryimage"},"image":{"@id":"https:\/\/www.suno.com.br\/noticias\/senado-aprova-pl-offshores-fundos-exclusivos-texto-sancao\/#primaryimage"},"thumbnailUrl":"https:\/\/files.sunoresearch.com.br\/n\/uploads\/2022\/01\/15472110202_f32ba4d0d5_o-scaled.jpg","datePublished":"2023-11-29T22:49:55+00:00","dateModified":"2023-11-29T22:54:20+00:00","description":"O Senado aprovou nesta quarta-feira, 29, em vota\u00e7\u00e3o simb\u00f3lica, o projeto de lei de taxa\u00e7\u00e3o dos fundos offshore e fundos exclusivos.","breadcrumb":{"@id":"https:\/\/www.suno.com.br\/noticias\/senado-aprova-pl-offshores-fundos-exclusivos-texto-sancao\/#breadcrumb"},"inLanguage":"pt-BR","potentialAction":[{"@type":"ReadAction","target":["https:\/\/www.suno.com.br\/noticias\/senado-aprova-pl-offshores-fundos-exclusivos-texto-sancao\/"]}]},{"@type":"ImageObject","inLanguage":"pt-BR","@id":"https:\/\/www.suno.com.br\/noticias\/senado-aprova-pl-offshores-fundos-exclusivos-texto-sancao\/#primaryimage","url":"https:\/\/files.sunoresearch.com.br\/n\/uploads\/2022\/01\/15472110202_f32ba4d0d5_o-scaled.jpg","contentUrl":"https:\/\/files.sunoresearch.com.br\/n\/uploads\/2022\/01\/15472110202_f32ba4d0d5_o-scaled.jpg","width":2560,"height":1705,"caption":"Senado: compras internacionais. Foto: Jefferson Rudy\/Ag\u00eancia Senado"},{"@type":"BreadcrumbList","@id":"https:\/\/www.suno.com.br\/noticias\/senado-aprova-pl-offshores-fundos-exclusivos-texto-sancao\/#breadcrumb","itemListElement":[{"@type":"ListItem","position":1,"name":"Not\u00edcias","item":"https:\/\/www.suno.com.br\/noticias\/"},{"@type":"ListItem","position":2,"name":"Pol\u00edtica","item":"https:\/\/www.suno.com.br\/noticias\/politica\/"},{"@type":"ListItem","position":3,"name":"Senado aprova PL das offshores e fundos exclusivos; texto vai \u00e0 san\u00e7\u00e3o"}]},{"@type":"WebSite","@id":"https:\/\/www.suno.com.br\/noticias\/#website","url":"https:\/\/www.suno.com.br\/noticias\/","name":"Suno Not\u00edcias","description":"Seu portal de informa\u00e7\u00e3o sobre o mundo dos investimentos","publisher":{"@id":"https:\/\/www.suno.com.br\/noticias\/#organization"},"potentialAction":[{"@type":"SearchAction","target":{"@type":"EntryPoint","urlTemplate":"https:\/\/www.suno.com.br\/noticias\/?s={search_term_string}"},"query-input":{"@type":"PropertyValueSpecification","valueRequired":true,"valueName":"search_term_string"}}],"inLanguage":"pt-BR"},{"@type":"Organization","@id":"https:\/\/www.suno.com.br\/noticias\/#organization","name":"Suno Not\u00edcias","url":"https:\/\/www.suno.com.br\/noticias\/","logo":{"@type":"ImageObject","inLanguage":"pt-BR","@id":"https:\/\/www.suno.com.br\/noticias\/#\/schema\/logo\/image\/","url":"https:\/\/files.sunoresearch.com.br\/n\/uploads\/2021\/09\/suno-logo.png","contentUrl":"https:\/\/files.sunoresearch.com.br\/n\/uploads\/2021\/09\/suno-logo.png","width":180,"height":180,"caption":"Suno Not\u00edcias"},"image":{"@id":"https:\/\/www.suno.com.br\/noticias\/#\/schema\/logo\/image\/"},"sameAs":["https:\/\/facebook.com\/sunoresearch","https:\/\/x.com\/sunoresearch","https:\/\/www.instagram.com\/suno","https:\/\/www.linkedin.com\/company\/suno-research\/","https:\/\/www.youtube.com\/c\/sunoresearch"]},{"@type":"Person","@id":"https:\/\/www.suno.com.br\/noticias\/#\/schema\/person\/c1b1bd3727fa852bd045e9dbff3673ea","name":"Reda\u00e7\u00e3o Suno Not\u00edcias","image":{"@type":"ImageObject","inLanguage":"pt-BR","@id":"https:\/\/www.suno.com.br\/noticias\/#\/schema\/person\/image\/","url":"https:\/\/secure.gravatar.com\/avatar\/b8104b9b5a71985d5238ee59fbe418af?s=96&r=g","contentUrl":"https:\/\/secure.gravatar.com\/avatar\/b8104b9b5a71985d5238ee59fbe418af?s=96&r=g","caption":"Reda\u00e7\u00e3o Suno Not\u00edcias"},"description":"O Suno Not\u00edcias \u00e9 um portal de informa\u00e7\u00f5es sobre Mercado Financeiro, Pol\u00edtica, Neg\u00f3cios, Economia e Finan\u00e7as Pessoais.","sameAs":["https:\/\/www.suno.com.br\/noticias","https:\/\/www.facebook.com\/sunonoticias\/","https:\/\/www.instagram.com\/sunonoticias\/","https:\/\/x.com\/https:\/\/twitter.com\/sunoresearch","https:\/\/www.youtube.com\/sunonoticias"],"url":"https:\/\/www.suno.com.br\/noticias\/author\/redacao-suno\/"}]}},"default_loop_html":"<div class=\"cardsPage__listCard__boxs\"><div class=\"cardsPage__listCard__boxs__img\"><a href=\"https:\/\/www.suno.com.br\/noticias\/senado-aprova-pl-offshores-fundos-exclusivos-texto-sancao\/\"><img class=\"mask\" src=\"https:\/\/www.suno.com.br\/noticias\/wp-content\/themes\/suno\/resources\/images\/spotlight\/spotlight1img\/bg-mask.png\" alt=\"Image Mask\"\/><img src=\"https:\/\/files.sunoresearch.com.br\/n\/uploads\/2022\/01\/15472110202_f32ba4d0d5_o-400x200.jpg\" alt=\"Senado aprova PL das offshores e fundos exclusivos; texto vai \u00e0 san\u00e7\u00e3o\"\/><\/a><span class=\"spotlightCategory\"><a href=\"https:\/\/www.suno.com.br\/noticias\/politica\/\">Pol\u00edtica<\/a><\/span><\/div><div class=\"cardsPage__listCard__boxs__content\"><a href=\"https:\/\/www.suno.com.br\/noticias\/senado-aprova-pl-offshores-fundos-exclusivos-texto-sancao\/\"><h2 class=\"content__title\">Senado aprova PL das offshores e fundos exclusivos; texto vai \u00e0 san\u00e7\u00e3o<\/h2><\/a><div class=\"newsContent__article__meta\"><div class=\"newsContent__article__meta__authorBox\"><a href=\"https:\/\/www.suno.com.br\/noticias\/author\/redacao-suno\/\" class=\"authorBox__avatar noMobi\"><img src=\"https:\/\/files.sunoresearch.com.br\/n\/uploads\/2020\/08\/0ace682d-redacao-1-150x150.webp\" alt=\"Reda\u00e7\u00e3o Suno Not\u00edcias\"><\/a><div class=\"authorBox__name\"><span>por\n\t\t\t<a href=\"https:\/\/www.suno.com.br\/noticias\/author\/redacao-suno\/\"><span itemprop=\"author\">Reda\u00e7\u00e3o Suno Not\u00edcias<\/span><\/a><\/span><time datetime=\"2023-11-29T19:49:55-03:00\" itemprop=\"datePublished\">29\/11\/2023 19:49<\/time><\/div><\/div><\/div><\/div><\/div>","single_layout":"posts","amp_enabled":true,"_links":{"self":[{"href":"https:\/\/www.suno.com.br\/noticias\/wp-json\/wp\/v2\/posts\/492651"}],"collection":[{"href":"https:\/\/www.suno.com.br\/noticias\/wp-json\/wp\/v2\/posts"}],"about":[{"href":"https:\/\/www.suno.com.br\/noticias\/wp-json\/wp\/v2\/types\/post"}],"author":[{"embeddable":true,"href":"https:\/\/www.suno.com.br\/noticias\/wp-json\/wp\/v2\/users\/43"}],"replies":[{"embeddable":true,"href":"https:\/\/www.suno.com.br\/noticias\/wp-json\/wp\/v2\/comments?post=492651"}],"version-history":[{"count":2,"href":"https:\/\/www.suno.com.br\/noticias\/wp-json\/wp\/v2\/posts\/492651\/revisions"}],"predecessor-version":[{"id":492759,"href":"https:\/\/www.suno.com.br\/noticias\/wp-json\/wp\/v2\/posts\/492651\/revisions\/492759"}],"wp:featuredmedia":[{"embeddable":true,"href":"https:\/\/www.suno.com.br\/noticias\/wp-json\/wp\/v2\/media\/223460"}],"wp:attachment":[{"href":"https:\/\/www.suno.com.br\/noticias\/wp-json\/wp\/v2\/media?parent=492651"}],"wp:term":[{"taxonomy":"category","embeddable":true,"href":"https:\/\/www.suno.com.br\/noticias\/wp-json\/wp\/v2\/categories?post=492651"},{"taxonomy":"post_tag","embeddable":true,"href":"https:\/\/www.suno.com.br\/noticias\/wp-json\/wp\/v2\/tags?post=492651"},{"taxonomy":"suno_strategy","embeddable":true,"href":"https:\/\/www.suno.com.br\/noticias\/wp-json\/wp\/v2\/suno_strategy?post=492651"}],"curies":[{"name":"wp","href":"https:\/\/api.w.org\/{rel}","templated":true}]}}