{"id":49254,"date":"2020-01-25T08:00:14","date_gmt":"2020-01-25T10:00:14","guid":{"rendered":"https:\/\/www.suno.com.br\/noticias\/?p=49254"},"modified":"2021-02-18T15:24:59","modified_gmt":"2021-02-18T18:24:59","slug":"financas-pessoais-como-organizar","status":"publish","type":"post","link":"https:\/\/www.suno.com.br\/noticias\/financas-pessoais-como-organizar\/","title":{"rendered":"Finan\u00e7as pessoais: Como organizar as contas do in\u00edcio de ano"},"content":{"rendered":"<p>Ap\u00f3s o per\u00edodo de f\u00e9rias, muitos complicam suas <strong>finan\u00e7as pessoais<\/strong> logo no in\u00edcio do ano por conta das diversas contas &#8220;extras&#8221; do per\u00edodo entre janeiro e fevereiro. Faturas das viagens, o material escolar, o IPTU e o IPVA s\u00e3o alguns dos fatores que tiram o sono de muitos brasileiros todos os anos.<\/p>\t<div class=\"wrapper-featured-image\">\n\t\t<figure class=\"spotlightImg\">\n\n\t\t\t<picture>\n\t\t\t\t<source media=\"(max-width: 768px)\" srcset=\"https:\/\/files.sunoresearch.com.br\/n\/uploads\/2020\/01\/a949f24c-contas-400x200.webp\">\n\t\t\t\t<img loading=\"lazy\" decoding=\"async\" class=\"newsContent__article__imgCapa lazyloadDisabled newsContent__article__imgCapa--noCaption\" src=\"https:\/\/files.sunoresearch.com.br\/n\/uploads\/2020\/01\/a949f24c-contas-800x450.webp\" width=\"800\" height=\"450\" alt=\"Finan\u00e7as pessoais: Como organizar as contas do in\u00edcio de ano\" fetchpriority=high \/>\n\t\t\t<\/picture>\n\n\t\t\t<figcaption class=\"wp-caption-text wp-caption-text--hide\">contas<\/figcaption>\n\t\t<\/figure>\n\t<\/div>\n\n\n\n<p>Por isso, o <strong>Suno Not\u00edcias<\/strong> falou com especialistas sobre planejamento financeiro para reunir dicas de como se organizar logo de in\u00edcio e n\u00e3o passar aperto nos meses seguintes. Veja as recomenda\u00e7\u00f5es:<\/p>\n<p>Segundo Luciana Ikedo, assessora de investimentos, o primeiro passo para ter um bolso saud\u00e1vel, durante todo o ano, \u00e9 conhecer os seus n\u00fameros. &#8220;Planilhe todas as suas despesas e saiba exatamente o quanto ganha. Os principais erros das pessoas est\u00e3o na falta de conhecimento de si e das pr\u00f3prias <strong>finan\u00e7as<\/strong>, deixando de fora do or\u00e7amento despesas importantes que acontecer\u00e3o. Outro erro, o maior de todos, \u00e9 n\u00e3o ter um or\u00e7amento e ir gastando conforme a vida vai acontecendo&#8221;, indica a especialista.<\/p>\n<p>De acordo com uma pesquisa sobre endividamento da<strong> Confedera\u00e7\u00e3o Nacional do Com\u00e9rcio de Bens (CNC)<\/strong>, o percentual de fam\u00edlias endividadas em dezembro chegou a 65,6%. Esse n\u00famero engloba d\u00edvidas em diversas modalidades, como:<\/p>\n<ul>\n<li>cart\u00e3o de cr\u00e9dito;<\/li>\n<li>cheque especial pr\u00e9-datado;<\/li>\n<li>cr\u00e9dito consignado;<\/li>\n<li>cr\u00e9dito pessoal;<\/li>\n<li>carn\u00ea da loja;<\/li>\n<li>presta\u00e7\u00e3o de carro;<\/li>\n<li>presta\u00e7\u00e3o da casa;<\/li>\n<\/ul>\n<p>A pesquisa diz que o n\u00famero de fam\u00edlias com contas atrasadas diminuiu em dezembro do ano passado, em rela\u00e7\u00e3o ao m\u00eas de novembro, saindo de 24,7% para 24,5%. Entretanto, na compara\u00e7\u00e3o anual, houve um aumento significativo de 22,8% de fam\u00edlias <strong>inadimplentes<\/strong>.<\/p>\n\t<p>\n\t\t<a href=\"https:\/\/lp.suno.com.br\/planilha-controle-gastos\/\" target=\"_blank\" data-element=\"shortcode-suno-banner\" title=\"Banner SUNO, clique e saiba mais\">\n\t\t\t<picture>\n\t\t\t\t<source media=\"(max-width: 500px)\" srcset=\"https:\/\/files.sunoresearch.com.br\/n\/uploads\/2023\/03\/400x300-Planilha-controle-de-gastos.png\">\n\t\t\t\t<img class=\"newsContent__article__imgCapa newsContent__article__imgCapa--banner\"\n\t\t\t\t\tsrc=\"https:\/\/files.sunoresearch.com.br\/n\/uploads\/2023\/03\/1420x240-Planilha-controle-de-gastos.png\"\n\t\t\t\t\tdata-promo-id=\"101751\"\t\t\t\t\t\t\t\t\t\twidth='1420' height='240'\t\t\t\t\talt=\"https:\/\/files.sunoresearch.com.br\/n\/uploads\/2023\/03\/1420x240-Planilha-controle-de-gastos.png\"\n\t\t\t\t>\n\t\t\t<\/picture>\n\t\t<\/a>\n\t<\/p>\n\n\n<p>Luciana destaca que decidir antecipadamente o quanto voc\u00ea quer destinar para cada \u00e1rea, como lazer, educa\u00e7\u00e3o, moradia, f\u00e9rias, sa\u00fade, alimenta\u00e7\u00e3o dentro e fora de casa, \u00e9 algo fundamental. Al\u00e9m disso, \u00e9 de suma import\u00e2ncia controlar para se manter dentro do or\u00e7ado, acompanhando as <strong>despesas<\/strong> m\u00eas a m\u00eas.<\/p>\n<p>Sobre as despesas fixas de in\u00edcio de ano, como \u00e9 o caso do IPTU e do IPVA, Luciana afirma que elas s\u00e3o pontuais, mas recorrentes. Por isso, \u00e9 poss\u00edvel sempre estar programado para elas. &#8220;Algumas despesas s\u00e3o pontuais mas recorrentes. No pr\u00f3ximo ano voc\u00ea ter\u00e1 novamente o IPTU, o IPVA, a matr\u00edcula do col\u00e9gio, a compra de material escolar e por a\u00ed vai. Assim, j\u00e1 considere come\u00e7ar uma provis\u00e3o para o pagamento dessas despesas olhando para 2021, pois elas chegar\u00e3o novamente s\u00f3 que voc\u00ea estar\u00e1 preparado para recebe-las&#8221;, orienta.<\/p>\n<p>O professor de economia da ESPM Adriano Gomes considera que, em casos de gastos recorrentes, pontuais e certos, o ideal \u00e9, ao longo do ano, realizar uma poupan\u00e7a para este fim espec\u00edfico.<\/p>\n<p>&#8220;Por exemplo: uma fam\u00edlia tem IPVA de R$ 1.500, IPTU de R$ 2.000, matr\u00edcula de R$ 800, material de R$ 400 e cart\u00e3o de cr\u00e9dito de R$ 1.300. No total, d\u00e1 R$ 6.000, um valor bastante elevado. Mas, se poupar R$ 500 mensais durante 12 meses, numa poupan\u00e7a espec\u00edfica, ter\u00e1 em janeiro o valor necess\u00e1rio para pagar \u00e0 vista e sem sobressaltos&#8221;, explicou.<\/p>\n<p><a href=\"https:\/\/www.suno.com.br\/noticias\/confira-dicas-evitar-volatilidade-bolsa-de-valores\/\">Veja tamb\u00e9m: Confira dicas de como evitar a volatilidade na Bolsa de Valores<\/a><\/p>\n<p>Segundo o especialista em controladoria em finan\u00e7as, o mesmo racioc\u00ednio vale para impostos. &#8220;O IPVA pode ser pago em 3 parcelas mensais sem o desconto que atualmente \u00e9 de 3%. O IPTU, dependendo da cidade, pode oferecer um bom desconto \u00e0 vista. Se poss\u00edvel, aproveite os descontos. Caso contr\u00e1rio, pague parceladamente&#8221;, analisou Gomes.<\/p>\n<p>O professor de Finan\u00e7as do Ibmec-SP George Sales afirma que um dos principais erros das pessoas no in\u00edcio do ano, na verdade, vem do ano anterior. &#8220;Mais precisamente, nos meses de novembro e dezembro, quando o 13\u00ba sal\u00e1rio n\u00e3o \u00e9 reservado para as grandes despesas de in\u00edcio de ano, como o IPTU, IPVA, matr\u00edcula do col\u00e9gio, material escolar, entre outros grandes encargos.Outro erro \u00e9 n\u00e3o fazer negocia\u00e7\u00e3o, ou pelo menos, observar quais s\u00e3o os descontos ou n\u00e3o em rela\u00e7\u00e3o aos pagamentos desses encargos de forma antecipada&#8221;, explica o especialista.<\/p>\n<h2>Organiza\u00e7\u00e3o nos investimentos<\/h2>\n<p>Os especialistas tamb\u00e9m recomendam que as pessoas que querem investir coloquem seus <a href=\"https:\/\/www.youtube.com\/channel\/UCWDeEIDAIi_oYKDiqwfGyRg\"><strong>investimentos<\/strong><\/a> dentro de um or\u00e7amento, e n\u00e3o s\u00f3 as contas. &#8220;Ou seja, decida antecipadamente o quanto deseja investir e assim que receber a sua renda fa\u00e7a imediatamente as suas aplica\u00e7\u00f5es financeiras. N\u00e3o espere o final do m\u00eas e a sobra, porque o dinheiro pode n\u00e3o existir&#8221;, diz Luciana.<\/p>\n<p>A sa\u00fade das finan\u00e7as pessoais das fam\u00edlias \u00e9 tamb\u00e9m uma das \u00e1reas de atua\u00e7\u00e3o do Banco Central. A institui\u00e7\u00e3o tem programas voltados \u00e0 educa\u00e7\u00e3o financeira. Para os especialistas do BC, se organizar bem financeiramente n\u00e3o significa restringir gastos e deixar de comprar. &#8220;N\u00e3o se trata de fazer menos de tudo, mas sim fazer mais daquilo que \u00e9 mais relevante, mais importante, que traz mais benef\u00edcio para o indiv\u00edduo e a fam\u00edlia, para sua realidade, seus anseios&#8221;, diz o texto sobre o assunto da autoridade monet\u00e1ria.<\/p>\n<p>A orienta\u00e7\u00e3o geral dos profissionais do BC, assim como os especialistas em finan\u00e7as pessoais, \u00e9 de que \u00e9 necess\u00e1rio refletir sobre os gastos e avaliar se eles realmente\u00a0 trazem benef\u00edcio. Para o BC,algumas dicas\u00a0 s\u00e3o v\u00e1lidas para o ano inteiro:<\/p>\n<ul>\n<li>Mude seus h\u00e1bitos, para consumir mais e melhor;<\/li>\n<li>Tenha disciplina e compromisso. Ao controlar seus impulsos de consumo, o maior benefici\u00e1rio ser\u00e1 voc\u00ea mesmo;<\/li>\n<li>Poupe todo m\u00eas, mesmo que seja um valor pequeno. Se voc\u00ea consegue pagar presta\u00e7\u00e3o de contas, tamb\u00e9m consegue poupar para n\u00e3o desequilibrar suas <strong>finan\u00e7as pessoais<\/strong>.<\/li>\n<\/ul>\n\n","protected":false},"excerpt":{"rendered":"<p>Ap\u00f3s o per\u00edodo de f\u00e9rias, muitos complicam suas finan\u00e7as pessoais logo no in\u00edcio do ano por conta das diversas contas &#8220;extras&#8221; do per\u00edodo entre janeiro e fevereiro. Faturas das viagens, o material escolar, o IPTU e o IPVA s\u00e3o alguns dos fatores que tiram o sono de muitos brasileiros todos os anos. contas Por isso, [&hellip;]<\/p>\n","protected":false},"author":19,"featured_media":49293,"comment_status":"closed","ping_status":"closed","sticky":false,"template":"","format":"standard","meta":[],"categories":[65],"tags":[],"suno_strategy":[],"class_list":["post-49254","post","type-post","status-publish","format-standard","has-post-thumbnail","hentry","category-financas-pessoais"],"yoast_head":"<!-- This site is optimized with the Yoast SEO plugin v24.4 - https:\/\/yoast.com\/wordpress\/plugins\/seo\/ -->\n<title>Finan\u00e7as pessoais: Como organizar as contas do inicio de ano<\/title>\n<meta name=\"description\" content=\"Especialistas d\u00e3o dicas para organizar as finan\u00e7as pessoais com as contas de in\u00edcio de ano. Veja mais sobre finan\u00e7as pessoais\" \/>\n<meta name=\"robots\" content=\"index, follow, max-snippet:-1, max-image-preview:large, max-video-preview:-1\" \/>\n<link rel=\"canonical\" href=\"https:\/\/www.suno.com.br\/noticias\/financas-pessoais-como-organizar\/\" \/>\n<meta property=\"og:locale\" content=\"pt_BR\" \/>\n<meta property=\"og:type\" content=\"article\" \/>\n<meta property=\"og:title\" content=\"Finan\u00e7as pessoais: Como organizar as contas do inicio de ano\" \/>\n<meta property=\"og:description\" content=\"Especialistas d\u00e3o dicas para organizar as finan\u00e7as pessoais com as contas de in\u00edcio de ano. Veja mais sobre finan\u00e7as pessoais\" \/>\n<meta property=\"og:url\" content=\"https:\/\/www.suno.com.br\/noticias\/financas-pessoais-como-organizar\/\" \/>\n<meta property=\"og:site_name\" content=\"Suno Not\u00edcias\" \/>\n<meta property=\"article:publisher\" content=\"https:\/\/facebook.com\/sunoresearch\" \/>\n<meta property=\"og:image\" content=\"https:\/\/files.sunoresearch.com.br\/n\/uploads\/2020\/01\/a949f24c-contas.jpg\" \/>\n\t<meta property=\"og:image:width\" content=\"1920\" \/>\n\t<meta property=\"og:image:height\" content=\"1281\" \/>\n\t<meta property=\"og:image:type\" content=\"image\/jpeg\" \/>\n<meta name=\"author\" content=\"Juliano Passaro\" \/>\n<meta name=\"twitter:card\" content=\"summary_large_image\" \/>\n<meta name=\"twitter:creator\" content=\"@sunoresearch\" \/>\n<meta name=\"twitter:site\" content=\"@sunoresearch\" \/>\n<meta name=\"twitter:label1\" content=\"Escrito por\" \/>\n\t<meta name=\"twitter:data1\" content=\"Juliano Passaro\" \/>\n\t<meta name=\"twitter:label2\" content=\"Est. tempo de leitura\" \/>\n\t<meta name=\"twitter:data2\" content=\"5 minutos\" \/>\n<script type=\"application\/ld+json\" class=\"yoast-schema-graph\">{\"@context\":\"https:\/\/schema.org\",\"@graph\":[{\"@type\":\"NewsArticle\",\"@id\":\"https:\/\/www.suno.com.br\/noticias\/financas-pessoais-como-organizar\/#article\",\"isPartOf\":{\"@id\":\"https:\/\/www.suno.com.br\/noticias\/financas-pessoais-como-organizar\/\"},\"author\":{\"name\":\"Juliano Passaro\",\"@id\":\"https:\/\/www.suno.com.br\/noticias\/#\/schema\/person\/1db762f78ffd8919a648a63e425953e3\"},\"headline\":\"Finan\u00e7as pessoais: Como organizar as contas do in\u00edcio de ano\",\"datePublished\":\"2020-01-25T10:00:14+00:00\",\"dateModified\":\"2021-02-18T18:24:59+00:00\",\"mainEntityOfPage\":{\"@id\":\"https:\/\/www.suno.com.br\/noticias\/financas-pessoais-como-organizar\/\"},\"wordCount\":990,\"publisher\":{\"@id\":\"https:\/\/www.suno.com.br\/noticias\/#organization\"},\"image\":{\"@id\":\"https:\/\/www.suno.com.br\/noticias\/financas-pessoais-como-organizar\/#primaryimage\"},\"thumbnailUrl\":\"https:\/\/files.sunoresearch.com.br\/n\/uploads\/2020\/01\/a949f24c-contas-jpg.webp\",\"articleSection\":[\"Finan\u00e7as Pessoais\"],\"inLanguage\":\"pt-BR\"},{\"@type\":\"WebPage\",\"@id\":\"https:\/\/www.suno.com.br\/noticias\/financas-pessoais-como-organizar\/\",\"url\":\"https:\/\/www.suno.com.br\/noticias\/financas-pessoais-como-organizar\/\",\"name\":\"Finan\u00e7as pessoais: Como organizar as contas do inicio de ano\",\"isPartOf\":{\"@id\":\"https:\/\/www.suno.com.br\/noticias\/#website\"},\"primaryImageOfPage\":{\"@id\":\"https:\/\/www.suno.com.br\/noticias\/financas-pessoais-como-organizar\/#primaryimage\"},\"image\":{\"@id\":\"https:\/\/www.suno.com.br\/noticias\/financas-pessoais-como-organizar\/#primaryimage\"},\"thumbnailUrl\":\"https:\/\/files.sunoresearch.com.br\/n\/uploads\/2020\/01\/a949f24c-contas-jpg.webp\",\"datePublished\":\"2020-01-25T10:00:14+00:00\",\"dateModified\":\"2021-02-18T18:24:59+00:00\",\"description\":\"Especialistas d\u00e3o dicas para organizar as finan\u00e7as pessoais com as contas de in\u00edcio de ano. Veja mais sobre finan\u00e7as pessoais\",\"breadcrumb\":{\"@id\":\"https:\/\/www.suno.com.br\/noticias\/financas-pessoais-como-organizar\/#breadcrumb\"},\"inLanguage\":\"pt-BR\",\"potentialAction\":[{\"@type\":\"ReadAction\",\"target\":[\"https:\/\/www.suno.com.br\/noticias\/financas-pessoais-como-organizar\/\"]}]},{\"@type\":\"ImageObject\",\"inLanguage\":\"pt-BR\",\"@id\":\"https:\/\/www.suno.com.br\/noticias\/financas-pessoais-como-organizar\/#primaryimage\",\"url\":\"https:\/\/files.sunoresearch.com.br\/n\/uploads\/2020\/01\/a949f24c-contas-jpg.webp\",\"contentUrl\":\"https:\/\/files.sunoresearch.com.br\/n\/uploads\/2020\/01\/a949f24c-contas-jpg.webp\",\"width\":1920,\"height\":1281,\"caption\":\"contas\"},{\"@type\":\"BreadcrumbList\",\"@id\":\"https:\/\/www.suno.com.br\/noticias\/financas-pessoais-como-organizar\/#breadcrumb\",\"itemListElement\":[{\"@type\":\"ListItem\",\"position\":1,\"name\":\"Not\u00edcias\",\"item\":\"https:\/\/www.suno.com.br\/noticias\/\"},{\"@type\":\"ListItem\",\"position\":2,\"name\":\"Finan\u00e7as Pessoais\",\"item\":\"https:\/\/www.suno.com.br\/noticias\/financas-pessoais\/\"},{\"@type\":\"ListItem\",\"position\":3,\"name\":\"Finan\u00e7as pessoais: Como organizar as contas do in\u00edcio de ano\"}]},{\"@type\":\"WebSite\",\"@id\":\"https:\/\/www.suno.com.br\/noticias\/#website\",\"url\":\"https:\/\/www.suno.com.br\/noticias\/\",\"name\":\"Suno Not\u00edcias\",\"description\":\"Seu portal de informa\u00e7\u00e3o sobre o mundo dos investimentos\",\"publisher\":{\"@id\":\"https:\/\/www.suno.com.br\/noticias\/#organization\"},\"potentialAction\":[{\"@type\":\"SearchAction\",\"target\":{\"@type\":\"EntryPoint\",\"urlTemplate\":\"https:\/\/www.suno.com.br\/noticias\/?s={search_term_string}\"},\"query-input\":{\"@type\":\"PropertyValueSpecification\",\"valueRequired\":true,\"valueName\":\"search_term_string\"}}],\"inLanguage\":\"pt-BR\"},{\"@type\":\"Organization\",\"@id\":\"https:\/\/www.suno.com.br\/noticias\/#organization\",\"name\":\"Suno Not\u00edcias\",\"url\":\"https:\/\/www.suno.com.br\/noticias\/\",\"logo\":{\"@type\":\"ImageObject\",\"inLanguage\":\"pt-BR\",\"@id\":\"https:\/\/www.suno.com.br\/noticias\/#\/schema\/logo\/image\/\",\"url\":\"https:\/\/files.sunoresearch.com.br\/n\/uploads\/2021\/09\/suno-logo.png\",\"contentUrl\":\"https:\/\/files.sunoresearch.com.br\/n\/uploads\/2021\/09\/suno-logo.png\",\"width\":180,\"height\":180,\"caption\":\"Suno Not\u00edcias\"},\"image\":{\"@id\":\"https:\/\/www.suno.com.br\/noticias\/#\/schema\/logo\/image\/\"},\"sameAs\":[\"https:\/\/facebook.com\/sunoresearch\",\"https:\/\/x.com\/sunoresearch\",\"https:\/\/www.instagram.com\/suno\",\"https:\/\/www.linkedin.com\/company\/suno-research\/\",\"https:\/\/www.youtube.com\/c\/sunoresearch\"]},{\"@type\":\"Person\",\"@id\":\"https:\/\/www.suno.com.br\/noticias\/#\/schema\/person\/1db762f78ffd8919a648a63e425953e3\",\"name\":\"Juliano Passaro\",\"image\":{\"@type\":\"ImageObject\",\"inLanguage\":\"pt-BR\",\"@id\":\"https:\/\/www.suno.com.br\/noticias\/#\/schema\/person\/image\/\",\"url\":\"https:\/\/secure.gravatar.com\/avatar\/743d4df28eebf6dcc46b4ad03c319e92?s=96&r=g\",\"contentUrl\":\"https:\/\/secure.gravatar.com\/avatar\/743d4df28eebf6dcc46b4ad03c319e92?s=96&r=g\",\"caption\":\"Juliano Passaro\"},\"description\":\"Juliano Passaro escreve sobre pol\u00edtica, economia e neg\u00f3cios para o portal da Suno Research. Antes da Suno, trabalhou no Portal da Band. \u00c9 formado em jornalismo pela Universidade Presbiteriana Mackenzie.\",\"url\":\"https:\/\/www.suno.com.br\/noticias\/author\/juliano\/\"}]}<\/script>\n<!-- \/ Yoast SEO plugin. -->","yoast_head_json":{"title":"Finan\u00e7as pessoais: Como organizar as contas do inicio de ano","description":"Especialistas d\u00e3o dicas para organizar as finan\u00e7as pessoais com as contas de in\u00edcio de ano. Veja mais sobre finan\u00e7as pessoais","robots":{"index":"index","follow":"follow","max-snippet":"max-snippet:-1","max-image-preview":"max-image-preview:large","max-video-preview":"max-video-preview:-1"},"canonical":"https:\/\/www.suno.com.br\/noticias\/financas-pessoais-como-organizar\/","og_locale":"pt_BR","og_type":"article","og_title":"Finan\u00e7as pessoais: Como organizar as contas do inicio de ano","og_description":"Especialistas d\u00e3o dicas para organizar as finan\u00e7as pessoais com as contas de in\u00edcio de ano. Veja mais sobre finan\u00e7as pessoais","og_url":"https:\/\/www.suno.com.br\/noticias\/financas-pessoais-como-organizar\/","og_site_name":"Suno Not\u00edcias","article_publisher":"https:\/\/facebook.com\/sunoresearch","og_image":[{"width":1920,"height":1281,"url":"https:\/\/files.sunoresearch.com.br\/n\/uploads\/2020\/01\/a949f24c-contas.jpg","type":"image\/jpeg"}],"author":"Juliano Passaro","twitter_card":"summary_large_image","twitter_creator":"@sunoresearch","twitter_site":"@sunoresearch","twitter_misc":{"Escrito por":"Juliano Passaro","Est. tempo de leitura":"5 minutos"},"schema":{"@context":"https:\/\/schema.org","@graph":[{"@type":"NewsArticle","@id":"https:\/\/www.suno.com.br\/noticias\/financas-pessoais-como-organizar\/#article","isPartOf":{"@id":"https:\/\/www.suno.com.br\/noticias\/financas-pessoais-como-organizar\/"},"author":{"name":"Juliano Passaro","@id":"https:\/\/www.suno.com.br\/noticias\/#\/schema\/person\/1db762f78ffd8919a648a63e425953e3"},"headline":"Finan\u00e7as pessoais: Como organizar as contas do in\u00edcio de ano","datePublished":"2020-01-25T10:00:14+00:00","dateModified":"2021-02-18T18:24:59+00:00","mainEntityOfPage":{"@id":"https:\/\/www.suno.com.br\/noticias\/financas-pessoais-como-organizar\/"},"wordCount":990,"publisher":{"@id":"https:\/\/www.suno.com.br\/noticias\/#organization"},"image":{"@id":"https:\/\/www.suno.com.br\/noticias\/financas-pessoais-como-organizar\/#primaryimage"},"thumbnailUrl":"https:\/\/files.sunoresearch.com.br\/n\/uploads\/2020\/01\/a949f24c-contas-jpg.webp","articleSection":["Finan\u00e7as Pessoais"],"inLanguage":"pt-BR"},{"@type":"WebPage","@id":"https:\/\/www.suno.com.br\/noticias\/financas-pessoais-como-organizar\/","url":"https:\/\/www.suno.com.br\/noticias\/financas-pessoais-como-organizar\/","name":"Finan\u00e7as pessoais: Como organizar as contas do inicio de ano","isPartOf":{"@id":"https:\/\/www.suno.com.br\/noticias\/#website"},"primaryImageOfPage":{"@id":"https:\/\/www.suno.com.br\/noticias\/financas-pessoais-como-organizar\/#primaryimage"},"image":{"@id":"https:\/\/www.suno.com.br\/noticias\/financas-pessoais-como-organizar\/#primaryimage"},"thumbnailUrl":"https:\/\/files.sunoresearch.com.br\/n\/uploads\/2020\/01\/a949f24c-contas-jpg.webp","datePublished":"2020-01-25T10:00:14+00:00","dateModified":"2021-02-18T18:24:59+00:00","description":"Especialistas d\u00e3o dicas para organizar as finan\u00e7as pessoais com as contas de in\u00edcio de ano. Veja mais sobre finan\u00e7as pessoais","breadcrumb":{"@id":"https:\/\/www.suno.com.br\/noticias\/financas-pessoais-como-organizar\/#breadcrumb"},"inLanguage":"pt-BR","potentialAction":[{"@type":"ReadAction","target":["https:\/\/www.suno.com.br\/noticias\/financas-pessoais-como-organizar\/"]}]},{"@type":"ImageObject","inLanguage":"pt-BR","@id":"https:\/\/www.suno.com.br\/noticias\/financas-pessoais-como-organizar\/#primaryimage","url":"https:\/\/files.sunoresearch.com.br\/n\/uploads\/2020\/01\/a949f24c-contas-jpg.webp","contentUrl":"https:\/\/files.sunoresearch.com.br\/n\/uploads\/2020\/01\/a949f24c-contas-jpg.webp","width":1920,"height":1281,"caption":"contas"},{"@type":"BreadcrumbList","@id":"https:\/\/www.suno.com.br\/noticias\/financas-pessoais-como-organizar\/#breadcrumb","itemListElement":[{"@type":"ListItem","position":1,"name":"Not\u00edcias","item":"https:\/\/www.suno.com.br\/noticias\/"},{"@type":"ListItem","position":2,"name":"Finan\u00e7as Pessoais","item":"https:\/\/www.suno.com.br\/noticias\/financas-pessoais\/"},{"@type":"ListItem","position":3,"name":"Finan\u00e7as pessoais: Como organizar as contas do in\u00edcio de ano"}]},{"@type":"WebSite","@id":"https:\/\/www.suno.com.br\/noticias\/#website","url":"https:\/\/www.suno.com.br\/noticias\/","name":"Suno Not\u00edcias","description":"Seu portal de informa\u00e7\u00e3o sobre o mundo dos investimentos","publisher":{"@id":"https:\/\/www.suno.com.br\/noticias\/#organization"},"potentialAction":[{"@type":"SearchAction","target":{"@type":"EntryPoint","urlTemplate":"https:\/\/www.suno.com.br\/noticias\/?s={search_term_string}"},"query-input":{"@type":"PropertyValueSpecification","valueRequired":true,"valueName":"search_term_string"}}],"inLanguage":"pt-BR"},{"@type":"Organization","@id":"https:\/\/www.suno.com.br\/noticias\/#organization","name":"Suno Not\u00edcias","url":"https:\/\/www.suno.com.br\/noticias\/","logo":{"@type":"ImageObject","inLanguage":"pt-BR","@id":"https:\/\/www.suno.com.br\/noticias\/#\/schema\/logo\/image\/","url":"https:\/\/files.sunoresearch.com.br\/n\/uploads\/2021\/09\/suno-logo.png","contentUrl":"https:\/\/files.sunoresearch.com.br\/n\/uploads\/2021\/09\/suno-logo.png","width":180,"height":180,"caption":"Suno Not\u00edcias"},"image":{"@id":"https:\/\/www.suno.com.br\/noticias\/#\/schema\/logo\/image\/"},"sameAs":["https:\/\/facebook.com\/sunoresearch","https:\/\/x.com\/sunoresearch","https:\/\/www.instagram.com\/suno","https:\/\/www.linkedin.com\/company\/suno-research\/","https:\/\/www.youtube.com\/c\/sunoresearch"]},{"@type":"Person","@id":"https:\/\/www.suno.com.br\/noticias\/#\/schema\/person\/1db762f78ffd8919a648a63e425953e3","name":"Juliano Passaro","image":{"@type":"ImageObject","inLanguage":"pt-BR","@id":"https:\/\/www.suno.com.br\/noticias\/#\/schema\/person\/image\/","url":"https:\/\/secure.gravatar.com\/avatar\/743d4df28eebf6dcc46b4ad03c319e92?s=96&r=g","contentUrl":"https:\/\/secure.gravatar.com\/avatar\/743d4df28eebf6dcc46b4ad03c319e92?s=96&r=g","caption":"Juliano Passaro"},"description":"Juliano Passaro escreve sobre pol\u00edtica, economia e neg\u00f3cios para o portal da Suno Research. Antes da Suno, trabalhou no Portal da Band. \u00c9 formado em jornalismo pela Universidade Presbiteriana Mackenzie.","url":"https:\/\/www.suno.com.br\/noticias\/author\/juliano\/"}]}},"default_loop_html":"<div class=\"cardsPage__listCard__boxs\"><div class=\"cardsPage__listCard__boxs__img\"><a href=\"https:\/\/www.suno.com.br\/noticias\/financas-pessoais-como-organizar\/\"><img class=\"mask\" src=\"https:\/\/www.suno.com.br\/noticias\/wp-content\/themes\/suno\/resources\/images\/spotlight\/spotlight1img\/bg-mask.png\" alt=\"Image Mask\"\/><img src=\"https:\/\/files.sunoresearch.com.br\/n\/uploads\/2020\/01\/a949f24c-contas-400x200.webp\" alt=\"Finan\u00e7as pessoais: Como organizar as contas do in\u00edcio de ano\"\/><\/a><span class=\"spotlightCategory\"><a href=\"https:\/\/www.suno.com.br\/noticias\/financas-pessoais\/\">Finan\u00e7as Pessoais<\/a><\/span><\/div><div class=\"cardsPage__listCard__boxs__content\"><a href=\"https:\/\/www.suno.com.br\/noticias\/financas-pessoais-como-organizar\/\"><h2 class=\"content__title\">Finan\u00e7as pessoais: Como organizar as contas do in\u00edcio de ano<\/h2><\/a><div class=\"newsContent__article__meta\"><div class=\"newsContent__article__meta__authorBox\"><a href=\"https:\/\/www.suno.com.br\/noticias\/author\/juliano\/\" class=\"authorBox__avatar noMobi\"><img src=\"https:\/\/files.sunoresearch.com.br\/n\/uploads\/2019\/06\/7cc3efea-whatsapp-image-2019-07-18-at-21.59.33-e1563499821209-150x150.webp\" alt=\"Juliano Passaro\"><\/a><div class=\"authorBox__name\"><span>por\n\t\t\t<a href=\"https:\/\/www.suno.com.br\/noticias\/author\/juliano\/\"><span itemprop=\"author\">Juliano Passaro<\/span><\/a><\/span><time datetime=\"2020-01-25T08:00:14-03:00\" itemprop=\"datePublished\">25\/01\/2020 08:00<\/time><\/div><\/div><\/div><\/div><\/div>","single_layout":"posts","amp_enabled":true,"_links":{"self":[{"href":"https:\/\/www.suno.com.br\/noticias\/wp-json\/wp\/v2\/posts\/49254"}],"collection":[{"href":"https:\/\/www.suno.com.br\/noticias\/wp-json\/wp\/v2\/posts"}],"about":[{"href":"https:\/\/www.suno.com.br\/noticias\/wp-json\/wp\/v2\/types\/post"}],"author":[{"embeddable":true,"href":"https:\/\/www.suno.com.br\/noticias\/wp-json\/wp\/v2\/users\/19"}],"replies":[{"embeddable":true,"href":"https:\/\/www.suno.com.br\/noticias\/wp-json\/wp\/v2\/comments?post=49254"}],"version-history":[{"count":0,"href":"https:\/\/www.suno.com.br\/noticias\/wp-json\/wp\/v2\/posts\/49254\/revisions"}],"wp:featuredmedia":[{"embeddable":true,"href":"https:\/\/www.suno.com.br\/noticias\/wp-json\/wp\/v2\/media\/49293"}],"wp:attachment":[{"href":"https:\/\/www.suno.com.br\/noticias\/wp-json\/wp\/v2\/media?parent=49254"}],"wp:term":[{"taxonomy":"category","embeddable":true,"href":"https:\/\/www.suno.com.br\/noticias\/wp-json\/wp\/v2\/categories?post=49254"},{"taxonomy":"post_tag","embeddable":true,"href":"https:\/\/www.suno.com.br\/noticias\/wp-json\/wp\/v2\/tags?post=49254"},{"taxonomy":"suno_strategy","embeddable":true,"href":"https:\/\/www.suno.com.br\/noticias\/wp-json\/wp\/v2\/suno_strategy?post=49254"}],"curies":[{"name":"wp","href":"https:\/\/api.w.org\/{rel}","templated":true}]}}