{"id":49251,"date":"2020-01-10T11:10:58","date_gmt":"2020-01-10T13:10:58","guid":{"rendered":"https:\/\/www.suno.com.br\/noticias\/?p=49251"},"modified":"2020-01-10T11:10:58","modified_gmt":"2020-01-10T13:10:58","slug":"igp-m-previa-janeiro-fgv","status":"publish","type":"post","link":"https:\/\/www.suno.com.br\/noticias\/igp-m-previa-janeiro-fgv\/","title":{"rendered":"IGP-M sobe 0,67% na primeira pr\u00e9via de janeiro, diz FGV"},"content":{"rendered":"<p>O <a href=\"https:\/\/www.suno.com.br\/artigos\/igp-m\/\">\u00cdndice Geral de Pre\u00e7os &#8211; Mercado<\/a> (IGP-M) registrou um aumento dos pre\u00e7os em 0,67% na primeira pr\u00e9via de janeiro desde ano. O resultado foi divulgado pela <strong>Funda\u00e7\u00e3o Getulio Vargas (FGV)<\/strong>.<\/p>\t<div class=\"wrapper-featured-image\">\n\t\t<figure class=\"spotlightImg\">\n\n\t\t\t<picture>\n\t\t\t\t<source media=\"(max-width: 768px)\" srcset=\"https:\/\/files.sunoresearch.com.br\/n\/uploads\/2019\/09\/1bf298d9-infla\u00e7\u00e3o-400x200.webp\">\n\t\t\t\t<img loading=\"lazy\" decoding=\"async\" class=\"newsContent__article__imgCapa lazyloadDisabled newsContent__article__imgCapa--noCaption\" src=\"https:\/\/files.sunoresearch.com.br\/n\/uploads\/2019\/09\/1bf298d9-infla\u00e7\u00e3o-800x450.webp\" width=\"800\" height=\"450\" alt=\"IGP-M sobe 0,67% na primeira pr\u00e9via de janeiro, diz FGV\" fetchpriority=high \/>\n\t\t\t<\/picture>\n\n\t\t\t<figcaption class=\"wp-caption-text wp-caption-text--hide\">Expectativas de infla\u00e7\u00e3o n\u00e3o foram contaminadas por deprecia\u00e7\u00e3o do c\u00e2mbio, diz BC<\/figcaption>\n\t\t<\/figure>\n\t<\/div>\n\n\n\n<p>Segundo a FGV, no primeiro dec\u00eandio de dezembro do ano passado, o <strong>IGP-M<\/strong> apresentou uma leitura de 1,83% de alta.<\/p>\n<p>O <strong>\u00cdndice de Pre\u00e7os ao Produtor Amplo<\/strong> (IPA), que representa 60% de toda a pesquisa, subiu 0,86% na medi\u00e7\u00e3o inicial deste m\u00eas, depois de marcar eleva\u00e7\u00e3o de 2,57% um m\u00eas antes.<\/p>\n<p><a href=\"https:\/\/www.suno.com.br\/noticias\/ipca-2019\/\">Confira: IPCA: infla\u00e7\u00e3o dispara e ultrapassa centro da meta estipulada para 2019, diz IBGE<\/a><\/p>\n<p>Na leitura por est\u00e1gios de processamento, os <strong>Bens Finais<\/strong> foram de alta de 3,04% na primeira leitura de dezembro do ano passado para 1,59% na parcial do primeiro m\u00eas de 2020. A principal contribui\u00e7\u00e3o para esse movimento partiu do subgrupo alimentos processados, o qual a taxa passou de 6,49% para 4,08%.<\/p>\n<p>J\u00e1 os <strong>Bens Intermedi\u00e1rios<\/strong> sa\u00edram de um aumento de 0,27% para 1,04%, impactados pelo subgrupo combust\u00edveis e lubrificantes para a produ\u00e7\u00e3o (0,35% para 4,67%). As <strong>Mat\u00e9rias-Primas Brutas<\/strong> passaram de incremento de 4,64% no primeiro dec\u00eandio de dezembro para um recuo de 0,13% no mesmo per\u00edodo de janeiro.<\/p>\n<p><a href=\"https:\/\/www.suno.com.br\/noticias\/captacao-fundos-investimento-cresce-mais-100-2019\/\">Saiba mais: Capta\u00e7\u00e3o dos fundos de investimento cresce mais de 100% em 2019<\/a><\/p>\n<p>Com peso de 30%, o <strong>\u00cdndice de Pre\u00e7os ao Consumidor<\/strong> (IPC) apresentou acr\u00e9scimo de 0,33% na leitura inicial de janeiro, ap\u00f3s alta de 0,59% um m\u00eas antes. Das oito classes de despesa componentes do \u00edndice, o destaque ficou com Educa\u00e7\u00e3o, Leitura e Recrea\u00e7\u00e3o, que foram de eleva\u00e7\u00e3o de 0,67% para baixa de 0,94% entre a parcial do \u00faltimo m\u00eas de 2019 para a do primeiro m\u00eas de 2020. Nesta classe de despesa, vale mencionar o comportamento do item passagem a\u00e9rea (14,47% para -9,58%).<\/p>\n\t<p>\n\t\t<a href=\"https:\/\/lp.statusinvest.com.br\/cl\/carteira-automatizada\/\" target=\"_blank\" data-element=\"shortcode-suno-banner\" title=\"Banner SUNO, clique e saiba mais\">\n\t\t\t<picture>\n\t\t\t\t<source media=\"(max-width: 500px)\" srcset=\"https:\/\/files.sunoresearch.com.br\/n\/uploads\/2024\/02\/400x300-Mobile.png\">\n\t\t\t\t<img class=\"newsContent__article__imgCapa newsContent__article__imgCapa--banner\"\n\t\t\t\t\tsrc=\"https:\/\/files.sunoresearch.com.br\/n\/uploads\/2024\/02\/1420x240-Desktop.png\"\n\t\t\t\t\tdata-promo-id=\"518879\"\t\t\t\t\t\t\t\t\t\twidth='1420' height='240'\t\t\t\t\talt=\"https:\/\/files.sunoresearch.com.br\/n\/uploads\/2024\/02\/1420x240-Desktop.png\"\n\t\t\t\t>\n\t\t\t<\/picture>\n\t\t<\/a>\n\t<\/p>\n\n\n<p>Tamb\u00e9m foram computados decr\u00e9scimos nas taxas de varia\u00e7\u00e3o dos grupos Alimenta\u00e7\u00e3o (1,24% para 1,03%), Despesas Diversas (2,92% para 0,08%), Habita\u00e7\u00e3o (0,06% para -0,29%) e Comunica\u00e7\u00e3o (0,34% para 0,13%). Nestas classes de despesa, as maiores influ\u00eancias observadas partiram dos respectivos itens:<\/p>\n<ul>\n<li>Carnes bovinas (10,35% para 3,29%)<\/li>\n<li>Jogo lot\u00e9rico (23,33% para 0,00%)<\/li>\n<li>Tarifa de eletricidade residencial (0,29% para -1,69%)<\/li>\n<li>Mensalidade para internet (0,58% para 0,00%)<\/li>\n<\/ul>\n<p>Dentro os 10% restantes do IGP-M, o <strong>\u00cdndice Nacional de Custo da Constru\u00e7\u00e3o (INCC)<\/strong> subiu 0,20% no primeiro dec\u00eandio deste m\u00eas, alterando o rumo tomado em dezembro, de retra\u00e7\u00e3o de 0,12%.<\/p>\n<p>Os tr\u00eas componentes do INCC reportaram as seguintes taxas da varia\u00e7\u00e3o na passagem do primeiro dec\u00eandio de dezembro para o primeiro dec\u00eandio de janeiro, segundo <a href=\"https:\/\/www.youtube.com\/channel\/UCWDeEIDAIi_oYKDiqwfGyRg\"><strong>IGP-M<\/strong><\/a>: Materiais e Equipamentos (-0,35% para 0,01%), Servi\u00e7os (0,06% para 0,12%) e M\u00e3o de Obra (0,00% para 0,35%).<\/p>\n\n","protected":false},"excerpt":{"rendered":"<p>O \u00cdndice Geral de Pre\u00e7os &#8211; Mercado (IGP-M) registrou um aumento dos pre\u00e7os em 0,67% na primeira pr\u00e9via de janeiro desde ano. O resultado foi divulgado pela Funda\u00e7\u00e3o Getulio Vargas (FGV). Expectativas de infla\u00e7\u00e3o n\u00e3o foram contaminadas por deprecia\u00e7\u00e3o do c\u00e2mbio, diz BC Segundo a FGV, no primeiro dec\u00eandio de dezembro do ano passado, o [&hellip;]<\/p>\n","protected":false},"author":24,"featured_media":38531,"comment_status":"closed","ping_status":"closed","sticky":false,"template":"","format":"standard","meta":[],"categories":[62],"tags":[797,1045],"suno_strategy":[],"class_list":["post-49251","post","type-post","status-publish","format-standard","has-post-thumbnail","hentry","category-economia","tag-fgv","tag-igp-m"],"yoast_head":"<!-- This site is optimized with the Yoast SEO plugin v24.4 - https:\/\/yoast.com\/wordpress\/plugins\/seo\/ -->\n<title>IGP-M sobe 0,67% na primeira pr\u00e9via de janeiro, diz FGV<\/title>\n<meta name=\"description\" content=\"O IGP-M registrou um aumento dos pre\u00e7os em 0,67% na primeira pr\u00e9via de janeiro desde ano, segundo a FGV. Clique e saiba mais.\" \/>\n<meta name=\"robots\" content=\"index, follow, max-snippet:-1, max-image-preview:large, max-video-preview:-1\" \/>\n<link rel=\"canonical\" href=\"https:\/\/www.suno.com.br\/noticias\/igp-m-previa-janeiro-fgv\/\" \/>\n<meta property=\"og:locale\" content=\"pt_BR\" \/>\n<meta property=\"og:type\" content=\"article\" \/>\n<meta property=\"og:title\" content=\"IGP-M sobe 0,67% na primeira pr\u00e9via de janeiro, diz FGV\" \/>\n<meta property=\"og:description\" content=\"O IGP-M registrou um aumento dos pre\u00e7os em 0,67% na primeira pr\u00e9via de janeiro desde ano, segundo a FGV. Clique e saiba mais.\" \/>\n<meta property=\"og:url\" content=\"https:\/\/www.suno.com.br\/noticias\/igp-m-previa-janeiro-fgv\/\" \/>\n<meta property=\"og:site_name\" content=\"Suno Not\u00edcias\" \/>\n<meta property=\"article:publisher\" content=\"https:\/\/facebook.com\/sunoresearch\" \/>\n<meta property=\"og:image\" content=\"https:\/\/files.sunoresearch.com.br\/n\/uploads\/2019\/09\/1bf298d9-infla\u00e7\u00e3o.jpg\" \/>\n\t<meta property=\"og:image:width\" content=\"1024\" \/>\n\t<meta property=\"og:image:height\" content=\"768\" \/>\n\t<meta property=\"og:image:type\" content=\"image\/jpeg\" \/>\n<meta name=\"author\" content=\"Jader Lazarini\" \/>\n<meta name=\"twitter:card\" content=\"summary_large_image\" \/>\n<meta name=\"twitter:creator\" content=\"@sunoresearch\" \/>\n<meta name=\"twitter:site\" content=\"@sunoresearch\" \/>\n<meta name=\"twitter:label1\" content=\"Escrito por\" \/>\n\t<meta name=\"twitter:data1\" content=\"Jader Lazarini\" \/>\n\t<meta name=\"twitter:label2\" content=\"Est. tempo de leitura\" \/>\n\t<meta name=\"twitter:data2\" content=\"2 minutos\" \/>\n<script type=\"application\/ld+json\" class=\"yoast-schema-graph\">{\"@context\":\"https:\/\/schema.org\",\"@graph\":[{\"@type\":\"NewsArticle\",\"@id\":\"https:\/\/www.suno.com.br\/noticias\/igp-m-previa-janeiro-fgv\/#article\",\"isPartOf\":{\"@id\":\"https:\/\/www.suno.com.br\/noticias\/igp-m-previa-janeiro-fgv\/\"},\"author\":{\"name\":\"Jader Lazarini\",\"@id\":\"https:\/\/www.suno.com.br\/noticias\/#\/schema\/person\/918d79de1f0281f01599b93f9ea6e23f\"},\"headline\":\"IGP-M sobe 0,67% na primeira pr\u00e9via de janeiro, diz FGV\",\"datePublished\":\"2020-01-10T13:10:58+00:00\",\"mainEntityOfPage\":{\"@id\":\"https:\/\/www.suno.com.br\/noticias\/igp-m-previa-janeiro-fgv\/\"},\"wordCount\":449,\"publisher\":{\"@id\":\"https:\/\/www.suno.com.br\/noticias\/#organization\"},\"image\":{\"@id\":\"https:\/\/www.suno.com.br\/noticias\/igp-m-previa-janeiro-fgv\/#primaryimage\"},\"thumbnailUrl\":\"https:\/\/files.sunoresearch.com.br\/n\/uploads\/2019\/09\/1bf298d9-infla\u00e7\u00e3o.jpg\",\"keywords\":[\"FGV\",\"IGP-M\"],\"articleSection\":[\"Economia\"],\"inLanguage\":\"pt-BR\"},{\"@type\":\"WebPage\",\"@id\":\"https:\/\/www.suno.com.br\/noticias\/igp-m-previa-janeiro-fgv\/\",\"url\":\"https:\/\/www.suno.com.br\/noticias\/igp-m-previa-janeiro-fgv\/\",\"name\":\"IGP-M sobe 0,67% na primeira pr\u00e9via de janeiro, diz FGV\",\"isPartOf\":{\"@id\":\"https:\/\/www.suno.com.br\/noticias\/#website\"},\"primaryImageOfPage\":{\"@id\":\"https:\/\/www.suno.com.br\/noticias\/igp-m-previa-janeiro-fgv\/#primaryimage\"},\"image\":{\"@id\":\"https:\/\/www.suno.com.br\/noticias\/igp-m-previa-janeiro-fgv\/#primaryimage\"},\"thumbnailUrl\":\"https:\/\/files.sunoresearch.com.br\/n\/uploads\/2019\/09\/1bf298d9-infla\u00e7\u00e3o.jpg\",\"datePublished\":\"2020-01-10T13:10:58+00:00\",\"description\":\"O IGP-M registrou um aumento dos pre\u00e7os em 0,67% na primeira pr\u00e9via de janeiro desde ano, segundo a FGV. Clique e saiba mais.\",\"breadcrumb\":{\"@id\":\"https:\/\/www.suno.com.br\/noticias\/igp-m-previa-janeiro-fgv\/#breadcrumb\"},\"inLanguage\":\"pt-BR\",\"potentialAction\":[{\"@type\":\"ReadAction\",\"target\":[\"https:\/\/www.suno.com.br\/noticias\/igp-m-previa-janeiro-fgv\/\"]}]},{\"@type\":\"ImageObject\",\"inLanguage\":\"pt-BR\",\"@id\":\"https:\/\/www.suno.com.br\/noticias\/igp-m-previa-janeiro-fgv\/#primaryimage\",\"url\":\"https:\/\/files.sunoresearch.com.br\/n\/uploads\/2019\/09\/1bf298d9-infla\u00e7\u00e3o.jpg\",\"contentUrl\":\"https:\/\/files.sunoresearch.com.br\/n\/uploads\/2019\/09\/1bf298d9-infla\u00e7\u00e3o.jpg\",\"width\":1024,\"height\":768,\"caption\":\"Expectativas de infla\u00e7\u00e3o n\u00e3o foram contaminadas por deprecia\u00e7\u00e3o do c\u00e2mbio, diz BC\"},{\"@type\":\"BreadcrumbList\",\"@id\":\"https:\/\/www.suno.com.br\/noticias\/igp-m-previa-janeiro-fgv\/#breadcrumb\",\"itemListElement\":[{\"@type\":\"ListItem\",\"position\":1,\"name\":\"Not\u00edcias\",\"item\":\"https:\/\/www.suno.com.br\/noticias\/\"},{\"@type\":\"ListItem\",\"position\":2,\"name\":\"Economia\",\"item\":\"https:\/\/www.suno.com.br\/noticias\/economia\/\"},{\"@type\":\"ListItem\",\"position\":3,\"name\":\"IGP-M sobe 0,67% na primeira pr\u00e9via de janeiro, diz FGV\"}]},{\"@type\":\"WebSite\",\"@id\":\"https:\/\/www.suno.com.br\/noticias\/#website\",\"url\":\"https:\/\/www.suno.com.br\/noticias\/\",\"name\":\"Suno Not\u00edcias\",\"description\":\"Seu portal de informa\u00e7\u00e3o sobre o mundo dos investimentos\",\"publisher\":{\"@id\":\"https:\/\/www.suno.com.br\/noticias\/#organization\"},\"potentialAction\":[{\"@type\":\"SearchAction\",\"target\":{\"@type\":\"EntryPoint\",\"urlTemplate\":\"https:\/\/www.suno.com.br\/noticias\/?s={search_term_string}\"},\"query-input\":{\"@type\":\"PropertyValueSpecification\",\"valueRequired\":true,\"valueName\":\"search_term_string\"}}],\"inLanguage\":\"pt-BR\"},{\"@type\":\"Organization\",\"@id\":\"https:\/\/www.suno.com.br\/noticias\/#organization\",\"name\":\"Suno Not\u00edcias\",\"url\":\"https:\/\/www.suno.com.br\/noticias\/\",\"logo\":{\"@type\":\"ImageObject\",\"inLanguage\":\"pt-BR\",\"@id\":\"https:\/\/www.suno.com.br\/noticias\/#\/schema\/logo\/image\/\",\"url\":\"https:\/\/files.sunoresearch.com.br\/n\/uploads\/2021\/09\/suno-logo.png\",\"contentUrl\":\"https:\/\/files.sunoresearch.com.br\/n\/uploads\/2021\/09\/suno-logo.png\",\"width\":180,\"height\":180,\"caption\":\"Suno Not\u00edcias\"},\"image\":{\"@id\":\"https:\/\/www.suno.com.br\/noticias\/#\/schema\/logo\/image\/\"},\"sameAs\":[\"https:\/\/facebook.com\/sunoresearch\",\"https:\/\/x.com\/sunoresearch\",\"https:\/\/www.instagram.com\/suno\",\"https:\/\/www.linkedin.com\/company\/suno-research\/\",\"https:\/\/www.youtube.com\/c\/sunoresearch\"]},{\"@type\":\"Person\",\"@id\":\"https:\/\/www.suno.com.br\/noticias\/#\/schema\/person\/918d79de1f0281f01599b93f9ea6e23f\",\"name\":\"Jader Lazarini\",\"image\":{\"@type\":\"ImageObject\",\"inLanguage\":\"pt-BR\",\"@id\":\"https:\/\/www.suno.com.br\/noticias\/#\/schema\/person\/image\/\",\"url\":\"https:\/\/secure.gravatar.com\/avatar\/3c1ad8caa51589841baeb923fcddea97?s=96&r=g\",\"contentUrl\":\"https:\/\/secure.gravatar.com\/avatar\/3c1ad8caa51589841baeb923fcddea97?s=96&r=g\",\"caption\":\"Jader Lazarini\"},\"description\":\"Jader Lazarini escreve sobre investimentos, finan\u00e7as, economia e neg\u00f3cios. \u00c9 bacharel em Rela\u00e7\u00f5es Internacionais e analista CNPI (2619).\",\"url\":\"https:\/\/www.suno.com.br\/noticias\/author\/jader-lazarini\/\"}]}<\/script>\n<!-- \/ Yoast SEO plugin. -->","yoast_head_json":{"title":"IGP-M sobe 0,67% na primeira pr\u00e9via de janeiro, diz FGV","description":"O IGP-M registrou um aumento dos pre\u00e7os em 0,67% na primeira pr\u00e9via de janeiro desde ano, segundo a FGV. Clique e saiba mais.","robots":{"index":"index","follow":"follow","max-snippet":"max-snippet:-1","max-image-preview":"max-image-preview:large","max-video-preview":"max-video-preview:-1"},"canonical":"https:\/\/www.suno.com.br\/noticias\/igp-m-previa-janeiro-fgv\/","og_locale":"pt_BR","og_type":"article","og_title":"IGP-M sobe 0,67% na primeira pr\u00e9via de janeiro, diz FGV","og_description":"O IGP-M registrou um aumento dos pre\u00e7os em 0,67% na primeira pr\u00e9via de janeiro desde ano, segundo a FGV. Clique e saiba mais.","og_url":"https:\/\/www.suno.com.br\/noticias\/igp-m-previa-janeiro-fgv\/","og_site_name":"Suno Not\u00edcias","article_publisher":"https:\/\/facebook.com\/sunoresearch","og_image":[{"width":1024,"height":768,"url":"https:\/\/files.sunoresearch.com.br\/n\/uploads\/2019\/09\/1bf298d9-infla\u00e7\u00e3o.jpg","type":"image\/jpeg"}],"author":"Jader Lazarini","twitter_card":"summary_large_image","twitter_creator":"@sunoresearch","twitter_site":"@sunoresearch","twitter_misc":{"Escrito por":"Jader Lazarini","Est. tempo de leitura":"2 minutos"},"schema":{"@context":"https:\/\/schema.org","@graph":[{"@type":"NewsArticle","@id":"https:\/\/www.suno.com.br\/noticias\/igp-m-previa-janeiro-fgv\/#article","isPartOf":{"@id":"https:\/\/www.suno.com.br\/noticias\/igp-m-previa-janeiro-fgv\/"},"author":{"name":"Jader Lazarini","@id":"https:\/\/www.suno.com.br\/noticias\/#\/schema\/person\/918d79de1f0281f01599b93f9ea6e23f"},"headline":"IGP-M sobe 0,67% na primeira pr\u00e9via de janeiro, diz FGV","datePublished":"2020-01-10T13:10:58+00:00","mainEntityOfPage":{"@id":"https:\/\/www.suno.com.br\/noticias\/igp-m-previa-janeiro-fgv\/"},"wordCount":449,"publisher":{"@id":"https:\/\/www.suno.com.br\/noticias\/#organization"},"image":{"@id":"https:\/\/www.suno.com.br\/noticias\/igp-m-previa-janeiro-fgv\/#primaryimage"},"thumbnailUrl":"https:\/\/files.sunoresearch.com.br\/n\/uploads\/2019\/09\/1bf298d9-infla\u00e7\u00e3o.jpg","keywords":["FGV","IGP-M"],"articleSection":["Economia"],"inLanguage":"pt-BR"},{"@type":"WebPage","@id":"https:\/\/www.suno.com.br\/noticias\/igp-m-previa-janeiro-fgv\/","url":"https:\/\/www.suno.com.br\/noticias\/igp-m-previa-janeiro-fgv\/","name":"IGP-M sobe 0,67% na primeira pr\u00e9via de janeiro, diz FGV","isPartOf":{"@id":"https:\/\/www.suno.com.br\/noticias\/#website"},"primaryImageOfPage":{"@id":"https:\/\/www.suno.com.br\/noticias\/igp-m-previa-janeiro-fgv\/#primaryimage"},"image":{"@id":"https:\/\/www.suno.com.br\/noticias\/igp-m-previa-janeiro-fgv\/#primaryimage"},"thumbnailUrl":"https:\/\/files.sunoresearch.com.br\/n\/uploads\/2019\/09\/1bf298d9-infla\u00e7\u00e3o.jpg","datePublished":"2020-01-10T13:10:58+00:00","description":"O IGP-M registrou um aumento dos pre\u00e7os em 0,67% na primeira pr\u00e9via de janeiro desde ano, segundo a FGV. Clique e saiba mais.","breadcrumb":{"@id":"https:\/\/www.suno.com.br\/noticias\/igp-m-previa-janeiro-fgv\/#breadcrumb"},"inLanguage":"pt-BR","potentialAction":[{"@type":"ReadAction","target":["https:\/\/www.suno.com.br\/noticias\/igp-m-previa-janeiro-fgv\/"]}]},{"@type":"ImageObject","inLanguage":"pt-BR","@id":"https:\/\/www.suno.com.br\/noticias\/igp-m-previa-janeiro-fgv\/#primaryimage","url":"https:\/\/files.sunoresearch.com.br\/n\/uploads\/2019\/09\/1bf298d9-infla\u00e7\u00e3o.jpg","contentUrl":"https:\/\/files.sunoresearch.com.br\/n\/uploads\/2019\/09\/1bf298d9-infla\u00e7\u00e3o.jpg","width":1024,"height":768,"caption":"Expectativas de infla\u00e7\u00e3o n\u00e3o foram contaminadas por deprecia\u00e7\u00e3o do c\u00e2mbio, diz BC"},{"@type":"BreadcrumbList","@id":"https:\/\/www.suno.com.br\/noticias\/igp-m-previa-janeiro-fgv\/#breadcrumb","itemListElement":[{"@type":"ListItem","position":1,"name":"Not\u00edcias","item":"https:\/\/www.suno.com.br\/noticias\/"},{"@type":"ListItem","position":2,"name":"Economia","item":"https:\/\/www.suno.com.br\/noticias\/economia\/"},{"@type":"ListItem","position":3,"name":"IGP-M sobe 0,67% na primeira pr\u00e9via de janeiro, diz FGV"}]},{"@type":"WebSite","@id":"https:\/\/www.suno.com.br\/noticias\/#website","url":"https:\/\/www.suno.com.br\/noticias\/","name":"Suno Not\u00edcias","description":"Seu portal de informa\u00e7\u00e3o sobre o mundo dos investimentos","publisher":{"@id":"https:\/\/www.suno.com.br\/noticias\/#organization"},"potentialAction":[{"@type":"SearchAction","target":{"@type":"EntryPoint","urlTemplate":"https:\/\/www.suno.com.br\/noticias\/?s={search_term_string}"},"query-input":{"@type":"PropertyValueSpecification","valueRequired":true,"valueName":"search_term_string"}}],"inLanguage":"pt-BR"},{"@type":"Organization","@id":"https:\/\/www.suno.com.br\/noticias\/#organization","name":"Suno Not\u00edcias","url":"https:\/\/www.suno.com.br\/noticias\/","logo":{"@type":"ImageObject","inLanguage":"pt-BR","@id":"https:\/\/www.suno.com.br\/noticias\/#\/schema\/logo\/image\/","url":"https:\/\/files.sunoresearch.com.br\/n\/uploads\/2021\/09\/suno-logo.png","contentUrl":"https:\/\/files.sunoresearch.com.br\/n\/uploads\/2021\/09\/suno-logo.png","width":180,"height":180,"caption":"Suno Not\u00edcias"},"image":{"@id":"https:\/\/www.suno.com.br\/noticias\/#\/schema\/logo\/image\/"},"sameAs":["https:\/\/facebook.com\/sunoresearch","https:\/\/x.com\/sunoresearch","https:\/\/www.instagram.com\/suno","https:\/\/www.linkedin.com\/company\/suno-research\/","https:\/\/www.youtube.com\/c\/sunoresearch"]},{"@type":"Person","@id":"https:\/\/www.suno.com.br\/noticias\/#\/schema\/person\/918d79de1f0281f01599b93f9ea6e23f","name":"Jader Lazarini","image":{"@type":"ImageObject","inLanguage":"pt-BR","@id":"https:\/\/www.suno.com.br\/noticias\/#\/schema\/person\/image\/","url":"https:\/\/secure.gravatar.com\/avatar\/3c1ad8caa51589841baeb923fcddea97?s=96&r=g","contentUrl":"https:\/\/secure.gravatar.com\/avatar\/3c1ad8caa51589841baeb923fcddea97?s=96&r=g","caption":"Jader Lazarini"},"description":"Jader Lazarini escreve sobre investimentos, finan\u00e7as, economia e neg\u00f3cios. \u00c9 bacharel em Rela\u00e7\u00f5es Internacionais e analista CNPI (2619).","url":"https:\/\/www.suno.com.br\/noticias\/author\/jader-lazarini\/"}]}},"default_loop_html":"<div class=\"cardsPage__listCard__boxs\"><div class=\"cardsPage__listCard__boxs__img\"><a href=\"https:\/\/www.suno.com.br\/noticias\/igp-m-previa-janeiro-fgv\/\"><img class=\"mask\" src=\"https:\/\/www.suno.com.br\/noticias\/wp-content\/themes\/suno\/resources\/images\/spotlight\/spotlight1img\/bg-mask.png\" alt=\"Image Mask\"\/><img src=\"https:\/\/files.sunoresearch.com.br\/n\/uploads\/2019\/09\/1bf298d9-infla\u00e7\u00e3o-400x200.webp\" alt=\"IGP-M sobe 0,67% na primeira pr\u00e9via de janeiro, diz FGV\"\/><\/a><span class=\"spotlightCategory\"><a href=\"https:\/\/www.suno.com.br\/noticias\/economia\/\">Economia<\/a><\/span><\/div><div class=\"cardsPage__listCard__boxs__content\"><a href=\"https:\/\/www.suno.com.br\/noticias\/igp-m-previa-janeiro-fgv\/\"><h2 class=\"content__title\">IGP-M sobe 0,67% na primeira pr\u00e9via de janeiro, diz FGV<\/h2><\/a><div class=\"newsContent__article__meta\"><div class=\"newsContent__article__meta__authorBox\"><a href=\"https:\/\/www.suno.com.br\/noticias\/author\/jader-lazarini\/\" class=\"authorBox__avatar noMobi\"><img src=\"https:\/\/files.sunoresearch.com.br\/n\/uploads\/2021\/01\/178e6598-foto-perfil-2-150x150.jpg\" alt=\"Jader Lazarini\"><\/a><div class=\"authorBox__name\"><span>por\n\t\t\t<a href=\"https:\/\/www.suno.com.br\/noticias\/author\/jader-lazarini\/\"><span itemprop=\"author\">Jader Lazarini<\/span><\/a><\/span><time datetime=\"2020-01-10T11:10:58-03:00\" itemprop=\"datePublished\">10\/01\/2020 11:10<\/time><\/div><\/div><\/div><\/div><\/div>","single_layout":"posts","amp_enabled":true,"_links":{"self":[{"href":"https:\/\/www.suno.com.br\/noticias\/wp-json\/wp\/v2\/posts\/49251"}],"collection":[{"href":"https:\/\/www.suno.com.br\/noticias\/wp-json\/wp\/v2\/posts"}],"about":[{"href":"https:\/\/www.suno.com.br\/noticias\/wp-json\/wp\/v2\/types\/post"}],"author":[{"embeddable":true,"href":"https:\/\/www.suno.com.br\/noticias\/wp-json\/wp\/v2\/users\/24"}],"replies":[{"embeddable":true,"href":"https:\/\/www.suno.com.br\/noticias\/wp-json\/wp\/v2\/comments?post=49251"}],"version-history":[{"count":0,"href":"https:\/\/www.suno.com.br\/noticias\/wp-json\/wp\/v2\/posts\/49251\/revisions"}],"wp:featuredmedia":[{"embeddable":true,"href":"https:\/\/www.suno.com.br\/noticias\/wp-json\/wp\/v2\/media\/38531"}],"wp:attachment":[{"href":"https:\/\/www.suno.com.br\/noticias\/wp-json\/wp\/v2\/media?parent=49251"}],"wp:term":[{"taxonomy":"category","embeddable":true,"href":"https:\/\/www.suno.com.br\/noticias\/wp-json\/wp\/v2\/categories?post=49251"},{"taxonomy":"post_tag","embeddable":true,"href":"https:\/\/www.suno.com.br\/noticias\/wp-json\/wp\/v2\/tags?post=49251"},{"taxonomy":"suno_strategy","embeddable":true,"href":"https:\/\/www.suno.com.br\/noticias\/wp-json\/wp\/v2\/suno_strategy?post=49251"}],"curies":[{"name":"wp","href":"https:\/\/api.w.org\/{rel}","templated":true}]}}