{"id":49238,"date":"2020-01-10T09:22:05","date_gmt":"2020-01-10T11:22:05","guid":{"rendered":"https:\/\/www.suno.com.br\/noticias\/?p=49238"},"modified":"2021-02-17T22:46:35","modified_gmt":"2021-02-18T01:46:35","slug":"venda-dolares-banco-central","status":"publish","type":"post","link":"https:\/\/www.suno.com.br\/noticias\/venda-dolares-banco-central\/","title":{"rendered":"Venda de d\u00f3lares pelo Banco Central reduz a d\u00edvida bruta do Pa\u00eds"},"content":{"rendered":"<p>Ao longo de 2019, o Banco Central (<a href=\"https:\/\/www.suno.com.br\/artigos\/bacen\/\">BC<\/a>) vendeu US$ 36,9 bilh\u00f5es das reservas internacionais. Com isso, a d\u00edvida bruta do Pa\u00eds foi diminu\u00edda em dois pontos percentuais do <strong><a href=\"https:\/\/www.suno.com.br\/artigos\/pib-produto-interno-bruto\/\">Produto Interno Bruto (PIB)<\/a><\/strong>, cerca de R$ 140 bilh\u00f5es.<\/p>\t<div class=\"wrapper-featured-image\">\n\t\t<figure class=\"spotlightImg\">\n\n\t\t\t<picture>\n\t\t\t\t<source media=\"(max-width: 768px)\" srcset=\"https:\/\/files.sunoresearch.com.br\/n\/uploads\/2019\/09\/ca8b1dc2-banco-central-400x200.webp\">\n\t\t\t\t<img loading=\"lazy\" decoding=\"async\" class=\"newsContent__article__imgCapa lazyloadDisabled newsContent__article__imgCapa--noCaption\" src=\"https:\/\/files.sunoresearch.com.br\/n\/uploads\/2019\/09\/ca8b1dc2-banco-central-800x450.webp\" width=\"800\" height=\"450\" alt=\"Venda de d\u00f3lares pelo Banco Central reduz a d\u00edvida bruta do Pa\u00eds\" fetchpriority=high \/>\n\t\t\t<\/picture>\n\n\t\t\t<figcaption class=\"wp-caption-text wp-caption-text--hide\">O diretor de Pol\u00edtica Econ\u00f4mica do BC disse que segue &quot;supertranquilo&quot; em rela\u00e7\u00e3o \u00e0 press\u00e3o inflacion\u00e1ria<\/figcaption>\n\t\t<\/figure>\n\t<\/div>\n\n\n\n<p>Com as interven\u00e7\u00f5es cambiais realizadas pelo <strong>Banco Central<\/strong> no ano passado, per\u00edodo que protagonizou a maior sa\u00edda de d\u00f3lares da hist\u00f3ria, as reservas internacionais do pa\u00eds recuaram para US$ 356,9 bilh\u00f5es.<\/p>\n<p>Por mais que a institui\u00e7\u00e3o monet\u00e1ria central do Pa\u00eds tenha realizado tais vendas por motivos cambiais, a estrat\u00e9gia do BC est\u00e1 de acordo com o objetivo do <strong>Ministro da Economia<\/strong>, <a href=\"https:\/\/www.suno.com.br\/tudo-sobre\/paulo-guedes\/\">Paulo Guedes<\/a>, apontada na transi\u00e7\u00e3o de governo. O intuito \u00e9 aproveitar as desvaloriza\u00e7\u00f5es do real para diminuir as reservas do Pa\u00eds, cortando a d\u00edvida p\u00fablica e seus custos.<\/p>\n<p>Ainda desconsiderando US$ 9,5 bilh\u00f5es retirados das reservas, a d\u00edvida buta do Brasil estava em 77,7% do PIB em novembro. Embora o trabalho do Banco Central em manter o desempenho fiscal seja positivo, o n\u00edvel de endividamento nacional ainda \u00e9 maior do que ao final de 2018, quando estava em 76,5%. O patamar de 80% do PIB foi estabelecido como limite para a d\u00edvida.<\/p>\n<p>Segundo o jornal &#8220;Valor Econ\u00f4mico&#8221;, o Minist\u00e9rio da Economia reconhece que o Banco Central realmente o fez, mas destaca a liberdade do presidente da autoridade monet\u00e1ria, <a href=\"https:\/\/www.suno.com.br\/noticias\/roberto-campos-neto-presidente-bc\/\">Roberto Campos Neto<\/a>. Segundo uma fonte, o n\u00edvel das reservas internacionais estava acima do necess\u00e1rio para dar seguran\u00e7a externa.<\/p>\n<p><a href=\"https:\/\/www.suno.com.br\/noticias\/bc-estimular-competitividade-bancos-diz-campos-neto\/\">Confira: BC quer estimular mais competitividade entre bancos, diz Campos Neto<\/a><\/p>\n<p>Sendo assim, aproveitando momentos de disparada do c\u00e2mbio para reduzir as reservas seria uma estrat\u00e9gia adequada, voltada ao gerenciamento de portf\u00f3lio de ativos.<\/p>\n<p>Ao comercializar o d\u00f3lar com cota\u00e7\u00e3o acima de R$ 4, explica, foi como se o governo estivesse lucrando com as reservas, produzindo uma melhor equa\u00e7\u00e3o entre prote\u00e7\u00e3o externa e desenho fiscal. Al\u00e9m do mais, isso foi feito e o <strong><a href=\"https:\/\/www.suno.com.br\/artigos\/risco-pais\/\">risco-pa\u00eds<\/a><\/strong> continuou caindo.<\/p>\n<h2>Estrat\u00e9gia do Banco Central<\/h2>\n\t<p>\n\t\t<a href=\"https:\/\/lp.suno.com.br\/asset\/fundos\/suno-fic-fia\/\" target=\"_blank\" data-element=\"shortcode-suno-banner\" title=\"Banner SUNO, clique e saiba mais\">\n\t\t\t<picture>\n\t\t\t\t<source media=\"(max-width: 500px)\" srcset=\"https:\/\/files.sunoresearch.com.br\/n\/uploads\/2023\/10\/SUNO-FIC-FIA-400x300-Mobile-Artigos-5.png\">\n\t\t\t\t<img class=\"newsContent__article__imgCapa newsContent__article__imgCapa--banner\"\n\t\t\t\t\tsrc=\"https:\/\/files.sunoresearch.com.br\/n\/uploads\/2023\/10\/SUNO-FIC-FIA-1420x240-Banner-Artigos-1-_-Banner-Materias-4.png\"\n\t\t\t\t\tdata-promo-id=\"478742\"\t\t\t\t\t\t\t\t\t\twidth='2840' height='480'\t\t\t\t\talt=\"https:\/\/files.sunoresearch.com.br\/n\/uploads\/2023\/10\/SUNO-FIC-FIA-1420x240-Banner-Artigos-1-_-Banner-Materias-4.png\"\n\t\t\t\t>\n\t\t\t<\/picture>\n\t\t<\/a>\n\t<\/p>\n\n\n<p>Com dos d\u00f3lares j\u00e1 vendidos, a flexibilidade futura para esse gerenciamento torna-se menor, pois seu n\u00edvel vai se aproximando do que seria ideal. \u201cN\u00e3o d\u00e1 para se saber qual \u00e9 o tamanho da folga que ainda se tem, mas certamente ela est\u00e1 menor. A partir de agora come\u00e7a a ficar mais dif\u00edcil para o BC fazer esse gerenciamento.\u201d<\/p>\n<p><a href=\"https:\/\/www.suno.com.br\/noticias\/producao-industrial-recua-diz-ibge\/\">Saiba mais: Produ\u00e7\u00e3o industrial recua 1,2% em novembro frente a outubro, diz IBGE<\/a><\/p>\n<p>O professor do departamento de Economia da Universidade de Bras\u00edlia, Jos\u00e9 Luis Oreiro, em entrevista ao &#8220;Valor Econ\u00f4mico&#8221;, disse que a pol\u00edtica de acumula\u00e7\u00e3o de reservas, iniciada por volta de 2006, foi o grande acerto da pol\u00edtica econ\u00f4mica do governo petista. No entanto, de fato, o volume atingido foi superior ao necess\u00e1rio para proteger o Pa\u00eds e que h\u00e1 espa\u00e7o para vendas de <strong>d\u00f3lares<\/strong> desde que o estoque se mantenha acima do n\u00edvel psicol\u00f3gico de US$ 300 bilh\u00f5es.<\/p>\n<p>\u201cA venda de reservas afeta o d\u00e9ficit nominal porque reduz o servi\u00e7o de juros e contribui para uma melhor trajet\u00f3ria da d\u00edvida no futuro\u201d, afirmou Oreiro, salientando que, para a <strong>d\u00edvida l\u00edquida<\/strong> do setor p\u00fablico (que contabiliza os ativos do governo), o impacto direto da venda de d\u00f3lares pelo <strong>Banco Central<\/strong> \u00e9 neutro.<\/p>\n\n","protected":false},"excerpt":{"rendered":"<p>Ao longo de 2019, o Banco Central (BC) vendeu US$ 36,9 bilh\u00f5es das reservas internacionais. Com isso, a d\u00edvida bruta do Pa\u00eds foi diminu\u00edda em dois pontos percentuais do Produto Interno Bruto (PIB), cerca de R$ 140 bilh\u00f5es. O diretor de Pol\u00edtica Econ\u00f4mica do BC disse que segue &quot;supertranquilo&quot; em rela\u00e7\u00e3o \u00e0 press\u00e3o inflacion\u00e1ria Com [&hellip;]<\/p>\n","protected":false},"author":24,"featured_media":36153,"comment_status":"closed","ping_status":"closed","sticky":false,"template":"","format":"standard","meta":[],"categories":[62],"tags":[1842,796,807],"suno_strategy":[],"class_list":["post-49238","post","type-post","status-publish","format-standard","has-post-thumbnail","hentry","category-economia","tag-banco-central-bc","tag-paulo-guedes","tag-produto-interno-bruto-pib"],"yoast_head":"<!-- This site is optimized with the Yoast SEO plugin v24.4 - https:\/\/yoast.com\/wordpress\/plugins\/seo\/ -->\n<title>Venda de d\u00f3lares pelo Banco Central reduz a d\u00edvida bruta do Pa\u00eds<\/title>\n<meta name=\"description\" content=\"Ao longo de 2019, o Banco Central vendeu US$ 36,9 bi das reservas internacionais. Com isso, a d\u00edvida bruta do Pa\u00eds foi diminu\u00edda. Saiba mais.\" \/>\n<meta name=\"robots\" content=\"index, follow, max-snippet:-1, max-image-preview:large, max-video-preview:-1\" \/>\n<link rel=\"canonical\" href=\"https:\/\/www.suno.com.br\/noticias\/venda-dolares-banco-central\/\" \/>\n<meta property=\"og:locale\" content=\"pt_BR\" \/>\n<meta property=\"og:type\" content=\"article\" \/>\n<meta property=\"og:title\" content=\"Venda de d\u00f3lares pelo Banco Central reduz a d\u00edvida bruta do Pa\u00eds\" \/>\n<meta property=\"og:description\" content=\"Ao longo de 2019, o Banco Central vendeu US$ 36,9 bi das reservas internacionais. Com isso, a d\u00edvida bruta do Pa\u00eds foi diminu\u00edda. Saiba mais.\" \/>\n<meta property=\"og:url\" content=\"https:\/\/www.suno.com.br\/noticias\/venda-dolares-banco-central\/\" \/>\n<meta property=\"og:site_name\" content=\"Suno Not\u00edcias\" \/>\n<meta property=\"article:publisher\" content=\"https:\/\/facebook.com\/sunoresearch\" \/>\n<meta property=\"og:image\" content=\"https:\/\/files.sunoresearch.com.br\/n\/uploads\/2019\/09\/ca8b1dc2-banco-central-1024x681.jpg\" \/>\n\t<meta property=\"og:image:width\" content=\"1024\" \/>\n\t<meta property=\"og:image:height\" content=\"681\" \/>\n\t<meta property=\"og:image:type\" content=\"image\/jpeg\" \/>\n<meta name=\"author\" content=\"Jader Lazarini\" \/>\n<meta name=\"twitter:card\" content=\"summary_large_image\" \/>\n<meta name=\"twitter:creator\" content=\"@sunoresearch\" \/>\n<meta name=\"twitter:site\" content=\"@sunoresearch\" \/>\n<meta name=\"twitter:label1\" content=\"Escrito por\" \/>\n\t<meta name=\"twitter:data1\" content=\"Jader Lazarini\" \/>\n\t<meta name=\"twitter:label2\" content=\"Est. tempo de leitura\" \/>\n\t<meta name=\"twitter:data2\" content=\"3 minutos\" \/>\n<script type=\"application\/ld+json\" class=\"yoast-schema-graph\">{\"@context\":\"https:\/\/schema.org\",\"@graph\":[{\"@type\":\"NewsArticle\",\"@id\":\"https:\/\/www.suno.com.br\/noticias\/venda-dolares-banco-central\/#article\",\"isPartOf\":{\"@id\":\"https:\/\/www.suno.com.br\/noticias\/venda-dolares-banco-central\/\"},\"author\":{\"name\":\"Jader Lazarini\",\"@id\":\"https:\/\/www.suno.com.br\/noticias\/#\/schema\/person\/918d79de1f0281f01599b93f9ea6e23f\"},\"headline\":\"Venda de d\u00f3lares pelo Banco Central reduz a d\u00edvida bruta do Pa\u00eds\",\"datePublished\":\"2020-01-10T11:22:05+00:00\",\"dateModified\":\"2021-02-18T01:46:35+00:00\",\"mainEntityOfPage\":{\"@id\":\"https:\/\/www.suno.com.br\/noticias\/venda-dolares-banco-central\/\"},\"wordCount\":595,\"publisher\":{\"@id\":\"https:\/\/www.suno.com.br\/noticias\/#organization\"},\"image\":{\"@id\":\"https:\/\/www.suno.com.br\/noticias\/venda-dolares-banco-central\/#primaryimage\"},\"thumbnailUrl\":\"https:\/\/files.sunoresearch.com.br\/n\/uploads\/2019\/09\/ca8b1dc2-banco-central-scaled.webp\",\"keywords\":[\"Banco Central (BC)\",\"Paulo Guedes\",\"Produto Interno Bruto (PIB)\"],\"articleSection\":[\"Economia\"],\"inLanguage\":\"pt-BR\"},{\"@type\":\"WebPage\",\"@id\":\"https:\/\/www.suno.com.br\/noticias\/venda-dolares-banco-central\/\",\"url\":\"https:\/\/www.suno.com.br\/noticias\/venda-dolares-banco-central\/\",\"name\":\"Venda de d\u00f3lares pelo Banco Central reduz a d\u00edvida bruta do Pa\u00eds\",\"isPartOf\":{\"@id\":\"https:\/\/www.suno.com.br\/noticias\/#website\"},\"primaryImageOfPage\":{\"@id\":\"https:\/\/www.suno.com.br\/noticias\/venda-dolares-banco-central\/#primaryimage\"},\"image\":{\"@id\":\"https:\/\/www.suno.com.br\/noticias\/venda-dolares-banco-central\/#primaryimage\"},\"thumbnailUrl\":\"https:\/\/files.sunoresearch.com.br\/n\/uploads\/2019\/09\/ca8b1dc2-banco-central-scaled.webp\",\"datePublished\":\"2020-01-10T11:22:05+00:00\",\"dateModified\":\"2021-02-18T01:46:35+00:00\",\"description\":\"Ao longo de 2019, o Banco Central vendeu US$ 36,9 bi das reservas internacionais. Com isso, a d\u00edvida bruta do Pa\u00eds foi diminu\u00edda. Saiba mais.\",\"breadcrumb\":{\"@id\":\"https:\/\/www.suno.com.br\/noticias\/venda-dolares-banco-central\/#breadcrumb\"},\"inLanguage\":\"pt-BR\",\"potentialAction\":[{\"@type\":\"ReadAction\",\"target\":[\"https:\/\/www.suno.com.br\/noticias\/venda-dolares-banco-central\/\"]}]},{\"@type\":\"ImageObject\",\"inLanguage\":\"pt-BR\",\"@id\":\"https:\/\/www.suno.com.br\/noticias\/venda-dolares-banco-central\/#primaryimage\",\"url\":\"https:\/\/files.sunoresearch.com.br\/n\/uploads\/2019\/09\/ca8b1dc2-banco-central-scaled.webp\",\"contentUrl\":\"https:\/\/files.sunoresearch.com.br\/n\/uploads\/2019\/09\/ca8b1dc2-banco-central-scaled.webp\",\"width\":2560,\"height\":1703,\"caption\":\"O diretor de Pol\u00edtica Econ\u00f4mica do BC disse que segue \\\"supertranquilo\\\" em rela\u00e7\u00e3o \u00e0 press\u00e3o inflacion\u00e1ria\"},{\"@type\":\"BreadcrumbList\",\"@id\":\"https:\/\/www.suno.com.br\/noticias\/venda-dolares-banco-central\/#breadcrumb\",\"itemListElement\":[{\"@type\":\"ListItem\",\"position\":1,\"name\":\"Not\u00edcias\",\"item\":\"https:\/\/www.suno.com.br\/noticias\/\"},{\"@type\":\"ListItem\",\"position\":2,\"name\":\"Economia\",\"item\":\"https:\/\/www.suno.com.br\/noticias\/economia\/\"},{\"@type\":\"ListItem\",\"position\":3,\"name\":\"Venda de d\u00f3lares pelo Banco Central reduz a d\u00edvida bruta do Pa\u00eds\"}]},{\"@type\":\"WebSite\",\"@id\":\"https:\/\/www.suno.com.br\/noticias\/#website\",\"url\":\"https:\/\/www.suno.com.br\/noticias\/\",\"name\":\"Suno Not\u00edcias\",\"description\":\"Seu portal de informa\u00e7\u00e3o sobre o mundo dos investimentos\",\"publisher\":{\"@id\":\"https:\/\/www.suno.com.br\/noticias\/#organization\"},\"potentialAction\":[{\"@type\":\"SearchAction\",\"target\":{\"@type\":\"EntryPoint\",\"urlTemplate\":\"https:\/\/www.suno.com.br\/noticias\/?s={search_term_string}\"},\"query-input\":{\"@type\":\"PropertyValueSpecification\",\"valueRequired\":true,\"valueName\":\"search_term_string\"}}],\"inLanguage\":\"pt-BR\"},{\"@type\":\"Organization\",\"@id\":\"https:\/\/www.suno.com.br\/noticias\/#organization\",\"name\":\"Suno Not\u00edcias\",\"url\":\"https:\/\/www.suno.com.br\/noticias\/\",\"logo\":{\"@type\":\"ImageObject\",\"inLanguage\":\"pt-BR\",\"@id\":\"https:\/\/www.suno.com.br\/noticias\/#\/schema\/logo\/image\/\",\"url\":\"https:\/\/files.sunoresearch.com.br\/n\/uploads\/2021\/09\/suno-logo.png\",\"contentUrl\":\"https:\/\/files.sunoresearch.com.br\/n\/uploads\/2021\/09\/suno-logo.png\",\"width\":180,\"height\":180,\"caption\":\"Suno Not\u00edcias\"},\"image\":{\"@id\":\"https:\/\/www.suno.com.br\/noticias\/#\/schema\/logo\/image\/\"},\"sameAs\":[\"https:\/\/facebook.com\/sunoresearch\",\"https:\/\/x.com\/sunoresearch\",\"https:\/\/www.instagram.com\/suno\",\"https:\/\/www.linkedin.com\/company\/suno-research\/\",\"https:\/\/www.youtube.com\/c\/sunoresearch\"]},{\"@type\":\"Person\",\"@id\":\"https:\/\/www.suno.com.br\/noticias\/#\/schema\/person\/918d79de1f0281f01599b93f9ea6e23f\",\"name\":\"Jader Lazarini\",\"image\":{\"@type\":\"ImageObject\",\"inLanguage\":\"pt-BR\",\"@id\":\"https:\/\/www.suno.com.br\/noticias\/#\/schema\/person\/image\/\",\"url\":\"https:\/\/secure.gravatar.com\/avatar\/3c1ad8caa51589841baeb923fcddea97?s=96&r=g\",\"contentUrl\":\"https:\/\/secure.gravatar.com\/avatar\/3c1ad8caa51589841baeb923fcddea97?s=96&r=g\",\"caption\":\"Jader Lazarini\"},\"description\":\"Jader Lazarini escreve sobre investimentos, finan\u00e7as, economia e neg\u00f3cios. \u00c9 bacharel em Rela\u00e7\u00f5es Internacionais e analista CNPI (2619).\",\"url\":\"https:\/\/www.suno.com.br\/noticias\/author\/jader-lazarini\/\"}]}<\/script>\n<!-- \/ Yoast SEO plugin. -->","yoast_head_json":{"title":"Venda de d\u00f3lares pelo Banco Central reduz a d\u00edvida bruta do Pa\u00eds","description":"Ao longo de 2019, o Banco Central vendeu US$ 36,9 bi das reservas internacionais. Com isso, a d\u00edvida bruta do Pa\u00eds foi diminu\u00edda. Saiba mais.","robots":{"index":"index","follow":"follow","max-snippet":"max-snippet:-1","max-image-preview":"max-image-preview:large","max-video-preview":"max-video-preview:-1"},"canonical":"https:\/\/www.suno.com.br\/noticias\/venda-dolares-banco-central\/","og_locale":"pt_BR","og_type":"article","og_title":"Venda de d\u00f3lares pelo Banco Central reduz a d\u00edvida bruta do Pa\u00eds","og_description":"Ao longo de 2019, o Banco Central vendeu US$ 36,9 bi das reservas internacionais. Com isso, a d\u00edvida bruta do Pa\u00eds foi diminu\u00edda. Saiba mais.","og_url":"https:\/\/www.suno.com.br\/noticias\/venda-dolares-banco-central\/","og_site_name":"Suno Not\u00edcias","article_publisher":"https:\/\/facebook.com\/sunoresearch","og_image":[{"width":1024,"height":681,"url":"https:\/\/files.sunoresearch.com.br\/n\/uploads\/2019\/09\/ca8b1dc2-banco-central-1024x681.jpg","type":"image\/jpeg"}],"author":"Jader Lazarini","twitter_card":"summary_large_image","twitter_creator":"@sunoresearch","twitter_site":"@sunoresearch","twitter_misc":{"Escrito por":"Jader Lazarini","Est. tempo de leitura":"3 minutos"},"schema":{"@context":"https:\/\/schema.org","@graph":[{"@type":"NewsArticle","@id":"https:\/\/www.suno.com.br\/noticias\/venda-dolares-banco-central\/#article","isPartOf":{"@id":"https:\/\/www.suno.com.br\/noticias\/venda-dolares-banco-central\/"},"author":{"name":"Jader Lazarini","@id":"https:\/\/www.suno.com.br\/noticias\/#\/schema\/person\/918d79de1f0281f01599b93f9ea6e23f"},"headline":"Venda de d\u00f3lares pelo Banco Central reduz a d\u00edvida bruta do Pa\u00eds","datePublished":"2020-01-10T11:22:05+00:00","dateModified":"2021-02-18T01:46:35+00:00","mainEntityOfPage":{"@id":"https:\/\/www.suno.com.br\/noticias\/venda-dolares-banco-central\/"},"wordCount":595,"publisher":{"@id":"https:\/\/www.suno.com.br\/noticias\/#organization"},"image":{"@id":"https:\/\/www.suno.com.br\/noticias\/venda-dolares-banco-central\/#primaryimage"},"thumbnailUrl":"https:\/\/files.sunoresearch.com.br\/n\/uploads\/2019\/09\/ca8b1dc2-banco-central-scaled.webp","keywords":["Banco Central (BC)","Paulo Guedes","Produto Interno Bruto (PIB)"],"articleSection":["Economia"],"inLanguage":"pt-BR"},{"@type":"WebPage","@id":"https:\/\/www.suno.com.br\/noticias\/venda-dolares-banco-central\/","url":"https:\/\/www.suno.com.br\/noticias\/venda-dolares-banco-central\/","name":"Venda de d\u00f3lares pelo Banco Central reduz a d\u00edvida bruta do Pa\u00eds","isPartOf":{"@id":"https:\/\/www.suno.com.br\/noticias\/#website"},"primaryImageOfPage":{"@id":"https:\/\/www.suno.com.br\/noticias\/venda-dolares-banco-central\/#primaryimage"},"image":{"@id":"https:\/\/www.suno.com.br\/noticias\/venda-dolares-banco-central\/#primaryimage"},"thumbnailUrl":"https:\/\/files.sunoresearch.com.br\/n\/uploads\/2019\/09\/ca8b1dc2-banco-central-scaled.webp","datePublished":"2020-01-10T11:22:05+00:00","dateModified":"2021-02-18T01:46:35+00:00","description":"Ao longo de 2019, o Banco Central vendeu US$ 36,9 bi das reservas internacionais. Com isso, a d\u00edvida bruta do Pa\u00eds foi diminu\u00edda. Saiba mais.","breadcrumb":{"@id":"https:\/\/www.suno.com.br\/noticias\/venda-dolares-banco-central\/#breadcrumb"},"inLanguage":"pt-BR","potentialAction":[{"@type":"ReadAction","target":["https:\/\/www.suno.com.br\/noticias\/venda-dolares-banco-central\/"]}]},{"@type":"ImageObject","inLanguage":"pt-BR","@id":"https:\/\/www.suno.com.br\/noticias\/venda-dolares-banco-central\/#primaryimage","url":"https:\/\/files.sunoresearch.com.br\/n\/uploads\/2019\/09\/ca8b1dc2-banco-central-scaled.webp","contentUrl":"https:\/\/files.sunoresearch.com.br\/n\/uploads\/2019\/09\/ca8b1dc2-banco-central-scaled.webp","width":2560,"height":1703,"caption":"O diretor de Pol\u00edtica Econ\u00f4mica do BC disse que segue \"supertranquilo\" em rela\u00e7\u00e3o \u00e0 press\u00e3o inflacion\u00e1ria"},{"@type":"BreadcrumbList","@id":"https:\/\/www.suno.com.br\/noticias\/venda-dolares-banco-central\/#breadcrumb","itemListElement":[{"@type":"ListItem","position":1,"name":"Not\u00edcias","item":"https:\/\/www.suno.com.br\/noticias\/"},{"@type":"ListItem","position":2,"name":"Economia","item":"https:\/\/www.suno.com.br\/noticias\/economia\/"},{"@type":"ListItem","position":3,"name":"Venda de d\u00f3lares pelo Banco Central reduz a d\u00edvida bruta do Pa\u00eds"}]},{"@type":"WebSite","@id":"https:\/\/www.suno.com.br\/noticias\/#website","url":"https:\/\/www.suno.com.br\/noticias\/","name":"Suno Not\u00edcias","description":"Seu portal de informa\u00e7\u00e3o sobre o mundo dos investimentos","publisher":{"@id":"https:\/\/www.suno.com.br\/noticias\/#organization"},"potentialAction":[{"@type":"SearchAction","target":{"@type":"EntryPoint","urlTemplate":"https:\/\/www.suno.com.br\/noticias\/?s={search_term_string}"},"query-input":{"@type":"PropertyValueSpecification","valueRequired":true,"valueName":"search_term_string"}}],"inLanguage":"pt-BR"},{"@type":"Organization","@id":"https:\/\/www.suno.com.br\/noticias\/#organization","name":"Suno Not\u00edcias","url":"https:\/\/www.suno.com.br\/noticias\/","logo":{"@type":"ImageObject","inLanguage":"pt-BR","@id":"https:\/\/www.suno.com.br\/noticias\/#\/schema\/logo\/image\/","url":"https:\/\/files.sunoresearch.com.br\/n\/uploads\/2021\/09\/suno-logo.png","contentUrl":"https:\/\/files.sunoresearch.com.br\/n\/uploads\/2021\/09\/suno-logo.png","width":180,"height":180,"caption":"Suno Not\u00edcias"},"image":{"@id":"https:\/\/www.suno.com.br\/noticias\/#\/schema\/logo\/image\/"},"sameAs":["https:\/\/facebook.com\/sunoresearch","https:\/\/x.com\/sunoresearch","https:\/\/www.instagram.com\/suno","https:\/\/www.linkedin.com\/company\/suno-research\/","https:\/\/www.youtube.com\/c\/sunoresearch"]},{"@type":"Person","@id":"https:\/\/www.suno.com.br\/noticias\/#\/schema\/person\/918d79de1f0281f01599b93f9ea6e23f","name":"Jader Lazarini","image":{"@type":"ImageObject","inLanguage":"pt-BR","@id":"https:\/\/www.suno.com.br\/noticias\/#\/schema\/person\/image\/","url":"https:\/\/secure.gravatar.com\/avatar\/3c1ad8caa51589841baeb923fcddea97?s=96&r=g","contentUrl":"https:\/\/secure.gravatar.com\/avatar\/3c1ad8caa51589841baeb923fcddea97?s=96&r=g","caption":"Jader Lazarini"},"description":"Jader Lazarini escreve sobre investimentos, finan\u00e7as, economia e neg\u00f3cios. \u00c9 bacharel em Rela\u00e7\u00f5es Internacionais e analista CNPI (2619).","url":"https:\/\/www.suno.com.br\/noticias\/author\/jader-lazarini\/"}]}},"default_loop_html":"<div class=\"cardsPage__listCard__boxs\"><div class=\"cardsPage__listCard__boxs__img\"><a href=\"https:\/\/www.suno.com.br\/noticias\/venda-dolares-banco-central\/\"><img class=\"mask\" src=\"https:\/\/www.suno.com.br\/noticias\/wp-content\/themes\/suno\/resources\/images\/spotlight\/spotlight1img\/bg-mask.png\" alt=\"Image Mask\"\/><img src=\"https:\/\/files.sunoresearch.com.br\/n\/uploads\/2019\/09\/ca8b1dc2-banco-central-400x200.webp\" alt=\"Venda de d\u00f3lares pelo Banco Central reduz a d\u00edvida bruta do Pa\u00eds\"\/><\/a><span class=\"spotlightCategory\"><a href=\"https:\/\/www.suno.com.br\/noticias\/economia\/\">Economia<\/a><\/span><\/div><div class=\"cardsPage__listCard__boxs__content\"><a href=\"https:\/\/www.suno.com.br\/noticias\/venda-dolares-banco-central\/\"><h2 class=\"content__title\">Venda de d\u00f3lares pelo Banco Central reduz a d\u00edvida bruta do Pa\u00eds<\/h2><\/a><div class=\"newsContent__article__meta\"><div class=\"newsContent__article__meta__authorBox\"><a href=\"https:\/\/www.suno.com.br\/noticias\/author\/jader-lazarini\/\" class=\"authorBox__avatar noMobi\"><img src=\"https:\/\/files.sunoresearch.com.br\/n\/uploads\/2021\/01\/178e6598-foto-perfil-2-150x150.jpg\" alt=\"Jader Lazarini\"><\/a><div class=\"authorBox__name\"><span>por\n\t\t\t<a href=\"https:\/\/www.suno.com.br\/noticias\/author\/jader-lazarini\/\"><span itemprop=\"author\">Jader Lazarini<\/span><\/a><\/span><time datetime=\"2020-01-10T09:22:05-03:00\" itemprop=\"datePublished\">10\/01\/2020 09:22<\/time><\/div><\/div><\/div><\/div><\/div>","single_layout":"posts","amp_enabled":true,"_links":{"self":[{"href":"https:\/\/www.suno.com.br\/noticias\/wp-json\/wp\/v2\/posts\/49238"}],"collection":[{"href":"https:\/\/www.suno.com.br\/noticias\/wp-json\/wp\/v2\/posts"}],"about":[{"href":"https:\/\/www.suno.com.br\/noticias\/wp-json\/wp\/v2\/types\/post"}],"author":[{"embeddable":true,"href":"https:\/\/www.suno.com.br\/noticias\/wp-json\/wp\/v2\/users\/24"}],"replies":[{"embeddable":true,"href":"https:\/\/www.suno.com.br\/noticias\/wp-json\/wp\/v2\/comments?post=49238"}],"version-history":[{"count":0,"href":"https:\/\/www.suno.com.br\/noticias\/wp-json\/wp\/v2\/posts\/49238\/revisions"}],"wp:featuredmedia":[{"embeddable":true,"href":"https:\/\/www.suno.com.br\/noticias\/wp-json\/wp\/v2\/media\/36153"}],"wp:attachment":[{"href":"https:\/\/www.suno.com.br\/noticias\/wp-json\/wp\/v2\/media?parent=49238"}],"wp:term":[{"taxonomy":"category","embeddable":true,"href":"https:\/\/www.suno.com.br\/noticias\/wp-json\/wp\/v2\/categories?post=49238"},{"taxonomy":"post_tag","embeddable":true,"href":"https:\/\/www.suno.com.br\/noticias\/wp-json\/wp\/v2\/tags?post=49238"},{"taxonomy":"suno_strategy","embeddable":true,"href":"https:\/\/www.suno.com.br\/noticias\/wp-json\/wp\/v2\/suno_strategy?post=49238"}],"curies":[{"name":"wp","href":"https:\/\/api.w.org\/{rel}","templated":true}]}}