{"id":49191,"date":"2020-01-09T18:36:56","date_gmt":"2020-01-09T20:36:56","guid":{"rendered":"https:\/\/www.suno.com.br\/noticias\/?p=49191"},"modified":"2020-01-09T18:36:56","modified_gmt":"2020-01-09T20:36:56","slug":"dolar-encerra-alta-09012020","status":"publish","type":"post","link":"https:\/\/www.suno.com.br\/noticias\/dolar-encerra-alta-09012020\/","title":{"rendered":"D\u00f3lar encerra em alta de 0,851% cotado a R$ 4,0864"},"content":{"rendered":"<p>O <a href=\"https:\/\/www.suno.com.br\/artigos\/investir-em-dolar\/\">d\u00f3lar<\/a> encerrou, nesta quinta-feira (9), em alta de +0,851% sendo cotado a R$ 4,0864.<\/p>\t<div class=\"wrapper-featured-image\">\n\t\t<figure class=\"spotlightImg\">\n\n\t\t\t<picture>\n\t\t\t\t<source media=\"(max-width: 768px)\" srcset=\"https:\/\/files.sunoresearch.com.br\/n\/uploads\/2019\/06\/753f7398-dol\u00e1r-400x200.webp\">\n\t\t\t\t<img loading=\"lazy\" decoding=\"async\" class=\"newsContent__article__imgCapa lazyloadDisabled newsContent__article__imgCapa--noCaption\" src=\"https:\/\/files.sunoresearch.com.br\/n\/uploads\/2019\/06\/753f7398-dol\u00e1r-800x450.webp\" width=\"800\" height=\"450\" alt=\"D\u00f3lar encerra em alta de 0,851% cotado a R$ 4,0864\" fetchpriority=high \/>\n\t\t\t<\/picture>\n\n\t\t\t<figcaption class=\"wp-caption-text wp-caption-text--hide\">O d\u00f3lar hoje fechou no maior patamar desde 2 de outubro<\/figcaption>\n\t\t<\/figure>\n\t<\/div>\n\n\n\n<p>O <strong>d\u00f3lar <\/strong>subiu devido a v\u00e1rios fatores. Entre as not\u00edcias do dia, o presidente dos <strong>Estados Unidos<\/strong>, <a href=\"https:\/\/www.suno.com.br\/tudo-sobre\/donald-trump\/\"><strong>Donald Trump<\/strong><\/a>, disse que negocia\u00e7\u00f5es com a <strong>China<\/strong> para um acordo sobre a <a href=\"https:\/\/www.suno.com.br\/artigos\/a-guerra-comercial\/\"><strong>guerra comercial<\/strong><\/a> ser\u00e3o retomadas em breve.<\/p>\n<p>Al\u00e9m disso, contribu\u00edram para o resultado desta <b>quinta <\/b>do <strong>d\u00f3lar<\/strong>:<\/p>\n<ul>\n<li><strong>Produ\u00e7\u00e3o industrial<\/strong> recua 1,2% em novembro frente a outubro, diz <strong>IBGE<\/strong>;<\/li>\n<li>Ataque \u00e0s bases americanas foi in\u00edcio de uma s\u00e9rie, diz comandante do <strong>Ir\u00e3<\/strong>;<\/li>\n<\/ul>\n<h2>Guerra comercial<\/h2>\n<p>O presidente dos <strong>Estados Unidos<\/strong>, <a href=\"https:\/\/www.suno.com.br\/tudo-sobre\/donald-trump\/\"><strong>Donald<\/strong> <strong>Trump<\/strong><\/a>, afirmou nesta quinta-feira (9), que as negocia\u00e7\u00f5es da segunda fase do acordo da <a href=\"https:\/\/www.suno.com.br\/artigos\/a-guerra-comercial\/\">guerra comercial<\/a> com a <strong>China<\/strong> devem come\u00e7ar em breve. Ainda assim, as tratativas se prolongar\u00e3o para al\u00e9m das elei\u00e7\u00f5es norte-americanas, que ocorrer\u00e3o no dia 3 de novembro.<\/p>\n<p><a href=\"https:\/\/www.suno.com.br\/noticias\/guerra-comercial-trump-negociacoes-retomadas-breve\/\">Saiba mais: Guerra comercial: Trump diz que negocia\u00e7\u00f5es ser\u00e3o retomadas em breve<\/a><\/p>\n<p>\u201cEstamos come\u00e7ando em breve a fase dois. Vai levar algum tempo. Acho que vou esperar para finalizar o acordo depois das elei\u00e7\u00f5es, porque, fazendo isso, penso que podemos conseguir um acordo um pouco melhor, ou at\u00e9 muito melhor\u201d, disse o presidente <strong>Donald<\/strong> <strong>Trump<\/strong> sobre a <strong>guerra<\/strong> <strong>comercial<\/strong>.<\/p>\n<h2>Produ\u00e7\u00e3o industrial<\/h2>\n<p>O <strong>Instituto Brasileiro de Geografia e Estat\u00edstica (IBGE)<\/strong> divulgou na manh\u00e3 desta quinta-feira (9) que a produ\u00e7\u00e3o industrial, em novembro de 2019, apresentou uma queda de 1,2% em compara\u00e7\u00e3o com o m\u00eas anterior. Segundo o instituto, houve um decl\u00ednio na produ\u00e7\u00e3o das quatro grandes categorias econ\u00f4micas e em 16 das 26 atividades pesquisadas.<\/p>\n<p><a href=\"https:\/\/www.suno.com.br\/noticias\/producao-industrial-recua-diz-ibge\/\">Saiba mais: Produ\u00e7\u00e3o industrial recua 1,2% em novembro frente a outubro, diz IBGE<\/a><\/p>\n<p>O resultado apaga parte do crescimento de 2,2% acumulada no per\u00edodo agosto a outubro do ano passado. Dessa forma, a <strong>produ\u00e7\u00e3o industrial<\/strong> se encontra 17,1% abaixo do patamar recorde alcan\u00e7ado em maio de 2011. O setor industrial acumula queda de 1,1% no ano.<\/p>\n<h2>EUA x Ir\u00e3<\/h2>\n<p>O <strong>bombardeio<\/strong> do Ir\u00e3 contra as bases <strong>norte-americanas<\/strong> foi apenas o in\u00edcio de uma s\u00e9rie de ataques contra os <strong>Estados Unidos<\/strong> no<strong> Oriente M\u00e9dio<\/strong>, afirmou o comandante da For\u00e7a Aeroespacial da Guarda Revolucion\u00e1ria iraniana, <strong>Amirali Hajizadeh<\/strong>.<\/p>\n<p><a href=\"https:\/\/www.suno.com.br\/noticias\/ataque-as-bases-americanas-foi-inicio-de-uma-serie-diz-comandante-do-ira\/\">Saiba mais: Ataque \u00e0s bases americanas foi in\u00edcio de uma s\u00e9rie, diz comandante do Ir\u00e3<\/a><\/p>\n<p>De acordo com Hajizadeh, a &#8220;vingan\u00e7a apropriada&#8221; pela morte do segundo homem mais importante do <strong>Ir\u00e3<\/strong>, o general <strong>Qassem Soleimani<\/strong>, ser\u00e1 expulsar as for\u00e7as norte-americanas na regi\u00e3o do Oriente M\u00e9dio.<\/p>\n\t<p>\n\t\t<a href=\"https:\/\/lps.suno.com.br\/asset\/newsletter\/\" target=\"_blank\" data-element=\"shortcode-suno-banner\" title=\"Banner SUNO, clique e saiba mais\">\n\t\t\t<picture>\n\t\t\t\t<source media=\"(max-width: 500px)\" srcset=\"https:\/\/files.sunoresearch.com.br\/n\/uploads\/2023\/04\/400x300-Mobile-Artigos-4.jpg\">\n\t\t\t\t<img class=\"newsContent__article__imgCapa newsContent__article__imgCapa--banner\"\n\t\t\t\t\tsrc=\"https:\/\/files.sunoresearch.com.br\/n\/uploads\/2023\/04\/1420x240-Banner-Artigos-1-_-Banner-Materias-1.jpg\"\n\t\t\t\t\tdata-promo-id=\"386700\"\t\t\t\t\t\t\t\t\t\twidth='1420' height='240'\t\t\t\t\talt=\"https:\/\/files.sunoresearch.com.br\/n\/uploads\/2023\/04\/1420x240-Banner-Artigos-1-_-Banner-Materias-1.jpg\"\n\t\t\t\t>\n\t\t\t<\/picture>\n\t\t<\/a>\n\t<\/p>\n\n\n<p>Ademais, o chefe da for\u00e7a iraniana informou que a inten\u00e7\u00e3o do ataque, que ocorreu na \u00faltima ter\u00e7a-feira (7) e atingiu as bases militares dos Estados Unidos, n\u00e3o teve a inten\u00e7\u00e3o de matar os soldados, mas sim de danificar a &#8220;maquina militar&#8221; americana.<\/p>\n<h2>\u00daltima cota\u00e7\u00e3o do d\u00f3lar<\/h2>\n<p>Na \u00faltima sess\u00e3o, segunda-feira, o <strong>d\u00f3lar<\/strong> encerrou em alta sendo cotado a R$ 4,0643 no valor de venda.<\/p>\n\n","protected":false},"excerpt":{"rendered":"<p>O d\u00f3lar encerrou, nesta quinta-feira (9), em alta de +0,851% sendo cotado a R$ 4,0864. O d\u00f3lar hoje fechou no maior patamar desde 2 de outubro O d\u00f3lar subiu devido a v\u00e1rios fatores. Entre as not\u00edcias do dia, o presidente dos Estados Unidos, Donald Trump, disse que negocia\u00e7\u00f5es com a China para um acordo sobre [&hellip;]<\/p>\n","protected":false},"author":23,"featured_media":27876,"comment_status":"closed","ping_status":"closed","sticky":false,"template":"","format":"standard","meta":[],"categories":[60],"tags":[326,980,1458,820],"suno_strategy":[],"class_list":["post-49191","post","type-post","status-publish","format-standard","has-post-thumbnail","hentry","category-mercado","tag-dolar","tag-guerra-comercial","tag-ira","tag-producao-industrial"],"yoast_head":"<!-- This site is optimized with the Yoast SEO plugin v24.4 - https:\/\/yoast.com\/wordpress\/plugins\/seo\/ -->\n<title>D\u00f3lar encerra em alta de 0,851% cotado a R$ 4,0864<\/title>\n<meta name=\"description\" content=\"O d\u00f3lar encerrou, nesta quinta-feira (9), em alta de +0,851% sendo cotado a R$ 4,0864 ap\u00f3s novidades da guerra comercial. Clique para mais.\" \/>\n<meta name=\"robots\" content=\"index, follow, max-snippet:-1, max-image-preview:large, max-video-preview:-1\" \/>\n<link rel=\"canonical\" href=\"https:\/\/www.suno.com.br\/noticias\/dolar-encerra-alta-09012020\/\" \/>\n<meta property=\"og:locale\" content=\"pt_BR\" \/>\n<meta property=\"og:type\" content=\"article\" \/>\n<meta property=\"og:title\" content=\"D\u00f3lar encerra em alta de 0,851% cotado a R$ 4,0864\" \/>\n<meta property=\"og:description\" content=\"O d\u00f3lar encerrou, nesta quinta-feira (9), em alta de +0,851% sendo cotado a R$ 4,0864 ap\u00f3s novidades da guerra comercial. Clique para mais.\" \/>\n<meta property=\"og:url\" content=\"https:\/\/www.suno.com.br\/noticias\/dolar-encerra-alta-09012020\/\" \/>\n<meta property=\"og:site_name\" content=\"Suno Not\u00edcias\" \/>\n<meta property=\"article:publisher\" content=\"https:\/\/facebook.com\/sunoresearch\" \/>\n<meta property=\"og:image\" content=\"https:\/\/files.sunoresearch.com.br\/n\/uploads\/2019\/06\/753f7398-dol\u00e1r.jpg\" \/>\n\t<meta property=\"og:image:width\" content=\"2598\" \/>\n\t<meta property=\"og:image:height\" content=\"1700\" \/>\n\t<meta property=\"og:image:type\" content=\"image\/jpeg\" \/>\n<meta name=\"author\" content=\"Rafael Lara\" \/>\n<meta name=\"twitter:card\" content=\"summary_large_image\" \/>\n<meta name=\"twitter:creator\" content=\"@sunoresearch\" \/>\n<meta name=\"twitter:site\" content=\"@sunoresearch\" \/>\n<meta name=\"twitter:label1\" content=\"Escrito por\" \/>\n\t<meta name=\"twitter:data1\" content=\"Rafael Lara\" \/>\n\t<meta name=\"twitter:label2\" content=\"Est. tempo de leitura\" \/>\n\t<meta name=\"twitter:data2\" content=\"2 minutos\" \/>\n<script type=\"application\/ld+json\" class=\"yoast-schema-graph\">{\"@context\":\"https:\/\/schema.org\",\"@graph\":[{\"@type\":\"NewsArticle\",\"@id\":\"https:\/\/www.suno.com.br\/noticias\/dolar-encerra-alta-09012020\/#article\",\"isPartOf\":{\"@id\":\"https:\/\/www.suno.com.br\/noticias\/dolar-encerra-alta-09012020\/\"},\"author\":{\"name\":\"Rafael Lara\",\"@id\":\"https:\/\/www.suno.com.br\/noticias\/#\/schema\/person\/098743caeed97b37f51315c9576c4078\"},\"headline\":\"D\u00f3lar encerra em alta de 0,851% cotado a R$ 4,0864\",\"datePublished\":\"2020-01-09T20:36:56+00:00\",\"mainEntityOfPage\":{\"@id\":\"https:\/\/www.suno.com.br\/noticias\/dolar-encerra-alta-09012020\/\"},\"wordCount\":508,\"publisher\":{\"@id\":\"https:\/\/www.suno.com.br\/noticias\/#organization\"},\"image\":{\"@id\":\"https:\/\/www.suno.com.br\/noticias\/dolar-encerra-alta-09012020\/#primaryimage\"},\"thumbnailUrl\":\"https:\/\/files.sunoresearch.com.br\/n\/uploads\/2019\/06\/753f7398-dol\u00e1r-scaled.webp\",\"keywords\":[\"d\u00f3lar\",\"guerra comercial\",\"Ir\u00e3\",\"produ\u00e7\u00e3o industrial\"],\"articleSection\":[\"Mercado\"],\"inLanguage\":\"pt-BR\"},{\"@type\":\"WebPage\",\"@id\":\"https:\/\/www.suno.com.br\/noticias\/dolar-encerra-alta-09012020\/\",\"url\":\"https:\/\/www.suno.com.br\/noticias\/dolar-encerra-alta-09012020\/\",\"name\":\"D\u00f3lar encerra em alta de 0,851% cotado a R$ 4,0864\",\"isPartOf\":{\"@id\":\"https:\/\/www.suno.com.br\/noticias\/#website\"},\"primaryImageOfPage\":{\"@id\":\"https:\/\/www.suno.com.br\/noticias\/dolar-encerra-alta-09012020\/#primaryimage\"},\"image\":{\"@id\":\"https:\/\/www.suno.com.br\/noticias\/dolar-encerra-alta-09012020\/#primaryimage\"},\"thumbnailUrl\":\"https:\/\/files.sunoresearch.com.br\/n\/uploads\/2019\/06\/753f7398-dol\u00e1r-scaled.webp\",\"datePublished\":\"2020-01-09T20:36:56+00:00\",\"description\":\"O d\u00f3lar encerrou, nesta quinta-feira (9), em alta de +0,851% sendo cotado a R$ 4,0864 ap\u00f3s novidades da guerra comercial. Clique para mais.\",\"breadcrumb\":{\"@id\":\"https:\/\/www.suno.com.br\/noticias\/dolar-encerra-alta-09012020\/#breadcrumb\"},\"inLanguage\":\"pt-BR\",\"potentialAction\":[{\"@type\":\"ReadAction\",\"target\":[\"https:\/\/www.suno.com.br\/noticias\/dolar-encerra-alta-09012020\/\"]}]},{\"@type\":\"ImageObject\",\"inLanguage\":\"pt-BR\",\"@id\":\"https:\/\/www.suno.com.br\/noticias\/dolar-encerra-alta-09012020\/#primaryimage\",\"url\":\"https:\/\/files.sunoresearch.com.br\/n\/uploads\/2019\/06\/753f7398-dol\u00e1r-scaled.webp\",\"contentUrl\":\"https:\/\/files.sunoresearch.com.br\/n\/uploads\/2019\/06\/753f7398-dol\u00e1r-scaled.webp\",\"width\":2560,\"height\":1675,\"caption\":\"O d\u00f3lar hoje fechou no maior patamar desde 2 de outubro\"},{\"@type\":\"BreadcrumbList\",\"@id\":\"https:\/\/www.suno.com.br\/noticias\/dolar-encerra-alta-09012020\/#breadcrumb\",\"itemListElement\":[{\"@type\":\"ListItem\",\"position\":1,\"name\":\"Not\u00edcias\",\"item\":\"https:\/\/www.suno.com.br\/noticias\/\"},{\"@type\":\"ListItem\",\"position\":2,\"name\":\"Mercado\",\"item\":\"https:\/\/www.suno.com.br\/noticias\/mercado\/\"},{\"@type\":\"ListItem\",\"position\":3,\"name\":\"D\u00f3lar encerra em alta de 0,851% cotado a R$ 4,0864\"}]},{\"@type\":\"WebSite\",\"@id\":\"https:\/\/www.suno.com.br\/noticias\/#website\",\"url\":\"https:\/\/www.suno.com.br\/noticias\/\",\"name\":\"Suno Not\u00edcias\",\"description\":\"Seu portal de informa\u00e7\u00e3o sobre o mundo dos investimentos\",\"publisher\":{\"@id\":\"https:\/\/www.suno.com.br\/noticias\/#organization\"},\"potentialAction\":[{\"@type\":\"SearchAction\",\"target\":{\"@type\":\"EntryPoint\",\"urlTemplate\":\"https:\/\/www.suno.com.br\/noticias\/?s={search_term_string}\"},\"query-input\":{\"@type\":\"PropertyValueSpecification\",\"valueRequired\":true,\"valueName\":\"search_term_string\"}}],\"inLanguage\":\"pt-BR\"},{\"@type\":\"Organization\",\"@id\":\"https:\/\/www.suno.com.br\/noticias\/#organization\",\"name\":\"Suno Not\u00edcias\",\"url\":\"https:\/\/www.suno.com.br\/noticias\/\",\"logo\":{\"@type\":\"ImageObject\",\"inLanguage\":\"pt-BR\",\"@id\":\"https:\/\/www.suno.com.br\/noticias\/#\/schema\/logo\/image\/\",\"url\":\"https:\/\/files.sunoresearch.com.br\/n\/uploads\/2021\/09\/suno-logo.png\",\"contentUrl\":\"https:\/\/files.sunoresearch.com.br\/n\/uploads\/2021\/09\/suno-logo.png\",\"width\":180,\"height\":180,\"caption\":\"Suno Not\u00edcias\"},\"image\":{\"@id\":\"https:\/\/www.suno.com.br\/noticias\/#\/schema\/logo\/image\/\"},\"sameAs\":[\"https:\/\/facebook.com\/sunoresearch\",\"https:\/\/x.com\/sunoresearch\",\"https:\/\/www.instagram.com\/suno\",\"https:\/\/www.linkedin.com\/company\/suno-research\/\",\"https:\/\/www.youtube.com\/c\/sunoresearch\"]},{\"@type\":\"Person\",\"@id\":\"https:\/\/www.suno.com.br\/noticias\/#\/schema\/person\/098743caeed97b37f51315c9576c4078\",\"name\":\"Rafael Lara\",\"image\":{\"@type\":\"ImageObject\",\"inLanguage\":\"pt-BR\",\"@id\":\"https:\/\/www.suno.com.br\/noticias\/#\/schema\/person\/image\/\",\"url\":\"https:\/\/secure.gravatar.com\/avatar\/dfc254ab9bb2ea1895d98b9e9dae4bdd?s=96&r=g\",\"contentUrl\":\"https:\/\/secure.gravatar.com\/avatar\/dfc254ab9bb2ea1895d98b9e9dae4bdd?s=96&r=g\",\"caption\":\"Rafael Lara\"},\"description\":\"Rafael Lara cursa jornalismo na Faculdade C\u00e1sper L\u00edbero. Escreve sobre pol\u00edtica, economia e neg\u00f3cios para o portal Suno Not\u00edcias. Antes, colaborou na TV Gazeta na produ\u00e7\u00e3o do programa Edi\u00e7\u00e3o Extra.\",\"url\":\"https:\/\/www.suno.com.br\/noticias\/author\/rafael\/\"}]}<\/script>\n<!-- \/ Yoast SEO plugin. -->","yoast_head_json":{"title":"D\u00f3lar encerra em alta de 0,851% cotado a R$ 4,0864","description":"O d\u00f3lar encerrou, nesta quinta-feira (9), em alta de +0,851% sendo cotado a R$ 4,0864 ap\u00f3s novidades da guerra comercial. Clique para mais.","robots":{"index":"index","follow":"follow","max-snippet":"max-snippet:-1","max-image-preview":"max-image-preview:large","max-video-preview":"max-video-preview:-1"},"canonical":"https:\/\/www.suno.com.br\/noticias\/dolar-encerra-alta-09012020\/","og_locale":"pt_BR","og_type":"article","og_title":"D\u00f3lar encerra em alta de 0,851% cotado a R$ 4,0864","og_description":"O d\u00f3lar encerrou, nesta quinta-feira (9), em alta de +0,851% sendo cotado a R$ 4,0864 ap\u00f3s novidades da guerra comercial. Clique para mais.","og_url":"https:\/\/www.suno.com.br\/noticias\/dolar-encerra-alta-09012020\/","og_site_name":"Suno Not\u00edcias","article_publisher":"https:\/\/facebook.com\/sunoresearch","og_image":[{"width":2598,"height":1700,"url":"https:\/\/files.sunoresearch.com.br\/n\/uploads\/2019\/06\/753f7398-dol\u00e1r.jpg","type":"image\/jpeg"}],"author":"Rafael Lara","twitter_card":"summary_large_image","twitter_creator":"@sunoresearch","twitter_site":"@sunoresearch","twitter_misc":{"Escrito por":"Rafael Lara","Est. tempo de leitura":"2 minutos"},"schema":{"@context":"https:\/\/schema.org","@graph":[{"@type":"NewsArticle","@id":"https:\/\/www.suno.com.br\/noticias\/dolar-encerra-alta-09012020\/#article","isPartOf":{"@id":"https:\/\/www.suno.com.br\/noticias\/dolar-encerra-alta-09012020\/"},"author":{"name":"Rafael Lara","@id":"https:\/\/www.suno.com.br\/noticias\/#\/schema\/person\/098743caeed97b37f51315c9576c4078"},"headline":"D\u00f3lar encerra em alta de 0,851% cotado a R$ 4,0864","datePublished":"2020-01-09T20:36:56+00:00","mainEntityOfPage":{"@id":"https:\/\/www.suno.com.br\/noticias\/dolar-encerra-alta-09012020\/"},"wordCount":508,"publisher":{"@id":"https:\/\/www.suno.com.br\/noticias\/#organization"},"image":{"@id":"https:\/\/www.suno.com.br\/noticias\/dolar-encerra-alta-09012020\/#primaryimage"},"thumbnailUrl":"https:\/\/files.sunoresearch.com.br\/n\/uploads\/2019\/06\/753f7398-dol\u00e1r-scaled.webp","keywords":["d\u00f3lar","guerra comercial","Ir\u00e3","produ\u00e7\u00e3o industrial"],"articleSection":["Mercado"],"inLanguage":"pt-BR"},{"@type":"WebPage","@id":"https:\/\/www.suno.com.br\/noticias\/dolar-encerra-alta-09012020\/","url":"https:\/\/www.suno.com.br\/noticias\/dolar-encerra-alta-09012020\/","name":"D\u00f3lar encerra em alta de 0,851% cotado a R$ 4,0864","isPartOf":{"@id":"https:\/\/www.suno.com.br\/noticias\/#website"},"primaryImageOfPage":{"@id":"https:\/\/www.suno.com.br\/noticias\/dolar-encerra-alta-09012020\/#primaryimage"},"image":{"@id":"https:\/\/www.suno.com.br\/noticias\/dolar-encerra-alta-09012020\/#primaryimage"},"thumbnailUrl":"https:\/\/files.sunoresearch.com.br\/n\/uploads\/2019\/06\/753f7398-dol\u00e1r-scaled.webp","datePublished":"2020-01-09T20:36:56+00:00","description":"O d\u00f3lar encerrou, nesta quinta-feira (9), em alta de +0,851% sendo cotado a R$ 4,0864 ap\u00f3s novidades da guerra comercial. Clique para mais.","breadcrumb":{"@id":"https:\/\/www.suno.com.br\/noticias\/dolar-encerra-alta-09012020\/#breadcrumb"},"inLanguage":"pt-BR","potentialAction":[{"@type":"ReadAction","target":["https:\/\/www.suno.com.br\/noticias\/dolar-encerra-alta-09012020\/"]}]},{"@type":"ImageObject","inLanguage":"pt-BR","@id":"https:\/\/www.suno.com.br\/noticias\/dolar-encerra-alta-09012020\/#primaryimage","url":"https:\/\/files.sunoresearch.com.br\/n\/uploads\/2019\/06\/753f7398-dol\u00e1r-scaled.webp","contentUrl":"https:\/\/files.sunoresearch.com.br\/n\/uploads\/2019\/06\/753f7398-dol\u00e1r-scaled.webp","width":2560,"height":1675,"caption":"O d\u00f3lar hoje fechou no maior patamar desde 2 de outubro"},{"@type":"BreadcrumbList","@id":"https:\/\/www.suno.com.br\/noticias\/dolar-encerra-alta-09012020\/#breadcrumb","itemListElement":[{"@type":"ListItem","position":1,"name":"Not\u00edcias","item":"https:\/\/www.suno.com.br\/noticias\/"},{"@type":"ListItem","position":2,"name":"Mercado","item":"https:\/\/www.suno.com.br\/noticias\/mercado\/"},{"@type":"ListItem","position":3,"name":"D\u00f3lar encerra em alta de 0,851% cotado a R$ 4,0864"}]},{"@type":"WebSite","@id":"https:\/\/www.suno.com.br\/noticias\/#website","url":"https:\/\/www.suno.com.br\/noticias\/","name":"Suno Not\u00edcias","description":"Seu portal de informa\u00e7\u00e3o sobre o mundo dos investimentos","publisher":{"@id":"https:\/\/www.suno.com.br\/noticias\/#organization"},"potentialAction":[{"@type":"SearchAction","target":{"@type":"EntryPoint","urlTemplate":"https:\/\/www.suno.com.br\/noticias\/?s={search_term_string}"},"query-input":{"@type":"PropertyValueSpecification","valueRequired":true,"valueName":"search_term_string"}}],"inLanguage":"pt-BR"},{"@type":"Organization","@id":"https:\/\/www.suno.com.br\/noticias\/#organization","name":"Suno Not\u00edcias","url":"https:\/\/www.suno.com.br\/noticias\/","logo":{"@type":"ImageObject","inLanguage":"pt-BR","@id":"https:\/\/www.suno.com.br\/noticias\/#\/schema\/logo\/image\/","url":"https:\/\/files.sunoresearch.com.br\/n\/uploads\/2021\/09\/suno-logo.png","contentUrl":"https:\/\/files.sunoresearch.com.br\/n\/uploads\/2021\/09\/suno-logo.png","width":180,"height":180,"caption":"Suno Not\u00edcias"},"image":{"@id":"https:\/\/www.suno.com.br\/noticias\/#\/schema\/logo\/image\/"},"sameAs":["https:\/\/facebook.com\/sunoresearch","https:\/\/x.com\/sunoresearch","https:\/\/www.instagram.com\/suno","https:\/\/www.linkedin.com\/company\/suno-research\/","https:\/\/www.youtube.com\/c\/sunoresearch"]},{"@type":"Person","@id":"https:\/\/www.suno.com.br\/noticias\/#\/schema\/person\/098743caeed97b37f51315c9576c4078","name":"Rafael Lara","image":{"@type":"ImageObject","inLanguage":"pt-BR","@id":"https:\/\/www.suno.com.br\/noticias\/#\/schema\/person\/image\/","url":"https:\/\/secure.gravatar.com\/avatar\/dfc254ab9bb2ea1895d98b9e9dae4bdd?s=96&r=g","contentUrl":"https:\/\/secure.gravatar.com\/avatar\/dfc254ab9bb2ea1895d98b9e9dae4bdd?s=96&r=g","caption":"Rafael Lara"},"description":"Rafael Lara cursa jornalismo na Faculdade C\u00e1sper L\u00edbero. Escreve sobre pol\u00edtica, economia e neg\u00f3cios para o portal Suno Not\u00edcias. Antes, colaborou na TV Gazeta na produ\u00e7\u00e3o do programa Edi\u00e7\u00e3o Extra.","url":"https:\/\/www.suno.com.br\/noticias\/author\/rafael\/"}]}},"default_loop_html":"<div class=\"cardsPage__listCard__boxs\"><div class=\"cardsPage__listCard__boxs__img\"><a href=\"https:\/\/www.suno.com.br\/noticias\/dolar-encerra-alta-09012020\/\"><img class=\"mask\" src=\"https:\/\/www.suno.com.br\/noticias\/wp-content\/themes\/suno\/resources\/images\/spotlight\/spotlight1img\/bg-mask.png\" alt=\"Image Mask\"\/><img src=\"https:\/\/files.sunoresearch.com.br\/n\/uploads\/2019\/06\/753f7398-dol\u00e1r-400x200.webp\" alt=\"D\u00f3lar encerra em alta de 0,851% cotado a R$ 4,0864\"\/><\/a><span class=\"spotlightCategory\"><a href=\"https:\/\/www.suno.com.br\/noticias\/mercado\/\">Mercado<\/a><\/span><\/div><div class=\"cardsPage__listCard__boxs__content\"><a href=\"https:\/\/www.suno.com.br\/noticias\/dolar-encerra-alta-09012020\/\"><h2 class=\"content__title\">D\u00f3lar encerra em alta de 0,851% cotado a R$ 4,0864<\/h2><\/a><div class=\"newsContent__article__meta\"><div class=\"newsContent__article__meta__authorBox\"><a href=\"https:\/\/www.suno.com.br\/noticias\/author\/rafael\/\" class=\"authorBox__avatar noMobi\"><img src=\"https:\/\/secure.gravatar.com\/avatar\/dfc254ab9bb2ea1895d98b9e9dae4bdd?s=96&#038;r=g\" alt=\"Rafael Lara\"><\/a><div class=\"authorBox__name\"><span>por\n\t\t\t<a href=\"https:\/\/www.suno.com.br\/noticias\/author\/rafael\/\"><span itemprop=\"author\">Rafael Lara<\/span><\/a><\/span><time datetime=\"2020-01-09T18:36:56-03:00\" itemprop=\"datePublished\">09\/01\/2020 18:36<\/time><\/div><\/div><\/div><\/div><\/div>","single_layout":"posts","amp_enabled":true,"_links":{"self":[{"href":"https:\/\/www.suno.com.br\/noticias\/wp-json\/wp\/v2\/posts\/49191"}],"collection":[{"href":"https:\/\/www.suno.com.br\/noticias\/wp-json\/wp\/v2\/posts"}],"about":[{"href":"https:\/\/www.suno.com.br\/noticias\/wp-json\/wp\/v2\/types\/post"}],"author":[{"embeddable":true,"href":"https:\/\/www.suno.com.br\/noticias\/wp-json\/wp\/v2\/users\/23"}],"replies":[{"embeddable":true,"href":"https:\/\/www.suno.com.br\/noticias\/wp-json\/wp\/v2\/comments?post=49191"}],"version-history":[{"count":0,"href":"https:\/\/www.suno.com.br\/noticias\/wp-json\/wp\/v2\/posts\/49191\/revisions"}],"wp:featuredmedia":[{"embeddable":true,"href":"https:\/\/www.suno.com.br\/noticias\/wp-json\/wp\/v2\/media\/27876"}],"wp:attachment":[{"href":"https:\/\/www.suno.com.br\/noticias\/wp-json\/wp\/v2\/media?parent=49191"}],"wp:term":[{"taxonomy":"category","embeddable":true,"href":"https:\/\/www.suno.com.br\/noticias\/wp-json\/wp\/v2\/categories?post=49191"},{"taxonomy":"post_tag","embeddable":true,"href":"https:\/\/www.suno.com.br\/noticias\/wp-json\/wp\/v2\/tags?post=49191"},{"taxonomy":"suno_strategy","embeddable":true,"href":"https:\/\/www.suno.com.br\/noticias\/wp-json\/wp\/v2\/suno_strategy?post=49191"}],"curies":[{"name":"wp","href":"https:\/\/api.w.org\/{rel}","templated":true}]}}