{"id":4917,"date":"2018-10-05T17:39:38","date_gmt":"2018-10-05T20:39:38","guid":{"rendered":"https:\/\/www.suno.com.br\/noticias\/?p=4917"},"modified":"2021-02-18T15:25:32","modified_gmt":"2021-02-18T18:25:32","slug":"mal-estar-no-exterior-e-cautela-com-as-eleicoes-levam-ibovespa-a-fechar-em-queda-de-076","status":"publish","type":"post","link":"https:\/\/www.suno.com.br\/noticias\/mal-estar-no-exterior-e-cautela-com-as-eleicoes-levam-ibovespa-a-fechar-em-queda-de-076\/","title":{"rendered":"Mal estar no exterior e cautela com as elei\u00e7\u00f5es levam Ibovespa a fechar em queda de 0,76%"},"content":{"rendered":"<p>O Ibovespa fechou a sexta-feira em queda de 0,76% aos 82.321 pontos, com os investidores cautelosos com \u00e0s elei\u00e7\u00f5es que ocorrem no dia 07 de outubro e com o mal estar do mercado financeiro ap\u00f3s um balde de \u00e1gua fria sob os \u00edndices de cria\u00e7\u00e3o de emprego norte-americanos.<\/p>\t<div class=\"wrapper-featured-image\">\n\t\t<figure class=\"spotlightImg\">\n\n\t\t\t<picture>\n\t\t\t\t<source media=\"(max-width: 768px)\" srcset=\"https:\/\/files.sunoresearch.com.br\/n\/uploads\/2018\/09\/f109fe50-noticias-mercado-400x200.webp\">\n\t\t\t\t<img loading=\"lazy\" decoding=\"async\" class=\"newsContent__article__imgCapa lazyloadDisabled newsContent__article__imgCapa--noCaption\" src=\"https:\/\/files.sunoresearch.com.br\/n\/uploads\/2018\/09\/f109fe50-noticias-mercado-800x450.webp\" width=\"800\" height=\"450\" alt=\"Mal estar no exterior e cautela com as elei\u00e7\u00f5es levam Ibovespa a fechar em queda de 0,76%\" fetchpriority=high \/>\n\t\t\t<\/picture>\n\n\t\t\t<figcaption class=\"wp-caption-text wp-caption-text--hide\">Tesouro Direto suspende negocia\u00e7\u00f5es por tempo indeterminado<\/figcaption>\n\t\t<\/figure>\n\t<\/div>\n\n\n<p>O \u00edndice da B3 pode ter fechado com desvaloriza\u00e7\u00e3o no dia de hoje, entretanto o acumulado da semana foi de 3,75% impulsionado pelas pesquisas eleitorais que mostraram Jair Bolsonaro (PSL) na lideran\u00e7a da corrida \u00e0 presid\u00eancia da rep\u00fablica e bons resultados econ\u00f4micos norte-americanos .<\/p>\n<p>O d\u00f3lar teve mais uma queda no preg\u00e3o desta sexta-feira. A moeda norte-americana se desvalorizou 1% frente ao real cotado a R$ 3,85.<\/p>\n<p><strong>Datafolha<\/strong><\/p>\n<p>A pesquisa Datafolha publicada na noite de ontem mostrou Jair Bolsonaro novamente na lideran\u00e7a da corrida eleitoral, sendo seguido pela candidato do PT, Fernando Haddad. Ap\u00f3s entrevistar mais de 10 mil pessoas, o candidato do PSL apareceu com 35% dos votos. Haddad, por sua vez, foi a 22%.<\/p>\n<p>Bem atr\u00e1s dos dois primeiros concorrentes, aparecem Ciro Gomes (PDT) com 11%, Geraldo Alckmin (PSDB, 8%) e Marina Silva (REDE, 4%).<\/p>\n<p>Em um cen\u00e1rio para o segundo turno entre Bolsonaro e Haddad, os candidatos aparecem tecnicamente empatados. O petista tem 43% e o deputado federal foi a 44%. O \u00fanico candidato a vencer todos os concorrentes em um cen\u00e1rio de segundo turno \u00e9 Ciro Gomes, que venceria Bolsonaro por 4 pontos percentuais e Haddad por 2 pontos, no limite da margem de erro.<\/p>\n<p>Na rejei\u00e7\u00e3o, Bolsonaro e Haddad tamb\u00e9m lideram; 45% e 44% respectivamente. Seguidos por Marina Silva (REDE, 28%,) Ciro Gomes (PDT, 21%) e Henrique Meireles (MDB, 15%).<\/p>\n<p><strong>Mercado Externo<\/strong><\/p>\n<p>O Payroll \u2013 \u00edndice que mede a cria\u00e7\u00e3o de vagas nos Estados Unidos- desacelerou no m\u00eas de setembro e foi menor do que os analistas esperavam. A justificativa do Departamento de Trabalho foi que fen\u00f4menos naturais, como o furac\u00e3o Florence, que afetou a regi\u00e3o das Carolinas, declinou o setor de varejo. Entretanto, a boa not\u00edcia foi que o desemprego apresentou a menor porcentagem desde 1969, 3,7%.<\/p>\n<p>O relat\u00f3rio mensal do divulgado hoje, evidencia um aumento dos sal\u00e1rios fazendo com que o Fed possa repensar na sua constante subida nas taxa de juros que ocorrem desde o fim do ano passado.<\/p>\n<p>Segundo o Departamento do Trabalho, no m\u00eas de setembro abriram-se 134 mil postos de trabalho n\u00e3o agr\u00edcolas, a menor marca em todo os ano de 2018. Al\u00e9m disso, os dados de julho e agosto foram revisado para cima, com mais 87 mil vagas a mais do que divulgado nos \u00faltimos relat\u00f3rios mensais.<\/p>\n","protected":false},"excerpt":{"rendered":"<p>O Ibovespa fechou a sexta-feira em queda de 0,76% aos 82.321 pontos, com os investidores cautelosos com \u00e0s elei\u00e7\u00f5es que ocorrem no dia 07 de outubro e com o mal estar do mercado financeiro ap\u00f3s um balde de \u00e1gua fria sob os \u00edndices de cria\u00e7\u00e3o de emprego norte-americanos. Tesouro Direto suspende negocia\u00e7\u00f5es por tempo indeterminado [&hellip;]<\/p>\n","protected":false},"author":6,"featured_media":3425,"comment_status":"closed","ping_status":"closed","sticky":false,"template":"","format":"standard","meta":[],"categories":[60],"tags":[],"suno_strategy":[],"class_list":["post-4917","post","type-post","status-publish","format-standard","has-post-thumbnail","hentry","category-mercado"],"yoast_head":"<!-- This site is optimized with the Yoast SEO plugin v24.4 - https:\/\/yoast.com\/wordpress\/plugins\/seo\/ -->\n<title>Mal estar no exterior e cautela com as elei\u00e7\u00f5es levam Ibovespa a fechar em queda de 0,76%<\/title>\n<meta name=\"description\" content=\"O \u00edndice da B3 pode ter fechado com desvaloriza\u00e7\u00e3o no dia de hoje, entretanto o acumulado da semana foi de 3,75%. Clique e saiba mais\" \/>\n<meta name=\"robots\" content=\"index, follow, max-snippet:-1, max-image-preview:large, max-video-preview:-1\" \/>\n<link rel=\"canonical\" href=\"https:\/\/www.suno.com.br\/noticias\/mal-estar-no-exterior-e-cautela-com-as-eleicoes-levam-ibovespa-a-fechar-em-queda-de-076\/\" \/>\n<meta property=\"og:locale\" content=\"pt_BR\" \/>\n<meta property=\"og:type\" content=\"article\" \/>\n<meta property=\"og:title\" content=\"Mal estar no exterior e cautela com as elei\u00e7\u00f5es levam Ibovespa a fechar em queda de 0,76%\" \/>\n<meta property=\"og:description\" content=\"O \u00edndice da B3 pode ter fechado com desvaloriza\u00e7\u00e3o no dia de hoje, entretanto o acumulado da semana foi de 3,75%. Clique e saiba mais\" \/>\n<meta property=\"og:url\" content=\"https:\/\/www.suno.com.br\/noticias\/mal-estar-no-exterior-e-cautela-com-as-eleicoes-levam-ibovespa-a-fechar-em-queda-de-076\/\" \/>\n<meta property=\"og:site_name\" content=\"Suno Not\u00edcias\" \/>\n<meta property=\"article:publisher\" content=\"https:\/\/facebook.com\/sunoresearch\" \/>\n<meta property=\"article:author\" content=\"https:\/\/www.linkedin.com\/in\/paulo-jaschke-328221168\/\" \/>\n<meta property=\"og:image\" content=\"https:\/\/files.sunoresearch.com.br\/n\/uploads\/2018\/09\/f109fe50-noticias-mercado.jpg\" \/>\n\t<meta property=\"og:image:width\" content=\"1920\" \/>\n\t<meta property=\"og:image:height\" content=\"1280\" \/>\n\t<meta property=\"og:image:type\" content=\"image\/jpeg\" \/>\n<meta name=\"author\" content=\"Paulo Jaschke\" \/>\n<meta name=\"twitter:card\" content=\"summary_large_image\" \/>\n<meta name=\"twitter:creator\" content=\"@sunoresearch\" \/>\n<meta name=\"twitter:site\" content=\"@sunoresearch\" \/>\n<meta name=\"twitter:label1\" content=\"Escrito por\" \/>\n\t<meta name=\"twitter:data1\" content=\"Paulo Jaschke\" \/>\n\t<meta name=\"twitter:label2\" content=\"Est. tempo de leitura\" \/>\n\t<meta name=\"twitter:data2\" content=\"2 minutos\" \/>\n<script type=\"application\/ld+json\" class=\"yoast-schema-graph\">{\"@context\":\"https:\/\/schema.org\",\"@graph\":[{\"@type\":\"NewsArticle\",\"@id\":\"https:\/\/www.suno.com.br\/noticias\/mal-estar-no-exterior-e-cautela-com-as-eleicoes-levam-ibovespa-a-fechar-em-queda-de-076\/#article\",\"isPartOf\":{\"@id\":\"https:\/\/www.suno.com.br\/noticias\/mal-estar-no-exterior-e-cautela-com-as-eleicoes-levam-ibovespa-a-fechar-em-queda-de-076\/\"},\"author\":{\"name\":\"Paulo Jaschke\",\"@id\":\"https:\/\/www.suno.com.br\/noticias\/#\/schema\/person\/edc78e26bff487bcad4a7d5e75ca2938\"},\"headline\":\"Mal estar no exterior e cautela com as elei\u00e7\u00f5es levam Ibovespa a fechar em queda de 0,76%\",\"datePublished\":\"2018-10-05T20:39:38+00:00\",\"dateModified\":\"2021-02-18T18:25:32+00:00\",\"mainEntityOfPage\":{\"@id\":\"https:\/\/www.suno.com.br\/noticias\/mal-estar-no-exterior-e-cautela-com-as-eleicoes-levam-ibovespa-a-fechar-em-queda-de-076\/\"},\"wordCount\":444,\"publisher\":{\"@id\":\"https:\/\/www.suno.com.br\/noticias\/#organization\"},\"image\":{\"@id\":\"https:\/\/www.suno.com.br\/noticias\/mal-estar-no-exterior-e-cautela-com-as-eleicoes-levam-ibovespa-a-fechar-em-queda-de-076\/#primaryimage\"},\"thumbnailUrl\":\"https:\/\/files.sunoresearch.com.br\/n\/uploads\/2018\/09\/f109fe50-noticias-mercado-jpg.webp\",\"articleSection\":[\"Mercado\"],\"inLanguage\":\"pt-BR\"},{\"@type\":\"WebPage\",\"@id\":\"https:\/\/www.suno.com.br\/noticias\/mal-estar-no-exterior-e-cautela-com-as-eleicoes-levam-ibovespa-a-fechar-em-queda-de-076\/\",\"url\":\"https:\/\/www.suno.com.br\/noticias\/mal-estar-no-exterior-e-cautela-com-as-eleicoes-levam-ibovespa-a-fechar-em-queda-de-076\/\",\"name\":\"Mal estar no exterior e cautela com as elei\u00e7\u00f5es levam Ibovespa a fechar em queda de 0,76%\",\"isPartOf\":{\"@id\":\"https:\/\/www.suno.com.br\/noticias\/#website\"},\"primaryImageOfPage\":{\"@id\":\"https:\/\/www.suno.com.br\/noticias\/mal-estar-no-exterior-e-cautela-com-as-eleicoes-levam-ibovespa-a-fechar-em-queda-de-076\/#primaryimage\"},\"image\":{\"@id\":\"https:\/\/www.suno.com.br\/noticias\/mal-estar-no-exterior-e-cautela-com-as-eleicoes-levam-ibovespa-a-fechar-em-queda-de-076\/#primaryimage\"},\"thumbnailUrl\":\"https:\/\/files.sunoresearch.com.br\/n\/uploads\/2018\/09\/f109fe50-noticias-mercado-jpg.webp\",\"datePublished\":\"2018-10-05T20:39:38+00:00\",\"dateModified\":\"2021-02-18T18:25:32+00:00\",\"description\":\"O \u00edndice da B3 pode ter fechado com desvaloriza\u00e7\u00e3o no dia de hoje, entretanto o acumulado da semana foi de 3,75%. Clique e saiba mais\",\"breadcrumb\":{\"@id\":\"https:\/\/www.suno.com.br\/noticias\/mal-estar-no-exterior-e-cautela-com-as-eleicoes-levam-ibovespa-a-fechar-em-queda-de-076\/#breadcrumb\"},\"inLanguage\":\"pt-BR\",\"potentialAction\":[{\"@type\":\"ReadAction\",\"target\":[\"https:\/\/www.suno.com.br\/noticias\/mal-estar-no-exterior-e-cautela-com-as-eleicoes-levam-ibovespa-a-fechar-em-queda-de-076\/\"]}]},{\"@type\":\"ImageObject\",\"inLanguage\":\"pt-BR\",\"@id\":\"https:\/\/www.suno.com.br\/noticias\/mal-estar-no-exterior-e-cautela-com-as-eleicoes-levam-ibovespa-a-fechar-em-queda-de-076\/#primaryimage\",\"url\":\"https:\/\/files.sunoresearch.com.br\/n\/uploads\/2018\/09\/f109fe50-noticias-mercado-jpg.webp\",\"contentUrl\":\"https:\/\/files.sunoresearch.com.br\/n\/uploads\/2018\/09\/f109fe50-noticias-mercado-jpg.webp\",\"width\":1920,\"height\":1280,\"caption\":\"Tesouro Direto suspende negocia\u00e7\u00f5es por tempo indeterminado\"},{\"@type\":\"BreadcrumbList\",\"@id\":\"https:\/\/www.suno.com.br\/noticias\/mal-estar-no-exterior-e-cautela-com-as-eleicoes-levam-ibovespa-a-fechar-em-queda-de-076\/#breadcrumb\",\"itemListElement\":[{\"@type\":\"ListItem\",\"position\":1,\"name\":\"Not\u00edcias\",\"item\":\"https:\/\/www.suno.com.br\/noticias\/\"},{\"@type\":\"ListItem\",\"position\":2,\"name\":\"Mercado\",\"item\":\"https:\/\/www.suno.com.br\/noticias\/mercado\/\"},{\"@type\":\"ListItem\",\"position\":3,\"name\":\"Mal estar no exterior e cautela com as elei\u00e7\u00f5es levam Ibovespa a fechar em queda de 0,76%\"}]},{\"@type\":\"WebSite\",\"@id\":\"https:\/\/www.suno.com.br\/noticias\/#website\",\"url\":\"https:\/\/www.suno.com.br\/noticias\/\",\"name\":\"Suno Not\u00edcias\",\"description\":\"Seu portal de informa\u00e7\u00e3o sobre o mundo dos investimentos\",\"publisher\":{\"@id\":\"https:\/\/www.suno.com.br\/noticias\/#organization\"},\"potentialAction\":[{\"@type\":\"SearchAction\",\"target\":{\"@type\":\"EntryPoint\",\"urlTemplate\":\"https:\/\/www.suno.com.br\/noticias\/?s={search_term_string}\"},\"query-input\":{\"@type\":\"PropertyValueSpecification\",\"valueRequired\":true,\"valueName\":\"search_term_string\"}}],\"inLanguage\":\"pt-BR\"},{\"@type\":\"Organization\",\"@id\":\"https:\/\/www.suno.com.br\/noticias\/#organization\",\"name\":\"Suno Not\u00edcias\",\"url\":\"https:\/\/www.suno.com.br\/noticias\/\",\"logo\":{\"@type\":\"ImageObject\",\"inLanguage\":\"pt-BR\",\"@id\":\"https:\/\/www.suno.com.br\/noticias\/#\/schema\/logo\/image\/\",\"url\":\"https:\/\/files.sunoresearch.com.br\/n\/uploads\/2021\/09\/suno-logo.png\",\"contentUrl\":\"https:\/\/files.sunoresearch.com.br\/n\/uploads\/2021\/09\/suno-logo.png\",\"width\":180,\"height\":180,\"caption\":\"Suno Not\u00edcias\"},\"image\":{\"@id\":\"https:\/\/www.suno.com.br\/noticias\/#\/schema\/logo\/image\/\"},\"sameAs\":[\"https:\/\/facebook.com\/sunoresearch\",\"https:\/\/x.com\/sunoresearch\",\"https:\/\/www.instagram.com\/suno\",\"https:\/\/www.linkedin.com\/company\/suno-research\/\",\"https:\/\/www.youtube.com\/c\/sunoresearch\"]},{\"@type\":\"Person\",\"@id\":\"https:\/\/www.suno.com.br\/noticias\/#\/schema\/person\/edc78e26bff487bcad4a7d5e75ca2938\",\"name\":\"Paulo Jaschke\",\"image\":{\"@type\":\"ImageObject\",\"inLanguage\":\"pt-BR\",\"@id\":\"https:\/\/www.suno.com.br\/noticias\/#\/schema\/person\/image\/\",\"url\":\"https:\/\/secure.gravatar.com\/avatar\/d866ede420b0a0e4741620ba27841b8f?s=96&r=g\",\"contentUrl\":\"https:\/\/secure.gravatar.com\/avatar\/d866ede420b0a0e4741620ba27841b8f?s=96&r=g\",\"caption\":\"Paulo Jaschke\"},\"description\":\"Paulo Jaschke \u00e9 estudante de jornalismo na ESPM-SP. Escreve sobre o mercado financeiro, economia e pol\u00edtica internacional para o portal da Suno Research. Tamb\u00e9m escreve sobre economia internacional na ag\u00eancia CMA e \u00e9 rep\u00f3rter esportivo pela Web r\u00e1dio EsportesNet. Em 2018, foi rep\u00f3rter esportivo pela R\u00e1dio ESPM na Copa do Mundo 2018 e escreveu para a Revista Plural ESPM.\",\"sameAs\":[\"https:\/\/www.suno.com.br\/\",\"https:\/\/www.linkedin.com\/in\/paulo-jaschke-328221168\/\"],\"url\":\"https:\/\/www.suno.com.br\/noticias\/author\/paulo-jaschke\/\"}]}<\/script>\n<!-- \/ Yoast SEO plugin. -->","yoast_head_json":{"title":"Mal estar no exterior e cautela com as elei\u00e7\u00f5es levam Ibovespa a fechar em queda de 0,76%","description":"O \u00edndice da B3 pode ter fechado com desvaloriza\u00e7\u00e3o no dia de hoje, entretanto o acumulado da semana foi de 3,75%. Clique e saiba mais","robots":{"index":"index","follow":"follow","max-snippet":"max-snippet:-1","max-image-preview":"max-image-preview:large","max-video-preview":"max-video-preview:-1"},"canonical":"https:\/\/www.suno.com.br\/noticias\/mal-estar-no-exterior-e-cautela-com-as-eleicoes-levam-ibovespa-a-fechar-em-queda-de-076\/","og_locale":"pt_BR","og_type":"article","og_title":"Mal estar no exterior e cautela com as elei\u00e7\u00f5es levam Ibovespa a fechar em queda de 0,76%","og_description":"O \u00edndice da B3 pode ter fechado com desvaloriza\u00e7\u00e3o no dia de hoje, entretanto o acumulado da semana foi de 3,75%. Clique e saiba mais","og_url":"https:\/\/www.suno.com.br\/noticias\/mal-estar-no-exterior-e-cautela-com-as-eleicoes-levam-ibovespa-a-fechar-em-queda-de-076\/","og_site_name":"Suno Not\u00edcias","article_publisher":"https:\/\/facebook.com\/sunoresearch","article_author":"https:\/\/www.linkedin.com\/in\/paulo-jaschke-328221168\/","og_image":[{"width":1920,"height":1280,"url":"https:\/\/files.sunoresearch.com.br\/n\/uploads\/2018\/09\/f109fe50-noticias-mercado.jpg","type":"image\/jpeg"}],"author":"Paulo Jaschke","twitter_card":"summary_large_image","twitter_creator":"@sunoresearch","twitter_site":"@sunoresearch","twitter_misc":{"Escrito por":"Paulo Jaschke","Est. tempo de leitura":"2 minutos"},"schema":{"@context":"https:\/\/schema.org","@graph":[{"@type":"NewsArticle","@id":"https:\/\/www.suno.com.br\/noticias\/mal-estar-no-exterior-e-cautela-com-as-eleicoes-levam-ibovespa-a-fechar-em-queda-de-076\/#article","isPartOf":{"@id":"https:\/\/www.suno.com.br\/noticias\/mal-estar-no-exterior-e-cautela-com-as-eleicoes-levam-ibovespa-a-fechar-em-queda-de-076\/"},"author":{"name":"Paulo Jaschke","@id":"https:\/\/www.suno.com.br\/noticias\/#\/schema\/person\/edc78e26bff487bcad4a7d5e75ca2938"},"headline":"Mal estar no exterior e cautela com as elei\u00e7\u00f5es levam Ibovespa a fechar em queda de 0,76%","datePublished":"2018-10-05T20:39:38+00:00","dateModified":"2021-02-18T18:25:32+00:00","mainEntityOfPage":{"@id":"https:\/\/www.suno.com.br\/noticias\/mal-estar-no-exterior-e-cautela-com-as-eleicoes-levam-ibovespa-a-fechar-em-queda-de-076\/"},"wordCount":444,"publisher":{"@id":"https:\/\/www.suno.com.br\/noticias\/#organization"},"image":{"@id":"https:\/\/www.suno.com.br\/noticias\/mal-estar-no-exterior-e-cautela-com-as-eleicoes-levam-ibovespa-a-fechar-em-queda-de-076\/#primaryimage"},"thumbnailUrl":"https:\/\/files.sunoresearch.com.br\/n\/uploads\/2018\/09\/f109fe50-noticias-mercado-jpg.webp","articleSection":["Mercado"],"inLanguage":"pt-BR"},{"@type":"WebPage","@id":"https:\/\/www.suno.com.br\/noticias\/mal-estar-no-exterior-e-cautela-com-as-eleicoes-levam-ibovespa-a-fechar-em-queda-de-076\/","url":"https:\/\/www.suno.com.br\/noticias\/mal-estar-no-exterior-e-cautela-com-as-eleicoes-levam-ibovespa-a-fechar-em-queda-de-076\/","name":"Mal estar no exterior e cautela com as elei\u00e7\u00f5es levam Ibovespa a fechar em queda de 0,76%","isPartOf":{"@id":"https:\/\/www.suno.com.br\/noticias\/#website"},"primaryImageOfPage":{"@id":"https:\/\/www.suno.com.br\/noticias\/mal-estar-no-exterior-e-cautela-com-as-eleicoes-levam-ibovespa-a-fechar-em-queda-de-076\/#primaryimage"},"image":{"@id":"https:\/\/www.suno.com.br\/noticias\/mal-estar-no-exterior-e-cautela-com-as-eleicoes-levam-ibovespa-a-fechar-em-queda-de-076\/#primaryimage"},"thumbnailUrl":"https:\/\/files.sunoresearch.com.br\/n\/uploads\/2018\/09\/f109fe50-noticias-mercado-jpg.webp","datePublished":"2018-10-05T20:39:38+00:00","dateModified":"2021-02-18T18:25:32+00:00","description":"O \u00edndice da B3 pode ter fechado com desvaloriza\u00e7\u00e3o no dia de hoje, entretanto o acumulado da semana foi de 3,75%. Clique e saiba mais","breadcrumb":{"@id":"https:\/\/www.suno.com.br\/noticias\/mal-estar-no-exterior-e-cautela-com-as-eleicoes-levam-ibovespa-a-fechar-em-queda-de-076\/#breadcrumb"},"inLanguage":"pt-BR","potentialAction":[{"@type":"ReadAction","target":["https:\/\/www.suno.com.br\/noticias\/mal-estar-no-exterior-e-cautela-com-as-eleicoes-levam-ibovespa-a-fechar-em-queda-de-076\/"]}]},{"@type":"ImageObject","inLanguage":"pt-BR","@id":"https:\/\/www.suno.com.br\/noticias\/mal-estar-no-exterior-e-cautela-com-as-eleicoes-levam-ibovespa-a-fechar-em-queda-de-076\/#primaryimage","url":"https:\/\/files.sunoresearch.com.br\/n\/uploads\/2018\/09\/f109fe50-noticias-mercado-jpg.webp","contentUrl":"https:\/\/files.sunoresearch.com.br\/n\/uploads\/2018\/09\/f109fe50-noticias-mercado-jpg.webp","width":1920,"height":1280,"caption":"Tesouro Direto suspende negocia\u00e7\u00f5es por tempo indeterminado"},{"@type":"BreadcrumbList","@id":"https:\/\/www.suno.com.br\/noticias\/mal-estar-no-exterior-e-cautela-com-as-eleicoes-levam-ibovespa-a-fechar-em-queda-de-076\/#breadcrumb","itemListElement":[{"@type":"ListItem","position":1,"name":"Not\u00edcias","item":"https:\/\/www.suno.com.br\/noticias\/"},{"@type":"ListItem","position":2,"name":"Mercado","item":"https:\/\/www.suno.com.br\/noticias\/mercado\/"},{"@type":"ListItem","position":3,"name":"Mal estar no exterior e cautela com as elei\u00e7\u00f5es levam Ibovespa a fechar em queda de 0,76%"}]},{"@type":"WebSite","@id":"https:\/\/www.suno.com.br\/noticias\/#website","url":"https:\/\/www.suno.com.br\/noticias\/","name":"Suno Not\u00edcias","description":"Seu portal de informa\u00e7\u00e3o sobre o mundo dos investimentos","publisher":{"@id":"https:\/\/www.suno.com.br\/noticias\/#organization"},"potentialAction":[{"@type":"SearchAction","target":{"@type":"EntryPoint","urlTemplate":"https:\/\/www.suno.com.br\/noticias\/?s={search_term_string}"},"query-input":{"@type":"PropertyValueSpecification","valueRequired":true,"valueName":"search_term_string"}}],"inLanguage":"pt-BR"},{"@type":"Organization","@id":"https:\/\/www.suno.com.br\/noticias\/#organization","name":"Suno Not\u00edcias","url":"https:\/\/www.suno.com.br\/noticias\/","logo":{"@type":"ImageObject","inLanguage":"pt-BR","@id":"https:\/\/www.suno.com.br\/noticias\/#\/schema\/logo\/image\/","url":"https:\/\/files.sunoresearch.com.br\/n\/uploads\/2021\/09\/suno-logo.png","contentUrl":"https:\/\/files.sunoresearch.com.br\/n\/uploads\/2021\/09\/suno-logo.png","width":180,"height":180,"caption":"Suno Not\u00edcias"},"image":{"@id":"https:\/\/www.suno.com.br\/noticias\/#\/schema\/logo\/image\/"},"sameAs":["https:\/\/facebook.com\/sunoresearch","https:\/\/x.com\/sunoresearch","https:\/\/www.instagram.com\/suno","https:\/\/www.linkedin.com\/company\/suno-research\/","https:\/\/www.youtube.com\/c\/sunoresearch"]},{"@type":"Person","@id":"https:\/\/www.suno.com.br\/noticias\/#\/schema\/person\/edc78e26bff487bcad4a7d5e75ca2938","name":"Paulo Jaschke","image":{"@type":"ImageObject","inLanguage":"pt-BR","@id":"https:\/\/www.suno.com.br\/noticias\/#\/schema\/person\/image\/","url":"https:\/\/secure.gravatar.com\/avatar\/d866ede420b0a0e4741620ba27841b8f?s=96&r=g","contentUrl":"https:\/\/secure.gravatar.com\/avatar\/d866ede420b0a0e4741620ba27841b8f?s=96&r=g","caption":"Paulo Jaschke"},"description":"Paulo Jaschke \u00e9 estudante de jornalismo na ESPM-SP. Escreve sobre o mercado financeiro, economia e pol\u00edtica internacional para o portal da Suno Research. Tamb\u00e9m escreve sobre economia internacional na ag\u00eancia CMA e \u00e9 rep\u00f3rter esportivo pela Web r\u00e1dio EsportesNet. Em 2018, foi rep\u00f3rter esportivo pela R\u00e1dio ESPM na Copa do Mundo 2018 e escreveu para a Revista Plural ESPM.","sameAs":["https:\/\/www.suno.com.br\/","https:\/\/www.linkedin.com\/in\/paulo-jaschke-328221168\/"],"url":"https:\/\/www.suno.com.br\/noticias\/author\/paulo-jaschke\/"}]}},"default_loop_html":"<div class=\"cardsPage__listCard__boxs\"><div class=\"cardsPage__listCard__boxs__img\"><a href=\"https:\/\/www.suno.com.br\/noticias\/mal-estar-no-exterior-e-cautela-com-as-eleicoes-levam-ibovespa-a-fechar-em-queda-de-076\/\"><img class=\"mask\" src=\"https:\/\/www.suno.com.br\/noticias\/wp-content\/themes\/suno\/resources\/images\/spotlight\/spotlight1img\/bg-mask.png\" alt=\"Image Mask\"\/><img src=\"https:\/\/files.sunoresearch.com.br\/n\/uploads\/2018\/09\/f109fe50-noticias-mercado-400x200.webp\" alt=\"Mal estar no exterior e cautela com as elei\u00e7\u00f5es levam Ibovespa a fechar em queda de 0,76%\"\/><\/a><span class=\"spotlightCategory\"><a href=\"https:\/\/www.suno.com.br\/noticias\/mercado\/\">Mercado<\/a><\/span><\/div><div class=\"cardsPage__listCard__boxs__content\"><a href=\"https:\/\/www.suno.com.br\/noticias\/mal-estar-no-exterior-e-cautela-com-as-eleicoes-levam-ibovespa-a-fechar-em-queda-de-076\/\"><h2 class=\"content__title\">Mal estar no exterior e cautela com as elei\u00e7\u00f5es levam Ibovespa a fechar em queda de 0,76%<\/h2><\/a><div class=\"newsContent__article__meta\"><div class=\"newsContent__article__meta__authorBox\"><a href=\"https:\/\/www.suno.com.br\/noticias\/author\/paulo-jaschke\/\" class=\"authorBox__avatar noMobi\"><img src=\"https:\/\/secure.gravatar.com\/avatar\/d866ede420b0a0e4741620ba27841b8f?s=96&#038;r=g\" alt=\"Paulo Jaschke\"><\/a><div class=\"authorBox__name\"><span>por\n\t\t\t<a href=\"https:\/\/www.suno.com.br\/noticias\/author\/paulo-jaschke\/\"><span itemprop=\"author\">Paulo Jaschke<\/span><\/a><\/span><time datetime=\"2018-10-05T17:39:38-03:00\" itemprop=\"datePublished\">05\/10\/2018 17:39<\/time><\/div><\/div><\/div><\/div><\/div>","single_layout":"posts","amp_enabled":true,"_links":{"self":[{"href":"https:\/\/www.suno.com.br\/noticias\/wp-json\/wp\/v2\/posts\/4917"}],"collection":[{"href":"https:\/\/www.suno.com.br\/noticias\/wp-json\/wp\/v2\/posts"}],"about":[{"href":"https:\/\/www.suno.com.br\/noticias\/wp-json\/wp\/v2\/types\/post"}],"author":[{"embeddable":true,"href":"https:\/\/www.suno.com.br\/noticias\/wp-json\/wp\/v2\/users\/6"}],"replies":[{"embeddable":true,"href":"https:\/\/www.suno.com.br\/noticias\/wp-json\/wp\/v2\/comments?post=4917"}],"version-history":[{"count":0,"href":"https:\/\/www.suno.com.br\/noticias\/wp-json\/wp\/v2\/posts\/4917\/revisions"}],"wp:featuredmedia":[{"embeddable":true,"href":"https:\/\/www.suno.com.br\/noticias\/wp-json\/wp\/v2\/media\/3425"}],"wp:attachment":[{"href":"https:\/\/www.suno.com.br\/noticias\/wp-json\/wp\/v2\/media?parent=4917"}],"wp:term":[{"taxonomy":"category","embeddable":true,"href":"https:\/\/www.suno.com.br\/noticias\/wp-json\/wp\/v2\/categories?post=4917"},{"taxonomy":"post_tag","embeddable":true,"href":"https:\/\/www.suno.com.br\/noticias\/wp-json\/wp\/v2\/tags?post=4917"},{"taxonomy":"suno_strategy","embeddable":true,"href":"https:\/\/www.suno.com.br\/noticias\/wp-json\/wp\/v2\/suno_strategy?post=4917"}],"curies":[{"name":"wp","href":"https:\/\/api.w.org\/{rel}","templated":true}]}}