{"id":491612,"date":"2023-11-28T11:57:39","date_gmt":"2023-11-28T14:57:39","guid":{"rendered":"https:\/\/www.suno.com.br\/noticias\/?p=491612"},"modified":"2023-11-28T12:30:55","modified_gmt":"2023-11-28T15:30:55","slug":"enjoei-enju3-black-friday-gpj","status":"publish","type":"post","link":"https:\/\/www.suno.com.br\/noticias\/enjoei-enju3-black-friday-gpj\/","title":{"rendered":"Enjoei (ENJU3): vendas na Black Friday 2023 crescem 60% em um ano"},"content":{"rendered":"<p>A <strong>Enjoei <\/strong>(ENJU3) comunicou ao mercado que na \u00faltima sexta-feira (24), devido \u00e0 Black Friday, atingiu o maior volume de vendas j\u00e1 realizado em um dia, com crescimento de 60% nas vendas brutas online (GMV), comparado ao evento de 2022.<\/p>\t<div class=\"wrapper-featured-image\">\n\t\t<figure class=\"spotlightImg\">\n\n\t\t\t<picture>\n\t\t\t\t<source media=\"(max-width: 768px)\" srcset=\"https:\/\/files.sunoresearch.com.br\/n\/uploads\/2023\/11\/lucas-hoang-ojZ4wJNUM5w-unsplash-400x200.jpg\">\n\t\t\t\t<img loading=\"lazy\" decoding=\"async\" class=\"newsContent__article__imgCapa lazyloadDisabled \" src=\"https:\/\/files.sunoresearch.com.br\/n\/uploads\/2023\/11\/lucas-hoang-ojZ4wJNUM5w-unsplash-800x450.jpg\" width=\"800\" height=\"450\" alt=\"Enjoei (ENJU3): vendas na Black Friday 2023 crescem 60% em um ano\" fetchpriority=high \/>\n\t\t\t<\/picture>\n\n\t\t\t<figcaption class=\"wp-caption-text wp-caption-text--show\">Enjoei. Foto: Unsplash.<\/figcaption>\n\t\t<\/figure>\n\t<\/div>\n\n\n\n\n\n\n\n\t<p>\n\t\t<a href=\"https:\/\/lp.suno.com.br\/planilha-da-vida-financeira\/\" target=\"_blank\" data-element=\"shortcode-suno-banner\" title=\"Banner SUNO, clique e saiba mais\">\n\t\t\t<picture>\n\t\t\t\t<source media=\"(max-width: 500px)\" srcset=\"https:\/\/files.sunoresearch.com.br\/n\/uploads\/2023\/04\/400x300-Planilha-vida-financeira-true.png\">\n\t\t\t\t<img class=\"newsContent__article__imgCapa newsContent__article__imgCapa--banner\"\n\t\t\t\t\tsrc=\"https:\/\/files.sunoresearch.com.br\/n\/uploads\/2023\/04\/1420x240-Planilha-vida-financeira-true.png\"\n\t\t\t\t\tdata-promo-id=\"106682\"\t\t\t\t\t\t\t\t\t\twidth='1420' height='240'\t\t\t\t\talt=\"https:\/\/files.sunoresearch.com.br\/n\/uploads\/2023\/04\/1420x240-Planilha-vida-financeira-true.png\"\n\t\t\t\t>\n\t\t\t<\/picture>\n\t\t<\/a>\n\t<\/p>\n\n\n\n\n\n<p>Segundo a companhia, no final de semana da <strong>Black Friday<\/strong>, dos dias 24 ao 26, o crescimento foi de 40% na compara\u00e7\u00e3o anual, com destaque para a categoria &#8216;moda&#8217; em vestidos, t\u00eanis e blusas. <\/p>\n\n\n\n<p>Ainda de acordo com a Enjoei, as marcas mais vendidas foram Farm, Zara, Nike, Adidas e Arezzo, com destaque para a <strong>Shein <\/strong>que, neste ano, apareceu pela primeira vez no top 10 entre as marcas com mais transa\u00e7\u00f5es.<\/p>\n\n\n\n<p>&#8220;O lan\u00e7amento da nova funcionalidade &#8216;lojinha em destaque&#8217; favoreceu com mais visibilidade os vendedores que fizeram postagens de mais produtos no per\u00edodo, o que garantiu aumento no fluxo de invent\u00e1rio na plataforma com alto giro&#8221;, acrescentou a Enjoei.<\/p>\n\n\n\n\t<div data-element=\"shortcode-read-more\" class=\"readToo\">\n\t\t\t\t<span class=\"readToo__title\">Leia mais<\/span>\n\t\t\t\t<ul class=\"readToo__list\">\n\t\t\t<li><a href=\"https:\/\/www.suno.com.br\/noticias\/mercado-livre-meli34-black-friday-goldman-gpj\/\">Mercado Livre (MELI34): Black Friday indica momento positivo no quarto trimestre, diz Goldman<\/a><\/li><li><a href=\"https:\/\/www.suno.com.br\/noticias\/mercado-livre-historia-black-friday-2023-gb\/\">Mercado Livre faz hist\u00f3ria com recorde de vendas na Black Friday de 2023<\/a><\/li>\t\t<\/ul>\n\t<\/div>\n\n\n\n\t<p>\n\t\t<a href=\"https:\/\/lp.suno.com.br\/ebook-como-analisar-uma-acao\/\" target=\"_blank\" data-element=\"shortcode-suno-banner\" title=\"Banner SUNO, clique e saiba mais\">\n\t\t\t<picture>\n\t\t\t\t<source media=\"(max-width: 500px)\" srcset=\"https:\/\/files.sunoresearch.com.br\/n\/uploads\/2023\/03\/Ebook-Acoes-Mobile.jpg\">\n\t\t\t\t<img class=\"newsContent__article__imgCapa newsContent__article__imgCapa--banner\"\n\t\t\t\t\tsrc=\"https:\/\/files.sunoresearch.com.br\/n\/uploads\/2023\/03\/Ebook-Acoes-Desktop.jpg\"\n\t\t\t\t\tdata-promo-id=\"378302\"\t\t\t\t\t\t\t\t\t\twidth='1420' height='286'\t\t\t\t\talt=\"https:\/\/files.sunoresearch.com.br\/n\/uploads\/2023\/03\/Ebook-Acoes-Desktop.jpg\"\n\t\t\t\t>\n\t\t\t<\/picture>\n\t\t<\/a>\n\t<\/p>\n\n\n\n\n\n<h2 class=\"wp-block-heading\">Desempenho das a\u00e7\u00f5es da Enjoei<\/h2>\n\n\n\n<div class=\"pluginQuotation\">\n  <p class=\"ticker\">\n    Cota\u00e7\u00e3o <span>ENJU3<\/span>\n  <\/p>\n  <div class=\"info\">\n    <div class=\"leftSide\">\n      Gr\u00e1fico gerado em: 28\/11\/2023    <\/div>\n\t\t\t\t\t<div class=\"rightSide\">\n\t\t\t\t\t<span class=\"period\">\n\t\t\t\t\t\t1 Dia\t\t\t\t\t<\/span>\n\t\t\t<\/div>\n\t\t  <\/div>\n\n  <div id=\"chart-981ec29b0cb3c4ce6402b155fbd4967c\" data-block-hash=\"981ec29b0cb3c4ce6402b155fbd4967c\"  class=\"chart\" style=\"width:100%;height:400px;\"><\/div>\n\n  <div class=\"pluginQuotation__footer\">\n    <div class=\"dataChart\">\n\n      <div class=\"dataChart__div1 variation\">\n        <div class=\"value-positive\">\n          1,33 (+0,02%)        <\/div>\n        <div class=\"text\">\n          Varia\u00e7\u00e3o do per\u00edodo\n        <\/div>\n      <\/div>\n\n      <div class=\"dataChart__div2 minMax\">\n        <div class=\"value\">\n          R$\u00a01,50        <\/div>\n        <div class=\"text\">\n          M\u00ednima\n        <\/div>\n      <\/div>\n\n      <div class=\"dataChart__div3 minMax\">\n        <div class=\"value\">\n          R$\u00a01,55        <\/div>\n        <div class=\"text\">\n          M\u00e1xima\n        <\/div>\n      <\/div>\n\n\t\t\t<div class=\"dataChart__div4 rightSide\">\n\t\t\t\t<div class=\"analiticaSource\">\n\t\t\t\t\t<span>\n\t\t\t\t\t\tFonte:\n\t\t\t\t\t<\/span>\n\t\t\t\t\t<img decoding=\"async\" class=\"analiticaLogo\" src=\"https:\/\/www.suno.com.br\/noticias\/wp-content\/plugins\/suno-block-ticker-quotation\/src\/suno-analitica-logo.png\" alt=\"Logo Suno Anal\u00edtica\" \/>\n\t\t\t\t<\/div>\n\n\t\t\t\t<a href=\"https:\/\/www.suno.com.br\/analitica\/acoes\/ENJU3\" target=\"_blank\">\n\t\t\t\t\t<span>\n\t\t\t\t\t\tVer mais cota\u00e7\u00f5es\n\t\t\t\t\t<\/span>\n\t\t\t\t\t<svg xmlns=\"http:\/\/www.w3.org\/2000\/svg\" width=\"9\" height=\"8\" viewBox=\"0 0 9 8\" fill=\"none\">\n\t\t\t\t\t\t<path d=\"M4.20996 0L3.50496 0.705L6.29496 3.5H0.209961V4.5H6.29496L3.50496 7.295L4.20996 8L8.20996 4L4.20996 0Z\" fill=\"#D42126\" \/>\n\t\t\t\t\t<\/svg>\n\t\t\t\t<\/a>\n    <\/div>\n\n    <\/div>\n  <\/div>\n<\/div>\n\n\n<script type=\"text\/javascript\">\n  let chart_981ec29b0cb3c4ce6402b155fbd4967c = document.getElementById('chart-981ec29b0cb3c4ce6402b155fbd4967c');\n  let data_json_981ec29b0cb3c4ce6402b155fbd4967c = \"[{\\\"date\\\":\\\"28\\\\\\\/11\\\\\\\/23 10:00\\\",\\\"value\\\":1.5},{\\\"date\\\":\\\"28\\\\\\\/11\\\\\\\/23 10:08\\\",\\\"value\\\":1.51},{\\\"date\\\":\\\"28\\\\\\\/11\\\\\\\/23 10:12\\\",\\\"value\\\":1.5},{\\\"date\\\":\\\"28\\\\\\\/11\\\\\\\/23 10:14\\\",\\\"value\\\":1.51},{\\\"date\\\":\\\"28\\\\\\\/11\\\\\\\/23 10:22\\\",\\\"value\\\":1.51},{\\\"date\\\":\\\"28\\\\\\\/11\\\\\\\/23 10:26\\\",\\\"value\\\":1.52},{\\\"date\\\":\\\"28\\\\\\\/11\\\\\\\/23 10:34\\\",\\\"value\\\":1.51},{\\\"date\\\":\\\"28\\\\\\\/11\\\\\\\/23 10:36\\\",\\\"value\\\":1.51},{\\\"date\\\":\\\"28\\\\\\\/11\\\\\\\/23 10:46\\\",\\\"value\\\":1.55},{\\\"date\\\":\\\"28\\\\\\\/11\\\\\\\/23 10:50\\\",\\\"value\\\":1.52},{\\\"date\\\":\\\"28\\\\\\\/11\\\\\\\/23 10:54\\\",\\\"value\\\":1.54},{\\\"date\\\":\\\"28\\\\\\\/11\\\\\\\/23 10:56\\\",\\\"value\\\":1.54},{\\\"date\\\":\\\"28\\\\\\\/11\\\\\\\/23 10:58\\\",\\\"value\\\":1.52}]\";\n  let isPositive_981ec29b0cb3c4ce6402b155fbd4967c = true;\n\n  let color_981ec29b0cb3c4ce6402b155fbd4967c = isPositive_981ec29b0cb3c4ce6402b155fbd4967c ? '#3AB53A' : '#D92C2D';\n\n  let data_981ec29b0cb3c4ce6402b155fbd4967c = JSON.parse(data_json_981ec29b0cb3c4ce6402b155fbd4967c);\n\n  const result_981ec29b0cb3c4ce6402b155fbd4967c = {\n    date: [],\n    value: [],\n  };\n\n  data_981ec29b0cb3c4ce6402b155fbd4967c.forEach((item) => {\n    result_981ec29b0cb3c4ce6402b155fbd4967c.date.push(item.date);\n    result_981ec29b0cb3c4ce6402b155fbd4967c.value.push(Number(item.value));\n  });\n\n  let option_981ec29b0cb3c4ce6402b155fbd4967c = {\n    \/\/ variavel de cor global\n    color: [color_981ec29b0cb3c4ce6402b155fbd4967c],\n    title: {\n      text: '',\n    },\n    tooltip: {\n      trigger: 'axis',\n      axisPointer: {\n        type: 'cross',\n        label: {\n          \/\/ cor dos valores em X e Y\n          backgroundColor: color_981ec29b0cb3c4ce6402b155fbd4967c,\n          formatter: (value) => {\n            if (typeof value.value === 'number') {\n              return Number(value.value).toLocaleString('pt-br', {\n                style: 'currency',\n                currency: 'BRL'\n              });\n            }\n            return value.value;\n          },\n        },\n      },\n      valueFormatter: (value) => Number(value).toLocaleString('pt-br', {\n        style: 'currency',\n        currency: 'BRL'\n      }),\n    },\n    legend: {\n      \/\/ data: ['Valor de Fechamento'],\n      show: false,\n    },\n    toolbox: {\n      feature: {\n        saveAsImage: {\n          show: false,\n        },\n      },\n    },\n    grid: {\n      left: '0px',\n      right: '0px',\n      bottom: '0px',\n      containLabel: true,\n    },\n    xAxis: [{\n      type: 'category',\n      data: result_981ec29b0cb3c4ce6402b155fbd4967c.date,\n      boundaryGap: true,\n    }],\n    yAxis: [{\n      type: 'value',\n      min: Math.min(...result_981ec29b0cb3c4ce6402b155fbd4967c.value),\n      max: Math.max(...result_981ec29b0cb3c4ce6402b155fbd4967c.value),\n      axisLabel: {\n        formatter: (value) => value.toLocaleString('pt-br', {\n          style: 'currency',\n          currency: 'BRL'\n        }),\n      },\n    }],\n    series: [{\n      name: 'Valor de Fechamento',\n      type: 'line',\n      stack: 'Total',\n      \/\/ cor do grafico\n      areaStyle: {},\n      emphasis: {\n        focus: 'series',\n      },\n      data: result_981ec29b0cb3c4ce6402b155fbd4967c.value,\n      \/\/ cor da linha\n      lineStyle: {\n        color: color_981ec29b0cb3c4ce6402b155fbd4967c,\n      },\n    }, ],\n  };\n\n\twindow.chart_981ec29b0cb3c4ce6402b155fbd4967c = {\n\t\tel: chart_981ec29b0cb3c4ce6402b155fbd4967c,\n\t\toption: option_981ec29b0cb3c4ce6402b155fbd4967c\t};\n\n\n<\/script>\n\n\n\t<p>\n\t\t<a href=\"https:\/\/lp.suno.com.br\/planilha-da-vida-financeira\/\" target=\"_blank\" data-element=\"shortcode-suno-banner\" title=\"Banner SUNO, clique e saiba mais\">\n\t\t\t<picture>\n\t\t\t\t<source media=\"(max-width: 500px)\" srcset=\"https:\/\/files.sunoresearch.com.br\/n\/uploads\/2023\/04\/400x300-Planilha-vida-financeira-true.png\">\n\t\t\t\t<img class=\"newsContent__article__imgCapa newsContent__article__imgCapa--banner\"\n\t\t\t\t\tsrc=\"https:\/\/files.sunoresearch.com.br\/n\/uploads\/2023\/04\/1420x240-Planilha-vida-financeira-true.png\"\n\t\t\t\t\tdata-promo-id=\"383123\"\t\t\t\t\t\t\t\t\t\twidth='1420' height='240'\t\t\t\t\talt=\"https:\/\/files.sunoresearch.com.br\/n\/uploads\/2023\/04\/1420x240-Planilha-vida-financeira-true.png\"\n\t\t\t\t>\n\t\t\t<\/picture>\n\t\t<\/a>\n\t<\/p>\n\n\n","protected":false},"excerpt":{"rendered":"<p>A Enjoei (ENJU3) comunicou ao mercado que na \u00faltima sexta-feira (24), devido \u00e0 Black Friday, atingiu o maior volume de vendas j\u00e1 realizado em um dia, com crescimento de 60% nas vendas brutas online (GMV), comparado ao evento de 2022. Enjoei. Foto: Unsplash. Segundo a companhia, no final de semana da Black Friday, dos dias [&hellip;]<\/p>\n","protected":false},"author":313,"featured_media":491639,"comment_status":"closed","ping_status":"closed","sticky":false,"template":"","format":"standard","meta":[],"categories":[64],"tags":[768,104838],"suno_strategy":[],"class_list":["post-491612","post","type-post","status-publish","format-standard","has-post-thumbnail","hentry","category-negocios","tag-black-friday","tag-enjoei-enju3"],"yoast_head":"<!-- This site is optimized with the Yoast SEO plugin v24.4 - https:\/\/yoast.com\/wordpress\/plugins\/seo\/ -->\n<title>Enjoei (ENJU3): vendas na Black Friday 2023 crescem 60% em um ano<\/title>\n<meta name=\"description\" content=\"Nos dias 24 ao 26, o crescimento da Enjoei foi de 40% na compara\u00e7\u00e3o anual, com destaque para a categoria &#039;moda&#039; em vestidos, t\u00eanis e blusas.\" \/>\n<meta name=\"robots\" content=\"index, follow, max-snippet:-1, max-image-preview:large, max-video-preview:-1\" \/>\n<link rel=\"canonical\" href=\"https:\/\/www.suno.com.br\/noticias\/enjoei-enju3-black-friday-gpj\/\" \/>\n<meta property=\"og:locale\" content=\"pt_BR\" \/>\n<meta property=\"og:type\" content=\"article\" \/>\n<meta property=\"og:title\" content=\"Enjoei (ENJU3): vendas na Black Friday 2023 crescem 60% em um ano\" \/>\n<meta property=\"og:description\" content=\"Nos dias 24 ao 26, o crescimento da Enjoei foi de 40% na compara\u00e7\u00e3o anual, com destaque para a categoria &#039;moda&#039; em vestidos, t\u00eanis e blusas.\" \/>\n<meta property=\"og:url\" content=\"https:\/\/www.suno.com.br\/noticias\/enjoei-enju3-black-friday-gpj\/\" \/>\n<meta property=\"og:site_name\" content=\"Suno Not\u00edcias\" \/>\n<meta property=\"article:publisher\" content=\"https:\/\/facebook.com\/sunoresearch\" \/>\n<meta property=\"og:image\" content=\"https:\/\/files.sunoresearch.com.br\/n\/uploads\/2023\/11\/lucas-hoang-ojZ4wJNUM5w-unsplash-scaled.jpg\" \/>\n\t<meta property=\"og:image:width\" content=\"2560\" \/>\n\t<meta property=\"og:image:height\" content=\"1710\" \/>\n\t<meta property=\"og:image:type\" content=\"image\/jpeg\" \/>\n<meta name=\"author\" content=\"Giovanni Porf\u00edrio Jacomino\" \/>\n<meta name=\"twitter:card\" content=\"summary_large_image\" \/>\n<meta name=\"twitter:creator\" content=\"@sunoresearch\" \/>\n<meta name=\"twitter:site\" content=\"@sunoresearch\" \/>\n<meta name=\"twitter:label1\" content=\"Escrito por\" \/>\n\t<meta name=\"twitter:data1\" content=\"Giovanni Porf\u00edrio Jacomino\" \/>\n\t<meta name=\"twitter:label2\" content=\"Est. tempo de leitura\" \/>\n\t<meta name=\"twitter:data2\" content=\"1 minuto\" \/>\n<script type=\"application\/ld+json\" class=\"yoast-schema-graph\">{\"@context\":\"https:\/\/schema.org\",\"@graph\":[{\"@type\":\"NewsArticle\",\"@id\":\"https:\/\/www.suno.com.br\/noticias\/enjoei-enju3-black-friday-gpj\/#article\",\"isPartOf\":{\"@id\":\"https:\/\/www.suno.com.br\/noticias\/enjoei-enju3-black-friday-gpj\/\"},\"author\":{\"name\":\"Giovanni Porf\u00edrio Jacomino\",\"@id\":\"https:\/\/www.suno.com.br\/noticias\/#\/schema\/person\/d0f32748bbca4bee871fa191ee4e2d40\"},\"headline\":\"Enjoei (ENJU3): vendas na Black Friday 2023 crescem 60% em um ano\",\"datePublished\":\"2023-11-28T14:57:39+00:00\",\"dateModified\":\"2023-11-28T15:30:55+00:00\",\"mainEntityOfPage\":{\"@id\":\"https:\/\/www.suno.com.br\/noticias\/enjoei-enju3-black-friday-gpj\/\"},\"wordCount\":173,\"publisher\":{\"@id\":\"https:\/\/www.suno.com.br\/noticias\/#organization\"},\"image\":{\"@id\":\"https:\/\/www.suno.com.br\/noticias\/enjoei-enju3-black-friday-gpj\/#primaryimage\"},\"thumbnailUrl\":\"https:\/\/files.sunoresearch.com.br\/n\/uploads\/2023\/11\/lucas-hoang-ojZ4wJNUM5w-unsplash-scaled.jpg\",\"keywords\":[\"Black Friday\",\"Enjoei (ENJU3)\"],\"articleSection\":[\"Neg\u00f3cios\"],\"inLanguage\":\"pt-BR\"},{\"@type\":\"WebPage\",\"@id\":\"https:\/\/www.suno.com.br\/noticias\/enjoei-enju3-black-friday-gpj\/\",\"url\":\"https:\/\/www.suno.com.br\/noticias\/enjoei-enju3-black-friday-gpj\/\",\"name\":\"Enjoei (ENJU3): vendas na Black Friday 2023 crescem 60% em um ano\",\"isPartOf\":{\"@id\":\"https:\/\/www.suno.com.br\/noticias\/#website\"},\"primaryImageOfPage\":{\"@id\":\"https:\/\/www.suno.com.br\/noticias\/enjoei-enju3-black-friday-gpj\/#primaryimage\"},\"image\":{\"@id\":\"https:\/\/www.suno.com.br\/noticias\/enjoei-enju3-black-friday-gpj\/#primaryimage\"},\"thumbnailUrl\":\"https:\/\/files.sunoresearch.com.br\/n\/uploads\/2023\/11\/lucas-hoang-ojZ4wJNUM5w-unsplash-scaled.jpg\",\"datePublished\":\"2023-11-28T14:57:39+00:00\",\"dateModified\":\"2023-11-28T15:30:55+00:00\",\"description\":\"Nos dias 24 ao 26, o crescimento da Enjoei foi de 40% na compara\u00e7\u00e3o anual, com destaque para a categoria 'moda' em vestidos, t\u00eanis e blusas.\",\"breadcrumb\":{\"@id\":\"https:\/\/www.suno.com.br\/noticias\/enjoei-enju3-black-friday-gpj\/#breadcrumb\"},\"inLanguage\":\"pt-BR\",\"potentialAction\":[{\"@type\":\"ReadAction\",\"target\":[\"https:\/\/www.suno.com.br\/noticias\/enjoei-enju3-black-friday-gpj\/\"]}]},{\"@type\":\"ImageObject\",\"inLanguage\":\"pt-BR\",\"@id\":\"https:\/\/www.suno.com.br\/noticias\/enjoei-enju3-black-friday-gpj\/#primaryimage\",\"url\":\"https:\/\/files.sunoresearch.com.br\/n\/uploads\/2023\/11\/lucas-hoang-ojZ4wJNUM5w-unsplash-scaled.jpg\",\"contentUrl\":\"https:\/\/files.sunoresearch.com.br\/n\/uploads\/2023\/11\/lucas-hoang-ojZ4wJNUM5w-unsplash-scaled.jpg\",\"width\":2560,\"height\":1710,\"caption\":\"Enjoei. Foto: Unsplash.\"},{\"@type\":\"BreadcrumbList\",\"@id\":\"https:\/\/www.suno.com.br\/noticias\/enjoei-enju3-black-friday-gpj\/#breadcrumb\",\"itemListElement\":[{\"@type\":\"ListItem\",\"position\":1,\"name\":\"Not\u00edcias\",\"item\":\"https:\/\/www.suno.com.br\/noticias\/\"},{\"@type\":\"ListItem\",\"position\":2,\"name\":\"Neg\u00f3cios\",\"item\":\"https:\/\/www.suno.com.br\/noticias\/negocios\/\"},{\"@type\":\"ListItem\",\"position\":3,\"name\":\"Enjoei (ENJU3): vendas na Black Friday 2023 crescem 60% em um ano\"}]},{\"@type\":\"WebSite\",\"@id\":\"https:\/\/www.suno.com.br\/noticias\/#website\",\"url\":\"https:\/\/www.suno.com.br\/noticias\/\",\"name\":\"Suno Not\u00edcias\",\"description\":\"Seu portal de informa\u00e7\u00e3o sobre o mundo dos investimentos\",\"publisher\":{\"@id\":\"https:\/\/www.suno.com.br\/noticias\/#organization\"},\"potentialAction\":[{\"@type\":\"SearchAction\",\"target\":{\"@type\":\"EntryPoint\",\"urlTemplate\":\"https:\/\/www.suno.com.br\/noticias\/?s={search_term_string}\"},\"query-input\":{\"@type\":\"PropertyValueSpecification\",\"valueRequired\":true,\"valueName\":\"search_term_string\"}}],\"inLanguage\":\"pt-BR\"},{\"@type\":\"Organization\",\"@id\":\"https:\/\/www.suno.com.br\/noticias\/#organization\",\"name\":\"Suno Not\u00edcias\",\"url\":\"https:\/\/www.suno.com.br\/noticias\/\",\"logo\":{\"@type\":\"ImageObject\",\"inLanguage\":\"pt-BR\",\"@id\":\"https:\/\/www.suno.com.br\/noticias\/#\/schema\/logo\/image\/\",\"url\":\"https:\/\/files.sunoresearch.com.br\/n\/uploads\/2021\/09\/suno-logo.png\",\"contentUrl\":\"https:\/\/files.sunoresearch.com.br\/n\/uploads\/2021\/09\/suno-logo.png\",\"width\":180,\"height\":180,\"caption\":\"Suno Not\u00edcias\"},\"image\":{\"@id\":\"https:\/\/www.suno.com.br\/noticias\/#\/schema\/logo\/image\/\"},\"sameAs\":[\"https:\/\/facebook.com\/sunoresearch\",\"https:\/\/x.com\/sunoresearch\",\"https:\/\/www.instagram.com\/suno\",\"https:\/\/www.linkedin.com\/company\/suno-research\/\",\"https:\/\/www.youtube.com\/c\/sunoresearch\"]},{\"@type\":\"Person\",\"@id\":\"https:\/\/www.suno.com.br\/noticias\/#\/schema\/person\/d0f32748bbca4bee871fa191ee4e2d40\",\"name\":\"Giovanni Porf\u00edrio Jacomino\",\"image\":{\"@type\":\"ImageObject\",\"inLanguage\":\"pt-BR\",\"@id\":\"https:\/\/www.suno.com.br\/noticias\/#\/schema\/person\/image\/\",\"url\":\"https:\/\/secure.gravatar.com\/avatar\/efb32e19b730a121cb7a80f41ffec01a?s=96&r=g\",\"contentUrl\":\"https:\/\/secure.gravatar.com\/avatar\/efb32e19b730a121cb7a80f41ffec01a?s=96&r=g\",\"caption\":\"Giovanni Porf\u00edrio Jacomino\"},\"description\":\"Giovanni Porf\u00edrio Jacomino \u00e9 jornalista formado pela Universidade Estadual de Londrina (UEL) e p\u00f3s-graduado em Produ\u00e7\u00e3o e Pr\u00e1ticas Jornal\u00edsticas na Contemporaneidade na Faculdade C\u00e1sper L\u00edbero (FCL). Foi editor web no Startupi e no Finsiders, atuando ainda como editor no TC Mover, portal de not\u00edcias da TradersClub, fazendo a cobertura de assuntos relacionados ao mercado financeiro interno e externo. Atualmente, \u00e9 Rep\u00f3rter do Suno Not\u00edcias.\",\"url\":\"https:\/\/www.suno.com.br\/noticias\/author\/giovanni-porfiriosuno-com-br\/\"}]}<\/script>\n<!-- \/ Yoast SEO plugin. -->","yoast_head_json":{"title":"Enjoei (ENJU3): vendas na Black Friday 2023 crescem 60% em um ano","description":"Nos dias 24 ao 26, o crescimento da Enjoei foi de 40% na compara\u00e7\u00e3o anual, com destaque para a categoria 'moda' em vestidos, t\u00eanis e blusas.","robots":{"index":"index","follow":"follow","max-snippet":"max-snippet:-1","max-image-preview":"max-image-preview:large","max-video-preview":"max-video-preview:-1"},"canonical":"https:\/\/www.suno.com.br\/noticias\/enjoei-enju3-black-friday-gpj\/","og_locale":"pt_BR","og_type":"article","og_title":"Enjoei (ENJU3): vendas na Black Friday 2023 crescem 60% em um ano","og_description":"Nos dias 24 ao 26, o crescimento da Enjoei foi de 40% na compara\u00e7\u00e3o anual, com destaque para a categoria 'moda' em vestidos, t\u00eanis e blusas.","og_url":"https:\/\/www.suno.com.br\/noticias\/enjoei-enju3-black-friday-gpj\/","og_site_name":"Suno Not\u00edcias","article_publisher":"https:\/\/facebook.com\/sunoresearch","og_image":[{"width":2560,"height":1710,"url":"https:\/\/files.sunoresearch.com.br\/n\/uploads\/2023\/11\/lucas-hoang-ojZ4wJNUM5w-unsplash-scaled.jpg","type":"image\/jpeg"}],"author":"Giovanni Porf\u00edrio Jacomino","twitter_card":"summary_large_image","twitter_creator":"@sunoresearch","twitter_site":"@sunoresearch","twitter_misc":{"Escrito por":"Giovanni Porf\u00edrio Jacomino","Est. tempo de leitura":"1 minuto"},"schema":{"@context":"https:\/\/schema.org","@graph":[{"@type":"NewsArticle","@id":"https:\/\/www.suno.com.br\/noticias\/enjoei-enju3-black-friday-gpj\/#article","isPartOf":{"@id":"https:\/\/www.suno.com.br\/noticias\/enjoei-enju3-black-friday-gpj\/"},"author":{"name":"Giovanni Porf\u00edrio Jacomino","@id":"https:\/\/www.suno.com.br\/noticias\/#\/schema\/person\/d0f32748bbca4bee871fa191ee4e2d40"},"headline":"Enjoei (ENJU3): vendas na Black Friday 2023 crescem 60% em um ano","datePublished":"2023-11-28T14:57:39+00:00","dateModified":"2023-11-28T15:30:55+00:00","mainEntityOfPage":{"@id":"https:\/\/www.suno.com.br\/noticias\/enjoei-enju3-black-friday-gpj\/"},"wordCount":173,"publisher":{"@id":"https:\/\/www.suno.com.br\/noticias\/#organization"},"image":{"@id":"https:\/\/www.suno.com.br\/noticias\/enjoei-enju3-black-friday-gpj\/#primaryimage"},"thumbnailUrl":"https:\/\/files.sunoresearch.com.br\/n\/uploads\/2023\/11\/lucas-hoang-ojZ4wJNUM5w-unsplash-scaled.jpg","keywords":["Black Friday","Enjoei (ENJU3)"],"articleSection":["Neg\u00f3cios"],"inLanguage":"pt-BR"},{"@type":"WebPage","@id":"https:\/\/www.suno.com.br\/noticias\/enjoei-enju3-black-friday-gpj\/","url":"https:\/\/www.suno.com.br\/noticias\/enjoei-enju3-black-friday-gpj\/","name":"Enjoei (ENJU3): vendas na Black Friday 2023 crescem 60% em um ano","isPartOf":{"@id":"https:\/\/www.suno.com.br\/noticias\/#website"},"primaryImageOfPage":{"@id":"https:\/\/www.suno.com.br\/noticias\/enjoei-enju3-black-friday-gpj\/#primaryimage"},"image":{"@id":"https:\/\/www.suno.com.br\/noticias\/enjoei-enju3-black-friday-gpj\/#primaryimage"},"thumbnailUrl":"https:\/\/files.sunoresearch.com.br\/n\/uploads\/2023\/11\/lucas-hoang-ojZ4wJNUM5w-unsplash-scaled.jpg","datePublished":"2023-11-28T14:57:39+00:00","dateModified":"2023-11-28T15:30:55+00:00","description":"Nos dias 24 ao 26, o crescimento da Enjoei foi de 40% na compara\u00e7\u00e3o anual, com destaque para a categoria 'moda' em vestidos, t\u00eanis e blusas.","breadcrumb":{"@id":"https:\/\/www.suno.com.br\/noticias\/enjoei-enju3-black-friday-gpj\/#breadcrumb"},"inLanguage":"pt-BR","potentialAction":[{"@type":"ReadAction","target":["https:\/\/www.suno.com.br\/noticias\/enjoei-enju3-black-friday-gpj\/"]}]},{"@type":"ImageObject","inLanguage":"pt-BR","@id":"https:\/\/www.suno.com.br\/noticias\/enjoei-enju3-black-friday-gpj\/#primaryimage","url":"https:\/\/files.sunoresearch.com.br\/n\/uploads\/2023\/11\/lucas-hoang-ojZ4wJNUM5w-unsplash-scaled.jpg","contentUrl":"https:\/\/files.sunoresearch.com.br\/n\/uploads\/2023\/11\/lucas-hoang-ojZ4wJNUM5w-unsplash-scaled.jpg","width":2560,"height":1710,"caption":"Enjoei. Foto: Unsplash."},{"@type":"BreadcrumbList","@id":"https:\/\/www.suno.com.br\/noticias\/enjoei-enju3-black-friday-gpj\/#breadcrumb","itemListElement":[{"@type":"ListItem","position":1,"name":"Not\u00edcias","item":"https:\/\/www.suno.com.br\/noticias\/"},{"@type":"ListItem","position":2,"name":"Neg\u00f3cios","item":"https:\/\/www.suno.com.br\/noticias\/negocios\/"},{"@type":"ListItem","position":3,"name":"Enjoei (ENJU3): vendas na Black Friday 2023 crescem 60% em um ano"}]},{"@type":"WebSite","@id":"https:\/\/www.suno.com.br\/noticias\/#website","url":"https:\/\/www.suno.com.br\/noticias\/","name":"Suno Not\u00edcias","description":"Seu portal de informa\u00e7\u00e3o sobre o mundo dos investimentos","publisher":{"@id":"https:\/\/www.suno.com.br\/noticias\/#organization"},"potentialAction":[{"@type":"SearchAction","target":{"@type":"EntryPoint","urlTemplate":"https:\/\/www.suno.com.br\/noticias\/?s={search_term_string}"},"query-input":{"@type":"PropertyValueSpecification","valueRequired":true,"valueName":"search_term_string"}}],"inLanguage":"pt-BR"},{"@type":"Organization","@id":"https:\/\/www.suno.com.br\/noticias\/#organization","name":"Suno Not\u00edcias","url":"https:\/\/www.suno.com.br\/noticias\/","logo":{"@type":"ImageObject","inLanguage":"pt-BR","@id":"https:\/\/www.suno.com.br\/noticias\/#\/schema\/logo\/image\/","url":"https:\/\/files.sunoresearch.com.br\/n\/uploads\/2021\/09\/suno-logo.png","contentUrl":"https:\/\/files.sunoresearch.com.br\/n\/uploads\/2021\/09\/suno-logo.png","width":180,"height":180,"caption":"Suno Not\u00edcias"},"image":{"@id":"https:\/\/www.suno.com.br\/noticias\/#\/schema\/logo\/image\/"},"sameAs":["https:\/\/facebook.com\/sunoresearch","https:\/\/x.com\/sunoresearch","https:\/\/www.instagram.com\/suno","https:\/\/www.linkedin.com\/company\/suno-research\/","https:\/\/www.youtube.com\/c\/sunoresearch"]},{"@type":"Person","@id":"https:\/\/www.suno.com.br\/noticias\/#\/schema\/person\/d0f32748bbca4bee871fa191ee4e2d40","name":"Giovanni Porf\u00edrio Jacomino","image":{"@type":"ImageObject","inLanguage":"pt-BR","@id":"https:\/\/www.suno.com.br\/noticias\/#\/schema\/person\/image\/","url":"https:\/\/secure.gravatar.com\/avatar\/efb32e19b730a121cb7a80f41ffec01a?s=96&r=g","contentUrl":"https:\/\/secure.gravatar.com\/avatar\/efb32e19b730a121cb7a80f41ffec01a?s=96&r=g","caption":"Giovanni Porf\u00edrio Jacomino"},"description":"Giovanni Porf\u00edrio Jacomino \u00e9 jornalista formado pela Universidade Estadual de Londrina (UEL) e p\u00f3s-graduado em Produ\u00e7\u00e3o e Pr\u00e1ticas Jornal\u00edsticas na Contemporaneidade na Faculdade C\u00e1sper L\u00edbero (FCL). Foi editor web no Startupi e no Finsiders, atuando ainda como editor no TC Mover, portal de not\u00edcias da TradersClub, fazendo a cobertura de assuntos relacionados ao mercado financeiro interno e externo. Atualmente, \u00e9 Rep\u00f3rter do Suno Not\u00edcias.","url":"https:\/\/www.suno.com.br\/noticias\/author\/giovanni-porfiriosuno-com-br\/"}]}},"default_loop_html":"<div class=\"cardsPage__listCard__boxs\"><div class=\"cardsPage__listCard__boxs__img\"><a href=\"https:\/\/www.suno.com.br\/noticias\/enjoei-enju3-black-friday-gpj\/\"><img class=\"mask\" src=\"https:\/\/www.suno.com.br\/noticias\/wp-content\/themes\/suno\/resources\/images\/spotlight\/spotlight1img\/bg-mask.png\" alt=\"Image Mask\"\/><img src=\"https:\/\/files.sunoresearch.com.br\/n\/uploads\/2023\/11\/lucas-hoang-ojZ4wJNUM5w-unsplash-400x200.jpg\" alt=\"Enjoei (ENJU3): vendas na Black Friday 2023 crescem 60% em um ano\"\/><\/a><span class=\"spotlightCategory\"><a href=\"https:\/\/www.suno.com.br\/noticias\/negocios\/\">Neg\u00f3cios<\/a><\/span><\/div><div class=\"cardsPage__listCard__boxs__content\"><a href=\"https:\/\/www.suno.com.br\/noticias\/enjoei-enju3-black-friday-gpj\/\"><h2 class=\"content__title\">Enjoei (ENJU3): vendas na Black Friday 2023 crescem 60% em um ano<\/h2><\/a><div class=\"newsContent__article__meta\"><div class=\"newsContent__article__meta__authorBox\"><a href=\"https:\/\/www.suno.com.br\/noticias\/author\/gustavo-silva\/\" class=\"authorBox__avatar noMobi\"><img src=\"https:\/\/files.sunoresearch.com.br\/n\/uploads\/2024\/06\/41337ec3172142e15d749bd3a95a5216.jpeg\" alt=\"Gustavo Bianch\"><\/a><div class=\"authorBox__name\"><span>por\n\t\t\t<a href=\"https:\/\/www.suno.com.br\/noticias\/author\/gustavo-silva\/\"><span itemprop=\"author\">Gustavo Bianch<\/span><\/a><\/span><time datetime=\"2023-11-28T11:57:39-03:00\" itemprop=\"datePublished\">28\/11\/2023 11:57<\/time><\/div><\/div><\/div><\/div><\/div>","single_layout":"posts","amp_enabled":true,"_links":{"self":[{"href":"https:\/\/www.suno.com.br\/noticias\/wp-json\/wp\/v2\/posts\/491612"}],"collection":[{"href":"https:\/\/www.suno.com.br\/noticias\/wp-json\/wp\/v2\/posts"}],"about":[{"href":"https:\/\/www.suno.com.br\/noticias\/wp-json\/wp\/v2\/types\/post"}],"author":[{"embeddable":true,"href":"https:\/\/www.suno.com.br\/noticias\/wp-json\/wp\/v2\/users\/313"}],"replies":[{"embeddable":true,"href":"https:\/\/www.suno.com.br\/noticias\/wp-json\/wp\/v2\/comments?post=491612"}],"version-history":[{"count":3,"href":"https:\/\/www.suno.com.br\/noticias\/wp-json\/wp\/v2\/posts\/491612\/revisions"}],"predecessor-version":[{"id":491656,"href":"https:\/\/www.suno.com.br\/noticias\/wp-json\/wp\/v2\/posts\/491612\/revisions\/491656"}],"wp:featuredmedia":[{"embeddable":true,"href":"https:\/\/www.suno.com.br\/noticias\/wp-json\/wp\/v2\/media\/491639"}],"wp:attachment":[{"href":"https:\/\/www.suno.com.br\/noticias\/wp-json\/wp\/v2\/media?parent=491612"}],"wp:term":[{"taxonomy":"category","embeddable":true,"href":"https:\/\/www.suno.com.br\/noticias\/wp-json\/wp\/v2\/categories?post=491612"},{"taxonomy":"post_tag","embeddable":true,"href":"https:\/\/www.suno.com.br\/noticias\/wp-json\/wp\/v2\/tags?post=491612"},{"taxonomy":"suno_strategy","embeddable":true,"href":"https:\/\/www.suno.com.br\/noticias\/wp-json\/wp\/v2\/suno_strategy?post=491612"}],"curies":[{"name":"wp","href":"https:\/\/api.w.org\/{rel}","templated":true}]}}