{"id":491596,"date":"2023-11-28T11:35:03","date_gmt":"2023-11-28T14:35:03","guid":{"rendered":"https:\/\/www.suno.com.br\/noticias\/?p=491596"},"modified":"2023-11-28T11:44:54","modified_gmt":"2023-11-28T14:44:54","slug":"selic-fim-ciclo-goldman-sachs-85-juros-evm","status":"publish","type":"post","link":"https:\/\/www.suno.com.br\/noticias\/selic-fim-ciclo-goldman-sachs-85-juros-evm\/","title":{"rendered":"Selic de 8,5%? Veja proje\u00e7\u00f5es do Goldman Sachs para fim do ciclo do corte de juros"},"content":{"rendered":"<p>Em novo parecer sobre a trajet\u00f3ria da <a class=\"suno-keyword\" data-force=\"no\" data-priority=\"1\" href=\"https:\/\/www.suno.com.br\/artigos\/taxa-de-juros\/\" target=\"_blank\" rel=\"noopener\">taxa b\u00e1sica de juros<\/a>, a <strong><a href=\"https:\/\/www.suno.com.br\/guias\/taxa-selic\/\" target=\"_blank\" rel=\"noreferrer noopener\">Selic<\/a><\/strong>, analistas do Goldman Sachs reiteraram que as proje\u00e7\u00f5es seguem inalteradas ap\u00f3s os dados de infla\u00e7\u00e3o divulgados recentemente.<\/p><div class=\"videoFull \">\n\t\t\t<div class=\"videoWrapper yt-lazyload center\"\n\t\t\t\tdata-width=\"960\"\n\t\t\t\tdata-height=\"540\"\n\t\t\t\tdata-id=\"5k5nG5bgTcM\"\n\t\t\t\tdata-alt=\"V\u00eddeo do YouTube - clique para reproduzir\"\n\t\t\t\tdata-logo=\"3\"\n\t\t\t\tdata-imagequality=\"maxres\">\n\t\t\t<\/div>\n\t\t<\/div><script type=\"application\/ld+json\">{\"@context\":\"https:\/\/schema.org\",\"@type\":\"VideoObject\",\"name\":\"\ud83d\udd34 YDUQ3 E COGN3 DOMINAM IBOVESPA | ACORDO COM CREDORES DA AMERICANAS | NOME DE LULA NO STF\",\"description\":\"#mercadofinanceiro #investimentos #bolsadevalores #ibovespa #dinheiro #finan\u00e7as #pol\u00edtica #d\u00f3lar #livedas19h #petr4 #petrobras #vale3 #vale #a\u00e7\u00f5es #economia #dividendos #bradesco #bbdc4 #dinheiro #americanas #amer3 #STF \ud83d\udd34CYBER MONDAY DA SUNO: https:\/\/suno.me\/3T7ojhw 00:00 In\u00edcio do v\u00eddeo 01:10 Fechamento de preg\u00e3o 05:20 Entenda alta de YDUQ3 e COGN3 08:55 Americanas fecha acordo com credores 13:40 CYBER MONDAY DA SUNO 15:02 Usu\u00e1rios\u2026\",\"duration\":\"PT28M20S\",\"embedUrl\":\"https:\/\/www.youtube.com\/embed\/5k5nG5bgTcM\",\"regionsAllowed\":\"en-US\",\"interactionStatistic\":{\"@type\":\"InteractionCounter\",\"interactionType\":{\"@type\":\"WatchAction\"},\"userInteractionCount\":2182},\"thumbnailUrl\":\"https:\/\/i.ytimg.com\/vi\/5k5nG5bgTcM\/default.jpg\",\"uploadDate\":\"2023-11-28T10:36:12Z\"}<\/script>\n\n\n\n\n\t<p>\n\t\t<a href=\"\" target=\"_blank\" data-element=\"shortcode-suno-banner\" title=\"Banner SUNO, clique e saiba mais\">\n\t\t\t<picture>\n\t\t\t\t<source media=\"(max-width: 500px)\" srcset=\"\">\n\t\t\t\t<img class=\"newsContent__article__imgCapa newsContent__article__imgCapa--banner\"\n\t\t\t\t\tsrc=\"\"\n\t\t\t\t\tdata-promo-id=\"240038\"\t\t\t\t\t\t\t\t\t\t\t\t\t\t\talt=\"\"\n\t\t\t\t>\n\t\t\t<\/picture>\n\t\t<\/a>\n\t<\/p>\n\n\n\n\n\n\n\n<p>Tal como o consenso de mercado, a casa espera que a <strong>Taxa Selic<\/strong> feche este ano em um patamar de 11,75% &#8211; proje\u00e7\u00e3o que se mant\u00e9m h\u00e1 16 semanas inalterada pelo consenso do mercado financeiro, refletido no Boletim Focus.<\/p>\n\n\n\n<p>&#8220;Para o final de 2024, as expectativas de infla\u00e7\u00e3o ainda est\u00e3o 91 pontos base acima da meta e para 2025\/26 permanecem presos 50 pontos base acima da <a class=\"suno-keyword\" data-force=\"no\" data-priority=\"1\" href=\"https:\/\/www.suno.com.br\/artigos\/meta-de-inflacao\/\" target=\"_blank\" rel=\"noopener\"><strong>meta de infla\u00e7\u00e3o<\/strong><\/a> de 3% no ponto m\u00e9dio, o que provavelmente reflete a expectativa de que o governo n\u00e3o cumprir\u00e1 nas metas fiscais anunciadas&#8221;, disse o <strong>Goldman Sachs<\/strong>.<\/p>\n\n\n\n<p>&#8220;A expectativa para 2023 e o crescimento real do PIB em 2024 permaneceu est\u00e1vel. O mercado antecipa medidas fiscais prim\u00e1rias d\u00e9fices at\u00e9 2026, na dire\u00e7\u00e3o contr\u00e1ria \u00e0s metas do governo de aumentar os super\u00e1vits, atestando a baixa credibilidade e fraco efeito de ancoragem do novo quadro fiscal&#8221;, completa.<\/p>\n\n\n\n<h2 class=\"wp-block-heading\">Veja proje\u00e7\u00f5es de Selic terminal do GS<\/h2>\n\n\n\n<ul class=\"wp-block-list\">\n<li>2023: Selic de 11,75%<\/li>\n\n\n\n<li>2024: Selic de 9,25<\/li>\n\n\n\n<li>2025: Selic de 8,75%<\/li>\n\n\n\n<li>2026: Selic de 8,5%<\/li>\n<\/ul>\n\n\n\t<p>\n\t\t<a href=\"https:\/\/lp.suno.com.br\/ebook-gratuito-investindo-no-exterior\/\" target=\"_blank\" data-element=\"shortcode-suno-banner\" title=\"Banner SUNO, clique e saiba mais\">\n\t\t\t<picture>\n\t\t\t\t<source media=\"(max-width: 500px)\" srcset=\"https:\/\/files.sunoresearch.com.br\/n\/uploads\/2023\/03\/400x300-Investindo-no-exterior.png\">\n\t\t\t\t<img class=\"newsContent__article__imgCapa newsContent__article__imgCapa--banner\"\n\t\t\t\t\tsrc=\"https:\/\/files.sunoresearch.com.br\/n\/uploads\/2023\/03\/1420x240-Investindo-no-exterior.png\"\n\t\t\t\t\tdata-promo-id=\"383161\"\t\t\t\t\t\t\t\t\t\twidth='1420' height='240'\t\t\t\t\talt=\"https:\/\/files.sunoresearch.com.br\/n\/uploads\/2023\/03\/1420x240-Investindo-no-exterior.png\"\n\t\t\t\t>\n\t\t\t<\/picture>\n\t\t<\/a>\n\t<\/p>\n\n\n\n\n\n<h2 class=\"wp-block-heading\">IPCA-15 sobe para 0,33%<\/h2>\n\n\n\n<p>O \u00cdndice Nacional de Pre\u00e7os ao Consumidor Amplo 15 (<strong>IPCA-15<\/strong>) de novembro, divulgado nesta ter\u00e7a-feira (28) pela manh\u00e3 apontou uma proje\u00e7\u00e3o ascendente para a infla\u00e7\u00e3o no m\u00eas de novembro. Segundo os dados do\u00a0<a href=\"https:\/\/www.suno.com.br\/artigos\/ibge\/\" target=\"_blank\" rel=\"noreferrer noopener\">Instituto Brasileiro de Geografia e Estat\u00edstica (IBGE)<\/a>, o dado registrou uma alta de 0,12 ponto percentual (p.p.) no m\u00eas marcando 0,33%.<\/p>\n\n\n\n<p>Na compara\u00e7\u00e3o anual, o\u00a0<strong>IPCA<\/strong>-15\u00a0acumula alta de 4,30% e, em 12 meses, de 4,84%, abaixo dos 5,05% registrados nos 12 meses imediatamente anteriores. Em novembro de 2022, a taxa foi de 0,53%.<\/p>\n\n\n\n<p>Os dados de novembro revelam que o&nbsp;cen\u00e1rio inflacion\u00e1rio&nbsp;permanece, com oito dos nove grupos de produtos e servi\u00e7os analisados apresentando aumento.<\/p>\n\n\n\n<p>A maior varia\u00e7\u00e3o, 0,82%, e o maior impacto, 0,17 ponto percentual (p.p.), foram observados no setor de Alimenta\u00e7\u00e3o e Bebidas. <\/p>\n\n\n\n<p>A alta no\u00a0pre\u00e7o de alimentos\u00a0como cebola (30,61%), batata-inglesa (14,01%), arroz (2,60%), frutas (2,53%) e carnes (1,42%) contribu\u00edram para esse aumento, enquanto feij\u00e3o-carioca (-4,25%) e leite longa vida (-1,91%) tiveram redu\u00e7\u00f5es.<\/p>\n\n\n\n<p>Para saber mais sobre a taxa <strong>Selic<\/strong> e infla\u00e7\u00e3o, acompanhe o Suno Not\u00edcias.<\/p>\n\n\n\t<p>\n\t\t<a href=\"https:\/\/lp.suno.com.br\/planilha-da-vida-financeira\/\" target=\"_blank\" data-element=\"shortcode-suno-banner\" title=\"Banner SUNO, clique e saiba mais\">\n\t\t\t<picture>\n\t\t\t\t<source media=\"(max-width: 500px)\" srcset=\"https:\/\/files.sunoresearch.com.br\/n\/uploads\/2023\/04\/400x300-Planilha-vida-financeira-true.png\">\n\t\t\t\t<img class=\"newsContent__article__imgCapa newsContent__article__imgCapa--banner\"\n\t\t\t\t\tsrc=\"https:\/\/files.sunoresearch.com.br\/n\/uploads\/2023\/04\/1420x240-Planilha-vida-financeira-true.png\"\n\t\t\t\t\tdata-promo-id=\"383123\"\t\t\t\t\t\t\t\t\t\twidth='1420' height='240'\t\t\t\t\talt=\"https:\/\/files.sunoresearch.com.br\/n\/uploads\/2023\/04\/1420x240-Planilha-vida-financeira-true.png\"\n\t\t\t\t>\n\t\t\t<\/picture>\n\t\t<\/a>\n\t<\/p>\n\n\n","protected":false},"excerpt":{"rendered":"<p>Em novo parecer sobre a trajet\u00f3ria da taxa b\u00e1sica de juros, a Selic, analistas do Goldman Sachs reiteraram que as proje\u00e7\u00f5es seguem inalteradas ap\u00f3s os dados de infla\u00e7\u00e3o divulgados recentemente. Tal como o consenso de mercado, a casa espera que a Taxa Selic feche este ano em um patamar de 11,75% &#8211; proje\u00e7\u00e3o que se [&hellip;]<\/p>\n","protected":false},"author":73,"featured_media":179071,"comment_status":"closed","ping_status":"closed","sticky":false,"template":"","format":"standard","meta":[],"categories":[62],"tags":[1842,105816,1113,290],"suno_strategy":[],"class_list":["post-491596","post","type-post","status-publish","format-standard","has-post-thumbnail","hentry","category-economia","tag-banco-central-bc","tag-especialistas","tag-roberto-campos-neto","tag-taxa-selic"],"yoast_head":"<!-- This site is optimized with the Yoast SEO plugin v24.4 - https:\/\/yoast.com\/wordpress\/plugins\/seo\/ -->\n<title>Selic de 8,5%? Veja proje\u00e7\u00f5es do Goldman Sachs para fim do ciclo<\/title>\n<meta name=\"description\" content=\"Tal como o consenso de mercado, a casa espera que a Taxa Selic feche este ano de 2023 em um patamar de 11,75%\" \/>\n<meta name=\"robots\" content=\"index, follow, max-snippet:-1, max-image-preview:large, max-video-preview:-1\" \/>\n<link rel=\"canonical\" href=\"https:\/\/www.suno.com.br\/noticias\/selic-fim-ciclo-goldman-sachs-85-juros-evm\/\" \/>\n<meta property=\"og:locale\" content=\"pt_BR\" \/>\n<meta property=\"og:type\" content=\"article\" \/>\n<meta property=\"og:title\" content=\"Selic de 8,5%? Veja proje\u00e7\u00f5es do Goldman Sachs para fim do ciclo\" \/>\n<meta property=\"og:description\" content=\"Tal como o consenso de mercado, a casa espera que a Taxa Selic feche este ano de 2023 em um patamar de 11,75%\" \/>\n<meta property=\"og:url\" content=\"https:\/\/www.suno.com.br\/noticias\/selic-fim-ciclo-goldman-sachs-85-juros-evm\/\" \/>\n<meta property=\"og:site_name\" content=\"Suno Not\u00edcias\" \/>\n<meta property=\"article:publisher\" content=\"https:\/\/facebook.com\/sunoresearch\" \/>\n<meta property=\"og:image\" content=\"https:\/\/files.sunoresearch.com.br\/n\/uploads\/2021\/08\/7c8cf9e9-jfcrz_191119mcal57152963-scaled.jpg\" \/>\n\t<meta property=\"og:image:width\" content=\"2560\" \/>\n\t<meta property=\"og:image:height\" content=\"1707\" \/>\n\t<meta property=\"og:image:type\" content=\"image\/jpeg\" \/>\n<meta name=\"author\" content=\"Eduardo Vargas\" \/>\n<meta name=\"twitter:card\" content=\"summary_large_image\" \/>\n<meta name=\"twitter:creator\" content=\"@sunoresearch\" \/>\n<meta name=\"twitter:site\" content=\"@sunoresearch\" \/>\n<meta name=\"twitter:label1\" content=\"Escrito por\" \/>\n\t<meta name=\"twitter:data1\" content=\"Eduardo Vargas\" \/>\n\t<meta name=\"twitter:label2\" content=\"Est. tempo de leitura\" \/>\n\t<meta name=\"twitter:data2\" content=\"3 minutos\" \/>\n<script type=\"application\/ld+json\" class=\"yoast-schema-graph\">{\"@context\":\"https:\/\/schema.org\",\"@graph\":[{\"@type\":\"NewsArticle\",\"@id\":\"https:\/\/www.suno.com.br\/noticias\/selic-fim-ciclo-goldman-sachs-85-juros-evm\/#article\",\"isPartOf\":{\"@id\":\"https:\/\/www.suno.com.br\/noticias\/selic-fim-ciclo-goldman-sachs-85-juros-evm\/\"},\"author\":{\"name\":\"Eduardo Vargas\",\"@id\":\"https:\/\/www.suno.com.br\/noticias\/#\/schema\/person\/7f4d362bf3518e76090143ae77bb49a5\"},\"headline\":\"Selic de 8,5%? Veja proje\u00e7\u00f5es do Goldman Sachs para fim do ciclo do corte de juros\",\"datePublished\":\"2023-11-28T14:35:03+00:00\",\"dateModified\":\"2023-11-28T14:44:54+00:00\",\"mainEntityOfPage\":{\"@id\":\"https:\/\/www.suno.com.br\/noticias\/selic-fim-ciclo-goldman-sachs-85-juros-evm\/\"},\"wordCount\":403,\"publisher\":{\"@id\":\"https:\/\/www.suno.com.br\/noticias\/#organization\"},\"image\":{\"@id\":\"https:\/\/www.suno.com.br\/noticias\/selic-fim-ciclo-goldman-sachs-85-juros-evm\/#primaryimage\"},\"thumbnailUrl\":\"https:\/\/files.sunoresearch.com.br\/n\/uploads\/2021\/08\/7c8cf9e9-jfcrz_191119mcal57152963-scaled.jpg\",\"keywords\":[\"Banco Central (BC)\",\"Especialistas\",\"Roberto Campos Neto\",\"Taxa Selic\"],\"articleSection\":[\"Economia\"],\"inLanguage\":\"pt-BR\"},{\"@type\":\"WebPage\",\"@id\":\"https:\/\/www.suno.com.br\/noticias\/selic-fim-ciclo-goldman-sachs-85-juros-evm\/\",\"url\":\"https:\/\/www.suno.com.br\/noticias\/selic-fim-ciclo-goldman-sachs-85-juros-evm\/\",\"name\":\"Selic de 8,5%? Veja proje\u00e7\u00f5es do Goldman Sachs para fim do ciclo\",\"isPartOf\":{\"@id\":\"https:\/\/www.suno.com.br\/noticias\/#website\"},\"primaryImageOfPage\":{\"@id\":\"https:\/\/www.suno.com.br\/noticias\/selic-fim-ciclo-goldman-sachs-85-juros-evm\/#primaryimage\"},\"image\":{\"@id\":\"https:\/\/www.suno.com.br\/noticias\/selic-fim-ciclo-goldman-sachs-85-juros-evm\/#primaryimage\"},\"thumbnailUrl\":\"https:\/\/files.sunoresearch.com.br\/n\/uploads\/2021\/08\/7c8cf9e9-jfcrz_191119mcal57152963-scaled.jpg\",\"datePublished\":\"2023-11-28T14:35:03+00:00\",\"dateModified\":\"2023-11-28T14:44:54+00:00\",\"description\":\"Tal como o consenso de mercado, a casa espera que a Taxa Selic feche este ano de 2023 em um patamar de 11,75%\",\"breadcrumb\":{\"@id\":\"https:\/\/www.suno.com.br\/noticias\/selic-fim-ciclo-goldman-sachs-85-juros-evm\/#breadcrumb\"},\"inLanguage\":\"pt-BR\",\"potentialAction\":[{\"@type\":\"ReadAction\",\"target\":[\"https:\/\/www.suno.com.br\/noticias\/selic-fim-ciclo-goldman-sachs-85-juros-evm\/\"]}]},{\"@type\":\"ImageObject\",\"inLanguage\":\"pt-BR\",\"@id\":\"https:\/\/www.suno.com.br\/noticias\/selic-fim-ciclo-goldman-sachs-85-juros-evm\/#primaryimage\",\"url\":\"https:\/\/files.sunoresearch.com.br\/n\/uploads\/2021\/08\/7c8cf9e9-jfcrz_191119mcal57152963-scaled.jpg\",\"contentUrl\":\"https:\/\/files.sunoresearch.com.br\/n\/uploads\/2021\/08\/7c8cf9e9-jfcrz_191119mcal57152963-scaled.jpg\",\"width\":2560,\"height\":1707,\"caption\":\"Campos Neto Foto: Ag\u00eancia Brasil.\"},{\"@type\":\"BreadcrumbList\",\"@id\":\"https:\/\/www.suno.com.br\/noticias\/selic-fim-ciclo-goldman-sachs-85-juros-evm\/#breadcrumb\",\"itemListElement\":[{\"@type\":\"ListItem\",\"position\":1,\"name\":\"Not\u00edcias\",\"item\":\"https:\/\/www.suno.com.br\/noticias\/\"},{\"@type\":\"ListItem\",\"position\":2,\"name\":\"Economia\",\"item\":\"https:\/\/www.suno.com.br\/noticias\/economia\/\"},{\"@type\":\"ListItem\",\"position\":3,\"name\":\"Selic de 8,5%? Veja proje\u00e7\u00f5es do Goldman Sachs para fim do ciclo do corte de juros\"}]},{\"@type\":\"WebSite\",\"@id\":\"https:\/\/www.suno.com.br\/noticias\/#website\",\"url\":\"https:\/\/www.suno.com.br\/noticias\/\",\"name\":\"Suno Not\u00edcias\",\"description\":\"Seu portal de informa\u00e7\u00e3o sobre o mundo dos investimentos\",\"publisher\":{\"@id\":\"https:\/\/www.suno.com.br\/noticias\/#organization\"},\"potentialAction\":[{\"@type\":\"SearchAction\",\"target\":{\"@type\":\"EntryPoint\",\"urlTemplate\":\"https:\/\/www.suno.com.br\/noticias\/?s={search_term_string}\"},\"query-input\":{\"@type\":\"PropertyValueSpecification\",\"valueRequired\":true,\"valueName\":\"search_term_string\"}}],\"inLanguage\":\"pt-BR\"},{\"@type\":\"Organization\",\"@id\":\"https:\/\/www.suno.com.br\/noticias\/#organization\",\"name\":\"Suno Not\u00edcias\",\"url\":\"https:\/\/www.suno.com.br\/noticias\/\",\"logo\":{\"@type\":\"ImageObject\",\"inLanguage\":\"pt-BR\",\"@id\":\"https:\/\/www.suno.com.br\/noticias\/#\/schema\/logo\/image\/\",\"url\":\"https:\/\/files.sunoresearch.com.br\/n\/uploads\/2021\/09\/suno-logo.png\",\"contentUrl\":\"https:\/\/files.sunoresearch.com.br\/n\/uploads\/2021\/09\/suno-logo.png\",\"width\":180,\"height\":180,\"caption\":\"Suno Not\u00edcias\"},\"image\":{\"@id\":\"https:\/\/www.suno.com.br\/noticias\/#\/schema\/logo\/image\/\"},\"sameAs\":[\"https:\/\/facebook.com\/sunoresearch\",\"https:\/\/x.com\/sunoresearch\",\"https:\/\/www.instagram.com\/suno\",\"https:\/\/www.linkedin.com\/company\/suno-research\/\",\"https:\/\/www.youtube.com\/c\/sunoresearch\"]},{\"@type\":\"Person\",\"@id\":\"https:\/\/www.suno.com.br\/noticias\/#\/schema\/person\/7f4d362bf3518e76090143ae77bb49a5\",\"name\":\"Eduardo Vargas\",\"image\":{\"@type\":\"ImageObject\",\"inLanguage\":\"pt-BR\",\"@id\":\"https:\/\/www.suno.com.br\/noticias\/#\/schema\/person\/image\/\",\"url\":\"https:\/\/secure.gravatar.com\/avatar\/dac340933427a22924c9f99d1eb2e3f2?s=96&r=g\",\"contentUrl\":\"https:\/\/secure.gravatar.com\/avatar\/dac340933427a22924c9f99d1eb2e3f2?s=96&r=g\",\"caption\":\"Eduardo Vargas\"},\"description\":\"Jornalista formado pela UFSC, cobre macroeconomia, neg\u00f3cios e startups para o Suno Not\u00edcias, escrevendo principalmente not\u00edcias sobre o mercado financeiro e a bolsa de valores. No YouTube e no Instagram, \u00e9 respons\u00e1vel pela produ\u00e7\u00e3o de Reels e Shorts do Suno Not\u00edcias. Anteriormente, trabalhou cobrindo economia e cotidiano no ND+ e para o ND, maior jornal impresso de Santa Catarina. Cursou um semestre letivo de Estudos de M\u00eddia na Universidad de Buenos Aires.\",\"url\":\"https:\/\/www.suno.com.br\/noticias\/author\/eduardo-vargas\/\"}]}<\/script>\n<!-- \/ Yoast SEO plugin. -->","yoast_head_json":{"title":"Selic de 8,5%? Veja proje\u00e7\u00f5es do Goldman Sachs para fim do ciclo","description":"Tal como o consenso de mercado, a casa espera que a Taxa Selic feche este ano de 2023 em um patamar de 11,75%","robots":{"index":"index","follow":"follow","max-snippet":"max-snippet:-1","max-image-preview":"max-image-preview:large","max-video-preview":"max-video-preview:-1"},"canonical":"https:\/\/www.suno.com.br\/noticias\/selic-fim-ciclo-goldman-sachs-85-juros-evm\/","og_locale":"pt_BR","og_type":"article","og_title":"Selic de 8,5%? Veja proje\u00e7\u00f5es do Goldman Sachs para fim do ciclo","og_description":"Tal como o consenso de mercado, a casa espera que a Taxa Selic feche este ano de 2023 em um patamar de 11,75%","og_url":"https:\/\/www.suno.com.br\/noticias\/selic-fim-ciclo-goldman-sachs-85-juros-evm\/","og_site_name":"Suno Not\u00edcias","article_publisher":"https:\/\/facebook.com\/sunoresearch","og_image":[{"width":2560,"height":1707,"url":"https:\/\/files.sunoresearch.com.br\/n\/uploads\/2021\/08\/7c8cf9e9-jfcrz_191119mcal57152963-scaled.jpg","type":"image\/jpeg"}],"author":"Eduardo Vargas","twitter_card":"summary_large_image","twitter_creator":"@sunoresearch","twitter_site":"@sunoresearch","twitter_misc":{"Escrito por":"Eduardo Vargas","Est. tempo de leitura":"3 minutos"},"schema":{"@context":"https:\/\/schema.org","@graph":[{"@type":"NewsArticle","@id":"https:\/\/www.suno.com.br\/noticias\/selic-fim-ciclo-goldman-sachs-85-juros-evm\/#article","isPartOf":{"@id":"https:\/\/www.suno.com.br\/noticias\/selic-fim-ciclo-goldman-sachs-85-juros-evm\/"},"author":{"name":"Eduardo Vargas","@id":"https:\/\/www.suno.com.br\/noticias\/#\/schema\/person\/7f4d362bf3518e76090143ae77bb49a5"},"headline":"Selic de 8,5%? Veja proje\u00e7\u00f5es do Goldman Sachs para fim do ciclo do corte de juros","datePublished":"2023-11-28T14:35:03+00:00","dateModified":"2023-11-28T14:44:54+00:00","mainEntityOfPage":{"@id":"https:\/\/www.suno.com.br\/noticias\/selic-fim-ciclo-goldman-sachs-85-juros-evm\/"},"wordCount":403,"publisher":{"@id":"https:\/\/www.suno.com.br\/noticias\/#organization"},"image":{"@id":"https:\/\/www.suno.com.br\/noticias\/selic-fim-ciclo-goldman-sachs-85-juros-evm\/#primaryimage"},"thumbnailUrl":"https:\/\/files.sunoresearch.com.br\/n\/uploads\/2021\/08\/7c8cf9e9-jfcrz_191119mcal57152963-scaled.jpg","keywords":["Banco Central (BC)","Especialistas","Roberto Campos Neto","Taxa Selic"],"articleSection":["Economia"],"inLanguage":"pt-BR"},{"@type":"WebPage","@id":"https:\/\/www.suno.com.br\/noticias\/selic-fim-ciclo-goldman-sachs-85-juros-evm\/","url":"https:\/\/www.suno.com.br\/noticias\/selic-fim-ciclo-goldman-sachs-85-juros-evm\/","name":"Selic de 8,5%? Veja proje\u00e7\u00f5es do Goldman Sachs para fim do ciclo","isPartOf":{"@id":"https:\/\/www.suno.com.br\/noticias\/#website"},"primaryImageOfPage":{"@id":"https:\/\/www.suno.com.br\/noticias\/selic-fim-ciclo-goldman-sachs-85-juros-evm\/#primaryimage"},"image":{"@id":"https:\/\/www.suno.com.br\/noticias\/selic-fim-ciclo-goldman-sachs-85-juros-evm\/#primaryimage"},"thumbnailUrl":"https:\/\/files.sunoresearch.com.br\/n\/uploads\/2021\/08\/7c8cf9e9-jfcrz_191119mcal57152963-scaled.jpg","datePublished":"2023-11-28T14:35:03+00:00","dateModified":"2023-11-28T14:44:54+00:00","description":"Tal como o consenso de mercado, a casa espera que a Taxa Selic feche este ano de 2023 em um patamar de 11,75%","breadcrumb":{"@id":"https:\/\/www.suno.com.br\/noticias\/selic-fim-ciclo-goldman-sachs-85-juros-evm\/#breadcrumb"},"inLanguage":"pt-BR","potentialAction":[{"@type":"ReadAction","target":["https:\/\/www.suno.com.br\/noticias\/selic-fim-ciclo-goldman-sachs-85-juros-evm\/"]}]},{"@type":"ImageObject","inLanguage":"pt-BR","@id":"https:\/\/www.suno.com.br\/noticias\/selic-fim-ciclo-goldman-sachs-85-juros-evm\/#primaryimage","url":"https:\/\/files.sunoresearch.com.br\/n\/uploads\/2021\/08\/7c8cf9e9-jfcrz_191119mcal57152963-scaled.jpg","contentUrl":"https:\/\/files.sunoresearch.com.br\/n\/uploads\/2021\/08\/7c8cf9e9-jfcrz_191119mcal57152963-scaled.jpg","width":2560,"height":1707,"caption":"Campos Neto Foto: Ag\u00eancia Brasil."},{"@type":"BreadcrumbList","@id":"https:\/\/www.suno.com.br\/noticias\/selic-fim-ciclo-goldman-sachs-85-juros-evm\/#breadcrumb","itemListElement":[{"@type":"ListItem","position":1,"name":"Not\u00edcias","item":"https:\/\/www.suno.com.br\/noticias\/"},{"@type":"ListItem","position":2,"name":"Economia","item":"https:\/\/www.suno.com.br\/noticias\/economia\/"},{"@type":"ListItem","position":3,"name":"Selic de 8,5%? Veja proje\u00e7\u00f5es do Goldman Sachs para fim do ciclo do corte de juros"}]},{"@type":"WebSite","@id":"https:\/\/www.suno.com.br\/noticias\/#website","url":"https:\/\/www.suno.com.br\/noticias\/","name":"Suno Not\u00edcias","description":"Seu portal de informa\u00e7\u00e3o sobre o mundo dos investimentos","publisher":{"@id":"https:\/\/www.suno.com.br\/noticias\/#organization"},"potentialAction":[{"@type":"SearchAction","target":{"@type":"EntryPoint","urlTemplate":"https:\/\/www.suno.com.br\/noticias\/?s={search_term_string}"},"query-input":{"@type":"PropertyValueSpecification","valueRequired":true,"valueName":"search_term_string"}}],"inLanguage":"pt-BR"},{"@type":"Organization","@id":"https:\/\/www.suno.com.br\/noticias\/#organization","name":"Suno Not\u00edcias","url":"https:\/\/www.suno.com.br\/noticias\/","logo":{"@type":"ImageObject","inLanguage":"pt-BR","@id":"https:\/\/www.suno.com.br\/noticias\/#\/schema\/logo\/image\/","url":"https:\/\/files.sunoresearch.com.br\/n\/uploads\/2021\/09\/suno-logo.png","contentUrl":"https:\/\/files.sunoresearch.com.br\/n\/uploads\/2021\/09\/suno-logo.png","width":180,"height":180,"caption":"Suno Not\u00edcias"},"image":{"@id":"https:\/\/www.suno.com.br\/noticias\/#\/schema\/logo\/image\/"},"sameAs":["https:\/\/facebook.com\/sunoresearch","https:\/\/x.com\/sunoresearch","https:\/\/www.instagram.com\/suno","https:\/\/www.linkedin.com\/company\/suno-research\/","https:\/\/www.youtube.com\/c\/sunoresearch"]},{"@type":"Person","@id":"https:\/\/www.suno.com.br\/noticias\/#\/schema\/person\/7f4d362bf3518e76090143ae77bb49a5","name":"Eduardo Vargas","image":{"@type":"ImageObject","inLanguage":"pt-BR","@id":"https:\/\/www.suno.com.br\/noticias\/#\/schema\/person\/image\/","url":"https:\/\/secure.gravatar.com\/avatar\/dac340933427a22924c9f99d1eb2e3f2?s=96&r=g","contentUrl":"https:\/\/secure.gravatar.com\/avatar\/dac340933427a22924c9f99d1eb2e3f2?s=96&r=g","caption":"Eduardo Vargas"},"description":"Jornalista formado pela UFSC, cobre macroeconomia, neg\u00f3cios e startups para o Suno Not\u00edcias, escrevendo principalmente not\u00edcias sobre o mercado financeiro e a bolsa de valores. No YouTube e no Instagram, \u00e9 respons\u00e1vel pela produ\u00e7\u00e3o de Reels e Shorts do Suno Not\u00edcias. Anteriormente, trabalhou cobrindo economia e cotidiano no ND+ e para o ND, maior jornal impresso de Santa Catarina. Cursou um semestre letivo de Estudos de M\u00eddia na Universidad de Buenos Aires.","url":"https:\/\/www.suno.com.br\/noticias\/author\/eduardo-vargas\/"}]}},"default_loop_html":"<div class=\"cardsPage__listCard__boxs\"><div class=\"cardsPage__listCard__boxs__img\"><a href=\"https:\/\/www.suno.com.br\/noticias\/selic-fim-ciclo-goldman-sachs-85-juros-evm\/\"><img class=\"mask\" src=\"https:\/\/www.suno.com.br\/noticias\/wp-content\/themes\/suno\/resources\/images\/spotlight\/spotlight1img\/bg-mask.png\" alt=\"Image Mask\"\/><img src=\"https:\/\/files.sunoresearch.com.br\/n\/uploads\/2021\/08\/7c8cf9e9-jfcrz_191119mcal57152963-400x200.jpg\" alt=\"Selic de 8,5%? Veja proje\u00e7\u00f5es do Goldman Sachs para fim do ciclo do corte de juros\"\/><\/a><span class=\"spotlightCategory\"><a href=\"https:\/\/www.suno.com.br\/noticias\/economia\/\">Economia<\/a><\/span><\/div><div class=\"cardsPage__listCard__boxs__content\"><a href=\"https:\/\/www.suno.com.br\/noticias\/selic-fim-ciclo-goldman-sachs-85-juros-evm\/\"><h2 class=\"content__title\">Selic de 8,5%? Veja proje\u00e7\u00f5es do Goldman Sachs para fim do ciclo do corte de juros<\/h2><\/a><div class=\"newsContent__article__meta\"><div class=\"newsContent__article__meta__authorBox\"><a href=\"https:\/\/www.suno.com.br\/noticias\/author\/eduardo-vargas\/\" class=\"authorBox__avatar noMobi\"><img src=\"https:\/\/secure.gravatar.com\/avatar\/dac340933427a22924c9f99d1eb2e3f2?s=96&#038;r=g\" alt=\"Eduardo Vargas\"><\/a><div class=\"authorBox__name\"><span>por\n\t\t\t<a href=\"https:\/\/www.suno.com.br\/noticias\/author\/eduardo-vargas\/\"><span itemprop=\"author\">Eduardo Vargas<\/span><\/a><\/span><time datetime=\"2023-11-28T11:35:03-03:00\" itemprop=\"datePublished\">28\/11\/2023 11:35<\/time><\/div><\/div><\/div><\/div><\/div>","single_layout":"posts","amp_enabled":true,"_links":{"self":[{"href":"https:\/\/www.suno.com.br\/noticias\/wp-json\/wp\/v2\/posts\/491596"}],"collection":[{"href":"https:\/\/www.suno.com.br\/noticias\/wp-json\/wp\/v2\/posts"}],"about":[{"href":"https:\/\/www.suno.com.br\/noticias\/wp-json\/wp\/v2\/types\/post"}],"author":[{"embeddable":true,"href":"https:\/\/www.suno.com.br\/noticias\/wp-json\/wp\/v2\/users\/73"}],"replies":[{"embeddable":true,"href":"https:\/\/www.suno.com.br\/noticias\/wp-json\/wp\/v2\/comments?post=491596"}],"version-history":[{"count":3,"href":"https:\/\/www.suno.com.br\/noticias\/wp-json\/wp\/v2\/posts\/491596\/revisions"}],"predecessor-version":[{"id":491633,"href":"https:\/\/www.suno.com.br\/noticias\/wp-json\/wp\/v2\/posts\/491596\/revisions\/491633"}],"wp:featuredmedia":[{"embeddable":true,"href":"https:\/\/www.suno.com.br\/noticias\/wp-json\/wp\/v2\/media\/179071"}],"wp:attachment":[{"href":"https:\/\/www.suno.com.br\/noticias\/wp-json\/wp\/v2\/media?parent=491596"}],"wp:term":[{"taxonomy":"category","embeddable":true,"href":"https:\/\/www.suno.com.br\/noticias\/wp-json\/wp\/v2\/categories?post=491596"},{"taxonomy":"post_tag","embeddable":true,"href":"https:\/\/www.suno.com.br\/noticias\/wp-json\/wp\/v2\/tags?post=491596"},{"taxonomy":"suno_strategy","embeddable":true,"href":"https:\/\/www.suno.com.br\/noticias\/wp-json\/wp\/v2\/suno_strategy?post=491596"}],"curies":[{"name":"wp","href":"https:\/\/api.w.org\/{rel}","templated":true}]}}