{"id":491567,"date":"2023-11-28T10:58:09","date_gmt":"2023-11-28T13:58:09","guid":{"rendered":"https:\/\/www.suno.com.br\/noticias\/?p=491567"},"modified":"2023-11-28T10:58:18","modified_gmt":"2023-11-28T13:58:18","slug":"destaques-casas-bahia-bhia3-carrefour-e-mais-va","status":"publish","type":"post","link":"https:\/\/www.suno.com.br\/noticias\/destaques-casas-bahia-bhia3-carrefour-e-mais-va\/","title":{"rendered":"Casas Bahia (BHIA3), Isa Cteep (TRPL4) e Carrefour (CRFB3) est\u00e3o no foco do mercado nesta ter\u00e7a-feira (28); veja mais destaques"},"content":{"rendered":"<p>O <a class=\"suno-keyword\" target=\"_blank\" data-force=\"no\" data-priority=\"1\" href=\"https:\/\/www.suno.com.br\/artigos\/grupamento-de-acoes\/\" rel=\"noopener\">grupamento de a\u00e7\u00f5es<\/a> ordin\u00e1rias da <strong>Casas Bahia<\/strong> (BHIA3) na propor\u00e7\u00e3o de 25 para 1 \u00e9 um dos destaques desta ter\u00e7a-feira (28).<\/p>\t<div class=\"wrapper-featured-image\">\n\t\t<figure class=\"spotlightImg\">\n\n\t\t\t<picture>\n\t\t\t\t<source media=\"(max-width: 768px)\" srcset=\"https:\/\/files.sunoresearch.com.br\/n\/uploads\/2023\/08\/cotacao-1-400x200.jpg\">\n\t\t\t\t<img loading=\"lazy\" decoding=\"async\" class=\"newsContent__article__imgCapa lazyloadDisabled \" src=\"https:\/\/files.sunoresearch.com.br\/n\/uploads\/2023\/08\/cotacao-1-800x450.jpg\" width=\"800\" height=\"450\" alt=\"Casas Bahia (BHIA3), Isa Cteep (TRPL4) e Carrefour (CRFB3) est\u00e3o no foco do mercado nesta ter\u00e7a-feira (28); veja mais destaques\" fetchpriority=high \/>\n\t\t\t<\/picture>\n\n\t\t\t<figcaption class=\"wp-caption-text wp-caption-text--show\">MCCI11 anuncia resultado 42% maior e novo investimento milion\u00e1rio. Foto: iStock.<\/figcaption>\n\t\t<\/figure>\n\t<\/div>\n\n\n\n\n\n\t<p>\n\t\t<a href=\"https:\/\/lp.suno.com.br\/planilha-da-vida-financeira\/\" target=\"_blank\" data-element=\"shortcode-suno-banner\" title=\"Banner SUNO, clique e saiba mais\">\n\t\t\t<picture>\n\t\t\t\t<source media=\"(max-width: 500px)\" srcset=\"https:\/\/files.sunoresearch.com.br\/n\/uploads\/2023\/04\/400x300-Planilha-vida-financeira-true.png\">\n\t\t\t\t<img class=\"newsContent__article__imgCapa newsContent__article__imgCapa--banner\"\n\t\t\t\t\tsrc=\"https:\/\/files.sunoresearch.com.br\/n\/uploads\/2023\/04\/1420x240-Planilha-vida-financeira-true.png\"\n\t\t\t\t\tdata-promo-id=\"106682\"\t\t\t\t\t\t\t\t\t\twidth='1420' height='240'\t\t\t\t\talt=\"https:\/\/files.sunoresearch.com.br\/n\/uploads\/2023\/04\/1420x240-Planilha-vida-financeira-true.png\"\n\t\t\t\t>\n\t\t\t<\/picture>\n\t\t<\/a>\n\t<\/p>\n\n\n\n\n\n<p>Tamb\u00e9m est\u00e1 entre os <strong>destaques do mercado financeiro<\/strong> a <a class=\"suno-keyword\" target=\"_blank\" data-force=\"yes\" data-priority=\"2\" href=\"https:\/\/www.suno.com.br\/acoes\/TRPL4\/\" rel=\"noopener\">Isa Cteep (TRPL4)<\/a>, ap\u00f3s anunciar o resgate antecipado facultativo total das notas promiss\u00f3rias comerciais de sua 8\u00aa emiss\u00e3o.<\/p>\n\n\n\n<p>O <a class=\"suno-keyword\" target=\"_blank\" data-force=\"yes\" data-priority=\"2\" href=\"https:\/\/www.suno.com.br\/acoes\/CRFB3\/\" rel=\"noopener\">Carrefour (CRFB3)<\/a> tamb\u00e9m \u00e9 destaque hoje, depois de retirar previs\u00e3o de faturamento de R$ 100 bilh\u00f5es para Atacad\u00e3o em 2024.<\/p>\n\n\n\n<p>Veja os <strong>destaques do mercado financeiro<\/strong> hoje:<\/p>\n\n\n\n<h2 class=\"wp-block-heading\">Casas Bahia<\/h2>\n\n\n\n<p>O grupo Casas Bahia (<strong>BHIA3<\/strong>) aprovou <a class=\"suno-keyword\" data-force=\"no\" data-priority=\"1\" href=\"https:\/\/www.suno.com.br\/artigos\/grupamento-de-acoes\/\" target=\"_blank\" rel=\"noopener\">grupamento de a\u00e7\u00f5es<\/a> ordin\u00e1rias na propor\u00e7\u00e3o de 25 para 1. A decis\u00e3o foi tomada em Assembleia Geral Extraordin\u00e1ria (AGE).<\/p>\n\n\n\n<p>O novo <strong><a class=\"suno-keyword\" data-force=\"no\" data-priority=\"1\" href=\"https:\/\/www.suno.com.br\/artigos\/grupamento-de-acoes\/\" target=\"_blank\" rel=\"noopener\">grupamento de a\u00e7\u00f5es<\/a> da Casas Bahia<\/strong> prev\u00ea que cada lote de 25 a\u00e7\u00f5es seja agrupado em 1, mas sem mudan\u00e7as no atual capital social da empresa, que \u00e9 de R$ 5,449 bilh\u00f5es.<\/p>\n\n\n\t<div data-element=\"shortcode-read-more\" class=\"knowMore\">\n\t\t\t\t<span class=\"knowMore__title\">Leia mais<\/span>\n\t\t\t\t<a class=\"knowMore__link\" href=\"https:\/\/www.suno.com.br\/noticias\/casas-bahia-bhia3-grupamento-acoes-jvj\/\">\n\t\t\tCasas Bahia (BHIA3): assembleia aprova grupamento de a\u00e7\u00f5es; veja como vai funcionar\t\t<\/a>\n\t<\/div>\n\n\n\n\n<h2 class=\"wp-block-heading\">Isa Cteep<\/h2>\n\n\n\n<p>A <strong>Isa Cteep (TRPL4)<\/strong> anunciou o resgate antecipado facultativo total das notas promiss\u00f3rias comerciais de sua 8\u00aa emiss\u00e3o, com o seu consequente cancelamento. O valor total do resgate antecipado foi de R$ 1,615 bilh\u00e3o.<\/p>\n\n\n\n<h2 class=\"wp-block-heading\">Carrefour<\/h2>\n\n\n\n<p>O <strong>Carrefour Brasil (CRFB3)<\/strong> anunciou a retirada do guidance divulgado em <a class=\"suno-keyword\" target=\"_blank\" data-force=\"no\" data-priority=\"1\" href=\"https:\/\/www.suno.com.br\/artigos\/fato-relevante\/\" rel=\"noopener\">fato relevante<\/a> de 24 de setembro de 2021, relativo \u00e0 proje\u00e7\u00e3o de atingir R$ 100 bilh\u00f5es em vendas brutas em sua unidade de neg\u00f3cios Atacad\u00e3o, para o <a class=\"suno-keyword\" target=\"_blank\" data-force=\"no\" data-priority=\"1\" href=\"https:\/\/www.suno.com.br\/artigos\/exercicio-social\/\" rel=\"noopener\">exerc\u00edcio social<\/a> encerrado em 31 de dezembro de 2024.<\/p>\n\n\n\n<h2 class=\"wp-block-heading\">Equatorial Par\u00e1<\/h2>\n\n\n\n<p>A <strong>Equatorial Par\u00e1 (EQPA3) <\/strong>anunciou um novo pagamento de <a class=\"suno-keyword\" target=\"_blank\" data-force=\"no\" data-priority=\"1\" href=\"https:\/\/www.suno.com.br\/guias\/dividendos\/\" rel=\"noopener\">dividendos<\/a> para o m\u00eas de dezembro, conforme aprovado em <a class=\"suno-keyword\" target=\"_blank\" data-force=\"no\" data-priority=\"1\" href=\"https:\/\/www.suno.com.br\/artigos\/assembleia-geral-ordinaria\/\" rel=\"noopener\">Assembleia Geral Ordin\u00e1ria<\/a> (AGO).<\/p>\n\n\n\n<p>Os <a class=\"suno-keyword\" target=\"_blank\" data-force=\"no\" data-priority=\"1\" href=\"https:\/\/www.suno.com.br\/guias\/dividendos\/\" rel=\"noopener\">dividendos<\/a> da Equatorial Par\u00e1 somar\u00e3o o montante de R$ 325,92 milh\u00f5es e o valor de R$ 0,147538488 ser\u00e1 recebido de forma isenta de Imposto de Renda pelos investidores, seja nas <a class=\"suno-keyword\" target=\"_blank\" data-force=\"no\" data-priority=\"1\" href=\"https:\/\/www.suno.com.br\/artigos\/o-que-sao-acoes-ordinarias-preferenciais-e-units\/\" rel=\"noopener\">a\u00e7\u00f5es ordin\u00e1rias<\/a> ou nas preferenciais dos tipos A, B e C. O pagamento ser\u00e1 feito em 5 de dezembro de 2023.<\/p>\n\n\n\t<p>\n\t\t<a href=\"https:\/\/lp.suno.com.br\/ebook-como-analisar-uma-acao\/\" target=\"_blank\" data-element=\"shortcode-suno-banner\" title=\"Banner SUNO, clique e saiba mais\">\n\t\t\t<picture>\n\t\t\t\t<source media=\"(max-width: 500px)\" srcset=\"https:\/\/files.sunoresearch.com.br\/n\/uploads\/2023\/03\/Ebook-Acoes-Mobile.jpg\">\n\t\t\t\t<img class=\"newsContent__article__imgCapa newsContent__article__imgCapa--banner\"\n\t\t\t\t\tsrc=\"https:\/\/files.sunoresearch.com.br\/n\/uploads\/2023\/03\/Ebook-Acoes-Desktop.jpg\"\n\t\t\t\t\tdata-promo-id=\"378302\"\t\t\t\t\t\t\t\t\t\twidth='1420' height='286'\t\t\t\t\talt=\"https:\/\/files.sunoresearch.com.br\/n\/uploads\/2023\/03\/Ebook-Acoes-Desktop.jpg\"\n\t\t\t\t>\n\t\t\t<\/picture>\n\t\t<\/a>\n\t<\/p>\n\n\n\n\n\n<h2 class=\"wp-block-heading\">Banco BMG<\/h2>\n\n\n\n<p>Em resposta ao Of\u00edcio da CVM, o <strong>BMG (BMGB4)<\/strong> esclarece que n\u00e3o tem inten\u00e7\u00e3o de fechar capital na B3.<\/p>\n\n\n\n<h2 class=\"wp-block-heading\">Bradesco<\/h2>\n\n\n\n<p>Eurico Fabri, vice-presidente do <strong>Bradesco (BBDC4) <\/strong>respons\u00e1vel pelas \u00e1reas de corporate, internacional e pelo Bradesco BBI, renunciou \u00e0 posi\u00e7\u00e3o, alegando raz\u00f5es pessoais.<\/p>\n\n\n\n<h2 class=\"wp-block-heading\">M\u00e9liuz<\/h2>\n\n\n\n<p>A <strong>M\u00e9liuz<\/strong> (CASH3) comunicou os seus acionistas e ao mercado em geral acerca da conclus\u00e3o da aliena\u00e7\u00e3o de 100% das a\u00e7\u00f5es de emiss\u00e3o da Acesso Solu\u00e7\u00f5es de Pagamento e de 100% das a\u00e7\u00f5es de emiss\u00e3o da Acessopar Investimentos.<\/p>\n\n\n\n<p>Os destaques do <a class=\"suno-keyword\" target=\"_blank\" data-force=\"no\" data-priority=\"2\" href=\"https:\/\/www.suno.com.br\/guias\/mercado-financeiro\/\" rel=\"noopener\">mercado financeiro<\/a> do Suno Not\u00edcias mostram os principais acontecimentos que prometem movimentar o mercado durante o dia, como a <strong>Casas Bahia <\/strong>(BHIA3), que deve estar no foco dos investidores ao longo do dia.<\/p>\n\n\n\n\n\t<p>\n\t\t<a href=\"https:\/\/lp.suno.com.br\/planilha-da-vida-financeira\/\" target=\"_blank\" data-element=\"shortcode-suno-banner\" title=\"Banner SUNO, clique e saiba mais\">\n\t\t\t<picture>\n\t\t\t\t<source media=\"(max-width: 500px)\" srcset=\"https:\/\/files.sunoresearch.com.br\/n\/uploads\/2023\/04\/400x300-Planilha-vida-financeira-true.png\">\n\t\t\t\t<img class=\"newsContent__article__imgCapa newsContent__article__imgCapa--banner\"\n\t\t\t\t\tsrc=\"https:\/\/files.sunoresearch.com.br\/n\/uploads\/2023\/04\/1420x240-Planilha-vida-financeira-true.png\"\n\t\t\t\t\tdata-promo-id=\"383123\"\t\t\t\t\t\t\t\t\t\twidth='1420' height='240'\t\t\t\t\talt=\"https:\/\/files.sunoresearch.com.br\/n\/uploads\/2023\/04\/1420x240-Planilha-vida-financeira-true.png\"\n\t\t\t\t>\n\t\t\t<\/picture>\n\t\t<\/a>\n\t<\/p>\n\n\n","protected":false},"excerpt":{"rendered":"<p>O grupamento de a\u00e7\u00f5es ordin\u00e1rias da Casas Bahia (BHIA3) na propor\u00e7\u00e3o de 25 para 1 \u00e9 um dos destaques desta ter\u00e7a-feira (28). MCCI11 anuncia resultado 42% maior e novo investimento milion\u00e1rio. Foto: iStock. Tamb\u00e9m est\u00e1 entre os destaques do mercado financeiro a Isa Cteep (TRPL4), ap\u00f3s anunciar o resgate antecipado facultativo total das notas promiss\u00f3rias [&hellip;]<\/p>\n","protected":false},"author":301,"featured_media":449165,"comment_status":"closed","ping_status":"closed","sticky":false,"template":"","format":"standard","meta":[],"categories":[60],"tags":[286,1942,392,405,2046,106964,104467],"suno_strategy":[],"class_list":["post-491567","post","type-post","status-publish","format-standard","has-post-thumbnail","hentry","category-mercado","tag-acoes","tag-banco-bmg-bmgb4","tag-bradesco-bbdc3-bbdc4","tag-carrefour-crfb3","tag-casas-bahia","tag-isa-cteep-trpl4","tag-meliuz-cash3"],"yoast_head":"<!-- This site is optimized with the Yoast SEO plugin v24.4 - https:\/\/yoast.com\/wordpress\/plugins\/seo\/ -->\n<title>Casas Bahia (BHIA3) e Carrefour (CRFB3) est\u00e3o no foco do mercado hoje<\/title>\n<meta name=\"description\" content=\"O grupamento de a\u00e7\u00f5es ordin\u00e1rias da Casas Bahia (BHIA3) na propor\u00e7\u00e3o de 25 para 1 \u00e9 um dos destaques desta ter\u00e7a-feira.\" \/>\n<meta name=\"robots\" content=\"index, follow, max-snippet:-1, max-image-preview:large, max-video-preview:-1\" \/>\n<link rel=\"canonical\" href=\"https:\/\/www.suno.com.br\/noticias\/destaques-casas-bahia-bhia3-carrefour-e-mais-va\/\" \/>\n<meta property=\"og:locale\" content=\"pt_BR\" \/>\n<meta property=\"og:type\" content=\"article\" \/>\n<meta property=\"og:title\" content=\"Casas Bahia (BHIA3) e Carrefour (CRFB3) est\u00e3o no foco do mercado hoje\" \/>\n<meta property=\"og:description\" content=\"O grupamento de a\u00e7\u00f5es ordin\u00e1rias da Casas Bahia (BHIA3) na propor\u00e7\u00e3o de 25 para 1 \u00e9 um dos destaques desta ter\u00e7a-feira.\" \/>\n<meta property=\"og:url\" content=\"https:\/\/www.suno.com.br\/noticias\/destaques-casas-bahia-bhia3-carrefour-e-mais-va\/\" \/>\n<meta property=\"og:site_name\" content=\"Suno Not\u00edcias\" \/>\n<meta property=\"article:publisher\" content=\"https:\/\/facebook.com\/sunoresearch\" \/>\n<meta property=\"og:image\" content=\"https:\/\/files.sunoresearch.com.br\/n\/uploads\/2023\/08\/cotacao-1.jpg\" \/>\n\t<meta property=\"og:image:width\" content=\"1200\" \/>\n\t<meta property=\"og:image:height\" content=\"800\" \/>\n\t<meta property=\"og:image:type\" content=\"image\/jpeg\" \/>\n<meta name=\"author\" content=\"Vin\u00edcius Alves\" \/>\n<meta name=\"twitter:card\" content=\"summary_large_image\" \/>\n<meta name=\"twitter:creator\" content=\"@sunoresearch\" \/>\n<meta name=\"twitter:site\" content=\"@sunoresearch\" \/>\n<meta name=\"twitter:label1\" content=\"Escrito por\" \/>\n\t<meta name=\"twitter:data1\" content=\"Vin\u00edcius Alves\" \/>\n\t<meta name=\"twitter:label2\" content=\"Est. tempo de leitura\" \/>\n\t<meta name=\"twitter:data2\" content=\"3 minutos\" \/>\n<script type=\"application\/ld+json\" class=\"yoast-schema-graph\">{\"@context\":\"https:\/\/schema.org\",\"@graph\":[{\"@type\":\"NewsArticle\",\"@id\":\"https:\/\/www.suno.com.br\/noticias\/destaques-casas-bahia-bhia3-carrefour-e-mais-va\/#article\",\"isPartOf\":{\"@id\":\"https:\/\/www.suno.com.br\/noticias\/destaques-casas-bahia-bhia3-carrefour-e-mais-va\/\"},\"author\":{\"name\":\"Vin\u00edcius Alves\",\"@id\":\"https:\/\/www.suno.com.br\/noticias\/#\/schema\/person\/4a180549702d0e236b3e420862bcded3\"},\"headline\":\"Casas Bahia (BHIA3), Isa Cteep (TRPL4) e Carrefour (CRFB3) est\u00e3o no foco do mercado nesta ter\u00e7a-feira (28); veja mais destaques\",\"datePublished\":\"2023-11-28T13:58:09+00:00\",\"dateModified\":\"2023-11-28T13:58:18+00:00\",\"mainEntityOfPage\":{\"@id\":\"https:\/\/www.suno.com.br\/noticias\/destaques-casas-bahia-bhia3-carrefour-e-mais-va\/\"},\"wordCount\":469,\"publisher\":{\"@id\":\"https:\/\/www.suno.com.br\/noticias\/#organization\"},\"image\":{\"@id\":\"https:\/\/www.suno.com.br\/noticias\/destaques-casas-bahia-bhia3-carrefour-e-mais-va\/#primaryimage\"},\"thumbnailUrl\":\"https:\/\/files.sunoresearch.com.br\/n\/uploads\/2023\/08\/cotacao-1.jpg\",\"keywords\":[\"A\u00e7\u00f5es\",\"Banco BMG (BMGB4)\",\"Bradesco (BBDC3\/BBDC4)\",\"Carrefour (CRFB3)\",\"Casas Bahia\",\"Isa CTEEP (TRPL4)\",\"M\u00e9liuz (CASH3)\"],\"articleSection\":[\"Mercado\"],\"inLanguage\":\"pt-BR\"},{\"@type\":\"WebPage\",\"@id\":\"https:\/\/www.suno.com.br\/noticias\/destaques-casas-bahia-bhia3-carrefour-e-mais-va\/\",\"url\":\"https:\/\/www.suno.com.br\/noticias\/destaques-casas-bahia-bhia3-carrefour-e-mais-va\/\",\"name\":\"Casas Bahia (BHIA3) e Carrefour (CRFB3) est\u00e3o no foco do mercado hoje\",\"isPartOf\":{\"@id\":\"https:\/\/www.suno.com.br\/noticias\/#website\"},\"primaryImageOfPage\":{\"@id\":\"https:\/\/www.suno.com.br\/noticias\/destaques-casas-bahia-bhia3-carrefour-e-mais-va\/#primaryimage\"},\"image\":{\"@id\":\"https:\/\/www.suno.com.br\/noticias\/destaques-casas-bahia-bhia3-carrefour-e-mais-va\/#primaryimage\"},\"thumbnailUrl\":\"https:\/\/files.sunoresearch.com.br\/n\/uploads\/2023\/08\/cotacao-1.jpg\",\"datePublished\":\"2023-11-28T13:58:09+00:00\",\"dateModified\":\"2023-11-28T13:58:18+00:00\",\"description\":\"O grupamento de a\u00e7\u00f5es ordin\u00e1rias da Casas Bahia (BHIA3) na propor\u00e7\u00e3o de 25 para 1 \u00e9 um dos destaques desta ter\u00e7a-feira.\",\"breadcrumb\":{\"@id\":\"https:\/\/www.suno.com.br\/noticias\/destaques-casas-bahia-bhia3-carrefour-e-mais-va\/#breadcrumb\"},\"inLanguage\":\"pt-BR\",\"potentialAction\":[{\"@type\":\"ReadAction\",\"target\":[\"https:\/\/www.suno.com.br\/noticias\/destaques-casas-bahia-bhia3-carrefour-e-mais-va\/\"]}]},{\"@type\":\"ImageObject\",\"inLanguage\":\"pt-BR\",\"@id\":\"https:\/\/www.suno.com.br\/noticias\/destaques-casas-bahia-bhia3-carrefour-e-mais-va\/#primaryimage\",\"url\":\"https:\/\/files.sunoresearch.com.br\/n\/uploads\/2023\/08\/cotacao-1.jpg\",\"contentUrl\":\"https:\/\/files.sunoresearch.com.br\/n\/uploads\/2023\/08\/cotacao-1.jpg\",\"width\":1200,\"height\":800,\"caption\":\"MCCI11 anuncia resultado 42% maior e novo investimento milion\u00e1rio. Foto: iStock.\"},{\"@type\":\"BreadcrumbList\",\"@id\":\"https:\/\/www.suno.com.br\/noticias\/destaques-casas-bahia-bhia3-carrefour-e-mais-va\/#breadcrumb\",\"itemListElement\":[{\"@type\":\"ListItem\",\"position\":1,\"name\":\"Not\u00edcias\",\"item\":\"https:\/\/www.suno.com.br\/noticias\/\"},{\"@type\":\"ListItem\",\"position\":2,\"name\":\"Mercado\",\"item\":\"https:\/\/www.suno.com.br\/noticias\/mercado\/\"},{\"@type\":\"ListItem\",\"position\":3,\"name\":\"Casas Bahia (BHIA3), Isa Cteep (TRPL4) e Carrefour (CRFB3) est\u00e3o no foco do mercado nesta ter\u00e7a-feira (28); veja mais destaques\"}]},{\"@type\":\"WebSite\",\"@id\":\"https:\/\/www.suno.com.br\/noticias\/#website\",\"url\":\"https:\/\/www.suno.com.br\/noticias\/\",\"name\":\"Suno Not\u00edcias\",\"description\":\"Seu portal de informa\u00e7\u00e3o sobre o mundo dos investimentos\",\"publisher\":{\"@id\":\"https:\/\/www.suno.com.br\/noticias\/#organization\"},\"potentialAction\":[{\"@type\":\"SearchAction\",\"target\":{\"@type\":\"EntryPoint\",\"urlTemplate\":\"https:\/\/www.suno.com.br\/noticias\/?s={search_term_string}\"},\"query-input\":{\"@type\":\"PropertyValueSpecification\",\"valueRequired\":true,\"valueName\":\"search_term_string\"}}],\"inLanguage\":\"pt-BR\"},{\"@type\":\"Organization\",\"@id\":\"https:\/\/www.suno.com.br\/noticias\/#organization\",\"name\":\"Suno Not\u00edcias\",\"url\":\"https:\/\/www.suno.com.br\/noticias\/\",\"logo\":{\"@type\":\"ImageObject\",\"inLanguage\":\"pt-BR\",\"@id\":\"https:\/\/www.suno.com.br\/noticias\/#\/schema\/logo\/image\/\",\"url\":\"https:\/\/files.sunoresearch.com.br\/n\/uploads\/2021\/09\/suno-logo.png\",\"contentUrl\":\"https:\/\/files.sunoresearch.com.br\/n\/uploads\/2021\/09\/suno-logo.png\",\"width\":180,\"height\":180,\"caption\":\"Suno Not\u00edcias\"},\"image\":{\"@id\":\"https:\/\/www.suno.com.br\/noticias\/#\/schema\/logo\/image\/\"},\"sameAs\":[\"https:\/\/facebook.com\/sunoresearch\",\"https:\/\/x.com\/sunoresearch\",\"https:\/\/www.instagram.com\/suno\",\"https:\/\/www.linkedin.com\/company\/suno-research\/\",\"https:\/\/www.youtube.com\/c\/sunoresearch\"]},{\"@type\":\"Person\",\"@id\":\"https:\/\/www.suno.com.br\/noticias\/#\/schema\/person\/4a180549702d0e236b3e420862bcded3\",\"name\":\"Vin\u00edcius Alves\",\"image\":{\"@type\":\"ImageObject\",\"inLanguage\":\"pt-BR\",\"@id\":\"https:\/\/www.suno.com.br\/noticias\/#\/schema\/person\/image\/\",\"url\":\"https:\/\/secure.gravatar.com\/avatar\/a95b7fe6d1b813f7907d4f476d5a39e1?s=96&r=g\",\"contentUrl\":\"https:\/\/secure.gravatar.com\/avatar\/a95b7fe6d1b813f7907d4f476d5a39e1?s=96&r=g\",\"caption\":\"Vin\u00edcius Alves\"},\"description\":\"Jornalista formado na Faculdade C\u00e1sper L\u00edbero. Com passagens pela Ag\u00eancia Estado, InfoMoney e Editora Globo.\",\"url\":\"https:\/\/www.suno.com.br\/noticias\/author\/vini08correiagmail-com\/\"}]}<\/script>\n<!-- \/ Yoast SEO plugin. -->","yoast_head_json":{"title":"Casas Bahia (BHIA3) e Carrefour (CRFB3) est\u00e3o no foco do mercado hoje","description":"O grupamento de a\u00e7\u00f5es ordin\u00e1rias da Casas Bahia (BHIA3) na propor\u00e7\u00e3o de 25 para 1 \u00e9 um dos destaques desta ter\u00e7a-feira.","robots":{"index":"index","follow":"follow","max-snippet":"max-snippet:-1","max-image-preview":"max-image-preview:large","max-video-preview":"max-video-preview:-1"},"canonical":"https:\/\/www.suno.com.br\/noticias\/destaques-casas-bahia-bhia3-carrefour-e-mais-va\/","og_locale":"pt_BR","og_type":"article","og_title":"Casas Bahia (BHIA3) e Carrefour (CRFB3) est\u00e3o no foco do mercado hoje","og_description":"O grupamento de a\u00e7\u00f5es ordin\u00e1rias da Casas Bahia (BHIA3) na propor\u00e7\u00e3o de 25 para 1 \u00e9 um dos destaques desta ter\u00e7a-feira.","og_url":"https:\/\/www.suno.com.br\/noticias\/destaques-casas-bahia-bhia3-carrefour-e-mais-va\/","og_site_name":"Suno Not\u00edcias","article_publisher":"https:\/\/facebook.com\/sunoresearch","og_image":[{"width":1200,"height":800,"url":"https:\/\/files.sunoresearch.com.br\/n\/uploads\/2023\/08\/cotacao-1.jpg","type":"image\/jpeg"}],"author":"Vin\u00edcius Alves","twitter_card":"summary_large_image","twitter_creator":"@sunoresearch","twitter_site":"@sunoresearch","twitter_misc":{"Escrito por":"Vin\u00edcius Alves","Est. tempo de leitura":"3 minutos"},"schema":{"@context":"https:\/\/schema.org","@graph":[{"@type":"NewsArticle","@id":"https:\/\/www.suno.com.br\/noticias\/destaques-casas-bahia-bhia3-carrefour-e-mais-va\/#article","isPartOf":{"@id":"https:\/\/www.suno.com.br\/noticias\/destaques-casas-bahia-bhia3-carrefour-e-mais-va\/"},"author":{"name":"Vin\u00edcius Alves","@id":"https:\/\/www.suno.com.br\/noticias\/#\/schema\/person\/4a180549702d0e236b3e420862bcded3"},"headline":"Casas Bahia (BHIA3), Isa Cteep (TRPL4) e Carrefour (CRFB3) est\u00e3o no foco do mercado nesta ter\u00e7a-feira (28); veja mais destaques","datePublished":"2023-11-28T13:58:09+00:00","dateModified":"2023-11-28T13:58:18+00:00","mainEntityOfPage":{"@id":"https:\/\/www.suno.com.br\/noticias\/destaques-casas-bahia-bhia3-carrefour-e-mais-va\/"},"wordCount":469,"publisher":{"@id":"https:\/\/www.suno.com.br\/noticias\/#organization"},"image":{"@id":"https:\/\/www.suno.com.br\/noticias\/destaques-casas-bahia-bhia3-carrefour-e-mais-va\/#primaryimage"},"thumbnailUrl":"https:\/\/files.sunoresearch.com.br\/n\/uploads\/2023\/08\/cotacao-1.jpg","keywords":["A\u00e7\u00f5es","Banco BMG (BMGB4)","Bradesco (BBDC3\/BBDC4)","Carrefour (CRFB3)","Casas Bahia","Isa CTEEP (TRPL4)","M\u00e9liuz (CASH3)"],"articleSection":["Mercado"],"inLanguage":"pt-BR"},{"@type":"WebPage","@id":"https:\/\/www.suno.com.br\/noticias\/destaques-casas-bahia-bhia3-carrefour-e-mais-va\/","url":"https:\/\/www.suno.com.br\/noticias\/destaques-casas-bahia-bhia3-carrefour-e-mais-va\/","name":"Casas Bahia (BHIA3) e Carrefour (CRFB3) est\u00e3o no foco do mercado hoje","isPartOf":{"@id":"https:\/\/www.suno.com.br\/noticias\/#website"},"primaryImageOfPage":{"@id":"https:\/\/www.suno.com.br\/noticias\/destaques-casas-bahia-bhia3-carrefour-e-mais-va\/#primaryimage"},"image":{"@id":"https:\/\/www.suno.com.br\/noticias\/destaques-casas-bahia-bhia3-carrefour-e-mais-va\/#primaryimage"},"thumbnailUrl":"https:\/\/files.sunoresearch.com.br\/n\/uploads\/2023\/08\/cotacao-1.jpg","datePublished":"2023-11-28T13:58:09+00:00","dateModified":"2023-11-28T13:58:18+00:00","description":"O grupamento de a\u00e7\u00f5es ordin\u00e1rias da Casas Bahia (BHIA3) na propor\u00e7\u00e3o de 25 para 1 \u00e9 um dos destaques desta ter\u00e7a-feira.","breadcrumb":{"@id":"https:\/\/www.suno.com.br\/noticias\/destaques-casas-bahia-bhia3-carrefour-e-mais-va\/#breadcrumb"},"inLanguage":"pt-BR","potentialAction":[{"@type":"ReadAction","target":["https:\/\/www.suno.com.br\/noticias\/destaques-casas-bahia-bhia3-carrefour-e-mais-va\/"]}]},{"@type":"ImageObject","inLanguage":"pt-BR","@id":"https:\/\/www.suno.com.br\/noticias\/destaques-casas-bahia-bhia3-carrefour-e-mais-va\/#primaryimage","url":"https:\/\/files.sunoresearch.com.br\/n\/uploads\/2023\/08\/cotacao-1.jpg","contentUrl":"https:\/\/files.sunoresearch.com.br\/n\/uploads\/2023\/08\/cotacao-1.jpg","width":1200,"height":800,"caption":"MCCI11 anuncia resultado 42% maior e novo investimento milion\u00e1rio. Foto: iStock."},{"@type":"BreadcrumbList","@id":"https:\/\/www.suno.com.br\/noticias\/destaques-casas-bahia-bhia3-carrefour-e-mais-va\/#breadcrumb","itemListElement":[{"@type":"ListItem","position":1,"name":"Not\u00edcias","item":"https:\/\/www.suno.com.br\/noticias\/"},{"@type":"ListItem","position":2,"name":"Mercado","item":"https:\/\/www.suno.com.br\/noticias\/mercado\/"},{"@type":"ListItem","position":3,"name":"Casas Bahia (BHIA3), Isa Cteep (TRPL4) e Carrefour (CRFB3) est\u00e3o no foco do mercado nesta ter\u00e7a-feira (28); veja mais destaques"}]},{"@type":"WebSite","@id":"https:\/\/www.suno.com.br\/noticias\/#website","url":"https:\/\/www.suno.com.br\/noticias\/","name":"Suno Not\u00edcias","description":"Seu portal de informa\u00e7\u00e3o sobre o mundo dos investimentos","publisher":{"@id":"https:\/\/www.suno.com.br\/noticias\/#organization"},"potentialAction":[{"@type":"SearchAction","target":{"@type":"EntryPoint","urlTemplate":"https:\/\/www.suno.com.br\/noticias\/?s={search_term_string}"},"query-input":{"@type":"PropertyValueSpecification","valueRequired":true,"valueName":"search_term_string"}}],"inLanguage":"pt-BR"},{"@type":"Organization","@id":"https:\/\/www.suno.com.br\/noticias\/#organization","name":"Suno Not\u00edcias","url":"https:\/\/www.suno.com.br\/noticias\/","logo":{"@type":"ImageObject","inLanguage":"pt-BR","@id":"https:\/\/www.suno.com.br\/noticias\/#\/schema\/logo\/image\/","url":"https:\/\/files.sunoresearch.com.br\/n\/uploads\/2021\/09\/suno-logo.png","contentUrl":"https:\/\/files.sunoresearch.com.br\/n\/uploads\/2021\/09\/suno-logo.png","width":180,"height":180,"caption":"Suno Not\u00edcias"},"image":{"@id":"https:\/\/www.suno.com.br\/noticias\/#\/schema\/logo\/image\/"},"sameAs":["https:\/\/facebook.com\/sunoresearch","https:\/\/x.com\/sunoresearch","https:\/\/www.instagram.com\/suno","https:\/\/www.linkedin.com\/company\/suno-research\/","https:\/\/www.youtube.com\/c\/sunoresearch"]},{"@type":"Person","@id":"https:\/\/www.suno.com.br\/noticias\/#\/schema\/person\/4a180549702d0e236b3e420862bcded3","name":"Vin\u00edcius Alves","image":{"@type":"ImageObject","inLanguage":"pt-BR","@id":"https:\/\/www.suno.com.br\/noticias\/#\/schema\/person\/image\/","url":"https:\/\/secure.gravatar.com\/avatar\/a95b7fe6d1b813f7907d4f476d5a39e1?s=96&r=g","contentUrl":"https:\/\/secure.gravatar.com\/avatar\/a95b7fe6d1b813f7907d4f476d5a39e1?s=96&r=g","caption":"Vin\u00edcius Alves"},"description":"Jornalista formado na Faculdade C\u00e1sper L\u00edbero. Com passagens pela Ag\u00eancia Estado, InfoMoney e Editora Globo.","url":"https:\/\/www.suno.com.br\/noticias\/author\/vini08correiagmail-com\/"}]}},"default_loop_html":"<div class=\"cardsPage__listCard__boxs\"><div class=\"cardsPage__listCard__boxs__img\"><a href=\"https:\/\/www.suno.com.br\/noticias\/destaques-casas-bahia-bhia3-carrefour-e-mais-va\/\"><img class=\"mask\" src=\"https:\/\/www.suno.com.br\/noticias\/wp-content\/themes\/suno\/resources\/images\/spotlight\/spotlight1img\/bg-mask.png\" alt=\"Image Mask\"\/><img src=\"https:\/\/files.sunoresearch.com.br\/n\/uploads\/2023\/08\/cotacao-1-400x200.jpg\" alt=\"Casas Bahia (BHIA3), Isa Cteep (TRPL4) e Carrefour (CRFB3) est\u00e3o no foco do mercado nesta ter\u00e7a-feira (28); veja mais destaques\"\/><\/a><span class=\"spotlightCategory\"><a href=\"https:\/\/www.suno.com.br\/noticias\/mercado\/\">Mercado<\/a><\/span><\/div><div class=\"cardsPage__listCard__boxs__content\"><a href=\"https:\/\/www.suno.com.br\/noticias\/destaques-casas-bahia-bhia3-carrefour-e-mais-va\/\"><h2 class=\"content__title\">Casas Bahia (BHIA3), Isa Cteep (TRPL4) e Carrefour (CRFB3) est\u00e3o no foco do mercado nesta ter\u00e7a-feira (28); veja mais destaques<\/h2><\/a><div class=\"newsContent__article__meta\"><div class=\"newsContent__article__meta__authorBox\"><a href=\"https:\/\/www.suno.com.br\/noticias\/author\/vini08correiagmail-com\/\" class=\"authorBox__avatar noMobi\"><img src=\"https:\/\/files.sunoresearch.com.br\/n\/uploads\/2026\/04\/WhatsApp-Image-2026-04-20-at-19.35.48-150x150.webp\" alt=\"Vin\u00edcius Alves\"><\/a><div class=\"authorBox__name\"><span>por\n\t\t\t<a href=\"https:\/\/www.suno.com.br\/noticias\/author\/vini08correiagmail-com\/\"><span itemprop=\"author\">Vin\u00edcius Alves<\/span><\/a><\/span><time datetime=\"2023-11-28T10:58:09-03:00\" itemprop=\"datePublished\">28\/11\/2023 10:58<\/time><\/div><\/div><\/div><\/div><\/div>","single_layout":"posts","amp_enabled":true,"_links":{"self":[{"href":"https:\/\/www.suno.com.br\/noticias\/wp-json\/wp\/v2\/posts\/491567"}],"collection":[{"href":"https:\/\/www.suno.com.br\/noticias\/wp-json\/wp\/v2\/posts"}],"about":[{"href":"https:\/\/www.suno.com.br\/noticias\/wp-json\/wp\/v2\/types\/post"}],"author":[{"embeddable":true,"href":"https:\/\/www.suno.com.br\/noticias\/wp-json\/wp\/v2\/users\/301"}],"replies":[{"embeddable":true,"href":"https:\/\/www.suno.com.br\/noticias\/wp-json\/wp\/v2\/comments?post=491567"}],"version-history":[{"count":3,"href":"https:\/\/www.suno.com.br\/noticias\/wp-json\/wp\/v2\/posts\/491567\/revisions"}],"predecessor-version":[{"id":491585,"href":"https:\/\/www.suno.com.br\/noticias\/wp-json\/wp\/v2\/posts\/491567\/revisions\/491585"}],"wp:featuredmedia":[{"embeddable":true,"href":"https:\/\/www.suno.com.br\/noticias\/wp-json\/wp\/v2\/media\/449165"}],"wp:attachment":[{"href":"https:\/\/www.suno.com.br\/noticias\/wp-json\/wp\/v2\/media?parent=491567"}],"wp:term":[{"taxonomy":"category","embeddable":true,"href":"https:\/\/www.suno.com.br\/noticias\/wp-json\/wp\/v2\/categories?post=491567"},{"taxonomy":"post_tag","embeddable":true,"href":"https:\/\/www.suno.com.br\/noticias\/wp-json\/wp\/v2\/tags?post=491567"},{"taxonomy":"suno_strategy","embeddable":true,"href":"https:\/\/www.suno.com.br\/noticias\/wp-json\/wp\/v2\/suno_strategy?post=491567"}],"curies":[{"name":"wp","href":"https:\/\/api.w.org\/{rel}","templated":true}]}}