{"id":491502,"date":"2023-11-28T10:24:50","date_gmt":"2023-11-28T13:24:50","guid":{"rendered":"https:\/\/www.suno.com.br\/noticias\/?p=491502"},"modified":"2023-11-28T10:39:50","modified_gmt":"2023-11-28T13:39:50","slug":"bradesco-bbdc4-executivos-banco-gpj","status":"publish","type":"post","link":"https:\/\/www.suno.com.br\/noticias\/bradesco-bbdc4-executivos-banco-gpj\/","title":{"rendered":"Dan\u00e7a das cadeiras do Bradesco (BBDC4): mais executivos deixam o banco"},"content":{"rendered":"<p>Ap\u00f3s a sa\u00edda de <a href=\"https:\/\/www.suno.com.br\/tudo-sobre\/octavio-de-lazari\/\">Octavio de Lazari<\/a> Junior da presid\u00eancia do <strong>Bradesco<\/strong> (BBDC4) na \u00faltima quinta-feira (23), sendo substitu\u00eddo por Marcelo Noronha, ent\u00e3o vice-presidente de varejo, mais executivos do banco anunciaram a sa\u00edda de seus cargos.<\/p>\t<div class=\"wrapper-featured-image\">\n\t\t<figure class=\"spotlightImg\">\n\n\t\t\t<picture>\n\t\t\t\t<source media=\"(max-width: 768px)\" srcset=\"https:\/\/files.sunoresearch.com.br\/n\/uploads\/2023\/05\/bradesco-400x200.jpg\">\n\t\t\t\t<img loading=\"lazy\" decoding=\"async\" class=\"newsContent__article__imgCapa lazyloadDisabled \" src=\"https:\/\/files.sunoresearch.com.br\/n\/uploads\/2023\/05\/bradesco-800x450.jpg\" width=\"800\" height=\"450\" alt=\"Dan\u00e7a das cadeiras do Bradesco (BBDC4): mais executivos deixam o banco\" fetchpriority=high \/>\n\t\t\t<\/picture>\n\n\t\t\t<figcaption class=\"wp-caption-text wp-caption-text--show\">Bradesco (BBDC4). Foto: iStock<\/figcaption>\n\t\t<\/figure>\n\t<\/div>\n\n\n\n\n\n\n\n\t<p>\n\t\t<a href=\"\" target=\"_blank\" data-element=\"shortcode-suno-banner\" title=\"Banner SUNO, clique e saiba mais\">\n\t\t\t<picture>\n\t\t\t\t<source media=\"(max-width: 500px)\" srcset=\"\">\n\t\t\t\t<img class=\"newsContent__article__imgCapa newsContent__article__imgCapa--banner\"\n\t\t\t\t\tsrc=\"\"\n\t\t\t\t\tdata-promo-id=\"287932\"\t\t\t\t\t\t\t\t\t\t\t\t\t\t\talt=\"\"\n\t\t\t\t>\n\t\t\t<\/picture>\n\t\t<\/a>\n\t<\/p>\n\n\n\n\n\n<p>Na segunda-feira (27), foi a vez de <strong>Walkiria Marchetti<\/strong>, respons\u00e1vel por algumas \u00e1reas de tecnologia da informa\u00e7\u00e3o do banco, deixar a fun\u00e7\u00e3o. No in\u00edcio deste ano, ela assumiu o comando das \u00e1reas de governan\u00e7a, infraestrutura e opera\u00e7\u00f5es de TI, al\u00e9m da tecnologia da <strong>Bradesco Seguros<\/strong>.<\/p>\n\n\n\n<p>Segundo apura\u00e7\u00e3o do Estad\u00e3o\/Broadcast, confirmada pelo banco, Marchetti antecipou a aposentadoria. Ela estava no Bradesco desde 1981 e era a \u00fanica mulher na diretoria-executiva da institui\u00e7\u00e3o desde agosto, quando Glaucimar Peticov, que cuidava, entre outras coisas, de recursos humanos, pediu demiss\u00e3o.<\/p>\n\n\n\n<p>O <strong><a href=\"https:\/\/www.suno.com.br\/artigos\/conselho-administracao\/\">conselho de administra\u00e7\u00e3o<\/a> do Bradesco <\/strong>possui duas mulheres: Denise Aguiar e Denise Pavarina.<\/p>\n\n\n\n<p>Na semana passada, logo ap\u00f3s a <strong>troca no comando do Bradesco<\/strong>, <strong>Eurico Fabri<\/strong>, vice-presidente de atacado do banco, renunciou ao cargo alegando quest\u00f5es pessoais.<\/p>\n\n\n\n\t<div data-element=\"shortcode-read-more\" class=\"readToo\">\n\t\t\t\t<span class=\"readToo__title\">Leia mais<\/span>\n\t\t\t\t<ul class=\"readToo__list\">\n\t\t\t<li><a href=\"https:\/\/www.suno.com.br\/noticias\/bradesco-bbdc4-novo-ceo-presidente-gestao-focada-resultados\/\">Novo presidente do Bradesco (BBDC4) liderou mudan\u00e7as no segmento de varejo do banco<\/a><\/li><li><a href=\"https:\/\/www.suno.com.br\/noticias\/bradesco-bbdc4-novo-presidente-marcelo-noronha-cpf\/\">Bradesco (BBDC4) tem troca na presid\u00eancia: Marcelo Noronha \u00e9 indicado para o cargo<\/a><\/li>\t\t<\/ul>\n\t<\/div>\n\n\n\n\t<p>\n\t\t<a href=\"https:\/\/lp.suno.com.br\/ebook-como-analisar-uma-acao\/\" target=\"_blank\" data-element=\"shortcode-suno-banner\" title=\"Banner SUNO, clique e saiba mais\">\n\t\t\t<picture>\n\t\t\t\t<source media=\"(max-width: 500px)\" srcset=\"https:\/\/files.sunoresearch.com.br\/n\/uploads\/2023\/03\/Ebook-Acoes-Mobile.jpg\">\n\t\t\t\t<img class=\"newsContent__article__imgCapa newsContent__article__imgCapa--banner\"\n\t\t\t\t\tsrc=\"https:\/\/files.sunoresearch.com.br\/n\/uploads\/2023\/03\/Ebook-Acoes-Desktop.jpg\"\n\t\t\t\t\tdata-promo-id=\"378302\"\t\t\t\t\t\t\t\t\t\twidth='1420' height='286'\t\t\t\t\talt=\"https:\/\/files.sunoresearch.com.br\/n\/uploads\/2023\/03\/Ebook-Acoes-Desktop.jpg\"\n\t\t\t\t>\n\t\t\t<\/picture>\n\t\t<\/a>\n\t<\/p>\n\n\n\n\n\n<h2 class=\"wp-block-heading\">Bradesco (BBDC4): mudan\u00e7a no comando indica senso de urg\u00eancia, dizem analistas<\/h2>\n\n\n\n<p>A <strong>dan\u00e7a das cadeiras do Bradesco<\/strong> indica um senso de urg\u00eancia ap\u00f3s resultados abaixo dos concorrentes, dizem os analistas. Para o BTG Pactual, a escolha de <strong>Marcelo Noronha<\/strong> para presid\u00eancia &#8211; que substituiu <strong>Octavio de Lazari<\/strong> &#8211; , demonstra uma disposi\u00e7\u00e3o do banco para aprimorar resultados.\u00a0<\/p>\n\n\n\n<p>\u201cMesmo com um altamente competente Noronha ao leme, a recupera\u00e7\u00e3o ser\u00e1 longa e, em nossa vis\u00e3o, irregular\u201d, afirma o BTG em relat\u00f3rio.<\/p>\n\n\n\n<p>Segundo o BTG, a mudan\u00e7a, no m\u00ednimo, pode fazer com que alguns \u201cshort sellers\u201d (investidores vendidos nas a\u00e7\u00f5es) fiquem mais preocupados em apostar contra os\u00a0<strong>a\u00e7\u00f5es do Bradesco<\/strong> (<strong>BBDC4<\/strong>).<\/p>\n\n\n\n<p>Al\u00e9m disso, dizem os analistas, pode atrair mais investidores a reavaliarem a tese de investimento no Bradesco.<\/p>\n\n\n\n<p>A Genial investimentos aponta que nos \u00faltimos anos, o\u00a0<strong>ROE do banco<\/strong>\u00a0registrou uma queda significativa, passando de 20% em 2019 para 12% em 2023 (consenso), enquanto alguns de seus concorrentes conseguiram atravessar o ciclo adverso de cr\u00e9dito praticamente ilesos, mantendo ROE acima de 20%, como \u00e9 o caso do\u00a0<a href=\"https:\/\/www.suno.com.br\/acoes\/ITUB4\/\" target=\"_blank\" rel=\"noreferrer noopener\"><strong>Ita\u00fa (ITUB4)<\/strong><\/a>\u00a0e do\u00a0<strong>Banco do Brasil<\/strong>\u00a0(<strong>BBAS3<\/strong>).<\/p>\n\n\n\n<p>Para a equipe da Genial, a <strong>mudan\u00e7a na lideran\u00e7a do Bradesco<\/strong> sinaliza a procura por novas estrat\u00e9gias para enfrentar os desafios e revigorar o desempenho do banco. \u201cO novo CEO ter\u00e1 um desafio significativo, mas com o pior do ciclo j\u00e1 encerrado ou pr\u00f3ximo do pico, pode tra\u00e7ar uma agenda mais construtiva a partir de 2024, alinhando possivelmente os milhares de colaboradores para recuperar o market share perdido.\u201d<\/p>\n\n\n\n<p>Neste contexto, a Genial e o BTG mant\u00eam recomenda\u00e7\u00e3o neutra para os\u00a0<strong>pap\u00e9is do Bradesco<\/strong>, com pre\u00e7o-alvo de R$ 17 e R$ 17,30, respectivamente.<\/p>\n\n\n\n<h2 class=\"wp-block-heading\">Bradesco: exce\u00e7\u00f5es na escolha de Noronha<\/h2>\n\n\n\n<p>Durante os 20 anos de Bradesco, segundo a Genial,\u00a0Noronha liderou as \u00e1reas de atacado e cart\u00f5es do banco. Em janeiro de 2023, assumiu a responsabilidade pelo varejo e pela alta renda Prime do Bradesco, incluindo as iniciativas digitais (<strong>Next<\/strong>, <strong>Digio<\/strong> e <strong>Bitz<\/strong>).<\/p>\n\n\n\n<p>No entanto, iniciou sua carreira fora da institui\u00e7\u00e3o e nunca passou pela seguradora do Bradesco, uma dos segmentos mais importantes do banco.&nbsp;<\/p>\n\n\n\n<p>\u201cSe n\u00e3o fossem os resultados robustos da seguradora, o ROE do banco teria sido consideravelmente inferior. Tradicionalmente, todos os CEOs lideram a&nbsp;<strong>Bradesco Seguros<\/strong>&nbsp;antes de assumirem a posi\u00e7\u00e3o de CEO. Esses indicadores de mudan\u00e7a podem sugerir uma altera\u00e7\u00e3o significativa de paradigma\u201d, aponta a Casa.<\/p>\n\n\n\n<p>O <strong>novo presidente do Bradesco<\/strong>, Marcelo Noronha, sinalizou que a sua gest\u00e3o ser\u00e1 focada em resultados e que tem consci\u00eancia da miss\u00e3o ao assumir a lideran\u00e7a do segundo maior banco privado do Brasil. O executivo foi al\u00e7ado ao posto depois de liderar a arruma\u00e7\u00e3o no segmento de varejo, que sofreu com o aumento da inadimpl\u00eancia e pressionou os resultados do conglomerado.<\/p>\n\n\n\n<p>\u201cO mercado \u00e9 muito competitivo e exige m\u00faltiplas capacidades de todos n\u00f3s. Com os p\u00e9s no ch\u00e3o, tenho consci\u00eancia da minha miss\u00e3o. E n\u00e3o ser\u00e1 diferente dessa vez\u201d, disse\u00a0o novo<strong>\u00a0presidente do Bradesco<\/strong>, em nota distribu\u00edda pelo banco.<\/p>\n\n\n\n<p>De acordo com Noronha, o Bradesco tem uma estrutura organizacional e cultura corporativa que oferecem os \u201cpilares centrais de uma gest\u00e3o focada em resultados\u201d. Acrescentou: \u201cTenho vis\u00e3o plena das decis\u00f5es relevantes que me aguardam, e o tamanho da carga das expectativas dos clientes, colaboradores e acionistas do Bradesco.\u201d<\/p>\n\n\n\n<p>Noronha tem 58 anos e iniciou sua carreira banc\u00e1ria, em 1985, no Recife. Transferiu-se para S\u00e3o Paulo em 1994 e, antes de ingressar no Bradesco, trabalhou na diretoria do Banco Bilbao Vizcaya Argentaria Brasil at\u00e9 2003. Foi, tamb\u00e9m,&nbsp;<a target=\"_blank\" href=\"https:\/\/www.suno.com.br\/artigos\/ceo\/\" rel=\"noreferrer noopener\">diretor-presidente<\/a>&nbsp;da Associa\u00e7\u00e3o Brasileira das Empresas de Cart\u00f5es de Cr\u00e9dito e Servi\u00e7os (Abecs) entre os anos de 2013 e 2017.<\/p>\n\n\n\n<h2 class=\"wp-block-heading\">Principais pontos do decl\u00ednio nos resultados do banco&nbsp;<\/h2>\n\n\n\n<p>De acordo com a Genial, tr\u00eas fatores contribu\u00edram para a <strong>queda do desempenho do Bradesco<\/strong> em compara\u00e7\u00e3o com as concorrentes: custo de cr\u00e9dito, tesouraria e digitaliza\u00e7\u00e3o.\u00a0<\/p>\n\n\n\n<p>No caso do\u00a0custo de cr\u00e9dito, foram as altas provis\u00f5es, principalmente vindo do aumento da inadimpl\u00eancia no varejo de baixa renda. J\u00e1 na Tesouraria, houve o impacto dos resultados negativos de NII mercado em 2022 e 2023.\u00a0<\/p>\n\n\n\n<p>Por fim, a estrat\u00e9gia de manter\u00a0bancos digitais\u00a0do <strong>Bradesco<\/strong> como entidades separadas n\u00e3o rendeu o sucesso desejado. \u201cAl\u00e9m disso, os resultados pouco expressivos da sua adquirente, a <strong>Cielo<\/strong>, e a aus\u00eancia de produtos e iniciativas integradas entre o banco e a adquirente tamb\u00e9m contribu\u00edram para os desafios enfrentados\u201d, explica a Genial.\u00a0<\/p>\n\n\n\n<p><em>*Com informa\u00e7\u00f5es de Estad\u00e3o Conte\u00fado<\/em><\/p>\n\n\n\t<p>\n\t\t<a href=\"https:\/\/lp.suno.com.br\/plataforma-de-controle-de-investimentos\/\" target=\"_blank\" data-element=\"shortcode-suno-banner\" title=\"Banner SUNO, clique e saiba mais\">\n\t\t\t<picture>\n\t\t\t\t<source media=\"(max-width: 500px)\" srcset=\"https:\/\/files.sunoresearch.com.br\/n\/uploads\/2023\/03\/400x300-Controle-de-Investimentos.png\">\n\t\t\t\t<img class=\"newsContent__article__imgCapa newsContent__article__imgCapa--banner\"\n\t\t\t\t\tsrc=\"https:\/\/files.sunoresearch.com.br\/n\/uploads\/2023\/03\/1420x240-Controle-de-Investimentos.png\"\n\t\t\t\t\tdata-promo-id=\"383162\"\t\t\t\t\t\t\t\t\t\twidth='1420' height='240'\t\t\t\t\talt=\"https:\/\/files.sunoresearch.com.br\/n\/uploads\/2023\/03\/1420x240-Controle-de-Investimentos.png\"\n\t\t\t\t>\n\t\t\t<\/picture>\n\t\t<\/a>\n\t<\/p>\n\n\n","protected":false},"excerpt":{"rendered":"<p>Ap\u00f3s a sa\u00edda de Octavio de Lazari Junior da presid\u00eancia do Bradesco (BBDC4) na \u00faltima quinta-feira (23), sendo substitu\u00eddo por Marcelo Noronha, ent\u00e3o vice-presidente de varejo, mais executivos do banco anunciaram a sa\u00edda de seus cargos. Bradesco (BBDC4). Foto: iStock Na segunda-feira (27), foi a vez de Walkiria Marchetti, respons\u00e1vel por algumas \u00e1reas de tecnologia [&hellip;]<\/p>\n","protected":false},"author":313,"featured_media":406450,"comment_status":"closed","ping_status":"closed","sticky":false,"template":"","format":"standard","meta":[],"categories":[64],"tags":[392],"suno_strategy":[],"class_list":["post-491502","post","type-post","status-publish","format-standard","has-post-thumbnail","hentry","category-negocios","tag-bradesco-bbdc3-bbdc4"],"yoast_head":"<!-- This site is optimized with the Yoast SEO plugin v24.4 - https:\/\/yoast.com\/wordpress\/plugins\/seo\/ -->\n<title>Bradesco: ap\u00f3s troca no comando, mais executivos deixam cargos<\/title>\n<meta name=\"description\" content=\"Ap\u00f3s a sa\u00edda de Octavio de Lazari Junior da presid\u00eancia do Bradesco, mais executivos do banco anunciaram a sa\u00edda de seus cargos. Veja!\" \/>\n<meta name=\"robots\" content=\"index, follow, max-snippet:-1, max-image-preview:large, max-video-preview:-1\" \/>\n<link rel=\"canonical\" href=\"https:\/\/www.suno.com.br\/noticias\/bradesco-bbdc4-executivos-banco-gpj\/\" \/>\n<meta property=\"og:locale\" content=\"pt_BR\" \/>\n<meta property=\"og:type\" content=\"article\" \/>\n<meta property=\"og:title\" content=\"Bradesco: ap\u00f3s troca no comando, mais executivos deixam cargos\" \/>\n<meta property=\"og:description\" content=\"Ap\u00f3s a sa\u00edda de Octavio de Lazari Junior da presid\u00eancia do Bradesco, mais executivos do banco anunciaram a sa\u00edda de seus cargos. Veja!\" \/>\n<meta property=\"og:url\" content=\"https:\/\/www.suno.com.br\/noticias\/bradesco-bbdc4-executivos-banco-gpj\/\" \/>\n<meta property=\"og:site_name\" content=\"Suno Not\u00edcias\" \/>\n<meta property=\"article:publisher\" content=\"https:\/\/facebook.com\/sunoresearch\" \/>\n<meta property=\"og:image\" content=\"https:\/\/files.sunoresearch.com.br\/n\/uploads\/2023\/05\/bradesco.jpg\" \/>\n\t<meta property=\"og:image:width\" content=\"1200\" \/>\n\t<meta property=\"og:image:height\" content=\"800\" \/>\n\t<meta property=\"og:image:type\" content=\"image\/jpeg\" \/>\n<meta name=\"author\" content=\"Giovanni Porf\u00edrio Jacomino\" \/>\n<meta name=\"twitter:card\" content=\"summary_large_image\" \/>\n<meta name=\"twitter:creator\" content=\"@sunoresearch\" \/>\n<meta name=\"twitter:site\" content=\"@sunoresearch\" \/>\n<meta name=\"twitter:label1\" content=\"Escrito por\" \/>\n\t<meta name=\"twitter:data1\" content=\"Giovanni Porf\u00edrio Jacomino\" \/>\n\t<meta name=\"twitter:label2\" content=\"Est. tempo de leitura\" \/>\n\t<meta name=\"twitter:data2\" content=\"5 minutos\" \/>\n<script type=\"application\/ld+json\" class=\"yoast-schema-graph\">{\"@context\":\"https:\/\/schema.org\",\"@graph\":[{\"@type\":\"NewsArticle\",\"@id\":\"https:\/\/www.suno.com.br\/noticias\/bradesco-bbdc4-executivos-banco-gpj\/#article\",\"isPartOf\":{\"@id\":\"https:\/\/www.suno.com.br\/noticias\/bradesco-bbdc4-executivos-banco-gpj\/\"},\"author\":{\"name\":\"Giovanni Porf\u00edrio Jacomino\",\"@id\":\"https:\/\/www.suno.com.br\/noticias\/#\/schema\/person\/d0f32748bbca4bee871fa191ee4e2d40\"},\"headline\":\"Dan\u00e7a das cadeiras do Bradesco (BBDC4): mais executivos deixam o banco\",\"datePublished\":\"2023-11-28T13:24:50+00:00\",\"dateModified\":\"2023-11-28T13:39:50+00:00\",\"mainEntityOfPage\":{\"@id\":\"https:\/\/www.suno.com.br\/noticias\/bradesco-bbdc4-executivos-banco-gpj\/\"},\"wordCount\":984,\"publisher\":{\"@id\":\"https:\/\/www.suno.com.br\/noticias\/#organization\"},\"image\":{\"@id\":\"https:\/\/www.suno.com.br\/noticias\/bradesco-bbdc4-executivos-banco-gpj\/#primaryimage\"},\"thumbnailUrl\":\"https:\/\/files.sunoresearch.com.br\/n\/uploads\/2023\/05\/bradesco.jpg\",\"keywords\":[\"Bradesco (BBDC3\/BBDC4)\"],\"articleSection\":[\"Neg\u00f3cios\"],\"inLanguage\":\"pt-BR\"},{\"@type\":\"WebPage\",\"@id\":\"https:\/\/www.suno.com.br\/noticias\/bradesco-bbdc4-executivos-banco-gpj\/\",\"url\":\"https:\/\/www.suno.com.br\/noticias\/bradesco-bbdc4-executivos-banco-gpj\/\",\"name\":\"Bradesco: ap\u00f3s troca no comando, mais executivos deixam cargos\",\"isPartOf\":{\"@id\":\"https:\/\/www.suno.com.br\/noticias\/#website\"},\"primaryImageOfPage\":{\"@id\":\"https:\/\/www.suno.com.br\/noticias\/bradesco-bbdc4-executivos-banco-gpj\/#primaryimage\"},\"image\":{\"@id\":\"https:\/\/www.suno.com.br\/noticias\/bradesco-bbdc4-executivos-banco-gpj\/#primaryimage\"},\"thumbnailUrl\":\"https:\/\/files.sunoresearch.com.br\/n\/uploads\/2023\/05\/bradesco.jpg\",\"datePublished\":\"2023-11-28T13:24:50+00:00\",\"dateModified\":\"2023-11-28T13:39:50+00:00\",\"description\":\"Ap\u00f3s a sa\u00edda de Octavio de Lazari Junior da presid\u00eancia do Bradesco, mais executivos do banco anunciaram a sa\u00edda de seus cargos. Veja!\",\"breadcrumb\":{\"@id\":\"https:\/\/www.suno.com.br\/noticias\/bradesco-bbdc4-executivos-banco-gpj\/#breadcrumb\"},\"inLanguage\":\"pt-BR\",\"potentialAction\":[{\"@type\":\"ReadAction\",\"target\":[\"https:\/\/www.suno.com.br\/noticias\/bradesco-bbdc4-executivos-banco-gpj\/\"]}]},{\"@type\":\"ImageObject\",\"inLanguage\":\"pt-BR\",\"@id\":\"https:\/\/www.suno.com.br\/noticias\/bradesco-bbdc4-executivos-banco-gpj\/#primaryimage\",\"url\":\"https:\/\/files.sunoresearch.com.br\/n\/uploads\/2023\/05\/bradesco.jpg\",\"contentUrl\":\"https:\/\/files.sunoresearch.com.br\/n\/uploads\/2023\/05\/bradesco.jpg\",\"width\":1200,\"height\":800,\"caption\":\"Bradesco (BBDC4). Foto: iStock\"},{\"@type\":\"BreadcrumbList\",\"@id\":\"https:\/\/www.suno.com.br\/noticias\/bradesco-bbdc4-executivos-banco-gpj\/#breadcrumb\",\"itemListElement\":[{\"@type\":\"ListItem\",\"position\":1,\"name\":\"Not\u00edcias\",\"item\":\"https:\/\/www.suno.com.br\/noticias\/\"},{\"@type\":\"ListItem\",\"position\":2,\"name\":\"Neg\u00f3cios\",\"item\":\"https:\/\/www.suno.com.br\/noticias\/negocios\/\"},{\"@type\":\"ListItem\",\"position\":3,\"name\":\"Dan\u00e7a das cadeiras do Bradesco (BBDC4): mais executivos deixam o banco\"}]},{\"@type\":\"WebSite\",\"@id\":\"https:\/\/www.suno.com.br\/noticias\/#website\",\"url\":\"https:\/\/www.suno.com.br\/noticias\/\",\"name\":\"Suno Not\u00edcias\",\"description\":\"Seu portal de informa\u00e7\u00e3o sobre o mundo dos investimentos\",\"publisher\":{\"@id\":\"https:\/\/www.suno.com.br\/noticias\/#organization\"},\"potentialAction\":[{\"@type\":\"SearchAction\",\"target\":{\"@type\":\"EntryPoint\",\"urlTemplate\":\"https:\/\/www.suno.com.br\/noticias\/?s={search_term_string}\"},\"query-input\":{\"@type\":\"PropertyValueSpecification\",\"valueRequired\":true,\"valueName\":\"search_term_string\"}}],\"inLanguage\":\"pt-BR\"},{\"@type\":\"Organization\",\"@id\":\"https:\/\/www.suno.com.br\/noticias\/#organization\",\"name\":\"Suno Not\u00edcias\",\"url\":\"https:\/\/www.suno.com.br\/noticias\/\",\"logo\":{\"@type\":\"ImageObject\",\"inLanguage\":\"pt-BR\",\"@id\":\"https:\/\/www.suno.com.br\/noticias\/#\/schema\/logo\/image\/\",\"url\":\"https:\/\/files.sunoresearch.com.br\/n\/uploads\/2021\/09\/suno-logo.png\",\"contentUrl\":\"https:\/\/files.sunoresearch.com.br\/n\/uploads\/2021\/09\/suno-logo.png\",\"width\":180,\"height\":180,\"caption\":\"Suno Not\u00edcias\"},\"image\":{\"@id\":\"https:\/\/www.suno.com.br\/noticias\/#\/schema\/logo\/image\/\"},\"sameAs\":[\"https:\/\/facebook.com\/sunoresearch\",\"https:\/\/x.com\/sunoresearch\",\"https:\/\/www.instagram.com\/suno\",\"https:\/\/www.linkedin.com\/company\/suno-research\/\",\"https:\/\/www.youtube.com\/c\/sunoresearch\"]},{\"@type\":\"Person\",\"@id\":\"https:\/\/www.suno.com.br\/noticias\/#\/schema\/person\/d0f32748bbca4bee871fa191ee4e2d40\",\"name\":\"Giovanni Porf\u00edrio Jacomino\",\"image\":{\"@type\":\"ImageObject\",\"inLanguage\":\"pt-BR\",\"@id\":\"https:\/\/www.suno.com.br\/noticias\/#\/schema\/person\/image\/\",\"url\":\"https:\/\/secure.gravatar.com\/avatar\/efb32e19b730a121cb7a80f41ffec01a?s=96&r=g\",\"contentUrl\":\"https:\/\/secure.gravatar.com\/avatar\/efb32e19b730a121cb7a80f41ffec01a?s=96&r=g\",\"caption\":\"Giovanni Porf\u00edrio Jacomino\"},\"description\":\"Giovanni Porf\u00edrio Jacomino \u00e9 jornalista formado pela Universidade Estadual de Londrina (UEL) e p\u00f3s-graduado em Produ\u00e7\u00e3o e Pr\u00e1ticas Jornal\u00edsticas na Contemporaneidade na Faculdade C\u00e1sper L\u00edbero (FCL). Foi editor web no Startupi e no Finsiders, atuando ainda como editor no TC Mover, portal de not\u00edcias da TradersClub, fazendo a cobertura de assuntos relacionados ao mercado financeiro interno e externo. Atualmente, \u00e9 Rep\u00f3rter do Suno Not\u00edcias.\",\"url\":\"https:\/\/www.suno.com.br\/noticias\/author\/giovanni-porfiriosuno-com-br\/\"}]}<\/script>\n<!-- \/ Yoast SEO plugin. -->","yoast_head_json":{"title":"Bradesco: ap\u00f3s troca no comando, mais executivos deixam cargos","description":"Ap\u00f3s a sa\u00edda de Octavio de Lazari Junior da presid\u00eancia do Bradesco, mais executivos do banco anunciaram a sa\u00edda de seus cargos. Veja!","robots":{"index":"index","follow":"follow","max-snippet":"max-snippet:-1","max-image-preview":"max-image-preview:large","max-video-preview":"max-video-preview:-1"},"canonical":"https:\/\/www.suno.com.br\/noticias\/bradesco-bbdc4-executivos-banco-gpj\/","og_locale":"pt_BR","og_type":"article","og_title":"Bradesco: ap\u00f3s troca no comando, mais executivos deixam cargos","og_description":"Ap\u00f3s a sa\u00edda de Octavio de Lazari Junior da presid\u00eancia do Bradesco, mais executivos do banco anunciaram a sa\u00edda de seus cargos. Veja!","og_url":"https:\/\/www.suno.com.br\/noticias\/bradesco-bbdc4-executivos-banco-gpj\/","og_site_name":"Suno Not\u00edcias","article_publisher":"https:\/\/facebook.com\/sunoresearch","og_image":[{"width":1200,"height":800,"url":"https:\/\/files.sunoresearch.com.br\/n\/uploads\/2023\/05\/bradesco.jpg","type":"image\/jpeg"}],"author":"Giovanni Porf\u00edrio Jacomino","twitter_card":"summary_large_image","twitter_creator":"@sunoresearch","twitter_site":"@sunoresearch","twitter_misc":{"Escrito por":"Giovanni Porf\u00edrio Jacomino","Est. tempo de leitura":"5 minutos"},"schema":{"@context":"https:\/\/schema.org","@graph":[{"@type":"NewsArticle","@id":"https:\/\/www.suno.com.br\/noticias\/bradesco-bbdc4-executivos-banco-gpj\/#article","isPartOf":{"@id":"https:\/\/www.suno.com.br\/noticias\/bradesco-bbdc4-executivos-banco-gpj\/"},"author":{"name":"Giovanni Porf\u00edrio Jacomino","@id":"https:\/\/www.suno.com.br\/noticias\/#\/schema\/person\/d0f32748bbca4bee871fa191ee4e2d40"},"headline":"Dan\u00e7a das cadeiras do Bradesco (BBDC4): mais executivos deixam o banco","datePublished":"2023-11-28T13:24:50+00:00","dateModified":"2023-11-28T13:39:50+00:00","mainEntityOfPage":{"@id":"https:\/\/www.suno.com.br\/noticias\/bradesco-bbdc4-executivos-banco-gpj\/"},"wordCount":984,"publisher":{"@id":"https:\/\/www.suno.com.br\/noticias\/#organization"},"image":{"@id":"https:\/\/www.suno.com.br\/noticias\/bradesco-bbdc4-executivos-banco-gpj\/#primaryimage"},"thumbnailUrl":"https:\/\/files.sunoresearch.com.br\/n\/uploads\/2023\/05\/bradesco.jpg","keywords":["Bradesco (BBDC3\/BBDC4)"],"articleSection":["Neg\u00f3cios"],"inLanguage":"pt-BR"},{"@type":"WebPage","@id":"https:\/\/www.suno.com.br\/noticias\/bradesco-bbdc4-executivos-banco-gpj\/","url":"https:\/\/www.suno.com.br\/noticias\/bradesco-bbdc4-executivos-banco-gpj\/","name":"Bradesco: ap\u00f3s troca no comando, mais executivos deixam cargos","isPartOf":{"@id":"https:\/\/www.suno.com.br\/noticias\/#website"},"primaryImageOfPage":{"@id":"https:\/\/www.suno.com.br\/noticias\/bradesco-bbdc4-executivos-banco-gpj\/#primaryimage"},"image":{"@id":"https:\/\/www.suno.com.br\/noticias\/bradesco-bbdc4-executivos-banco-gpj\/#primaryimage"},"thumbnailUrl":"https:\/\/files.sunoresearch.com.br\/n\/uploads\/2023\/05\/bradesco.jpg","datePublished":"2023-11-28T13:24:50+00:00","dateModified":"2023-11-28T13:39:50+00:00","description":"Ap\u00f3s a sa\u00edda de Octavio de Lazari Junior da presid\u00eancia do Bradesco, mais executivos do banco anunciaram a sa\u00edda de seus cargos. Veja!","breadcrumb":{"@id":"https:\/\/www.suno.com.br\/noticias\/bradesco-bbdc4-executivos-banco-gpj\/#breadcrumb"},"inLanguage":"pt-BR","potentialAction":[{"@type":"ReadAction","target":["https:\/\/www.suno.com.br\/noticias\/bradesco-bbdc4-executivos-banco-gpj\/"]}]},{"@type":"ImageObject","inLanguage":"pt-BR","@id":"https:\/\/www.suno.com.br\/noticias\/bradesco-bbdc4-executivos-banco-gpj\/#primaryimage","url":"https:\/\/files.sunoresearch.com.br\/n\/uploads\/2023\/05\/bradesco.jpg","contentUrl":"https:\/\/files.sunoresearch.com.br\/n\/uploads\/2023\/05\/bradesco.jpg","width":1200,"height":800,"caption":"Bradesco (BBDC4). Foto: iStock"},{"@type":"BreadcrumbList","@id":"https:\/\/www.suno.com.br\/noticias\/bradesco-bbdc4-executivos-banco-gpj\/#breadcrumb","itemListElement":[{"@type":"ListItem","position":1,"name":"Not\u00edcias","item":"https:\/\/www.suno.com.br\/noticias\/"},{"@type":"ListItem","position":2,"name":"Neg\u00f3cios","item":"https:\/\/www.suno.com.br\/noticias\/negocios\/"},{"@type":"ListItem","position":3,"name":"Dan\u00e7a das cadeiras do Bradesco (BBDC4): mais executivos deixam o banco"}]},{"@type":"WebSite","@id":"https:\/\/www.suno.com.br\/noticias\/#website","url":"https:\/\/www.suno.com.br\/noticias\/","name":"Suno Not\u00edcias","description":"Seu portal de informa\u00e7\u00e3o sobre o mundo dos investimentos","publisher":{"@id":"https:\/\/www.suno.com.br\/noticias\/#organization"},"potentialAction":[{"@type":"SearchAction","target":{"@type":"EntryPoint","urlTemplate":"https:\/\/www.suno.com.br\/noticias\/?s={search_term_string}"},"query-input":{"@type":"PropertyValueSpecification","valueRequired":true,"valueName":"search_term_string"}}],"inLanguage":"pt-BR"},{"@type":"Organization","@id":"https:\/\/www.suno.com.br\/noticias\/#organization","name":"Suno Not\u00edcias","url":"https:\/\/www.suno.com.br\/noticias\/","logo":{"@type":"ImageObject","inLanguage":"pt-BR","@id":"https:\/\/www.suno.com.br\/noticias\/#\/schema\/logo\/image\/","url":"https:\/\/files.sunoresearch.com.br\/n\/uploads\/2021\/09\/suno-logo.png","contentUrl":"https:\/\/files.sunoresearch.com.br\/n\/uploads\/2021\/09\/suno-logo.png","width":180,"height":180,"caption":"Suno Not\u00edcias"},"image":{"@id":"https:\/\/www.suno.com.br\/noticias\/#\/schema\/logo\/image\/"},"sameAs":["https:\/\/facebook.com\/sunoresearch","https:\/\/x.com\/sunoresearch","https:\/\/www.instagram.com\/suno","https:\/\/www.linkedin.com\/company\/suno-research\/","https:\/\/www.youtube.com\/c\/sunoresearch"]},{"@type":"Person","@id":"https:\/\/www.suno.com.br\/noticias\/#\/schema\/person\/d0f32748bbca4bee871fa191ee4e2d40","name":"Giovanni Porf\u00edrio Jacomino","image":{"@type":"ImageObject","inLanguage":"pt-BR","@id":"https:\/\/www.suno.com.br\/noticias\/#\/schema\/person\/image\/","url":"https:\/\/secure.gravatar.com\/avatar\/efb32e19b730a121cb7a80f41ffec01a?s=96&r=g","contentUrl":"https:\/\/secure.gravatar.com\/avatar\/efb32e19b730a121cb7a80f41ffec01a?s=96&r=g","caption":"Giovanni Porf\u00edrio Jacomino"},"description":"Giovanni Porf\u00edrio Jacomino \u00e9 jornalista formado pela Universidade Estadual de Londrina (UEL) e p\u00f3s-graduado em Produ\u00e7\u00e3o e Pr\u00e1ticas Jornal\u00edsticas na Contemporaneidade na Faculdade C\u00e1sper L\u00edbero (FCL). Foi editor web no Startupi e no Finsiders, atuando ainda como editor no TC Mover, portal de not\u00edcias da TradersClub, fazendo a cobertura de assuntos relacionados ao mercado financeiro interno e externo. Atualmente, \u00e9 Rep\u00f3rter do Suno Not\u00edcias.","url":"https:\/\/www.suno.com.br\/noticias\/author\/giovanni-porfiriosuno-com-br\/"}]}},"default_loop_html":"<div class=\"cardsPage__listCard__boxs\"><div class=\"cardsPage__listCard__boxs__img\"><a href=\"https:\/\/www.suno.com.br\/noticias\/bradesco-bbdc4-executivos-banco-gpj\/\"><img class=\"mask\" src=\"https:\/\/www.suno.com.br\/noticias\/wp-content\/themes\/suno\/resources\/images\/spotlight\/spotlight1img\/bg-mask.png\" alt=\"Image Mask\"\/><img src=\"https:\/\/files.sunoresearch.com.br\/n\/uploads\/2023\/05\/bradesco-400x200.jpg\" alt=\"Dan\u00e7a das cadeiras do Bradesco (BBDC4): mais executivos deixam o banco\"\/><\/a><span class=\"spotlightCategory\"><a href=\"https:\/\/www.suno.com.br\/noticias\/negocios\/\">Neg\u00f3cios<\/a><\/span><\/div><div class=\"cardsPage__listCard__boxs__content\"><a href=\"https:\/\/www.suno.com.br\/noticias\/bradesco-bbdc4-executivos-banco-gpj\/\"><h2 class=\"content__title\">Dan\u00e7a das cadeiras do Bradesco (BBDC4): mais executivos deixam o banco<\/h2><\/a><div class=\"newsContent__article__meta\"><div class=\"newsContent__article__meta__authorBox\"><a href=\"https:\/\/www.suno.com.br\/noticias\/author\/camila-figueiredosuno-com-br\/\" class=\"authorBox__avatar noMobi\"><img src=\"https:\/\/files.sunoresearch.com.br\/n\/uploads\/2024\/05\/camila-paim-square-150x150.jpg\" alt=\"Camila Paim\"><\/a><div class=\"authorBox__name\"><span>por\n\t\t\t<a href=\"https:\/\/www.suno.com.br\/noticias\/author\/camila-figueiredosuno-com-br\/\"><span itemprop=\"author\">Camila Paim<\/span><\/a><\/span><time datetime=\"2023-11-28T10:24:50-03:00\" itemprop=\"datePublished\">28\/11\/2023 10:24<\/time><\/div><\/div><\/div><\/div><\/div>","single_layout":"posts","amp_enabled":true,"_links":{"self":[{"href":"https:\/\/www.suno.com.br\/noticias\/wp-json\/wp\/v2\/posts\/491502"}],"collection":[{"href":"https:\/\/www.suno.com.br\/noticias\/wp-json\/wp\/v2\/posts"}],"about":[{"href":"https:\/\/www.suno.com.br\/noticias\/wp-json\/wp\/v2\/types\/post"}],"author":[{"embeddable":true,"href":"https:\/\/www.suno.com.br\/noticias\/wp-json\/wp\/v2\/users\/313"}],"replies":[{"embeddable":true,"href":"https:\/\/www.suno.com.br\/noticias\/wp-json\/wp\/v2\/comments?post=491502"}],"version-history":[{"count":3,"href":"https:\/\/www.suno.com.br\/noticias\/wp-json\/wp\/v2\/posts\/491502\/revisions"}],"predecessor-version":[{"id":491563,"href":"https:\/\/www.suno.com.br\/noticias\/wp-json\/wp\/v2\/posts\/491502\/revisions\/491563"}],"wp:featuredmedia":[{"embeddable":true,"href":"https:\/\/www.suno.com.br\/noticias\/wp-json\/wp\/v2\/media\/406450"}],"wp:attachment":[{"href":"https:\/\/www.suno.com.br\/noticias\/wp-json\/wp\/v2\/media?parent=491502"}],"wp:term":[{"taxonomy":"category","embeddable":true,"href":"https:\/\/www.suno.com.br\/noticias\/wp-json\/wp\/v2\/categories?post=491502"},{"taxonomy":"post_tag","embeddable":true,"href":"https:\/\/www.suno.com.br\/noticias\/wp-json\/wp\/v2\/tags?post=491502"},{"taxonomy":"suno_strategy","embeddable":true,"href":"https:\/\/www.suno.com.br\/noticias\/wp-json\/wp\/v2\/suno_strategy?post=491502"}],"curies":[{"name":"wp","href":"https:\/\/api.w.org\/{rel}","templated":true}]}}