{"id":491378,"date":"2023-11-27T22:34:27","date_gmt":"2023-11-28T01:34:27","guid":{"rendered":"https:\/\/www.suno.com.br\/noticias\/?p=491378"},"modified":"2023-11-27T22:37:45","modified_gmt":"2023-11-28T01:37:45","slug":"radar-casas-bahia-bhia3-engie-egie3-vibra-vbbr3-eneva-enev3","status":"publish","type":"post","link":"https:\/\/www.suno.com.br\/noticias\/radar-casas-bahia-bhia3-engie-egie3-vibra-vbbr3-eneva-enev3\/","title":{"rendered":"Radar: Casas Bahia (BHIA3) aprova grupamento de a\u00e7\u00f5es, dividendos da Engie (EGIE3) e proposta de fus\u00e3o da Vibra (VBBR3) com Eneva (ENEV3)"},"content":{"rendered":"<p>O grupo Casas Bahia (BHIA3) aprovou&nbsp;<a href=\"https:\/\/www.suno.com.br\/artigos\/grupamento-de-acoes\/\" target=\"_blank\" rel=\"noreferrer noopener\">grupamento de a\u00e7\u00f5es<\/a>&nbsp;ordin\u00e1rias na propor\u00e7\u00e3o de 25 para 1. A decis\u00e3o foi tomada em Assembleia Geral Extraordin\u00e1ria (AGE) realizada hoje (27).<\/p>\t<div class=\"wrapper-featured-image\">\n\t\t<figure class=\"spotlightImg\">\n\n\t\t\t<picture>\n\t\t\t\t<source media=\"(max-width: 768px)\" srcset=\"https:\/\/files.sunoresearch.com.br\/n\/uploads\/2022\/11\/via-viia3-fachada-loja-casas-bahiha-reproducao-twitter-400x200.jpg\">\n\t\t\t\t<img loading=\"lazy\" decoding=\"async\" class=\"newsContent__article__imgCapa lazyloadDisabled \" src=\"https:\/\/files.sunoresearch.com.br\/n\/uploads\/2022\/11\/via-viia3-fachada-loja-casas-bahiha-reproducao-twitter-800x450.jpg\" width=\"800\" height=\"450\" alt=\"Radar: Casas Bahia (BHIA3) aprova grupamento de a\u00e7\u00f5es, dividendos da Engie (EGIE3) e proposta de fus\u00e3o da Vibra (VBBR3) com Eneva (ENEV3)\" fetchpriority=high \/>\n\t\t\t<\/picture>\n\n\t\t\t<figcaption class=\"wp-caption-text wp-caption-text--show\">Fachada de loja das Casas Bahia, empresa operada pela Via (VIIA3). Foto: Divulga\u00e7\u00e3o\/Twitter<\/figcaption>\n\t\t<\/figure>\n\t<\/div>\n\n\n\n\n\n\t<p>\n\t\t<a href=\"https:\/\/lp.suno.com.br\/planilha-da-vida-financeira\/\" target=\"_blank\" data-element=\"shortcode-suno-banner\" title=\"Banner SUNO, clique e saiba mais\">\n\t\t\t<picture>\n\t\t\t\t<source media=\"(max-width: 500px)\" srcset=\"https:\/\/files.sunoresearch.com.br\/n\/uploads\/2023\/04\/400x300-Planilha-vida-financeira-true.png\">\n\t\t\t\t<img class=\"newsContent__article__imgCapa newsContent__article__imgCapa--banner\"\n\t\t\t\t\tsrc=\"https:\/\/files.sunoresearch.com.br\/n\/uploads\/2023\/04\/1420x240-Planilha-vida-financeira-true.png\"\n\t\t\t\t\tdata-promo-id=\"106682\"\t\t\t\t\t\t\t\t\t\twidth='1420' height='240'\t\t\t\t\talt=\"https:\/\/files.sunoresearch.com.br\/n\/uploads\/2023\/04\/1420x240-Planilha-vida-financeira-true.png\"\n\t\t\t\t>\n\t\t\t<\/picture>\n\t\t<\/a>\n\t<\/p>\n\n\n\n\n\n\n\n<p>O novo&nbsp;<strong>grupamento de a\u00e7\u00f5es da Casas Bahia<\/strong>&nbsp;prev\u00ea que cada lote de 25 a\u00e7\u00f5es seja grupado em 1, mas sem mudan\u00e7as no atual capital social da empresa, que \u00e9 de R$ 5,449 bilh\u00f5es.<\/p>\n\n\n\n<p>O novo n\u00famero de&nbsp;<strong>a\u00e7\u00f5es da Casas Bahia<\/strong>&nbsp;ser\u00e1 de aproximadamente 95,083 milh\u00f5es. As a\u00e7\u00f5es s\u00e3o ordin\u00e1rias, nominativas, escriturais e sem&nbsp;<a href=\"https:\/\/www.suno.com.br\/artigos\/valor-nominal\/\" target=\"_blank\" rel=\"noreferrer noopener\">valor nominal<\/a>. Elas ser\u00e3o distribu\u00eddas entre os investidores da empresa na mesma propor\u00e7\u00e3o que eles tinham antes da&nbsp;<strong>aprova\u00e7\u00e3o do grupamento de a\u00e7\u00f5es<\/strong>.<\/p>\n\n\n\n<p>Al\u00e9m de Casas Bahia, confira outros destaques desta segunda-feira:<\/p>\n\n\n\n<h2 class=\"wp-block-heading\">Dividendos da Engie (EGIE3) v\u00e3o aumentar? Entenda<\/h2>\n\n\n\n<ul class=\"wp-block-list\">\n<li>Em nova an\u00e1lise sobre a&nbsp;<a href=\"https:\/\/www.suno.com.br\/acoes\/EGIE3\/\" target=\"_blank\" rel=\"noreferrer noopener\"><strong>Engie<\/strong>&nbsp;(EGIE3)<\/a>, ap\u00f3s o Investor Day da companhia, analistas do BTG Pactual destacaram a possibilidade de os proventos da companhia aumentarem proporcionalmente nos pr\u00f3ximos dois anos.<\/li>\n<\/ul>\n\n\n\n<ul class=\"wp-block-list\">\n<li>Atualmente a casa tem recomenda\u00e7\u00e3o neutra para as&nbsp;<strong>a\u00e7\u00f5es da Engie<\/strong>, com pre\u00e7o-alvo de R$ 44 \u2013 ao passo que os pap\u00e9is&nbsp;<strong>EGIE3<\/strong>&nbsp;s\u00e3o negociados a cerca de R$ 43 em bolsa.<\/li>\n<\/ul>\n\n\n\n<ul class=\"wp-block-list\">\n<li>A proje\u00e7\u00e3o para os&nbsp;<strong>dividendos da Engie<\/strong>, contudo, \u00e9 de um yield de 8,8%, para o ano de 2024. A proje\u00e7\u00e3o representaria uma eleva\u00e7\u00e3o no patamar de pagamento de rendimentos, dado que,&nbsp;<a href=\"https:\/\/statusinvest.com.br\/acoes\/egie3?__hstc=189907700.077a8813a0c39e36c9abd5466b77ea08.1687895465851.1701123458837.1701129175545.63&amp;__hssc=189907700.4.1701129175545&amp;__hsfp=2804396115\" target=\"_blank\" rel=\"noreferrer noopener\">segundo dados do Status Invest o dividend yield (DY) dos pap\u00e9is \u00e9 de 6,7% atualmente<\/a>, com R$ 2,96 pagos por a\u00e7\u00e3o nos \u00faltimos 12 meses.<\/li>\n<\/ul>\n\n\n\n<ul class=\"wp-block-list\">\n<li>Al\u00e9m disso, em 2025, os especialistas esperam que a Engie ultrapasse os 9,2% de yield.<\/li>\n<\/ul>\n\n\n\n<ul class=\"wp-block-list\">\n<li>Apesar dessa proje\u00e7\u00e3o de um&nbsp;<strong>dividend yield<\/strong>&nbsp;(DY) ascendentes, os especialistas da \u00e1rea de research do BTG Pactual chamam aten\u00e7\u00e3o para o fato de que o payout da companhia deve ser reduzido para o m\u00ednimo de 55%, fruto de decis\u00f5es recentes de investimento.<\/li>\n<\/ul>\n\n\n\n<ul class=\"wp-block-list\">\n<li>\u201cA Engie nos disse que fatores como excesso de oferta estrutural, n\u00edveis saud\u00e1veis de reservat\u00f3rios, perspectivas pre\u00e7os de energia mais baixos no curto e m\u00e9dio prazo e mais gera\u00e7\u00e3o distribu\u00edda (GD) e autoprodu\u00e7\u00e3o dissuadem os players de construir novas f\u00e1bricas\u201d, explica a casa.<\/li>\n<\/ul>\n\n\n\n<ul class=\"wp-block-list\">\n<li>\u201cO foco continua sendo os cerca de 2GW para ser constru\u00eddo at\u00e9 o pr\u00f3ximo ano (Santo Agostinho, Assuru\u00e1, Ass\u00fa Sol), enquanto o gasoduto (1,7GW) aguardar\u00e1 um cen\u00e1rio melhor. Se agregarem valor, novas aquisi\u00e7\u00f5es n\u00e3o s\u00e3o descartadas fora\u201d, completa, sobre os movimentos recentes da empresa.<\/li>\n<\/ul>\n\n\n\n<h2 class=\"wp-block-heading\">Vibra (VBBR3) confirma ter recebido proposta de fus\u00e3o com Eneva (ENEV3) para formar gigante do setor de energia<\/h2>\n\n\n\n<ul class=\"wp-block-list\">\n<li>A&nbsp;<a href=\"https:\/\/www.suno.com.br\/acoes\/ENEV3\/\" target=\"_blank\" rel=\"noreferrer noopener\">Eneva (ENEV3)<\/a>&nbsp;apresentou ao&nbsp;<a href=\"https:\/\/www.suno.com.br\/artigos\/conselho-administracao\/\" target=\"_blank\" rel=\"noreferrer noopener\">conselho de administra\u00e7\u00e3o<\/a>&nbsp;da&nbsp;<a href=\"https:\/\/www.suno.com.br\/acoes\/vbbr3\/\" target=\"_blank\" rel=\"noreferrer noopener\"><strong>Vibra<\/strong>&nbsp;Energia (VBBR3)<\/a>, no domingo (26), uma proposta de fus\u00e3o entre as empresas.<\/li>\n<\/ul>\n\n\n\n<ul class=\"wp-block-list\">\n<li>Nesta segunda (27) a Vibra confirmou o recebimento da proposta por meio de&nbsp;<a href=\"https:\/\/www.suno.com.br\/artigos\/fato-relevante\/\" target=\"_blank\" rel=\"noreferrer noopener\">fato relevante<\/a>. A companhia&nbsp;<a href=\"https:\/\/www.rad.cvm.gov.br\/ENET\/frmExibirArquivoIPEExterno.aspx?NumeroProtocoloEntrega=1166727\" target=\"_blank\" rel=\"noreferrer noopener\">disse que \u2018analisar\u00e1 o conte\u00fado da proposta\u2019<\/a>.<\/li>\n<\/ul>\n\n\n\n<ul class=\"wp-block-list\">\n<li>A oferta contempla dois cen\u00e1rios: a&nbsp;<strong>incorpora\u00e7\u00e3o das a\u00e7\u00f5es da Eneva pela Vibra<\/strong>&nbsp;ou a cria\u00e7\u00e3o de uma nova companhia que concentraria as opera\u00e7\u00f5es dos grupos.<\/li>\n<\/ul>\n\n\n\n<ul class=\"wp-block-list\">\n<li>Ambos os cen\u00e1rios resultariam em um equil\u00edbrio acion\u00e1rio de 50% entre as empresas.<\/li>\n<\/ul>\n\n\n\n<ul class=\"wp-block-list\">\n<li>A proposta \u00e9 n\u00e3o vinculativa, ou seja, n\u00e3o estabelece qualquer condi\u00e7\u00e3o ou compromisso entre as partes.<\/li>\n<\/ul>\n\n\n\n<ul class=\"wp-block-list\">\n<li>Caso a&nbsp;<strong>fus\u00e3o entre Vibra e Eneva<\/strong>&nbsp;seja concretizada, a nova empresa atingiria um&nbsp;<a href=\"https:\/\/www.suno.com.br\/artigos\/valor-de-mercado\/\" target=\"_blank\" rel=\"noreferrer noopener\">valor de mercado<\/a>&nbsp;pr\u00f3ximo de R$ 50 bilh\u00f5es, tornando-se a terceira maior companhia de energia na bolsa, ficando atr\u00e1s apenas da&nbsp;<a href=\"https:\/\/www.suno.com.br\/acoes\/PETR4\/\" target=\"_blank\" rel=\"noreferrer noopener\">Petrobras (PETR4)<\/a>&nbsp;e da&nbsp;<a href=\"https:\/\/www.suno.com.br\/acoes\/ELET3\/\" target=\"_blank\" rel=\"noreferrer noopener\">Eletrobras (ELET3)<\/a>.<\/li>\n<\/ul>\n\n\n\n<ul class=\"wp-block-list\">\n<li>A Eneva \u00e9 uma das principais empresas do&nbsp;<strong>setor de energia<\/strong>&nbsp;no pa\u00eds, possuindo um portf\u00f3lio robusto de gera\u00e7\u00e3o el\u00e9trica e forte presen\u00e7a na explora\u00e7\u00e3o de \u00f3leo e g\u00e1s.<\/li>\n<\/ul>\n\n\n\n<ul class=\"wp-block-list\">\n<li>Atualmente, \u00e9 a maior produtora independente de g\u00e1s natural no Brasil. Por outro lado, a Vibra Energia \u00e9 a maior rede de postos de combust\u00edveis do Brasil, originada a partir da privatiza\u00e7\u00e3o da BR Distribuidora, bra\u00e7o da Petrobras (PETR4) na distribui\u00e7\u00e3o de combust\u00edveis.<\/li>\n<\/ul>\n\n\n\n<ul class=\"wp-block-list\">\n<li>Ambas as empresas t\u00eam um acionista em comum, a Dynamo, que det\u00e9m 10,77% na Eneva e 10,28% na Vibra.<\/li>\n<\/ul>\n\n\n\n<ul class=\"wp-block-list\">\n<li>Em comunicado, a Eneva destacou que a fus\u00e3o representa uma grande oportunidade para criar uma estrutura s\u00f3lida, acomodando as opera\u00e7\u00f5es por meio de sinergias \u00fanicas. A proposta tem validade de 15 dias.<\/li>\n<\/ul>\n\n\n\n<ul class=\"wp-block-list\">\n<li>\u201cA Eneva entende que uma fus\u00e3o de iguais com Vibra representa uma oportunidade \u00edmpar para as empresas e seus acionistas, tendo um s\u00f3lido racional estrat\u00e9gico considerando, inclusive, a complementaridade dos neg\u00f3cios das companhias, e, se efetivada, poder\u00e1 implicar em ganhos significativos de efici\u00eancia e de aloca\u00e7\u00e3o de capital\u201d, destaca o comunicado.<\/li>\n<\/ul>\n\n\n\n<ul class=\"wp-block-list\">\n<li>A proposta conta com o suporte do BTG Pactual, que informou ao&nbsp;<a href=\"https:\/\/www.suno.com.br\/artigos\/conselho-administracao\/\" target=\"_blank\" rel=\"noreferrer noopener\">conselho de administra\u00e7\u00e3o<\/a>&nbsp;da Eneva que pretende concentrar investimentos em gera\u00e7\u00e3o de energia na empresa resultante da fus\u00e3o. O banco afirma que a combina\u00e7\u00e3o de neg\u00f3cios desbloquear\u00e1 uma contribui\u00e7\u00e3o de R$ 2,5 bilh\u00f5es atrav\u00e9s da inser\u00e7\u00e3o do portf\u00f3lio de gera\u00e7\u00e3o t\u00e9rmica do BTG na nova empresa.<\/li>\n<\/ul>\n\n\n\t<p>\n\t\t<a href=\"https:\/\/lp.suno.com.br\/ebook-como-analisar-uma-acao\/\" target=\"_blank\" data-element=\"shortcode-suno-banner\" title=\"Banner SUNO, clique e saiba mais\">\n\t\t\t<picture>\n\t\t\t\t<source media=\"(max-width: 500px)\" srcset=\"https:\/\/files.sunoresearch.com.br\/n\/uploads\/2023\/03\/Ebook-Acoes-Mobile.jpg\">\n\t\t\t\t<img class=\"newsContent__article__imgCapa newsContent__article__imgCapa--banner\"\n\t\t\t\t\tsrc=\"https:\/\/files.sunoresearch.com.br\/n\/uploads\/2023\/03\/Ebook-Acoes-Desktop.jpg\"\n\t\t\t\t\tdata-promo-id=\"378302\"\t\t\t\t\t\t\t\t\t\twidth='1420' height='286'\t\t\t\t\talt=\"https:\/\/files.sunoresearch.com.br\/n\/uploads\/2023\/03\/Ebook-Acoes-Desktop.jpg\"\n\t\t\t\t>\n\t\t\t<\/picture>\n\t\t<\/a>\n\t<\/p>\n\n\n\n\n\n<h2 class=\"wp-block-heading\">BRF (BRFS3) salta no Ibovespa: XP reitera a\u00e7\u00f5es como preferidas do setor; veja os motivos<\/h2>\n\n\n\n<ul class=\"wp-block-list\">\n<li>Ap\u00f3s reuni\u00f5es focadas sobre o segmento de avicultura, a XP Investimentos reiterou sua vis\u00e3o positiva sobre a&nbsp;<strong>BRF<\/strong>&nbsp;(BRFS3). Al\u00e9m disso, os analistas dizem que o ajuste de oferta da companhia no segmento av\u00edcola deve sustentar um ambiente saud\u00e1vel em 2024.&nbsp;<\/li>\n<\/ul>\n\n\n\n<ul class=\"wp-block-list\">\n<li>H\u00e1 expectativas de que a&nbsp;<strong>Seara<\/strong>, marca pertencente \u00e0 BRF, experimente uma recupera\u00e7\u00e3o nas margens. \u201cNo geral, sa\u00edmos das reuni\u00f5es com sentimento otimista para o nosso Top Pick BRF reiterado\u201d, diz a XP.&nbsp;<\/li>\n<\/ul>\n\n\n\n<ul class=\"wp-block-list\">\n<li>Com uma estrat\u00e9gia de gr\u00e3os mais assertiva e um programa cont\u00ednuo de&nbsp;<a href=\"https:\/\/www.suno.com.br\/artigos\/eficiencia-operacional\/\" target=\"_blank\" rel=\"noreferrer noopener\">efici\u00eancia operacional<\/a>&nbsp;com resultados tang\u00edveis, a corretora espera que a BRF continue a superar seus pares do setor.<\/li>\n<\/ul>\n\n\n\n<ul class=\"wp-block-list\">\n<li>Em \u00faltimo relat\u00f3rio, a XP elevou o pre\u00e7o-alvo para o fim de 2024 e a recomenda\u00e7\u00e3o da a\u00e7\u00e3o. O&nbsp;<strong>pre\u00e7o-alvo da BRF&nbsp;<\/strong>passou de R$ 8,60 para R$ 15,70 por papel e a indica\u00e7\u00e3o foi de neutra para compra. Nesta segunda (27), os&nbsp;<strong>pap\u00e9is da BRF<\/strong>&nbsp;saltaram 3,28%, a R$ 14,50.<\/li>\n<\/ul>\n\n\n\n<h2 class=\"wp-block-heading\">Vibra (VBBR3): fus\u00e3o com a Eneva (ENEV3) pode trazer riscos para acionistas minorit\u00e1rios, alertam analistas<\/h2>\n\n\n\n<ul class=\"wp-block-list\">\n<li>O BB Investimentos avalia que a fus\u00e3o da&nbsp;<strong>Vibra&nbsp;<\/strong>(VBBR3) com a&nbsp;<a href=\"https:\/\/www.suno.com.br\/acoes\/ENEV3\/\" target=\"_blank\" rel=\"noreferrer noopener\">Eneva (ENEV3)<\/a>&nbsp;traz valor potencial, mas \u00e9 necess\u00e1rio ficar atento aos riscos e ao valuation da opera\u00e7\u00e3o para os minorit\u00e1rios da Vibra.<\/li>\n<\/ul>\n\n\n\n<ul class=\"wp-block-list\">\n<li>Segundo o BB, a fus\u00e3o proposta \u00e9 uma troca de a\u00e7\u00f5es de partes iguais em 50%, mas a Vibra tem um&nbsp;<a href=\"https:\/\/www.suno.com.br\/artigos\/valor-de-mercado\/\" target=\"_blank\" rel=\"noreferrer noopener\">valor de mercado<\/a>&nbsp;23% superior ao da Eneva.&nbsp;<\/li>\n<\/ul>\n\n\n\n<ul class=\"wp-block-list\">\n<li>\u201cEm nossos c\u00e1lculos, para manter a propor\u00e7\u00e3o atual dos&nbsp;<strong>minorit\u00e1rios da Vibra<\/strong>&nbsp;na nova empresa, que tem market cap R$ 4,7 bilh\u00f5es superior ao da Eneva, deveria haver diferen\u00e7a positiva de R$ 2,01 por cada a\u00e7\u00e3o da Vibra, para que fosse mantido um&nbsp;<a href=\"https:\/\/www.suno.com.br\/artigos\/valor-de-mercado\/\" target=\"_blank\" rel=\"noreferrer noopener\">valor de mercado<\/a>&nbsp;proporcional\u201d, dizem os analistas.&nbsp;<\/li>\n<\/ul>\n\n\n\n<ul class=\"wp-block-list\">\n<li>No entanto, a proje\u00e7\u00e3o de crescimento do<strong>&nbsp;Ebitda da Eneva&nbsp;<\/strong>\u00e9 superior \u00e0 proje\u00e7\u00e3o de crescimento do Ebitda da Vibra.<\/li>\n<\/ul>\n\n\n\n<ul class=\"wp-block-list\">\n<li>A equipe do BB Investimentos t\u00eam recomenda\u00e7\u00e3o de compra para as&nbsp;<strong>a\u00e7\u00f5es da Vibra<\/strong>, com pre\u00e7o-alvo de R$ 27,50, um potencial de valoriza\u00e7\u00e3o de 23,7%.&nbsp;Nesta segunda (27) os pap\u00e9is est\u00e3o cotados a R$ 21,76.<\/li>\n<\/ul>\n\n\n\n<p>Da Casas Bahia \u00e0 Vibra, essas foram as empresas que se destacaram hoje. Para ler todas as mat\u00e9rias&nbsp;<strong><a href=\"https:\/\/www.suno.com.br\/noticias\/todos\/?utm_content=XYOE2ItQuUY.20201113&amp;utm_campaign=Track%2B&amp;utm_medium=video&amp;utm_source=telegram.sunoresearch\" target=\"_blank\" rel=\"noreferrer noopener\">clique aqui<\/a><\/strong>.<a href=\"https:\/\/lp.suno.com.br\/cl\/black-friday-suno-2023\/?_fs=16412753060-15131594205&amp;_fsRef=https%3A%2F%2Fwww.suno.com.br%2Fnoticias%2Fradar-caixa-seguridade-cxse3-itausa-itsa4-pao-de-acucar-pcar3%2F\" target=\"_blank\" rel=\"noreferrer noopener\"><\/a><a href=\"https:\/\/lp.suno.com.br\/cl\/black-friday-suno-2023\/?_fs=16412753060-15131594205&amp;_fsRef=https%3A%2F%2Fwww.suno.com.br%2Fnoticias%2Fcopel-cple6-xp-reitera-recomendacao-compra-va%2F\" target=\"_blank\" rel=\"noreferrer noopener\"><\/a><a href=\"https:\/\/lp.suno.com.br\/cl\/black-friday-suno-2023\/?_fs=16412753060-15131594205&amp;_fsRef=https%3A%2F%2Fwww.suno.com.br%2Fnoticias%2Fradar-magazine-luiza-mglu3-oi-oibr3-copel-cple6%2F\" target=\"_blank\" rel=\"noreferrer noopener\"><\/a><a href=\"https:\/\/lp.suno.com.br\/cl\/black-friday-suno-2023\/?_fs=16412753060-15131594205&amp;_fsRef=https%3A%2F%2Fwww.suno.com.br%2Fnoticias%2Fradar-irb-brasil-irbr3-klabin-klbn11-telefonica-vivt3%2F\" target=\"_blank\" rel=\"noreferrer noopener\"><\/a><a href=\"https:\/\/lp.suno.com.br\/cl\/black-friday-suno-2023\/?_fs=16439326504-15158167008&amp;_fsRef=https%3A%2F%2Fwww.suno.com.br%2Fnoticias%2Fradar-itausa-itsa4-brasilagro-agro3-weg-wege3%2F\" target=\"_blank\" rel=\"noreferrer noopener\"><\/a><a href=\"https:\/\/lp.suno.com.br\/cl\/black-friday-suno-2023\/?_fs=16439326504-15158167008&amp;_fsRef=https%3A%2F%2Fwww.suno.com.br%2Fnoticias%2Fradar-boa-safra-soja3-neoenergia-neoe3-kabin-klbn11%2F\" target=\"_blank\" rel=\"noreferrer noopener\"><\/a><a href=\"https:\/\/lp.suno.com.br\/cl\/black-friday-suno-2023\/?_fs=16439326504-15158167008&amp;_fsRef=https%3A%2F%2Fwww.suno.com.br%2Fnoticias%2Fsuzano-suzb3-3t23-reverte-lucro-prejuizo%2F\" target=\"_blank\" rel=\"noreferrer noopener\"><\/a><a href=\"https:\/\/lp.suno.com.br\/cl\/black-friday-suno-2023\/?_fs=16414994788-15133835730&amp;_fsRef=https%3A%2F%2Fwww.suno.com.br%2Fnoticias%2Fradar-vale-vale3-petrobras-petr4-lojas-marisa-amar3%2F\" target=\"_blank\" rel=\"noreferrer noopener\"><\/a><a href=\"https:\/\/lp.suno.com.br\/cl\/black-friday-suno-2023\/?_fs=16499472459-15218305374&amp;_fsRef=https%3A%2F%2Fwww.suno.com.br%2Fnoticias%2Fradar-engie-egie3-eletrobras-elet3-isa-cteep-trpl4-b3-b3sa3%2F\" target=\"_blank\" rel=\"noreferrer noopener\"><\/a><a href=\"https:\/\/lp.suno.com.br\/cl\/black-friday-suno-2023\/?_fs=16500193927-15219026842&amp;_fsRef=https%3A%2F%2Fwww.suno.com.br%2Fnoticias%2Fradar-prio-prio3-bradespar-brap4-bradesco-bbdc4%2F\" target=\"_blank\" rel=\"noreferrer noopener\"><\/a><a href=\"https:\/\/lp.suno.com.br\/cl\/black-friday-suno-2023\/?_fs=16500193927-15219026842&amp;_fsRef=https%3A%2F%2Fwww.suno.com.br%2Fnoticias%2Fradar-banco-do-brasil-bbas3-ceb-cebr3-cielo-ciel3%2F\" target=\"_blank\" rel=\"noreferrer noopener\"><\/a><a href=\"https:\/\/lp.suno.com.br\/pv\/black-friday-2023\/\" target=\"_blank\" rel=\"noreferrer noopener\"><\/a><a href=\"https:\/\/lp.suno.com.br\/pv\/black-friday-2023\/\" target=\"_blank\" rel=\"noreferrer noopener\"><\/a><a href=\"https:\/\/lp.suno.com.br\/pv\/black-friday-2023\/\" target=\"_blank\" rel=\"noreferrer noopener\"><\/a><a href=\"https:\/\/lp.suno.com.br\/pv\/black-friday-2023\/\" target=\"_blank\" rel=\"noreferrer noopener\"><\/a><a href=\"https:\/\/lp.suno.com.br\/pv\/black-friday-2023\/\" target=\"_blank\" rel=\"noreferrer noopener\"><\/a><a href=\"https:\/\/lp.suno.com.br\/pv\/black-friday-2023\/\" target=\"_blank\" rel=\"noreferrer noopener\"><\/a><a href=\"https:\/\/lp.suno.com.br\/pv\/black-friday-2023\/\" target=\"_blank\" rel=\"noreferrer noopener\"><\/a><a href=\"https:\/\/lp.suno.com.br\/planilha-da-vida-financeira\/\" target=\"_blank\" rel=\"noreferrer noopener\"><\/a><a href=\"https:\/\/lp.suno.com.br\/pv\/black-friday-2023\/\" target=\"_blank\" rel=\"noreferrer noopener\"><\/a><a href=\"https:\/\/lp.suno.com.br\/pv\/black-friday-2023\/\" target=\"_blank\" rel=\"noreferrer noopener\"><\/a><a href=\"https:\/\/lp.suno.com.br\/pv\/black-friday-2023\/\" target=\"_blank\" rel=\"noreferrer noopener\"><\/a><a href=\"https:\/\/lp.suno.com.br\/pv\/black-friday-2023\/\" target=\"_blank\" rel=\"noreferrer noopener\"><\/a><a href=\"https:\/\/lp.suno.com.br\/pv\/black-friday-2023\/\" target=\"_blank\" rel=\"noreferrer noopener\"><\/a><a href=\"https:\/\/lp.suno.com.br\/planilha-da-vida-financeira\/\" target=\"_blank\" rel=\"noreferrer noopener\"><\/a><\/p>\n\n\n\t<p>\n\t\t<a href=\"https:\/\/lp.suno.com.br\/planilha-da-vida-financeira\/\" target=\"_blank\" data-element=\"shortcode-suno-banner\" title=\"Banner SUNO, clique e saiba mais\">\n\t\t\t<picture>\n\t\t\t\t<source media=\"(max-width: 500px)\" srcset=\"https:\/\/files.sunoresearch.com.br\/n\/uploads\/2023\/04\/400x300-Planilha-vida-financeira-true.png\">\n\t\t\t\t<img class=\"newsContent__article__imgCapa newsContent__article__imgCapa--banner\"\n\t\t\t\t\tsrc=\"https:\/\/files.sunoresearch.com.br\/n\/uploads\/2023\/04\/1420x240-Planilha-vida-financeira-true.png\"\n\t\t\t\t\tdata-promo-id=\"383123\"\t\t\t\t\t\t\t\t\t\twidth='1420' height='240'\t\t\t\t\talt=\"https:\/\/files.sunoresearch.com.br\/n\/uploads\/2023\/04\/1420x240-Planilha-vida-financeira-true.png\"\n\t\t\t\t>\n\t\t\t<\/picture>\n\t\t<\/a>\n\t<\/p>\n\n\n","protected":false},"excerpt":{"rendered":"<p>O grupo Casas Bahia (BHIA3) aprovou&nbsp;grupamento de a\u00e7\u00f5es&nbsp;ordin\u00e1rias na propor\u00e7\u00e3o de 25 para 1. A decis\u00e3o foi tomada em Assembleia Geral Extraordin\u00e1ria (AGE) realizada hoje (27). Fachada de loja das Casas Bahia, empresa operada pela Via (VIIA3). Foto: Divulga\u00e7\u00e3o\/Twitter O novo&nbsp;grupamento de a\u00e7\u00f5es da Casas Bahia&nbsp;prev\u00ea que cada lote de 25 a\u00e7\u00f5es seja grupado em [&hellip;]<\/p>\n","protected":false},"author":227,"featured_media":326121,"comment_status":"closed","ping_status":"closed","sticky":false,"template":"","format":"standard","meta":[],"categories":[64],"tags":[397,107138,464,465,596],"suno_strategy":[],"class_list":["post-491378","post","type-post","status-publish","format-standard","has-post-thumbnail","hentry","category-negocios","tag-brf-brfs3","tag-casas-bahia-bhia3","tag-eneva-enev3","tag-engie-egie3","tag-vibra-energia-vbbr3"],"yoast_head":"<!-- This site is optimized with the Yoast SEO plugin v24.4 - https:\/\/yoast.com\/wordpress\/plugins\/seo\/ -->\n<title>Radar: Casas Bahia (BHIA3) aprova grupamento de a\u00e7\u00f5es, dividendos da Engie (EGIE3) e proposta de fus\u00e3o da Vibra (VBBR3) com Eneva (ENEV3)<\/title>\n<meta name=\"description\" content=\"Casas Bahia aprova grupamento de a\u00e7\u00f5es, banco prev\u00ea alta dividendos da Engie e fus\u00e3o de Vibra (VBBR3) com Eneva (ENEV3)\" \/>\n<meta name=\"robots\" content=\"index, follow, max-snippet:-1, max-image-preview:large, max-video-preview:-1\" \/>\n<link rel=\"canonical\" href=\"https:\/\/www.suno.com.br\/noticias\/radar-casas-bahia-bhia3-engie-egie3-vibra-vbbr3-eneva-enev3\/\" \/>\n<meta property=\"og:locale\" content=\"pt_BR\" \/>\n<meta property=\"og:type\" content=\"article\" \/>\n<meta property=\"og:title\" content=\"Radar: Casas Bahia (BHIA3) aprova grupamento de a\u00e7\u00f5es, dividendos da Engie (EGIE3) e proposta de fus\u00e3o da Vibra (VBBR3) com Eneva (ENEV3)\" \/>\n<meta property=\"og:description\" content=\"Casas Bahia aprova grupamento de a\u00e7\u00f5es, banco prev\u00ea alta dividendos da Engie e fus\u00e3o de Vibra (VBBR3) com Eneva (ENEV3)\" \/>\n<meta property=\"og:url\" content=\"https:\/\/www.suno.com.br\/noticias\/radar-casas-bahia-bhia3-engie-egie3-vibra-vbbr3-eneva-enev3\/\" \/>\n<meta property=\"og:site_name\" content=\"Suno Not\u00edcias\" \/>\n<meta property=\"article:publisher\" content=\"https:\/\/facebook.com\/sunoresearch\" \/>\n<meta property=\"og:image\" content=\"https:\/\/files.sunoresearch.com.br\/n\/uploads\/2022\/11\/via-viia3-fachada-loja-casas-bahiha-reproducao-twitter.jpg\" \/>\n\t<meta property=\"og:image:width\" content=\"1200\" \/>\n\t<meta property=\"og:image:height\" content=\"675\" \/>\n\t<meta property=\"og:image:type\" content=\"image\/jpeg\" \/>\n<meta name=\"author\" content=\"Vanessa Loiola\" \/>\n<meta name=\"twitter:card\" content=\"summary_large_image\" \/>\n<meta name=\"twitter:creator\" content=\"@sunoresearch\" \/>\n<meta name=\"twitter:site\" content=\"@sunoresearch\" \/>\n<meta name=\"twitter:label1\" content=\"Escrito por\" \/>\n\t<meta name=\"twitter:data1\" content=\"Vanessa Loiola\" \/>\n\t<meta name=\"twitter:label2\" content=\"Est. tempo de leitura\" \/>\n\t<meta name=\"twitter:data2\" content=\"7 minutos\" \/>\n<script type=\"application\/ld+json\" class=\"yoast-schema-graph\">{\"@context\":\"https:\/\/schema.org\",\"@graph\":[{\"@type\":\"NewsArticle\",\"@id\":\"https:\/\/www.suno.com.br\/noticias\/radar-casas-bahia-bhia3-engie-egie3-vibra-vbbr3-eneva-enev3\/#article\",\"isPartOf\":{\"@id\":\"https:\/\/www.suno.com.br\/noticias\/radar-casas-bahia-bhia3-engie-egie3-vibra-vbbr3-eneva-enev3\/\"},\"author\":{\"name\":\"Vanessa Loiola\",\"@id\":\"https:\/\/www.suno.com.br\/noticias\/#\/schema\/person\/450c455ecff319bab1f1a0e643451479\"},\"headline\":\"Radar: Casas Bahia (BHIA3) aprova grupamento de a\u00e7\u00f5es, dividendos da Engie (EGIE3) e proposta de fus\u00e3o da Vibra (VBBR3) com Eneva (ENEV3)\",\"datePublished\":\"2023-11-28T01:34:27+00:00\",\"dateModified\":\"2023-11-28T01:37:45+00:00\",\"mainEntityOfPage\":{\"@id\":\"https:\/\/www.suno.com.br\/noticias\/radar-casas-bahia-bhia3-engie-egie3-vibra-vbbr3-eneva-enev3\/\"},\"wordCount\":1353,\"publisher\":{\"@id\":\"https:\/\/www.suno.com.br\/noticias\/#organization\"},\"image\":{\"@id\":\"https:\/\/www.suno.com.br\/noticias\/radar-casas-bahia-bhia3-engie-egie3-vibra-vbbr3-eneva-enev3\/#primaryimage\"},\"thumbnailUrl\":\"https:\/\/files.sunoresearch.com.br\/n\/uploads\/2022\/11\/via-viia3-fachada-loja-casas-bahiha-reproducao-twitter.jpg\",\"keywords\":[\"BRF (BRFS3)\",\"Casas Bahia (BHIA3)\",\"Eneva (ENEV3)\",\"Engie (EGIE3)\",\"Vibra Energia (VBBR3)\"],\"articleSection\":[\"Neg\u00f3cios\"],\"inLanguage\":\"pt-BR\"},{\"@type\":\"WebPage\",\"@id\":\"https:\/\/www.suno.com.br\/noticias\/radar-casas-bahia-bhia3-engie-egie3-vibra-vbbr3-eneva-enev3\/\",\"url\":\"https:\/\/www.suno.com.br\/noticias\/radar-casas-bahia-bhia3-engie-egie3-vibra-vbbr3-eneva-enev3\/\",\"name\":\"Radar: Casas Bahia (BHIA3) aprova grupamento de a\u00e7\u00f5es, dividendos da Engie (EGIE3) e proposta de fus\u00e3o da Vibra (VBBR3) com Eneva (ENEV3)\",\"isPartOf\":{\"@id\":\"https:\/\/www.suno.com.br\/noticias\/#website\"},\"primaryImageOfPage\":{\"@id\":\"https:\/\/www.suno.com.br\/noticias\/radar-casas-bahia-bhia3-engie-egie3-vibra-vbbr3-eneva-enev3\/#primaryimage\"},\"image\":{\"@id\":\"https:\/\/www.suno.com.br\/noticias\/radar-casas-bahia-bhia3-engie-egie3-vibra-vbbr3-eneva-enev3\/#primaryimage\"},\"thumbnailUrl\":\"https:\/\/files.sunoresearch.com.br\/n\/uploads\/2022\/11\/via-viia3-fachada-loja-casas-bahiha-reproducao-twitter.jpg\",\"datePublished\":\"2023-11-28T01:34:27+00:00\",\"dateModified\":\"2023-11-28T01:37:45+00:00\",\"description\":\"Casas Bahia aprova grupamento de a\u00e7\u00f5es, banco prev\u00ea alta dividendos da Engie e fus\u00e3o de Vibra (VBBR3) com Eneva (ENEV3)\",\"breadcrumb\":{\"@id\":\"https:\/\/www.suno.com.br\/noticias\/radar-casas-bahia-bhia3-engie-egie3-vibra-vbbr3-eneva-enev3\/#breadcrumb\"},\"inLanguage\":\"pt-BR\",\"potentialAction\":[{\"@type\":\"ReadAction\",\"target\":[\"https:\/\/www.suno.com.br\/noticias\/radar-casas-bahia-bhia3-engie-egie3-vibra-vbbr3-eneva-enev3\/\"]}]},{\"@type\":\"ImageObject\",\"inLanguage\":\"pt-BR\",\"@id\":\"https:\/\/www.suno.com.br\/noticias\/radar-casas-bahia-bhia3-engie-egie3-vibra-vbbr3-eneva-enev3\/#primaryimage\",\"url\":\"https:\/\/files.sunoresearch.com.br\/n\/uploads\/2022\/11\/via-viia3-fachada-loja-casas-bahiha-reproducao-twitter.jpg\",\"contentUrl\":\"https:\/\/files.sunoresearch.com.br\/n\/uploads\/2022\/11\/via-viia3-fachada-loja-casas-bahiha-reproducao-twitter.jpg\",\"width\":1200,\"height\":675,\"caption\":\"Fachada de loja das Casas Bahia, empresa operada pela Via (VIIA3). Foto: Divulga\u00e7\u00e3o\/Twitter\"},{\"@type\":\"BreadcrumbList\",\"@id\":\"https:\/\/www.suno.com.br\/noticias\/radar-casas-bahia-bhia3-engie-egie3-vibra-vbbr3-eneva-enev3\/#breadcrumb\",\"itemListElement\":[{\"@type\":\"ListItem\",\"position\":1,\"name\":\"Not\u00edcias\",\"item\":\"https:\/\/www.suno.com.br\/noticias\/\"},{\"@type\":\"ListItem\",\"position\":2,\"name\":\"Neg\u00f3cios\",\"item\":\"https:\/\/www.suno.com.br\/noticias\/negocios\/\"},{\"@type\":\"ListItem\",\"position\":3,\"name\":\"Radar: Casas Bahia (BHIA3) aprova grupamento de a\u00e7\u00f5es, dividendos da Engie (EGIE3) e proposta de fus\u00e3o da Vibra (VBBR3) com Eneva (ENEV3)\"}]},{\"@type\":\"WebSite\",\"@id\":\"https:\/\/www.suno.com.br\/noticias\/#website\",\"url\":\"https:\/\/www.suno.com.br\/noticias\/\",\"name\":\"Suno Not\u00edcias\",\"description\":\"Seu portal de informa\u00e7\u00e3o sobre o mundo dos investimentos\",\"publisher\":{\"@id\":\"https:\/\/www.suno.com.br\/noticias\/#organization\"},\"potentialAction\":[{\"@type\":\"SearchAction\",\"target\":{\"@type\":\"EntryPoint\",\"urlTemplate\":\"https:\/\/www.suno.com.br\/noticias\/?s={search_term_string}\"},\"query-input\":{\"@type\":\"PropertyValueSpecification\",\"valueRequired\":true,\"valueName\":\"search_term_string\"}}],\"inLanguage\":\"pt-BR\"},{\"@type\":\"Organization\",\"@id\":\"https:\/\/www.suno.com.br\/noticias\/#organization\",\"name\":\"Suno Not\u00edcias\",\"url\":\"https:\/\/www.suno.com.br\/noticias\/\",\"logo\":{\"@type\":\"ImageObject\",\"inLanguage\":\"pt-BR\",\"@id\":\"https:\/\/www.suno.com.br\/noticias\/#\/schema\/logo\/image\/\",\"url\":\"https:\/\/files.sunoresearch.com.br\/n\/uploads\/2021\/09\/suno-logo.png\",\"contentUrl\":\"https:\/\/files.sunoresearch.com.br\/n\/uploads\/2021\/09\/suno-logo.png\",\"width\":180,\"height\":180,\"caption\":\"Suno Not\u00edcias\"},\"image\":{\"@id\":\"https:\/\/www.suno.com.br\/noticias\/#\/schema\/logo\/image\/\"},\"sameAs\":[\"https:\/\/facebook.com\/sunoresearch\",\"https:\/\/x.com\/sunoresearch\",\"https:\/\/www.instagram.com\/suno\",\"https:\/\/www.linkedin.com\/company\/suno-research\/\",\"https:\/\/www.youtube.com\/c\/sunoresearch\"]},{\"@type\":\"Person\",\"@id\":\"https:\/\/www.suno.com.br\/noticias\/#\/schema\/person\/450c455ecff319bab1f1a0e643451479\",\"name\":\"Vanessa Loiola\",\"image\":{\"@type\":\"ImageObject\",\"inLanguage\":\"pt-BR\",\"@id\":\"https:\/\/www.suno.com.br\/noticias\/#\/schema\/person\/image\/\",\"url\":\"https:\/\/secure.gravatar.com\/avatar\/8b41117f9780831919eb38da349c3f20?s=96&r=g\",\"contentUrl\":\"https:\/\/secure.gravatar.com\/avatar\/8b41117f9780831919eb38da349c3f20?s=96&r=g\",\"caption\":\"Vanessa Loiola\"},\"description\":\"Jornalista formada pela PUC-SP, com experi\u00eancia na cobertura das editorias de economia, finan\u00e7as, bolsa de valores, pol\u00edtica, energia solar e entretenimento. Com passagem pela BM&amp;C News e RedeTV!\",\"url\":\"https:\/\/www.suno.com.br\/noticias\/author\/vanessal-loiolagmail-com\/\"}]}<\/script>\n<!-- \/ Yoast SEO plugin. -->","yoast_head_json":{"title":"Radar: Casas Bahia (BHIA3) aprova grupamento de a\u00e7\u00f5es, dividendos da Engie (EGIE3) e proposta de fus\u00e3o da Vibra (VBBR3) com Eneva (ENEV3)","description":"Casas Bahia aprova grupamento de a\u00e7\u00f5es, banco prev\u00ea alta dividendos da Engie e fus\u00e3o de Vibra (VBBR3) com Eneva (ENEV3)","robots":{"index":"index","follow":"follow","max-snippet":"max-snippet:-1","max-image-preview":"max-image-preview:large","max-video-preview":"max-video-preview:-1"},"canonical":"https:\/\/www.suno.com.br\/noticias\/radar-casas-bahia-bhia3-engie-egie3-vibra-vbbr3-eneva-enev3\/","og_locale":"pt_BR","og_type":"article","og_title":"Radar: Casas Bahia (BHIA3) aprova grupamento de a\u00e7\u00f5es, dividendos da Engie (EGIE3) e proposta de fus\u00e3o da Vibra (VBBR3) com Eneva (ENEV3)","og_description":"Casas Bahia aprova grupamento de a\u00e7\u00f5es, banco prev\u00ea alta dividendos da Engie e fus\u00e3o de Vibra (VBBR3) com Eneva (ENEV3)","og_url":"https:\/\/www.suno.com.br\/noticias\/radar-casas-bahia-bhia3-engie-egie3-vibra-vbbr3-eneva-enev3\/","og_site_name":"Suno Not\u00edcias","article_publisher":"https:\/\/facebook.com\/sunoresearch","og_image":[{"width":1200,"height":675,"url":"https:\/\/files.sunoresearch.com.br\/n\/uploads\/2022\/11\/via-viia3-fachada-loja-casas-bahiha-reproducao-twitter.jpg","type":"image\/jpeg"}],"author":"Vanessa Loiola","twitter_card":"summary_large_image","twitter_creator":"@sunoresearch","twitter_site":"@sunoresearch","twitter_misc":{"Escrito por":"Vanessa Loiola","Est. tempo de leitura":"7 minutos"},"schema":{"@context":"https:\/\/schema.org","@graph":[{"@type":"NewsArticle","@id":"https:\/\/www.suno.com.br\/noticias\/radar-casas-bahia-bhia3-engie-egie3-vibra-vbbr3-eneva-enev3\/#article","isPartOf":{"@id":"https:\/\/www.suno.com.br\/noticias\/radar-casas-bahia-bhia3-engie-egie3-vibra-vbbr3-eneva-enev3\/"},"author":{"name":"Vanessa Loiola","@id":"https:\/\/www.suno.com.br\/noticias\/#\/schema\/person\/450c455ecff319bab1f1a0e643451479"},"headline":"Radar: Casas Bahia (BHIA3) aprova grupamento de a\u00e7\u00f5es, dividendos da Engie (EGIE3) e proposta de fus\u00e3o da Vibra (VBBR3) com Eneva (ENEV3)","datePublished":"2023-11-28T01:34:27+00:00","dateModified":"2023-11-28T01:37:45+00:00","mainEntityOfPage":{"@id":"https:\/\/www.suno.com.br\/noticias\/radar-casas-bahia-bhia3-engie-egie3-vibra-vbbr3-eneva-enev3\/"},"wordCount":1353,"publisher":{"@id":"https:\/\/www.suno.com.br\/noticias\/#organization"},"image":{"@id":"https:\/\/www.suno.com.br\/noticias\/radar-casas-bahia-bhia3-engie-egie3-vibra-vbbr3-eneva-enev3\/#primaryimage"},"thumbnailUrl":"https:\/\/files.sunoresearch.com.br\/n\/uploads\/2022\/11\/via-viia3-fachada-loja-casas-bahiha-reproducao-twitter.jpg","keywords":["BRF (BRFS3)","Casas Bahia (BHIA3)","Eneva (ENEV3)","Engie (EGIE3)","Vibra Energia (VBBR3)"],"articleSection":["Neg\u00f3cios"],"inLanguage":"pt-BR"},{"@type":"WebPage","@id":"https:\/\/www.suno.com.br\/noticias\/radar-casas-bahia-bhia3-engie-egie3-vibra-vbbr3-eneva-enev3\/","url":"https:\/\/www.suno.com.br\/noticias\/radar-casas-bahia-bhia3-engie-egie3-vibra-vbbr3-eneva-enev3\/","name":"Radar: Casas Bahia (BHIA3) aprova grupamento de a\u00e7\u00f5es, dividendos da Engie (EGIE3) e proposta de fus\u00e3o da Vibra (VBBR3) com Eneva (ENEV3)","isPartOf":{"@id":"https:\/\/www.suno.com.br\/noticias\/#website"},"primaryImageOfPage":{"@id":"https:\/\/www.suno.com.br\/noticias\/radar-casas-bahia-bhia3-engie-egie3-vibra-vbbr3-eneva-enev3\/#primaryimage"},"image":{"@id":"https:\/\/www.suno.com.br\/noticias\/radar-casas-bahia-bhia3-engie-egie3-vibra-vbbr3-eneva-enev3\/#primaryimage"},"thumbnailUrl":"https:\/\/files.sunoresearch.com.br\/n\/uploads\/2022\/11\/via-viia3-fachada-loja-casas-bahiha-reproducao-twitter.jpg","datePublished":"2023-11-28T01:34:27+00:00","dateModified":"2023-11-28T01:37:45+00:00","description":"Casas Bahia aprova grupamento de a\u00e7\u00f5es, banco prev\u00ea alta dividendos da Engie e fus\u00e3o de Vibra (VBBR3) com Eneva (ENEV3)","breadcrumb":{"@id":"https:\/\/www.suno.com.br\/noticias\/radar-casas-bahia-bhia3-engie-egie3-vibra-vbbr3-eneva-enev3\/#breadcrumb"},"inLanguage":"pt-BR","potentialAction":[{"@type":"ReadAction","target":["https:\/\/www.suno.com.br\/noticias\/radar-casas-bahia-bhia3-engie-egie3-vibra-vbbr3-eneva-enev3\/"]}]},{"@type":"ImageObject","inLanguage":"pt-BR","@id":"https:\/\/www.suno.com.br\/noticias\/radar-casas-bahia-bhia3-engie-egie3-vibra-vbbr3-eneva-enev3\/#primaryimage","url":"https:\/\/files.sunoresearch.com.br\/n\/uploads\/2022\/11\/via-viia3-fachada-loja-casas-bahiha-reproducao-twitter.jpg","contentUrl":"https:\/\/files.sunoresearch.com.br\/n\/uploads\/2022\/11\/via-viia3-fachada-loja-casas-bahiha-reproducao-twitter.jpg","width":1200,"height":675,"caption":"Fachada de loja das Casas Bahia, empresa operada pela Via (VIIA3). Foto: Divulga\u00e7\u00e3o\/Twitter"},{"@type":"BreadcrumbList","@id":"https:\/\/www.suno.com.br\/noticias\/radar-casas-bahia-bhia3-engie-egie3-vibra-vbbr3-eneva-enev3\/#breadcrumb","itemListElement":[{"@type":"ListItem","position":1,"name":"Not\u00edcias","item":"https:\/\/www.suno.com.br\/noticias\/"},{"@type":"ListItem","position":2,"name":"Neg\u00f3cios","item":"https:\/\/www.suno.com.br\/noticias\/negocios\/"},{"@type":"ListItem","position":3,"name":"Radar: Casas Bahia (BHIA3) aprova grupamento de a\u00e7\u00f5es, dividendos da Engie (EGIE3) e proposta de fus\u00e3o da Vibra (VBBR3) com Eneva (ENEV3)"}]},{"@type":"WebSite","@id":"https:\/\/www.suno.com.br\/noticias\/#website","url":"https:\/\/www.suno.com.br\/noticias\/","name":"Suno Not\u00edcias","description":"Seu portal de informa\u00e7\u00e3o sobre o mundo dos investimentos","publisher":{"@id":"https:\/\/www.suno.com.br\/noticias\/#organization"},"potentialAction":[{"@type":"SearchAction","target":{"@type":"EntryPoint","urlTemplate":"https:\/\/www.suno.com.br\/noticias\/?s={search_term_string}"},"query-input":{"@type":"PropertyValueSpecification","valueRequired":true,"valueName":"search_term_string"}}],"inLanguage":"pt-BR"},{"@type":"Organization","@id":"https:\/\/www.suno.com.br\/noticias\/#organization","name":"Suno Not\u00edcias","url":"https:\/\/www.suno.com.br\/noticias\/","logo":{"@type":"ImageObject","inLanguage":"pt-BR","@id":"https:\/\/www.suno.com.br\/noticias\/#\/schema\/logo\/image\/","url":"https:\/\/files.sunoresearch.com.br\/n\/uploads\/2021\/09\/suno-logo.png","contentUrl":"https:\/\/files.sunoresearch.com.br\/n\/uploads\/2021\/09\/suno-logo.png","width":180,"height":180,"caption":"Suno Not\u00edcias"},"image":{"@id":"https:\/\/www.suno.com.br\/noticias\/#\/schema\/logo\/image\/"},"sameAs":["https:\/\/facebook.com\/sunoresearch","https:\/\/x.com\/sunoresearch","https:\/\/www.instagram.com\/suno","https:\/\/www.linkedin.com\/company\/suno-research\/","https:\/\/www.youtube.com\/c\/sunoresearch"]},{"@type":"Person","@id":"https:\/\/www.suno.com.br\/noticias\/#\/schema\/person\/450c455ecff319bab1f1a0e643451479","name":"Vanessa Loiola","image":{"@type":"ImageObject","inLanguage":"pt-BR","@id":"https:\/\/www.suno.com.br\/noticias\/#\/schema\/person\/image\/","url":"https:\/\/secure.gravatar.com\/avatar\/8b41117f9780831919eb38da349c3f20?s=96&r=g","contentUrl":"https:\/\/secure.gravatar.com\/avatar\/8b41117f9780831919eb38da349c3f20?s=96&r=g","caption":"Vanessa Loiola"},"description":"Jornalista formada pela PUC-SP, com experi\u00eancia na cobertura das editorias de economia, finan\u00e7as, bolsa de valores, pol\u00edtica, energia solar e entretenimento. Com passagem pela BM&amp;C News e RedeTV!","url":"https:\/\/www.suno.com.br\/noticias\/author\/vanessal-loiolagmail-com\/"}]}},"default_loop_html":"<div class=\"cardsPage__listCard__boxs\"><div class=\"cardsPage__listCard__boxs__img\"><a href=\"https:\/\/www.suno.com.br\/noticias\/radar-casas-bahia-bhia3-engie-egie3-vibra-vbbr3-eneva-enev3\/\"><img class=\"mask\" src=\"https:\/\/www.suno.com.br\/noticias\/wp-content\/themes\/suno\/resources\/images\/spotlight\/spotlight1img\/bg-mask.png\" alt=\"Image Mask\"\/><img src=\"https:\/\/files.sunoresearch.com.br\/n\/uploads\/2022\/11\/via-viia3-fachada-loja-casas-bahiha-reproducao-twitter-400x200.jpg\" alt=\"Radar: Casas Bahia (BHIA3) aprova grupamento de a\u00e7\u00f5es, dividendos da Engie (EGIE3) e proposta de fus\u00e3o da Vibra (VBBR3) com Eneva (ENEV3)\"\/><\/a><span class=\"spotlightCategory\"><a href=\"https:\/\/www.suno.com.br\/noticias\/negocios\/\">Neg\u00f3cios<\/a><\/span><\/div><div class=\"cardsPage__listCard__boxs__content\"><a href=\"https:\/\/www.suno.com.br\/noticias\/radar-casas-bahia-bhia3-engie-egie3-vibra-vbbr3-eneva-enev3\/\"><h2 class=\"content__title\">Radar: Casas Bahia (BHIA3) aprova grupamento de a\u00e7\u00f5es, dividendos da Engie (EGIE3) e proposta de fus\u00e3o da Vibra (VBBR3) com Eneva (ENEV3)<\/h2><\/a><div class=\"newsContent__article__meta\"><div class=\"newsContent__article__meta__authorBox\"><a href=\"https:\/\/www.suno.com.br\/noticias\/author\/vanessal-loiolagmail-com\/\" class=\"authorBox__avatar noMobi\"><img src=\"https:\/\/secure.gravatar.com\/avatar\/8b41117f9780831919eb38da349c3f20?s=96&#038;r=g\" alt=\"Vanessa Loiola\"><\/a><div class=\"authorBox__name\"><span>por\n\t\t\t<a href=\"https:\/\/www.suno.com.br\/noticias\/author\/vanessal-loiolagmail-com\/\"><span itemprop=\"author\">Vanessa Loiola<\/span><\/a><\/span><time datetime=\"2023-11-27T22:34:27-03:00\" itemprop=\"datePublished\">27\/11\/2023 22:34<\/time><\/div><\/div><\/div><\/div><\/div>","single_layout":"posts","amp_enabled":true,"_links":{"self":[{"href":"https:\/\/www.suno.com.br\/noticias\/wp-json\/wp\/v2\/posts\/491378"}],"collection":[{"href":"https:\/\/www.suno.com.br\/noticias\/wp-json\/wp\/v2\/posts"}],"about":[{"href":"https:\/\/www.suno.com.br\/noticias\/wp-json\/wp\/v2\/types\/post"}],"author":[{"embeddable":true,"href":"https:\/\/www.suno.com.br\/noticias\/wp-json\/wp\/v2\/users\/227"}],"replies":[{"embeddable":true,"href":"https:\/\/www.suno.com.br\/noticias\/wp-json\/wp\/v2\/comments?post=491378"}],"version-history":[{"count":3,"href":"https:\/\/www.suno.com.br\/noticias\/wp-json\/wp\/v2\/posts\/491378\/revisions"}],"predecessor-version":[{"id":491402,"href":"https:\/\/www.suno.com.br\/noticias\/wp-json\/wp\/v2\/posts\/491378\/revisions\/491402"}],"wp:featuredmedia":[{"embeddable":true,"href":"https:\/\/www.suno.com.br\/noticias\/wp-json\/wp\/v2\/media\/326121"}],"wp:attachment":[{"href":"https:\/\/www.suno.com.br\/noticias\/wp-json\/wp\/v2\/media?parent=491378"}],"wp:term":[{"taxonomy":"category","embeddable":true,"href":"https:\/\/www.suno.com.br\/noticias\/wp-json\/wp\/v2\/categories?post=491378"},{"taxonomy":"post_tag","embeddable":true,"href":"https:\/\/www.suno.com.br\/noticias\/wp-json\/wp\/v2\/tags?post=491378"},{"taxonomy":"suno_strategy","embeddable":true,"href":"https:\/\/www.suno.com.br\/noticias\/wp-json\/wp\/v2\/suno_strategy?post=491378"}],"curies":[{"name":"wp","href":"https:\/\/api.w.org\/{rel}","templated":true}]}}