{"id":4910,"date":"2018-10-05T17:00:58","date_gmt":"2018-10-05T20:00:58","guid":{"rendered":"https:\/\/www.suno.com.br\/noticias\/?p=4910"},"modified":"2018-10-05T17:01:24","modified_gmt":"2018-10-05T20:01:24","slug":"suica-sigilo-bancario","status":"publish","type":"post","link":"https:\/\/www.suno.com.br\/noticias\/suica-sigilo-bancario\/","title":{"rendered":"Ap\u00f3s 100 anos, Sui\u00e7a n\u00e3o ter\u00e1 mais sig\u00edlo banc\u00e1rio"},"content":{"rendered":"<p>Ap\u00f3s 100 anos de duro sigilo banc\u00e1rio e se tornar um grande para\u00edso fiscal, a Su\u00ed\u00e7a informou no fim de setembro que liberou \u00e0s autoridades de diversos pa\u00edses do mundo sigilo de mais de duas milh\u00f5es de contas banc\u00e1rias.<\/p>\t<div class=\"wrapper-featured-image\">\n\t\t<figure class=\"spotlightImg\">\n\n\t\t\t<picture>\n\t\t\t\t<source media=\"(max-width: 768px)\" srcset=\"https:\/\/files.sunoresearch.com.br\/n\/uploads\/2018\/10\/1cc952d6-switzerland-flag-std_2-400x200.webp\">\n\t\t\t\t<img loading=\"lazy\" decoding=\"async\" class=\"newsContent__article__imgCapa lazyloadDisabled newsContent__article__imgCapa--noCaption\" src=\"https:\/\/files.sunoresearch.com.br\/n\/uploads\/2018\/10\/1cc952d6-switzerland-flag-std_2-800x450.webp\" width=\"800\" height=\"450\" alt=\"Ap\u00f3s 100 anos, Sui\u00e7a n\u00e3o ter\u00e1 mais sig\u00edlo banc\u00e1rio\" fetchpriority=high \/>\n\t\t\t<\/picture>\n\n\t\t\t<figcaption class=\"wp-caption-text wp-caption-text--hide\"><\/figcaption>\n\t\t<\/figure>\n\t<\/div>\n\n\n<p>Em comunicado da Administra\u00e7\u00e3o Federal das Contribui\u00e7\u00f5es (AFC), nesta sexta-feira, o pa\u00eds informou entretanto que n\u00e3o poder\u00e1 informar qual \u00e9 o valor do patrim\u00f4nio banc\u00e1rio destas contas.<\/p>\n<p>Um quarto de todo volume financeiro realizado internacionalmente \u00e9 feito atrav\u00e9s da Su\u00ed\u00e7a. Por causa dos sigilos, o pa\u00eds conseguiu por d\u00e9cadas atrair fortunas de todos os cantos do mundo, entretanto a press\u00e3o internacional, pelo fim desta regalia, pesou e Berna teve que mudar o seu sistema banc\u00e1rio.<br \/>\nAs informa\u00e7\u00f5es liberadas pelos bancos, a partir de agora, s\u00e3o o nome, endere\u00e7o, pa\u00eds de resid\u00eancia e o n\u00famero de identifica\u00e7\u00e3o.<\/p>\n<p>Por enquanto, a troca de informa\u00e7\u00f5es s\u00f3 ser\u00e1 realizada com os pa\u00edses da Uni\u00e3o Europeia e outros nove pa\u00edses do globo.<\/p>\n<p>Fran\u00e7a e Austr\u00e1lia \u2013 pa\u00edses autorizados a realizar as trocas de informa\u00e7\u00e3o \u2013 ter\u00e3o que modificar regras p\u00fablicas para o envio dos dados, al\u00e9m de existirem quest\u00f5es t\u00e9cnicas que atrasam o processo.<\/p>\n<p>Chipe e Rom\u00eania, por n\u00e3o seguirem padr\u00f5es globais banc\u00e1rios n\u00e3o poder\u00e3o participar do compartilhamento informativo.<br \/>\n:<\/p>\n","protected":false},"excerpt":{"rendered":"<p>Ap\u00f3s 100 anos de duro sigilo banc\u00e1rio e se tornar um grande para\u00edso fiscal, a Su\u00ed\u00e7a informou no fim de setembro que liberou \u00e0s autoridades de diversos pa\u00edses do mundo sigilo de mais de duas milh\u00f5es de contas banc\u00e1rias. Em comunicado da Administra\u00e7\u00e3o Federal das Contribui\u00e7\u00f5es (AFC), nesta sexta-feira, o pa\u00eds informou entretanto que n\u00e3o [&hellip;]<\/p>\n","protected":false},"author":6,"featured_media":4913,"comment_status":"closed","ping_status":"closed","sticky":false,"template":"","format":"standard","meta":[],"categories":[63],"tags":[],"suno_strategy":[],"class_list":["post-4910","post","type-post","status-publish","format-standard","has-post-thumbnail","hentry","category-internacional"],"yoast_head":"<!-- This site is optimized with the Yoast SEO plugin v24.4 - https:\/\/yoast.com\/wordpress\/plugins\/seo\/ -->\n<title>Ap\u00f3s 100 anos, Sui\u00e7a n\u00e3o ter\u00e1 mais sig\u00edlo banc\u00e1rio<\/title>\n<meta name=\"description\" content=\"Por enquanto, a troca de informa\u00e7\u00f5es s\u00f3 ser\u00e1 realizada com os pa\u00edses da Uni\u00e3o Europeia e outros nove pa\u00edses do globo.\" \/>\n<meta name=\"robots\" content=\"index, follow, max-snippet:-1, max-image-preview:large, max-video-preview:-1\" \/>\n<link rel=\"canonical\" href=\"https:\/\/www.suno.com.br\/noticias\/suica-sigilo-bancario\/\" \/>\n<meta property=\"og:locale\" content=\"pt_BR\" \/>\n<meta property=\"og:type\" content=\"article\" \/>\n<meta property=\"og:title\" content=\"Ap\u00f3s 100 anos, Sui\u00e7a n\u00e3o ter\u00e1 mais sig\u00edlo banc\u00e1rio\" \/>\n<meta property=\"og:description\" content=\"Por enquanto, a troca de informa\u00e7\u00f5es s\u00f3 ser\u00e1 realizada com os pa\u00edses da Uni\u00e3o Europeia e outros nove pa\u00edses do globo.\" \/>\n<meta property=\"og:url\" content=\"https:\/\/www.suno.com.br\/noticias\/suica-sigilo-bancario\/\" \/>\n<meta property=\"og:site_name\" content=\"Suno Not\u00edcias\" \/>\n<meta property=\"article:publisher\" content=\"https:\/\/facebook.com\/sunoresearch\" \/>\n<meta property=\"article:author\" content=\"https:\/\/www.linkedin.com\/in\/paulo-jaschke-328221168\/\" \/>\n<meta property=\"og:image\" content=\"https:\/\/files.sunoresearch.com.br\/n\/uploads\/2018\/10\/1cc952d6-switzerland-flag-std_2.jpg\" \/>\n\t<meta property=\"og:image:width\" content=\"800\" \/>\n\t<meta property=\"og:image:height\" content=\"800\" \/>\n\t<meta property=\"og:image:type\" content=\"image\/jpeg\" \/>\n<meta name=\"author\" content=\"Paulo Jaschke\" \/>\n<meta name=\"twitter:card\" content=\"summary_large_image\" \/>\n<meta name=\"twitter:creator\" content=\"@sunoresearch\" \/>\n<meta name=\"twitter:site\" content=\"@sunoresearch\" \/>\n<meta name=\"twitter:label1\" content=\"Escrito por\" \/>\n\t<meta name=\"twitter:data1\" content=\"Paulo Jaschke\" \/>\n\t<meta name=\"twitter:label2\" content=\"Est. tempo de leitura\" \/>\n\t<meta name=\"twitter:data2\" content=\"1 minuto\" \/>\n<script type=\"application\/ld+json\" class=\"yoast-schema-graph\">{\"@context\":\"https:\/\/schema.org\",\"@graph\":[{\"@type\":\"NewsArticle\",\"@id\":\"https:\/\/www.suno.com.br\/noticias\/suica-sigilo-bancario\/#article\",\"isPartOf\":{\"@id\":\"https:\/\/www.suno.com.br\/noticias\/suica-sigilo-bancario\/\"},\"author\":{\"name\":\"Paulo Jaschke\",\"@id\":\"https:\/\/www.suno.com.br\/noticias\/#\/schema\/person\/edc78e26bff487bcad4a7d5e75ca2938\"},\"headline\":\"Ap\u00f3s 100 anos, Sui\u00e7a n\u00e3o ter\u00e1 mais sig\u00edlo banc\u00e1rio\",\"datePublished\":\"2018-10-05T20:00:58+00:00\",\"dateModified\":\"2018-10-05T20:01:24+00:00\",\"mainEntityOfPage\":{\"@id\":\"https:\/\/www.suno.com.br\/noticias\/suica-sigilo-bancario\/\"},\"wordCount\":256,\"publisher\":{\"@id\":\"https:\/\/www.suno.com.br\/noticias\/#organization\"},\"image\":{\"@id\":\"https:\/\/www.suno.com.br\/noticias\/suica-sigilo-bancario\/#primaryimage\"},\"thumbnailUrl\":\"https:\/\/files.sunoresearch.com.br\/n\/uploads\/2018\/10\/1cc952d6-switzerland-flag-std_2-jpg.webp\",\"articleSection\":[\"Internacional\"],\"inLanguage\":\"pt-BR\"},{\"@type\":\"WebPage\",\"@id\":\"https:\/\/www.suno.com.br\/noticias\/suica-sigilo-bancario\/\",\"url\":\"https:\/\/www.suno.com.br\/noticias\/suica-sigilo-bancario\/\",\"name\":\"Ap\u00f3s 100 anos, Sui\u00e7a n\u00e3o ter\u00e1 mais sig\u00edlo banc\u00e1rio\",\"isPartOf\":{\"@id\":\"https:\/\/www.suno.com.br\/noticias\/#website\"},\"primaryImageOfPage\":{\"@id\":\"https:\/\/www.suno.com.br\/noticias\/suica-sigilo-bancario\/#primaryimage\"},\"image\":{\"@id\":\"https:\/\/www.suno.com.br\/noticias\/suica-sigilo-bancario\/#primaryimage\"},\"thumbnailUrl\":\"https:\/\/files.sunoresearch.com.br\/n\/uploads\/2018\/10\/1cc952d6-switzerland-flag-std_2-jpg.webp\",\"datePublished\":\"2018-10-05T20:00:58+00:00\",\"dateModified\":\"2018-10-05T20:01:24+00:00\",\"description\":\"Por enquanto, a troca de informa\u00e7\u00f5es s\u00f3 ser\u00e1 realizada com os pa\u00edses da Uni\u00e3o Europeia e outros nove pa\u00edses do globo.\",\"breadcrumb\":{\"@id\":\"https:\/\/www.suno.com.br\/noticias\/suica-sigilo-bancario\/#breadcrumb\"},\"inLanguage\":\"pt-BR\",\"potentialAction\":[{\"@type\":\"ReadAction\",\"target\":[\"https:\/\/www.suno.com.br\/noticias\/suica-sigilo-bancario\/\"]}]},{\"@type\":\"ImageObject\",\"inLanguage\":\"pt-BR\",\"@id\":\"https:\/\/www.suno.com.br\/noticias\/suica-sigilo-bancario\/#primaryimage\",\"url\":\"https:\/\/files.sunoresearch.com.br\/n\/uploads\/2018\/10\/1cc952d6-switzerland-flag-std_2-jpg.webp\",\"contentUrl\":\"https:\/\/files.sunoresearch.com.br\/n\/uploads\/2018\/10\/1cc952d6-switzerland-flag-std_2-jpg.webp\",\"width\":800,\"height\":800},{\"@type\":\"BreadcrumbList\",\"@id\":\"https:\/\/www.suno.com.br\/noticias\/suica-sigilo-bancario\/#breadcrumb\",\"itemListElement\":[{\"@type\":\"ListItem\",\"position\":1,\"name\":\"Not\u00edcias\",\"item\":\"https:\/\/www.suno.com.br\/noticias\/\"},{\"@type\":\"ListItem\",\"position\":2,\"name\":\"Internacional\",\"item\":\"https:\/\/www.suno.com.br\/noticias\/internacional\/\"},{\"@type\":\"ListItem\",\"position\":3,\"name\":\"Ap\u00f3s 100 anos, Sui\u00e7a n\u00e3o ter\u00e1 mais sig\u00edlo banc\u00e1rio\"}]},{\"@type\":\"WebSite\",\"@id\":\"https:\/\/www.suno.com.br\/noticias\/#website\",\"url\":\"https:\/\/www.suno.com.br\/noticias\/\",\"name\":\"Suno Not\u00edcias\",\"description\":\"Seu portal de informa\u00e7\u00e3o sobre o mundo dos investimentos\",\"publisher\":{\"@id\":\"https:\/\/www.suno.com.br\/noticias\/#organization\"},\"potentialAction\":[{\"@type\":\"SearchAction\",\"target\":{\"@type\":\"EntryPoint\",\"urlTemplate\":\"https:\/\/www.suno.com.br\/noticias\/?s={search_term_string}\"},\"query-input\":{\"@type\":\"PropertyValueSpecification\",\"valueRequired\":true,\"valueName\":\"search_term_string\"}}],\"inLanguage\":\"pt-BR\"},{\"@type\":\"Organization\",\"@id\":\"https:\/\/www.suno.com.br\/noticias\/#organization\",\"name\":\"Suno Not\u00edcias\",\"url\":\"https:\/\/www.suno.com.br\/noticias\/\",\"logo\":{\"@type\":\"ImageObject\",\"inLanguage\":\"pt-BR\",\"@id\":\"https:\/\/www.suno.com.br\/noticias\/#\/schema\/logo\/image\/\",\"url\":\"https:\/\/files.sunoresearch.com.br\/n\/uploads\/2021\/09\/suno-logo.png\",\"contentUrl\":\"https:\/\/files.sunoresearch.com.br\/n\/uploads\/2021\/09\/suno-logo.png\",\"width\":180,\"height\":180,\"caption\":\"Suno Not\u00edcias\"},\"image\":{\"@id\":\"https:\/\/www.suno.com.br\/noticias\/#\/schema\/logo\/image\/\"},\"sameAs\":[\"https:\/\/facebook.com\/sunoresearch\",\"https:\/\/x.com\/sunoresearch\",\"https:\/\/www.instagram.com\/suno\",\"https:\/\/www.linkedin.com\/company\/suno-research\/\",\"https:\/\/www.youtube.com\/c\/sunoresearch\"]},{\"@type\":\"Person\",\"@id\":\"https:\/\/www.suno.com.br\/noticias\/#\/schema\/person\/edc78e26bff487bcad4a7d5e75ca2938\",\"name\":\"Paulo Jaschke\",\"image\":{\"@type\":\"ImageObject\",\"inLanguage\":\"pt-BR\",\"@id\":\"https:\/\/www.suno.com.br\/noticias\/#\/schema\/person\/image\/\",\"url\":\"https:\/\/secure.gravatar.com\/avatar\/d866ede420b0a0e4741620ba27841b8f?s=96&r=g\",\"contentUrl\":\"https:\/\/secure.gravatar.com\/avatar\/d866ede420b0a0e4741620ba27841b8f?s=96&r=g\",\"caption\":\"Paulo Jaschke\"},\"description\":\"Paulo Jaschke \u00e9 estudante de jornalismo na ESPM-SP. Escreve sobre o mercado financeiro, economia e pol\u00edtica internacional para o portal da Suno Research. Tamb\u00e9m escreve sobre economia internacional na ag\u00eancia CMA e \u00e9 rep\u00f3rter esportivo pela Web r\u00e1dio EsportesNet. Em 2018, foi rep\u00f3rter esportivo pela R\u00e1dio ESPM na Copa do Mundo 2018 e escreveu para a Revista Plural ESPM.\",\"sameAs\":[\"https:\/\/www.suno.com.br\/\",\"https:\/\/www.linkedin.com\/in\/paulo-jaschke-328221168\/\"],\"url\":\"https:\/\/www.suno.com.br\/noticias\/author\/paulo-jaschke\/\"}]}<\/script>\n<!-- \/ Yoast SEO plugin. -->","yoast_head_json":{"title":"Ap\u00f3s 100 anos, Sui\u00e7a n\u00e3o ter\u00e1 mais sig\u00edlo banc\u00e1rio","description":"Por enquanto, a troca de informa\u00e7\u00f5es s\u00f3 ser\u00e1 realizada com os pa\u00edses da Uni\u00e3o Europeia e outros nove pa\u00edses do globo.","robots":{"index":"index","follow":"follow","max-snippet":"max-snippet:-1","max-image-preview":"max-image-preview:large","max-video-preview":"max-video-preview:-1"},"canonical":"https:\/\/www.suno.com.br\/noticias\/suica-sigilo-bancario\/","og_locale":"pt_BR","og_type":"article","og_title":"Ap\u00f3s 100 anos, Sui\u00e7a n\u00e3o ter\u00e1 mais sig\u00edlo banc\u00e1rio","og_description":"Por enquanto, a troca de informa\u00e7\u00f5es s\u00f3 ser\u00e1 realizada com os pa\u00edses da Uni\u00e3o Europeia e outros nove pa\u00edses do globo.","og_url":"https:\/\/www.suno.com.br\/noticias\/suica-sigilo-bancario\/","og_site_name":"Suno Not\u00edcias","article_publisher":"https:\/\/facebook.com\/sunoresearch","article_author":"https:\/\/www.linkedin.com\/in\/paulo-jaschke-328221168\/","og_image":[{"width":800,"height":800,"url":"https:\/\/files.sunoresearch.com.br\/n\/uploads\/2018\/10\/1cc952d6-switzerland-flag-std_2.jpg","type":"image\/jpeg"}],"author":"Paulo Jaschke","twitter_card":"summary_large_image","twitter_creator":"@sunoresearch","twitter_site":"@sunoresearch","twitter_misc":{"Escrito por":"Paulo Jaschke","Est. tempo de leitura":"1 minuto"},"schema":{"@context":"https:\/\/schema.org","@graph":[{"@type":"NewsArticle","@id":"https:\/\/www.suno.com.br\/noticias\/suica-sigilo-bancario\/#article","isPartOf":{"@id":"https:\/\/www.suno.com.br\/noticias\/suica-sigilo-bancario\/"},"author":{"name":"Paulo Jaschke","@id":"https:\/\/www.suno.com.br\/noticias\/#\/schema\/person\/edc78e26bff487bcad4a7d5e75ca2938"},"headline":"Ap\u00f3s 100 anos, Sui\u00e7a n\u00e3o ter\u00e1 mais sig\u00edlo banc\u00e1rio","datePublished":"2018-10-05T20:00:58+00:00","dateModified":"2018-10-05T20:01:24+00:00","mainEntityOfPage":{"@id":"https:\/\/www.suno.com.br\/noticias\/suica-sigilo-bancario\/"},"wordCount":256,"publisher":{"@id":"https:\/\/www.suno.com.br\/noticias\/#organization"},"image":{"@id":"https:\/\/www.suno.com.br\/noticias\/suica-sigilo-bancario\/#primaryimage"},"thumbnailUrl":"https:\/\/files.sunoresearch.com.br\/n\/uploads\/2018\/10\/1cc952d6-switzerland-flag-std_2-jpg.webp","articleSection":["Internacional"],"inLanguage":"pt-BR"},{"@type":"WebPage","@id":"https:\/\/www.suno.com.br\/noticias\/suica-sigilo-bancario\/","url":"https:\/\/www.suno.com.br\/noticias\/suica-sigilo-bancario\/","name":"Ap\u00f3s 100 anos, Sui\u00e7a n\u00e3o ter\u00e1 mais sig\u00edlo banc\u00e1rio","isPartOf":{"@id":"https:\/\/www.suno.com.br\/noticias\/#website"},"primaryImageOfPage":{"@id":"https:\/\/www.suno.com.br\/noticias\/suica-sigilo-bancario\/#primaryimage"},"image":{"@id":"https:\/\/www.suno.com.br\/noticias\/suica-sigilo-bancario\/#primaryimage"},"thumbnailUrl":"https:\/\/files.sunoresearch.com.br\/n\/uploads\/2018\/10\/1cc952d6-switzerland-flag-std_2-jpg.webp","datePublished":"2018-10-05T20:00:58+00:00","dateModified":"2018-10-05T20:01:24+00:00","description":"Por enquanto, a troca de informa\u00e7\u00f5es s\u00f3 ser\u00e1 realizada com os pa\u00edses da Uni\u00e3o Europeia e outros nove pa\u00edses do globo.","breadcrumb":{"@id":"https:\/\/www.suno.com.br\/noticias\/suica-sigilo-bancario\/#breadcrumb"},"inLanguage":"pt-BR","potentialAction":[{"@type":"ReadAction","target":["https:\/\/www.suno.com.br\/noticias\/suica-sigilo-bancario\/"]}]},{"@type":"ImageObject","inLanguage":"pt-BR","@id":"https:\/\/www.suno.com.br\/noticias\/suica-sigilo-bancario\/#primaryimage","url":"https:\/\/files.sunoresearch.com.br\/n\/uploads\/2018\/10\/1cc952d6-switzerland-flag-std_2-jpg.webp","contentUrl":"https:\/\/files.sunoresearch.com.br\/n\/uploads\/2018\/10\/1cc952d6-switzerland-flag-std_2-jpg.webp","width":800,"height":800},{"@type":"BreadcrumbList","@id":"https:\/\/www.suno.com.br\/noticias\/suica-sigilo-bancario\/#breadcrumb","itemListElement":[{"@type":"ListItem","position":1,"name":"Not\u00edcias","item":"https:\/\/www.suno.com.br\/noticias\/"},{"@type":"ListItem","position":2,"name":"Internacional","item":"https:\/\/www.suno.com.br\/noticias\/internacional\/"},{"@type":"ListItem","position":3,"name":"Ap\u00f3s 100 anos, Sui\u00e7a n\u00e3o ter\u00e1 mais sig\u00edlo banc\u00e1rio"}]},{"@type":"WebSite","@id":"https:\/\/www.suno.com.br\/noticias\/#website","url":"https:\/\/www.suno.com.br\/noticias\/","name":"Suno Not\u00edcias","description":"Seu portal de informa\u00e7\u00e3o sobre o mundo dos investimentos","publisher":{"@id":"https:\/\/www.suno.com.br\/noticias\/#organization"},"potentialAction":[{"@type":"SearchAction","target":{"@type":"EntryPoint","urlTemplate":"https:\/\/www.suno.com.br\/noticias\/?s={search_term_string}"},"query-input":{"@type":"PropertyValueSpecification","valueRequired":true,"valueName":"search_term_string"}}],"inLanguage":"pt-BR"},{"@type":"Organization","@id":"https:\/\/www.suno.com.br\/noticias\/#organization","name":"Suno Not\u00edcias","url":"https:\/\/www.suno.com.br\/noticias\/","logo":{"@type":"ImageObject","inLanguage":"pt-BR","@id":"https:\/\/www.suno.com.br\/noticias\/#\/schema\/logo\/image\/","url":"https:\/\/files.sunoresearch.com.br\/n\/uploads\/2021\/09\/suno-logo.png","contentUrl":"https:\/\/files.sunoresearch.com.br\/n\/uploads\/2021\/09\/suno-logo.png","width":180,"height":180,"caption":"Suno Not\u00edcias"},"image":{"@id":"https:\/\/www.suno.com.br\/noticias\/#\/schema\/logo\/image\/"},"sameAs":["https:\/\/facebook.com\/sunoresearch","https:\/\/x.com\/sunoresearch","https:\/\/www.instagram.com\/suno","https:\/\/www.linkedin.com\/company\/suno-research\/","https:\/\/www.youtube.com\/c\/sunoresearch"]},{"@type":"Person","@id":"https:\/\/www.suno.com.br\/noticias\/#\/schema\/person\/edc78e26bff487bcad4a7d5e75ca2938","name":"Paulo Jaschke","image":{"@type":"ImageObject","inLanguage":"pt-BR","@id":"https:\/\/www.suno.com.br\/noticias\/#\/schema\/person\/image\/","url":"https:\/\/secure.gravatar.com\/avatar\/d866ede420b0a0e4741620ba27841b8f?s=96&r=g","contentUrl":"https:\/\/secure.gravatar.com\/avatar\/d866ede420b0a0e4741620ba27841b8f?s=96&r=g","caption":"Paulo Jaschke"},"description":"Paulo Jaschke \u00e9 estudante de jornalismo na ESPM-SP. Escreve sobre o mercado financeiro, economia e pol\u00edtica internacional para o portal da Suno Research. Tamb\u00e9m escreve sobre economia internacional na ag\u00eancia CMA e \u00e9 rep\u00f3rter esportivo pela Web r\u00e1dio EsportesNet. Em 2018, foi rep\u00f3rter esportivo pela R\u00e1dio ESPM na Copa do Mundo 2018 e escreveu para a Revista Plural ESPM.","sameAs":["https:\/\/www.suno.com.br\/","https:\/\/www.linkedin.com\/in\/paulo-jaschke-328221168\/"],"url":"https:\/\/www.suno.com.br\/noticias\/author\/paulo-jaschke\/"}]}},"default_loop_html":"<div class=\"cardsPage__listCard__boxs\"><div class=\"cardsPage__listCard__boxs__img\"><a href=\"https:\/\/www.suno.com.br\/noticias\/suica-sigilo-bancario\/\"><img class=\"mask\" src=\"https:\/\/www.suno.com.br\/noticias\/wp-content\/themes\/suno\/resources\/images\/spotlight\/spotlight1img\/bg-mask.png\" alt=\"Image Mask\"\/><img src=\"https:\/\/files.sunoresearch.com.br\/n\/uploads\/2018\/10\/1cc952d6-switzerland-flag-std_2-400x200.webp\" alt=\"Ap\u00f3s 100 anos, Sui\u00e7a n\u00e3o ter\u00e1 mais sig\u00edlo banc\u00e1rio\"\/><\/a><span class=\"spotlightCategory\"><a href=\"https:\/\/www.suno.com.br\/noticias\/internacional\/\">Internacional<\/a><\/span><\/div><div class=\"cardsPage__listCard__boxs__content\"><a href=\"https:\/\/www.suno.com.br\/noticias\/suica-sigilo-bancario\/\"><h2 class=\"content__title\">Ap\u00f3s 100 anos, Sui\u00e7a n\u00e3o ter\u00e1 mais sig\u00edlo banc\u00e1rio<\/h2><\/a><div class=\"newsContent__article__meta\"><div class=\"newsContent__article__meta__authorBox\"><a href=\"https:\/\/www.suno.com.br\/noticias\/author\/paulo-jaschke\/\" class=\"authorBox__avatar noMobi\"><img src=\"https:\/\/secure.gravatar.com\/avatar\/d866ede420b0a0e4741620ba27841b8f?s=96&#038;r=g\" alt=\"Paulo Jaschke\"><\/a><div class=\"authorBox__name\"><span>por\n\t\t\t<a href=\"https:\/\/www.suno.com.br\/noticias\/author\/paulo-jaschke\/\"><span itemprop=\"author\">Paulo Jaschke<\/span><\/a><\/span><time datetime=\"2018-10-05T17:00:58-03:00\" itemprop=\"datePublished\">05\/10\/2018 17:00<\/time><\/div><\/div><\/div><\/div><\/div>","single_layout":"posts","amp_enabled":true,"_links":{"self":[{"href":"https:\/\/www.suno.com.br\/noticias\/wp-json\/wp\/v2\/posts\/4910"}],"collection":[{"href":"https:\/\/www.suno.com.br\/noticias\/wp-json\/wp\/v2\/posts"}],"about":[{"href":"https:\/\/www.suno.com.br\/noticias\/wp-json\/wp\/v2\/types\/post"}],"author":[{"embeddable":true,"href":"https:\/\/www.suno.com.br\/noticias\/wp-json\/wp\/v2\/users\/6"}],"replies":[{"embeddable":true,"href":"https:\/\/www.suno.com.br\/noticias\/wp-json\/wp\/v2\/comments?post=4910"}],"version-history":[{"count":0,"href":"https:\/\/www.suno.com.br\/noticias\/wp-json\/wp\/v2\/posts\/4910\/revisions"}],"wp:featuredmedia":[{"embeddable":true,"href":"https:\/\/www.suno.com.br\/noticias\/wp-json\/wp\/v2\/media\/4913"}],"wp:attachment":[{"href":"https:\/\/www.suno.com.br\/noticias\/wp-json\/wp\/v2\/media?parent=4910"}],"wp:term":[{"taxonomy":"category","embeddable":true,"href":"https:\/\/www.suno.com.br\/noticias\/wp-json\/wp\/v2\/categories?post=4910"},{"taxonomy":"post_tag","embeddable":true,"href":"https:\/\/www.suno.com.br\/noticias\/wp-json\/wp\/v2\/tags?post=4910"},{"taxonomy":"suno_strategy","embeddable":true,"href":"https:\/\/www.suno.com.br\/noticias\/wp-json\/wp\/v2\/suno_strategy?post=4910"}],"curies":[{"name":"wp","href":"https:\/\/api.w.org\/{rel}","templated":true}]}}