{"id":490913,"date":"2023-11-27T10:17:53","date_gmt":"2023-11-27T13:17:53","guid":{"rendered":"https:\/\/www.suno.com.br\/noticias\/?p=490913"},"modified":"2023-11-27T10:18:08","modified_gmt":"2023-11-27T13:18:08","slug":"dolar-hoje-opera-baixa-veja-mais","status":"publish","type":"post","link":"https:\/\/www.suno.com.br\/noticias\/dolar-hoje-opera-baixa-veja-mais\/","title":{"rendered":"D\u00f3lar opera com vi\u00e9s de baixa puxado por cen\u00e1rio externo e por rendimento dos Treasuries nesta segunda-feira (27)"},"content":{"rendered":"<p>O <strong>d\u00f3lar<\/strong> abriu a sess\u00e3o desta segunda-feira (27) com vi\u00e9s de baixa, diante da queda externa da moeda americana frente divisas principais, ao mesmo tempo que h\u00e1 sinais mistos em rela\u00e7\u00e3o a moedas emergentes e ligadas a commodities. Tamb\u00e9m s\u00e3o monitorados a queda dos rendimentos dos Treasuries curtos e relativa estabilidade nos longos. A expectativa \u00e9 que o <a class=\"suno-keyword\" target=\"_blank\" data-force=\"no\" data-priority=\"2\" href=\"https:\/\/www.suno.com.br\/artigos\/fed\/\" rel=\"noopener\">Federal Reserve (Fed)<\/a> j\u00e1 tenha conclu\u00eddo seu ciclo de alta de juros.<\/p>\t<div class=\"wrapper-featured-image\">\n\t\t<figure class=\"spotlightImg\">\n\n\t\t\t<picture>\n\t\t\t\t<source media=\"(max-width: 768px)\" srcset=\"https:\/\/files.sunoresearch.com.br\/n\/uploads\/2023\/09\/comprar-dolar-hoje-cotacao-400x200.jpg\">\n\t\t\t\t<img loading=\"lazy\" decoding=\"async\" class=\"newsContent__article__imgCapa lazyloadDisabled \" src=\"https:\/\/files.sunoresearch.com.br\/n\/uploads\/2023\/09\/comprar-dolar-hoje-cotacao-800x450.jpg\" width=\"800\" height=\"450\" alt=\"D\u00f3lar opera com vi\u00e9s de baixa puxado por cen\u00e1rio externo e por rendimento dos Treasuries nesta segunda-feira (27)\" fetchpriority=high \/>\n\t\t\t<\/picture>\n\n\t\t\t<figcaption class=\"wp-caption-text wp-caption-text--show\">Banco Central: fluxo cambial total no ano at\u00e9 22 de dezembro \u00e9 positivo em US$ 16,3 bi. Foto: Pexels<\/figcaption>\n\t\t<\/figure>\n\t<\/div>\n\n\n\n\n\n\t<p>\n\t\t<a href=\"https:\/\/lp.suno.com.br\/ebook-como-analisar-uma-acao\/\" target=\"_blank\" data-element=\"shortcode-suno-banner\" title=\"Banner SUNO, clique e saiba mais\">\n\t\t\t<picture>\n\t\t\t\t<source media=\"(max-width: 500px)\" srcset=\"https:\/\/files.sunoresearch.com.br\/n\/uploads\/2023\/03\/Ebook-Acoes-Mobile.jpg\">\n\t\t\t\t<img class=\"newsContent__article__imgCapa newsContent__article__imgCapa--banner\"\n\t\t\t\t\tsrc=\"https:\/\/files.sunoresearch.com.br\/n\/uploads\/2023\/03\/Ebook-Acoes-Desktop.jpg\"\n\t\t\t\t\tdata-promo-id=\"378302\"\t\t\t\t\t\t\t\t\t\twidth='1420' height='286'\t\t\t\t\talt=\"https:\/\/files.sunoresearch.com.br\/n\/uploads\/2023\/03\/Ebook-Acoes-Desktop.jpg\"\n\t\t\t\t>\n\t\t\t<\/picture>\n\t\t<\/a>\n\t<\/p>\n\n\n\n\n\n\n\n<p>H\u00e1 previs\u00f5es por forte agenda na semana, com dados do PIB dos EUA, infla\u00e7\u00e3o medida pelo PCE e discurso do presidente do Federal Reserve (<strong>Fed<\/strong>, o banco central americano), Jerome Powell.<\/p>\n\n\n\n<p>Entre as commodities, os <strong>contratos futuros de petr\u00f3leo<\/strong> recuam cerca de 1%, com o Brent a US$ 79,68 por barril \u00e0s 9h21. O min\u00e9rio de ferro, por sua vez, fechou em alta de 0,36% em Dalian, na China, cotado a US$ 137,12 por tonelada.<\/p>\n\n\n\t<p>\n\t\t<a href=\"https:\/\/lp.suno.com.br\/ebook-gratuito-investindo-no-exterior\/\" target=\"_blank\" data-element=\"shortcode-suno-banner\" title=\"Banner SUNO, clique e saiba mais\">\n\t\t\t<picture>\n\t\t\t\t<source media=\"(max-width: 500px)\" srcset=\"https:\/\/files.sunoresearch.com.br\/n\/uploads\/2023\/03\/400x300-Investindo-no-exterior.png\">\n\t\t\t\t<img class=\"newsContent__article__imgCapa newsContent__article__imgCapa--banner\"\n\t\t\t\t\tsrc=\"https:\/\/files.sunoresearch.com.br\/n\/uploads\/2023\/03\/1420x240-Investindo-no-exterior.png\"\n\t\t\t\t\tdata-promo-id=\"383161\"\t\t\t\t\t\t\t\t\t\twidth='1420' height='240'\t\t\t\t\talt=\"https:\/\/files.sunoresearch.com.br\/n\/uploads\/2023\/03\/1420x240-Investindo-no-exterior.png\"\n\t\t\t\t>\n\t\t\t<\/picture>\n\t\t<\/a>\n\t<\/p>\n\n\n\n\n\n<p>A agenda dom\u00e9stica deve concentrar boa parte das aten\u00e7\u00f5es na semana tamb\u00e9m, com <strong>IPCA-15<\/strong> de novembro, nesta ter\u00e7a-feira (28). Hoje, o foco fica na arrecada\u00e7\u00e3o federal de outubro (10h30) e na sess\u00e3o extraordin\u00e1ria virtual para julgar a a\u00e7\u00e3o que trata da regra de pagamento dos precat\u00f3rios (desde a 00h at\u00e9 \u00e0s 23h59). Tamb\u00e9m nesta segunda sai o relat\u00f3rio mensal da <a class=\"suno-keyword\" target=\"_blank\" data-force=\"no\" data-priority=\"1\" href=\"https:\/\/www.suno.com.br\/artigos\/divida-publica\/\" rel=\"noopener\">d\u00edvida p\u00fablica<\/a> de outubro (14h30).<\/p>\n\n\n\n<h2 class=\"wp-block-heading\">Pagamento de precat\u00f3rios e veto \u00e0 desonera\u00e7\u00e3o<\/h2>\n\n\n\n<p>O ministro da Fazenda, Fernando Haddad, tem apontado a import\u00e2ncia de o processo dos <strong>precat\u00f3rios<\/strong> ser julgado ainda neste m\u00eas pela Corte. O secret\u00e1rio do Tesouro, Rog\u00e9rio Ceron, explicou na semana passada que, caso o STF consiga finalizar a an\u00e1lise da a\u00e7\u00e3o at\u00e9 o fim de novembro, seria poss\u00edvel quitar ainda neste ano um estoque de precat\u00f3rios de cerca de R$ 95 bilh\u00f5es calculado pela pasta &#8211; no caso de a Corte seguir o entendimento atual do governo. A a\u00e7\u00e3o no Supremo questiona a constitucionalidade de uma emenda aprovada em 2021 que alterou a sistem\u00e1tica de pagamento dessas d\u00edvidas.<\/p>\n\n\n\n<p>E lideran\u00e7as partid\u00e1rias da C\u00e2mara n\u00e3o descartam incluir o veto do presidente Lula \u00e0 <strong>desonera\u00e7\u00e3o da folha de pagamento<\/strong> de 17 setores na pauta da sess\u00e3o conjunta do Congresso prevista para esta semana. O presidente da C\u00e2mara, Arthur Lira (PP-AL), e o resto da c\u00fapula da Casa t\u00eam reclamado do descumprimento de acordos por parte do governo federal. <\/p>\n\n\n\n<p>O presidente do Senado, Rodrigo Pacheco, afirma que o sentimento \u00e9 de justi\u00e7a tribut\u00e1ria quando se fala na <strong>desonera\u00e7\u00e3o da folha<\/strong> e que n\u00e3o tomou conhecimento do teor da proposta alternativa que ser\u00e1 apresentada pelo ministro da Fazenda. &#8220;Se for apresentada, sentaremos e vamos avaliar a substitui\u00e7\u00e3o. O importante \u00e9 que seja at\u00e9 31 de dezembro&#8221;, afirmou o senador. O <strong>veto \u00e0 desonera\u00e7\u00e3o da folha<\/strong> deve reduzir a competitividade e a gera\u00e7\u00e3o de empregos, afirma a Firjan.<\/p>\n\n\n\n<p>\u00c0s 9h45 desta segunda, o <strong>d\u00f3lar<\/strong> \u00e0 vista tinha vi\u00e9s de baixa de 0,02%, a R$ 4,8975. O d\u00f3lar para dezembro exibia queda de 0,02%, a R$ 4,8980.<\/p>\n\n\n\n<p><em>Com informa\u00e7\u00f5es do Estad\u00e3o Conte\u00fado<\/em><\/p>\n\n\n\t<p>\n\t\t<a href=\"https:\/\/lp.suno.com.br\/planilha-da-vida-financeira\/\" target=\"_blank\" data-element=\"shortcode-suno-banner\" title=\"Banner SUNO, clique e saiba mais\">\n\t\t\t<picture>\n\t\t\t\t<source media=\"(max-width: 500px)\" srcset=\"https:\/\/files.sunoresearch.com.br\/n\/uploads\/2023\/04\/400x300-Planilha-vida-financeira-true.png\">\n\t\t\t\t<img class=\"newsContent__article__imgCapa newsContent__article__imgCapa--banner\"\n\t\t\t\t\tsrc=\"https:\/\/files.sunoresearch.com.br\/n\/uploads\/2023\/04\/1420x240-Planilha-vida-financeira-true.png\"\n\t\t\t\t\tdata-promo-id=\"383123\"\t\t\t\t\t\t\t\t\t\twidth='1420' height='240'\t\t\t\t\talt=\"https:\/\/files.sunoresearch.com.br\/n\/uploads\/2023\/04\/1420x240-Planilha-vida-financeira-true.png\"\n\t\t\t\t>\n\t\t\t<\/picture>\n\t\t<\/a>\n\t<\/p>\n\n\n","protected":false},"excerpt":{"rendered":"<p>O d\u00f3lar abriu a sess\u00e3o desta segunda-feira (27) com vi\u00e9s de baixa, diante da queda externa da moeda americana frente divisas principais, ao mesmo tempo que h\u00e1 sinais mistos em rela\u00e7\u00e3o a moedas emergentes e ligadas a commodities. Tamb\u00e9m s\u00e3o monitorados a queda dos rendimentos dos Treasuries curtos e relativa estabilidade nos longos. A expectativa [&hellip;]<\/p>\n","protected":false},"author":43,"featured_media":455694,"comment_status":"closed","ping_status":"closed","sticky":false,"template":"","format":"standard","meta":[],"categories":[64],"tags":[326],"suno_strategy":[],"class_list":["post-490913","post","type-post","status-publish","format-standard","has-post-thumbnail","hentry","category-negocios","tag-dolar"],"yoast_head":"<!-- This site is optimized with the Yoast SEO plugin v24.4 - https:\/\/yoast.com\/wordpress\/plugins\/seo\/ -->\n<title>D\u00f3lar opera em baixa puxado cen\u00e1rio externo e Treasuries<\/title>\n<meta name=\"description\" content=\"O d\u00f3lar abriu a sess\u00e3o hoje (27) com vi\u00e9s de baixa, diante da queda externa da moeda americana e da queda dos rendimentos dos Treasuries.\" \/>\n<meta name=\"robots\" content=\"index, follow, max-snippet:-1, max-image-preview:large, max-video-preview:-1\" \/>\n<link rel=\"canonical\" href=\"https:\/\/www.suno.com.br\/noticias\/dolar-hoje-opera-baixa-veja-mais\/\" \/>\n<meta property=\"og:locale\" content=\"pt_BR\" \/>\n<meta property=\"og:type\" content=\"article\" \/>\n<meta property=\"og:title\" content=\"D\u00f3lar opera em baixa puxado cen\u00e1rio externo e Treasuries\" \/>\n<meta property=\"og:description\" content=\"O d\u00f3lar abriu a sess\u00e3o hoje (27) com vi\u00e9s de baixa, diante da queda externa da moeda americana e da queda dos rendimentos dos Treasuries.\" \/>\n<meta property=\"og:url\" content=\"https:\/\/www.suno.com.br\/noticias\/dolar-hoje-opera-baixa-veja-mais\/\" \/>\n<meta property=\"og:site_name\" content=\"Suno Not\u00edcias\" \/>\n<meta property=\"article:publisher\" content=\"https:\/\/facebook.com\/sunoresearch\" \/>\n<meta property=\"article:author\" content=\"https:\/\/www.facebook.com\/sunonoticias\/\" \/>\n<meta property=\"og:image\" content=\"https:\/\/files.sunoresearch.com.br\/n\/uploads\/2023\/09\/comprar-dolar-hoje-cotacao.jpg\" \/>\n\t<meta property=\"og:image:width\" content=\"1200\" \/>\n\t<meta property=\"og:image:height\" content=\"800\" \/>\n\t<meta property=\"og:image:type\" content=\"image\/jpeg\" \/>\n<meta name=\"author\" content=\"Reda\u00e7\u00e3o Suno Not\u00edcias\" \/>\n<meta name=\"twitter:card\" content=\"summary_large_image\" \/>\n<meta name=\"twitter:creator\" content=\"@https:\/\/twitter.com\/sunoresearch\" \/>\n<meta name=\"twitter:site\" content=\"@sunoresearch\" \/>\n<meta name=\"twitter:label1\" content=\"Escrito por\" \/>\n\t<meta name=\"twitter:data1\" content=\"Reda\u00e7\u00e3o Suno Not\u00edcias\" \/>\n\t<meta name=\"twitter:label2\" content=\"Est. tempo de leitura\" \/>\n\t<meta name=\"twitter:data2\" content=\"3 minutos\" \/>\n<script type=\"application\/ld+json\" class=\"yoast-schema-graph\">{\"@context\":\"https:\/\/schema.org\",\"@graph\":[{\"@type\":\"NewsArticle\",\"@id\":\"https:\/\/www.suno.com.br\/noticias\/dolar-hoje-opera-baixa-veja-mais\/#article\",\"isPartOf\":{\"@id\":\"https:\/\/www.suno.com.br\/noticias\/dolar-hoje-opera-baixa-veja-mais\/\"},\"author\":{\"name\":\"Reda\u00e7\u00e3o Suno Not\u00edcias\",\"@id\":\"https:\/\/www.suno.com.br\/noticias\/#\/schema\/person\/c1b1bd3727fa852bd045e9dbff3673ea\"},\"headline\":\"D\u00f3lar opera com vi\u00e9s de baixa puxado por cen\u00e1rio externo e por rendimento dos Treasuries nesta segunda-feira (27)\",\"datePublished\":\"2023-11-27T13:17:53+00:00\",\"dateModified\":\"2023-11-27T13:18:08+00:00\",\"mainEntityOfPage\":{\"@id\":\"https:\/\/www.suno.com.br\/noticias\/dolar-hoje-opera-baixa-veja-mais\/\"},\"wordCount\":553,\"publisher\":{\"@id\":\"https:\/\/www.suno.com.br\/noticias\/#organization\"},\"image\":{\"@id\":\"https:\/\/www.suno.com.br\/noticias\/dolar-hoje-opera-baixa-veja-mais\/#primaryimage\"},\"thumbnailUrl\":\"https:\/\/files.sunoresearch.com.br\/n\/uploads\/2023\/09\/comprar-dolar-hoje-cotacao.jpg\",\"keywords\":[\"d\u00f3lar\"],\"articleSection\":[\"Neg\u00f3cios\"],\"inLanguage\":\"pt-BR\"},{\"@type\":\"WebPage\",\"@id\":\"https:\/\/www.suno.com.br\/noticias\/dolar-hoje-opera-baixa-veja-mais\/\",\"url\":\"https:\/\/www.suno.com.br\/noticias\/dolar-hoje-opera-baixa-veja-mais\/\",\"name\":\"D\u00f3lar opera em baixa puxado cen\u00e1rio externo e Treasuries\",\"isPartOf\":{\"@id\":\"https:\/\/www.suno.com.br\/noticias\/#website\"},\"primaryImageOfPage\":{\"@id\":\"https:\/\/www.suno.com.br\/noticias\/dolar-hoje-opera-baixa-veja-mais\/#primaryimage\"},\"image\":{\"@id\":\"https:\/\/www.suno.com.br\/noticias\/dolar-hoje-opera-baixa-veja-mais\/#primaryimage\"},\"thumbnailUrl\":\"https:\/\/files.sunoresearch.com.br\/n\/uploads\/2023\/09\/comprar-dolar-hoje-cotacao.jpg\",\"datePublished\":\"2023-11-27T13:17:53+00:00\",\"dateModified\":\"2023-11-27T13:18:08+00:00\",\"description\":\"O d\u00f3lar abriu a sess\u00e3o hoje (27) com vi\u00e9s de baixa, diante da queda externa da moeda americana e da queda dos rendimentos dos Treasuries.\",\"breadcrumb\":{\"@id\":\"https:\/\/www.suno.com.br\/noticias\/dolar-hoje-opera-baixa-veja-mais\/#breadcrumb\"},\"inLanguage\":\"pt-BR\",\"potentialAction\":[{\"@type\":\"ReadAction\",\"target\":[\"https:\/\/www.suno.com.br\/noticias\/dolar-hoje-opera-baixa-veja-mais\/\"]}]},{\"@type\":\"ImageObject\",\"inLanguage\":\"pt-BR\",\"@id\":\"https:\/\/www.suno.com.br\/noticias\/dolar-hoje-opera-baixa-veja-mais\/#primaryimage\",\"url\":\"https:\/\/files.sunoresearch.com.br\/n\/uploads\/2023\/09\/comprar-dolar-hoje-cotacao.jpg\",\"contentUrl\":\"https:\/\/files.sunoresearch.com.br\/n\/uploads\/2023\/09\/comprar-dolar-hoje-cotacao.jpg\",\"width\":1200,\"height\":800,\"caption\":\"Banco Central: fluxo cambial total no ano at\u00e9 22 de dezembro \u00e9 positivo em US$ 16,3 bi. Foto: Pexels\"},{\"@type\":\"BreadcrumbList\",\"@id\":\"https:\/\/www.suno.com.br\/noticias\/dolar-hoje-opera-baixa-veja-mais\/#breadcrumb\",\"itemListElement\":[{\"@type\":\"ListItem\",\"position\":1,\"name\":\"Not\u00edcias\",\"item\":\"https:\/\/www.suno.com.br\/noticias\/\"},{\"@type\":\"ListItem\",\"position\":2,\"name\":\"Neg\u00f3cios\",\"item\":\"https:\/\/www.suno.com.br\/noticias\/negocios\/\"},{\"@type\":\"ListItem\",\"position\":3,\"name\":\"D\u00f3lar opera com vi\u00e9s de baixa puxado por cen\u00e1rio externo e por rendimento dos Treasuries nesta segunda-feira (27)\"}]},{\"@type\":\"WebSite\",\"@id\":\"https:\/\/www.suno.com.br\/noticias\/#website\",\"url\":\"https:\/\/www.suno.com.br\/noticias\/\",\"name\":\"Suno Not\u00edcias\",\"description\":\"Seu portal de informa\u00e7\u00e3o sobre o mundo dos investimentos\",\"publisher\":{\"@id\":\"https:\/\/www.suno.com.br\/noticias\/#organization\"},\"potentialAction\":[{\"@type\":\"SearchAction\",\"target\":{\"@type\":\"EntryPoint\",\"urlTemplate\":\"https:\/\/www.suno.com.br\/noticias\/?s={search_term_string}\"},\"query-input\":{\"@type\":\"PropertyValueSpecification\",\"valueRequired\":true,\"valueName\":\"search_term_string\"}}],\"inLanguage\":\"pt-BR\"},{\"@type\":\"Organization\",\"@id\":\"https:\/\/www.suno.com.br\/noticias\/#organization\",\"name\":\"Suno Not\u00edcias\",\"url\":\"https:\/\/www.suno.com.br\/noticias\/\",\"logo\":{\"@type\":\"ImageObject\",\"inLanguage\":\"pt-BR\",\"@id\":\"https:\/\/www.suno.com.br\/noticias\/#\/schema\/logo\/image\/\",\"url\":\"https:\/\/files.sunoresearch.com.br\/n\/uploads\/2021\/09\/suno-logo.png\",\"contentUrl\":\"https:\/\/files.sunoresearch.com.br\/n\/uploads\/2021\/09\/suno-logo.png\",\"width\":180,\"height\":180,\"caption\":\"Suno Not\u00edcias\"},\"image\":{\"@id\":\"https:\/\/www.suno.com.br\/noticias\/#\/schema\/logo\/image\/\"},\"sameAs\":[\"https:\/\/facebook.com\/sunoresearch\",\"https:\/\/x.com\/sunoresearch\",\"https:\/\/www.instagram.com\/suno\",\"https:\/\/www.linkedin.com\/company\/suno-research\/\",\"https:\/\/www.youtube.com\/c\/sunoresearch\"]},{\"@type\":\"Person\",\"@id\":\"https:\/\/www.suno.com.br\/noticias\/#\/schema\/person\/c1b1bd3727fa852bd045e9dbff3673ea\",\"name\":\"Reda\u00e7\u00e3o Suno Not\u00edcias\",\"image\":{\"@type\":\"ImageObject\",\"inLanguage\":\"pt-BR\",\"@id\":\"https:\/\/www.suno.com.br\/noticias\/#\/schema\/person\/image\/\",\"url\":\"https:\/\/secure.gravatar.com\/avatar\/b8104b9b5a71985d5238ee59fbe418af?s=96&r=g\",\"contentUrl\":\"https:\/\/secure.gravatar.com\/avatar\/b8104b9b5a71985d5238ee59fbe418af?s=96&r=g\",\"caption\":\"Reda\u00e7\u00e3o Suno Not\u00edcias\"},\"description\":\"O Suno Not\u00edcias \u00e9 um portal de informa\u00e7\u00f5es sobre Mercado Financeiro, Pol\u00edtica, Neg\u00f3cios, Economia e Finan\u00e7as Pessoais.\",\"sameAs\":[\"https:\/\/www.suno.com.br\/noticias\",\"https:\/\/www.facebook.com\/sunonoticias\/\",\"https:\/\/www.instagram.com\/sunonoticias\/\",\"https:\/\/x.com\/https:\/\/twitter.com\/sunoresearch\",\"https:\/\/www.youtube.com\/sunonoticias\"],\"url\":\"https:\/\/www.suno.com.br\/noticias\/author\/redacao-suno\/\"}]}<\/script>\n<!-- \/ Yoast SEO plugin. -->","yoast_head_json":{"title":"D\u00f3lar opera em baixa puxado cen\u00e1rio externo e Treasuries","description":"O d\u00f3lar abriu a sess\u00e3o hoje (27) com vi\u00e9s de baixa, diante da queda externa da moeda americana e da queda dos rendimentos dos Treasuries.","robots":{"index":"index","follow":"follow","max-snippet":"max-snippet:-1","max-image-preview":"max-image-preview:large","max-video-preview":"max-video-preview:-1"},"canonical":"https:\/\/www.suno.com.br\/noticias\/dolar-hoje-opera-baixa-veja-mais\/","og_locale":"pt_BR","og_type":"article","og_title":"D\u00f3lar opera em baixa puxado cen\u00e1rio externo e Treasuries","og_description":"O d\u00f3lar abriu a sess\u00e3o hoje (27) com vi\u00e9s de baixa, diante da queda externa da moeda americana e da queda dos rendimentos dos Treasuries.","og_url":"https:\/\/www.suno.com.br\/noticias\/dolar-hoje-opera-baixa-veja-mais\/","og_site_name":"Suno Not\u00edcias","article_publisher":"https:\/\/facebook.com\/sunoresearch","article_author":"https:\/\/www.facebook.com\/sunonoticias\/","og_image":[{"width":1200,"height":800,"url":"https:\/\/files.sunoresearch.com.br\/n\/uploads\/2023\/09\/comprar-dolar-hoje-cotacao.jpg","type":"image\/jpeg"}],"author":"Reda\u00e7\u00e3o Suno Not\u00edcias","twitter_card":"summary_large_image","twitter_creator":"@https:\/\/twitter.com\/sunoresearch","twitter_site":"@sunoresearch","twitter_misc":{"Escrito por":"Reda\u00e7\u00e3o Suno Not\u00edcias","Est. tempo de leitura":"3 minutos"},"schema":{"@context":"https:\/\/schema.org","@graph":[{"@type":"NewsArticle","@id":"https:\/\/www.suno.com.br\/noticias\/dolar-hoje-opera-baixa-veja-mais\/#article","isPartOf":{"@id":"https:\/\/www.suno.com.br\/noticias\/dolar-hoje-opera-baixa-veja-mais\/"},"author":{"name":"Reda\u00e7\u00e3o Suno Not\u00edcias","@id":"https:\/\/www.suno.com.br\/noticias\/#\/schema\/person\/c1b1bd3727fa852bd045e9dbff3673ea"},"headline":"D\u00f3lar opera com vi\u00e9s de baixa puxado por cen\u00e1rio externo e por rendimento dos Treasuries nesta segunda-feira (27)","datePublished":"2023-11-27T13:17:53+00:00","dateModified":"2023-11-27T13:18:08+00:00","mainEntityOfPage":{"@id":"https:\/\/www.suno.com.br\/noticias\/dolar-hoje-opera-baixa-veja-mais\/"},"wordCount":553,"publisher":{"@id":"https:\/\/www.suno.com.br\/noticias\/#organization"},"image":{"@id":"https:\/\/www.suno.com.br\/noticias\/dolar-hoje-opera-baixa-veja-mais\/#primaryimage"},"thumbnailUrl":"https:\/\/files.sunoresearch.com.br\/n\/uploads\/2023\/09\/comprar-dolar-hoje-cotacao.jpg","keywords":["d\u00f3lar"],"articleSection":["Neg\u00f3cios"],"inLanguage":"pt-BR"},{"@type":"WebPage","@id":"https:\/\/www.suno.com.br\/noticias\/dolar-hoje-opera-baixa-veja-mais\/","url":"https:\/\/www.suno.com.br\/noticias\/dolar-hoje-opera-baixa-veja-mais\/","name":"D\u00f3lar opera em baixa puxado cen\u00e1rio externo e Treasuries","isPartOf":{"@id":"https:\/\/www.suno.com.br\/noticias\/#website"},"primaryImageOfPage":{"@id":"https:\/\/www.suno.com.br\/noticias\/dolar-hoje-opera-baixa-veja-mais\/#primaryimage"},"image":{"@id":"https:\/\/www.suno.com.br\/noticias\/dolar-hoje-opera-baixa-veja-mais\/#primaryimage"},"thumbnailUrl":"https:\/\/files.sunoresearch.com.br\/n\/uploads\/2023\/09\/comprar-dolar-hoje-cotacao.jpg","datePublished":"2023-11-27T13:17:53+00:00","dateModified":"2023-11-27T13:18:08+00:00","description":"O d\u00f3lar abriu a sess\u00e3o hoje (27) com vi\u00e9s de baixa, diante da queda externa da moeda americana e da queda dos rendimentos dos Treasuries.","breadcrumb":{"@id":"https:\/\/www.suno.com.br\/noticias\/dolar-hoje-opera-baixa-veja-mais\/#breadcrumb"},"inLanguage":"pt-BR","potentialAction":[{"@type":"ReadAction","target":["https:\/\/www.suno.com.br\/noticias\/dolar-hoje-opera-baixa-veja-mais\/"]}]},{"@type":"ImageObject","inLanguage":"pt-BR","@id":"https:\/\/www.suno.com.br\/noticias\/dolar-hoje-opera-baixa-veja-mais\/#primaryimage","url":"https:\/\/files.sunoresearch.com.br\/n\/uploads\/2023\/09\/comprar-dolar-hoje-cotacao.jpg","contentUrl":"https:\/\/files.sunoresearch.com.br\/n\/uploads\/2023\/09\/comprar-dolar-hoje-cotacao.jpg","width":1200,"height":800,"caption":"Banco Central: fluxo cambial total no ano at\u00e9 22 de dezembro \u00e9 positivo em US$ 16,3 bi. Foto: Pexels"},{"@type":"BreadcrumbList","@id":"https:\/\/www.suno.com.br\/noticias\/dolar-hoje-opera-baixa-veja-mais\/#breadcrumb","itemListElement":[{"@type":"ListItem","position":1,"name":"Not\u00edcias","item":"https:\/\/www.suno.com.br\/noticias\/"},{"@type":"ListItem","position":2,"name":"Neg\u00f3cios","item":"https:\/\/www.suno.com.br\/noticias\/negocios\/"},{"@type":"ListItem","position":3,"name":"D\u00f3lar opera com vi\u00e9s de baixa puxado por cen\u00e1rio externo e por rendimento dos Treasuries nesta segunda-feira (27)"}]},{"@type":"WebSite","@id":"https:\/\/www.suno.com.br\/noticias\/#website","url":"https:\/\/www.suno.com.br\/noticias\/","name":"Suno Not\u00edcias","description":"Seu portal de informa\u00e7\u00e3o sobre o mundo dos investimentos","publisher":{"@id":"https:\/\/www.suno.com.br\/noticias\/#organization"},"potentialAction":[{"@type":"SearchAction","target":{"@type":"EntryPoint","urlTemplate":"https:\/\/www.suno.com.br\/noticias\/?s={search_term_string}"},"query-input":{"@type":"PropertyValueSpecification","valueRequired":true,"valueName":"search_term_string"}}],"inLanguage":"pt-BR"},{"@type":"Organization","@id":"https:\/\/www.suno.com.br\/noticias\/#organization","name":"Suno Not\u00edcias","url":"https:\/\/www.suno.com.br\/noticias\/","logo":{"@type":"ImageObject","inLanguage":"pt-BR","@id":"https:\/\/www.suno.com.br\/noticias\/#\/schema\/logo\/image\/","url":"https:\/\/files.sunoresearch.com.br\/n\/uploads\/2021\/09\/suno-logo.png","contentUrl":"https:\/\/files.sunoresearch.com.br\/n\/uploads\/2021\/09\/suno-logo.png","width":180,"height":180,"caption":"Suno Not\u00edcias"},"image":{"@id":"https:\/\/www.suno.com.br\/noticias\/#\/schema\/logo\/image\/"},"sameAs":["https:\/\/facebook.com\/sunoresearch","https:\/\/x.com\/sunoresearch","https:\/\/www.instagram.com\/suno","https:\/\/www.linkedin.com\/company\/suno-research\/","https:\/\/www.youtube.com\/c\/sunoresearch"]},{"@type":"Person","@id":"https:\/\/www.suno.com.br\/noticias\/#\/schema\/person\/c1b1bd3727fa852bd045e9dbff3673ea","name":"Reda\u00e7\u00e3o Suno Not\u00edcias","image":{"@type":"ImageObject","inLanguage":"pt-BR","@id":"https:\/\/www.suno.com.br\/noticias\/#\/schema\/person\/image\/","url":"https:\/\/secure.gravatar.com\/avatar\/b8104b9b5a71985d5238ee59fbe418af?s=96&r=g","contentUrl":"https:\/\/secure.gravatar.com\/avatar\/b8104b9b5a71985d5238ee59fbe418af?s=96&r=g","caption":"Reda\u00e7\u00e3o Suno Not\u00edcias"},"description":"O Suno Not\u00edcias \u00e9 um portal de informa\u00e7\u00f5es sobre Mercado Financeiro, Pol\u00edtica, Neg\u00f3cios, Economia e Finan\u00e7as Pessoais.","sameAs":["https:\/\/www.suno.com.br\/noticias","https:\/\/www.facebook.com\/sunonoticias\/","https:\/\/www.instagram.com\/sunonoticias\/","https:\/\/x.com\/https:\/\/twitter.com\/sunoresearch","https:\/\/www.youtube.com\/sunonoticias"],"url":"https:\/\/www.suno.com.br\/noticias\/author\/redacao-suno\/"}]}},"default_loop_html":"<div class=\"cardsPage__listCard__boxs\"><div class=\"cardsPage__listCard__boxs__img\"><a href=\"https:\/\/www.suno.com.br\/noticias\/dolar-hoje-opera-baixa-veja-mais\/\"><img class=\"mask\" src=\"https:\/\/www.suno.com.br\/noticias\/wp-content\/themes\/suno\/resources\/images\/spotlight\/spotlight1img\/bg-mask.png\" alt=\"Image Mask\"\/><img src=\"https:\/\/files.sunoresearch.com.br\/n\/uploads\/2023\/09\/comprar-dolar-hoje-cotacao-400x200.jpg\" alt=\"D\u00f3lar opera com vi\u00e9s de baixa puxado por cen\u00e1rio externo e por rendimento dos Treasuries nesta segunda-feira (27)\"\/><\/a><span class=\"spotlightCategory\"><a href=\"https:\/\/www.suno.com.br\/noticias\/negocios\/\">Neg\u00f3cios<\/a><\/span><\/div><div class=\"cardsPage__listCard__boxs__content\"><a href=\"https:\/\/www.suno.com.br\/noticias\/dolar-hoje-opera-baixa-veja-mais\/\"><h2 class=\"content__title\">D\u00f3lar opera com vi\u00e9s de baixa puxado por cen\u00e1rio externo e por rendimento dos Treasuries nesta segunda-feira (27)<\/h2><\/a><div class=\"newsContent__article__meta\"><div class=\"newsContent__article__meta__authorBox\"><a href=\"https:\/\/www.suno.com.br\/noticias\/author\/redacao-suno\/\" class=\"authorBox__avatar noMobi\"><img src=\"https:\/\/files.sunoresearch.com.br\/n\/uploads\/2020\/08\/0ace682d-redacao-1-150x150.webp\" alt=\"Reda\u00e7\u00e3o Suno Not\u00edcias\"><\/a><div class=\"authorBox__name\"><span>por\n\t\t\t<a href=\"https:\/\/www.suno.com.br\/noticias\/author\/redacao-suno\/\"><span itemprop=\"author\">Reda\u00e7\u00e3o Suno Not\u00edcias<\/span><\/a><\/span><time datetime=\"2023-11-27T10:17:53-03:00\" itemprop=\"datePublished\">27\/11\/2023 10:17<\/time><\/div><\/div><\/div><\/div><\/div>","single_layout":"posts","amp_enabled":true,"_links":{"self":[{"href":"https:\/\/www.suno.com.br\/noticias\/wp-json\/wp\/v2\/posts\/490913"}],"collection":[{"href":"https:\/\/www.suno.com.br\/noticias\/wp-json\/wp\/v2\/posts"}],"about":[{"href":"https:\/\/www.suno.com.br\/noticias\/wp-json\/wp\/v2\/types\/post"}],"author":[{"embeddable":true,"href":"https:\/\/www.suno.com.br\/noticias\/wp-json\/wp\/v2\/users\/43"}],"replies":[{"embeddable":true,"href":"https:\/\/www.suno.com.br\/noticias\/wp-json\/wp\/v2\/comments?post=490913"}],"version-history":[{"count":3,"href":"https:\/\/www.suno.com.br\/noticias\/wp-json\/wp\/v2\/posts\/490913\/revisions"}],"predecessor-version":[{"id":490940,"href":"https:\/\/www.suno.com.br\/noticias\/wp-json\/wp\/v2\/posts\/490913\/revisions\/490940"}],"wp:featuredmedia":[{"embeddable":true,"href":"https:\/\/www.suno.com.br\/noticias\/wp-json\/wp\/v2\/media\/455694"}],"wp:attachment":[{"href":"https:\/\/www.suno.com.br\/noticias\/wp-json\/wp\/v2\/media?parent=490913"}],"wp:term":[{"taxonomy":"category","embeddable":true,"href":"https:\/\/www.suno.com.br\/noticias\/wp-json\/wp\/v2\/categories?post=490913"},{"taxonomy":"post_tag","embeddable":true,"href":"https:\/\/www.suno.com.br\/noticias\/wp-json\/wp\/v2\/tags?post=490913"},{"taxonomy":"suno_strategy","embeddable":true,"href":"https:\/\/www.suno.com.br\/noticias\/wp-json\/wp\/v2\/suno_strategy?post=490913"}],"curies":[{"name":"wp","href":"https:\/\/api.w.org\/{rel}","templated":true}]}}