{"id":49089,"date":"2020-01-09T09:26:53","date_gmt":"2020-01-09T11:26:53","guid":{"rendered":"https:\/\/www.suno.com.br\/noticias\/?p=49089"},"modified":"2020-01-09T09:26:53","modified_gmt":"2020-01-09T11:26:53","slug":"tesla-supera-pela-1a-vez-valor-de-mercado-de-gm-e-ford-juntas","status":"publish","type":"post","link":"https:\/\/www.suno.com.br\/noticias\/tesla-supera-pela-1a-vez-valor-de-mercado-de-gm-e-ford-juntas\/","title":{"rendered":"Tesla supera pela 1\u00aa vez valor de mercado de GM e Ford juntas"},"content":{"rendered":"<p>As a\u00e7\u00f5es da Tesla (TSLA) encerraram em alta na \u00faltima quarta-feira (8) e o valor de mercado da montadora de <strong>carros el\u00e9tricos<\/strong> superou pela primeira vez o da <strong>General Motors<\/strong> (GM) e da <strong>Ford Motor<\/strong>, juntas.<\/p>\t<div class=\"wrapper-featured-image\">\n\t\t<figure class=\"spotlightImg\">\n\n\t\t\t<picture>\n\t\t\t\t<source media=\"(max-width: 768px)\" srcset=\"https:\/\/files.sunoresearch.com.br\/n\/uploads\/2018\/11\/ae110a43-tesla-400x200.webp\">\n\t\t\t\t<img loading=\"lazy\" decoding=\"async\" class=\"newsContent__article__imgCapa lazyloadDisabled newsContent__article__imgCapa--noCaption\" src=\"https:\/\/files.sunoresearch.com.br\/n\/uploads\/2018\/11\/ae110a43-tesla-jpg.webp\" width=\"800\" height=\"450\" alt=\"Tesla supera pela 1\u00aa vez valor de mercado de GM e Ford juntas\" fetchpriority=high \/>\n\t\t\t<\/picture>\n\n\t\t\t<figcaption class=\"wp-caption-text wp-caption-text--hide\">Tesla (foto: divulga\u00e7\u00e3o)<\/figcaption>\n\t\t<\/figure>\n\t<\/div>\n\n\n\n<p>Os pap\u00e9is da <strong>Tesla<\/strong>, negociados na <strong><a href=\"https:\/\/www.suno.com.br\/artigos\/nasdaq\/\">Bolsa de Valores de Nova York (Nasdaq)<\/a><\/strong>, registraram alta de 4,9% alcan\u00e7ando um valor de mercado de, aproximadamente, US$ 88 bilh\u00f5es (R$ 356,57 bilh\u00f5es). Para base de compara\u00e7\u00e3o, a <strong>GM<\/strong> \u00e9 avaliada em US$ 49 bilh\u00f5es e a <strong>Ford<\/strong> em US$ 37 bilh\u00f5es.<\/p>\n<p>No ano passado, a Ford e a GM, cada uma, venderam mais de 2 milh\u00f5es nos EUA, enquanto as entregas da Tesla foram de 367,5\u00a0 mil unidades no mundo.<\/p>\n<p>Nos \u00faltimos tr\u00eas meses as a\u00e7\u00f5es da montadora quase dobrou de valor impulsionada por um lucro inesperado no terceiro trimestre, devido ao avan\u00e7o da Tesla na China com entregas de carros acima das previs\u00f5es no quarto trimestre.<\/p>\n<h2>Tesla inicia bem 2020: a\u00e7\u00f5es em maior n\u00edvel<\/h2>\n<p>A Tesla come\u00e7ou 2020 em grande estilo. As <a href=\"https:\/\/www.youtube.com\/watch?v=ARHsj34MDKw\"><strong>a\u00e7\u00f5es<\/strong><\/a> da empresa fundada por <a href=\"https:\/\/www.suno.com.br\/tudo-sobre\/elon-musk\/\"><strong>Elon Musk<\/strong><\/a> registraram um recorde: a cota\u00e7\u00e3o atingiu US$ 433 na \u00faltima sexta-feira (3), ap\u00f3s subir 3% na sess\u00e3o.<\/p>\n\t<p>\n\t\t<a href=\"https:\/\/lp.suno.com.br\/ebook-investindo-em-fiis\/\" target=\"_blank\" data-element=\"shortcode-suno-banner\" title=\"Banner SUNO, clique e saiba mais\">\n\t\t\t<picture>\n\t\t\t\t<source media=\"(max-width: 500px)\" srcset=\"https:\/\/files.sunoresearch.com.br\/n\/uploads\/2023\/03\/Ebook-Fundos-Imobiliarios-Mobile-1.jpg\">\n\t\t\t\t<img class=\"newsContent__article__imgCapa newsContent__article__imgCapa--banner\"\n\t\t\t\t\tsrc=\"https:\/\/files.sunoresearch.com.br\/n\/uploads\/2023\/03\/Ebook-Fundos-Imobiliarios-Desktop-1.jpg\"\n\t\t\t\t\tdata-promo-id=\"313843\"\t\t\t\t\t\t\t\t\t\twidth='1420' height='286'\t\t\t\t\talt=\"https:\/\/files.sunoresearch.com.br\/n\/uploads\/2023\/03\/Ebook-Fundos-Imobiliarios-Desktop-1.jpg\"\n\t\t\t\t>\n\t\t\t<\/picture>\n\t\t<\/a>\n\t<\/p>\n\n\n<p>O valor dos papeis da <strong>Tesla<\/strong> mais do que duplicou em compara\u00e7\u00e3o aos US$ 178 em que se encontrava h\u00e1 seis meses, quando tinha atingido o ponto mais baixo de 2019. Al\u00e9m disso, a montadora anunciou que registrou um crescimento das ordens globais de 50% em 2019: um total de 367 mil unidades.<\/p>\n<p>Ap\u00f3s ter registrado um preju\u00edzo de US$ 1,1 bilh\u00e3o no primeiro semestre de 2019, montadora alcan\u00e7ou US$ 143 milh\u00f5es em lucros no terceiro trimestre do ano passado. Uma reviravolta cont\u00e1vel que gerou a expectativa de que a empresa, que tamb\u00e9m produz baterias e pain\u00e9is solares, finalmente se torne <strong>lucrativa<\/strong> em 2020.<\/p>\n<p><a href=\"\/\/www.suno.com.br\/noticias\/tesla-musk-encomendas-picape-eletrica\/\">Confira Tamb\u00e9m: Tesla: Musk afirma que montadora j\u00e1 recebeu 200 mil encomendas de Cybertruck<\/a><\/p>\n<p>Um resultado positivo que iniciou no terceiro trimestre, quando foi registrado um dividendo de US$ 1.86 por a\u00e7\u00e3o, contra as previs\u00f5es de um preju\u00edzo de US$ 0,42 por papel previsto pelos analistas. A aposta para 2019 da <strong>Tesla<\/strong> \u00e9 de cerca de US$ 6,7 bilh\u00f5es em vendas. Mas os resultados do ano passado, que ser\u00e3o divulgados ao longo do primeiro trimestre de 2020, poderiam ser muito melhores. Nada mal por um ano que come\u00e7ou com um primeiro trimestre de resultados abaixo das previs\u00f5es.<\/p>\n\n","protected":false},"excerpt":{"rendered":"<p>As a\u00e7\u00f5es da Tesla (TSLA) encerraram em alta na \u00faltima quarta-feira (8) e o valor de mercado da montadora de carros el\u00e9tricos superou pela primeira vez o da General Motors (GM) e da Ford Motor, juntas. Tesla (foto: divulga\u00e7\u00e3o) Os pap\u00e9is da Tesla, negociados na Bolsa de Valores de Nova York (Nasdaq), registraram alta de [&hellip;]<\/p>\n","protected":false},"author":15,"featured_media":7248,"comment_status":"closed","ping_status":"closed","sticky":false,"template":"","format":"standard","meta":[],"categories":[64],"tags":[870,1017,727],"suno_strategy":[],"class_list":["post-49089","post","type-post","status-publish","format-standard","has-post-thumbnail","hentry","category-negocios","tag-ford-fdmo34","tag-general-motors-gmco34","tag-tesla-tsla34"],"yoast_head":"<!-- This site is optimized with the Yoast SEO plugin v24.4 - https:\/\/yoast.com\/wordpress\/plugins\/seo\/ -->\n<title>Tesla supera pela 1\u00aa vez valor de mercado de GM e Ford juntas<\/title>\n<meta name=\"description\" content=\"O valor de mercado da Tesla superou pela primeira vez o da General Motors (GM) e da Ford Motor, juntas. Clique aqui e saiba mais\" \/>\n<meta name=\"robots\" content=\"index, follow, max-snippet:-1, max-image-preview:large, max-video-preview:-1\" \/>\n<link rel=\"canonical\" href=\"https:\/\/www.suno.com.br\/noticias\/tesla-supera-pela-1a-vez-valor-de-mercado-de-gm-e-ford-juntas\/\" \/>\n<meta property=\"og:locale\" content=\"pt_BR\" \/>\n<meta property=\"og:type\" content=\"article\" \/>\n<meta property=\"og:title\" content=\"Tesla supera pela 1\u00aa vez valor de mercado de GM e Ford juntas\" \/>\n<meta property=\"og:description\" content=\"O valor de mercado da Tesla superou pela primeira vez o da General Motors (GM) e da Ford Motor, juntas. Clique aqui e saiba mais\" \/>\n<meta property=\"og:url\" content=\"https:\/\/www.suno.com.br\/noticias\/tesla-supera-pela-1a-vez-valor-de-mercado-de-gm-e-ford-juntas\/\" \/>\n<meta property=\"og:site_name\" content=\"Suno Not\u00edcias\" \/>\n<meta property=\"article:publisher\" content=\"https:\/\/facebook.com\/sunoresearch\" \/>\n<meta property=\"og:image\" content=\"https:\/\/files.sunoresearch.com.br\/n\/uploads\/2018\/11\/ae110a43-tesla.jpg\" \/>\n\t<meta property=\"og:image:width\" content=\"668\" \/>\n\t<meta property=\"og:image:height\" content=\"409\" \/>\n\t<meta property=\"og:image:type\" content=\"image\/jpeg\" \/>\n<meta name=\"author\" content=\"Poliana Santos\" \/>\n<meta name=\"twitter:card\" content=\"summary_large_image\" \/>\n<meta name=\"twitter:creator\" content=\"@sunoresearch\" \/>\n<meta name=\"twitter:site\" content=\"@sunoresearch\" \/>\n<meta name=\"twitter:label1\" content=\"Escrito por\" \/>\n\t<meta name=\"twitter:data1\" content=\"Poliana Santos\" \/>\n\t<meta name=\"twitter:label2\" content=\"Est. tempo de leitura\" \/>\n\t<meta name=\"twitter:data2\" content=\"2 minutos\" \/>\n<script type=\"application\/ld+json\" class=\"yoast-schema-graph\">{\"@context\":\"https:\/\/schema.org\",\"@graph\":[{\"@type\":\"NewsArticle\",\"@id\":\"https:\/\/www.suno.com.br\/noticias\/tesla-supera-pela-1a-vez-valor-de-mercado-de-gm-e-ford-juntas\/#article\",\"isPartOf\":{\"@id\":\"https:\/\/www.suno.com.br\/noticias\/tesla-supera-pela-1a-vez-valor-de-mercado-de-gm-e-ford-juntas\/\"},\"author\":{\"name\":\"Poliana Santos\",\"@id\":\"https:\/\/www.suno.com.br\/noticias\/#\/schema\/person\/02ec1f752758247878a2bf4abee1aeda\"},\"headline\":\"Tesla supera pela 1\u00aa vez valor de mercado de GM e Ford juntas\",\"datePublished\":\"2020-01-09T11:26:53+00:00\",\"mainEntityOfPage\":{\"@id\":\"https:\/\/www.suno.com.br\/noticias\/tesla-supera-pela-1a-vez-valor-de-mercado-de-gm-e-ford-juntas\/\"},\"wordCount\":424,\"publisher\":{\"@id\":\"https:\/\/www.suno.com.br\/noticias\/#organization\"},\"image\":{\"@id\":\"https:\/\/www.suno.com.br\/noticias\/tesla-supera-pela-1a-vez-valor-de-mercado-de-gm-e-ford-juntas\/#primaryimage\"},\"thumbnailUrl\":\"https:\/\/files.sunoresearch.com.br\/n\/uploads\/2018\/11\/ae110a43-tesla-jpg.webp\",\"keywords\":[\"Ford (FDMO34)\",\"General Motors (GMCO34)\",\"Tesla (TSLA34)\"],\"articleSection\":[\"Neg\u00f3cios\"],\"inLanguage\":\"pt-BR\"},{\"@type\":\"WebPage\",\"@id\":\"https:\/\/www.suno.com.br\/noticias\/tesla-supera-pela-1a-vez-valor-de-mercado-de-gm-e-ford-juntas\/\",\"url\":\"https:\/\/www.suno.com.br\/noticias\/tesla-supera-pela-1a-vez-valor-de-mercado-de-gm-e-ford-juntas\/\",\"name\":\"Tesla supera pela 1\u00aa vez valor de mercado de GM e Ford juntas\",\"isPartOf\":{\"@id\":\"https:\/\/www.suno.com.br\/noticias\/#website\"},\"primaryImageOfPage\":{\"@id\":\"https:\/\/www.suno.com.br\/noticias\/tesla-supera-pela-1a-vez-valor-de-mercado-de-gm-e-ford-juntas\/#primaryimage\"},\"image\":{\"@id\":\"https:\/\/www.suno.com.br\/noticias\/tesla-supera-pela-1a-vez-valor-de-mercado-de-gm-e-ford-juntas\/#primaryimage\"},\"thumbnailUrl\":\"https:\/\/files.sunoresearch.com.br\/n\/uploads\/2018\/11\/ae110a43-tesla-jpg.webp\",\"datePublished\":\"2020-01-09T11:26:53+00:00\",\"description\":\"O valor de mercado da Tesla superou pela primeira vez o da General Motors (GM) e da Ford Motor, juntas. Clique aqui e saiba mais\",\"breadcrumb\":{\"@id\":\"https:\/\/www.suno.com.br\/noticias\/tesla-supera-pela-1a-vez-valor-de-mercado-de-gm-e-ford-juntas\/#breadcrumb\"},\"inLanguage\":\"pt-BR\",\"potentialAction\":[{\"@type\":\"ReadAction\",\"target\":[\"https:\/\/www.suno.com.br\/noticias\/tesla-supera-pela-1a-vez-valor-de-mercado-de-gm-e-ford-juntas\/\"]}]},{\"@type\":\"ImageObject\",\"inLanguage\":\"pt-BR\",\"@id\":\"https:\/\/www.suno.com.br\/noticias\/tesla-supera-pela-1a-vez-valor-de-mercado-de-gm-e-ford-juntas\/#primaryimage\",\"url\":\"https:\/\/files.sunoresearch.com.br\/n\/uploads\/2018\/11\/ae110a43-tesla-jpg.webp\",\"contentUrl\":\"https:\/\/files.sunoresearch.com.br\/n\/uploads\/2018\/11\/ae110a43-tesla-jpg.webp\",\"width\":668,\"height\":409,\"caption\":\"Tesla (foto: divulga\u00e7\u00e3o)\"},{\"@type\":\"BreadcrumbList\",\"@id\":\"https:\/\/www.suno.com.br\/noticias\/tesla-supera-pela-1a-vez-valor-de-mercado-de-gm-e-ford-juntas\/#breadcrumb\",\"itemListElement\":[{\"@type\":\"ListItem\",\"position\":1,\"name\":\"Not\u00edcias\",\"item\":\"https:\/\/www.suno.com.br\/noticias\/\"},{\"@type\":\"ListItem\",\"position\":2,\"name\":\"Neg\u00f3cios\",\"item\":\"https:\/\/www.suno.com.br\/noticias\/negocios\/\"},{\"@type\":\"ListItem\",\"position\":3,\"name\":\"Tesla supera pela 1\u00aa vez valor de mercado de GM e Ford juntas\"}]},{\"@type\":\"WebSite\",\"@id\":\"https:\/\/www.suno.com.br\/noticias\/#website\",\"url\":\"https:\/\/www.suno.com.br\/noticias\/\",\"name\":\"Suno Not\u00edcias\",\"description\":\"Seu portal de informa\u00e7\u00e3o sobre o mundo dos investimentos\",\"publisher\":{\"@id\":\"https:\/\/www.suno.com.br\/noticias\/#organization\"},\"potentialAction\":[{\"@type\":\"SearchAction\",\"target\":{\"@type\":\"EntryPoint\",\"urlTemplate\":\"https:\/\/www.suno.com.br\/noticias\/?s={search_term_string}\"},\"query-input\":{\"@type\":\"PropertyValueSpecification\",\"valueRequired\":true,\"valueName\":\"search_term_string\"}}],\"inLanguage\":\"pt-BR\"},{\"@type\":\"Organization\",\"@id\":\"https:\/\/www.suno.com.br\/noticias\/#organization\",\"name\":\"Suno Not\u00edcias\",\"url\":\"https:\/\/www.suno.com.br\/noticias\/\",\"logo\":{\"@type\":\"ImageObject\",\"inLanguage\":\"pt-BR\",\"@id\":\"https:\/\/www.suno.com.br\/noticias\/#\/schema\/logo\/image\/\",\"url\":\"https:\/\/files.sunoresearch.com.br\/n\/uploads\/2021\/09\/suno-logo.png\",\"contentUrl\":\"https:\/\/files.sunoresearch.com.br\/n\/uploads\/2021\/09\/suno-logo.png\",\"width\":180,\"height\":180,\"caption\":\"Suno Not\u00edcias\"},\"image\":{\"@id\":\"https:\/\/www.suno.com.br\/noticias\/#\/schema\/logo\/image\/\"},\"sameAs\":[\"https:\/\/facebook.com\/sunoresearch\",\"https:\/\/x.com\/sunoresearch\",\"https:\/\/www.instagram.com\/suno\",\"https:\/\/www.linkedin.com\/company\/suno-research\/\",\"https:\/\/www.youtube.com\/c\/sunoresearch\"]},{\"@type\":\"Person\",\"@id\":\"https:\/\/www.suno.com.br\/noticias\/#\/schema\/person\/02ec1f752758247878a2bf4abee1aeda\",\"name\":\"Poliana Santos\",\"image\":{\"@type\":\"ImageObject\",\"inLanguage\":\"pt-BR\",\"@id\":\"https:\/\/www.suno.com.br\/noticias\/#\/schema\/person\/image\/\",\"url\":\"https:\/\/secure.gravatar.com\/avatar\/0645bd32f23d87b2130f2b2dff1d3f8d?s=96&r=g\",\"contentUrl\":\"https:\/\/secure.gravatar.com\/avatar\/0645bd32f23d87b2130f2b2dff1d3f8d?s=96&r=g\",\"caption\":\"Poliana Santos\"},\"description\":\"Rep\u00f3rter no Suno Not\u00edcias, com cobertura em mercado financeiro, economia, finan\u00e7as pessoais, renda fixa e varejo. Jornalista formada pela Faculdade C\u00e1sper L\u00edbero e possui passagem na R\u00e1dio Gazeta AM com a produ\u00e7\u00e3o de conte\u00fado sobre economia, pol\u00edtica, sa\u00fade, moda e m\u00fasica. Possui certificado de conclus\u00e3o do curso de An\u00e1lise de Balan\u00e7os pela Funda\u00e7\u00e3o Bradesco, Agenda Brasil pela FAAP, Educa\u00e7\u00e3o Pol\u00edtica por Alexandre Garcia e do Tesouro Direto e Mercado de A\u00e7\u00f5es pela B3.\",\"url\":\"https:\/\/www.suno.com.br\/noticias\/author\/poliana-santos\/\"}]}<\/script>\n<!-- \/ Yoast SEO plugin. -->","yoast_head_json":{"title":"Tesla supera pela 1\u00aa vez valor de mercado de GM e Ford juntas","description":"O valor de mercado da Tesla superou pela primeira vez o da General Motors (GM) e da Ford Motor, juntas. Clique aqui e saiba mais","robots":{"index":"index","follow":"follow","max-snippet":"max-snippet:-1","max-image-preview":"max-image-preview:large","max-video-preview":"max-video-preview:-1"},"canonical":"https:\/\/www.suno.com.br\/noticias\/tesla-supera-pela-1a-vez-valor-de-mercado-de-gm-e-ford-juntas\/","og_locale":"pt_BR","og_type":"article","og_title":"Tesla supera pela 1\u00aa vez valor de mercado de GM e Ford juntas","og_description":"O valor de mercado da Tesla superou pela primeira vez o da General Motors (GM) e da Ford Motor, juntas. Clique aqui e saiba mais","og_url":"https:\/\/www.suno.com.br\/noticias\/tesla-supera-pela-1a-vez-valor-de-mercado-de-gm-e-ford-juntas\/","og_site_name":"Suno Not\u00edcias","article_publisher":"https:\/\/facebook.com\/sunoresearch","og_image":[{"width":668,"height":409,"url":"https:\/\/files.sunoresearch.com.br\/n\/uploads\/2018\/11\/ae110a43-tesla.jpg","type":"image\/jpeg"}],"author":"Poliana Santos","twitter_card":"summary_large_image","twitter_creator":"@sunoresearch","twitter_site":"@sunoresearch","twitter_misc":{"Escrito por":"Poliana Santos","Est. tempo de leitura":"2 minutos"},"schema":{"@context":"https:\/\/schema.org","@graph":[{"@type":"NewsArticle","@id":"https:\/\/www.suno.com.br\/noticias\/tesla-supera-pela-1a-vez-valor-de-mercado-de-gm-e-ford-juntas\/#article","isPartOf":{"@id":"https:\/\/www.suno.com.br\/noticias\/tesla-supera-pela-1a-vez-valor-de-mercado-de-gm-e-ford-juntas\/"},"author":{"name":"Poliana Santos","@id":"https:\/\/www.suno.com.br\/noticias\/#\/schema\/person\/02ec1f752758247878a2bf4abee1aeda"},"headline":"Tesla supera pela 1\u00aa vez valor de mercado de GM e Ford juntas","datePublished":"2020-01-09T11:26:53+00:00","mainEntityOfPage":{"@id":"https:\/\/www.suno.com.br\/noticias\/tesla-supera-pela-1a-vez-valor-de-mercado-de-gm-e-ford-juntas\/"},"wordCount":424,"publisher":{"@id":"https:\/\/www.suno.com.br\/noticias\/#organization"},"image":{"@id":"https:\/\/www.suno.com.br\/noticias\/tesla-supera-pela-1a-vez-valor-de-mercado-de-gm-e-ford-juntas\/#primaryimage"},"thumbnailUrl":"https:\/\/files.sunoresearch.com.br\/n\/uploads\/2018\/11\/ae110a43-tesla-jpg.webp","keywords":["Ford (FDMO34)","General Motors (GMCO34)","Tesla (TSLA34)"],"articleSection":["Neg\u00f3cios"],"inLanguage":"pt-BR"},{"@type":"WebPage","@id":"https:\/\/www.suno.com.br\/noticias\/tesla-supera-pela-1a-vez-valor-de-mercado-de-gm-e-ford-juntas\/","url":"https:\/\/www.suno.com.br\/noticias\/tesla-supera-pela-1a-vez-valor-de-mercado-de-gm-e-ford-juntas\/","name":"Tesla supera pela 1\u00aa vez valor de mercado de GM e Ford juntas","isPartOf":{"@id":"https:\/\/www.suno.com.br\/noticias\/#website"},"primaryImageOfPage":{"@id":"https:\/\/www.suno.com.br\/noticias\/tesla-supera-pela-1a-vez-valor-de-mercado-de-gm-e-ford-juntas\/#primaryimage"},"image":{"@id":"https:\/\/www.suno.com.br\/noticias\/tesla-supera-pela-1a-vez-valor-de-mercado-de-gm-e-ford-juntas\/#primaryimage"},"thumbnailUrl":"https:\/\/files.sunoresearch.com.br\/n\/uploads\/2018\/11\/ae110a43-tesla-jpg.webp","datePublished":"2020-01-09T11:26:53+00:00","description":"O valor de mercado da Tesla superou pela primeira vez o da General Motors (GM) e da Ford Motor, juntas. Clique aqui e saiba mais","breadcrumb":{"@id":"https:\/\/www.suno.com.br\/noticias\/tesla-supera-pela-1a-vez-valor-de-mercado-de-gm-e-ford-juntas\/#breadcrumb"},"inLanguage":"pt-BR","potentialAction":[{"@type":"ReadAction","target":["https:\/\/www.suno.com.br\/noticias\/tesla-supera-pela-1a-vez-valor-de-mercado-de-gm-e-ford-juntas\/"]}]},{"@type":"ImageObject","inLanguage":"pt-BR","@id":"https:\/\/www.suno.com.br\/noticias\/tesla-supera-pela-1a-vez-valor-de-mercado-de-gm-e-ford-juntas\/#primaryimage","url":"https:\/\/files.sunoresearch.com.br\/n\/uploads\/2018\/11\/ae110a43-tesla-jpg.webp","contentUrl":"https:\/\/files.sunoresearch.com.br\/n\/uploads\/2018\/11\/ae110a43-tesla-jpg.webp","width":668,"height":409,"caption":"Tesla (foto: divulga\u00e7\u00e3o)"},{"@type":"BreadcrumbList","@id":"https:\/\/www.suno.com.br\/noticias\/tesla-supera-pela-1a-vez-valor-de-mercado-de-gm-e-ford-juntas\/#breadcrumb","itemListElement":[{"@type":"ListItem","position":1,"name":"Not\u00edcias","item":"https:\/\/www.suno.com.br\/noticias\/"},{"@type":"ListItem","position":2,"name":"Neg\u00f3cios","item":"https:\/\/www.suno.com.br\/noticias\/negocios\/"},{"@type":"ListItem","position":3,"name":"Tesla supera pela 1\u00aa vez valor de mercado de GM e Ford juntas"}]},{"@type":"WebSite","@id":"https:\/\/www.suno.com.br\/noticias\/#website","url":"https:\/\/www.suno.com.br\/noticias\/","name":"Suno Not\u00edcias","description":"Seu portal de informa\u00e7\u00e3o sobre o mundo dos investimentos","publisher":{"@id":"https:\/\/www.suno.com.br\/noticias\/#organization"},"potentialAction":[{"@type":"SearchAction","target":{"@type":"EntryPoint","urlTemplate":"https:\/\/www.suno.com.br\/noticias\/?s={search_term_string}"},"query-input":{"@type":"PropertyValueSpecification","valueRequired":true,"valueName":"search_term_string"}}],"inLanguage":"pt-BR"},{"@type":"Organization","@id":"https:\/\/www.suno.com.br\/noticias\/#organization","name":"Suno Not\u00edcias","url":"https:\/\/www.suno.com.br\/noticias\/","logo":{"@type":"ImageObject","inLanguage":"pt-BR","@id":"https:\/\/www.suno.com.br\/noticias\/#\/schema\/logo\/image\/","url":"https:\/\/files.sunoresearch.com.br\/n\/uploads\/2021\/09\/suno-logo.png","contentUrl":"https:\/\/files.sunoresearch.com.br\/n\/uploads\/2021\/09\/suno-logo.png","width":180,"height":180,"caption":"Suno Not\u00edcias"},"image":{"@id":"https:\/\/www.suno.com.br\/noticias\/#\/schema\/logo\/image\/"},"sameAs":["https:\/\/facebook.com\/sunoresearch","https:\/\/x.com\/sunoresearch","https:\/\/www.instagram.com\/suno","https:\/\/www.linkedin.com\/company\/suno-research\/","https:\/\/www.youtube.com\/c\/sunoresearch"]},{"@type":"Person","@id":"https:\/\/www.suno.com.br\/noticias\/#\/schema\/person\/02ec1f752758247878a2bf4abee1aeda","name":"Poliana Santos","image":{"@type":"ImageObject","inLanguage":"pt-BR","@id":"https:\/\/www.suno.com.br\/noticias\/#\/schema\/person\/image\/","url":"https:\/\/secure.gravatar.com\/avatar\/0645bd32f23d87b2130f2b2dff1d3f8d?s=96&r=g","contentUrl":"https:\/\/secure.gravatar.com\/avatar\/0645bd32f23d87b2130f2b2dff1d3f8d?s=96&r=g","caption":"Poliana Santos"},"description":"Rep\u00f3rter no Suno Not\u00edcias, com cobertura em mercado financeiro, economia, finan\u00e7as pessoais, renda fixa e varejo. Jornalista formada pela Faculdade C\u00e1sper L\u00edbero e possui passagem na R\u00e1dio Gazeta AM com a produ\u00e7\u00e3o de conte\u00fado sobre economia, pol\u00edtica, sa\u00fade, moda e m\u00fasica. Possui certificado de conclus\u00e3o do curso de An\u00e1lise de Balan\u00e7os pela Funda\u00e7\u00e3o Bradesco, Agenda Brasil pela FAAP, Educa\u00e7\u00e3o Pol\u00edtica por Alexandre Garcia e do Tesouro Direto e Mercado de A\u00e7\u00f5es pela B3.","url":"https:\/\/www.suno.com.br\/noticias\/author\/poliana-santos\/"}]}},"default_loop_html":"<div class=\"cardsPage__listCard__boxs\"><div class=\"cardsPage__listCard__boxs__img\"><a href=\"https:\/\/www.suno.com.br\/noticias\/tesla-supera-pela-1a-vez-valor-de-mercado-de-gm-e-ford-juntas\/\"><img class=\"mask\" src=\"https:\/\/www.suno.com.br\/noticias\/wp-content\/themes\/suno\/resources\/images\/spotlight\/spotlight1img\/bg-mask.png\" alt=\"Image Mask\"\/><img src=\"https:\/\/files.sunoresearch.com.br\/n\/uploads\/2018\/11\/ae110a43-tesla-400x200.webp\" alt=\"Tesla supera pela 1\u00aa vez valor de mercado de GM e Ford juntas\"\/><\/a><span class=\"spotlightCategory\"><a href=\"https:\/\/www.suno.com.br\/noticias\/negocios\/\">Neg\u00f3cios<\/a><\/span><\/div><div class=\"cardsPage__listCard__boxs__content\"><a href=\"https:\/\/www.suno.com.br\/noticias\/tesla-supera-pela-1a-vez-valor-de-mercado-de-gm-e-ford-juntas\/\"><h2 class=\"content__title\">Tesla supera pela 1\u00aa vez valor de mercado de GM e Ford juntas<\/h2><\/a><div class=\"newsContent__article__meta\"><div class=\"newsContent__article__meta__authorBox\"><a href=\"https:\/\/www.suno.com.br\/noticias\/author\/poliana-santos\/\" class=\"authorBox__avatar noMobi\"><img src=\"https:\/\/files.sunoresearch.com.br\/n\/uploads\/2020\/08\/7ef34026-whatsapp-image-2020-08-03-at-12.37.57-150x150.webp\" alt=\"Poliana Santos\"><\/a><div class=\"authorBox__name\"><span>por\n\t\t\t<a href=\"https:\/\/www.suno.com.br\/noticias\/author\/poliana-santos\/\"><span itemprop=\"author\">Poliana Santos<\/span><\/a><\/span><time datetime=\"2020-01-09T09:26:53-03:00\" itemprop=\"datePublished\">09\/01\/2020 09:26<\/time><\/div><\/div><\/div><\/div><\/div>","single_layout":"posts","amp_enabled":true,"_links":{"self":[{"href":"https:\/\/www.suno.com.br\/noticias\/wp-json\/wp\/v2\/posts\/49089"}],"collection":[{"href":"https:\/\/www.suno.com.br\/noticias\/wp-json\/wp\/v2\/posts"}],"about":[{"href":"https:\/\/www.suno.com.br\/noticias\/wp-json\/wp\/v2\/types\/post"}],"author":[{"embeddable":true,"href":"https:\/\/www.suno.com.br\/noticias\/wp-json\/wp\/v2\/users\/15"}],"replies":[{"embeddable":true,"href":"https:\/\/www.suno.com.br\/noticias\/wp-json\/wp\/v2\/comments?post=49089"}],"version-history":[{"count":0,"href":"https:\/\/www.suno.com.br\/noticias\/wp-json\/wp\/v2\/posts\/49089\/revisions"}],"wp:featuredmedia":[{"embeddable":true,"href":"https:\/\/www.suno.com.br\/noticias\/wp-json\/wp\/v2\/media\/7248"}],"wp:attachment":[{"href":"https:\/\/www.suno.com.br\/noticias\/wp-json\/wp\/v2\/media?parent=49089"}],"wp:term":[{"taxonomy":"category","embeddable":true,"href":"https:\/\/www.suno.com.br\/noticias\/wp-json\/wp\/v2\/categories?post=49089"},{"taxonomy":"post_tag","embeddable":true,"href":"https:\/\/www.suno.com.br\/noticias\/wp-json\/wp\/v2\/tags?post=49089"},{"taxonomy":"suno_strategy","embeddable":true,"href":"https:\/\/www.suno.com.br\/noticias\/wp-json\/wp\/v2\/suno_strategy?post=49089"}],"curies":[{"name":"wp","href":"https:\/\/api.w.org\/{rel}","templated":true}]}}