{"id":49084,"date":"2020-01-08T22:07:56","date_gmt":"2020-01-09T00:07:56","guid":{"rendered":"https:\/\/www.suno.com.br\/noticias\/?p=49084"},"modified":"2020-01-08T22:07:56","modified_gmt":"2020-01-09T00:07:56","slug":"bolsonaro-viagem-davos-guedes-comparecer","status":"publish","type":"post","link":"https:\/\/www.suno.com.br\/noticias\/bolsonaro-viagem-davos-guedes-comparecer\/","title":{"rendered":"Bolsonaro cancela viagem a Davos; Guedes deve comparecer"},"content":{"rendered":"<p>O presidente Jair Bolsonaro cancelou, nesta quarta-feira (8), a sua ida ao <strong>F\u00f3rum<\/strong> <strong>Econ\u00f4mico<\/strong> <strong>Mundial<\/strong>, em <strong>Davos<\/strong>, na Su\u00ed\u00e7a. De acordo com o porta-voz da Presid\u00eancia, <strong>Ot\u00e1vio<\/strong> <strong>Rego<\/strong> <strong>Barros<\/strong>, a decis\u00e3o envolveu um somat\u00f3rio de fatores de seguran\u00e7a, econ\u00f4micos e pol\u00edticos.<\/p>\t<div class=\"wrapper-featured-image\">\n\t\t<figure class=\"spotlightImg\">\n\n\t\t\t<picture>\n\t\t\t\t<source media=\"(max-width: 768px)\" srcset=\"https:\/\/files.sunoresearch.com.br\/n\/uploads\/2019\/08\/9ec7e3b1-bolsoguedes-400x200.webp\">\n\t\t\t\t<img loading=\"lazy\" decoding=\"async\" class=\"newsContent__article__imgCapa lazyloadDisabled newsContent__article__imgCapa--noCaption\" src=\"https:\/\/files.sunoresearch.com.br\/n\/uploads\/2019\/08\/9ec7e3b1-bolsoguedes-jpeg.webp\" width=\"800\" height=\"450\" alt=\"Bolsonaro cancela viagem a Davos; Guedes deve comparecer\" fetchpriority=high \/>\n\t\t\t<\/picture>\n\n\t\t\t<figcaption class=\"wp-caption-text wp-caption-text--hide\">Bolsonaro cancela viagem a Davos; Guedes deve comparecer<\/figcaption>\n\t\t<\/figure>\n\t<\/div>\n\n\n\n<p>O porta-voz negou que a decis\u00e3o seja apenas por aspectos de seguran\u00e7a de <strong>Bolsonaro<\/strong>, por conta da tens\u00e3o internacional ap\u00f3s os recentres conflitos entre <strong>Estados<\/strong> <strong>Unidos<\/strong> e <strong>Ir\u00e3<\/strong>. \u201cN\u00e3o h\u00e1 qualquer liga\u00e7\u00e3o com o fato que ocorreu no Oriente M\u00e9dio\u201d, afirmou Rego Barros.<\/p>\n<p>\u00c9 esperado que o ministro da Economia, <strong>Paulo<\/strong> <strong>Guedes<\/strong>, compare\u00e7a ao evento mesmo sem o presidente.<\/p>\n<p>O porta-voz afirmou que o presidente ir\u00e1 viajar \u00e0 \u00cdndia neste m\u00eas e ser\u00e1 recebido como convidado de honra para as celebra\u00e7\u00f5es do Dia da Rep\u00fablica da \u00cdndia, no dia 26 de janeiro.<\/p>\n<p>De acordo com Rego Barros, <strong>Bolsonaro<\/strong> passou por exames de check-up na manh\u00e3 desta quarta e os resultados foram considerados normais. Al\u00e9m disso, o presidente foi submetido a exames de dermatologia, cardiologia e de gastroenterologia. N\u00e3o h\u00e1 previs\u00e3o de que Bolsonaro seja submetido a qualquer cirurgia, concluiu.<\/p>\n<h2>Bolsonaro sanciona lei que transfere Coaf para o BC<\/h2>\n<p>O presidente Jair Bolsonaro sancionou, na \u00faltima ter\u00e7a-feira (7), a lei que transfere o<strong><a href=\"https:\/\/www.suno.com.br\/artigos\/o-que-e-coaf\/\"> Conselho de Controle de Atividades Financeiras (Coaf)<\/a><\/strong> do Minist\u00e9rio da Economia ao Banco Central. O \u00f3rg\u00e3o ter\u00e1, agora, uma nova estrutura.<\/p>\n<p><a href=\"https:\/\/www.suno.com.br\/noticias\/bolsonaro-lei-coaf-banco-central\/\">Saiba mais: Bolsonaro sanciona lei que transfere Coaf para o Banco Central<\/a><\/p>\n<p>O Di\u00e1rio Oficial da Uni\u00e3o publicar\u00e1 o texto sobre a mudan\u00e7a do <strong>Coaf<\/strong> nesta quarta-feira (8). Vale lembrar que ele j\u00e1 havia sido aprovado no Senado no dia 17 de dezembro.<\/p>\n<p>Era previsto pela MP original uma altera\u00e7\u00e3o do nome do \u00f3rg\u00e3o para Unidade de Intelig\u00eancia Financeira (UIF). Entretanto, ap\u00f3s o parecer do relator Reinhold Stephanes J\u00fanior (PSD-PR), o nome atual foi mantido.<\/p>\n<h2>Transfer\u00eancia do Coaf visa acabar com &#8220;jogo pol\u00edtico&#8221;<\/h2>\n<p>Em agosto do ano passado, o presidente brasileiro afirmou que o <strong>Coaf<\/strong> poderia ser transferido para o <strong>Banco Central<\/strong>.\u00a0&#8220;O que n\u00f3s pretendemos \u00e9 tirar o Coaf do jogo pol\u00edtico&#8221;, disse <strong>Bolsonaro <\/strong>na \u00e9poca. &#8220;Vincular ao Banco Central, a\u00ed acaba (o jogo pol\u00edtico)&#8221;, assegurou o presidente.<\/p>\n<p>A declara\u00e7\u00e3o foi feita ao lado do ministro da Justi\u00e7a, <strong>Sergio<\/strong> <strong>Moro<\/strong>. Na agenda oficial do l\u00edder do executivo, o encontro com o ministro n\u00e3o estava marcado.<\/p>\n\t<p>\n\t\t<a href=\"https:\/\/lp.suno.com.br\/lm\/simulador-de-renda-passiva\/\" target=\"_blank\" data-element=\"shortcode-suno-banner\" title=\"Banner SUNO, clique e saiba mais\">\n\t\t\t<picture>\n\t\t\t\t<source media=\"(max-width: 500px)\" srcset=\"https:\/\/files.sunoresearch.com.br\/n\/uploads\/2024\/04\/Lead-Magnet-400x300-1.png\">\n\t\t\t\t<img class=\"newsContent__article__imgCapa newsContent__article__imgCapa--banner\"\n\t\t\t\t\tsrc=\"https:\/\/files.sunoresearch.com.br\/n\/uploads\/2024\/04\/Lead-Magnet-1420x240-1.png\"\n\t\t\t\t\tdata-promo-id=\"543552\"\t\t\t\t\t\t\t\t\t\twidth='1420' height='240'\t\t\t\t\talt=\"https:\/\/files.sunoresearch.com.br\/n\/uploads\/2024\/04\/Lead-Magnet-1420x240-1.png\"\n\t\t\t\t>\n\t\t\t<\/picture>\n\t\t<\/a>\n\t<\/p>\n\n\n<p>&#8220;Tudo o que tem pol\u00edtica, mesmo sendo bem intencionado, sempre sofre press\u00f5es. A gente quer evitar isso a\u00ed&#8221;, acrescentou o mandat\u00e1rio. &#8220;O <strong>Coaf<\/strong>, porventura caso v\u00e1 para o <strong>Banco<\/strong> <strong>Central<\/strong>, vai fazer o seu trabalho sem qualquer suspei\u00e7\u00e3o de favorecimento pol\u00edtico&#8221;, destacou <strong>Bolsonaro<\/strong>.<\/p>\n\n","protected":false},"excerpt":{"rendered":"<p>O presidente Jair Bolsonaro cancelou, nesta quarta-feira (8), a sua ida ao F\u00f3rum Econ\u00f4mico Mundial, em Davos, na Su\u00ed\u00e7a. De acordo com o porta-voz da Presid\u00eancia, Ot\u00e1vio Rego Barros, a decis\u00e3o envolveu um somat\u00f3rio de fatores de seguran\u00e7a, econ\u00f4micos e pol\u00edticos. Bolsonaro cancela viagem a Davos; Guedes deve comparecer O porta-voz negou que a decis\u00e3o [&hellip;]<\/p>\n","protected":false},"author":23,"featured_media":34842,"comment_status":"closed","ping_status":"closed","sticky":false,"template":"","format":"standard","meta":[],"categories":[62],"tags":[972,719,796],"suno_strategy":[],"class_list":["post-49084","post","type-post","status-publish","format-standard","has-post-thumbnail","hentry","category-economia","tag-davos","tag-jair-bolsonaro","tag-paulo-guedes"],"yoast_head":"<!-- This site is optimized with the Yoast SEO plugin v24.4 - https:\/\/yoast.com\/wordpress\/plugins\/seo\/ -->\n<title>Bolsonaro cancela viagem a Davos; Guedes deve comparecer<\/title>\n<meta name=\"description\" content=\"O presidente Jair Bolsonaro cancelou, nesta quarta-feira (8), a sua ida ao F\u00f3rum Econ\u00f4mico Mundial, em Davos, na Su\u00ed\u00e7a. Clique para mais.\" \/>\n<meta name=\"robots\" content=\"index, follow, max-snippet:-1, max-image-preview:large, max-video-preview:-1\" \/>\n<link rel=\"canonical\" href=\"https:\/\/www.suno.com.br\/noticias\/bolsonaro-viagem-davos-guedes-comparecer\/\" \/>\n<meta property=\"og:locale\" content=\"pt_BR\" \/>\n<meta property=\"og:type\" content=\"article\" \/>\n<meta property=\"og:title\" content=\"Bolsonaro cancela viagem a Davos; Guedes deve comparecer\" \/>\n<meta property=\"og:description\" content=\"O presidente Jair Bolsonaro cancelou, nesta quarta-feira (8), a sua ida ao F\u00f3rum Econ\u00f4mico Mundial, em Davos, na Su\u00ed\u00e7a. Clique para mais.\" \/>\n<meta property=\"og:url\" content=\"https:\/\/www.suno.com.br\/noticias\/bolsonaro-viagem-davos-guedes-comparecer\/\" \/>\n<meta property=\"og:site_name\" content=\"Suno Not\u00edcias\" \/>\n<meta property=\"article:publisher\" content=\"https:\/\/facebook.com\/sunoresearch\" \/>\n<meta property=\"og:image\" content=\"https:\/\/files.sunoresearch.com.br\/n\/uploads\/2019\/08\/9ec7e3b1-bolsoguedes.jpeg\" \/>\n\t<meta property=\"og:image:width\" content=\"630\" \/>\n\t<meta property=\"og:image:height\" content=\"420\" \/>\n\t<meta property=\"og:image:type\" content=\"image\/jpeg\" \/>\n<meta name=\"author\" content=\"Rafael Lara\" \/>\n<meta name=\"twitter:card\" content=\"summary_large_image\" \/>\n<meta name=\"twitter:creator\" content=\"@sunoresearch\" \/>\n<meta name=\"twitter:site\" content=\"@sunoresearch\" \/>\n<meta name=\"twitter:label1\" content=\"Escrito por\" \/>\n\t<meta name=\"twitter:data1\" content=\"Rafael Lara\" \/>\n\t<meta name=\"twitter:label2\" content=\"Est. tempo de leitura\" \/>\n\t<meta name=\"twitter:data2\" content=\"2 minutos\" \/>\n<script type=\"application\/ld+json\" class=\"yoast-schema-graph\">{\"@context\":\"https:\/\/schema.org\",\"@graph\":[{\"@type\":\"NewsArticle\",\"@id\":\"https:\/\/www.suno.com.br\/noticias\/bolsonaro-viagem-davos-guedes-comparecer\/#article\",\"isPartOf\":{\"@id\":\"https:\/\/www.suno.com.br\/noticias\/bolsonaro-viagem-davos-guedes-comparecer\/\"},\"author\":{\"name\":\"Rafael Lara\",\"@id\":\"https:\/\/www.suno.com.br\/noticias\/#\/schema\/person\/098743caeed97b37f51315c9576c4078\"},\"headline\":\"Bolsonaro cancela viagem a Davos; Guedes deve comparecer\",\"datePublished\":\"2020-01-09T00:07:56+00:00\",\"mainEntityOfPage\":{\"@id\":\"https:\/\/www.suno.com.br\/noticias\/bolsonaro-viagem-davos-guedes-comparecer\/\"},\"wordCount\":483,\"publisher\":{\"@id\":\"https:\/\/www.suno.com.br\/noticias\/#organization\"},\"image\":{\"@id\":\"https:\/\/www.suno.com.br\/noticias\/bolsonaro-viagem-davos-guedes-comparecer\/#primaryimage\"},\"thumbnailUrl\":\"https:\/\/files.sunoresearch.com.br\/n\/uploads\/2019\/08\/9ec7e3b1-bolsoguedes-jpeg.webp\",\"keywords\":[\"Davos\",\"Jair Bolsonaro\",\"Paulo Guedes\"],\"articleSection\":[\"Economia\"],\"inLanguage\":\"pt-BR\"},{\"@type\":\"WebPage\",\"@id\":\"https:\/\/www.suno.com.br\/noticias\/bolsonaro-viagem-davos-guedes-comparecer\/\",\"url\":\"https:\/\/www.suno.com.br\/noticias\/bolsonaro-viagem-davos-guedes-comparecer\/\",\"name\":\"Bolsonaro cancela viagem a Davos; Guedes deve comparecer\",\"isPartOf\":{\"@id\":\"https:\/\/www.suno.com.br\/noticias\/#website\"},\"primaryImageOfPage\":{\"@id\":\"https:\/\/www.suno.com.br\/noticias\/bolsonaro-viagem-davos-guedes-comparecer\/#primaryimage\"},\"image\":{\"@id\":\"https:\/\/www.suno.com.br\/noticias\/bolsonaro-viagem-davos-guedes-comparecer\/#primaryimage\"},\"thumbnailUrl\":\"https:\/\/files.sunoresearch.com.br\/n\/uploads\/2019\/08\/9ec7e3b1-bolsoguedes-jpeg.webp\",\"datePublished\":\"2020-01-09T00:07:56+00:00\",\"description\":\"O presidente Jair Bolsonaro cancelou, nesta quarta-feira (8), a sua ida ao F\u00f3rum Econ\u00f4mico Mundial, em Davos, na Su\u00ed\u00e7a. Clique para mais.\",\"breadcrumb\":{\"@id\":\"https:\/\/www.suno.com.br\/noticias\/bolsonaro-viagem-davos-guedes-comparecer\/#breadcrumb\"},\"inLanguage\":\"pt-BR\",\"potentialAction\":[{\"@type\":\"ReadAction\",\"target\":[\"https:\/\/www.suno.com.br\/noticias\/bolsonaro-viagem-davos-guedes-comparecer\/\"]}]},{\"@type\":\"ImageObject\",\"inLanguage\":\"pt-BR\",\"@id\":\"https:\/\/www.suno.com.br\/noticias\/bolsonaro-viagem-davos-guedes-comparecer\/#primaryimage\",\"url\":\"https:\/\/files.sunoresearch.com.br\/n\/uploads\/2019\/08\/9ec7e3b1-bolsoguedes-jpeg.webp\",\"contentUrl\":\"https:\/\/files.sunoresearch.com.br\/n\/uploads\/2019\/08\/9ec7e3b1-bolsoguedes-jpeg.webp\",\"width\":630,\"height\":420,\"caption\":\"Bolsonaro cancela viagem a Davos; Guedes deve comparecer\"},{\"@type\":\"BreadcrumbList\",\"@id\":\"https:\/\/www.suno.com.br\/noticias\/bolsonaro-viagem-davos-guedes-comparecer\/#breadcrumb\",\"itemListElement\":[{\"@type\":\"ListItem\",\"position\":1,\"name\":\"Not\u00edcias\",\"item\":\"https:\/\/www.suno.com.br\/noticias\/\"},{\"@type\":\"ListItem\",\"position\":2,\"name\":\"Economia\",\"item\":\"https:\/\/www.suno.com.br\/noticias\/economia\/\"},{\"@type\":\"ListItem\",\"position\":3,\"name\":\"Bolsonaro cancela viagem a Davos; Guedes deve comparecer\"}]},{\"@type\":\"WebSite\",\"@id\":\"https:\/\/www.suno.com.br\/noticias\/#website\",\"url\":\"https:\/\/www.suno.com.br\/noticias\/\",\"name\":\"Suno Not\u00edcias\",\"description\":\"Seu portal de informa\u00e7\u00e3o sobre o mundo dos investimentos\",\"publisher\":{\"@id\":\"https:\/\/www.suno.com.br\/noticias\/#organization\"},\"potentialAction\":[{\"@type\":\"SearchAction\",\"target\":{\"@type\":\"EntryPoint\",\"urlTemplate\":\"https:\/\/www.suno.com.br\/noticias\/?s={search_term_string}\"},\"query-input\":{\"@type\":\"PropertyValueSpecification\",\"valueRequired\":true,\"valueName\":\"search_term_string\"}}],\"inLanguage\":\"pt-BR\"},{\"@type\":\"Organization\",\"@id\":\"https:\/\/www.suno.com.br\/noticias\/#organization\",\"name\":\"Suno Not\u00edcias\",\"url\":\"https:\/\/www.suno.com.br\/noticias\/\",\"logo\":{\"@type\":\"ImageObject\",\"inLanguage\":\"pt-BR\",\"@id\":\"https:\/\/www.suno.com.br\/noticias\/#\/schema\/logo\/image\/\",\"url\":\"https:\/\/files.sunoresearch.com.br\/n\/uploads\/2021\/09\/suno-logo.png\",\"contentUrl\":\"https:\/\/files.sunoresearch.com.br\/n\/uploads\/2021\/09\/suno-logo.png\",\"width\":180,\"height\":180,\"caption\":\"Suno Not\u00edcias\"},\"image\":{\"@id\":\"https:\/\/www.suno.com.br\/noticias\/#\/schema\/logo\/image\/\"},\"sameAs\":[\"https:\/\/facebook.com\/sunoresearch\",\"https:\/\/x.com\/sunoresearch\",\"https:\/\/www.instagram.com\/suno\",\"https:\/\/www.linkedin.com\/company\/suno-research\/\",\"https:\/\/www.youtube.com\/c\/sunoresearch\"]},{\"@type\":\"Person\",\"@id\":\"https:\/\/www.suno.com.br\/noticias\/#\/schema\/person\/098743caeed97b37f51315c9576c4078\",\"name\":\"Rafael Lara\",\"image\":{\"@type\":\"ImageObject\",\"inLanguage\":\"pt-BR\",\"@id\":\"https:\/\/www.suno.com.br\/noticias\/#\/schema\/person\/image\/\",\"url\":\"https:\/\/secure.gravatar.com\/avatar\/dfc254ab9bb2ea1895d98b9e9dae4bdd?s=96&r=g\",\"contentUrl\":\"https:\/\/secure.gravatar.com\/avatar\/dfc254ab9bb2ea1895d98b9e9dae4bdd?s=96&r=g\",\"caption\":\"Rafael Lara\"},\"description\":\"Rafael Lara cursa jornalismo na Faculdade C\u00e1sper L\u00edbero. Escreve sobre pol\u00edtica, economia e neg\u00f3cios para o portal Suno Not\u00edcias. Antes, colaborou na TV Gazeta na produ\u00e7\u00e3o do programa Edi\u00e7\u00e3o Extra.\",\"url\":\"https:\/\/www.suno.com.br\/noticias\/author\/rafael\/\"}]}<\/script>\n<!-- \/ Yoast SEO plugin. -->","yoast_head_json":{"title":"Bolsonaro cancela viagem a Davos; Guedes deve comparecer","description":"O presidente Jair Bolsonaro cancelou, nesta quarta-feira (8), a sua ida ao F\u00f3rum Econ\u00f4mico Mundial, em Davos, na Su\u00ed\u00e7a. Clique para mais.","robots":{"index":"index","follow":"follow","max-snippet":"max-snippet:-1","max-image-preview":"max-image-preview:large","max-video-preview":"max-video-preview:-1"},"canonical":"https:\/\/www.suno.com.br\/noticias\/bolsonaro-viagem-davos-guedes-comparecer\/","og_locale":"pt_BR","og_type":"article","og_title":"Bolsonaro cancela viagem a Davos; Guedes deve comparecer","og_description":"O presidente Jair Bolsonaro cancelou, nesta quarta-feira (8), a sua ida ao F\u00f3rum Econ\u00f4mico Mundial, em Davos, na Su\u00ed\u00e7a. Clique para mais.","og_url":"https:\/\/www.suno.com.br\/noticias\/bolsonaro-viagem-davos-guedes-comparecer\/","og_site_name":"Suno Not\u00edcias","article_publisher":"https:\/\/facebook.com\/sunoresearch","og_image":[{"width":630,"height":420,"url":"https:\/\/files.sunoresearch.com.br\/n\/uploads\/2019\/08\/9ec7e3b1-bolsoguedes.jpeg","type":"image\/jpeg"}],"author":"Rafael Lara","twitter_card":"summary_large_image","twitter_creator":"@sunoresearch","twitter_site":"@sunoresearch","twitter_misc":{"Escrito por":"Rafael Lara","Est. tempo de leitura":"2 minutos"},"schema":{"@context":"https:\/\/schema.org","@graph":[{"@type":"NewsArticle","@id":"https:\/\/www.suno.com.br\/noticias\/bolsonaro-viagem-davos-guedes-comparecer\/#article","isPartOf":{"@id":"https:\/\/www.suno.com.br\/noticias\/bolsonaro-viagem-davos-guedes-comparecer\/"},"author":{"name":"Rafael Lara","@id":"https:\/\/www.suno.com.br\/noticias\/#\/schema\/person\/098743caeed97b37f51315c9576c4078"},"headline":"Bolsonaro cancela viagem a Davos; Guedes deve comparecer","datePublished":"2020-01-09T00:07:56+00:00","mainEntityOfPage":{"@id":"https:\/\/www.suno.com.br\/noticias\/bolsonaro-viagem-davos-guedes-comparecer\/"},"wordCount":483,"publisher":{"@id":"https:\/\/www.suno.com.br\/noticias\/#organization"},"image":{"@id":"https:\/\/www.suno.com.br\/noticias\/bolsonaro-viagem-davos-guedes-comparecer\/#primaryimage"},"thumbnailUrl":"https:\/\/files.sunoresearch.com.br\/n\/uploads\/2019\/08\/9ec7e3b1-bolsoguedes-jpeg.webp","keywords":["Davos","Jair Bolsonaro","Paulo Guedes"],"articleSection":["Economia"],"inLanguage":"pt-BR"},{"@type":"WebPage","@id":"https:\/\/www.suno.com.br\/noticias\/bolsonaro-viagem-davos-guedes-comparecer\/","url":"https:\/\/www.suno.com.br\/noticias\/bolsonaro-viagem-davos-guedes-comparecer\/","name":"Bolsonaro cancela viagem a Davos; Guedes deve comparecer","isPartOf":{"@id":"https:\/\/www.suno.com.br\/noticias\/#website"},"primaryImageOfPage":{"@id":"https:\/\/www.suno.com.br\/noticias\/bolsonaro-viagem-davos-guedes-comparecer\/#primaryimage"},"image":{"@id":"https:\/\/www.suno.com.br\/noticias\/bolsonaro-viagem-davos-guedes-comparecer\/#primaryimage"},"thumbnailUrl":"https:\/\/files.sunoresearch.com.br\/n\/uploads\/2019\/08\/9ec7e3b1-bolsoguedes-jpeg.webp","datePublished":"2020-01-09T00:07:56+00:00","description":"O presidente Jair Bolsonaro cancelou, nesta quarta-feira (8), a sua ida ao F\u00f3rum Econ\u00f4mico Mundial, em Davos, na Su\u00ed\u00e7a. Clique para mais.","breadcrumb":{"@id":"https:\/\/www.suno.com.br\/noticias\/bolsonaro-viagem-davos-guedes-comparecer\/#breadcrumb"},"inLanguage":"pt-BR","potentialAction":[{"@type":"ReadAction","target":["https:\/\/www.suno.com.br\/noticias\/bolsonaro-viagem-davos-guedes-comparecer\/"]}]},{"@type":"ImageObject","inLanguage":"pt-BR","@id":"https:\/\/www.suno.com.br\/noticias\/bolsonaro-viagem-davos-guedes-comparecer\/#primaryimage","url":"https:\/\/files.sunoresearch.com.br\/n\/uploads\/2019\/08\/9ec7e3b1-bolsoguedes-jpeg.webp","contentUrl":"https:\/\/files.sunoresearch.com.br\/n\/uploads\/2019\/08\/9ec7e3b1-bolsoguedes-jpeg.webp","width":630,"height":420,"caption":"Bolsonaro cancela viagem a Davos; Guedes deve comparecer"},{"@type":"BreadcrumbList","@id":"https:\/\/www.suno.com.br\/noticias\/bolsonaro-viagem-davos-guedes-comparecer\/#breadcrumb","itemListElement":[{"@type":"ListItem","position":1,"name":"Not\u00edcias","item":"https:\/\/www.suno.com.br\/noticias\/"},{"@type":"ListItem","position":2,"name":"Economia","item":"https:\/\/www.suno.com.br\/noticias\/economia\/"},{"@type":"ListItem","position":3,"name":"Bolsonaro cancela viagem a Davos; Guedes deve comparecer"}]},{"@type":"WebSite","@id":"https:\/\/www.suno.com.br\/noticias\/#website","url":"https:\/\/www.suno.com.br\/noticias\/","name":"Suno Not\u00edcias","description":"Seu portal de informa\u00e7\u00e3o sobre o mundo dos investimentos","publisher":{"@id":"https:\/\/www.suno.com.br\/noticias\/#organization"},"potentialAction":[{"@type":"SearchAction","target":{"@type":"EntryPoint","urlTemplate":"https:\/\/www.suno.com.br\/noticias\/?s={search_term_string}"},"query-input":{"@type":"PropertyValueSpecification","valueRequired":true,"valueName":"search_term_string"}}],"inLanguage":"pt-BR"},{"@type":"Organization","@id":"https:\/\/www.suno.com.br\/noticias\/#organization","name":"Suno Not\u00edcias","url":"https:\/\/www.suno.com.br\/noticias\/","logo":{"@type":"ImageObject","inLanguage":"pt-BR","@id":"https:\/\/www.suno.com.br\/noticias\/#\/schema\/logo\/image\/","url":"https:\/\/files.sunoresearch.com.br\/n\/uploads\/2021\/09\/suno-logo.png","contentUrl":"https:\/\/files.sunoresearch.com.br\/n\/uploads\/2021\/09\/suno-logo.png","width":180,"height":180,"caption":"Suno Not\u00edcias"},"image":{"@id":"https:\/\/www.suno.com.br\/noticias\/#\/schema\/logo\/image\/"},"sameAs":["https:\/\/facebook.com\/sunoresearch","https:\/\/x.com\/sunoresearch","https:\/\/www.instagram.com\/suno","https:\/\/www.linkedin.com\/company\/suno-research\/","https:\/\/www.youtube.com\/c\/sunoresearch"]},{"@type":"Person","@id":"https:\/\/www.suno.com.br\/noticias\/#\/schema\/person\/098743caeed97b37f51315c9576c4078","name":"Rafael Lara","image":{"@type":"ImageObject","inLanguage":"pt-BR","@id":"https:\/\/www.suno.com.br\/noticias\/#\/schema\/person\/image\/","url":"https:\/\/secure.gravatar.com\/avatar\/dfc254ab9bb2ea1895d98b9e9dae4bdd?s=96&r=g","contentUrl":"https:\/\/secure.gravatar.com\/avatar\/dfc254ab9bb2ea1895d98b9e9dae4bdd?s=96&r=g","caption":"Rafael Lara"},"description":"Rafael Lara cursa jornalismo na Faculdade C\u00e1sper L\u00edbero. Escreve sobre pol\u00edtica, economia e neg\u00f3cios para o portal Suno Not\u00edcias. Antes, colaborou na TV Gazeta na produ\u00e7\u00e3o do programa Edi\u00e7\u00e3o Extra.","url":"https:\/\/www.suno.com.br\/noticias\/author\/rafael\/"}]}},"default_loop_html":"<div class=\"cardsPage__listCard__boxs\"><div class=\"cardsPage__listCard__boxs__img\"><a href=\"https:\/\/www.suno.com.br\/noticias\/bolsonaro-viagem-davos-guedes-comparecer\/\"><img class=\"mask\" src=\"https:\/\/www.suno.com.br\/noticias\/wp-content\/themes\/suno\/resources\/images\/spotlight\/spotlight1img\/bg-mask.png\" alt=\"Image Mask\"\/><img src=\"https:\/\/files.sunoresearch.com.br\/n\/uploads\/2019\/08\/9ec7e3b1-bolsoguedes-400x200.webp\" alt=\"Bolsonaro cancela viagem a Davos; Guedes deve comparecer\"\/><\/a><span class=\"spotlightCategory\"><a href=\"https:\/\/www.suno.com.br\/noticias\/economia\/\">Economia<\/a><\/span><\/div><div class=\"cardsPage__listCard__boxs__content\"><a href=\"https:\/\/www.suno.com.br\/noticias\/bolsonaro-viagem-davos-guedes-comparecer\/\"><h2 class=\"content__title\">Bolsonaro cancela viagem a Davos; Guedes deve comparecer<\/h2><\/a><div class=\"newsContent__article__meta\"><div class=\"newsContent__article__meta__authorBox\"><a href=\"https:\/\/www.suno.com.br\/noticias\/author\/rafael\/\" class=\"authorBox__avatar noMobi\"><img src=\"https:\/\/secure.gravatar.com\/avatar\/dfc254ab9bb2ea1895d98b9e9dae4bdd?s=96&#038;r=g\" alt=\"Rafael Lara\"><\/a><div class=\"authorBox__name\"><span>por\n\t\t\t<a href=\"https:\/\/www.suno.com.br\/noticias\/author\/rafael\/\"><span itemprop=\"author\">Rafael Lara<\/span><\/a><\/span><time datetime=\"2020-01-08T22:07:56-03:00\" itemprop=\"datePublished\">08\/01\/2020 22:07<\/time><\/div><\/div><\/div><\/div><\/div>","single_layout":"posts","amp_enabled":true,"_links":{"self":[{"href":"https:\/\/www.suno.com.br\/noticias\/wp-json\/wp\/v2\/posts\/49084"}],"collection":[{"href":"https:\/\/www.suno.com.br\/noticias\/wp-json\/wp\/v2\/posts"}],"about":[{"href":"https:\/\/www.suno.com.br\/noticias\/wp-json\/wp\/v2\/types\/post"}],"author":[{"embeddable":true,"href":"https:\/\/www.suno.com.br\/noticias\/wp-json\/wp\/v2\/users\/23"}],"replies":[{"embeddable":true,"href":"https:\/\/www.suno.com.br\/noticias\/wp-json\/wp\/v2\/comments?post=49084"}],"version-history":[{"count":0,"href":"https:\/\/www.suno.com.br\/noticias\/wp-json\/wp\/v2\/posts\/49084\/revisions"}],"wp:featuredmedia":[{"embeddable":true,"href":"https:\/\/www.suno.com.br\/noticias\/wp-json\/wp\/v2\/media\/34842"}],"wp:attachment":[{"href":"https:\/\/www.suno.com.br\/noticias\/wp-json\/wp\/v2\/media?parent=49084"}],"wp:term":[{"taxonomy":"category","embeddable":true,"href":"https:\/\/www.suno.com.br\/noticias\/wp-json\/wp\/v2\/categories?post=49084"},{"taxonomy":"post_tag","embeddable":true,"href":"https:\/\/www.suno.com.br\/noticias\/wp-json\/wp\/v2\/tags?post=49084"},{"taxonomy":"suno_strategy","embeddable":true,"href":"https:\/\/www.suno.com.br\/noticias\/wp-json\/wp\/v2\/suno_strategy?post=49084"}],"curies":[{"name":"wp","href":"https:\/\/api.w.org\/{rel}","templated":true}]}}