{"id":490414,"date":"2023-11-24T17:42:06","date_gmt":"2023-11-24T20:42:06","guid":{"rendered":"https:\/\/www.suno.com.br\/noticias\/?p=490414"},"modified":"2023-11-24T17:51:32","modified_gmt":"2023-11-24T20:51:32","slug":"petrobras-petr4-plano-estrategico-ruidos-politicos","status":"publish","type":"post","link":"https:\/\/www.suno.com.br\/noticias\/petrobras-petr4-plano-estrategico-ruidos-politicos\/","title":{"rendered":"Plano estrat\u00e9gico da Petrobras (PETR4) sai em  em meio a ru\u00eddos pol\u00edticos. Como ficam as a\u00e7\u00f5es e os dividendos?"},"content":{"rendered":"<p>A <strong>Petrobras (PETR4)<\/strong> divulgou seu plano estrat\u00e9gico para o quinqu\u00eanio 2024-2028, com expectativa de que os investimentos da empresa somem US$ 102 bilh\u00f5es nos pr\u00f3ximos 5 anos. O novo capex \u00e9 31% maior do que o do plano estrat\u00e9gico anterior.<\/p>\t<div class=\"wrapper-featured-image\">\n\t\t<figure class=\"spotlightImg\">\n\n\t\t\t<picture>\n\t\t\t\t<source media=\"(max-width: 768px)\" srcset=\"https:\/\/files.sunoresearch.com.br\/n\/uploads\/2023\/03\/coletiva_presidente_petrobras_jeanpaulprates_8_-_02-03-2023-400x200.jpg\">\n\t\t\t\t<img loading=\"lazy\" decoding=\"async\" class=\"newsContent__article__imgCapa lazyloadDisabled \" src=\"https:\/\/files.sunoresearch.com.br\/n\/uploads\/2023\/03\/coletiva_presidente_petrobras_jeanpaulprates_8_-_02-03-2023-800x450.jpg\" width=\"800\" height=\"450\" alt=\"Plano estrat\u00e9gico da Petrobras (PETR4) sai em  em meio a ru\u00eddos pol\u00edticos. Como ficam as a\u00e7\u00f5es e os dividendos?\" fetchpriority=high \/>\n\t\t\t<\/picture>\n\n\t\t\t<figcaption class=\"wp-caption-text wp-caption-text--show\">Jean Paul Prates, CEO da Petrobras (PETR4). Foto: Divulga\u00e7\u00e3o\/Ag\u00eancia Petrobras<\/figcaption>\n\t\t<\/figure>\n\t<\/div>\n\n\n\n\n\n\t<p>\n\t\t<a href=\"https:\/\/lp.suno.com.br\/planilha-da-vida-financeira\/\" target=\"_blank\" data-element=\"shortcode-suno-banner\" title=\"Banner SUNO, clique e saiba mais\">\n\t\t\t<picture>\n\t\t\t\t<source media=\"(max-width: 500px)\" srcset=\"https:\/\/files.sunoresearch.com.br\/n\/uploads\/2023\/04\/400x300-Planilha-vida-financeira-true.png\">\n\t\t\t\t<img class=\"newsContent__article__imgCapa newsContent__article__imgCapa--banner\"\n\t\t\t\t\tsrc=\"https:\/\/files.sunoresearch.com.br\/n\/uploads\/2023\/04\/1420x240-Planilha-vida-financeira-true.png\"\n\t\t\t\t\tdata-promo-id=\"106682\"\t\t\t\t\t\t\t\t\t\twidth='1420' height='240'\t\t\t\t\talt=\"https:\/\/files.sunoresearch.com.br\/n\/uploads\/2023\/04\/1420x240-Planilha-vida-financeira-true.png\"\n\t\t\t\t>\n\t\t\t<\/picture>\n\t\t<\/a>\n\t<\/p>\n\n\n\n\n\n\n\n<p>Do valor total dos<strong> investimentos da Petrobras<\/strong>, cerca de US$ 91 bilh\u00f5es devem ser alocados em projetos da carteira de implanta\u00e7\u00e3o, de acordo com o <strong>Plano Estrat\u00e9gico<\/strong> da estatal. Outros US$ 11 bilh\u00f5es devem ser investidos em projetos que est\u00e3o na carteira em avalia\u00e7\u00e3o. Esses <strong>projetos da Petrobras<\/strong> est\u00e3o sujeitos, por\u00e9m, a estudos adicionais sobre a viabilidade financeira, antes mesmo de serem contratados e executados.<\/p>\n\n\n\n<p>Em entrevista ap\u00f3s a divulga\u00e7\u00e3o do <strong>plano estrat\u00e9gico da Petrobras<\/strong>, o presidente da companhia, Jean Paul Prates, refor\u00e7ou que a petroleira n\u00e3o tem a inten\u00e7\u00e3o de vender mais refinarias, uma vez que o novo plano foca na sustentabilidade da petroleira no <a class=\"suno-keyword\" target=\"_blank\" data-force=\"no\" data-priority=\"1\" href=\"https:\/\/www.suno.com.br\/artigos\/longo-prazo\/\" rel=\"noopener\">longo prazo<\/a>.<\/p>\n\n\n\n<h2 class=\"wp-block-heading\">O que dizem os analistas?<\/h2>\n\n\n\n<p>A Genial entende que o <strong>plano de investimentos da Petrobras<\/strong> \u00e9 negativo, mas est\u00e1 longe de ser ruim como se temia. A principal desvantagem, na vis\u00e3o da casa, \u00e9 o capex maior em refino. Mesmo assim, segundo os analistas, o risco de m\u00e1 aloca\u00e7\u00e3o de capital est\u00e1 afastado. Os analistas reduziram o <strong>pre\u00e7o-alvo da Petrobras<\/strong> (PETR4) de R$ 38 para R$ 35.<br><br>J\u00e1 para o Goldman Sachs, o plano divulgado pela companhia veio em linha com o esperado e retirou o peso da a\u00e7\u00e3o. A casa projeta <a class=\"suno-keyword\" data-force=\"no\" data-priority=\"1\" href=\"https:\/\/www.suno.com.br\/guias\/dividendos\/\" target=\"_blank\" rel=\"noopener\">dividendos<\/a> entre US$ 40 e US$ 45 bilh\u00f5es entre 2024 e 2028, e acredita que a petroleira poderia pagar de US$ 5 a US$ 10 bilh\u00f5es em dividendos extras no per\u00edodo. Assim, o dividend yield seria de 9%, com +1,5% em rela\u00e7\u00e3o aos proventos extras. Os analistas reiteram recomenda\u00e7\u00e3o de compra para <a class=\"suno-keyword\" data-force=\"yes\" data-priority=\"2\" href=\"https:\/\/www.suno.com.br\/acoes\/PETR4\/\" target=\"_blank\" rel=\"noopener\">Petrobras (PETR4)<\/a>, com pre\u00e7o-alvo em R$ 42,30.<br><br>A XP tamb\u00e9m mant\u00e9m recomenda\u00e7\u00e3o de compra para os <strong>pap\u00e9is preferenciais da Petrobras<\/strong>, embora afirme que a companhia d\u00e1 mais um passo em dire\u00e7\u00e3o \u00e0 deteriora\u00e7\u00e3o da sua tese de investimentos. A casa afirma que o atual plano de investimentos tem uma mudan\u00e7a ligeiramente negativa em rela\u00e7\u00e3o ao anterior.\u00a0<\/p>\n\n\n\n\t<div data-element=\"shortcode-read-more\" class=\"readToo\">\n\t\t\t\t<span class=\"readToo__title\">Leia mais<\/span>\n\t\t\t\t<ul class=\"readToo__list\">\n\t\t\t<li><a href=\"https:\/\/www.suno.com.br\/noticias\/petrobras-petr4-novo-plano-estrategico-2024-2028-jvj\/\">Petrobras (PETR4) aprova plano estrat\u00e9gico e estima investimento de US$ 102 bilh\u00f5es em 5 anos &#8211; aumento de 31% ante o anterior<\/a><\/li><li><a href=\"https:\/\/www.suno.com.br\/noticias\/petrobras-petr4-dividendos-globais-jvj\/\">Petrobras (PETR4) foi a principal &#8220;respons\u00e1vel&#8221; pela queda dos dividendos pelo mundo no 3T23<\/a><\/li>\t\t<\/ul>\n\t<\/div>\n\n\n\n\t<p>\n\t\t<a href=\"https:\/\/lp.suno.com.br\/ebook-como-analisar-uma-acao\/\" target=\"_blank\" data-element=\"shortcode-suno-banner\" title=\"Banner SUNO, clique e saiba mais\">\n\t\t\t<picture>\n\t\t\t\t<source media=\"(max-width: 500px)\" srcset=\"https:\/\/files.sunoresearch.com.br\/n\/uploads\/2023\/03\/Ebook-Acoes-Mobile.jpg\">\n\t\t\t\t<img class=\"newsContent__article__imgCapa newsContent__article__imgCapa--banner\"\n\t\t\t\t\tsrc=\"https:\/\/files.sunoresearch.com.br\/n\/uploads\/2023\/03\/Ebook-Acoes-Desktop.jpg\"\n\t\t\t\t\tdata-promo-id=\"378302\"\t\t\t\t\t\t\t\t\t\twidth='1420' height='286'\t\t\t\t\talt=\"https:\/\/files.sunoresearch.com.br\/n\/uploads\/2023\/03\/Ebook-Acoes-Desktop.jpg\"\n\t\t\t\t>\n\t\t\t<\/picture>\n\t\t<\/a>\n\t<\/p>\n\n\n\n\n\n<h2 class=\"wp-block-heading\">Petrobras passa por ru\u00eddos pol\u00edticos<\/h2>\n\n\n\n<p>A divulga\u00e7\u00e3o do<strong> novo plano estrat\u00e9gico da Petrobras <\/strong>acontece em meio a ru\u00eddos pol\u00edticos que derrubaram a a\u00e7\u00e3o no in\u00edcio desta semana. Tudo come\u00e7ou quando o ministro de Minas e Energia, Alexandre Silveira, cobrou publicamente uma redu\u00e7\u00e3o no pre\u00e7o dos combust\u00edveis por parte da estatal.<\/p>\n\n\n\n<p>A resposta veio por meio do X (antigo Twitter), e <strong>Jean Paul Prates<\/strong>, <strong>presidente da Petrobras<\/strong>, refor\u00e7ou que a companhia n\u00e3o mais adota a pol\u00edtica de paridade internacional dos pre\u00e7os, criada durante o governo Michel Temer, e portanto, far\u00e1 ajustes \u201cquando os par\u00e2metros indicarem pertin\u00eancia\u201d, de acordo com o CEO.<br><br>Prates complementou ainda dizendo que, se o Minist\u00e9rio de Minas e Energia quiser orientar a companhia a baixar os pre\u00e7os de combust\u00edveis diariamente, seria necess\u00e1rio seguir a Lei das Estatais e o <a class=\"suno-keyword\" data-force=\"no\" data-priority=\"1\" href=\"https:\/\/www.suno.com.br\/artigos\/estatuto-social\/\" target=\"_blank\" rel=\"noopener\">Estatuto Social<\/a> da companhia.<\/p>\n\n\n\n<p>Consequ\u00eancia ou n\u00e3o da rusga p\u00fablica, o jornal O Globo publicou, no in\u00edcio da semana, que o ministro da Casa Civil, <strong>Rui Costa<\/strong>, estaria articulando um plano para tirar Prates do cargo de CEO. A alternativa seria a indica\u00e7\u00e3o do atual secret\u00e1rio do <strong>Programa de Parcerias de Investimentos<\/strong> (PPI).<\/p>\n\n\n\n<p>Posteriormente, a Reuters tamb\u00e9m publicou uma not\u00edcia parecida. Segundo a ag\u00eancia, o alto escal\u00e3o do governo, insatisfeito com o trabalho de Prates, estaria conversando sobre uma poss\u00edvel mudan\u00e7a no cargo, ainda que n\u00e3o houvesse nenhum nome definido para assumir a cadeira de CEO.<\/p>\n\n\n\n<p>Ainda segundo a publica\u00e7\u00e3o, o presidente da rep\u00fablica seria um dos descontentes com o rumo da empresa. Lula teria, inclusive, pedido mudan\u00e7as no <strong>plano de investimentos da Petrobras<\/strong>, que \u00e0 \u00e9poca, estava prestes a ser publicado.<\/p>\n\n\n\n<p>Ap\u00f3s as duas not\u00edcias, que derrubaram a cota\u00e7\u00e3o dos pap\u00e9is da estatal,\u00a0 Lula realizou uma reuni\u00e3o com o ministro da Fazenda, Fernando Haddad, o <strong>CEO da Petrobras<\/strong>, Jean Paul Prates, o ministro de Minas e Energia, Alexandre Silveira, e o ministro da Casa Civil, Rui Costa.<\/p>\n\n\n\n<p>Depois do evento, Prates afirmou que a reuni\u00e3o foi \u201cpositiv\u00edssima\u201d, que a redu\u00e7\u00e3o dos pre\u00e7os dos combust\u00edveis n\u00e3o foi solicitada e que \u201cn\u00e3o h\u00e1 problema algum\u201d.<br><br>Independentemente das cenas dos pr\u00f3ximos cap\u00edtulos, \u00e9 fato que essa novela repercute de forma muito negativa nos <strong>pap\u00e9is da Petrobras<\/strong>. O consenso de boa parte dos analistas de mercado \u00e9 que a companhia est\u00e1 em um \u00f3timo momento, mas que as quest\u00f5es pol\u00edticas seguem sendo o principal risco.<\/p>\n\n\n\t<p>\n\t\t<a href=\"https:\/\/lp.suno.com.br\/planilha-da-vida-financeira\/\" target=\"_blank\" data-element=\"shortcode-suno-banner\" title=\"Banner SUNO, clique e saiba mais\">\n\t\t\t<picture>\n\t\t\t\t<source media=\"(max-width: 500px)\" srcset=\"https:\/\/files.sunoresearch.com.br\/n\/uploads\/2023\/04\/400x300-Planilha-vida-financeira-true.png\">\n\t\t\t\t<img class=\"newsContent__article__imgCapa newsContent__article__imgCapa--banner\"\n\t\t\t\t\tsrc=\"https:\/\/files.sunoresearch.com.br\/n\/uploads\/2023\/04\/1420x240-Planilha-vida-financeira-true.png\"\n\t\t\t\t\tdata-promo-id=\"383123\"\t\t\t\t\t\t\t\t\t\twidth='1420' height='240'\t\t\t\t\talt=\"https:\/\/files.sunoresearch.com.br\/n\/uploads\/2023\/04\/1420x240-Planilha-vida-financeira-true.png\"\n\t\t\t\t>\n\t\t\t<\/picture>\n\t\t<\/a>\n\t<\/p>\n\n\n","protected":false},"excerpt":{"rendered":"<p>A Petrobras (PETR4) divulgou seu plano estrat\u00e9gico para o quinqu\u00eanio 2024-2028, com expectativa de que os investimentos da empresa somem US$ 102 bilh\u00f5es nos pr\u00f3ximos 5 anos. O novo capex \u00e9 31% maior do que o do plano estrat\u00e9gico anterior. Jean Paul Prates, CEO da Petrobras (PETR4). Foto: Divulga\u00e7\u00e3o\/Ag\u00eancia Petrobras Do valor total dos investimentos [&hellip;]<\/p>\n","protected":false},"author":322,"featured_media":374375,"comment_status":"closed","ping_status":"closed","sticky":false,"template":"","format":"standard","meta":[],"categories":[64],"tags":[107131,595,766],"suno_strategy":[106958],"class_list":["post-490414","post","type-post","status-publish","format-standard","has-post-thumbnail","hentry","category-negocios","tag-petrobras","tag-petrobras-petr4","tag-petroleo"],"yoast_head":"<!-- This site is optimized with the Yoast SEO plugin v24.4 - https:\/\/yoast.com\/wordpress\/plugins\/seo\/ -->\n<title>Petrobras (PETR4) divulga plano estrat\u00e9gico em meio a ru\u00eddos pol\u00edticos<\/title>\n<meta name=\"description\" content=\"A Petrobras (PETR4) divulgou seu novo plano estrat\u00e9gico em meio a ru\u00eddos pol\u00edticos envolvendo a poss\u00edvel sa\u00edda do presidente Prates.\" \/>\n<meta name=\"robots\" content=\"index, follow, max-snippet:-1, max-image-preview:large, max-video-preview:-1\" \/>\n<link rel=\"canonical\" href=\"https:\/\/www.suno.com.br\/noticias\/petrobras-petr4-plano-estrategico-ruidos-politicos\/\" \/>\n<meta property=\"og:locale\" content=\"pt_BR\" \/>\n<meta property=\"og:type\" content=\"article\" \/>\n<meta property=\"og:title\" content=\"Petrobras (PETR4) divulga plano estrat\u00e9gico em meio a ru\u00eddos pol\u00edticos\" \/>\n<meta property=\"og:description\" content=\"A Petrobras (PETR4) divulgou seu novo plano estrat\u00e9gico em meio a ru\u00eddos pol\u00edticos envolvendo a poss\u00edvel sa\u00edda do presidente Prates.\" \/>\n<meta property=\"og:url\" content=\"https:\/\/www.suno.com.br\/noticias\/petrobras-petr4-plano-estrategico-ruidos-politicos\/\" \/>\n<meta property=\"og:site_name\" content=\"Suno Not\u00edcias\" \/>\n<meta property=\"article:publisher\" content=\"https:\/\/facebook.com\/sunoresearch\" \/>\n<meta property=\"og:image\" content=\"https:\/\/files.sunoresearch.com.br\/n\/uploads\/2023\/03\/coletiva_presidente_petrobras_jeanpaulprates_8_-_02-03-2023-scaled.jpg\" \/>\n\t<meta property=\"og:image:width\" content=\"2560\" \/>\n\t<meta property=\"og:image:height\" content=\"1707\" \/>\n\t<meta property=\"og:image:type\" content=\"image\/jpeg\" \/>\n<meta name=\"author\" content=\"Guilherme Serrano Silva\" \/>\n<meta name=\"twitter:card\" content=\"summary_large_image\" \/>\n<meta name=\"twitter:creator\" content=\"@sunoresearch\" \/>\n<meta name=\"twitter:site\" content=\"@sunoresearch\" \/>\n<meta name=\"twitter:label1\" content=\"Escrito por\" \/>\n\t<meta name=\"twitter:data1\" content=\"Guilherme Serrano Silva\" \/>\n\t<meta name=\"twitter:label2\" content=\"Est. tempo de leitura\" \/>\n\t<meta name=\"twitter:data2\" content=\"5 minutos\" \/>\n<script type=\"application\/ld+json\" class=\"yoast-schema-graph\">{\"@context\":\"https:\/\/schema.org\",\"@graph\":[{\"@type\":\"NewsArticle\",\"@id\":\"https:\/\/www.suno.com.br\/noticias\/petrobras-petr4-plano-estrategico-ruidos-politicos\/#article\",\"isPartOf\":{\"@id\":\"https:\/\/www.suno.com.br\/noticias\/petrobras-petr4-plano-estrategico-ruidos-politicos\/\"},\"author\":{\"name\":\"Guilherme Serrano Silva\",\"@id\":\"https:\/\/www.suno.com.br\/noticias\/#\/schema\/person\/4a72de8e10febe6d8a50711404b010b3\"},\"headline\":\"Plano estrat\u00e9gico da Petrobras (PETR4) sai em em meio a ru\u00eddos pol\u00edticos. Como ficam as a\u00e7\u00f5es e os dividendos?\",\"datePublished\":\"2023-11-24T20:42:06+00:00\",\"dateModified\":\"2023-11-24T20:51:32+00:00\",\"mainEntityOfPage\":{\"@id\":\"https:\/\/www.suno.com.br\/noticias\/petrobras-petr4-plano-estrategico-ruidos-politicos\/\"},\"wordCount\":833,\"publisher\":{\"@id\":\"https:\/\/www.suno.com.br\/noticias\/#organization\"},\"image\":{\"@id\":\"https:\/\/www.suno.com.br\/noticias\/petrobras-petr4-plano-estrategico-ruidos-politicos\/#primaryimage\"},\"thumbnailUrl\":\"https:\/\/files.sunoresearch.com.br\/n\/uploads\/2023\/03\/coletiva_presidente_petrobras_jeanpaulprates_8_-_02-03-2023-scaled.jpg\",\"keywords\":[\"petrobras\",\"Petrobras (PETR4)\",\"Petr\u00f3leo\"],\"articleSection\":[\"Neg\u00f3cios\"],\"inLanguage\":\"pt-BR\"},{\"@type\":\"WebPage\",\"@id\":\"https:\/\/www.suno.com.br\/noticias\/petrobras-petr4-plano-estrategico-ruidos-politicos\/\",\"url\":\"https:\/\/www.suno.com.br\/noticias\/petrobras-petr4-plano-estrategico-ruidos-politicos\/\",\"name\":\"Petrobras (PETR4) divulga plano estrat\u00e9gico em meio a ru\u00eddos pol\u00edticos\",\"isPartOf\":{\"@id\":\"https:\/\/www.suno.com.br\/noticias\/#website\"},\"primaryImageOfPage\":{\"@id\":\"https:\/\/www.suno.com.br\/noticias\/petrobras-petr4-plano-estrategico-ruidos-politicos\/#primaryimage\"},\"image\":{\"@id\":\"https:\/\/www.suno.com.br\/noticias\/petrobras-petr4-plano-estrategico-ruidos-politicos\/#primaryimage\"},\"thumbnailUrl\":\"https:\/\/files.sunoresearch.com.br\/n\/uploads\/2023\/03\/coletiva_presidente_petrobras_jeanpaulprates_8_-_02-03-2023-scaled.jpg\",\"datePublished\":\"2023-11-24T20:42:06+00:00\",\"dateModified\":\"2023-11-24T20:51:32+00:00\",\"description\":\"A Petrobras (PETR4) divulgou seu novo plano estrat\u00e9gico em meio a ru\u00eddos pol\u00edticos envolvendo a poss\u00edvel sa\u00edda do presidente Prates.\",\"breadcrumb\":{\"@id\":\"https:\/\/www.suno.com.br\/noticias\/petrobras-petr4-plano-estrategico-ruidos-politicos\/#breadcrumb\"},\"inLanguage\":\"pt-BR\",\"potentialAction\":[{\"@type\":\"ReadAction\",\"target\":[\"https:\/\/www.suno.com.br\/noticias\/petrobras-petr4-plano-estrategico-ruidos-politicos\/\"]}]},{\"@type\":\"ImageObject\",\"inLanguage\":\"pt-BR\",\"@id\":\"https:\/\/www.suno.com.br\/noticias\/petrobras-petr4-plano-estrategico-ruidos-politicos\/#primaryimage\",\"url\":\"https:\/\/files.sunoresearch.com.br\/n\/uploads\/2023\/03\/coletiva_presidente_petrobras_jeanpaulprates_8_-_02-03-2023-scaled.jpg\",\"contentUrl\":\"https:\/\/files.sunoresearch.com.br\/n\/uploads\/2023\/03\/coletiva_presidente_petrobras_jeanpaulprates_8_-_02-03-2023-scaled.jpg\",\"width\":2560,\"height\":1707,\"caption\":\"Jean Paul Prates, CEO da Petrobras (PETR4). Foto: Divulga\u00e7\u00e3o\/Ag\u00eancia Petrobras\"},{\"@type\":\"BreadcrumbList\",\"@id\":\"https:\/\/www.suno.com.br\/noticias\/petrobras-petr4-plano-estrategico-ruidos-politicos\/#breadcrumb\",\"itemListElement\":[{\"@type\":\"ListItem\",\"position\":1,\"name\":\"Not\u00edcias\",\"item\":\"https:\/\/www.suno.com.br\/noticias\/\"},{\"@type\":\"ListItem\",\"position\":2,\"name\":\"Neg\u00f3cios\",\"item\":\"https:\/\/www.suno.com.br\/noticias\/negocios\/\"},{\"@type\":\"ListItem\",\"position\":3,\"name\":\"Plano estrat\u00e9gico da Petrobras (PETR4) sai em em meio a ru\u00eddos pol\u00edticos. Como ficam as a\u00e7\u00f5es e os dividendos?\"}]},{\"@type\":\"WebSite\",\"@id\":\"https:\/\/www.suno.com.br\/noticias\/#website\",\"url\":\"https:\/\/www.suno.com.br\/noticias\/\",\"name\":\"Suno Not\u00edcias\",\"description\":\"Seu portal de informa\u00e7\u00e3o sobre o mundo dos investimentos\",\"publisher\":{\"@id\":\"https:\/\/www.suno.com.br\/noticias\/#organization\"},\"potentialAction\":[{\"@type\":\"SearchAction\",\"target\":{\"@type\":\"EntryPoint\",\"urlTemplate\":\"https:\/\/www.suno.com.br\/noticias\/?s={search_term_string}\"},\"query-input\":{\"@type\":\"PropertyValueSpecification\",\"valueRequired\":true,\"valueName\":\"search_term_string\"}}],\"inLanguage\":\"pt-BR\"},{\"@type\":\"Organization\",\"@id\":\"https:\/\/www.suno.com.br\/noticias\/#organization\",\"name\":\"Suno Not\u00edcias\",\"url\":\"https:\/\/www.suno.com.br\/noticias\/\",\"logo\":{\"@type\":\"ImageObject\",\"inLanguage\":\"pt-BR\",\"@id\":\"https:\/\/www.suno.com.br\/noticias\/#\/schema\/logo\/image\/\",\"url\":\"https:\/\/files.sunoresearch.com.br\/n\/uploads\/2021\/09\/suno-logo.png\",\"contentUrl\":\"https:\/\/files.sunoresearch.com.br\/n\/uploads\/2021\/09\/suno-logo.png\",\"width\":180,\"height\":180,\"caption\":\"Suno Not\u00edcias\"},\"image\":{\"@id\":\"https:\/\/www.suno.com.br\/noticias\/#\/schema\/logo\/image\/\"},\"sameAs\":[\"https:\/\/facebook.com\/sunoresearch\",\"https:\/\/x.com\/sunoresearch\",\"https:\/\/www.instagram.com\/suno\",\"https:\/\/www.linkedin.com\/company\/suno-research\/\",\"https:\/\/www.youtube.com\/c\/sunoresearch\"]},{\"@type\":\"Person\",\"@id\":\"https:\/\/www.suno.com.br\/noticias\/#\/schema\/person\/4a72de8e10febe6d8a50711404b010b3\",\"name\":\"Guilherme Serrano Silva\",\"image\":{\"@type\":\"ImageObject\",\"inLanguage\":\"pt-BR\",\"@id\":\"https:\/\/www.suno.com.br\/noticias\/#\/schema\/person\/image\/\",\"url\":\"https:\/\/secure.gravatar.com\/avatar\/aba5eb082d0443f542e94a82c79e9d50?s=96&r=g\",\"contentUrl\":\"https:\/\/secure.gravatar.com\/avatar\/aba5eb082d0443f542e94a82c79e9d50?s=96&r=g\",\"caption\":\"Guilherme Serrano Silva\"},\"description\":\"Jornalista formado pela Faculdade C\u00e1sper L\u00edbero e p\u00f3s-graduado em Can\u00e7\u00e3o Popular pela Faculdade Santa Marcelina. Passagens por R\u00e1dio Gazeta AM, gazetaesportiva.com e TC R\u00e1dio.\",\"url\":\"https:\/\/www.suno.com.br\/noticias\/author\/guilhermeserranosilvagmail-com\/\"}]}<\/script>\n<!-- \/ Yoast SEO plugin. -->","yoast_head_json":{"title":"Petrobras (PETR4) divulga plano estrat\u00e9gico em meio a ru\u00eddos pol\u00edticos","description":"A Petrobras (PETR4) divulgou seu novo plano estrat\u00e9gico em meio a ru\u00eddos pol\u00edticos envolvendo a poss\u00edvel sa\u00edda do presidente Prates.","robots":{"index":"index","follow":"follow","max-snippet":"max-snippet:-1","max-image-preview":"max-image-preview:large","max-video-preview":"max-video-preview:-1"},"canonical":"https:\/\/www.suno.com.br\/noticias\/petrobras-petr4-plano-estrategico-ruidos-politicos\/","og_locale":"pt_BR","og_type":"article","og_title":"Petrobras (PETR4) divulga plano estrat\u00e9gico em meio a ru\u00eddos pol\u00edticos","og_description":"A Petrobras (PETR4) divulgou seu novo plano estrat\u00e9gico em meio a ru\u00eddos pol\u00edticos envolvendo a poss\u00edvel sa\u00edda do presidente Prates.","og_url":"https:\/\/www.suno.com.br\/noticias\/petrobras-petr4-plano-estrategico-ruidos-politicos\/","og_site_name":"Suno Not\u00edcias","article_publisher":"https:\/\/facebook.com\/sunoresearch","og_image":[{"width":2560,"height":1707,"url":"https:\/\/files.sunoresearch.com.br\/n\/uploads\/2023\/03\/coletiva_presidente_petrobras_jeanpaulprates_8_-_02-03-2023-scaled.jpg","type":"image\/jpeg"}],"author":"Guilherme Serrano Silva","twitter_card":"summary_large_image","twitter_creator":"@sunoresearch","twitter_site":"@sunoresearch","twitter_misc":{"Escrito por":"Guilherme Serrano Silva","Est. tempo de leitura":"5 minutos"},"schema":{"@context":"https:\/\/schema.org","@graph":[{"@type":"NewsArticle","@id":"https:\/\/www.suno.com.br\/noticias\/petrobras-petr4-plano-estrategico-ruidos-politicos\/#article","isPartOf":{"@id":"https:\/\/www.suno.com.br\/noticias\/petrobras-petr4-plano-estrategico-ruidos-politicos\/"},"author":{"name":"Guilherme Serrano Silva","@id":"https:\/\/www.suno.com.br\/noticias\/#\/schema\/person\/4a72de8e10febe6d8a50711404b010b3"},"headline":"Plano estrat\u00e9gico da Petrobras (PETR4) sai em em meio a ru\u00eddos pol\u00edticos. Como ficam as a\u00e7\u00f5es e os dividendos?","datePublished":"2023-11-24T20:42:06+00:00","dateModified":"2023-11-24T20:51:32+00:00","mainEntityOfPage":{"@id":"https:\/\/www.suno.com.br\/noticias\/petrobras-petr4-plano-estrategico-ruidos-politicos\/"},"wordCount":833,"publisher":{"@id":"https:\/\/www.suno.com.br\/noticias\/#organization"},"image":{"@id":"https:\/\/www.suno.com.br\/noticias\/petrobras-petr4-plano-estrategico-ruidos-politicos\/#primaryimage"},"thumbnailUrl":"https:\/\/files.sunoresearch.com.br\/n\/uploads\/2023\/03\/coletiva_presidente_petrobras_jeanpaulprates_8_-_02-03-2023-scaled.jpg","keywords":["petrobras","Petrobras (PETR4)","Petr\u00f3leo"],"articleSection":["Neg\u00f3cios"],"inLanguage":"pt-BR"},{"@type":"WebPage","@id":"https:\/\/www.suno.com.br\/noticias\/petrobras-petr4-plano-estrategico-ruidos-politicos\/","url":"https:\/\/www.suno.com.br\/noticias\/petrobras-petr4-plano-estrategico-ruidos-politicos\/","name":"Petrobras (PETR4) divulga plano estrat\u00e9gico em meio a ru\u00eddos pol\u00edticos","isPartOf":{"@id":"https:\/\/www.suno.com.br\/noticias\/#website"},"primaryImageOfPage":{"@id":"https:\/\/www.suno.com.br\/noticias\/petrobras-petr4-plano-estrategico-ruidos-politicos\/#primaryimage"},"image":{"@id":"https:\/\/www.suno.com.br\/noticias\/petrobras-petr4-plano-estrategico-ruidos-politicos\/#primaryimage"},"thumbnailUrl":"https:\/\/files.sunoresearch.com.br\/n\/uploads\/2023\/03\/coletiva_presidente_petrobras_jeanpaulprates_8_-_02-03-2023-scaled.jpg","datePublished":"2023-11-24T20:42:06+00:00","dateModified":"2023-11-24T20:51:32+00:00","description":"A Petrobras (PETR4) divulgou seu novo plano estrat\u00e9gico em meio a ru\u00eddos pol\u00edticos envolvendo a poss\u00edvel sa\u00edda do presidente Prates.","breadcrumb":{"@id":"https:\/\/www.suno.com.br\/noticias\/petrobras-petr4-plano-estrategico-ruidos-politicos\/#breadcrumb"},"inLanguage":"pt-BR","potentialAction":[{"@type":"ReadAction","target":["https:\/\/www.suno.com.br\/noticias\/petrobras-petr4-plano-estrategico-ruidos-politicos\/"]}]},{"@type":"ImageObject","inLanguage":"pt-BR","@id":"https:\/\/www.suno.com.br\/noticias\/petrobras-petr4-plano-estrategico-ruidos-politicos\/#primaryimage","url":"https:\/\/files.sunoresearch.com.br\/n\/uploads\/2023\/03\/coletiva_presidente_petrobras_jeanpaulprates_8_-_02-03-2023-scaled.jpg","contentUrl":"https:\/\/files.sunoresearch.com.br\/n\/uploads\/2023\/03\/coletiva_presidente_petrobras_jeanpaulprates_8_-_02-03-2023-scaled.jpg","width":2560,"height":1707,"caption":"Jean Paul Prates, CEO da Petrobras (PETR4). Foto: Divulga\u00e7\u00e3o\/Ag\u00eancia Petrobras"},{"@type":"BreadcrumbList","@id":"https:\/\/www.suno.com.br\/noticias\/petrobras-petr4-plano-estrategico-ruidos-politicos\/#breadcrumb","itemListElement":[{"@type":"ListItem","position":1,"name":"Not\u00edcias","item":"https:\/\/www.suno.com.br\/noticias\/"},{"@type":"ListItem","position":2,"name":"Neg\u00f3cios","item":"https:\/\/www.suno.com.br\/noticias\/negocios\/"},{"@type":"ListItem","position":3,"name":"Plano estrat\u00e9gico da Petrobras (PETR4) sai em em meio a ru\u00eddos pol\u00edticos. Como ficam as a\u00e7\u00f5es e os dividendos?"}]},{"@type":"WebSite","@id":"https:\/\/www.suno.com.br\/noticias\/#website","url":"https:\/\/www.suno.com.br\/noticias\/","name":"Suno Not\u00edcias","description":"Seu portal de informa\u00e7\u00e3o sobre o mundo dos investimentos","publisher":{"@id":"https:\/\/www.suno.com.br\/noticias\/#organization"},"potentialAction":[{"@type":"SearchAction","target":{"@type":"EntryPoint","urlTemplate":"https:\/\/www.suno.com.br\/noticias\/?s={search_term_string}"},"query-input":{"@type":"PropertyValueSpecification","valueRequired":true,"valueName":"search_term_string"}}],"inLanguage":"pt-BR"},{"@type":"Organization","@id":"https:\/\/www.suno.com.br\/noticias\/#organization","name":"Suno Not\u00edcias","url":"https:\/\/www.suno.com.br\/noticias\/","logo":{"@type":"ImageObject","inLanguage":"pt-BR","@id":"https:\/\/www.suno.com.br\/noticias\/#\/schema\/logo\/image\/","url":"https:\/\/files.sunoresearch.com.br\/n\/uploads\/2021\/09\/suno-logo.png","contentUrl":"https:\/\/files.sunoresearch.com.br\/n\/uploads\/2021\/09\/suno-logo.png","width":180,"height":180,"caption":"Suno Not\u00edcias"},"image":{"@id":"https:\/\/www.suno.com.br\/noticias\/#\/schema\/logo\/image\/"},"sameAs":["https:\/\/facebook.com\/sunoresearch","https:\/\/x.com\/sunoresearch","https:\/\/www.instagram.com\/suno","https:\/\/www.linkedin.com\/company\/suno-research\/","https:\/\/www.youtube.com\/c\/sunoresearch"]},{"@type":"Person","@id":"https:\/\/www.suno.com.br\/noticias\/#\/schema\/person\/4a72de8e10febe6d8a50711404b010b3","name":"Guilherme Serrano Silva","image":{"@type":"ImageObject","inLanguage":"pt-BR","@id":"https:\/\/www.suno.com.br\/noticias\/#\/schema\/person\/image\/","url":"https:\/\/secure.gravatar.com\/avatar\/aba5eb082d0443f542e94a82c79e9d50?s=96&r=g","contentUrl":"https:\/\/secure.gravatar.com\/avatar\/aba5eb082d0443f542e94a82c79e9d50?s=96&r=g","caption":"Guilherme Serrano Silva"},"description":"Jornalista formado pela Faculdade C\u00e1sper L\u00edbero e p\u00f3s-graduado em Can\u00e7\u00e3o Popular pela Faculdade Santa Marcelina. Passagens por R\u00e1dio Gazeta AM, gazetaesportiva.com e TC R\u00e1dio.","url":"https:\/\/www.suno.com.br\/noticias\/author\/guilhermeserranosilvagmail-com\/"}]}},"default_loop_html":"<div class=\"cardsPage__listCard__boxs\"><div class=\"cardsPage__listCard__boxs__img\"><a href=\"https:\/\/www.suno.com.br\/noticias\/petrobras-petr4-plano-estrategico-ruidos-politicos\/\"><img class=\"mask\" src=\"https:\/\/www.suno.com.br\/noticias\/wp-content\/themes\/suno\/resources\/images\/spotlight\/spotlight1img\/bg-mask.png\" alt=\"Image Mask\"\/><img src=\"https:\/\/files.sunoresearch.com.br\/n\/uploads\/2023\/03\/coletiva_presidente_petrobras_jeanpaulprates_8_-_02-03-2023-400x200.jpg\" alt=\"Plano estrat\u00e9gico da Petrobras (PETR4) sai em  em meio a ru\u00eddos pol\u00edticos. Como ficam as a\u00e7\u00f5es e os dividendos?\"\/><\/a><span class=\"spotlightCategory\"><a href=\"https:\/\/www.suno.com.br\/noticias\/negocios\/\">Neg\u00f3cios<\/a><\/span><\/div><div class=\"cardsPage__listCard__boxs__content\"><a href=\"https:\/\/www.suno.com.br\/noticias\/petrobras-petr4-plano-estrategico-ruidos-politicos\/\"><h2 class=\"content__title\">Plano estrat\u00e9gico da Petrobras (PETR4) sai em  em meio a ru\u00eddos pol\u00edticos. Como ficam as a\u00e7\u00f5es e os dividendos?<\/h2><\/a><div class=\"newsContent__article__meta\"><div class=\"newsContent__article__meta__authorBox\"><a href=\"https:\/\/www.suno.com.br\/noticias\/author\/joao-vitor-jacintho\/\" class=\"authorBox__avatar noMobi\"><img src=\"https:\/\/secure.gravatar.com\/avatar\/2843227ca03ccf8cc7ccca45204c127e?s=96&#038;r=g\" alt=\"Jo\u00e3o Vitor Jacintho\"><\/a><div class=\"authorBox__name\"><span>por\n\t\t\t<a href=\"https:\/\/www.suno.com.br\/noticias\/author\/joao-vitor-jacintho\/\"><span itemprop=\"author\">Jo\u00e3o Vitor Jacintho<\/span><\/a><\/span><time datetime=\"2023-11-24T17:42:06-03:00\" itemprop=\"datePublished\">24\/11\/2023 17:42<\/time><\/div><\/div><\/div><\/div><\/div>","single_layout":"posts","amp_enabled":true,"_links":{"self":[{"href":"https:\/\/www.suno.com.br\/noticias\/wp-json\/wp\/v2\/posts\/490414"}],"collection":[{"href":"https:\/\/www.suno.com.br\/noticias\/wp-json\/wp\/v2\/posts"}],"about":[{"href":"https:\/\/www.suno.com.br\/noticias\/wp-json\/wp\/v2\/types\/post"}],"author":[{"embeddable":true,"href":"https:\/\/www.suno.com.br\/noticias\/wp-json\/wp\/v2\/users\/322"}],"replies":[{"embeddable":true,"href":"https:\/\/www.suno.com.br\/noticias\/wp-json\/wp\/v2\/comments?post=490414"}],"version-history":[{"count":3,"href":"https:\/\/www.suno.com.br\/noticias\/wp-json\/wp\/v2\/posts\/490414\/revisions"}],"predecessor-version":[{"id":490482,"href":"https:\/\/www.suno.com.br\/noticias\/wp-json\/wp\/v2\/posts\/490414\/revisions\/490482"}],"wp:featuredmedia":[{"embeddable":true,"href":"https:\/\/www.suno.com.br\/noticias\/wp-json\/wp\/v2\/media\/374375"}],"wp:attachment":[{"href":"https:\/\/www.suno.com.br\/noticias\/wp-json\/wp\/v2\/media?parent=490414"}],"wp:term":[{"taxonomy":"category","embeddable":true,"href":"https:\/\/www.suno.com.br\/noticias\/wp-json\/wp\/v2\/categories?post=490414"},{"taxonomy":"post_tag","embeddable":true,"href":"https:\/\/www.suno.com.br\/noticias\/wp-json\/wp\/v2\/tags?post=490414"},{"taxonomy":"suno_strategy","embeddable":true,"href":"https:\/\/www.suno.com.br\/noticias\/wp-json\/wp\/v2\/suno_strategy?post=490414"}],"curies":[{"name":"wp","href":"https:\/\/api.w.org\/{rel}","templated":true}]}}