{"id":490407,"date":"2023-11-24T21:02:00","date_gmt":"2023-11-25T00:02:00","guid":{"rendered":"https:\/\/www.suno.com.br\/noticias\/?p=490407"},"modified":"2023-11-24T22:10:22","modified_gmt":"2023-11-25T01:10:22","slug":"mercado-livre-meli34-mira-ser-lider-venda-propria-de-eletronicos-diz-site","status":"publish","type":"post","link":"https:\/\/www.suno.com.br\/noticias\/mercado-livre-meli34-mira-ser-lider-venda-propria-de-eletronicos-diz-site\/","title":{"rendered":"Mercado Livre (MELI34) mira ser l\u00edder em venda pr\u00f3pria de eletr\u00f4nicos, diz jornal"},"content":{"rendered":"<p>O <strong>Mercado Livre<\/strong> (<a class=\"suno-keyword\" data-force=\"yes\" data-priority=\"2\" href=\"https:\/\/www.suno.com.br\/bdrs\/meli34\/\" target=\"_blank\" rel=\"noopener\">MELI34<\/a>) est\u00e1 expandindo sua estrat\u00e9gia na chamada venda \u201c1P\u201d de eletr\u00f4nicos e eletrodom\u00e9sticos, quando uma empresa vende diretamente para o consumidor final atrav\u00e9s de uma loja online, informa o Valor Econ\u00f4mico. \u00c9 uma concorr\u00eancia direta com <a class=\"suno-keyword\" data-force=\"yes\" data-priority=\"2\" href=\"https:\/\/www.suno.com.br\/acoes\/MGLU3\/\" target=\"_blank\" rel=\"noopener\">Magazine Luiza (MGLU3)<\/a> e Casas Bahia (BHIA3), que s\u00e3o consolidadas na \u00e1rea.\u00a0As duas <a href=\"https:\/\/www.suno.com.br\/noticias\/ibovespa-hoje-mercado-ao-vivo-241123\/\">varejistas brasileiras tombaram<\/a> nesta sexta (24) no Ibovespa.<\/p>\t<div class=\"wrapper-featured-image\">\n\t\t<figure class=\"spotlightImg\">\n\n\t\t\t<picture>\n\t\t\t\t<source media=\"(max-width: 768px)\" srcset=\"https:\/\/files.sunoresearch.com.br\/n\/uploads\/2022\/07\/mercado-livre-400x200.jpg\">\n\t\t\t\t<img loading=\"lazy\" decoding=\"async\" class=\"newsContent__article__imgCapa lazyloadDisabled \" src=\"https:\/\/files.sunoresearch.com.br\/n\/uploads\/2022\/07\/mercado-livre-800x450.jpg\" width=\"800\" height=\"450\" alt=\"Mercado Livre (MELI34) mira ser l\u00edder em venda pr\u00f3pria de eletr\u00f4nicos, diz jornal\" fetchpriority=high \/>\n\t\t\t<\/picture>\n\n\t\t\t<figcaption class=\"wp-caption-text wp-caption-text--show\">Mercado Livre (MELI34). Foto: Divulga\u00e7\u00e3o<\/figcaption>\n\t\t<\/figure>\n\t<\/div>\n\n\n\n\n\n\t<p>\n\t\t<a href=\"https:\/\/lp.suno.com.br\/planilha-da-vida-financeira\/\" target=\"_blank\" data-element=\"shortcode-suno-banner\" title=\"Banner SUNO, clique e saiba mais\">\n\t\t\t<picture>\n\t\t\t\t<source media=\"(max-width: 500px)\" srcset=\"https:\/\/files.sunoresearch.com.br\/n\/uploads\/2023\/04\/400x300-Planilha-vida-financeira-true.png\">\n\t\t\t\t<img class=\"newsContent__article__imgCapa newsContent__article__imgCapa--banner\"\n\t\t\t\t\tsrc=\"https:\/\/files.sunoresearch.com.br\/n\/uploads\/2023\/04\/1420x240-Planilha-vida-financeira-true.png\"\n\t\t\t\t\tdata-promo-id=\"106682\"\t\t\t\t\t\t\t\t\t\twidth='1420' height='240'\t\t\t\t\talt=\"https:\/\/files.sunoresearch.com.br\/n\/uploads\/2023\/04\/1420x240-Planilha-vida-financeira-true.png\"\n\t\t\t\t>\n\t\t\t<\/picture>\n\t\t<\/a>\n\t<\/p>\n\n\n\n\n\n<p>O movimento do Mercado Livre ocorre ap\u00f3s aportes recebidos nos \u00faltimos anos para aumentar investimentos e a crise da Americanas (AMER3), al\u00e9m dos resultados pressionados das <strong>varejistas brasileiras<\/strong>, que abriram espa\u00e7o neste mercado.<\/p>\n\n\n\n<p>&#8220;Queremos que o consumidor que j\u00e1 compra com a gente itens menores comprem tamb\u00e9m mercadorias pesadas, e isso acabar\u00e1 gerando um ciclo de venda recorrente&#8221;, afirmou Fernando Yunes, l\u00edder do Mercado Livre no Brasil, ao Valor.<\/p>\n\n\n\n<p>Com isso, o Mercado Livre mira ser l\u00edder de <strong>vendas em eletr\u00f4nicos<\/strong> no pa\u00eds. O Valor apurou que o movimento tem apoio da ind\u00fastria, que visa reduzir a <strong>depend\u00eancia do Magalu <\/strong>e Casas Bahia.\u00a0<\/p>\n\n\n\n<p>No entanto, para especialistas, ainda existe um receio de comprar no<strong> Mercado Livre <\/strong>produtos mais caros, devido a quest\u00f5es log\u00edsticas e de trocas.&nbsp;<\/p>\n\n\n\n<p>Segundo o Valor, a iniciativa da empresa tem raz\u00f5es t\u00e1ticas, pois n\u00e3o h\u00e1 vendedores parceiros na <strong>plataforma do Mercado Livre<\/strong> t\u00e3o representativos em eletr\u00f4nicos e eletrodom\u00e9sticos, o que torna interessante montar uma estrutura de 1P para ir ganhando mercado.<\/p>\n\n\n\n<h2 class=\"wp-block-heading\">Lucro do Mercado Livre cresce 178,2% no 3T23<\/h2>\n\n\n\n<p>O&nbsp;<strong>Mercado Livre<\/strong>&nbsp;apresentou um&nbsp;<a href=\"https:\/\/www.suno.com.br\/artigos\/lucro-liquido\/\" target=\"_blank\" rel=\"noreferrer noopener\">lucro l\u00edquido<\/a>&nbsp;de US$ 359 milh\u00f5es no terceiro trimestre (3T23).<\/p>\n\n\n\n<p>O&nbsp;<strong>resultado do Mercado Livre&nbsp;<\/strong>registra uma alta de 178,2% em rela\u00e7\u00e3o ao terceiro trimestre do ano passado, em meio ao aumento de suas receitas, inclusive no Brasil.<\/p>\n\n\n\n<p>O Ebtida ajustado do Mercado Livre, que representa o lucro antes de juros, impostos&nbsp;<a href=\"https:\/\/www.suno.com.br\/artigos\/depreciacao-amortizacao\/\" target=\"_blank\" rel=\"noreferrer noopener\">deprecia\u00e7\u00e3o e amortiza\u00e7\u00e3o<\/a>, somou US$ 820 milh\u00f5es no 3T23, registrando crescimento de 108,7% em compara\u00e7\u00e3o com o 3T22. J\u00e1 a&nbsp;<a href=\"https:\/\/www.suno.com.br\/artigos\/margem-operacional\/\" target=\"_blank\" rel=\"noreferrer noopener\">margem operacional<\/a>&nbsp;(Ebit) teve um avan\u00e7o anual de 7,2 pontos percentuais, chegando a 18,2%.<\/p>\n\n\n\n<p>A&nbsp;<a target=\"_blank\" href=\"https:\/\/www.suno.com.br\/artigos\/o-que-receita-liquida\/\" rel=\"noreferrer noopener\">receita l\u00edquida<\/a>&nbsp;da empresa de varejo totalizou US$ 3,8 bilh\u00f5es no per\u00edodo, mostrando um crescimento de 39,8% em rela\u00e7\u00e3o ao 3T22.<\/p>\n\n\n\n<p>Em conversa com jornalistas, o vice-presidente s\u00eanior de desenvolvimento corporativo estrat\u00e9gico e&nbsp;<a href=\"https:\/\/www.suno.com.br\/artigos\/relacoes-com-investidores\/\" target=\"_blank\" rel=\"noreferrer noopener\">rela\u00e7\u00f5es com investidores<\/a>, Andr\u00e9 Chaves, comentou sobre o&nbsp;<strong>balan\u00e7o do Mercado Livre<\/strong>&nbsp;e ressaltou a \u201cacelera\u00e7\u00e3o do crescimento de receita em percentual, tanto em e-commerce quanto fintech e nas principais geografias\u201d.<\/p>\n\n\n\t<p>\n\t\t<a href=\"https:\/\/lp.suno.com.br\/ebook-como-analisar-uma-acao\/\" target=\"_blank\" data-element=\"shortcode-suno-banner\" title=\"Banner SUNO, clique e saiba mais\">\n\t\t\t<picture>\n\t\t\t\t<source media=\"(max-width: 500px)\" srcset=\"https:\/\/files.sunoresearch.com.br\/n\/uploads\/2023\/03\/Ebook-Acoes-Mobile.jpg\">\n\t\t\t\t<img class=\"newsContent__article__imgCapa newsContent__article__imgCapa--banner\"\n\t\t\t\t\tsrc=\"https:\/\/files.sunoresearch.com.br\/n\/uploads\/2023\/03\/Ebook-Acoes-Desktop.jpg\"\n\t\t\t\t\tdata-promo-id=\"378302\"\t\t\t\t\t\t\t\t\t\twidth='1420' height='286'\t\t\t\t\talt=\"https:\/\/files.sunoresearch.com.br\/n\/uploads\/2023\/03\/Ebook-Acoes-Desktop.jpg\"\n\t\t\t\t>\n\t\t\t<\/picture>\n\t\t<\/a>\n\t<\/p>\n\n\n\n\n\n<p>J\u00e1 as&nbsp;<a target=\"_blank\" href=\"https:\/\/www.suno.com.br\/artigos\/despesas-operacionais\/\" rel=\"noreferrer noopener\">despesas operacionais<\/a>&nbsp;chegaram a US$ 1,31 bilh\u00e3o no 3T23, cerca de 24,76% maior que o registrado no mesmo per\u00edodo do ano passado, que foi de US$ 1,05 bilh\u00e3o.<\/p>\n\n\n\n<p>\u201cTodas as linhas de custos crescem, mas o neg\u00f3cio cresce muito mais r\u00e1pido e as linhas de custo crescem de maneira disciplinada\u201d, destaca Chaves.<\/p>\n\n\n\n<h2 class=\"wp-block-heading\">E-commerce e participa\u00e7\u00e3o do Brasil nas receitas <\/h2>\n\n\n\n<p>A&nbsp;<a target=\"_blank\" href=\"https:\/\/www.suno.com.br\/artigos\/o-que-receita-liquida\/\" rel=\"noreferrer noopener\">receita l\u00edquida<\/a>&nbsp;obtida do com\u00e9rcio eletr\u00f4nico foi de US$ 2,1 bilh\u00f5es no 3T23, com crescimento anual de 45,2%. O volume bruto de mercadorias vendidas no per\u00edodo registrou um aumento de 31,8%.<\/p>\n\n\n\n<p>No marketplace, a representatividade do Brasil nas&nbsp;<strong>receitas do Mercado Livre<\/strong>&nbsp;passou a ser de 57% ao final do terceiro trimestre de 2023, com alta de 4 pontos percentuais em rela\u00e7\u00e3o \u00e0 igual etapa de 2022 (53%).<\/p>\n\n\n\n\t<div data-element=\"shortcode-read-more\" class=\"readToo\">\n\t\t\t\t<span class=\"readToo__title\">Leia mais<\/span>\n\t\t\t\t<ul class=\"readToo__list\">\n\t\t\t<li><a href=\"https:\/\/www.suno.com.br\/noticias\/casas-bahia-bhia3-rating-gpj\/\">Casas Bahia (BHIA3): S&#038;P rebaixa rating nacional ap\u00f3s resultados do terceiro trimestre; saiba mais<\/a><\/li><li><a href=\"https:\/\/www.suno.com.br\/noticias\/mercado-livre-meli34-black-friday-gpj\/\">Quente demais: Mercado Livre (MELI34) tem ventilador entre os itens mais buscados na v\u00e9spera da Black Friday; veja outros produtos<\/a><\/li>\t\t<\/ul>\n\t<\/div>\n\n\n\n\n<p>A carteira de cr\u00e9dito da varejista atingiu a marca de US$ 3,4 bilh\u00f5es, registrando crescimento anual de 22,6%. J\u00e1 a taxa atual de inadimpl\u00eancia de at\u00e9 90 dias \u00e9 de 10,6%.<\/p>\n\n\n\n<p>Para o restante do ano, Andr\u00e9 Chaves tem boas perspectivas em rela\u00e7\u00e3o \u00e0s vendas da empresa, principalmente com o advento da Black Friday.<\/p>\n\n\n\n<p>\u201cVamos fazer uma Black Friday forte como temos feitos nos \u00faltimos anos. A gente \u00e9 uma empresa que historicamente foi crescendo nas datas promocionais, porque faz\u00edamos pouco e fomos aprendendo onde \u00e9 mais eficiente investir, onde vamos fazer mais apostas\u201d, comenta o executivo do&nbsp;<strong>Mercado Livre<\/strong>.<\/p>\n\n\n\n<h2 class=\"wp-block-heading\">Cota\u00e7\u00e3o <\/h2>\n\n\n\n<p>Nesta sexta-feira (24), os BDRs do <strong>Mercado Livre <\/strong>fecharam em alta de 1,26%, cotados a R$ 62,86.<\/p>\n\n\n\n\n\t<p>\n\t\t<a href=\"https:\/\/lp.suno.com.br\/planilha-da-vida-financeira\/\" target=\"_blank\" data-element=\"shortcode-suno-banner\" title=\"Banner SUNO, clique e saiba mais\">\n\t\t\t<picture>\n\t\t\t\t<source media=\"(max-width: 500px)\" srcset=\"https:\/\/files.sunoresearch.com.br\/n\/uploads\/2023\/04\/400x300-Planilha-vida-financeira-true.png\">\n\t\t\t\t<img class=\"newsContent__article__imgCapa newsContent__article__imgCapa--banner\"\n\t\t\t\t\tsrc=\"https:\/\/files.sunoresearch.com.br\/n\/uploads\/2023\/04\/1420x240-Planilha-vida-financeira-true.png\"\n\t\t\t\t\tdata-promo-id=\"383123\"\t\t\t\t\t\t\t\t\t\twidth='1420' height='240'\t\t\t\t\talt=\"https:\/\/files.sunoresearch.com.br\/n\/uploads\/2023\/04\/1420x240-Planilha-vida-financeira-true.png\"\n\t\t\t\t>\n\t\t\t<\/picture>\n\t\t<\/a>\n\t<\/p>\n\n\n","protected":false},"excerpt":{"rendered":"<p>O Mercado Livre (MELI34) est\u00e1 expandindo sua estrat\u00e9gia na chamada venda \u201c1P\u201d de eletr\u00f4nicos e eletrodom\u00e9sticos, quando uma empresa vende diretamente para o consumidor final atrav\u00e9s de uma loja online, informa o Valor Econ\u00f4mico. \u00c9 uma concorr\u00eancia direta com Magazine Luiza (MGLU3) e Casas Bahia (BHIA3), que s\u00e3o consolidadas na \u00e1rea.\u00a0As duas varejistas brasileiras tombaram [&hellip;]<\/p>\n","protected":false},"author":301,"featured_media":275046,"comment_status":"closed","ping_status":"closed","sticky":false,"template":"","format":"standard","meta":[],"categories":[60],"tags":[286,107138,548,1235],"suno_strategy":[],"class_list":["post-490407","post","type-post","status-publish","format-standard","has-post-thumbnail","hentry","category-mercado","tag-acoes","tag-casas-bahia-bhia3","tag-magazine-luiza-mglu3","tag-mercado-livre-meli34"],"yoast_head":"<!-- This site is optimized with the Yoast SEO plugin v24.4 - https:\/\/yoast.com\/wordpress\/plugins\/seo\/ -->\n<title>Mercado Livre (MELI34) mira venda pr\u00f3pria de eletr\u00f4nicos, diz site<\/title>\n<meta name=\"description\" content=\"O Mercado Livre (MELI34) est\u00e1 expandindo sua estrat\u00e9gia na chamada venda \u201c1P\u201d de eletr\u00f4nicos e eletrodom\u00e9sticos.\" \/>\n<meta name=\"robots\" content=\"index, follow, max-snippet:-1, max-image-preview:large, max-video-preview:-1\" \/>\n<link rel=\"canonical\" href=\"https:\/\/www.suno.com.br\/noticias\/mercado-livre-meli34-mira-ser-lider-venda-propria-de-eletronicos-diz-site\/\" \/>\n<meta property=\"og:locale\" content=\"pt_BR\" \/>\n<meta property=\"og:type\" content=\"article\" \/>\n<meta property=\"og:title\" content=\"Mercado Livre (MELI34) mira venda pr\u00f3pria de eletr\u00f4nicos, diz site\" \/>\n<meta property=\"og:description\" content=\"O Mercado Livre (MELI34) est\u00e1 expandindo sua estrat\u00e9gia na chamada venda \u201c1P\u201d de eletr\u00f4nicos e eletrodom\u00e9sticos.\" \/>\n<meta property=\"og:url\" content=\"https:\/\/www.suno.com.br\/noticias\/mercado-livre-meli34-mira-ser-lider-venda-propria-de-eletronicos-diz-site\/\" \/>\n<meta property=\"og:site_name\" content=\"Suno Not\u00edcias\" \/>\n<meta property=\"article:publisher\" content=\"https:\/\/facebook.com\/sunoresearch\" \/>\n<meta property=\"og:image\" content=\"https:\/\/files.sunoresearch.com.br\/n\/uploads\/2022\/07\/mercado-livre.jpg\" \/>\n\t<meta property=\"og:image:width\" content=\"1350\" \/>\n\t<meta property=\"og:image:height\" content=\"810\" \/>\n\t<meta property=\"og:image:type\" content=\"image\/jpeg\" \/>\n<meta name=\"author\" content=\"Vin\u00edcius Alves\" \/>\n<meta name=\"twitter:card\" content=\"summary_large_image\" \/>\n<meta name=\"twitter:creator\" content=\"@sunoresearch\" \/>\n<meta name=\"twitter:site\" content=\"@sunoresearch\" \/>\n<meta name=\"twitter:label1\" content=\"Escrito por\" \/>\n\t<meta name=\"twitter:data1\" content=\"Vin\u00edcius Alves\" \/>\n\t<meta name=\"twitter:label2\" content=\"Est. tempo de leitura\" \/>\n\t<meta name=\"twitter:data2\" content=\"4 minutos\" \/>\n<script type=\"application\/ld+json\" class=\"yoast-schema-graph\">{\"@context\":\"https:\/\/schema.org\",\"@graph\":[{\"@type\":\"NewsArticle\",\"@id\":\"https:\/\/www.suno.com.br\/noticias\/mercado-livre-meli34-mira-ser-lider-venda-propria-de-eletronicos-diz-site\/#article\",\"isPartOf\":{\"@id\":\"https:\/\/www.suno.com.br\/noticias\/mercado-livre-meli34-mira-ser-lider-venda-propria-de-eletronicos-diz-site\/\"},\"author\":{\"name\":\"Vin\u00edcius Alves\",\"@id\":\"https:\/\/www.suno.com.br\/noticias\/#\/schema\/person\/4a180549702d0e236b3e420862bcded3\"},\"headline\":\"Mercado Livre (MELI34) mira ser l\u00edder em venda pr\u00f3pria de eletr\u00f4nicos, diz jornal\",\"datePublished\":\"2023-11-25T00:02:00+00:00\",\"dateModified\":\"2023-11-25T01:10:22+00:00\",\"mainEntityOfPage\":{\"@id\":\"https:\/\/www.suno.com.br\/noticias\/mercado-livre-meli34-mira-ser-lider-venda-propria-de-eletronicos-diz-site\/\"},\"wordCount\":712,\"publisher\":{\"@id\":\"https:\/\/www.suno.com.br\/noticias\/#organization\"},\"image\":{\"@id\":\"https:\/\/www.suno.com.br\/noticias\/mercado-livre-meli34-mira-ser-lider-venda-propria-de-eletronicos-diz-site\/#primaryimage\"},\"thumbnailUrl\":\"https:\/\/files.sunoresearch.com.br\/n\/uploads\/2022\/07\/mercado-livre.jpg\",\"keywords\":[\"A\u00e7\u00f5es\",\"Casas Bahia (BHIA3)\",\"Magazine Luiza (MGLU3)\",\"Mercado Livre (MELI34)\"],\"articleSection\":[\"Mercado\"],\"inLanguage\":\"pt-BR\"},{\"@type\":\"WebPage\",\"@id\":\"https:\/\/www.suno.com.br\/noticias\/mercado-livre-meli34-mira-ser-lider-venda-propria-de-eletronicos-diz-site\/\",\"url\":\"https:\/\/www.suno.com.br\/noticias\/mercado-livre-meli34-mira-ser-lider-venda-propria-de-eletronicos-diz-site\/\",\"name\":\"Mercado Livre (MELI34) mira venda pr\u00f3pria de eletr\u00f4nicos, diz site\",\"isPartOf\":{\"@id\":\"https:\/\/www.suno.com.br\/noticias\/#website\"},\"primaryImageOfPage\":{\"@id\":\"https:\/\/www.suno.com.br\/noticias\/mercado-livre-meli34-mira-ser-lider-venda-propria-de-eletronicos-diz-site\/#primaryimage\"},\"image\":{\"@id\":\"https:\/\/www.suno.com.br\/noticias\/mercado-livre-meli34-mira-ser-lider-venda-propria-de-eletronicos-diz-site\/#primaryimage\"},\"thumbnailUrl\":\"https:\/\/files.sunoresearch.com.br\/n\/uploads\/2022\/07\/mercado-livre.jpg\",\"datePublished\":\"2023-11-25T00:02:00+00:00\",\"dateModified\":\"2023-11-25T01:10:22+00:00\",\"description\":\"O Mercado Livre (MELI34) est\u00e1 expandindo sua estrat\u00e9gia na chamada venda \u201c1P\u201d de eletr\u00f4nicos e eletrodom\u00e9sticos.\",\"breadcrumb\":{\"@id\":\"https:\/\/www.suno.com.br\/noticias\/mercado-livre-meli34-mira-ser-lider-venda-propria-de-eletronicos-diz-site\/#breadcrumb\"},\"inLanguage\":\"pt-BR\",\"potentialAction\":[{\"@type\":\"ReadAction\",\"target\":[\"https:\/\/www.suno.com.br\/noticias\/mercado-livre-meli34-mira-ser-lider-venda-propria-de-eletronicos-diz-site\/\"]}]},{\"@type\":\"ImageObject\",\"inLanguage\":\"pt-BR\",\"@id\":\"https:\/\/www.suno.com.br\/noticias\/mercado-livre-meli34-mira-ser-lider-venda-propria-de-eletronicos-diz-site\/#primaryimage\",\"url\":\"https:\/\/files.sunoresearch.com.br\/n\/uploads\/2022\/07\/mercado-livre.jpg\",\"contentUrl\":\"https:\/\/files.sunoresearch.com.br\/n\/uploads\/2022\/07\/mercado-livre.jpg\",\"width\":1350,\"height\":810,\"caption\":\"Mercado Livre (MELI34). Foto: Divulga\u00e7\u00e3o\"},{\"@type\":\"BreadcrumbList\",\"@id\":\"https:\/\/www.suno.com.br\/noticias\/mercado-livre-meli34-mira-ser-lider-venda-propria-de-eletronicos-diz-site\/#breadcrumb\",\"itemListElement\":[{\"@type\":\"ListItem\",\"position\":1,\"name\":\"Not\u00edcias\",\"item\":\"https:\/\/www.suno.com.br\/noticias\/\"},{\"@type\":\"ListItem\",\"position\":2,\"name\":\"Mercado\",\"item\":\"https:\/\/www.suno.com.br\/noticias\/mercado\/\"},{\"@type\":\"ListItem\",\"position\":3,\"name\":\"Mercado Livre (MELI34) mira ser l\u00edder em venda pr\u00f3pria de eletr\u00f4nicos, diz jornal\"}]},{\"@type\":\"WebSite\",\"@id\":\"https:\/\/www.suno.com.br\/noticias\/#website\",\"url\":\"https:\/\/www.suno.com.br\/noticias\/\",\"name\":\"Suno Not\u00edcias\",\"description\":\"Seu portal de informa\u00e7\u00e3o sobre o mundo dos investimentos\",\"publisher\":{\"@id\":\"https:\/\/www.suno.com.br\/noticias\/#organization\"},\"potentialAction\":[{\"@type\":\"SearchAction\",\"target\":{\"@type\":\"EntryPoint\",\"urlTemplate\":\"https:\/\/www.suno.com.br\/noticias\/?s={search_term_string}\"},\"query-input\":{\"@type\":\"PropertyValueSpecification\",\"valueRequired\":true,\"valueName\":\"search_term_string\"}}],\"inLanguage\":\"pt-BR\"},{\"@type\":\"Organization\",\"@id\":\"https:\/\/www.suno.com.br\/noticias\/#organization\",\"name\":\"Suno Not\u00edcias\",\"url\":\"https:\/\/www.suno.com.br\/noticias\/\",\"logo\":{\"@type\":\"ImageObject\",\"inLanguage\":\"pt-BR\",\"@id\":\"https:\/\/www.suno.com.br\/noticias\/#\/schema\/logo\/image\/\",\"url\":\"https:\/\/files.sunoresearch.com.br\/n\/uploads\/2021\/09\/suno-logo.png\",\"contentUrl\":\"https:\/\/files.sunoresearch.com.br\/n\/uploads\/2021\/09\/suno-logo.png\",\"width\":180,\"height\":180,\"caption\":\"Suno Not\u00edcias\"},\"image\":{\"@id\":\"https:\/\/www.suno.com.br\/noticias\/#\/schema\/logo\/image\/\"},\"sameAs\":[\"https:\/\/facebook.com\/sunoresearch\",\"https:\/\/x.com\/sunoresearch\",\"https:\/\/www.instagram.com\/suno\",\"https:\/\/www.linkedin.com\/company\/suno-research\/\",\"https:\/\/www.youtube.com\/c\/sunoresearch\"]},{\"@type\":\"Person\",\"@id\":\"https:\/\/www.suno.com.br\/noticias\/#\/schema\/person\/4a180549702d0e236b3e420862bcded3\",\"name\":\"Vin\u00edcius Alves\",\"image\":{\"@type\":\"ImageObject\",\"inLanguage\":\"pt-BR\",\"@id\":\"https:\/\/www.suno.com.br\/noticias\/#\/schema\/person\/image\/\",\"url\":\"https:\/\/secure.gravatar.com\/avatar\/a95b7fe6d1b813f7907d4f476d5a39e1?s=96&r=g\",\"contentUrl\":\"https:\/\/secure.gravatar.com\/avatar\/a95b7fe6d1b813f7907d4f476d5a39e1?s=96&r=g\",\"caption\":\"Vin\u00edcius Alves\"},\"description\":\"Jornalista formado na Faculdade C\u00e1sper L\u00edbero. Com passagens pela Ag\u00eancia Estado, InfoMoney e Editora Globo.\",\"url\":\"https:\/\/www.suno.com.br\/noticias\/author\/vini08correiagmail-com\/\"}]}<\/script>\n<!-- \/ Yoast SEO plugin. -->","yoast_head_json":{"title":"Mercado Livre (MELI34) mira venda pr\u00f3pria de eletr\u00f4nicos, diz site","description":"O Mercado Livre (MELI34) est\u00e1 expandindo sua estrat\u00e9gia na chamada venda \u201c1P\u201d de eletr\u00f4nicos e eletrodom\u00e9sticos.","robots":{"index":"index","follow":"follow","max-snippet":"max-snippet:-1","max-image-preview":"max-image-preview:large","max-video-preview":"max-video-preview:-1"},"canonical":"https:\/\/www.suno.com.br\/noticias\/mercado-livre-meli34-mira-ser-lider-venda-propria-de-eletronicos-diz-site\/","og_locale":"pt_BR","og_type":"article","og_title":"Mercado Livre (MELI34) mira venda pr\u00f3pria de eletr\u00f4nicos, diz site","og_description":"O Mercado Livre (MELI34) est\u00e1 expandindo sua estrat\u00e9gia na chamada venda \u201c1P\u201d de eletr\u00f4nicos e eletrodom\u00e9sticos.","og_url":"https:\/\/www.suno.com.br\/noticias\/mercado-livre-meli34-mira-ser-lider-venda-propria-de-eletronicos-diz-site\/","og_site_name":"Suno Not\u00edcias","article_publisher":"https:\/\/facebook.com\/sunoresearch","og_image":[{"width":1350,"height":810,"url":"https:\/\/files.sunoresearch.com.br\/n\/uploads\/2022\/07\/mercado-livre.jpg","type":"image\/jpeg"}],"author":"Vin\u00edcius Alves","twitter_card":"summary_large_image","twitter_creator":"@sunoresearch","twitter_site":"@sunoresearch","twitter_misc":{"Escrito por":"Vin\u00edcius Alves","Est. tempo de leitura":"4 minutos"},"schema":{"@context":"https:\/\/schema.org","@graph":[{"@type":"NewsArticle","@id":"https:\/\/www.suno.com.br\/noticias\/mercado-livre-meli34-mira-ser-lider-venda-propria-de-eletronicos-diz-site\/#article","isPartOf":{"@id":"https:\/\/www.suno.com.br\/noticias\/mercado-livre-meli34-mira-ser-lider-venda-propria-de-eletronicos-diz-site\/"},"author":{"name":"Vin\u00edcius Alves","@id":"https:\/\/www.suno.com.br\/noticias\/#\/schema\/person\/4a180549702d0e236b3e420862bcded3"},"headline":"Mercado Livre (MELI34) mira ser l\u00edder em venda pr\u00f3pria de eletr\u00f4nicos, diz jornal","datePublished":"2023-11-25T00:02:00+00:00","dateModified":"2023-11-25T01:10:22+00:00","mainEntityOfPage":{"@id":"https:\/\/www.suno.com.br\/noticias\/mercado-livre-meli34-mira-ser-lider-venda-propria-de-eletronicos-diz-site\/"},"wordCount":712,"publisher":{"@id":"https:\/\/www.suno.com.br\/noticias\/#organization"},"image":{"@id":"https:\/\/www.suno.com.br\/noticias\/mercado-livre-meli34-mira-ser-lider-venda-propria-de-eletronicos-diz-site\/#primaryimage"},"thumbnailUrl":"https:\/\/files.sunoresearch.com.br\/n\/uploads\/2022\/07\/mercado-livre.jpg","keywords":["A\u00e7\u00f5es","Casas Bahia (BHIA3)","Magazine Luiza (MGLU3)","Mercado Livre (MELI34)"],"articleSection":["Mercado"],"inLanguage":"pt-BR"},{"@type":"WebPage","@id":"https:\/\/www.suno.com.br\/noticias\/mercado-livre-meli34-mira-ser-lider-venda-propria-de-eletronicos-diz-site\/","url":"https:\/\/www.suno.com.br\/noticias\/mercado-livre-meli34-mira-ser-lider-venda-propria-de-eletronicos-diz-site\/","name":"Mercado Livre (MELI34) mira venda pr\u00f3pria de eletr\u00f4nicos, diz site","isPartOf":{"@id":"https:\/\/www.suno.com.br\/noticias\/#website"},"primaryImageOfPage":{"@id":"https:\/\/www.suno.com.br\/noticias\/mercado-livre-meli34-mira-ser-lider-venda-propria-de-eletronicos-diz-site\/#primaryimage"},"image":{"@id":"https:\/\/www.suno.com.br\/noticias\/mercado-livre-meli34-mira-ser-lider-venda-propria-de-eletronicos-diz-site\/#primaryimage"},"thumbnailUrl":"https:\/\/files.sunoresearch.com.br\/n\/uploads\/2022\/07\/mercado-livre.jpg","datePublished":"2023-11-25T00:02:00+00:00","dateModified":"2023-11-25T01:10:22+00:00","description":"O Mercado Livre (MELI34) est\u00e1 expandindo sua estrat\u00e9gia na chamada venda \u201c1P\u201d de eletr\u00f4nicos e eletrodom\u00e9sticos.","breadcrumb":{"@id":"https:\/\/www.suno.com.br\/noticias\/mercado-livre-meli34-mira-ser-lider-venda-propria-de-eletronicos-diz-site\/#breadcrumb"},"inLanguage":"pt-BR","potentialAction":[{"@type":"ReadAction","target":["https:\/\/www.suno.com.br\/noticias\/mercado-livre-meli34-mira-ser-lider-venda-propria-de-eletronicos-diz-site\/"]}]},{"@type":"ImageObject","inLanguage":"pt-BR","@id":"https:\/\/www.suno.com.br\/noticias\/mercado-livre-meli34-mira-ser-lider-venda-propria-de-eletronicos-diz-site\/#primaryimage","url":"https:\/\/files.sunoresearch.com.br\/n\/uploads\/2022\/07\/mercado-livre.jpg","contentUrl":"https:\/\/files.sunoresearch.com.br\/n\/uploads\/2022\/07\/mercado-livre.jpg","width":1350,"height":810,"caption":"Mercado Livre (MELI34). Foto: Divulga\u00e7\u00e3o"},{"@type":"BreadcrumbList","@id":"https:\/\/www.suno.com.br\/noticias\/mercado-livre-meli34-mira-ser-lider-venda-propria-de-eletronicos-diz-site\/#breadcrumb","itemListElement":[{"@type":"ListItem","position":1,"name":"Not\u00edcias","item":"https:\/\/www.suno.com.br\/noticias\/"},{"@type":"ListItem","position":2,"name":"Mercado","item":"https:\/\/www.suno.com.br\/noticias\/mercado\/"},{"@type":"ListItem","position":3,"name":"Mercado Livre (MELI34) mira ser l\u00edder em venda pr\u00f3pria de eletr\u00f4nicos, diz jornal"}]},{"@type":"WebSite","@id":"https:\/\/www.suno.com.br\/noticias\/#website","url":"https:\/\/www.suno.com.br\/noticias\/","name":"Suno Not\u00edcias","description":"Seu portal de informa\u00e7\u00e3o sobre o mundo dos investimentos","publisher":{"@id":"https:\/\/www.suno.com.br\/noticias\/#organization"},"potentialAction":[{"@type":"SearchAction","target":{"@type":"EntryPoint","urlTemplate":"https:\/\/www.suno.com.br\/noticias\/?s={search_term_string}"},"query-input":{"@type":"PropertyValueSpecification","valueRequired":true,"valueName":"search_term_string"}}],"inLanguage":"pt-BR"},{"@type":"Organization","@id":"https:\/\/www.suno.com.br\/noticias\/#organization","name":"Suno Not\u00edcias","url":"https:\/\/www.suno.com.br\/noticias\/","logo":{"@type":"ImageObject","inLanguage":"pt-BR","@id":"https:\/\/www.suno.com.br\/noticias\/#\/schema\/logo\/image\/","url":"https:\/\/files.sunoresearch.com.br\/n\/uploads\/2021\/09\/suno-logo.png","contentUrl":"https:\/\/files.sunoresearch.com.br\/n\/uploads\/2021\/09\/suno-logo.png","width":180,"height":180,"caption":"Suno Not\u00edcias"},"image":{"@id":"https:\/\/www.suno.com.br\/noticias\/#\/schema\/logo\/image\/"},"sameAs":["https:\/\/facebook.com\/sunoresearch","https:\/\/x.com\/sunoresearch","https:\/\/www.instagram.com\/suno","https:\/\/www.linkedin.com\/company\/suno-research\/","https:\/\/www.youtube.com\/c\/sunoresearch"]},{"@type":"Person","@id":"https:\/\/www.suno.com.br\/noticias\/#\/schema\/person\/4a180549702d0e236b3e420862bcded3","name":"Vin\u00edcius Alves","image":{"@type":"ImageObject","inLanguage":"pt-BR","@id":"https:\/\/www.suno.com.br\/noticias\/#\/schema\/person\/image\/","url":"https:\/\/secure.gravatar.com\/avatar\/a95b7fe6d1b813f7907d4f476d5a39e1?s=96&r=g","contentUrl":"https:\/\/secure.gravatar.com\/avatar\/a95b7fe6d1b813f7907d4f476d5a39e1?s=96&r=g","caption":"Vin\u00edcius Alves"},"description":"Jornalista formado na Faculdade C\u00e1sper L\u00edbero. Com passagens pela Ag\u00eancia Estado, InfoMoney e Editora Globo.","url":"https:\/\/www.suno.com.br\/noticias\/author\/vini08correiagmail-com\/"}]}},"default_loop_html":"<div class=\"cardsPage__listCard__boxs\"><div class=\"cardsPage__listCard__boxs__img\"><a href=\"https:\/\/www.suno.com.br\/noticias\/mercado-livre-meli34-mira-ser-lider-venda-propria-de-eletronicos-diz-site\/\"><img class=\"mask\" src=\"https:\/\/www.suno.com.br\/noticias\/wp-content\/themes\/suno\/resources\/images\/spotlight\/spotlight1img\/bg-mask.png\" alt=\"Image Mask\"\/><img src=\"https:\/\/files.sunoresearch.com.br\/n\/uploads\/2022\/07\/mercado-livre-400x200.jpg\" alt=\"Mercado Livre (MELI34) mira ser l\u00edder em venda pr\u00f3pria de eletr\u00f4nicos, diz jornal\"\/><\/a><span class=\"spotlightCategory\"><a href=\"https:\/\/www.suno.com.br\/noticias\/mercado\/\">Mercado<\/a><\/span><\/div><div class=\"cardsPage__listCard__boxs__content\"><a href=\"https:\/\/www.suno.com.br\/noticias\/mercado-livre-meli34-mira-ser-lider-venda-propria-de-eletronicos-diz-site\/\"><h2 class=\"content__title\">Mercado Livre (MELI34) mira ser l\u00edder em venda pr\u00f3pria de eletr\u00f4nicos, diz jornal<\/h2><\/a><div class=\"newsContent__article__meta\"><div class=\"newsContent__article__meta__authorBox\"><a href=\"https:\/\/www.suno.com.br\/noticias\/author\/giovanni-porfiriosuno-com-br\/\" class=\"authorBox__avatar noMobi\"><img src=\"https:\/\/files.sunoresearch.com.br\/n\/uploads\/2024\/05\/DSCF4115-1-1-150x150.webp\" alt=\"Giovanni Porf\u00edrio Jacomino\"><\/a><div class=\"authorBox__name\"><span>por\n\t\t\t<a href=\"https:\/\/www.suno.com.br\/noticias\/author\/giovanni-porfiriosuno-com-br\/\"><span itemprop=\"author\">Giovanni Porf\u00edrio Jacomino<\/span><\/a><\/span><time datetime=\"2023-11-24T21:02:00-03:00\" itemprop=\"datePublished\">24\/11\/2023 21:02<\/time><\/div><\/div><\/div><\/div><\/div>","single_layout":"posts","amp_enabled":true,"_links":{"self":[{"href":"https:\/\/www.suno.com.br\/noticias\/wp-json\/wp\/v2\/posts\/490407"}],"collection":[{"href":"https:\/\/www.suno.com.br\/noticias\/wp-json\/wp\/v2\/posts"}],"about":[{"href":"https:\/\/www.suno.com.br\/noticias\/wp-json\/wp\/v2\/types\/post"}],"author":[{"embeddable":true,"href":"https:\/\/www.suno.com.br\/noticias\/wp-json\/wp\/v2\/users\/301"}],"replies":[{"embeddable":true,"href":"https:\/\/www.suno.com.br\/noticias\/wp-json\/wp\/v2\/comments?post=490407"}],"version-history":[{"count":3,"href":"https:\/\/www.suno.com.br\/noticias\/wp-json\/wp\/v2\/posts\/490407\/revisions"}],"predecessor-version":[{"id":490607,"href":"https:\/\/www.suno.com.br\/noticias\/wp-json\/wp\/v2\/posts\/490407\/revisions\/490607"}],"wp:featuredmedia":[{"embeddable":true,"href":"https:\/\/www.suno.com.br\/noticias\/wp-json\/wp\/v2\/media\/275046"}],"wp:attachment":[{"href":"https:\/\/www.suno.com.br\/noticias\/wp-json\/wp\/v2\/media?parent=490407"}],"wp:term":[{"taxonomy":"category","embeddable":true,"href":"https:\/\/www.suno.com.br\/noticias\/wp-json\/wp\/v2\/categories?post=490407"},{"taxonomy":"post_tag","embeddable":true,"href":"https:\/\/www.suno.com.br\/noticias\/wp-json\/wp\/v2\/tags?post=490407"},{"taxonomy":"suno_strategy","embeddable":true,"href":"https:\/\/www.suno.com.br\/noticias\/wp-json\/wp\/v2\/suno_strategy?post=490407"}],"curies":[{"name":"wp","href":"https:\/\/api.w.org\/{rel}","templated":true}]}}