{"id":48997,"date":"2020-01-08T12:08:55","date_gmt":"2020-01-08T14:08:55","guid":{"rendered":"https:\/\/www.suno.com.br\/noticias\/?p=48997"},"modified":"2020-01-08T12:08:55","modified_gmt":"2020-01-08T14:08:55","slug":"companhias-aereas-suspendem-voos-para-ira-e-iraque-confira-a-lista","status":"publish","type":"post","link":"https:\/\/www.suno.com.br\/noticias\/companhias-aereas-suspendem-voos-para-ira-e-iraque-confira-a-lista\/","title":{"rendered":"Companhias a\u00e9reas suspendem voos para Ir\u00e3 e Iraque; confira a lista"},"content":{"rendered":"<p>Diversas <strong>companhias a\u00e9reas<\/strong> cancelaram por tempo indeterminado seus voos para os <strong>espa\u00e7os a\u00e9reos iraniano<\/strong> e <strong>iraquiano<\/strong> ap\u00f3s os ataques do Ir\u00e3 a <strong>bases norte-americanas<\/strong> no Iraque na noite da \u00faltima ter\u00e7a-feira (7).<\/p>\t<div class=\"wrapper-featured-image\">\n\t\t<figure class=\"spotlightImg\">\n\n\t\t\t<picture>\n\t\t\t\t<source media=\"(max-width: 768px)\" srcset=\"https:\/\/files.sunoresearch.com.br\/n\/uploads\/2019\/03\/ca63985b-aeroportos-400x200.webp\">\n\t\t\t\t<img loading=\"lazy\" decoding=\"async\" class=\"newsContent__article__imgCapa lazyloadDisabled newsContent__article__imgCapa--noCaption\" src=\"https:\/\/files.sunoresearch.com.br\/n\/uploads\/2019\/03\/ca63985b-aeroportos-800x450.webp\" width=\"800\" height=\"450\" alt=\"Companhias a\u00e9reas suspendem voos para Ir\u00e3 e Iraque; confira a lista\" fetchpriority=high \/>\n\t\t\t<\/picture>\n\n\t\t\t<figcaption class=\"wp-caption-text wp-caption-text--hide\">Foto: Jos\u00e9 Cruz\/Ag\u00eancia Brasil<\/figcaption>\n\t\t<\/figure>\n\t<\/div>\n\n\n\n<p>A Ag\u00eancia Federal de Avia\u00e7\u00e3o dos Estados Unidos (FAA) j\u00e1 havia proibido as aeronaves americanas de sobrevoarem o <strong>Ir\u00e3<\/strong> devido &#8220;as atividades militares intensificadas e tens\u00f5es pol\u00edticas crescentes no <strong>Oriente M\u00e9dio<\/strong> que apresentam um risco inadvertido a opera\u00e7\u00f5es da avia\u00e7\u00e3o civil dos EUA&#8221;.<\/p>\n<p>As companhias a\u00e9reas que suspenderam rotas que sobrevoam a regi\u00e3o do Golfo foram:<\/p>\n<ul>\n<li>Air France<\/li>\n<li>Lufthansa<\/li>\n<li>KLM<\/li>\n<li>LOT<\/li>\n<li>Emirates<\/li>\n<li>flydubai<\/li>\n<li>Bahrein Airways<\/li>\n<li>Kuwait Airways<\/li>\n<li>EgyptAir<\/li>\n<li>Singapore Airlines<\/li>\n<li>Malaysia Airlines<\/li>\n<li>Vietnam Airlines<\/li>\n<\/ul>\n<p>&#8220;Por medida de precau\u00e7\u00e3o e diante do an\u00fancio de ataques a\u00e9reos em curso, a Air France decidiu suspender, at\u00e9 nova ordem, qualquer voo sobre os espa\u00e7os iraniano e iraquiano. Os planos de voos s\u00e3o ajustados em tempo real em fun\u00e7\u00e3o das decis\u00f5es das autoridades francesas e regionais, no mundo todo, com o objetivo de garantir o mais alto n\u00edvel de seguran\u00e7a dos voos&#8221; informou a companhia.<\/p>\n\t<p>\n\t\t<a href=\"https:\/\/lp.suno.com.br\/suno-one\/?utm_campaign=_SNC6964518A_\" target=\"_blank\" data-element=\"shortcode-suno-banner\" title=\"Banner SUNO, clique e saiba mais\">\n\t\t\t<picture>\n\t\t\t\t<source media=\"(max-width: 500px)\" srcset=\"https:\/\/files.sunoresearch.com.br\/n\/uploads\/2025\/09\/400x300-Suno-One-png.webp\">\n\t\t\t\t<img class=\"newsContent__article__imgCapa newsContent__article__imgCapa--banner\"\n\t\t\t\t\tsrc=\"https:\/\/files.sunoresearch.com.br\/n\/uploads\/2025\/09\/1420x240-Suno-One-png.webp\"\n\t\t\t\t\tdata-promo-id=\"85810\"\t\t\t\t\t\t\t\t\t\twidth='1420' height='240'\t\t\t\t\talt=\"https:\/\/files.sunoresearch.com.br\/n\/uploads\/2025\/09\/1420x240-Suno-One-png.webp\"\n\t\t\t\t>\n\t\t\t<\/picture>\n\t\t<\/a>\n\t<\/p>\n\n\n<p>Por sua vez, o porta-voz da empresa holandesa KLM informou que &#8220;todos os voos para os diferentes destinos do Sudeste Asi\u00e1tico e para o Oriente M\u00e9dio ser\u00e3o operados em rotas alternativas&#8221;.<\/p>\n<p>A Vietnam Airlines informou que as rotas com &#8220;potenciais zonas de instabilidades&#8221; no Oriente M\u00e9dio ser\u00e3o evitadas.<\/p>\n<p>As companhias a\u00e9reas que n\u00e3o alteraram ou suspenderam as rotas foram:<\/p>\n<ul>\n<li>Qatar Airways<\/li>\n<li>Emirates<\/li>\n<li>Etihad Airways<\/li>\n<li>Turkish Airlines<\/li>\n<li>Flydubai<\/li>\n<li>Air Arabia<\/li>\n<li>Norwegian Air<\/li>\n<\/ul>\n<h2>Bases militares dos EUA sofrem ataque do Ir\u00e3<\/h2>\n<p>Na \u00faltima ter\u00e7a-feira, duas bases militares dos Estados Unidos no Iraque foram atingidas por foguetes lan\u00e7ados pelo Ir\u00e3. As informa\u00e7\u00f5es foram dadas pela TV estatal iraniana e confirmadas pelo Pent\u00e1gono em nota.\u00a0 Ainda n\u00e3o h\u00e1 informa\u00e7\u00f5es sobre v\u00edtimas ou danos.<\/p>\n<p>O presidente norte-americano, <a href=\"https:\/\/www.suno.com.br\/tudo-sobre\/donald-trump\/\"><strong>Donald<\/strong> <strong>Trump<\/strong><\/a>, j\u00e1 estaria a par do ataque feito pelo <strong>Ir\u00e3 <\/strong>e monitorando a situa\u00e7\u00e3o. &#8220;O presidente foi informado e est\u00e1 monitorando a situa\u00e7\u00e3o de perto e consultando sua equipe de seguran\u00e7a nacional&#8221;, afirmou a Casa Branca em comunicado.<\/p>\n<p><a href=\"\/\/www.suno.com.br\/noticias\/ira-eua-petroleo-guerra-tensao-ataque\/\">Confira Tamb\u00e9m: Pre\u00e7o do petr\u00f3leo sobe 4,4% depois de ataque do Ir\u00e3<\/a><\/p>\n<p>Um dos alvos do ataque \u00e9 a base a\u00e9rea Ain Al-Saad, localizada na prov\u00edncia de Anbar (regi\u00e3o ocidental do pa\u00eds) e que abriga tropas norte-americanas e do Iraque. Outro alvo fica na cidade de Arbil, localizada na regi\u00e3o curda do Iraque.<\/p>\n<p>A TV estatal iraniana afirmou que o Ir\u00e3 lan\u00e7ou &#8220;dezenas&#8221; de m\u00edsseis contra uma das bases, de acordo com a Associated Press. De acordo com a emissora , \u00e9 a opera\u00e7\u00e3o de vingan\u00e7a de Teer\u00e3, que foi chamada de &#8220;M\u00e1rtir Soleimani&#8221;, em retalia\u00e7\u00e3o \u00e0 morte do general <strong>Qassem Soleimani<\/strong>, assassinado na semana passada em um ataque a\u00e9reo norte-americano no Iraque.<\/p>\n<p>A ag\u00eancia &#8220;Reuters&#8221; informou mais cedo que seis foguetes teriam explodido na base. H\u00e1 relatos na imprensa de helic\u00f3pteros norte-americanos na base de Ain al-Saad.<\/p>\n<p>A base atingida come\u00e7ou a ser usada pelas for\u00e7as dos <strong>EUA<\/strong> ap\u00f3s a invas\u00e3o do <strong>Iraque<\/strong> pelos norte-americanos em 2003. A a\u00e7\u00e3o militar americana culminou com a derrubada de <strong>Saddam<\/strong> <strong>Hussein<\/strong> do poder. O local tamb\u00e9m foi usado pelos Estados Unidos como base no combate contra o Estado Isl\u00e2mico.<\/p>\n\n","protected":false},"excerpt":{"rendered":"<p>Diversas companhias a\u00e9reas cancelaram por tempo indeterminado seus voos para os espa\u00e7os a\u00e9reos iraniano e iraquiano ap\u00f3s os ataques do Ir\u00e3 a bases norte-americanas no Iraque na noite da \u00faltima ter\u00e7a-feira (7). Foto: Jos\u00e9 Cruz\/Ag\u00eancia Brasil A Ag\u00eancia Federal de Avia\u00e7\u00e3o dos Estados Unidos (FAA) j\u00e1 havia proibido as aeronaves americanas de sobrevoarem o Ir\u00e3 [&hellip;]<\/p>\n","protected":false},"author":15,"featured_media":18291,"comment_status":"closed","ping_status":"closed","sticky":false,"template":"","format":"standard","meta":[],"categories":[64],"tags":[793,1458],"suno_strategy":[],"class_list":["post-48997","post","type-post","status-publish","format-standard","has-post-thumbnail","hentry","category-negocios","tag-estados-unidos-eua","tag-ira"],"yoast_head":"<!-- This site is optimized with the Yoast SEO plugin v24.4 - https:\/\/yoast.com\/wordpress\/plugins\/seo\/ -->\n<title>Companhias a\u00e9reas suspendem voos para Ir\u00e3 e Iraque; confira a lista<\/title>\n<meta name=\"description\" content=\"As companhias a\u00e9reas cancelaram por tempo indeterminado seus voos para os espa\u00e7os a\u00e9reos do Ir\u00e3 e Iraqu ap\u00f3s os ataques. Clique aqui\" \/>\n<meta name=\"robots\" content=\"index, follow, max-snippet:-1, max-image-preview:large, max-video-preview:-1\" \/>\n<link rel=\"canonical\" href=\"https:\/\/www.suno.com.br\/noticias\/companhias-aereas-suspendem-voos-para-ira-e-iraque-confira-a-lista\/\" \/>\n<meta property=\"og:locale\" content=\"pt_BR\" \/>\n<meta property=\"og:type\" content=\"article\" \/>\n<meta property=\"og:title\" content=\"Companhias a\u00e9reas suspendem voos para Ir\u00e3 e Iraque; confira a lista\" \/>\n<meta property=\"og:description\" content=\"As companhias a\u00e9reas cancelaram por tempo indeterminado seus voos para os espa\u00e7os a\u00e9reos do Ir\u00e3 e Iraqu ap\u00f3s os ataques. Clique aqui\" \/>\n<meta property=\"og:url\" content=\"https:\/\/www.suno.com.br\/noticias\/companhias-aereas-suspendem-voos-para-ira-e-iraque-confira-a-lista\/\" \/>\n<meta property=\"og:site_name\" content=\"Suno Not\u00edcias\" \/>\n<meta property=\"article:publisher\" content=\"https:\/\/facebook.com\/sunoresearch\" \/>\n<meta property=\"og:image\" content=\"https:\/\/files.sunoresearch.com.br\/n\/uploads\/2019\/03\/ca63985b-aeroportos.jpg\" \/>\n\t<meta property=\"og:image:width\" content=\"4073\" \/>\n\t<meta property=\"og:image:height\" content=\"2832\" \/>\n\t<meta property=\"og:image:type\" content=\"image\/jpeg\" \/>\n<meta name=\"author\" content=\"Poliana Santos\" \/>\n<meta name=\"twitter:card\" content=\"summary_large_image\" \/>\n<meta name=\"twitter:creator\" content=\"@sunoresearch\" \/>\n<meta name=\"twitter:site\" content=\"@sunoresearch\" \/>\n<meta name=\"twitter:label1\" content=\"Escrito por\" \/>\n\t<meta name=\"twitter:data1\" content=\"Poliana Santos\" \/>\n\t<meta name=\"twitter:label2\" content=\"Est. tempo de leitura\" \/>\n\t<meta name=\"twitter:data2\" content=\"3 minutos\" \/>\n<script type=\"application\/ld+json\" class=\"yoast-schema-graph\">{\"@context\":\"https:\/\/schema.org\",\"@graph\":[{\"@type\":\"NewsArticle\",\"@id\":\"https:\/\/www.suno.com.br\/noticias\/companhias-aereas-suspendem-voos-para-ira-e-iraque-confira-a-lista\/#article\",\"isPartOf\":{\"@id\":\"https:\/\/www.suno.com.br\/noticias\/companhias-aereas-suspendem-voos-para-ira-e-iraque-confira-a-lista\/\"},\"author\":{\"name\":\"Poliana Santos\",\"@id\":\"https:\/\/www.suno.com.br\/noticias\/#\/schema\/person\/02ec1f752758247878a2bf4abee1aeda\"},\"headline\":\"Companhias a\u00e9reas suspendem voos para Ir\u00e3 e Iraque; confira a lista\",\"datePublished\":\"2020-01-08T14:08:55+00:00\",\"mainEntityOfPage\":{\"@id\":\"https:\/\/www.suno.com.br\/noticias\/companhias-aereas-suspendem-voos-para-ira-e-iraque-confira-a-lista\/\"},\"wordCount\":600,\"publisher\":{\"@id\":\"https:\/\/www.suno.com.br\/noticias\/#organization\"},\"image\":{\"@id\":\"https:\/\/www.suno.com.br\/noticias\/companhias-aereas-suspendem-voos-para-ira-e-iraque-confira-a-lista\/#primaryimage\"},\"thumbnailUrl\":\"https:\/\/files.sunoresearch.com.br\/n\/uploads\/2019\/03\/ca63985b-aeroportos-scaled.webp\",\"keywords\":[\"Estados Unidos (EUA)\",\"Ir\u00e3\"],\"articleSection\":[\"Neg\u00f3cios\"],\"inLanguage\":\"pt-BR\"},{\"@type\":\"WebPage\",\"@id\":\"https:\/\/www.suno.com.br\/noticias\/companhias-aereas-suspendem-voos-para-ira-e-iraque-confira-a-lista\/\",\"url\":\"https:\/\/www.suno.com.br\/noticias\/companhias-aereas-suspendem-voos-para-ira-e-iraque-confira-a-lista\/\",\"name\":\"Companhias a\u00e9reas suspendem voos para Ir\u00e3 e Iraque; confira a lista\",\"isPartOf\":{\"@id\":\"https:\/\/www.suno.com.br\/noticias\/#website\"},\"primaryImageOfPage\":{\"@id\":\"https:\/\/www.suno.com.br\/noticias\/companhias-aereas-suspendem-voos-para-ira-e-iraque-confira-a-lista\/#primaryimage\"},\"image\":{\"@id\":\"https:\/\/www.suno.com.br\/noticias\/companhias-aereas-suspendem-voos-para-ira-e-iraque-confira-a-lista\/#primaryimage\"},\"thumbnailUrl\":\"https:\/\/files.sunoresearch.com.br\/n\/uploads\/2019\/03\/ca63985b-aeroportos-scaled.webp\",\"datePublished\":\"2020-01-08T14:08:55+00:00\",\"description\":\"As companhias a\u00e9reas cancelaram por tempo indeterminado seus voos para os espa\u00e7os a\u00e9reos do Ir\u00e3 e Iraqu ap\u00f3s os ataques. Clique aqui\",\"breadcrumb\":{\"@id\":\"https:\/\/www.suno.com.br\/noticias\/companhias-aereas-suspendem-voos-para-ira-e-iraque-confira-a-lista\/#breadcrumb\"},\"inLanguage\":\"pt-BR\",\"potentialAction\":[{\"@type\":\"ReadAction\",\"target\":[\"https:\/\/www.suno.com.br\/noticias\/companhias-aereas-suspendem-voos-para-ira-e-iraque-confira-a-lista\/\"]}]},{\"@type\":\"ImageObject\",\"inLanguage\":\"pt-BR\",\"@id\":\"https:\/\/www.suno.com.br\/noticias\/companhias-aereas-suspendem-voos-para-ira-e-iraque-confira-a-lista\/#primaryimage\",\"url\":\"https:\/\/files.sunoresearch.com.br\/n\/uploads\/2019\/03\/ca63985b-aeroportos-scaled.webp\",\"contentUrl\":\"https:\/\/files.sunoresearch.com.br\/n\/uploads\/2019\/03\/ca63985b-aeroportos-scaled.webp\",\"width\":2560,\"height\":1780,\"caption\":\"Foto: Jos\u00e9 Cruz\/Ag\u00eancia Brasil\"},{\"@type\":\"BreadcrumbList\",\"@id\":\"https:\/\/www.suno.com.br\/noticias\/companhias-aereas-suspendem-voos-para-ira-e-iraque-confira-a-lista\/#breadcrumb\",\"itemListElement\":[{\"@type\":\"ListItem\",\"position\":1,\"name\":\"Not\u00edcias\",\"item\":\"https:\/\/www.suno.com.br\/noticias\/\"},{\"@type\":\"ListItem\",\"position\":2,\"name\":\"Neg\u00f3cios\",\"item\":\"https:\/\/www.suno.com.br\/noticias\/negocios\/\"},{\"@type\":\"ListItem\",\"position\":3,\"name\":\"Companhias a\u00e9reas suspendem voos para Ir\u00e3 e Iraque; confira a lista\"}]},{\"@type\":\"WebSite\",\"@id\":\"https:\/\/www.suno.com.br\/noticias\/#website\",\"url\":\"https:\/\/www.suno.com.br\/noticias\/\",\"name\":\"Suno Not\u00edcias\",\"description\":\"Seu portal de informa\u00e7\u00e3o sobre o mundo dos investimentos\",\"publisher\":{\"@id\":\"https:\/\/www.suno.com.br\/noticias\/#organization\"},\"potentialAction\":[{\"@type\":\"SearchAction\",\"target\":{\"@type\":\"EntryPoint\",\"urlTemplate\":\"https:\/\/www.suno.com.br\/noticias\/?s={search_term_string}\"},\"query-input\":{\"@type\":\"PropertyValueSpecification\",\"valueRequired\":true,\"valueName\":\"search_term_string\"}}],\"inLanguage\":\"pt-BR\"},{\"@type\":\"Organization\",\"@id\":\"https:\/\/www.suno.com.br\/noticias\/#organization\",\"name\":\"Suno Not\u00edcias\",\"url\":\"https:\/\/www.suno.com.br\/noticias\/\",\"logo\":{\"@type\":\"ImageObject\",\"inLanguage\":\"pt-BR\",\"@id\":\"https:\/\/www.suno.com.br\/noticias\/#\/schema\/logo\/image\/\",\"url\":\"https:\/\/files.sunoresearch.com.br\/n\/uploads\/2021\/09\/suno-logo.png\",\"contentUrl\":\"https:\/\/files.sunoresearch.com.br\/n\/uploads\/2021\/09\/suno-logo.png\",\"width\":180,\"height\":180,\"caption\":\"Suno Not\u00edcias\"},\"image\":{\"@id\":\"https:\/\/www.suno.com.br\/noticias\/#\/schema\/logo\/image\/\"},\"sameAs\":[\"https:\/\/facebook.com\/sunoresearch\",\"https:\/\/x.com\/sunoresearch\",\"https:\/\/www.instagram.com\/suno\",\"https:\/\/www.linkedin.com\/company\/suno-research\/\",\"https:\/\/www.youtube.com\/c\/sunoresearch\"]},{\"@type\":\"Person\",\"@id\":\"https:\/\/www.suno.com.br\/noticias\/#\/schema\/person\/02ec1f752758247878a2bf4abee1aeda\",\"name\":\"Poliana Santos\",\"image\":{\"@type\":\"ImageObject\",\"inLanguage\":\"pt-BR\",\"@id\":\"https:\/\/www.suno.com.br\/noticias\/#\/schema\/person\/image\/\",\"url\":\"https:\/\/secure.gravatar.com\/avatar\/0645bd32f23d87b2130f2b2dff1d3f8d?s=96&r=g\",\"contentUrl\":\"https:\/\/secure.gravatar.com\/avatar\/0645bd32f23d87b2130f2b2dff1d3f8d?s=96&r=g\",\"caption\":\"Poliana Santos\"},\"description\":\"Rep\u00f3rter no Suno Not\u00edcias, com cobertura em mercado financeiro, economia, finan\u00e7as pessoais, renda fixa e varejo. Jornalista formada pela Faculdade C\u00e1sper L\u00edbero e possui passagem na R\u00e1dio Gazeta AM com a produ\u00e7\u00e3o de conte\u00fado sobre economia, pol\u00edtica, sa\u00fade, moda e m\u00fasica. Possui certificado de conclus\u00e3o do curso de An\u00e1lise de Balan\u00e7os pela Funda\u00e7\u00e3o Bradesco, Agenda Brasil pela FAAP, Educa\u00e7\u00e3o Pol\u00edtica por Alexandre Garcia e do Tesouro Direto e Mercado de A\u00e7\u00f5es pela B3.\",\"url\":\"https:\/\/www.suno.com.br\/noticias\/author\/poliana-santos\/\"}]}<\/script>\n<!-- \/ Yoast SEO plugin. -->","yoast_head_json":{"title":"Companhias a\u00e9reas suspendem voos para Ir\u00e3 e Iraque; confira a lista","description":"As companhias a\u00e9reas cancelaram por tempo indeterminado seus voos para os espa\u00e7os a\u00e9reos do Ir\u00e3 e Iraqu ap\u00f3s os ataques. Clique aqui","robots":{"index":"index","follow":"follow","max-snippet":"max-snippet:-1","max-image-preview":"max-image-preview:large","max-video-preview":"max-video-preview:-1"},"canonical":"https:\/\/www.suno.com.br\/noticias\/companhias-aereas-suspendem-voos-para-ira-e-iraque-confira-a-lista\/","og_locale":"pt_BR","og_type":"article","og_title":"Companhias a\u00e9reas suspendem voos para Ir\u00e3 e Iraque; confira a lista","og_description":"As companhias a\u00e9reas cancelaram por tempo indeterminado seus voos para os espa\u00e7os a\u00e9reos do Ir\u00e3 e Iraqu ap\u00f3s os ataques. Clique aqui","og_url":"https:\/\/www.suno.com.br\/noticias\/companhias-aereas-suspendem-voos-para-ira-e-iraque-confira-a-lista\/","og_site_name":"Suno Not\u00edcias","article_publisher":"https:\/\/facebook.com\/sunoresearch","og_image":[{"width":4073,"height":2832,"url":"https:\/\/files.sunoresearch.com.br\/n\/uploads\/2019\/03\/ca63985b-aeroportos.jpg","type":"image\/jpeg"}],"author":"Poliana Santos","twitter_card":"summary_large_image","twitter_creator":"@sunoresearch","twitter_site":"@sunoresearch","twitter_misc":{"Escrito por":"Poliana Santos","Est. tempo de leitura":"3 minutos"},"schema":{"@context":"https:\/\/schema.org","@graph":[{"@type":"NewsArticle","@id":"https:\/\/www.suno.com.br\/noticias\/companhias-aereas-suspendem-voos-para-ira-e-iraque-confira-a-lista\/#article","isPartOf":{"@id":"https:\/\/www.suno.com.br\/noticias\/companhias-aereas-suspendem-voos-para-ira-e-iraque-confira-a-lista\/"},"author":{"name":"Poliana Santos","@id":"https:\/\/www.suno.com.br\/noticias\/#\/schema\/person\/02ec1f752758247878a2bf4abee1aeda"},"headline":"Companhias a\u00e9reas suspendem voos para Ir\u00e3 e Iraque; confira a lista","datePublished":"2020-01-08T14:08:55+00:00","mainEntityOfPage":{"@id":"https:\/\/www.suno.com.br\/noticias\/companhias-aereas-suspendem-voos-para-ira-e-iraque-confira-a-lista\/"},"wordCount":600,"publisher":{"@id":"https:\/\/www.suno.com.br\/noticias\/#organization"},"image":{"@id":"https:\/\/www.suno.com.br\/noticias\/companhias-aereas-suspendem-voos-para-ira-e-iraque-confira-a-lista\/#primaryimage"},"thumbnailUrl":"https:\/\/files.sunoresearch.com.br\/n\/uploads\/2019\/03\/ca63985b-aeroportos-scaled.webp","keywords":["Estados Unidos (EUA)","Ir\u00e3"],"articleSection":["Neg\u00f3cios"],"inLanguage":"pt-BR"},{"@type":"WebPage","@id":"https:\/\/www.suno.com.br\/noticias\/companhias-aereas-suspendem-voos-para-ira-e-iraque-confira-a-lista\/","url":"https:\/\/www.suno.com.br\/noticias\/companhias-aereas-suspendem-voos-para-ira-e-iraque-confira-a-lista\/","name":"Companhias a\u00e9reas suspendem voos para Ir\u00e3 e Iraque; confira a lista","isPartOf":{"@id":"https:\/\/www.suno.com.br\/noticias\/#website"},"primaryImageOfPage":{"@id":"https:\/\/www.suno.com.br\/noticias\/companhias-aereas-suspendem-voos-para-ira-e-iraque-confira-a-lista\/#primaryimage"},"image":{"@id":"https:\/\/www.suno.com.br\/noticias\/companhias-aereas-suspendem-voos-para-ira-e-iraque-confira-a-lista\/#primaryimage"},"thumbnailUrl":"https:\/\/files.sunoresearch.com.br\/n\/uploads\/2019\/03\/ca63985b-aeroportos-scaled.webp","datePublished":"2020-01-08T14:08:55+00:00","description":"As companhias a\u00e9reas cancelaram por tempo indeterminado seus voos para os espa\u00e7os a\u00e9reos do Ir\u00e3 e Iraqu ap\u00f3s os ataques. Clique aqui","breadcrumb":{"@id":"https:\/\/www.suno.com.br\/noticias\/companhias-aereas-suspendem-voos-para-ira-e-iraque-confira-a-lista\/#breadcrumb"},"inLanguage":"pt-BR","potentialAction":[{"@type":"ReadAction","target":["https:\/\/www.suno.com.br\/noticias\/companhias-aereas-suspendem-voos-para-ira-e-iraque-confira-a-lista\/"]}]},{"@type":"ImageObject","inLanguage":"pt-BR","@id":"https:\/\/www.suno.com.br\/noticias\/companhias-aereas-suspendem-voos-para-ira-e-iraque-confira-a-lista\/#primaryimage","url":"https:\/\/files.sunoresearch.com.br\/n\/uploads\/2019\/03\/ca63985b-aeroportos-scaled.webp","contentUrl":"https:\/\/files.sunoresearch.com.br\/n\/uploads\/2019\/03\/ca63985b-aeroportos-scaled.webp","width":2560,"height":1780,"caption":"Foto: Jos\u00e9 Cruz\/Ag\u00eancia Brasil"},{"@type":"BreadcrumbList","@id":"https:\/\/www.suno.com.br\/noticias\/companhias-aereas-suspendem-voos-para-ira-e-iraque-confira-a-lista\/#breadcrumb","itemListElement":[{"@type":"ListItem","position":1,"name":"Not\u00edcias","item":"https:\/\/www.suno.com.br\/noticias\/"},{"@type":"ListItem","position":2,"name":"Neg\u00f3cios","item":"https:\/\/www.suno.com.br\/noticias\/negocios\/"},{"@type":"ListItem","position":3,"name":"Companhias a\u00e9reas suspendem voos para Ir\u00e3 e Iraque; confira a lista"}]},{"@type":"WebSite","@id":"https:\/\/www.suno.com.br\/noticias\/#website","url":"https:\/\/www.suno.com.br\/noticias\/","name":"Suno Not\u00edcias","description":"Seu portal de informa\u00e7\u00e3o sobre o mundo dos investimentos","publisher":{"@id":"https:\/\/www.suno.com.br\/noticias\/#organization"},"potentialAction":[{"@type":"SearchAction","target":{"@type":"EntryPoint","urlTemplate":"https:\/\/www.suno.com.br\/noticias\/?s={search_term_string}"},"query-input":{"@type":"PropertyValueSpecification","valueRequired":true,"valueName":"search_term_string"}}],"inLanguage":"pt-BR"},{"@type":"Organization","@id":"https:\/\/www.suno.com.br\/noticias\/#organization","name":"Suno Not\u00edcias","url":"https:\/\/www.suno.com.br\/noticias\/","logo":{"@type":"ImageObject","inLanguage":"pt-BR","@id":"https:\/\/www.suno.com.br\/noticias\/#\/schema\/logo\/image\/","url":"https:\/\/files.sunoresearch.com.br\/n\/uploads\/2021\/09\/suno-logo.png","contentUrl":"https:\/\/files.sunoresearch.com.br\/n\/uploads\/2021\/09\/suno-logo.png","width":180,"height":180,"caption":"Suno Not\u00edcias"},"image":{"@id":"https:\/\/www.suno.com.br\/noticias\/#\/schema\/logo\/image\/"},"sameAs":["https:\/\/facebook.com\/sunoresearch","https:\/\/x.com\/sunoresearch","https:\/\/www.instagram.com\/suno","https:\/\/www.linkedin.com\/company\/suno-research\/","https:\/\/www.youtube.com\/c\/sunoresearch"]},{"@type":"Person","@id":"https:\/\/www.suno.com.br\/noticias\/#\/schema\/person\/02ec1f752758247878a2bf4abee1aeda","name":"Poliana Santos","image":{"@type":"ImageObject","inLanguage":"pt-BR","@id":"https:\/\/www.suno.com.br\/noticias\/#\/schema\/person\/image\/","url":"https:\/\/secure.gravatar.com\/avatar\/0645bd32f23d87b2130f2b2dff1d3f8d?s=96&r=g","contentUrl":"https:\/\/secure.gravatar.com\/avatar\/0645bd32f23d87b2130f2b2dff1d3f8d?s=96&r=g","caption":"Poliana Santos"},"description":"Rep\u00f3rter no Suno Not\u00edcias, com cobertura em mercado financeiro, economia, finan\u00e7as pessoais, renda fixa e varejo. Jornalista formada pela Faculdade C\u00e1sper L\u00edbero e possui passagem na R\u00e1dio Gazeta AM com a produ\u00e7\u00e3o de conte\u00fado sobre economia, pol\u00edtica, sa\u00fade, moda e m\u00fasica. Possui certificado de conclus\u00e3o do curso de An\u00e1lise de Balan\u00e7os pela Funda\u00e7\u00e3o Bradesco, Agenda Brasil pela FAAP, Educa\u00e7\u00e3o Pol\u00edtica por Alexandre Garcia e do Tesouro Direto e Mercado de A\u00e7\u00f5es pela B3.","url":"https:\/\/www.suno.com.br\/noticias\/author\/poliana-santos\/"}]}},"default_loop_html":"<div class=\"cardsPage__listCard__boxs\"><div class=\"cardsPage__listCard__boxs__img\"><a href=\"https:\/\/www.suno.com.br\/noticias\/companhias-aereas-suspendem-voos-para-ira-e-iraque-confira-a-lista\/\"><img class=\"mask\" src=\"https:\/\/www.suno.com.br\/noticias\/wp-content\/themes\/suno\/resources\/images\/spotlight\/spotlight1img\/bg-mask.png\" alt=\"Image Mask\"\/><img src=\"https:\/\/files.sunoresearch.com.br\/n\/uploads\/2019\/03\/ca63985b-aeroportos-400x200.webp\" alt=\"Companhias a\u00e9reas suspendem voos para Ir\u00e3 e Iraque; confira a lista\"\/><\/a><span class=\"spotlightCategory\"><a href=\"https:\/\/www.suno.com.br\/noticias\/negocios\/\">Neg\u00f3cios<\/a><\/span><\/div><div class=\"cardsPage__listCard__boxs__content\"><a href=\"https:\/\/www.suno.com.br\/noticias\/companhias-aereas-suspendem-voos-para-ira-e-iraque-confira-a-lista\/\"><h2 class=\"content__title\">Companhias a\u00e9reas suspendem voos para Ir\u00e3 e Iraque; confira a lista<\/h2><\/a><div class=\"newsContent__article__meta\"><div class=\"newsContent__article__meta__authorBox\"><a href=\"https:\/\/www.suno.com.br\/noticias\/author\/poliana-santos\/\" class=\"authorBox__avatar noMobi\"><img src=\"https:\/\/files.sunoresearch.com.br\/n\/uploads\/2020\/08\/7ef34026-whatsapp-image-2020-08-03-at-12.37.57-150x150.webp\" alt=\"Poliana Santos\"><\/a><div class=\"authorBox__name\"><span>por\n\t\t\t<a href=\"https:\/\/www.suno.com.br\/noticias\/author\/poliana-santos\/\"><span itemprop=\"author\">Poliana Santos<\/span><\/a><\/span><time datetime=\"2020-01-08T12:08:55-03:00\" itemprop=\"datePublished\">08\/01\/2020 12:08<\/time><\/div><\/div><\/div><\/div><\/div>","single_layout":"posts","amp_enabled":true,"_links":{"self":[{"href":"https:\/\/www.suno.com.br\/noticias\/wp-json\/wp\/v2\/posts\/48997"}],"collection":[{"href":"https:\/\/www.suno.com.br\/noticias\/wp-json\/wp\/v2\/posts"}],"about":[{"href":"https:\/\/www.suno.com.br\/noticias\/wp-json\/wp\/v2\/types\/post"}],"author":[{"embeddable":true,"href":"https:\/\/www.suno.com.br\/noticias\/wp-json\/wp\/v2\/users\/15"}],"replies":[{"embeddable":true,"href":"https:\/\/www.suno.com.br\/noticias\/wp-json\/wp\/v2\/comments?post=48997"}],"version-history":[{"count":0,"href":"https:\/\/www.suno.com.br\/noticias\/wp-json\/wp\/v2\/posts\/48997\/revisions"}],"wp:featuredmedia":[{"embeddable":true,"href":"https:\/\/www.suno.com.br\/noticias\/wp-json\/wp\/v2\/media\/18291"}],"wp:attachment":[{"href":"https:\/\/www.suno.com.br\/noticias\/wp-json\/wp\/v2\/media?parent=48997"}],"wp:term":[{"taxonomy":"category","embeddable":true,"href":"https:\/\/www.suno.com.br\/noticias\/wp-json\/wp\/v2\/categories?post=48997"},{"taxonomy":"post_tag","embeddable":true,"href":"https:\/\/www.suno.com.br\/noticias\/wp-json\/wp\/v2\/tags?post=48997"},{"taxonomy":"suno_strategy","embeddable":true,"href":"https:\/\/www.suno.com.br\/noticias\/wp-json\/wp\/v2\/suno_strategy?post=48997"}],"curies":[{"name":"wp","href":"https:\/\/api.w.org\/{rel}","templated":true}]}}