{"id":489824,"date":"2023-11-23T19:36:20","date_gmt":"2023-11-23T22:36:20","guid":{"rendered":"https:\/\/www.suno.com.br\/noticias\/?p=489824"},"modified":"2023-11-23T19:40:34","modified_gmt":"2023-11-23T22:40:34","slug":"mercado-livre-meli34-black-friday-gpj","status":"publish","type":"post","link":"https:\/\/www.suno.com.br\/noticias\/mercado-livre-meli34-black-friday-gpj\/","title":{"rendered":"Quente demais: Mercado Livre (MELI34) tem ventilador entre os itens mais buscados na v\u00e9spera da Black Friday; veja outros produtos"},"content":{"rendered":"<p>Um levantamento do Mercado Ads, unidade de publicidade digital do <strong>Mercado Livre<\/strong>, mostrou os itens mais buscados na v\u00e9spera da Black Friday, considerada a data mais importante do varejo brasileiro.<\/p>\t<div class=\"wrapper-featured-image\">\n\t\t<figure class=\"spotlightImg\">\n\n\t\t\t<picture>\n\t\t\t\t<source media=\"(max-width: 768px)\" srcset=\"https:\/\/files.sunoresearch.com.br\/n\/uploads\/2022\/07\/mercado-livre-400x200.jpg\">\n\t\t\t\t<img loading=\"lazy\" decoding=\"async\" class=\"newsContent__article__imgCapa lazyloadDisabled \" src=\"https:\/\/files.sunoresearch.com.br\/n\/uploads\/2022\/07\/mercado-livre-800x450.jpg\" width=\"800\" height=\"450\" alt=\"Quente demais: Mercado Livre (MELI34) tem ventilador entre os itens mais buscados na v\u00e9spera da Black Friday; veja outros produtos\" fetchpriority=high \/>\n\t\t\t<\/picture>\n\n\t\t\t<figcaption class=\"wp-caption-text wp-caption-text--show\">Mercado Livre (MELI34). Foto: Divulga\u00e7\u00e3o<\/figcaption>\n\t\t<\/figure>\n\t<\/div>\n\n\n\n\n\n\n\n\t<p>\n\t\t<a href=\"https:\/\/lp.suno.com.br\/planilha-da-vida-financeira\/\" target=\"_blank\" data-element=\"shortcode-suno-banner\" title=\"Banner SUNO, clique e saiba mais\">\n\t\t\t<picture>\n\t\t\t\t<source media=\"(max-width: 500px)\" srcset=\"https:\/\/files.sunoresearch.com.br\/n\/uploads\/2023\/04\/400x300-Planilha-vida-financeira-true.png\">\n\t\t\t\t<img class=\"newsContent__article__imgCapa newsContent__article__imgCapa--banner\"\n\t\t\t\t\tsrc=\"https:\/\/files.sunoresearch.com.br\/n\/uploads\/2023\/04\/1420x240-Planilha-vida-financeira-true.png\"\n\t\t\t\t\tdata-promo-id=\"106682\"\t\t\t\t\t\t\t\t\t\twidth='1420' height='240'\t\t\t\t\talt=\"https:\/\/files.sunoresearch.com.br\/n\/uploads\/2023\/04\/1420x240-Planilha-vida-financeira-true.png\"\n\t\t\t\t>\n\t\t\t<\/picture>\n\t\t<\/a>\n\t<\/p>\n\n\n\n\n\n<p>De acordo com o estudo sobre a <strong>Black Friday<\/strong>, os 10 termos mais buscados na v\u00e9spera na plataforma foram:<\/p>\n\n\n\n<ul class=\"wp-block-list\">\n<li>Ventilador<\/li>\n\n\n\n<li>Ar condicionado<\/li>\n\n\n\n<li>Celular<\/li>\n\n\n\n<li>Notebook<\/li>\n\n\n\n<li>Geladeira<\/li>\n\n\n\n<li>PlayStation 5<\/li>\n\n\n\n<li>Ar condicionado port\u00e1til<\/li>\n\n\n\n<li>Ar condicionado inverter<\/li>\n\n\n\n<li>T\u00eanis<\/li>\n\n\n\n<li>Sand\u00e1lia feminina<\/li>\n<\/ul>\n\n\n\n<p>O mesmo <strong>estudo do Mercado Livre<\/strong> indica que os termos que mais cresceram na plataforma, no dia 21 de novembro em compara\u00e7\u00e3o com o dia anterior foram: kit cuecas box, popit eletr\u00f4nico, celular, chuteira, frigobar, t\u00eanis, perfume masculino, PlayStation 5 e cadeira de pl\u00e1stico.<\/p>\n\n\n\n\t<div data-element=\"shortcode-read-more\" class=\"readToo\">\n\t\t\t\t<span class=\"readToo__title\">Leia mais<\/span>\n\t\t\t\t<ul class=\"readToo__list\">\n\t\t\t<li><a href=\"https:\/\/www.suno.com.br\/noticias\/black-friday-2023-google-gogl34-buscas-ar-condicionado-cpf\/\">De ar-condicionado a climatizador: Black Friday 2023 dever\u00e1 ser dominada pelo calor, aponta Google (GOGL34)<\/a><\/li><li><a href=\"https:\/\/www.suno.com.br\/noticias\/black-friday-2023-nubank-roxo34-cashback-descontos-cpf\/\">Black Friday no Nubank (ROXO34) tem ofertas de cashback e descontos no Shopping do Nu<\/a><\/li><li><a href=\"https:\/\/www.suno.com.br\/noticias\/americanas-amer3-cashback-black-friday-gpj\/\">Americanas (AMER3) vai oferecer at\u00e9 50% de cashback na Black Friday; saiba mais<\/a><\/li>\t\t<\/ul>\n\t<\/div>\n\n\n\n\n<h2 class=\"wp-block-heading\">Mercado Pago: vendas crescem 25% na Black Friday<\/h2>\n\n\n\n<p>Nos primeiros dias da semana que mais movimenta o varejo, o Mercado Pago, a <strong>fintech do Mercado Livre <\/strong>com mais de 48 milh\u00f5es de usu\u00e1rios, registra um aumento de 25% no volume de vendas, comparando de 18 a 21 de novembro aos dias da semana equivalentes ao ano anterior (19 a 22 de novembro). No per\u00edodo, segundo a companhia, o volume das transa\u00e7\u00f5es via Pix duplicou.<\/p>\n\n\n\n<p>\u201cEsses n\u00fameros refletem a assertividade da nossa estrat\u00e9gia em tangibilizar as vantagens do nosso ecossistema para os clientes, em a\u00e7\u00f5es nunca antes feitas pelo banco digital, como gera\u00e7\u00e3o de cupons e descontos\u201d, afirma Daniel Davan\u00e7o, Country Head de Pagamentos para Empresas do Mercado Pago. Segundo ele, a <strong>fintech<\/strong> investiu cinco vezes mais em <strong>a\u00e7\u00f5es para a Black Friday<\/strong> deste ano em compara\u00e7\u00e3o com 2022.<\/p>\n\n\n\n<p>\u201cEstamos olhando atentamente para a data para apoiar nossos vendedores e clientes e, j\u00e1 notamos que, embora ainda haja uma grande prefer\u00eancia dos consumidores por cart\u00e3o de cr\u00e9dito, o Pix tamb\u00e9m vem ganhando espa\u00e7o e o uso desse meio de pagamento mais do que duplicou nesta semana de Black Friday\u201d.<\/p>\n\n\n\n<h2 class=\"wp-block-heading\">Black Friday para os PMEs<\/h2>\n\n\n\n<p>Claudianne Andrade, head de opera\u00e7\u00f5es do <strong>Mercado Pago<\/strong> no Brasil, destaca que o aumento da ades\u00e3o ao uso do cart\u00e3o por aproxima\u00e7\u00e3o (tecnologia NFC) tamb\u00e9m tem sido um grande impulsionador para as PMEs diante do aumento dessa demanda por parte dos consumidores.<\/p>\n\n\n\n<p>E, desde abril deste ano, a Point Tap (solu\u00e7\u00e3o que transforma o smartphone em maquininha) tamb\u00e9m tem atendido muito bem essa demanda das PMEs. \u201cEnxergamos um aumento de 25% no t\u00edquete-m\u00e9dio de transa\u00e7\u00f5es com essa solu\u00e7\u00e3o comparando o segundo com o terceiro trimestre deste ano\u201d, conta Claudianne.<\/p>\n\n\n\t<p>\n\t\t<a href=\"https:\/\/lp.suno.com.br\/ebook-como-analisar-uma-acao\/\" target=\"_blank\" data-element=\"shortcode-suno-banner\" title=\"Banner SUNO, clique e saiba mais\">\n\t\t\t<picture>\n\t\t\t\t<source media=\"(max-width: 500px)\" srcset=\"https:\/\/files.sunoresearch.com.br\/n\/uploads\/2023\/03\/Ebook-Acoes-Mobile.jpg\">\n\t\t\t\t<img class=\"newsContent__article__imgCapa newsContent__article__imgCapa--banner\"\n\t\t\t\t\tsrc=\"https:\/\/files.sunoresearch.com.br\/n\/uploads\/2023\/03\/Ebook-Acoes-Desktop.jpg\"\n\t\t\t\t\tdata-promo-id=\"378302\"\t\t\t\t\t\t\t\t\t\twidth='1420' height='286'\t\t\t\t\talt=\"https:\/\/files.sunoresearch.com.br\/n\/uploads\/2023\/03\/Ebook-Acoes-Desktop.jpg\"\n\t\t\t\t>\n\t\t\t<\/picture>\n\t\t<\/a>\n\t<\/p>\n\n\n\n\n\n<h2 class=\"wp-block-heading\">35% das PMEs esperam faturar 20% a mais este ano<\/h2>\n\n\n\n<p>Para embasar as a\u00e7\u00f5es de apoio na prepara\u00e7\u00e3o dos <strong>vendedores para a Black Friday<\/strong>, o Mercado Pago realizou uma pesquisa com mais de 6 mil PMEs. Desse total, 77% afirmam estar otimistas e 35% esperam faturar 20% a mais do que na edi\u00e7\u00e3o passada. <\/p>\n\n\n\n<p>Ao todo, neste ano, de acordo com o Mercado Livre, 64% das pequenas e micro empresas esperam um tiquete-m\u00e9dio de at\u00e9 R$ 100, sendo que 58% delas investiram em a\u00e7\u00f5es antecipadas. Ainda de acordo com a companhia, 82% delas v\u00e3o oferecer vantagens para uso do Pix, e 89% conseguem oferecer descontos para pagamento por esse meio.<\/p>\n\n\n\n<p>\u201cA estrat\u00e9gia de incentivar o pagamento por Pix oferecendo mais descontos na Black Friday teve aumento de 34 pontos percentuais em rela\u00e7\u00e3o ao ano anterior\u201d, comenta Davan\u00e7o, do <strong>Mercado Livre<\/strong>.<\/p>\n\n\n\t<p>\n\t\t<a href=\"https:\/\/lp.suno.com.br\/planilha-da-vida-financeira\/\" target=\"_blank\" data-element=\"shortcode-suno-banner\" title=\"Banner SUNO, clique e saiba mais\">\n\t\t\t<picture>\n\t\t\t\t<source media=\"(max-width: 500px)\" srcset=\"https:\/\/files.sunoresearch.com.br\/n\/uploads\/2023\/04\/400x300-Planilha-vida-financeira-true.png\">\n\t\t\t\t<img class=\"newsContent__article__imgCapa newsContent__article__imgCapa--banner\"\n\t\t\t\t\tsrc=\"https:\/\/files.sunoresearch.com.br\/n\/uploads\/2023\/04\/1420x240-Planilha-vida-financeira-true.png\"\n\t\t\t\t\tdata-promo-id=\"383123\"\t\t\t\t\t\t\t\t\t\twidth='1420' height='240'\t\t\t\t\talt=\"https:\/\/files.sunoresearch.com.br\/n\/uploads\/2023\/04\/1420x240-Planilha-vida-financeira-true.png\"\n\t\t\t\t>\n\t\t\t<\/picture>\n\t\t<\/a>\n\t<\/p>\n\n\n","protected":false},"excerpt":{"rendered":"<p>Um levantamento do Mercado Ads, unidade de publicidade digital do Mercado Livre, mostrou os itens mais buscados na v\u00e9spera da Black Friday, considerada a data mais importante do varejo brasileiro. Mercado Livre (MELI34). Foto: Divulga\u00e7\u00e3o De acordo com o estudo sobre a Black Friday, os 10 termos mais buscados na v\u00e9spera na plataforma foram: O [&hellip;]<\/p>\n","protected":false},"author":313,"featured_media":275046,"comment_status":"closed","ping_status":"closed","sticky":false,"template":"","format":"standard","meta":[],"categories":[64],"tags":[768,1235],"suno_strategy":[],"class_list":["post-489824","post","type-post","status-publish","format-standard","has-post-thumbnail","hentry","category-negocios","tag-black-friday","tag-mercado-livre-meli34"],"yoast_head":"<!-- This site is optimized with the Yoast SEO plugin v24.4 - https:\/\/yoast.com\/wordpress\/plugins\/seo\/ -->\n<title>Mercado Livre: ventilador lidera itens mais buscados antes da Black Friday<\/title>\n<meta name=\"description\" content=\"Um levantamento do Mercado Ads, unidade de publicidade digital do Mercado Livre, mostrou os itens mais buscados na v\u00e9spera da Black Friday.\" \/>\n<meta name=\"robots\" content=\"index, follow, max-snippet:-1, max-image-preview:large, max-video-preview:-1\" \/>\n<link rel=\"canonical\" href=\"https:\/\/www.suno.com.br\/noticias\/mercado-livre-meli34-black-friday-gpj\/\" \/>\n<meta property=\"og:locale\" content=\"pt_BR\" \/>\n<meta property=\"og:type\" content=\"article\" \/>\n<meta property=\"og:title\" content=\"Mercado Livre: ventilador lidera itens mais buscados antes da Black Friday\" \/>\n<meta property=\"og:description\" content=\"Um levantamento do Mercado Ads, unidade de publicidade digital do Mercado Livre, mostrou os itens mais buscados na v\u00e9spera da Black Friday.\" \/>\n<meta property=\"og:url\" content=\"https:\/\/www.suno.com.br\/noticias\/mercado-livre-meli34-black-friday-gpj\/\" \/>\n<meta property=\"og:site_name\" content=\"Suno Not\u00edcias\" \/>\n<meta property=\"article:publisher\" content=\"https:\/\/facebook.com\/sunoresearch\" \/>\n<meta property=\"og:image\" content=\"https:\/\/files.sunoresearch.com.br\/n\/uploads\/2022\/07\/mercado-livre.jpg\" \/>\n\t<meta property=\"og:image:width\" content=\"1350\" \/>\n\t<meta property=\"og:image:height\" content=\"810\" \/>\n\t<meta property=\"og:image:type\" content=\"image\/jpeg\" \/>\n<meta name=\"author\" content=\"Giovanni Porf\u00edrio Jacomino\" \/>\n<meta name=\"twitter:card\" content=\"summary_large_image\" \/>\n<meta name=\"twitter:creator\" content=\"@sunoresearch\" \/>\n<meta name=\"twitter:site\" content=\"@sunoresearch\" \/>\n<meta name=\"twitter:label1\" content=\"Escrito por\" \/>\n\t<meta name=\"twitter:data1\" content=\"Giovanni Porf\u00edrio Jacomino\" \/>\n\t<meta name=\"twitter:label2\" content=\"Est. tempo de leitura\" \/>\n\t<meta name=\"twitter:data2\" content=\"3 minutos\" \/>\n<script type=\"application\/ld+json\" class=\"yoast-schema-graph\">{\"@context\":\"https:\/\/schema.org\",\"@graph\":[{\"@type\":\"NewsArticle\",\"@id\":\"https:\/\/www.suno.com.br\/noticias\/mercado-livre-meli34-black-friday-gpj\/#article\",\"isPartOf\":{\"@id\":\"https:\/\/www.suno.com.br\/noticias\/mercado-livre-meli34-black-friday-gpj\/\"},\"author\":{\"name\":\"Giovanni Porf\u00edrio Jacomino\",\"@id\":\"https:\/\/www.suno.com.br\/noticias\/#\/schema\/person\/d0f32748bbca4bee871fa191ee4e2d40\"},\"headline\":\"Quente demais: Mercado Livre (MELI34) tem ventilador entre os itens mais buscados na v\u00e9spera da Black Friday; veja outros produtos\",\"datePublished\":\"2023-11-23T22:36:20+00:00\",\"dateModified\":\"2023-11-23T22:40:34+00:00\",\"mainEntityOfPage\":{\"@id\":\"https:\/\/www.suno.com.br\/noticias\/mercado-livre-meli34-black-friday-gpj\/\"},\"wordCount\":582,\"publisher\":{\"@id\":\"https:\/\/www.suno.com.br\/noticias\/#organization\"},\"image\":{\"@id\":\"https:\/\/www.suno.com.br\/noticias\/mercado-livre-meli34-black-friday-gpj\/#primaryimage\"},\"thumbnailUrl\":\"https:\/\/files.sunoresearch.com.br\/n\/uploads\/2022\/07\/mercado-livre.jpg\",\"keywords\":[\"Black Friday\",\"Mercado Livre (MELI34)\"],\"articleSection\":[\"Neg\u00f3cios\"],\"inLanguage\":\"pt-BR\"},{\"@type\":\"WebPage\",\"@id\":\"https:\/\/www.suno.com.br\/noticias\/mercado-livre-meli34-black-friday-gpj\/\",\"url\":\"https:\/\/www.suno.com.br\/noticias\/mercado-livre-meli34-black-friday-gpj\/\",\"name\":\"Mercado Livre: ventilador lidera itens mais buscados antes da Black Friday\",\"isPartOf\":{\"@id\":\"https:\/\/www.suno.com.br\/noticias\/#website\"},\"primaryImageOfPage\":{\"@id\":\"https:\/\/www.suno.com.br\/noticias\/mercado-livre-meli34-black-friday-gpj\/#primaryimage\"},\"image\":{\"@id\":\"https:\/\/www.suno.com.br\/noticias\/mercado-livre-meli34-black-friday-gpj\/#primaryimage\"},\"thumbnailUrl\":\"https:\/\/files.sunoresearch.com.br\/n\/uploads\/2022\/07\/mercado-livre.jpg\",\"datePublished\":\"2023-11-23T22:36:20+00:00\",\"dateModified\":\"2023-11-23T22:40:34+00:00\",\"description\":\"Um levantamento do Mercado Ads, unidade de publicidade digital do Mercado Livre, mostrou os itens mais buscados na v\u00e9spera da Black Friday.\",\"breadcrumb\":{\"@id\":\"https:\/\/www.suno.com.br\/noticias\/mercado-livre-meli34-black-friday-gpj\/#breadcrumb\"},\"inLanguage\":\"pt-BR\",\"potentialAction\":[{\"@type\":\"ReadAction\",\"target\":[\"https:\/\/www.suno.com.br\/noticias\/mercado-livre-meli34-black-friday-gpj\/\"]}]},{\"@type\":\"ImageObject\",\"inLanguage\":\"pt-BR\",\"@id\":\"https:\/\/www.suno.com.br\/noticias\/mercado-livre-meli34-black-friday-gpj\/#primaryimage\",\"url\":\"https:\/\/files.sunoresearch.com.br\/n\/uploads\/2022\/07\/mercado-livre.jpg\",\"contentUrl\":\"https:\/\/files.sunoresearch.com.br\/n\/uploads\/2022\/07\/mercado-livre.jpg\",\"width\":1350,\"height\":810,\"caption\":\"Mercado Livre (MELI34). Foto: Divulga\u00e7\u00e3o\"},{\"@type\":\"BreadcrumbList\",\"@id\":\"https:\/\/www.suno.com.br\/noticias\/mercado-livre-meli34-black-friday-gpj\/#breadcrumb\",\"itemListElement\":[{\"@type\":\"ListItem\",\"position\":1,\"name\":\"Not\u00edcias\",\"item\":\"https:\/\/www.suno.com.br\/noticias\/\"},{\"@type\":\"ListItem\",\"position\":2,\"name\":\"Neg\u00f3cios\",\"item\":\"https:\/\/www.suno.com.br\/noticias\/negocios\/\"},{\"@type\":\"ListItem\",\"position\":3,\"name\":\"Quente demais: Mercado Livre (MELI34) tem ventilador entre os itens mais buscados na v\u00e9spera da Black Friday; veja outros produtos\"}]},{\"@type\":\"WebSite\",\"@id\":\"https:\/\/www.suno.com.br\/noticias\/#website\",\"url\":\"https:\/\/www.suno.com.br\/noticias\/\",\"name\":\"Suno Not\u00edcias\",\"description\":\"Seu portal de informa\u00e7\u00e3o sobre o mundo dos investimentos\",\"publisher\":{\"@id\":\"https:\/\/www.suno.com.br\/noticias\/#organization\"},\"potentialAction\":[{\"@type\":\"SearchAction\",\"target\":{\"@type\":\"EntryPoint\",\"urlTemplate\":\"https:\/\/www.suno.com.br\/noticias\/?s={search_term_string}\"},\"query-input\":{\"@type\":\"PropertyValueSpecification\",\"valueRequired\":true,\"valueName\":\"search_term_string\"}}],\"inLanguage\":\"pt-BR\"},{\"@type\":\"Organization\",\"@id\":\"https:\/\/www.suno.com.br\/noticias\/#organization\",\"name\":\"Suno Not\u00edcias\",\"url\":\"https:\/\/www.suno.com.br\/noticias\/\",\"logo\":{\"@type\":\"ImageObject\",\"inLanguage\":\"pt-BR\",\"@id\":\"https:\/\/www.suno.com.br\/noticias\/#\/schema\/logo\/image\/\",\"url\":\"https:\/\/files.sunoresearch.com.br\/n\/uploads\/2021\/09\/suno-logo.png\",\"contentUrl\":\"https:\/\/files.sunoresearch.com.br\/n\/uploads\/2021\/09\/suno-logo.png\",\"width\":180,\"height\":180,\"caption\":\"Suno Not\u00edcias\"},\"image\":{\"@id\":\"https:\/\/www.suno.com.br\/noticias\/#\/schema\/logo\/image\/\"},\"sameAs\":[\"https:\/\/facebook.com\/sunoresearch\",\"https:\/\/x.com\/sunoresearch\",\"https:\/\/www.instagram.com\/suno\",\"https:\/\/www.linkedin.com\/company\/suno-research\/\",\"https:\/\/www.youtube.com\/c\/sunoresearch\"]},{\"@type\":\"Person\",\"@id\":\"https:\/\/www.suno.com.br\/noticias\/#\/schema\/person\/d0f32748bbca4bee871fa191ee4e2d40\",\"name\":\"Giovanni Porf\u00edrio Jacomino\",\"image\":{\"@type\":\"ImageObject\",\"inLanguage\":\"pt-BR\",\"@id\":\"https:\/\/www.suno.com.br\/noticias\/#\/schema\/person\/image\/\",\"url\":\"https:\/\/secure.gravatar.com\/avatar\/efb32e19b730a121cb7a80f41ffec01a?s=96&r=g\",\"contentUrl\":\"https:\/\/secure.gravatar.com\/avatar\/efb32e19b730a121cb7a80f41ffec01a?s=96&r=g\",\"caption\":\"Giovanni Porf\u00edrio Jacomino\"},\"description\":\"Giovanni Porf\u00edrio Jacomino \u00e9 jornalista formado pela Universidade Estadual de Londrina (UEL) e p\u00f3s-graduado em Produ\u00e7\u00e3o e Pr\u00e1ticas Jornal\u00edsticas na Contemporaneidade na Faculdade C\u00e1sper L\u00edbero (FCL). Foi editor web no Startupi e no Finsiders, atuando ainda como editor no TC Mover, portal de not\u00edcias da TradersClub, fazendo a cobertura de assuntos relacionados ao mercado financeiro interno e externo. Atualmente, \u00e9 Rep\u00f3rter do Suno Not\u00edcias.\",\"url\":\"https:\/\/www.suno.com.br\/noticias\/author\/giovanni-porfiriosuno-com-br\/\"}]}<\/script>\n<!-- \/ Yoast SEO plugin. -->","yoast_head_json":{"title":"Mercado Livre: ventilador lidera itens mais buscados antes da Black Friday","description":"Um levantamento do Mercado Ads, unidade de publicidade digital do Mercado Livre, mostrou os itens mais buscados na v\u00e9spera da Black Friday.","robots":{"index":"index","follow":"follow","max-snippet":"max-snippet:-1","max-image-preview":"max-image-preview:large","max-video-preview":"max-video-preview:-1"},"canonical":"https:\/\/www.suno.com.br\/noticias\/mercado-livre-meli34-black-friday-gpj\/","og_locale":"pt_BR","og_type":"article","og_title":"Mercado Livre: ventilador lidera itens mais buscados antes da Black Friday","og_description":"Um levantamento do Mercado Ads, unidade de publicidade digital do Mercado Livre, mostrou os itens mais buscados na v\u00e9spera da Black Friday.","og_url":"https:\/\/www.suno.com.br\/noticias\/mercado-livre-meli34-black-friday-gpj\/","og_site_name":"Suno Not\u00edcias","article_publisher":"https:\/\/facebook.com\/sunoresearch","og_image":[{"width":1350,"height":810,"url":"https:\/\/files.sunoresearch.com.br\/n\/uploads\/2022\/07\/mercado-livre.jpg","type":"image\/jpeg"}],"author":"Giovanni Porf\u00edrio Jacomino","twitter_card":"summary_large_image","twitter_creator":"@sunoresearch","twitter_site":"@sunoresearch","twitter_misc":{"Escrito por":"Giovanni Porf\u00edrio Jacomino","Est. tempo de leitura":"3 minutos"},"schema":{"@context":"https:\/\/schema.org","@graph":[{"@type":"NewsArticle","@id":"https:\/\/www.suno.com.br\/noticias\/mercado-livre-meli34-black-friday-gpj\/#article","isPartOf":{"@id":"https:\/\/www.suno.com.br\/noticias\/mercado-livre-meli34-black-friday-gpj\/"},"author":{"name":"Giovanni Porf\u00edrio Jacomino","@id":"https:\/\/www.suno.com.br\/noticias\/#\/schema\/person\/d0f32748bbca4bee871fa191ee4e2d40"},"headline":"Quente demais: Mercado Livre (MELI34) tem ventilador entre os itens mais buscados na v\u00e9spera da Black Friday; veja outros produtos","datePublished":"2023-11-23T22:36:20+00:00","dateModified":"2023-11-23T22:40:34+00:00","mainEntityOfPage":{"@id":"https:\/\/www.suno.com.br\/noticias\/mercado-livre-meli34-black-friday-gpj\/"},"wordCount":582,"publisher":{"@id":"https:\/\/www.suno.com.br\/noticias\/#organization"},"image":{"@id":"https:\/\/www.suno.com.br\/noticias\/mercado-livre-meli34-black-friday-gpj\/#primaryimage"},"thumbnailUrl":"https:\/\/files.sunoresearch.com.br\/n\/uploads\/2022\/07\/mercado-livre.jpg","keywords":["Black Friday","Mercado Livre (MELI34)"],"articleSection":["Neg\u00f3cios"],"inLanguage":"pt-BR"},{"@type":"WebPage","@id":"https:\/\/www.suno.com.br\/noticias\/mercado-livre-meli34-black-friday-gpj\/","url":"https:\/\/www.suno.com.br\/noticias\/mercado-livre-meli34-black-friday-gpj\/","name":"Mercado Livre: ventilador lidera itens mais buscados antes da Black Friday","isPartOf":{"@id":"https:\/\/www.suno.com.br\/noticias\/#website"},"primaryImageOfPage":{"@id":"https:\/\/www.suno.com.br\/noticias\/mercado-livre-meli34-black-friday-gpj\/#primaryimage"},"image":{"@id":"https:\/\/www.suno.com.br\/noticias\/mercado-livre-meli34-black-friday-gpj\/#primaryimage"},"thumbnailUrl":"https:\/\/files.sunoresearch.com.br\/n\/uploads\/2022\/07\/mercado-livre.jpg","datePublished":"2023-11-23T22:36:20+00:00","dateModified":"2023-11-23T22:40:34+00:00","description":"Um levantamento do Mercado Ads, unidade de publicidade digital do Mercado Livre, mostrou os itens mais buscados na v\u00e9spera da Black Friday.","breadcrumb":{"@id":"https:\/\/www.suno.com.br\/noticias\/mercado-livre-meli34-black-friday-gpj\/#breadcrumb"},"inLanguage":"pt-BR","potentialAction":[{"@type":"ReadAction","target":["https:\/\/www.suno.com.br\/noticias\/mercado-livre-meli34-black-friday-gpj\/"]}]},{"@type":"ImageObject","inLanguage":"pt-BR","@id":"https:\/\/www.suno.com.br\/noticias\/mercado-livre-meli34-black-friday-gpj\/#primaryimage","url":"https:\/\/files.sunoresearch.com.br\/n\/uploads\/2022\/07\/mercado-livre.jpg","contentUrl":"https:\/\/files.sunoresearch.com.br\/n\/uploads\/2022\/07\/mercado-livre.jpg","width":1350,"height":810,"caption":"Mercado Livre (MELI34). Foto: Divulga\u00e7\u00e3o"},{"@type":"BreadcrumbList","@id":"https:\/\/www.suno.com.br\/noticias\/mercado-livre-meli34-black-friday-gpj\/#breadcrumb","itemListElement":[{"@type":"ListItem","position":1,"name":"Not\u00edcias","item":"https:\/\/www.suno.com.br\/noticias\/"},{"@type":"ListItem","position":2,"name":"Neg\u00f3cios","item":"https:\/\/www.suno.com.br\/noticias\/negocios\/"},{"@type":"ListItem","position":3,"name":"Quente demais: Mercado Livre (MELI34) tem ventilador entre os itens mais buscados na v\u00e9spera da Black Friday; veja outros produtos"}]},{"@type":"WebSite","@id":"https:\/\/www.suno.com.br\/noticias\/#website","url":"https:\/\/www.suno.com.br\/noticias\/","name":"Suno Not\u00edcias","description":"Seu portal de informa\u00e7\u00e3o sobre o mundo dos investimentos","publisher":{"@id":"https:\/\/www.suno.com.br\/noticias\/#organization"},"potentialAction":[{"@type":"SearchAction","target":{"@type":"EntryPoint","urlTemplate":"https:\/\/www.suno.com.br\/noticias\/?s={search_term_string}"},"query-input":{"@type":"PropertyValueSpecification","valueRequired":true,"valueName":"search_term_string"}}],"inLanguage":"pt-BR"},{"@type":"Organization","@id":"https:\/\/www.suno.com.br\/noticias\/#organization","name":"Suno Not\u00edcias","url":"https:\/\/www.suno.com.br\/noticias\/","logo":{"@type":"ImageObject","inLanguage":"pt-BR","@id":"https:\/\/www.suno.com.br\/noticias\/#\/schema\/logo\/image\/","url":"https:\/\/files.sunoresearch.com.br\/n\/uploads\/2021\/09\/suno-logo.png","contentUrl":"https:\/\/files.sunoresearch.com.br\/n\/uploads\/2021\/09\/suno-logo.png","width":180,"height":180,"caption":"Suno Not\u00edcias"},"image":{"@id":"https:\/\/www.suno.com.br\/noticias\/#\/schema\/logo\/image\/"},"sameAs":["https:\/\/facebook.com\/sunoresearch","https:\/\/x.com\/sunoresearch","https:\/\/www.instagram.com\/suno","https:\/\/www.linkedin.com\/company\/suno-research\/","https:\/\/www.youtube.com\/c\/sunoresearch"]},{"@type":"Person","@id":"https:\/\/www.suno.com.br\/noticias\/#\/schema\/person\/d0f32748bbca4bee871fa191ee4e2d40","name":"Giovanni Porf\u00edrio Jacomino","image":{"@type":"ImageObject","inLanguage":"pt-BR","@id":"https:\/\/www.suno.com.br\/noticias\/#\/schema\/person\/image\/","url":"https:\/\/secure.gravatar.com\/avatar\/efb32e19b730a121cb7a80f41ffec01a?s=96&r=g","contentUrl":"https:\/\/secure.gravatar.com\/avatar\/efb32e19b730a121cb7a80f41ffec01a?s=96&r=g","caption":"Giovanni Porf\u00edrio Jacomino"},"description":"Giovanni Porf\u00edrio Jacomino \u00e9 jornalista formado pela Universidade Estadual de Londrina (UEL) e p\u00f3s-graduado em Produ\u00e7\u00e3o e Pr\u00e1ticas Jornal\u00edsticas na Contemporaneidade na Faculdade C\u00e1sper L\u00edbero (FCL). Foi editor web no Startupi e no Finsiders, atuando ainda como editor no TC Mover, portal de not\u00edcias da TradersClub, fazendo a cobertura de assuntos relacionados ao mercado financeiro interno e externo. Atualmente, \u00e9 Rep\u00f3rter do Suno Not\u00edcias.","url":"https:\/\/www.suno.com.br\/noticias\/author\/giovanni-porfiriosuno-com-br\/"}]}},"default_loop_html":"<div class=\"cardsPage__listCard__boxs\"><div class=\"cardsPage__listCard__boxs__img\"><a href=\"https:\/\/www.suno.com.br\/noticias\/mercado-livre-meli34-black-friday-gpj\/\"><img class=\"mask\" src=\"https:\/\/www.suno.com.br\/noticias\/wp-content\/themes\/suno\/resources\/images\/spotlight\/spotlight1img\/bg-mask.png\" alt=\"Image Mask\"\/><img src=\"https:\/\/files.sunoresearch.com.br\/n\/uploads\/2022\/07\/mercado-livre-400x200.jpg\" alt=\"Quente demais: Mercado Livre (MELI34) tem ventilador entre os itens mais buscados na v\u00e9spera da Black Friday; veja outros produtos\"\/><\/a><span class=\"spotlightCategory\"><a href=\"https:\/\/www.suno.com.br\/noticias\/negocios\/\">Neg\u00f3cios<\/a><\/span><\/div><div class=\"cardsPage__listCard__boxs__content\"><a href=\"https:\/\/www.suno.com.br\/noticias\/mercado-livre-meli34-black-friday-gpj\/\"><h2 class=\"content__title\">Quente demais: Mercado Livre (MELI34) tem ventilador entre os itens mais buscados na v\u00e9spera da Black Friday; veja outros produtos<\/h2><\/a><div class=\"newsContent__article__meta\"><div class=\"newsContent__article__meta__authorBox\"><a href=\"https:\/\/www.suno.com.br\/noticias\/author\/giovanni-porfiriosuno-com-br\/\" class=\"authorBox__avatar noMobi\"><img src=\"https:\/\/files.sunoresearch.com.br\/n\/uploads\/2024\/05\/DSCF4115-1-1-150x150.webp\" alt=\"Giovanni Porf\u00edrio Jacomino\"><\/a><div class=\"authorBox__name\"><span>por\n\t\t\t<a href=\"https:\/\/www.suno.com.br\/noticias\/author\/giovanni-porfiriosuno-com-br\/\"><span itemprop=\"author\">Giovanni Porf\u00edrio Jacomino<\/span><\/a><\/span><time datetime=\"2023-11-23T19:36:20-03:00\" itemprop=\"datePublished\">23\/11\/2023 19:36<\/time><\/div><\/div><\/div><\/div><\/div>","single_layout":"posts","amp_enabled":true,"_links":{"self":[{"href":"https:\/\/www.suno.com.br\/noticias\/wp-json\/wp\/v2\/posts\/489824"}],"collection":[{"href":"https:\/\/www.suno.com.br\/noticias\/wp-json\/wp\/v2\/posts"}],"about":[{"href":"https:\/\/www.suno.com.br\/noticias\/wp-json\/wp\/v2\/types\/post"}],"author":[{"embeddable":true,"href":"https:\/\/www.suno.com.br\/noticias\/wp-json\/wp\/v2\/users\/313"}],"replies":[{"embeddable":true,"href":"https:\/\/www.suno.com.br\/noticias\/wp-json\/wp\/v2\/comments?post=489824"}],"version-history":[{"count":3,"href":"https:\/\/www.suno.com.br\/noticias\/wp-json\/wp\/v2\/posts\/489824\/revisions"}],"predecessor-version":[{"id":489896,"href":"https:\/\/www.suno.com.br\/noticias\/wp-json\/wp\/v2\/posts\/489824\/revisions\/489896"}],"wp:featuredmedia":[{"embeddable":true,"href":"https:\/\/www.suno.com.br\/noticias\/wp-json\/wp\/v2\/media\/275046"}],"wp:attachment":[{"href":"https:\/\/www.suno.com.br\/noticias\/wp-json\/wp\/v2\/media?parent=489824"}],"wp:term":[{"taxonomy":"category","embeddable":true,"href":"https:\/\/www.suno.com.br\/noticias\/wp-json\/wp\/v2\/categories?post=489824"},{"taxonomy":"post_tag","embeddable":true,"href":"https:\/\/www.suno.com.br\/noticias\/wp-json\/wp\/v2\/tags?post=489824"},{"taxonomy":"suno_strategy","embeddable":true,"href":"https:\/\/www.suno.com.br\/noticias\/wp-json\/wp\/v2\/suno_strategy?post=489824"}],"curies":[{"name":"wp","href":"https:\/\/api.w.org\/{rel}","templated":true}]}}