{"id":489584,"date":"2023-11-23T13:46:47","date_gmt":"2023-11-23T16:46:47","guid":{"rendered":"https:\/\/www.suno.com.br\/noticias\/?p=489584"},"modified":"2023-11-23T15:11:29","modified_gmt":"2023-11-23T18:11:29","slug":"bradesco-bbdc4-novo-ceo-presidente-gestao-focada-resultados","status":"publish","type":"post","link":"https:\/\/www.suno.com.br\/noticias\/bradesco-bbdc4-novo-ceo-presidente-gestao-focada-resultados\/","title":{"rendered":"Novo presidente do Bradesco (BBDC4) liderou mudan\u00e7as no segmento de varejo do banco"},"content":{"rendered":"<p>O novo presidente do <strong>Bradesco<\/strong> (BBDC4), Marcelo Noronha, sinalizou que a sua gest\u00e3o ser\u00e1 focada em resultados e que tem consci\u00eancia da miss\u00e3o ao assumir a lideran\u00e7a do segundo maior banco privado do Brasil. O executivo foi al\u00e7ado ao posto depois de liderar a arruma\u00e7\u00e3o no segmento de varejo, que sofreu com o aumento da inadimpl\u00eancia e pressionou os resultados do conglomerado.<\/p>\t<div class=\"wrapper-featured-image\">\n\t\t<figure class=\"spotlightImg\">\n\n\t\t\t<picture>\n\t\t\t\t<source media=\"(max-width: 768px)\" srcset=\"https:\/\/files.sunoresearch.com.br\/n\/uploads\/2021\/02\/9850dbcf-bradesco-1-400x200.webp\">\n\t\t\t\t<img loading=\"lazy\" decoding=\"async\" class=\"newsContent__article__imgCapa lazyloadDisabled \" src=\"https:\/\/files.sunoresearch.com.br\/n\/uploads\/2021\/02\/9850dbcf-bradesco-1-800x450.webp\" width=\"800\" height=\"450\" alt=\"Novo presidente do Bradesco (BBDC4) liderou mudan\u00e7as no segmento de varejo do banco\" fetchpriority=high \/>\n\t\t\t<\/picture>\n\n\t\t\t<figcaption class=\"wp-caption-text wp-caption-text--show\">Bradesco (BBDC3). Foto: Divulga\u00e7\u00e3o<\/figcaption>\n\t\t<\/figure>\n\t<\/div>\n\n\n\n\n\n\t<p>\n\t\t<a href=\"https:\/\/lp.suno.com.br\/planilha-da-vida-financeira\/\" target=\"_blank\" data-element=\"shortcode-suno-banner\" title=\"Banner SUNO, clique e saiba mais\">\n\t\t\t<picture>\n\t\t\t\t<source media=\"(max-width: 500px)\" srcset=\"https:\/\/files.sunoresearch.com.br\/n\/uploads\/2023\/04\/400x300-Planilha-vida-financeira-true.png\">\n\t\t\t\t<img class=\"newsContent__article__imgCapa newsContent__article__imgCapa--banner\"\n\t\t\t\t\tsrc=\"https:\/\/files.sunoresearch.com.br\/n\/uploads\/2023\/04\/1420x240-Planilha-vida-financeira-true.png\"\n\t\t\t\t\tdata-promo-id=\"106682\"\t\t\t\t\t\t\t\t\t\twidth='1420' height='240'\t\t\t\t\talt=\"https:\/\/files.sunoresearch.com.br\/n\/uploads\/2023\/04\/1420x240-Planilha-vida-financeira-true.png\"\n\t\t\t\t>\n\t\t\t<\/picture>\n\t\t<\/a>\n\t<\/p>\n\n\n\n\n\n\n\n<p>&#8220;O mercado \u00e9 muito competitivo e exige m\u00faltiplas capacidades de todos n\u00f3s. Com os p\u00e9s no ch\u00e3o, tenho consci\u00eancia da minha miss\u00e3o. E n\u00e3o ser\u00e1 diferente dessa vez&#8221;, disse <strong>Marcelo Noronha<\/strong>, o novo<strong> presidente do Bradesco<\/strong>, em nota distribu\u00edda pelo banco.<\/p>\n\n\n\n<p>De acordo com Noronha, o Bradesco tem uma estrutura organizacional e cultura corporativa que oferecem os &#8220;pilares centrais de uma gest\u00e3o focada em resultados&#8221;. Acrescentou: &#8220;Tenho vis\u00e3o plena das decis\u00f5es relevantes que me aguardam, e o tamanho da carga das expectativas dos clientes, colaboradores e acionistas do Bradesco.&#8221;<\/p>\n\n\n\n<p>Noronha foi anunciado nesta quinta-feira como <strong>novo presidente do Bradesco<\/strong> em substitui\u00e7\u00e3o a <a class=\"suno-keyword\" data-force=\"no\" data-priority=\"2\" href=\"https:\/\/www.suno.com.br\/tudo-sobre\/octavio-de-lazari\/\" target=\"_blank\" rel=\"noopener\"><strong>Octavio de Lazari<\/strong><\/a>, que estava havia cinco anos na lideran\u00e7a do banco e deve ir para o <a class=\"suno-keyword\" data-force=\"no\" data-priority=\"1\" href=\"https:\/\/www.suno.com.br\/artigos\/conselho-administracao\/\" target=\"_blank\" rel=\"noopener\">Conselho de Administra\u00e7\u00e3o<\/a>.<\/p>\n\n\n\n<p>At\u00e9 ent\u00e3o, <strong>Noronha<\/strong> ocupava a posi\u00e7\u00e3o de <strong>vice-presidente de Varejo<\/strong>, na qual tem grande experi\u00eancia nas \u00e1reas de cr\u00e9dito, pagamentos, e antes tamb\u00e9m havia capitaneado a \u00e1rea de atacado do conglomerado, per\u00edodo em que galgou espa\u00e7o na Faria Lima, refor\u00e7ando a posi\u00e7\u00e3o do Bradesco entre os <a class=\"suno-keyword\" data-force=\"no\" data-priority=\"1\" href=\"https:\/\/www.suno.com.br\/artigos\/bancos-de-investimento\/\" target=\"_blank\" rel=\"noopener\">bancos de investimento<\/a>.<\/p>\n\n\n\n<p>Noronha tem 58 anos e iniciou sua carreira banc\u00e1ria, em 1985, no Recife. Transferiu-se para S\u00e3o Paulo em 1994 e, antes de ingressar no Bradesco, trabalhou na diretoria do Banco Bilbao Vizcaya Argentaria Brasil at\u00e9 2003. Foi, tamb\u00e9m, diretor-presidente da Associa\u00e7\u00e3o Brasileira das Empresas de Cart\u00f5es de Cr\u00e9dito e Servi\u00e7os (Abecs) entre os anos de 2013 e 2017.<\/p>\n\n\n\n\t<div data-element=\"shortcode-read-more\" class=\"readToo\">\n\t\t\t\t<span class=\"readToo__title\">Leia mais<\/span>\n\t\t\t\t<ul class=\"readToo__list\">\n\t\t\t<li><a href=\"https:\/\/www.suno.com.br\/noticias\/bradesco-bbdc4-novo-presidente-marcelo-noronha-cpf\/\">Bradesco (BBDC4) tem troca na presid\u00eancia: Marcelo Noronha \u00e9 indicado para o cargo<\/a><\/li><li><a href=\"https:\/\/www.suno.com.br\/noticias\/bradesco-bbdc4-lucro-3t23-resultado-ar\/\">Bradesco (BBDC4): lucro recua 11,5% no 3T23 e soma R$ 4,621 bilh\u00f5es<\/a><\/li><li><a href=\"https:\/\/www.suno.com.br\/noticias\/ceo-bradesco-bbdc4-processos-trabalhistas-evm\/\">CEO do Bradesco (BBDC4) revela 42 mil processos trabalhistas: &#8216;Absurdo&#8217;<\/a><\/li>\t\t<\/ul>\n\t<\/div>\n\n\n\n\n<figure class=\"wp-block-image size-large\"><img loading=\"lazy\" decoding=\"async\" width=\"1024\" height=\"731\" src=\"https:\/\/files.sunoresearch.com.br\/n\/uploads\/2023\/11\/bradesco-marcelo-noronha-1024x731.jpg\" alt=\"\" class=\"wp-image-489652\" srcset=\"https:\/\/files.sunoresearch.com.br\/n\/uploads\/2023\/11\/bradesco-marcelo-noronha-1024x731.jpg 1024w, https:\/\/files.sunoresearch.com.br\/n\/uploads\/2023\/11\/bradesco-marcelo-noronha-300x214.jpg 300w, https:\/\/files.sunoresearch.com.br\/n\/uploads\/2023\/11\/bradesco-marcelo-noronha-768x548.jpg 768w, https:\/\/files.sunoresearch.com.br\/n\/uploads\/2023\/11\/bradesco-marcelo-noronha-150x107.jpg 150w, https:\/\/files.sunoresearch.com.br\/n\/uploads\/2023\/11\/bradesco-marcelo-noronha.jpg 1440w\" sizes=\"(max-width: 1024px) 100vw, 1024px\" \/><figcaption class=\"wp-element-caption\">Marcelo Noronha, novo CEO do Bradesco: executivo foi al\u00e7ado ao posto depois de liderar a arruma\u00e7\u00e3o no segmento de varejo<\/figcaption><\/figure>\n\n\n\t<p>\n\t\t<a href=\"https:\/\/lp.suno.com.br\/ebook-como-analisar-uma-acao\/\" target=\"_blank\" data-element=\"shortcode-suno-banner\" title=\"Banner SUNO, clique e saiba mais\">\n\t\t\t<picture>\n\t\t\t\t<source media=\"(max-width: 500px)\" srcset=\"https:\/\/files.sunoresearch.com.br\/n\/uploads\/2023\/03\/Ebook-Acoes-Mobile.jpg\">\n\t\t\t\t<img class=\"newsContent__article__imgCapa newsContent__article__imgCapa--banner\"\n\t\t\t\t\tsrc=\"https:\/\/files.sunoresearch.com.br\/n\/uploads\/2023\/03\/Ebook-Acoes-Desktop.jpg\"\n\t\t\t\t\tdata-promo-id=\"378302\"\t\t\t\t\t\t\t\t\t\twidth='1420' height='286'\t\t\t\t\talt=\"https:\/\/files.sunoresearch.com.br\/n\/uploads\/2023\/03\/Ebook-Acoes-Desktop.jpg\"\n\t\t\t\t>\n\t\t\t<\/picture>\n\t\t<\/a>\n\t<\/p>\n\n\n\n\n\n<h2 class=\"wp-block-heading\">Mudan\u00e7a de presidente no Bradesco \u00e9 parte de estrat\u00e9gia robusta para pr\u00f3ximos anos, diz Trabuco<\/h2>\n\n\n\n<p>O presidente do Conselho de Administra\u00e7\u00e3o do Bradesco, <strong>Luiz Carlos Trabuco Cappi<\/strong>, afirmou que a nomea\u00e7\u00e3o de Marcelo Noronha para presidir o banco tem como objetivo uma nova era no conglomerado em meio a um cen\u00e1rio desafiador sob as \u00f3ticas de <a class=\"suno-keyword\" data-force=\"no\" data-priority=\"1\" href=\"https:\/\/www.suno.com.br\/artigos\/eficiencia-operacional\/\" target=\"_blank\" rel=\"noopener\">efici\u00eancia operacional<\/a>, competitividade e regula\u00e7\u00e3o.<\/p>\n\n\n\n<p>&#8220;A mudan\u00e7a na <strong>presid\u00eancia do Bradesco<\/strong> tem o prop\u00f3sito de iniciar um ciclo de projetos e objetivos estrat\u00e9gicos robustos para os pr\u00f3ximos anos&#8221;, afirmou Trabuco, em nota \u00e0 imprensa. &#8220;O contexto de mercado \u00e9 absolutamente desafiador, do ponto de vista da <a class=\"suno-keyword\" target=\"_blank\" data-force=\"no\" data-priority=\"1\" href=\"https:\/\/www.suno.com.br\/artigos\/eficiencia-operacional\/\" rel=\"noopener\">efici\u00eancia operacional<\/a>, aumento da competitividade e ambiente regulat\u00f3rio&#8221;, acrescentou.<\/p>\n\n\n\n<p>Sem entrar nos detalhes na raz\u00e3o que levaram \u00e0 <em>troca de comando no banco<\/em>, Trabuco disse que cada gera\u00e7\u00e3o de executivos tem o seu &#8220;momento de matura\u00e7\u00e3o, ritos de passagem e patrim\u00f4nios acumulados como legado&#8221;.<\/p>\n\n\n\n<p>&#8220;O momento representa um cen\u00e1rio prop\u00edcio para dar vis\u00e3o renovada aos movimentos necess\u00e1rios em dire\u00e7\u00e3o aos objetivos colocados pelo Conselho de Administra\u00e7\u00e3o do Bradesco&#8221;, afirma Trabuco.<\/p>\n\n\n\n<p>Ele, que presidiu o banco por quase uma d\u00e9cada antes de assumir o comando do colegiado, teceu ainda elogios ao novo presidente do <strong>Bradesco<\/strong>. &#8220;Marcelo Noronha apresenta carreira consistente, s\u00f3lida, e acreditamos que suas prerrogativas ser\u00e3o adequadas e compat\u00edveis \u00e0 conjuntura econ\u00f4mica e \u00e0s exig\u00eancias do mercado&#8221;, diz.<\/p>\n\n\n\n<p><em>Com Estad\u00e3o Conte\u00fado<\/em><\/p>\n\n\n\t<p>\n\t\t<a href=\"https:\/\/lp.suno.com.br\/planilha-da-vida-financeira\/\" target=\"_blank\" data-element=\"shortcode-suno-banner\" title=\"Banner SUNO, clique e saiba mais\">\n\t\t\t<picture>\n\t\t\t\t<source media=\"(max-width: 500px)\" srcset=\"https:\/\/files.sunoresearch.com.br\/n\/uploads\/2023\/04\/400x300-Planilha-vida-financeira-true.png\">\n\t\t\t\t<img class=\"newsContent__article__imgCapa newsContent__article__imgCapa--banner\"\n\t\t\t\t\tsrc=\"https:\/\/files.sunoresearch.com.br\/n\/uploads\/2023\/04\/1420x240-Planilha-vida-financeira-true.png\"\n\t\t\t\t\tdata-promo-id=\"383123\"\t\t\t\t\t\t\t\t\t\twidth='1420' height='240'\t\t\t\t\talt=\"https:\/\/files.sunoresearch.com.br\/n\/uploads\/2023\/04\/1420x240-Planilha-vida-financeira-true.png\"\n\t\t\t\t>\n\t\t\t<\/picture>\n\t\t<\/a>\n\t<\/p>\n\n\n","protected":false},"excerpt":{"rendered":"<p>O novo presidente do Bradesco (BBDC4), Marcelo Noronha, sinalizou que a sua gest\u00e3o ser\u00e1 focada em resultados e que tem consci\u00eancia da miss\u00e3o ao assumir a lideran\u00e7a do segundo maior banco privado do Brasil. O executivo foi al\u00e7ado ao posto depois de liderar a arruma\u00e7\u00e3o no segmento de varejo, que sofreu com o aumento da [&hellip;]<\/p>\n","protected":false},"author":43,"featured_media":118862,"comment_status":"closed","ping_status":"closed","sticky":false,"template":"","format":"standard","meta":[],"categories":[64],"tags":[286,392],"suno_strategy":[],"class_list":["post-489584","post","type-post","status-publish","format-standard","has-post-thumbnail","hentry","category-negocios","tag-acoes","tag-bradesco-bbdc3-bbdc4"],"yoast_head":"<!-- This site is optimized with the Yoast SEO plugin v24.4 - https:\/\/yoast.com\/wordpress\/plugins\/seo\/ -->\n<title>Novo CEO do Bradesco (BBDC4) fala em gest\u00e3o focada em resultados<\/title>\n<meta name=\"description\" content=\"Novo presidente do Bradesco, Marcelo Noronha, sinalizou que a sua gest\u00e3o ser\u00e1 focada em resultados e que tem consci\u00eancia da miss\u00e3o\" \/>\n<meta name=\"robots\" content=\"index, follow, max-snippet:-1, max-image-preview:large, max-video-preview:-1\" \/>\n<link rel=\"canonical\" href=\"https:\/\/www.suno.com.br\/noticias\/bradesco-bbdc4-novo-ceo-presidente-gestao-focada-resultados\/\" \/>\n<meta property=\"og:locale\" content=\"pt_BR\" \/>\n<meta property=\"og:type\" content=\"article\" \/>\n<meta property=\"og:title\" content=\"Novo CEO do Bradesco (BBDC4) fala em gest\u00e3o focada em resultados\" \/>\n<meta property=\"og:description\" content=\"Novo presidente do Bradesco, Marcelo Noronha, sinalizou que a sua gest\u00e3o ser\u00e1 focada em resultados e que tem consci\u00eancia da miss\u00e3o\" \/>\n<meta property=\"og:url\" content=\"https:\/\/www.suno.com.br\/noticias\/bradesco-bbdc4-novo-ceo-presidente-gestao-focada-resultados\/\" \/>\n<meta property=\"og:site_name\" content=\"Suno Not\u00edcias\" \/>\n<meta property=\"article:publisher\" content=\"https:\/\/facebook.com\/sunoresearch\" \/>\n<meta property=\"article:author\" content=\"https:\/\/www.facebook.com\/sunonoticias\/\" \/>\n<meta property=\"og:image\" content=\"https:\/\/files.sunoresearch.com.br\/n\/uploads\/2021\/02\/9850dbcf-bradesco-1.jpg\" \/>\n\t<meta property=\"og:image:width\" content=\"1380\" \/>\n\t<meta property=\"og:image:height\" content=\"903\" \/>\n\t<meta property=\"og:image:type\" content=\"image\/jpeg\" \/>\n<meta name=\"author\" content=\"Reda\u00e7\u00e3o Suno Not\u00edcias\" \/>\n<meta name=\"twitter:card\" content=\"summary_large_image\" \/>\n<meta name=\"twitter:creator\" content=\"@https:\/\/twitter.com\/sunoresearch\" \/>\n<meta name=\"twitter:site\" content=\"@sunoresearch\" \/>\n<meta name=\"twitter:label1\" content=\"Escrito por\" \/>\n\t<meta name=\"twitter:data1\" content=\"Reda\u00e7\u00e3o Suno Not\u00edcias\" \/>\n\t<meta name=\"twitter:label2\" content=\"Est. tempo de leitura\" \/>\n\t<meta name=\"twitter:data2\" content=\"4 minutos\" \/>\n<script type=\"application\/ld+json\" class=\"yoast-schema-graph\">{\"@context\":\"https:\/\/schema.org\",\"@graph\":[{\"@type\":\"NewsArticle\",\"@id\":\"https:\/\/www.suno.com.br\/noticias\/bradesco-bbdc4-novo-ceo-presidente-gestao-focada-resultados\/#article\",\"isPartOf\":{\"@id\":\"https:\/\/www.suno.com.br\/noticias\/bradesco-bbdc4-novo-ceo-presidente-gestao-focada-resultados\/\"},\"author\":{\"name\":\"Reda\u00e7\u00e3o Suno Not\u00edcias\",\"@id\":\"https:\/\/www.suno.com.br\/noticias\/#\/schema\/person\/c1b1bd3727fa852bd045e9dbff3673ea\"},\"headline\":\"Novo presidente do Bradesco (BBDC4) liderou mudan\u00e7as no segmento de varejo do banco\",\"datePublished\":\"2023-11-23T16:46:47+00:00\",\"dateModified\":\"2023-11-23T18:11:29+00:00\",\"mainEntityOfPage\":{\"@id\":\"https:\/\/www.suno.com.br\/noticias\/bradesco-bbdc4-novo-ceo-presidente-gestao-focada-resultados\/\"},\"wordCount\":617,\"publisher\":{\"@id\":\"https:\/\/www.suno.com.br\/noticias\/#organization\"},\"image\":{\"@id\":\"https:\/\/www.suno.com.br\/noticias\/bradesco-bbdc4-novo-ceo-presidente-gestao-focada-resultados\/#primaryimage\"},\"thumbnailUrl\":\"https:\/\/files.sunoresearch.com.br\/n\/uploads\/2021\/02\/9850dbcf-bradesco-1.jpg\",\"keywords\":[\"A\u00e7\u00f5es\",\"Bradesco (BBDC3\/BBDC4)\"],\"articleSection\":[\"Neg\u00f3cios\"],\"inLanguage\":\"pt-BR\"},{\"@type\":\"WebPage\",\"@id\":\"https:\/\/www.suno.com.br\/noticias\/bradesco-bbdc4-novo-ceo-presidente-gestao-focada-resultados\/\",\"url\":\"https:\/\/www.suno.com.br\/noticias\/bradesco-bbdc4-novo-ceo-presidente-gestao-focada-resultados\/\",\"name\":\"Novo CEO do Bradesco (BBDC4) fala em gest\u00e3o focada em resultados\",\"isPartOf\":{\"@id\":\"https:\/\/www.suno.com.br\/noticias\/#website\"},\"primaryImageOfPage\":{\"@id\":\"https:\/\/www.suno.com.br\/noticias\/bradesco-bbdc4-novo-ceo-presidente-gestao-focada-resultados\/#primaryimage\"},\"image\":{\"@id\":\"https:\/\/www.suno.com.br\/noticias\/bradesco-bbdc4-novo-ceo-presidente-gestao-focada-resultados\/#primaryimage\"},\"thumbnailUrl\":\"https:\/\/files.sunoresearch.com.br\/n\/uploads\/2021\/02\/9850dbcf-bradesco-1.jpg\",\"datePublished\":\"2023-11-23T16:46:47+00:00\",\"dateModified\":\"2023-11-23T18:11:29+00:00\",\"description\":\"Novo presidente do Bradesco, Marcelo Noronha, sinalizou que a sua gest\u00e3o ser\u00e1 focada em resultados e que tem consci\u00eancia da miss\u00e3o\",\"breadcrumb\":{\"@id\":\"https:\/\/www.suno.com.br\/noticias\/bradesco-bbdc4-novo-ceo-presidente-gestao-focada-resultados\/#breadcrumb\"},\"inLanguage\":\"pt-BR\",\"potentialAction\":[{\"@type\":\"ReadAction\",\"target\":[\"https:\/\/www.suno.com.br\/noticias\/bradesco-bbdc4-novo-ceo-presidente-gestao-focada-resultados\/\"]}]},{\"@type\":\"ImageObject\",\"inLanguage\":\"pt-BR\",\"@id\":\"https:\/\/www.suno.com.br\/noticias\/bradesco-bbdc4-novo-ceo-presidente-gestao-focada-resultados\/#primaryimage\",\"url\":\"https:\/\/files.sunoresearch.com.br\/n\/uploads\/2021\/02\/9850dbcf-bradesco-1.jpg\",\"contentUrl\":\"https:\/\/files.sunoresearch.com.br\/n\/uploads\/2021\/02\/9850dbcf-bradesco-1.jpg\",\"width\":1380,\"height\":903,\"caption\":\"Bradesco (BBDC3). Foto: Divulga\u00e7\u00e3o\"},{\"@type\":\"BreadcrumbList\",\"@id\":\"https:\/\/www.suno.com.br\/noticias\/bradesco-bbdc4-novo-ceo-presidente-gestao-focada-resultados\/#breadcrumb\",\"itemListElement\":[{\"@type\":\"ListItem\",\"position\":1,\"name\":\"Not\u00edcias\",\"item\":\"https:\/\/www.suno.com.br\/noticias\/\"},{\"@type\":\"ListItem\",\"position\":2,\"name\":\"Neg\u00f3cios\",\"item\":\"https:\/\/www.suno.com.br\/noticias\/negocios\/\"},{\"@type\":\"ListItem\",\"position\":3,\"name\":\"Novo presidente do Bradesco (BBDC4) liderou mudan\u00e7as no segmento de varejo do banco\"}]},{\"@type\":\"WebSite\",\"@id\":\"https:\/\/www.suno.com.br\/noticias\/#website\",\"url\":\"https:\/\/www.suno.com.br\/noticias\/\",\"name\":\"Suno Not\u00edcias\",\"description\":\"Seu portal de informa\u00e7\u00e3o sobre o mundo dos investimentos\",\"publisher\":{\"@id\":\"https:\/\/www.suno.com.br\/noticias\/#organization\"},\"potentialAction\":[{\"@type\":\"SearchAction\",\"target\":{\"@type\":\"EntryPoint\",\"urlTemplate\":\"https:\/\/www.suno.com.br\/noticias\/?s={search_term_string}\"},\"query-input\":{\"@type\":\"PropertyValueSpecification\",\"valueRequired\":true,\"valueName\":\"search_term_string\"}}],\"inLanguage\":\"pt-BR\"},{\"@type\":\"Organization\",\"@id\":\"https:\/\/www.suno.com.br\/noticias\/#organization\",\"name\":\"Suno Not\u00edcias\",\"url\":\"https:\/\/www.suno.com.br\/noticias\/\",\"logo\":{\"@type\":\"ImageObject\",\"inLanguage\":\"pt-BR\",\"@id\":\"https:\/\/www.suno.com.br\/noticias\/#\/schema\/logo\/image\/\",\"url\":\"https:\/\/files.sunoresearch.com.br\/n\/uploads\/2021\/09\/suno-logo.png\",\"contentUrl\":\"https:\/\/files.sunoresearch.com.br\/n\/uploads\/2021\/09\/suno-logo.png\",\"width\":180,\"height\":180,\"caption\":\"Suno Not\u00edcias\"},\"image\":{\"@id\":\"https:\/\/www.suno.com.br\/noticias\/#\/schema\/logo\/image\/\"},\"sameAs\":[\"https:\/\/facebook.com\/sunoresearch\",\"https:\/\/x.com\/sunoresearch\",\"https:\/\/www.instagram.com\/suno\",\"https:\/\/www.linkedin.com\/company\/suno-research\/\",\"https:\/\/www.youtube.com\/c\/sunoresearch\"]},{\"@type\":\"Person\",\"@id\":\"https:\/\/www.suno.com.br\/noticias\/#\/schema\/person\/c1b1bd3727fa852bd045e9dbff3673ea\",\"name\":\"Reda\u00e7\u00e3o Suno Not\u00edcias\",\"image\":{\"@type\":\"ImageObject\",\"inLanguage\":\"pt-BR\",\"@id\":\"https:\/\/www.suno.com.br\/noticias\/#\/schema\/person\/image\/\",\"url\":\"https:\/\/secure.gravatar.com\/avatar\/b8104b9b5a71985d5238ee59fbe418af?s=96&r=g\",\"contentUrl\":\"https:\/\/secure.gravatar.com\/avatar\/b8104b9b5a71985d5238ee59fbe418af?s=96&r=g\",\"caption\":\"Reda\u00e7\u00e3o Suno Not\u00edcias\"},\"description\":\"O Suno Not\u00edcias \u00e9 um portal de informa\u00e7\u00f5es sobre Mercado Financeiro, Pol\u00edtica, Neg\u00f3cios, Economia e Finan\u00e7as Pessoais.\",\"sameAs\":[\"https:\/\/www.suno.com.br\/noticias\",\"https:\/\/www.facebook.com\/sunonoticias\/\",\"https:\/\/www.instagram.com\/sunonoticias\/\",\"https:\/\/x.com\/https:\/\/twitter.com\/sunoresearch\",\"https:\/\/www.youtube.com\/sunonoticias\"],\"url\":\"https:\/\/www.suno.com.br\/noticias\/author\/redacao-suno\/\"}]}<\/script>\n<!-- \/ Yoast SEO plugin. -->","yoast_head_json":{"title":"Novo CEO do Bradesco (BBDC4) fala em gest\u00e3o focada em resultados","description":"Novo presidente do Bradesco, Marcelo Noronha, sinalizou que a sua gest\u00e3o ser\u00e1 focada em resultados e que tem consci\u00eancia da miss\u00e3o","robots":{"index":"index","follow":"follow","max-snippet":"max-snippet:-1","max-image-preview":"max-image-preview:large","max-video-preview":"max-video-preview:-1"},"canonical":"https:\/\/www.suno.com.br\/noticias\/bradesco-bbdc4-novo-ceo-presidente-gestao-focada-resultados\/","og_locale":"pt_BR","og_type":"article","og_title":"Novo CEO do Bradesco (BBDC4) fala em gest\u00e3o focada em resultados","og_description":"Novo presidente do Bradesco, Marcelo Noronha, sinalizou que a sua gest\u00e3o ser\u00e1 focada em resultados e que tem consci\u00eancia da miss\u00e3o","og_url":"https:\/\/www.suno.com.br\/noticias\/bradesco-bbdc4-novo-ceo-presidente-gestao-focada-resultados\/","og_site_name":"Suno Not\u00edcias","article_publisher":"https:\/\/facebook.com\/sunoresearch","article_author":"https:\/\/www.facebook.com\/sunonoticias\/","og_image":[{"width":1380,"height":903,"url":"https:\/\/files.sunoresearch.com.br\/n\/uploads\/2021\/02\/9850dbcf-bradesco-1.jpg","type":"image\/jpeg"}],"author":"Reda\u00e7\u00e3o Suno Not\u00edcias","twitter_card":"summary_large_image","twitter_creator":"@https:\/\/twitter.com\/sunoresearch","twitter_site":"@sunoresearch","twitter_misc":{"Escrito por":"Reda\u00e7\u00e3o Suno Not\u00edcias","Est. tempo de leitura":"4 minutos"},"schema":{"@context":"https:\/\/schema.org","@graph":[{"@type":"NewsArticle","@id":"https:\/\/www.suno.com.br\/noticias\/bradesco-bbdc4-novo-ceo-presidente-gestao-focada-resultados\/#article","isPartOf":{"@id":"https:\/\/www.suno.com.br\/noticias\/bradesco-bbdc4-novo-ceo-presidente-gestao-focada-resultados\/"},"author":{"name":"Reda\u00e7\u00e3o Suno Not\u00edcias","@id":"https:\/\/www.suno.com.br\/noticias\/#\/schema\/person\/c1b1bd3727fa852bd045e9dbff3673ea"},"headline":"Novo presidente do Bradesco (BBDC4) liderou mudan\u00e7as no segmento de varejo do banco","datePublished":"2023-11-23T16:46:47+00:00","dateModified":"2023-11-23T18:11:29+00:00","mainEntityOfPage":{"@id":"https:\/\/www.suno.com.br\/noticias\/bradesco-bbdc4-novo-ceo-presidente-gestao-focada-resultados\/"},"wordCount":617,"publisher":{"@id":"https:\/\/www.suno.com.br\/noticias\/#organization"},"image":{"@id":"https:\/\/www.suno.com.br\/noticias\/bradesco-bbdc4-novo-ceo-presidente-gestao-focada-resultados\/#primaryimage"},"thumbnailUrl":"https:\/\/files.sunoresearch.com.br\/n\/uploads\/2021\/02\/9850dbcf-bradesco-1.jpg","keywords":["A\u00e7\u00f5es","Bradesco (BBDC3\/BBDC4)"],"articleSection":["Neg\u00f3cios"],"inLanguage":"pt-BR"},{"@type":"WebPage","@id":"https:\/\/www.suno.com.br\/noticias\/bradesco-bbdc4-novo-ceo-presidente-gestao-focada-resultados\/","url":"https:\/\/www.suno.com.br\/noticias\/bradesco-bbdc4-novo-ceo-presidente-gestao-focada-resultados\/","name":"Novo CEO do Bradesco (BBDC4) fala em gest\u00e3o focada em resultados","isPartOf":{"@id":"https:\/\/www.suno.com.br\/noticias\/#website"},"primaryImageOfPage":{"@id":"https:\/\/www.suno.com.br\/noticias\/bradesco-bbdc4-novo-ceo-presidente-gestao-focada-resultados\/#primaryimage"},"image":{"@id":"https:\/\/www.suno.com.br\/noticias\/bradesco-bbdc4-novo-ceo-presidente-gestao-focada-resultados\/#primaryimage"},"thumbnailUrl":"https:\/\/files.sunoresearch.com.br\/n\/uploads\/2021\/02\/9850dbcf-bradesco-1.jpg","datePublished":"2023-11-23T16:46:47+00:00","dateModified":"2023-11-23T18:11:29+00:00","description":"Novo presidente do Bradesco, Marcelo Noronha, sinalizou que a sua gest\u00e3o ser\u00e1 focada em resultados e que tem consci\u00eancia da miss\u00e3o","breadcrumb":{"@id":"https:\/\/www.suno.com.br\/noticias\/bradesco-bbdc4-novo-ceo-presidente-gestao-focada-resultados\/#breadcrumb"},"inLanguage":"pt-BR","potentialAction":[{"@type":"ReadAction","target":["https:\/\/www.suno.com.br\/noticias\/bradesco-bbdc4-novo-ceo-presidente-gestao-focada-resultados\/"]}]},{"@type":"ImageObject","inLanguage":"pt-BR","@id":"https:\/\/www.suno.com.br\/noticias\/bradesco-bbdc4-novo-ceo-presidente-gestao-focada-resultados\/#primaryimage","url":"https:\/\/files.sunoresearch.com.br\/n\/uploads\/2021\/02\/9850dbcf-bradesco-1.jpg","contentUrl":"https:\/\/files.sunoresearch.com.br\/n\/uploads\/2021\/02\/9850dbcf-bradesco-1.jpg","width":1380,"height":903,"caption":"Bradesco (BBDC3). Foto: Divulga\u00e7\u00e3o"},{"@type":"BreadcrumbList","@id":"https:\/\/www.suno.com.br\/noticias\/bradesco-bbdc4-novo-ceo-presidente-gestao-focada-resultados\/#breadcrumb","itemListElement":[{"@type":"ListItem","position":1,"name":"Not\u00edcias","item":"https:\/\/www.suno.com.br\/noticias\/"},{"@type":"ListItem","position":2,"name":"Neg\u00f3cios","item":"https:\/\/www.suno.com.br\/noticias\/negocios\/"},{"@type":"ListItem","position":3,"name":"Novo presidente do Bradesco (BBDC4) liderou mudan\u00e7as no segmento de varejo do banco"}]},{"@type":"WebSite","@id":"https:\/\/www.suno.com.br\/noticias\/#website","url":"https:\/\/www.suno.com.br\/noticias\/","name":"Suno Not\u00edcias","description":"Seu portal de informa\u00e7\u00e3o sobre o mundo dos investimentos","publisher":{"@id":"https:\/\/www.suno.com.br\/noticias\/#organization"},"potentialAction":[{"@type":"SearchAction","target":{"@type":"EntryPoint","urlTemplate":"https:\/\/www.suno.com.br\/noticias\/?s={search_term_string}"},"query-input":{"@type":"PropertyValueSpecification","valueRequired":true,"valueName":"search_term_string"}}],"inLanguage":"pt-BR"},{"@type":"Organization","@id":"https:\/\/www.suno.com.br\/noticias\/#organization","name":"Suno Not\u00edcias","url":"https:\/\/www.suno.com.br\/noticias\/","logo":{"@type":"ImageObject","inLanguage":"pt-BR","@id":"https:\/\/www.suno.com.br\/noticias\/#\/schema\/logo\/image\/","url":"https:\/\/files.sunoresearch.com.br\/n\/uploads\/2021\/09\/suno-logo.png","contentUrl":"https:\/\/files.sunoresearch.com.br\/n\/uploads\/2021\/09\/suno-logo.png","width":180,"height":180,"caption":"Suno Not\u00edcias"},"image":{"@id":"https:\/\/www.suno.com.br\/noticias\/#\/schema\/logo\/image\/"},"sameAs":["https:\/\/facebook.com\/sunoresearch","https:\/\/x.com\/sunoresearch","https:\/\/www.instagram.com\/suno","https:\/\/www.linkedin.com\/company\/suno-research\/","https:\/\/www.youtube.com\/c\/sunoresearch"]},{"@type":"Person","@id":"https:\/\/www.suno.com.br\/noticias\/#\/schema\/person\/c1b1bd3727fa852bd045e9dbff3673ea","name":"Reda\u00e7\u00e3o Suno Not\u00edcias","image":{"@type":"ImageObject","inLanguage":"pt-BR","@id":"https:\/\/www.suno.com.br\/noticias\/#\/schema\/person\/image\/","url":"https:\/\/secure.gravatar.com\/avatar\/b8104b9b5a71985d5238ee59fbe418af?s=96&r=g","contentUrl":"https:\/\/secure.gravatar.com\/avatar\/b8104b9b5a71985d5238ee59fbe418af?s=96&r=g","caption":"Reda\u00e7\u00e3o Suno Not\u00edcias"},"description":"O Suno Not\u00edcias \u00e9 um portal de informa\u00e7\u00f5es sobre Mercado Financeiro, Pol\u00edtica, Neg\u00f3cios, Economia e Finan\u00e7as Pessoais.","sameAs":["https:\/\/www.suno.com.br\/noticias","https:\/\/www.facebook.com\/sunonoticias\/","https:\/\/www.instagram.com\/sunonoticias\/","https:\/\/x.com\/https:\/\/twitter.com\/sunoresearch","https:\/\/www.youtube.com\/sunonoticias"],"url":"https:\/\/www.suno.com.br\/noticias\/author\/redacao-suno\/"}]}},"default_loop_html":"<div class=\"cardsPage__listCard__boxs\"><div class=\"cardsPage__listCard__boxs__img\"><a href=\"https:\/\/www.suno.com.br\/noticias\/bradesco-bbdc4-novo-ceo-presidente-gestao-focada-resultados\/\"><img class=\"mask\" src=\"https:\/\/www.suno.com.br\/noticias\/wp-content\/themes\/suno\/resources\/images\/spotlight\/spotlight1img\/bg-mask.png\" alt=\"Image Mask\"\/><img src=\"https:\/\/files.sunoresearch.com.br\/n\/uploads\/2021\/02\/9850dbcf-bradesco-1-400x200.webp\" alt=\"Novo presidente do Bradesco (BBDC4) liderou mudan\u00e7as no segmento de varejo do banco\"\/><\/a><span class=\"spotlightCategory\"><a href=\"https:\/\/www.suno.com.br\/noticias\/negocios\/\">Neg\u00f3cios<\/a><\/span><\/div><div class=\"cardsPage__listCard__boxs__content\"><a href=\"https:\/\/www.suno.com.br\/noticias\/bradesco-bbdc4-novo-ceo-presidente-gestao-focada-resultados\/\"><h2 class=\"content__title\">Novo presidente do Bradesco (BBDC4) liderou mudan\u00e7as no segmento de varejo do banco<\/h2><\/a><div class=\"newsContent__article__meta\"><div class=\"newsContent__article__meta__authorBox\"><a href=\"https:\/\/www.suno.com.br\/noticias\/author\/eduardo-vargas\/\" class=\"authorBox__avatar noMobi\"><img src=\"https:\/\/secure.gravatar.com\/avatar\/dac340933427a22924c9f99d1eb2e3f2?s=96&#038;r=g\" alt=\"Eduardo Vargas\"><\/a><div class=\"authorBox__name\"><span>por\n\t\t\t<a href=\"https:\/\/www.suno.com.br\/noticias\/author\/eduardo-vargas\/\"><span itemprop=\"author\">Eduardo Vargas<\/span><\/a><\/span><time datetime=\"2023-11-23T13:46:47-03:00\" itemprop=\"datePublished\">23\/11\/2023 13:46<\/time><\/div><\/div><\/div><\/div><\/div>","single_layout":"posts","amp_enabled":true,"_links":{"self":[{"href":"https:\/\/www.suno.com.br\/noticias\/wp-json\/wp\/v2\/posts\/489584"}],"collection":[{"href":"https:\/\/www.suno.com.br\/noticias\/wp-json\/wp\/v2\/posts"}],"about":[{"href":"https:\/\/www.suno.com.br\/noticias\/wp-json\/wp\/v2\/types\/post"}],"author":[{"embeddable":true,"href":"https:\/\/www.suno.com.br\/noticias\/wp-json\/wp\/v2\/users\/43"}],"replies":[{"embeddable":true,"href":"https:\/\/www.suno.com.br\/noticias\/wp-json\/wp\/v2\/comments?post=489584"}],"version-history":[{"count":2,"href":"https:\/\/www.suno.com.br\/noticias\/wp-json\/wp\/v2\/posts\/489584\/revisions"}],"predecessor-version":[{"id":489708,"href":"https:\/\/www.suno.com.br\/noticias\/wp-json\/wp\/v2\/posts\/489584\/revisions\/489708"}],"wp:featuredmedia":[{"embeddable":true,"href":"https:\/\/www.suno.com.br\/noticias\/wp-json\/wp\/v2\/media\/118862"}],"wp:attachment":[{"href":"https:\/\/www.suno.com.br\/noticias\/wp-json\/wp\/v2\/media?parent=489584"}],"wp:term":[{"taxonomy":"category","embeddable":true,"href":"https:\/\/www.suno.com.br\/noticias\/wp-json\/wp\/v2\/categories?post=489584"},{"taxonomy":"post_tag","embeddable":true,"href":"https:\/\/www.suno.com.br\/noticias\/wp-json\/wp\/v2\/tags?post=489584"},{"taxonomy":"suno_strategy","embeddable":true,"href":"https:\/\/www.suno.com.br\/noticias\/wp-json\/wp\/v2\/suno_strategy?post=489584"}],"curies":[{"name":"wp","href":"https:\/\/api.w.org\/{rel}","templated":true}]}}