{"id":489559,"date":"2023-11-23T12:59:54","date_gmt":"2023-11-23T15:59:54","guid":{"rendered":"https:\/\/www.suno.com.br\/noticias\/?p=489559"},"modified":"2023-11-23T13:42:02","modified_gmt":"2023-11-23T16:42:02","slug":"selic-grande-juiz-no-valuation-bolsa-diz-gestor-az-quest-va","status":"publish","type":"post","link":"https:\/\/www.suno.com.br\/noticias\/selic-grande-juiz-no-valuation-bolsa-diz-gestor-az-quest-va\/","title":{"rendered":"Selic: cortes nos juros aumentam compras na Bolsa, mas podem esconder uma armadilha, diz gestor"},"content":{"rendered":"<p>No come\u00e7o deste m\u00eas, o <a class=\"suno-keyword\" data-force=\"no\" data-priority=\"2\" href=\"https:\/\/www.suno.com.br\/artigos\/copom\/\" target=\"_blank\" rel=\"noopener\">Comit\u00ea de Pol\u00edtica Monet\u00e1ria (Copom)<\/a> do Banco Central reduziu a <strong>Selic<\/strong> em 0,5 ponto percentual, de 12,75% para 12,25% ao ano, influenciando uma s\u00e9rie de investimentos. Em entrevista ao canal Suno Not\u00edcias, no Youtube, Eduardo Aun, gestor de Macro da AZ Quest, afirmou que espera os juros terminais abaixo de 10% e listou as principais preocupa\u00e7\u00f5es do mercado nesse cen\u00e1rio.<\/p>\t<div class=\"wrapper-featured-image\">\n\t\t<figure class=\"spotlightImg\">\n\n\t\t\t<picture>\n\t\t\t\t<source media=\"(max-width: 768px)\" srcset=\"https:\/\/files.sunoresearch.com.br\/n\/uploads\/2023\/09\/blur-1853262_1280-400x200.jpg\">\n\t\t\t\t<img loading=\"lazy\" decoding=\"async\" class=\"newsContent__article__imgCapa lazyloadDisabled \" src=\"https:\/\/files.sunoresearch.com.br\/n\/uploads\/2023\/09\/blur-1853262_1280-800x450.jpg\" width=\"800\" height=\"450\" alt=\"Selic: cortes nos juros aumentam compras na Bolsa, mas podem esconder uma armadilha, diz gestor\" fetchpriority=high \/>\n\t\t\t<\/picture>\n\n\t\t\t<figcaption class=\"wp-caption-text wp-caption-text--show\">Selic. Foto: Pixabay.<\/figcaption>\n\t\t<\/figure>\n\t<\/div>\n\n\n\n\n\n\t<p>\n\t\t<a href=\"https:\/\/lp.suno.com.br\/planilha-da-vida-financeira\/\" target=\"_blank\" data-element=\"shortcode-suno-banner\" title=\"Banner SUNO, clique e saiba mais\">\n\t\t\t<picture>\n\t\t\t\t<source media=\"(max-width: 500px)\" srcset=\"https:\/\/files.sunoresearch.com.br\/n\/uploads\/2023\/04\/400x300-Planilha-vida-financeira-true.png\">\n\t\t\t\t<img class=\"newsContent__article__imgCapa newsContent__article__imgCapa--banner\"\n\t\t\t\t\tsrc=\"https:\/\/files.sunoresearch.com.br\/n\/uploads\/2023\/04\/1420x240-Planilha-vida-financeira-true.png\"\n\t\t\t\t\tdata-promo-id=\"106682\"\t\t\t\t\t\t\t\t\t\twidth='1420' height='240'\t\t\t\t\talt=\"https:\/\/files.sunoresearch.com.br\/n\/uploads\/2023\/04\/1420x240-Planilha-vida-financeira-true.png\"\n\t\t\t\t>\n\t\t\t<\/picture>\n\t\t<\/a>\n\t<\/p>\n\n\n\n\n\n<p>De acordo com a o boletim Focus, para 2024, o mercado espera que a<strong> taxa de juros<\/strong> termine o ano em 9,25%. J\u00e1 para 2025, a expectativa \u00e9 de que a <strong>taxa Selic<\/strong> chegue a 8,75% e, em 2026, 8,50%.<\/p>\n\n\n\n<p>Segundo Aun, uma das principais preocupa\u00e7\u00f5es \u00e9 o <strong>cen\u00e1rio externo<\/strong>. &#8220;A gente acredita que o juro terminal chegue abaixo de 10%. A grande restri\u00e7\u00e3o \u00e9 o cen\u00e1rio externo &#8211; existem preocupa\u00e7\u00f5es que s\u00e3o leg\u00edtimas, como o aperto de liquidez no ano que vem, com as emiss\u00f5es corporativas.&#8221;<\/p>\n\n\n\n<p>Para Aun, uma<strong> taxa terminal<\/strong> abaixo de 10% acarretaria em outro <strong>valuation para Bolsa<\/strong> e tamb\u00e9m impactaria o comportamento do c\u00e2mbio, principalmente se houver um diferencial de juros menor entre os pa\u00edses.<\/p>\n\n\n\n<p>&#8220;No final das contas, o juro \u00e9 o grande juiz no <strong>valuation da Bolsa<\/strong>. A Selic abaixo de 10% vai incentivar a compra em Bolsa, com mais procura por um maior retorno em rela\u00e7\u00e3o ao CDI&#8221;, explica o gestor.&nbsp;<\/p>\n\n\n\n<p>No entanto, Aun alerta que a <strong>Bolsa barata<\/strong> pode ser uma armadilha ao gestor. &#8220;Ela pode continuar barata e exigir um carrego que vai perder dinheiro rodando contra o CDI&#8221;. Em termos de setor, o gestor diz que a AZ Quest vem mantendo posi\u00e7\u00f5es mais consistentes em <strong>a\u00e7\u00f5es de bancos<\/strong> e em small-caps, que tendem a se valorizar com a <strong>queda dos juros<\/strong>.<\/p>\n\n\n\n<p>Em rela\u00e7\u00e3o aos fundos, Aun lembra que o ano vem sendo dif\u00edcil para a ind\u00fastria, com ativos performando abaixo do esperado. Para ele, n\u00e3o houve grandes movimentos que facilitassem a vida dos <a class=\"suno-keyword\" data-force=\"no\" data-priority=\"1\" href=\"https:\/\/www.suno.com.br\/artigos\/fundos-multimercados\/\" target=\"_blank\" rel=\"noopener\">fundos multimercados<\/a>.<\/p>\n\n\n\n<p>&#8220;A gente conseguiu ter uma performance melhor no primeiro semestre, quando vimos que os pre\u00e7os do Brasil estavam deprimidos em rela\u00e7\u00e3o ao que ach\u00e1vamos que aconteceria no cen\u00e1rio local. Aproveitamos aquele stress no in\u00edcio do ano, em fun\u00e7\u00e3o da imprevisibilidade do que seria o governo. Neste segundo semestre est\u00e1 mais dif\u00edcil, mas em raz\u00e3o do cen\u00e1rio externo&#8221;, conclui.<\/p>\n\n\n\n<figure class=\"wp-block-embed is-type-video is-provider-youtube wp-block-embed-youtube wp-embed-aspect-16-9 wp-has-aspect-ratio\"><div class=\"wp-block-embed__wrapper\">\n<iframe loading=\"lazy\" title=\"O QUE ESPERAR DO MACRO AP\u00d3S CORTE DA SELIC? - Gest\u00e3o Ativa, com Eduardo Aun\" width=\"1080\" height=\"608\" src=\"https:\/\/www.youtube.com\/embed\/HFWFpDvkbgM?feature=oembed&#038;enablejsapi=1&#038;origin=https:\/\/www.suno.com.br\" frameborder=\"0\" allow=\"accelerometer; autoplay; clipboard-write; encrypted-media; gyroscope; picture-in-picture; web-share\" allowfullscreen><\/iframe>\n<\/div><\/figure>\n\n\n\n<h2 class=\"wp-block-heading\">Selic: Entidades do setor produtivo divergem sobre corte na taxa <\/h2>\n\n\n\n<p>A decis\u00e3o do Banco Central (BC) de cortar a Taxa Selic em 0,5 ponto percentual \u00e9 t\u00edmida e n\u00e3o impede a desacelera\u00e7\u00e3o econ\u00f4mica, na avalia\u00e7\u00e3o de entidades da ind\u00fastria e de centrais sindicais, que pedem mais ousadia da autoridade monet\u00e1ria.<\/p>\n\n\n\n<p>Em nota, a Confedera\u00e7\u00e3o Nacional da Ind\u00fastria (CNI) considerou a decis\u00e3o do Comit\u00ea de&nbsp;<a target=\"_blank\" href=\"https:\/\/www.suno.com.br\/artigos\/politica-monetaria\/\" rel=\"noreferrer noopener\">Pol\u00edtica Monet\u00e1ria<\/a>&nbsp;(<strong>Copom<\/strong>) \u201ccompreens\u00edvel, mas insuficiente\u201d. A entidade ressaltou que a&nbsp;<strong>taxa de juros<\/strong>&nbsp;real (acima da infla\u00e7\u00e3o) est\u00e1 em 8,5% ao ano, 4 pontos percentuais acima dos juros neutros, que n\u00e3o estimulam nem desestimulam a atividade econ\u00f4mica.<\/p>\n\n\n\n<p>&#8220;Tenho a plena convic\u00e7\u00e3o de que a queda de juros n\u00e3o est\u00e1 na velocidade que n\u00f3s precisamos. Na verdade, estamos em uma armadilha, porque a nossa Taxa Selic atingiu um patamar bastante desestimulante. Entendo que n\u00e3o \u00e9 poss\u00edvel fazer uma queda abrupta, mas o Banco Central poderia ser um pouco mais desafiador e ter iniciado uma redu\u00e7\u00e3o mais acelerada&#8221;, afirmou em nota o novo presidente da CNI, Ricardo Alban.<\/p>\n\n\n\n<p>J\u00e1 a Federa\u00e7\u00e3o das Ind\u00fastrias do Estado do Rio de Janeiro (Firjan) considerou a decis\u00e3o acertada, em fun\u00e7\u00e3o do cen\u00e1rio econ\u00f4mico atual. A entidade avalia que os dados recentes evidenciam din\u00e2mica mais favor\u00e1vel da infla\u00e7\u00e3o para o consumidor. \u201cAs proje\u00e7\u00f5es para a&nbsp;<strong>infla\u00e7\u00e3o<\/strong>, em 2024 e 2025, indicam estabilidade, permanecendo dentro da meta estabelecida. Al\u00e9m disso, os&nbsp;<a target=\"_blank\" href=\"https:\/\/www.suno.com.br\/artigos\/indicadores-economicos\/\" rel=\"noreferrer noopener\">indicadores econ\u00f4micos<\/a>&nbsp;de&nbsp;<a target=\"_blank\" href=\"https:\/\/www.suno.com.br\/artigos\/curto-prazo\/\" rel=\"noreferrer noopener\">curto prazo<\/a>&nbsp;sustentam a perspectiva de desacelera\u00e7\u00e3o nos pr\u00f3ximos trimestres\u201d.<\/p>\n\n\n\n<p>Apesar da an\u00e1lise positiva, a Firjan destacou que fatores externos trazem incertezas ao cen\u00e1rio atual, como a eleva\u00e7\u00e3o das&nbsp;<strong>taxas de juros<\/strong>&nbsp;nos Estados Unidos e a guerra no Oriente M\u00e9dio, que trouxe preocupa\u00e7\u00f5es para o mercado de energia. \u201cMais do que nunca, \u00e9 fundamental manter o compromisso firme com o equil\u00edbrio fiscal e com as metas estabelecidas. A solv\u00eancia da&nbsp;<a href=\"https:\/\/www.suno.com.br\/artigos\/divida-publica\/\" target=\"_blank\" rel=\"noreferrer noopener\">d\u00edvida p\u00fablica<\/a>&nbsp;desempenha um papel crucial no amortecimento dos efeitos das incertezas que permeiam o cen\u00e1rio internacional. A credibilidade fiscal \u00e9 um pilar essencial para preservar a percep\u00e7\u00e3o do&nbsp;<a href=\"https:\/\/www.suno.com.br\/artigos\/embi\/\" target=\"_blank\" rel=\"noreferrer noopener\">risco pa\u00eds<\/a>&nbsp;e favorecer a continuidade dos cortes de juros\u201d, indicou a Firjan.<\/p>\n\n\n\n<h2 class=\"wp-block-heading\">Fundos multimercados t\u00eam ano dif\u00edcil e registram perdas<\/h2>\n\n\n\n<p>Grande parte dos&nbsp;<strong>fundos de multimercados&nbsp;<\/strong>vem obtendo resultados abaixo do esperado em 2023, principalmente quando comparado aos rendimentos do ano anterior.&nbsp;<\/p>\n\n\n\n<p>No geral, segundo a Anbima (Associa\u00e7\u00e3o Brasileira das Entidades dos Mercados Financeiros e de Capitais), os<strong>&nbsp;fundos de investimentos<\/strong>&nbsp;tiveram mais sa\u00eddas do que aportes de janeiro a setembro, totalizando R$ 84,6 bilh\u00f5es de resgates l\u00edquidos.&nbsp;<\/p>\n\n\n\n<p>Os dados mostram que o resultado foi puxado pelas<strong>&nbsp;classes de multimercados<\/strong>, a\u00e7\u00f5es e&nbsp;<a href=\"https:\/\/www.suno.com.br\/guias\/investimento-renda-fixa\/\" target=\"_blank\" rel=\"noreferrer noopener\">renda fixa<\/a>. Os fundos de multimercados tiveram uma retirada l\u00edquida de R$ 57 bilh\u00f5es, sendo respons\u00e1vel pela maioria dos resgates.&nbsp;<\/p>\n\n\n\n<p>Para Marco Prado, CIO da BullSide Capital, um dos fatores que influenciaram as retiradas foi um&nbsp;<strong>cen\u00e1rio macroecon\u00f4mico&nbsp;<\/strong>mais imprevis\u00edvel. \u201cO investidor migrou para produtos mais seguros. No caso, a renda fixa, pois a renda vari\u00e1vel ficou completamente exposta.\u201d<\/p>\n\n\n\t<p>\n\t\t<a href=\"https:\/\/lp.suno.com.br\/ebook-como-analisar-uma-acao\/\" target=\"_blank\" data-element=\"shortcode-suno-banner\" title=\"Banner SUNO, clique e saiba mais\">\n\t\t\t<picture>\n\t\t\t\t<source media=\"(max-width: 500px)\" srcset=\"https:\/\/files.sunoresearch.com.br\/n\/uploads\/2023\/03\/Ebook-Acoes-Mobile.jpg\">\n\t\t\t\t<img class=\"newsContent__article__imgCapa newsContent__article__imgCapa--banner\"\n\t\t\t\t\tsrc=\"https:\/\/files.sunoresearch.com.br\/n\/uploads\/2023\/03\/Ebook-Acoes-Desktop.jpg\"\n\t\t\t\t\tdata-promo-id=\"378302\"\t\t\t\t\t\t\t\t\t\twidth='1420' height='286'\t\t\t\t\talt=\"https:\/\/files.sunoresearch.com.br\/n\/uploads\/2023\/03\/Ebook-Acoes-Desktop.jpg\"\n\t\t\t\t>\n\t\t\t<\/picture>\n\t\t<\/a>\n\t<\/p>\n\n\n\n\n\n<p>A dificuldade dos gestores de captar tend\u00eancias econ\u00f4micas tamb\u00e9m foi apontada por analistas como um dos pontos de dificuldades dos fundos. Segundo Jo\u00e3o Arthur, CIO da Suno Wealth, a classe de multimercado para operar bem precisa ter um cen\u00e1rio de volatilidade, a fim de tomar risco.<\/p>\n\n\n\n<p>\u201cTivemos o mercado piorando de janeiro a mar\u00e7o, dando uma oportunidade do mercado de bolsa, c\u00e2mbio e juros operar de maneira pessimista, mas n\u00e3o operou. Novamente, nos \u00faltimos dois e&nbsp; tr\u00eas meses, o mercado piorou, mas a<strong>&nbsp;cota dos fundos de multimercado<\/strong>&nbsp;n\u00e3o reagiu\u201d, explica Arthur.&nbsp;<\/p>\n\n\n\n\t<div data-element=\"shortcode-read-more\" class=\"readToo\">\n\t\t\t\t<span class=\"readToo__title\">Leia mais<\/span>\n\t\t\t\t<ul class=\"readToo__list\">\n\t\t\t<li><a href=\"https:\/\/www.suno.com.br\/noticias\/b3-b3sa3-bolsa-de-valores-acoes-volume-selic-evm\/\">B3 (B3SA3): volume da bolsa s\u00f3 deve melhorar com Selic de um d\u00edgito, diz Goldman Sachs<\/a><\/li><li><a href=\"https:\/\/www.suno.com.br\/noticias\/ipca-cortes-selic-fiscal-externo\/\">IPCA permitiria acelera\u00e7\u00e3o de cortes da Selic, mas fiscal e externo impedem<\/a><\/li>\t\t<\/ul>\n\t<\/div>\n\n\n\n\n<p>De acordo com Arthur, boa parte da&nbsp;perda no multimercado&nbsp;ocorreu por causa de juros, ou por erros&nbsp;na perspectiva sobre a queda na <strong>Selic<\/strong>. O analista aponta ainda que agora os fundos est\u00e3o bem pessimistas sobre a queda do juros. \u201cSe o juros ca\u00edrem mais que o esperado, \u00e9 poss\u00edvel ver as cotas do multimercado \u2018sofrerem\u2019 um pouco mais\u201d, destaca.<\/p>\n\n\n\n\n\t<p>\n\t\t<a href=\"https:\/\/lp.suno.com.br\/planilha-da-vida-financeira\/\" target=\"_blank\" data-element=\"shortcode-suno-banner\" title=\"Banner SUNO, clique e saiba mais\">\n\t\t\t<picture>\n\t\t\t\t<source media=\"(max-width: 500px)\" srcset=\"https:\/\/files.sunoresearch.com.br\/n\/uploads\/2023\/04\/400x300-Planilha-vida-financeira-true.png\">\n\t\t\t\t<img class=\"newsContent__article__imgCapa newsContent__article__imgCapa--banner\"\n\t\t\t\t\tsrc=\"https:\/\/files.sunoresearch.com.br\/n\/uploads\/2023\/04\/1420x240-Planilha-vida-financeira-true.png\"\n\t\t\t\t\tdata-promo-id=\"383123\"\t\t\t\t\t\t\t\t\t\twidth='1420' height='240'\t\t\t\t\talt=\"https:\/\/files.sunoresearch.com.br\/n\/uploads\/2023\/04\/1420x240-Planilha-vida-financeira-true.png\"\n\t\t\t\t>\n\t\t\t<\/picture>\n\t\t<\/a>\n\t<\/p>\n\n\n","protected":false},"excerpt":{"rendered":"<p>No come\u00e7o deste m\u00eas, o Comit\u00ea de Pol\u00edtica Monet\u00e1ria (Copom) do Banco Central reduziu a Selic em 0,5 ponto percentual, de 12,75% para 12,25% ao ano, influenciando uma s\u00e9rie de investimentos. Em entrevista ao canal Suno Not\u00edcias, no Youtube, Eduardo Aun, gestor de Macro da AZ Quest, afirmou que espera os juros terminais abaixo de [&hellip;]<\/p>\n","protected":false},"author":301,"featured_media":461847,"comment_status":"closed","ping_status":"closed","sticky":false,"template":"","format":"standard","meta":[],"categories":[60],"tags":[1842,309,1397,1104,1635,290],"suno_strategy":[],"class_list":["post-489559","post","type-post","status-publish","format-standard","has-post-thumbnail","hentry","category-mercado","tag-banco-central-bc","tag-bolsa-de-valores","tag-cdi","tag-copom","tag-mercado-financeiro","tag-taxa-selic"],"yoast_head":"<!-- This site is optimized with the Yoast SEO plugin v24.4 - https:\/\/yoast.com\/wordpress\/plugins\/seo\/ -->\n<title>Selic \u00e9 o grande \u201cjuiz\u201d no valuation da bolsa, diz gestor da AZ Quest<\/title>\n<meta name=\"description\" content=\"Eduardo Aun, gestor de Macro da AZ Quest, afirmou que espera Selic abaixo de 10% e citou quais s\u00e3o as preocupa\u00e7\u00f5es do mercado.\" \/>\n<meta name=\"robots\" content=\"index, follow, max-snippet:-1, max-image-preview:large, max-video-preview:-1\" \/>\n<link rel=\"canonical\" href=\"https:\/\/www.suno.com.br\/noticias\/selic-grande-juiz-no-valuation-bolsa-diz-gestor-az-quest-va\/\" \/>\n<meta property=\"og:locale\" content=\"pt_BR\" \/>\n<meta property=\"og:type\" content=\"article\" \/>\n<meta property=\"og:title\" content=\"Selic \u00e9 o grande \u201cjuiz\u201d no valuation da bolsa, diz gestor da AZ Quest\" \/>\n<meta property=\"og:description\" content=\"Eduardo Aun, gestor de Macro da AZ Quest, afirmou que espera Selic abaixo de 10% e citou quais s\u00e3o as preocupa\u00e7\u00f5es do mercado.\" \/>\n<meta property=\"og:url\" content=\"https:\/\/www.suno.com.br\/noticias\/selic-grande-juiz-no-valuation-bolsa-diz-gestor-az-quest-va\/\" \/>\n<meta property=\"og:site_name\" content=\"Suno Not\u00edcias\" \/>\n<meta property=\"article:publisher\" content=\"https:\/\/facebook.com\/sunoresearch\" \/>\n<meta property=\"og:image\" content=\"https:\/\/files.sunoresearch.com.br\/n\/uploads\/2023\/09\/blur-1853262_1280.jpg\" \/>\n\t<meta property=\"og:image:width\" content=\"1280\" \/>\n\t<meta property=\"og:image:height\" content=\"960\" \/>\n\t<meta property=\"og:image:type\" content=\"image\/jpeg\" \/>\n<meta name=\"author\" content=\"Vin\u00edcius Alves\" \/>\n<meta name=\"twitter:card\" content=\"summary_large_image\" \/>\n<meta name=\"twitter:creator\" content=\"@sunoresearch\" \/>\n<meta name=\"twitter:site\" content=\"@sunoresearch\" \/>\n<meta name=\"twitter:label1\" content=\"Escrito por\" \/>\n\t<meta name=\"twitter:data1\" content=\"Vin\u00edcius Alves\" \/>\n\t<meta name=\"twitter:label2\" content=\"Est. tempo de leitura\" \/>\n\t<meta name=\"twitter:data2\" content=\"6 minutos\" \/>\n<script type=\"application\/ld+json\" class=\"yoast-schema-graph\">{\"@context\":\"https:\/\/schema.org\",\"@graph\":[{\"@type\":\"NewsArticle\",\"@id\":\"https:\/\/www.suno.com.br\/noticias\/selic-grande-juiz-no-valuation-bolsa-diz-gestor-az-quest-va\/#article\",\"isPartOf\":{\"@id\":\"https:\/\/www.suno.com.br\/noticias\/selic-grande-juiz-no-valuation-bolsa-diz-gestor-az-quest-va\/\"},\"author\":{\"name\":\"Vin\u00edcius Alves\",\"@id\":\"https:\/\/www.suno.com.br\/noticias\/#\/schema\/person\/4a180549702d0e236b3e420862bcded3\"},\"headline\":\"Selic: cortes nos juros aumentam compras na Bolsa, mas podem esconder uma armadilha, diz gestor\",\"datePublished\":\"2023-11-23T15:59:54+00:00\",\"dateModified\":\"2023-11-23T16:42:02+00:00\",\"mainEntityOfPage\":{\"@id\":\"https:\/\/www.suno.com.br\/noticias\/selic-grande-juiz-no-valuation-bolsa-diz-gestor-az-quest-va\/\"},\"wordCount\":1161,\"publisher\":{\"@id\":\"https:\/\/www.suno.com.br\/noticias\/#organization\"},\"image\":{\"@id\":\"https:\/\/www.suno.com.br\/noticias\/selic-grande-juiz-no-valuation-bolsa-diz-gestor-az-quest-va\/#primaryimage\"},\"thumbnailUrl\":\"https:\/\/files.sunoresearch.com.br\/n\/uploads\/2023\/09\/blur-1853262_1280.jpg\",\"keywords\":[\"Banco Central (BC)\",\"Bolsa de Valores\",\"CDI\",\"Copom\",\"mercado financeiro\",\"Taxa Selic\"],\"articleSection\":[\"Mercado\"],\"inLanguage\":\"pt-BR\"},{\"@type\":\"WebPage\",\"@id\":\"https:\/\/www.suno.com.br\/noticias\/selic-grande-juiz-no-valuation-bolsa-diz-gestor-az-quest-va\/\",\"url\":\"https:\/\/www.suno.com.br\/noticias\/selic-grande-juiz-no-valuation-bolsa-diz-gestor-az-quest-va\/\",\"name\":\"Selic \u00e9 o grande \u201cjuiz\u201d no valuation da bolsa, diz gestor da AZ Quest\",\"isPartOf\":{\"@id\":\"https:\/\/www.suno.com.br\/noticias\/#website\"},\"primaryImageOfPage\":{\"@id\":\"https:\/\/www.suno.com.br\/noticias\/selic-grande-juiz-no-valuation-bolsa-diz-gestor-az-quest-va\/#primaryimage\"},\"image\":{\"@id\":\"https:\/\/www.suno.com.br\/noticias\/selic-grande-juiz-no-valuation-bolsa-diz-gestor-az-quest-va\/#primaryimage\"},\"thumbnailUrl\":\"https:\/\/files.sunoresearch.com.br\/n\/uploads\/2023\/09\/blur-1853262_1280.jpg\",\"datePublished\":\"2023-11-23T15:59:54+00:00\",\"dateModified\":\"2023-11-23T16:42:02+00:00\",\"description\":\"Eduardo Aun, gestor de Macro da AZ Quest, afirmou que espera Selic abaixo de 10% e citou quais s\u00e3o as preocupa\u00e7\u00f5es do mercado.\",\"breadcrumb\":{\"@id\":\"https:\/\/www.suno.com.br\/noticias\/selic-grande-juiz-no-valuation-bolsa-diz-gestor-az-quest-va\/#breadcrumb\"},\"inLanguage\":\"pt-BR\",\"potentialAction\":[{\"@type\":\"ReadAction\",\"target\":[\"https:\/\/www.suno.com.br\/noticias\/selic-grande-juiz-no-valuation-bolsa-diz-gestor-az-quest-va\/\"]}]},{\"@type\":\"ImageObject\",\"inLanguage\":\"pt-BR\",\"@id\":\"https:\/\/www.suno.com.br\/noticias\/selic-grande-juiz-no-valuation-bolsa-diz-gestor-az-quest-va\/#primaryimage\",\"url\":\"https:\/\/files.sunoresearch.com.br\/n\/uploads\/2023\/09\/blur-1853262_1280.jpg\",\"contentUrl\":\"https:\/\/files.sunoresearch.com.br\/n\/uploads\/2023\/09\/blur-1853262_1280.jpg\",\"width\":1280,\"height\":960,\"caption\":\"Selic. Foto: Pixabay.\"},{\"@type\":\"BreadcrumbList\",\"@id\":\"https:\/\/www.suno.com.br\/noticias\/selic-grande-juiz-no-valuation-bolsa-diz-gestor-az-quest-va\/#breadcrumb\",\"itemListElement\":[{\"@type\":\"ListItem\",\"position\":1,\"name\":\"Not\u00edcias\",\"item\":\"https:\/\/www.suno.com.br\/noticias\/\"},{\"@type\":\"ListItem\",\"position\":2,\"name\":\"Mercado\",\"item\":\"https:\/\/www.suno.com.br\/noticias\/mercado\/\"},{\"@type\":\"ListItem\",\"position\":3,\"name\":\"Selic: cortes nos juros aumentam compras na Bolsa, mas podem esconder uma armadilha, diz gestor\"}]},{\"@type\":\"WebSite\",\"@id\":\"https:\/\/www.suno.com.br\/noticias\/#website\",\"url\":\"https:\/\/www.suno.com.br\/noticias\/\",\"name\":\"Suno Not\u00edcias\",\"description\":\"Seu portal de informa\u00e7\u00e3o sobre o mundo dos investimentos\",\"publisher\":{\"@id\":\"https:\/\/www.suno.com.br\/noticias\/#organization\"},\"potentialAction\":[{\"@type\":\"SearchAction\",\"target\":{\"@type\":\"EntryPoint\",\"urlTemplate\":\"https:\/\/www.suno.com.br\/noticias\/?s={search_term_string}\"},\"query-input\":{\"@type\":\"PropertyValueSpecification\",\"valueRequired\":true,\"valueName\":\"search_term_string\"}}],\"inLanguage\":\"pt-BR\"},{\"@type\":\"Organization\",\"@id\":\"https:\/\/www.suno.com.br\/noticias\/#organization\",\"name\":\"Suno Not\u00edcias\",\"url\":\"https:\/\/www.suno.com.br\/noticias\/\",\"logo\":{\"@type\":\"ImageObject\",\"inLanguage\":\"pt-BR\",\"@id\":\"https:\/\/www.suno.com.br\/noticias\/#\/schema\/logo\/image\/\",\"url\":\"https:\/\/files.sunoresearch.com.br\/n\/uploads\/2021\/09\/suno-logo.png\",\"contentUrl\":\"https:\/\/files.sunoresearch.com.br\/n\/uploads\/2021\/09\/suno-logo.png\",\"width\":180,\"height\":180,\"caption\":\"Suno Not\u00edcias\"},\"image\":{\"@id\":\"https:\/\/www.suno.com.br\/noticias\/#\/schema\/logo\/image\/\"},\"sameAs\":[\"https:\/\/facebook.com\/sunoresearch\",\"https:\/\/x.com\/sunoresearch\",\"https:\/\/www.instagram.com\/suno\",\"https:\/\/www.linkedin.com\/company\/suno-research\/\",\"https:\/\/www.youtube.com\/c\/sunoresearch\"]},{\"@type\":\"Person\",\"@id\":\"https:\/\/www.suno.com.br\/noticias\/#\/schema\/person\/4a180549702d0e236b3e420862bcded3\",\"name\":\"Vin\u00edcius Alves\",\"image\":{\"@type\":\"ImageObject\",\"inLanguage\":\"pt-BR\",\"@id\":\"https:\/\/www.suno.com.br\/noticias\/#\/schema\/person\/image\/\",\"url\":\"https:\/\/secure.gravatar.com\/avatar\/a95b7fe6d1b813f7907d4f476d5a39e1?s=96&r=g\",\"contentUrl\":\"https:\/\/secure.gravatar.com\/avatar\/a95b7fe6d1b813f7907d4f476d5a39e1?s=96&r=g\",\"caption\":\"Vin\u00edcius Alves\"},\"description\":\"Jornalista formado na Faculdade C\u00e1sper L\u00edbero. Com passagens pela Ag\u00eancia Estado, InfoMoney e Editora Globo.\",\"url\":\"https:\/\/www.suno.com.br\/noticias\/author\/vini08correiagmail-com\/\"}]}<\/script>\n<!-- \/ Yoast SEO plugin. -->","yoast_head_json":{"title":"Selic \u00e9 o grande \u201cjuiz\u201d no valuation da bolsa, diz gestor da AZ Quest","description":"Eduardo Aun, gestor de Macro da AZ Quest, afirmou que espera Selic abaixo de 10% e citou quais s\u00e3o as preocupa\u00e7\u00f5es do mercado.","robots":{"index":"index","follow":"follow","max-snippet":"max-snippet:-1","max-image-preview":"max-image-preview:large","max-video-preview":"max-video-preview:-1"},"canonical":"https:\/\/www.suno.com.br\/noticias\/selic-grande-juiz-no-valuation-bolsa-diz-gestor-az-quest-va\/","og_locale":"pt_BR","og_type":"article","og_title":"Selic \u00e9 o grande \u201cjuiz\u201d no valuation da bolsa, diz gestor da AZ Quest","og_description":"Eduardo Aun, gestor de Macro da AZ Quest, afirmou que espera Selic abaixo de 10% e citou quais s\u00e3o as preocupa\u00e7\u00f5es do mercado.","og_url":"https:\/\/www.suno.com.br\/noticias\/selic-grande-juiz-no-valuation-bolsa-diz-gestor-az-quest-va\/","og_site_name":"Suno Not\u00edcias","article_publisher":"https:\/\/facebook.com\/sunoresearch","og_image":[{"width":1280,"height":960,"url":"https:\/\/files.sunoresearch.com.br\/n\/uploads\/2023\/09\/blur-1853262_1280.jpg","type":"image\/jpeg"}],"author":"Vin\u00edcius Alves","twitter_card":"summary_large_image","twitter_creator":"@sunoresearch","twitter_site":"@sunoresearch","twitter_misc":{"Escrito por":"Vin\u00edcius Alves","Est. tempo de leitura":"6 minutos"},"schema":{"@context":"https:\/\/schema.org","@graph":[{"@type":"NewsArticle","@id":"https:\/\/www.suno.com.br\/noticias\/selic-grande-juiz-no-valuation-bolsa-diz-gestor-az-quest-va\/#article","isPartOf":{"@id":"https:\/\/www.suno.com.br\/noticias\/selic-grande-juiz-no-valuation-bolsa-diz-gestor-az-quest-va\/"},"author":{"name":"Vin\u00edcius Alves","@id":"https:\/\/www.suno.com.br\/noticias\/#\/schema\/person\/4a180549702d0e236b3e420862bcded3"},"headline":"Selic: cortes nos juros aumentam compras na Bolsa, mas podem esconder uma armadilha, diz gestor","datePublished":"2023-11-23T15:59:54+00:00","dateModified":"2023-11-23T16:42:02+00:00","mainEntityOfPage":{"@id":"https:\/\/www.suno.com.br\/noticias\/selic-grande-juiz-no-valuation-bolsa-diz-gestor-az-quest-va\/"},"wordCount":1161,"publisher":{"@id":"https:\/\/www.suno.com.br\/noticias\/#organization"},"image":{"@id":"https:\/\/www.suno.com.br\/noticias\/selic-grande-juiz-no-valuation-bolsa-diz-gestor-az-quest-va\/#primaryimage"},"thumbnailUrl":"https:\/\/files.sunoresearch.com.br\/n\/uploads\/2023\/09\/blur-1853262_1280.jpg","keywords":["Banco Central (BC)","Bolsa de Valores","CDI","Copom","mercado financeiro","Taxa Selic"],"articleSection":["Mercado"],"inLanguage":"pt-BR"},{"@type":"WebPage","@id":"https:\/\/www.suno.com.br\/noticias\/selic-grande-juiz-no-valuation-bolsa-diz-gestor-az-quest-va\/","url":"https:\/\/www.suno.com.br\/noticias\/selic-grande-juiz-no-valuation-bolsa-diz-gestor-az-quest-va\/","name":"Selic \u00e9 o grande \u201cjuiz\u201d no valuation da bolsa, diz gestor da AZ Quest","isPartOf":{"@id":"https:\/\/www.suno.com.br\/noticias\/#website"},"primaryImageOfPage":{"@id":"https:\/\/www.suno.com.br\/noticias\/selic-grande-juiz-no-valuation-bolsa-diz-gestor-az-quest-va\/#primaryimage"},"image":{"@id":"https:\/\/www.suno.com.br\/noticias\/selic-grande-juiz-no-valuation-bolsa-diz-gestor-az-quest-va\/#primaryimage"},"thumbnailUrl":"https:\/\/files.sunoresearch.com.br\/n\/uploads\/2023\/09\/blur-1853262_1280.jpg","datePublished":"2023-11-23T15:59:54+00:00","dateModified":"2023-11-23T16:42:02+00:00","description":"Eduardo Aun, gestor de Macro da AZ Quest, afirmou que espera Selic abaixo de 10% e citou quais s\u00e3o as preocupa\u00e7\u00f5es do mercado.","breadcrumb":{"@id":"https:\/\/www.suno.com.br\/noticias\/selic-grande-juiz-no-valuation-bolsa-diz-gestor-az-quest-va\/#breadcrumb"},"inLanguage":"pt-BR","potentialAction":[{"@type":"ReadAction","target":["https:\/\/www.suno.com.br\/noticias\/selic-grande-juiz-no-valuation-bolsa-diz-gestor-az-quest-va\/"]}]},{"@type":"ImageObject","inLanguage":"pt-BR","@id":"https:\/\/www.suno.com.br\/noticias\/selic-grande-juiz-no-valuation-bolsa-diz-gestor-az-quest-va\/#primaryimage","url":"https:\/\/files.sunoresearch.com.br\/n\/uploads\/2023\/09\/blur-1853262_1280.jpg","contentUrl":"https:\/\/files.sunoresearch.com.br\/n\/uploads\/2023\/09\/blur-1853262_1280.jpg","width":1280,"height":960,"caption":"Selic. Foto: Pixabay."},{"@type":"BreadcrumbList","@id":"https:\/\/www.suno.com.br\/noticias\/selic-grande-juiz-no-valuation-bolsa-diz-gestor-az-quest-va\/#breadcrumb","itemListElement":[{"@type":"ListItem","position":1,"name":"Not\u00edcias","item":"https:\/\/www.suno.com.br\/noticias\/"},{"@type":"ListItem","position":2,"name":"Mercado","item":"https:\/\/www.suno.com.br\/noticias\/mercado\/"},{"@type":"ListItem","position":3,"name":"Selic: cortes nos juros aumentam compras na Bolsa, mas podem esconder uma armadilha, diz gestor"}]},{"@type":"WebSite","@id":"https:\/\/www.suno.com.br\/noticias\/#website","url":"https:\/\/www.suno.com.br\/noticias\/","name":"Suno Not\u00edcias","description":"Seu portal de informa\u00e7\u00e3o sobre o mundo dos investimentos","publisher":{"@id":"https:\/\/www.suno.com.br\/noticias\/#organization"},"potentialAction":[{"@type":"SearchAction","target":{"@type":"EntryPoint","urlTemplate":"https:\/\/www.suno.com.br\/noticias\/?s={search_term_string}"},"query-input":{"@type":"PropertyValueSpecification","valueRequired":true,"valueName":"search_term_string"}}],"inLanguage":"pt-BR"},{"@type":"Organization","@id":"https:\/\/www.suno.com.br\/noticias\/#organization","name":"Suno Not\u00edcias","url":"https:\/\/www.suno.com.br\/noticias\/","logo":{"@type":"ImageObject","inLanguage":"pt-BR","@id":"https:\/\/www.suno.com.br\/noticias\/#\/schema\/logo\/image\/","url":"https:\/\/files.sunoresearch.com.br\/n\/uploads\/2021\/09\/suno-logo.png","contentUrl":"https:\/\/files.sunoresearch.com.br\/n\/uploads\/2021\/09\/suno-logo.png","width":180,"height":180,"caption":"Suno Not\u00edcias"},"image":{"@id":"https:\/\/www.suno.com.br\/noticias\/#\/schema\/logo\/image\/"},"sameAs":["https:\/\/facebook.com\/sunoresearch","https:\/\/x.com\/sunoresearch","https:\/\/www.instagram.com\/suno","https:\/\/www.linkedin.com\/company\/suno-research\/","https:\/\/www.youtube.com\/c\/sunoresearch"]},{"@type":"Person","@id":"https:\/\/www.suno.com.br\/noticias\/#\/schema\/person\/4a180549702d0e236b3e420862bcded3","name":"Vin\u00edcius Alves","image":{"@type":"ImageObject","inLanguage":"pt-BR","@id":"https:\/\/www.suno.com.br\/noticias\/#\/schema\/person\/image\/","url":"https:\/\/secure.gravatar.com\/avatar\/a95b7fe6d1b813f7907d4f476d5a39e1?s=96&r=g","contentUrl":"https:\/\/secure.gravatar.com\/avatar\/a95b7fe6d1b813f7907d4f476d5a39e1?s=96&r=g","caption":"Vin\u00edcius Alves"},"description":"Jornalista formado na Faculdade C\u00e1sper L\u00edbero. Com passagens pela Ag\u00eancia Estado, InfoMoney e Editora Globo.","url":"https:\/\/www.suno.com.br\/noticias\/author\/vini08correiagmail-com\/"}]}},"default_loop_html":"<div class=\"cardsPage__listCard__boxs\"><div class=\"cardsPage__listCard__boxs__img\"><a href=\"https:\/\/www.suno.com.br\/noticias\/selic-grande-juiz-no-valuation-bolsa-diz-gestor-az-quest-va\/\"><img class=\"mask\" src=\"https:\/\/www.suno.com.br\/noticias\/wp-content\/themes\/suno\/resources\/images\/spotlight\/spotlight1img\/bg-mask.png\" alt=\"Image Mask\"\/><img src=\"https:\/\/files.sunoresearch.com.br\/n\/uploads\/2023\/09\/blur-1853262_1280-400x200.jpg\" alt=\"Selic: cortes nos juros aumentam compras na Bolsa, mas podem esconder uma armadilha, diz gestor\"\/><\/a><span class=\"spotlightCategory\"><a href=\"https:\/\/www.suno.com.br\/noticias\/mercado\/\">Mercado<\/a><\/span><\/div><div class=\"cardsPage__listCard__boxs__content\"><a href=\"https:\/\/www.suno.com.br\/noticias\/selic-grande-juiz-no-valuation-bolsa-diz-gestor-az-quest-va\/\"><h2 class=\"content__title\">Selic: cortes nos juros aumentam compras na Bolsa, mas podem esconder uma armadilha, diz gestor<\/h2><\/a><div class=\"newsContent__article__meta\"><div class=\"newsContent__article__meta__authorBox\"><a href=\"https:\/\/www.suno.com.br\/noticias\/author\/redacao-suno\/\" class=\"authorBox__avatar noMobi\"><img src=\"https:\/\/files.sunoresearch.com.br\/n\/uploads\/2020\/08\/0ace682d-redacao-1-150x150.webp\" alt=\"Reda\u00e7\u00e3o Suno Not\u00edcias\"><\/a><div class=\"authorBox__name\"><span>por\n\t\t\t<a href=\"https:\/\/www.suno.com.br\/noticias\/author\/redacao-suno\/\"><span itemprop=\"author\">Reda\u00e7\u00e3o Suno Not\u00edcias<\/span><\/a><\/span><time datetime=\"2023-11-23T12:59:54-03:00\" itemprop=\"datePublished\">23\/11\/2023 12:59<\/time><\/div><\/div><\/div><\/div><\/div>","single_layout":"posts","amp_enabled":true,"_links":{"self":[{"href":"https:\/\/www.suno.com.br\/noticias\/wp-json\/wp\/v2\/posts\/489559"}],"collection":[{"href":"https:\/\/www.suno.com.br\/noticias\/wp-json\/wp\/v2\/posts"}],"about":[{"href":"https:\/\/www.suno.com.br\/noticias\/wp-json\/wp\/v2\/types\/post"}],"author":[{"embeddable":true,"href":"https:\/\/www.suno.com.br\/noticias\/wp-json\/wp\/v2\/users\/301"}],"replies":[{"embeddable":true,"href":"https:\/\/www.suno.com.br\/noticias\/wp-json\/wp\/v2\/comments?post=489559"}],"version-history":[{"count":3,"href":"https:\/\/www.suno.com.br\/noticias\/wp-json\/wp\/v2\/posts\/489559\/revisions"}],"predecessor-version":[{"id":489646,"href":"https:\/\/www.suno.com.br\/noticias\/wp-json\/wp\/v2\/posts\/489559\/revisions\/489646"}],"wp:featuredmedia":[{"embeddable":true,"href":"https:\/\/www.suno.com.br\/noticias\/wp-json\/wp\/v2\/media\/461847"}],"wp:attachment":[{"href":"https:\/\/www.suno.com.br\/noticias\/wp-json\/wp\/v2\/media?parent=489559"}],"wp:term":[{"taxonomy":"category","embeddable":true,"href":"https:\/\/www.suno.com.br\/noticias\/wp-json\/wp\/v2\/categories?post=489559"},{"taxonomy":"post_tag","embeddable":true,"href":"https:\/\/www.suno.com.br\/noticias\/wp-json\/wp\/v2\/tags?post=489559"},{"taxonomy":"suno_strategy","embeddable":true,"href":"https:\/\/www.suno.com.br\/noticias\/wp-json\/wp\/v2\/suno_strategy?post=489559"}],"curies":[{"name":"wp","href":"https:\/\/api.w.org\/{rel}","templated":true}]}}