{"id":48943,"date":"2020-01-07T22:04:44","date_gmt":"2020-01-08T00:04:44","guid":{"rendered":"https:\/\/www.suno.com.br\/noticias\/?p=48943"},"modified":"2020-01-07T22:34:17","modified_gmt":"2020-01-08T00:34:17","slug":"base-militar-eua-ataque-ira","status":"publish","type":"post","link":"https:\/\/www.suno.com.br\/noticias\/base-militar-eua-ataque-ira\/","title":{"rendered":"Bases militares dos EUA sofrem ataque; Ir\u00e3 assume responsabilidade"},"content":{"rendered":"<p>Nesta ter\u00e7a-feira (7), duas bases militares dos Estados Unidos no Iraque foram atingidas por foguetes lan\u00e7ados pelo Ir\u00e3. As informa\u00e7\u00f5es foram dadas pela TV estatal iraniana e confirmadas pelo Pent\u00e1gono em nota.\u00a0 Ainda n\u00e3o h\u00e1 informa\u00e7\u00f5es sobre v\u00edtimas ou danos.<\/p>\t<div class=\"wrapper-featured-image\">\n\t\t<figure class=\"spotlightImg\">\n\n\t\t\t<picture>\n\t\t\t\t<source media=\"(max-width: 768px)\" srcset=\"https:\/\/files.sunoresearch.com.br\/n\/uploads\/2019\/06\/72a5cb83-estados-unidos-400x200.webp\">\n\t\t\t\t<img loading=\"lazy\" decoding=\"async\" class=\"newsContent__article__imgCapa lazyloadDisabled newsContent__article__imgCapa--noCaption\" src=\"https:\/\/files.sunoresearch.com.br\/n\/uploads\/2019\/06\/72a5cb83-estados-unidos-800x450.webp\" width=\"800\" height=\"450\" alt=\"Bases militares dos EUA sofrem ataque; Ir\u00e3 assume responsabilidade\" fetchpriority=high \/>\n\t\t\t<\/picture>\n\n\t\t\t<figcaption class=\"wp-caption-text wp-caption-text--hide\">Pedidos de seguro-desemprego nos EUA atingem menor n\u00edvel desde in\u00edcio da pandemia<\/figcaption>\n\t\t<\/figure>\n\t<\/div>\n\n\n\n<p>O presidente norte-americano, <a href=\"https:\/\/www.suno.com.br\/tudo-sobre\/donald-trump\/\"><strong>Donald<\/strong> <strong>Trump<\/strong><\/a>, j\u00e1 estaria a par do ataque feito pelo <strong>Ir\u00e3 <\/strong>e monitorando a situa\u00e7\u00e3o. &#8220;O presidente foi informado e est\u00e1 monitorando a situa\u00e7\u00e3o de perto e consultando sua equipe de seguran\u00e7a nacional&#8221;, afirmou a Casa Branca em comunicado.<\/p>\n<p>Um dos alvos do ataque \u00e9 a base a\u00e9rea Ain Al-Saad, localizada na prov\u00edncia de Anbar (regi\u00e3o ocidental do pa\u00eds) e que abriga tropas norte-americanas e do Iraque. Outro alvo fica na cidade de Arbil, localizada na regi\u00e3o curda do Iraque.<\/p>\n<p>A TV estatal iraniana afirmou que o Ir\u00e3 lan\u00e7ou &#8220;dezenas&#8221; de m\u00edsseis contra uma das bases, de acordo com a Associated Press. De acordo com a emissora , \u00e9 a opera\u00e7\u00e3o de vingan\u00e7a de Teer\u00e3, que foi chamada de &#8220;M\u00e1rtir Soleimani&#8221;, em retalia\u00e7\u00e3o \u00e0 morte do general <strong>Qassem Soleimani<\/strong>, assassinado na semana passada em um ataque a\u00e9reo norte-americano no Iraque.<\/p>\n<p>A ag\u00eancia &#8220;Reuters&#8221; informou mais cedo que seis foguetes teriam explodido na base. H\u00e1 relatos na imprensa de helic\u00f3pteros norte-americanos na base de Ain al-Saad.<\/p>\n<p>A base atingida come\u00e7ou a ser usada pelas for\u00e7as dos <strong>EUA<\/strong> ap\u00f3s a invas\u00e3o do <strong>Iraque<\/strong> pelos norte-americanos em 2003. A a\u00e7\u00e3o militar americana culminou com a derrubada de <strong>Saddam<\/strong> <strong>Hussein<\/strong> do poder. O local tamb\u00e9m foi usado pelos Estados Unidos como base no combate contra o Estado Isl\u00e2mico.<\/p>\n<h2>EUA X Ir\u00e3<\/h2>\n<p>A escalada de tens\u00e3o entre os <strong>Estados Unidos<\/strong> e o <strong>Ir\u00e3<\/strong> tiveram como marco o assassinato pelo pa\u00eds norte-americano do general iraniano <strong>Qassem Soleimani<\/strong>, o segundo homem mais poderoso do Ir\u00e3, na madrugada da \u00faltima sexta-feira (3).<\/p>\n<p>Desde maio de 2018, quando o presidente Donald Trump se retirou do acordo nuclear assinado entre o Ir\u00e3 e as principais pot\u00eancias globais, a tens\u00e3o entre <strong>Washington<\/strong> e <strong>Teer\u00e3<\/strong> vem crescendo.<\/p>\n\t<p>\n\t\t<a href=\"https:\/\/lp.statusinvest.com.br\/ao\/assessoria-status-invest\/\" target=\"_blank\" data-element=\"shortcode-suno-banner\" title=\"Banner SUNO, clique e saiba mais\">\n\t\t\t<picture>\n\t\t\t\t<source media=\"(max-width: 500px)\" srcset=\"https:\/\/files.sunoresearch.com.br\/n\/uploads\/2024\/03\/400x300-Mobile-1.png\">\n\t\t\t\t<img class=\"newsContent__article__imgCapa newsContent__article__imgCapa--banner\"\n\t\t\t\t\tsrc=\"https:\/\/files.sunoresearch.com.br\/n\/uploads\/2024\/03\/1420-x-240-Desktop.png\"\n\t\t\t\t\tdata-promo-id=\"537299\"\t\t\t\t\t\t\t\t\t\twidth='1420' height='250'\t\t\t\t\talt=\"https:\/\/files.sunoresearch.com.br\/n\/uploads\/2024\/03\/1420-x-240-Desktop.png\"\n\t\t\t\t>\n\t\t\t<\/picture>\n\t\t<\/a>\n\t<\/p>\n\n\n<p>O l\u00edder supremo do Ir\u00e3, <strong>aiatol\u00e1 Ali Khamenei<\/strong> e o presidente <strong>Hassan Rouhani<\/strong> prometeram vingan\u00e7a ap\u00f3s a morte do general.<\/p>\n<p><a href=\"\/\/www.suno.com.br\/noticias\/estados-unidos-bolsas-arabes\/\">Confira Tamb\u00e9m: Escalada das tens\u00f5es entre Estados Unidos e Ir\u00e3 desaba bolsas \u00e1rabes<\/a><\/p>\n<p>&#8220;Se Deus quiser, sua obra e seu caminho n\u00e3o v\u00e3o parar aqui e uma vingan\u00e7a implac\u00e1vel espera os criminosos que encheram as m\u00e3os com seu sangue e a de outros m\u00e1rtires&#8221;, afirmou o aiatol\u00e1 Khamenei.<\/p>\n<p>Em resposta, no \u00faltimo s\u00e1bado (4), Trump fez duas amea\u00e7as de ataques militares ao <strong>Ir\u00e3<\/strong>. Na primeira, o presidente norte-americano informou que tem uma lista de 52 alvos iranianos. Na segunda, afirmou que poderia adotar uma rea\u00e7\u00e3o &#8220;desproporcional&#8221; a uma eventual ofensiva iraniana contra indiv\u00edduos ou bases americanas.<\/p>\n\n","protected":false},"excerpt":{"rendered":"<p>Nesta ter\u00e7a-feira (7), duas bases militares dos Estados Unidos no Iraque foram atingidas por foguetes lan\u00e7ados pelo Ir\u00e3. As informa\u00e7\u00f5es foram dadas pela TV estatal iraniana e confirmadas pelo Pent\u00e1gono em nota.\u00a0 Ainda n\u00e3o h\u00e1 informa\u00e7\u00f5es sobre v\u00edtimas ou danos. Pedidos de seguro-desemprego nos EUA atingem menor n\u00edvel desde in\u00edcio da pandemia O presidente norte-americano, [&hellip;]<\/p>\n","protected":false},"author":23,"featured_media":27496,"comment_status":"closed","ping_status":"closed","sticky":false,"template":"","format":"standard","meta":[],"categories":[63],"tags":[793,1458],"suno_strategy":[],"class_list":["post-48943","post","type-post","status-publish","format-standard","has-post-thumbnail","hentry","category-internacional","tag-estados-unidos-eua","tag-ira"],"yoast_head":"<!-- This site is optimized with the Yoast SEO plugin v24.4 - https:\/\/yoast.com\/wordpress\/plugins\/seo\/ -->\n<title>Base militar dos EUA sofre ataque; Ir\u00e3 assume responsabilidade<\/title>\n<meta name=\"description\" content=\"A base de Ain Al-Saad, que abriga tropas norte-americanas e do Iraque, foi atingida por foguetes lan\u00e7ados pelo Ir\u00e3. Clique para mais.\" \/>\n<meta name=\"robots\" content=\"index, follow, max-snippet:-1, max-image-preview:large, max-video-preview:-1\" \/>\n<link rel=\"canonical\" href=\"https:\/\/www.suno.com.br\/noticias\/base-militar-eua-ataque-ira\/\" \/>\n<meta property=\"og:locale\" content=\"pt_BR\" \/>\n<meta property=\"og:type\" content=\"article\" \/>\n<meta property=\"og:title\" content=\"Base militar dos EUA sofre ataque; Ir\u00e3 assume responsabilidade\" \/>\n<meta property=\"og:description\" content=\"A base de Ain Al-Saad, que abriga tropas norte-americanas e do Iraque, foi atingida por foguetes lan\u00e7ados pelo Ir\u00e3. Clique para mais.\" \/>\n<meta property=\"og:url\" content=\"https:\/\/www.suno.com.br\/noticias\/base-militar-eua-ataque-ira\/\" \/>\n<meta property=\"og:site_name\" content=\"Suno Not\u00edcias\" \/>\n<meta property=\"article:publisher\" content=\"https:\/\/facebook.com\/sunoresearch\" \/>\n<meta property=\"og:image\" content=\"https:\/\/files.sunoresearch.com.br\/n\/uploads\/2019\/06\/72a5cb83-estados-unidos.jpg\" \/>\n\t<meta property=\"og:image:width\" content=\"1920\" \/>\n\t<meta property=\"og:image:height\" content=\"1276\" \/>\n\t<meta property=\"og:image:type\" content=\"image\/jpeg\" \/>\n<meta name=\"author\" content=\"Rafael Lara\" \/>\n<meta name=\"twitter:card\" content=\"summary_large_image\" \/>\n<meta name=\"twitter:creator\" content=\"@sunoresearch\" \/>\n<meta name=\"twitter:site\" content=\"@sunoresearch\" \/>\n<meta name=\"twitter:label1\" content=\"Escrito por\" \/>\n\t<meta name=\"twitter:data1\" content=\"Rafael Lara\" \/>\n\t<meta name=\"twitter:label2\" content=\"Est. tempo de leitura\" \/>\n\t<meta name=\"twitter:data2\" content=\"2 minutos\" \/>\n<script type=\"application\/ld+json\" class=\"yoast-schema-graph\">{\"@context\":\"https:\/\/schema.org\",\"@graph\":[{\"@type\":\"NewsArticle\",\"@id\":\"https:\/\/www.suno.com.br\/noticias\/base-militar-eua-ataque-ira\/#article\",\"isPartOf\":{\"@id\":\"https:\/\/www.suno.com.br\/noticias\/base-militar-eua-ataque-ira\/\"},\"author\":{\"name\":\"Rafael Lara\",\"@id\":\"https:\/\/www.suno.com.br\/noticias\/#\/schema\/person\/098743caeed97b37f51315c9576c4078\"},\"headline\":\"Bases militares dos EUA sofrem ataque; Ir\u00e3 assume responsabilidade\",\"datePublished\":\"2020-01-08T00:04:44+00:00\",\"dateModified\":\"2020-01-08T00:34:17+00:00\",\"mainEntityOfPage\":{\"@id\":\"https:\/\/www.suno.com.br\/noticias\/base-militar-eua-ataque-ira\/\"},\"wordCount\":504,\"publisher\":{\"@id\":\"https:\/\/www.suno.com.br\/noticias\/#organization\"},\"image\":{\"@id\":\"https:\/\/www.suno.com.br\/noticias\/base-militar-eua-ataque-ira\/#primaryimage\"},\"thumbnailUrl\":\"https:\/\/files.sunoresearch.com.br\/n\/uploads\/2019\/06\/72a5cb83-estados-unidos-jpg.webp\",\"keywords\":[\"Estados Unidos (EUA)\",\"Ir\u00e3\"],\"articleSection\":[\"Internacional\"],\"inLanguage\":\"pt-BR\"},{\"@type\":\"WebPage\",\"@id\":\"https:\/\/www.suno.com.br\/noticias\/base-militar-eua-ataque-ira\/\",\"url\":\"https:\/\/www.suno.com.br\/noticias\/base-militar-eua-ataque-ira\/\",\"name\":\"Base militar dos EUA sofre ataque; Ir\u00e3 assume responsabilidade\",\"isPartOf\":{\"@id\":\"https:\/\/www.suno.com.br\/noticias\/#website\"},\"primaryImageOfPage\":{\"@id\":\"https:\/\/www.suno.com.br\/noticias\/base-militar-eua-ataque-ira\/#primaryimage\"},\"image\":{\"@id\":\"https:\/\/www.suno.com.br\/noticias\/base-militar-eua-ataque-ira\/#primaryimage\"},\"thumbnailUrl\":\"https:\/\/files.sunoresearch.com.br\/n\/uploads\/2019\/06\/72a5cb83-estados-unidos-jpg.webp\",\"datePublished\":\"2020-01-08T00:04:44+00:00\",\"dateModified\":\"2020-01-08T00:34:17+00:00\",\"description\":\"A base de Ain Al-Saad, que abriga tropas norte-americanas e do Iraque, foi atingida por foguetes lan\u00e7ados pelo Ir\u00e3. Clique para mais.\",\"breadcrumb\":{\"@id\":\"https:\/\/www.suno.com.br\/noticias\/base-militar-eua-ataque-ira\/#breadcrumb\"},\"inLanguage\":\"pt-BR\",\"potentialAction\":[{\"@type\":\"ReadAction\",\"target\":[\"https:\/\/www.suno.com.br\/noticias\/base-militar-eua-ataque-ira\/\"]}]},{\"@type\":\"ImageObject\",\"inLanguage\":\"pt-BR\",\"@id\":\"https:\/\/www.suno.com.br\/noticias\/base-militar-eua-ataque-ira\/#primaryimage\",\"url\":\"https:\/\/files.sunoresearch.com.br\/n\/uploads\/2019\/06\/72a5cb83-estados-unidos-jpg.webp\",\"contentUrl\":\"https:\/\/files.sunoresearch.com.br\/n\/uploads\/2019\/06\/72a5cb83-estados-unidos-jpg.webp\",\"width\":1920,\"height\":1276,\"caption\":\"Pedidos de seguro-desemprego nos EUA atingem menor n\u00edvel desde in\u00edcio da pandemia\"},{\"@type\":\"BreadcrumbList\",\"@id\":\"https:\/\/www.suno.com.br\/noticias\/base-militar-eua-ataque-ira\/#breadcrumb\",\"itemListElement\":[{\"@type\":\"ListItem\",\"position\":1,\"name\":\"Not\u00edcias\",\"item\":\"https:\/\/www.suno.com.br\/noticias\/\"},{\"@type\":\"ListItem\",\"position\":2,\"name\":\"Internacional\",\"item\":\"https:\/\/www.suno.com.br\/noticias\/internacional\/\"},{\"@type\":\"ListItem\",\"position\":3,\"name\":\"Bases militares dos EUA sofrem ataque; Ir\u00e3 assume responsabilidade\"}]},{\"@type\":\"WebSite\",\"@id\":\"https:\/\/www.suno.com.br\/noticias\/#website\",\"url\":\"https:\/\/www.suno.com.br\/noticias\/\",\"name\":\"Suno Not\u00edcias\",\"description\":\"Seu portal de informa\u00e7\u00e3o sobre o mundo dos investimentos\",\"publisher\":{\"@id\":\"https:\/\/www.suno.com.br\/noticias\/#organization\"},\"potentialAction\":[{\"@type\":\"SearchAction\",\"target\":{\"@type\":\"EntryPoint\",\"urlTemplate\":\"https:\/\/www.suno.com.br\/noticias\/?s={search_term_string}\"},\"query-input\":{\"@type\":\"PropertyValueSpecification\",\"valueRequired\":true,\"valueName\":\"search_term_string\"}}],\"inLanguage\":\"pt-BR\"},{\"@type\":\"Organization\",\"@id\":\"https:\/\/www.suno.com.br\/noticias\/#organization\",\"name\":\"Suno Not\u00edcias\",\"url\":\"https:\/\/www.suno.com.br\/noticias\/\",\"logo\":{\"@type\":\"ImageObject\",\"inLanguage\":\"pt-BR\",\"@id\":\"https:\/\/www.suno.com.br\/noticias\/#\/schema\/logo\/image\/\",\"url\":\"https:\/\/files.sunoresearch.com.br\/n\/uploads\/2021\/09\/suno-logo.png\",\"contentUrl\":\"https:\/\/files.sunoresearch.com.br\/n\/uploads\/2021\/09\/suno-logo.png\",\"width\":180,\"height\":180,\"caption\":\"Suno Not\u00edcias\"},\"image\":{\"@id\":\"https:\/\/www.suno.com.br\/noticias\/#\/schema\/logo\/image\/\"},\"sameAs\":[\"https:\/\/facebook.com\/sunoresearch\",\"https:\/\/x.com\/sunoresearch\",\"https:\/\/www.instagram.com\/suno\",\"https:\/\/www.linkedin.com\/company\/suno-research\/\",\"https:\/\/www.youtube.com\/c\/sunoresearch\"]},{\"@type\":\"Person\",\"@id\":\"https:\/\/www.suno.com.br\/noticias\/#\/schema\/person\/098743caeed97b37f51315c9576c4078\",\"name\":\"Rafael Lara\",\"image\":{\"@type\":\"ImageObject\",\"inLanguage\":\"pt-BR\",\"@id\":\"https:\/\/www.suno.com.br\/noticias\/#\/schema\/person\/image\/\",\"url\":\"https:\/\/secure.gravatar.com\/avatar\/dfc254ab9bb2ea1895d98b9e9dae4bdd?s=96&r=g\",\"contentUrl\":\"https:\/\/secure.gravatar.com\/avatar\/dfc254ab9bb2ea1895d98b9e9dae4bdd?s=96&r=g\",\"caption\":\"Rafael Lara\"},\"description\":\"Rafael Lara cursa jornalismo na Faculdade C\u00e1sper L\u00edbero. Escreve sobre pol\u00edtica, economia e neg\u00f3cios para o portal Suno Not\u00edcias. Antes, colaborou na TV Gazeta na produ\u00e7\u00e3o do programa Edi\u00e7\u00e3o Extra.\",\"url\":\"https:\/\/www.suno.com.br\/noticias\/author\/rafael\/\"}]}<\/script>\n<!-- \/ Yoast SEO plugin. -->","yoast_head_json":{"title":"Base militar dos EUA sofre ataque; Ir\u00e3 assume responsabilidade","description":"A base de Ain Al-Saad, que abriga tropas norte-americanas e do Iraque, foi atingida por foguetes lan\u00e7ados pelo Ir\u00e3. Clique para mais.","robots":{"index":"index","follow":"follow","max-snippet":"max-snippet:-1","max-image-preview":"max-image-preview:large","max-video-preview":"max-video-preview:-1"},"canonical":"https:\/\/www.suno.com.br\/noticias\/base-militar-eua-ataque-ira\/","og_locale":"pt_BR","og_type":"article","og_title":"Base militar dos EUA sofre ataque; Ir\u00e3 assume responsabilidade","og_description":"A base de Ain Al-Saad, que abriga tropas norte-americanas e do Iraque, foi atingida por foguetes lan\u00e7ados pelo Ir\u00e3. Clique para mais.","og_url":"https:\/\/www.suno.com.br\/noticias\/base-militar-eua-ataque-ira\/","og_site_name":"Suno Not\u00edcias","article_publisher":"https:\/\/facebook.com\/sunoresearch","og_image":[{"width":1920,"height":1276,"url":"https:\/\/files.sunoresearch.com.br\/n\/uploads\/2019\/06\/72a5cb83-estados-unidos.jpg","type":"image\/jpeg"}],"author":"Rafael Lara","twitter_card":"summary_large_image","twitter_creator":"@sunoresearch","twitter_site":"@sunoresearch","twitter_misc":{"Escrito por":"Rafael Lara","Est. tempo de leitura":"2 minutos"},"schema":{"@context":"https:\/\/schema.org","@graph":[{"@type":"NewsArticle","@id":"https:\/\/www.suno.com.br\/noticias\/base-militar-eua-ataque-ira\/#article","isPartOf":{"@id":"https:\/\/www.suno.com.br\/noticias\/base-militar-eua-ataque-ira\/"},"author":{"name":"Rafael Lara","@id":"https:\/\/www.suno.com.br\/noticias\/#\/schema\/person\/098743caeed97b37f51315c9576c4078"},"headline":"Bases militares dos EUA sofrem ataque; Ir\u00e3 assume responsabilidade","datePublished":"2020-01-08T00:04:44+00:00","dateModified":"2020-01-08T00:34:17+00:00","mainEntityOfPage":{"@id":"https:\/\/www.suno.com.br\/noticias\/base-militar-eua-ataque-ira\/"},"wordCount":504,"publisher":{"@id":"https:\/\/www.suno.com.br\/noticias\/#organization"},"image":{"@id":"https:\/\/www.suno.com.br\/noticias\/base-militar-eua-ataque-ira\/#primaryimage"},"thumbnailUrl":"https:\/\/files.sunoresearch.com.br\/n\/uploads\/2019\/06\/72a5cb83-estados-unidos-jpg.webp","keywords":["Estados Unidos (EUA)","Ir\u00e3"],"articleSection":["Internacional"],"inLanguage":"pt-BR"},{"@type":"WebPage","@id":"https:\/\/www.suno.com.br\/noticias\/base-militar-eua-ataque-ira\/","url":"https:\/\/www.suno.com.br\/noticias\/base-militar-eua-ataque-ira\/","name":"Base militar dos EUA sofre ataque; Ir\u00e3 assume responsabilidade","isPartOf":{"@id":"https:\/\/www.suno.com.br\/noticias\/#website"},"primaryImageOfPage":{"@id":"https:\/\/www.suno.com.br\/noticias\/base-militar-eua-ataque-ira\/#primaryimage"},"image":{"@id":"https:\/\/www.suno.com.br\/noticias\/base-militar-eua-ataque-ira\/#primaryimage"},"thumbnailUrl":"https:\/\/files.sunoresearch.com.br\/n\/uploads\/2019\/06\/72a5cb83-estados-unidos-jpg.webp","datePublished":"2020-01-08T00:04:44+00:00","dateModified":"2020-01-08T00:34:17+00:00","description":"A base de Ain Al-Saad, que abriga tropas norte-americanas e do Iraque, foi atingida por foguetes lan\u00e7ados pelo Ir\u00e3. Clique para mais.","breadcrumb":{"@id":"https:\/\/www.suno.com.br\/noticias\/base-militar-eua-ataque-ira\/#breadcrumb"},"inLanguage":"pt-BR","potentialAction":[{"@type":"ReadAction","target":["https:\/\/www.suno.com.br\/noticias\/base-militar-eua-ataque-ira\/"]}]},{"@type":"ImageObject","inLanguage":"pt-BR","@id":"https:\/\/www.suno.com.br\/noticias\/base-militar-eua-ataque-ira\/#primaryimage","url":"https:\/\/files.sunoresearch.com.br\/n\/uploads\/2019\/06\/72a5cb83-estados-unidos-jpg.webp","contentUrl":"https:\/\/files.sunoresearch.com.br\/n\/uploads\/2019\/06\/72a5cb83-estados-unidos-jpg.webp","width":1920,"height":1276,"caption":"Pedidos de seguro-desemprego nos EUA atingem menor n\u00edvel desde in\u00edcio da pandemia"},{"@type":"BreadcrumbList","@id":"https:\/\/www.suno.com.br\/noticias\/base-militar-eua-ataque-ira\/#breadcrumb","itemListElement":[{"@type":"ListItem","position":1,"name":"Not\u00edcias","item":"https:\/\/www.suno.com.br\/noticias\/"},{"@type":"ListItem","position":2,"name":"Internacional","item":"https:\/\/www.suno.com.br\/noticias\/internacional\/"},{"@type":"ListItem","position":3,"name":"Bases militares dos EUA sofrem ataque; Ir\u00e3 assume responsabilidade"}]},{"@type":"WebSite","@id":"https:\/\/www.suno.com.br\/noticias\/#website","url":"https:\/\/www.suno.com.br\/noticias\/","name":"Suno Not\u00edcias","description":"Seu portal de informa\u00e7\u00e3o sobre o mundo dos investimentos","publisher":{"@id":"https:\/\/www.suno.com.br\/noticias\/#organization"},"potentialAction":[{"@type":"SearchAction","target":{"@type":"EntryPoint","urlTemplate":"https:\/\/www.suno.com.br\/noticias\/?s={search_term_string}"},"query-input":{"@type":"PropertyValueSpecification","valueRequired":true,"valueName":"search_term_string"}}],"inLanguage":"pt-BR"},{"@type":"Organization","@id":"https:\/\/www.suno.com.br\/noticias\/#organization","name":"Suno Not\u00edcias","url":"https:\/\/www.suno.com.br\/noticias\/","logo":{"@type":"ImageObject","inLanguage":"pt-BR","@id":"https:\/\/www.suno.com.br\/noticias\/#\/schema\/logo\/image\/","url":"https:\/\/files.sunoresearch.com.br\/n\/uploads\/2021\/09\/suno-logo.png","contentUrl":"https:\/\/files.sunoresearch.com.br\/n\/uploads\/2021\/09\/suno-logo.png","width":180,"height":180,"caption":"Suno Not\u00edcias"},"image":{"@id":"https:\/\/www.suno.com.br\/noticias\/#\/schema\/logo\/image\/"},"sameAs":["https:\/\/facebook.com\/sunoresearch","https:\/\/x.com\/sunoresearch","https:\/\/www.instagram.com\/suno","https:\/\/www.linkedin.com\/company\/suno-research\/","https:\/\/www.youtube.com\/c\/sunoresearch"]},{"@type":"Person","@id":"https:\/\/www.suno.com.br\/noticias\/#\/schema\/person\/098743caeed97b37f51315c9576c4078","name":"Rafael Lara","image":{"@type":"ImageObject","inLanguage":"pt-BR","@id":"https:\/\/www.suno.com.br\/noticias\/#\/schema\/person\/image\/","url":"https:\/\/secure.gravatar.com\/avatar\/dfc254ab9bb2ea1895d98b9e9dae4bdd?s=96&r=g","contentUrl":"https:\/\/secure.gravatar.com\/avatar\/dfc254ab9bb2ea1895d98b9e9dae4bdd?s=96&r=g","caption":"Rafael Lara"},"description":"Rafael Lara cursa jornalismo na Faculdade C\u00e1sper L\u00edbero. Escreve sobre pol\u00edtica, economia e neg\u00f3cios para o portal Suno Not\u00edcias. Antes, colaborou na TV Gazeta na produ\u00e7\u00e3o do programa Edi\u00e7\u00e3o Extra.","url":"https:\/\/www.suno.com.br\/noticias\/author\/rafael\/"}]}},"default_loop_html":"<div class=\"cardsPage__listCard__boxs\"><div class=\"cardsPage__listCard__boxs__img\"><a href=\"https:\/\/www.suno.com.br\/noticias\/base-militar-eua-ataque-ira\/\"><img class=\"mask\" src=\"https:\/\/www.suno.com.br\/noticias\/wp-content\/themes\/suno\/resources\/images\/spotlight\/spotlight1img\/bg-mask.png\" alt=\"Image Mask\"\/><img src=\"https:\/\/files.sunoresearch.com.br\/n\/uploads\/2019\/06\/72a5cb83-estados-unidos-400x200.webp\" alt=\"Bases militares dos EUA sofrem ataque; Ir\u00e3 assume responsabilidade\"\/><\/a><span class=\"spotlightCategory\"><a href=\"https:\/\/www.suno.com.br\/noticias\/internacional\/\">Internacional<\/a><\/span><\/div><div class=\"cardsPage__listCard__boxs__content\"><a href=\"https:\/\/www.suno.com.br\/noticias\/base-militar-eua-ataque-ira\/\"><h2 class=\"content__title\">Bases militares dos EUA sofrem ataque; Ir\u00e3 assume responsabilidade<\/h2><\/a><div class=\"newsContent__article__meta\"><div class=\"newsContent__article__meta__authorBox\"><a href=\"https:\/\/www.suno.com.br\/noticias\/author\/rafael\/\" class=\"authorBox__avatar noMobi\"><img src=\"https:\/\/secure.gravatar.com\/avatar\/dfc254ab9bb2ea1895d98b9e9dae4bdd?s=96&#038;r=g\" alt=\"Rafael Lara\"><\/a><div class=\"authorBox__name\"><span>por\n\t\t\t<a href=\"https:\/\/www.suno.com.br\/noticias\/author\/rafael\/\"><span itemprop=\"author\">Rafael Lara<\/span><\/a><\/span><time datetime=\"2020-01-07T22:04:44-03:00\" itemprop=\"datePublished\">07\/01\/2020 22:04<\/time><\/div><\/div><\/div><\/div><\/div>","single_layout":"posts","amp_enabled":true,"_links":{"self":[{"href":"https:\/\/www.suno.com.br\/noticias\/wp-json\/wp\/v2\/posts\/48943"}],"collection":[{"href":"https:\/\/www.suno.com.br\/noticias\/wp-json\/wp\/v2\/posts"}],"about":[{"href":"https:\/\/www.suno.com.br\/noticias\/wp-json\/wp\/v2\/types\/post"}],"author":[{"embeddable":true,"href":"https:\/\/www.suno.com.br\/noticias\/wp-json\/wp\/v2\/users\/23"}],"replies":[{"embeddable":true,"href":"https:\/\/www.suno.com.br\/noticias\/wp-json\/wp\/v2\/comments?post=48943"}],"version-history":[{"count":0,"href":"https:\/\/www.suno.com.br\/noticias\/wp-json\/wp\/v2\/posts\/48943\/revisions"}],"wp:featuredmedia":[{"embeddable":true,"href":"https:\/\/www.suno.com.br\/noticias\/wp-json\/wp\/v2\/media\/27496"}],"wp:attachment":[{"href":"https:\/\/www.suno.com.br\/noticias\/wp-json\/wp\/v2\/media?parent=48943"}],"wp:term":[{"taxonomy":"category","embeddable":true,"href":"https:\/\/www.suno.com.br\/noticias\/wp-json\/wp\/v2\/categories?post=48943"},{"taxonomy":"post_tag","embeddable":true,"href":"https:\/\/www.suno.com.br\/noticias\/wp-json\/wp\/v2\/tags?post=48943"},{"taxonomy":"suno_strategy","embeddable":true,"href":"https:\/\/www.suno.com.br\/noticias\/wp-json\/wp\/v2\/suno_strategy?post=48943"}],"curies":[{"name":"wp","href":"https:\/\/api.w.org\/{rel}","templated":true}]}}