{"id":48937,"date":"2020-01-07T20:56:15","date_gmt":"2020-01-07T22:56:15","guid":{"rendered":"https:\/\/www.suno.com.br\/noticias\/?p=48937"},"modified":"2020-01-07T20:56:15","modified_gmt":"2020-01-07T22:56:15","slug":"gol-alta-demanda-voos-domesticos-dezembro","status":"publish","type":"post","link":"https:\/\/www.suno.com.br\/noticias\/gol-alta-demanda-voos-domesticos-dezembro\/","title":{"rendered":"Gol obt\u00e9m alta de 3,1% na demanda por voos dom\u00e9sticos em dezembro"},"content":{"rendered":"<p>A <a href=\"https:\/\/www.suno.com.br\/acoes\/goll4\/\">Gol Linhas A\u00e9reas (GOLL4)<\/a> registrou <strong>alta<\/strong> de 3,1% na <strong>demanda<\/strong> por voos dom\u00e9sticos em dezembro de 2019 ante o mesmo per\u00edodo do ano anterior. A informa\u00e7\u00e3o foi divulgada pela a\u00e9rea, nesta ter\u00e7a-feira (7), por meio de um <a href=\"https:\/\/www.suno.com.br\/artigos\/fato-relevante\/\">comunicado ao mercado<\/a>.<\/p>\t<div class=\"wrapper-featured-image\">\n\t\t<figure class=\"spotlightImg\">\n\n\t\t\t<picture>\n\t\t\t\t<source media=\"(max-width: 768px)\" srcset=\"https:\/\/files.sunoresearch.com.br\/n\/uploads\/2019\/03\/1ef17a77-gol-400x200.webp\">\n\t\t\t\t<img loading=\"lazy\" decoding=\"async\" class=\"newsContent__article__imgCapa lazyloadDisabled newsContent__article__imgCapa--noCaption\" src=\"https:\/\/files.sunoresearch.com.br\/n\/uploads\/2019\/03\/1ef17a77-gol-800x450.webp\" width=\"800\" height=\"450\" alt=\"Gol obt\u00e9m alta de 3,1% na demanda por voos dom\u00e9sticos em dezembro\" fetchpriority=high \/>\n\t\t\t<\/picture>\n\n\t\t\t<figcaption class=\"wp-caption-text wp-caption-text--hide\">A Gol (GOLL4) aprovou a cria\u00e7\u00e3o de uma holding com a Avianca, e companhia pode ter capital fechado<\/figcaption>\n\t\t<\/figure>\n\t<\/div>\n\n\n\n<p>O crescimento da demanda no \u00faltimo m\u00eas de 2019 foi inferior a oferta. Em dezembro, os voos ofertados pela <strong>Gol<\/strong> aumentaram 5,2% em compara\u00e7\u00e3o ao mesmo m\u00eas de 2018.<\/p>\n<p>Nos voos internacionais, a demanda caiu 12% no m\u00eas passado em rela\u00e7\u00e3o a dezembro de 2018. Al\u00e9m disso, a oferta da a\u00e9rea diminuiu 9,3% no mesmo per\u00edodo. J\u00e1 a demanda total da a\u00e9rea aumentou 1,1% no m\u00eas passado, enquanto a oferta total subiu 3,1%.<\/p>\n<p>A empresa salientou ainda que a <strong>taxa de ocupa\u00e7\u00e3o<\/strong> total das aeronaves caiu 1,6 ponto percentual no m\u00eas passado ante dezembro de 2018 e foi de 82%. Nos voos dom\u00e9sticos, a taxa de ocupa\u00e7\u00e3o caiu 1,7 ponto percentual no per\u00edodo, para 83%. No segmento internacional, a queda foi de 2,3 ponto percentual, para 74,6%.<\/p>\n<h2>Nova unidade de neg\u00f3cios da Gol<\/h2>\n<p>A Gol anunciou, no final de novembro, uma nova unidade de neg\u00f3cios destinada para a manuten\u00e7\u00e3o, reparos, revis\u00f5es de aeronaves e componentes. A <strong>Aerotech<\/strong>, como \u00e9 denominada a nova unidade, come\u00e7ar\u00e1 a operar neste ano.<\/p>\n<p><a href=\"https:\/\/www.suno.com.br\/noticias\/gol-faturamento-r-140-mi-unidade-negocios\/\">Saiba mais: Gol prev\u00ea faturamento de R$ 140 milh\u00f5es em nova unidade de neg\u00f3cios<\/a><\/p>\n<p>Durante o primeiro ano de opera\u00e7\u00e3o do neg\u00f3cio, a \u00e1rea brasileira pretende faturar R$ 140 milh\u00f5es. A unidade far\u00e1 com que o <strong>Centro de Manuten\u00e7\u00e3o de Aeronaves (CMA)<\/strong> da Gol, no aeroporto de Confins, em Minas Gerais, ofere\u00e7a seus servi\u00e7os para outras empresas.<\/p>\n\t<p>\n\t\t<a href=\"https:\/\/lp.suno.com.br\/planilha-de-controle-de-investimentos\/\" target=\"_blank\" data-element=\"shortcode-suno-banner\" title=\"Banner SUNO, clique e saiba mais\">\n\t\t\t<picture>\n\t\t\t\t<source media=\"(max-width: 500px)\" srcset=\"https:\/\/files.sunoresearch.com.br\/n\/uploads\/2023\/03\/400x300-Controle-de-Investimentos.png\">\n\t\t\t\t<img class=\"newsContent__article__imgCapa newsContent__article__imgCapa--banner\"\n\t\t\t\t\tsrc=\"https:\/\/files.sunoresearch.com.br\/n\/uploads\/2023\/03\/1420x240-Controle-de-Investimentos.png\"\n\t\t\t\t\tdata-promo-id=\"75934\"\t\t\t\t\t\t\t\t\t\twidth='1420' height='240'\t\t\t\t\talt=\"https:\/\/files.sunoresearch.com.br\/n\/uploads\/2023\/03\/1420x240-Controle-de-Investimentos.png\"\n\t\t\t\t>\n\t\t\t<\/picture>\n\t\t<\/a>\n\t<\/p>\n\n\n<p>\u201cAntes de oferecer e negociar os servi\u00e7os para outras empresas, nos preparamos com as diversas manuten\u00e7\u00f5es realizadas nas pr\u00f3prias aeronaves da Gol, amadurecemos e aprimoramos v\u00e1rios processos e todos os quesitos necess\u00e1rios para que a <em>Gol Aerotech<\/em> atenda com excel\u00eancia os seus clientes\u201d, disse o vice-presidente de opera\u00e7\u00f5es da \u00e1rea, Celso Ferrer.<\/p>\n<h2>\u00daltima cota\u00e7\u00e3o<\/h2>\n<p>No preg\u00e3o desta ter\u00e7a-feira, as a\u00e7\u00f5es da <strong>Gol<\/strong>, sob o ticker GOLL4, encerraram em alta de 0,58%. Os pap\u00e9is s\u00e3o negociados a R$ 34,45.<\/p>\n","protected":false},"excerpt":{"rendered":"<p>A Gol Linhas A\u00e9reas (GOLL4) registrou alta de 3,1% na demanda por voos dom\u00e9sticos em dezembro de 2019 ante o mesmo per\u00edodo do ano anterior. A informa\u00e7\u00e3o foi divulgada pela a\u00e9rea, nesta ter\u00e7a-feira (7), por meio de um comunicado ao mercado. A Gol (GOLL4) aprovou a cria\u00e7\u00e3o de uma holding com a Avianca, e companhia [&hellip;]<\/p>\n","protected":false},"author":18,"featured_media":17745,"comment_status":"closed","ping_status":"closed","sticky":false,"template":"","format":"standard","meta":[],"categories":[64],"tags":[489],"suno_strategy":[],"class_list":["post-48937","post","type-post","status-publish","format-standard","has-post-thumbnail","hentry","category-negocios","tag-gol-linhas-aereas-goll11-goll4"],"yoast_head":"<!-- This site is optimized with the Yoast SEO plugin v24.4 - https:\/\/yoast.com\/wordpress\/plugins\/seo\/ -->\n<title>Gol obt\u00e9m alta de 3,1% na demanda por voos dom\u00e9sticos em dezembro<\/title>\n<meta name=\"description\" content=\"A Gol registrou alta de 3,1% na demanda por voos dom\u00e9sticos em dezembro de 2019 ante o mesmo per\u00edodo do ano anterior. Clique para saber mais.\" \/>\n<meta name=\"robots\" content=\"index, follow, max-snippet:-1, max-image-preview:large, max-video-preview:-1\" \/>\n<link rel=\"canonical\" href=\"https:\/\/www.suno.com.br\/noticias\/gol-alta-demanda-voos-domesticos-dezembro\/\" \/>\n<meta property=\"og:locale\" content=\"pt_BR\" \/>\n<meta property=\"og:type\" content=\"article\" \/>\n<meta property=\"og:title\" content=\"Gol obt\u00e9m alta de 3,1% na demanda por voos dom\u00e9sticos em dezembro\" \/>\n<meta property=\"og:description\" content=\"A Gol registrou alta de 3,1% na demanda por voos dom\u00e9sticos em dezembro de 2019 ante o mesmo per\u00edodo do ano anterior. Clique para saber mais.\" \/>\n<meta property=\"og:url\" content=\"https:\/\/www.suno.com.br\/noticias\/gol-alta-demanda-voos-domesticos-dezembro\/\" \/>\n<meta property=\"og:site_name\" content=\"Suno Not\u00edcias\" \/>\n<meta property=\"article:publisher\" content=\"https:\/\/facebook.com\/sunoresearch\" \/>\n<meta property=\"og:image\" content=\"https:\/\/files.sunoresearch.com.br\/n\/uploads\/2019\/03\/1ef17a77-gol.jpg\" \/>\n\t<meta property=\"og:image:width\" content=\"1536\" \/>\n\t<meta property=\"og:image:height\" content=\"1024\" \/>\n\t<meta property=\"og:image:type\" content=\"image\/jpeg\" \/>\n<meta name=\"author\" content=\"Giovanna Oliveira\" \/>\n<meta name=\"twitter:card\" content=\"summary_large_image\" \/>\n<meta name=\"twitter:creator\" content=\"@sunoresearch\" \/>\n<meta name=\"twitter:site\" content=\"@sunoresearch\" \/>\n<meta name=\"twitter:label1\" content=\"Escrito por\" \/>\n\t<meta name=\"twitter:data1\" content=\"Giovanna Oliveira\" \/>\n\t<meta name=\"twitter:label2\" content=\"Est. tempo de leitura\" \/>\n\t<meta name=\"twitter:data2\" content=\"2 minutos\" \/>\n<script type=\"application\/ld+json\" class=\"yoast-schema-graph\">{\"@context\":\"https:\/\/schema.org\",\"@graph\":[{\"@type\":\"NewsArticle\",\"@id\":\"https:\/\/www.suno.com.br\/noticias\/gol-alta-demanda-voos-domesticos-dezembro\/#article\",\"isPartOf\":{\"@id\":\"https:\/\/www.suno.com.br\/noticias\/gol-alta-demanda-voos-domesticos-dezembro\/\"},\"author\":{\"name\":\"Giovanna Oliveira\",\"@id\":\"https:\/\/www.suno.com.br\/noticias\/#\/schema\/person\/4e19e3d2575736e5283d58eb3199d120\"},\"headline\":\"Gol obt\u00e9m alta de 3,1% na demanda por voos dom\u00e9sticos em dezembro\",\"datePublished\":\"2020-01-07T22:56:15+00:00\",\"mainEntityOfPage\":{\"@id\":\"https:\/\/www.suno.com.br\/noticias\/gol-alta-demanda-voos-domesticos-dezembro\/\"},\"wordCount\":386,\"publisher\":{\"@id\":\"https:\/\/www.suno.com.br\/noticias\/#organization\"},\"image\":{\"@id\":\"https:\/\/www.suno.com.br\/noticias\/gol-alta-demanda-voos-domesticos-dezembro\/#primaryimage\"},\"thumbnailUrl\":\"https:\/\/files.sunoresearch.com.br\/n\/uploads\/2019\/03\/1ef17a77-gol-jpg.webp\",\"keywords\":[\"Gol Linhas A\u00e9reas (GOLL11\/GOLL4)\"],\"articleSection\":[\"Neg\u00f3cios\"],\"inLanguage\":\"pt-BR\"},{\"@type\":\"WebPage\",\"@id\":\"https:\/\/www.suno.com.br\/noticias\/gol-alta-demanda-voos-domesticos-dezembro\/\",\"url\":\"https:\/\/www.suno.com.br\/noticias\/gol-alta-demanda-voos-domesticos-dezembro\/\",\"name\":\"Gol obt\u00e9m alta de 3,1% na demanda por voos dom\u00e9sticos em dezembro\",\"isPartOf\":{\"@id\":\"https:\/\/www.suno.com.br\/noticias\/#website\"},\"primaryImageOfPage\":{\"@id\":\"https:\/\/www.suno.com.br\/noticias\/gol-alta-demanda-voos-domesticos-dezembro\/#primaryimage\"},\"image\":{\"@id\":\"https:\/\/www.suno.com.br\/noticias\/gol-alta-demanda-voos-domesticos-dezembro\/#primaryimage\"},\"thumbnailUrl\":\"https:\/\/files.sunoresearch.com.br\/n\/uploads\/2019\/03\/1ef17a77-gol-jpg.webp\",\"datePublished\":\"2020-01-07T22:56:15+00:00\",\"description\":\"A Gol registrou alta de 3,1% na demanda por voos dom\u00e9sticos em dezembro de 2019 ante o mesmo per\u00edodo do ano anterior. Clique para saber mais.\",\"breadcrumb\":{\"@id\":\"https:\/\/www.suno.com.br\/noticias\/gol-alta-demanda-voos-domesticos-dezembro\/#breadcrumb\"},\"inLanguage\":\"pt-BR\",\"potentialAction\":[{\"@type\":\"ReadAction\",\"target\":[\"https:\/\/www.suno.com.br\/noticias\/gol-alta-demanda-voos-domesticos-dezembro\/\"]}]},{\"@type\":\"ImageObject\",\"inLanguage\":\"pt-BR\",\"@id\":\"https:\/\/www.suno.com.br\/noticias\/gol-alta-demanda-voos-domesticos-dezembro\/#primaryimage\",\"url\":\"https:\/\/files.sunoresearch.com.br\/n\/uploads\/2019\/03\/1ef17a77-gol-jpg.webp\",\"contentUrl\":\"https:\/\/files.sunoresearch.com.br\/n\/uploads\/2019\/03\/1ef17a77-gol-jpg.webp\",\"width\":1536,\"height\":1024,\"caption\":\"A Gol (GOLL4) aprovou a cria\u00e7\u00e3o de uma holding com a Avianca, e companhia pode ter capital fechado\"},{\"@type\":\"BreadcrumbList\",\"@id\":\"https:\/\/www.suno.com.br\/noticias\/gol-alta-demanda-voos-domesticos-dezembro\/#breadcrumb\",\"itemListElement\":[{\"@type\":\"ListItem\",\"position\":1,\"name\":\"Not\u00edcias\",\"item\":\"https:\/\/www.suno.com.br\/noticias\/\"},{\"@type\":\"ListItem\",\"position\":2,\"name\":\"Neg\u00f3cios\",\"item\":\"https:\/\/www.suno.com.br\/noticias\/negocios\/\"},{\"@type\":\"ListItem\",\"position\":3,\"name\":\"Gol obt\u00e9m alta de 3,1% na demanda por voos dom\u00e9sticos em dezembro\"}]},{\"@type\":\"WebSite\",\"@id\":\"https:\/\/www.suno.com.br\/noticias\/#website\",\"url\":\"https:\/\/www.suno.com.br\/noticias\/\",\"name\":\"Suno Not\u00edcias\",\"description\":\"Seu portal de informa\u00e7\u00e3o sobre o mundo dos investimentos\",\"publisher\":{\"@id\":\"https:\/\/www.suno.com.br\/noticias\/#organization\"},\"potentialAction\":[{\"@type\":\"SearchAction\",\"target\":{\"@type\":\"EntryPoint\",\"urlTemplate\":\"https:\/\/www.suno.com.br\/noticias\/?s={search_term_string}\"},\"query-input\":{\"@type\":\"PropertyValueSpecification\",\"valueRequired\":true,\"valueName\":\"search_term_string\"}}],\"inLanguage\":\"pt-BR\"},{\"@type\":\"Organization\",\"@id\":\"https:\/\/www.suno.com.br\/noticias\/#organization\",\"name\":\"Suno Not\u00edcias\",\"url\":\"https:\/\/www.suno.com.br\/noticias\/\",\"logo\":{\"@type\":\"ImageObject\",\"inLanguage\":\"pt-BR\",\"@id\":\"https:\/\/www.suno.com.br\/noticias\/#\/schema\/logo\/image\/\",\"url\":\"https:\/\/files.sunoresearch.com.br\/n\/uploads\/2021\/09\/suno-logo.png\",\"contentUrl\":\"https:\/\/files.sunoresearch.com.br\/n\/uploads\/2021\/09\/suno-logo.png\",\"width\":180,\"height\":180,\"caption\":\"Suno Not\u00edcias\"},\"image\":{\"@id\":\"https:\/\/www.suno.com.br\/noticias\/#\/schema\/logo\/image\/\"},\"sameAs\":[\"https:\/\/facebook.com\/sunoresearch\",\"https:\/\/x.com\/sunoresearch\",\"https:\/\/www.instagram.com\/suno\",\"https:\/\/www.linkedin.com\/company\/suno-research\/\",\"https:\/\/www.youtube.com\/c\/sunoresearch\"]},{\"@type\":\"Person\",\"@id\":\"https:\/\/www.suno.com.br\/noticias\/#\/schema\/person\/4e19e3d2575736e5283d58eb3199d120\",\"name\":\"Giovanna Oliveira\",\"image\":{\"@type\":\"ImageObject\",\"inLanguage\":\"pt-BR\",\"@id\":\"https:\/\/www.suno.com.br\/noticias\/#\/schema\/person\/image\/\",\"url\":\"https:\/\/secure.gravatar.com\/avatar\/9a37b3ae208962ac568992d0ffdbc2eb?s=96&r=g\",\"contentUrl\":\"https:\/\/secure.gravatar.com\/avatar\/9a37b3ae208962ac568992d0ffdbc2eb?s=96&r=g\",\"caption\":\"Giovanna Oliveira\"},\"description\":\"Giovanna Oliveira escreve sobre economia e pol\u00edtica. Foi rep\u00f3rter do portal de jornalismo da ESPM-SP e produziu conte\u00fado para a Corinthians TV. \u00c9 estudante da ESPM.\",\"url\":\"https:\/\/www.suno.com.br\/noticias\/author\/giovanna\/\"}]}<\/script>\n<!-- \/ Yoast SEO plugin. -->","yoast_head_json":{"title":"Gol obt\u00e9m alta de 3,1% na demanda por voos dom\u00e9sticos em dezembro","description":"A Gol registrou alta de 3,1% na demanda por voos dom\u00e9sticos em dezembro de 2019 ante o mesmo per\u00edodo do ano anterior. Clique para saber mais.","robots":{"index":"index","follow":"follow","max-snippet":"max-snippet:-1","max-image-preview":"max-image-preview:large","max-video-preview":"max-video-preview:-1"},"canonical":"https:\/\/www.suno.com.br\/noticias\/gol-alta-demanda-voos-domesticos-dezembro\/","og_locale":"pt_BR","og_type":"article","og_title":"Gol obt\u00e9m alta de 3,1% na demanda por voos dom\u00e9sticos em dezembro","og_description":"A Gol registrou alta de 3,1% na demanda por voos dom\u00e9sticos em dezembro de 2019 ante o mesmo per\u00edodo do ano anterior. Clique para saber mais.","og_url":"https:\/\/www.suno.com.br\/noticias\/gol-alta-demanda-voos-domesticos-dezembro\/","og_site_name":"Suno Not\u00edcias","article_publisher":"https:\/\/facebook.com\/sunoresearch","og_image":[{"width":1536,"height":1024,"url":"https:\/\/files.sunoresearch.com.br\/n\/uploads\/2019\/03\/1ef17a77-gol.jpg","type":"image\/jpeg"}],"author":"Giovanna Oliveira","twitter_card":"summary_large_image","twitter_creator":"@sunoresearch","twitter_site":"@sunoresearch","twitter_misc":{"Escrito por":"Giovanna Oliveira","Est. tempo de leitura":"2 minutos"},"schema":{"@context":"https:\/\/schema.org","@graph":[{"@type":"NewsArticle","@id":"https:\/\/www.suno.com.br\/noticias\/gol-alta-demanda-voos-domesticos-dezembro\/#article","isPartOf":{"@id":"https:\/\/www.suno.com.br\/noticias\/gol-alta-demanda-voos-domesticos-dezembro\/"},"author":{"name":"Giovanna Oliveira","@id":"https:\/\/www.suno.com.br\/noticias\/#\/schema\/person\/4e19e3d2575736e5283d58eb3199d120"},"headline":"Gol obt\u00e9m alta de 3,1% na demanda por voos dom\u00e9sticos em dezembro","datePublished":"2020-01-07T22:56:15+00:00","mainEntityOfPage":{"@id":"https:\/\/www.suno.com.br\/noticias\/gol-alta-demanda-voos-domesticos-dezembro\/"},"wordCount":386,"publisher":{"@id":"https:\/\/www.suno.com.br\/noticias\/#organization"},"image":{"@id":"https:\/\/www.suno.com.br\/noticias\/gol-alta-demanda-voos-domesticos-dezembro\/#primaryimage"},"thumbnailUrl":"https:\/\/files.sunoresearch.com.br\/n\/uploads\/2019\/03\/1ef17a77-gol-jpg.webp","keywords":["Gol Linhas A\u00e9reas (GOLL11\/GOLL4)"],"articleSection":["Neg\u00f3cios"],"inLanguage":"pt-BR"},{"@type":"WebPage","@id":"https:\/\/www.suno.com.br\/noticias\/gol-alta-demanda-voos-domesticos-dezembro\/","url":"https:\/\/www.suno.com.br\/noticias\/gol-alta-demanda-voos-domesticos-dezembro\/","name":"Gol obt\u00e9m alta de 3,1% na demanda por voos dom\u00e9sticos em dezembro","isPartOf":{"@id":"https:\/\/www.suno.com.br\/noticias\/#website"},"primaryImageOfPage":{"@id":"https:\/\/www.suno.com.br\/noticias\/gol-alta-demanda-voos-domesticos-dezembro\/#primaryimage"},"image":{"@id":"https:\/\/www.suno.com.br\/noticias\/gol-alta-demanda-voos-domesticos-dezembro\/#primaryimage"},"thumbnailUrl":"https:\/\/files.sunoresearch.com.br\/n\/uploads\/2019\/03\/1ef17a77-gol-jpg.webp","datePublished":"2020-01-07T22:56:15+00:00","description":"A Gol registrou alta de 3,1% na demanda por voos dom\u00e9sticos em dezembro de 2019 ante o mesmo per\u00edodo do ano anterior. Clique para saber mais.","breadcrumb":{"@id":"https:\/\/www.suno.com.br\/noticias\/gol-alta-demanda-voos-domesticos-dezembro\/#breadcrumb"},"inLanguage":"pt-BR","potentialAction":[{"@type":"ReadAction","target":["https:\/\/www.suno.com.br\/noticias\/gol-alta-demanda-voos-domesticos-dezembro\/"]}]},{"@type":"ImageObject","inLanguage":"pt-BR","@id":"https:\/\/www.suno.com.br\/noticias\/gol-alta-demanda-voos-domesticos-dezembro\/#primaryimage","url":"https:\/\/files.sunoresearch.com.br\/n\/uploads\/2019\/03\/1ef17a77-gol-jpg.webp","contentUrl":"https:\/\/files.sunoresearch.com.br\/n\/uploads\/2019\/03\/1ef17a77-gol-jpg.webp","width":1536,"height":1024,"caption":"A Gol (GOLL4) aprovou a cria\u00e7\u00e3o de uma holding com a Avianca, e companhia pode ter capital fechado"},{"@type":"BreadcrumbList","@id":"https:\/\/www.suno.com.br\/noticias\/gol-alta-demanda-voos-domesticos-dezembro\/#breadcrumb","itemListElement":[{"@type":"ListItem","position":1,"name":"Not\u00edcias","item":"https:\/\/www.suno.com.br\/noticias\/"},{"@type":"ListItem","position":2,"name":"Neg\u00f3cios","item":"https:\/\/www.suno.com.br\/noticias\/negocios\/"},{"@type":"ListItem","position":3,"name":"Gol obt\u00e9m alta de 3,1% na demanda por voos dom\u00e9sticos em dezembro"}]},{"@type":"WebSite","@id":"https:\/\/www.suno.com.br\/noticias\/#website","url":"https:\/\/www.suno.com.br\/noticias\/","name":"Suno Not\u00edcias","description":"Seu portal de informa\u00e7\u00e3o sobre o mundo dos investimentos","publisher":{"@id":"https:\/\/www.suno.com.br\/noticias\/#organization"},"potentialAction":[{"@type":"SearchAction","target":{"@type":"EntryPoint","urlTemplate":"https:\/\/www.suno.com.br\/noticias\/?s={search_term_string}"},"query-input":{"@type":"PropertyValueSpecification","valueRequired":true,"valueName":"search_term_string"}}],"inLanguage":"pt-BR"},{"@type":"Organization","@id":"https:\/\/www.suno.com.br\/noticias\/#organization","name":"Suno Not\u00edcias","url":"https:\/\/www.suno.com.br\/noticias\/","logo":{"@type":"ImageObject","inLanguage":"pt-BR","@id":"https:\/\/www.suno.com.br\/noticias\/#\/schema\/logo\/image\/","url":"https:\/\/files.sunoresearch.com.br\/n\/uploads\/2021\/09\/suno-logo.png","contentUrl":"https:\/\/files.sunoresearch.com.br\/n\/uploads\/2021\/09\/suno-logo.png","width":180,"height":180,"caption":"Suno Not\u00edcias"},"image":{"@id":"https:\/\/www.suno.com.br\/noticias\/#\/schema\/logo\/image\/"},"sameAs":["https:\/\/facebook.com\/sunoresearch","https:\/\/x.com\/sunoresearch","https:\/\/www.instagram.com\/suno","https:\/\/www.linkedin.com\/company\/suno-research\/","https:\/\/www.youtube.com\/c\/sunoresearch"]},{"@type":"Person","@id":"https:\/\/www.suno.com.br\/noticias\/#\/schema\/person\/4e19e3d2575736e5283d58eb3199d120","name":"Giovanna Oliveira","image":{"@type":"ImageObject","inLanguage":"pt-BR","@id":"https:\/\/www.suno.com.br\/noticias\/#\/schema\/person\/image\/","url":"https:\/\/secure.gravatar.com\/avatar\/9a37b3ae208962ac568992d0ffdbc2eb?s=96&r=g","contentUrl":"https:\/\/secure.gravatar.com\/avatar\/9a37b3ae208962ac568992d0ffdbc2eb?s=96&r=g","caption":"Giovanna Oliveira"},"description":"Giovanna Oliveira escreve sobre economia e pol\u00edtica. Foi rep\u00f3rter do portal de jornalismo da ESPM-SP e produziu conte\u00fado para a Corinthians TV. \u00c9 estudante da ESPM.","url":"https:\/\/www.suno.com.br\/noticias\/author\/giovanna\/"}]}},"default_loop_html":"<div class=\"cardsPage__listCard__boxs\"><div class=\"cardsPage__listCard__boxs__img\"><a href=\"https:\/\/www.suno.com.br\/noticias\/gol-alta-demanda-voos-domesticos-dezembro\/\"><img class=\"mask\" src=\"https:\/\/www.suno.com.br\/noticias\/wp-content\/themes\/suno\/resources\/images\/spotlight\/spotlight1img\/bg-mask.png\" alt=\"Image Mask\"\/><img src=\"https:\/\/files.sunoresearch.com.br\/n\/uploads\/2019\/03\/1ef17a77-gol-400x200.webp\" alt=\"Gol obt\u00e9m alta de 3,1% na demanda por voos dom\u00e9sticos em dezembro\"\/><\/a><span class=\"spotlightCategory\"><a href=\"https:\/\/www.suno.com.br\/noticias\/negocios\/\">Neg\u00f3cios<\/a><\/span><\/div><div class=\"cardsPage__listCard__boxs__content\"><a href=\"https:\/\/www.suno.com.br\/noticias\/gol-alta-demanda-voos-domesticos-dezembro\/\"><h2 class=\"content__title\">Gol obt\u00e9m alta de 3,1% na demanda por voos dom\u00e9sticos em dezembro<\/h2><\/a><div class=\"newsContent__article__meta\"><div class=\"newsContent__article__meta__authorBox\"><a href=\"https:\/\/www.suno.com.br\/noticias\/author\/giovanna\/\" class=\"authorBox__avatar noMobi\"><img src=\"https:\/\/files.sunoresearch.com.br\/n\/uploads\/2019\/06\/952a89ca-screenshot_20190608-171507-150x150.webp\" alt=\"Giovanna Oliveira\"><\/a><div class=\"authorBox__name\"><span>por\n\t\t\t<a href=\"https:\/\/www.suno.com.br\/noticias\/author\/giovanna\/\"><span itemprop=\"author\">Giovanna Oliveira<\/span><\/a><\/span><time datetime=\"2020-01-07T20:56:15-03:00\" itemprop=\"datePublished\">07\/01\/2020 20:56<\/time><\/div><\/div><\/div><\/div><\/div>","single_layout":"posts","amp_enabled":true,"_links":{"self":[{"href":"https:\/\/www.suno.com.br\/noticias\/wp-json\/wp\/v2\/posts\/48937"}],"collection":[{"href":"https:\/\/www.suno.com.br\/noticias\/wp-json\/wp\/v2\/posts"}],"about":[{"href":"https:\/\/www.suno.com.br\/noticias\/wp-json\/wp\/v2\/types\/post"}],"author":[{"embeddable":true,"href":"https:\/\/www.suno.com.br\/noticias\/wp-json\/wp\/v2\/users\/18"}],"replies":[{"embeddable":true,"href":"https:\/\/www.suno.com.br\/noticias\/wp-json\/wp\/v2\/comments?post=48937"}],"version-history":[{"count":0,"href":"https:\/\/www.suno.com.br\/noticias\/wp-json\/wp\/v2\/posts\/48937\/revisions"}],"wp:featuredmedia":[{"embeddable":true,"href":"https:\/\/www.suno.com.br\/noticias\/wp-json\/wp\/v2\/media\/17745"}],"wp:attachment":[{"href":"https:\/\/www.suno.com.br\/noticias\/wp-json\/wp\/v2\/media?parent=48937"}],"wp:term":[{"taxonomy":"category","embeddable":true,"href":"https:\/\/www.suno.com.br\/noticias\/wp-json\/wp\/v2\/categories?post=48937"},{"taxonomy":"post_tag","embeddable":true,"href":"https:\/\/www.suno.com.br\/noticias\/wp-json\/wp\/v2\/tags?post=48937"},{"taxonomy":"suno_strategy","embeddable":true,"href":"https:\/\/www.suno.com.br\/noticias\/wp-json\/wp\/v2\/suno_strategy?post=48937"}],"curies":[{"name":"wp","href":"https:\/\/api.w.org\/{rel}","templated":true}]}}