{"id":48922,"date":"2020-01-07T18:49:44","date_gmt":"2020-01-07T20:49:44","guid":{"rendered":"https:\/\/www.suno.com.br\/noticias\/?p=48922"},"modified":"2020-01-07T18:49:44","modified_gmt":"2020-01-07T20:49:44","slug":"azul-novos-destinos-internacionais-acoes-mais-3","status":"publish","type":"post","link":"https:\/\/www.suno.com.br\/noticias\/azul-novos-destinos-internacionais-acoes-mais-3\/","title":{"rendered":"Azul anuncia novos destinos internacionais e a\u00e7\u00f5es sobem mais de 3%"},"content":{"rendered":"<p>A <a href=\"https:\/\/www.suno.com.br\/acoes\/azul4\/\">Azul (AZUL4)<\/a> anunciou, nesta ter\u00e7a-feira (7), que aumentar\u00e1 as op\u00e7\u00f5es de <strong>voos<\/strong> para destinos <strong>internacionais<\/strong> a partir de fevereiro.<\/p>\t<div class=\"wrapper-featured-image\">\n\t\t<figure class=\"spotlightImg\">\n\n\t\t\t<picture>\n\t\t\t\t<source media=\"(max-width: 768px)\" srcset=\"https:\/\/files.sunoresearch.com.br\/n\/uploads\/2019\/08\/7693077b-azul-400x200.webp\">\n\t\t\t\t<img loading=\"lazy\" decoding=\"async\" class=\"newsContent__article__imgCapa lazyloadDisabled newsContent__article__imgCapa--noCaption\" src=\"https:\/\/files.sunoresearch.com.br\/n\/uploads\/2019\/08\/7693077b-azul-800x450.webp\" width=\"800\" height=\"450\" alt=\"Azul anuncia novos destinos internacionais e a\u00e7\u00f5es sobem mais de 3%\" fetchpriority=high \/>\n\t\t\t<\/picture>\n\n\t\t\t<figcaption class=\"wp-caption-text wp-caption-text--hide\">Destaques de empresas<\/figcaption>\n\t\t<\/figure>\n\t<\/div>\n\n\n\n<p>A companhia a\u00e9rea informou que, a partir do dia 21 de fevereiro, far\u00e1 quatro voos semanais partindo de Recife para Buenos Aires, na Argentina. Al\u00e9m disso, a partir de julho, a <strong>Azul<\/strong> far\u00e1 um voo por semana saindo de Recife com destino para Montevid\u00e9u, no Uruguai.<\/p>\n<p>Os voos ser\u00e3o realizados em avi\u00f5es modelo <strong>Airbus A320neo<\/strong>. Essas aeronaves possuem capacidade para transportar 174 passageiros.<\/p>\n<p>De acordo com o vice-presidente de receitas da companhia, Abhi Shah, a medida deve impulsionar o turismo entre os pa\u00edses latino-americanos. \u201cNossa expectativa \u00e9 potencializar o turismo entre os dois pa\u00edses e, ao mesmo tempo, deixar nossa malha nacional e internacional ainda mais conectada\u201d, afirmou Shah.<\/p>\n<h2>A\u00e7\u00f5es operando em alta<\/h2>\n<p>As a\u00e7\u00f5es da Azul, sob o ticker <strong>AZUL4<\/strong>, est\u00e3o entre as maiores altas do <a href=\"https:\/\/www.suno.com.br\/artigos\/ibovespa\/\"><strong>Ibovespa<\/strong><\/a> nesta ter\u00e7a-feira. Os pap\u00e9is est\u00e3o subindo 3,04%, a R$ 56,67, por volta das 17h26.<\/p>\n\t<p>\n\t\t<a href=\"https:\/\/lp.suno.com.br\/ebook-gratuito-investindo-no-exterior\/\" target=\"_blank\" data-element=\"shortcode-suno-banner\" title=\"Banner SUNO, clique e saiba mais\">\n\t\t\t<picture>\n\t\t\t\t<source media=\"(max-width: 500px)\" srcset=\"https:\/\/files.sunoresearch.com.br\/n\/uploads\/2023\/03\/400x300-Investindo-no-exterior.png\">\n\t\t\t\t<img class=\"newsContent__article__imgCapa newsContent__article__imgCapa--banner\"\n\t\t\t\t\tsrc=\"https:\/\/files.sunoresearch.com.br\/n\/uploads\/2023\/03\/1420x240-Investindo-no-exterior.png\"\n\t\t\t\t\tdata-promo-id=\"383161\"\t\t\t\t\t\t\t\t\t\twidth='1420' height='240'\t\t\t\t\talt=\"https:\/\/files.sunoresearch.com.br\/n\/uploads\/2023\/03\/1420x240-Investindo-no-exterior.png\"\n\t\t\t\t>\n\t\t\t<\/picture>\n\t\t<\/a>\n\t<\/p>\n\n\n<p>Al\u00e9m do anuncio sobre os novos destinos internacionais, o aumento do <strong>tr\u00e1fego de passageiros<\/strong> em dezembro, divulgado na \u00faltima segunda-feira (6), tamb\u00e9m contribui para a varia\u00e7\u00e3o positiva. Segundo o relat\u00f3rio divulgado pela a\u00e9rea, o n\u00famero de passageiros cresceu 27,2% em dezembro ante o mesmo per\u00edodo do ano passado.<\/p>\n<p>Al\u00e9m disso, o tr\u00e1fego de passageiros aumentou 31,1% no quatro trimestre do ano passado.<\/p>\n<h2>Azul pretende investir R$ 6 bilh\u00f5es<\/h2>\n<p>O presidente-executivo da Azul, <strong>John Rodgerson<\/strong>, afirmou, no m\u00eas passado, a a\u00e9rea pretende investir cerca de R$ 6 bilh\u00f5es por ano durante os pr\u00f3ximos tr\u00eas anos.<\/p>\n<p><a href=\"https:\/\/www.suno.com.br\/noticias\/azul-pretende-investir-6-bilhoes-2022\/\">Saiba mais: Azul pretende investir R$ 6 bilh\u00f5es ao ano at\u00e9 2022<\/a><\/p>\n<p>De acordo com Rodgerson, os investimentos ser\u00e3o destinados para ampliar o n\u00famero de destinos da companhia. Al\u00e9m disso, os recursos servir\u00e3o para aumentar a quantidade de <strong>aeronaves<\/strong> da a\u00e9rea em opera\u00e7\u00e3o.<\/p>\n<p>Os investimentos far\u00e3o com que os modelos Embraer E2, Airbus A321 e A320neo sejam os principais avi\u00f5es da companhia. O Embraer E195, principal aeronave da empresa atualmente, dever\u00e1 ser completamente substitu\u00eddo at\u00e9 2023.<\/p>\n<p>\u201cVamos operar 31 novas aeronaves em 2020, e s\u00f3 nisso devemos investir cerca de 1,5 bilh\u00e3o de d\u00f3lares. Nos pr\u00f3ximos dois a tr\u00eas anos, vamos investir 6 bilh\u00f5es de reais por ano\u201d, afirmou o presidente-executivo da <strong>Azul<\/strong>.<\/p>\n\n","protected":false},"excerpt":{"rendered":"<p>A Azul (AZUL4) anunciou, nesta ter\u00e7a-feira (7), que aumentar\u00e1 as op\u00e7\u00f5es de voos para destinos internacionais a partir de fevereiro. Destaques de empresas A companhia a\u00e9rea informou que, a partir do dia 21 de fevereiro, far\u00e1 quatro voos semanais partindo de Recife para Buenos Aires, na Argentina. Al\u00e9m disso, a partir de julho, a Azul [&hellip;]<\/p>\n","protected":false},"author":18,"featured_media":35528,"comment_status":"closed","ping_status":"closed","sticky":false,"template":"","format":"standard","meta":[],"categories":[64],"tags":[106932],"suno_strategy":[],"class_list":["post-48922","post","type-post","status-publish","format-standard","has-post-thumbnail","hentry","category-negocios","tag-azul-azul4"],"yoast_head":"<!-- This site is optimized with the Yoast SEO plugin v24.4 - https:\/\/yoast.com\/wordpress\/plugins\/seo\/ -->\n<title>Azul anuncia novos destinos internacionais e a\u00e7\u00f5es sobem mais de 3%<\/title>\n<meta name=\"description\" content=\"A Azul (AZUL4) anunciou que aumentar\u00e1 as op\u00e7\u00f5es de voos para destinos internacionais a partir de fevereiro. Clique para saber mais.\" \/>\n<meta name=\"robots\" content=\"index, follow, max-snippet:-1, max-image-preview:large, max-video-preview:-1\" \/>\n<link rel=\"canonical\" href=\"https:\/\/www.suno.com.br\/noticias\/azul-novos-destinos-internacionais-acoes-mais-3\/\" \/>\n<meta property=\"og:locale\" content=\"pt_BR\" \/>\n<meta property=\"og:type\" content=\"article\" \/>\n<meta property=\"og:title\" content=\"Azul anuncia novos destinos internacionais e a\u00e7\u00f5es sobem mais de 3%\" \/>\n<meta property=\"og:description\" content=\"A Azul (AZUL4) anunciou que aumentar\u00e1 as op\u00e7\u00f5es de voos para destinos internacionais a partir de fevereiro. Clique para saber mais.\" \/>\n<meta property=\"og:url\" content=\"https:\/\/www.suno.com.br\/noticias\/azul-novos-destinos-internacionais-acoes-mais-3\/\" \/>\n<meta property=\"og:site_name\" content=\"Suno Not\u00edcias\" \/>\n<meta property=\"article:publisher\" content=\"https:\/\/facebook.com\/sunoresearch\" \/>\n<meta property=\"og:image\" content=\"https:\/\/files.sunoresearch.com.br\/n\/uploads\/2019\/08\/7693077b-azul.jpg\" \/>\n\t<meta property=\"og:image:width\" content=\"984\" \/>\n\t<meta property=\"og:image:height\" content=\"654\" \/>\n\t<meta property=\"og:image:type\" content=\"image\/jpeg\" \/>\n<meta name=\"author\" content=\"Giovanna Oliveira\" \/>\n<meta name=\"twitter:card\" content=\"summary_large_image\" \/>\n<meta name=\"twitter:creator\" content=\"@sunoresearch\" \/>\n<meta name=\"twitter:site\" content=\"@sunoresearch\" \/>\n<meta name=\"twitter:label1\" content=\"Escrito por\" \/>\n\t<meta name=\"twitter:data1\" content=\"Giovanna Oliveira\" \/>\n\t<meta name=\"twitter:label2\" content=\"Est. tempo de leitura\" \/>\n\t<meta name=\"twitter:data2\" content=\"2 minutos\" \/>\n<script type=\"application\/ld+json\" class=\"yoast-schema-graph\">{\"@context\":\"https:\/\/schema.org\",\"@graph\":[{\"@type\":\"NewsArticle\",\"@id\":\"https:\/\/www.suno.com.br\/noticias\/azul-novos-destinos-internacionais-acoes-mais-3\/#article\",\"isPartOf\":{\"@id\":\"https:\/\/www.suno.com.br\/noticias\/azul-novos-destinos-internacionais-acoes-mais-3\/\"},\"author\":{\"name\":\"Giovanna Oliveira\",\"@id\":\"https:\/\/www.suno.com.br\/noticias\/#\/schema\/person\/4e19e3d2575736e5283d58eb3199d120\"},\"headline\":\"Azul anuncia novos destinos internacionais e a\u00e7\u00f5es sobem mais de 3%\",\"datePublished\":\"2020-01-07T20:49:44+00:00\",\"mainEntityOfPage\":{\"@id\":\"https:\/\/www.suno.com.br\/noticias\/azul-novos-destinos-internacionais-acoes-mais-3\/\"},\"wordCount\":421,\"publisher\":{\"@id\":\"https:\/\/www.suno.com.br\/noticias\/#organization\"},\"image\":{\"@id\":\"https:\/\/www.suno.com.br\/noticias\/azul-novos-destinos-internacionais-acoes-mais-3\/#primaryimage\"},\"thumbnailUrl\":\"https:\/\/files.sunoresearch.com.br\/n\/uploads\/2019\/08\/7693077b-azul-jpg.webp\",\"keywords\":[\"Azul (AZUL4)\"],\"articleSection\":[\"Neg\u00f3cios\"],\"inLanguage\":\"pt-BR\"},{\"@type\":\"WebPage\",\"@id\":\"https:\/\/www.suno.com.br\/noticias\/azul-novos-destinos-internacionais-acoes-mais-3\/\",\"url\":\"https:\/\/www.suno.com.br\/noticias\/azul-novos-destinos-internacionais-acoes-mais-3\/\",\"name\":\"Azul anuncia novos destinos internacionais e a\u00e7\u00f5es sobem mais de 3%\",\"isPartOf\":{\"@id\":\"https:\/\/www.suno.com.br\/noticias\/#website\"},\"primaryImageOfPage\":{\"@id\":\"https:\/\/www.suno.com.br\/noticias\/azul-novos-destinos-internacionais-acoes-mais-3\/#primaryimage\"},\"image\":{\"@id\":\"https:\/\/www.suno.com.br\/noticias\/azul-novos-destinos-internacionais-acoes-mais-3\/#primaryimage\"},\"thumbnailUrl\":\"https:\/\/files.sunoresearch.com.br\/n\/uploads\/2019\/08\/7693077b-azul-jpg.webp\",\"datePublished\":\"2020-01-07T20:49:44+00:00\",\"description\":\"A Azul (AZUL4) anunciou que aumentar\u00e1 as op\u00e7\u00f5es de voos para destinos internacionais a partir de fevereiro. Clique para saber mais.\",\"breadcrumb\":{\"@id\":\"https:\/\/www.suno.com.br\/noticias\/azul-novos-destinos-internacionais-acoes-mais-3\/#breadcrumb\"},\"inLanguage\":\"pt-BR\",\"potentialAction\":[{\"@type\":\"ReadAction\",\"target\":[\"https:\/\/www.suno.com.br\/noticias\/azul-novos-destinos-internacionais-acoes-mais-3\/\"]}]},{\"@type\":\"ImageObject\",\"inLanguage\":\"pt-BR\",\"@id\":\"https:\/\/www.suno.com.br\/noticias\/azul-novos-destinos-internacionais-acoes-mais-3\/#primaryimage\",\"url\":\"https:\/\/files.sunoresearch.com.br\/n\/uploads\/2019\/08\/7693077b-azul-jpg.webp\",\"contentUrl\":\"https:\/\/files.sunoresearch.com.br\/n\/uploads\/2019\/08\/7693077b-azul-jpg.webp\",\"width\":984,\"height\":654,\"caption\":\"Destaques de empresas\"},{\"@type\":\"BreadcrumbList\",\"@id\":\"https:\/\/www.suno.com.br\/noticias\/azul-novos-destinos-internacionais-acoes-mais-3\/#breadcrumb\",\"itemListElement\":[{\"@type\":\"ListItem\",\"position\":1,\"name\":\"Not\u00edcias\",\"item\":\"https:\/\/www.suno.com.br\/noticias\/\"},{\"@type\":\"ListItem\",\"position\":2,\"name\":\"Neg\u00f3cios\",\"item\":\"https:\/\/www.suno.com.br\/noticias\/negocios\/\"},{\"@type\":\"ListItem\",\"position\":3,\"name\":\"Azul anuncia novos destinos internacionais e a\u00e7\u00f5es sobem mais de 3%\"}]},{\"@type\":\"WebSite\",\"@id\":\"https:\/\/www.suno.com.br\/noticias\/#website\",\"url\":\"https:\/\/www.suno.com.br\/noticias\/\",\"name\":\"Suno Not\u00edcias\",\"description\":\"Seu portal de informa\u00e7\u00e3o sobre o mundo dos investimentos\",\"publisher\":{\"@id\":\"https:\/\/www.suno.com.br\/noticias\/#organization\"},\"potentialAction\":[{\"@type\":\"SearchAction\",\"target\":{\"@type\":\"EntryPoint\",\"urlTemplate\":\"https:\/\/www.suno.com.br\/noticias\/?s={search_term_string}\"},\"query-input\":{\"@type\":\"PropertyValueSpecification\",\"valueRequired\":true,\"valueName\":\"search_term_string\"}}],\"inLanguage\":\"pt-BR\"},{\"@type\":\"Organization\",\"@id\":\"https:\/\/www.suno.com.br\/noticias\/#organization\",\"name\":\"Suno Not\u00edcias\",\"url\":\"https:\/\/www.suno.com.br\/noticias\/\",\"logo\":{\"@type\":\"ImageObject\",\"inLanguage\":\"pt-BR\",\"@id\":\"https:\/\/www.suno.com.br\/noticias\/#\/schema\/logo\/image\/\",\"url\":\"https:\/\/files.sunoresearch.com.br\/n\/uploads\/2021\/09\/suno-logo.png\",\"contentUrl\":\"https:\/\/files.sunoresearch.com.br\/n\/uploads\/2021\/09\/suno-logo.png\",\"width\":180,\"height\":180,\"caption\":\"Suno Not\u00edcias\"},\"image\":{\"@id\":\"https:\/\/www.suno.com.br\/noticias\/#\/schema\/logo\/image\/\"},\"sameAs\":[\"https:\/\/facebook.com\/sunoresearch\",\"https:\/\/x.com\/sunoresearch\",\"https:\/\/www.instagram.com\/suno\",\"https:\/\/www.linkedin.com\/company\/suno-research\/\",\"https:\/\/www.youtube.com\/c\/sunoresearch\"]},{\"@type\":\"Person\",\"@id\":\"https:\/\/www.suno.com.br\/noticias\/#\/schema\/person\/4e19e3d2575736e5283d58eb3199d120\",\"name\":\"Giovanna Oliveira\",\"image\":{\"@type\":\"ImageObject\",\"inLanguage\":\"pt-BR\",\"@id\":\"https:\/\/www.suno.com.br\/noticias\/#\/schema\/person\/image\/\",\"url\":\"https:\/\/secure.gravatar.com\/avatar\/9a37b3ae208962ac568992d0ffdbc2eb?s=96&r=g\",\"contentUrl\":\"https:\/\/secure.gravatar.com\/avatar\/9a37b3ae208962ac568992d0ffdbc2eb?s=96&r=g\",\"caption\":\"Giovanna Oliveira\"},\"description\":\"Giovanna Oliveira escreve sobre economia e pol\u00edtica. Foi rep\u00f3rter do portal de jornalismo da ESPM-SP e produziu conte\u00fado para a Corinthians TV. \u00c9 estudante da ESPM.\",\"url\":\"https:\/\/www.suno.com.br\/noticias\/author\/giovanna\/\"}]}<\/script>\n<!-- \/ Yoast SEO plugin. -->","yoast_head_json":{"title":"Azul anuncia novos destinos internacionais e a\u00e7\u00f5es sobem mais de 3%","description":"A Azul (AZUL4) anunciou que aumentar\u00e1 as op\u00e7\u00f5es de voos para destinos internacionais a partir de fevereiro. Clique para saber mais.","robots":{"index":"index","follow":"follow","max-snippet":"max-snippet:-1","max-image-preview":"max-image-preview:large","max-video-preview":"max-video-preview:-1"},"canonical":"https:\/\/www.suno.com.br\/noticias\/azul-novos-destinos-internacionais-acoes-mais-3\/","og_locale":"pt_BR","og_type":"article","og_title":"Azul anuncia novos destinos internacionais e a\u00e7\u00f5es sobem mais de 3%","og_description":"A Azul (AZUL4) anunciou que aumentar\u00e1 as op\u00e7\u00f5es de voos para destinos internacionais a partir de fevereiro. Clique para saber mais.","og_url":"https:\/\/www.suno.com.br\/noticias\/azul-novos-destinos-internacionais-acoes-mais-3\/","og_site_name":"Suno Not\u00edcias","article_publisher":"https:\/\/facebook.com\/sunoresearch","og_image":[{"width":984,"height":654,"url":"https:\/\/files.sunoresearch.com.br\/n\/uploads\/2019\/08\/7693077b-azul.jpg","type":"image\/jpeg"}],"author":"Giovanna Oliveira","twitter_card":"summary_large_image","twitter_creator":"@sunoresearch","twitter_site":"@sunoresearch","twitter_misc":{"Escrito por":"Giovanna Oliveira","Est. tempo de leitura":"2 minutos"},"schema":{"@context":"https:\/\/schema.org","@graph":[{"@type":"NewsArticle","@id":"https:\/\/www.suno.com.br\/noticias\/azul-novos-destinos-internacionais-acoes-mais-3\/#article","isPartOf":{"@id":"https:\/\/www.suno.com.br\/noticias\/azul-novos-destinos-internacionais-acoes-mais-3\/"},"author":{"name":"Giovanna Oliveira","@id":"https:\/\/www.suno.com.br\/noticias\/#\/schema\/person\/4e19e3d2575736e5283d58eb3199d120"},"headline":"Azul anuncia novos destinos internacionais e a\u00e7\u00f5es sobem mais de 3%","datePublished":"2020-01-07T20:49:44+00:00","mainEntityOfPage":{"@id":"https:\/\/www.suno.com.br\/noticias\/azul-novos-destinos-internacionais-acoes-mais-3\/"},"wordCount":421,"publisher":{"@id":"https:\/\/www.suno.com.br\/noticias\/#organization"},"image":{"@id":"https:\/\/www.suno.com.br\/noticias\/azul-novos-destinos-internacionais-acoes-mais-3\/#primaryimage"},"thumbnailUrl":"https:\/\/files.sunoresearch.com.br\/n\/uploads\/2019\/08\/7693077b-azul-jpg.webp","keywords":["Azul (AZUL4)"],"articleSection":["Neg\u00f3cios"],"inLanguage":"pt-BR"},{"@type":"WebPage","@id":"https:\/\/www.suno.com.br\/noticias\/azul-novos-destinos-internacionais-acoes-mais-3\/","url":"https:\/\/www.suno.com.br\/noticias\/azul-novos-destinos-internacionais-acoes-mais-3\/","name":"Azul anuncia novos destinos internacionais e a\u00e7\u00f5es sobem mais de 3%","isPartOf":{"@id":"https:\/\/www.suno.com.br\/noticias\/#website"},"primaryImageOfPage":{"@id":"https:\/\/www.suno.com.br\/noticias\/azul-novos-destinos-internacionais-acoes-mais-3\/#primaryimage"},"image":{"@id":"https:\/\/www.suno.com.br\/noticias\/azul-novos-destinos-internacionais-acoes-mais-3\/#primaryimage"},"thumbnailUrl":"https:\/\/files.sunoresearch.com.br\/n\/uploads\/2019\/08\/7693077b-azul-jpg.webp","datePublished":"2020-01-07T20:49:44+00:00","description":"A Azul (AZUL4) anunciou que aumentar\u00e1 as op\u00e7\u00f5es de voos para destinos internacionais a partir de fevereiro. Clique para saber mais.","breadcrumb":{"@id":"https:\/\/www.suno.com.br\/noticias\/azul-novos-destinos-internacionais-acoes-mais-3\/#breadcrumb"},"inLanguage":"pt-BR","potentialAction":[{"@type":"ReadAction","target":["https:\/\/www.suno.com.br\/noticias\/azul-novos-destinos-internacionais-acoes-mais-3\/"]}]},{"@type":"ImageObject","inLanguage":"pt-BR","@id":"https:\/\/www.suno.com.br\/noticias\/azul-novos-destinos-internacionais-acoes-mais-3\/#primaryimage","url":"https:\/\/files.sunoresearch.com.br\/n\/uploads\/2019\/08\/7693077b-azul-jpg.webp","contentUrl":"https:\/\/files.sunoresearch.com.br\/n\/uploads\/2019\/08\/7693077b-azul-jpg.webp","width":984,"height":654,"caption":"Destaques de empresas"},{"@type":"BreadcrumbList","@id":"https:\/\/www.suno.com.br\/noticias\/azul-novos-destinos-internacionais-acoes-mais-3\/#breadcrumb","itemListElement":[{"@type":"ListItem","position":1,"name":"Not\u00edcias","item":"https:\/\/www.suno.com.br\/noticias\/"},{"@type":"ListItem","position":2,"name":"Neg\u00f3cios","item":"https:\/\/www.suno.com.br\/noticias\/negocios\/"},{"@type":"ListItem","position":3,"name":"Azul anuncia novos destinos internacionais e a\u00e7\u00f5es sobem mais de 3%"}]},{"@type":"WebSite","@id":"https:\/\/www.suno.com.br\/noticias\/#website","url":"https:\/\/www.suno.com.br\/noticias\/","name":"Suno Not\u00edcias","description":"Seu portal de informa\u00e7\u00e3o sobre o mundo dos investimentos","publisher":{"@id":"https:\/\/www.suno.com.br\/noticias\/#organization"},"potentialAction":[{"@type":"SearchAction","target":{"@type":"EntryPoint","urlTemplate":"https:\/\/www.suno.com.br\/noticias\/?s={search_term_string}"},"query-input":{"@type":"PropertyValueSpecification","valueRequired":true,"valueName":"search_term_string"}}],"inLanguage":"pt-BR"},{"@type":"Organization","@id":"https:\/\/www.suno.com.br\/noticias\/#organization","name":"Suno Not\u00edcias","url":"https:\/\/www.suno.com.br\/noticias\/","logo":{"@type":"ImageObject","inLanguage":"pt-BR","@id":"https:\/\/www.suno.com.br\/noticias\/#\/schema\/logo\/image\/","url":"https:\/\/files.sunoresearch.com.br\/n\/uploads\/2021\/09\/suno-logo.png","contentUrl":"https:\/\/files.sunoresearch.com.br\/n\/uploads\/2021\/09\/suno-logo.png","width":180,"height":180,"caption":"Suno Not\u00edcias"},"image":{"@id":"https:\/\/www.suno.com.br\/noticias\/#\/schema\/logo\/image\/"},"sameAs":["https:\/\/facebook.com\/sunoresearch","https:\/\/x.com\/sunoresearch","https:\/\/www.instagram.com\/suno","https:\/\/www.linkedin.com\/company\/suno-research\/","https:\/\/www.youtube.com\/c\/sunoresearch"]},{"@type":"Person","@id":"https:\/\/www.suno.com.br\/noticias\/#\/schema\/person\/4e19e3d2575736e5283d58eb3199d120","name":"Giovanna Oliveira","image":{"@type":"ImageObject","inLanguage":"pt-BR","@id":"https:\/\/www.suno.com.br\/noticias\/#\/schema\/person\/image\/","url":"https:\/\/secure.gravatar.com\/avatar\/9a37b3ae208962ac568992d0ffdbc2eb?s=96&r=g","contentUrl":"https:\/\/secure.gravatar.com\/avatar\/9a37b3ae208962ac568992d0ffdbc2eb?s=96&r=g","caption":"Giovanna Oliveira"},"description":"Giovanna Oliveira escreve sobre economia e pol\u00edtica. Foi rep\u00f3rter do portal de jornalismo da ESPM-SP e produziu conte\u00fado para a Corinthians TV. \u00c9 estudante da ESPM.","url":"https:\/\/www.suno.com.br\/noticias\/author\/giovanna\/"}]}},"default_loop_html":"<div class=\"cardsPage__listCard__boxs\"><div class=\"cardsPage__listCard__boxs__img\"><a href=\"https:\/\/www.suno.com.br\/noticias\/azul-novos-destinos-internacionais-acoes-mais-3\/\"><img class=\"mask\" src=\"https:\/\/www.suno.com.br\/noticias\/wp-content\/themes\/suno\/resources\/images\/spotlight\/spotlight1img\/bg-mask.png\" alt=\"Image Mask\"\/><img src=\"https:\/\/files.sunoresearch.com.br\/n\/uploads\/2019\/08\/7693077b-azul-400x200.webp\" alt=\"Azul anuncia novos destinos internacionais e a\u00e7\u00f5es sobem mais de 3%\"\/><\/a><span class=\"spotlightCategory\"><a href=\"https:\/\/www.suno.com.br\/noticias\/negocios\/\">Neg\u00f3cios<\/a><\/span><\/div><div class=\"cardsPage__listCard__boxs__content\"><a href=\"https:\/\/www.suno.com.br\/noticias\/azul-novos-destinos-internacionais-acoes-mais-3\/\"><h2 class=\"content__title\">Azul anuncia novos destinos internacionais e a\u00e7\u00f5es sobem mais de 3%<\/h2><\/a><div class=\"newsContent__article__meta\"><div class=\"newsContent__article__meta__authorBox\"><a href=\"https:\/\/www.suno.com.br\/noticias\/author\/giovanna\/\" class=\"authorBox__avatar noMobi\"><img src=\"https:\/\/files.sunoresearch.com.br\/n\/uploads\/2019\/06\/952a89ca-screenshot_20190608-171507-150x150.webp\" alt=\"Giovanna Oliveira\"><\/a><div class=\"authorBox__name\"><span>por\n\t\t\t<a href=\"https:\/\/www.suno.com.br\/noticias\/author\/giovanna\/\"><span itemprop=\"author\">Giovanna Oliveira<\/span><\/a><\/span><time datetime=\"2020-01-07T18:49:44-03:00\" itemprop=\"datePublished\">07\/01\/2020 18:49<\/time><\/div><\/div><\/div><\/div><\/div>","single_layout":"posts","amp_enabled":true,"_links":{"self":[{"href":"https:\/\/www.suno.com.br\/noticias\/wp-json\/wp\/v2\/posts\/48922"}],"collection":[{"href":"https:\/\/www.suno.com.br\/noticias\/wp-json\/wp\/v2\/posts"}],"about":[{"href":"https:\/\/www.suno.com.br\/noticias\/wp-json\/wp\/v2\/types\/post"}],"author":[{"embeddable":true,"href":"https:\/\/www.suno.com.br\/noticias\/wp-json\/wp\/v2\/users\/18"}],"replies":[{"embeddable":true,"href":"https:\/\/www.suno.com.br\/noticias\/wp-json\/wp\/v2\/comments?post=48922"}],"version-history":[{"count":0,"href":"https:\/\/www.suno.com.br\/noticias\/wp-json\/wp\/v2\/posts\/48922\/revisions"}],"wp:featuredmedia":[{"embeddable":true,"href":"https:\/\/www.suno.com.br\/noticias\/wp-json\/wp\/v2\/media\/35528"}],"wp:attachment":[{"href":"https:\/\/www.suno.com.br\/noticias\/wp-json\/wp\/v2\/media?parent=48922"}],"wp:term":[{"taxonomy":"category","embeddable":true,"href":"https:\/\/www.suno.com.br\/noticias\/wp-json\/wp\/v2\/categories?post=48922"},{"taxonomy":"post_tag","embeddable":true,"href":"https:\/\/www.suno.com.br\/noticias\/wp-json\/wp\/v2\/tags?post=48922"},{"taxonomy":"suno_strategy","embeddable":true,"href":"https:\/\/www.suno.com.br\/noticias\/wp-json\/wp\/v2\/suno_strategy?post=48922"}],"curies":[{"name":"wp","href":"https:\/\/api.w.org\/{rel}","templated":true}]}}