{"id":489218,"date":"2023-11-22T21:48:46","date_gmt":"2023-11-23T00:48:46","guid":{"rendered":"https:\/\/www.suno.com.br\/noticias\/?p=489218"},"modified":"2023-11-22T21:48:51","modified_gmt":"2023-11-23T00:48:51","slug":"comissao-senado-aprova-taxacao-fundos-exclusivos","status":"publish","type":"post","link":"https:\/\/www.suno.com.br\/noticias\/comissao-senado-aprova-taxacao-fundos-exclusivos\/","title":{"rendered":"Comiss\u00e3o do Senado aprova taxa\u00e7\u00e3o de fundos exclusivos"},"content":{"rendered":"<p>A Comiss\u00e3o de Assuntos Econ\u00f4micos do Senado (CAE) aprovou nesta quarta-feira (22) tr\u00eas projetos que aumentam a arrecada\u00e7\u00e3o de impostos por meio de mudan\u00e7as na taxa\u00e7\u00e3o de <strong>fundos<\/strong> de investimentos exclusivos e offshores (empresas no exterior), das empresas de v\u00eddeo por demanda, os streamings, e tamb\u00e9m das apostas esportivas online, as chamadas bets.<img decoding=\"async\" style=\"width: 1px; height: 1px;\" src=\"https:\/\/agenciabrasil.ebc.com.br\/ebc.png?id=1568368&amp;o=rss\"><img decoding=\"async\" style=\"width: 1px; height: 1px;\" src=\"https:\/\/agenciabrasil.ebc.com.br\/ebc.gif?id=1568368&amp;o=rss\"><\/p>\t<div class=\"wrapper-featured-image\">\n\t\t<figure class=\"spotlightImg\">\n\n\t\t\t<picture>\n\t\t\t\t<source media=\"(max-width: 768px)\" srcset=\"https:\/\/files.sunoresearch.com.br\/n\/uploads\/2023\/05\/investimentos-400x200.jpg\">\n\t\t\t\t<img loading=\"lazy\" decoding=\"async\" class=\"newsContent__article__imgCapa lazyloadDisabled \" src=\"https:\/\/files.sunoresearch.com.br\/n\/uploads\/2023\/05\/investimentos-800x450.jpg\" width=\"800\" height=\"450\" alt=\"Comiss\u00e3o do Senado aprova taxa\u00e7\u00e3o de fundos exclusivos\" fetchpriority=high \/>\n\t\t\t<\/picture>\n\n\t\t\t<figcaption class=\"wp-caption-text wp-caption-text--show\">Fundos de investimento. Foto: iStock<\/figcaption>\n\t\t<\/figure>\n\t<\/div>\n\n\n\n\n\n\t<p>\n\t\t<a href=\"\" target=\"_blank\" data-element=\"shortcode-suno-banner\" title=\"Banner SUNO, clique e saiba mais\">\n\t\t\t<picture>\n\t\t\t\t<source media=\"(max-width: 500px)\" srcset=\"\">\n\t\t\t\t<img class=\"newsContent__article__imgCapa newsContent__article__imgCapa--banner\"\n\t\t\t\t\tsrc=\"\"\n\t\t\t\t\tdata-promo-id=\"240038\"\t\t\t\t\t\t\t\t\t\t\t\t\t\t\talt=\"\"\n\t\t\t\t>\n\t\t\t<\/picture>\n\t\t<\/a>\n\t<\/p>\n\n\n\n\n\n\n\n<p>O projeto de lei que trata dos <strong>fundos exclusivos<\/strong>, que exigem um investimento m\u00ednimo de R$ 10 milh\u00f5es, e das <strong>offshores<\/strong>, que s\u00e3o empresas no exterior que administram fundos de investimentos, faz parte da estrat\u00e9gia do governo federal de aumentar a arrecada\u00e7\u00e3o de impostos aumentando os tributos dos mais ricos do Brasil. A estimativa \u00e9 arrecadar R$ 13 bilh\u00f5es somente em 2024.<\/p>\n\n\n\n<ul class=\"wp-block-list\"><\/ul>\n\n\n\n<p>Atualmente, esses fundos s\u00f3 pagam <a class=\"suno-keyword\" target=\"_blank\" data-force=\"no\" data-priority=\"2\" href=\"https:\/\/www.suno.com.br\/guias\/imposto-de-renda-guia\/\" rel=\"noopener\">Imposto de Renda<\/a> na hora de sacar o dinheiro, enquanto os demais fundos do pa\u00eds pagam imposto todo semestre, cobran\u00e7a conhecida como \u201ccome-cotas\u201d.<\/p>\n\n\n\n<p>Pelo projeto aprovado, as regras dos <a class=\"suno-keyword\" target=\"_blank\" data-force=\"no\" data-priority=\"1\" href=\"https:\/\/www.suno.com.br\/artigos\/fundos-exclusivos\/\" rel=\"noopener\">fundos exclusivos<\/a> ser\u00e3o igualadas \u00e0s dos demais fundos. Com isso, os super-ricos pagar\u00e3o o come-cotas a partir de 2024 de 15% sobre o rendimento para fundos de <a class=\"suno-keyword\" target=\"_blank\" data-force=\"no\" data-priority=\"1\" href=\"https:\/\/www.suno.com.br\/artigos\/longo-prazo\/\" rel=\"noopener\">longo prazo<\/a>, sendo 20% no caso dos investimentos de at\u00e9 1 ano (<a class=\"suno-keyword\" target=\"_blank\" data-force=\"no\" data-priority=\"1\" href=\"https:\/\/www.suno.com.br\/artigos\/curto-prazo\/\" rel=\"noopener\">curto prazo<\/a>). Os fundos ser\u00e3o tributados a cada 6 meses.<\/p>\n\n\n\n<p>Por\u00e9m, quem optar por come\u00e7ar a pagar a al\u00edquota neste ano ganha um desconto, pagando apenas 8% sobre todo o rendimento que o fundo teve at\u00e9 o momento, contra os 15% ou 20% de quem n\u00e3o aderir a antecipa\u00e7\u00e3o.<\/p>\n\n\n\n<p>Atualmente, apenas 2,5 mil brasileiros aplicam em fundos exclusivos, que somam R$ 756 bilh\u00f5es em patrim\u00f4nio e respondem, sozinhos, por 12,3% da <strong>ind\u00fastria de fundos do Brasil<\/strong>.<\/p>\n\n\n\n<p>Em rela\u00e7\u00e3o aos <strong>fundos offshores<\/strong>, muito usado por investidores super-ricos que entregam bens no exterior para terceiros administrarem, o projeto prev\u00ea uma cobran\u00e7a anual de 15% de IR a partir de 2024. A tributa\u00e7\u00e3o ser\u00e1 feita uma vez ao ano, no dia 31 de dezembro.<\/p>\n\n\n\n<p>Atualmente, quem tem dinheiro em offshore s\u00f3 paga 15% de IR sobre o <a class=\"suno-keyword\" target=\"_blank\" data-force=\"no\" data-priority=\"1\" href=\"https:\/\/www.suno.com.br\/artigos\/ganho-de-capital\/\" rel=\"noopener\">ganho de capital<\/a> quando e se o dinheiro voltar ao Brasil.<\/p>\n\n\n\n<p>\u201cVolto a reiterar a import\u00e2ncia do projeto como um passo adiante da justi\u00e7a tribut\u00e1ria no Brasil, garantindo tributa\u00e7\u00e3o em par\u00e2metros absolutamente compat\u00edveis com a m\u00e9dia internacional daqueles que mais recebem, que mais t\u00eam recurso para contribuir com nosso pa\u00eds\u201d, disse o relator do projeto, senador Alessandro Vieira (MDB-SE).<\/p>\n\n\n\n<p>A proposta teve resist\u00eancia de alguns senadores. Para o senador Carlos Viana (Podemos-MG), a proposta provocar\u00e1 uma bitributa\u00e7\u00e3o, j\u00e1 que o objetivo \u201cdo projeto \u00e9 aumentar a arrecada\u00e7\u00e3o em cima de impostos de quem j\u00e1 pagou para ter esses fundos no exterior\u201d.<\/p>\n\n\n\n<p>O projeto segue em regime de urg\u00eancia para an\u00e1lise do Plen\u00e1rio.<\/p>\n\n\n\n<h2 class=\"wp-block-heading\">Streaming<\/h2>\n\n\n\n<p>A CAE tamb\u00e9m aprovou que os servi\u00e7os de <em>streaming<\/em>, como Youtube, Instagram e Netflix, dever\u00e3o pagar taxa para o incentivo da ind\u00fastria de audiovisual brasileira.<\/p>\n\n\n\n<p>O percentual a ser pago pelas plataformas ser\u00e1 de at\u00e9 3% sobre a <a class=\"suno-keyword\" target=\"_blank\" data-force=\"no\" data-priority=\"1\" href=\"https:\/\/www.suno.com.br\/artigos\/o-que-receita-bruta\/\" rel=\"noopener\">receita bruta<\/a>, superior a R$ 90 milh\u00f5es.<\/p>\n\n\n\n<p>\u201cTrata-se de proposta equilibrada de regulamenta\u00e7\u00e3o, que busca fomentar a produ\u00e7\u00e3o audiovisual brasileira independente, ao mesmo tempo que n\u00e3o cria barreiras excessivas aos diversos agentes provedores de v\u00eddeos sob demanda no mercado brasileiro\u201d, argumentou o relator do projeto, Eduardo Gomes (PL-TO).<\/p>\n\n\n\n<p>Atualmente, a taxa j\u00e1 \u00e9 paga pelas TV aberta, TV por assinatura, cinemas e operadoras por celular e internet.<\/p>\n\n\n\n<p>Se produzirem conte\u00fado nacional, os servi\u00e7os de streaming poder\u00e3o ter um abate de impostos.<\/p>\n\n\n\n<p>O <a href=\"http:\/\/documento (senado.leg.br)\" target=\"_blank\" rel=\"noopener\">PL 2.331\/2022<\/a> ainda passar\u00e1 por turno suplementar de vota\u00e7\u00e3o na comiss\u00e3o antes de seguir para a C\u00e2mara dos Deputados.<\/p>\n\n\n\t<p>\n\t\t<a href=\"https:\/\/lp.suno.com.br\/ebook-gratuito-investindo-no-exterior\/\" target=\"_blank\" data-element=\"shortcode-suno-banner\" title=\"Banner SUNO, clique e saiba mais\">\n\t\t\t<picture>\n\t\t\t\t<source media=\"(max-width: 500px)\" srcset=\"https:\/\/files.sunoresearch.com.br\/n\/uploads\/2023\/03\/400x300-Investindo-no-exterior.png\">\n\t\t\t\t<img class=\"newsContent__article__imgCapa newsContent__article__imgCapa--banner\"\n\t\t\t\t\tsrc=\"https:\/\/files.sunoresearch.com.br\/n\/uploads\/2023\/03\/1420x240-Investindo-no-exterior.png\"\n\t\t\t\t\tdata-promo-id=\"383161\"\t\t\t\t\t\t\t\t\t\twidth='1420' height='240'\t\t\t\t\talt=\"https:\/\/files.sunoresearch.com.br\/n\/uploads\/2023\/03\/1420x240-Investindo-no-exterior.png\"\n\t\t\t\t>\n\t\t\t<\/picture>\n\t\t<\/a>\n\t<\/p>\n\n\n\n\n\n<h2 class=\"wp-block-heading\">Apostas esportivas<\/h2>\n\n\n\n<p>Os senadores da comiss\u00e3o aprovaram ainda a regulamenta\u00e7\u00e3o das apostas esportivas online de cota fixa, chamadas bets.<\/p>\n\n\n\n<p>Pelo projeto de lei, o apostador pagar\u00e1 30% de <a class=\"suno-keyword\" target=\"_blank\" data-force=\"no\" data-priority=\"2\" href=\"https:\/\/www.suno.com.br\/guias\/imposto-de-renda-guia\/\" rel=\"noopener\">Imposto de Renda<\/a> sobre a parcela dos pr\u00eamios que exceder a faixa de isen\u00e7\u00e3o. J\u00e1 as empresas do setor ficar\u00e3o com 82% do faturamento bruto, descontado o pagamento de pr\u00eamios e imposto de renda, e n\u00e3o mais com 95%, como prev\u00ea a Lei 13.756\/18, que criou esse mercado e n\u00e3o tinha sido regulamentada.<\/p>\n\n\n\n<p>Com a regulamenta\u00e7\u00e3o, o governo federal estima refor\u00e7ar o caixa em R$ 700 milh\u00f5es em 2024.<\/p>\n\n\n\n<p>Se o Plen\u00e1rio do Senado modificar o texto, o PL 3.626\/2023 retornar\u00e1 \u00e0 <a href=\"https:\/\/agenciabrasil.ebc.com.br\/politica\/noticia\/2023-09\/camara-aprova-regulamentacao-das-apostas-esportivas\" target=\"_blank\" rel=\"noopener\">vota\u00e7\u00e3o na C\u00e2mara dos Deputados<\/a>.<\/p>\n\n\n\n<h2 class=\"wp-block-heading\">FIIs e Fiagros: como ficam as regras ap\u00f3s a aprova\u00e7\u00e3o da taxa\u00e7\u00e3o de fundos exclusivos?<\/h2>\n\n\n\n<p>A c\u00e2mara aprovou nesta quarta-feira (25), o projeto de lei que prev\u00ea a taxa\u00e7\u00e3o dos fundos de alta renda, alterando as regras tanto para os os&nbsp;<a href=\"https:\/\/www.suno.com.br\/artigos\/fundos-de-investimento-exterior\/\">Fundos de Investimento<\/a>&nbsp;Imobili\u00e1rio (<strong>FIIs<\/strong>) quanto para os Fundos de Investimento em Cadeias Agroindustriais (Fiagros).<\/p>\n\n\n\n<p>Vale lembrar que a nova regra vale tanto para os&nbsp;<strong>fundos exclusivos<\/strong>&nbsp;ou dos \u201csuper-ricos\u201d no Pa\u00eds, quanto os&nbsp;<strong>fundos offshore<\/strong>, mantidos por brasileiros no exterior, principalmente em para\u00edsos fiscais.<\/p>\n\n\n\n<p>A pedido da Frente Parlamentar da Agropecu\u00e1ria (FPA), o relator, deputado Pedro Paulo (PSD-RJ), reduziu de 300 para 100 o n\u00famero m\u00ednimo de cotistas para que possa ser formado um Fundo de Investimento em Cadeias Agroindustriais (<strong>Fiagro<\/strong>). O mesmo se aplica aos&nbsp;<strong><a href=\"https:\/\/www.suno.com.br\/artigos\/fundos-de-investimento-exterior\/\">Fundos de Investimento<\/a>&nbsp;Imobili\u00e1rio<\/strong>&nbsp;(FIIs). Hoje, o piso \u00e9 de 50 cotistas. O governo havia proposto 500, mas Pedro Paulo fez um meio-termo.<\/p>\n\n\n\n<p>Pressionado pela bancada do&nbsp;<strong>agroneg\u00f3cio na C\u00e2mara<\/strong>, o deputado cogitou permanecer com a \u201cregra antiga\u201d de&nbsp;<strong>tributa\u00e7\u00e3o dos rendimentos dos fiagros<\/strong>. O argumento dos ruralistas \u00e9 de que a nova regra inviabiliza o produto, com apenas 2 anos no mercado.<\/p>\n\n\n\n<p>Por sua vez, o Minist\u00e9rio da Fazenda argumenta que um n\u00famero baixo de cotistas permite que fam\u00edlias formem um fundo apenas para escapar do pagamento de impostos. Para evitar essa brecha, o relator incluiu no texto uma trava para que pessoas da mesma fam\u00edlia, com parentesco de at\u00e9 segundo grau, n\u00e3o detenham juntos mais de 30% das cotas do fundo.<\/p>\n\n\n\n<p>Para o gestor do&nbsp;<strong>Fiagro AAZQ11<\/strong>, Idal\u00edcio Silva, a mudan\u00e7a na regra, que seria para 500, \u201cpoderia limitar a constru\u00e7\u00e3o de produtos dedicados ao setor do agroneg\u00f3cio\u201d.<\/p>\n\n\n\n<p>J\u00e1 Octaciano Neto, diretor de Agro do&nbsp;<strong>Grupo Suno<\/strong>, disse que a mudan\u00e7a na&nbsp;tributa\u00e7\u00e3o dos <strong>fundos<\/strong>&nbsp;<strong>exclusivos<\/strong>&nbsp;poderia afetar a seguran\u00e7a jur\u00eddica do setor. \u201cO <a class=\"suno-keyword\" target=\"_blank\" data-force=\"no\" data-priority=\"2\" href=\"https:\/\/www.suno.com.br\/guias\/fiagro\/\" rel=\"noopener\">fiagro<\/a> tem apenas 2 anos na&nbsp;<a href=\"https:\/\/www.suno.com.br\/guias\/bolsa-de-valores\/\">bolsa de valores<\/a>. O investidor precisa ter seguran\u00e7a nessa estrutura\u201d, comenta.<\/p>\n\n\n\n<p><em>Com Ag\u00eancia Brasil<\/em><\/p>\n\n\n\t<p>\n\t\t<a href=\"https:\/\/lp.suno.com.br\/planilha-da-vida-financeira\/\" target=\"_blank\" data-element=\"shortcode-suno-banner\" title=\"Banner SUNO, clique e saiba mais\">\n\t\t\t<picture>\n\t\t\t\t<source media=\"(max-width: 500px)\" srcset=\"https:\/\/files.sunoresearch.com.br\/n\/uploads\/2023\/04\/400x300-Planilha-vida-financeira-true.png\">\n\t\t\t\t<img class=\"newsContent__article__imgCapa newsContent__article__imgCapa--banner\"\n\t\t\t\t\tsrc=\"https:\/\/files.sunoresearch.com.br\/n\/uploads\/2023\/04\/1420x240-Planilha-vida-financeira-true.png\"\n\t\t\t\t\tdata-promo-id=\"383123\"\t\t\t\t\t\t\t\t\t\twidth='1420' height='240'\t\t\t\t\talt=\"https:\/\/files.sunoresearch.com.br\/n\/uploads\/2023\/04\/1420x240-Planilha-vida-financeira-true.png\"\n\t\t\t\t>\n\t\t\t<\/picture>\n\t\t<\/a>\n\t<\/p>\n\n\n","protected":false},"excerpt":{"rendered":"<p>A Comiss\u00e3o de Assuntos Econ\u00f4micos do Senado (CAE) aprovou nesta quarta-feira (22) tr\u00eas projetos que aumentam a arrecada\u00e7\u00e3o de impostos por meio de mudan\u00e7as na taxa\u00e7\u00e3o de fundos de investimentos exclusivos e offshores (empresas no exterior), das empresas de v\u00eddeo por demanda, os streamings, e tamb\u00e9m das apostas esportivas online, as chamadas bets. Fundos de [&hellip;]<\/p>\n","protected":false},"author":43,"featured_media":406980,"comment_status":"closed","ping_status":"closed","sticky":false,"template":"","format":"standard","meta":[],"categories":[61],"tags":[313,1068],"suno_strategy":[],"class_list":["post-489218","post","type-post","status-publish","format-standard","has-post-thumbnail","hentry","category-politica","tag-fundos-de-investimento","tag-senado-federal"],"yoast_head":"<!-- This site is optimized with the Yoast SEO plugin v24.4 - https:\/\/yoast.com\/wordpress\/plugins\/seo\/ -->\n<title>Comiss\u00e3o do Senado aprova taxa\u00e7\u00e3o de fundos exclusivos<\/title>\n<meta name=\"description\" content=\"A Comiss\u00e3o de Assuntos Econ\u00f4micos do Senado (CAE) aprovou mudan\u00e7as na taxa\u00e7\u00e3o de fundos de investimentos exclusivos e offshores\" \/>\n<meta name=\"robots\" content=\"index, follow, max-snippet:-1, max-image-preview:large, max-video-preview:-1\" \/>\n<link rel=\"canonical\" href=\"https:\/\/www.suno.com.br\/noticias\/comissao-senado-aprova-taxacao-fundos-exclusivos\/\" \/>\n<meta property=\"og:locale\" content=\"pt_BR\" \/>\n<meta property=\"og:type\" content=\"article\" \/>\n<meta property=\"og:title\" content=\"Comiss\u00e3o do Senado aprova taxa\u00e7\u00e3o de fundos exclusivos\" \/>\n<meta property=\"og:description\" content=\"A Comiss\u00e3o de Assuntos Econ\u00f4micos do Senado (CAE) aprovou mudan\u00e7as na taxa\u00e7\u00e3o de fundos de investimentos exclusivos e offshores\" \/>\n<meta property=\"og:url\" content=\"https:\/\/www.suno.com.br\/noticias\/comissao-senado-aprova-taxacao-fundos-exclusivos\/\" \/>\n<meta property=\"og:site_name\" content=\"Suno Not\u00edcias\" \/>\n<meta property=\"article:publisher\" content=\"https:\/\/facebook.com\/sunoresearch\" \/>\n<meta property=\"article:author\" content=\"https:\/\/www.facebook.com\/sunonoticias\/\" \/>\n<meta property=\"og:image\" content=\"https:\/\/files.sunoresearch.com.br\/n\/uploads\/2023\/05\/investimentos.jpg\" \/>\n\t<meta property=\"og:image:width\" content=\"1200\" \/>\n\t<meta property=\"og:image:height\" content=\"800\" \/>\n\t<meta property=\"og:image:type\" content=\"image\/jpeg\" \/>\n<meta name=\"author\" content=\"Reda\u00e7\u00e3o Suno Not\u00edcias\" \/>\n<meta name=\"twitter:card\" content=\"summary_large_image\" \/>\n<meta name=\"twitter:creator\" content=\"@https:\/\/twitter.com\/sunoresearch\" \/>\n<meta name=\"twitter:site\" content=\"@sunoresearch\" \/>\n<meta name=\"twitter:label1\" content=\"Escrito por\" \/>\n\t<meta name=\"twitter:data1\" content=\"Reda\u00e7\u00e3o Suno Not\u00edcias\" \/>\n\t<meta name=\"twitter:label2\" content=\"Est. tempo de leitura\" \/>\n\t<meta name=\"twitter:data2\" content=\"7 minutos\" \/>\n<script type=\"application\/ld+json\" class=\"yoast-schema-graph\">{\"@context\":\"https:\/\/schema.org\",\"@graph\":[{\"@type\":\"NewsArticle\",\"@id\":\"https:\/\/www.suno.com.br\/noticias\/comissao-senado-aprova-taxacao-fundos-exclusivos\/#article\",\"isPartOf\":{\"@id\":\"https:\/\/www.suno.com.br\/noticias\/comissao-senado-aprova-taxacao-fundos-exclusivos\/\"},\"author\":{\"name\":\"Reda\u00e7\u00e3o Suno Not\u00edcias\",\"@id\":\"https:\/\/www.suno.com.br\/noticias\/#\/schema\/person\/c1b1bd3727fa852bd045e9dbff3673ea\"},\"headline\":\"Comiss\u00e3o do Senado aprova taxa\u00e7\u00e3o de fundos exclusivos\",\"datePublished\":\"2023-11-23T00:48:46+00:00\",\"dateModified\":\"2023-11-23T00:48:51+00:00\",\"mainEntityOfPage\":{\"@id\":\"https:\/\/www.suno.com.br\/noticias\/comissao-senado-aprova-taxacao-fundos-exclusivos\/\"},\"wordCount\":1108,\"publisher\":{\"@id\":\"https:\/\/www.suno.com.br\/noticias\/#organization\"},\"image\":{\"@id\":\"https:\/\/www.suno.com.br\/noticias\/comissao-senado-aprova-taxacao-fundos-exclusivos\/#primaryimage\"},\"thumbnailUrl\":\"https:\/\/files.sunoresearch.com.br\/n\/uploads\/2023\/05\/investimentos.jpg\",\"keywords\":[\"Fundos de investimento\",\"Senado Federal\"],\"articleSection\":[\"Pol\u00edtica\"],\"inLanguage\":\"pt-BR\"},{\"@type\":\"WebPage\",\"@id\":\"https:\/\/www.suno.com.br\/noticias\/comissao-senado-aprova-taxacao-fundos-exclusivos\/\",\"url\":\"https:\/\/www.suno.com.br\/noticias\/comissao-senado-aprova-taxacao-fundos-exclusivos\/\",\"name\":\"Comiss\u00e3o do Senado aprova taxa\u00e7\u00e3o de fundos exclusivos\",\"isPartOf\":{\"@id\":\"https:\/\/www.suno.com.br\/noticias\/#website\"},\"primaryImageOfPage\":{\"@id\":\"https:\/\/www.suno.com.br\/noticias\/comissao-senado-aprova-taxacao-fundos-exclusivos\/#primaryimage\"},\"image\":{\"@id\":\"https:\/\/www.suno.com.br\/noticias\/comissao-senado-aprova-taxacao-fundos-exclusivos\/#primaryimage\"},\"thumbnailUrl\":\"https:\/\/files.sunoresearch.com.br\/n\/uploads\/2023\/05\/investimentos.jpg\",\"datePublished\":\"2023-11-23T00:48:46+00:00\",\"dateModified\":\"2023-11-23T00:48:51+00:00\",\"description\":\"A Comiss\u00e3o de Assuntos Econ\u00f4micos do Senado (CAE) aprovou mudan\u00e7as na taxa\u00e7\u00e3o de fundos de investimentos exclusivos e offshores\",\"breadcrumb\":{\"@id\":\"https:\/\/www.suno.com.br\/noticias\/comissao-senado-aprova-taxacao-fundos-exclusivos\/#breadcrumb\"},\"inLanguage\":\"pt-BR\",\"potentialAction\":[{\"@type\":\"ReadAction\",\"target\":[\"https:\/\/www.suno.com.br\/noticias\/comissao-senado-aprova-taxacao-fundos-exclusivos\/\"]}]},{\"@type\":\"ImageObject\",\"inLanguage\":\"pt-BR\",\"@id\":\"https:\/\/www.suno.com.br\/noticias\/comissao-senado-aprova-taxacao-fundos-exclusivos\/#primaryimage\",\"url\":\"https:\/\/files.sunoresearch.com.br\/n\/uploads\/2023\/05\/investimentos.jpg\",\"contentUrl\":\"https:\/\/files.sunoresearch.com.br\/n\/uploads\/2023\/05\/investimentos.jpg\",\"width\":1200,\"height\":800,\"caption\":\"Fundos de investimento. Foto: iStock\"},{\"@type\":\"BreadcrumbList\",\"@id\":\"https:\/\/www.suno.com.br\/noticias\/comissao-senado-aprova-taxacao-fundos-exclusivos\/#breadcrumb\",\"itemListElement\":[{\"@type\":\"ListItem\",\"position\":1,\"name\":\"Not\u00edcias\",\"item\":\"https:\/\/www.suno.com.br\/noticias\/\"},{\"@type\":\"ListItem\",\"position\":2,\"name\":\"Pol\u00edtica\",\"item\":\"https:\/\/www.suno.com.br\/noticias\/politica\/\"},{\"@type\":\"ListItem\",\"position\":3,\"name\":\"Comiss\u00e3o do Senado aprova taxa\u00e7\u00e3o de fundos exclusivos\"}]},{\"@type\":\"WebSite\",\"@id\":\"https:\/\/www.suno.com.br\/noticias\/#website\",\"url\":\"https:\/\/www.suno.com.br\/noticias\/\",\"name\":\"Suno Not\u00edcias\",\"description\":\"Seu portal de informa\u00e7\u00e3o sobre o mundo dos investimentos\",\"publisher\":{\"@id\":\"https:\/\/www.suno.com.br\/noticias\/#organization\"},\"potentialAction\":[{\"@type\":\"SearchAction\",\"target\":{\"@type\":\"EntryPoint\",\"urlTemplate\":\"https:\/\/www.suno.com.br\/noticias\/?s={search_term_string}\"},\"query-input\":{\"@type\":\"PropertyValueSpecification\",\"valueRequired\":true,\"valueName\":\"search_term_string\"}}],\"inLanguage\":\"pt-BR\"},{\"@type\":\"Organization\",\"@id\":\"https:\/\/www.suno.com.br\/noticias\/#organization\",\"name\":\"Suno Not\u00edcias\",\"url\":\"https:\/\/www.suno.com.br\/noticias\/\",\"logo\":{\"@type\":\"ImageObject\",\"inLanguage\":\"pt-BR\",\"@id\":\"https:\/\/www.suno.com.br\/noticias\/#\/schema\/logo\/image\/\",\"url\":\"https:\/\/files.sunoresearch.com.br\/n\/uploads\/2021\/09\/suno-logo.png\",\"contentUrl\":\"https:\/\/files.sunoresearch.com.br\/n\/uploads\/2021\/09\/suno-logo.png\",\"width\":180,\"height\":180,\"caption\":\"Suno Not\u00edcias\"},\"image\":{\"@id\":\"https:\/\/www.suno.com.br\/noticias\/#\/schema\/logo\/image\/\"},\"sameAs\":[\"https:\/\/facebook.com\/sunoresearch\",\"https:\/\/x.com\/sunoresearch\",\"https:\/\/www.instagram.com\/suno\",\"https:\/\/www.linkedin.com\/company\/suno-research\/\",\"https:\/\/www.youtube.com\/c\/sunoresearch\"]},{\"@type\":\"Person\",\"@id\":\"https:\/\/www.suno.com.br\/noticias\/#\/schema\/person\/c1b1bd3727fa852bd045e9dbff3673ea\",\"name\":\"Reda\u00e7\u00e3o Suno Not\u00edcias\",\"image\":{\"@type\":\"ImageObject\",\"inLanguage\":\"pt-BR\",\"@id\":\"https:\/\/www.suno.com.br\/noticias\/#\/schema\/person\/image\/\",\"url\":\"https:\/\/secure.gravatar.com\/avatar\/b8104b9b5a71985d5238ee59fbe418af?s=96&r=g\",\"contentUrl\":\"https:\/\/secure.gravatar.com\/avatar\/b8104b9b5a71985d5238ee59fbe418af?s=96&r=g\",\"caption\":\"Reda\u00e7\u00e3o Suno Not\u00edcias\"},\"description\":\"O Suno Not\u00edcias \u00e9 um portal de informa\u00e7\u00f5es sobre Mercado Financeiro, Pol\u00edtica, Neg\u00f3cios, Economia e Finan\u00e7as Pessoais.\",\"sameAs\":[\"https:\/\/www.suno.com.br\/noticias\",\"https:\/\/www.facebook.com\/sunonoticias\/\",\"https:\/\/www.instagram.com\/sunonoticias\/\",\"https:\/\/x.com\/https:\/\/twitter.com\/sunoresearch\",\"https:\/\/www.youtube.com\/sunonoticias\"],\"url\":\"https:\/\/www.suno.com.br\/noticias\/author\/redacao-suno\/\"}]}<\/script>\n<!-- \/ Yoast SEO plugin. -->","yoast_head_json":{"title":"Comiss\u00e3o do Senado aprova taxa\u00e7\u00e3o de fundos exclusivos","description":"A Comiss\u00e3o de Assuntos Econ\u00f4micos do Senado (CAE) aprovou mudan\u00e7as na taxa\u00e7\u00e3o de fundos de investimentos exclusivos e offshores","robots":{"index":"index","follow":"follow","max-snippet":"max-snippet:-1","max-image-preview":"max-image-preview:large","max-video-preview":"max-video-preview:-1"},"canonical":"https:\/\/www.suno.com.br\/noticias\/comissao-senado-aprova-taxacao-fundos-exclusivos\/","og_locale":"pt_BR","og_type":"article","og_title":"Comiss\u00e3o do Senado aprova taxa\u00e7\u00e3o de fundos exclusivos","og_description":"A Comiss\u00e3o de Assuntos Econ\u00f4micos do Senado (CAE) aprovou mudan\u00e7as na taxa\u00e7\u00e3o de fundos de investimentos exclusivos e offshores","og_url":"https:\/\/www.suno.com.br\/noticias\/comissao-senado-aprova-taxacao-fundos-exclusivos\/","og_site_name":"Suno Not\u00edcias","article_publisher":"https:\/\/facebook.com\/sunoresearch","article_author":"https:\/\/www.facebook.com\/sunonoticias\/","og_image":[{"width":1200,"height":800,"url":"https:\/\/files.sunoresearch.com.br\/n\/uploads\/2023\/05\/investimentos.jpg","type":"image\/jpeg"}],"author":"Reda\u00e7\u00e3o Suno Not\u00edcias","twitter_card":"summary_large_image","twitter_creator":"@https:\/\/twitter.com\/sunoresearch","twitter_site":"@sunoresearch","twitter_misc":{"Escrito por":"Reda\u00e7\u00e3o Suno Not\u00edcias","Est. tempo de leitura":"7 minutos"},"schema":{"@context":"https:\/\/schema.org","@graph":[{"@type":"NewsArticle","@id":"https:\/\/www.suno.com.br\/noticias\/comissao-senado-aprova-taxacao-fundos-exclusivos\/#article","isPartOf":{"@id":"https:\/\/www.suno.com.br\/noticias\/comissao-senado-aprova-taxacao-fundos-exclusivos\/"},"author":{"name":"Reda\u00e7\u00e3o Suno Not\u00edcias","@id":"https:\/\/www.suno.com.br\/noticias\/#\/schema\/person\/c1b1bd3727fa852bd045e9dbff3673ea"},"headline":"Comiss\u00e3o do Senado aprova taxa\u00e7\u00e3o de fundos exclusivos","datePublished":"2023-11-23T00:48:46+00:00","dateModified":"2023-11-23T00:48:51+00:00","mainEntityOfPage":{"@id":"https:\/\/www.suno.com.br\/noticias\/comissao-senado-aprova-taxacao-fundos-exclusivos\/"},"wordCount":1108,"publisher":{"@id":"https:\/\/www.suno.com.br\/noticias\/#organization"},"image":{"@id":"https:\/\/www.suno.com.br\/noticias\/comissao-senado-aprova-taxacao-fundos-exclusivos\/#primaryimage"},"thumbnailUrl":"https:\/\/files.sunoresearch.com.br\/n\/uploads\/2023\/05\/investimentos.jpg","keywords":["Fundos de investimento","Senado Federal"],"articleSection":["Pol\u00edtica"],"inLanguage":"pt-BR"},{"@type":"WebPage","@id":"https:\/\/www.suno.com.br\/noticias\/comissao-senado-aprova-taxacao-fundos-exclusivos\/","url":"https:\/\/www.suno.com.br\/noticias\/comissao-senado-aprova-taxacao-fundos-exclusivos\/","name":"Comiss\u00e3o do Senado aprova taxa\u00e7\u00e3o de fundos exclusivos","isPartOf":{"@id":"https:\/\/www.suno.com.br\/noticias\/#website"},"primaryImageOfPage":{"@id":"https:\/\/www.suno.com.br\/noticias\/comissao-senado-aprova-taxacao-fundos-exclusivos\/#primaryimage"},"image":{"@id":"https:\/\/www.suno.com.br\/noticias\/comissao-senado-aprova-taxacao-fundos-exclusivos\/#primaryimage"},"thumbnailUrl":"https:\/\/files.sunoresearch.com.br\/n\/uploads\/2023\/05\/investimentos.jpg","datePublished":"2023-11-23T00:48:46+00:00","dateModified":"2023-11-23T00:48:51+00:00","description":"A Comiss\u00e3o de Assuntos Econ\u00f4micos do Senado (CAE) aprovou mudan\u00e7as na taxa\u00e7\u00e3o de fundos de investimentos exclusivos e offshores","breadcrumb":{"@id":"https:\/\/www.suno.com.br\/noticias\/comissao-senado-aprova-taxacao-fundos-exclusivos\/#breadcrumb"},"inLanguage":"pt-BR","potentialAction":[{"@type":"ReadAction","target":["https:\/\/www.suno.com.br\/noticias\/comissao-senado-aprova-taxacao-fundos-exclusivos\/"]}]},{"@type":"ImageObject","inLanguage":"pt-BR","@id":"https:\/\/www.suno.com.br\/noticias\/comissao-senado-aprova-taxacao-fundos-exclusivos\/#primaryimage","url":"https:\/\/files.sunoresearch.com.br\/n\/uploads\/2023\/05\/investimentos.jpg","contentUrl":"https:\/\/files.sunoresearch.com.br\/n\/uploads\/2023\/05\/investimentos.jpg","width":1200,"height":800,"caption":"Fundos de investimento. Foto: iStock"},{"@type":"BreadcrumbList","@id":"https:\/\/www.suno.com.br\/noticias\/comissao-senado-aprova-taxacao-fundos-exclusivos\/#breadcrumb","itemListElement":[{"@type":"ListItem","position":1,"name":"Not\u00edcias","item":"https:\/\/www.suno.com.br\/noticias\/"},{"@type":"ListItem","position":2,"name":"Pol\u00edtica","item":"https:\/\/www.suno.com.br\/noticias\/politica\/"},{"@type":"ListItem","position":3,"name":"Comiss\u00e3o do Senado aprova taxa\u00e7\u00e3o de fundos exclusivos"}]},{"@type":"WebSite","@id":"https:\/\/www.suno.com.br\/noticias\/#website","url":"https:\/\/www.suno.com.br\/noticias\/","name":"Suno Not\u00edcias","description":"Seu portal de informa\u00e7\u00e3o sobre o mundo dos investimentos","publisher":{"@id":"https:\/\/www.suno.com.br\/noticias\/#organization"},"potentialAction":[{"@type":"SearchAction","target":{"@type":"EntryPoint","urlTemplate":"https:\/\/www.suno.com.br\/noticias\/?s={search_term_string}"},"query-input":{"@type":"PropertyValueSpecification","valueRequired":true,"valueName":"search_term_string"}}],"inLanguage":"pt-BR"},{"@type":"Organization","@id":"https:\/\/www.suno.com.br\/noticias\/#organization","name":"Suno Not\u00edcias","url":"https:\/\/www.suno.com.br\/noticias\/","logo":{"@type":"ImageObject","inLanguage":"pt-BR","@id":"https:\/\/www.suno.com.br\/noticias\/#\/schema\/logo\/image\/","url":"https:\/\/files.sunoresearch.com.br\/n\/uploads\/2021\/09\/suno-logo.png","contentUrl":"https:\/\/files.sunoresearch.com.br\/n\/uploads\/2021\/09\/suno-logo.png","width":180,"height":180,"caption":"Suno Not\u00edcias"},"image":{"@id":"https:\/\/www.suno.com.br\/noticias\/#\/schema\/logo\/image\/"},"sameAs":["https:\/\/facebook.com\/sunoresearch","https:\/\/x.com\/sunoresearch","https:\/\/www.instagram.com\/suno","https:\/\/www.linkedin.com\/company\/suno-research\/","https:\/\/www.youtube.com\/c\/sunoresearch"]},{"@type":"Person","@id":"https:\/\/www.suno.com.br\/noticias\/#\/schema\/person\/c1b1bd3727fa852bd045e9dbff3673ea","name":"Reda\u00e7\u00e3o Suno Not\u00edcias","image":{"@type":"ImageObject","inLanguage":"pt-BR","@id":"https:\/\/www.suno.com.br\/noticias\/#\/schema\/person\/image\/","url":"https:\/\/secure.gravatar.com\/avatar\/b8104b9b5a71985d5238ee59fbe418af?s=96&r=g","contentUrl":"https:\/\/secure.gravatar.com\/avatar\/b8104b9b5a71985d5238ee59fbe418af?s=96&r=g","caption":"Reda\u00e7\u00e3o Suno Not\u00edcias"},"description":"O Suno Not\u00edcias \u00e9 um portal de informa\u00e7\u00f5es sobre Mercado Financeiro, Pol\u00edtica, Neg\u00f3cios, Economia e Finan\u00e7as Pessoais.","sameAs":["https:\/\/www.suno.com.br\/noticias","https:\/\/www.facebook.com\/sunonoticias\/","https:\/\/www.instagram.com\/sunonoticias\/","https:\/\/x.com\/https:\/\/twitter.com\/sunoresearch","https:\/\/www.youtube.com\/sunonoticias"],"url":"https:\/\/www.suno.com.br\/noticias\/author\/redacao-suno\/"}]}},"default_loop_html":"<div class=\"cardsPage__listCard__boxs\"><div class=\"cardsPage__listCard__boxs__img\"><a href=\"https:\/\/www.suno.com.br\/noticias\/comissao-senado-aprova-taxacao-fundos-exclusivos\/\"><img class=\"mask\" src=\"https:\/\/www.suno.com.br\/noticias\/wp-content\/themes\/suno\/resources\/images\/spotlight\/spotlight1img\/bg-mask.png\" alt=\"Image Mask\"\/><img src=\"https:\/\/files.sunoresearch.com.br\/n\/uploads\/2023\/05\/investimentos-400x200.jpg\" alt=\"Comiss\u00e3o do Senado aprova taxa\u00e7\u00e3o de fundos exclusivos\"\/><\/a><span class=\"spotlightCategory\"><a href=\"https:\/\/www.suno.com.br\/noticias\/politica\/\">Pol\u00edtica<\/a><\/span><\/div><div class=\"cardsPage__listCard__boxs__content\"><a href=\"https:\/\/www.suno.com.br\/noticias\/comissao-senado-aprova-taxacao-fundos-exclusivos\/\"><h2 class=\"content__title\">Comiss\u00e3o do Senado aprova taxa\u00e7\u00e3o de fundos exclusivos<\/h2><\/a><div class=\"newsContent__article__meta\"><div class=\"newsContent__article__meta__authorBox\"><a href=\"https:\/\/www.suno.com.br\/noticias\/author\/redacao-suno\/\" class=\"authorBox__avatar noMobi\"><img src=\"https:\/\/files.sunoresearch.com.br\/n\/uploads\/2020\/08\/0ace682d-redacao-1-150x150.webp\" alt=\"Reda\u00e7\u00e3o Suno Not\u00edcias\"><\/a><div class=\"authorBox__name\"><span>por\n\t\t\t<a href=\"https:\/\/www.suno.com.br\/noticias\/author\/redacao-suno\/\"><span itemprop=\"author\">Reda\u00e7\u00e3o Suno Not\u00edcias<\/span><\/a><\/span><time datetime=\"2023-11-22T21:48:46-03:00\" itemprop=\"datePublished\">22\/11\/2023 21:48<\/time><\/div><\/div><\/div><\/div><\/div>","single_layout":"posts","amp_enabled":true,"_links":{"self":[{"href":"https:\/\/www.suno.com.br\/noticias\/wp-json\/wp\/v2\/posts\/489218"}],"collection":[{"href":"https:\/\/www.suno.com.br\/noticias\/wp-json\/wp\/v2\/posts"}],"about":[{"href":"https:\/\/www.suno.com.br\/noticias\/wp-json\/wp\/v2\/types\/post"}],"author":[{"embeddable":true,"href":"https:\/\/www.suno.com.br\/noticias\/wp-json\/wp\/v2\/users\/43"}],"replies":[{"embeddable":true,"href":"https:\/\/www.suno.com.br\/noticias\/wp-json\/wp\/v2\/comments?post=489218"}],"version-history":[{"count":2,"href":"https:\/\/www.suno.com.br\/noticias\/wp-json\/wp\/v2\/posts\/489218\/revisions"}],"predecessor-version":[{"id":489389,"href":"https:\/\/www.suno.com.br\/noticias\/wp-json\/wp\/v2\/posts\/489218\/revisions\/489389"}],"wp:featuredmedia":[{"embeddable":true,"href":"https:\/\/www.suno.com.br\/noticias\/wp-json\/wp\/v2\/media\/406980"}],"wp:attachment":[{"href":"https:\/\/www.suno.com.br\/noticias\/wp-json\/wp\/v2\/media?parent=489218"}],"wp:term":[{"taxonomy":"category","embeddable":true,"href":"https:\/\/www.suno.com.br\/noticias\/wp-json\/wp\/v2\/categories?post=489218"},{"taxonomy":"post_tag","embeddable":true,"href":"https:\/\/www.suno.com.br\/noticias\/wp-json\/wp\/v2\/tags?post=489218"},{"taxonomy":"suno_strategy","embeddable":true,"href":"https:\/\/www.suno.com.br\/noticias\/wp-json\/wp\/v2\/suno_strategy?post=489218"}],"curies":[{"name":"wp","href":"https:\/\/api.w.org\/{rel}","templated":true}]}}