{"id":489136,"date":"2023-11-22T18:19:59","date_gmt":"2023-11-22T21:19:59","guid":{"rendered":"https:\/\/www.suno.com.br\/noticias\/?p=489136"},"modified":"2023-11-22T18:20:06","modified_gmt":"2023-11-22T21:20:06","slug":"americanas-amer3-cashback-black-friday-gpj","status":"publish","type":"post","link":"https:\/\/www.suno.com.br\/noticias\/americanas-amer3-cashback-black-friday-gpj\/","title":{"rendered":"Americanas (AMER3) vai oferecer at\u00e9 50% de cashback na Black Friday; saiba mais"},"content":{"rendered":"<p>A <strong>Americanas<\/strong> (AMER3) deu o pontap\u00e9 inicial para a Black Friday e ampliou nesta semana o volume de ofertas em diversas categorias como bomboniere, telefonia, eletroport\u00e1teis, alimentos, brinquedos, limpeza, beb\u00eas, vestu\u00e1rio e utilidades dom\u00e9sticas. A companhia informou que vai oferecer at\u00e9 50% de cashback para pagamentos com Ame, fintech da Americanas.<\/p>\t<div class=\"wrapper-featured-image\">\n\t\t<figure class=\"spotlightImg\">\n\n\t\t\t<picture>\n\t\t\t\t<source media=\"(max-width: 768px)\" srcset=\"https:\/\/files.sunoresearch.com.br\/n\/uploads\/2023\/01\/americanas-amer3-recuperacao-judicial-analise-foto-divulgacao-400x200.jpg\">\n\t\t\t\t<img loading=\"lazy\" decoding=\"async\" class=\"newsContent__article__imgCapa lazyloadDisabled \" src=\"https:\/\/files.sunoresearch.com.br\/n\/uploads\/2023\/01\/americanas-amer3-recuperacao-judicial-analise-foto-divulgacao-800x450.jpg\" width=\"800\" height=\"450\" alt=\"Americanas (AMER3) vai oferecer at\u00e9 50% de cashback na Black Friday; saiba mais\" fetchpriority=high \/>\n\t\t\t<\/picture>\n\n\t\t\t<figcaption class=\"wp-caption-text wp-caption-text--show\">Americanas (AMER3). Foto: Divulga\u00e7\u00e3o<\/figcaption>\n\t\t<\/figure>\n\t<\/div>\n\n\n\n\n\n\n\n\t<p>\n\t\t<a href=\"\" target=\"_blank\" data-element=\"shortcode-suno-banner\" title=\"Banner SUNO, clique e saiba mais\">\n\t\t\t<picture>\n\t\t\t\t<source media=\"(max-width: 500px)\" srcset=\"\">\n\t\t\t\t<img class=\"newsContent__article__imgCapa newsContent__article__imgCapa--banner\"\n\t\t\t\t\tsrc=\"\"\n\t\t\t\t\tdata-promo-id=\"265277\"\t\t\t\t\t\t\t\t\t\t\t\t\t\t\talt=\"\"\n\t\t\t\t>\n\t\t\t<\/picture>\n\t\t<\/a>\n\t<\/p>\n\n\n\n\n\n<p>Os <strong>clientes da Americanas<\/strong> podem comprar ou retirar o produto na unidade mais pr\u00f3xima da\u00a0varejista, escolher seus produtos na loja f\u00edsica para receber em casa, ou adquirir seus produtos pelo site e aplicativo das marcas. O foco este ano \u00e9 priorizar a jornada de conveni\u00eancia do consumidor.<\/p>\n\n\n\n<p>\u201cEsta <strong>Black Friday da Americanas<\/strong> marca nosso renascimento como opera\u00e7\u00e3o de varejo. O suporte dos fornecedores foi fundamental para destravar parcerias comerciais e ampliar o <a href=\"https:\/\/www.suno.com.br\/artigos\/mix-de-produtos\/\">mix de produtos<\/a> e volume de ofertas, tanto no f\u00edsico quanto no digital\u201d, afirma Aleksandro Pereira, diretor comercial da\u00a0Americanas.<\/p>\n\n\n\n<h2 class=\"wp-block-heading\">Refor\u00e7o na opera\u00e7\u00e3o da Americanas<\/h2>\n\n\n\n<p>Para dar suporte ao esperado aumento de vendas em um dos maiores eventos do varejo, a\u00a0companhia contratou mais de sete mil tempor\u00e1rios para os times de opera\u00e7\u00e3o de lojas e centros de distribui\u00e7\u00e3o e vai ampliar o hor\u00e1rio de funcionamento de diversas <strong>lojas da Americanas<\/strong> em todo o Pa\u00eds entre quinta (23) e sexta-feira (24).<\/p>\n\n\n\n<p>A companhia tamb\u00e9m vai expandir a solu\u00e7\u00e3o de caixas de autoatendimento, o que possibilita a redu\u00e7\u00e3o de filas e o aumento da produtividade da opera\u00e7\u00e3o. O projeto prev\u00ea a expans\u00e3o do self-checkout para 15% das lojas f\u00edsicas e a implementa\u00e7\u00e3o de 1.200 totens no total, para at\u00e9 2024, dos quais 150 j\u00e1 est\u00e3o dispon\u00edveis para o p\u00fablico na Black Friday.<\/p>\n\n\n\n<p>Na log\u00edstica, a&nbsp;Americanas&nbsp;aumentou em 110% o volume de frota em rela\u00e7\u00e3o a um per\u00edodo normal da opera\u00e7\u00e3o e dobrou a frequ\u00eancia di\u00e1ria de expedi\u00e7\u00e3o de sortimento para garantir o abastecimento das mais de 1,6 mil lojas em todo o pa\u00eds.&nbsp;&nbsp;<\/p>\n\n\n\t<p>\n\t\t<a href=\"https:\/\/lp.suno.com.br\/planilha-da-vida-financeira\/\" target=\"_blank\" data-element=\"shortcode-suno-banner\" title=\"Banner SUNO, clique e saiba mais\">\n\t\t\t<picture>\n\t\t\t\t<source media=\"(max-width: 500px)\" srcset=\"https:\/\/files.sunoresearch.com.br\/n\/uploads\/2023\/04\/400x300-Planilha-vida-financeira-true.png\">\n\t\t\t\t<img class=\"newsContent__article__imgCapa newsContent__article__imgCapa--banner\"\n\t\t\t\t\tsrc=\"https:\/\/files.sunoresearch.com.br\/n\/uploads\/2023\/04\/1420x240-Planilha-vida-financeira-true.png\"\n\t\t\t\t\tdata-promo-id=\"383123\"\t\t\t\t\t\t\t\t\t\twidth='1420' height='240'\t\t\t\t\talt=\"https:\/\/files.sunoresearch.com.br\/n\/uploads\/2023\/04\/1420x240-Planilha-vida-financeira-true.png\"\n\t\t\t\t>\n\t\t\t<\/picture>\n\t\t<\/a>\n\t<\/p>\n\n\n\n\n\n<h2 class=\"wp-block-heading\">Servi\u00e7os financeiros<\/h2>\n\n\n\n<p>A companhia vai oferecer at\u00e9 50% de cashback para pagamentos com <strong>Ame<\/strong>, al\u00e9m do parcelamento em at\u00e9 2x sem juros ou em at\u00e9 12x com juros nas compras feitas por Pix tamb\u00e9m pelo app da fintech. A modalidade est\u00e1 dispon\u00edvel para compras em todos os canais f\u00edsicos e online das marcas. <\/p>\n\n\n\n<p>Ainda existe a possibilidade de pagamento com <a href=\"https:\/\/www.suno.com.br\/artigos\/cartao-de-credito\/\">cart\u00e3o de cr\u00e9dito<\/a> em at\u00e9 10x sem juros nas compras acima de R$ 400 nas lojas f\u00edsicas. No site e <strong>aplicativo da Americanas<\/strong>, o cliente pode parcelar em at\u00e9 8x sem juros, em parcelas m\u00ednimas que variam de acordo com a categoria de produto.<\/p>\n\n\n\n<p>Al\u00e9m do Pix parcelado, a Ame oferece 20% de cashback em diversos servi\u00e7os e produtos financeiros em seu app e nas lojas f\u00edsicas, como seguro de vida, residencial e carteira protegida.<\/p>\n\n\n\n<h2 class=\"wp-block-heading\">Comunica\u00e7\u00e3o regionalizada<\/h2>\n\n\n\n<p>Seguindo a estrat\u00e9gia de regionaliza\u00e7\u00e3o da comunica\u00e7\u00e3o das ofertas, a&nbsp;Americanas&nbsp;conta com o \u201cCesta Truck\u201d, a\u00e7\u00e3o in\u00e9dita em que um caminh\u00e3o personalizado com a famosa cestinha vermelha da marca em uma vers\u00e3o gigante &#8211; mais de 4 metros &#8211; passa por treze cidades do Nordeste e Sudeste levando ofertas e brindes exclusivos. <\/p>\n\n\n\n<p>Os gerentes de lojas, famosos por divulgar nas redes sociais ofertas di\u00e1rias de suas cidades e que t\u00eam proximidade com clientes de diferentes localidades, tamb\u00e9m far\u00e3o comunica\u00e7\u00f5es sobre as melhores promo\u00e7\u00f5es. A\u00a0<strong>Americanas<\/strong>\u00a0lan\u00e7a ainda sua nova assinatura, \u201cPassou, cestou\u201d, que vem do h\u00e1bito brasileiro de dar uma &#8220;passadinha&#8221; com o \u201ccestou\u201d, remetendo \u00e0 cesta da\u00a0companhia, \u00edcone funcional e visual presente na loja, no aplicativo e no site.<\/p>\n\n\n\t<p>\n\t\t<a href=\"https:\/\/lp.suno.com.br\/ebook-como-analisar-uma-acao\/\" target=\"_blank\" data-element=\"shortcode-suno-banner\" title=\"Banner SUNO, clique e saiba mais\">\n\t\t\t<picture>\n\t\t\t\t<source media=\"(max-width: 500px)\" srcset=\"https:\/\/files.sunoresearch.com.br\/n\/uploads\/2023\/03\/Ebook-Acoes-Mobile-1.jpg\">\n\t\t\t\t<img class=\"newsContent__article__imgCapa newsContent__article__imgCapa--banner\"\n\t\t\t\t\tsrc=\"https:\/\/files.sunoresearch.com.br\/n\/uploads\/2023\/03\/Ebook-Acoes-Desktop-1.jpg\"\n\t\t\t\t\tdata-promo-id=\"171998\"\t\t\t\t\t\t\t\t\t\twidth='1420' height='286'\t\t\t\t\talt=\"https:\/\/files.sunoresearch.com.br\/n\/uploads\/2023\/03\/Ebook-Acoes-Desktop-1.jpg\"\n\t\t\t\t>\n\t\t\t<\/picture>\n\t\t<\/a>\n\t<\/p>\n\n\n","protected":false},"excerpt":{"rendered":"<p>A Americanas (AMER3) deu o pontap\u00e9 inicial para a Black Friday e ampliou nesta semana o volume de ofertas em diversas categorias como bomboniere, telefonia, eletroport\u00e1teis, alimentos, brinquedos, limpeza, beb\u00eas, vestu\u00e1rio e utilidades dom\u00e9sticas. A companhia informou que vai oferecer at\u00e9 50% de cashback para pagamentos com Ame, fintech da Americanas. Americanas (AMER3). Foto: Divulga\u00e7\u00e3o [&hellip;]<\/p>\n","protected":false},"author":313,"featured_media":349660,"comment_status":"closed","ping_status":"closed","sticky":false,"template":"","format":"standard","meta":[],"categories":[64],"tags":[106605,768],"suno_strategy":[],"class_list":["post-489136","post","type-post","status-publish","format-standard","has-post-thumbnail","hentry","category-negocios","tag-americanas-s-a-amer3","tag-black-friday"],"yoast_head":"<!-- This site is optimized with the Yoast SEO plugin v24.4 - https:\/\/yoast.com\/wordpress\/plugins\/seo\/ -->\n<title>Americanas (AMER3) vai oferecer at\u00e9 50% de cashback na Black Friday<\/title>\n<meta name=\"description\" content=\"A Americanas (AMER3) deu o pontap\u00e9 inicial para a Black Friday e ampliou nesta semana o volume de ofertas em diversas categorias.\" \/>\n<meta name=\"robots\" content=\"index, follow, max-snippet:-1, max-image-preview:large, max-video-preview:-1\" \/>\n<link rel=\"canonical\" href=\"https:\/\/www.suno.com.br\/noticias\/americanas-amer3-cashback-black-friday-gpj\/\" \/>\n<meta property=\"og:locale\" content=\"pt_BR\" \/>\n<meta property=\"og:type\" content=\"article\" \/>\n<meta property=\"og:title\" content=\"Americanas (AMER3) vai oferecer at\u00e9 50% de cashback na Black Friday\" \/>\n<meta property=\"og:description\" content=\"A Americanas (AMER3) deu o pontap\u00e9 inicial para a Black Friday e ampliou nesta semana o volume de ofertas em diversas categorias.\" \/>\n<meta property=\"og:url\" content=\"https:\/\/www.suno.com.br\/noticias\/americanas-amer3-cashback-black-friday-gpj\/\" \/>\n<meta property=\"og:site_name\" content=\"Suno Not\u00edcias\" \/>\n<meta property=\"article:publisher\" content=\"https:\/\/facebook.com\/sunoresearch\" \/>\n<meta property=\"og:image\" content=\"https:\/\/files.sunoresearch.com.br\/n\/uploads\/2023\/01\/americanas-amer3-recuperacao-judicial-analise-foto-divulgacao.jpg\" \/>\n\t<meta property=\"og:image:width\" content=\"1200\" \/>\n\t<meta property=\"og:image:height\" content=\"675\" \/>\n\t<meta property=\"og:image:type\" content=\"image\/jpeg\" \/>\n<meta name=\"author\" content=\"Giovanni Porf\u00edrio Jacomino\" \/>\n<meta name=\"twitter:card\" content=\"summary_large_image\" \/>\n<meta name=\"twitter:creator\" content=\"@sunoresearch\" \/>\n<meta name=\"twitter:site\" content=\"@sunoresearch\" \/>\n<meta name=\"twitter:label1\" content=\"Escrito por\" \/>\n\t<meta name=\"twitter:data1\" content=\"Giovanni Porf\u00edrio Jacomino\" \/>\n\t<meta name=\"twitter:label2\" content=\"Est. tempo de leitura\" \/>\n\t<meta name=\"twitter:data2\" content=\"4 minutos\" \/>\n<script type=\"application\/ld+json\" class=\"yoast-schema-graph\">{\"@context\":\"https:\/\/schema.org\",\"@graph\":[{\"@type\":\"NewsArticle\",\"@id\":\"https:\/\/www.suno.com.br\/noticias\/americanas-amer3-cashback-black-friday-gpj\/#article\",\"isPartOf\":{\"@id\":\"https:\/\/www.suno.com.br\/noticias\/americanas-amer3-cashback-black-friday-gpj\/\"},\"author\":{\"name\":\"Giovanni Porf\u00edrio Jacomino\",\"@id\":\"https:\/\/www.suno.com.br\/noticias\/#\/schema\/person\/d0f32748bbca4bee871fa191ee4e2d40\"},\"headline\":\"Americanas (AMER3) vai oferecer at\u00e9 50% de cashback na Black Friday; saiba mais\",\"datePublished\":\"2023-11-22T21:19:59+00:00\",\"dateModified\":\"2023-11-22T21:20:06+00:00\",\"mainEntityOfPage\":{\"@id\":\"https:\/\/www.suno.com.br\/noticias\/americanas-amer3-cashback-black-friday-gpj\/\"},\"wordCount\":640,\"publisher\":{\"@id\":\"https:\/\/www.suno.com.br\/noticias\/#organization\"},\"image\":{\"@id\":\"https:\/\/www.suno.com.br\/noticias\/americanas-amer3-cashback-black-friday-gpj\/#primaryimage\"},\"thumbnailUrl\":\"https:\/\/files.sunoresearch.com.br\/n\/uploads\/2023\/01\/americanas-amer3-recuperacao-judicial-analise-foto-divulgacao.jpg\",\"keywords\":[\"Americanas (AMER3)\",\"Black Friday\"],\"articleSection\":[\"Neg\u00f3cios\"],\"inLanguage\":\"pt-BR\"},{\"@type\":\"WebPage\",\"@id\":\"https:\/\/www.suno.com.br\/noticias\/americanas-amer3-cashback-black-friday-gpj\/\",\"url\":\"https:\/\/www.suno.com.br\/noticias\/americanas-amer3-cashback-black-friday-gpj\/\",\"name\":\"Americanas (AMER3) vai oferecer at\u00e9 50% de cashback na Black Friday\",\"isPartOf\":{\"@id\":\"https:\/\/www.suno.com.br\/noticias\/#website\"},\"primaryImageOfPage\":{\"@id\":\"https:\/\/www.suno.com.br\/noticias\/americanas-amer3-cashback-black-friday-gpj\/#primaryimage\"},\"image\":{\"@id\":\"https:\/\/www.suno.com.br\/noticias\/americanas-amer3-cashback-black-friday-gpj\/#primaryimage\"},\"thumbnailUrl\":\"https:\/\/files.sunoresearch.com.br\/n\/uploads\/2023\/01\/americanas-amer3-recuperacao-judicial-analise-foto-divulgacao.jpg\",\"datePublished\":\"2023-11-22T21:19:59+00:00\",\"dateModified\":\"2023-11-22T21:20:06+00:00\",\"description\":\"A Americanas (AMER3) deu o pontap\u00e9 inicial para a Black Friday e ampliou nesta semana o volume de ofertas em diversas categorias.\",\"breadcrumb\":{\"@id\":\"https:\/\/www.suno.com.br\/noticias\/americanas-amer3-cashback-black-friday-gpj\/#breadcrumb\"},\"inLanguage\":\"pt-BR\",\"potentialAction\":[{\"@type\":\"ReadAction\",\"target\":[\"https:\/\/www.suno.com.br\/noticias\/americanas-amer3-cashback-black-friday-gpj\/\"]}]},{\"@type\":\"ImageObject\",\"inLanguage\":\"pt-BR\",\"@id\":\"https:\/\/www.suno.com.br\/noticias\/americanas-amer3-cashback-black-friday-gpj\/#primaryimage\",\"url\":\"https:\/\/files.sunoresearch.com.br\/n\/uploads\/2023\/01\/americanas-amer3-recuperacao-judicial-analise-foto-divulgacao.jpg\",\"contentUrl\":\"https:\/\/files.sunoresearch.com.br\/n\/uploads\/2023\/01\/americanas-amer3-recuperacao-judicial-analise-foto-divulgacao.jpg\",\"width\":1200,\"height\":675,\"caption\":\"Americanas (AMER3). Foto: Divulga\u00e7\u00e3o\"},{\"@type\":\"BreadcrumbList\",\"@id\":\"https:\/\/www.suno.com.br\/noticias\/americanas-amer3-cashback-black-friday-gpj\/#breadcrumb\",\"itemListElement\":[{\"@type\":\"ListItem\",\"position\":1,\"name\":\"Not\u00edcias\",\"item\":\"https:\/\/www.suno.com.br\/noticias\/\"},{\"@type\":\"ListItem\",\"position\":2,\"name\":\"Neg\u00f3cios\",\"item\":\"https:\/\/www.suno.com.br\/noticias\/negocios\/\"},{\"@type\":\"ListItem\",\"position\":3,\"name\":\"Americanas (AMER3) vai oferecer at\u00e9 50% de cashback na Black Friday; saiba mais\"}]},{\"@type\":\"WebSite\",\"@id\":\"https:\/\/www.suno.com.br\/noticias\/#website\",\"url\":\"https:\/\/www.suno.com.br\/noticias\/\",\"name\":\"Suno Not\u00edcias\",\"description\":\"Seu portal de informa\u00e7\u00e3o sobre o mundo dos investimentos\",\"publisher\":{\"@id\":\"https:\/\/www.suno.com.br\/noticias\/#organization\"},\"potentialAction\":[{\"@type\":\"SearchAction\",\"target\":{\"@type\":\"EntryPoint\",\"urlTemplate\":\"https:\/\/www.suno.com.br\/noticias\/?s={search_term_string}\"},\"query-input\":{\"@type\":\"PropertyValueSpecification\",\"valueRequired\":true,\"valueName\":\"search_term_string\"}}],\"inLanguage\":\"pt-BR\"},{\"@type\":\"Organization\",\"@id\":\"https:\/\/www.suno.com.br\/noticias\/#organization\",\"name\":\"Suno Not\u00edcias\",\"url\":\"https:\/\/www.suno.com.br\/noticias\/\",\"logo\":{\"@type\":\"ImageObject\",\"inLanguage\":\"pt-BR\",\"@id\":\"https:\/\/www.suno.com.br\/noticias\/#\/schema\/logo\/image\/\",\"url\":\"https:\/\/files.sunoresearch.com.br\/n\/uploads\/2021\/09\/suno-logo.png\",\"contentUrl\":\"https:\/\/files.sunoresearch.com.br\/n\/uploads\/2021\/09\/suno-logo.png\",\"width\":180,\"height\":180,\"caption\":\"Suno Not\u00edcias\"},\"image\":{\"@id\":\"https:\/\/www.suno.com.br\/noticias\/#\/schema\/logo\/image\/\"},\"sameAs\":[\"https:\/\/facebook.com\/sunoresearch\",\"https:\/\/x.com\/sunoresearch\",\"https:\/\/www.instagram.com\/suno\",\"https:\/\/www.linkedin.com\/company\/suno-research\/\",\"https:\/\/www.youtube.com\/c\/sunoresearch\"]},{\"@type\":\"Person\",\"@id\":\"https:\/\/www.suno.com.br\/noticias\/#\/schema\/person\/d0f32748bbca4bee871fa191ee4e2d40\",\"name\":\"Giovanni Porf\u00edrio Jacomino\",\"image\":{\"@type\":\"ImageObject\",\"inLanguage\":\"pt-BR\",\"@id\":\"https:\/\/www.suno.com.br\/noticias\/#\/schema\/person\/image\/\",\"url\":\"https:\/\/secure.gravatar.com\/avatar\/efb32e19b730a121cb7a80f41ffec01a?s=96&r=g\",\"contentUrl\":\"https:\/\/secure.gravatar.com\/avatar\/efb32e19b730a121cb7a80f41ffec01a?s=96&r=g\",\"caption\":\"Giovanni Porf\u00edrio Jacomino\"},\"description\":\"Giovanni Porf\u00edrio Jacomino \u00e9 jornalista formado pela Universidade Estadual de Londrina (UEL) e p\u00f3s-graduado em Produ\u00e7\u00e3o e Pr\u00e1ticas Jornal\u00edsticas na Contemporaneidade na Faculdade C\u00e1sper L\u00edbero (FCL). Foi editor web no Startupi e no Finsiders, atuando ainda como editor no TC Mover, portal de not\u00edcias da TradersClub, fazendo a cobertura de assuntos relacionados ao mercado financeiro interno e externo. Atualmente, \u00e9 Rep\u00f3rter do Suno Not\u00edcias.\",\"url\":\"https:\/\/www.suno.com.br\/noticias\/author\/giovanni-porfiriosuno-com-br\/\"}]}<\/script>\n<!-- \/ Yoast SEO plugin. -->","yoast_head_json":{"title":"Americanas (AMER3) vai oferecer at\u00e9 50% de cashback na Black Friday","description":"A Americanas (AMER3) deu o pontap\u00e9 inicial para a Black Friday e ampliou nesta semana o volume de ofertas em diversas categorias.","robots":{"index":"index","follow":"follow","max-snippet":"max-snippet:-1","max-image-preview":"max-image-preview:large","max-video-preview":"max-video-preview:-1"},"canonical":"https:\/\/www.suno.com.br\/noticias\/americanas-amer3-cashback-black-friday-gpj\/","og_locale":"pt_BR","og_type":"article","og_title":"Americanas (AMER3) vai oferecer at\u00e9 50% de cashback na Black Friday","og_description":"A Americanas (AMER3) deu o pontap\u00e9 inicial para a Black Friday e ampliou nesta semana o volume de ofertas em diversas categorias.","og_url":"https:\/\/www.suno.com.br\/noticias\/americanas-amer3-cashback-black-friday-gpj\/","og_site_name":"Suno Not\u00edcias","article_publisher":"https:\/\/facebook.com\/sunoresearch","og_image":[{"width":1200,"height":675,"url":"https:\/\/files.sunoresearch.com.br\/n\/uploads\/2023\/01\/americanas-amer3-recuperacao-judicial-analise-foto-divulgacao.jpg","type":"image\/jpeg"}],"author":"Giovanni Porf\u00edrio Jacomino","twitter_card":"summary_large_image","twitter_creator":"@sunoresearch","twitter_site":"@sunoresearch","twitter_misc":{"Escrito por":"Giovanni Porf\u00edrio Jacomino","Est. tempo de leitura":"4 minutos"},"schema":{"@context":"https:\/\/schema.org","@graph":[{"@type":"NewsArticle","@id":"https:\/\/www.suno.com.br\/noticias\/americanas-amer3-cashback-black-friday-gpj\/#article","isPartOf":{"@id":"https:\/\/www.suno.com.br\/noticias\/americanas-amer3-cashback-black-friday-gpj\/"},"author":{"name":"Giovanni Porf\u00edrio Jacomino","@id":"https:\/\/www.suno.com.br\/noticias\/#\/schema\/person\/d0f32748bbca4bee871fa191ee4e2d40"},"headline":"Americanas (AMER3) vai oferecer at\u00e9 50% de cashback na Black Friday; saiba mais","datePublished":"2023-11-22T21:19:59+00:00","dateModified":"2023-11-22T21:20:06+00:00","mainEntityOfPage":{"@id":"https:\/\/www.suno.com.br\/noticias\/americanas-amer3-cashback-black-friday-gpj\/"},"wordCount":640,"publisher":{"@id":"https:\/\/www.suno.com.br\/noticias\/#organization"},"image":{"@id":"https:\/\/www.suno.com.br\/noticias\/americanas-amer3-cashback-black-friday-gpj\/#primaryimage"},"thumbnailUrl":"https:\/\/files.sunoresearch.com.br\/n\/uploads\/2023\/01\/americanas-amer3-recuperacao-judicial-analise-foto-divulgacao.jpg","keywords":["Americanas (AMER3)","Black Friday"],"articleSection":["Neg\u00f3cios"],"inLanguage":"pt-BR"},{"@type":"WebPage","@id":"https:\/\/www.suno.com.br\/noticias\/americanas-amer3-cashback-black-friday-gpj\/","url":"https:\/\/www.suno.com.br\/noticias\/americanas-amer3-cashback-black-friday-gpj\/","name":"Americanas (AMER3) vai oferecer at\u00e9 50% de cashback na Black Friday","isPartOf":{"@id":"https:\/\/www.suno.com.br\/noticias\/#website"},"primaryImageOfPage":{"@id":"https:\/\/www.suno.com.br\/noticias\/americanas-amer3-cashback-black-friday-gpj\/#primaryimage"},"image":{"@id":"https:\/\/www.suno.com.br\/noticias\/americanas-amer3-cashback-black-friday-gpj\/#primaryimage"},"thumbnailUrl":"https:\/\/files.sunoresearch.com.br\/n\/uploads\/2023\/01\/americanas-amer3-recuperacao-judicial-analise-foto-divulgacao.jpg","datePublished":"2023-11-22T21:19:59+00:00","dateModified":"2023-11-22T21:20:06+00:00","description":"A Americanas (AMER3) deu o pontap\u00e9 inicial para a Black Friday e ampliou nesta semana o volume de ofertas em diversas categorias.","breadcrumb":{"@id":"https:\/\/www.suno.com.br\/noticias\/americanas-amer3-cashback-black-friday-gpj\/#breadcrumb"},"inLanguage":"pt-BR","potentialAction":[{"@type":"ReadAction","target":["https:\/\/www.suno.com.br\/noticias\/americanas-amer3-cashback-black-friday-gpj\/"]}]},{"@type":"ImageObject","inLanguage":"pt-BR","@id":"https:\/\/www.suno.com.br\/noticias\/americanas-amer3-cashback-black-friday-gpj\/#primaryimage","url":"https:\/\/files.sunoresearch.com.br\/n\/uploads\/2023\/01\/americanas-amer3-recuperacao-judicial-analise-foto-divulgacao.jpg","contentUrl":"https:\/\/files.sunoresearch.com.br\/n\/uploads\/2023\/01\/americanas-amer3-recuperacao-judicial-analise-foto-divulgacao.jpg","width":1200,"height":675,"caption":"Americanas (AMER3). Foto: Divulga\u00e7\u00e3o"},{"@type":"BreadcrumbList","@id":"https:\/\/www.suno.com.br\/noticias\/americanas-amer3-cashback-black-friday-gpj\/#breadcrumb","itemListElement":[{"@type":"ListItem","position":1,"name":"Not\u00edcias","item":"https:\/\/www.suno.com.br\/noticias\/"},{"@type":"ListItem","position":2,"name":"Neg\u00f3cios","item":"https:\/\/www.suno.com.br\/noticias\/negocios\/"},{"@type":"ListItem","position":3,"name":"Americanas (AMER3) vai oferecer at\u00e9 50% de cashback na Black Friday; saiba mais"}]},{"@type":"WebSite","@id":"https:\/\/www.suno.com.br\/noticias\/#website","url":"https:\/\/www.suno.com.br\/noticias\/","name":"Suno Not\u00edcias","description":"Seu portal de informa\u00e7\u00e3o sobre o mundo dos investimentos","publisher":{"@id":"https:\/\/www.suno.com.br\/noticias\/#organization"},"potentialAction":[{"@type":"SearchAction","target":{"@type":"EntryPoint","urlTemplate":"https:\/\/www.suno.com.br\/noticias\/?s={search_term_string}"},"query-input":{"@type":"PropertyValueSpecification","valueRequired":true,"valueName":"search_term_string"}}],"inLanguage":"pt-BR"},{"@type":"Organization","@id":"https:\/\/www.suno.com.br\/noticias\/#organization","name":"Suno Not\u00edcias","url":"https:\/\/www.suno.com.br\/noticias\/","logo":{"@type":"ImageObject","inLanguage":"pt-BR","@id":"https:\/\/www.suno.com.br\/noticias\/#\/schema\/logo\/image\/","url":"https:\/\/files.sunoresearch.com.br\/n\/uploads\/2021\/09\/suno-logo.png","contentUrl":"https:\/\/files.sunoresearch.com.br\/n\/uploads\/2021\/09\/suno-logo.png","width":180,"height":180,"caption":"Suno Not\u00edcias"},"image":{"@id":"https:\/\/www.suno.com.br\/noticias\/#\/schema\/logo\/image\/"},"sameAs":["https:\/\/facebook.com\/sunoresearch","https:\/\/x.com\/sunoresearch","https:\/\/www.instagram.com\/suno","https:\/\/www.linkedin.com\/company\/suno-research\/","https:\/\/www.youtube.com\/c\/sunoresearch"]},{"@type":"Person","@id":"https:\/\/www.suno.com.br\/noticias\/#\/schema\/person\/d0f32748bbca4bee871fa191ee4e2d40","name":"Giovanni Porf\u00edrio Jacomino","image":{"@type":"ImageObject","inLanguage":"pt-BR","@id":"https:\/\/www.suno.com.br\/noticias\/#\/schema\/person\/image\/","url":"https:\/\/secure.gravatar.com\/avatar\/efb32e19b730a121cb7a80f41ffec01a?s=96&r=g","contentUrl":"https:\/\/secure.gravatar.com\/avatar\/efb32e19b730a121cb7a80f41ffec01a?s=96&r=g","caption":"Giovanni Porf\u00edrio Jacomino"},"description":"Giovanni Porf\u00edrio Jacomino \u00e9 jornalista formado pela Universidade Estadual de Londrina (UEL) e p\u00f3s-graduado em Produ\u00e7\u00e3o e Pr\u00e1ticas Jornal\u00edsticas na Contemporaneidade na Faculdade C\u00e1sper L\u00edbero (FCL). Foi editor web no Startupi e no Finsiders, atuando ainda como editor no TC Mover, portal de not\u00edcias da TradersClub, fazendo a cobertura de assuntos relacionados ao mercado financeiro interno e externo. Atualmente, \u00e9 Rep\u00f3rter do Suno Not\u00edcias.","url":"https:\/\/www.suno.com.br\/noticias\/author\/giovanni-porfiriosuno-com-br\/"}]}},"default_loop_html":"<div class=\"cardsPage__listCard__boxs\"><div class=\"cardsPage__listCard__boxs__img\"><a href=\"https:\/\/www.suno.com.br\/noticias\/americanas-amer3-cashback-black-friday-gpj\/\"><img class=\"mask\" src=\"https:\/\/www.suno.com.br\/noticias\/wp-content\/themes\/suno\/resources\/images\/spotlight\/spotlight1img\/bg-mask.png\" alt=\"Image Mask\"\/><img src=\"https:\/\/files.sunoresearch.com.br\/n\/uploads\/2023\/01\/americanas-amer3-recuperacao-judicial-analise-foto-divulgacao-400x200.jpg\" alt=\"Americanas (AMER3) vai oferecer at\u00e9 50% de cashback na Black Friday; saiba mais\"\/><\/a><span class=\"spotlightCategory\"><a href=\"https:\/\/www.suno.com.br\/noticias\/negocios\/\">Neg\u00f3cios<\/a><\/span><\/div><div class=\"cardsPage__listCard__boxs__content\"><a href=\"https:\/\/www.suno.com.br\/noticias\/americanas-amer3-cashback-black-friday-gpj\/\"><h2 class=\"content__title\">Americanas (AMER3) vai oferecer at\u00e9 50% de cashback na Black Friday; saiba mais<\/h2><\/a><div class=\"newsContent__article__meta\"><div class=\"newsContent__article__meta__authorBox\"><a href=\"https:\/\/www.suno.com.br\/noticias\/author\/giovanni-porfiriosuno-com-br\/\" class=\"authorBox__avatar noMobi\"><img src=\"https:\/\/files.sunoresearch.com.br\/n\/uploads\/2024\/05\/DSCF4115-1-1-150x150.webp\" alt=\"Giovanni Porf\u00edrio Jacomino\"><\/a><div class=\"authorBox__name\"><span>por\n\t\t\t<a href=\"https:\/\/www.suno.com.br\/noticias\/author\/giovanni-porfiriosuno-com-br\/\"><span itemprop=\"author\">Giovanni Porf\u00edrio Jacomino<\/span><\/a><\/span><time datetime=\"2023-11-22T18:19:59-03:00\" itemprop=\"datePublished\">22\/11\/2023 18:19<\/time><\/div><\/div><\/div><\/div><\/div>","single_layout":"posts","amp_enabled":true,"_links":{"self":[{"href":"https:\/\/www.suno.com.br\/noticias\/wp-json\/wp\/v2\/posts\/489136"}],"collection":[{"href":"https:\/\/www.suno.com.br\/noticias\/wp-json\/wp\/v2\/posts"}],"about":[{"href":"https:\/\/www.suno.com.br\/noticias\/wp-json\/wp\/v2\/types\/post"}],"author":[{"embeddable":true,"href":"https:\/\/www.suno.com.br\/noticias\/wp-json\/wp\/v2\/users\/313"}],"replies":[{"embeddable":true,"href":"https:\/\/www.suno.com.br\/noticias\/wp-json\/wp\/v2\/comments?post=489136"}],"version-history":[{"count":2,"href":"https:\/\/www.suno.com.br\/noticias\/wp-json\/wp\/v2\/posts\/489136\/revisions"}],"predecessor-version":[{"id":489254,"href":"https:\/\/www.suno.com.br\/noticias\/wp-json\/wp\/v2\/posts\/489136\/revisions\/489254"}],"wp:featuredmedia":[{"embeddable":true,"href":"https:\/\/www.suno.com.br\/noticias\/wp-json\/wp\/v2\/media\/349660"}],"wp:attachment":[{"href":"https:\/\/www.suno.com.br\/noticias\/wp-json\/wp\/v2\/media?parent=489136"}],"wp:term":[{"taxonomy":"category","embeddable":true,"href":"https:\/\/www.suno.com.br\/noticias\/wp-json\/wp\/v2\/categories?post=489136"},{"taxonomy":"post_tag","embeddable":true,"href":"https:\/\/www.suno.com.br\/noticias\/wp-json\/wp\/v2\/tags?post=489136"},{"taxonomy":"suno_strategy","embeddable":true,"href":"https:\/\/www.suno.com.br\/noticias\/wp-json\/wp\/v2\/suno_strategy?post=489136"}],"curies":[{"name":"wp","href":"https:\/\/api.w.org\/{rel}","templated":true}]}}