{"id":48911,"date":"2020-01-07T16:01:15","date_gmt":"2020-01-07T18:01:15","guid":{"rendered":"https:\/\/www.suno.com.br\/noticias\/?p=48911"},"modified":"2020-01-07T16:01:15","modified_gmt":"2020-01-07T18:01:15","slug":"aneel-abrir-mao-taxar-energia-solar-bolsonaro","status":"publish","type":"post","link":"https:\/\/www.suno.com.br\/noticias\/aneel-abrir-mao-taxar-energia-solar-bolsonaro\/","title":{"rendered":"Aneel vai abrir m\u00e3o de proposta de taxar energia solar, diz Bolsonaro"},"content":{"rendered":"<p>O presidente <strong>Jair Bolsonaro<\/strong> afirmou, nesta ter\u00e7a-feira (7), que foi informado de que a <strong>Ag\u00eancia Nacional de Energia El\u00e9trica<\/strong> (Aneel) n\u00e3o ir\u00e1 reduzir incentivos sobre a gera\u00e7\u00e3o distribu\u00edda de <strong>energia<\/strong>. Essa produ\u00e7\u00e3o est\u00e1 relacionada a instala\u00e7\u00e3o de placas solares em telhados e terrenos.<\/p>\t<div class=\"wrapper-featured-image\">\n\t\t<figure class=\"spotlightImg\">\n\n\t\t\t<picture>\n\t\t\t\t<source media=\"(max-width: 768px)\" srcset=\"https:\/\/files.sunoresearch.com.br\/n\/uploads\/2018\/12\/64b6c507-amazonas-energia3-400x200.webp\">\n\t\t\t\t<img loading=\"lazy\" decoding=\"async\" class=\"newsContent__article__imgCapa lazyloadDisabled newsContent__article__imgCapa--noCaption\" src=\"https:\/\/files.sunoresearch.com.br\/n\/uploads\/2018\/12\/64b6c507-amazonas-energia3.jpg\" width=\"800\" height=\"450\" alt=\"Aneel vai abrir m\u00e3o de proposta de taxar energia solar, diz Bolsonaro\" fetchpriority=high \/>\n\t\t\t<\/picture>\n\n\t\t\t<figcaption class=\"wp-caption-text wp-caption-text--hide\">Bolsonaro aprova lei que pro\u00edbe corte de energia sem aviso pr\u00e9vio<\/figcaption>\n\t\t<\/figure>\n\t<\/div>\n\n\n\n<p>De acordo com Bolsonaro, n\u00e3o haver\u00e1 mais necessidade de mobiliza\u00e7\u00e3o do <strong>Congresso Nacional<\/strong>\u00a0para impedir a proposta da <strong>Aneel\u00a0<\/strong>de taxar a gera\u00e7\u00e3o de energia solar.<\/p>\n<p>O mandat\u00e1rio j\u00e1 havia salientado, na \u00faltima segunda-feira (6), que \u00e9 contra a proposta da ag\u00eancia. Al\u00e9m disso, os presidentes da C\u00e2mara dos Deputados, <strong>Rodrigo Maia<\/strong> (DEM-RJ), e do Senado, <strong>Davi Alcolumbre<\/strong> (DEM-AP), tamb\u00e9m apoiaram a queda do projeto.<\/p>\n<p>&#8220;Acertamos com o Davi Alcolumbre, com o Rodrigo Maia, tanto \u00e9 que a Aneel no dia de ontem, pelo que estou sabendo, n\u00e3o vai mais taxar. N\u00e3o vai precisar nem mais projeto da C\u00e2mara, pelo que eu ouvi ontem&#8221;, afirmou o presidente.<\/p>\n<p>A <strong>Aneel<\/strong> come\u00e7ou a discutir, em 2019, uma proposta que considera remover os incentivos \u00e0 gera\u00e7\u00e3o distribu\u00edda. Como justificativa, a ag\u00eancia ressaltou que a aus\u00eancia de mudan\u00e7as nas regras atuais geraria custos bilion\u00e1rios nas pr\u00f3ximas d\u00e9cadas que seriam pagos por consumidores que n\u00e3o possuem esses sistemas para produzir a pr\u00f3pria energia.<\/p>\n\t<p>\n\t\t<a href=\"https:\/\/lp.suno.com.br\/ao\/sessao-estrategica-consultoria-c\/?utm_source=suno-noticias&#038;utm_medium=banner&#038;utm_campaign=_SNC36CE4E9F_&#038;utm_content=fundos-imobiliarios-ou-imoveis-onde-investir-500-mil-go\" target=\"_blank\" data-element=\"shortcode-suno-banner\" title=\"Banner SUNO, clique e saiba mais\">\n\t\t\t<picture>\n\t\t\t\t<source media=\"(max-width: 500px)\" srcset=\"https:\/\/files.sunoresearch.com.br\/n\/uploads\/2025\/09\/300x400.webp\">\n\t\t\t\t<img class=\"newsContent__article__imgCapa newsContent__article__imgCapa--banner\"\n\t\t\t\t\tsrc=\"https:\/\/files.sunoresearch.com.br\/n\/uploads\/2025\/09\/SN-DT-1420x240-1.webp\"\n\t\t\t\t\tdata-promo-id=\"635171\"\t\t\t\t\t\t\t\t\t\twidth='1420' height='240'\t\t\t\t\talt=\"https:\/\/files.sunoresearch.com.br\/n\/uploads\/2025\/09\/SN-DT-1420x240-1.webp\"\n\t\t\t\t>\n\t\t\t<\/picture>\n\t\t<\/a>\n\t<\/p>\n\n\n<p>Contudo, a proposta n\u00e3o foi aprovada por investidores do setor de energia solar, que conta com milhares de empresas.<\/p>\n<h2>Aneel ressalta custos de manuten\u00e7\u00e3o<\/h2>\n<p>Segundo a Aneel os clientes que utilizam <strong>energia solar<\/strong> ainda geram custos ao sistema, uma vez que os pain\u00e9is solares s\u00f3 produzem durante o dia, fazendo com que os consumidores precisem usar energia da rede em outros hor\u00e1rios. Os consumidores que optam por este tipo de energia podem abater da conta de luz aquilo que produzem.<\/p>\n<p><a href=\"https:\/\/www.suno.com.br\/noticias\/cemig-inicia-processo-desinvestimento-taesa\/\">Leia tamb\u00e9m: Cemig inicia processo de desinvestimento na Taesa<\/a><\/p>\n<p>Atualmente, est\u00e3o ativos no Brasil cerca de 2 gigawatts em sistemas de gera\u00e7\u00e3o distribu\u00edda, separados em 162 mil instala\u00e7\u00f5es. Desses, 1,87 gigawatts envolvem pain\u00e9is solares fotovoltaicos.<\/p>\n<p>Por conta disso, a proposta da <strong>Aneel<\/strong> previa descontar dos cr\u00e9ditos gerados pela produ\u00e7\u00e3o o que considera custos para manuten\u00e7\u00e3o da rede. A diretoria da ag\u00eancia informou que as novas regras para chamada gera\u00e7\u00e3o de distribu\u00edda evitariam custos estimados em R$ 55 bilh\u00f5es at\u00e9 2035 para usu\u00e1rios que n\u00e3o utilizam a tecnologia.<\/p>\n\n","protected":false},"excerpt":{"rendered":"<p>O presidente Jair Bolsonaro afirmou, nesta ter\u00e7a-feira (7), que foi informado de que a Ag\u00eancia Nacional de Energia El\u00e9trica (Aneel) n\u00e3o ir\u00e1 reduzir incentivos sobre a gera\u00e7\u00e3o distribu\u00edda de energia. Essa produ\u00e7\u00e3o est\u00e1 relacionada a instala\u00e7\u00e3o de placas solares em telhados e terrenos. Bolsonaro aprova lei que pro\u00edbe corte de energia sem aviso pr\u00e9vio De [&hellip;]<\/p>\n","protected":false},"author":18,"featured_media":8369,"comment_status":"closed","ping_status":"closed","sticky":false,"template":"","format":"standard","meta":[],"categories":[61],"tags":[896,719],"suno_strategy":[],"class_list":["post-48911","post","type-post","status-publish","format-standard","has-post-thumbnail","hentry","category-politica","tag-aneel","tag-jair-bolsonaro"],"yoast_head":"<!-- This site is optimized with the Yoast SEO plugin v24.4 - https:\/\/yoast.com\/wordpress\/plugins\/seo\/ -->\n<title>Aneel vai abrir m\u00e3o de proposta de taxar energia solar, diz Bolsonaro<\/title>\n<meta name=\"description\" content=\"O presidente Jair Bolsonaro afirmou que a Aneel n\u00e3o ir\u00e1 reduzir incentivos sobre a gera\u00e7\u00e3o distribu\u00edda de energia. Clique para saber mais.\" \/>\n<meta name=\"robots\" content=\"index, follow, max-snippet:-1, max-image-preview:large, max-video-preview:-1\" \/>\n<link rel=\"canonical\" href=\"https:\/\/www.suno.com.br\/noticias\/aneel-abrir-mao-taxar-energia-solar-bolsonaro\/\" \/>\n<meta property=\"og:locale\" content=\"pt_BR\" \/>\n<meta property=\"og:type\" content=\"article\" \/>\n<meta property=\"og:title\" content=\"Aneel vai abrir m\u00e3o de proposta de taxar energia solar, diz Bolsonaro\" \/>\n<meta property=\"og:description\" content=\"O presidente Jair Bolsonaro afirmou que a Aneel n\u00e3o ir\u00e1 reduzir incentivos sobre a gera\u00e7\u00e3o distribu\u00edda de energia. Clique para saber mais.\" \/>\n<meta property=\"og:url\" content=\"https:\/\/www.suno.com.br\/noticias\/aneel-abrir-mao-taxar-energia-solar-bolsonaro\/\" \/>\n<meta property=\"og:site_name\" content=\"Suno Not\u00edcias\" \/>\n<meta property=\"article:publisher\" content=\"https:\/\/facebook.com\/sunoresearch\" \/>\n<meta property=\"og:image\" content=\"https:\/\/files.sunoresearch.com.br\/n\/uploads\/2018\/12\/64b6c507-amazonas-energia3.jpg\" \/>\n\t<meta property=\"og:image:width\" content=\"610\" \/>\n\t<meta property=\"og:image:height\" content=\"406\" \/>\n\t<meta property=\"og:image:type\" content=\"image\/jpeg\" \/>\n<meta name=\"author\" content=\"Giovanna Oliveira\" \/>\n<meta name=\"twitter:card\" content=\"summary_large_image\" \/>\n<meta name=\"twitter:creator\" content=\"@sunoresearch\" \/>\n<meta name=\"twitter:site\" content=\"@sunoresearch\" \/>\n<meta name=\"twitter:label1\" content=\"Escrito por\" \/>\n\t<meta name=\"twitter:data1\" content=\"Giovanna Oliveira\" \/>\n\t<meta name=\"twitter:label2\" content=\"Est. tempo de leitura\" \/>\n\t<meta name=\"twitter:data2\" content=\"2 minutos\" \/>\n<script type=\"application\/ld+json\" class=\"yoast-schema-graph\">{\"@context\":\"https:\/\/schema.org\",\"@graph\":[{\"@type\":\"NewsArticle\",\"@id\":\"https:\/\/www.suno.com.br\/noticias\/aneel-abrir-mao-taxar-energia-solar-bolsonaro\/#article\",\"isPartOf\":{\"@id\":\"https:\/\/www.suno.com.br\/noticias\/aneel-abrir-mao-taxar-energia-solar-bolsonaro\/\"},\"author\":{\"name\":\"Giovanna Oliveira\",\"@id\":\"https:\/\/www.suno.com.br\/noticias\/#\/schema\/person\/4e19e3d2575736e5283d58eb3199d120\"},\"headline\":\"Aneel vai abrir m\u00e3o de proposta de taxar energia solar, diz Bolsonaro\",\"datePublished\":\"2020-01-07T18:01:15+00:00\",\"mainEntityOfPage\":{\"@id\":\"https:\/\/www.suno.com.br\/noticias\/aneel-abrir-mao-taxar-energia-solar-bolsonaro\/\"},\"wordCount\":430,\"publisher\":{\"@id\":\"https:\/\/www.suno.com.br\/noticias\/#organization\"},\"image\":{\"@id\":\"https:\/\/www.suno.com.br\/noticias\/aneel-abrir-mao-taxar-energia-solar-bolsonaro\/#primaryimage\"},\"thumbnailUrl\":\"https:\/\/files.sunoresearch.com.br\/n\/uploads\/2018\/12\/64b6c507-amazonas-energia3.jpg\",\"keywords\":[\"Aneel\",\"Jair Bolsonaro\"],\"articleSection\":[\"Pol\u00edtica\"],\"inLanguage\":\"pt-BR\"},{\"@type\":\"WebPage\",\"@id\":\"https:\/\/www.suno.com.br\/noticias\/aneel-abrir-mao-taxar-energia-solar-bolsonaro\/\",\"url\":\"https:\/\/www.suno.com.br\/noticias\/aneel-abrir-mao-taxar-energia-solar-bolsonaro\/\",\"name\":\"Aneel vai abrir m\u00e3o de proposta de taxar energia solar, diz Bolsonaro\",\"isPartOf\":{\"@id\":\"https:\/\/www.suno.com.br\/noticias\/#website\"},\"primaryImageOfPage\":{\"@id\":\"https:\/\/www.suno.com.br\/noticias\/aneel-abrir-mao-taxar-energia-solar-bolsonaro\/#primaryimage\"},\"image\":{\"@id\":\"https:\/\/www.suno.com.br\/noticias\/aneel-abrir-mao-taxar-energia-solar-bolsonaro\/#primaryimage\"},\"thumbnailUrl\":\"https:\/\/files.sunoresearch.com.br\/n\/uploads\/2018\/12\/64b6c507-amazonas-energia3.jpg\",\"datePublished\":\"2020-01-07T18:01:15+00:00\",\"description\":\"O presidente Jair Bolsonaro afirmou que a Aneel n\u00e3o ir\u00e1 reduzir incentivos sobre a gera\u00e7\u00e3o distribu\u00edda de energia. Clique para saber mais.\",\"breadcrumb\":{\"@id\":\"https:\/\/www.suno.com.br\/noticias\/aneel-abrir-mao-taxar-energia-solar-bolsonaro\/#breadcrumb\"},\"inLanguage\":\"pt-BR\",\"potentialAction\":[{\"@type\":\"ReadAction\",\"target\":[\"https:\/\/www.suno.com.br\/noticias\/aneel-abrir-mao-taxar-energia-solar-bolsonaro\/\"]}]},{\"@type\":\"ImageObject\",\"inLanguage\":\"pt-BR\",\"@id\":\"https:\/\/www.suno.com.br\/noticias\/aneel-abrir-mao-taxar-energia-solar-bolsonaro\/#primaryimage\",\"url\":\"https:\/\/files.sunoresearch.com.br\/n\/uploads\/2018\/12\/64b6c507-amazonas-energia3.jpg\",\"contentUrl\":\"https:\/\/files.sunoresearch.com.br\/n\/uploads\/2018\/12\/64b6c507-amazonas-energia3.jpg\",\"width\":610,\"height\":406,\"caption\":\"Bolsonaro aprova lei que pro\u00edbe corte de energia sem aviso pr\u00e9vio\"},{\"@type\":\"BreadcrumbList\",\"@id\":\"https:\/\/www.suno.com.br\/noticias\/aneel-abrir-mao-taxar-energia-solar-bolsonaro\/#breadcrumb\",\"itemListElement\":[{\"@type\":\"ListItem\",\"position\":1,\"name\":\"Not\u00edcias\",\"item\":\"https:\/\/www.suno.com.br\/noticias\/\"},{\"@type\":\"ListItem\",\"position\":2,\"name\":\"Pol\u00edtica\",\"item\":\"https:\/\/www.suno.com.br\/noticias\/politica\/\"},{\"@type\":\"ListItem\",\"position\":3,\"name\":\"Aneel vai abrir m\u00e3o de proposta de taxar energia solar, diz Bolsonaro\"}]},{\"@type\":\"WebSite\",\"@id\":\"https:\/\/www.suno.com.br\/noticias\/#website\",\"url\":\"https:\/\/www.suno.com.br\/noticias\/\",\"name\":\"Suno Not\u00edcias\",\"description\":\"Seu portal de informa\u00e7\u00e3o sobre o mundo dos investimentos\",\"publisher\":{\"@id\":\"https:\/\/www.suno.com.br\/noticias\/#organization\"},\"potentialAction\":[{\"@type\":\"SearchAction\",\"target\":{\"@type\":\"EntryPoint\",\"urlTemplate\":\"https:\/\/www.suno.com.br\/noticias\/?s={search_term_string}\"},\"query-input\":{\"@type\":\"PropertyValueSpecification\",\"valueRequired\":true,\"valueName\":\"search_term_string\"}}],\"inLanguage\":\"pt-BR\"},{\"@type\":\"Organization\",\"@id\":\"https:\/\/www.suno.com.br\/noticias\/#organization\",\"name\":\"Suno Not\u00edcias\",\"url\":\"https:\/\/www.suno.com.br\/noticias\/\",\"logo\":{\"@type\":\"ImageObject\",\"inLanguage\":\"pt-BR\",\"@id\":\"https:\/\/www.suno.com.br\/noticias\/#\/schema\/logo\/image\/\",\"url\":\"https:\/\/files.sunoresearch.com.br\/n\/uploads\/2021\/09\/suno-logo.png\",\"contentUrl\":\"https:\/\/files.sunoresearch.com.br\/n\/uploads\/2021\/09\/suno-logo.png\",\"width\":180,\"height\":180,\"caption\":\"Suno Not\u00edcias\"},\"image\":{\"@id\":\"https:\/\/www.suno.com.br\/noticias\/#\/schema\/logo\/image\/\"},\"sameAs\":[\"https:\/\/facebook.com\/sunoresearch\",\"https:\/\/x.com\/sunoresearch\",\"https:\/\/www.instagram.com\/suno\",\"https:\/\/www.linkedin.com\/company\/suno-research\/\",\"https:\/\/www.youtube.com\/c\/sunoresearch\"]},{\"@type\":\"Person\",\"@id\":\"https:\/\/www.suno.com.br\/noticias\/#\/schema\/person\/4e19e3d2575736e5283d58eb3199d120\",\"name\":\"Giovanna Oliveira\",\"image\":{\"@type\":\"ImageObject\",\"inLanguage\":\"pt-BR\",\"@id\":\"https:\/\/www.suno.com.br\/noticias\/#\/schema\/person\/image\/\",\"url\":\"https:\/\/secure.gravatar.com\/avatar\/9a37b3ae208962ac568992d0ffdbc2eb?s=96&r=g\",\"contentUrl\":\"https:\/\/secure.gravatar.com\/avatar\/9a37b3ae208962ac568992d0ffdbc2eb?s=96&r=g\",\"caption\":\"Giovanna Oliveira\"},\"description\":\"Giovanna Oliveira escreve sobre economia e pol\u00edtica. Foi rep\u00f3rter do portal de jornalismo da ESPM-SP e produziu conte\u00fado para a Corinthians TV. \u00c9 estudante da ESPM.\",\"url\":\"https:\/\/www.suno.com.br\/noticias\/author\/giovanna\/\"}]}<\/script>\n<!-- \/ Yoast SEO plugin. -->","yoast_head_json":{"title":"Aneel vai abrir m\u00e3o de proposta de taxar energia solar, diz Bolsonaro","description":"O presidente Jair Bolsonaro afirmou que a Aneel n\u00e3o ir\u00e1 reduzir incentivos sobre a gera\u00e7\u00e3o distribu\u00edda de energia. Clique para saber mais.","robots":{"index":"index","follow":"follow","max-snippet":"max-snippet:-1","max-image-preview":"max-image-preview:large","max-video-preview":"max-video-preview:-1"},"canonical":"https:\/\/www.suno.com.br\/noticias\/aneel-abrir-mao-taxar-energia-solar-bolsonaro\/","og_locale":"pt_BR","og_type":"article","og_title":"Aneel vai abrir m\u00e3o de proposta de taxar energia solar, diz Bolsonaro","og_description":"O presidente Jair Bolsonaro afirmou que a Aneel n\u00e3o ir\u00e1 reduzir incentivos sobre a gera\u00e7\u00e3o distribu\u00edda de energia. Clique para saber mais.","og_url":"https:\/\/www.suno.com.br\/noticias\/aneel-abrir-mao-taxar-energia-solar-bolsonaro\/","og_site_name":"Suno Not\u00edcias","article_publisher":"https:\/\/facebook.com\/sunoresearch","og_image":[{"width":610,"height":406,"url":"https:\/\/files.sunoresearch.com.br\/n\/uploads\/2018\/12\/64b6c507-amazonas-energia3.jpg","type":"image\/jpeg"}],"author":"Giovanna Oliveira","twitter_card":"summary_large_image","twitter_creator":"@sunoresearch","twitter_site":"@sunoresearch","twitter_misc":{"Escrito por":"Giovanna Oliveira","Est. tempo de leitura":"2 minutos"},"schema":{"@context":"https:\/\/schema.org","@graph":[{"@type":"NewsArticle","@id":"https:\/\/www.suno.com.br\/noticias\/aneel-abrir-mao-taxar-energia-solar-bolsonaro\/#article","isPartOf":{"@id":"https:\/\/www.suno.com.br\/noticias\/aneel-abrir-mao-taxar-energia-solar-bolsonaro\/"},"author":{"name":"Giovanna Oliveira","@id":"https:\/\/www.suno.com.br\/noticias\/#\/schema\/person\/4e19e3d2575736e5283d58eb3199d120"},"headline":"Aneel vai abrir m\u00e3o de proposta de taxar energia solar, diz Bolsonaro","datePublished":"2020-01-07T18:01:15+00:00","mainEntityOfPage":{"@id":"https:\/\/www.suno.com.br\/noticias\/aneel-abrir-mao-taxar-energia-solar-bolsonaro\/"},"wordCount":430,"publisher":{"@id":"https:\/\/www.suno.com.br\/noticias\/#organization"},"image":{"@id":"https:\/\/www.suno.com.br\/noticias\/aneel-abrir-mao-taxar-energia-solar-bolsonaro\/#primaryimage"},"thumbnailUrl":"https:\/\/files.sunoresearch.com.br\/n\/uploads\/2018\/12\/64b6c507-amazonas-energia3.jpg","keywords":["Aneel","Jair Bolsonaro"],"articleSection":["Pol\u00edtica"],"inLanguage":"pt-BR"},{"@type":"WebPage","@id":"https:\/\/www.suno.com.br\/noticias\/aneel-abrir-mao-taxar-energia-solar-bolsonaro\/","url":"https:\/\/www.suno.com.br\/noticias\/aneel-abrir-mao-taxar-energia-solar-bolsonaro\/","name":"Aneel vai abrir m\u00e3o de proposta de taxar energia solar, diz Bolsonaro","isPartOf":{"@id":"https:\/\/www.suno.com.br\/noticias\/#website"},"primaryImageOfPage":{"@id":"https:\/\/www.suno.com.br\/noticias\/aneel-abrir-mao-taxar-energia-solar-bolsonaro\/#primaryimage"},"image":{"@id":"https:\/\/www.suno.com.br\/noticias\/aneel-abrir-mao-taxar-energia-solar-bolsonaro\/#primaryimage"},"thumbnailUrl":"https:\/\/files.sunoresearch.com.br\/n\/uploads\/2018\/12\/64b6c507-amazonas-energia3.jpg","datePublished":"2020-01-07T18:01:15+00:00","description":"O presidente Jair Bolsonaro afirmou que a Aneel n\u00e3o ir\u00e1 reduzir incentivos sobre a gera\u00e7\u00e3o distribu\u00edda de energia. Clique para saber mais.","breadcrumb":{"@id":"https:\/\/www.suno.com.br\/noticias\/aneel-abrir-mao-taxar-energia-solar-bolsonaro\/#breadcrumb"},"inLanguage":"pt-BR","potentialAction":[{"@type":"ReadAction","target":["https:\/\/www.suno.com.br\/noticias\/aneel-abrir-mao-taxar-energia-solar-bolsonaro\/"]}]},{"@type":"ImageObject","inLanguage":"pt-BR","@id":"https:\/\/www.suno.com.br\/noticias\/aneel-abrir-mao-taxar-energia-solar-bolsonaro\/#primaryimage","url":"https:\/\/files.sunoresearch.com.br\/n\/uploads\/2018\/12\/64b6c507-amazonas-energia3.jpg","contentUrl":"https:\/\/files.sunoresearch.com.br\/n\/uploads\/2018\/12\/64b6c507-amazonas-energia3.jpg","width":610,"height":406,"caption":"Bolsonaro aprova lei que pro\u00edbe corte de energia sem aviso pr\u00e9vio"},{"@type":"BreadcrumbList","@id":"https:\/\/www.suno.com.br\/noticias\/aneel-abrir-mao-taxar-energia-solar-bolsonaro\/#breadcrumb","itemListElement":[{"@type":"ListItem","position":1,"name":"Not\u00edcias","item":"https:\/\/www.suno.com.br\/noticias\/"},{"@type":"ListItem","position":2,"name":"Pol\u00edtica","item":"https:\/\/www.suno.com.br\/noticias\/politica\/"},{"@type":"ListItem","position":3,"name":"Aneel vai abrir m\u00e3o de proposta de taxar energia solar, diz Bolsonaro"}]},{"@type":"WebSite","@id":"https:\/\/www.suno.com.br\/noticias\/#website","url":"https:\/\/www.suno.com.br\/noticias\/","name":"Suno Not\u00edcias","description":"Seu portal de informa\u00e7\u00e3o sobre o mundo dos investimentos","publisher":{"@id":"https:\/\/www.suno.com.br\/noticias\/#organization"},"potentialAction":[{"@type":"SearchAction","target":{"@type":"EntryPoint","urlTemplate":"https:\/\/www.suno.com.br\/noticias\/?s={search_term_string}"},"query-input":{"@type":"PropertyValueSpecification","valueRequired":true,"valueName":"search_term_string"}}],"inLanguage":"pt-BR"},{"@type":"Organization","@id":"https:\/\/www.suno.com.br\/noticias\/#organization","name":"Suno Not\u00edcias","url":"https:\/\/www.suno.com.br\/noticias\/","logo":{"@type":"ImageObject","inLanguage":"pt-BR","@id":"https:\/\/www.suno.com.br\/noticias\/#\/schema\/logo\/image\/","url":"https:\/\/files.sunoresearch.com.br\/n\/uploads\/2021\/09\/suno-logo.png","contentUrl":"https:\/\/files.sunoresearch.com.br\/n\/uploads\/2021\/09\/suno-logo.png","width":180,"height":180,"caption":"Suno Not\u00edcias"},"image":{"@id":"https:\/\/www.suno.com.br\/noticias\/#\/schema\/logo\/image\/"},"sameAs":["https:\/\/facebook.com\/sunoresearch","https:\/\/x.com\/sunoresearch","https:\/\/www.instagram.com\/suno","https:\/\/www.linkedin.com\/company\/suno-research\/","https:\/\/www.youtube.com\/c\/sunoresearch"]},{"@type":"Person","@id":"https:\/\/www.suno.com.br\/noticias\/#\/schema\/person\/4e19e3d2575736e5283d58eb3199d120","name":"Giovanna Oliveira","image":{"@type":"ImageObject","inLanguage":"pt-BR","@id":"https:\/\/www.suno.com.br\/noticias\/#\/schema\/person\/image\/","url":"https:\/\/secure.gravatar.com\/avatar\/9a37b3ae208962ac568992d0ffdbc2eb?s=96&r=g","contentUrl":"https:\/\/secure.gravatar.com\/avatar\/9a37b3ae208962ac568992d0ffdbc2eb?s=96&r=g","caption":"Giovanna Oliveira"},"description":"Giovanna Oliveira escreve sobre economia e pol\u00edtica. Foi rep\u00f3rter do portal de jornalismo da ESPM-SP e produziu conte\u00fado para a Corinthians TV. \u00c9 estudante da ESPM.","url":"https:\/\/www.suno.com.br\/noticias\/author\/giovanna\/"}]}},"default_loop_html":"<div class=\"cardsPage__listCard__boxs\"><div class=\"cardsPage__listCard__boxs__img\"><a href=\"https:\/\/www.suno.com.br\/noticias\/aneel-abrir-mao-taxar-energia-solar-bolsonaro\/\"><img class=\"mask\" src=\"https:\/\/www.suno.com.br\/noticias\/wp-content\/themes\/suno\/resources\/images\/spotlight\/spotlight1img\/bg-mask.png\" alt=\"Image Mask\"\/><img src=\"https:\/\/files.sunoresearch.com.br\/n\/uploads\/2018\/12\/64b6c507-amazonas-energia3-400x200.webp\" alt=\"Aneel vai abrir m\u00e3o de proposta de taxar energia solar, diz Bolsonaro\"\/><\/a><span class=\"spotlightCategory\"><a href=\"https:\/\/www.suno.com.br\/noticias\/politica\/\">Pol\u00edtica<\/a><\/span><\/div><div class=\"cardsPage__listCard__boxs__content\"><a href=\"https:\/\/www.suno.com.br\/noticias\/aneel-abrir-mao-taxar-energia-solar-bolsonaro\/\"><h2 class=\"content__title\">Aneel vai abrir m\u00e3o de proposta de taxar energia solar, diz Bolsonaro<\/h2><\/a><div class=\"newsContent__article__meta\"><div class=\"newsContent__article__meta__authorBox\"><a href=\"https:\/\/www.suno.com.br\/noticias\/author\/giovanna\/\" class=\"authorBox__avatar noMobi\"><img src=\"https:\/\/files.sunoresearch.com.br\/n\/uploads\/2019\/06\/952a89ca-screenshot_20190608-171507-150x150.webp\" alt=\"Giovanna Oliveira\"><\/a><div class=\"authorBox__name\"><span>por\n\t\t\t<a href=\"https:\/\/www.suno.com.br\/noticias\/author\/giovanna\/\"><span itemprop=\"author\">Giovanna Oliveira<\/span><\/a><\/span><time datetime=\"2020-01-07T16:01:15-03:00\" itemprop=\"datePublished\">07\/01\/2020 16:01<\/time><\/div><\/div><\/div><\/div><\/div>","single_layout":"posts","amp_enabled":true,"_links":{"self":[{"href":"https:\/\/www.suno.com.br\/noticias\/wp-json\/wp\/v2\/posts\/48911"}],"collection":[{"href":"https:\/\/www.suno.com.br\/noticias\/wp-json\/wp\/v2\/posts"}],"about":[{"href":"https:\/\/www.suno.com.br\/noticias\/wp-json\/wp\/v2\/types\/post"}],"author":[{"embeddable":true,"href":"https:\/\/www.suno.com.br\/noticias\/wp-json\/wp\/v2\/users\/18"}],"replies":[{"embeddable":true,"href":"https:\/\/www.suno.com.br\/noticias\/wp-json\/wp\/v2\/comments?post=48911"}],"version-history":[{"count":0,"href":"https:\/\/www.suno.com.br\/noticias\/wp-json\/wp\/v2\/posts\/48911\/revisions"}],"wp:featuredmedia":[{"embeddable":true,"href":"https:\/\/www.suno.com.br\/noticias\/wp-json\/wp\/v2\/media\/8369"}],"wp:attachment":[{"href":"https:\/\/www.suno.com.br\/noticias\/wp-json\/wp\/v2\/media?parent=48911"}],"wp:term":[{"taxonomy":"category","embeddable":true,"href":"https:\/\/www.suno.com.br\/noticias\/wp-json\/wp\/v2\/categories?post=48911"},{"taxonomy":"post_tag","embeddable":true,"href":"https:\/\/www.suno.com.br\/noticias\/wp-json\/wp\/v2\/tags?post=48911"},{"taxonomy":"suno_strategy","embeddable":true,"href":"https:\/\/www.suno.com.br\/noticias\/wp-json\/wp\/v2\/suno_strategy?post=48911"}],"curies":[{"name":"wp","href":"https:\/\/api.w.org\/{rel}","templated":true}]}}