{"id":489076,"date":"2023-11-22T16:04:33","date_gmt":"2023-11-22T19:04:33","guid":{"rendered":"https:\/\/www.suno.com.br\/noticias\/?p=489076"},"modified":"2023-11-22T16:04:39","modified_gmt":"2023-11-22T19:04:39","slug":"greve-correios-black-friday-gpj","status":"publish","type":"post","link":"https:\/\/www.suno.com.br\/noticias\/greve-correios-black-friday-gpj\/","title":{"rendered":"Vai ter greve dos Correios \u00e0s v\u00e9speras da Black Friday? Tudo o que se sabe at\u00e9 o momento"},"content":{"rendered":"<p>Os sindicatos dos <strong>Correios <\/strong>em S\u00e3o Paulo, Bauru (SP) e nos Estados do Rio de Janeiro e Maranh\u00e3o submeter\u00e3o \u00e0 vota\u00e7\u00e3o entre esta quarta (22) e quinta-feira (23) a proposta de deflagra\u00e7\u00e3o de greve. O movimento ocorre \u00e0s v\u00e9speras da Black Friday. As associa\u00e7\u00f5es s\u00e3o representadas pela federa\u00e7\u00e3o Findect (Federa\u00e7\u00e3o Interestadual dos Sindicatos dos Trabalhadores e Trabalhadoras dos Correios). <\/p>\t<div class=\"wrapper-featured-image\">\n\t\t<figure class=\"spotlightImg\">\n\n\t\t\t<picture>\n\t\t\t\t<source media=\"(max-width: 768px)\" srcset=\"https:\/\/files.sunoresearch.com.br\/n\/uploads\/2021\/07\/08c8c2eb-ffraz_abr_18091923261-400x200.jpg\">\n\t\t\t\t<img loading=\"lazy\" decoding=\"async\" class=\"newsContent__article__imgCapa lazyloadDisabled \" src=\"https:\/\/files.sunoresearch.com.br\/n\/uploads\/2021\/07\/08c8c2eb-ffraz_abr_18091923261-800x450.jpg\" width=\"800\" height=\"450\" alt=\"Vai ter greve dos Correios \u00e0s v\u00e9speras da Black Friday? Tudo o que se sabe at\u00e9 o momento\" fetchpriority=high \/>\n\t\t\t<\/picture>\n\n\t\t\t<figcaption class=\"wp-caption-text wp-caption-text--show\">Correios. Foto: Fernando Fraz\u00e3o\/Ag\u00eancia Brasil.<\/figcaption>\n\t\t<\/figure>\n\t<\/div>\n\n\n\n\n\n\n\n\t<p>\n\t\t<a href=\"https:\/\/lp.suno.com.br\/planilha-da-vida-financeira\/\" target=\"_blank\" data-element=\"shortcode-suno-banner\" title=\"Banner SUNO, clique e saiba mais\">\n\t\t\t<picture>\n\t\t\t\t<source media=\"(max-width: 500px)\" srcset=\"https:\/\/files.sunoresearch.com.br\/n\/uploads\/2023\/04\/400x300-Planilha-vida-financeira-true.png\">\n\t\t\t\t<img class=\"newsContent__article__imgCapa newsContent__article__imgCapa--banner\"\n\t\t\t\t\tsrc=\"https:\/\/files.sunoresearch.com.br\/n\/uploads\/2023\/04\/1420x240-Planilha-vida-financeira-true.png\"\n\t\t\t\t\tdata-promo-id=\"106682\"\t\t\t\t\t\t\t\t\t\twidth='1420' height='240'\t\t\t\t\talt=\"https:\/\/files.sunoresearch.com.br\/n\/uploads\/2023\/04\/1420x240-Planilha-vida-financeira-true.png\"\n\t\t\t\t>\n\t\t\t<\/picture>\n\t\t<\/a>\n\t<\/p>\n\n\n\n\n\n<p>A greve poderia impactar a<strong> Black Friday<\/strong>, importante data para o varejo nacional, prevista para ocorrer nesta sexta-feira (24).<\/p>\n\n\n\n<p>De acordo com a <strong>Findect<\/strong>, o <strong>sindicato dos Correios<\/strong> em Tocantins j\u00e1 decidiu pela paralisa\u00e7\u00e3o. Nesta quarta, a federa\u00e7\u00e3o informou que trabalhadores de outras localidades tamb\u00e9m decidiram pela greve. &#8220;Sem aumento, sem Black Friday&#8221;, diz o slogan do movimento.<\/p>\n\n\n\n<p>Segundo a federa\u00e7\u00e3o, os Correios se recusam a resolver quest\u00f5es relacionadas \u00e0 assinatura de acordo coletivo.<\/p>\n\n\n\n<h2 class=\"wp-block-heading\">Entenda a greve dos Correios<\/h2>\n\n\n\n<p>A Findect, que representa 40% do efetivo nacional dos Correios e 60% do fluxo postal do pa\u00eds, disse em comunicado \u00e0 imprensa que um ponto crucial \u00e9 a n\u00e3o incorpora\u00e7\u00e3o de R$ 250 ao sal\u00e1rio base, considerada uma &#8220;afronta direta aos trabalhadores, contradizendo o que foi negociado na mesa de negocia\u00e7\u00e3o coletiva.&#8221;<\/p>\n\n\n\n<p>Ainda segundo a entidade, a proposta de pagamento deste montante em &#8216;passos&#8217; n\u00e3o traz benef\u00edcios concretos, e coloca em risco a estabilidade financeira da categoria. Para justificar a<strong> greve dos Correios<\/strong>, o grupo tamb\u00e9m menciona a falta de realiza\u00e7\u00e3o de concurso p\u00fablico pelos Correios.<\/p>\n\n\n\n<p>A federa\u00e7\u00e3o tamb\u00e9m alertou sobre a iminente tributa\u00e7\u00e3o sobre uma bonifica\u00e7\u00e3o acordada em janeiro entre a empresa e os sindicatos, avaliada em R$ 1,5 mil, o que representaria um s\u00e9rio risco de redu\u00e7\u00e3o substancial desses valores, aumentando os preju\u00edzos para os trabalhadores.<\/p>\n\n\n\t<p>\n\t\t<a href=\"https:\/\/lp.suno.com.br\/ebook-como-analisar-uma-acao\/\" target=\"_blank\" data-element=\"shortcode-suno-banner\" title=\"Banner SUNO, clique e saiba mais\">\n\t\t\t<picture>\n\t\t\t\t<source media=\"(max-width: 500px)\" srcset=\"https:\/\/files.sunoresearch.com.br\/n\/uploads\/2023\/03\/Ebook-Acoes-Mobile.jpg\">\n\t\t\t\t<img class=\"newsContent__article__imgCapa newsContent__article__imgCapa--banner\"\n\t\t\t\t\tsrc=\"https:\/\/files.sunoresearch.com.br\/n\/uploads\/2023\/03\/Ebook-Acoes-Desktop.jpg\"\n\t\t\t\t\tdata-promo-id=\"378302\"\t\t\t\t\t\t\t\t\t\twidth='1420' height='286'\t\t\t\t\talt=\"https:\/\/files.sunoresearch.com.br\/n\/uploads\/2023\/03\/Ebook-Acoes-Desktop.jpg\"\n\t\t\t\t>\n\t\t\t<\/picture>\n\t\t<\/a>\n\t<\/p>\n\n\n\n\n\n<h2 class=\"wp-block-heading\">O que dizem os Correios<\/h2>\n\n\n\n<p>Segundo os Correios, a empresa concedeu aumento linear de R$ 250 &#8220;para a maior parte do efetivo&#8221;, equivalente a um reajuste m\u00e9dio de 6,36% para mais de 71 mil funcion\u00e1rios a partir de janeiro do ano que vem.<\/p>\n\n\n\n<p>Os <strong>Correios<\/strong> citaram, ainda, que em 2023, pela primeira vez ap\u00f3s sete anos, assinaram acordo coletivo de trabalho, &#8220;que recuperou mais de 40 cl\u00e1usulas que haviam sido extintas pelo governo anterior&#8221;.<\/p>\n\n\n\t<p>\n\t\t<a href=\"https:\/\/lp.suno.com.br\/planilha-da-vida-financeira\/\" target=\"_blank\" data-element=\"shortcode-suno-banner\" title=\"Banner SUNO, clique e saiba mais\">\n\t\t\t<picture>\n\t\t\t\t<source media=\"(max-width: 500px)\" srcset=\"https:\/\/files.sunoresearch.com.br\/n\/uploads\/2023\/04\/400x300-Planilha-vida-financeira-true.png\">\n\t\t\t\t<img class=\"newsContent__article__imgCapa newsContent__article__imgCapa--banner\"\n\t\t\t\t\tsrc=\"https:\/\/files.sunoresearch.com.br\/n\/uploads\/2023\/04\/1420x240-Planilha-vida-financeira-true.png\"\n\t\t\t\t\tdata-promo-id=\"383123\"\t\t\t\t\t\t\t\t\t\twidth='1420' height='240'\t\t\t\t\talt=\"https:\/\/files.sunoresearch.com.br\/n\/uploads\/2023\/04\/1420x240-Planilha-vida-financeira-true.png\"\n\t\t\t\t>\n\t\t\t<\/picture>\n\t\t<\/a>\n\t<\/p>\n\n\n","protected":false},"excerpt":{"rendered":"<p>Os sindicatos dos Correios em S\u00e3o Paulo, Bauru (SP) e nos Estados do Rio de Janeiro e Maranh\u00e3o submeter\u00e3o \u00e0 vota\u00e7\u00e3o entre esta quarta (22) e quinta-feira (23) a proposta de deflagra\u00e7\u00e3o de greve. O movimento ocorre \u00e0s v\u00e9speras da Black Friday. As associa\u00e7\u00f5es s\u00e3o representadas pela federa\u00e7\u00e3o Findect (Federa\u00e7\u00e3o Interestadual dos Sindicatos dos Trabalhadores [&hellip;]<\/p>\n","protected":false},"author":313,"featured_media":163855,"comment_status":"closed","ping_status":"closed","sticky":false,"template":"","format":"standard","meta":[],"categories":[62],"tags":[700],"suno_strategy":[],"class_list":["post-489076","post","type-post","status-publish","format-standard","has-post-thumbnail","hentry","category-economia","tag-correios"],"yoast_head":"<!-- This site is optimized with the Yoast SEO plugin v24.4 - https:\/\/yoast.com\/wordpress\/plugins\/seo\/ -->\n<title>Correios vai entrar em greve \u00e0s v\u00e9speras da Black Friday?<\/title>\n<meta name=\"description\" content=\"Os sindicatos dos Correios em SP e outros estados votar\u00e3o entre esta quarta (22) e quinta-feira (23) a proposta de deflagra\u00e7\u00e3o de greve.\" \/>\n<meta name=\"robots\" content=\"index, follow, max-snippet:-1, max-image-preview:large, max-video-preview:-1\" \/>\n<link rel=\"canonical\" href=\"https:\/\/www.suno.com.br\/noticias\/greve-correios-black-friday-gpj\/\" \/>\n<meta property=\"og:locale\" content=\"pt_BR\" \/>\n<meta property=\"og:type\" content=\"article\" \/>\n<meta property=\"og:title\" content=\"Correios vai entrar em greve \u00e0s v\u00e9speras da Black Friday?\" \/>\n<meta property=\"og:description\" content=\"Os sindicatos dos Correios em SP e outros estados votar\u00e3o entre esta quarta (22) e quinta-feira (23) a proposta de deflagra\u00e7\u00e3o de greve.\" \/>\n<meta property=\"og:url\" content=\"https:\/\/www.suno.com.br\/noticias\/greve-correios-black-friday-gpj\/\" \/>\n<meta property=\"og:site_name\" content=\"Suno Not\u00edcias\" \/>\n<meta property=\"article:publisher\" content=\"https:\/\/facebook.com\/sunoresearch\" \/>\n<meta property=\"og:image\" content=\"https:\/\/files.sunoresearch.com.br\/n\/uploads\/2021\/07\/08c8c2eb-ffraz_abr_18091923261-scaled.jpg\" \/>\n\t<meta property=\"og:image:width\" content=\"2560\" \/>\n\t<meta property=\"og:image:height\" content=\"1707\" \/>\n\t<meta property=\"og:image:type\" content=\"image\/jpeg\" \/>\n<meta name=\"author\" content=\"Giovanni Porf\u00edrio Jacomino\" \/>\n<meta name=\"twitter:card\" content=\"summary_large_image\" \/>\n<meta name=\"twitter:creator\" content=\"@sunoresearch\" \/>\n<meta name=\"twitter:site\" content=\"@sunoresearch\" \/>\n<meta name=\"twitter:label1\" content=\"Escrito por\" \/>\n\t<meta name=\"twitter:data1\" content=\"Giovanni Porf\u00edrio Jacomino\" \/>\n\t<meta name=\"twitter:label2\" content=\"Est. tempo de leitura\" \/>\n\t<meta name=\"twitter:data2\" content=\"2 minutos\" \/>\n<script type=\"application\/ld+json\" class=\"yoast-schema-graph\">{\"@context\":\"https:\/\/schema.org\",\"@graph\":[{\"@type\":\"NewsArticle\",\"@id\":\"https:\/\/www.suno.com.br\/noticias\/greve-correios-black-friday-gpj\/#article\",\"isPartOf\":{\"@id\":\"https:\/\/www.suno.com.br\/noticias\/greve-correios-black-friday-gpj\/\"},\"author\":{\"name\":\"Giovanni Porf\u00edrio Jacomino\",\"@id\":\"https:\/\/www.suno.com.br\/noticias\/#\/schema\/person\/d0f32748bbca4bee871fa191ee4e2d40\"},\"headline\":\"Vai ter greve dos Correios \u00e0s v\u00e9speras da Black Friday? Tudo o que se sabe at\u00e9 o momento\",\"datePublished\":\"2023-11-22T19:04:33+00:00\",\"dateModified\":\"2023-11-22T19:04:39+00:00\",\"mainEntityOfPage\":{\"@id\":\"https:\/\/www.suno.com.br\/noticias\/greve-correios-black-friday-gpj\/\"},\"wordCount\":398,\"publisher\":{\"@id\":\"https:\/\/www.suno.com.br\/noticias\/#organization\"},\"image\":{\"@id\":\"https:\/\/www.suno.com.br\/noticias\/greve-correios-black-friday-gpj\/#primaryimage\"},\"thumbnailUrl\":\"https:\/\/files.sunoresearch.com.br\/n\/uploads\/2021\/07\/08c8c2eb-ffraz_abr_18091923261-scaled.jpg\",\"keywords\":[\"Correios\"],\"articleSection\":[\"Economia\"],\"inLanguage\":\"pt-BR\"},{\"@type\":\"WebPage\",\"@id\":\"https:\/\/www.suno.com.br\/noticias\/greve-correios-black-friday-gpj\/\",\"url\":\"https:\/\/www.suno.com.br\/noticias\/greve-correios-black-friday-gpj\/\",\"name\":\"Correios vai entrar em greve \u00e0s v\u00e9speras da Black Friday?\",\"isPartOf\":{\"@id\":\"https:\/\/www.suno.com.br\/noticias\/#website\"},\"primaryImageOfPage\":{\"@id\":\"https:\/\/www.suno.com.br\/noticias\/greve-correios-black-friday-gpj\/#primaryimage\"},\"image\":{\"@id\":\"https:\/\/www.suno.com.br\/noticias\/greve-correios-black-friday-gpj\/#primaryimage\"},\"thumbnailUrl\":\"https:\/\/files.sunoresearch.com.br\/n\/uploads\/2021\/07\/08c8c2eb-ffraz_abr_18091923261-scaled.jpg\",\"datePublished\":\"2023-11-22T19:04:33+00:00\",\"dateModified\":\"2023-11-22T19:04:39+00:00\",\"description\":\"Os sindicatos dos Correios em SP e outros estados votar\u00e3o entre esta quarta (22) e quinta-feira (23) a proposta de deflagra\u00e7\u00e3o de greve.\",\"breadcrumb\":{\"@id\":\"https:\/\/www.suno.com.br\/noticias\/greve-correios-black-friday-gpj\/#breadcrumb\"},\"inLanguage\":\"pt-BR\",\"potentialAction\":[{\"@type\":\"ReadAction\",\"target\":[\"https:\/\/www.suno.com.br\/noticias\/greve-correios-black-friday-gpj\/\"]}]},{\"@type\":\"ImageObject\",\"inLanguage\":\"pt-BR\",\"@id\":\"https:\/\/www.suno.com.br\/noticias\/greve-correios-black-friday-gpj\/#primaryimage\",\"url\":\"https:\/\/files.sunoresearch.com.br\/n\/uploads\/2021\/07\/08c8c2eb-ffraz_abr_18091923261-scaled.jpg\",\"contentUrl\":\"https:\/\/files.sunoresearch.com.br\/n\/uploads\/2021\/07\/08c8c2eb-ffraz_abr_18091923261-scaled.jpg\",\"width\":2560,\"height\":1707,\"caption\":\"Correios. Foto: Fernando Fraz\u00e3o\/Ag\u00eancia Brasil.\"},{\"@type\":\"BreadcrumbList\",\"@id\":\"https:\/\/www.suno.com.br\/noticias\/greve-correios-black-friday-gpj\/#breadcrumb\",\"itemListElement\":[{\"@type\":\"ListItem\",\"position\":1,\"name\":\"Not\u00edcias\",\"item\":\"https:\/\/www.suno.com.br\/noticias\/\"},{\"@type\":\"ListItem\",\"position\":2,\"name\":\"Economia\",\"item\":\"https:\/\/www.suno.com.br\/noticias\/economia\/\"},{\"@type\":\"ListItem\",\"position\":3,\"name\":\"Vai ter greve dos Correios \u00e0s v\u00e9speras da Black Friday? Tudo o que se sabe at\u00e9 o momento\"}]},{\"@type\":\"WebSite\",\"@id\":\"https:\/\/www.suno.com.br\/noticias\/#website\",\"url\":\"https:\/\/www.suno.com.br\/noticias\/\",\"name\":\"Suno Not\u00edcias\",\"description\":\"Seu portal de informa\u00e7\u00e3o sobre o mundo dos investimentos\",\"publisher\":{\"@id\":\"https:\/\/www.suno.com.br\/noticias\/#organization\"},\"potentialAction\":[{\"@type\":\"SearchAction\",\"target\":{\"@type\":\"EntryPoint\",\"urlTemplate\":\"https:\/\/www.suno.com.br\/noticias\/?s={search_term_string}\"},\"query-input\":{\"@type\":\"PropertyValueSpecification\",\"valueRequired\":true,\"valueName\":\"search_term_string\"}}],\"inLanguage\":\"pt-BR\"},{\"@type\":\"Organization\",\"@id\":\"https:\/\/www.suno.com.br\/noticias\/#organization\",\"name\":\"Suno Not\u00edcias\",\"url\":\"https:\/\/www.suno.com.br\/noticias\/\",\"logo\":{\"@type\":\"ImageObject\",\"inLanguage\":\"pt-BR\",\"@id\":\"https:\/\/www.suno.com.br\/noticias\/#\/schema\/logo\/image\/\",\"url\":\"https:\/\/files.sunoresearch.com.br\/n\/uploads\/2021\/09\/suno-logo.png\",\"contentUrl\":\"https:\/\/files.sunoresearch.com.br\/n\/uploads\/2021\/09\/suno-logo.png\",\"width\":180,\"height\":180,\"caption\":\"Suno Not\u00edcias\"},\"image\":{\"@id\":\"https:\/\/www.suno.com.br\/noticias\/#\/schema\/logo\/image\/\"},\"sameAs\":[\"https:\/\/facebook.com\/sunoresearch\",\"https:\/\/x.com\/sunoresearch\",\"https:\/\/www.instagram.com\/suno\",\"https:\/\/www.linkedin.com\/company\/suno-research\/\",\"https:\/\/www.youtube.com\/c\/sunoresearch\"]},{\"@type\":\"Person\",\"@id\":\"https:\/\/www.suno.com.br\/noticias\/#\/schema\/person\/d0f32748bbca4bee871fa191ee4e2d40\",\"name\":\"Giovanni Porf\u00edrio Jacomino\",\"image\":{\"@type\":\"ImageObject\",\"inLanguage\":\"pt-BR\",\"@id\":\"https:\/\/www.suno.com.br\/noticias\/#\/schema\/person\/image\/\",\"url\":\"https:\/\/secure.gravatar.com\/avatar\/efb32e19b730a121cb7a80f41ffec01a?s=96&r=g\",\"contentUrl\":\"https:\/\/secure.gravatar.com\/avatar\/efb32e19b730a121cb7a80f41ffec01a?s=96&r=g\",\"caption\":\"Giovanni Porf\u00edrio Jacomino\"},\"description\":\"Giovanni Porf\u00edrio Jacomino \u00e9 jornalista formado pela Universidade Estadual de Londrina (UEL) e p\u00f3s-graduado em Produ\u00e7\u00e3o e Pr\u00e1ticas Jornal\u00edsticas na Contemporaneidade na Faculdade C\u00e1sper L\u00edbero (FCL). Foi editor web no Startupi e no Finsiders, atuando ainda como editor no TC Mover, portal de not\u00edcias da TradersClub, fazendo a cobertura de assuntos relacionados ao mercado financeiro interno e externo. Atualmente, \u00e9 Rep\u00f3rter do Suno Not\u00edcias.\",\"url\":\"https:\/\/www.suno.com.br\/noticias\/author\/giovanni-porfiriosuno-com-br\/\"}]}<\/script>\n<!-- \/ Yoast SEO plugin. -->","yoast_head_json":{"title":"Correios vai entrar em greve \u00e0s v\u00e9speras da Black Friday?","description":"Os sindicatos dos Correios em SP e outros estados votar\u00e3o entre esta quarta (22) e quinta-feira (23) a proposta de deflagra\u00e7\u00e3o de greve.","robots":{"index":"index","follow":"follow","max-snippet":"max-snippet:-1","max-image-preview":"max-image-preview:large","max-video-preview":"max-video-preview:-1"},"canonical":"https:\/\/www.suno.com.br\/noticias\/greve-correios-black-friday-gpj\/","og_locale":"pt_BR","og_type":"article","og_title":"Correios vai entrar em greve \u00e0s v\u00e9speras da Black Friday?","og_description":"Os sindicatos dos Correios em SP e outros estados votar\u00e3o entre esta quarta (22) e quinta-feira (23) a proposta de deflagra\u00e7\u00e3o de greve.","og_url":"https:\/\/www.suno.com.br\/noticias\/greve-correios-black-friday-gpj\/","og_site_name":"Suno Not\u00edcias","article_publisher":"https:\/\/facebook.com\/sunoresearch","og_image":[{"width":2560,"height":1707,"url":"https:\/\/files.sunoresearch.com.br\/n\/uploads\/2021\/07\/08c8c2eb-ffraz_abr_18091923261-scaled.jpg","type":"image\/jpeg"}],"author":"Giovanni Porf\u00edrio Jacomino","twitter_card":"summary_large_image","twitter_creator":"@sunoresearch","twitter_site":"@sunoresearch","twitter_misc":{"Escrito por":"Giovanni Porf\u00edrio Jacomino","Est. tempo de leitura":"2 minutos"},"schema":{"@context":"https:\/\/schema.org","@graph":[{"@type":"NewsArticle","@id":"https:\/\/www.suno.com.br\/noticias\/greve-correios-black-friday-gpj\/#article","isPartOf":{"@id":"https:\/\/www.suno.com.br\/noticias\/greve-correios-black-friday-gpj\/"},"author":{"name":"Giovanni Porf\u00edrio Jacomino","@id":"https:\/\/www.suno.com.br\/noticias\/#\/schema\/person\/d0f32748bbca4bee871fa191ee4e2d40"},"headline":"Vai ter greve dos Correios \u00e0s v\u00e9speras da Black Friday? Tudo o que se sabe at\u00e9 o momento","datePublished":"2023-11-22T19:04:33+00:00","dateModified":"2023-11-22T19:04:39+00:00","mainEntityOfPage":{"@id":"https:\/\/www.suno.com.br\/noticias\/greve-correios-black-friday-gpj\/"},"wordCount":398,"publisher":{"@id":"https:\/\/www.suno.com.br\/noticias\/#organization"},"image":{"@id":"https:\/\/www.suno.com.br\/noticias\/greve-correios-black-friday-gpj\/#primaryimage"},"thumbnailUrl":"https:\/\/files.sunoresearch.com.br\/n\/uploads\/2021\/07\/08c8c2eb-ffraz_abr_18091923261-scaled.jpg","keywords":["Correios"],"articleSection":["Economia"],"inLanguage":"pt-BR"},{"@type":"WebPage","@id":"https:\/\/www.suno.com.br\/noticias\/greve-correios-black-friday-gpj\/","url":"https:\/\/www.suno.com.br\/noticias\/greve-correios-black-friday-gpj\/","name":"Correios vai entrar em greve \u00e0s v\u00e9speras da Black Friday?","isPartOf":{"@id":"https:\/\/www.suno.com.br\/noticias\/#website"},"primaryImageOfPage":{"@id":"https:\/\/www.suno.com.br\/noticias\/greve-correios-black-friday-gpj\/#primaryimage"},"image":{"@id":"https:\/\/www.suno.com.br\/noticias\/greve-correios-black-friday-gpj\/#primaryimage"},"thumbnailUrl":"https:\/\/files.sunoresearch.com.br\/n\/uploads\/2021\/07\/08c8c2eb-ffraz_abr_18091923261-scaled.jpg","datePublished":"2023-11-22T19:04:33+00:00","dateModified":"2023-11-22T19:04:39+00:00","description":"Os sindicatos dos Correios em SP e outros estados votar\u00e3o entre esta quarta (22) e quinta-feira (23) a proposta de deflagra\u00e7\u00e3o de greve.","breadcrumb":{"@id":"https:\/\/www.suno.com.br\/noticias\/greve-correios-black-friday-gpj\/#breadcrumb"},"inLanguage":"pt-BR","potentialAction":[{"@type":"ReadAction","target":["https:\/\/www.suno.com.br\/noticias\/greve-correios-black-friday-gpj\/"]}]},{"@type":"ImageObject","inLanguage":"pt-BR","@id":"https:\/\/www.suno.com.br\/noticias\/greve-correios-black-friday-gpj\/#primaryimage","url":"https:\/\/files.sunoresearch.com.br\/n\/uploads\/2021\/07\/08c8c2eb-ffraz_abr_18091923261-scaled.jpg","contentUrl":"https:\/\/files.sunoresearch.com.br\/n\/uploads\/2021\/07\/08c8c2eb-ffraz_abr_18091923261-scaled.jpg","width":2560,"height":1707,"caption":"Correios. Foto: Fernando Fraz\u00e3o\/Ag\u00eancia Brasil."},{"@type":"BreadcrumbList","@id":"https:\/\/www.suno.com.br\/noticias\/greve-correios-black-friday-gpj\/#breadcrumb","itemListElement":[{"@type":"ListItem","position":1,"name":"Not\u00edcias","item":"https:\/\/www.suno.com.br\/noticias\/"},{"@type":"ListItem","position":2,"name":"Economia","item":"https:\/\/www.suno.com.br\/noticias\/economia\/"},{"@type":"ListItem","position":3,"name":"Vai ter greve dos Correios \u00e0s v\u00e9speras da Black Friday? Tudo o que se sabe at\u00e9 o momento"}]},{"@type":"WebSite","@id":"https:\/\/www.suno.com.br\/noticias\/#website","url":"https:\/\/www.suno.com.br\/noticias\/","name":"Suno Not\u00edcias","description":"Seu portal de informa\u00e7\u00e3o sobre o mundo dos investimentos","publisher":{"@id":"https:\/\/www.suno.com.br\/noticias\/#organization"},"potentialAction":[{"@type":"SearchAction","target":{"@type":"EntryPoint","urlTemplate":"https:\/\/www.suno.com.br\/noticias\/?s={search_term_string}"},"query-input":{"@type":"PropertyValueSpecification","valueRequired":true,"valueName":"search_term_string"}}],"inLanguage":"pt-BR"},{"@type":"Organization","@id":"https:\/\/www.suno.com.br\/noticias\/#organization","name":"Suno Not\u00edcias","url":"https:\/\/www.suno.com.br\/noticias\/","logo":{"@type":"ImageObject","inLanguage":"pt-BR","@id":"https:\/\/www.suno.com.br\/noticias\/#\/schema\/logo\/image\/","url":"https:\/\/files.sunoresearch.com.br\/n\/uploads\/2021\/09\/suno-logo.png","contentUrl":"https:\/\/files.sunoresearch.com.br\/n\/uploads\/2021\/09\/suno-logo.png","width":180,"height":180,"caption":"Suno Not\u00edcias"},"image":{"@id":"https:\/\/www.suno.com.br\/noticias\/#\/schema\/logo\/image\/"},"sameAs":["https:\/\/facebook.com\/sunoresearch","https:\/\/x.com\/sunoresearch","https:\/\/www.instagram.com\/suno","https:\/\/www.linkedin.com\/company\/suno-research\/","https:\/\/www.youtube.com\/c\/sunoresearch"]},{"@type":"Person","@id":"https:\/\/www.suno.com.br\/noticias\/#\/schema\/person\/d0f32748bbca4bee871fa191ee4e2d40","name":"Giovanni Porf\u00edrio Jacomino","image":{"@type":"ImageObject","inLanguage":"pt-BR","@id":"https:\/\/www.suno.com.br\/noticias\/#\/schema\/person\/image\/","url":"https:\/\/secure.gravatar.com\/avatar\/efb32e19b730a121cb7a80f41ffec01a?s=96&r=g","contentUrl":"https:\/\/secure.gravatar.com\/avatar\/efb32e19b730a121cb7a80f41ffec01a?s=96&r=g","caption":"Giovanni Porf\u00edrio Jacomino"},"description":"Giovanni Porf\u00edrio Jacomino \u00e9 jornalista formado pela Universidade Estadual de Londrina (UEL) e p\u00f3s-graduado em Produ\u00e7\u00e3o e Pr\u00e1ticas Jornal\u00edsticas na Contemporaneidade na Faculdade C\u00e1sper L\u00edbero (FCL). Foi editor web no Startupi e no Finsiders, atuando ainda como editor no TC Mover, portal de not\u00edcias da TradersClub, fazendo a cobertura de assuntos relacionados ao mercado financeiro interno e externo. Atualmente, \u00e9 Rep\u00f3rter do Suno Not\u00edcias.","url":"https:\/\/www.suno.com.br\/noticias\/author\/giovanni-porfiriosuno-com-br\/"}]}},"default_loop_html":"<div class=\"cardsPage__listCard__boxs\"><div class=\"cardsPage__listCard__boxs__img\"><a href=\"https:\/\/www.suno.com.br\/noticias\/greve-correios-black-friday-gpj\/\"><img class=\"mask\" src=\"https:\/\/www.suno.com.br\/noticias\/wp-content\/themes\/suno\/resources\/images\/spotlight\/spotlight1img\/bg-mask.png\" alt=\"Image Mask\"\/><img src=\"https:\/\/files.sunoresearch.com.br\/n\/uploads\/2021\/07\/08c8c2eb-ffraz_abr_18091923261-400x200.jpg\" alt=\"Vai ter greve dos Correios \u00e0s v\u00e9speras da Black Friday? Tudo o que se sabe at\u00e9 o momento\"\/><\/a><span class=\"spotlightCategory\"><a href=\"https:\/\/www.suno.com.br\/noticias\/economia\/\">Economia<\/a><\/span><\/div><div class=\"cardsPage__listCard__boxs__content\"><a href=\"https:\/\/www.suno.com.br\/noticias\/greve-correios-black-friday-gpj\/\"><h2 class=\"content__title\">Vai ter greve dos Correios \u00e0s v\u00e9speras da Black Friday? Tudo o que se sabe at\u00e9 o momento<\/h2><\/a><div class=\"newsContent__article__meta\"><div class=\"newsContent__article__meta__authorBox\"><a href=\"https:\/\/www.suno.com.br\/noticias\/author\/giovanni-porfiriosuno-com-br\/\" class=\"authorBox__avatar noMobi\"><img src=\"https:\/\/files.sunoresearch.com.br\/n\/uploads\/2024\/05\/DSCF4115-1-1-150x150.webp\" alt=\"Giovanni Porf\u00edrio Jacomino\"><\/a><div class=\"authorBox__name\"><span>por\n\t\t\t<a href=\"https:\/\/www.suno.com.br\/noticias\/author\/giovanni-porfiriosuno-com-br\/\"><span itemprop=\"author\">Giovanni Porf\u00edrio Jacomino<\/span><\/a><\/span><time datetime=\"2023-11-22T16:04:33-03:00\" itemprop=\"datePublished\">22\/11\/2023 16:04<\/time><\/div><\/div><\/div><\/div><\/div>","single_layout":"posts","amp_enabled":true,"_links":{"self":[{"href":"https:\/\/www.suno.com.br\/noticias\/wp-json\/wp\/v2\/posts\/489076"}],"collection":[{"href":"https:\/\/www.suno.com.br\/noticias\/wp-json\/wp\/v2\/posts"}],"about":[{"href":"https:\/\/www.suno.com.br\/noticias\/wp-json\/wp\/v2\/types\/post"}],"author":[{"embeddable":true,"href":"https:\/\/www.suno.com.br\/noticias\/wp-json\/wp\/v2\/users\/313"}],"replies":[{"embeddable":true,"href":"https:\/\/www.suno.com.br\/noticias\/wp-json\/wp\/v2\/comments?post=489076"}],"version-history":[{"count":2,"href":"https:\/\/www.suno.com.br\/noticias\/wp-json\/wp\/v2\/posts\/489076\/revisions"}],"predecessor-version":[{"id":489139,"href":"https:\/\/www.suno.com.br\/noticias\/wp-json\/wp\/v2\/posts\/489076\/revisions\/489139"}],"wp:featuredmedia":[{"embeddable":true,"href":"https:\/\/www.suno.com.br\/noticias\/wp-json\/wp\/v2\/media\/163855"}],"wp:attachment":[{"href":"https:\/\/www.suno.com.br\/noticias\/wp-json\/wp\/v2\/media?parent=489076"}],"wp:term":[{"taxonomy":"category","embeddable":true,"href":"https:\/\/www.suno.com.br\/noticias\/wp-json\/wp\/v2\/categories?post=489076"},{"taxonomy":"post_tag","embeddable":true,"href":"https:\/\/www.suno.com.br\/noticias\/wp-json\/wp\/v2\/tags?post=489076"},{"taxonomy":"suno_strategy","embeddable":true,"href":"https:\/\/www.suno.com.br\/noticias\/wp-json\/wp\/v2\/suno_strategy?post=489076"}],"curies":[{"name":"wp","href":"https:\/\/api.w.org\/{rel}","templated":true}]}}