{"id":488916,"date":"2023-11-22T11:06:47","date_gmt":"2023-11-22T14:06:47","guid":{"rendered":"https:\/\/www.suno.com.br\/noticias\/?p=488916"},"modified":"2023-11-22T11:07:25","modified_gmt":"2023-11-22T14:07:25","slug":"pnad-continua-3t23-desemprego-taxa-desocupacao-cpf","status":"publish","type":"post","link":"https:\/\/www.suno.com.br\/noticias\/pnad-continua-3t23-desemprego-taxa-desocupacao-cpf\/","title":{"rendered":"Desemprego cai 7,7% no trimestre; trabalho informal \u00e9 realidade de quase 40% da popula\u00e7\u00e3o"},"content":{"rendered":"<p>A PNAD Continua Trimestral apresentou uma taxa de desocupa\u00e7\u00e3o, term\u00f4metro do <strong>desemprego <\/strong>no Brasil, em queda de 7,7% neste terceiro trimestre de 2023. Entretanto, apenas tr\u00eas das 27 unidades federativas (UFs) tiveram uma redu\u00e7\u00e3o nos valores. <\/p>\t<div class=\"wrapper-featured-image\">\n\t\t<figure class=\"spotlightImg\">\n\n\t\t\t<picture>\n\t\t\t\t<source media=\"(max-width: 768px)\" srcset=\"https:\/\/files.sunoresearch.com.br\/n\/uploads\/2023\/07\/taxa-desemprego-estabiliza-trimestre-junho-400x200.jpg\">\n\t\t\t\t<img loading=\"lazy\" decoding=\"async\" class=\"newsContent__article__imgCapa lazyloadDisabled \" src=\"https:\/\/files.sunoresearch.com.br\/n\/uploads\/2023\/07\/taxa-desemprego-estabiliza-trimestre-junho-800x450.jpg\" width=\"800\" height=\"450\" alt=\"Desemprego cai 7,7% no trimestre; trabalho informal \u00e9 realidade de quase 40% da popula\u00e7\u00e3o\" fetchpriority=high \/>\n\t\t\t<\/picture>\n\n\t\t\t<figcaption class=\"wp-caption-text wp-caption-text--show\">Carteira de trabalho - Foto: Reprodu\u00e7\u00e3o<\/figcaption>\n\t\t<\/figure>\n\t<\/div>\n\n\n\n\n\n\n\n\t<p>\n\t\t<a href=\"\" target=\"_blank\" data-element=\"shortcode-suno-banner\" title=\"Banner SUNO, clique e saiba mais\">\n\t\t\t<picture>\n\t\t\t\t<source media=\"(max-width: 500px)\" srcset=\"\">\n\t\t\t\t<img class=\"newsContent__article__imgCapa newsContent__article__imgCapa--banner\"\n\t\t\t\t\tsrc=\"\"\n\t\t\t\t\tdata-promo-id=\"240038\"\t\t\t\t\t\t\t\t\t\t\t\t\t\t\talt=\"\"\n\t\t\t\t>\n\t\t\t<\/picture>\n\t\t<\/a>\n\t<\/p>\n\n\n\n\n\n<p>Segundo a publica\u00e7\u00e3o do <a class=\"suno-keyword\" target=\"_blank\" data-force=\"no\" data-priority=\"3\" href=\"https:\/\/www.suno.com.br\/artigos\/ibge\/\" rel=\"noopener\">Instituto Brasileiro de Geografia e Estat\u00edstica (IBGE)<\/a> desta quarta-feira (22), a redu\u00e7\u00e3o na<strong> taxa de desocupa\u00e7\u00e3o<\/strong> no pa\u00eds a 7,7% representou uma queda de 0,4 ponto percentual (p.p.) em compara\u00e7\u00e3o ao segundo trimestre deste ano (8,0%) e de 1,0 p.p. em rela\u00e7\u00e3o ao mesmo trimestre de 2022 (8,7%).<\/p>\n\n\n\n<h2 class=\"wp-block-heading\">Desemprego por estado brasileiro no terceiro trimestre<\/h2>\n\n\n\n<p>Comparando com o trimestre anterior, foi registrada uma diminui\u00e7\u00e3o nas <strong>taxas de desocupa\u00e7\u00e3o <\/strong>em tr\u00eas das 27 Unidades da Federa\u00e7\u00e3o (UFs): <\/p>\n\n\n\n<ul class=\"wp-block-list\">\n<li>S\u00e3o Paulo (7,8% para 7,1%);<\/li>\n\n\n\n<li>Maranh\u00e3o (8,8% para 6,7%);<\/li>\n\n\n\n<li>Acre (9,3% para 6,2%). <\/li>\n<\/ul>\n\n\n\n<p>Roraima, por outro lado, apresentou um aumento no <strong>desemprego <\/strong>(de 5,1% para 7,6%). Nas demais UFs, as taxas permaneceram est\u00e1veis.<\/p>\n\n\n\n<p>As taxas mais elevadas de desocupa\u00e7\u00e3o foram registradas na Bahia (13,3%), Pernambuco (13,2%) e Amap\u00e1 (12,6%), enquanto Rond\u00f4nia (2,3%), Mato Grosso (2,4%) e Santa Catarina (3,6%) apresentaram as menores taxas.<\/p>\n\n\n\n<h2 class=\"wp-block-heading\">G\u00eanero, forma\u00e7\u00e3o e outros recortes da taxa de desocupa\u00e7\u00e3o da PNAD Cont\u00ednua<\/h2>\n\n\n\n<p>Em rela\u00e7\u00e3o ao g\u00eanero, a<strong> taxa de desocupa\u00e7\u00e3o<\/strong> no terceiro trimestre de 2023 foi de:<\/p>\n\n\n\n<ul class=\"wp-block-list\">\n<li>6,4% para os homens;<\/li>\n\n\n\n<li>9,3% para as mulheres. <\/li>\n<\/ul>\n\n\n\n<p>No recorte por cor ou ra\u00e7a, o <strong>desemprego <\/strong>foi abaixo da m\u00e9dia nacional (7,7%) para os brancos (5,9%) e acima para os pretos (9,6%) e pardos (8,9%).<\/p>\n\n\n\n<p>A <strong>taxa de desocupa\u00e7\u00e3o<\/strong> para pessoas com ensino m\u00e9dio incompleto foi a mais elevada (13,5%), enquanto para aquelas com n\u00edvel superior incompleto foi de 8,3%, mais que o dobro daquelas com n\u00edvel superior completo (3,5%).<\/p>\n\n\n\t<p>\n\t\t<a href=\"https:\/\/lp.suno.com.br\/ebook-gratuito-investindo-no-exterior\/\" target=\"_blank\" data-element=\"shortcode-suno-banner\" title=\"Banner SUNO, clique e saiba mais\">\n\t\t\t<picture>\n\t\t\t\t<source media=\"(max-width: 500px)\" srcset=\"https:\/\/files.sunoresearch.com.br\/n\/uploads\/2023\/03\/400x300-Investindo-no-exterior.png\">\n\t\t\t\t<img class=\"newsContent__article__imgCapa newsContent__article__imgCapa--banner\"\n\t\t\t\t\tsrc=\"https:\/\/files.sunoresearch.com.br\/n\/uploads\/2023\/03\/1420x240-Investindo-no-exterior.png\"\n\t\t\t\t\tdata-promo-id=\"383161\"\t\t\t\t\t\t\t\t\t\twidth='1420' height='240'\t\t\t\t\talt=\"https:\/\/files.sunoresearch.com.br\/n\/uploads\/2023\/03\/1420x240-Investindo-no-exterior.png\"\n\t\t\t\t>\n\t\t\t<\/picture>\n\t\t<\/a>\n\t<\/p>\n\n\n\n\n\n<h2 class=\"wp-block-heading\">Trabalho informal \u00e9 realidade para quase 40% da popula\u00e7\u00e3o<\/h2>\n\n\n\n<p>No setor privado, 73,8% dos empregados tinham <strong>carteira assinada<\/strong>, com os maiores percentuais em Santa Catarina (87,8%), Rio Grande do Sul (82,7%) e Paran\u00e1 (80,9%). Maranh\u00e3o (49,9%), Piau\u00ed (52,3%) e Tocantins (52,7%) apresentaram os menores percentuais.<\/p>\n\n\n\n<p>A popula\u00e7\u00e3o ocupada trabalhando por conta pr\u00f3pria representou 25,5%, com Rond\u00f4nia (34,0%), Maranh\u00e3o (31,8%) e Pernambuco (31,0%) liderando os percentuais mais altos, enquanto Distrito Federal (19,0%), Mato Grosso do Sul (20,5%) e Tocantins (22,3%) registraram os menores, ainda que com valores consistentes. <\/p>\n\n\n\n<p>Trabalhos informais registraram um total de 39,1% da popula\u00e7\u00e3o. Entre os estados que se destacaram pela sua <strong>taxa de informalidade<\/strong> est\u00e3o o Maranh\u00e3o (57,3%), Par\u00e1 (57,1%) e Amazonas (55,0%). Santa Catarina (26,8%), Distrito Federal (30,6%) e S\u00e3o Paulo (31,3%) anotaram os menores valores.<\/p>\n\n\n\n<p>No terceiro trimestre de 2023, 1,8 milh\u00e3o de pessoas buscavam <strong>trabalho <\/strong>por dois anos ou mais, representando uma redu\u00e7\u00e3o de 28,2% em rela\u00e7\u00e3o ao mesmo per\u00edodo de 2022. Em compara\u00e7\u00e3o com o terceiro trimestre de 2012, esse n\u00famero cresceu 26,8%.<\/p>\n\n\n\n<p>O<strong> rendimento m\u00e9dio <\/strong>real mensal habitual cresceu em rela\u00e7\u00e3o ao trimestre anterior (R$ 2.933) e ao mesmo trimestre de 2022 (R$ 2.862), atingindo R$ 2.982. No Sul (R$ 3.276) e no Sudeste (R$ 3.381), houve aumentos frente ao trimestre anterior, enquanto nas demais regi\u00f5es permaneceu est\u00e1vel. Em rela\u00e7\u00e3o ao terceiro trimestre de 2022, o rendimento cresceu nas Regi\u00f5es Norte, Sudeste e Centro-Oeste. Nas demais, foi observada estabilidade estat\u00edstica, demonstrou a PNAD Cont\u00ednua do terceiro trimestre.<\/p>\n\n\n\n<p>A pesquisa do IBGE que descreve os n\u00edveis de <strong>desemprego no Brasil<\/strong> e tamb\u00e9m as principais condi\u00e7\u00f5es de trabalho atual foi divulgada nesta quarta-feira (22) pela manh\u00e3. <\/p>\n\n\n\t<p>\n\t\t<a href=\"https:\/\/lp.suno.com.br\/planilha-da-vida-financeira\/\" target=\"_blank\" data-element=\"shortcode-suno-banner\" title=\"Banner SUNO, clique e saiba mais\">\n\t\t\t<picture>\n\t\t\t\t<source media=\"(max-width: 500px)\" srcset=\"https:\/\/files.sunoresearch.com.br\/n\/uploads\/2023\/04\/400x300-Planilha-vida-financeira-true.png\">\n\t\t\t\t<img class=\"newsContent__article__imgCapa newsContent__article__imgCapa--banner\"\n\t\t\t\t\tsrc=\"https:\/\/files.sunoresearch.com.br\/n\/uploads\/2023\/04\/1420x240-Planilha-vida-financeira-true.png\"\n\t\t\t\t\tdata-promo-id=\"383123\"\t\t\t\t\t\t\t\t\t\twidth='1420' height='240'\t\t\t\t\talt=\"https:\/\/files.sunoresearch.com.br\/n\/uploads\/2023\/04\/1420x240-Planilha-vida-financeira-true.png\"\n\t\t\t\t>\n\t\t\t<\/picture>\n\t\t<\/a>\n\t<\/p>\n\n\n","protected":false},"excerpt":{"rendered":"<p>A PNAD Continua Trimestral apresentou uma taxa de desocupa\u00e7\u00e3o, term\u00f4metro do desemprego no Brasil, em queda de 7,7% neste terceiro trimestre de 2023. Entretanto, apenas tr\u00eas das 27 unidades federativas (UFs) tiveram uma redu\u00e7\u00e3o nos valores. Carteira de trabalho &#8211; Foto: Reprodu\u00e7\u00e3o Segundo a publica\u00e7\u00e3o do Instituto Brasileiro de Geografia e Estat\u00edstica (IBGE) desta quarta-feira [&hellip;]<\/p>\n","protected":false},"author":283,"featured_media":434992,"comment_status":"closed","ping_status":"closed","sticky":false,"template":"","format":"standard","meta":[],"categories":[62],"tags":[1296,821,1191],"suno_strategy":[],"class_list":["post-488916","post","type-post","status-publish","format-standard","has-post-thumbnail","hentry","category-economia","tag-desemprego","tag-ibge","tag-pnad"],"yoast_head":"<!-- This site is optimized with the Yoast SEO plugin v24.4 - https:\/\/yoast.com\/wordpress\/plugins\/seo\/ -->\n<title>Desemprego cai 7,7% no tri, com 40% do pa\u00eds em trabalho informal<\/title>\n<meta name=\"description\" content=\"Enquanto que a taxa de desemprego caiu em SP, AC e MA, o n\u00edvel de trabalhadores informais atinge 39,1% da popula\u00e7\u00e3o brasileira. Leia mais.\" \/>\n<meta name=\"robots\" content=\"index, follow, max-snippet:-1, max-image-preview:large, max-video-preview:-1\" \/>\n<link rel=\"canonical\" href=\"https:\/\/www.suno.com.br\/noticias\/pnad-continua-3t23-desemprego-taxa-desocupacao-cpf\/\" \/>\n<meta property=\"og:locale\" content=\"pt_BR\" \/>\n<meta property=\"og:type\" content=\"article\" \/>\n<meta property=\"og:title\" content=\"Desemprego cai 7,7% no tri, com 40% do pa\u00eds em trabalho informal\" \/>\n<meta property=\"og:description\" content=\"Enquanto que a taxa de desemprego caiu em SP, AC e MA, o n\u00edvel de trabalhadores informais atinge 39,1% da popula\u00e7\u00e3o brasileira. Leia mais.\" \/>\n<meta property=\"og:url\" content=\"https:\/\/www.suno.com.br\/noticias\/pnad-continua-3t23-desemprego-taxa-desocupacao-cpf\/\" \/>\n<meta property=\"og:site_name\" content=\"Suno Not\u00edcias\" \/>\n<meta property=\"article:publisher\" content=\"https:\/\/facebook.com\/sunoresearch\" \/>\n<meta property=\"og:image\" content=\"https:\/\/files.sunoresearch.com.br\/n\/uploads\/2023\/07\/taxa-desemprego-estabiliza-trimestre-junho.jpg\" \/>\n\t<meta property=\"og:image:width\" content=\"1200\" \/>\n\t<meta property=\"og:image:height\" content=\"800\" \/>\n\t<meta property=\"og:image:type\" content=\"image\/jpeg\" \/>\n<meta name=\"author\" content=\"Camila Paim\" \/>\n<meta name=\"twitter:card\" content=\"summary_large_image\" \/>\n<meta name=\"twitter:creator\" content=\"@sunoresearch\" \/>\n<meta name=\"twitter:site\" content=\"@sunoresearch\" \/>\n<meta name=\"twitter:label1\" content=\"Escrito por\" \/>\n\t<meta name=\"twitter:data1\" content=\"Camila Paim\" \/>\n\t<meta name=\"twitter:label2\" content=\"Est. tempo de leitura\" \/>\n\t<meta name=\"twitter:data2\" content=\"4 minutos\" \/>\n<script type=\"application\/ld+json\" class=\"yoast-schema-graph\">{\"@context\":\"https:\/\/schema.org\",\"@graph\":[{\"@type\":\"NewsArticle\",\"@id\":\"https:\/\/www.suno.com.br\/noticias\/pnad-continua-3t23-desemprego-taxa-desocupacao-cpf\/#article\",\"isPartOf\":{\"@id\":\"https:\/\/www.suno.com.br\/noticias\/pnad-continua-3t23-desemprego-taxa-desocupacao-cpf\/\"},\"author\":{\"name\":\"Camila Paim\",\"@id\":\"https:\/\/www.suno.com.br\/noticias\/#\/schema\/person\/f341d3ae5d1cc685176c9a5327cdfdbb\"},\"headline\":\"Desemprego cai 7,7% no trimestre; trabalho informal \u00e9 realidade de quase 40% da popula\u00e7\u00e3o\",\"datePublished\":\"2023-11-22T14:06:47+00:00\",\"dateModified\":\"2023-11-22T14:07:25+00:00\",\"mainEntityOfPage\":{\"@id\":\"https:\/\/www.suno.com.br\/noticias\/pnad-continua-3t23-desemprego-taxa-desocupacao-cpf\/\"},\"wordCount\":559,\"publisher\":{\"@id\":\"https:\/\/www.suno.com.br\/noticias\/#organization\"},\"image\":{\"@id\":\"https:\/\/www.suno.com.br\/noticias\/pnad-continua-3t23-desemprego-taxa-desocupacao-cpf\/#primaryimage\"},\"thumbnailUrl\":\"https:\/\/files.sunoresearch.com.br\/n\/uploads\/2023\/07\/taxa-desemprego-estabiliza-trimestre-junho.jpg\",\"keywords\":[\"Desemprego\",\"IBGE\",\"PNAD\"],\"articleSection\":[\"Economia\"],\"inLanguage\":\"pt-BR\"},{\"@type\":\"WebPage\",\"@id\":\"https:\/\/www.suno.com.br\/noticias\/pnad-continua-3t23-desemprego-taxa-desocupacao-cpf\/\",\"url\":\"https:\/\/www.suno.com.br\/noticias\/pnad-continua-3t23-desemprego-taxa-desocupacao-cpf\/\",\"name\":\"Desemprego cai 7,7% no tri, com 40% do pa\u00eds em trabalho informal\",\"isPartOf\":{\"@id\":\"https:\/\/www.suno.com.br\/noticias\/#website\"},\"primaryImageOfPage\":{\"@id\":\"https:\/\/www.suno.com.br\/noticias\/pnad-continua-3t23-desemprego-taxa-desocupacao-cpf\/#primaryimage\"},\"image\":{\"@id\":\"https:\/\/www.suno.com.br\/noticias\/pnad-continua-3t23-desemprego-taxa-desocupacao-cpf\/#primaryimage\"},\"thumbnailUrl\":\"https:\/\/files.sunoresearch.com.br\/n\/uploads\/2023\/07\/taxa-desemprego-estabiliza-trimestre-junho.jpg\",\"datePublished\":\"2023-11-22T14:06:47+00:00\",\"dateModified\":\"2023-11-22T14:07:25+00:00\",\"description\":\"Enquanto que a taxa de desemprego caiu em SP, AC e MA, o n\u00edvel de trabalhadores informais atinge 39,1% da popula\u00e7\u00e3o brasileira. Leia mais.\",\"breadcrumb\":{\"@id\":\"https:\/\/www.suno.com.br\/noticias\/pnad-continua-3t23-desemprego-taxa-desocupacao-cpf\/#breadcrumb\"},\"inLanguage\":\"pt-BR\",\"potentialAction\":[{\"@type\":\"ReadAction\",\"target\":[\"https:\/\/www.suno.com.br\/noticias\/pnad-continua-3t23-desemprego-taxa-desocupacao-cpf\/\"]}]},{\"@type\":\"ImageObject\",\"inLanguage\":\"pt-BR\",\"@id\":\"https:\/\/www.suno.com.br\/noticias\/pnad-continua-3t23-desemprego-taxa-desocupacao-cpf\/#primaryimage\",\"url\":\"https:\/\/files.sunoresearch.com.br\/n\/uploads\/2023\/07\/taxa-desemprego-estabiliza-trimestre-junho.jpg\",\"contentUrl\":\"https:\/\/files.sunoresearch.com.br\/n\/uploads\/2023\/07\/taxa-desemprego-estabiliza-trimestre-junho.jpg\",\"width\":1200,\"height\":800,\"caption\":\"Carteira de trabalho - Foto: Reprodu\u00e7\u00e3o\"},{\"@type\":\"BreadcrumbList\",\"@id\":\"https:\/\/www.suno.com.br\/noticias\/pnad-continua-3t23-desemprego-taxa-desocupacao-cpf\/#breadcrumb\",\"itemListElement\":[{\"@type\":\"ListItem\",\"position\":1,\"name\":\"Not\u00edcias\",\"item\":\"https:\/\/www.suno.com.br\/noticias\/\"},{\"@type\":\"ListItem\",\"position\":2,\"name\":\"Economia\",\"item\":\"https:\/\/www.suno.com.br\/noticias\/economia\/\"},{\"@type\":\"ListItem\",\"position\":3,\"name\":\"Desemprego cai 7,7% no trimestre; trabalho informal \u00e9 realidade de quase 40% da popula\u00e7\u00e3o\"}]},{\"@type\":\"WebSite\",\"@id\":\"https:\/\/www.suno.com.br\/noticias\/#website\",\"url\":\"https:\/\/www.suno.com.br\/noticias\/\",\"name\":\"Suno Not\u00edcias\",\"description\":\"Seu portal de informa\u00e7\u00e3o sobre o mundo dos investimentos\",\"publisher\":{\"@id\":\"https:\/\/www.suno.com.br\/noticias\/#organization\"},\"potentialAction\":[{\"@type\":\"SearchAction\",\"target\":{\"@type\":\"EntryPoint\",\"urlTemplate\":\"https:\/\/www.suno.com.br\/noticias\/?s={search_term_string}\"},\"query-input\":{\"@type\":\"PropertyValueSpecification\",\"valueRequired\":true,\"valueName\":\"search_term_string\"}}],\"inLanguage\":\"pt-BR\"},{\"@type\":\"Organization\",\"@id\":\"https:\/\/www.suno.com.br\/noticias\/#organization\",\"name\":\"Suno Not\u00edcias\",\"url\":\"https:\/\/www.suno.com.br\/noticias\/\",\"logo\":{\"@type\":\"ImageObject\",\"inLanguage\":\"pt-BR\",\"@id\":\"https:\/\/www.suno.com.br\/noticias\/#\/schema\/logo\/image\/\",\"url\":\"https:\/\/files.sunoresearch.com.br\/n\/uploads\/2021\/09\/suno-logo.png\",\"contentUrl\":\"https:\/\/files.sunoresearch.com.br\/n\/uploads\/2021\/09\/suno-logo.png\",\"width\":180,\"height\":180,\"caption\":\"Suno Not\u00edcias\"},\"image\":{\"@id\":\"https:\/\/www.suno.com.br\/noticias\/#\/schema\/logo\/image\/\"},\"sameAs\":[\"https:\/\/facebook.com\/sunoresearch\",\"https:\/\/x.com\/sunoresearch\",\"https:\/\/www.instagram.com\/suno\",\"https:\/\/www.linkedin.com\/company\/suno-research\/\",\"https:\/\/www.youtube.com\/c\/sunoresearch\"]},{\"@type\":\"Person\",\"@id\":\"https:\/\/www.suno.com.br\/noticias\/#\/schema\/person\/f341d3ae5d1cc685176c9a5327cdfdbb\",\"name\":\"Camila Paim\",\"image\":{\"@type\":\"ImageObject\",\"inLanguage\":\"pt-BR\",\"@id\":\"https:\/\/www.suno.com.br\/noticias\/#\/schema\/person\/image\/\",\"url\":\"https:\/\/secure.gravatar.com\/avatar\/f33728e65febb1aa7ecf6792956f9b20?s=96&r=g\",\"contentUrl\":\"https:\/\/secure.gravatar.com\/avatar\/f33728e65febb1aa7ecf6792956f9b20?s=96&r=g\",\"caption\":\"Camila Paim\"},\"description\":\"Jornalista formada pela USP, tem experi\u00eancia em reda\u00e7\u00f5es, SEO, Branded Content e Webdesign. Com passagem pelo Jornal da USP, Empiricus e C6 Bank, hoje \u00e9 rep\u00f3rter no Suno Not\u00edcias cobrindo macroeconomia, finan\u00e7as pessoais e startups.\",\"url\":\"https:\/\/www.suno.com.br\/noticias\/author\/camila-figueiredosuno-com-br\/\"}]}<\/script>\n<!-- \/ Yoast SEO plugin. -->","yoast_head_json":{"title":"Desemprego cai 7,7% no tri, com 40% do pa\u00eds em trabalho informal","description":"Enquanto que a taxa de desemprego caiu em SP, AC e MA, o n\u00edvel de trabalhadores informais atinge 39,1% da popula\u00e7\u00e3o brasileira. Leia mais.","robots":{"index":"index","follow":"follow","max-snippet":"max-snippet:-1","max-image-preview":"max-image-preview:large","max-video-preview":"max-video-preview:-1"},"canonical":"https:\/\/www.suno.com.br\/noticias\/pnad-continua-3t23-desemprego-taxa-desocupacao-cpf\/","og_locale":"pt_BR","og_type":"article","og_title":"Desemprego cai 7,7% no tri, com 40% do pa\u00eds em trabalho informal","og_description":"Enquanto que a taxa de desemprego caiu em SP, AC e MA, o n\u00edvel de trabalhadores informais atinge 39,1% da popula\u00e7\u00e3o brasileira. Leia mais.","og_url":"https:\/\/www.suno.com.br\/noticias\/pnad-continua-3t23-desemprego-taxa-desocupacao-cpf\/","og_site_name":"Suno Not\u00edcias","article_publisher":"https:\/\/facebook.com\/sunoresearch","og_image":[{"width":1200,"height":800,"url":"https:\/\/files.sunoresearch.com.br\/n\/uploads\/2023\/07\/taxa-desemprego-estabiliza-trimestre-junho.jpg","type":"image\/jpeg"}],"author":"Camila Paim","twitter_card":"summary_large_image","twitter_creator":"@sunoresearch","twitter_site":"@sunoresearch","twitter_misc":{"Escrito por":"Camila Paim","Est. tempo de leitura":"4 minutos"},"schema":{"@context":"https:\/\/schema.org","@graph":[{"@type":"NewsArticle","@id":"https:\/\/www.suno.com.br\/noticias\/pnad-continua-3t23-desemprego-taxa-desocupacao-cpf\/#article","isPartOf":{"@id":"https:\/\/www.suno.com.br\/noticias\/pnad-continua-3t23-desemprego-taxa-desocupacao-cpf\/"},"author":{"name":"Camila Paim","@id":"https:\/\/www.suno.com.br\/noticias\/#\/schema\/person\/f341d3ae5d1cc685176c9a5327cdfdbb"},"headline":"Desemprego cai 7,7% no trimestre; trabalho informal \u00e9 realidade de quase 40% da popula\u00e7\u00e3o","datePublished":"2023-11-22T14:06:47+00:00","dateModified":"2023-11-22T14:07:25+00:00","mainEntityOfPage":{"@id":"https:\/\/www.suno.com.br\/noticias\/pnad-continua-3t23-desemprego-taxa-desocupacao-cpf\/"},"wordCount":559,"publisher":{"@id":"https:\/\/www.suno.com.br\/noticias\/#organization"},"image":{"@id":"https:\/\/www.suno.com.br\/noticias\/pnad-continua-3t23-desemprego-taxa-desocupacao-cpf\/#primaryimage"},"thumbnailUrl":"https:\/\/files.sunoresearch.com.br\/n\/uploads\/2023\/07\/taxa-desemprego-estabiliza-trimestre-junho.jpg","keywords":["Desemprego","IBGE","PNAD"],"articleSection":["Economia"],"inLanguage":"pt-BR"},{"@type":"WebPage","@id":"https:\/\/www.suno.com.br\/noticias\/pnad-continua-3t23-desemprego-taxa-desocupacao-cpf\/","url":"https:\/\/www.suno.com.br\/noticias\/pnad-continua-3t23-desemprego-taxa-desocupacao-cpf\/","name":"Desemprego cai 7,7% no tri, com 40% do pa\u00eds em trabalho informal","isPartOf":{"@id":"https:\/\/www.suno.com.br\/noticias\/#website"},"primaryImageOfPage":{"@id":"https:\/\/www.suno.com.br\/noticias\/pnad-continua-3t23-desemprego-taxa-desocupacao-cpf\/#primaryimage"},"image":{"@id":"https:\/\/www.suno.com.br\/noticias\/pnad-continua-3t23-desemprego-taxa-desocupacao-cpf\/#primaryimage"},"thumbnailUrl":"https:\/\/files.sunoresearch.com.br\/n\/uploads\/2023\/07\/taxa-desemprego-estabiliza-trimestre-junho.jpg","datePublished":"2023-11-22T14:06:47+00:00","dateModified":"2023-11-22T14:07:25+00:00","description":"Enquanto que a taxa de desemprego caiu em SP, AC e MA, o n\u00edvel de trabalhadores informais atinge 39,1% da popula\u00e7\u00e3o brasileira. Leia mais.","breadcrumb":{"@id":"https:\/\/www.suno.com.br\/noticias\/pnad-continua-3t23-desemprego-taxa-desocupacao-cpf\/#breadcrumb"},"inLanguage":"pt-BR","potentialAction":[{"@type":"ReadAction","target":["https:\/\/www.suno.com.br\/noticias\/pnad-continua-3t23-desemprego-taxa-desocupacao-cpf\/"]}]},{"@type":"ImageObject","inLanguage":"pt-BR","@id":"https:\/\/www.suno.com.br\/noticias\/pnad-continua-3t23-desemprego-taxa-desocupacao-cpf\/#primaryimage","url":"https:\/\/files.sunoresearch.com.br\/n\/uploads\/2023\/07\/taxa-desemprego-estabiliza-trimestre-junho.jpg","contentUrl":"https:\/\/files.sunoresearch.com.br\/n\/uploads\/2023\/07\/taxa-desemprego-estabiliza-trimestre-junho.jpg","width":1200,"height":800,"caption":"Carteira de trabalho - Foto: Reprodu\u00e7\u00e3o"},{"@type":"BreadcrumbList","@id":"https:\/\/www.suno.com.br\/noticias\/pnad-continua-3t23-desemprego-taxa-desocupacao-cpf\/#breadcrumb","itemListElement":[{"@type":"ListItem","position":1,"name":"Not\u00edcias","item":"https:\/\/www.suno.com.br\/noticias\/"},{"@type":"ListItem","position":2,"name":"Economia","item":"https:\/\/www.suno.com.br\/noticias\/economia\/"},{"@type":"ListItem","position":3,"name":"Desemprego cai 7,7% no trimestre; trabalho informal \u00e9 realidade de quase 40% da popula\u00e7\u00e3o"}]},{"@type":"WebSite","@id":"https:\/\/www.suno.com.br\/noticias\/#website","url":"https:\/\/www.suno.com.br\/noticias\/","name":"Suno Not\u00edcias","description":"Seu portal de informa\u00e7\u00e3o sobre o mundo dos investimentos","publisher":{"@id":"https:\/\/www.suno.com.br\/noticias\/#organization"},"potentialAction":[{"@type":"SearchAction","target":{"@type":"EntryPoint","urlTemplate":"https:\/\/www.suno.com.br\/noticias\/?s={search_term_string}"},"query-input":{"@type":"PropertyValueSpecification","valueRequired":true,"valueName":"search_term_string"}}],"inLanguage":"pt-BR"},{"@type":"Organization","@id":"https:\/\/www.suno.com.br\/noticias\/#organization","name":"Suno Not\u00edcias","url":"https:\/\/www.suno.com.br\/noticias\/","logo":{"@type":"ImageObject","inLanguage":"pt-BR","@id":"https:\/\/www.suno.com.br\/noticias\/#\/schema\/logo\/image\/","url":"https:\/\/files.sunoresearch.com.br\/n\/uploads\/2021\/09\/suno-logo.png","contentUrl":"https:\/\/files.sunoresearch.com.br\/n\/uploads\/2021\/09\/suno-logo.png","width":180,"height":180,"caption":"Suno Not\u00edcias"},"image":{"@id":"https:\/\/www.suno.com.br\/noticias\/#\/schema\/logo\/image\/"},"sameAs":["https:\/\/facebook.com\/sunoresearch","https:\/\/x.com\/sunoresearch","https:\/\/www.instagram.com\/suno","https:\/\/www.linkedin.com\/company\/suno-research\/","https:\/\/www.youtube.com\/c\/sunoresearch"]},{"@type":"Person","@id":"https:\/\/www.suno.com.br\/noticias\/#\/schema\/person\/f341d3ae5d1cc685176c9a5327cdfdbb","name":"Camila Paim","image":{"@type":"ImageObject","inLanguage":"pt-BR","@id":"https:\/\/www.suno.com.br\/noticias\/#\/schema\/person\/image\/","url":"https:\/\/secure.gravatar.com\/avatar\/f33728e65febb1aa7ecf6792956f9b20?s=96&r=g","contentUrl":"https:\/\/secure.gravatar.com\/avatar\/f33728e65febb1aa7ecf6792956f9b20?s=96&r=g","caption":"Camila Paim"},"description":"Jornalista formada pela USP, tem experi\u00eancia em reda\u00e7\u00f5es, SEO, Branded Content e Webdesign. Com passagem pelo Jornal da USP, Empiricus e C6 Bank, hoje \u00e9 rep\u00f3rter no Suno Not\u00edcias cobrindo macroeconomia, finan\u00e7as pessoais e startups.","url":"https:\/\/www.suno.com.br\/noticias\/author\/camila-figueiredosuno-com-br\/"}]}},"default_loop_html":"<div class=\"cardsPage__listCard__boxs\"><div class=\"cardsPage__listCard__boxs__img\"><a href=\"https:\/\/www.suno.com.br\/noticias\/pnad-continua-3t23-desemprego-taxa-desocupacao-cpf\/\"><img class=\"mask\" src=\"https:\/\/www.suno.com.br\/noticias\/wp-content\/themes\/suno\/resources\/images\/spotlight\/spotlight1img\/bg-mask.png\" alt=\"Image Mask\"\/><img src=\"https:\/\/files.sunoresearch.com.br\/n\/uploads\/2023\/07\/taxa-desemprego-estabiliza-trimestre-junho-400x200.jpg\" alt=\"Desemprego cai 7,7% no trimestre; trabalho informal \u00e9 realidade de quase 40% da popula\u00e7\u00e3o\"\/><\/a><span class=\"spotlightCategory\"><a href=\"https:\/\/www.suno.com.br\/noticias\/economia\/\">Economia<\/a><\/span><\/div><div class=\"cardsPage__listCard__boxs__content\"><a href=\"https:\/\/www.suno.com.br\/noticias\/pnad-continua-3t23-desemprego-taxa-desocupacao-cpf\/\"><h2 class=\"content__title\">Desemprego cai 7,7% no trimestre; trabalho informal \u00e9 realidade de quase 40% da popula\u00e7\u00e3o<\/h2><\/a><div class=\"newsContent__article__meta\"><div class=\"newsContent__article__meta__authorBox\"><a href=\"https:\/\/www.suno.com.br\/noticias\/author\/camila-figueiredosuno-com-br\/\" class=\"authorBox__avatar noMobi\"><img src=\"https:\/\/files.sunoresearch.com.br\/n\/uploads\/2024\/05\/camila-paim-square-150x150.jpg\" alt=\"Camila Paim\"><\/a><div class=\"authorBox__name\"><span>por\n\t\t\t<a href=\"https:\/\/www.suno.com.br\/noticias\/author\/camila-figueiredosuno-com-br\/\"><span itemprop=\"author\">Camila Paim<\/span><\/a><\/span><time datetime=\"2023-11-22T11:06:47-03:00\" itemprop=\"datePublished\">22\/11\/2023 11:06<\/time><\/div><\/div><\/div><\/div><\/div>","single_layout":"posts","amp_enabled":true,"_links":{"self":[{"href":"https:\/\/www.suno.com.br\/noticias\/wp-json\/wp\/v2\/posts\/488916"}],"collection":[{"href":"https:\/\/www.suno.com.br\/noticias\/wp-json\/wp\/v2\/posts"}],"about":[{"href":"https:\/\/www.suno.com.br\/noticias\/wp-json\/wp\/v2\/types\/post"}],"author":[{"embeddable":true,"href":"https:\/\/www.suno.com.br\/noticias\/wp-json\/wp\/v2\/users\/283"}],"replies":[{"embeddable":true,"href":"https:\/\/www.suno.com.br\/noticias\/wp-json\/wp\/v2\/comments?post=488916"}],"version-history":[{"count":3,"href":"https:\/\/www.suno.com.br\/noticias\/wp-json\/wp\/v2\/posts\/488916\/revisions"}],"predecessor-version":[{"id":488949,"href":"https:\/\/www.suno.com.br\/noticias\/wp-json\/wp\/v2\/posts\/488916\/revisions\/488949"}],"wp:featuredmedia":[{"embeddable":true,"href":"https:\/\/www.suno.com.br\/noticias\/wp-json\/wp\/v2\/media\/434992"}],"wp:attachment":[{"href":"https:\/\/www.suno.com.br\/noticias\/wp-json\/wp\/v2\/media?parent=488916"}],"wp:term":[{"taxonomy":"category","embeddable":true,"href":"https:\/\/www.suno.com.br\/noticias\/wp-json\/wp\/v2\/categories?post=488916"},{"taxonomy":"post_tag","embeddable":true,"href":"https:\/\/www.suno.com.br\/noticias\/wp-json\/wp\/v2\/tags?post=488916"},{"taxonomy":"suno_strategy","embeddable":true,"href":"https:\/\/www.suno.com.br\/noticias\/wp-json\/wp\/v2\/suno_strategy?post=488916"}],"curies":[{"name":"wp","href":"https:\/\/api.w.org\/{rel}","templated":true}]}}