{"id":48881,"date":"2020-01-07T12:37:30","date_gmt":"2020-01-07T14:37:30","guid":{"rendered":"https:\/\/www.suno.com.br\/noticias\/?p=48881"},"modified":"2021-06-13T23:39:45","modified_gmt":"2021-06-14T02:39:45","slug":"eua-e-alertado-pela-unesco-para-nao-ameacar-patrimonio-cultural-do-ira","status":"publish","type":"post","link":"https:\/\/www.suno.com.br\/noticias\/eua-e-alertado-pela-unesco-para-nao-ameacar-patrimonio-cultural-do-ira\/","title":{"rendered":"EUA \u00e9 alertado pela Unesco para n\u00e3o amea\u00e7ar patrim\u00f4nio cultural do Ir\u00e3"},"content":{"rendered":"<p>Ap\u00f3s amea\u00e7as feitas pelo presidente dos <strong>Estados Unidos<\/strong> (EUA), <a href=\"https:\/\/www.suno.com.br\/tudo-sobre\/donald-trump\/\">Donald Trump<\/a>, contra o patrim\u00f4nio cultural do <strong>Ir\u00e3<\/strong>, a <strong>Organiza\u00e7\u00e3o das Na\u00e7\u00f5es Unidas para a Educa\u00e7\u00e3o, a Ci\u00eancia e a Cultura (Unesco)<\/strong> reagiu advertindo o pa\u00eds norte-americano.<\/p>\t<div class=\"wrapper-featured-image\">\n\t\t<figure class=\"spotlightImg\">\n\n\t\t\t<picture>\n\t\t\t\t<source media=\"(max-width: 768px)\" srcset=\"https:\/\/files.sunoresearch.com.br\/n\/uploads\/2019\/04\/61071237-resultadoseua-400x200.webp\">\n\t\t\t\t<img loading=\"lazy\" decoding=\"async\" class=\"newsContent__article__imgCapa lazyloadDisabled newsContent__article__imgCapa--noCaption\" src=\"https:\/\/files.sunoresearch.com.br\/n\/uploads\/2019\/04\/61071237-resultadoseua-800x450.webp\" width=\"800\" height=\"450\" alt=\"EUA \u00e9 alertado pela Unesco para n\u00e3o amea\u00e7ar patrim\u00f4nio cultural do Ir\u00e3\" fetchpriority=high \/>\n\t\t\t<\/picture>\n\n\t\t\t<figcaption class=\"wp-caption-text wp-caption-text--hide\">Coronav\u00edrus: Senado norte-americano aprova pacote de US$ 2 trilh\u00f5es <\/figcaption>\n\t\t<\/figure>\n\t<\/div>\n\n\n\n<p>A diretora-geral da Unesco, Audrey Azoulay, afirmou que Teer\u00e3 e Washington (capitais de Ir\u00e3 e <strong>EUA<\/strong>, respectivamente) assinaram um documento em 1972 que obriga os Estados a n\u00e3o tomarem &#8220;nenhuma a\u00e7\u00e3o deliberada que possa danificar direta ou indiretamente patrim\u00f4nio cultural e natural de outros Estados\u201d.<\/p>\n<p>No \u00faltimo s\u00e1bado (4), o presidente norte-americano escreveu em seu Twitter que os EUA criaram uma lista de 52 locais que poder\u00e3o ser alvo do pa\u00eds, caso o Ir\u00e3 tente revidar o assassinato de um de seus mais importantes generais.<\/p>\n<h2>Impacto no petr\u00f3leo<\/h2>\n<p>Com a tens\u00e3o geopol\u00edtica entre Estados Unidos e o Ir\u00e3, o pre\u00e7o do petr\u00f3leo atingiu uma alta de mais de 1% na \u00faltima segunda-feira (6).<\/p>\n<p>Na \u00faltima sexta-feira (3), depois do ataque a\u00e9reo dos EUA que assassinou o segundo homem mais importante do Ir\u00e3, o <a href=\"https:\/\/www.youtube.com\/watch?v=kyva4BzKFN8\"><strong>petr\u00f3leo<\/strong> <\/a>encerrou em alta de 3,6%, a US$ 68,60 por barril. Na m\u00e1xima, a commodity chegou a ser cotada a US$ 69,50.<\/p>\n<p><span style=\"font-size: 1.21429rem;\">O presidente brasileiro, <strong>Jair Bolsonaro<\/strong>, afirmou que os brasileiros n\u00e3o precisam se preocupar porque a tend\u00eancia do pre\u00e7o do combust\u00edvel \u00e9 se estabilizar, mesmo com a tens\u00e3o entre o Oriente M\u00e9dio e os EUA\u00a0<\/span><\/p>\n\t<p>\n\t\t<a href=\"https:\/\/lp.suno.com.br\/asset\/fundos\/suno-fiagro-snag11\/\" target=\"_blank\" data-element=\"shortcode-suno-banner\" title=\"Banner SUNO, clique e saiba mais\">\n\t\t\t<picture>\n\t\t\t\t<source media=\"(max-width: 500px)\" srcset=\"https:\/\/files.sunoresearch.com.br\/n\/uploads\/2024\/03\/400x300-Mobile-Artigos-1_SNAG.png\">\n\t\t\t\t<img class=\"newsContent__article__imgCapa newsContent__article__imgCapa--banner\"\n\t\t\t\t\tsrc=\"https:\/\/files.sunoresearch.com.br\/n\/uploads\/2024\/03\/1420x240-Banner-Artigos-1-_-Banner-Materias-1_SNAG.png\"\n\t\t\t\t\tdata-promo-id=\"364416\"\t\t\t\t\t\t\t\t\t\twidth='1420' height='240'\t\t\t\t\talt=\"https:\/\/files.sunoresearch.com.br\/n\/uploads\/2024\/03\/1420x240-Banner-Artigos-1-_-Banner-Materias-1_SNAG.png\"\n\t\t\t\t>\n\t\t\t<\/picture>\n\t\t<\/a>\n\t<\/p>\n\n\n<p>&#8220;Reconhe\u00e7o que o pre\u00e7o [dos combust\u00edveis] est\u00e1 alto na bomba. Gra\u00e7as a Deus, pelo que parece, a quest\u00e3o l\u00e1 dos Estados Unidos e Iraque, do general l\u00e1 que n\u00e3o \u00e9 general e perdeu a vida [Soleimani], n\u00e3o houve&#8230; O impacto n\u00e3o foi grande. Foi 5% passou para 3,5%. N\u00e3o sei quanto est\u00e1 hoje a diferen\u00e7a em rela\u00e7\u00e3o ao dia do ataque, mas a tend\u00eancia \u00e9 estabilizar&#8221;, afirmou Bolsonaro.<\/p>\n<h2>EUA X Ir\u00e3<\/h2>\n<p>A escalada de tens\u00e3o entre os <strong>Estados Unidos <\/strong>e o <strong>Ir\u00e3 <\/strong>tiveram como marco o assassinato pelo pa\u00eds norte-americano do general iraniano Qassem Soleimani, o segundo homem mais poderoso do Ir\u00e3, na madrugada da \u00faltima sexta-feira (3).<\/p>\n<p>Desde maio de 2018, quando o presidente Donald Trump se retirou do acordo nuclear assinado entre o Ir\u00e3 e as principais pot\u00eancias globais, a tens\u00e3o entre <strong>Washington<\/strong> e <strong>Teer\u00e3<\/strong> vem crescendo.<\/p>\n<p>O l\u00edder supremo do Ir\u00e3, aiatol\u00e1 Ali Khamenei e o presidente Hassan Rouhani prometeram retalia\u00e7\u00e3o aos <strong>EUA<\/strong> ap\u00f3s a morte do general.<br \/>\n<\/p>\n","protected":false},"excerpt":{"rendered":"<p>Ap\u00f3s amea\u00e7as feitas pelo presidente dos Estados Unidos (EUA), Donald Trump, contra o patrim\u00f4nio cultural do Ir\u00e3, a Organiza\u00e7\u00e3o das Na\u00e7\u00f5es Unidas para a Educa\u00e7\u00e3o, a Ci\u00eancia e a Cultura (Unesco) reagiu advertindo o pa\u00eds norte-americano. Coronav\u00edrus: Senado norte-americano aprova pacote de US$ 2 trilh\u00f5es A diretora-geral da Unesco, Audrey Azoulay, afirmou que Teer\u00e3 e [&hellip;]<\/p>\n","protected":false},"author":19,"featured_media":21718,"comment_status":"closed","ping_status":"closed","sticky":false,"template":"","format":"standard","meta":[],"categories":[63],"tags":[724,793],"suno_strategy":[],"class_list":["post-48881","post","type-post","status-publish","format-standard","has-post-thumbnail","hentry","category-internacional","tag-donald-trump","tag-estados-unidos-eua"],"yoast_head":"<!-- This site is optimized with the Yoast SEO plugin v24.4 - https:\/\/yoast.com\/wordpress\/plugins\/seo\/ -->\n<title>EUA \u00e9 advertido pela Unesco para n\u00e3o amea\u00e7ar patrim\u00f4nio cultural do Ir\u00e3<\/title>\n<meta name=\"description\" content=\"A Unesco reagiu as amea\u00e7as feitas pelo presidente dos EUA ao Ir\u00e3 advertindo o pa\u00eds norte-americano. Clique aqui para saber mais.\" \/>\n<meta name=\"robots\" content=\"index, follow, max-snippet:-1, max-image-preview:large, max-video-preview:-1\" \/>\n<link rel=\"canonical\" href=\"https:\/\/www.suno.com.br\/noticias\/eua-e-alertado-pela-unesco-para-nao-ameacar-patrimonio-cultural-do-ira\/\" \/>\n<meta property=\"og:locale\" content=\"pt_BR\" \/>\n<meta property=\"og:type\" content=\"article\" \/>\n<meta property=\"og:title\" content=\"EUA \u00e9 advertido pela Unesco para n\u00e3o amea\u00e7ar patrim\u00f4nio cultural do Ir\u00e3\" \/>\n<meta property=\"og:description\" content=\"A Unesco reagiu as amea\u00e7as feitas pelo presidente dos EUA ao Ir\u00e3 advertindo o pa\u00eds norte-americano. Clique aqui para saber mais.\" \/>\n<meta property=\"og:url\" content=\"https:\/\/www.suno.com.br\/noticias\/eua-e-alertado-pela-unesco-para-nao-ameacar-patrimonio-cultural-do-ira\/\" \/>\n<meta property=\"og:site_name\" content=\"Suno Not\u00edcias\" \/>\n<meta property=\"article:publisher\" content=\"https:\/\/facebook.com\/sunoresearch\" \/>\n<meta property=\"og:image\" content=\"https:\/\/files.sunoresearch.com.br\/n\/uploads\/2019\/04\/61071237-resultadoseua-576x1024.png\" \/>\n\t<meta property=\"og:image:width\" content=\"576\" \/>\n\t<meta property=\"og:image:height\" content=\"1024\" \/>\n\t<meta property=\"og:image:type\" content=\"image\/png\" \/>\n<meta name=\"author\" content=\"Juliano Passaro\" \/>\n<meta name=\"twitter:card\" content=\"summary_large_image\" \/>\n<meta name=\"twitter:creator\" content=\"@sunoresearch\" \/>\n<meta name=\"twitter:site\" content=\"@sunoresearch\" \/>\n<meta name=\"twitter:label1\" content=\"Escrito por\" \/>\n\t<meta name=\"twitter:data1\" content=\"Juliano Passaro\" \/>\n\t<meta name=\"twitter:label2\" content=\"Est. tempo de leitura\" \/>\n\t<meta name=\"twitter:data2\" content=\"2 minutos\" \/>\n<script type=\"application\/ld+json\" class=\"yoast-schema-graph\">{\"@context\":\"https:\/\/schema.org\",\"@graph\":[{\"@type\":\"NewsArticle\",\"@id\":\"https:\/\/www.suno.com.br\/noticias\/eua-e-alertado-pela-unesco-para-nao-ameacar-patrimonio-cultural-do-ira\/#article\",\"isPartOf\":{\"@id\":\"https:\/\/www.suno.com.br\/noticias\/eua-e-alertado-pela-unesco-para-nao-ameacar-patrimonio-cultural-do-ira\/\"},\"author\":{\"name\":\"Juliano Passaro\",\"@id\":\"https:\/\/www.suno.com.br\/noticias\/#\/schema\/person\/1db762f78ffd8919a648a63e425953e3\"},\"headline\":\"EUA \u00e9 alertado pela Unesco para n\u00e3o amea\u00e7ar patrim\u00f4nio cultural do Ir\u00e3\",\"datePublished\":\"2020-01-07T14:37:30+00:00\",\"dateModified\":\"2021-06-14T02:39:45+00:00\",\"mainEntityOfPage\":{\"@id\":\"https:\/\/www.suno.com.br\/noticias\/eua-e-alertado-pela-unesco-para-nao-ameacar-patrimonio-cultural-do-ira\/\"},\"wordCount\":442,\"publisher\":{\"@id\":\"https:\/\/www.suno.com.br\/noticias\/#organization\"},\"image\":{\"@id\":\"https:\/\/www.suno.com.br\/noticias\/eua-e-alertado-pela-unesco-para-nao-ameacar-patrimonio-cultural-do-ira\/#primaryimage\"},\"thumbnailUrl\":\"https:\/\/files.sunoresearch.com.br\/n\/uploads\/2019\/04\/61071237-resultadoseua-png.webp\",\"keywords\":[\"Donald Trump\",\"Estados Unidos (EUA)\"],\"articleSection\":[\"Internacional\"],\"inLanguage\":\"pt-BR\"},{\"@type\":\"WebPage\",\"@id\":\"https:\/\/www.suno.com.br\/noticias\/eua-e-alertado-pela-unesco-para-nao-ameacar-patrimonio-cultural-do-ira\/\",\"url\":\"https:\/\/www.suno.com.br\/noticias\/eua-e-alertado-pela-unesco-para-nao-ameacar-patrimonio-cultural-do-ira\/\",\"name\":\"EUA \u00e9 advertido pela Unesco para n\u00e3o amea\u00e7ar patrim\u00f4nio cultural do Ir\u00e3\",\"isPartOf\":{\"@id\":\"https:\/\/www.suno.com.br\/noticias\/#website\"},\"primaryImageOfPage\":{\"@id\":\"https:\/\/www.suno.com.br\/noticias\/eua-e-alertado-pela-unesco-para-nao-ameacar-patrimonio-cultural-do-ira\/#primaryimage\"},\"image\":{\"@id\":\"https:\/\/www.suno.com.br\/noticias\/eua-e-alertado-pela-unesco-para-nao-ameacar-patrimonio-cultural-do-ira\/#primaryimage\"},\"thumbnailUrl\":\"https:\/\/files.sunoresearch.com.br\/n\/uploads\/2019\/04\/61071237-resultadoseua-png.webp\",\"datePublished\":\"2020-01-07T14:37:30+00:00\",\"dateModified\":\"2021-06-14T02:39:45+00:00\",\"description\":\"A Unesco reagiu as amea\u00e7as feitas pelo presidente dos EUA ao Ir\u00e3 advertindo o pa\u00eds norte-americano. Clique aqui para saber mais.\",\"breadcrumb\":{\"@id\":\"https:\/\/www.suno.com.br\/noticias\/eua-e-alertado-pela-unesco-para-nao-ameacar-patrimonio-cultural-do-ira\/#breadcrumb\"},\"inLanguage\":\"pt-BR\",\"potentialAction\":[{\"@type\":\"ReadAction\",\"target\":[\"https:\/\/www.suno.com.br\/noticias\/eua-e-alertado-pela-unesco-para-nao-ameacar-patrimonio-cultural-do-ira\/\"]}]},{\"@type\":\"ImageObject\",\"inLanguage\":\"pt-BR\",\"@id\":\"https:\/\/www.suno.com.br\/noticias\/eua-e-alertado-pela-unesco-para-nao-ameacar-patrimonio-cultural-do-ira\/#primaryimage\",\"url\":\"https:\/\/files.sunoresearch.com.br\/n\/uploads\/2019\/04\/61071237-resultadoseua-png.webp\",\"contentUrl\":\"https:\/\/files.sunoresearch.com.br\/n\/uploads\/2019\/04\/61071237-resultadoseua-png.webp\",\"width\":1080,\"height\":1920,\"caption\":\"Coronav\u00edrus: Senado norte-americano aprova pacote de US$ 2 trilh\u00f5es\"},{\"@type\":\"BreadcrumbList\",\"@id\":\"https:\/\/www.suno.com.br\/noticias\/eua-e-alertado-pela-unesco-para-nao-ameacar-patrimonio-cultural-do-ira\/#breadcrumb\",\"itemListElement\":[{\"@type\":\"ListItem\",\"position\":1,\"name\":\"Not\u00edcias\",\"item\":\"https:\/\/www.suno.com.br\/noticias\/\"},{\"@type\":\"ListItem\",\"position\":2,\"name\":\"Internacional\",\"item\":\"https:\/\/www.suno.com.br\/noticias\/internacional\/\"},{\"@type\":\"ListItem\",\"position\":3,\"name\":\"EUA \u00e9 alertado pela Unesco para n\u00e3o amea\u00e7ar patrim\u00f4nio cultural do Ir\u00e3\"}]},{\"@type\":\"WebSite\",\"@id\":\"https:\/\/www.suno.com.br\/noticias\/#website\",\"url\":\"https:\/\/www.suno.com.br\/noticias\/\",\"name\":\"Suno Not\u00edcias\",\"description\":\"Seu portal de informa\u00e7\u00e3o sobre o mundo dos investimentos\",\"publisher\":{\"@id\":\"https:\/\/www.suno.com.br\/noticias\/#organization\"},\"potentialAction\":[{\"@type\":\"SearchAction\",\"target\":{\"@type\":\"EntryPoint\",\"urlTemplate\":\"https:\/\/www.suno.com.br\/noticias\/?s={search_term_string}\"},\"query-input\":{\"@type\":\"PropertyValueSpecification\",\"valueRequired\":true,\"valueName\":\"search_term_string\"}}],\"inLanguage\":\"pt-BR\"},{\"@type\":\"Organization\",\"@id\":\"https:\/\/www.suno.com.br\/noticias\/#organization\",\"name\":\"Suno Not\u00edcias\",\"url\":\"https:\/\/www.suno.com.br\/noticias\/\",\"logo\":{\"@type\":\"ImageObject\",\"inLanguage\":\"pt-BR\",\"@id\":\"https:\/\/www.suno.com.br\/noticias\/#\/schema\/logo\/image\/\",\"url\":\"https:\/\/files.sunoresearch.com.br\/n\/uploads\/2021\/09\/suno-logo.png\",\"contentUrl\":\"https:\/\/files.sunoresearch.com.br\/n\/uploads\/2021\/09\/suno-logo.png\",\"width\":180,\"height\":180,\"caption\":\"Suno Not\u00edcias\"},\"image\":{\"@id\":\"https:\/\/www.suno.com.br\/noticias\/#\/schema\/logo\/image\/\"},\"sameAs\":[\"https:\/\/facebook.com\/sunoresearch\",\"https:\/\/x.com\/sunoresearch\",\"https:\/\/www.instagram.com\/suno\",\"https:\/\/www.linkedin.com\/company\/suno-research\/\",\"https:\/\/www.youtube.com\/c\/sunoresearch\"]},{\"@type\":\"Person\",\"@id\":\"https:\/\/www.suno.com.br\/noticias\/#\/schema\/person\/1db762f78ffd8919a648a63e425953e3\",\"name\":\"Juliano Passaro\",\"image\":{\"@type\":\"ImageObject\",\"inLanguage\":\"pt-BR\",\"@id\":\"https:\/\/www.suno.com.br\/noticias\/#\/schema\/person\/image\/\",\"url\":\"https:\/\/secure.gravatar.com\/avatar\/743d4df28eebf6dcc46b4ad03c319e92?s=96&r=g\",\"contentUrl\":\"https:\/\/secure.gravatar.com\/avatar\/743d4df28eebf6dcc46b4ad03c319e92?s=96&r=g\",\"caption\":\"Juliano Passaro\"},\"description\":\"Juliano Passaro escreve sobre pol\u00edtica, economia e neg\u00f3cios para o portal da Suno Research. Antes da Suno, trabalhou no Portal da Band. \u00c9 formado em jornalismo pela Universidade Presbiteriana Mackenzie.\",\"url\":\"https:\/\/www.suno.com.br\/noticias\/author\/juliano\/\"}]}<\/script>\n<!-- \/ Yoast SEO plugin. -->","yoast_head_json":{"title":"EUA \u00e9 advertido pela Unesco para n\u00e3o amea\u00e7ar patrim\u00f4nio cultural do Ir\u00e3","description":"A Unesco reagiu as amea\u00e7as feitas pelo presidente dos EUA ao Ir\u00e3 advertindo o pa\u00eds norte-americano. Clique aqui para saber mais.","robots":{"index":"index","follow":"follow","max-snippet":"max-snippet:-1","max-image-preview":"max-image-preview:large","max-video-preview":"max-video-preview:-1"},"canonical":"https:\/\/www.suno.com.br\/noticias\/eua-e-alertado-pela-unesco-para-nao-ameacar-patrimonio-cultural-do-ira\/","og_locale":"pt_BR","og_type":"article","og_title":"EUA \u00e9 advertido pela Unesco para n\u00e3o amea\u00e7ar patrim\u00f4nio cultural do Ir\u00e3","og_description":"A Unesco reagiu as amea\u00e7as feitas pelo presidente dos EUA ao Ir\u00e3 advertindo o pa\u00eds norte-americano. Clique aqui para saber mais.","og_url":"https:\/\/www.suno.com.br\/noticias\/eua-e-alertado-pela-unesco-para-nao-ameacar-patrimonio-cultural-do-ira\/","og_site_name":"Suno Not\u00edcias","article_publisher":"https:\/\/facebook.com\/sunoresearch","og_image":[{"width":576,"height":1024,"url":"https:\/\/files.sunoresearch.com.br\/n\/uploads\/2019\/04\/61071237-resultadoseua-576x1024.png","type":"image\/png"}],"author":"Juliano Passaro","twitter_card":"summary_large_image","twitter_creator":"@sunoresearch","twitter_site":"@sunoresearch","twitter_misc":{"Escrito por":"Juliano Passaro","Est. tempo de leitura":"2 minutos"},"schema":{"@context":"https:\/\/schema.org","@graph":[{"@type":"NewsArticle","@id":"https:\/\/www.suno.com.br\/noticias\/eua-e-alertado-pela-unesco-para-nao-ameacar-patrimonio-cultural-do-ira\/#article","isPartOf":{"@id":"https:\/\/www.suno.com.br\/noticias\/eua-e-alertado-pela-unesco-para-nao-ameacar-patrimonio-cultural-do-ira\/"},"author":{"name":"Juliano Passaro","@id":"https:\/\/www.suno.com.br\/noticias\/#\/schema\/person\/1db762f78ffd8919a648a63e425953e3"},"headline":"EUA \u00e9 alertado pela Unesco para n\u00e3o amea\u00e7ar patrim\u00f4nio cultural do Ir\u00e3","datePublished":"2020-01-07T14:37:30+00:00","dateModified":"2021-06-14T02:39:45+00:00","mainEntityOfPage":{"@id":"https:\/\/www.suno.com.br\/noticias\/eua-e-alertado-pela-unesco-para-nao-ameacar-patrimonio-cultural-do-ira\/"},"wordCount":442,"publisher":{"@id":"https:\/\/www.suno.com.br\/noticias\/#organization"},"image":{"@id":"https:\/\/www.suno.com.br\/noticias\/eua-e-alertado-pela-unesco-para-nao-ameacar-patrimonio-cultural-do-ira\/#primaryimage"},"thumbnailUrl":"https:\/\/files.sunoresearch.com.br\/n\/uploads\/2019\/04\/61071237-resultadoseua-png.webp","keywords":["Donald Trump","Estados Unidos (EUA)"],"articleSection":["Internacional"],"inLanguage":"pt-BR"},{"@type":"WebPage","@id":"https:\/\/www.suno.com.br\/noticias\/eua-e-alertado-pela-unesco-para-nao-ameacar-patrimonio-cultural-do-ira\/","url":"https:\/\/www.suno.com.br\/noticias\/eua-e-alertado-pela-unesco-para-nao-ameacar-patrimonio-cultural-do-ira\/","name":"EUA \u00e9 advertido pela Unesco para n\u00e3o amea\u00e7ar patrim\u00f4nio cultural do Ir\u00e3","isPartOf":{"@id":"https:\/\/www.suno.com.br\/noticias\/#website"},"primaryImageOfPage":{"@id":"https:\/\/www.suno.com.br\/noticias\/eua-e-alertado-pela-unesco-para-nao-ameacar-patrimonio-cultural-do-ira\/#primaryimage"},"image":{"@id":"https:\/\/www.suno.com.br\/noticias\/eua-e-alertado-pela-unesco-para-nao-ameacar-patrimonio-cultural-do-ira\/#primaryimage"},"thumbnailUrl":"https:\/\/files.sunoresearch.com.br\/n\/uploads\/2019\/04\/61071237-resultadoseua-png.webp","datePublished":"2020-01-07T14:37:30+00:00","dateModified":"2021-06-14T02:39:45+00:00","description":"A Unesco reagiu as amea\u00e7as feitas pelo presidente dos EUA ao Ir\u00e3 advertindo o pa\u00eds norte-americano. Clique aqui para saber mais.","breadcrumb":{"@id":"https:\/\/www.suno.com.br\/noticias\/eua-e-alertado-pela-unesco-para-nao-ameacar-patrimonio-cultural-do-ira\/#breadcrumb"},"inLanguage":"pt-BR","potentialAction":[{"@type":"ReadAction","target":["https:\/\/www.suno.com.br\/noticias\/eua-e-alertado-pela-unesco-para-nao-ameacar-patrimonio-cultural-do-ira\/"]}]},{"@type":"ImageObject","inLanguage":"pt-BR","@id":"https:\/\/www.suno.com.br\/noticias\/eua-e-alertado-pela-unesco-para-nao-ameacar-patrimonio-cultural-do-ira\/#primaryimage","url":"https:\/\/files.sunoresearch.com.br\/n\/uploads\/2019\/04\/61071237-resultadoseua-png.webp","contentUrl":"https:\/\/files.sunoresearch.com.br\/n\/uploads\/2019\/04\/61071237-resultadoseua-png.webp","width":1080,"height":1920,"caption":"Coronav\u00edrus: Senado norte-americano aprova pacote de US$ 2 trilh\u00f5es"},{"@type":"BreadcrumbList","@id":"https:\/\/www.suno.com.br\/noticias\/eua-e-alertado-pela-unesco-para-nao-ameacar-patrimonio-cultural-do-ira\/#breadcrumb","itemListElement":[{"@type":"ListItem","position":1,"name":"Not\u00edcias","item":"https:\/\/www.suno.com.br\/noticias\/"},{"@type":"ListItem","position":2,"name":"Internacional","item":"https:\/\/www.suno.com.br\/noticias\/internacional\/"},{"@type":"ListItem","position":3,"name":"EUA \u00e9 alertado pela Unesco para n\u00e3o amea\u00e7ar patrim\u00f4nio cultural do Ir\u00e3"}]},{"@type":"WebSite","@id":"https:\/\/www.suno.com.br\/noticias\/#website","url":"https:\/\/www.suno.com.br\/noticias\/","name":"Suno Not\u00edcias","description":"Seu portal de informa\u00e7\u00e3o sobre o mundo dos investimentos","publisher":{"@id":"https:\/\/www.suno.com.br\/noticias\/#organization"},"potentialAction":[{"@type":"SearchAction","target":{"@type":"EntryPoint","urlTemplate":"https:\/\/www.suno.com.br\/noticias\/?s={search_term_string}"},"query-input":{"@type":"PropertyValueSpecification","valueRequired":true,"valueName":"search_term_string"}}],"inLanguage":"pt-BR"},{"@type":"Organization","@id":"https:\/\/www.suno.com.br\/noticias\/#organization","name":"Suno Not\u00edcias","url":"https:\/\/www.suno.com.br\/noticias\/","logo":{"@type":"ImageObject","inLanguage":"pt-BR","@id":"https:\/\/www.suno.com.br\/noticias\/#\/schema\/logo\/image\/","url":"https:\/\/files.sunoresearch.com.br\/n\/uploads\/2021\/09\/suno-logo.png","contentUrl":"https:\/\/files.sunoresearch.com.br\/n\/uploads\/2021\/09\/suno-logo.png","width":180,"height":180,"caption":"Suno Not\u00edcias"},"image":{"@id":"https:\/\/www.suno.com.br\/noticias\/#\/schema\/logo\/image\/"},"sameAs":["https:\/\/facebook.com\/sunoresearch","https:\/\/x.com\/sunoresearch","https:\/\/www.instagram.com\/suno","https:\/\/www.linkedin.com\/company\/suno-research\/","https:\/\/www.youtube.com\/c\/sunoresearch"]},{"@type":"Person","@id":"https:\/\/www.suno.com.br\/noticias\/#\/schema\/person\/1db762f78ffd8919a648a63e425953e3","name":"Juliano Passaro","image":{"@type":"ImageObject","inLanguage":"pt-BR","@id":"https:\/\/www.suno.com.br\/noticias\/#\/schema\/person\/image\/","url":"https:\/\/secure.gravatar.com\/avatar\/743d4df28eebf6dcc46b4ad03c319e92?s=96&r=g","contentUrl":"https:\/\/secure.gravatar.com\/avatar\/743d4df28eebf6dcc46b4ad03c319e92?s=96&r=g","caption":"Juliano Passaro"},"description":"Juliano Passaro escreve sobre pol\u00edtica, economia e neg\u00f3cios para o portal da Suno Research. Antes da Suno, trabalhou no Portal da Band. \u00c9 formado em jornalismo pela Universidade Presbiteriana Mackenzie.","url":"https:\/\/www.suno.com.br\/noticias\/author\/juliano\/"}]}},"default_loop_html":"<div class=\"cardsPage__listCard__boxs\"><div class=\"cardsPage__listCard__boxs__img\"><a href=\"https:\/\/www.suno.com.br\/noticias\/eua-e-alertado-pela-unesco-para-nao-ameacar-patrimonio-cultural-do-ira\/\"><img class=\"mask\" src=\"https:\/\/www.suno.com.br\/noticias\/wp-content\/themes\/suno\/resources\/images\/spotlight\/spotlight1img\/bg-mask.png\" alt=\"Image Mask\"\/><img src=\"https:\/\/files.sunoresearch.com.br\/n\/uploads\/2019\/04\/61071237-resultadoseua-400x200.webp\" alt=\"EUA \u00e9 alertado pela Unesco para n\u00e3o amea\u00e7ar patrim\u00f4nio cultural do Ir\u00e3\"\/><\/a><span class=\"spotlightCategory\"><a href=\"https:\/\/www.suno.com.br\/noticias\/internacional\/\">Internacional<\/a><\/span><\/div><div class=\"cardsPage__listCard__boxs__content\"><a href=\"https:\/\/www.suno.com.br\/noticias\/eua-e-alertado-pela-unesco-para-nao-ameacar-patrimonio-cultural-do-ira\/\"><h2 class=\"content__title\">EUA \u00e9 alertado pela Unesco para n\u00e3o amea\u00e7ar patrim\u00f4nio cultural do Ir\u00e3<\/h2><\/a><div class=\"newsContent__article__meta\"><div class=\"newsContent__article__meta__authorBox\"><a href=\"https:\/\/www.suno.com.br\/noticias\/author\/juliano\/\" class=\"authorBox__avatar noMobi\"><img src=\"https:\/\/files.sunoresearch.com.br\/n\/uploads\/2019\/06\/7cc3efea-whatsapp-image-2019-07-18-at-21.59.33-e1563499821209-150x150.webp\" alt=\"Juliano Passaro\"><\/a><div class=\"authorBox__name\"><span>por\n\t\t\t<a href=\"https:\/\/www.suno.com.br\/noticias\/author\/juliano\/\"><span itemprop=\"author\">Juliano Passaro<\/span><\/a><\/span><time datetime=\"2020-01-07T12:37:30-03:00\" itemprop=\"datePublished\">07\/01\/2020 12:37<\/time><\/div><\/div><\/div><\/div><\/div>","single_layout":"posts","amp_enabled":true,"_links":{"self":[{"href":"https:\/\/www.suno.com.br\/noticias\/wp-json\/wp\/v2\/posts\/48881"}],"collection":[{"href":"https:\/\/www.suno.com.br\/noticias\/wp-json\/wp\/v2\/posts"}],"about":[{"href":"https:\/\/www.suno.com.br\/noticias\/wp-json\/wp\/v2\/types\/post"}],"author":[{"embeddable":true,"href":"https:\/\/www.suno.com.br\/noticias\/wp-json\/wp\/v2\/users\/19"}],"replies":[{"embeddable":true,"href":"https:\/\/www.suno.com.br\/noticias\/wp-json\/wp\/v2\/comments?post=48881"}],"version-history":[{"count":1,"href":"https:\/\/www.suno.com.br\/noticias\/wp-json\/wp\/v2\/posts\/48881\/revisions"}],"predecessor-version":[{"id":157210,"href":"https:\/\/www.suno.com.br\/noticias\/wp-json\/wp\/v2\/posts\/48881\/revisions\/157210"}],"wp:featuredmedia":[{"embeddable":true,"href":"https:\/\/www.suno.com.br\/noticias\/wp-json\/wp\/v2\/media\/21718"}],"wp:attachment":[{"href":"https:\/\/www.suno.com.br\/noticias\/wp-json\/wp\/v2\/media?parent=48881"}],"wp:term":[{"taxonomy":"category","embeddable":true,"href":"https:\/\/www.suno.com.br\/noticias\/wp-json\/wp\/v2\/categories?post=48881"},{"taxonomy":"post_tag","embeddable":true,"href":"https:\/\/www.suno.com.br\/noticias\/wp-json\/wp\/v2\/tags?post=48881"},{"taxonomy":"suno_strategy","embeddable":true,"href":"https:\/\/www.suno.com.br\/noticias\/wp-json\/wp\/v2\/suno_strategy?post=48881"}],"curies":[{"name":"wp","href":"https:\/\/api.w.org\/{rel}","templated":true}]}}