{"id":48877,"date":"2020-01-07T12:13:08","date_gmt":"2020-01-07T14:13:08","guid":{"rendered":"https:\/\/www.suno.com.br\/noticias\/?p=48877"},"modified":"2020-01-07T12:13:08","modified_gmt":"2020-01-07T14:13:08","slug":"edp-antecipa-operacao-no-nordeste","status":"publish","type":"post","link":"https:\/\/www.suno.com.br\/noticias\/edp-antecipa-operacao-no-nordeste\/","title":{"rendered":"EDP antecipa opera\u00e7\u00e3o em nova linha de transmiss\u00e3o no nordeste"},"content":{"rendered":"<p>A EDP (<strong><a href=\"https:\/\/www.suno.com.br\/acoes\/enbr3\/\">ENBR3<\/a><\/strong>) comunicou nesta ter\u00e7a-feira (7) que solicitou ao <strong>Operador Nacional do Sistema El\u00e9trico<\/strong> (ONS) o termo de libera\u00e7\u00e3o do in\u00edcio de opera\u00e7\u00e3o comercial de uma das partes da linha de transmiss\u00e3o e da subesta\u00e7\u00e3o Chapadinha II da EDP Transmiss\u00e3o MA II, no Maranh\u00e3o.<\/p>\t<div class=\"wrapper-featured-image\">\n\t\t<figure class=\"spotlightImg\">\n\n\t\t\t<picture>\n\t\t\t\t<source media=\"(max-width: 768px)\" srcset=\"https:\/\/files.sunoresearch.com.br\/n\/uploads\/2019\/12\/dfe6ffb6-edp-400x200.gif\">\n\t\t\t\t<img loading=\"lazy\" decoding=\"async\" class=\"newsContent__article__imgCapa lazyloadDisabled newsContent__article__imgCapa--noCaption\" src=\"https:\/\/files.sunoresearch.com.br\/n\/uploads\/2019\/12\/dfe6ffb6-edp.gif\" width=\"800\" height=\"450\" alt=\"EDP antecipa opera\u00e7\u00e3o em nova linha de transmiss\u00e3o no nordeste\" fetchpriority=high \/>\n\t\t\t<\/picture>\n\n\t\t\t<figcaption class=\"wp-caption-text wp-caption-text--hide\">A EDP inaugurou o primeiro eletroposto de recarga ultrarr\u00e1pida da Am\u00e9rica do Sul no Estado de S\u00e3o Paulo<\/figcaption>\n\t\t<\/figure>\n\t<\/div>\n\n\n\n<p>Adquirida por meio de um leil\u00e3o, a <strong>EDP<\/strong> Transmiss\u00e3o MA II possui 203 km de linha de transmiss\u00e3o divididos em 2 linhas de 230 kV (Coelho Neto e Miranda II), sem considerar a subesta\u00e7\u00e3o.<\/p>\n<p><a href=\"https:\/\/www.suno.com.br\/noticias\/edp-brasil-investimento-2-bi-sao-paulo\/\">Veja tamb\u00e9m: EDP Brasil anuncia investimento de R$ 2,5 bi no Estado de S\u00e3o Paulo<\/a><\/p>\n<p>O investimento total do projeto \u00e9 de R$ 182 milh\u00f5es. Pouco mais de mil empregos diretos foram criados durante a constru\u00e7\u00e3o.<\/p>\n<p>Com base no calend\u00e1rio da <strong>Ag\u00eancia Nacional de Energia El\u00e9trica<\/strong> (Aneel), a entrada da companhia est\u00e1 antecipada em mais de um ano e meio. Em rela\u00e7\u00e3o \u00e0 premissa adotada pela companhia no leil\u00e3o, o adiantamento \u00e9 de 14 meses, representando uma <strong>Receita Anual Permitida Parcial<\/strong> (RAP) de R$ 17 milh\u00f5es.<\/p>\n\t<p>\n\t\t<a href=\"https:\/\/lp.suno.com.br\/minicurso-investindo-fiis\/\" target=\"_blank\" data-element=\"shortcode-suno-banner\" title=\"Banner SUNO, clique e saiba mais\">\n\t\t\t<picture>\n\t\t\t\t<source media=\"(max-width: 500px)\" srcset=\"https:\/\/files.sunoresearch.com.br\/n\/uploads\/2023\/03\/400x300-Minicurso-FIIS.png\">\n\t\t\t\t<img class=\"newsContent__article__imgCapa newsContent__article__imgCapa--banner\"\n\t\t\t\t\tsrc=\"https:\/\/files.sunoresearch.com.br\/n\/uploads\/2023\/03\/1420x240-Minicurso-FIIS.png\"\n\t\t\t\t\tdata-promo-id=\"383125\"\t\t\t\t\t\t\t\t\t\twidth='1420' height='240'\t\t\t\t\talt=\"https:\/\/files.sunoresearch.com.br\/n\/uploads\/2023\/03\/1420x240-Minicurso-FIIS.png\"\n\t\t\t\t>\n\t\t\t<\/picture>\n\t\t<\/a>\n\t<\/p>\n\n\n<p>O processo de energiza\u00e7\u00e3o do sistema foi realizada logo ap\u00f3s a libera\u00e7\u00e3o do termo. A receita antecipada ser\u00e1 na ordem de R$ 27 milh\u00f5es com a antecipa\u00e7\u00e3o da opera\u00e7\u00e3o comercial. A alavancagem \u00e9 de cerca de 70% do <a href=\"https:\/\/www.suno.com.br\/artigos\/capex\/\">Capex<\/a> total.<\/p>\n<p>Segundo <strong>Luiz Ot\u00e1vio Henriques<\/strong>, vice-presidente de Gera\u00e7\u00e3o e Transmiss\u00e3o da empresa, o projeto \u201cpermitir\u00e1 melhorar o atendimento da demanda energ\u00e9tica no Maranh\u00e3o, dotando o estado da infraestrutura necess\u00e1ria para impulsionar seu desenvolvimento econ\u00f4mico, al\u00e9m de aumentar a confiabilidade do sistema el\u00e9trico nacional\u201d.<\/p>\n<p><a href=\"https:\/\/www.suno.com.br\/noticias\/edp-brasil-aquisicao-acoes-celesc-r-28-5-mi\/\">Confira: EDP Brasil anuncia aquisi\u00e7\u00e3o adicional de a\u00e7\u00f5es da Celesc por R$ 28,5 mi<\/a><\/p>\n<p>A <strong>EDP<\/strong> tamb\u00e9m \u00e9 respons\u00e1vel em implementar outro projeto de transmiss\u00e3o no Maranh\u00e3o. Comprado no mesmo leil\u00e3o da <strong>Aneel<\/strong>, o lote 7 \u00e9 composto por 127 quil\u00f4metros de linhas e de uma nova subesta\u00e7\u00e3o de energia em S\u00e3o Lu\u00eds (SE S\u00e3o Lu\u00eds IV).<\/p>\n\n","protected":false},"excerpt":{"rendered":"<p>A EDP (ENBR3) comunicou nesta ter\u00e7a-feira (7) que solicitou ao Operador Nacional do Sistema El\u00e9trico (ONS) o termo de libera\u00e7\u00e3o do in\u00edcio de opera\u00e7\u00e3o comercial de uma das partes da linha de transmiss\u00e3o e da subesta\u00e7\u00e3o Chapadinha II da EDP Transmiss\u00e3o MA II, no Maranh\u00e3o. A EDP inaugurou o primeiro eletroposto de recarga ultrarr\u00e1pida da [&hellip;]<\/p>\n","protected":false},"author":24,"featured_media":48475,"comment_status":"closed","ping_status":"closed","sticky":false,"template":"","format":"standard","meta":[],"categories":[64],"tags":[1207],"suno_strategy":[],"class_list":["post-48877","post","type-post","status-publish","format-standard","has-post-thumbnail","hentry","category-negocios","tag-edp-brasil-enbr3"],"yoast_head":"<!-- This site is optimized with the Yoast SEO plugin v24.4 - https:\/\/yoast.com\/wordpress\/plugins\/seo\/ -->\n<title>EDP antecipa opera\u00e7\u00e3o em nova linha de transmiss\u00e3o no nordeste<\/title>\n<meta name=\"description\" content=\"A EDP comunicou nesta ter\u00e7a que solicitou ao ONS o termo de libera\u00e7\u00e3o do in\u00edcio de opera\u00e7\u00e3o comercial em Chapadinha II. Clique e saiba mais,.\" \/>\n<meta name=\"robots\" content=\"index, follow, max-snippet:-1, max-image-preview:large, max-video-preview:-1\" \/>\n<link rel=\"canonical\" href=\"https:\/\/www.suno.com.br\/noticias\/edp-antecipa-operacao-no-nordeste\/\" \/>\n<meta property=\"og:locale\" content=\"pt_BR\" \/>\n<meta property=\"og:type\" content=\"article\" \/>\n<meta property=\"og:title\" content=\"EDP antecipa opera\u00e7\u00e3o em nova linha de transmiss\u00e3o no nordeste\" \/>\n<meta property=\"og:description\" content=\"A EDP comunicou nesta ter\u00e7a que solicitou ao ONS o termo de libera\u00e7\u00e3o do in\u00edcio de opera\u00e7\u00e3o comercial em Chapadinha II. Clique e saiba mais,.\" \/>\n<meta property=\"og:url\" content=\"https:\/\/www.suno.com.br\/noticias\/edp-antecipa-operacao-no-nordeste\/\" \/>\n<meta property=\"og:site_name\" content=\"Suno Not\u00edcias\" \/>\n<meta property=\"article:publisher\" content=\"https:\/\/facebook.com\/sunoresearch\" \/>\n<meta property=\"og:image\" content=\"https:\/\/files.sunoresearch.com.br\/n\/uploads\/2019\/12\/dfe6ffb6-edp.gif\" \/>\n\t<meta property=\"og:image:width\" content=\"680\" \/>\n\t<meta property=\"og:image:height\" content=\"453\" \/>\n\t<meta property=\"og:image:type\" content=\"image\/gif\" \/>\n<meta name=\"author\" content=\"Jader Lazarini\" \/>\n<meta name=\"twitter:card\" content=\"summary_large_image\" \/>\n<meta name=\"twitter:creator\" content=\"@sunoresearch\" \/>\n<meta name=\"twitter:site\" content=\"@sunoresearch\" \/>\n<meta name=\"twitter:label1\" content=\"Escrito por\" \/>\n\t<meta name=\"twitter:data1\" content=\"Jader Lazarini\" \/>\n\t<meta name=\"twitter:label2\" content=\"Est. tempo de leitura\" \/>\n\t<meta name=\"twitter:data2\" content=\"2 minutos\" \/>\n<script type=\"application\/ld+json\" class=\"yoast-schema-graph\">{\"@context\":\"https:\/\/schema.org\",\"@graph\":[{\"@type\":\"NewsArticle\",\"@id\":\"https:\/\/www.suno.com.br\/noticias\/edp-antecipa-operacao-no-nordeste\/#article\",\"isPartOf\":{\"@id\":\"https:\/\/www.suno.com.br\/noticias\/edp-antecipa-operacao-no-nordeste\/\"},\"author\":{\"name\":\"Jader Lazarini\",\"@id\":\"https:\/\/www.suno.com.br\/noticias\/#\/schema\/person\/918d79de1f0281f01599b93f9ea6e23f\"},\"headline\":\"EDP antecipa opera\u00e7\u00e3o em nova linha de transmiss\u00e3o no nordeste\",\"datePublished\":\"2020-01-07T14:13:08+00:00\",\"mainEntityOfPage\":{\"@id\":\"https:\/\/www.suno.com.br\/noticias\/edp-antecipa-operacao-no-nordeste\/\"},\"wordCount\":359,\"publisher\":{\"@id\":\"https:\/\/www.suno.com.br\/noticias\/#organization\"},\"image\":{\"@id\":\"https:\/\/www.suno.com.br\/noticias\/edp-antecipa-operacao-no-nordeste\/#primaryimage\"},\"thumbnailUrl\":\"https:\/\/files.sunoresearch.com.br\/n\/uploads\/2019\/12\/dfe6ffb6-edp.gif\",\"keywords\":[\"EDP Brasil (ENBR3)\"],\"articleSection\":[\"Neg\u00f3cios\"],\"inLanguage\":\"pt-BR\"},{\"@type\":\"WebPage\",\"@id\":\"https:\/\/www.suno.com.br\/noticias\/edp-antecipa-operacao-no-nordeste\/\",\"url\":\"https:\/\/www.suno.com.br\/noticias\/edp-antecipa-operacao-no-nordeste\/\",\"name\":\"EDP antecipa opera\u00e7\u00e3o em nova linha de transmiss\u00e3o no nordeste\",\"isPartOf\":{\"@id\":\"https:\/\/www.suno.com.br\/noticias\/#website\"},\"primaryImageOfPage\":{\"@id\":\"https:\/\/www.suno.com.br\/noticias\/edp-antecipa-operacao-no-nordeste\/#primaryimage\"},\"image\":{\"@id\":\"https:\/\/www.suno.com.br\/noticias\/edp-antecipa-operacao-no-nordeste\/#primaryimage\"},\"thumbnailUrl\":\"https:\/\/files.sunoresearch.com.br\/n\/uploads\/2019\/12\/dfe6ffb6-edp.gif\",\"datePublished\":\"2020-01-07T14:13:08+00:00\",\"description\":\"A EDP comunicou nesta ter\u00e7a que solicitou ao ONS o termo de libera\u00e7\u00e3o do in\u00edcio de opera\u00e7\u00e3o comercial em Chapadinha II. Clique e saiba mais,.\",\"breadcrumb\":{\"@id\":\"https:\/\/www.suno.com.br\/noticias\/edp-antecipa-operacao-no-nordeste\/#breadcrumb\"},\"inLanguage\":\"pt-BR\",\"potentialAction\":[{\"@type\":\"ReadAction\",\"target\":[\"https:\/\/www.suno.com.br\/noticias\/edp-antecipa-operacao-no-nordeste\/\"]}]},{\"@type\":\"ImageObject\",\"inLanguage\":\"pt-BR\",\"@id\":\"https:\/\/www.suno.com.br\/noticias\/edp-antecipa-operacao-no-nordeste\/#primaryimage\",\"url\":\"https:\/\/files.sunoresearch.com.br\/n\/uploads\/2019\/12\/dfe6ffb6-edp.gif\",\"contentUrl\":\"https:\/\/files.sunoresearch.com.br\/n\/uploads\/2019\/12\/dfe6ffb6-edp.gif\",\"width\":680,\"height\":453,\"caption\":\"A EDP inaugurou o primeiro eletroposto de recarga ultrarr\u00e1pida da Am\u00e9rica do Sul no Estado de S\u00e3o Paulo\"},{\"@type\":\"BreadcrumbList\",\"@id\":\"https:\/\/www.suno.com.br\/noticias\/edp-antecipa-operacao-no-nordeste\/#breadcrumb\",\"itemListElement\":[{\"@type\":\"ListItem\",\"position\":1,\"name\":\"Not\u00edcias\",\"item\":\"https:\/\/www.suno.com.br\/noticias\/\"},{\"@type\":\"ListItem\",\"position\":2,\"name\":\"Neg\u00f3cios\",\"item\":\"https:\/\/www.suno.com.br\/noticias\/negocios\/\"},{\"@type\":\"ListItem\",\"position\":3,\"name\":\"EDP antecipa opera\u00e7\u00e3o em nova linha de transmiss\u00e3o no nordeste\"}]},{\"@type\":\"WebSite\",\"@id\":\"https:\/\/www.suno.com.br\/noticias\/#website\",\"url\":\"https:\/\/www.suno.com.br\/noticias\/\",\"name\":\"Suno Not\u00edcias\",\"description\":\"Seu portal de informa\u00e7\u00e3o sobre o mundo dos investimentos\",\"publisher\":{\"@id\":\"https:\/\/www.suno.com.br\/noticias\/#organization\"},\"potentialAction\":[{\"@type\":\"SearchAction\",\"target\":{\"@type\":\"EntryPoint\",\"urlTemplate\":\"https:\/\/www.suno.com.br\/noticias\/?s={search_term_string}\"},\"query-input\":{\"@type\":\"PropertyValueSpecification\",\"valueRequired\":true,\"valueName\":\"search_term_string\"}}],\"inLanguage\":\"pt-BR\"},{\"@type\":\"Organization\",\"@id\":\"https:\/\/www.suno.com.br\/noticias\/#organization\",\"name\":\"Suno Not\u00edcias\",\"url\":\"https:\/\/www.suno.com.br\/noticias\/\",\"logo\":{\"@type\":\"ImageObject\",\"inLanguage\":\"pt-BR\",\"@id\":\"https:\/\/www.suno.com.br\/noticias\/#\/schema\/logo\/image\/\",\"url\":\"https:\/\/files.sunoresearch.com.br\/n\/uploads\/2021\/09\/suno-logo.png\",\"contentUrl\":\"https:\/\/files.sunoresearch.com.br\/n\/uploads\/2021\/09\/suno-logo.png\",\"width\":180,\"height\":180,\"caption\":\"Suno Not\u00edcias\"},\"image\":{\"@id\":\"https:\/\/www.suno.com.br\/noticias\/#\/schema\/logo\/image\/\"},\"sameAs\":[\"https:\/\/facebook.com\/sunoresearch\",\"https:\/\/x.com\/sunoresearch\",\"https:\/\/www.instagram.com\/suno\",\"https:\/\/www.linkedin.com\/company\/suno-research\/\",\"https:\/\/www.youtube.com\/c\/sunoresearch\"]},{\"@type\":\"Person\",\"@id\":\"https:\/\/www.suno.com.br\/noticias\/#\/schema\/person\/918d79de1f0281f01599b93f9ea6e23f\",\"name\":\"Jader Lazarini\",\"image\":{\"@type\":\"ImageObject\",\"inLanguage\":\"pt-BR\",\"@id\":\"https:\/\/www.suno.com.br\/noticias\/#\/schema\/person\/image\/\",\"url\":\"https:\/\/secure.gravatar.com\/avatar\/3c1ad8caa51589841baeb923fcddea97?s=96&r=g\",\"contentUrl\":\"https:\/\/secure.gravatar.com\/avatar\/3c1ad8caa51589841baeb923fcddea97?s=96&r=g\",\"caption\":\"Jader Lazarini\"},\"description\":\"Jader Lazarini escreve sobre investimentos, finan\u00e7as, economia e neg\u00f3cios. \u00c9 bacharel em Rela\u00e7\u00f5es Internacionais e analista CNPI (2619).\",\"url\":\"https:\/\/www.suno.com.br\/noticias\/author\/jader-lazarini\/\"}]}<\/script>\n<!-- \/ Yoast SEO plugin. -->","yoast_head_json":{"title":"EDP antecipa opera\u00e7\u00e3o em nova linha de transmiss\u00e3o no nordeste","description":"A EDP comunicou nesta ter\u00e7a que solicitou ao ONS o termo de libera\u00e7\u00e3o do in\u00edcio de opera\u00e7\u00e3o comercial em Chapadinha II. Clique e saiba mais,.","robots":{"index":"index","follow":"follow","max-snippet":"max-snippet:-1","max-image-preview":"max-image-preview:large","max-video-preview":"max-video-preview:-1"},"canonical":"https:\/\/www.suno.com.br\/noticias\/edp-antecipa-operacao-no-nordeste\/","og_locale":"pt_BR","og_type":"article","og_title":"EDP antecipa opera\u00e7\u00e3o em nova linha de transmiss\u00e3o no nordeste","og_description":"A EDP comunicou nesta ter\u00e7a que solicitou ao ONS o termo de libera\u00e7\u00e3o do in\u00edcio de opera\u00e7\u00e3o comercial em Chapadinha II. Clique e saiba mais,.","og_url":"https:\/\/www.suno.com.br\/noticias\/edp-antecipa-operacao-no-nordeste\/","og_site_name":"Suno Not\u00edcias","article_publisher":"https:\/\/facebook.com\/sunoresearch","og_image":[{"width":680,"height":453,"url":"https:\/\/files.sunoresearch.com.br\/n\/uploads\/2019\/12\/dfe6ffb6-edp.gif","type":"image\/gif"}],"author":"Jader Lazarini","twitter_card":"summary_large_image","twitter_creator":"@sunoresearch","twitter_site":"@sunoresearch","twitter_misc":{"Escrito por":"Jader Lazarini","Est. tempo de leitura":"2 minutos"},"schema":{"@context":"https:\/\/schema.org","@graph":[{"@type":"NewsArticle","@id":"https:\/\/www.suno.com.br\/noticias\/edp-antecipa-operacao-no-nordeste\/#article","isPartOf":{"@id":"https:\/\/www.suno.com.br\/noticias\/edp-antecipa-operacao-no-nordeste\/"},"author":{"name":"Jader Lazarini","@id":"https:\/\/www.suno.com.br\/noticias\/#\/schema\/person\/918d79de1f0281f01599b93f9ea6e23f"},"headline":"EDP antecipa opera\u00e7\u00e3o em nova linha de transmiss\u00e3o no nordeste","datePublished":"2020-01-07T14:13:08+00:00","mainEntityOfPage":{"@id":"https:\/\/www.suno.com.br\/noticias\/edp-antecipa-operacao-no-nordeste\/"},"wordCount":359,"publisher":{"@id":"https:\/\/www.suno.com.br\/noticias\/#organization"},"image":{"@id":"https:\/\/www.suno.com.br\/noticias\/edp-antecipa-operacao-no-nordeste\/#primaryimage"},"thumbnailUrl":"https:\/\/files.sunoresearch.com.br\/n\/uploads\/2019\/12\/dfe6ffb6-edp.gif","keywords":["EDP Brasil (ENBR3)"],"articleSection":["Neg\u00f3cios"],"inLanguage":"pt-BR"},{"@type":"WebPage","@id":"https:\/\/www.suno.com.br\/noticias\/edp-antecipa-operacao-no-nordeste\/","url":"https:\/\/www.suno.com.br\/noticias\/edp-antecipa-operacao-no-nordeste\/","name":"EDP antecipa opera\u00e7\u00e3o em nova linha de transmiss\u00e3o no nordeste","isPartOf":{"@id":"https:\/\/www.suno.com.br\/noticias\/#website"},"primaryImageOfPage":{"@id":"https:\/\/www.suno.com.br\/noticias\/edp-antecipa-operacao-no-nordeste\/#primaryimage"},"image":{"@id":"https:\/\/www.suno.com.br\/noticias\/edp-antecipa-operacao-no-nordeste\/#primaryimage"},"thumbnailUrl":"https:\/\/files.sunoresearch.com.br\/n\/uploads\/2019\/12\/dfe6ffb6-edp.gif","datePublished":"2020-01-07T14:13:08+00:00","description":"A EDP comunicou nesta ter\u00e7a que solicitou ao ONS o termo de libera\u00e7\u00e3o do in\u00edcio de opera\u00e7\u00e3o comercial em Chapadinha II. Clique e saiba mais,.","breadcrumb":{"@id":"https:\/\/www.suno.com.br\/noticias\/edp-antecipa-operacao-no-nordeste\/#breadcrumb"},"inLanguage":"pt-BR","potentialAction":[{"@type":"ReadAction","target":["https:\/\/www.suno.com.br\/noticias\/edp-antecipa-operacao-no-nordeste\/"]}]},{"@type":"ImageObject","inLanguage":"pt-BR","@id":"https:\/\/www.suno.com.br\/noticias\/edp-antecipa-operacao-no-nordeste\/#primaryimage","url":"https:\/\/files.sunoresearch.com.br\/n\/uploads\/2019\/12\/dfe6ffb6-edp.gif","contentUrl":"https:\/\/files.sunoresearch.com.br\/n\/uploads\/2019\/12\/dfe6ffb6-edp.gif","width":680,"height":453,"caption":"A EDP inaugurou o primeiro eletroposto de recarga ultrarr\u00e1pida da Am\u00e9rica do Sul no Estado de S\u00e3o Paulo"},{"@type":"BreadcrumbList","@id":"https:\/\/www.suno.com.br\/noticias\/edp-antecipa-operacao-no-nordeste\/#breadcrumb","itemListElement":[{"@type":"ListItem","position":1,"name":"Not\u00edcias","item":"https:\/\/www.suno.com.br\/noticias\/"},{"@type":"ListItem","position":2,"name":"Neg\u00f3cios","item":"https:\/\/www.suno.com.br\/noticias\/negocios\/"},{"@type":"ListItem","position":3,"name":"EDP antecipa opera\u00e7\u00e3o em nova linha de transmiss\u00e3o no nordeste"}]},{"@type":"WebSite","@id":"https:\/\/www.suno.com.br\/noticias\/#website","url":"https:\/\/www.suno.com.br\/noticias\/","name":"Suno Not\u00edcias","description":"Seu portal de informa\u00e7\u00e3o sobre o mundo dos investimentos","publisher":{"@id":"https:\/\/www.suno.com.br\/noticias\/#organization"},"potentialAction":[{"@type":"SearchAction","target":{"@type":"EntryPoint","urlTemplate":"https:\/\/www.suno.com.br\/noticias\/?s={search_term_string}"},"query-input":{"@type":"PropertyValueSpecification","valueRequired":true,"valueName":"search_term_string"}}],"inLanguage":"pt-BR"},{"@type":"Organization","@id":"https:\/\/www.suno.com.br\/noticias\/#organization","name":"Suno Not\u00edcias","url":"https:\/\/www.suno.com.br\/noticias\/","logo":{"@type":"ImageObject","inLanguage":"pt-BR","@id":"https:\/\/www.suno.com.br\/noticias\/#\/schema\/logo\/image\/","url":"https:\/\/files.sunoresearch.com.br\/n\/uploads\/2021\/09\/suno-logo.png","contentUrl":"https:\/\/files.sunoresearch.com.br\/n\/uploads\/2021\/09\/suno-logo.png","width":180,"height":180,"caption":"Suno Not\u00edcias"},"image":{"@id":"https:\/\/www.suno.com.br\/noticias\/#\/schema\/logo\/image\/"},"sameAs":["https:\/\/facebook.com\/sunoresearch","https:\/\/x.com\/sunoresearch","https:\/\/www.instagram.com\/suno","https:\/\/www.linkedin.com\/company\/suno-research\/","https:\/\/www.youtube.com\/c\/sunoresearch"]},{"@type":"Person","@id":"https:\/\/www.suno.com.br\/noticias\/#\/schema\/person\/918d79de1f0281f01599b93f9ea6e23f","name":"Jader Lazarini","image":{"@type":"ImageObject","inLanguage":"pt-BR","@id":"https:\/\/www.suno.com.br\/noticias\/#\/schema\/person\/image\/","url":"https:\/\/secure.gravatar.com\/avatar\/3c1ad8caa51589841baeb923fcddea97?s=96&r=g","contentUrl":"https:\/\/secure.gravatar.com\/avatar\/3c1ad8caa51589841baeb923fcddea97?s=96&r=g","caption":"Jader Lazarini"},"description":"Jader Lazarini escreve sobre investimentos, finan\u00e7as, economia e neg\u00f3cios. \u00c9 bacharel em Rela\u00e7\u00f5es Internacionais e analista CNPI (2619).","url":"https:\/\/www.suno.com.br\/noticias\/author\/jader-lazarini\/"}]}},"default_loop_html":"<div class=\"cardsPage__listCard__boxs\"><div class=\"cardsPage__listCard__boxs__img\"><a href=\"https:\/\/www.suno.com.br\/noticias\/edp-antecipa-operacao-no-nordeste\/\"><img class=\"mask\" src=\"https:\/\/www.suno.com.br\/noticias\/wp-content\/themes\/suno\/resources\/images\/spotlight\/spotlight1img\/bg-mask.png\" alt=\"Image Mask\"\/><img src=\"https:\/\/files.sunoresearch.com.br\/n\/uploads\/2019\/12\/dfe6ffb6-edp-400x200.gif\" alt=\"EDP antecipa opera\u00e7\u00e3o em nova linha de transmiss\u00e3o no nordeste\"\/><\/a><span class=\"spotlightCategory\"><a href=\"https:\/\/www.suno.com.br\/noticias\/negocios\/\">Neg\u00f3cios<\/a><\/span><\/div><div class=\"cardsPage__listCard__boxs__content\"><a href=\"https:\/\/www.suno.com.br\/noticias\/edp-antecipa-operacao-no-nordeste\/\"><h2 class=\"content__title\">EDP antecipa opera\u00e7\u00e3o em nova linha de transmiss\u00e3o no nordeste<\/h2><\/a><div class=\"newsContent__article__meta\"><div class=\"newsContent__article__meta__authorBox\"><a href=\"https:\/\/www.suno.com.br\/noticias\/author\/jader-lazarini\/\" class=\"authorBox__avatar noMobi\"><img src=\"https:\/\/files.sunoresearch.com.br\/n\/uploads\/2021\/01\/178e6598-foto-perfil-2-150x150.jpg\" alt=\"Jader Lazarini\"><\/a><div class=\"authorBox__name\"><span>por\n\t\t\t<a href=\"https:\/\/www.suno.com.br\/noticias\/author\/jader-lazarini\/\"><span itemprop=\"author\">Jader Lazarini<\/span><\/a><\/span><time datetime=\"2020-01-07T12:13:08-03:00\" itemprop=\"datePublished\">07\/01\/2020 12:13<\/time><\/div><\/div><\/div><\/div><\/div>","single_layout":"posts","amp_enabled":true,"_links":{"self":[{"href":"https:\/\/www.suno.com.br\/noticias\/wp-json\/wp\/v2\/posts\/48877"}],"collection":[{"href":"https:\/\/www.suno.com.br\/noticias\/wp-json\/wp\/v2\/posts"}],"about":[{"href":"https:\/\/www.suno.com.br\/noticias\/wp-json\/wp\/v2\/types\/post"}],"author":[{"embeddable":true,"href":"https:\/\/www.suno.com.br\/noticias\/wp-json\/wp\/v2\/users\/24"}],"replies":[{"embeddable":true,"href":"https:\/\/www.suno.com.br\/noticias\/wp-json\/wp\/v2\/comments?post=48877"}],"version-history":[{"count":0,"href":"https:\/\/www.suno.com.br\/noticias\/wp-json\/wp\/v2\/posts\/48877\/revisions"}],"wp:featuredmedia":[{"embeddable":true,"href":"https:\/\/www.suno.com.br\/noticias\/wp-json\/wp\/v2\/media\/48475"}],"wp:attachment":[{"href":"https:\/\/www.suno.com.br\/noticias\/wp-json\/wp\/v2\/media?parent=48877"}],"wp:term":[{"taxonomy":"category","embeddable":true,"href":"https:\/\/www.suno.com.br\/noticias\/wp-json\/wp\/v2\/categories?post=48877"},{"taxonomy":"post_tag","embeddable":true,"href":"https:\/\/www.suno.com.br\/noticias\/wp-json\/wp\/v2\/tags?post=48877"},{"taxonomy":"suno_strategy","embeddable":true,"href":"https:\/\/www.suno.com.br\/noticias\/wp-json\/wp\/v2\/suno_strategy?post=48877"}],"curies":[{"name":"wp","href":"https:\/\/api.w.org\/{rel}","templated":true}]}}