{"id":488649,"date":"2023-11-21T23:22:13","date_gmt":"2023-11-22T02:22:13","guid":{"rendered":"https:\/\/www.suno.com.br\/noticias\/?p=488649"},"modified":"2023-11-21T23:22:26","modified_gmt":"2023-11-22T02:22:26","slug":"radar-vale-vale3-lojas-renner-lren3-banco-do-brasil-bbas3","status":"publish","type":"post","link":"https:\/\/www.suno.com.br\/noticias\/radar-vale-vale3-lojas-renner-lren3-banco-do-brasil-bbas3\/","title":{"rendered":"Radar: Vale (VALE3) anuncia valor final de dividendos, Lojas Renner (LREN3) tem recomenda\u00e7\u00e3o e banco v\u00ea oportunidade no Banco do Brasil (BBAS3)"},"content":{"rendered":"<p>A&nbsp;<a href=\"https:\/\/www.suno.com.br\/acoes\/VALE3\/\" target=\"_blank\" rel=\"noreferrer noopener\"><strong>Vale&nbsp;<\/strong>(VALE3)<\/a>, por meio de aviso aos acionistas, destacou que n\u00e3o houve altera\u00e7\u00e3o no n\u00famero de a\u00e7\u00f5es em circula\u00e7\u00e3o da companhia no contexto atual.<\/p>\t<div class=\"wrapper-featured-image\">\n\t\t<figure class=\"spotlightImg\">\n\n\t\t\t<picture>\n\t\t\t\t<source media=\"(max-width: 768px)\" srcset=\"https:\/\/files.sunoresearch.com.br\/n\/uploads\/2022\/12\/vale-vale3-400x200.jpg\">\n\t\t\t\t<img loading=\"lazy\" decoding=\"async\" class=\"newsContent__article__imgCapa lazyloadDisabled \" src=\"https:\/\/files.sunoresearch.com.br\/n\/uploads\/2022\/12\/vale-vale3-800x450.jpg\" width=\"800\" height=\"450\" alt=\"Radar: Vale (VALE3) anuncia valor final de dividendos, Lojas Renner (LREN3) tem recomenda\u00e7\u00e3o e banco v\u00ea oportunidade no Banco do Brasil (BBAS3)\" fetchpriority=high \/>\n\t\t\t<\/picture>\n\n\t\t\t<figcaption class=\"wp-caption-text wp-caption-text--show\">Vale (VALE3). Foto: Divulga\u00e7\u00e3o\/Vale<\/figcaption>\n\t\t<\/figure>\n\t<\/div>\n\n\n\n\n\n\t<p>\n\t\t<a href=\"https:\/\/lp.suno.com.br\/planilha-da-vida-financeira\/\" target=\"_blank\" data-element=\"shortcode-suno-banner\" title=\"Banner SUNO, clique e saiba mais\">\n\t\t\t<picture>\n\t\t\t\t<source media=\"(max-width: 500px)\" srcset=\"https:\/\/files.sunoresearch.com.br\/n\/uploads\/2023\/04\/400x300-Planilha-vida-financeira-true.png\">\n\t\t\t\t<img class=\"newsContent__article__imgCapa newsContent__article__imgCapa--banner\"\n\t\t\t\t\tsrc=\"https:\/\/files.sunoresearch.com.br\/n\/uploads\/2023\/04\/1420x240-Planilha-vida-financeira-true.png\"\n\t\t\t\t\tdata-promo-id=\"106682\"\t\t\t\t\t\t\t\t\t\twidth='1420' height='240'\t\t\t\t\talt=\"https:\/\/files.sunoresearch.com.br\/n\/uploads\/2023\/04\/1420x240-Planilha-vida-financeira-true.png\"\n\t\t\t\t>\n\t\t\t<\/picture>\n\t\t<\/a>\n\t<\/p>\n\n\n\n\n\n\n\n<p>Com isso, os&nbsp;<strong>dividendos da Vale<\/strong>&nbsp;seguir\u00e3o inalterados.<\/p>\n\n\n\n<p>O valor final bruto de remunera\u00e7\u00e3o para pagamento de proventos que ocorrer\u00e1 no dia 1\u00ba de dezembro segue em R$ 2,33 por a\u00e7\u00e3o.<\/p>\n\n\n\n<p>Dessa cifra, s\u00e3o R$ 1,56 por a\u00e7\u00e3o como&nbsp;<a target=\"_blank\" href=\"https:\/\/www.suno.com.br\/guias\/dividendos\/\" rel=\"noreferrer noopener\">dividendos<\/a>&nbsp;e R$ 0,76 por a\u00e7\u00e3o como&nbsp;<a target=\"_blank\" href=\"https:\/\/www.suno.com.br\/artigos\/entenda-o-jcp\/\" rel=\"noreferrer noopener\">juros sobre o capital pr\u00f3prio<\/a>&nbsp;JCP.<\/p>\n\n\n\n<p>As demais datas, anunciadas no&nbsp;<a href=\"https:\/\/www.suno.com.br\/artigos\/fato-relevante\/\" target=\"_blank\" rel=\"noreferrer noopener\">fato relevante<\/a>&nbsp;da&nbsp;<strong><a href=\"https:\/\/statusinvest.com.br\/acoes\/vale3?__hstc=189907700.c1f3c9ab7ffb3c38503f5bb6ce5c5b34.1698883094709.1700606652810.1700609799311.25&amp;__hssc=189907700.5.1700609799311&amp;__hsfp=2804396115\" target=\"_blank\" rel=\"noreferrer noopener\">VALE3<\/a><\/strong>&nbsp;em meados de novembro, seguem inalteradas.<\/p>\n\n\n\n<p>Ou seja, a data de corte foi mantida no dia 21 de novembro, e os pap\u00e9is passam a ser negociados ex-<strong>dividendos<\/strong>&nbsp;j\u00e1 nesta quarta (22).<\/p>\n\n\n\n<p>Al\u00e9m de Vale, confira outros destaques desta ter\u00e7a-feira:<\/p>\n\n\n\n<h2 class=\"wp-block-heading\">Lojas Renner (LREN3): banco recomenda compra das a\u00e7\u00f5es e diz o que pode impulsionar o lucro&nbsp;<\/h2>\n\n\n\n<ul class=\"wp-block-list\">\n<li>O BTG Pactual reiterou recomenda\u00e7\u00e3o de compra para as a\u00e7\u00f5es da&nbsp;<strong>Lojas Renner&nbsp;<\/strong>(LREN3), acreditando em \u201cventos favor\u00e1veis\u201d nos pr\u00f3ximos trimestres. Para o BTG, iniciativas como melhora do sortimento e os prazos com o rec\u00e9m-inaugurado centro de distribui\u00e7\u00e3o devem impulsionar a lucratividade e a produtividade da loja.<\/li>\n<\/ul>\n\n\n\n<ul class=\"wp-block-list\">\n<li>\u201cO caso de<strong>&nbsp;neg\u00f3cios da Renner<\/strong>&nbsp;teve uma clara dicotomia nos \u00faltimos trimestres. Depois de construir um dos hist\u00f3ricos mais longos e bem-sucedidos entre os varejistas brasileiros, a empresa enfrentou desafios crescentes em suas divis\u00f5es de varejo e financiamento ao consumidor, agravados pelo cen\u00e1rio macroecon\u00f4mico mais desafiador\u201d, pontua o BTG.&nbsp;<\/li>\n<\/ul>\n\n\n\n<ul class=\"wp-block-list\">\n<li>Nos \u00faltimos anos, segundo analistas, os volumes de&nbsp;<strong>venda no varejo<\/strong>&nbsp;permanecem abaixo dos n\u00edveis pr\u00e9-pand\u00eamicos, refletindo a sensibilidade da demanda a pre\u00e7os mais altos. No caso da Renner, o n\u00famero de itens por compra diminuiu em rela\u00e7\u00e3o a 2019, mas o tr\u00e1fego mostrou alguns sinais de recupera\u00e7\u00e3o recentemente.&nbsp;<\/li>\n<\/ul>\n\n\n\n<ul class=\"wp-block-list\">\n<li>Atualmente, o pipeline de abertura de&nbsp;<strong>lojas da Renner&nbsp;<\/strong>visa cidades com mais de 50 mil habitantes e forte&nbsp;<a href=\"https:\/\/www.suno.com.br\/artigos\/renda-per-capita\/\" target=\"_blank\" rel=\"noreferrer noopener\">renda per capita<\/a>&nbsp;(a maioria das novas lojas deve estar localizada nas regi\u00f5es Sul e Sudeste).&nbsp;<\/li>\n<\/ul>\n\n\n\n<ul class=\"wp-block-list\">\n<li>\u201cNos pr\u00f3ximos 2 e 3 anos, espera-se que a&nbsp;<a href=\"https:\/\/www.suno.com.br\/artigos\/margem-bruta-entenda-sua-importancia\/\" target=\"_blank\" rel=\"noreferrer noopener\">margem bruta<\/a>&nbsp;aumente 100-150 pontos-base, e a recupera\u00e7\u00e3o gradual do volume e os ganhos de efici\u00eancia do centro de distribui\u00e7\u00e3o devem levar a 300 pontos-base de dilui\u00e7\u00e3o de SG&amp;A (despesas gerais e administrativas)\u201d, diz a equipe do BTG.&nbsp;<\/li>\n<\/ul>\n\n\n\n<ul class=\"wp-block-list\">\n<li>Neste contexto, os ganhos potenciais do novo&nbsp;<strong>centro de distribui\u00e7\u00e3o&nbsp;<\/strong>da Lojas Renner, localizado em S\u00e3o Paulo, al\u00e9m dos benef\u00edcios da queda das taxas de juros para o Realize e uma avalia\u00e7\u00e3o atraente de 12x P\/E para 2024, fazem o BTG recomendar compra das&nbsp;<strong>a\u00e7\u00f5es das Lojas Renner<\/strong>, com pre\u00e7o-alvo de R$ 22.&nbsp;<\/li>\n<\/ul>\n\n\n\n<h2 class=\"wp-block-heading\">Banco do Brasil (BBAS3) tem \u2018janela perfeita de oportunidade\u2019<\/h2>\n\n\n\n<ul class=\"wp-block-list\">\n<li>Apesar do rali de mais de 53% no acumulado de 2023, os analistas do BTG Pactual seguem com a tese de que as a\u00e7\u00f5es do&nbsp;<a href=\"https:\/\/www.suno.com.br\/acoes\/BBAS3\/\" target=\"_blank\" rel=\"noreferrer noopener\"><strong>Banco do Brasil<\/strong>&nbsp;(BBAS3)<\/a>&nbsp;ainda est\u00e3o muito atrativas.<\/li>\n<\/ul>\n\n\n\n<ul class=\"wp-block-list\">\n<li>Em novo parecer sobre os pap\u00e9is, os especialistas de&nbsp;<a href=\"https:\/\/www.suno.com.br\/artigos\/sell-side\/\" target=\"_blank\" rel=\"noreferrer noopener\">sell side<\/a>&nbsp;destacaram que o fato de a performance das&nbsp;<strong>a\u00e7\u00f5es do Banco do Brasil<\/strong>&nbsp;estar abaixo dos seus pares privados nos \u00faltimos 30 dias proporciona uma janela de oportunidade.<\/li>\n<\/ul>\n\n\n\n<ul class=\"wp-block-list\">\n<li>Atualmente a casa tem pre\u00e7o-alvo de R$ 66 para os pap\u00e9is&nbsp;<strong><a href=\"https:\/\/statusinvest.com.br\/acoes\/bbas3?__hstc=189907700.c1f3c9ab7ffb3c38503f5bb6ce5c5b34.1698883094709.1700530796219.1700606652810.24&amp;__hssc=189907700.13.1700606652810&amp;__hsfp=2804396115\" target=\"_blank\" rel=\"noreferrer noopener\">BBAS3<\/a><\/strong>.<\/li>\n<\/ul>\n\n\n\n<ul class=\"wp-block-list\">\n<li>\u201cEm dezembro e janeiro, os investidores estavam preocupados com potenciais problemas pr\u00e1ticas de empr\u00e9stimo, influ\u00eancia pol\u00edtica no banco e corte de&nbsp;<a href=\"https:\/\/www.suno.com.br\/guias\/dividendos\/\" target=\"_blank\" rel=\"noreferrer noopener\"><strong>dividendos<\/strong><\/a>, para citar somente algumas. Agora a nova \u201cnarrativa\u201d \u00e9 que o BB j\u00e1 est\u00e1 no pico de lucros e sua exposi\u00e7\u00e3o a Patag\u00f4nia, Previ e o segmento agro (impactado pela cont\u00ednua onda de calor\/clima mudan\u00e7a) s\u00e3o grandes riscos\u201d, destaca o BTG.<\/li>\n<\/ul>\n\n\n\n<ul class=\"wp-block-list\">\n<li>\u201cO papel subiu 55% no acumulado do ano e, embora reconhe\u00e7amos que n\u00e3o \u00e9 o mesmo pre\u00e7o irracional do in\u00edcio de 2023, ainda vemos o banco sendo negociado com um pre\u00e7o sobre lucro estimado para 2024 muito atrativo, de 3,9 vezes, al\u00e9m do rendimento em dividendos superior a 10%\u201d, completa.<\/li>\n<\/ul>\n\n\n\n<ul class=\"wp-block-list\">\n<li>Sobre a Patag\u00f4nia, o BTG destaca que no terceiro trimestre o banco registrou NII de R$ 1,7 bilh\u00e3o (7% do NII total do BB) e&nbsp;<a href=\"https:\/\/www.suno.com.br\/artigos\/lucro-liquido\/\" target=\"_blank\" rel=\"noreferrer noopener\">lucro l\u00edquido<\/a>&nbsp;atribu\u00eddo ao BB de cerca de R$ 1 bilh\u00e3o (12% do total).<\/li>\n<\/ul>\n\n\n\n<ul class=\"wp-block-list\">\n<li>\u201cCom os nossos \u201chermanos\u201d do sudeste lutando contra o aumento da infla\u00e7\u00e3o, altas taxas de juros geraram rendimentos mais fortes sobre os ativos do banco, mais do que compensando a desvaloriza\u00e7\u00e3o cambial e impulsionando os resultados da tesouraria\u201d, explica a casa.<\/li>\n<\/ul>\n\n\n\n<ul class=\"wp-block-list\">\n<li>Em se tratando da qualidade dos ativos e da carteira de cr\u00e9dito, os especialistas chamam aten\u00e7\u00e3o para o fato de que desde 2020 o portf\u00f3lio de agroneg\u00f3cio do banco cresceu 65%, ocasionando uma redu\u00e7\u00e3o significativa no \u00edndice de inadimpl\u00eancia de 90 dias.<\/li>\n<\/ul>\n\n\n\n<ul class=\"wp-block-list\">\n<li>Os analistas frisam que o indicador em quest\u00e3o saiu de 1% no primeiro trimestre de 2021 para 0,5% no segundo semestre do ano de 2022, e segue em 0,7% conforme os \u00faltimos n\u00fameros da companhia, referentes ao terceiro trimestre de 2023.<\/li>\n<\/ul>\n\n\n\t<p>\n\t\t<a href=\"https:\/\/lp.suno.com.br\/ebook-como-analisar-uma-acao\/\" target=\"_blank\" data-element=\"shortcode-suno-banner\" title=\"Banner SUNO, clique e saiba mais\">\n\t\t\t<picture>\n\t\t\t\t<source media=\"(max-width: 500px)\" srcset=\"https:\/\/files.sunoresearch.com.br\/n\/uploads\/2023\/03\/Ebook-Acoes-Mobile.jpg\">\n\t\t\t\t<img class=\"newsContent__article__imgCapa newsContent__article__imgCapa--banner\"\n\t\t\t\t\tsrc=\"https:\/\/files.sunoresearch.com.br\/n\/uploads\/2023\/03\/Ebook-Acoes-Desktop.jpg\"\n\t\t\t\t\tdata-promo-id=\"378302\"\t\t\t\t\t\t\t\t\t\twidth='1420' height='286'\t\t\t\t\talt=\"https:\/\/files.sunoresearch.com.br\/n\/uploads\/2023\/03\/Ebook-Acoes-Desktop.jpg\"\n\t\t\t\t>\n\t\t\t<\/picture>\n\t\t<\/a>\n\t<\/p>\n\n\n\n\n\n<h2 class=\"wp-block-heading\">Petrobras (PETR4) atualiza valor de dividendos; veja<\/h2>\n\n\n\n<ul class=\"wp-block-list\">\n<li>Conforme comunicado nesta ter\u00e7a (21), a&nbsp;<a href=\"https:\/\/www.suno.com.br\/acoes\/PETR4\/\" target=\"_blank\" rel=\"noreferrer noopener\"><strong>Petrobras<\/strong>&nbsp;(PETR4)<\/a>&nbsp;atualizou o valor a ser pago nos seus pr\u00f3ximos proventos.<\/li>\n<\/ul>\n\n\n\n<ul class=\"wp-block-list\">\n<li>Inicialmente esses&nbsp;<strong>dividendos da Petrobras<\/strong>&nbsp;foram divulgados no dia 9 de novembro.<\/li>\n<\/ul>\n\n\n\n<ul class=\"wp-block-list\">\n<li>Segundo a estatal, em decorr\u00eancia do programa de&nbsp;<a href=\"https:\/\/www.suno.com.br\/artigos\/recompra-de-acoes\/\" target=\"_blank\" rel=\"noreferrer noopener\">recompra de a\u00e7\u00f5es<\/a>, houve altera\u00e7\u00e3o do n\u00famero de&nbsp;<a href=\"https:\/\/www.suno.com.br\/artigos\/acoes-em-tesouraria\/\" target=\"_blank\" rel=\"noreferrer noopener\">a\u00e7\u00f5es em tesouraria<\/a>.<\/li>\n<\/ul>\n\n\n\n<ul class=\"wp-block-list\">\n<li>Com isso, o valor bruto dos dividendos e&nbsp;<a href=\"https:\/\/www.suno.com.br\/artigos\/entenda-o-jcp\/\" target=\"_blank\" rel=\"noreferrer noopener\">juros sobre capital pr\u00f3prio<\/a>&nbsp;(JCP) por a\u00e7\u00e3o a serem pagos com base no balan\u00e7o de 30 de setembro de 2023 foi alterado.<\/li>\n<\/ul>\n\n\n\n<ul class=\"wp-block-list\">\n<li>O&nbsp;<strong>novo valor dos dividendos da Petrobras<\/strong>&nbsp;\u00e9 de R$ 1,3453475 por a\u00e7\u00e3o ordin\u00e1ria e preferencial.<\/li>\n<\/ul>\n\n\n\n<ul class=\"wp-block-list\">\n<li>Vale destacar que tanto os dividendos quanto os&nbsp;<strong>JCP da Petrobras<\/strong>&nbsp;ser\u00e3o pagos em duas parcelas:<\/li>\n<\/ul>\n\n\n\n<ul class=\"wp-block-list\">\n<li>Primeira parcela, no valor de R$ 0,672674 por a\u00e7\u00e3o ordin\u00e1ria e preferencial (R$ 0,2432872 sob a forma de dividendos e R$ 0,4293868 sob a forma de JCP)<\/li>\n\n\n\n<li>Segunda parcela, no valor de R$ 0,6726735 por a\u00e7\u00e3o ordin\u00e1ria e preferencial (paga integralmente sob a forma de dividendos)<\/li>\n<\/ul>\n\n\n\n<ul class=\"wp-block-list\">\n<li>A primeira parcela ser\u00e1 paga em fevereiro de 2024 e a segunda parcela ser\u00e1 paga em mar\u00e7o de 2024.<\/li>\n<\/ul>\n\n\n\n<ul class=\"wp-block-list\">\n<li>A data de corte segue a mesma, do dia 21 de novembro. As&nbsp;<strong>a\u00e7\u00f5es da Petrobras&nbsp;<\/strong>passam a ser negociadas \u201cex-direitos\u201d na B3 e na NYSE a partir de 22 de novembro.<\/li>\n<\/ul>\n\n\n\n<h2 class=\"wp-block-heading\">Auren (AURE3) anuncia pagamento de dividendos no total de R$ 1,5 bilh\u00e3o; veja o valor por a\u00e7\u00e3o<\/h2>\n\n\n\n<ul class=\"wp-block-list\">\n<li>O&nbsp;<a href=\"https:\/\/www.suno.com.br\/artigos\/conselho-administracao\/\" target=\"_blank\" rel=\"noreferrer noopener\">conselho de administra\u00e7\u00e3o<\/a>&nbsp;da&nbsp;<strong>Auren<\/strong>&nbsp;Energia (AURE3) aprovou a declara\u00e7\u00e3o e distribui\u00e7\u00e3o de&nbsp;<a href=\"https:\/\/www.suno.com.br\/guias\/dividendos\/\" target=\"_blank\" rel=\"noreferrer noopener\">dividendos<\/a>&nbsp;extraordin\u00e1rios, no valor total de R$ 1,5 bilh\u00e3o.<\/li>\n<\/ul>\n\n\n\n<ul class=\"wp-block-list\">\n<li>Os&nbsp;<strong>dividendos da Auren&nbsp;<\/strong>t\u00eam como base parte de sua&nbsp;<a href=\"https:\/\/www.suno.com.br\/artigos\/reserva-de-lucros\/\" target=\"_blank\" rel=\"noreferrer noopener\">reserva de lucros<\/a>, e equivalem a R$ 1,50 por a\u00e7\u00e3o ordin\u00e1ria.<\/li>\n<\/ul>\n\n\n\n<ul class=\"wp-block-list\">\n<li>Apenas ter\u00e3o direito aos&nbsp;<strong>dividendos da AURE3<\/strong>&nbsp;os acionistas que comprarem as a\u00e7\u00f5es da companhia e se mantiverem com elas at\u00e9 o final do dia 8 de dezembro de 2023.<\/li>\n<\/ul>\n\n\n\n<ul class=\"wp-block-list\">\n<li>Por essa raz\u00e3o, as a\u00e7\u00f5es que foram compradas a partir de 11 de dezembro de 2023, ser\u00e3o consideradas \u201cex-dividendos\u201d, ou seja, sem direito a receber os proventos.<\/li>\n<\/ul>\n\n\n\n<ul class=\"wp-block-list\">\n<li>O pagamento dos dividendos vai ser feito em parcela \u00fanica e ir\u00e1 acontecer no dia 19 de dezembro de 2023.<\/li>\n<\/ul>\n\n\n\n<h2 class=\"wp-block-heading\"><a><\/a>Dividendos da Auren<\/h2>\n\n\n\n<ul class=\"wp-block-list\">\n<li>Valor: R$ 1.500.000.000,00<\/li>\n\n\n\n<li>Valor por a\u00e7\u00e3o: R$ 1,50<\/li>\n\n\n\n<li>Data de corte: 8 de dezembro de 2023<\/li>\n\n\n\n<li>Data de pagamento: 19 de dezembro de 2023<\/li>\n<\/ul>\n\n\n\n<ul class=\"wp-block-list\">\n<li>Sobre o valor n\u00e3o est\u00e1 prevista atualiza\u00e7\u00e3o monet\u00e1ria ou incid\u00eancia de juros considerando o per\u00edodo entre a data da declara\u00e7\u00e3o e do efetivo pagamento. Al\u00e9m disso, o recebimento dos dividendos ser\u00e1 isento de imposto de renda, conforme a lei aplic\u00e1vel a esse tipo de provento.<\/li>\n<\/ul>\n\n\n\n<h2 class=\"wp-block-heading\">Vale (VALE3): banco d\u00e1 cinco raz\u00f5es para se manter otimista com as a\u00e7\u00f5es<\/h2>\n\n\n\n<ul class=\"wp-block-list\">\n<li>Ap\u00f3s um rali na v\u00e9spera, influenciado pelo parecer do Bank of America (Bofa) sobre companhias do segmento de min\u00e9rio, a&nbsp;<a href=\"https:\/\/www.suno.com.br\/acoes\/VALE3\/\" target=\"_blank\" rel=\"noreferrer noopener\"><strong>Vale<\/strong>&nbsp;(VALE3)<\/a>&nbsp;novamente foi protagonista de relat\u00f3rios otimistas de analistas do&nbsp;<a href=\"https:\/\/www.suno.com.br\/artigos\/sell-side\/\" target=\"_blank\" rel=\"noreferrer noopener\">sell side<\/a>.<\/li>\n<\/ul>\n\n\n\n<ul class=\"wp-block-list\">\n<li>Nesta ter\u00e7a (21), o Goldman Sachs elevou para compra sua recomenda\u00e7\u00e3o acerca das&nbsp;<strong>a\u00e7\u00f5es da Vale<\/strong>. O pre\u00e7o-alvo da casa \u00e9 de US$ 19,50 \u2013 considerando as ADRs listadas em Nova York. Com isso, os analistas projetam uma alta de cerca de 25% em 12 meses.<\/li>\n<\/ul>\n\n\n\n<ul class=\"wp-block-list\">\n<li>Os pap\u00e9is&nbsp;<strong><a href=\"https:\/\/statusinvest.com.br\/acoes\/vale3?__hstc=189907700.c1f3c9ab7ffb3c38503f5bb6ce5c5b34.1698883094709.1700530796219.1700606652810.24&amp;__hssc=189907700.14.1700606652810&amp;__hsfp=2804396115\" target=\"_blank\" rel=\"noreferrer noopener\">VALE3<\/a><\/strong>&nbsp;subiram 2,42% nesta ter\u00e7a (21), ap\u00f3s o parecer.<\/li>\n<\/ul>\n\n\n\n<ul class=\"wp-block-list\">\n<li>No relat\u00f3rio, o&nbsp;<strong>Goldman Sachs<\/strong>&nbsp;aponta 5 raz\u00f5es para se manterem otimistas sobre a mineradora:<\/li>\n<\/ul>\n\n\n\n<ul class=\"wp-block-list\">\n<li>Um mercado de min\u00e9rio de ferro equilibrado. sustentando pre\u00e7os de US$ 110 por tonelada para 2024<\/li>\n\n\n\n<li>Indicadores operacionais positivos<\/li>\n\n\n\n<li>Exposi\u00e7\u00e3o dos investidores relativamente baixa (principalmente de investidores locais brasileiros)<\/li>\n\n\n\n<li>Valuation atrativo<\/li>\n\n\n\n<li>Expectativa do Goldman Sachs para a continuidade dos est\u00edmulos na China<\/li>\n<\/ul>\n\n\n\n<ul class=\"wp-block-list\">\n<li>Segundo os especialistas da casa, essa \u2018combina\u00e7\u00e3o de ventos favor\u00e1veis\u2019 n\u00e3o acontece desde meados de 2014.<\/li>\n<\/ul>\n\n\n\n<ul class=\"wp-block-list\">\n<li>Com isso, os analistas do Goldman Sachs<strong>&nbsp;<\/strong>frisam que a Vale passar ser a companhia favorita do setor de materiais b\u00e1sicos na Am\u00e9rica Latina.<\/li>\n<\/ul>\n\n\n\n<ul class=\"wp-block-list\">\n<li>Boa parte disso se d\u00e1 pela revis\u00e3o das&nbsp;<strong>proje\u00e7\u00f5es de min\u00e9rio de ferro<\/strong>&nbsp;\u2013 que passaram de um pessimismo exacerbado durante o primeiro semestre deste ano para um otimismo no momento atual.<\/li>\n<\/ul>\n\n\n\n<ul class=\"wp-block-list\">\n<li>\u201cMais especificamente, o modelo revisado de min\u00e9rio de ferro da GS aponta agora para uma mercado equilibrado devido ao crescimento limitado da oferta, ainda mostrando um n\u00edvel elevado das exporta\u00e7\u00f5es de a\u00e7o chinesas e um ganho limitado de participa\u00e7\u00e3o de mercado com sucata na China para 2024\u201d, explica a casa.<\/li>\n<\/ul>\n\n\n\n<ul class=\"wp-block-list\">\n<li>\u201cDiferentemente de 2023, quando os investidores mostravam pessimismo acerca do crescimento da China e da produ\u00e7\u00e3o de a\u00e7o sendo um limitador para o desempenho da Vale, acreditamos que o mercado aos poucos ser\u00e1 convencido de uma melhor configura\u00e7\u00e3o de&nbsp;<a href=\"https:\/\/www.suno.com.br\/artigos\/oferta-demanda\/\" target=\"_blank\" rel=\"noreferrer noopener\">oferta e demanda<\/a>&nbsp;e os investidores devem colher frutos de uma forte gera\u00e7\u00e3o de fluxo e distribui\u00e7\u00e3o de caixa\u201d, completa.<\/li>\n<\/ul>\n\n\n\n<p>Da Vale ao Banco do Brasil, essas foram as empresas que se destacaram hoje. Para ler todas as mat\u00e9rias&nbsp;<strong><a href=\"https:\/\/www.suno.com.br\/noticias\/todos\/?utm_content=XYOE2ItQuUY.20201113&amp;utm_campaign=Track%2B&amp;utm_medium=video&amp;utm_source=telegram.sunoresearch\" target=\"_blank\" rel=\"noreferrer noopener\">clique aqui<\/a><\/strong>.<a href=\"https:\/\/lp.suno.com.br\/cl\/black-friday-suno-2023\/?_fs=16412753060-15131594205&amp;_fsRef=https%3A%2F%2Fwww.suno.com.br%2Fnoticias%2Fradar-caixa-seguridade-cxse3-itausa-itsa4-pao-de-acucar-pcar3%2F\" target=\"_blank\" rel=\"noreferrer noopener\"><\/a><a href=\"https:\/\/lp.suno.com.br\/cl\/black-friday-suno-2023\/?_fs=16412753060-15131594205&amp;_fsRef=https%3A%2F%2Fwww.suno.com.br%2Fnoticias%2Fcopel-cple6-xp-reitera-recomendacao-compra-va%2F\" target=\"_blank\" rel=\"noreferrer noopener\"><\/a><a href=\"https:\/\/lp.suno.com.br\/cl\/black-friday-suno-2023\/?_fs=16412753060-15131594205&amp;_fsRef=https%3A%2F%2Fwww.suno.com.br%2Fnoticias%2Fradar-magazine-luiza-mglu3-oi-oibr3-copel-cple6%2F\" target=\"_blank\" rel=\"noreferrer noopener\"><\/a><a href=\"https:\/\/lp.suno.com.br\/cl\/black-friday-suno-2023\/?_fs=16412753060-15131594205&amp;_fsRef=https%3A%2F%2Fwww.suno.com.br%2Fnoticias%2Fradar-irb-brasil-irbr3-klabin-klbn11-telefonica-vivt3%2F\" target=\"_blank\" rel=\"noreferrer noopener\"><\/a><a href=\"https:\/\/lp.suno.com.br\/cl\/black-friday-suno-2023\/?_fs=16439326504-15158167008&amp;_fsRef=https%3A%2F%2Fwww.suno.com.br%2Fnoticias%2Fradar-itausa-itsa4-brasilagro-agro3-weg-wege3%2F\" target=\"_blank\" rel=\"noreferrer noopener\"><\/a><a href=\"https:\/\/lp.suno.com.br\/cl\/black-friday-suno-2023\/?_fs=16439326504-15158167008&amp;_fsRef=https%3A%2F%2Fwww.suno.com.br%2Fnoticias%2Fradar-boa-safra-soja3-neoenergia-neoe3-kabin-klbn11%2F\" target=\"_blank\" rel=\"noreferrer noopener\"><\/a><a href=\"https:\/\/lp.suno.com.br\/cl\/black-friday-suno-2023\/?_fs=16439326504-15158167008&amp;_fsRef=https%3A%2F%2Fwww.suno.com.br%2Fnoticias%2Fsuzano-suzb3-3t23-reverte-lucro-prejuizo%2F\" target=\"_blank\" rel=\"noreferrer noopener\"><\/a><a href=\"https:\/\/lp.suno.com.br\/cl\/black-friday-suno-2023\/?_fs=16414994788-15133835730&amp;_fsRef=https%3A%2F%2Fwww.suno.com.br%2Fnoticias%2Fradar-vale-vale3-petrobras-petr4-lojas-marisa-amar3%2F\" target=\"_blank\" rel=\"noreferrer noopener\"><\/a><a href=\"https:\/\/lp.suno.com.br\/cl\/black-friday-suno-2023\/?_fs=16499472459-15218305374&amp;_fsRef=https%3A%2F%2Fwww.suno.com.br%2Fnoticias%2Fradar-engie-egie3-eletrobras-elet3-isa-cteep-trpl4-b3-b3sa3%2F\" target=\"_blank\" rel=\"noreferrer noopener\"><\/a><a href=\"https:\/\/lp.suno.com.br\/cl\/black-friday-suno-2023\/?_fs=16500193927-15219026842&amp;_fsRef=https%3A%2F%2Fwww.suno.com.br%2Fnoticias%2Fradar-prio-prio3-bradespar-brap4-bradesco-bbdc4%2F\" target=\"_blank\" rel=\"noreferrer noopener\"><\/a><a href=\"https:\/\/lp.suno.com.br\/cl\/black-friday-suno-2023\/?_fs=16500193927-15219026842&amp;_fsRef=https%3A%2F%2Fwww.suno.com.br%2Fnoticias%2Fradar-banco-do-brasil-bbas3-ceb-cebr3-cielo-ciel3%2F\" target=\"_blank\" rel=\"noreferrer noopener\"><\/a><a href=\"https:\/\/lp.suno.com.br\/pv\/black-friday-2023\/\" target=\"_blank\" rel=\"noreferrer noopener\"><\/a><a href=\"https:\/\/lp.suno.com.br\/pv\/black-friday-2023\/\" target=\"_blank\" rel=\"noreferrer noopener\"><\/a><a href=\"https:\/\/lp.suno.com.br\/pv\/black-friday-2023\/\" target=\"_blank\" rel=\"noreferrer noopener\"><\/a><a href=\"https:\/\/lp.suno.com.br\/pv\/black-friday-2023\/\" target=\"_blank\" rel=\"noreferrer noopener\"><\/a><a href=\"https:\/\/lp.suno.com.br\/pv\/black-friday-2023\/\" target=\"_blank\" rel=\"noreferrer noopener\"><\/a><a href=\"https:\/\/lp.suno.com.br\/pv\/black-friday-2023\/\" target=\"_blank\" rel=\"noreferrer noopener\"><\/a><a href=\"https:\/\/lp.suno.com.br\/pv\/black-friday-2023\/\" target=\"_blank\" rel=\"noreferrer noopener\"><\/a><a href=\"https:\/\/lp.suno.com.br\/planilha-da-vida-financeira\/\" target=\"_blank\" rel=\"noreferrer noopener\"><\/a><a href=\"https:\/\/lp.suno.com.br\/pv\/black-friday-2023\/\" target=\"_blank\" rel=\"noreferrer noopener\"><\/a><a href=\"https:\/\/lp.suno.com.br\/pv\/black-friday-2023\/\" target=\"_blank\" rel=\"noreferrer noopener\"><\/a><\/p>\n\n\n\t<p>\n\t\t<a href=\"https:\/\/lp.suno.com.br\/planilha-da-vida-financeira\/\" target=\"_blank\" data-element=\"shortcode-suno-banner\" title=\"Banner SUNO, clique e saiba mais\">\n\t\t\t<picture>\n\t\t\t\t<source media=\"(max-width: 500px)\" srcset=\"https:\/\/files.sunoresearch.com.br\/n\/uploads\/2023\/04\/400x300-Planilha-vida-financeira-true.png\">\n\t\t\t\t<img class=\"newsContent__article__imgCapa newsContent__article__imgCapa--banner\"\n\t\t\t\t\tsrc=\"https:\/\/files.sunoresearch.com.br\/n\/uploads\/2023\/04\/1420x240-Planilha-vida-financeira-true.png\"\n\t\t\t\t\tdata-promo-id=\"383123\"\t\t\t\t\t\t\t\t\t\twidth='1420' height='240'\t\t\t\t\talt=\"https:\/\/files.sunoresearch.com.br\/n\/uploads\/2023\/04\/1420x240-Planilha-vida-financeira-true.png\"\n\t\t\t\t>\n\t\t\t<\/picture>\n\t\t<\/a>\n\t<\/p>\n\n\n","protected":false},"excerpt":{"rendered":"<p>A&nbsp;Vale&nbsp;(VALE3), por meio de aviso aos acionistas, destacou que n\u00e3o houve altera\u00e7\u00e3o no n\u00famero de a\u00e7\u00f5es em circula\u00e7\u00e3o da companhia no contexto atual. Vale (VALE3). Foto: Divulga\u00e7\u00e3o\/Vale Com isso, os&nbsp;dividendos da Vale&nbsp;seguir\u00e3o inalterados. O valor final bruto de remunera\u00e7\u00e3o para pagamento de proventos que ocorrer\u00e1 no dia 1\u00ba de dezembro segue em R$ 2,33 por [&hellip;]<\/p>\n","protected":false},"author":227,"featured_media":331473,"comment_status":"closed","ping_status":"closed","sticky":false,"template":"","format":"standard","meta":[],"categories":[64],"tags":[106963,732,542,595,676],"suno_strategy":[],"class_list":["post-488649","post","type-post","status-publish","format-standard","has-post-thumbnail","hentry","category-negocios","tag-auren-aure3","tag-banco-do-brasil-bbas3","tag-lojas-renner-lren3","tag-petrobras-petr4","tag-vale-vale3"],"yoast_head":"<!-- This site is optimized with the Yoast SEO plugin v24.4 - https:\/\/yoast.com\/wordpress\/plugins\/seo\/ -->\n<title>Radar: Vale (VALE3) anuncia valor final de dividendos, Lojas Renner (LREN3) tem recomenda\u00e7\u00e3o e banco v\u00ea oportunidade no Banco do Brasil (BBAS3)<\/title>\n<meta name=\"description\" content=\"Vale (VALE3) anuncia valor final de dividendos, Lojas Renner (LREN3) tem recomenda\u00e7\u00e3o e banco v\u00ea oportunidade em Banco do Brasil (BBAS3)\" \/>\n<meta name=\"robots\" content=\"index, follow, max-snippet:-1, max-image-preview:large, max-video-preview:-1\" \/>\n<link rel=\"canonical\" href=\"https:\/\/www.suno.com.br\/noticias\/radar-vale-vale3-lojas-renner-lren3-banco-do-brasil-bbas3\/\" \/>\n<meta property=\"og:locale\" content=\"pt_BR\" \/>\n<meta property=\"og:type\" content=\"article\" \/>\n<meta property=\"og:title\" content=\"Radar: Vale (VALE3) anuncia valor final de dividendos, Lojas Renner (LREN3) tem recomenda\u00e7\u00e3o e banco v\u00ea oportunidade no Banco do Brasil (BBAS3)\" \/>\n<meta property=\"og:description\" content=\"Vale (VALE3) anuncia valor final de dividendos, Lojas Renner (LREN3) tem recomenda\u00e7\u00e3o e banco v\u00ea oportunidade em Banco do Brasil (BBAS3)\" \/>\n<meta property=\"og:url\" content=\"https:\/\/www.suno.com.br\/noticias\/radar-vale-vale3-lojas-renner-lren3-banco-do-brasil-bbas3\/\" \/>\n<meta property=\"og:site_name\" content=\"Suno Not\u00edcias\" \/>\n<meta property=\"article:publisher\" content=\"https:\/\/facebook.com\/sunoresearch\" \/>\n<meta property=\"og:image\" content=\"https:\/\/files.sunoresearch.com.br\/n\/uploads\/2022\/12\/vale-vale3.jpg\" \/>\n\t<meta property=\"og:image:width\" content=\"1200\" \/>\n\t<meta property=\"og:image:height\" content=\"800\" \/>\n\t<meta property=\"og:image:type\" content=\"image\/jpeg\" \/>\n<meta name=\"author\" content=\"Vanessa Loiola\" \/>\n<meta name=\"twitter:card\" content=\"summary_large_image\" \/>\n<meta name=\"twitter:creator\" content=\"@sunoresearch\" \/>\n<meta name=\"twitter:site\" content=\"@sunoresearch\" \/>\n<meta name=\"twitter:label1\" content=\"Escrito por\" \/>\n\t<meta name=\"twitter:data1\" content=\"Vanessa Loiola\" \/>\n\t<meta name=\"twitter:label2\" content=\"Est. tempo de leitura\" \/>\n\t<meta name=\"twitter:data2\" content=\"9 minutos\" \/>\n<script type=\"application\/ld+json\" class=\"yoast-schema-graph\">{\"@context\":\"https:\/\/schema.org\",\"@graph\":[{\"@type\":\"NewsArticle\",\"@id\":\"https:\/\/www.suno.com.br\/noticias\/radar-vale-vale3-lojas-renner-lren3-banco-do-brasil-bbas3\/#article\",\"isPartOf\":{\"@id\":\"https:\/\/www.suno.com.br\/noticias\/radar-vale-vale3-lojas-renner-lren3-banco-do-brasil-bbas3\/\"},\"author\":{\"name\":\"Vanessa Loiola\",\"@id\":\"https:\/\/www.suno.com.br\/noticias\/#\/schema\/person\/450c455ecff319bab1f1a0e643451479\"},\"headline\":\"Radar: Vale (VALE3) anuncia valor final de dividendos, Lojas Renner (LREN3) tem recomenda\u00e7\u00e3o e banco v\u00ea oportunidade no Banco do Brasil (BBAS3)\",\"datePublished\":\"2023-11-22T02:22:13+00:00\",\"dateModified\":\"2023-11-22T02:22:26+00:00\",\"mainEntityOfPage\":{\"@id\":\"https:\/\/www.suno.com.br\/noticias\/radar-vale-vale3-lojas-renner-lren3-banco-do-brasil-bbas3\/\"},\"wordCount\":1784,\"publisher\":{\"@id\":\"https:\/\/www.suno.com.br\/noticias\/#organization\"},\"image\":{\"@id\":\"https:\/\/www.suno.com.br\/noticias\/radar-vale-vale3-lojas-renner-lren3-banco-do-brasil-bbas3\/#primaryimage\"},\"thumbnailUrl\":\"https:\/\/files.sunoresearch.com.br\/n\/uploads\/2022\/12\/vale-vale3.jpg\",\"keywords\":[\"Auren (AURE3)\",\"Banco do Brasil (BBAS3)\",\"Lojas Renner (LREN3)\",\"Petrobras (PETR4)\",\"Vale (VALE3)\"],\"articleSection\":[\"Neg\u00f3cios\"],\"inLanguage\":\"pt-BR\"},{\"@type\":\"WebPage\",\"@id\":\"https:\/\/www.suno.com.br\/noticias\/radar-vale-vale3-lojas-renner-lren3-banco-do-brasil-bbas3\/\",\"url\":\"https:\/\/www.suno.com.br\/noticias\/radar-vale-vale3-lojas-renner-lren3-banco-do-brasil-bbas3\/\",\"name\":\"Radar: Vale (VALE3) anuncia valor final de dividendos, Lojas Renner (LREN3) tem recomenda\u00e7\u00e3o e banco v\u00ea oportunidade no Banco do Brasil (BBAS3)\",\"isPartOf\":{\"@id\":\"https:\/\/www.suno.com.br\/noticias\/#website\"},\"primaryImageOfPage\":{\"@id\":\"https:\/\/www.suno.com.br\/noticias\/radar-vale-vale3-lojas-renner-lren3-banco-do-brasil-bbas3\/#primaryimage\"},\"image\":{\"@id\":\"https:\/\/www.suno.com.br\/noticias\/radar-vale-vale3-lojas-renner-lren3-banco-do-brasil-bbas3\/#primaryimage\"},\"thumbnailUrl\":\"https:\/\/files.sunoresearch.com.br\/n\/uploads\/2022\/12\/vale-vale3.jpg\",\"datePublished\":\"2023-11-22T02:22:13+00:00\",\"dateModified\":\"2023-11-22T02:22:26+00:00\",\"description\":\"Vale (VALE3) anuncia valor final de dividendos, Lojas Renner (LREN3) tem recomenda\u00e7\u00e3o e banco v\u00ea oportunidade em Banco do Brasil (BBAS3)\",\"breadcrumb\":{\"@id\":\"https:\/\/www.suno.com.br\/noticias\/radar-vale-vale3-lojas-renner-lren3-banco-do-brasil-bbas3\/#breadcrumb\"},\"inLanguage\":\"pt-BR\",\"potentialAction\":[{\"@type\":\"ReadAction\",\"target\":[\"https:\/\/www.suno.com.br\/noticias\/radar-vale-vale3-lojas-renner-lren3-banco-do-brasil-bbas3\/\"]}]},{\"@type\":\"ImageObject\",\"inLanguage\":\"pt-BR\",\"@id\":\"https:\/\/www.suno.com.br\/noticias\/radar-vale-vale3-lojas-renner-lren3-banco-do-brasil-bbas3\/#primaryimage\",\"url\":\"https:\/\/files.sunoresearch.com.br\/n\/uploads\/2022\/12\/vale-vale3.jpg\",\"contentUrl\":\"https:\/\/files.sunoresearch.com.br\/n\/uploads\/2022\/12\/vale-vale3.jpg\",\"width\":1200,\"height\":800,\"caption\":\"Vale (VALE3). Foto: Divulga\u00e7\u00e3o\/Vale\"},{\"@type\":\"BreadcrumbList\",\"@id\":\"https:\/\/www.suno.com.br\/noticias\/radar-vale-vale3-lojas-renner-lren3-banco-do-brasil-bbas3\/#breadcrumb\",\"itemListElement\":[{\"@type\":\"ListItem\",\"position\":1,\"name\":\"Not\u00edcias\",\"item\":\"https:\/\/www.suno.com.br\/noticias\/\"},{\"@type\":\"ListItem\",\"position\":2,\"name\":\"Neg\u00f3cios\",\"item\":\"https:\/\/www.suno.com.br\/noticias\/negocios\/\"},{\"@type\":\"ListItem\",\"position\":3,\"name\":\"Radar: Vale (VALE3) anuncia valor final de dividendos, Lojas Renner (LREN3) tem recomenda\u00e7\u00e3o e banco v\u00ea oportunidade no Banco do Brasil (BBAS3)\"}]},{\"@type\":\"WebSite\",\"@id\":\"https:\/\/www.suno.com.br\/noticias\/#website\",\"url\":\"https:\/\/www.suno.com.br\/noticias\/\",\"name\":\"Suno Not\u00edcias\",\"description\":\"Seu portal de informa\u00e7\u00e3o sobre o mundo dos investimentos\",\"publisher\":{\"@id\":\"https:\/\/www.suno.com.br\/noticias\/#organization\"},\"potentialAction\":[{\"@type\":\"SearchAction\",\"target\":{\"@type\":\"EntryPoint\",\"urlTemplate\":\"https:\/\/www.suno.com.br\/noticias\/?s={search_term_string}\"},\"query-input\":{\"@type\":\"PropertyValueSpecification\",\"valueRequired\":true,\"valueName\":\"search_term_string\"}}],\"inLanguage\":\"pt-BR\"},{\"@type\":\"Organization\",\"@id\":\"https:\/\/www.suno.com.br\/noticias\/#organization\",\"name\":\"Suno Not\u00edcias\",\"url\":\"https:\/\/www.suno.com.br\/noticias\/\",\"logo\":{\"@type\":\"ImageObject\",\"inLanguage\":\"pt-BR\",\"@id\":\"https:\/\/www.suno.com.br\/noticias\/#\/schema\/logo\/image\/\",\"url\":\"https:\/\/files.sunoresearch.com.br\/n\/uploads\/2021\/09\/suno-logo.png\",\"contentUrl\":\"https:\/\/files.sunoresearch.com.br\/n\/uploads\/2021\/09\/suno-logo.png\",\"width\":180,\"height\":180,\"caption\":\"Suno Not\u00edcias\"},\"image\":{\"@id\":\"https:\/\/www.suno.com.br\/noticias\/#\/schema\/logo\/image\/\"},\"sameAs\":[\"https:\/\/facebook.com\/sunoresearch\",\"https:\/\/x.com\/sunoresearch\",\"https:\/\/www.instagram.com\/suno\",\"https:\/\/www.linkedin.com\/company\/suno-research\/\",\"https:\/\/www.youtube.com\/c\/sunoresearch\"]},{\"@type\":\"Person\",\"@id\":\"https:\/\/www.suno.com.br\/noticias\/#\/schema\/person\/450c455ecff319bab1f1a0e643451479\",\"name\":\"Vanessa Loiola\",\"image\":{\"@type\":\"ImageObject\",\"inLanguage\":\"pt-BR\",\"@id\":\"https:\/\/www.suno.com.br\/noticias\/#\/schema\/person\/image\/\",\"url\":\"https:\/\/secure.gravatar.com\/avatar\/8b41117f9780831919eb38da349c3f20?s=96&r=g\",\"contentUrl\":\"https:\/\/secure.gravatar.com\/avatar\/8b41117f9780831919eb38da349c3f20?s=96&r=g\",\"caption\":\"Vanessa Loiola\"},\"description\":\"Jornalista formada pela PUC-SP, com experi\u00eancia na cobertura das editorias de economia, finan\u00e7as, bolsa de valores, pol\u00edtica, energia solar e entretenimento. Com passagem pela BM&amp;C News e RedeTV!\",\"url\":\"https:\/\/www.suno.com.br\/noticias\/author\/vanessal-loiolagmail-com\/\"}]}<\/script>\n<!-- \/ Yoast SEO plugin. -->","yoast_head_json":{"title":"Radar: Vale (VALE3) anuncia valor final de dividendos, Lojas Renner (LREN3) tem recomenda\u00e7\u00e3o e banco v\u00ea oportunidade no Banco do Brasil (BBAS3)","description":"Vale (VALE3) anuncia valor final de dividendos, Lojas Renner (LREN3) tem recomenda\u00e7\u00e3o e banco v\u00ea oportunidade em Banco do Brasil (BBAS3)","robots":{"index":"index","follow":"follow","max-snippet":"max-snippet:-1","max-image-preview":"max-image-preview:large","max-video-preview":"max-video-preview:-1"},"canonical":"https:\/\/www.suno.com.br\/noticias\/radar-vale-vale3-lojas-renner-lren3-banco-do-brasil-bbas3\/","og_locale":"pt_BR","og_type":"article","og_title":"Radar: Vale (VALE3) anuncia valor final de dividendos, Lojas Renner (LREN3) tem recomenda\u00e7\u00e3o e banco v\u00ea oportunidade no Banco do Brasil (BBAS3)","og_description":"Vale (VALE3) anuncia valor final de dividendos, Lojas Renner (LREN3) tem recomenda\u00e7\u00e3o e banco v\u00ea oportunidade em Banco do Brasil (BBAS3)","og_url":"https:\/\/www.suno.com.br\/noticias\/radar-vale-vale3-lojas-renner-lren3-banco-do-brasil-bbas3\/","og_site_name":"Suno Not\u00edcias","article_publisher":"https:\/\/facebook.com\/sunoresearch","og_image":[{"width":1200,"height":800,"url":"https:\/\/files.sunoresearch.com.br\/n\/uploads\/2022\/12\/vale-vale3.jpg","type":"image\/jpeg"}],"author":"Vanessa Loiola","twitter_card":"summary_large_image","twitter_creator":"@sunoresearch","twitter_site":"@sunoresearch","twitter_misc":{"Escrito por":"Vanessa Loiola","Est. tempo de leitura":"9 minutos"},"schema":{"@context":"https:\/\/schema.org","@graph":[{"@type":"NewsArticle","@id":"https:\/\/www.suno.com.br\/noticias\/radar-vale-vale3-lojas-renner-lren3-banco-do-brasil-bbas3\/#article","isPartOf":{"@id":"https:\/\/www.suno.com.br\/noticias\/radar-vale-vale3-lojas-renner-lren3-banco-do-brasil-bbas3\/"},"author":{"name":"Vanessa Loiola","@id":"https:\/\/www.suno.com.br\/noticias\/#\/schema\/person\/450c455ecff319bab1f1a0e643451479"},"headline":"Radar: Vale (VALE3) anuncia valor final de dividendos, Lojas Renner (LREN3) tem recomenda\u00e7\u00e3o e banco v\u00ea oportunidade no Banco do Brasil (BBAS3)","datePublished":"2023-11-22T02:22:13+00:00","dateModified":"2023-11-22T02:22:26+00:00","mainEntityOfPage":{"@id":"https:\/\/www.suno.com.br\/noticias\/radar-vale-vale3-lojas-renner-lren3-banco-do-brasil-bbas3\/"},"wordCount":1784,"publisher":{"@id":"https:\/\/www.suno.com.br\/noticias\/#organization"},"image":{"@id":"https:\/\/www.suno.com.br\/noticias\/radar-vale-vale3-lojas-renner-lren3-banco-do-brasil-bbas3\/#primaryimage"},"thumbnailUrl":"https:\/\/files.sunoresearch.com.br\/n\/uploads\/2022\/12\/vale-vale3.jpg","keywords":["Auren (AURE3)","Banco do Brasil (BBAS3)","Lojas Renner (LREN3)","Petrobras (PETR4)","Vale (VALE3)"],"articleSection":["Neg\u00f3cios"],"inLanguage":"pt-BR"},{"@type":"WebPage","@id":"https:\/\/www.suno.com.br\/noticias\/radar-vale-vale3-lojas-renner-lren3-banco-do-brasil-bbas3\/","url":"https:\/\/www.suno.com.br\/noticias\/radar-vale-vale3-lojas-renner-lren3-banco-do-brasil-bbas3\/","name":"Radar: Vale (VALE3) anuncia valor final de dividendos, Lojas Renner (LREN3) tem recomenda\u00e7\u00e3o e banco v\u00ea oportunidade no Banco do Brasil (BBAS3)","isPartOf":{"@id":"https:\/\/www.suno.com.br\/noticias\/#website"},"primaryImageOfPage":{"@id":"https:\/\/www.suno.com.br\/noticias\/radar-vale-vale3-lojas-renner-lren3-banco-do-brasil-bbas3\/#primaryimage"},"image":{"@id":"https:\/\/www.suno.com.br\/noticias\/radar-vale-vale3-lojas-renner-lren3-banco-do-brasil-bbas3\/#primaryimage"},"thumbnailUrl":"https:\/\/files.sunoresearch.com.br\/n\/uploads\/2022\/12\/vale-vale3.jpg","datePublished":"2023-11-22T02:22:13+00:00","dateModified":"2023-11-22T02:22:26+00:00","description":"Vale (VALE3) anuncia valor final de dividendos, Lojas Renner (LREN3) tem recomenda\u00e7\u00e3o e banco v\u00ea oportunidade em Banco do Brasil (BBAS3)","breadcrumb":{"@id":"https:\/\/www.suno.com.br\/noticias\/radar-vale-vale3-lojas-renner-lren3-banco-do-brasil-bbas3\/#breadcrumb"},"inLanguage":"pt-BR","potentialAction":[{"@type":"ReadAction","target":["https:\/\/www.suno.com.br\/noticias\/radar-vale-vale3-lojas-renner-lren3-banco-do-brasil-bbas3\/"]}]},{"@type":"ImageObject","inLanguage":"pt-BR","@id":"https:\/\/www.suno.com.br\/noticias\/radar-vale-vale3-lojas-renner-lren3-banco-do-brasil-bbas3\/#primaryimage","url":"https:\/\/files.sunoresearch.com.br\/n\/uploads\/2022\/12\/vale-vale3.jpg","contentUrl":"https:\/\/files.sunoresearch.com.br\/n\/uploads\/2022\/12\/vale-vale3.jpg","width":1200,"height":800,"caption":"Vale (VALE3). Foto: Divulga\u00e7\u00e3o\/Vale"},{"@type":"BreadcrumbList","@id":"https:\/\/www.suno.com.br\/noticias\/radar-vale-vale3-lojas-renner-lren3-banco-do-brasil-bbas3\/#breadcrumb","itemListElement":[{"@type":"ListItem","position":1,"name":"Not\u00edcias","item":"https:\/\/www.suno.com.br\/noticias\/"},{"@type":"ListItem","position":2,"name":"Neg\u00f3cios","item":"https:\/\/www.suno.com.br\/noticias\/negocios\/"},{"@type":"ListItem","position":3,"name":"Radar: Vale (VALE3) anuncia valor final de dividendos, Lojas Renner (LREN3) tem recomenda\u00e7\u00e3o e banco v\u00ea oportunidade no Banco do Brasil (BBAS3)"}]},{"@type":"WebSite","@id":"https:\/\/www.suno.com.br\/noticias\/#website","url":"https:\/\/www.suno.com.br\/noticias\/","name":"Suno Not\u00edcias","description":"Seu portal de informa\u00e7\u00e3o sobre o mundo dos investimentos","publisher":{"@id":"https:\/\/www.suno.com.br\/noticias\/#organization"},"potentialAction":[{"@type":"SearchAction","target":{"@type":"EntryPoint","urlTemplate":"https:\/\/www.suno.com.br\/noticias\/?s={search_term_string}"},"query-input":{"@type":"PropertyValueSpecification","valueRequired":true,"valueName":"search_term_string"}}],"inLanguage":"pt-BR"},{"@type":"Organization","@id":"https:\/\/www.suno.com.br\/noticias\/#organization","name":"Suno Not\u00edcias","url":"https:\/\/www.suno.com.br\/noticias\/","logo":{"@type":"ImageObject","inLanguage":"pt-BR","@id":"https:\/\/www.suno.com.br\/noticias\/#\/schema\/logo\/image\/","url":"https:\/\/files.sunoresearch.com.br\/n\/uploads\/2021\/09\/suno-logo.png","contentUrl":"https:\/\/files.sunoresearch.com.br\/n\/uploads\/2021\/09\/suno-logo.png","width":180,"height":180,"caption":"Suno Not\u00edcias"},"image":{"@id":"https:\/\/www.suno.com.br\/noticias\/#\/schema\/logo\/image\/"},"sameAs":["https:\/\/facebook.com\/sunoresearch","https:\/\/x.com\/sunoresearch","https:\/\/www.instagram.com\/suno","https:\/\/www.linkedin.com\/company\/suno-research\/","https:\/\/www.youtube.com\/c\/sunoresearch"]},{"@type":"Person","@id":"https:\/\/www.suno.com.br\/noticias\/#\/schema\/person\/450c455ecff319bab1f1a0e643451479","name":"Vanessa Loiola","image":{"@type":"ImageObject","inLanguage":"pt-BR","@id":"https:\/\/www.suno.com.br\/noticias\/#\/schema\/person\/image\/","url":"https:\/\/secure.gravatar.com\/avatar\/8b41117f9780831919eb38da349c3f20?s=96&r=g","contentUrl":"https:\/\/secure.gravatar.com\/avatar\/8b41117f9780831919eb38da349c3f20?s=96&r=g","caption":"Vanessa Loiola"},"description":"Jornalista formada pela PUC-SP, com experi\u00eancia na cobertura das editorias de economia, finan\u00e7as, bolsa de valores, pol\u00edtica, energia solar e entretenimento. Com passagem pela BM&amp;C News e RedeTV!","url":"https:\/\/www.suno.com.br\/noticias\/author\/vanessal-loiolagmail-com\/"}]}},"default_loop_html":"<div class=\"cardsPage__listCard__boxs\"><div class=\"cardsPage__listCard__boxs__img\"><a href=\"https:\/\/www.suno.com.br\/noticias\/radar-vale-vale3-lojas-renner-lren3-banco-do-brasil-bbas3\/\"><img class=\"mask\" src=\"https:\/\/www.suno.com.br\/noticias\/wp-content\/themes\/suno\/resources\/images\/spotlight\/spotlight1img\/bg-mask.png\" alt=\"Image Mask\"\/><img src=\"https:\/\/files.sunoresearch.com.br\/n\/uploads\/2022\/12\/vale-vale3-400x200.jpg\" alt=\"Radar: Vale (VALE3) anuncia valor final de dividendos, Lojas Renner (LREN3) tem recomenda\u00e7\u00e3o e banco v\u00ea oportunidade no Banco do Brasil (BBAS3)\"\/><\/a><span class=\"spotlightCategory\"><a href=\"https:\/\/www.suno.com.br\/noticias\/negocios\/\">Neg\u00f3cios<\/a><\/span><\/div><div class=\"cardsPage__listCard__boxs__content\"><a href=\"https:\/\/www.suno.com.br\/noticias\/radar-vale-vale3-lojas-renner-lren3-banco-do-brasil-bbas3\/\"><h2 class=\"content__title\">Radar: Vale (VALE3) anuncia valor final de dividendos, Lojas Renner (LREN3) tem recomenda\u00e7\u00e3o e banco v\u00ea oportunidade no Banco do Brasil (BBAS3)<\/h2><\/a><div class=\"newsContent__article__meta\"><div class=\"newsContent__article__meta__authorBox\"><a href=\"https:\/\/www.suno.com.br\/noticias\/author\/vanessal-loiolagmail-com\/\" class=\"authorBox__avatar noMobi\"><img src=\"https:\/\/secure.gravatar.com\/avatar\/8b41117f9780831919eb38da349c3f20?s=96&#038;r=g\" alt=\"Vanessa Loiola\"><\/a><div class=\"authorBox__name\"><span>por\n\t\t\t<a href=\"https:\/\/www.suno.com.br\/noticias\/author\/vanessal-loiolagmail-com\/\"><span itemprop=\"author\">Vanessa Loiola<\/span><\/a><\/span><time datetime=\"2023-11-21T23:22:13-03:00\" itemprop=\"datePublished\">21\/11\/2023 23:22<\/time><\/div><\/div><\/div><\/div><\/div>","single_layout":"posts","amp_enabled":true,"_links":{"self":[{"href":"https:\/\/www.suno.com.br\/noticias\/wp-json\/wp\/v2\/posts\/488649"}],"collection":[{"href":"https:\/\/www.suno.com.br\/noticias\/wp-json\/wp\/v2\/posts"}],"about":[{"href":"https:\/\/www.suno.com.br\/noticias\/wp-json\/wp\/v2\/types\/post"}],"author":[{"embeddable":true,"href":"https:\/\/www.suno.com.br\/noticias\/wp-json\/wp\/v2\/users\/227"}],"replies":[{"embeddable":true,"href":"https:\/\/www.suno.com.br\/noticias\/wp-json\/wp\/v2\/comments?post=488649"}],"version-history":[{"count":2,"href":"https:\/\/www.suno.com.br\/noticias\/wp-json\/wp\/v2\/posts\/488649\/revisions"}],"predecessor-version":[{"id":488734,"href":"https:\/\/www.suno.com.br\/noticias\/wp-json\/wp\/v2\/posts\/488649\/revisions\/488734"}],"wp:featuredmedia":[{"embeddable":true,"href":"https:\/\/www.suno.com.br\/noticias\/wp-json\/wp\/v2\/media\/331473"}],"wp:attachment":[{"href":"https:\/\/www.suno.com.br\/noticias\/wp-json\/wp\/v2\/media?parent=488649"}],"wp:term":[{"taxonomy":"category","embeddable":true,"href":"https:\/\/www.suno.com.br\/noticias\/wp-json\/wp\/v2\/categories?post=488649"},{"taxonomy":"post_tag","embeddable":true,"href":"https:\/\/www.suno.com.br\/noticias\/wp-json\/wp\/v2\/tags?post=488649"},{"taxonomy":"suno_strategy","embeddable":true,"href":"https:\/\/www.suno.com.br\/noticias\/wp-json\/wp\/v2\/suno_strategy?post=488649"}],"curies":[{"name":"wp","href":"https:\/\/api.w.org\/{rel}","templated":true}]}}