{"id":48864,"date":"2020-01-07T11:36:52","date_gmt":"2020-01-07T13:36:52","guid":{"rendered":"https:\/\/www.suno.com.br\/noticias\/?p=48864"},"modified":"2020-01-07T11:36:52","modified_gmt":"2020-01-07T13:36:52","slug":"cemig-inicia-processo-desinvestimento-taesa","status":"publish","type":"post","link":"https:\/\/www.suno.com.br\/noticias\/cemig-inicia-processo-desinvestimento-taesa\/","title":{"rendered":"Cemig inicia processo de desinvestimento na Taesa"},"content":{"rendered":"<p>A empresa mineira de energia Cemig (<strong><a href=\"https:\/\/www.suno.com.br\/acoes\/cmig3\/\">CMIG3<\/a><\/strong>) iniciou o processo de contrata\u00e7\u00e3o de bancos para seus desinvestimentos em subsidi\u00e1rias e participa\u00e7\u00f5es.<\/p>\t<div class=\"wrapper-featured-image\">\n\t\t<figure class=\"spotlightImg\">\n\n\t\t\t<picture>\n\t\t\t\t<source media=\"(max-width: 768px)\" srcset=\"https:\/\/files.sunoresearch.com.br\/n\/uploads\/2019\/08\/ed470c2f-cemig-400x200.webp\">\n\t\t\t\t<img loading=\"lazy\" decoding=\"async\" class=\"newsContent__article__imgCapa lazyloadDisabled newsContent__article__imgCapa--noCaption\" src=\"https:\/\/files.sunoresearch.com.br\/n\/uploads\/2019\/08\/ed470c2f-cemig-800x450.webp\" width=\"800\" height=\"450\" alt=\"Cemig inicia processo de desinvestimento na Taesa\" fetchpriority=high \/>\n\t\t\t<\/picture>\n\n\t\t\t<figcaption class=\"wp-caption-text wp-caption-text--hide\">Cemig tem ratings elevados<\/figcaption>\n\t\t<\/figure>\n\t<\/div>\n\n\n\n<p>Segundo o jornal &#8220;Valor Econ\u00f4mico&#8221;, a <strong>Cemig<\/strong> contratou o <strong>Bank of America<\/strong> para a venda de sua fatia na Transmissora Alian\u00e7a de Energia El\u00e9trica (<strong>Taesa<\/strong>) (<strong><a href=\"https:\/\/www.suno.com.br\/acoes\/taee11\/\">TAEE11<\/a><\/strong>). A Cemig possui 21,68% da companhia, o equivalente a R$ 2,31 bilh\u00f5es pelo pre\u00e7o de fechamento da \u00faltima segunda-feira (6).<\/p>\n<p>O mandato seria de \u201cavalia\u00e7\u00e3o estrat\u00e9gica\u201d para a participa\u00e7\u00e3o acion\u00e1ria, podendo ser realizada por meio de uma transa\u00e7\u00e3o de venda direta para outros players (inclusive para o outro acionista da Taesa, o grupo colombiano <strong>ISA<\/strong>), dono da <strong>Cteep<\/strong>, ou acabar definindo a sa\u00edda por oferta de a\u00e7\u00f5es. Nessa \u00faltima op\u00e7\u00e3o, outras institui\u00e7\u00f5es financeiras participariam da opera\u00e7\u00e3o.<\/p>\n<p>O <a href=\"https:\/\/www.suno.com.br\/artigos\/valor-de-mercado\/\">valor de mercado<\/a> da <strong>Taesa<\/strong> na <a href=\"https:\/\/www.suno.com.br\/artigos\/b3\/\">Bolsa de Valores de S\u00e3o Paulo (B3)<\/a>, atualmente, \u00e9 de R$ 10,6 bilh\u00f5es. A ISA Brasil tem 14,88% e os demais 63,45% est\u00e3o em circula\u00e7\u00e3o no mercado.<\/p>\n<p><a href=\"https:\/\/www.suno.com.br\/noticias\/cemig-investira-usinas-solares-2020\/\">Confira: Cemig investir\u00e1 R$ 300 mi em usinas solares at\u00e9 2020<\/a><\/p>\n<p>Al\u00e9m disso, a companhia mineira tamb\u00e9m pretende vender os 22,6% que det\u00e9m na distribuidora Light e se desfazer de sua fatia na <strong>Alian\u00e7a Energia<\/strong>, sociedade que tem com a mineradora Vale (<strong><a href=\"https:\/\/www.suno.com.br\/acoes\/vale3\/\">VALE3<\/a><\/strong>). Tamb\u00e9m est\u00e1 em considera\u00e7\u00e3o sua estrat\u00e9gia de desinvestimento na distribuidora de g\u00e1s Gasmig, podendo ser realizado por meio de uma <a href=\"https:\/\/www.suno.com.br\/artigos\/vale-pena-investir-em-um-ipo\/\">oferta p\u00fablica inicial de a\u00e7\u00f5es (IPO)<\/a>.<\/p>\n<p>Sobre o portf\u00f3lio da Cemig tamb\u00e9m abrange, o governo estadual planeja desinvestimento nas participa\u00e7\u00f5es detidas nas hidrel\u00e9tricas Belo Monte e Santo Ant\u00f4nio.<\/p>\n<p><a href=\"https:\/\/www.suno.com.br\/noticias\/zema-privatizar-cemig-todas-estatais-minas-gerais\/\">Saiba mais: Zema quer privatizar Cemig e todas as outras estatais de Minas Gerais<\/a><\/p>\n<p>O intuito do governador de Minas Gerais, <strong>Romeu Zema<\/strong>, \u00e9 a privatiza\u00e7\u00e3o da Cemig. Nesse caso, o processo precisa passar por uma Assembleia Legislativa, diferentemente das suas subsidi\u00e1rias.<\/p>\n<h2>Privatiza\u00e7\u00e3o da Cemig encontra rejei\u00e7\u00e3o de mineiros<\/h2>\n<p>A privatiza\u00e7\u00e3o da el\u00e9trica Cemig, encabe\u00e7ada por Zema, sofre rejei\u00e7\u00e3o de 47,7% dos mineiros. Al\u00e9m disso, dos entrevistados pela <strong>Associa\u00e7\u00e3o Mineira de Munic\u00edpios (AMM)<\/strong>, 36,2% s\u00e3o favor\u00e1veis \u00e0 desestatiza\u00e7\u00e3o da companhia e 16,1% n\u00e3o opinaram.<\/p>\n\t<p>\n\t\t<a href=\"https:\/\/lp.suno.com.br\/ebook-10-livros\/\" target=\"_blank\" data-element=\"shortcode-suno-banner\" title=\"Banner SUNO, clique e saiba mais\">\n\t\t\t<picture>\n\t\t\t\t<source media=\"(max-width: 500px)\" srcset=\"https:\/\/files.sunoresearch.com.br\/n\/uploads\/2023\/03\/400x300-10-livros.png\">\n\t\t\t\t<img class=\"newsContent__article__imgCapa newsContent__article__imgCapa--banner\"\n\t\t\t\t\tsrc=\"https:\/\/files.sunoresearch.com.br\/n\/uploads\/2023\/03\/1420x240-10-livros.png\"\n\t\t\t\t\tdata-promo-id=\"383159\"\t\t\t\t\t\t\t\t\t\twidth='1420' height='240'\t\t\t\t\talt=\"https:\/\/files.sunoresearch.com.br\/n\/uploads\/2023\/03\/1420x240-10-livros.png\"\n\t\t\t\t>\n\t\t\t<\/picture>\n\t\t<\/a>\n\t<\/p>\n\n\n<p>As informa\u00e7\u00f5es levantadas pelo instituto em outubro do ano passado s\u00e3o relevantes pois, segundo a legisla\u00e7\u00e3o do estado de Minas Gerais, \u00e9 necess\u00e1ria a aprova\u00e7\u00e3o em plebiscito para a venda do controle de empresas estatais, como \u00e9 o caso da empresa.<\/p>\n<p>Para progredir com o programa de desestatiza\u00e7\u00e3o da <strong>Cemig<\/strong> mesmo sem a aprova\u00e7\u00e3o popular, Zema precisaria alterar a Constitui\u00e7\u00e3o local. Isso requer a maioria de tr\u00eas quintos no legislativo do estado.<\/p>\n\n","protected":false},"excerpt":{"rendered":"<p>A empresa mineira de energia Cemig (CMIG3) iniciou o processo de contrata\u00e7\u00e3o de bancos para seus desinvestimentos em subsidi\u00e1rias e participa\u00e7\u00f5es. Cemig tem ratings elevados Segundo o jornal &#8220;Valor Econ\u00f4mico&#8221;, a Cemig contratou o Bank of America para a venda de sua fatia na Transmissora Alian\u00e7a de Energia El\u00e9trica (Taesa) (TAEE11). A Cemig possui 21,68% [&hellip;]<\/p>\n","protected":false},"author":24,"featured_media":35945,"comment_status":"closed","ping_status":"closed","sticky":false,"template":"","format":"standard","meta":[],"categories":[64],"tags":[420,649],"suno_strategy":[],"class_list":["post-48864","post","type-post","status-publish","format-standard","has-post-thumbnail","hentry","category-negocios","tag-cemig-cmig3-cmig4","tag-taesa-taee11-taee3-taee4"],"yoast_head":"<!-- This site is optimized with the Yoast SEO plugin v24.4 - https:\/\/yoast.com\/wordpress\/plugins\/seo\/ -->\n<title>Cemig inicia processo de desinvestimento na Taesa<\/title>\n<meta name=\"description\" content=\"A empresa mineira de energia Cemig iniciou o processo de contrata\u00e7\u00e3o de bancos para seus desinvestimentos em subsidi\u00e1rias. Saiba mais.\" \/>\n<meta name=\"robots\" content=\"index, follow, max-snippet:-1, max-image-preview:large, max-video-preview:-1\" \/>\n<link rel=\"canonical\" href=\"https:\/\/www.suno.com.br\/noticias\/cemig-inicia-processo-desinvestimento-taesa\/\" \/>\n<meta property=\"og:locale\" content=\"pt_BR\" \/>\n<meta property=\"og:type\" content=\"article\" \/>\n<meta property=\"og:title\" content=\"Cemig inicia processo de desinvestimento na Taesa\" \/>\n<meta property=\"og:description\" content=\"A empresa mineira de energia Cemig iniciou o processo de contrata\u00e7\u00e3o de bancos para seus desinvestimentos em subsidi\u00e1rias. Saiba mais.\" \/>\n<meta property=\"og:url\" content=\"https:\/\/www.suno.com.br\/noticias\/cemig-inicia-processo-desinvestimento-taesa\/\" \/>\n<meta property=\"og:site_name\" content=\"Suno Not\u00edcias\" \/>\n<meta property=\"article:publisher\" content=\"https:\/\/facebook.com\/sunoresearch\" \/>\n<meta property=\"og:image\" content=\"https:\/\/files.sunoresearch.com.br\/n\/uploads\/2019\/08\/ed470c2f-cemig-1024x683.jpg\" \/>\n\t<meta property=\"og:image:width\" content=\"1024\" \/>\n\t<meta property=\"og:image:height\" content=\"683\" \/>\n\t<meta property=\"og:image:type\" content=\"image\/jpeg\" \/>\n<meta name=\"author\" content=\"Jader Lazarini\" \/>\n<meta name=\"twitter:card\" content=\"summary_large_image\" \/>\n<meta name=\"twitter:creator\" content=\"@sunoresearch\" \/>\n<meta name=\"twitter:site\" content=\"@sunoresearch\" \/>\n<meta name=\"twitter:label1\" content=\"Escrito por\" \/>\n\t<meta name=\"twitter:data1\" content=\"Jader Lazarini\" \/>\n\t<meta name=\"twitter:label2\" content=\"Est. tempo de leitura\" \/>\n\t<meta name=\"twitter:data2\" content=\"2 minutos\" \/>\n<script type=\"application\/ld+json\" class=\"yoast-schema-graph\">{\"@context\":\"https:\/\/schema.org\",\"@graph\":[{\"@type\":\"NewsArticle\",\"@id\":\"https:\/\/www.suno.com.br\/noticias\/cemig-inicia-processo-desinvestimento-taesa\/#article\",\"isPartOf\":{\"@id\":\"https:\/\/www.suno.com.br\/noticias\/cemig-inicia-processo-desinvestimento-taesa\/\"},\"author\":{\"name\":\"Jader Lazarini\",\"@id\":\"https:\/\/www.suno.com.br\/noticias\/#\/schema\/person\/918d79de1f0281f01599b93f9ea6e23f\"},\"headline\":\"Cemig inicia processo de desinvestimento na Taesa\",\"datePublished\":\"2020-01-07T13:36:52+00:00\",\"mainEntityOfPage\":{\"@id\":\"https:\/\/www.suno.com.br\/noticias\/cemig-inicia-processo-desinvestimento-taesa\/\"},\"wordCount\":466,\"publisher\":{\"@id\":\"https:\/\/www.suno.com.br\/noticias\/#organization\"},\"image\":{\"@id\":\"https:\/\/www.suno.com.br\/noticias\/cemig-inicia-processo-desinvestimento-taesa\/#primaryimage\"},\"thumbnailUrl\":\"https:\/\/files.sunoresearch.com.br\/n\/uploads\/2019\/08\/ed470c2f-cemig-jpg.webp\",\"keywords\":[\"Cemig (CMIG3\/CMIG4)\",\"Taesa (TAEE11\/TAEE3\/TAEE4)\"],\"articleSection\":[\"Neg\u00f3cios\"],\"inLanguage\":\"pt-BR\"},{\"@type\":\"WebPage\",\"@id\":\"https:\/\/www.suno.com.br\/noticias\/cemig-inicia-processo-desinvestimento-taesa\/\",\"url\":\"https:\/\/www.suno.com.br\/noticias\/cemig-inicia-processo-desinvestimento-taesa\/\",\"name\":\"Cemig inicia processo de desinvestimento na Taesa\",\"isPartOf\":{\"@id\":\"https:\/\/www.suno.com.br\/noticias\/#website\"},\"primaryImageOfPage\":{\"@id\":\"https:\/\/www.suno.com.br\/noticias\/cemig-inicia-processo-desinvestimento-taesa\/#primaryimage\"},\"image\":{\"@id\":\"https:\/\/www.suno.com.br\/noticias\/cemig-inicia-processo-desinvestimento-taesa\/#primaryimage\"},\"thumbnailUrl\":\"https:\/\/files.sunoresearch.com.br\/n\/uploads\/2019\/08\/ed470c2f-cemig-jpg.webp\",\"datePublished\":\"2020-01-07T13:36:52+00:00\",\"description\":\"A empresa mineira de energia Cemig iniciou o processo de contrata\u00e7\u00e3o de bancos para seus desinvestimentos em subsidi\u00e1rias. Saiba mais.\",\"breadcrumb\":{\"@id\":\"https:\/\/www.suno.com.br\/noticias\/cemig-inicia-processo-desinvestimento-taesa\/#breadcrumb\"},\"inLanguage\":\"pt-BR\",\"potentialAction\":[{\"@type\":\"ReadAction\",\"target\":[\"https:\/\/www.suno.com.br\/noticias\/cemig-inicia-processo-desinvestimento-taesa\/\"]}]},{\"@type\":\"ImageObject\",\"inLanguage\":\"pt-BR\",\"@id\":\"https:\/\/www.suno.com.br\/noticias\/cemig-inicia-processo-desinvestimento-taesa\/#primaryimage\",\"url\":\"https:\/\/files.sunoresearch.com.br\/n\/uploads\/2019\/08\/ed470c2f-cemig-jpg.webp\",\"contentUrl\":\"https:\/\/files.sunoresearch.com.br\/n\/uploads\/2019\/08\/ed470c2f-cemig-jpg.webp\",\"width\":2119,\"height\":1414,\"caption\":\"Cemig tem ratings elevados\"},{\"@type\":\"BreadcrumbList\",\"@id\":\"https:\/\/www.suno.com.br\/noticias\/cemig-inicia-processo-desinvestimento-taesa\/#breadcrumb\",\"itemListElement\":[{\"@type\":\"ListItem\",\"position\":1,\"name\":\"Not\u00edcias\",\"item\":\"https:\/\/www.suno.com.br\/noticias\/\"},{\"@type\":\"ListItem\",\"position\":2,\"name\":\"Neg\u00f3cios\",\"item\":\"https:\/\/www.suno.com.br\/noticias\/negocios\/\"},{\"@type\":\"ListItem\",\"position\":3,\"name\":\"Cemig inicia processo de desinvestimento na Taesa\"}]},{\"@type\":\"WebSite\",\"@id\":\"https:\/\/www.suno.com.br\/noticias\/#website\",\"url\":\"https:\/\/www.suno.com.br\/noticias\/\",\"name\":\"Suno Not\u00edcias\",\"description\":\"Seu portal de informa\u00e7\u00e3o sobre o mundo dos investimentos\",\"publisher\":{\"@id\":\"https:\/\/www.suno.com.br\/noticias\/#organization\"},\"potentialAction\":[{\"@type\":\"SearchAction\",\"target\":{\"@type\":\"EntryPoint\",\"urlTemplate\":\"https:\/\/www.suno.com.br\/noticias\/?s={search_term_string}\"},\"query-input\":{\"@type\":\"PropertyValueSpecification\",\"valueRequired\":true,\"valueName\":\"search_term_string\"}}],\"inLanguage\":\"pt-BR\"},{\"@type\":\"Organization\",\"@id\":\"https:\/\/www.suno.com.br\/noticias\/#organization\",\"name\":\"Suno Not\u00edcias\",\"url\":\"https:\/\/www.suno.com.br\/noticias\/\",\"logo\":{\"@type\":\"ImageObject\",\"inLanguage\":\"pt-BR\",\"@id\":\"https:\/\/www.suno.com.br\/noticias\/#\/schema\/logo\/image\/\",\"url\":\"https:\/\/files.sunoresearch.com.br\/n\/uploads\/2021\/09\/suno-logo.png\",\"contentUrl\":\"https:\/\/files.sunoresearch.com.br\/n\/uploads\/2021\/09\/suno-logo.png\",\"width\":180,\"height\":180,\"caption\":\"Suno Not\u00edcias\"},\"image\":{\"@id\":\"https:\/\/www.suno.com.br\/noticias\/#\/schema\/logo\/image\/\"},\"sameAs\":[\"https:\/\/facebook.com\/sunoresearch\",\"https:\/\/x.com\/sunoresearch\",\"https:\/\/www.instagram.com\/suno\",\"https:\/\/www.linkedin.com\/company\/suno-research\/\",\"https:\/\/www.youtube.com\/c\/sunoresearch\"]},{\"@type\":\"Person\",\"@id\":\"https:\/\/www.suno.com.br\/noticias\/#\/schema\/person\/918d79de1f0281f01599b93f9ea6e23f\",\"name\":\"Jader Lazarini\",\"image\":{\"@type\":\"ImageObject\",\"inLanguage\":\"pt-BR\",\"@id\":\"https:\/\/www.suno.com.br\/noticias\/#\/schema\/person\/image\/\",\"url\":\"https:\/\/secure.gravatar.com\/avatar\/3c1ad8caa51589841baeb923fcddea97?s=96&r=g\",\"contentUrl\":\"https:\/\/secure.gravatar.com\/avatar\/3c1ad8caa51589841baeb923fcddea97?s=96&r=g\",\"caption\":\"Jader Lazarini\"},\"description\":\"Jader Lazarini escreve sobre investimentos, finan\u00e7as, economia e neg\u00f3cios. \u00c9 bacharel em Rela\u00e7\u00f5es Internacionais e analista CNPI (2619).\",\"url\":\"https:\/\/www.suno.com.br\/noticias\/author\/jader-lazarini\/\"}]}<\/script>\n<!-- \/ Yoast SEO plugin. -->","yoast_head_json":{"title":"Cemig inicia processo de desinvestimento na Taesa","description":"A empresa mineira de energia Cemig iniciou o processo de contrata\u00e7\u00e3o de bancos para seus desinvestimentos em subsidi\u00e1rias. Saiba mais.","robots":{"index":"index","follow":"follow","max-snippet":"max-snippet:-1","max-image-preview":"max-image-preview:large","max-video-preview":"max-video-preview:-1"},"canonical":"https:\/\/www.suno.com.br\/noticias\/cemig-inicia-processo-desinvestimento-taesa\/","og_locale":"pt_BR","og_type":"article","og_title":"Cemig inicia processo de desinvestimento na Taesa","og_description":"A empresa mineira de energia Cemig iniciou o processo de contrata\u00e7\u00e3o de bancos para seus desinvestimentos em subsidi\u00e1rias. Saiba mais.","og_url":"https:\/\/www.suno.com.br\/noticias\/cemig-inicia-processo-desinvestimento-taesa\/","og_site_name":"Suno Not\u00edcias","article_publisher":"https:\/\/facebook.com\/sunoresearch","og_image":[{"width":1024,"height":683,"url":"https:\/\/files.sunoresearch.com.br\/n\/uploads\/2019\/08\/ed470c2f-cemig-1024x683.jpg","type":"image\/jpeg"}],"author":"Jader Lazarini","twitter_card":"summary_large_image","twitter_creator":"@sunoresearch","twitter_site":"@sunoresearch","twitter_misc":{"Escrito por":"Jader Lazarini","Est. tempo de leitura":"2 minutos"},"schema":{"@context":"https:\/\/schema.org","@graph":[{"@type":"NewsArticle","@id":"https:\/\/www.suno.com.br\/noticias\/cemig-inicia-processo-desinvestimento-taesa\/#article","isPartOf":{"@id":"https:\/\/www.suno.com.br\/noticias\/cemig-inicia-processo-desinvestimento-taesa\/"},"author":{"name":"Jader Lazarini","@id":"https:\/\/www.suno.com.br\/noticias\/#\/schema\/person\/918d79de1f0281f01599b93f9ea6e23f"},"headline":"Cemig inicia processo de desinvestimento na Taesa","datePublished":"2020-01-07T13:36:52+00:00","mainEntityOfPage":{"@id":"https:\/\/www.suno.com.br\/noticias\/cemig-inicia-processo-desinvestimento-taesa\/"},"wordCount":466,"publisher":{"@id":"https:\/\/www.suno.com.br\/noticias\/#organization"},"image":{"@id":"https:\/\/www.suno.com.br\/noticias\/cemig-inicia-processo-desinvestimento-taesa\/#primaryimage"},"thumbnailUrl":"https:\/\/files.sunoresearch.com.br\/n\/uploads\/2019\/08\/ed470c2f-cemig-jpg.webp","keywords":["Cemig (CMIG3\/CMIG4)","Taesa (TAEE11\/TAEE3\/TAEE4)"],"articleSection":["Neg\u00f3cios"],"inLanguage":"pt-BR"},{"@type":"WebPage","@id":"https:\/\/www.suno.com.br\/noticias\/cemig-inicia-processo-desinvestimento-taesa\/","url":"https:\/\/www.suno.com.br\/noticias\/cemig-inicia-processo-desinvestimento-taesa\/","name":"Cemig inicia processo de desinvestimento na Taesa","isPartOf":{"@id":"https:\/\/www.suno.com.br\/noticias\/#website"},"primaryImageOfPage":{"@id":"https:\/\/www.suno.com.br\/noticias\/cemig-inicia-processo-desinvestimento-taesa\/#primaryimage"},"image":{"@id":"https:\/\/www.suno.com.br\/noticias\/cemig-inicia-processo-desinvestimento-taesa\/#primaryimage"},"thumbnailUrl":"https:\/\/files.sunoresearch.com.br\/n\/uploads\/2019\/08\/ed470c2f-cemig-jpg.webp","datePublished":"2020-01-07T13:36:52+00:00","description":"A empresa mineira de energia Cemig iniciou o processo de contrata\u00e7\u00e3o de bancos para seus desinvestimentos em subsidi\u00e1rias. Saiba mais.","breadcrumb":{"@id":"https:\/\/www.suno.com.br\/noticias\/cemig-inicia-processo-desinvestimento-taesa\/#breadcrumb"},"inLanguage":"pt-BR","potentialAction":[{"@type":"ReadAction","target":["https:\/\/www.suno.com.br\/noticias\/cemig-inicia-processo-desinvestimento-taesa\/"]}]},{"@type":"ImageObject","inLanguage":"pt-BR","@id":"https:\/\/www.suno.com.br\/noticias\/cemig-inicia-processo-desinvestimento-taesa\/#primaryimage","url":"https:\/\/files.sunoresearch.com.br\/n\/uploads\/2019\/08\/ed470c2f-cemig-jpg.webp","contentUrl":"https:\/\/files.sunoresearch.com.br\/n\/uploads\/2019\/08\/ed470c2f-cemig-jpg.webp","width":2119,"height":1414,"caption":"Cemig tem ratings elevados"},{"@type":"BreadcrumbList","@id":"https:\/\/www.suno.com.br\/noticias\/cemig-inicia-processo-desinvestimento-taesa\/#breadcrumb","itemListElement":[{"@type":"ListItem","position":1,"name":"Not\u00edcias","item":"https:\/\/www.suno.com.br\/noticias\/"},{"@type":"ListItem","position":2,"name":"Neg\u00f3cios","item":"https:\/\/www.suno.com.br\/noticias\/negocios\/"},{"@type":"ListItem","position":3,"name":"Cemig inicia processo de desinvestimento na Taesa"}]},{"@type":"WebSite","@id":"https:\/\/www.suno.com.br\/noticias\/#website","url":"https:\/\/www.suno.com.br\/noticias\/","name":"Suno Not\u00edcias","description":"Seu portal de informa\u00e7\u00e3o sobre o mundo dos investimentos","publisher":{"@id":"https:\/\/www.suno.com.br\/noticias\/#organization"},"potentialAction":[{"@type":"SearchAction","target":{"@type":"EntryPoint","urlTemplate":"https:\/\/www.suno.com.br\/noticias\/?s={search_term_string}"},"query-input":{"@type":"PropertyValueSpecification","valueRequired":true,"valueName":"search_term_string"}}],"inLanguage":"pt-BR"},{"@type":"Organization","@id":"https:\/\/www.suno.com.br\/noticias\/#organization","name":"Suno Not\u00edcias","url":"https:\/\/www.suno.com.br\/noticias\/","logo":{"@type":"ImageObject","inLanguage":"pt-BR","@id":"https:\/\/www.suno.com.br\/noticias\/#\/schema\/logo\/image\/","url":"https:\/\/files.sunoresearch.com.br\/n\/uploads\/2021\/09\/suno-logo.png","contentUrl":"https:\/\/files.sunoresearch.com.br\/n\/uploads\/2021\/09\/suno-logo.png","width":180,"height":180,"caption":"Suno Not\u00edcias"},"image":{"@id":"https:\/\/www.suno.com.br\/noticias\/#\/schema\/logo\/image\/"},"sameAs":["https:\/\/facebook.com\/sunoresearch","https:\/\/x.com\/sunoresearch","https:\/\/www.instagram.com\/suno","https:\/\/www.linkedin.com\/company\/suno-research\/","https:\/\/www.youtube.com\/c\/sunoresearch"]},{"@type":"Person","@id":"https:\/\/www.suno.com.br\/noticias\/#\/schema\/person\/918d79de1f0281f01599b93f9ea6e23f","name":"Jader Lazarini","image":{"@type":"ImageObject","inLanguage":"pt-BR","@id":"https:\/\/www.suno.com.br\/noticias\/#\/schema\/person\/image\/","url":"https:\/\/secure.gravatar.com\/avatar\/3c1ad8caa51589841baeb923fcddea97?s=96&r=g","contentUrl":"https:\/\/secure.gravatar.com\/avatar\/3c1ad8caa51589841baeb923fcddea97?s=96&r=g","caption":"Jader Lazarini"},"description":"Jader Lazarini escreve sobre investimentos, finan\u00e7as, economia e neg\u00f3cios. \u00c9 bacharel em Rela\u00e7\u00f5es Internacionais e analista CNPI (2619).","url":"https:\/\/www.suno.com.br\/noticias\/author\/jader-lazarini\/"}]}},"default_loop_html":"<div class=\"cardsPage__listCard__boxs\"><div class=\"cardsPage__listCard__boxs__img\"><a href=\"https:\/\/www.suno.com.br\/noticias\/cemig-inicia-processo-desinvestimento-taesa\/\"><img class=\"mask\" src=\"https:\/\/www.suno.com.br\/noticias\/wp-content\/themes\/suno\/resources\/images\/spotlight\/spotlight1img\/bg-mask.png\" alt=\"Image Mask\"\/><img src=\"https:\/\/files.sunoresearch.com.br\/n\/uploads\/2019\/08\/ed470c2f-cemig-400x200.webp\" alt=\"Cemig inicia processo de desinvestimento na Taesa\"\/><\/a><span class=\"spotlightCategory\"><a href=\"https:\/\/www.suno.com.br\/noticias\/negocios\/\">Neg\u00f3cios<\/a><\/span><\/div><div class=\"cardsPage__listCard__boxs__content\"><a href=\"https:\/\/www.suno.com.br\/noticias\/cemig-inicia-processo-desinvestimento-taesa\/\"><h2 class=\"content__title\">Cemig inicia processo de desinvestimento na Taesa<\/h2><\/a><div class=\"newsContent__article__meta\"><div class=\"newsContent__article__meta__authorBox\"><a href=\"https:\/\/www.suno.com.br\/noticias\/author\/jader-lazarini\/\" class=\"authorBox__avatar noMobi\"><img src=\"https:\/\/files.sunoresearch.com.br\/n\/uploads\/2021\/01\/178e6598-foto-perfil-2-150x150.jpg\" alt=\"Jader Lazarini\"><\/a><div class=\"authorBox__name\"><span>por\n\t\t\t<a href=\"https:\/\/www.suno.com.br\/noticias\/author\/jader-lazarini\/\"><span itemprop=\"author\">Jader Lazarini<\/span><\/a><\/span><time datetime=\"2020-01-07T11:36:52-03:00\" itemprop=\"datePublished\">07\/01\/2020 11:36<\/time><\/div><\/div><\/div><\/div><\/div>","single_layout":"posts","amp_enabled":true,"_links":{"self":[{"href":"https:\/\/www.suno.com.br\/noticias\/wp-json\/wp\/v2\/posts\/48864"}],"collection":[{"href":"https:\/\/www.suno.com.br\/noticias\/wp-json\/wp\/v2\/posts"}],"about":[{"href":"https:\/\/www.suno.com.br\/noticias\/wp-json\/wp\/v2\/types\/post"}],"author":[{"embeddable":true,"href":"https:\/\/www.suno.com.br\/noticias\/wp-json\/wp\/v2\/users\/24"}],"replies":[{"embeddable":true,"href":"https:\/\/www.suno.com.br\/noticias\/wp-json\/wp\/v2\/comments?post=48864"}],"version-history":[{"count":0,"href":"https:\/\/www.suno.com.br\/noticias\/wp-json\/wp\/v2\/posts\/48864\/revisions"}],"wp:featuredmedia":[{"embeddable":true,"href":"https:\/\/www.suno.com.br\/noticias\/wp-json\/wp\/v2\/media\/35945"}],"wp:attachment":[{"href":"https:\/\/www.suno.com.br\/noticias\/wp-json\/wp\/v2\/media?parent=48864"}],"wp:term":[{"taxonomy":"category","embeddable":true,"href":"https:\/\/www.suno.com.br\/noticias\/wp-json\/wp\/v2\/categories?post=48864"},{"taxonomy":"post_tag","embeddable":true,"href":"https:\/\/www.suno.com.br\/noticias\/wp-json\/wp\/v2\/tags?post=48864"},{"taxonomy":"suno_strategy","embeddable":true,"href":"https:\/\/www.suno.com.br\/noticias\/wp-json\/wp\/v2\/suno_strategy?post=48864"}],"curies":[{"name":"wp","href":"https:\/\/api.w.org\/{rel}","templated":true}]}}