{"id":48862,"date":"2020-01-07T11:48:32","date_gmt":"2020-01-07T13:48:32","guid":{"rendered":"https:\/\/www.suno.com.br\/noticias\/?p=48862"},"modified":"2020-01-07T11:48:57","modified_gmt":"2020-01-07T13:48:57","slug":"adidas-planeja-recomprar-mais-1-bilhao-de-euros-em-acoes-neste-ano","status":"publish","type":"post","link":"https:\/\/www.suno.com.br\/noticias\/adidas-planeja-recomprar-mais-1-bilhao-de-euros-em-acoes-neste-ano\/","title":{"rendered":"Adidas planeja recomprar mais 1 bilh\u00e3o de euros em a\u00e7\u00f5es neste ano"},"content":{"rendered":"<p>A Adidas comunicou nesta ter\u00e7a-feira (7) que tem como objetivo recomprar 1 bilh\u00e3o de euros em a\u00e7\u00f5es neste ano. Vale ressaltar que os ativos da empresa s\u00e3o negociados na bolsa de Frankfurt, na Alemanha.<\/p>\t<div class=\"wrapper-featured-image\">\n\t\t<figure class=\"spotlightImg\">\n\n\t\t\t<picture>\n\t\t\t\t<source media=\"(max-width: 768px)\" srcset=\"https:\/\/files.sunoresearch.com.br\/n\/uploads\/2018\/11\/c400f04e-adidas-400x200.webp\">\n\t\t\t\t<img loading=\"lazy\" decoding=\"async\" class=\"newsContent__article__imgCapa lazyloadDisabled newsContent__article__imgCapa--noCaption\" src=\"https:\/\/files.sunoresearch.com.br\/n\/uploads\/2018\/11\/c400f04e-adidas-800x450.webp\" width=\"800\" height=\"450\" alt=\"Adidas planeja recomprar mais 1 bilh\u00e3o de euros em a\u00e7\u00f5es neste ano\" fetchpriority=high \/>\n\t\t\t<\/picture>\n\n\t\t\t<figcaption class=\"wp-caption-text wp-caption-text--hide\"><\/figcaption>\n\t\t<\/figure>\n\t<\/div>\n\n\n\n<p>Segundo a <strong>Adidas<\/strong>, esta fase de recompra \u00e9 a terceira parte do plano que foi anunciado em mar\u00e7o de 2018. Nas fases anteriores, a gigante de materiais esportivos recomprou 8,3 milh\u00f5es de a\u00e7\u00f5es por 1,8 bilh\u00e3o de euros no total.<\/p>\n<p>A empresa afirma ter pago 3 bilh\u00f5es de euros aos acionistas por meio de sua pol\u00edtica de dividendos e de recompra de a\u00e7\u00f5es, desde que o programa foi colocado em vig\u00eancia h\u00e1 cerca de dois anos.<\/p>\n<h2>Fechamento de f\u00e1bricas nos EUA e na Alemanha<\/h2>\n<p>A Adidas anunciou, ao final do ano passado, que pretendia fechar suas f\u00e1bricas de t\u00eanis nos <strong>Estados Unidos<\/strong> e na <strong>Alemanha.<\/strong> A companhia alem\u00e3 afirmou que tinha como ideia transferir sua linha de produ\u00e7\u00e3o para a \u00c1sia.<\/p>\n\t<p>\n\t\t<a href=\"https:\/\/lp.suno.com.br\/asset\/fundos\/suno-fic-fia\/\" target=\"_blank\" data-element=\"shortcode-suno-banner\" title=\"Banner SUNO, clique e saiba mais\">\n\t\t\t<picture>\n\t\t\t\t<source media=\"(max-width: 500px)\" srcset=\"https:\/\/files.sunoresearch.com.br\/n\/uploads\/2023\/10\/SUNO-FIC-FIA-400x300-Mobile-Artigos-5-v2.png\">\n\t\t\t\t<img class=\"newsContent__article__imgCapa newsContent__article__imgCapa--banner\"\n\t\t\t\t\tsrc=\"https:\/\/files.sunoresearch.com.br\/n\/uploads\/2023\/10\/SUNO-FIC-FIA-1420x240-Banner-Artigos-1-_-Banner-Materias-4-v2-png.webp\"\n\t\t\t\t\tdata-promo-id=\"478743\"\t\t\t\t\t\t\t\t\t\twidth='2560' height='433'\t\t\t\t\talt=\"https:\/\/files.sunoresearch.com.br\/n\/uploads\/2023\/10\/SUNO-FIC-FIA-1420x240-Banner-Artigos-1-_-Banner-Materias-4-v2-png.webp\"\n\t\t\t\t>\n\t\t\t<\/picture>\n\t\t<\/a>\n\t<\/p>\n\n\n<p>De acordo com o comunicado publicado pela Adidas, a tecnologia que \u00e9 desenvolvida nas f\u00e1bricas com produ\u00e7\u00e3o automatizada, conhecidas como <em>&#8220;speedfactories&#8221;,<\/em> ser\u00e1 transferida para fornecedores no Vietn\u00e3 e na China.<\/p>\n<p>A empresa alem\u00e3 informou tamb\u00e9m que a transfer\u00eancia da produ\u00e7\u00e3o para a \u00c1sia \u00e9 uma medida mais <a href=\"https:\/\/www.youtube.com\/channel\/UCWDeEIDAIi_oYKDiqwfGyRg\">econ\u00f4mica<\/a>. De acordo com a ag\u00eancia de not\u00edcias &#8220;Reuters&#8221;, a produ\u00e7\u00e3o nos EUA e na Alemanha foi encerrada pois os custos nestes locais superaram o previsto.<\/p>\n<p><a href=\"https:\/\/www.suno.com.br\/noticias\/cemig-inicia-processo-desinvestimento-taesa\/\">Veja tamb\u00e9m: Cemig inicia processo de desinvestimento na Taesa<\/a><\/p>\n<p>A companhia salientou ainda que a altera\u00e7\u00e3o causar\u00e1 \u201cmelhor utiliza\u00e7\u00e3o da capacidade de produ\u00e7\u00e3o existente e mais flexibilidade no design do produto\u201d. Al\u00e9m disso, uma porta-voz da empresa comunicou que a decis\u00e3o n\u00e3o est\u00e1 relacionada com a <strong><a href=\"https:\/\/www.suno.com.br\/artigos\/a-guerra-comercial\/\">guerra comercial<\/a><\/strong> entre Estados Unidos e China.<\/p>\n<p>Por conta do fechamento das duas unidades da <strong>Adidas<\/strong> em abril deste ano, cerca de 200 postos de trabalho ser\u00e3o perdidos.<\/p>\n\n","protected":false},"excerpt":{"rendered":"<p>A Adidas comunicou nesta ter\u00e7a-feira (7) que tem como objetivo recomprar 1 bilh\u00e3o de euros em a\u00e7\u00f5es neste ano. Vale ressaltar que os ativos da empresa s\u00e3o negociados na bolsa de Frankfurt, na Alemanha. Segundo a Adidas, esta fase de recompra \u00e9 a terceira parte do plano que foi anunciado em mar\u00e7o de 2018. Nas [&hellip;]<\/p>\n","protected":false},"author":19,"featured_media":6092,"comment_status":"closed","ping_status":"closed","sticky":false,"template":"","format":"standard","meta":[],"categories":[64],"tags":[1470],"suno_strategy":[],"class_list":["post-48862","post","type-post","status-publish","format-standard","has-post-thumbnail","hentry","category-negocios","tag-adidas"],"yoast_head":"<!-- This site is optimized with the Yoast SEO plugin v24.4 - https:\/\/yoast.com\/wordpress\/plugins\/seo\/ -->\n<title>Adidas planeja recomprar mais 1 bilh\u00e3o de euros em a\u00e7\u00f5es neste ano<\/title>\n<meta name=\"description\" content=\"A Adidas comunicou nesta ter\u00e7a-feira (7) que tem como plano recomprar 1 bilh\u00e3o de euros em a\u00e7\u00f5es neste ano. Clique e saiba mais.\" \/>\n<meta name=\"robots\" content=\"index, follow, max-snippet:-1, max-image-preview:large, max-video-preview:-1\" \/>\n<link rel=\"canonical\" href=\"https:\/\/www.suno.com.br\/noticias\/adidas-planeja-recomprar-mais-1-bilhao-de-euros-em-acoes-neste-ano\/\" \/>\n<meta property=\"og:locale\" content=\"pt_BR\" \/>\n<meta property=\"og:type\" content=\"article\" \/>\n<meta property=\"og:title\" content=\"Adidas planeja recomprar mais 1 bilh\u00e3o de euros em a\u00e7\u00f5es neste ano\" \/>\n<meta property=\"og:description\" content=\"A Adidas comunicou nesta ter\u00e7a-feira (7) que tem como plano recomprar 1 bilh\u00e3o de euros em a\u00e7\u00f5es neste ano. Clique e saiba mais.\" \/>\n<meta property=\"og:url\" content=\"https:\/\/www.suno.com.br\/noticias\/adidas-planeja-recomprar-mais-1-bilhao-de-euros-em-acoes-neste-ano\/\" \/>\n<meta property=\"og:site_name\" content=\"Suno Not\u00edcias\" \/>\n<meta property=\"article:publisher\" content=\"https:\/\/facebook.com\/sunoresearch\" \/>\n<meta property=\"og:image\" content=\"https:\/\/files.sunoresearch.com.br\/n\/uploads\/2018\/11\/c400f04e-adidas.jpg\" \/>\n\t<meta property=\"og:image:width\" content=\"1920\" \/>\n\t<meta property=\"og:image:height\" content=\"1275\" \/>\n\t<meta property=\"og:image:type\" content=\"image\/jpeg\" \/>\n<meta name=\"author\" content=\"Juliano Passaro\" \/>\n<meta name=\"twitter:card\" content=\"summary_large_image\" \/>\n<meta name=\"twitter:creator\" content=\"@sunoresearch\" \/>\n<meta name=\"twitter:site\" content=\"@sunoresearch\" \/>\n<meta name=\"twitter:label1\" content=\"Escrito por\" \/>\n\t<meta name=\"twitter:data1\" content=\"Juliano Passaro\" \/>\n\t<meta name=\"twitter:label2\" content=\"Est. tempo de leitura\" \/>\n\t<meta name=\"twitter:data2\" content=\"2 minutos\" \/>\n<script type=\"application\/ld+json\" class=\"yoast-schema-graph\">{\"@context\":\"https:\/\/schema.org\",\"@graph\":[{\"@type\":\"NewsArticle\",\"@id\":\"https:\/\/www.suno.com.br\/noticias\/adidas-planeja-recomprar-mais-1-bilhao-de-euros-em-acoes-neste-ano\/#article\",\"isPartOf\":{\"@id\":\"https:\/\/www.suno.com.br\/noticias\/adidas-planeja-recomprar-mais-1-bilhao-de-euros-em-acoes-neste-ano\/\"},\"author\":{\"name\":\"Juliano Passaro\",\"@id\":\"https:\/\/www.suno.com.br\/noticias\/#\/schema\/person\/1db762f78ffd8919a648a63e425953e3\"},\"headline\":\"Adidas planeja recomprar mais 1 bilh\u00e3o de euros em a\u00e7\u00f5es neste ano\",\"datePublished\":\"2020-01-07T13:48:32+00:00\",\"dateModified\":\"2020-01-07T13:48:57+00:00\",\"mainEntityOfPage\":{\"@id\":\"https:\/\/www.suno.com.br\/noticias\/adidas-planeja-recomprar-mais-1-bilhao-de-euros-em-acoes-neste-ano\/\"},\"wordCount\":349,\"publisher\":{\"@id\":\"https:\/\/www.suno.com.br\/noticias\/#organization\"},\"image\":{\"@id\":\"https:\/\/www.suno.com.br\/noticias\/adidas-planeja-recomprar-mais-1-bilhao-de-euros-em-acoes-neste-ano\/#primaryimage\"},\"thumbnailUrl\":\"https:\/\/files.sunoresearch.com.br\/n\/uploads\/2018\/11\/c400f04e-adidas-jpg.webp\",\"keywords\":[\"Adidas\"],\"articleSection\":[\"Neg\u00f3cios\"],\"inLanguage\":\"pt-BR\"},{\"@type\":\"WebPage\",\"@id\":\"https:\/\/www.suno.com.br\/noticias\/adidas-planeja-recomprar-mais-1-bilhao-de-euros-em-acoes-neste-ano\/\",\"url\":\"https:\/\/www.suno.com.br\/noticias\/adidas-planeja-recomprar-mais-1-bilhao-de-euros-em-acoes-neste-ano\/\",\"name\":\"Adidas planeja recomprar mais 1 bilh\u00e3o de euros em a\u00e7\u00f5es neste ano\",\"isPartOf\":{\"@id\":\"https:\/\/www.suno.com.br\/noticias\/#website\"},\"primaryImageOfPage\":{\"@id\":\"https:\/\/www.suno.com.br\/noticias\/adidas-planeja-recomprar-mais-1-bilhao-de-euros-em-acoes-neste-ano\/#primaryimage\"},\"image\":{\"@id\":\"https:\/\/www.suno.com.br\/noticias\/adidas-planeja-recomprar-mais-1-bilhao-de-euros-em-acoes-neste-ano\/#primaryimage\"},\"thumbnailUrl\":\"https:\/\/files.sunoresearch.com.br\/n\/uploads\/2018\/11\/c400f04e-adidas-jpg.webp\",\"datePublished\":\"2020-01-07T13:48:32+00:00\",\"dateModified\":\"2020-01-07T13:48:57+00:00\",\"description\":\"A Adidas comunicou nesta ter\u00e7a-feira (7) que tem como plano recomprar 1 bilh\u00e3o de euros em a\u00e7\u00f5es neste ano. Clique e saiba mais.\",\"breadcrumb\":{\"@id\":\"https:\/\/www.suno.com.br\/noticias\/adidas-planeja-recomprar-mais-1-bilhao-de-euros-em-acoes-neste-ano\/#breadcrumb\"},\"inLanguage\":\"pt-BR\",\"potentialAction\":[{\"@type\":\"ReadAction\",\"target\":[\"https:\/\/www.suno.com.br\/noticias\/adidas-planeja-recomprar-mais-1-bilhao-de-euros-em-acoes-neste-ano\/\"]}]},{\"@type\":\"ImageObject\",\"inLanguage\":\"pt-BR\",\"@id\":\"https:\/\/www.suno.com.br\/noticias\/adidas-planeja-recomprar-mais-1-bilhao-de-euros-em-acoes-neste-ano\/#primaryimage\",\"url\":\"https:\/\/files.sunoresearch.com.br\/n\/uploads\/2018\/11\/c400f04e-adidas-jpg.webp\",\"contentUrl\":\"https:\/\/files.sunoresearch.com.br\/n\/uploads\/2018\/11\/c400f04e-adidas-jpg.webp\",\"width\":1920,\"height\":1275,\"caption\":\"coronav\u00edrus - Adidas\"},{\"@type\":\"BreadcrumbList\",\"@id\":\"https:\/\/www.suno.com.br\/noticias\/adidas-planeja-recomprar-mais-1-bilhao-de-euros-em-acoes-neste-ano\/#breadcrumb\",\"itemListElement\":[{\"@type\":\"ListItem\",\"position\":1,\"name\":\"Not\u00edcias\",\"item\":\"https:\/\/www.suno.com.br\/noticias\/\"},{\"@type\":\"ListItem\",\"position\":2,\"name\":\"Neg\u00f3cios\",\"item\":\"https:\/\/www.suno.com.br\/noticias\/negocios\/\"},{\"@type\":\"ListItem\",\"position\":3,\"name\":\"Adidas planeja recomprar mais 1 bilh\u00e3o de euros em a\u00e7\u00f5es neste ano\"}]},{\"@type\":\"WebSite\",\"@id\":\"https:\/\/www.suno.com.br\/noticias\/#website\",\"url\":\"https:\/\/www.suno.com.br\/noticias\/\",\"name\":\"Suno Not\u00edcias\",\"description\":\"Seu portal de informa\u00e7\u00e3o sobre o mundo dos investimentos\",\"publisher\":{\"@id\":\"https:\/\/www.suno.com.br\/noticias\/#organization\"},\"potentialAction\":[{\"@type\":\"SearchAction\",\"target\":{\"@type\":\"EntryPoint\",\"urlTemplate\":\"https:\/\/www.suno.com.br\/noticias\/?s={search_term_string}\"},\"query-input\":{\"@type\":\"PropertyValueSpecification\",\"valueRequired\":true,\"valueName\":\"search_term_string\"}}],\"inLanguage\":\"pt-BR\"},{\"@type\":\"Organization\",\"@id\":\"https:\/\/www.suno.com.br\/noticias\/#organization\",\"name\":\"Suno Not\u00edcias\",\"url\":\"https:\/\/www.suno.com.br\/noticias\/\",\"logo\":{\"@type\":\"ImageObject\",\"inLanguage\":\"pt-BR\",\"@id\":\"https:\/\/www.suno.com.br\/noticias\/#\/schema\/logo\/image\/\",\"url\":\"https:\/\/files.sunoresearch.com.br\/n\/uploads\/2021\/09\/suno-logo.png\",\"contentUrl\":\"https:\/\/files.sunoresearch.com.br\/n\/uploads\/2021\/09\/suno-logo.png\",\"width\":180,\"height\":180,\"caption\":\"Suno Not\u00edcias\"},\"image\":{\"@id\":\"https:\/\/www.suno.com.br\/noticias\/#\/schema\/logo\/image\/\"},\"sameAs\":[\"https:\/\/facebook.com\/sunoresearch\",\"https:\/\/x.com\/sunoresearch\",\"https:\/\/www.instagram.com\/suno\",\"https:\/\/www.linkedin.com\/company\/suno-research\/\",\"https:\/\/www.youtube.com\/c\/sunoresearch\"]},{\"@type\":\"Person\",\"@id\":\"https:\/\/www.suno.com.br\/noticias\/#\/schema\/person\/1db762f78ffd8919a648a63e425953e3\",\"name\":\"Juliano Passaro\",\"image\":{\"@type\":\"ImageObject\",\"inLanguage\":\"pt-BR\",\"@id\":\"https:\/\/www.suno.com.br\/noticias\/#\/schema\/person\/image\/\",\"url\":\"https:\/\/secure.gravatar.com\/avatar\/743d4df28eebf6dcc46b4ad03c319e92?s=96&r=g\",\"contentUrl\":\"https:\/\/secure.gravatar.com\/avatar\/743d4df28eebf6dcc46b4ad03c319e92?s=96&r=g\",\"caption\":\"Juliano Passaro\"},\"description\":\"Juliano Passaro escreve sobre pol\u00edtica, economia e neg\u00f3cios para o portal da Suno Research. Antes da Suno, trabalhou no Portal da Band. \u00c9 formado em jornalismo pela Universidade Presbiteriana Mackenzie.\",\"url\":\"https:\/\/www.suno.com.br\/noticias\/author\/juliano\/\"}]}<\/script>\n<!-- \/ Yoast SEO plugin. -->","yoast_head_json":{"title":"Adidas planeja recomprar mais 1 bilh\u00e3o de euros em a\u00e7\u00f5es neste ano","description":"A Adidas comunicou nesta ter\u00e7a-feira (7) que tem como plano recomprar 1 bilh\u00e3o de euros em a\u00e7\u00f5es neste ano. Clique e saiba mais.","robots":{"index":"index","follow":"follow","max-snippet":"max-snippet:-1","max-image-preview":"max-image-preview:large","max-video-preview":"max-video-preview:-1"},"canonical":"https:\/\/www.suno.com.br\/noticias\/adidas-planeja-recomprar-mais-1-bilhao-de-euros-em-acoes-neste-ano\/","og_locale":"pt_BR","og_type":"article","og_title":"Adidas planeja recomprar mais 1 bilh\u00e3o de euros em a\u00e7\u00f5es neste ano","og_description":"A Adidas comunicou nesta ter\u00e7a-feira (7) que tem como plano recomprar 1 bilh\u00e3o de euros em a\u00e7\u00f5es neste ano. Clique e saiba mais.","og_url":"https:\/\/www.suno.com.br\/noticias\/adidas-planeja-recomprar-mais-1-bilhao-de-euros-em-acoes-neste-ano\/","og_site_name":"Suno Not\u00edcias","article_publisher":"https:\/\/facebook.com\/sunoresearch","og_image":[{"width":1920,"height":1275,"url":"https:\/\/files.sunoresearch.com.br\/n\/uploads\/2018\/11\/c400f04e-adidas.jpg","type":"image\/jpeg"}],"author":"Juliano Passaro","twitter_card":"summary_large_image","twitter_creator":"@sunoresearch","twitter_site":"@sunoresearch","twitter_misc":{"Escrito por":"Juliano Passaro","Est. tempo de leitura":"2 minutos"},"schema":{"@context":"https:\/\/schema.org","@graph":[{"@type":"NewsArticle","@id":"https:\/\/www.suno.com.br\/noticias\/adidas-planeja-recomprar-mais-1-bilhao-de-euros-em-acoes-neste-ano\/#article","isPartOf":{"@id":"https:\/\/www.suno.com.br\/noticias\/adidas-planeja-recomprar-mais-1-bilhao-de-euros-em-acoes-neste-ano\/"},"author":{"name":"Juliano Passaro","@id":"https:\/\/www.suno.com.br\/noticias\/#\/schema\/person\/1db762f78ffd8919a648a63e425953e3"},"headline":"Adidas planeja recomprar mais 1 bilh\u00e3o de euros em a\u00e7\u00f5es neste ano","datePublished":"2020-01-07T13:48:32+00:00","dateModified":"2020-01-07T13:48:57+00:00","mainEntityOfPage":{"@id":"https:\/\/www.suno.com.br\/noticias\/adidas-planeja-recomprar-mais-1-bilhao-de-euros-em-acoes-neste-ano\/"},"wordCount":349,"publisher":{"@id":"https:\/\/www.suno.com.br\/noticias\/#organization"},"image":{"@id":"https:\/\/www.suno.com.br\/noticias\/adidas-planeja-recomprar-mais-1-bilhao-de-euros-em-acoes-neste-ano\/#primaryimage"},"thumbnailUrl":"https:\/\/files.sunoresearch.com.br\/n\/uploads\/2018\/11\/c400f04e-adidas-jpg.webp","keywords":["Adidas"],"articleSection":["Neg\u00f3cios"],"inLanguage":"pt-BR"},{"@type":"WebPage","@id":"https:\/\/www.suno.com.br\/noticias\/adidas-planeja-recomprar-mais-1-bilhao-de-euros-em-acoes-neste-ano\/","url":"https:\/\/www.suno.com.br\/noticias\/adidas-planeja-recomprar-mais-1-bilhao-de-euros-em-acoes-neste-ano\/","name":"Adidas planeja recomprar mais 1 bilh\u00e3o de euros em a\u00e7\u00f5es neste ano","isPartOf":{"@id":"https:\/\/www.suno.com.br\/noticias\/#website"},"primaryImageOfPage":{"@id":"https:\/\/www.suno.com.br\/noticias\/adidas-planeja-recomprar-mais-1-bilhao-de-euros-em-acoes-neste-ano\/#primaryimage"},"image":{"@id":"https:\/\/www.suno.com.br\/noticias\/adidas-planeja-recomprar-mais-1-bilhao-de-euros-em-acoes-neste-ano\/#primaryimage"},"thumbnailUrl":"https:\/\/files.sunoresearch.com.br\/n\/uploads\/2018\/11\/c400f04e-adidas-jpg.webp","datePublished":"2020-01-07T13:48:32+00:00","dateModified":"2020-01-07T13:48:57+00:00","description":"A Adidas comunicou nesta ter\u00e7a-feira (7) que tem como plano recomprar 1 bilh\u00e3o de euros em a\u00e7\u00f5es neste ano. Clique e saiba mais.","breadcrumb":{"@id":"https:\/\/www.suno.com.br\/noticias\/adidas-planeja-recomprar-mais-1-bilhao-de-euros-em-acoes-neste-ano\/#breadcrumb"},"inLanguage":"pt-BR","potentialAction":[{"@type":"ReadAction","target":["https:\/\/www.suno.com.br\/noticias\/adidas-planeja-recomprar-mais-1-bilhao-de-euros-em-acoes-neste-ano\/"]}]},{"@type":"ImageObject","inLanguage":"pt-BR","@id":"https:\/\/www.suno.com.br\/noticias\/adidas-planeja-recomprar-mais-1-bilhao-de-euros-em-acoes-neste-ano\/#primaryimage","url":"https:\/\/files.sunoresearch.com.br\/n\/uploads\/2018\/11\/c400f04e-adidas-jpg.webp","contentUrl":"https:\/\/files.sunoresearch.com.br\/n\/uploads\/2018\/11\/c400f04e-adidas-jpg.webp","width":1920,"height":1275,"caption":"coronav\u00edrus - Adidas"},{"@type":"BreadcrumbList","@id":"https:\/\/www.suno.com.br\/noticias\/adidas-planeja-recomprar-mais-1-bilhao-de-euros-em-acoes-neste-ano\/#breadcrumb","itemListElement":[{"@type":"ListItem","position":1,"name":"Not\u00edcias","item":"https:\/\/www.suno.com.br\/noticias\/"},{"@type":"ListItem","position":2,"name":"Neg\u00f3cios","item":"https:\/\/www.suno.com.br\/noticias\/negocios\/"},{"@type":"ListItem","position":3,"name":"Adidas planeja recomprar mais 1 bilh\u00e3o de euros em a\u00e7\u00f5es neste ano"}]},{"@type":"WebSite","@id":"https:\/\/www.suno.com.br\/noticias\/#website","url":"https:\/\/www.suno.com.br\/noticias\/","name":"Suno Not\u00edcias","description":"Seu portal de informa\u00e7\u00e3o sobre o mundo dos investimentos","publisher":{"@id":"https:\/\/www.suno.com.br\/noticias\/#organization"},"potentialAction":[{"@type":"SearchAction","target":{"@type":"EntryPoint","urlTemplate":"https:\/\/www.suno.com.br\/noticias\/?s={search_term_string}"},"query-input":{"@type":"PropertyValueSpecification","valueRequired":true,"valueName":"search_term_string"}}],"inLanguage":"pt-BR"},{"@type":"Organization","@id":"https:\/\/www.suno.com.br\/noticias\/#organization","name":"Suno Not\u00edcias","url":"https:\/\/www.suno.com.br\/noticias\/","logo":{"@type":"ImageObject","inLanguage":"pt-BR","@id":"https:\/\/www.suno.com.br\/noticias\/#\/schema\/logo\/image\/","url":"https:\/\/files.sunoresearch.com.br\/n\/uploads\/2021\/09\/suno-logo.png","contentUrl":"https:\/\/files.sunoresearch.com.br\/n\/uploads\/2021\/09\/suno-logo.png","width":180,"height":180,"caption":"Suno Not\u00edcias"},"image":{"@id":"https:\/\/www.suno.com.br\/noticias\/#\/schema\/logo\/image\/"},"sameAs":["https:\/\/facebook.com\/sunoresearch","https:\/\/x.com\/sunoresearch","https:\/\/www.instagram.com\/suno","https:\/\/www.linkedin.com\/company\/suno-research\/","https:\/\/www.youtube.com\/c\/sunoresearch"]},{"@type":"Person","@id":"https:\/\/www.suno.com.br\/noticias\/#\/schema\/person\/1db762f78ffd8919a648a63e425953e3","name":"Juliano Passaro","image":{"@type":"ImageObject","inLanguage":"pt-BR","@id":"https:\/\/www.suno.com.br\/noticias\/#\/schema\/person\/image\/","url":"https:\/\/secure.gravatar.com\/avatar\/743d4df28eebf6dcc46b4ad03c319e92?s=96&r=g","contentUrl":"https:\/\/secure.gravatar.com\/avatar\/743d4df28eebf6dcc46b4ad03c319e92?s=96&r=g","caption":"Juliano Passaro"},"description":"Juliano Passaro escreve sobre pol\u00edtica, economia e neg\u00f3cios para o portal da Suno Research. Antes da Suno, trabalhou no Portal da Band. \u00c9 formado em jornalismo pela Universidade Presbiteriana Mackenzie.","url":"https:\/\/www.suno.com.br\/noticias\/author\/juliano\/"}]}},"default_loop_html":"<div class=\"cardsPage__listCard__boxs\"><div class=\"cardsPage__listCard__boxs__img\"><a href=\"https:\/\/www.suno.com.br\/noticias\/adidas-planeja-recomprar-mais-1-bilhao-de-euros-em-acoes-neste-ano\/\"><img class=\"mask\" src=\"https:\/\/www.suno.com.br\/noticias\/wp-content\/themes\/suno\/resources\/images\/spotlight\/spotlight1img\/bg-mask.png\" alt=\"Image Mask\"\/><img src=\"https:\/\/files.sunoresearch.com.br\/n\/uploads\/2018\/11\/c400f04e-adidas-400x200.webp\" alt=\"Adidas planeja recomprar mais 1 bilh\u00e3o de euros em a\u00e7\u00f5es neste ano\"\/><\/a><span class=\"spotlightCategory\"><a href=\"https:\/\/www.suno.com.br\/noticias\/negocios\/\">Neg\u00f3cios<\/a><\/span><\/div><div class=\"cardsPage__listCard__boxs__content\"><a href=\"https:\/\/www.suno.com.br\/noticias\/adidas-planeja-recomprar-mais-1-bilhao-de-euros-em-acoes-neste-ano\/\"><h2 class=\"content__title\">Adidas planeja recomprar mais 1 bilh\u00e3o de euros em a\u00e7\u00f5es neste ano<\/h2><\/a><div class=\"newsContent__article__meta\"><div class=\"newsContent__article__meta__authorBox\"><a href=\"https:\/\/www.suno.com.br\/noticias\/author\/juliano\/\" class=\"authorBox__avatar noMobi\"><img src=\"https:\/\/files.sunoresearch.com.br\/n\/uploads\/2019\/06\/7cc3efea-whatsapp-image-2019-07-18-at-21.59.33-e1563499821209-150x150.webp\" alt=\"Juliano Passaro\"><\/a><div class=\"authorBox__name\"><span>por\n\t\t\t<a href=\"https:\/\/www.suno.com.br\/noticias\/author\/juliano\/\"><span itemprop=\"author\">Juliano Passaro<\/span><\/a><\/span><time datetime=\"2020-01-07T11:48:32-03:00\" itemprop=\"datePublished\">07\/01\/2020 11:48<\/time><\/div><\/div><\/div><\/div><\/div>","single_layout":"posts","amp_enabled":true,"_links":{"self":[{"href":"https:\/\/www.suno.com.br\/noticias\/wp-json\/wp\/v2\/posts\/48862"}],"collection":[{"href":"https:\/\/www.suno.com.br\/noticias\/wp-json\/wp\/v2\/posts"}],"about":[{"href":"https:\/\/www.suno.com.br\/noticias\/wp-json\/wp\/v2\/types\/post"}],"author":[{"embeddable":true,"href":"https:\/\/www.suno.com.br\/noticias\/wp-json\/wp\/v2\/users\/19"}],"replies":[{"embeddable":true,"href":"https:\/\/www.suno.com.br\/noticias\/wp-json\/wp\/v2\/comments?post=48862"}],"version-history":[{"count":0,"href":"https:\/\/www.suno.com.br\/noticias\/wp-json\/wp\/v2\/posts\/48862\/revisions"}],"wp:featuredmedia":[{"embeddable":true,"href":"https:\/\/www.suno.com.br\/noticias\/wp-json\/wp\/v2\/media\/6092"}],"wp:attachment":[{"href":"https:\/\/www.suno.com.br\/noticias\/wp-json\/wp\/v2\/media?parent=48862"}],"wp:term":[{"taxonomy":"category","embeddable":true,"href":"https:\/\/www.suno.com.br\/noticias\/wp-json\/wp\/v2\/categories?post=48862"},{"taxonomy":"post_tag","embeddable":true,"href":"https:\/\/www.suno.com.br\/noticias\/wp-json\/wp\/v2\/tags?post=48862"},{"taxonomy":"suno_strategy","embeddable":true,"href":"https:\/\/www.suno.com.br\/noticias\/wp-json\/wp\/v2\/suno_strategy?post=48862"}],"curies":[{"name":"wp","href":"https:\/\/api.w.org\/{rel}","templated":true}]}}