{"id":48836,"date":"2020-01-06T22:09:01","date_gmt":"2020-01-07T00:09:01","guid":{"rendered":"https:\/\/www.suno.com.br\/noticias\/?p=48836"},"modified":"2021-02-18T15:23:22","modified_gmt":"2021-02-18T18:23:22","slug":"itau-participacao-acionaria-tenda","status":"publish","type":"post","link":"https:\/\/www.suno.com.br\/noticias\/itau-participacao-acionaria-tenda\/","title":{"rendered":"Ita\u00fa reduz participa\u00e7\u00e3o acion\u00e1ria na Tenda para 4,74%"},"content":{"rendered":"<div>O <a href=\"https:\/\/www.suno.com.br\/acoes\/itub4\/\">Ita\u00fa (ITUB4<\/a>) comunicou ao mercado que reduziu, nesta segunda-feira (6), sua participa\u00e7\u00e3o na <a href=\"https:\/\/www.suno.com.br\/acoes\/tend3\/\"><strong>Tenda<\/strong> (<strong>TEND3<\/strong><\/a>) para 4,74%.<\/div>\n<div><\/div>\n<div><\/div>\n<div><\/div>\n<div>Com a decis\u00e3o, o <strong>Ita\u00fa<\/strong> passou a possuir 4,9 milh\u00f5es de a\u00e7\u00f5es da empresa.<\/div>\n<div><\/div>\n<div>\u201cO Ita\u00fa declara que n\u00e3o tem o objetivo de alterar a composi\u00e7\u00e3o do controle acion\u00e1rio ou estrutura administrativa da companhia\u201d, comunicou a <strong>Tenda<\/strong>.<\/div>\n<h2>Resultado do 3T19 da Ita\u00fasa<\/h2>\n<div>\n<p>A holding brasileira, <strong>Ita\u00fasa<\/strong>, detentora do <strong>Ita\u00fa Unibanco, Duratex<\/strong> e <strong>Alpargatas<\/strong> divulgou seu resultado no terceiro trimestre deste ano. A empresa registrou lucro l\u00edquido, atribu\u00eddo a acionistas controladores, de R$ 1,9 bilh\u00e3o, queda de 22% em compara\u00e7\u00e3o com o mesmo per\u00edodo no ano anterior.<\/p>\t<div class=\"wrapper-featured-image\">\n\t\t<figure class=\"spotlightImg\">\n\n\t\t\t<picture>\n\t\t\t\t<source media=\"(max-width: 768px)\" srcset=\"https:\/\/files.sunoresearch.com.br\/n\/uploads\/2019\/06\/7078965a-itau-400x200.webp\">\n\t\t\t\t<img loading=\"lazy\" decoding=\"async\" class=\"newsContent__article__imgCapa lazyloadDisabled newsContent__article__imgCapa--noCaption\" src=\"https:\/\/files.sunoresearch.com.br\/n\/uploads\/2019\/06\/7078965a-itau-800x450.webp\" width=\"800\" height=\"450\" alt=\"Ita\u00fa reduz participa\u00e7\u00e3o acion\u00e1ria na Tenda para 4,74%\" fetchpriority=high \/>\n\t\t\t<\/picture>\n\n\t\t\t<figcaption class=\"wp-caption-text wp-caption-text--hide\">O Ita\u00fa quer mudar seu jeito de assessorar investimentos<\/figcaption>\n\t\t<\/figure>\n\t<\/div>\n\n<div>O <a href=\"https:\/\/www.suno.com.br\/acoes\/itub4\/\">Ita\u00fa (ITUB4<\/a>) comunicou ao mercado que reduziu, nesta segunda-feira (6), sua participa\u00e7\u00e3o na <a href=\"https:\/\/www.suno.com.br\/acoes\/tend3\/\"><strong>Tenda<\/strong> (<strong>TEND3<\/strong><\/a>) para 4,74%.<\/div>\n<div><\/div>\n<div><\/div>\n<div><\/div>\n<div>Com a decis\u00e3o, o <strong>Ita\u00fa<\/strong> passou a possuir 4,9 milh\u00f5es de a\u00e7\u00f5es da empresa.<\/div>\n<div><\/div>\n<div>\u201cO Ita\u00fa declara que n\u00e3o tem o objetivo de alterar a composi\u00e7\u00e3o do controle acion\u00e1rio ou estrutura administrativa da companhia\u201d, comunicou a <strong>Tenda<\/strong>.<\/div>\n<h2>Resultado do 3T19 da Ita\u00fasa<\/h2>\n<div>\n\n<p><a href=\"https:\/\/www.suno.com.br\/noticias\/itausa-lucro-liquido-3t19\/\">Saiba mais: Ita\u00fasa registra lucro l\u00edquido de R$ 1,9 bilh\u00e3o no 3T19<\/a><\/p>\n<p>Segundo a <strong>Ita\u00fasa,<\/strong> o resultado \u00e9 justificado principalmente por conta de itens n\u00e3o recorrentes no per\u00edodo de R$ 533 milh\u00f5es, em decorr\u00eancia de, principalmente, adequar sua estrutura do Ita\u00fa Unibanco \u00e0 realidade de mercado, por meio de um <strong>Programa de Desligamento Volunt\u00e1rio<\/strong> (<strong>PDV<\/strong>)<strong>,<\/strong> que foi anunciado em agosto deste ano.<\/p>\n<p>A <strong>receita<\/strong> atingiu, de julho a setembro, R$ 1,3 bilh\u00e3o valor correspondente ao recuo de 13,4%. A linha de equival\u00eancia patrimonial caiu 17% para R$ 1,9 bilh\u00e3o.<\/p>\n<p><a href=\"https:\/\/www.suno.com.br\/noticias\/google-dados-saude-milhoes-segredo\/\">Leia tamb\u00e9m: Google re\u00fane dados pessoais de sa\u00fade de milh\u00f5es de pessoas em segredo, diz jornal<\/a><\/p>\n<p>Se excluir os afeitos n\u00e3o recorrentes, o <strong>resultado<\/strong> de <strong>equival\u00eancia patrimonial<\/strong> elevou-se em 9,4% devido ao bom resultado do <strong>Ita\u00fa<\/strong> <strong>Unibanco<\/strong>, aumentando 5% no resultado de juros, em rela\u00e7\u00e3o ao crescimento de 8,1% da <strong>carteira de cr\u00e9dito.<\/strong><\/p>\n<p>\u201cAdicionalmente, cabe destacar o crescimento de dois d\u00edgitos em todos os neg\u00f3cios da <strong>Alpargatas<\/strong> e o crescimento do resultado operacional da NTS [Nova Transportadora do Sudeste] decorrente de reajustes contratuais&#8221;, afirma a <strong>Ita\u00fasa<\/strong> em relat\u00f3rio.<\/p>\n\t<p>\n\t\t<a href=\"https:\/\/www.suno.com.br\/asset\/fundos\/suno-acoes-xp-seg-prev\/\" target=\"_blank\" data-element=\"shortcode-suno-banner\" title=\"Banner SUNO, clique e saiba mais\">\n\t\t\t<picture>\n\t\t\t\t<source media=\"(max-width: 500px)\" srcset=\"https:\/\/files.sunoresearch.com.br\/n\/uploads\/2023\/10\/SUNOPREV-v2-400x300-Mobile-Artigos-3.png\">\n\t\t\t\t<img class=\"newsContent__article__imgCapa newsContent__article__imgCapa--banner\"\n\t\t\t\t\tsrc=\"https:\/\/files.sunoresearch.com.br\/n\/uploads\/2023\/10\/SUNOPREV-v2-1420x240-Banner-Artigos-1-_-Banner-Materias-1.png\"\n\t\t\t\t\tdata-promo-id=\"476311\"\t\t\t\t\t\t\t\t\t\twidth='1420' height='240'\t\t\t\t\talt=\"https:\/\/files.sunoresearch.com.br\/n\/uploads\/2023\/10\/SUNOPREV-v2-1420x240-Banner-Artigos-1-_-Banner-Materias-1.png\"\n\t\t\t\t>\n\t\t\t<\/picture>\n\t\t<\/a>\n\t<\/p>\n\n\n<h2>Despesas da detentora do Ita\u00fa Unibanco<\/h2>\n<p>J\u00e1 as <strong>despesas administrativas<\/strong> foram de R$ 100 milh\u00f5es, uma eleva\u00e7\u00e3o de 15%, com o<\/p>\n<ul>\n<li>aumento da estrutura administrativa;<\/li>\n<li>despesas adicionais com projetos de fus\u00f5es e aquisi\u00e7\u00f5es;<\/li>\n<li>melhorias em tecnologia da informa\u00e7\u00e3o (<strong>TI<\/strong>);<\/li>\n<li>contrata\u00e7\u00e3o de fian\u00e7a e seguro de processos judiciais;<\/li>\n<li>crescimento nos servi\u00e7os de escritura\u00e7\u00e3o de a\u00e7\u00f5es devido a expans\u00e3o da base de acionistas.<\/li>\n<\/ul>\n<p>A <strong>despesa financeira l\u00edquida<\/strong> da <span style=\"font-size: 1.21429rem;\">detentora do <strong>Ita\u00fa<\/strong> <strong>Unibanco<\/strong> <\/span><span style=\"font-size: 1.21429rem;\">diminuiu 35%, chegando a R$ 41 milh\u00f5es.<\/span><\/div>\n<div><\/div>\n<div><\/div>\n","protected":false},"excerpt":{"rendered":"<p>O Ita\u00fa (ITUB4) comunicou ao mercado que reduziu, nesta segunda-feira (6), sua participa\u00e7\u00e3o na Tenda (TEND3) para 4,74%. Com a decis\u00e3o, o Ita\u00fa passou a possuir 4,9 milh\u00f5es de a\u00e7\u00f5es da empresa. \u201cO Ita\u00fa declara que n\u00e3o tem o objetivo de alterar a composi\u00e7\u00e3o do controle acion\u00e1rio ou estrutura administrativa da companhia\u201d, comunicou a Tenda. [&hellip;]<\/p>\n","protected":false},"author":23,"featured_media":29251,"comment_status":"closed","ping_status":"closed","sticky":false,"template":"","format":"standard","meta":[],"categories":[64],"tags":[519,660],"suno_strategy":[],"class_list":["post-48836","post","type-post","status-publish","format-standard","has-post-thumbnail","hentry","category-negocios","tag-itau-unibanco-itub3-itub4","tag-tenda-tend3"],"yoast_head":"<!-- This site is optimized with the Yoast SEO plugin v24.4 - https:\/\/yoast.com\/wordpress\/plugins\/seo\/ -->\n<title>Ita\u00fa reduz participa\u00e7\u00e3o acion\u00e1ria na Tenda para 4,74%<\/title>\n<meta name=\"description\" content=\"O Ita\u00fa (ITUB4) comunicou ao mercado que reduziu, nesta segunda-feira (6), sua participa\u00e7\u00e3o na Tenda (TEND3) para 4,74%. Clique aqui para mais.\" \/>\n<meta name=\"robots\" content=\"index, follow, max-snippet:-1, max-image-preview:large, max-video-preview:-1\" \/>\n<link rel=\"canonical\" href=\"https:\/\/www.suno.com.br\/noticias\/itau-participacao-acionaria-tenda\/\" \/>\n<meta property=\"og:locale\" content=\"pt_BR\" \/>\n<meta property=\"og:type\" content=\"article\" \/>\n<meta property=\"og:title\" content=\"Ita\u00fa reduz participa\u00e7\u00e3o acion\u00e1ria na Tenda para 4,74%\" \/>\n<meta property=\"og:description\" content=\"O Ita\u00fa (ITUB4) comunicou ao mercado que reduziu, nesta segunda-feira (6), sua participa\u00e7\u00e3o na Tenda (TEND3) para 4,74%. Clique aqui para mais.\" \/>\n<meta property=\"og:url\" content=\"https:\/\/www.suno.com.br\/noticias\/itau-participacao-acionaria-tenda\/\" \/>\n<meta property=\"og:site_name\" content=\"Suno Not\u00edcias\" \/>\n<meta property=\"article:publisher\" content=\"https:\/\/facebook.com\/sunoresearch\" \/>\n<meta property=\"og:image\" content=\"https:\/\/files.sunoresearch.com.br\/n\/uploads\/2019\/06\/7078965a-itau.jpg\" \/>\n\t<meta property=\"og:image:width\" content=\"960\" \/>\n\t<meta property=\"og:image:height\" content=\"640\" \/>\n\t<meta property=\"og:image:type\" content=\"image\/jpeg\" \/>\n<meta name=\"author\" content=\"Rafael Lara\" \/>\n<meta name=\"twitter:card\" content=\"summary_large_image\" \/>\n<meta name=\"twitter:creator\" content=\"@sunoresearch\" \/>\n<meta name=\"twitter:site\" content=\"@sunoresearch\" \/>\n<meta name=\"twitter:label1\" content=\"Escrito por\" \/>\n\t<meta name=\"twitter:data1\" content=\"Rafael Lara\" \/>\n\t<meta name=\"twitter:label2\" content=\"Est. tempo de leitura\" \/>\n\t<meta name=\"twitter:data2\" content=\"2 minutos\" \/>\n<script type=\"application\/ld+json\" class=\"yoast-schema-graph\">{\"@context\":\"https:\/\/schema.org\",\"@graph\":[{\"@type\":\"NewsArticle\",\"@id\":\"https:\/\/www.suno.com.br\/noticias\/itau-participacao-acionaria-tenda\/#article\",\"isPartOf\":{\"@id\":\"https:\/\/www.suno.com.br\/noticias\/itau-participacao-acionaria-tenda\/\"},\"author\":{\"name\":\"Rafael Lara\",\"@id\":\"https:\/\/www.suno.com.br\/noticias\/#\/schema\/person\/098743caeed97b37f51315c9576c4078\"},\"headline\":\"Ita\u00fa reduz participa\u00e7\u00e3o acion\u00e1ria na Tenda para 4,74%\",\"datePublished\":\"2020-01-07T00:09:01+00:00\",\"dateModified\":\"2021-02-18T18:23:22+00:00\",\"mainEntityOfPage\":{\"@id\":\"https:\/\/www.suno.com.br\/noticias\/itau-participacao-acionaria-tenda\/\"},\"wordCount\":409,\"publisher\":{\"@id\":\"https:\/\/www.suno.com.br\/noticias\/#organization\"},\"image\":{\"@id\":\"https:\/\/www.suno.com.br\/noticias\/itau-participacao-acionaria-tenda\/#primaryimage\"},\"thumbnailUrl\":\"https:\/\/files.sunoresearch.com.br\/n\/uploads\/2019\/06\/7078965a-itau-jpg.webp\",\"keywords\":[\"Ita\u00fa Unibanco (ITUB3\/ITUB4)\",\"Tenda (TEND3)\"],\"articleSection\":[\"Neg\u00f3cios\"],\"inLanguage\":\"pt-BR\"},{\"@type\":\"WebPage\",\"@id\":\"https:\/\/www.suno.com.br\/noticias\/itau-participacao-acionaria-tenda\/\",\"url\":\"https:\/\/www.suno.com.br\/noticias\/itau-participacao-acionaria-tenda\/\",\"name\":\"Ita\u00fa reduz participa\u00e7\u00e3o acion\u00e1ria na Tenda para 4,74%\",\"isPartOf\":{\"@id\":\"https:\/\/www.suno.com.br\/noticias\/#website\"},\"primaryImageOfPage\":{\"@id\":\"https:\/\/www.suno.com.br\/noticias\/itau-participacao-acionaria-tenda\/#primaryimage\"},\"image\":{\"@id\":\"https:\/\/www.suno.com.br\/noticias\/itau-participacao-acionaria-tenda\/#primaryimage\"},\"thumbnailUrl\":\"https:\/\/files.sunoresearch.com.br\/n\/uploads\/2019\/06\/7078965a-itau-jpg.webp\",\"datePublished\":\"2020-01-07T00:09:01+00:00\",\"dateModified\":\"2021-02-18T18:23:22+00:00\",\"description\":\"O Ita\u00fa (ITUB4) comunicou ao mercado que reduziu, nesta segunda-feira (6), sua participa\u00e7\u00e3o na Tenda (TEND3) para 4,74%. Clique aqui para mais.\",\"breadcrumb\":{\"@id\":\"https:\/\/www.suno.com.br\/noticias\/itau-participacao-acionaria-tenda\/#breadcrumb\"},\"inLanguage\":\"pt-BR\",\"potentialAction\":[{\"@type\":\"ReadAction\",\"target\":[\"https:\/\/www.suno.com.br\/noticias\/itau-participacao-acionaria-tenda\/\"]}]},{\"@type\":\"ImageObject\",\"inLanguage\":\"pt-BR\",\"@id\":\"https:\/\/www.suno.com.br\/noticias\/itau-participacao-acionaria-tenda\/#primaryimage\",\"url\":\"https:\/\/files.sunoresearch.com.br\/n\/uploads\/2019\/06\/7078965a-itau-jpg.webp\",\"contentUrl\":\"https:\/\/files.sunoresearch.com.br\/n\/uploads\/2019\/06\/7078965a-itau-jpg.webp\",\"width\":960,\"height\":640,\"caption\":\"O Ita\u00fa quer mudar seu jeito de assessorar investimentos\"},{\"@type\":\"BreadcrumbList\",\"@id\":\"https:\/\/www.suno.com.br\/noticias\/itau-participacao-acionaria-tenda\/#breadcrumb\",\"itemListElement\":[{\"@type\":\"ListItem\",\"position\":1,\"name\":\"Not\u00edcias\",\"item\":\"https:\/\/www.suno.com.br\/noticias\/\"},{\"@type\":\"ListItem\",\"position\":2,\"name\":\"Neg\u00f3cios\",\"item\":\"https:\/\/www.suno.com.br\/noticias\/negocios\/\"},{\"@type\":\"ListItem\",\"position\":3,\"name\":\"Ita\u00fa reduz participa\u00e7\u00e3o acion\u00e1ria na Tenda para 4,74%\"}]},{\"@type\":\"WebSite\",\"@id\":\"https:\/\/www.suno.com.br\/noticias\/#website\",\"url\":\"https:\/\/www.suno.com.br\/noticias\/\",\"name\":\"Suno Not\u00edcias\",\"description\":\"Seu portal de informa\u00e7\u00e3o sobre o mundo dos investimentos\",\"publisher\":{\"@id\":\"https:\/\/www.suno.com.br\/noticias\/#organization\"},\"potentialAction\":[{\"@type\":\"SearchAction\",\"target\":{\"@type\":\"EntryPoint\",\"urlTemplate\":\"https:\/\/www.suno.com.br\/noticias\/?s={search_term_string}\"},\"query-input\":{\"@type\":\"PropertyValueSpecification\",\"valueRequired\":true,\"valueName\":\"search_term_string\"}}],\"inLanguage\":\"pt-BR\"},{\"@type\":\"Organization\",\"@id\":\"https:\/\/www.suno.com.br\/noticias\/#organization\",\"name\":\"Suno Not\u00edcias\",\"url\":\"https:\/\/www.suno.com.br\/noticias\/\",\"logo\":{\"@type\":\"ImageObject\",\"inLanguage\":\"pt-BR\",\"@id\":\"https:\/\/www.suno.com.br\/noticias\/#\/schema\/logo\/image\/\",\"url\":\"https:\/\/files.sunoresearch.com.br\/n\/uploads\/2021\/09\/suno-logo.png\",\"contentUrl\":\"https:\/\/files.sunoresearch.com.br\/n\/uploads\/2021\/09\/suno-logo.png\",\"width\":180,\"height\":180,\"caption\":\"Suno Not\u00edcias\"},\"image\":{\"@id\":\"https:\/\/www.suno.com.br\/noticias\/#\/schema\/logo\/image\/\"},\"sameAs\":[\"https:\/\/facebook.com\/sunoresearch\",\"https:\/\/x.com\/sunoresearch\",\"https:\/\/www.instagram.com\/suno\",\"https:\/\/www.linkedin.com\/company\/suno-research\/\",\"https:\/\/www.youtube.com\/c\/sunoresearch\"]},{\"@type\":\"Person\",\"@id\":\"https:\/\/www.suno.com.br\/noticias\/#\/schema\/person\/098743caeed97b37f51315c9576c4078\",\"name\":\"Rafael Lara\",\"image\":{\"@type\":\"ImageObject\",\"inLanguage\":\"pt-BR\",\"@id\":\"https:\/\/www.suno.com.br\/noticias\/#\/schema\/person\/image\/\",\"url\":\"https:\/\/secure.gravatar.com\/avatar\/dfc254ab9bb2ea1895d98b9e9dae4bdd?s=96&r=g\",\"contentUrl\":\"https:\/\/secure.gravatar.com\/avatar\/dfc254ab9bb2ea1895d98b9e9dae4bdd?s=96&r=g\",\"caption\":\"Rafael Lara\"},\"description\":\"Rafael Lara cursa jornalismo na Faculdade C\u00e1sper L\u00edbero. Escreve sobre pol\u00edtica, economia e neg\u00f3cios para o portal Suno Not\u00edcias. Antes, colaborou na TV Gazeta na produ\u00e7\u00e3o do programa Edi\u00e7\u00e3o Extra.\",\"url\":\"https:\/\/www.suno.com.br\/noticias\/author\/rafael\/\"}]}<\/script>\n<!-- \/ Yoast SEO plugin. -->","yoast_head_json":{"title":"Ita\u00fa reduz participa\u00e7\u00e3o acion\u00e1ria na Tenda para 4,74%","description":"O Ita\u00fa (ITUB4) comunicou ao mercado que reduziu, nesta segunda-feira (6), sua participa\u00e7\u00e3o na Tenda (TEND3) para 4,74%. Clique aqui para mais.","robots":{"index":"index","follow":"follow","max-snippet":"max-snippet:-1","max-image-preview":"max-image-preview:large","max-video-preview":"max-video-preview:-1"},"canonical":"https:\/\/www.suno.com.br\/noticias\/itau-participacao-acionaria-tenda\/","og_locale":"pt_BR","og_type":"article","og_title":"Ita\u00fa reduz participa\u00e7\u00e3o acion\u00e1ria na Tenda para 4,74%","og_description":"O Ita\u00fa (ITUB4) comunicou ao mercado que reduziu, nesta segunda-feira (6), sua participa\u00e7\u00e3o na Tenda (TEND3) para 4,74%. Clique aqui para mais.","og_url":"https:\/\/www.suno.com.br\/noticias\/itau-participacao-acionaria-tenda\/","og_site_name":"Suno Not\u00edcias","article_publisher":"https:\/\/facebook.com\/sunoresearch","og_image":[{"width":960,"height":640,"url":"https:\/\/files.sunoresearch.com.br\/n\/uploads\/2019\/06\/7078965a-itau.jpg","type":"image\/jpeg"}],"author":"Rafael Lara","twitter_card":"summary_large_image","twitter_creator":"@sunoresearch","twitter_site":"@sunoresearch","twitter_misc":{"Escrito por":"Rafael Lara","Est. tempo de leitura":"2 minutos"},"schema":{"@context":"https:\/\/schema.org","@graph":[{"@type":"NewsArticle","@id":"https:\/\/www.suno.com.br\/noticias\/itau-participacao-acionaria-tenda\/#article","isPartOf":{"@id":"https:\/\/www.suno.com.br\/noticias\/itau-participacao-acionaria-tenda\/"},"author":{"name":"Rafael Lara","@id":"https:\/\/www.suno.com.br\/noticias\/#\/schema\/person\/098743caeed97b37f51315c9576c4078"},"headline":"Ita\u00fa reduz participa\u00e7\u00e3o acion\u00e1ria na Tenda para 4,74%","datePublished":"2020-01-07T00:09:01+00:00","dateModified":"2021-02-18T18:23:22+00:00","mainEntityOfPage":{"@id":"https:\/\/www.suno.com.br\/noticias\/itau-participacao-acionaria-tenda\/"},"wordCount":409,"publisher":{"@id":"https:\/\/www.suno.com.br\/noticias\/#organization"},"image":{"@id":"https:\/\/www.suno.com.br\/noticias\/itau-participacao-acionaria-tenda\/#primaryimage"},"thumbnailUrl":"https:\/\/files.sunoresearch.com.br\/n\/uploads\/2019\/06\/7078965a-itau-jpg.webp","keywords":["Ita\u00fa Unibanco (ITUB3\/ITUB4)","Tenda (TEND3)"],"articleSection":["Neg\u00f3cios"],"inLanguage":"pt-BR"},{"@type":"WebPage","@id":"https:\/\/www.suno.com.br\/noticias\/itau-participacao-acionaria-tenda\/","url":"https:\/\/www.suno.com.br\/noticias\/itau-participacao-acionaria-tenda\/","name":"Ita\u00fa reduz participa\u00e7\u00e3o acion\u00e1ria na Tenda para 4,74%","isPartOf":{"@id":"https:\/\/www.suno.com.br\/noticias\/#website"},"primaryImageOfPage":{"@id":"https:\/\/www.suno.com.br\/noticias\/itau-participacao-acionaria-tenda\/#primaryimage"},"image":{"@id":"https:\/\/www.suno.com.br\/noticias\/itau-participacao-acionaria-tenda\/#primaryimage"},"thumbnailUrl":"https:\/\/files.sunoresearch.com.br\/n\/uploads\/2019\/06\/7078965a-itau-jpg.webp","datePublished":"2020-01-07T00:09:01+00:00","dateModified":"2021-02-18T18:23:22+00:00","description":"O Ita\u00fa (ITUB4) comunicou ao mercado que reduziu, nesta segunda-feira (6), sua participa\u00e7\u00e3o na Tenda (TEND3) para 4,74%. Clique aqui para mais.","breadcrumb":{"@id":"https:\/\/www.suno.com.br\/noticias\/itau-participacao-acionaria-tenda\/#breadcrumb"},"inLanguage":"pt-BR","potentialAction":[{"@type":"ReadAction","target":["https:\/\/www.suno.com.br\/noticias\/itau-participacao-acionaria-tenda\/"]}]},{"@type":"ImageObject","inLanguage":"pt-BR","@id":"https:\/\/www.suno.com.br\/noticias\/itau-participacao-acionaria-tenda\/#primaryimage","url":"https:\/\/files.sunoresearch.com.br\/n\/uploads\/2019\/06\/7078965a-itau-jpg.webp","contentUrl":"https:\/\/files.sunoresearch.com.br\/n\/uploads\/2019\/06\/7078965a-itau-jpg.webp","width":960,"height":640,"caption":"O Ita\u00fa quer mudar seu jeito de assessorar investimentos"},{"@type":"BreadcrumbList","@id":"https:\/\/www.suno.com.br\/noticias\/itau-participacao-acionaria-tenda\/#breadcrumb","itemListElement":[{"@type":"ListItem","position":1,"name":"Not\u00edcias","item":"https:\/\/www.suno.com.br\/noticias\/"},{"@type":"ListItem","position":2,"name":"Neg\u00f3cios","item":"https:\/\/www.suno.com.br\/noticias\/negocios\/"},{"@type":"ListItem","position":3,"name":"Ita\u00fa reduz participa\u00e7\u00e3o acion\u00e1ria na Tenda para 4,74%"}]},{"@type":"WebSite","@id":"https:\/\/www.suno.com.br\/noticias\/#website","url":"https:\/\/www.suno.com.br\/noticias\/","name":"Suno Not\u00edcias","description":"Seu portal de informa\u00e7\u00e3o sobre o mundo dos investimentos","publisher":{"@id":"https:\/\/www.suno.com.br\/noticias\/#organization"},"potentialAction":[{"@type":"SearchAction","target":{"@type":"EntryPoint","urlTemplate":"https:\/\/www.suno.com.br\/noticias\/?s={search_term_string}"},"query-input":{"@type":"PropertyValueSpecification","valueRequired":true,"valueName":"search_term_string"}}],"inLanguage":"pt-BR"},{"@type":"Organization","@id":"https:\/\/www.suno.com.br\/noticias\/#organization","name":"Suno Not\u00edcias","url":"https:\/\/www.suno.com.br\/noticias\/","logo":{"@type":"ImageObject","inLanguage":"pt-BR","@id":"https:\/\/www.suno.com.br\/noticias\/#\/schema\/logo\/image\/","url":"https:\/\/files.sunoresearch.com.br\/n\/uploads\/2021\/09\/suno-logo.png","contentUrl":"https:\/\/files.sunoresearch.com.br\/n\/uploads\/2021\/09\/suno-logo.png","width":180,"height":180,"caption":"Suno Not\u00edcias"},"image":{"@id":"https:\/\/www.suno.com.br\/noticias\/#\/schema\/logo\/image\/"},"sameAs":["https:\/\/facebook.com\/sunoresearch","https:\/\/x.com\/sunoresearch","https:\/\/www.instagram.com\/suno","https:\/\/www.linkedin.com\/company\/suno-research\/","https:\/\/www.youtube.com\/c\/sunoresearch"]},{"@type":"Person","@id":"https:\/\/www.suno.com.br\/noticias\/#\/schema\/person\/098743caeed97b37f51315c9576c4078","name":"Rafael Lara","image":{"@type":"ImageObject","inLanguage":"pt-BR","@id":"https:\/\/www.suno.com.br\/noticias\/#\/schema\/person\/image\/","url":"https:\/\/secure.gravatar.com\/avatar\/dfc254ab9bb2ea1895d98b9e9dae4bdd?s=96&r=g","contentUrl":"https:\/\/secure.gravatar.com\/avatar\/dfc254ab9bb2ea1895d98b9e9dae4bdd?s=96&r=g","caption":"Rafael Lara"},"description":"Rafael Lara cursa jornalismo na Faculdade C\u00e1sper L\u00edbero. Escreve sobre pol\u00edtica, economia e neg\u00f3cios para o portal Suno Not\u00edcias. Antes, colaborou na TV Gazeta na produ\u00e7\u00e3o do programa Edi\u00e7\u00e3o Extra.","url":"https:\/\/www.suno.com.br\/noticias\/author\/rafael\/"}]}},"default_loop_html":"<div class=\"cardsPage__listCard__boxs\"><div class=\"cardsPage__listCard__boxs__img\"><a href=\"https:\/\/www.suno.com.br\/noticias\/itau-participacao-acionaria-tenda\/\"><img class=\"mask\" src=\"https:\/\/www.suno.com.br\/noticias\/wp-content\/themes\/suno\/resources\/images\/spotlight\/spotlight1img\/bg-mask.png\" alt=\"Image Mask\"\/><img src=\"https:\/\/files.sunoresearch.com.br\/n\/uploads\/2019\/06\/7078965a-itau-400x200.webp\" alt=\"Ita\u00fa reduz participa\u00e7\u00e3o acion\u00e1ria na Tenda para 4,74%\"\/><\/a><span class=\"spotlightCategory\"><a href=\"https:\/\/www.suno.com.br\/noticias\/negocios\/\">Neg\u00f3cios<\/a><\/span><\/div><div class=\"cardsPage__listCard__boxs__content\"><a href=\"https:\/\/www.suno.com.br\/noticias\/itau-participacao-acionaria-tenda\/\"><h2 class=\"content__title\">Ita\u00fa reduz participa\u00e7\u00e3o acion\u00e1ria na Tenda para 4,74%<\/h2><\/a><div class=\"newsContent__article__meta\"><div class=\"newsContent__article__meta__authorBox\"><a href=\"https:\/\/www.suno.com.br\/noticias\/author\/rafael\/\" class=\"authorBox__avatar noMobi\"><img src=\"https:\/\/secure.gravatar.com\/avatar\/dfc254ab9bb2ea1895d98b9e9dae4bdd?s=96&#038;r=g\" alt=\"Rafael Lara\"><\/a><div class=\"authorBox__name\"><span>por\n\t\t\t<a href=\"https:\/\/www.suno.com.br\/noticias\/author\/rafael\/\"><span itemprop=\"author\">Rafael Lara<\/span><\/a><\/span><time datetime=\"2020-01-06T22:09:01-03:00\" itemprop=\"datePublished\">06\/01\/2020 22:09<\/time><\/div><\/div><\/div><\/div><\/div>","single_layout":"posts","amp_enabled":true,"_links":{"self":[{"href":"https:\/\/www.suno.com.br\/noticias\/wp-json\/wp\/v2\/posts\/48836"}],"collection":[{"href":"https:\/\/www.suno.com.br\/noticias\/wp-json\/wp\/v2\/posts"}],"about":[{"href":"https:\/\/www.suno.com.br\/noticias\/wp-json\/wp\/v2\/types\/post"}],"author":[{"embeddable":true,"href":"https:\/\/www.suno.com.br\/noticias\/wp-json\/wp\/v2\/users\/23"}],"replies":[{"embeddable":true,"href":"https:\/\/www.suno.com.br\/noticias\/wp-json\/wp\/v2\/comments?post=48836"}],"version-history":[{"count":0,"href":"https:\/\/www.suno.com.br\/noticias\/wp-json\/wp\/v2\/posts\/48836\/revisions"}],"wp:featuredmedia":[{"embeddable":true,"href":"https:\/\/www.suno.com.br\/noticias\/wp-json\/wp\/v2\/media\/29251"}],"wp:attachment":[{"href":"https:\/\/www.suno.com.br\/noticias\/wp-json\/wp\/v2\/media?parent=48836"}],"wp:term":[{"taxonomy":"category","embeddable":true,"href":"https:\/\/www.suno.com.br\/noticias\/wp-json\/wp\/v2\/categories?post=48836"},{"taxonomy":"post_tag","embeddable":true,"href":"https:\/\/www.suno.com.br\/noticias\/wp-json\/wp\/v2\/tags?post=48836"},{"taxonomy":"suno_strategy","embeddable":true,"href":"https:\/\/www.suno.com.br\/noticias\/wp-json\/wp\/v2\/suno_strategy?post=48836"}],"curies":[{"name":"wp","href":"https:\/\/api.w.org\/{rel}","templated":true}]}}