{"id":488225,"date":"2023-11-21T12:05:21","date_gmt":"2023-11-21T15:05:21","guid":{"rendered":"https:\/\/www.suno.com.br\/noticias\/?p=488225"},"modified":"2023-11-21T12:13:15","modified_gmt":"2023-11-21T15:13:15","slug":"marfrig-mrfg3-ferbasa-fesa4-equatorial-eqtl3-agitam-mercado-terca-destaques-va","status":"publish","type":"post","link":"https:\/\/www.suno.com.br\/noticias\/marfrig-mrfg3-ferbasa-fesa4-equatorial-eqtl3-agitam-mercado-terca-destaques-va\/","title":{"rendered":"Marfrig (MRFG3), Ferbasa (FESA4) e Equatorial (EQTL3) agitam mercado nesta ter\u00e7a-feira; veja mais destaques"},"content":{"rendered":"<p>O an\u00fancio de um novo plano de <a class=\"suno-keyword\" target=\"_blank\" data-force=\"no\" data-priority=\"1\" href=\"https:\/\/www.suno.com.br\/artigos\/recompra-de-acoes\/\" rel=\"noopener\">recompra de a\u00e7\u00f5es<\/a> da <strong>Marfrig <\/strong>(MRFG3) \u00e9 um dos destaques desta ter\u00e7a-feira (21).<\/p>\t<div class=\"wrapper-featured-image\">\n\t\t<figure class=\"spotlightImg\">\n\n\t\t\t<picture>\n\t\t\t\t<source media=\"(max-width: 768px)\" srcset=\"https:\/\/files.sunoresearch.com.br\/n\/uploads\/2023\/09\/mercado-pixabay-400x200.jpg\">\n\t\t\t\t<img loading=\"lazy\" decoding=\"async\" class=\"newsContent__article__imgCapa lazyloadDisabled \" src=\"https:\/\/files.sunoresearch.com.br\/n\/uploads\/2023\/09\/mercado-pixabay-800x450.jpg\" width=\"800\" height=\"450\" alt=\"Marfrig (MRFG3), Ferbasa (FESA4) e Equatorial (EQTL3) agitam mercado nesta ter\u00e7a-feira; veja mais destaques\" fetchpriority=high \/>\n\t\t\t<\/picture>\n\n\t\t\t<figcaption class=\"wp-caption-text wp-caption-text--show\">A\u00e7\u00f5es para 2024. Foto: PIxabay<\/figcaption>\n\t\t<\/figure>\n\t<\/div>\n\n\n\n\n\n\t<p>\n\t\t<a href=\"https:\/\/lp.suno.com.br\/planilha-da-vida-financeira\/\" target=\"_blank\" data-element=\"shortcode-suno-banner\" title=\"Banner SUNO, clique e saiba mais\">\n\t\t\t<picture>\n\t\t\t\t<source media=\"(max-width: 500px)\" srcset=\"https:\/\/files.sunoresearch.com.br\/n\/uploads\/2023\/04\/400x300-Planilha-vida-financeira-true.png\">\n\t\t\t\t<img class=\"newsContent__article__imgCapa newsContent__article__imgCapa--banner\"\n\t\t\t\t\tsrc=\"https:\/\/files.sunoresearch.com.br\/n\/uploads\/2023\/04\/1420x240-Planilha-vida-financeira-true.png\"\n\t\t\t\t\tdata-promo-id=\"106682\"\t\t\t\t\t\t\t\t\t\twidth='1420' height='240'\t\t\t\t\talt=\"https:\/\/files.sunoresearch.com.br\/n\/uploads\/2023\/04\/1420x240-Planilha-vida-financeira-true.png\"\n\t\t\t\t>\n\t\t\t<\/picture>\n\t\t<\/a>\n\t<\/p>\n\n\n\n\n\n<p>Tamb\u00e9m est\u00e1 entre os<strong> destaques do mercado financeiro<\/strong> a <a class=\"suno-keyword\" target=\"_blank\" data-force=\"yes\" data-priority=\"2\" href=\"https:\/\/www.suno.com.br\/acoes\/FESA4\/\" rel=\"noopener\">Ferbasa (FESA4)<\/a>, ap\u00f3s&nbsp; convocar uma assembleia extraordin\u00e1ria (AGE) para votar <a class=\"suno-keyword\" target=\"_blank\" data-force=\"no\" data-priority=\"1\" href=\"https:\/\/www.suno.com.br\/artigos\/desdobramento-de-acoes\/\" rel=\"noopener\">desdobramento de a\u00e7\u00f5es<\/a> da companhia.&nbsp;<\/p>\n\n\n\n<p>A <a class=\"suno-keyword\" target=\"_blank\" data-force=\"yes\" data-priority=\"2\" href=\"https:\/\/www.suno.com.br\/acoes\/EQTL3\/\" rel=\"noopener\">Equatorial (EQTL3)<\/a> tamb\u00e9m \u00e9 destaque hoje, depois de anunciar que far\u00e1 a 2\u00aa emiss\u00e3o de notas comerciais.&nbsp;<\/p>\n\n\n\n<p>Veja os <strong>destaques do mercado financeiro<\/strong> hoje:<\/p>\n\n\n\n<h2 class=\"wp-block-heading\">Marfrig&nbsp;<\/h2>\n\n\n\n<p>O <a class=\"suno-keyword\" target=\"_blank\" data-force=\"no\" data-priority=\"1\" href=\"https:\/\/www.suno.com.br\/artigos\/conselho-administracao\/\" rel=\"noopener\">conselho de administra\u00e7\u00e3o<\/a> da <a class=\"suno-keyword\" target=\"_blank\" data-force=\"yes\" data-priority=\"2\" href=\"https:\/\/www.suno.com.br\/acoes\/MRFG3\/\" rel=\"noopener\">Marfrig (MRFG3)<\/a> aprovou um novo plano de recompra de at\u00e9 31 milh\u00f5es de a\u00e7\u00f5es, correspondentes a 9,30% dos pap\u00e9is da companhia em circula\u00e7\u00e3o no mercado.<\/p>\n\n\n\n<p>Em <a class=\"suno-keyword\" data-force=\"no\" data-priority=\"1\" href=\"https:\/\/www.suno.com.br\/artigos\/fato-relevante\/\" target=\"_blank\" rel=\"noopener\">fato relevante<\/a>, a companhia afirmou que o objetivo da companhia com o plano de recompra \u00e9 o de \u201cmaximizar a gera\u00e7\u00e3o de valor para os acionistas.<\/p>\n\n\n\t<div data-element=\"shortcode-read-more\" class=\"knowMore\">\n\t\t\t\t<span class=\"knowMore__title\">Leia mais<\/span>\n\t\t\t\t<a class=\"knowMore__link\" href=\"https:\/\/www.suno.com.br\/noticias\/marfrig-mrfg3-recompra-acoes-gpj\/\">\n\t\t\tMarfrig (MRFG3) aprova recompra de at\u00e9 31 milh\u00f5es de a\u00e7\u00f5es; saiba mais\t\t<\/a>\n\t<\/div>\n\n\n\n\n<h2 class=\"wp-block-heading\">Ferbasa&nbsp;<\/h2>\n\n\n\n<p>A Ferbasa (FESA4) convocou uma assembleia extraordin\u00e1ria (AGE) para o analisar o <a class=\"suno-keyword\" target=\"_blank\" data-force=\"no\" data-priority=\"1\" href=\"https:\/\/www.suno.com.br\/artigos\/desdobramento-de-acoes\/\" rel=\"noopener\">desdobramento de a\u00e7\u00f5es<\/a> da companhia, na propor\u00e7\u00e3o de uma a\u00e7\u00e3o ordin\u00e1ria para quatro <a class=\"suno-keyword\" target=\"_blank\" data-force=\"no\" data-priority=\"1\" href=\"https:\/\/www.suno.com.br\/artigos\/o-que-sao-acoes-ordinarias-preferenciais-e-units\/\" rel=\"noopener\">a\u00e7\u00f5es ordin\u00e1rias<\/a> e de uma a\u00e7\u00e3o preferencial para quatro <a class=\"suno-keyword\" target=\"_blank\" data-force=\"no\" data-priority=\"1\" href=\"https:\/\/www.suno.com.br\/artigos\/acoes-preferenciais\/\" rel=\"noopener\">a\u00e7\u00f5es preferenciais<\/a>.&nbsp;<\/p>\n\n\n\n<p>O capital social da Ferbasa ser\u00e1 dividido em 353.280.000 a\u00e7\u00f5es, sem <a class=\"suno-keyword\" target=\"_blank\" data-force=\"no\" data-priority=\"1\" href=\"https:\/\/www.suno.com.br\/artigos\/valor-nominal\/\" rel=\"noopener\">valor nominal<\/a>, sendo 117.760.000 <a class=\"suno-keyword\" target=\"_blank\" data-force=\"no\" data-priority=\"1\" href=\"https:\/\/www.suno.com.br\/artigos\/o-que-sao-acoes-ordinarias-preferenciais-e-units\/\" rel=\"noopener\">a\u00e7\u00f5es ordin\u00e1rias<\/a> e 235.520.000 <a class=\"suno-keyword\" target=\"_blank\" data-force=\"no\" data-priority=\"1\" href=\"https:\/\/www.suno.com.br\/artigos\/acoes-preferenciais\/\" rel=\"noopener\">a\u00e7\u00f5es preferenciais<\/a>.<\/p>\n\n\n\n<h2 class=\"wp-block-heading\">Equatorial<\/h2>\n\n\n\n<p>A <a class=\"suno-keyword\" target=\"_blank\" data-force=\"yes\" data-priority=\"2\" href=\"https:\/\/www.suno.com.br\/acoes\/EQTL3\/\" rel=\"noopener\">Equatorial (EQTL3)<\/a> solicitou a Comiss\u00e3o de Valores Mobili\u00e1rios (CVM) o registro autom\u00e1tico da oferta p\u00fablica de distribui\u00e7\u00e3o prim\u00e1ria de at\u00e9 1.3 bilh\u00e3o de notas comerciais escriturais, em s\u00e9rie \u00fanica, da segunda emiss\u00e3o, todas com valor nominal unit\u00e1rio de R$ 1.&nbsp;<\/p>\n\n\n\t<p>\n\t\t<a href=\"https:\/\/lp.suno.com.br\/ebook-como-analisar-uma-acao\/\" target=\"_blank\" data-element=\"shortcode-suno-banner\" title=\"Banner SUNO, clique e saiba mais\">\n\t\t\t<picture>\n\t\t\t\t<source media=\"(max-width: 500px)\" srcset=\"https:\/\/files.sunoresearch.com.br\/n\/uploads\/2023\/03\/Ebook-Acoes-Mobile.jpg\">\n\t\t\t\t<img class=\"newsContent__article__imgCapa newsContent__article__imgCapa--banner\"\n\t\t\t\t\tsrc=\"https:\/\/files.sunoresearch.com.br\/n\/uploads\/2023\/03\/Ebook-Acoes-Desktop.jpg\"\n\t\t\t\t\tdata-promo-id=\"378302\"\t\t\t\t\t\t\t\t\t\twidth='1420' height='286'\t\t\t\t\talt=\"https:\/\/files.sunoresearch.com.br\/n\/uploads\/2023\/03\/Ebook-Acoes-Desktop.jpg\"\n\t\t\t\t>\n\t\t\t<\/picture>\n\t\t<\/a>\n\t<\/p>\n\n\n\n\n\n<h2 class=\"wp-block-heading\">Eneva&nbsp;<\/h2>\n\n\n\n<p>A <a class=\"suno-keyword\" target=\"_blank\" data-force=\"yes\" data-priority=\"2\" href=\"https:\/\/www.suno.com.br\/acoes\/ENEV3\/\" rel=\"noopener\">Eneva (ENEV3)<\/a> anunciou que a&nbsp; Ag\u00eancia Nacional de Energia El\u00e9trica (Aneel)&nbsp; aprovou, por unanimidade, postergar a data de fim de suprimento dos Contratos de Comercializa\u00e7\u00e3o de Energia no Ambiente Regulado (CCEARs) da Central Geradora Termel\u00e9trica \u2013 UTE Porto do Pec\u00e9m II, passando a vigorar at\u00e9 2 de setembro de 2028, configurando aumento de prazo de 246 dias.&nbsp;<\/p>\n\n\n\n<h2 class=\"wp-block-heading\">Zamp&nbsp;<\/h2>\n\n\n\n<p>O Mubadala Capital, a gestora de <a class=\"suno-keyword\" target=\"_blank\" data-force=\"no\" data-priority=\"1\" href=\"https:\/\/www.suno.com.br\/artigos\/private-equity\/\" rel=\"noopener\">private equity<\/a> ligada ao <a class=\"suno-keyword\" target=\"_blank\" data-force=\"no\" data-priority=\"1\" href=\"https:\/\/www.suno.com.br\/artigos\/fundo-soberano\/\" rel=\"noopener\">fundo soberano<\/a> de Abu Dhabi, solicitou uma&nbsp; convoca\u00e7\u00e3o de assembleia geral extraordin\u00e1ria para deliberar sobre a sa\u0131da volunt\u00e1ria da Zamp (ZAMP3) do <a class=\"suno-keyword\" target=\"_blank\" data-force=\"no\" data-priority=\"1\" href=\"https:\/\/www.suno.com.br\/artigos\/novo-mercado\/\" rel=\"noopener\">Novo Mercado<\/a> da B3, com a dispensa da realiza\u00e7\u00e3o de <a class=\"suno-keyword\" target=\"_blank\" data-force=\"no\" data-priority=\"1\" href=\"https:\/\/www.suno.com.br\/artigos\/oferta-publica-aquisicao\/\" rel=\"noopener\">oferta p\u00fablica de aquisi\u00e7\u00e3o<\/a> de a\u00e7\u00f5es (OPA).&nbsp;<\/p>\n\n\n\n<p>Al\u00e9m disso, a assembleia deve deliberar sobre a reforma e consolida\u00e7\u00e3o do <a class=\"suno-keyword\" target=\"_blank\" data-force=\"no\" data-priority=\"1\" href=\"https:\/\/www.suno.com.br\/artigos\/estatuto-social\/\" rel=\"noopener\">estatuto social<\/a> da companhia.&nbsp;<\/p>\n\n\n\n<p>Os destaques do mercado financeiro do Suno Not\u00edcias mostram os principais acontecimentos que prometem movimentar o mercado durante o dia, como a <strong>Marfrig<\/strong> (MRFG3), que deve estar no foco dos investidores ao longo do dia.<\/p>\n\n\n\n\n\t<p>\n\t\t<a href=\"https:\/\/lp.suno.com.br\/planilha-da-vida-financeira\/\" target=\"_blank\" data-element=\"shortcode-suno-banner\" title=\"Banner SUNO, clique e saiba mais\">\n\t\t\t<picture>\n\t\t\t\t<source media=\"(max-width: 500px)\" srcset=\"https:\/\/files.sunoresearch.com.br\/n\/uploads\/2023\/04\/400x300-Planilha-vida-financeira-true.png\">\n\t\t\t\t<img class=\"newsContent__article__imgCapa newsContent__article__imgCapa--banner\"\n\t\t\t\t\tsrc=\"https:\/\/files.sunoresearch.com.br\/n\/uploads\/2023\/04\/1420x240-Planilha-vida-financeira-true.png\"\n\t\t\t\t\tdata-promo-id=\"383123\"\t\t\t\t\t\t\t\t\t\twidth='1420' height='240'\t\t\t\t\talt=\"https:\/\/files.sunoresearch.com.br\/n\/uploads\/2023\/04\/1420x240-Planilha-vida-financeira-true.png\"\n\t\t\t\t>\n\t\t\t<\/picture>\n\t\t<\/a>\n\t<\/p>\n\n\n","protected":false},"excerpt":{"rendered":"<p>O an\u00fancio de um novo plano de recompra de a\u00e7\u00f5es da Marfrig (MRFG3) \u00e9 um dos destaques desta ter\u00e7a-feira (21). A\u00e7\u00f5es para 2024. Foto: PIxabay Tamb\u00e9m est\u00e1 entre os destaques do mercado financeiro a Ferbasa (FESA4), ap\u00f3s&nbsp; convocar uma assembleia extraordin\u00e1ria (AGE) para votar desdobramento de a\u00e7\u00f5es da companhia.&nbsp; A Equatorial (EQTL3) tamb\u00e9m \u00e9 destaque [&hellip;]<\/p>\n","protected":false},"author":301,"featured_media":452557,"comment_status":"closed","ping_status":"closed","sticky":false,"template":"","format":"standard","meta":[],"categories":[60],"tags":[286,464,105039,475,552],"suno_strategy":[],"class_list":["post-488225","post","type-post","status-publish","format-standard","has-post-thumbnail","hentry","category-mercado","tag-acoes","tag-eneva-enev3","tag-equatorial-eqtl3","tag-ferbasa-fesa3-fesa4","tag-marfrig-mrfg3"],"yoast_head":"<!-- This site is optimized with the Yoast SEO plugin v24.4 - https:\/\/yoast.com\/wordpress\/plugins\/seo\/ -->\n<title>Marfrig (MRFG3), Ferbasa (FESA4) e Equatorial (EQTL3) agitam mercado<\/title>\n<meta name=\"description\" content=\"O an\u00fancio de um novo plano de recompra de a\u00e7\u00f5es da Marfrig (MRFG3) \u00e9 um dos destaques desta ter\u00e7a-feira (21).\" \/>\n<meta name=\"robots\" content=\"index, follow, max-snippet:-1, max-image-preview:large, max-video-preview:-1\" \/>\n<link rel=\"canonical\" href=\"https:\/\/www.suno.com.br\/noticias\/marfrig-mrfg3-ferbasa-fesa4-equatorial-eqtl3-agitam-mercado-terca-destaques-va\/\" \/>\n<meta property=\"og:locale\" content=\"pt_BR\" \/>\n<meta property=\"og:type\" content=\"article\" \/>\n<meta property=\"og:title\" content=\"Marfrig (MRFG3), Ferbasa (FESA4) e Equatorial (EQTL3) agitam mercado\" \/>\n<meta property=\"og:description\" content=\"O an\u00fancio de um novo plano de recompra de a\u00e7\u00f5es da Marfrig (MRFG3) \u00e9 um dos destaques desta ter\u00e7a-feira (21).\" \/>\n<meta property=\"og:url\" content=\"https:\/\/www.suno.com.br\/noticias\/marfrig-mrfg3-ferbasa-fesa4-equatorial-eqtl3-agitam-mercado-terca-destaques-va\/\" \/>\n<meta property=\"og:site_name\" content=\"Suno Not\u00edcias\" \/>\n<meta property=\"article:publisher\" content=\"https:\/\/facebook.com\/sunoresearch\" \/>\n<meta property=\"og:image\" content=\"https:\/\/files.sunoresearch.com.br\/n\/uploads\/2023\/09\/mercado-pixabay.jpg\" \/>\n\t<meta property=\"og:image:width\" content=\"1200\" \/>\n\t<meta property=\"og:image:height\" content=\"800\" \/>\n\t<meta property=\"og:image:type\" content=\"image\/jpeg\" \/>\n<meta name=\"author\" content=\"Vin\u00edcius Alves\" \/>\n<meta name=\"twitter:card\" content=\"summary_large_image\" \/>\n<meta name=\"twitter:creator\" content=\"@sunoresearch\" \/>\n<meta name=\"twitter:site\" content=\"@sunoresearch\" \/>\n<meta name=\"twitter:label1\" content=\"Escrito por\" \/>\n\t<meta name=\"twitter:data1\" content=\"Vin\u00edcius Alves\" \/>\n\t<meta name=\"twitter:label2\" content=\"Est. tempo de leitura\" \/>\n\t<meta name=\"twitter:data2\" content=\"3 minutos\" \/>\n<script type=\"application\/ld+json\" class=\"yoast-schema-graph\">{\"@context\":\"https:\/\/schema.org\",\"@graph\":[{\"@type\":\"NewsArticle\",\"@id\":\"https:\/\/www.suno.com.br\/noticias\/marfrig-mrfg3-ferbasa-fesa4-equatorial-eqtl3-agitam-mercado-terca-destaques-va\/#article\",\"isPartOf\":{\"@id\":\"https:\/\/www.suno.com.br\/noticias\/marfrig-mrfg3-ferbasa-fesa4-equatorial-eqtl3-agitam-mercado-terca-destaques-va\/\"},\"author\":{\"name\":\"Vin\u00edcius Alves\",\"@id\":\"https:\/\/www.suno.com.br\/noticias\/#\/schema\/person\/4a180549702d0e236b3e420862bcded3\"},\"headline\":\"Marfrig (MRFG3), Ferbasa (FESA4) e Equatorial (EQTL3) agitam mercado nesta ter\u00e7a-feira; veja mais destaques\",\"datePublished\":\"2023-11-21T15:05:21+00:00\",\"dateModified\":\"2023-11-21T15:13:15+00:00\",\"mainEntityOfPage\":{\"@id\":\"https:\/\/www.suno.com.br\/noticias\/marfrig-mrfg3-ferbasa-fesa4-equatorial-eqtl3-agitam-mercado-terca-destaques-va\/\"},\"wordCount\":464,\"publisher\":{\"@id\":\"https:\/\/www.suno.com.br\/noticias\/#organization\"},\"image\":{\"@id\":\"https:\/\/www.suno.com.br\/noticias\/marfrig-mrfg3-ferbasa-fesa4-equatorial-eqtl3-agitam-mercado-terca-destaques-va\/#primaryimage\"},\"thumbnailUrl\":\"https:\/\/files.sunoresearch.com.br\/n\/uploads\/2023\/09\/mercado-pixabay.jpg\",\"keywords\":[\"A\u00e7\u00f5es\",\"Eneva (ENEV3)\",\"Equatorial (EQTL3)\",\"Ferbasa (FESA3\/FESA4)\",\"Marfrig (MRFG3)\"],\"articleSection\":[\"Mercado\"],\"inLanguage\":\"pt-BR\"},{\"@type\":\"WebPage\",\"@id\":\"https:\/\/www.suno.com.br\/noticias\/marfrig-mrfg3-ferbasa-fesa4-equatorial-eqtl3-agitam-mercado-terca-destaques-va\/\",\"url\":\"https:\/\/www.suno.com.br\/noticias\/marfrig-mrfg3-ferbasa-fesa4-equatorial-eqtl3-agitam-mercado-terca-destaques-va\/\",\"name\":\"Marfrig (MRFG3), Ferbasa (FESA4) e Equatorial (EQTL3) agitam mercado\",\"isPartOf\":{\"@id\":\"https:\/\/www.suno.com.br\/noticias\/#website\"},\"primaryImageOfPage\":{\"@id\":\"https:\/\/www.suno.com.br\/noticias\/marfrig-mrfg3-ferbasa-fesa4-equatorial-eqtl3-agitam-mercado-terca-destaques-va\/#primaryimage\"},\"image\":{\"@id\":\"https:\/\/www.suno.com.br\/noticias\/marfrig-mrfg3-ferbasa-fesa4-equatorial-eqtl3-agitam-mercado-terca-destaques-va\/#primaryimage\"},\"thumbnailUrl\":\"https:\/\/files.sunoresearch.com.br\/n\/uploads\/2023\/09\/mercado-pixabay.jpg\",\"datePublished\":\"2023-11-21T15:05:21+00:00\",\"dateModified\":\"2023-11-21T15:13:15+00:00\",\"description\":\"O an\u00fancio de um novo plano de recompra de a\u00e7\u00f5es da Marfrig (MRFG3) \u00e9 um dos destaques desta ter\u00e7a-feira (21).\",\"breadcrumb\":{\"@id\":\"https:\/\/www.suno.com.br\/noticias\/marfrig-mrfg3-ferbasa-fesa4-equatorial-eqtl3-agitam-mercado-terca-destaques-va\/#breadcrumb\"},\"inLanguage\":\"pt-BR\",\"potentialAction\":[{\"@type\":\"ReadAction\",\"target\":[\"https:\/\/www.suno.com.br\/noticias\/marfrig-mrfg3-ferbasa-fesa4-equatorial-eqtl3-agitam-mercado-terca-destaques-va\/\"]}]},{\"@type\":\"ImageObject\",\"inLanguage\":\"pt-BR\",\"@id\":\"https:\/\/www.suno.com.br\/noticias\/marfrig-mrfg3-ferbasa-fesa4-equatorial-eqtl3-agitam-mercado-terca-destaques-va\/#primaryimage\",\"url\":\"https:\/\/files.sunoresearch.com.br\/n\/uploads\/2023\/09\/mercado-pixabay.jpg\",\"contentUrl\":\"https:\/\/files.sunoresearch.com.br\/n\/uploads\/2023\/09\/mercado-pixabay.jpg\",\"width\":1200,\"height\":800,\"caption\":\"A\u00e7\u00f5es para 2024. Foto: PIxabay\"},{\"@type\":\"BreadcrumbList\",\"@id\":\"https:\/\/www.suno.com.br\/noticias\/marfrig-mrfg3-ferbasa-fesa4-equatorial-eqtl3-agitam-mercado-terca-destaques-va\/#breadcrumb\",\"itemListElement\":[{\"@type\":\"ListItem\",\"position\":1,\"name\":\"Not\u00edcias\",\"item\":\"https:\/\/www.suno.com.br\/noticias\/\"},{\"@type\":\"ListItem\",\"position\":2,\"name\":\"Mercado\",\"item\":\"https:\/\/www.suno.com.br\/noticias\/mercado\/\"},{\"@type\":\"ListItem\",\"position\":3,\"name\":\"Marfrig (MRFG3), Ferbasa (FESA4) e Equatorial (EQTL3) agitam mercado nesta ter\u00e7a-feira; veja mais destaques\"}]},{\"@type\":\"WebSite\",\"@id\":\"https:\/\/www.suno.com.br\/noticias\/#website\",\"url\":\"https:\/\/www.suno.com.br\/noticias\/\",\"name\":\"Suno Not\u00edcias\",\"description\":\"Seu portal de informa\u00e7\u00e3o sobre o mundo dos investimentos\",\"publisher\":{\"@id\":\"https:\/\/www.suno.com.br\/noticias\/#organization\"},\"potentialAction\":[{\"@type\":\"SearchAction\",\"target\":{\"@type\":\"EntryPoint\",\"urlTemplate\":\"https:\/\/www.suno.com.br\/noticias\/?s={search_term_string}\"},\"query-input\":{\"@type\":\"PropertyValueSpecification\",\"valueRequired\":true,\"valueName\":\"search_term_string\"}}],\"inLanguage\":\"pt-BR\"},{\"@type\":\"Organization\",\"@id\":\"https:\/\/www.suno.com.br\/noticias\/#organization\",\"name\":\"Suno Not\u00edcias\",\"url\":\"https:\/\/www.suno.com.br\/noticias\/\",\"logo\":{\"@type\":\"ImageObject\",\"inLanguage\":\"pt-BR\",\"@id\":\"https:\/\/www.suno.com.br\/noticias\/#\/schema\/logo\/image\/\",\"url\":\"https:\/\/files.sunoresearch.com.br\/n\/uploads\/2021\/09\/suno-logo.png\",\"contentUrl\":\"https:\/\/files.sunoresearch.com.br\/n\/uploads\/2021\/09\/suno-logo.png\",\"width\":180,\"height\":180,\"caption\":\"Suno Not\u00edcias\"},\"image\":{\"@id\":\"https:\/\/www.suno.com.br\/noticias\/#\/schema\/logo\/image\/\"},\"sameAs\":[\"https:\/\/facebook.com\/sunoresearch\",\"https:\/\/x.com\/sunoresearch\",\"https:\/\/www.instagram.com\/suno\",\"https:\/\/www.linkedin.com\/company\/suno-research\/\",\"https:\/\/www.youtube.com\/c\/sunoresearch\"]},{\"@type\":\"Person\",\"@id\":\"https:\/\/www.suno.com.br\/noticias\/#\/schema\/person\/4a180549702d0e236b3e420862bcded3\",\"name\":\"Vin\u00edcius Alves\",\"image\":{\"@type\":\"ImageObject\",\"inLanguage\":\"pt-BR\",\"@id\":\"https:\/\/www.suno.com.br\/noticias\/#\/schema\/person\/image\/\",\"url\":\"https:\/\/secure.gravatar.com\/avatar\/a95b7fe6d1b813f7907d4f476d5a39e1?s=96&r=g\",\"contentUrl\":\"https:\/\/secure.gravatar.com\/avatar\/a95b7fe6d1b813f7907d4f476d5a39e1?s=96&r=g\",\"caption\":\"Vin\u00edcius Alves\"},\"description\":\"Jornalista formado na Faculdade C\u00e1sper L\u00edbero. Com passagens pela Ag\u00eancia Estado, InfoMoney e Editora Globo.\",\"url\":\"https:\/\/www.suno.com.br\/noticias\/author\/vini08correiagmail-com\/\"}]}<\/script>\n<!-- \/ Yoast SEO plugin. -->","yoast_head_json":{"title":"Marfrig (MRFG3), Ferbasa (FESA4) e Equatorial (EQTL3) agitam mercado","description":"O an\u00fancio de um novo plano de recompra de a\u00e7\u00f5es da Marfrig (MRFG3) \u00e9 um dos destaques desta ter\u00e7a-feira (21).","robots":{"index":"index","follow":"follow","max-snippet":"max-snippet:-1","max-image-preview":"max-image-preview:large","max-video-preview":"max-video-preview:-1"},"canonical":"https:\/\/www.suno.com.br\/noticias\/marfrig-mrfg3-ferbasa-fesa4-equatorial-eqtl3-agitam-mercado-terca-destaques-va\/","og_locale":"pt_BR","og_type":"article","og_title":"Marfrig (MRFG3), Ferbasa (FESA4) e Equatorial (EQTL3) agitam mercado","og_description":"O an\u00fancio de um novo plano de recompra de a\u00e7\u00f5es da Marfrig (MRFG3) \u00e9 um dos destaques desta ter\u00e7a-feira (21).","og_url":"https:\/\/www.suno.com.br\/noticias\/marfrig-mrfg3-ferbasa-fesa4-equatorial-eqtl3-agitam-mercado-terca-destaques-va\/","og_site_name":"Suno Not\u00edcias","article_publisher":"https:\/\/facebook.com\/sunoresearch","og_image":[{"width":1200,"height":800,"url":"https:\/\/files.sunoresearch.com.br\/n\/uploads\/2023\/09\/mercado-pixabay.jpg","type":"image\/jpeg"}],"author":"Vin\u00edcius Alves","twitter_card":"summary_large_image","twitter_creator":"@sunoresearch","twitter_site":"@sunoresearch","twitter_misc":{"Escrito por":"Vin\u00edcius Alves","Est. tempo de leitura":"3 minutos"},"schema":{"@context":"https:\/\/schema.org","@graph":[{"@type":"NewsArticle","@id":"https:\/\/www.suno.com.br\/noticias\/marfrig-mrfg3-ferbasa-fesa4-equatorial-eqtl3-agitam-mercado-terca-destaques-va\/#article","isPartOf":{"@id":"https:\/\/www.suno.com.br\/noticias\/marfrig-mrfg3-ferbasa-fesa4-equatorial-eqtl3-agitam-mercado-terca-destaques-va\/"},"author":{"name":"Vin\u00edcius Alves","@id":"https:\/\/www.suno.com.br\/noticias\/#\/schema\/person\/4a180549702d0e236b3e420862bcded3"},"headline":"Marfrig (MRFG3), Ferbasa (FESA4) e Equatorial (EQTL3) agitam mercado nesta ter\u00e7a-feira; veja mais destaques","datePublished":"2023-11-21T15:05:21+00:00","dateModified":"2023-11-21T15:13:15+00:00","mainEntityOfPage":{"@id":"https:\/\/www.suno.com.br\/noticias\/marfrig-mrfg3-ferbasa-fesa4-equatorial-eqtl3-agitam-mercado-terca-destaques-va\/"},"wordCount":464,"publisher":{"@id":"https:\/\/www.suno.com.br\/noticias\/#organization"},"image":{"@id":"https:\/\/www.suno.com.br\/noticias\/marfrig-mrfg3-ferbasa-fesa4-equatorial-eqtl3-agitam-mercado-terca-destaques-va\/#primaryimage"},"thumbnailUrl":"https:\/\/files.sunoresearch.com.br\/n\/uploads\/2023\/09\/mercado-pixabay.jpg","keywords":["A\u00e7\u00f5es","Eneva (ENEV3)","Equatorial (EQTL3)","Ferbasa (FESA3\/FESA4)","Marfrig (MRFG3)"],"articleSection":["Mercado"],"inLanguage":"pt-BR"},{"@type":"WebPage","@id":"https:\/\/www.suno.com.br\/noticias\/marfrig-mrfg3-ferbasa-fesa4-equatorial-eqtl3-agitam-mercado-terca-destaques-va\/","url":"https:\/\/www.suno.com.br\/noticias\/marfrig-mrfg3-ferbasa-fesa4-equatorial-eqtl3-agitam-mercado-terca-destaques-va\/","name":"Marfrig (MRFG3), Ferbasa (FESA4) e Equatorial (EQTL3) agitam mercado","isPartOf":{"@id":"https:\/\/www.suno.com.br\/noticias\/#website"},"primaryImageOfPage":{"@id":"https:\/\/www.suno.com.br\/noticias\/marfrig-mrfg3-ferbasa-fesa4-equatorial-eqtl3-agitam-mercado-terca-destaques-va\/#primaryimage"},"image":{"@id":"https:\/\/www.suno.com.br\/noticias\/marfrig-mrfg3-ferbasa-fesa4-equatorial-eqtl3-agitam-mercado-terca-destaques-va\/#primaryimage"},"thumbnailUrl":"https:\/\/files.sunoresearch.com.br\/n\/uploads\/2023\/09\/mercado-pixabay.jpg","datePublished":"2023-11-21T15:05:21+00:00","dateModified":"2023-11-21T15:13:15+00:00","description":"O an\u00fancio de um novo plano de recompra de a\u00e7\u00f5es da Marfrig (MRFG3) \u00e9 um dos destaques desta ter\u00e7a-feira (21).","breadcrumb":{"@id":"https:\/\/www.suno.com.br\/noticias\/marfrig-mrfg3-ferbasa-fesa4-equatorial-eqtl3-agitam-mercado-terca-destaques-va\/#breadcrumb"},"inLanguage":"pt-BR","potentialAction":[{"@type":"ReadAction","target":["https:\/\/www.suno.com.br\/noticias\/marfrig-mrfg3-ferbasa-fesa4-equatorial-eqtl3-agitam-mercado-terca-destaques-va\/"]}]},{"@type":"ImageObject","inLanguage":"pt-BR","@id":"https:\/\/www.suno.com.br\/noticias\/marfrig-mrfg3-ferbasa-fesa4-equatorial-eqtl3-agitam-mercado-terca-destaques-va\/#primaryimage","url":"https:\/\/files.sunoresearch.com.br\/n\/uploads\/2023\/09\/mercado-pixabay.jpg","contentUrl":"https:\/\/files.sunoresearch.com.br\/n\/uploads\/2023\/09\/mercado-pixabay.jpg","width":1200,"height":800,"caption":"A\u00e7\u00f5es para 2024. Foto: PIxabay"},{"@type":"BreadcrumbList","@id":"https:\/\/www.suno.com.br\/noticias\/marfrig-mrfg3-ferbasa-fesa4-equatorial-eqtl3-agitam-mercado-terca-destaques-va\/#breadcrumb","itemListElement":[{"@type":"ListItem","position":1,"name":"Not\u00edcias","item":"https:\/\/www.suno.com.br\/noticias\/"},{"@type":"ListItem","position":2,"name":"Mercado","item":"https:\/\/www.suno.com.br\/noticias\/mercado\/"},{"@type":"ListItem","position":3,"name":"Marfrig (MRFG3), Ferbasa (FESA4) e Equatorial (EQTL3) agitam mercado nesta ter\u00e7a-feira; veja mais destaques"}]},{"@type":"WebSite","@id":"https:\/\/www.suno.com.br\/noticias\/#website","url":"https:\/\/www.suno.com.br\/noticias\/","name":"Suno Not\u00edcias","description":"Seu portal de informa\u00e7\u00e3o sobre o mundo dos investimentos","publisher":{"@id":"https:\/\/www.suno.com.br\/noticias\/#organization"},"potentialAction":[{"@type":"SearchAction","target":{"@type":"EntryPoint","urlTemplate":"https:\/\/www.suno.com.br\/noticias\/?s={search_term_string}"},"query-input":{"@type":"PropertyValueSpecification","valueRequired":true,"valueName":"search_term_string"}}],"inLanguage":"pt-BR"},{"@type":"Organization","@id":"https:\/\/www.suno.com.br\/noticias\/#organization","name":"Suno Not\u00edcias","url":"https:\/\/www.suno.com.br\/noticias\/","logo":{"@type":"ImageObject","inLanguage":"pt-BR","@id":"https:\/\/www.suno.com.br\/noticias\/#\/schema\/logo\/image\/","url":"https:\/\/files.sunoresearch.com.br\/n\/uploads\/2021\/09\/suno-logo.png","contentUrl":"https:\/\/files.sunoresearch.com.br\/n\/uploads\/2021\/09\/suno-logo.png","width":180,"height":180,"caption":"Suno Not\u00edcias"},"image":{"@id":"https:\/\/www.suno.com.br\/noticias\/#\/schema\/logo\/image\/"},"sameAs":["https:\/\/facebook.com\/sunoresearch","https:\/\/x.com\/sunoresearch","https:\/\/www.instagram.com\/suno","https:\/\/www.linkedin.com\/company\/suno-research\/","https:\/\/www.youtube.com\/c\/sunoresearch"]},{"@type":"Person","@id":"https:\/\/www.suno.com.br\/noticias\/#\/schema\/person\/4a180549702d0e236b3e420862bcded3","name":"Vin\u00edcius Alves","image":{"@type":"ImageObject","inLanguage":"pt-BR","@id":"https:\/\/www.suno.com.br\/noticias\/#\/schema\/person\/image\/","url":"https:\/\/secure.gravatar.com\/avatar\/a95b7fe6d1b813f7907d4f476d5a39e1?s=96&r=g","contentUrl":"https:\/\/secure.gravatar.com\/avatar\/a95b7fe6d1b813f7907d4f476d5a39e1?s=96&r=g","caption":"Vin\u00edcius Alves"},"description":"Jornalista formado na Faculdade C\u00e1sper L\u00edbero. Com passagens pela Ag\u00eancia Estado, InfoMoney e Editora Globo.","url":"https:\/\/www.suno.com.br\/noticias\/author\/vini08correiagmail-com\/"}]}},"default_loop_html":"<div class=\"cardsPage__listCard__boxs\"><div class=\"cardsPage__listCard__boxs__img\"><a href=\"https:\/\/www.suno.com.br\/noticias\/marfrig-mrfg3-ferbasa-fesa4-equatorial-eqtl3-agitam-mercado-terca-destaques-va\/\"><img class=\"mask\" src=\"https:\/\/www.suno.com.br\/noticias\/wp-content\/themes\/suno\/resources\/images\/spotlight\/spotlight1img\/bg-mask.png\" alt=\"Image Mask\"\/><img src=\"https:\/\/files.sunoresearch.com.br\/n\/uploads\/2023\/09\/mercado-pixabay-400x200.jpg\" alt=\"Marfrig (MRFG3), Ferbasa (FESA4) e Equatorial (EQTL3) agitam mercado nesta ter\u00e7a-feira; veja mais destaques\"\/><\/a><span class=\"spotlightCategory\"><a href=\"https:\/\/www.suno.com.br\/noticias\/mercado\/\">Mercado<\/a><\/span><\/div><div class=\"cardsPage__listCard__boxs__content\"><a href=\"https:\/\/www.suno.com.br\/noticias\/marfrig-mrfg3-ferbasa-fesa4-equatorial-eqtl3-agitam-mercado-terca-destaques-va\/\"><h2 class=\"content__title\">Marfrig (MRFG3), Ferbasa (FESA4) e Equatorial (EQTL3) agitam mercado nesta ter\u00e7a-feira; veja mais destaques<\/h2><\/a><div class=\"newsContent__article__meta\"><div class=\"newsContent__article__meta__authorBox\"><a href=\"https:\/\/www.suno.com.br\/noticias\/author\/vini08correiagmail-com\/\" class=\"authorBox__avatar noMobi\"><img src=\"https:\/\/files.sunoresearch.com.br\/n\/uploads\/2026\/04\/WhatsApp-Image-2026-04-20-at-19.35.48-150x150.webp\" alt=\"Vin\u00edcius Alves\"><\/a><div class=\"authorBox__name\"><span>por\n\t\t\t<a href=\"https:\/\/www.suno.com.br\/noticias\/author\/vini08correiagmail-com\/\"><span itemprop=\"author\">Vin\u00edcius Alves<\/span><\/a><\/span><time datetime=\"2023-11-21T12:05:21-03:00\" itemprop=\"datePublished\">21\/11\/2023 12:05<\/time><\/div><\/div><\/div><\/div><\/div>","single_layout":"posts","amp_enabled":true,"_links":{"self":[{"href":"https:\/\/www.suno.com.br\/noticias\/wp-json\/wp\/v2\/posts\/488225"}],"collection":[{"href":"https:\/\/www.suno.com.br\/noticias\/wp-json\/wp\/v2\/posts"}],"about":[{"href":"https:\/\/www.suno.com.br\/noticias\/wp-json\/wp\/v2\/types\/post"}],"author":[{"embeddable":true,"href":"https:\/\/www.suno.com.br\/noticias\/wp-json\/wp\/v2\/users\/301"}],"replies":[{"embeddable":true,"href":"https:\/\/www.suno.com.br\/noticias\/wp-json\/wp\/v2\/comments?post=488225"}],"version-history":[{"count":3,"href":"https:\/\/www.suno.com.br\/noticias\/wp-json\/wp\/v2\/posts\/488225\/revisions"}],"predecessor-version":[{"id":488324,"href":"https:\/\/www.suno.com.br\/noticias\/wp-json\/wp\/v2\/posts\/488225\/revisions\/488324"}],"wp:featuredmedia":[{"embeddable":true,"href":"https:\/\/www.suno.com.br\/noticias\/wp-json\/wp\/v2\/media\/452557"}],"wp:attachment":[{"href":"https:\/\/www.suno.com.br\/noticias\/wp-json\/wp\/v2\/media?parent=488225"}],"wp:term":[{"taxonomy":"category","embeddable":true,"href":"https:\/\/www.suno.com.br\/noticias\/wp-json\/wp\/v2\/categories?post=488225"},{"taxonomy":"post_tag","embeddable":true,"href":"https:\/\/www.suno.com.br\/noticias\/wp-json\/wp\/v2\/tags?post=488225"},{"taxonomy":"suno_strategy","embeddable":true,"href":"https:\/\/www.suno.com.br\/noticias\/wp-json\/wp\/v2\/suno_strategy?post=488225"}],"curies":[{"name":"wp","href":"https:\/\/api.w.org\/{rel}","templated":true}]}}