{"id":488172,"date":"2023-11-21T09:34:29","date_gmt":"2023-11-21T12:34:29","guid":{"rendered":"https:\/\/www.suno.com.br\/noticias\/?p=488172"},"modified":"2023-11-21T09:37:29","modified_gmt":"2023-11-21T12:37:29","slug":"marfrig-mrfg3-recompra-acoes-gpj","status":"publish","type":"post","link":"https:\/\/www.suno.com.br\/noticias\/marfrig-mrfg3-recompra-acoes-gpj\/","title":{"rendered":"Marfrig (MRFG3) aprova recompra de at\u00e9 31 milh\u00f5es de a\u00e7\u00f5es; saiba mais"},"content":{"rendered":"<p>O <a href=\"https:\/\/www.suno.com.br\/artigos\/conselho-administracao\/\">conselho de administra\u00e7\u00e3o<\/a> da <a href=\"https:\/\/www.suno.com.br\/acoes\/MRFG3\/\"><strong>Marfrig<\/strong> (MRFG3)<\/a> aprovou um novo plano de recompra de at\u00e9 31 milh\u00f5es de a\u00e7\u00f5es, correspondentes a 9,30% dos pap\u00e9is da companhia em circula\u00e7\u00e3o no mercado.<\/p>\t<div class=\"wrapper-featured-image\">\n\t\t<figure class=\"spotlightImg\">\n\n\t\t\t<picture>\n\t\t\t\t<source media=\"(max-width: 768px)\" srcset=\"https:\/\/files.sunoresearch.com.br\/n\/uploads\/2022\/08\/Marfrig_Bataguassu-1-400x200.jpg\">\n\t\t\t\t<img loading=\"lazy\" decoding=\"async\" class=\"newsContent__article__imgCapa lazyloadDisabled \" src=\"https:\/\/files.sunoresearch.com.br\/n\/uploads\/2022\/08\/Marfrig_Bataguassu-1-800x450.jpg\" width=\"800\" height=\"450\" alt=\"Marfrig (MRFG3) aprova recompra de at\u00e9 31 milh\u00f5es de a\u00e7\u00f5es; saiba mais\" fetchpriority=high \/>\n\t\t\t<\/picture>\n\n\t\t\t<figcaption class=\"wp-caption-text wp-caption-text--show\">Marfrig (MRFG3). Foto: Divulga\u00e7\u00e3o.<\/figcaption>\n\t\t<\/figure>\n\t<\/div>\n\n\n\n\n\n\n\n\t<p>\n\t\t<a href=\"https:\/\/lp.suno.com.br\/planilha-da-vida-financeira\/\" target=\"_blank\" data-element=\"shortcode-suno-banner\" title=\"Banner SUNO, clique e saiba mais\">\n\t\t\t<picture>\n\t\t\t\t<source media=\"(max-width: 500px)\" srcset=\"https:\/\/files.sunoresearch.com.br\/n\/uploads\/2023\/04\/400x300-Planilha-vida-financeira-true.png\">\n\t\t\t\t<img class=\"newsContent__article__imgCapa newsContent__article__imgCapa--banner\"\n\t\t\t\t\tsrc=\"https:\/\/files.sunoresearch.com.br\/n\/uploads\/2023\/04\/1420x240-Planilha-vida-financeira-true.png\"\n\t\t\t\t\tdata-promo-id=\"106682\"\t\t\t\t\t\t\t\t\t\twidth='1420' height='240'\t\t\t\t\talt=\"https:\/\/files.sunoresearch.com.br\/n\/uploads\/2023\/04\/1420x240-Planilha-vida-financeira-true.png\"\n\t\t\t\t>\n\t\t\t<\/picture>\n\t\t<\/a>\n\t<\/p>\n\n\n\n\n\n<p>Em <a href=\"https:\/\/www.suno.com.br\/artigos\/fato-relevante\/\">fato relevante<\/a>, a companhia afirmou que o objetivo da companhia com o plano de recompra \u00e9 o de &#8220;maximizar a gera\u00e7\u00e3o de valor para os acionistas, por meio de uma administra\u00e7\u00e3o eficiente da estrutura de capital e da aplica\u00e7\u00e3o de recursos dispon\u00edveis na aquisi\u00e7\u00e3o das a\u00e7\u00f5es em bolsa de valores&#8221;. <\/p>\n\n\n\n<p>Segundo a Marfrig, o prazo m\u00e1ximo para a realiza\u00e7\u00e3o das aquisi\u00e7\u00f5es \u00e9 de 18 meses, com in\u00edcio nesta ter\u00e7a-feira (21) e encerramento em 20 de maio de 2025.<\/p>\n\n\n\n<p>Na mesma reuni\u00e3o, o <strong>colegiado da Marfrig<\/strong> tamb\u00e9m aprovou o cancelamento de 28 milh\u00f5es de <a href=\"https:\/\/www.suno.com.br\/artigos\/o-que-sao-acoes-ordinarias-preferenciais-e-units\/\">a\u00e7\u00f5es ordin\u00e1rias<\/a> mantidas em tesouraria, sem redu\u00e7\u00e3o do valor do capital social, que passou a ser dividido em 932 milh\u00f5es de a\u00e7\u00f5es.<\/p>\n\n\n\n\t<div data-element=\"shortcode-read-more\" class=\"readToo\">\n\t\t\t\t<span class=\"readToo__title\">Leia mais<\/span>\n\t\t\t\t<ul class=\"readToo__list\">\n\t\t\t<li><a href=\"https:\/\/www.suno.com.br\/noticias\/agenda-dividendos-fundos-imobiliarios-cpts11-mcci1-novembro-cpf\/\">6 Fundos imobili\u00e1rios distribuem rendimentos hoje: CPTS11, MCCI11 e mais<\/a><\/li><li><a href=\"https:\/\/www.suno.com.br\/noticias\/agenda-dividendos-petrobras-petr4-novembro-cpf\/\">Petrobras (PETR4): 1\u00aa fatia dos R$ 15 bilh\u00f5es em dividendos \u00e9 paga hoje (21)<\/a><\/li><li><a href=\"https:\/\/www.suno.com.br\/noticias\/fundo-imobiliario-xplg11-recompra-cri-jvj\/\">XPLG11 faz recompra milion\u00e1ria de CRIs com retorno de IPCA + 7,15%; veja o valor investido<\/a><\/li>\t\t<\/ul>\n\t<\/div>\n\n\n\n\n<h2 class=\"wp-block-heading\">Marfrig (MRFG3) reverte lucro em preju\u00edzo de R$ 112 milh\u00f5es no 3T23<\/h2>\n\n\n\n<p>A\u00a0Marfrig\u00a0enfrentou um trimestre desafiador, conforme indicam seus\u00a0<a href=\"https:\/\/www.rad.cvm.gov.br\/ENET\/frmExibirArquivoIPEExterno.aspx?NumeroProtocoloEntrega=1162017\" target=\"_blank\" rel=\"noreferrer noopener\">resultados financeiros divulgados<\/a>. A companhia reverteu lucro de R$ 431 milh\u00f5es em igual etapa do ano anterior para um preju\u00edzo de R$ 112 milh\u00f5es no terceiro trimestre de 2023 (3T23).<\/p>\n\n\n\n<p>Conforme o&nbsp;<strong>resultado da Marfrig<\/strong>, a&nbsp;<a target=\"_blank\" href=\"https:\/\/www.suno.com.br\/artigos\/o-que-receita-liquida\/\" rel=\"noreferrer noopener\">receita l\u00edquida<\/a>&nbsp;da empresa registrou uma queda de 2,1%, passando de R$ 36,417 bilh\u00f5es para R$ 35,650 bilh\u00f5es.<\/p>\n\n\n\n<p>Segundo a administra\u00e7\u00e3o, essa queda \u00e9 explicada pela performance da opera\u00e7\u00e3o Am\u00e9rica do Sul, negativamente impactada pelo cen\u00e1rio internacional de pre\u00e7os e pelo menor volume de vendas.<\/p>\n\n\n\n<p>\u201cNo 3T23, a <a href=\"https:\/\/www.suno.com.br\/artigos\/o-que-receita-liquida\/\">Receita L\u00edquida<\/a> Gerencial em d\u00f3lares e outras moedas representou 76% da\u00a0<a href=\"https:\/\/www.suno.com.br\/artigos\/receita-total\/\" target=\"_blank\" rel=\"noreferrer noopener\">receita total<\/a>\u00a0consolidada, decorrente da soma das receitas na Am\u00e9rica do Norte com as exporta\u00e7\u00f5es da Opera\u00e7\u00e3o da Am\u00e9rica do Sul e da consolida\u00e7\u00e3o do resultado da BRF\u201d, disse a empresa em seu release de resultados.<\/p>\n\n\n\n<p>J\u00e1 o lucro antes de juros, impostos,&nbsp;<a target=\"_blank\" href=\"https:\/\/www.suno.com.br\/artigos\/depreciacao-amortizacao\/\" rel=\"noreferrer noopener\">deprecia\u00e7\u00e3o e amortiza\u00e7\u00e3o<\/a>&nbsp;(Ebitda) ajustado saiu de R$ 3,7 bilh\u00f5es para R$ 2,56 bilh\u00f5es, representando uma queda de 32,5% na base anual<\/p>\n\n\n\n<p>O\u00a0<a href=\"https:\/\/www.suno.com.br\/artigos\/lucro-bruto\/\" target=\"_blank\" rel=\"noreferrer noopener\">lucro bruto<\/a>, por sua vez, sofreu uma significativa redu\u00e7\u00e3o de 26,6%, diminuindo de R$ 5,382 bilh\u00f5es para R$ 3,952 bilh\u00f5es.<\/p>\n\n\n\t<p>\n\t\t<a href=\"https:\/\/lp.suno.com.br\/ebook-como-analisar-uma-acao\/\" target=\"_blank\" data-element=\"shortcode-suno-banner\" title=\"Banner SUNO, clique e saiba mais\">\n\t\t\t<picture>\n\t\t\t\t<source media=\"(max-width: 500px)\" srcset=\"https:\/\/files.sunoresearch.com.br\/n\/uploads\/2023\/03\/Ebook-Acoes-Mobile.jpg\">\n\t\t\t\t<img class=\"newsContent__article__imgCapa newsContent__article__imgCapa--banner\"\n\t\t\t\t\tsrc=\"https:\/\/files.sunoresearch.com.br\/n\/uploads\/2023\/03\/Ebook-Acoes-Desktop.jpg\"\n\t\t\t\t\tdata-promo-id=\"378302\"\t\t\t\t\t\t\t\t\t\twidth='1420' height='286'\t\t\t\t\talt=\"https:\/\/files.sunoresearch.com.br\/n\/uploads\/2023\/03\/Ebook-Acoes-Desktop.jpg\"\n\t\t\t\t>\n\t\t\t<\/picture>\n\t\t<\/a>\n\t<\/p>\n\n\n\n\n\n<h2 class=\"wp-block-heading\">Alavancagem e endividamento da Marfrig<\/h2>\n\n\n\n<p>A&nbsp;<a href=\"https:\/\/www.suno.com.br\/artigos\/divida-liquida\/\" target=\"_blank\" rel=\"noreferrer noopener\">d\u00edvida l\u00edquida<\/a>&nbsp;da Marfrig apresentou uma queda consider\u00e1vel, passando de R$ 39,293 bilh\u00f5es para R$ 33,550 bilh\u00f5es, o que representa uma redu\u00e7\u00e3o de 14,6%.<\/p>\n\n\n\n<p>\u201cNossa alavancagem em termos consolidados ficou em 3,91x no terceiro trimestre de 2023, apresentando uma trajet\u00f3ria de queda mesmo quando retiramos os resultados excepcionais do ano anterior. Destaco ainda que ajustada pelo valor que temos a receber da venda dos ativos da Am\u00e9rica do Sul, de R$ 6 bilh\u00f5es, nossa alavancagem atingiu 3,21x\u201d, destacou a gest\u00e3o da <strong>Marfrig<\/strong>.<\/p>\n\n\n\n<h2 class=\"wp-block-heading\">Desempenho das a\u00e7\u00f5es da Marfrig<\/h2>\n\n\n\n<div class=\"pluginQuotation\">\n  <p class=\"ticker\">\n    Cota\u00e7\u00e3o <span>MRFG3<\/span>\n  <\/p>\n  <div class=\"info\">\n    <div class=\"leftSide\">\n      Gr\u00e1fico gerado em: 21\/11\/2023    <\/div>\n\t\t\t\t\t<div class=\"rightSide\">\n\t\t\t\t\t<span class=\"period\">\n\t\t\t\t\t\t1 Dia\t\t\t\t\t<\/span>\n\t\t\t<\/div>\n\t\t  <\/div>\n\n  <div id=\"chart-deb47ba1646cc1367f503cf4403d1b36\" data-block-hash=\"deb47ba1646cc1367f503cf4403d1b36\"  class=\"chart\" style=\"width:100%;height:400px;\"><\/div>\n\n  <div class=\"pluginQuotation__footer\">\n    <div class=\"dataChart\">\n\n      <div class=\"dataChart__div1 variation\">\n        <div class=\"value-negative\">\n          -0,48 (-0,04%)        <\/div>\n        <div class=\"text\">\n          Varia\u00e7\u00e3o do per\u00edodo\n        <\/div>\n      <\/div>\n\n      <div class=\"dataChart__div2 minMax\">\n        <div class=\"value\">\n          R$\u00a08,13        <\/div>\n        <div class=\"text\">\n          M\u00ednima\n        <\/div>\n      <\/div>\n\n      <div class=\"dataChart__div3 minMax\">\n        <div class=\"value\">\n          R$\u00a08,27        <\/div>\n        <div class=\"text\">\n          M\u00e1xima\n        <\/div>\n      <\/div>\n\n\t\t\t<div class=\"dataChart__div4 rightSide\">\n\t\t\t\t<div class=\"analiticaSource\">\n\t\t\t\t\t<span>\n\t\t\t\t\t\tFonte:\n\t\t\t\t\t<\/span>\n\t\t\t\t\t<img decoding=\"async\" class=\"analiticaLogo\" src=\"https:\/\/www.suno.com.br\/noticias\/wp-content\/plugins\/suno-block-ticker-quotation\/src\/suno-analitica-logo.png\" alt=\"Logo Suno Anal\u00edtica\" \/>\n\t\t\t\t<\/div>\n\n\t\t\t\t<a href=\"https:\/\/www.suno.com.br\/analitica\/acoes\/MRFG3\" target=\"_blank\">\n\t\t\t\t\t<span>\n\t\t\t\t\t\tVer mais cota\u00e7\u00f5es\n\t\t\t\t\t<\/span>\n\t\t\t\t\t<svg xmlns=\"http:\/\/www.w3.org\/2000\/svg\" width=\"9\" height=\"8\" viewBox=\"0 0 9 8\" fill=\"none\">\n\t\t\t\t\t\t<path d=\"M4.20996 0L3.50496 0.705L6.29496 3.5H0.209961V4.5H6.29496L3.50496 7.295L4.20996 8L8.20996 4L4.20996 0Z\" fill=\"#D42126\" \/>\n\t\t\t\t\t<\/svg>\n\t\t\t\t<\/a>\n    <\/div>\n\n    <\/div>\n  <\/div>\n<\/div>\n\n\n<script type=\"text\/javascript\">\n  let chart_deb47ba1646cc1367f503cf4403d1b36 = document.getElementById('chart-deb47ba1646cc1367f503cf4403d1b36');\n  let data_json_deb47ba1646cc1367f503cf4403d1b36 = \"[{\\\"date\\\":\\\"20\\\\\\\/11\\\\\\\/23 10:02\\\",\\\"value\\\":8.25},{\\\"date\\\":\\\"20\\\\\\\/11\\\\\\\/23 10:04\\\",\\\"value\\\":8.25},{\\\"date\\\":\\\"20\\\\\\\/11\\\\\\\/23 10:06\\\",\\\"value\\\":8.26},{\\\"date\\\":\\\"20\\\\\\\/11\\\\\\\/23 10:08\\\",\\\"value\\\":8.24},{\\\"date\\\":\\\"20\\\\\\\/11\\\\\\\/23 10:10\\\",\\\"value\\\":8.27},{\\\"date\\\":\\\"20\\\\\\\/11\\\\\\\/23 10:12\\\",\\\"value\\\":8.26},{\\\"date\\\":\\\"20\\\\\\\/11\\\\\\\/23 10:14\\\",\\\"value\\\":8.26},{\\\"date\\\":\\\"20\\\\\\\/11\\\\\\\/23 10:16\\\",\\\"value\\\":8.26},{\\\"date\\\":\\\"20\\\\\\\/11\\\\\\\/23 10:18\\\",\\\"value\\\":8.25},{\\\"date\\\":\\\"20\\\\\\\/11\\\\\\\/23 10:20\\\",\\\"value\\\":8.25},{\\\"date\\\":\\\"20\\\\\\\/11\\\\\\\/23 10:22\\\",\\\"value\\\":8.23},{\\\"date\\\":\\\"20\\\\\\\/11\\\\\\\/23 10:24\\\",\\\"value\\\":8.22},{\\\"date\\\":\\\"20\\\\\\\/11\\\\\\\/23 10:26\\\",\\\"value\\\":8.22},{\\\"date\\\":\\\"20\\\\\\\/11\\\\\\\/23 10:28\\\",\\\"value\\\":8.18},{\\\"date\\\":\\\"20\\\\\\\/11\\\\\\\/23 10:30\\\",\\\"value\\\":8.15},{\\\"date\\\":\\\"20\\\\\\\/11\\\\\\\/23 10:32\\\",\\\"value\\\":8.18},{\\\"date\\\":\\\"20\\\\\\\/11\\\\\\\/23 10:34\\\",\\\"value\\\":8.19},{\\\"date\\\":\\\"20\\\\\\\/11\\\\\\\/23 10:36\\\",\\\"value\\\":8.19},{\\\"date\\\":\\\"20\\\\\\\/11\\\\\\\/23 10:38\\\",\\\"value\\\":8.18},{\\\"date\\\":\\\"20\\\\\\\/11\\\\\\\/23 10:40\\\",\\\"value\\\":8.22},{\\\"date\\\":\\\"20\\\\\\\/11\\\\\\\/23 10:42\\\",\\\"value\\\":8.19},{\\\"date\\\":\\\"20\\\\\\\/11\\\\\\\/23 10:44\\\",\\\"value\\\":8.22},{\\\"date\\\":\\\"20\\\\\\\/11\\\\\\\/23 10:46\\\",\\\"value\\\":8.2},{\\\"date\\\":\\\"20\\\\\\\/11\\\\\\\/23 10:48\\\",\\\"value\\\":8.2},{\\\"date\\\":\\\"20\\\\\\\/11\\\\\\\/23 10:50\\\",\\\"value\\\":8.21},{\\\"date\\\":\\\"20\\\\\\\/11\\\\\\\/23 10:52\\\",\\\"value\\\":8.23},{\\\"date\\\":\\\"20\\\\\\\/11\\\\\\\/23 10:54\\\",\\\"value\\\":8.22},{\\\"date\\\":\\\"20\\\\\\\/11\\\\\\\/23 10:56\\\",\\\"value\\\":8.2},{\\\"date\\\":\\\"20\\\\\\\/11\\\\\\\/23 10:58\\\",\\\"value\\\":8.21},{\\\"date\\\":\\\"20\\\\\\\/11\\\\\\\/23 11:00\\\",\\\"value\\\":8.21},{\\\"date\\\":\\\"20\\\\\\\/11\\\\\\\/23 11:02\\\",\\\"value\\\":8.22},{\\\"date\\\":\\\"20\\\\\\\/11\\\\\\\/23 11:04\\\",\\\"value\\\":8.23},{\\\"date\\\":\\\"20\\\\\\\/11\\\\\\\/23 11:06\\\",\\\"value\\\":8.24},{\\\"date\\\":\\\"20\\\\\\\/11\\\\\\\/23 11:08\\\",\\\"value\\\":8.26},{\\\"date\\\":\\\"20\\\\\\\/11\\\\\\\/23 11:10\\\",\\\"value\\\":8.25},{\\\"date\\\":\\\"20\\\\\\\/11\\\\\\\/23 11:12\\\",\\\"value\\\":8.26},{\\\"date\\\":\\\"20\\\\\\\/11\\\\\\\/23 11:14\\\",\\\"value\\\":8.26},{\\\"date\\\":\\\"20\\\\\\\/11\\\\\\\/23 11:16\\\",\\\"value\\\":8.25},{\\\"date\\\":\\\"20\\\\\\\/11\\\\\\\/23 11:18\\\",\\\"value\\\":8.22},{\\\"date\\\":\\\"20\\\\\\\/11\\\\\\\/23 11:20\\\",\\\"value\\\":8.23},{\\\"date\\\":\\\"20\\\\\\\/11\\\\\\\/23 11:22\\\",\\\"value\\\":8.21},{\\\"date\\\":\\\"20\\\\\\\/11\\\\\\\/23 11:24\\\",\\\"value\\\":8.21},{\\\"date\\\":\\\"20\\\\\\\/11\\\\\\\/23 11:26\\\",\\\"value\\\":8.21},{\\\"date\\\":\\\"20\\\\\\\/11\\\\\\\/23 11:28\\\",\\\"value\\\":8.22},{\\\"date\\\":\\\"20\\\\\\\/11\\\\\\\/23 11:30\\\",\\\"value\\\":8.21},{\\\"date\\\":\\\"20\\\\\\\/11\\\\\\\/23 11:32\\\",\\\"value\\\":8.18},{\\\"date\\\":\\\"20\\\\\\\/11\\\\\\\/23 11:34\\\",\\\"value\\\":8.18},{\\\"date\\\":\\\"20\\\\\\\/11\\\\\\\/23 11:36\\\",\\\"value\\\":8.18},{\\\"date\\\":\\\"20\\\\\\\/11\\\\\\\/23 11:38\\\",\\\"value\\\":8.19},{\\\"date\\\":\\\"20\\\\\\\/11\\\\\\\/23 11:40\\\",\\\"value\\\":8.19},{\\\"date\\\":\\\"20\\\\\\\/11\\\\\\\/23 11:42\\\",\\\"value\\\":8.19},{\\\"date\\\":\\\"20\\\\\\\/11\\\\\\\/23 11:44\\\",\\\"value\\\":8.18},{\\\"date\\\":\\\"20\\\\\\\/11\\\\\\\/23 11:46\\\",\\\"value\\\":8.18},{\\\"date\\\":\\\"20\\\\\\\/11\\\\\\\/23 11:48\\\",\\\"value\\\":8.19},{\\\"date\\\":\\\"20\\\\\\\/11\\\\\\\/23 11:50\\\",\\\"value\\\":8.18},{\\\"date\\\":\\\"20\\\\\\\/11\\\\\\\/23 11:52\\\",\\\"value\\\":8.17},{\\\"date\\\":\\\"20\\\\\\\/11\\\\\\\/23 11:54\\\",\\\"value\\\":8.18},{\\\"date\\\":\\\"20\\\\\\\/11\\\\\\\/23 11:56\\\",\\\"value\\\":8.18},{\\\"date\\\":\\\"20\\\\\\\/11\\\\\\\/23 11:58\\\",\\\"value\\\":8.19},{\\\"date\\\":\\\"20\\\\\\\/11\\\\\\\/23 12:00\\\",\\\"value\\\":8.18},{\\\"date\\\":\\\"20\\\\\\\/11\\\\\\\/23 12:02\\\",\\\"value\\\":8.17},{\\\"date\\\":\\\"20\\\\\\\/11\\\\\\\/23 12:04\\\",\\\"value\\\":8.19},{\\\"date\\\":\\\"20\\\\\\\/11\\\\\\\/23 12:06\\\",\\\"value\\\":8.18},{\\\"date\\\":\\\"20\\\\\\\/11\\\\\\\/23 12:08\\\",\\\"value\\\":8.18},{\\\"date\\\":\\\"20\\\\\\\/11\\\\\\\/23 12:10\\\",\\\"value\\\":8.19},{\\\"date\\\":\\\"20\\\\\\\/11\\\\\\\/23 12:12\\\",\\\"value\\\":8.21},{\\\"date\\\":\\\"20\\\\\\\/11\\\\\\\/23 12:14\\\",\\\"value\\\":8.19},{\\\"date\\\":\\\"20\\\\\\\/11\\\\\\\/23 12:16\\\",\\\"value\\\":8.2},{\\\"date\\\":\\\"20\\\\\\\/11\\\\\\\/23 12:18\\\",\\\"value\\\":8.2},{\\\"date\\\":\\\"20\\\\\\\/11\\\\\\\/23 12:20\\\",\\\"value\\\":8.21},{\\\"date\\\":\\\"20\\\\\\\/11\\\\\\\/23 12:22\\\",\\\"value\\\":8.21},{\\\"date\\\":\\\"20\\\\\\\/11\\\\\\\/23 12:24\\\",\\\"value\\\":8.2},{\\\"date\\\":\\\"20\\\\\\\/11\\\\\\\/23 12:26\\\",\\\"value\\\":8.19},{\\\"date\\\":\\\"20\\\\\\\/11\\\\\\\/23 12:28\\\",\\\"value\\\":8.21},{\\\"date\\\":\\\"20\\\\\\\/11\\\\\\\/23 12:30\\\",\\\"value\\\":8.21},{\\\"date\\\":\\\"20\\\\\\\/11\\\\\\\/23 12:32\\\",\\\"value\\\":8.2},{\\\"date\\\":\\\"20\\\\\\\/11\\\\\\\/23 12:34\\\",\\\"value\\\":8.2},{\\\"date\\\":\\\"20\\\\\\\/11\\\\\\\/23 12:36\\\",\\\"value\\\":8.17},{\\\"date\\\":\\\"20\\\\\\\/11\\\\\\\/23 12:38\\\",\\\"value\\\":8.17},{\\\"date\\\":\\\"20\\\\\\\/11\\\\\\\/23 12:40\\\",\\\"value\\\":8.17},{\\\"date\\\":\\\"20\\\\\\\/11\\\\\\\/23 12:42\\\",\\\"value\\\":8.18},{\\\"date\\\":\\\"20\\\\\\\/11\\\\\\\/23 12:44\\\",\\\"value\\\":8.18},{\\\"date\\\":\\\"20\\\\\\\/11\\\\\\\/23 12:46\\\",\\\"value\\\":8.17},{\\\"date\\\":\\\"20\\\\\\\/11\\\\\\\/23 12:48\\\",\\\"value\\\":8.18},{\\\"date\\\":\\\"20\\\\\\\/11\\\\\\\/23 12:50\\\",\\\"value\\\":8.17},{\\\"date\\\":\\\"20\\\\\\\/11\\\\\\\/23 12:52\\\",\\\"value\\\":8.18},{\\\"date\\\":\\\"20\\\\\\\/11\\\\\\\/23 12:54\\\",\\\"value\\\":8.17},{\\\"date\\\":\\\"20\\\\\\\/11\\\\\\\/23 12:56\\\",\\\"value\\\":8.18},{\\\"date\\\":\\\"20\\\\\\\/11\\\\\\\/23 12:58\\\",\\\"value\\\":8.18},{\\\"date\\\":\\\"20\\\\\\\/11\\\\\\\/23 13:00\\\",\\\"value\\\":8.17},{\\\"date\\\":\\\"20\\\\\\\/11\\\\\\\/23 13:02\\\",\\\"value\\\":8.16},{\\\"date\\\":\\\"20\\\\\\\/11\\\\\\\/23 13:04\\\",\\\"value\\\":8.15},{\\\"date\\\":\\\"20\\\\\\\/11\\\\\\\/23 13:06\\\",\\\"value\\\":8.13},{\\\"date\\\":\\\"20\\\\\\\/11\\\\\\\/23 13:08\\\",\\\"value\\\":8.13},{\\\"date\\\":\\\"20\\\\\\\/11\\\\\\\/23 13:10\\\",\\\"value\\\":8.14},{\\\"date\\\":\\\"20\\\\\\\/11\\\\\\\/23 13:12\\\",\\\"value\\\":8.13},{\\\"date\\\":\\\"20\\\\\\\/11\\\\\\\/23 13:14\\\",\\\"value\\\":8.13},{\\\"date\\\":\\\"20\\\\\\\/11\\\\\\\/23 13:16\\\",\\\"value\\\":8.14},{\\\"date\\\":\\\"20\\\\\\\/11\\\\\\\/23 14:48\\\",\\\"value\\\":8.18},{\\\"date\\\":\\\"20\\\\\\\/11\\\\\\\/23 14:50\\\",\\\"value\\\":8.18},{\\\"date\\\":\\\"20\\\\\\\/11\\\\\\\/23 14:52\\\",\\\"value\\\":8.18},{\\\"date\\\":\\\"20\\\\\\\/11\\\\\\\/23 14:54\\\",\\\"value\\\":8.18},{\\\"date\\\":\\\"20\\\\\\\/11\\\\\\\/23 14:56\\\",\\\"value\\\":8.18},{\\\"date\\\":\\\"20\\\\\\\/11\\\\\\\/23 14:58\\\",\\\"value\\\":8.19},{\\\"date\\\":\\\"20\\\\\\\/11\\\\\\\/23 15:00\\\",\\\"value\\\":8.2},{\\\"date\\\":\\\"20\\\\\\\/11\\\\\\\/23 15:02\\\",\\\"value\\\":8.2},{\\\"date\\\":\\\"20\\\\\\\/11\\\\\\\/23 15:04\\\",\\\"value\\\":8.2},{\\\"date\\\":\\\"20\\\\\\\/11\\\\\\\/23 15:06\\\",\\\"value\\\":8.21},{\\\"date\\\":\\\"20\\\\\\\/11\\\\\\\/23 15:08\\\",\\\"value\\\":8.2},{\\\"date\\\":\\\"20\\\\\\\/11\\\\\\\/23 15:10\\\",\\\"value\\\":8.2},{\\\"date\\\":\\\"20\\\\\\\/11\\\\\\\/23 15:12\\\",\\\"value\\\":8.21},{\\\"date\\\":\\\"20\\\\\\\/11\\\\\\\/23 15:14\\\",\\\"value\\\":8.24},{\\\"date\\\":\\\"20\\\\\\\/11\\\\\\\/23 15:16\\\",\\\"value\\\":8.24},{\\\"date\\\":\\\"20\\\\\\\/11\\\\\\\/23 15:18\\\",\\\"value\\\":8.24},{\\\"date\\\":\\\"20\\\\\\\/11\\\\\\\/23 15:20\\\",\\\"value\\\":8.23},{\\\"date\\\":\\\"20\\\\\\\/11\\\\\\\/23 15:22\\\",\\\"value\\\":8.23},{\\\"date\\\":\\\"20\\\\\\\/11\\\\\\\/23 15:24\\\",\\\"value\\\":8.22},{\\\"date\\\":\\\"20\\\\\\\/11\\\\\\\/23 15:26\\\",\\\"value\\\":8.21},{\\\"date\\\":\\\"20\\\\\\\/11\\\\\\\/23 15:28\\\",\\\"value\\\":8.21},{\\\"date\\\":\\\"20\\\\\\\/11\\\\\\\/23 15:30\\\",\\\"value\\\":8.21},{\\\"date\\\":\\\"20\\\\\\\/11\\\\\\\/23 15:32\\\",\\\"value\\\":8.2},{\\\"date\\\":\\\"20\\\\\\\/11\\\\\\\/23 15:34\\\",\\\"value\\\":8.21}]\";\n  let isPositive_deb47ba1646cc1367f503cf4403d1b36 = \"\";\n\n  let color_deb47ba1646cc1367f503cf4403d1b36 = isPositive_deb47ba1646cc1367f503cf4403d1b36 ? '#3AB53A' : '#D92C2D';\n\n  let data_deb47ba1646cc1367f503cf4403d1b36 = JSON.parse(data_json_deb47ba1646cc1367f503cf4403d1b36);\n\n  const result_deb47ba1646cc1367f503cf4403d1b36 = {\n    date: [],\n    value: [],\n  };\n\n  data_deb47ba1646cc1367f503cf4403d1b36.forEach((item) => {\n    result_deb47ba1646cc1367f503cf4403d1b36.date.push(item.date);\n    result_deb47ba1646cc1367f503cf4403d1b36.value.push(Number(item.value));\n  });\n\n  let option_deb47ba1646cc1367f503cf4403d1b36 = {\n    \/\/ variavel de cor global\n    color: [color_deb47ba1646cc1367f503cf4403d1b36],\n    title: {\n      text: '',\n    },\n    tooltip: {\n      trigger: 'axis',\n      axisPointer: {\n        type: 'cross',\n        label: {\n          \/\/ cor dos valores em X e Y\n          backgroundColor: color_deb47ba1646cc1367f503cf4403d1b36,\n          formatter: (value) => {\n            if (typeof value.value === 'number') {\n              return Number(value.value).toLocaleString('pt-br', {\n                style: 'currency',\n                currency: 'BRL'\n              });\n            }\n            return value.value;\n          },\n        },\n      },\n      valueFormatter: (value) => Number(value).toLocaleString('pt-br', {\n        style: 'currency',\n        currency: 'BRL'\n      }),\n    },\n    legend: {\n      \/\/ data: ['Valor de Fechamento'],\n      show: false,\n    },\n    toolbox: {\n      feature: {\n        saveAsImage: {\n          show: false,\n        },\n      },\n    },\n    grid: {\n      left: '0px',\n      right: '0px',\n      bottom: '0px',\n      containLabel: true,\n    },\n    xAxis: [{\n      type: 'category',\n      data: result_deb47ba1646cc1367f503cf4403d1b36.date,\n      boundaryGap: true,\n    }],\n    yAxis: [{\n      type: 'value',\n      min: Math.min(...result_deb47ba1646cc1367f503cf4403d1b36.value),\n      max: Math.max(...result_deb47ba1646cc1367f503cf4403d1b36.value),\n      axisLabel: {\n        formatter: (value) => value.toLocaleString('pt-br', {\n          style: 'currency',\n          currency: 'BRL'\n        }),\n      },\n    }],\n    series: [{\n      name: 'Valor de Fechamento',\n      type: 'line',\n      stack: 'Total',\n      \/\/ cor do grafico\n      areaStyle: {},\n      emphasis: {\n        focus: 'series',\n      },\n      data: result_deb47ba1646cc1367f503cf4403d1b36.value,\n      \/\/ cor da linha\n      lineStyle: {\n        color: color_deb47ba1646cc1367f503cf4403d1b36,\n      },\n    }, ],\n  };\n\n\twindow.chart_deb47ba1646cc1367f503cf4403d1b36 = {\n\t\tel: chart_deb47ba1646cc1367f503cf4403d1b36,\n\t\toption: option_deb47ba1646cc1367f503cf4403d1b36\t};\n\n\n<\/script>\n\n\n\t<p>\n\t\t<a href=\"https:\/\/lp.suno.com.br\/planilha-da-vida-financeira\/\" target=\"_blank\" data-element=\"shortcode-suno-banner\" title=\"Banner SUNO, clique e saiba mais\">\n\t\t\t<picture>\n\t\t\t\t<source media=\"(max-width: 500px)\" srcset=\"https:\/\/files.sunoresearch.com.br\/n\/uploads\/2023\/04\/400x300-Planilha-vida-financeira-true.png\">\n\t\t\t\t<img class=\"newsContent__article__imgCapa newsContent__article__imgCapa--banner\"\n\t\t\t\t\tsrc=\"https:\/\/files.sunoresearch.com.br\/n\/uploads\/2023\/04\/1420x240-Planilha-vida-financeira-true.png\"\n\t\t\t\t\tdata-promo-id=\"383123\"\t\t\t\t\t\t\t\t\t\twidth='1420' height='240'\t\t\t\t\talt=\"https:\/\/files.sunoresearch.com.br\/n\/uploads\/2023\/04\/1420x240-Planilha-vida-financeira-true.png\"\n\t\t\t\t>\n\t\t\t<\/picture>\n\t\t<\/a>\n\t<\/p>\n\n\n","protected":false},"excerpt":{"rendered":"<p>O conselho de administra\u00e7\u00e3o da Marfrig (MRFG3) aprovou um novo plano de recompra de at\u00e9 31 milh\u00f5es de a\u00e7\u00f5es, correspondentes a 9,30% dos pap\u00e9is da companhia em circula\u00e7\u00e3o no mercado. Marfrig (MRFG3). Foto: Divulga\u00e7\u00e3o. Em fato relevante, a companhia afirmou que o objetivo da companhia com o plano de recompra \u00e9 o de &#8220;maximizar a [&hellip;]<\/p>\n","protected":false},"author":313,"featured_media":290248,"comment_status":"closed","ping_status":"closed","sticky":false,"template":"","format":"standard","meta":[],"categories":[64],"tags":[286,552],"suno_strategy":[],"class_list":["post-488172","post","type-post","status-publish","format-standard","has-post-thumbnail","hentry","category-negocios","tag-acoes","tag-marfrig-mrfg3"],"yoast_head":"<!-- This site is optimized with the Yoast SEO plugin v24.4 - https:\/\/yoast.com\/wordpress\/plugins\/seo\/ -->\n<title>Marfrig (MRFG3) aprova recompra de at\u00e9 31 milh\u00f5es de a\u00e7\u00f5es; saiba mais<\/title>\n<meta name=\"description\" content=\"A Marfrig afirmou que o objetivo da companhia com o plano de recompra \u00e9 o de &quot;maximizar a gera\u00e7\u00e3o de valor para os acionistas&quot;.\" \/>\n<meta name=\"robots\" content=\"index, follow, max-snippet:-1, max-image-preview:large, max-video-preview:-1\" \/>\n<link rel=\"canonical\" href=\"https:\/\/www.suno.com.br\/noticias\/marfrig-mrfg3-recompra-acoes-gpj\/\" \/>\n<meta property=\"og:locale\" content=\"pt_BR\" \/>\n<meta property=\"og:type\" content=\"article\" \/>\n<meta property=\"og:title\" content=\"Marfrig (MRFG3) aprova recompra de at\u00e9 31 milh\u00f5es de a\u00e7\u00f5es; saiba mais\" \/>\n<meta property=\"og:description\" content=\"A Marfrig afirmou que o objetivo da companhia com o plano de recompra \u00e9 o de &quot;maximizar a gera\u00e7\u00e3o de valor para os acionistas&quot;.\" \/>\n<meta property=\"og:url\" content=\"https:\/\/www.suno.com.br\/noticias\/marfrig-mrfg3-recompra-acoes-gpj\/\" \/>\n<meta property=\"og:site_name\" content=\"Suno Not\u00edcias\" \/>\n<meta property=\"article:publisher\" content=\"https:\/\/facebook.com\/sunoresearch\" \/>\n<meta property=\"og:image\" content=\"https:\/\/files.sunoresearch.com.br\/n\/uploads\/2022\/08\/Marfrig_Bataguassu-1-scaled.jpg\" \/>\n\t<meta property=\"og:image:width\" content=\"2560\" \/>\n\t<meta property=\"og:image:height\" content=\"1707\" \/>\n\t<meta property=\"og:image:type\" content=\"image\/jpeg\" \/>\n<meta name=\"author\" content=\"Giovanni Porf\u00edrio Jacomino\" \/>\n<meta name=\"twitter:card\" content=\"summary_large_image\" \/>\n<meta name=\"twitter:creator\" content=\"@sunoresearch\" \/>\n<meta name=\"twitter:site\" content=\"@sunoresearch\" \/>\n<meta name=\"twitter:label1\" content=\"Escrito por\" \/>\n\t<meta name=\"twitter:data1\" content=\"Giovanni Porf\u00edrio Jacomino\" \/>\n\t<meta name=\"twitter:label2\" content=\"Est. tempo de leitura\" \/>\n\t<meta name=\"twitter:data2\" content=\"3 minutos\" \/>\n<script type=\"application\/ld+json\" class=\"yoast-schema-graph\">{\"@context\":\"https:\/\/schema.org\",\"@graph\":[{\"@type\":\"NewsArticle\",\"@id\":\"https:\/\/www.suno.com.br\/noticias\/marfrig-mrfg3-recompra-acoes-gpj\/#article\",\"isPartOf\":{\"@id\":\"https:\/\/www.suno.com.br\/noticias\/marfrig-mrfg3-recompra-acoes-gpj\/\"},\"author\":{\"name\":\"Giovanni Porf\u00edrio Jacomino\",\"@id\":\"https:\/\/www.suno.com.br\/noticias\/#\/schema\/person\/d0f32748bbca4bee871fa191ee4e2d40\"},\"headline\":\"Marfrig (MRFG3) aprova recompra de at\u00e9 31 milh\u00f5es de a\u00e7\u00f5es; saiba mais\",\"datePublished\":\"2023-11-21T12:34:29+00:00\",\"dateModified\":\"2023-11-21T12:37:29+00:00\",\"mainEntityOfPage\":{\"@id\":\"https:\/\/www.suno.com.br\/noticias\/marfrig-mrfg3-recompra-acoes-gpj\/\"},\"wordCount\":502,\"publisher\":{\"@id\":\"https:\/\/www.suno.com.br\/noticias\/#organization\"},\"image\":{\"@id\":\"https:\/\/www.suno.com.br\/noticias\/marfrig-mrfg3-recompra-acoes-gpj\/#primaryimage\"},\"thumbnailUrl\":\"https:\/\/files.sunoresearch.com.br\/n\/uploads\/2022\/08\/Marfrig_Bataguassu-1-scaled.jpg\",\"keywords\":[\"A\u00e7\u00f5es\",\"Marfrig (MRFG3)\"],\"articleSection\":[\"Neg\u00f3cios\"],\"inLanguage\":\"pt-BR\"},{\"@type\":\"WebPage\",\"@id\":\"https:\/\/www.suno.com.br\/noticias\/marfrig-mrfg3-recompra-acoes-gpj\/\",\"url\":\"https:\/\/www.suno.com.br\/noticias\/marfrig-mrfg3-recompra-acoes-gpj\/\",\"name\":\"Marfrig (MRFG3) aprova recompra de at\u00e9 31 milh\u00f5es de a\u00e7\u00f5es; saiba mais\",\"isPartOf\":{\"@id\":\"https:\/\/www.suno.com.br\/noticias\/#website\"},\"primaryImageOfPage\":{\"@id\":\"https:\/\/www.suno.com.br\/noticias\/marfrig-mrfg3-recompra-acoes-gpj\/#primaryimage\"},\"image\":{\"@id\":\"https:\/\/www.suno.com.br\/noticias\/marfrig-mrfg3-recompra-acoes-gpj\/#primaryimage\"},\"thumbnailUrl\":\"https:\/\/files.sunoresearch.com.br\/n\/uploads\/2022\/08\/Marfrig_Bataguassu-1-scaled.jpg\",\"datePublished\":\"2023-11-21T12:34:29+00:00\",\"dateModified\":\"2023-11-21T12:37:29+00:00\",\"description\":\"A Marfrig afirmou que o objetivo da companhia com o plano de recompra \u00e9 o de \\\"maximizar a gera\u00e7\u00e3o de valor para os acionistas\\\".\",\"breadcrumb\":{\"@id\":\"https:\/\/www.suno.com.br\/noticias\/marfrig-mrfg3-recompra-acoes-gpj\/#breadcrumb\"},\"inLanguage\":\"pt-BR\",\"potentialAction\":[{\"@type\":\"ReadAction\",\"target\":[\"https:\/\/www.suno.com.br\/noticias\/marfrig-mrfg3-recompra-acoes-gpj\/\"]}]},{\"@type\":\"ImageObject\",\"inLanguage\":\"pt-BR\",\"@id\":\"https:\/\/www.suno.com.br\/noticias\/marfrig-mrfg3-recompra-acoes-gpj\/#primaryimage\",\"url\":\"https:\/\/files.sunoresearch.com.br\/n\/uploads\/2022\/08\/Marfrig_Bataguassu-1-scaled.jpg\",\"contentUrl\":\"https:\/\/files.sunoresearch.com.br\/n\/uploads\/2022\/08\/Marfrig_Bataguassu-1-scaled.jpg\",\"width\":2560,\"height\":1707,\"caption\":\"Marfrig (MRFG3). Foto: Divulga\u00e7\u00e3o.\"},{\"@type\":\"BreadcrumbList\",\"@id\":\"https:\/\/www.suno.com.br\/noticias\/marfrig-mrfg3-recompra-acoes-gpj\/#breadcrumb\",\"itemListElement\":[{\"@type\":\"ListItem\",\"position\":1,\"name\":\"Not\u00edcias\",\"item\":\"https:\/\/www.suno.com.br\/noticias\/\"},{\"@type\":\"ListItem\",\"position\":2,\"name\":\"Neg\u00f3cios\",\"item\":\"https:\/\/www.suno.com.br\/noticias\/negocios\/\"},{\"@type\":\"ListItem\",\"position\":3,\"name\":\"Marfrig (MRFG3) aprova recompra de at\u00e9 31 milh\u00f5es de a\u00e7\u00f5es; saiba mais\"}]},{\"@type\":\"WebSite\",\"@id\":\"https:\/\/www.suno.com.br\/noticias\/#website\",\"url\":\"https:\/\/www.suno.com.br\/noticias\/\",\"name\":\"Suno Not\u00edcias\",\"description\":\"Seu portal de informa\u00e7\u00e3o sobre o mundo dos investimentos\",\"publisher\":{\"@id\":\"https:\/\/www.suno.com.br\/noticias\/#organization\"},\"potentialAction\":[{\"@type\":\"SearchAction\",\"target\":{\"@type\":\"EntryPoint\",\"urlTemplate\":\"https:\/\/www.suno.com.br\/noticias\/?s={search_term_string}\"},\"query-input\":{\"@type\":\"PropertyValueSpecification\",\"valueRequired\":true,\"valueName\":\"search_term_string\"}}],\"inLanguage\":\"pt-BR\"},{\"@type\":\"Organization\",\"@id\":\"https:\/\/www.suno.com.br\/noticias\/#organization\",\"name\":\"Suno Not\u00edcias\",\"url\":\"https:\/\/www.suno.com.br\/noticias\/\",\"logo\":{\"@type\":\"ImageObject\",\"inLanguage\":\"pt-BR\",\"@id\":\"https:\/\/www.suno.com.br\/noticias\/#\/schema\/logo\/image\/\",\"url\":\"https:\/\/files.sunoresearch.com.br\/n\/uploads\/2021\/09\/suno-logo.png\",\"contentUrl\":\"https:\/\/files.sunoresearch.com.br\/n\/uploads\/2021\/09\/suno-logo.png\",\"width\":180,\"height\":180,\"caption\":\"Suno Not\u00edcias\"},\"image\":{\"@id\":\"https:\/\/www.suno.com.br\/noticias\/#\/schema\/logo\/image\/\"},\"sameAs\":[\"https:\/\/facebook.com\/sunoresearch\",\"https:\/\/x.com\/sunoresearch\",\"https:\/\/www.instagram.com\/suno\",\"https:\/\/www.linkedin.com\/company\/suno-research\/\",\"https:\/\/www.youtube.com\/c\/sunoresearch\"]},{\"@type\":\"Person\",\"@id\":\"https:\/\/www.suno.com.br\/noticias\/#\/schema\/person\/d0f32748bbca4bee871fa191ee4e2d40\",\"name\":\"Giovanni Porf\u00edrio Jacomino\",\"image\":{\"@type\":\"ImageObject\",\"inLanguage\":\"pt-BR\",\"@id\":\"https:\/\/www.suno.com.br\/noticias\/#\/schema\/person\/image\/\",\"url\":\"https:\/\/secure.gravatar.com\/avatar\/efb32e19b730a121cb7a80f41ffec01a?s=96&r=g\",\"contentUrl\":\"https:\/\/secure.gravatar.com\/avatar\/efb32e19b730a121cb7a80f41ffec01a?s=96&r=g\",\"caption\":\"Giovanni Porf\u00edrio Jacomino\"},\"description\":\"Giovanni Porf\u00edrio Jacomino \u00e9 jornalista formado pela Universidade Estadual de Londrina (UEL) e p\u00f3s-graduado em Produ\u00e7\u00e3o e Pr\u00e1ticas Jornal\u00edsticas na Contemporaneidade na Faculdade C\u00e1sper L\u00edbero (FCL). Foi editor web no Startupi e no Finsiders, atuando ainda como editor no TC Mover, portal de not\u00edcias da TradersClub, fazendo a cobertura de assuntos relacionados ao mercado financeiro interno e externo. Atualmente, \u00e9 Rep\u00f3rter do Suno Not\u00edcias.\",\"url\":\"https:\/\/www.suno.com.br\/noticias\/author\/giovanni-porfiriosuno-com-br\/\"}]}<\/script>\n<!-- \/ Yoast SEO plugin. -->","yoast_head_json":{"title":"Marfrig (MRFG3) aprova recompra de at\u00e9 31 milh\u00f5es de a\u00e7\u00f5es; saiba mais","description":"A Marfrig afirmou que o objetivo da companhia com o plano de recompra \u00e9 o de \"maximizar a gera\u00e7\u00e3o de valor para os acionistas\".","robots":{"index":"index","follow":"follow","max-snippet":"max-snippet:-1","max-image-preview":"max-image-preview:large","max-video-preview":"max-video-preview:-1"},"canonical":"https:\/\/www.suno.com.br\/noticias\/marfrig-mrfg3-recompra-acoes-gpj\/","og_locale":"pt_BR","og_type":"article","og_title":"Marfrig (MRFG3) aprova recompra de at\u00e9 31 milh\u00f5es de a\u00e7\u00f5es; saiba mais","og_description":"A Marfrig afirmou que o objetivo da companhia com o plano de recompra \u00e9 o de \"maximizar a gera\u00e7\u00e3o de valor para os acionistas\".","og_url":"https:\/\/www.suno.com.br\/noticias\/marfrig-mrfg3-recompra-acoes-gpj\/","og_site_name":"Suno Not\u00edcias","article_publisher":"https:\/\/facebook.com\/sunoresearch","og_image":[{"width":2560,"height":1707,"url":"https:\/\/files.sunoresearch.com.br\/n\/uploads\/2022\/08\/Marfrig_Bataguassu-1-scaled.jpg","type":"image\/jpeg"}],"author":"Giovanni Porf\u00edrio Jacomino","twitter_card":"summary_large_image","twitter_creator":"@sunoresearch","twitter_site":"@sunoresearch","twitter_misc":{"Escrito por":"Giovanni Porf\u00edrio Jacomino","Est. tempo de leitura":"3 minutos"},"schema":{"@context":"https:\/\/schema.org","@graph":[{"@type":"NewsArticle","@id":"https:\/\/www.suno.com.br\/noticias\/marfrig-mrfg3-recompra-acoes-gpj\/#article","isPartOf":{"@id":"https:\/\/www.suno.com.br\/noticias\/marfrig-mrfg3-recompra-acoes-gpj\/"},"author":{"name":"Giovanni Porf\u00edrio Jacomino","@id":"https:\/\/www.suno.com.br\/noticias\/#\/schema\/person\/d0f32748bbca4bee871fa191ee4e2d40"},"headline":"Marfrig (MRFG3) aprova recompra de at\u00e9 31 milh\u00f5es de a\u00e7\u00f5es; saiba mais","datePublished":"2023-11-21T12:34:29+00:00","dateModified":"2023-11-21T12:37:29+00:00","mainEntityOfPage":{"@id":"https:\/\/www.suno.com.br\/noticias\/marfrig-mrfg3-recompra-acoes-gpj\/"},"wordCount":502,"publisher":{"@id":"https:\/\/www.suno.com.br\/noticias\/#organization"},"image":{"@id":"https:\/\/www.suno.com.br\/noticias\/marfrig-mrfg3-recompra-acoes-gpj\/#primaryimage"},"thumbnailUrl":"https:\/\/files.sunoresearch.com.br\/n\/uploads\/2022\/08\/Marfrig_Bataguassu-1-scaled.jpg","keywords":["A\u00e7\u00f5es","Marfrig (MRFG3)"],"articleSection":["Neg\u00f3cios"],"inLanguage":"pt-BR"},{"@type":"WebPage","@id":"https:\/\/www.suno.com.br\/noticias\/marfrig-mrfg3-recompra-acoes-gpj\/","url":"https:\/\/www.suno.com.br\/noticias\/marfrig-mrfg3-recompra-acoes-gpj\/","name":"Marfrig (MRFG3) aprova recompra de at\u00e9 31 milh\u00f5es de a\u00e7\u00f5es; saiba mais","isPartOf":{"@id":"https:\/\/www.suno.com.br\/noticias\/#website"},"primaryImageOfPage":{"@id":"https:\/\/www.suno.com.br\/noticias\/marfrig-mrfg3-recompra-acoes-gpj\/#primaryimage"},"image":{"@id":"https:\/\/www.suno.com.br\/noticias\/marfrig-mrfg3-recompra-acoes-gpj\/#primaryimage"},"thumbnailUrl":"https:\/\/files.sunoresearch.com.br\/n\/uploads\/2022\/08\/Marfrig_Bataguassu-1-scaled.jpg","datePublished":"2023-11-21T12:34:29+00:00","dateModified":"2023-11-21T12:37:29+00:00","description":"A Marfrig afirmou que o objetivo da companhia com o plano de recompra \u00e9 o de \"maximizar a gera\u00e7\u00e3o de valor para os acionistas\".","breadcrumb":{"@id":"https:\/\/www.suno.com.br\/noticias\/marfrig-mrfg3-recompra-acoes-gpj\/#breadcrumb"},"inLanguage":"pt-BR","potentialAction":[{"@type":"ReadAction","target":["https:\/\/www.suno.com.br\/noticias\/marfrig-mrfg3-recompra-acoes-gpj\/"]}]},{"@type":"ImageObject","inLanguage":"pt-BR","@id":"https:\/\/www.suno.com.br\/noticias\/marfrig-mrfg3-recompra-acoes-gpj\/#primaryimage","url":"https:\/\/files.sunoresearch.com.br\/n\/uploads\/2022\/08\/Marfrig_Bataguassu-1-scaled.jpg","contentUrl":"https:\/\/files.sunoresearch.com.br\/n\/uploads\/2022\/08\/Marfrig_Bataguassu-1-scaled.jpg","width":2560,"height":1707,"caption":"Marfrig (MRFG3). Foto: Divulga\u00e7\u00e3o."},{"@type":"BreadcrumbList","@id":"https:\/\/www.suno.com.br\/noticias\/marfrig-mrfg3-recompra-acoes-gpj\/#breadcrumb","itemListElement":[{"@type":"ListItem","position":1,"name":"Not\u00edcias","item":"https:\/\/www.suno.com.br\/noticias\/"},{"@type":"ListItem","position":2,"name":"Neg\u00f3cios","item":"https:\/\/www.suno.com.br\/noticias\/negocios\/"},{"@type":"ListItem","position":3,"name":"Marfrig (MRFG3) aprova recompra de at\u00e9 31 milh\u00f5es de a\u00e7\u00f5es; saiba mais"}]},{"@type":"WebSite","@id":"https:\/\/www.suno.com.br\/noticias\/#website","url":"https:\/\/www.suno.com.br\/noticias\/","name":"Suno Not\u00edcias","description":"Seu portal de informa\u00e7\u00e3o sobre o mundo dos investimentos","publisher":{"@id":"https:\/\/www.suno.com.br\/noticias\/#organization"},"potentialAction":[{"@type":"SearchAction","target":{"@type":"EntryPoint","urlTemplate":"https:\/\/www.suno.com.br\/noticias\/?s={search_term_string}"},"query-input":{"@type":"PropertyValueSpecification","valueRequired":true,"valueName":"search_term_string"}}],"inLanguage":"pt-BR"},{"@type":"Organization","@id":"https:\/\/www.suno.com.br\/noticias\/#organization","name":"Suno Not\u00edcias","url":"https:\/\/www.suno.com.br\/noticias\/","logo":{"@type":"ImageObject","inLanguage":"pt-BR","@id":"https:\/\/www.suno.com.br\/noticias\/#\/schema\/logo\/image\/","url":"https:\/\/files.sunoresearch.com.br\/n\/uploads\/2021\/09\/suno-logo.png","contentUrl":"https:\/\/files.sunoresearch.com.br\/n\/uploads\/2021\/09\/suno-logo.png","width":180,"height":180,"caption":"Suno Not\u00edcias"},"image":{"@id":"https:\/\/www.suno.com.br\/noticias\/#\/schema\/logo\/image\/"},"sameAs":["https:\/\/facebook.com\/sunoresearch","https:\/\/x.com\/sunoresearch","https:\/\/www.instagram.com\/suno","https:\/\/www.linkedin.com\/company\/suno-research\/","https:\/\/www.youtube.com\/c\/sunoresearch"]},{"@type":"Person","@id":"https:\/\/www.suno.com.br\/noticias\/#\/schema\/person\/d0f32748bbca4bee871fa191ee4e2d40","name":"Giovanni Porf\u00edrio Jacomino","image":{"@type":"ImageObject","inLanguage":"pt-BR","@id":"https:\/\/www.suno.com.br\/noticias\/#\/schema\/person\/image\/","url":"https:\/\/secure.gravatar.com\/avatar\/efb32e19b730a121cb7a80f41ffec01a?s=96&r=g","contentUrl":"https:\/\/secure.gravatar.com\/avatar\/efb32e19b730a121cb7a80f41ffec01a?s=96&r=g","caption":"Giovanni Porf\u00edrio Jacomino"},"description":"Giovanni Porf\u00edrio Jacomino \u00e9 jornalista formado pela Universidade Estadual de Londrina (UEL) e p\u00f3s-graduado em Produ\u00e7\u00e3o e Pr\u00e1ticas Jornal\u00edsticas na Contemporaneidade na Faculdade C\u00e1sper L\u00edbero (FCL). Foi editor web no Startupi e no Finsiders, atuando ainda como editor no TC Mover, portal de not\u00edcias da TradersClub, fazendo a cobertura de assuntos relacionados ao mercado financeiro interno e externo. Atualmente, \u00e9 Rep\u00f3rter do Suno Not\u00edcias.","url":"https:\/\/www.suno.com.br\/noticias\/author\/giovanni-porfiriosuno-com-br\/"}]}},"default_loop_html":"<div class=\"cardsPage__listCard__boxs\"><div class=\"cardsPage__listCard__boxs__img\"><a href=\"https:\/\/www.suno.com.br\/noticias\/marfrig-mrfg3-recompra-acoes-gpj\/\"><img class=\"mask\" src=\"https:\/\/www.suno.com.br\/noticias\/wp-content\/themes\/suno\/resources\/images\/spotlight\/spotlight1img\/bg-mask.png\" alt=\"Image Mask\"\/><img src=\"https:\/\/files.sunoresearch.com.br\/n\/uploads\/2022\/08\/Marfrig_Bataguassu-1-400x200.jpg\" alt=\"Marfrig (MRFG3) aprova recompra de at\u00e9 31 milh\u00f5es de a\u00e7\u00f5es; saiba mais\"\/><\/a><span class=\"spotlightCategory\"><a href=\"https:\/\/www.suno.com.br\/noticias\/negocios\/\">Neg\u00f3cios<\/a><\/span><\/div><div class=\"cardsPage__listCard__boxs__content\"><a href=\"https:\/\/www.suno.com.br\/noticias\/marfrig-mrfg3-recompra-acoes-gpj\/\"><h2 class=\"content__title\">Marfrig (MRFG3) aprova recompra de at\u00e9 31 milh\u00f5es de a\u00e7\u00f5es; saiba mais<\/h2><\/a><div class=\"newsContent__article__meta\"><div class=\"newsContent__article__meta__authorBox\"><a href=\"https:\/\/www.suno.com.br\/noticias\/author\/joao-vitor-jacintho\/\" class=\"authorBox__avatar noMobi\"><img src=\"https:\/\/secure.gravatar.com\/avatar\/2843227ca03ccf8cc7ccca45204c127e?s=96&#038;r=g\" alt=\"Jo\u00e3o Vitor Jacintho\"><\/a><div class=\"authorBox__name\"><span>por\n\t\t\t<a href=\"https:\/\/www.suno.com.br\/noticias\/author\/joao-vitor-jacintho\/\"><span itemprop=\"author\">Jo\u00e3o Vitor Jacintho<\/span><\/a><\/span><time datetime=\"2023-11-21T09:34:29-03:00\" itemprop=\"datePublished\">21\/11\/2023 09:34<\/time><\/div><\/div><\/div><\/div><\/div>","single_layout":"posts","amp_enabled":true,"_links":{"self":[{"href":"https:\/\/www.suno.com.br\/noticias\/wp-json\/wp\/v2\/posts\/488172"}],"collection":[{"href":"https:\/\/www.suno.com.br\/noticias\/wp-json\/wp\/v2\/posts"}],"about":[{"href":"https:\/\/www.suno.com.br\/noticias\/wp-json\/wp\/v2\/types\/post"}],"author":[{"embeddable":true,"href":"https:\/\/www.suno.com.br\/noticias\/wp-json\/wp\/v2\/users\/313"}],"replies":[{"embeddable":true,"href":"https:\/\/www.suno.com.br\/noticias\/wp-json\/wp\/v2\/comments?post=488172"}],"version-history":[{"count":2,"href":"https:\/\/www.suno.com.br\/noticias\/wp-json\/wp\/v2\/posts\/488172\/revisions"}],"predecessor-version":[{"id":488187,"href":"https:\/\/www.suno.com.br\/noticias\/wp-json\/wp\/v2\/posts\/488172\/revisions\/488187"}],"wp:featuredmedia":[{"embeddable":true,"href":"https:\/\/www.suno.com.br\/noticias\/wp-json\/wp\/v2\/media\/290248"}],"wp:attachment":[{"href":"https:\/\/www.suno.com.br\/noticias\/wp-json\/wp\/v2\/media?parent=488172"}],"wp:term":[{"taxonomy":"category","embeddable":true,"href":"https:\/\/www.suno.com.br\/noticias\/wp-json\/wp\/v2\/categories?post=488172"},{"taxonomy":"post_tag","embeddable":true,"href":"https:\/\/www.suno.com.br\/noticias\/wp-json\/wp\/v2\/tags?post=488172"},{"taxonomy":"suno_strategy","embeddable":true,"href":"https:\/\/www.suno.com.br\/noticias\/wp-json\/wp\/v2\/suno_strategy?post=488172"}],"curies":[{"name":"wp","href":"https:\/\/api.w.org\/{rel}","templated":true}]}}