{"id":48796,"date":"2020-01-06T17:18:22","date_gmt":"2020-01-06T19:18:22","guid":{"rendered":"https:\/\/www.suno.com.br\/noticias\/?p=48796"},"modified":"2020-01-06T17:20:02","modified_gmt":"2020-01-06T19:20:02","slug":"br-distribuidora-sabesp-carteira-guide","status":"publish","type":"post","link":"https:\/\/www.suno.com.br\/noticias\/br-distribuidora-sabesp-carteira-guide\/","title":{"rendered":"BR Distribuidora entra no lugar da Sabesp em carteira semanal da Guide"},"content":{"rendered":"<p>A Guide Investimentos anunciou, nesta segunda-feira (6), a atualiza\u00e7\u00e3o de sua carteira de a\u00e7\u00f5es para o per\u00edodo entre os dias 6 e 10 de janeiro. A corretora optou por realizar uma troca, com a sa\u00edda das a\u00e7\u00f5es da <strong><a href=\"https:\/\/www.suno.com.br\/acoes\/sbsp3\/\">Sabesp<\/a><\/strong> (<strong><a href=\"https:\/\/www.suno.com.br\/acoes\/sbsp3\/\">SBSP3<\/a><\/strong>) e entrada da <a href=\"https:\/\/www.suno.com.br\/acoes\/brdt3\/\"><strong>BR<\/strong> <strong>Distribuidora<\/strong><\/a> (<strong><a href=\"https:\/\/www.suno.com.br\/acoes\/brdt3\/\">BRDT3<\/a><\/strong>).<\/p>\t<div class=\"wrapper-featured-image\">\n\t\t<figure class=\"spotlightImg\">\n\n\t\t\t<picture>\n\t\t\t\t<source media=\"(max-width: 768px)\" srcset=\"https:\/\/files.sunoresearch.com.br\/n\/uploads\/2019\/08\/4cc94088-br-400x200.webp\">\n\t\t\t\t<img loading=\"lazy\" decoding=\"async\" class=\"newsContent__article__imgCapa lazyloadDisabled newsContent__article__imgCapa--noCaption\" src=\"https:\/\/files.sunoresearch.com.br\/n\/uploads\/2019\/08\/4cc94088-br-800x450.webp\" width=\"800\" height=\"450\" alt=\"BR Distribuidora entra no lugar da Sabesp em carteira semanal da Guide\" fetchpriority=high \/>\n\t\t\t<\/picture>\n\n\t\t\t<figcaption class=\"wp-caption-text wp-caption-text--hide\">BR Distribuidora (BRDT3)<\/figcaption>\n\t\t<\/figure>\n\t<\/div>\n\n\n\n<p>A corretora de <strong>investimentos<\/strong> ressalta que, apesar da mudan\u00e7a para a <strong>BR Distribuidora<\/strong>, ainda tem uma vis\u00e3o positiva em rela\u00e7\u00e3o \u00e0 empresa de saneamento b\u00e1sico.<\/p>\n<p>\u201cA <strong>Sabesp<\/strong> deve destravar valor em meio ao andamento da vota\u00e7\u00e3o do novo marco legal do saneamento no Congresso ap\u00f3s o recesso parlamentar\u201d, afirmou a <strong>Guide<\/strong>.<\/p>\n<p>J\u00e1 em rela\u00e7\u00e3o \u00e0 <strong>BR<\/strong> <strong>Distribuidora<\/strong>, \u00e9 esperado que o ativo se desenvolva com a retomada do consumo e ganhos de produtividade ap\u00f3s sua privatiza\u00e7\u00e3o.<\/p>\n<p>A corretora tamb\u00e9m destacou as novas tens\u00f5es entre <strong>Estados Unidos<\/strong> e <strong>Ir\u00e3<\/strong> como fatores que movimentar\u00e3o o mercado. De acordo com a Guide, estes novos eventos devem &#8220;continuar promovendo uma maior avers\u00e3o ao risco por parte dos investidores&#8221;.<\/p>\n<p>Na semana passada, a carteira apresentou uma rentabilidade de 3,31%, tendo <strong><a href=\"https:\/\/www.suno.com.br\/acoes\/cyre3\/\">Cyrela<\/a><\/strong> (<strong><a href=\"https:\/\/www.suno.com.br\/acoes\/cyre3\/\">CYRE3<\/a><\/strong>) e <strong><a href=\"https:\/\/www.suno.com.br\/acoes\/b3sa3\/\">B3<\/a> <\/strong>(<strong><a href=\"https:\/\/www.suno.com.br\/acoes\/b3sa3\/\">B3SA3<\/a><\/strong>) como os destaques de alta. Em compara\u00e7\u00e3o, o <strong><a href=\"https:\/\/www.suno.com.br\/artigos\/ibovespa\/\">Ibovespa<\/a> <\/strong>apresentou uma valoriza\u00e7\u00e3o de 1,78% no mesmo per\u00edodo.<\/p>\n<h2>Lucro da BR Distribuidora no 3T19<\/h2>\n<p>A <strong>BR<\/strong> <strong>Distribuidora<\/strong> registrou alta de 23,9% no lucro do terceiro trimestre de 2019 em rela\u00e7\u00e3o ao mesmo per\u00edodo de 2018. O valor reportado foi de R$ 1,336 bilh\u00e3o. Vale ressaltar que esse foi o primeiro balan\u00e7o da companhia depois de sua privatiza\u00e7\u00e3o.<\/p>\n<p><a href=\"https:\/\/www.suno.com.br\/noticias\/br-distribuidora-alta-23-9-lucro-3t19-r-1-34-bi\/\">Saiba mais: BR Distribuidora tem alta de 23,9% no lucro do 3T19, para R$ 1,34 bi<\/a><\/p>\n<p>De acordo com a <strong>BR Distribuidora<\/strong>, o resultado trimestral foi alavancado pelos receb\u00edveis da <strong>Amazonas Energia<\/strong> (+ R$ 1,446 bilh\u00e3o). Esse fator foi destacado pela empresa como um importante passo na gest\u00e3o de caixa.<\/p>\n<p>A <a href=\"https:\/\/www.suno.com.br\/artigos\/o-que-receita-liquida\/\"><strong>receita l\u00edquida<\/strong><\/a> da empresa diminuiu 7,9% por conta dos menores volumes de produtos vendidos agregados a baixa de 3,7% nos pre\u00e7os m\u00e9dios.<\/p>\n<p>O <a href=\"https:\/\/www.suno.com.br\/artigos\/ebitda\/\"><strong>lucro antes de juros, impostos, deprecia\u00e7\u00e3o e amortiza\u00e7\u00e3o<\/strong> (Ebitda)<\/a> ajustado foi de R$ 771 milh\u00f5es. No mesmo per\u00edodo do ano passado, o valor obtido pela empresa foi de R$ 631 milh\u00f5es. A companhia salienta que o valor foi impulsionado pelo benef\u00edcio de receitas operacionais extraordin\u00e1rias de aproximadamente R$ 73 milh\u00f5es.<\/p>\n\t<p>\n\t\t<a href=\"https:\/\/lp.suno.com.br\/planilha-da-vida-financeira\/\" target=\"_blank\" data-element=\"shortcode-suno-banner\" title=\"Banner SUNO, clique e saiba mais\">\n\t\t\t<picture>\n\t\t\t\t<source media=\"(max-width: 500px)\" srcset=\"https:\/\/files.sunoresearch.com.br\/n\/uploads\/2023\/04\/400x300-Planilha-vida-financeira-true.png\">\n\t\t\t\t<img class=\"newsContent__article__imgCapa newsContent__article__imgCapa--banner\"\n\t\t\t\t\tsrc=\"https:\/\/files.sunoresearch.com.br\/n\/uploads\/2023\/04\/1420x240-Planilha-vida-financeira-true.png\"\n\t\t\t\t\tdata-promo-id=\"106682\"\t\t\t\t\t\t\t\t\t\twidth='1420' height='240'\t\t\t\t\talt=\"https:\/\/files.sunoresearch.com.br\/n\/uploads\/2023\/04\/1420x240-Planilha-vida-financeira-true.png\"\n\t\t\t\t>\n\t\t\t<\/picture>\n\t\t<\/a>\n\t<\/p>\n\n\n<p>O volume total de vendas da <strong>BR<\/strong> <strong>Distribuidora<\/strong> diminuiu 4,4% por causa da queda nas vendas de diesel n\u00e3o t\u00e9rmico, que ocorreu devido a maior competitividade nos setores de postos e grandes consumidores.<\/p>\n\n","protected":false},"excerpt":{"rendered":"<p>A Guide Investimentos anunciou, nesta segunda-feira (6), a atualiza\u00e7\u00e3o de sua carteira de a\u00e7\u00f5es para o per\u00edodo entre os dias 6 e 10 de janeiro. A corretora optou por realizar uma troca, com a sa\u00edda das a\u00e7\u00f5es da Sabesp (SBSP3) e entrada da BR Distribuidora (BRDT3). BR Distribuidora (BRDT3) A corretora de investimentos ressalta que, [&hellip;]<\/p>\n","protected":false},"author":23,"featured_media":32957,"comment_status":"closed","ping_status":"closed","sticky":false,"template":"","format":"standard","meta":[],"categories":[64],"tags":[2354,621,596],"suno_strategy":[],"class_list":["post-48796","post","type-post","status-publish","format-standard","has-post-thumbnail","hentry","category-negocios","tag-guide-investimentos","tag-sabesp","tag-vibra-energia-vbbr3"],"yoast_head":"<!-- This site is optimized with the Yoast SEO plugin v24.4 - https:\/\/yoast.com\/wordpress\/plugins\/seo\/ -->\n<title>BR Distribuidora entra no lugar da Sabesp em carteira semanal da Guide<\/title>\n<meta name=\"description\" content=\"A Guide realizou uma troca em sua carteira semanal, com a sa\u00edda das a\u00e7\u00f5es da Sabesp e entrada da BR Distribuidora. Clique aqui para mais.\" \/>\n<meta name=\"robots\" content=\"index, follow, max-snippet:-1, max-image-preview:large, max-video-preview:-1\" \/>\n<link rel=\"canonical\" href=\"https:\/\/www.suno.com.br\/noticias\/br-distribuidora-sabesp-carteira-guide\/\" \/>\n<meta property=\"og:locale\" content=\"pt_BR\" \/>\n<meta property=\"og:type\" content=\"article\" \/>\n<meta property=\"og:title\" content=\"BR Distribuidora entra no lugar da Sabesp em carteira semanal da Guide\" \/>\n<meta property=\"og:description\" content=\"A Guide realizou uma troca em sua carteira semanal, com a sa\u00edda das a\u00e7\u00f5es da Sabesp e entrada da BR Distribuidora. Clique aqui para mais.\" \/>\n<meta property=\"og:url\" content=\"https:\/\/www.suno.com.br\/noticias\/br-distribuidora-sabesp-carteira-guide\/\" \/>\n<meta property=\"og:site_name\" content=\"Suno Not\u00edcias\" \/>\n<meta property=\"article:publisher\" content=\"https:\/\/facebook.com\/sunoresearch\" \/>\n<meta property=\"og:image\" content=\"https:\/\/files.sunoresearch.com.br\/n\/uploads\/2019\/08\/4cc94088-br.jpeg\" \/>\n\t<meta property=\"og:image:width\" content=\"1000\" \/>\n\t<meta property=\"og:image:height\" content=\"667\" \/>\n\t<meta property=\"og:image:type\" content=\"image\/jpeg\" \/>\n<meta name=\"author\" content=\"Rafael Lara\" \/>\n<meta name=\"twitter:card\" content=\"summary_large_image\" \/>\n<meta name=\"twitter:creator\" content=\"@sunoresearch\" \/>\n<meta name=\"twitter:site\" content=\"@sunoresearch\" \/>\n<meta name=\"twitter:label1\" content=\"Escrito por\" \/>\n\t<meta name=\"twitter:data1\" content=\"Rafael Lara\" \/>\n\t<meta name=\"twitter:label2\" content=\"Est. tempo de leitura\" \/>\n\t<meta name=\"twitter:data2\" content=\"2 minutos\" \/>\n<script type=\"application\/ld+json\" class=\"yoast-schema-graph\">{\"@context\":\"https:\/\/schema.org\",\"@graph\":[{\"@type\":\"NewsArticle\",\"@id\":\"https:\/\/www.suno.com.br\/noticias\/br-distribuidora-sabesp-carteira-guide\/#article\",\"isPartOf\":{\"@id\":\"https:\/\/www.suno.com.br\/noticias\/br-distribuidora-sabesp-carteira-guide\/\"},\"author\":{\"name\":\"Rafael Lara\",\"@id\":\"https:\/\/www.suno.com.br\/noticias\/#\/schema\/person\/098743caeed97b37f51315c9576c4078\"},\"headline\":\"BR Distribuidora entra no lugar da Sabesp em carteira semanal da Guide\",\"datePublished\":\"2020-01-06T19:18:22+00:00\",\"dateModified\":\"2020-01-06T19:20:02+00:00\",\"mainEntityOfPage\":{\"@id\":\"https:\/\/www.suno.com.br\/noticias\/br-distribuidora-sabesp-carteira-guide\/\"},\"wordCount\":443,\"publisher\":{\"@id\":\"https:\/\/www.suno.com.br\/noticias\/#organization\"},\"image\":{\"@id\":\"https:\/\/www.suno.com.br\/noticias\/br-distribuidora-sabesp-carteira-guide\/#primaryimage\"},\"thumbnailUrl\":\"https:\/\/files.sunoresearch.com.br\/n\/uploads\/2019\/08\/4cc94088-br-jpeg.webp\",\"keywords\":[\"Guide Investimentos\",\"Sabesp\",\"Vibra Energia (VBBR3)\"],\"articleSection\":[\"Neg\u00f3cios\"],\"inLanguage\":\"pt-BR\"},{\"@type\":\"WebPage\",\"@id\":\"https:\/\/www.suno.com.br\/noticias\/br-distribuidora-sabesp-carteira-guide\/\",\"url\":\"https:\/\/www.suno.com.br\/noticias\/br-distribuidora-sabesp-carteira-guide\/\",\"name\":\"BR Distribuidora entra no lugar da Sabesp em carteira semanal da Guide\",\"isPartOf\":{\"@id\":\"https:\/\/www.suno.com.br\/noticias\/#website\"},\"primaryImageOfPage\":{\"@id\":\"https:\/\/www.suno.com.br\/noticias\/br-distribuidora-sabesp-carteira-guide\/#primaryimage\"},\"image\":{\"@id\":\"https:\/\/www.suno.com.br\/noticias\/br-distribuidora-sabesp-carteira-guide\/#primaryimage\"},\"thumbnailUrl\":\"https:\/\/files.sunoresearch.com.br\/n\/uploads\/2019\/08\/4cc94088-br-jpeg.webp\",\"datePublished\":\"2020-01-06T19:18:22+00:00\",\"dateModified\":\"2020-01-06T19:20:02+00:00\",\"description\":\"A Guide realizou uma troca em sua carteira semanal, com a sa\u00edda das a\u00e7\u00f5es da Sabesp e entrada da BR Distribuidora. Clique aqui para mais.\",\"breadcrumb\":{\"@id\":\"https:\/\/www.suno.com.br\/noticias\/br-distribuidora-sabesp-carteira-guide\/#breadcrumb\"},\"inLanguage\":\"pt-BR\",\"potentialAction\":[{\"@type\":\"ReadAction\",\"target\":[\"https:\/\/www.suno.com.br\/noticias\/br-distribuidora-sabesp-carteira-guide\/\"]}]},{\"@type\":\"ImageObject\",\"inLanguage\":\"pt-BR\",\"@id\":\"https:\/\/www.suno.com.br\/noticias\/br-distribuidora-sabesp-carteira-guide\/#primaryimage\",\"url\":\"https:\/\/files.sunoresearch.com.br\/n\/uploads\/2019\/08\/4cc94088-br-jpeg.webp\",\"contentUrl\":\"https:\/\/files.sunoresearch.com.br\/n\/uploads\/2019\/08\/4cc94088-br-jpeg.webp\",\"width\":1000,\"height\":667,\"caption\":\"BR Distribuidora (BRDT3)\"},{\"@type\":\"BreadcrumbList\",\"@id\":\"https:\/\/www.suno.com.br\/noticias\/br-distribuidora-sabesp-carteira-guide\/#breadcrumb\",\"itemListElement\":[{\"@type\":\"ListItem\",\"position\":1,\"name\":\"Not\u00edcias\",\"item\":\"https:\/\/www.suno.com.br\/noticias\/\"},{\"@type\":\"ListItem\",\"position\":2,\"name\":\"Neg\u00f3cios\",\"item\":\"https:\/\/www.suno.com.br\/noticias\/negocios\/\"},{\"@type\":\"ListItem\",\"position\":3,\"name\":\"BR Distribuidora entra no lugar da Sabesp em carteira semanal da Guide\"}]},{\"@type\":\"WebSite\",\"@id\":\"https:\/\/www.suno.com.br\/noticias\/#website\",\"url\":\"https:\/\/www.suno.com.br\/noticias\/\",\"name\":\"Suno Not\u00edcias\",\"description\":\"Seu portal de informa\u00e7\u00e3o sobre o mundo dos investimentos\",\"publisher\":{\"@id\":\"https:\/\/www.suno.com.br\/noticias\/#organization\"},\"potentialAction\":[{\"@type\":\"SearchAction\",\"target\":{\"@type\":\"EntryPoint\",\"urlTemplate\":\"https:\/\/www.suno.com.br\/noticias\/?s={search_term_string}\"},\"query-input\":{\"@type\":\"PropertyValueSpecification\",\"valueRequired\":true,\"valueName\":\"search_term_string\"}}],\"inLanguage\":\"pt-BR\"},{\"@type\":\"Organization\",\"@id\":\"https:\/\/www.suno.com.br\/noticias\/#organization\",\"name\":\"Suno Not\u00edcias\",\"url\":\"https:\/\/www.suno.com.br\/noticias\/\",\"logo\":{\"@type\":\"ImageObject\",\"inLanguage\":\"pt-BR\",\"@id\":\"https:\/\/www.suno.com.br\/noticias\/#\/schema\/logo\/image\/\",\"url\":\"https:\/\/files.sunoresearch.com.br\/n\/uploads\/2021\/09\/suno-logo.png\",\"contentUrl\":\"https:\/\/files.sunoresearch.com.br\/n\/uploads\/2021\/09\/suno-logo.png\",\"width\":180,\"height\":180,\"caption\":\"Suno Not\u00edcias\"},\"image\":{\"@id\":\"https:\/\/www.suno.com.br\/noticias\/#\/schema\/logo\/image\/\"},\"sameAs\":[\"https:\/\/facebook.com\/sunoresearch\",\"https:\/\/x.com\/sunoresearch\",\"https:\/\/www.instagram.com\/suno\",\"https:\/\/www.linkedin.com\/company\/suno-research\/\",\"https:\/\/www.youtube.com\/c\/sunoresearch\"]},{\"@type\":\"Person\",\"@id\":\"https:\/\/www.suno.com.br\/noticias\/#\/schema\/person\/098743caeed97b37f51315c9576c4078\",\"name\":\"Rafael Lara\",\"image\":{\"@type\":\"ImageObject\",\"inLanguage\":\"pt-BR\",\"@id\":\"https:\/\/www.suno.com.br\/noticias\/#\/schema\/person\/image\/\",\"url\":\"https:\/\/secure.gravatar.com\/avatar\/dfc254ab9bb2ea1895d98b9e9dae4bdd?s=96&r=g\",\"contentUrl\":\"https:\/\/secure.gravatar.com\/avatar\/dfc254ab9bb2ea1895d98b9e9dae4bdd?s=96&r=g\",\"caption\":\"Rafael Lara\"},\"description\":\"Rafael Lara cursa jornalismo na Faculdade C\u00e1sper L\u00edbero. Escreve sobre pol\u00edtica, economia e neg\u00f3cios para o portal Suno Not\u00edcias. Antes, colaborou na TV Gazeta na produ\u00e7\u00e3o do programa Edi\u00e7\u00e3o Extra.\",\"url\":\"https:\/\/www.suno.com.br\/noticias\/author\/rafael\/\"}]}<\/script>\n<!-- \/ Yoast SEO plugin. -->","yoast_head_json":{"title":"BR Distribuidora entra no lugar da Sabesp em carteira semanal da Guide","description":"A Guide realizou uma troca em sua carteira semanal, com a sa\u00edda das a\u00e7\u00f5es da Sabesp e entrada da BR Distribuidora. Clique aqui para mais.","robots":{"index":"index","follow":"follow","max-snippet":"max-snippet:-1","max-image-preview":"max-image-preview:large","max-video-preview":"max-video-preview:-1"},"canonical":"https:\/\/www.suno.com.br\/noticias\/br-distribuidora-sabesp-carteira-guide\/","og_locale":"pt_BR","og_type":"article","og_title":"BR Distribuidora entra no lugar da Sabesp em carteira semanal da Guide","og_description":"A Guide realizou uma troca em sua carteira semanal, com a sa\u00edda das a\u00e7\u00f5es da Sabesp e entrada da BR Distribuidora. Clique aqui para mais.","og_url":"https:\/\/www.suno.com.br\/noticias\/br-distribuidora-sabesp-carteira-guide\/","og_site_name":"Suno Not\u00edcias","article_publisher":"https:\/\/facebook.com\/sunoresearch","og_image":[{"width":1000,"height":667,"url":"https:\/\/files.sunoresearch.com.br\/n\/uploads\/2019\/08\/4cc94088-br.jpeg","type":"image\/jpeg"}],"author":"Rafael Lara","twitter_card":"summary_large_image","twitter_creator":"@sunoresearch","twitter_site":"@sunoresearch","twitter_misc":{"Escrito por":"Rafael Lara","Est. tempo de leitura":"2 minutos"},"schema":{"@context":"https:\/\/schema.org","@graph":[{"@type":"NewsArticle","@id":"https:\/\/www.suno.com.br\/noticias\/br-distribuidora-sabesp-carteira-guide\/#article","isPartOf":{"@id":"https:\/\/www.suno.com.br\/noticias\/br-distribuidora-sabesp-carteira-guide\/"},"author":{"name":"Rafael Lara","@id":"https:\/\/www.suno.com.br\/noticias\/#\/schema\/person\/098743caeed97b37f51315c9576c4078"},"headline":"BR Distribuidora entra no lugar da Sabesp em carteira semanal da Guide","datePublished":"2020-01-06T19:18:22+00:00","dateModified":"2020-01-06T19:20:02+00:00","mainEntityOfPage":{"@id":"https:\/\/www.suno.com.br\/noticias\/br-distribuidora-sabesp-carteira-guide\/"},"wordCount":443,"publisher":{"@id":"https:\/\/www.suno.com.br\/noticias\/#organization"},"image":{"@id":"https:\/\/www.suno.com.br\/noticias\/br-distribuidora-sabesp-carteira-guide\/#primaryimage"},"thumbnailUrl":"https:\/\/files.sunoresearch.com.br\/n\/uploads\/2019\/08\/4cc94088-br-jpeg.webp","keywords":["Guide Investimentos","Sabesp","Vibra Energia (VBBR3)"],"articleSection":["Neg\u00f3cios"],"inLanguage":"pt-BR"},{"@type":"WebPage","@id":"https:\/\/www.suno.com.br\/noticias\/br-distribuidora-sabesp-carteira-guide\/","url":"https:\/\/www.suno.com.br\/noticias\/br-distribuidora-sabesp-carteira-guide\/","name":"BR Distribuidora entra no lugar da Sabesp em carteira semanal da Guide","isPartOf":{"@id":"https:\/\/www.suno.com.br\/noticias\/#website"},"primaryImageOfPage":{"@id":"https:\/\/www.suno.com.br\/noticias\/br-distribuidora-sabesp-carteira-guide\/#primaryimage"},"image":{"@id":"https:\/\/www.suno.com.br\/noticias\/br-distribuidora-sabesp-carteira-guide\/#primaryimage"},"thumbnailUrl":"https:\/\/files.sunoresearch.com.br\/n\/uploads\/2019\/08\/4cc94088-br-jpeg.webp","datePublished":"2020-01-06T19:18:22+00:00","dateModified":"2020-01-06T19:20:02+00:00","description":"A Guide realizou uma troca em sua carteira semanal, com a sa\u00edda das a\u00e7\u00f5es da Sabesp e entrada da BR Distribuidora. Clique aqui para mais.","breadcrumb":{"@id":"https:\/\/www.suno.com.br\/noticias\/br-distribuidora-sabesp-carteira-guide\/#breadcrumb"},"inLanguage":"pt-BR","potentialAction":[{"@type":"ReadAction","target":["https:\/\/www.suno.com.br\/noticias\/br-distribuidora-sabesp-carteira-guide\/"]}]},{"@type":"ImageObject","inLanguage":"pt-BR","@id":"https:\/\/www.suno.com.br\/noticias\/br-distribuidora-sabesp-carteira-guide\/#primaryimage","url":"https:\/\/files.sunoresearch.com.br\/n\/uploads\/2019\/08\/4cc94088-br-jpeg.webp","contentUrl":"https:\/\/files.sunoresearch.com.br\/n\/uploads\/2019\/08\/4cc94088-br-jpeg.webp","width":1000,"height":667,"caption":"BR Distribuidora (BRDT3)"},{"@type":"BreadcrumbList","@id":"https:\/\/www.suno.com.br\/noticias\/br-distribuidora-sabesp-carteira-guide\/#breadcrumb","itemListElement":[{"@type":"ListItem","position":1,"name":"Not\u00edcias","item":"https:\/\/www.suno.com.br\/noticias\/"},{"@type":"ListItem","position":2,"name":"Neg\u00f3cios","item":"https:\/\/www.suno.com.br\/noticias\/negocios\/"},{"@type":"ListItem","position":3,"name":"BR Distribuidora entra no lugar da Sabesp em carteira semanal da Guide"}]},{"@type":"WebSite","@id":"https:\/\/www.suno.com.br\/noticias\/#website","url":"https:\/\/www.suno.com.br\/noticias\/","name":"Suno Not\u00edcias","description":"Seu portal de informa\u00e7\u00e3o sobre o mundo dos investimentos","publisher":{"@id":"https:\/\/www.suno.com.br\/noticias\/#organization"},"potentialAction":[{"@type":"SearchAction","target":{"@type":"EntryPoint","urlTemplate":"https:\/\/www.suno.com.br\/noticias\/?s={search_term_string}"},"query-input":{"@type":"PropertyValueSpecification","valueRequired":true,"valueName":"search_term_string"}}],"inLanguage":"pt-BR"},{"@type":"Organization","@id":"https:\/\/www.suno.com.br\/noticias\/#organization","name":"Suno Not\u00edcias","url":"https:\/\/www.suno.com.br\/noticias\/","logo":{"@type":"ImageObject","inLanguage":"pt-BR","@id":"https:\/\/www.suno.com.br\/noticias\/#\/schema\/logo\/image\/","url":"https:\/\/files.sunoresearch.com.br\/n\/uploads\/2021\/09\/suno-logo.png","contentUrl":"https:\/\/files.sunoresearch.com.br\/n\/uploads\/2021\/09\/suno-logo.png","width":180,"height":180,"caption":"Suno Not\u00edcias"},"image":{"@id":"https:\/\/www.suno.com.br\/noticias\/#\/schema\/logo\/image\/"},"sameAs":["https:\/\/facebook.com\/sunoresearch","https:\/\/x.com\/sunoresearch","https:\/\/www.instagram.com\/suno","https:\/\/www.linkedin.com\/company\/suno-research\/","https:\/\/www.youtube.com\/c\/sunoresearch"]},{"@type":"Person","@id":"https:\/\/www.suno.com.br\/noticias\/#\/schema\/person\/098743caeed97b37f51315c9576c4078","name":"Rafael Lara","image":{"@type":"ImageObject","inLanguage":"pt-BR","@id":"https:\/\/www.suno.com.br\/noticias\/#\/schema\/person\/image\/","url":"https:\/\/secure.gravatar.com\/avatar\/dfc254ab9bb2ea1895d98b9e9dae4bdd?s=96&r=g","contentUrl":"https:\/\/secure.gravatar.com\/avatar\/dfc254ab9bb2ea1895d98b9e9dae4bdd?s=96&r=g","caption":"Rafael Lara"},"description":"Rafael Lara cursa jornalismo na Faculdade C\u00e1sper L\u00edbero. Escreve sobre pol\u00edtica, economia e neg\u00f3cios para o portal Suno Not\u00edcias. Antes, colaborou na TV Gazeta na produ\u00e7\u00e3o do programa Edi\u00e7\u00e3o Extra.","url":"https:\/\/www.suno.com.br\/noticias\/author\/rafael\/"}]}},"default_loop_html":"<div class=\"cardsPage__listCard__boxs\"><div class=\"cardsPage__listCard__boxs__img\"><a href=\"https:\/\/www.suno.com.br\/noticias\/br-distribuidora-sabesp-carteira-guide\/\"><img class=\"mask\" src=\"https:\/\/www.suno.com.br\/noticias\/wp-content\/themes\/suno\/resources\/images\/spotlight\/spotlight1img\/bg-mask.png\" alt=\"Image Mask\"\/><img src=\"https:\/\/files.sunoresearch.com.br\/n\/uploads\/2019\/08\/4cc94088-br-400x200.webp\" alt=\"BR Distribuidora entra no lugar da Sabesp em carteira semanal da Guide\"\/><\/a><span class=\"spotlightCategory\"><a href=\"https:\/\/www.suno.com.br\/noticias\/negocios\/\">Neg\u00f3cios<\/a><\/span><\/div><div class=\"cardsPage__listCard__boxs__content\"><a href=\"https:\/\/www.suno.com.br\/noticias\/br-distribuidora-sabesp-carteira-guide\/\"><h2 class=\"content__title\">BR Distribuidora entra no lugar da Sabesp em carteira semanal da Guide<\/h2><\/a><div class=\"newsContent__article__meta\"><div class=\"newsContent__article__meta__authorBox\"><a href=\"https:\/\/www.suno.com.br\/noticias\/author\/rafael\/\" class=\"authorBox__avatar noMobi\"><img src=\"https:\/\/secure.gravatar.com\/avatar\/dfc254ab9bb2ea1895d98b9e9dae4bdd?s=96&#038;r=g\" alt=\"Rafael Lara\"><\/a><div class=\"authorBox__name\"><span>por\n\t\t\t<a href=\"https:\/\/www.suno.com.br\/noticias\/author\/rafael\/\"><span itemprop=\"author\">Rafael Lara<\/span><\/a><\/span><time datetime=\"2020-01-06T17:18:22-03:00\" itemprop=\"datePublished\">06\/01\/2020 17:18<\/time><\/div><\/div><\/div><\/div><\/div>","single_layout":"posts","amp_enabled":true,"_links":{"self":[{"href":"https:\/\/www.suno.com.br\/noticias\/wp-json\/wp\/v2\/posts\/48796"}],"collection":[{"href":"https:\/\/www.suno.com.br\/noticias\/wp-json\/wp\/v2\/posts"}],"about":[{"href":"https:\/\/www.suno.com.br\/noticias\/wp-json\/wp\/v2\/types\/post"}],"author":[{"embeddable":true,"href":"https:\/\/www.suno.com.br\/noticias\/wp-json\/wp\/v2\/users\/23"}],"replies":[{"embeddable":true,"href":"https:\/\/www.suno.com.br\/noticias\/wp-json\/wp\/v2\/comments?post=48796"}],"version-history":[{"count":0,"href":"https:\/\/www.suno.com.br\/noticias\/wp-json\/wp\/v2\/posts\/48796\/revisions"}],"wp:featuredmedia":[{"embeddable":true,"href":"https:\/\/www.suno.com.br\/noticias\/wp-json\/wp\/v2\/media\/32957"}],"wp:attachment":[{"href":"https:\/\/www.suno.com.br\/noticias\/wp-json\/wp\/v2\/media?parent=48796"}],"wp:term":[{"taxonomy":"category","embeddable":true,"href":"https:\/\/www.suno.com.br\/noticias\/wp-json\/wp\/v2\/categories?post=48796"},{"taxonomy":"post_tag","embeddable":true,"href":"https:\/\/www.suno.com.br\/noticias\/wp-json\/wp\/v2\/tags?post=48796"},{"taxonomy":"suno_strategy","embeddable":true,"href":"https:\/\/www.suno.com.br\/noticias\/wp-json\/wp\/v2\/suno_strategy?post=48796"}],"curies":[{"name":"wp","href":"https:\/\/api.w.org\/{rel}","templated":true}]}}