{"id":487621,"date":"2023-11-20T08:04:55","date_gmt":"2023-11-20T11:04:55","guid":{"rendered":"https:\/\/www.suno.com.br\/noticias\/?p=487621"},"modified":"2023-11-20T08:07:32","modified_gmt":"2023-11-20T11:07:32","slug":"argentina-analistas-eleicao-gpj","status":"publish","type":"post","link":"https:\/\/www.suno.com.br\/noticias\/argentina-analistas-eleicao-gpj\/","title":{"rendered":"Argentina tem feriado hoje; veja expectativa de analistas locais ap\u00f3s elei\u00e7\u00e3o"},"content":{"rendered":"<p>V\u00e1rios analistas citados pela imprensa da <strong>Argentina<\/strong> previam uma reacomoda\u00e7\u00e3o nos mercados locais, ap\u00f3s a vit\u00f3ria do ultraliberal Javier Milei no segundo turno presidencial neste domingo (19), em ambiente de muitas incertezas.<\/p>\t<div class=\"wrapper-featured-image\">\n\t\t<figure class=\"spotlightImg\">\n\n\t\t\t<picture>\n\t\t\t\t<source media=\"(max-width: 768px)\" srcset=\"https:\/\/files.sunoresearch.com.br\/n\/uploads\/2023\/11\/gustavo-sanchez-yhhVap-uWvo-unsplash-400x200.jpg\">\n\t\t\t\t<img loading=\"lazy\" decoding=\"async\" class=\"newsContent__article__imgCapa lazyloadDisabled \" src=\"https:\/\/files.sunoresearch.com.br\/n\/uploads\/2023\/11\/gustavo-sanchez-yhhVap-uWvo-unsplash-800x450.jpg\" width=\"800\" height=\"450\" alt=\"Argentina tem feriado hoje; veja expectativa de analistas locais ap\u00f3s elei\u00e7\u00e3o\" fetchpriority=high \/>\n\t\t\t<\/picture>\n\n\t\t\t<figcaption class=\"wp-caption-text wp-caption-text--show\">Argentina. Foto: Unsplash.<\/figcaption>\n\t\t<\/figure>\n\t<\/div>\n\n\n\n\n\n\n\n\t<p>\n\t\t<a href=\"https:\/\/lp.suno.com.br\/ebook-como-analisar-uma-acao\/\" target=\"_blank\" data-element=\"shortcode-suno-banner\" title=\"Banner SUNO, clique e saiba mais\">\n\t\t\t<picture>\n\t\t\t\t<source media=\"(max-width: 500px)\" srcset=\"https:\/\/files.sunoresearch.com.br\/n\/uploads\/2023\/03\/Ebook-Acoes-Mobile.jpg\">\n\t\t\t\t<img class=\"newsContent__article__imgCapa newsContent__article__imgCapa--banner\"\n\t\t\t\t\tsrc=\"https:\/\/files.sunoresearch.com.br\/n\/uploads\/2023\/03\/Ebook-Acoes-Desktop.jpg\"\n\t\t\t\t\tdata-promo-id=\"378302\"\t\t\t\t\t\t\t\t\t\twidth='1420' height='286'\t\t\t\t\talt=\"https:\/\/files.sunoresearch.com.br\/n\/uploads\/2023\/03\/Ebook-Acoes-Desktop.jpg\"\n\t\t\t\t>\n\t\t\t<\/picture>\n\t\t<\/a>\n\t<\/p>\n\n\n\n\n\n<p>O impacto entre investidores, por\u00e9m, deve ficar mais claro na ter\u00e7a-feira (21), pois nesta segunda (20), \u00e9 feriado do Dia da Soberania Nacional no pa\u00eds. Ap\u00f3s vit\u00f3ria mais folgada do que o previsto, <strong>Javier Milei<\/strong> disse em discurso que &#8220;n\u00e3o h\u00e1 lugar para gradualismo&#8221; e que o pa\u00eds precisa de &#8220;mudan\u00e7as dr\u00e1sticas&#8221;, mas agora h\u00e1 expectativa sobre quais ser\u00e3o suas primeiras medidas, qual ser\u00e1 a equipe de governo e o que de fato ele poder\u00e1 realizar, pois ter\u00e1 de lidar com um Congresso fragmentado.<\/p>\n\n\n\n<p>Milei assume em 10 de dezembro. At\u00e9 l\u00e1, o desgastado presidente Alberto Fern\u00e1ndez ter\u00e1 de conduzir a transi\u00e7\u00e3o. O <strong>ministro da Economia da Argentina<\/strong>, <strong>Sergio Massa<\/strong>, derrotado no domingo nas urnas, considera deixar o governo, segundo o jornal Clar\u00edn. Milei e Fern\u00e1ndez devem se reunir nesta segunda-feira, de acordo com a ag\u00eancia oficial T\u00e9lam.<\/p>\n\n\n\n<p>O di\u00e1rio local \u00c1mbito Financiero aponta que \u00e9 preciso saber como se reorganizar\u00e1 o legislativo local, ap\u00f3s a vit\u00f3ria de Milei. Uma hip\u00f3tese \u00e9 que ocorrer\u00e1 uma ruptura no bloco Juntos por el Cambio, que se constituiu em 2015, tem a presen\u00e7a do ex-presidente <strong>Mauricio Macri<\/strong> e apoiou Milei no segundo turno. N\u00e3o deve haver maioria autom\u00e1tica na C\u00e2mara dos Deputados, destacava o jornal.<\/p>\n\n\n\n<h2 class=\"wp-block-heading\">Qual a expectativa dos analistas p\u00f3s-elei\u00e7\u00f5es na Argentina?<\/h2>\n\n\n\n<p>O mesmo \u00c1mbito Financiero menciona em reportagem v\u00e1rios analistas financeiros. O economista Federico Glusten previa alta na <strong>cota\u00e7\u00e3o do d\u00f3lar<\/strong>, com o mercado apontando para &#8220;aumento not\u00f3rio&#8221; do valor da moeda americana, em preparo para uma eventual dolariza\u00e7\u00e3o prometida por Milei. Glusten tamb\u00e9m acreditava em uma desvaloriza\u00e7\u00e3o forte oficial do peso no primeiro dia \u00fatil ap\u00f3s a elei\u00e7\u00e3o, nesta ter\u00e7a-feira. <\/p>\n\n\n\n<p>Gustavo Neffa, da Research for Traders, previa igualmente forte desvaloriza\u00e7\u00e3o do peso, enquanto Gustavo Romano, da Romano Group, defendia a import\u00e2ncia de se mandar &#8220;sinais contundentes&#8221; de corre\u00e7\u00e3o no quadro fiscal. A consultoria FMyA projetava um d\u00f3lar oficial a 800 pesos &#8220;no m\u00ednimo&#8221; em dezembro no pa\u00eds.<\/p>\n\n\n\n<p>O chamado &#8220;<strong>d\u00f3lar cripto<\/strong>&#8221; esteve em foco nas \u00faltimas horas na Argentina. Essa cota\u00e7\u00e3o, que n\u00e3o para de operar e tem sido apontada recentemente como um term\u00f4metro de curt\u00edssimo prazo dos investidores locais, chegou a subir 20% e a superar 1,2 mil pesos no domingo, de acordo com a imprensa local, mas ajustou ganhos a cerca de 5% depois do resultado eleitoral confirmado.<\/p>\n\n\n\t<div data-element=\"shortcode-read-more\" class=\"knowMore\">\n\t\t\t\t<span class=\"knowMore__title\">Leia mais<\/span>\n\t\t\t\t<a class=\"knowMore__link\" href=\"https:\/\/www.suno.com.br\/noticias\/proposta-javier-milei-dolarizacao-argentina-jvj\/\">\n\t\t\tProposta de Javier Milei para dolariza\u00e7\u00e3o da Argentina: como foi em outros pa\u00edses?\t\t<\/a>\n\t<\/div>\n\n\n\n\n<h2 class=\"wp-block-heading\">Javier Milei vence elei\u00e7\u00e3o na Argentina e fala em &#8220;mudan\u00e7as dr\u00e1sticas contra crise monumental&#8221;<\/h2>\n\n\n\n<p>O economista <strong>Javier Milei <\/strong>(La Libertad Avanza) foi eleito presidente da Argentina neste domingo (19). O candidato da oposi\u00e7\u00e3o derrotou o governista Sergio Massa (Uni\u00f3n por la Patria) no segundo turno das elei\u00e7\u00f5es argentinas. Com 98,21% das urnas apuradas, Milei tinha 55,75% dos votos, contra 44,24% do atual ministro da Economia, Massa. O resultado surpreende porque as pesquisas indicavam um cen\u00e1rio imprevis\u00edvel e acirrado.<\/p>\n\n\n\n<p>Ao discursar j\u00e1 como <strong>presidente eleito da Argentina<\/strong>, por volta das 22h (hor\u00e1rio de Bras\u00edlia), Milei disse que &#8220;o modelo de decad\u00eancia chegou ao fim, n\u00e3o h\u00e1 como voltar atr\u00e1s, e que hoje come\u00e7a a reconstru\u00e7\u00e3o da Argentina&#8221;.<\/p>\n\n\n\n<p>\u201cN\u00e3o viemos para inventar nada, viemos para fazer as coisas que a hist\u00f3ria tem mostrado que funcionam\u201d, assinalou o presidente eleito, evitando pol\u00eamicas, num discurso considerado pelos jornais argentinos como em &#8220;tom moderado&#8221;. <\/p>\n\n\n\n<p>O La Nacion destacou estes pontos do discurso de Milei ap\u00f3s a<strong> vit\u00f3ria nas elei\u00e7\u00f5es na Argentina<\/strong>: \u201cHoje acaba a ideia de que o Estado \u00e9 um bem a ser distribu\u00eddo entre os pol\u00edticos e seus amigos. Acabou uma forma de fazer pol\u00edtica. Temos um problema monumental pela frente: infla\u00e7\u00e3o, estagna\u00e7\u00e3o, falta de emprego genu\u00edno, inseguran\u00e7a, pobreza e indig\u00eancia, problemas que s\u00f3 ter\u00e3o solu\u00e7\u00e3o se abra\u00e7armos mais uma vez as ideias de liberdade, com mudan\u00e7as dr\u00e1sticas. A Argentina voltar\u00e1 a ser uma pot\u00eancia mundial.\u201d<\/p>\n\n\n\n<p><strong>Sergio Massa<\/strong>, o ministro da Fazenda do presidente Alberto Fern\u00e1ndez, reconheceu a derrota em discurso feito \u00e0s 20h20 a apoiadores. Disse que ligou para Milei para parabeniz\u00e1-lo pela vit\u00f3ria.<\/p>\n\n\n\n<p>\u201cObviamente os resultados n\u00e3o s\u00e3o os que esper\u00e1vamos. Entrei em contato com Milei para parabeniz\u00e1-lo e desejar-lhe boa sorte, porque ele \u00e9 o presidente que a maioria dos argentinos elegeu para os pr\u00f3ximos quatro anos\u201d, disse ele em seu bunker, de acordo com informa\u00e7\u00f5es do jornal Clar\u00edn. <\/p>\n\n\n\n<p>Javier MIlei tomar\u00e1 posse como<strong> presidente da Argentina<\/strong> em 10 de dezembro e governar\u00e1 o pa\u00eds pelos pr\u00f3ximos quatro anos.<\/p>\n\n\n\n<p>Milei, 52 anos, vai ser o 52\u00ba presidente da Argentina. Candidato da direita radical, ele enfrentar\u00e1, al\u00e9m da mais aguda <a href=\"https:\/\/www.suno.com.br\/artigos\/crise-economica-oportunidade-ou-ameaca\/\">crise econ\u00f4mica<\/a> em tr\u00eas d\u00e9cadas, uma infla\u00e7\u00e3o de tr\u00eas d\u00edgitos (de quase 140% ao ano), dois quintos da popula\u00e7\u00e3o na pobreza e a maci\u00e7a desvaloriza\u00e7\u00e3o cambial.<\/p>\n\n\n\n<p>Embora tenha se aliado e recebido apoio de pol\u00edticos da direita tradicional no segundo turno, como o ex-presidente Mauricio Macri e a candidata derrotada Patricia Bullrich, o candidato vencedor atraiu o voto sobretudo dos mais jovens ao se posicionar contra aos pol\u00edticos tradicionais, que chama de \u201ca casta\u201d.<\/p>\n\n\n\n<p>Ao votar no in\u00edcio da tarde, Milei disse que \u201ctudo o que tinha de ser feito j\u00e1 foi feito\u201d e a hora de as pessoas falarem tinha chegado, \u201capesar da campanha do medo\u201d. O candidato da coaliz\u00e3o La Libertad Avanza disse que o momento era de esperan\u00e7a, para impedir o que chamou de \u201ccontinuidade da decad\u00eancia\u201d.<\/p>\n\n\n\n<p>O jornal Clar\u00edn estampou em sua manchete a diferen\u00e7a de 12 pontos nesta elei\u00e7\u00e3o do <strong>segundo turno na Argentina<\/strong> do presidente eleito para o candidato Massa: &#8220;Milei ser\u00e1 o presidente com diferen\u00e7a de 12 pontos para Massa&#8221;, O jornal La Nacion tamb\u00e9m destacou a diferen\u00e7a entre os dois <strong>candidatos a presidente da Argentina<\/strong>: &#8220;Vota\u00e7\u00e3o hist\u00f3ria: Milei vence Massa por quase 12 pontos&#8221;<\/p>\n\n\n\t<p>\n\t\t<a href=\"https:\/\/lp.suno.com.br\/ebook-como-analisar-uma-acao\/\" target=\"_blank\" data-element=\"shortcode-suno-banner\" title=\"Banner SUNO, clique e saiba mais\">\n\t\t\t<picture>\n\t\t\t\t<source media=\"(max-width: 500px)\" srcset=\"https:\/\/files.sunoresearch.com.br\/n\/uploads\/2023\/03\/Ebook-Acoes-Mobile.jpg\">\n\t\t\t\t<img class=\"newsContent__article__imgCapa newsContent__article__imgCapa--banner\"\n\t\t\t\t\tsrc=\"https:\/\/files.sunoresearch.com.br\/n\/uploads\/2023\/03\/Ebook-Acoes-Desktop.jpg\"\n\t\t\t\t\tdata-promo-id=\"378302\"\t\t\t\t\t\t\t\t\t\twidth='1420' height='286'\t\t\t\t\talt=\"https:\/\/files.sunoresearch.com.br\/n\/uploads\/2023\/03\/Ebook-Acoes-Desktop.jpg\"\n\t\t\t\t>\n\t\t\t<\/picture>\n\t\t<\/a>\n\t<\/p>\n\n\n\n\n\n<figure class=\"wp-block-image size-large\"><img loading=\"lazy\" decoding=\"async\" width=\"1024\" height=\"585\" src=\"https:\/\/files.sunoresearch.com.br\/n\/uploads\/2023\/11\/clarin-milei-1024x585.jpg\" alt=\"\" class=\"wp-image-487576\" srcset=\"https:\/\/files.sunoresearch.com.br\/n\/uploads\/2023\/11\/clarin-milei-1024x585.jpg 1024w, https:\/\/files.sunoresearch.com.br\/n\/uploads\/2023\/11\/clarin-milei-300x171.jpg 300w, https:\/\/files.sunoresearch.com.br\/n\/uploads\/2023\/11\/clarin-milei-768x439.jpg 768w, https:\/\/files.sunoresearch.com.br\/n\/uploads\/2023\/11\/clarin-milei-150x86.jpg 150w, https:\/\/files.sunoresearch.com.br\/n\/uploads\/2023\/11\/clarin-milei.jpg 1449w\" sizes=\"(max-width: 1024px) 100vw, 1024px\" \/><\/figure>\n\n\n\n<figure class=\"wp-block-image size-large\"><img loading=\"lazy\" decoding=\"async\" width=\"1024\" height=\"613\" src=\"https:\/\/files.sunoresearch.com.br\/n\/uploads\/2023\/11\/milei-la-nacion-1024x613.jpg\" alt=\"\" class=\"wp-image-487574\" srcset=\"https:\/\/files.sunoresearch.com.br\/n\/uploads\/2023\/11\/milei-la-nacion-1024x613.jpg 1024w, https:\/\/files.sunoresearch.com.br\/n\/uploads\/2023\/11\/milei-la-nacion-300x180.jpg 300w, https:\/\/files.sunoresearch.com.br\/n\/uploads\/2023\/11\/milei-la-nacion-768x460.jpg 768w, https:\/\/files.sunoresearch.com.br\/n\/uploads\/2023\/11\/milei-la-nacion-150x90.jpg 150w, https:\/\/files.sunoresearch.com.br\/n\/uploads\/2023\/11\/milei-la-nacion.jpg 1381w\" sizes=\"(max-width: 1024px) 100vw, 1024px\" \/><\/figure>\n\n\n\n<p>Milei teve no segundo turno, com 95% das urnas apuradas, 13,95 milh\u00f5es de votos (mais de 6 milh\u00f5es do que obteve no primeiro turno das elei\u00e7\u00f5es), enquanto Massa conquistou 11 milh\u00f5es, 1,4 milh\u00e3o a mais de votos que conseguiu na primeiro etapa do pleito presidencial.<\/p>\n\n\n\n<p>O presidente Lula, que n\u00e3o manifestou oficialmente apoio a Milei, mas se alinha politicamente a Massa, candidato de centro-esquerda, postou no X, ex-Twitter, sem citar o nome do candidato eleito: <\/p>\n\n\n\n<figure class=\"wp-block-embed is-type-rich is-provider-twitter wp-block-embed-twitter\"><div class=\"wp-block-embed__wrapper\">\n<blockquote class=\"twitter-tweet\" data-width=\"550\" data-dnt=\"true\"><p lang=\"pt\" dir=\"ltr\">A democracia \u00e9 a voz do povo, e ela deve ser sempre respeitada. Meus parab\u00e9ns \u00e0s institui\u00e7\u00f5es argentinas pela condu\u00e7\u00e3o do processo eleitoral e ao povo argentino que participou da jornada eleitoral de forma ordeira e pac\u00edfica.<br> <br>Desejo boa sorte e \u00eaxito ao novo governo. A\u2026<\/p>&mdash; Lula (@LulaOficial) <a href=\"https:\/\/twitter.com\/LulaOficial\/status\/1726385039854703055?ref_src=twsrc%5Etfw\">November 19, 2023<\/a><\/blockquote>\n<\/div><\/figure>\n\n\n\n<p>Durante a campanha, Milei chegou a dizer, em com\u00edcios, que romperia rela\u00e7\u00f5es diplom\u00e1ticas com o Brasil, seu segundo maior parceiro comercial. Afirmou tamb\u00e9m que interromperia as exporta\u00e7\u00f5es e importa\u00e7\u00f5es com a China, por motivos ideol\u00f3gicos. Milei falou ainda que, se eleito, a <strong>Argentina<\/strong> deixaria o Mercosul. Mas na reta final da corrida eleitoral, em debates e entrevistas, amenizou o discurso, dizendo que a <a href=\"https:\/\/www.suno.com.br\/artigos\/iniciativa-privada\/\">iniciativa privada<\/a> estaria livre para comercializar com Brasil e China.   <\/p>\n\n\n\n<p><em>Com Estad\u00e3o Conte\u00fado<\/em><\/p>\n\n\n\t<p>\n\t\t<a href=\"https:\/\/lp.suno.com.br\/planilha-da-vida-financeira\/\" target=\"_blank\" data-element=\"shortcode-suno-banner\" title=\"Banner SUNO, clique e saiba mais\">\n\t\t\t<picture>\n\t\t\t\t<source media=\"(max-width: 500px)\" srcset=\"https:\/\/files.sunoresearch.com.br\/n\/uploads\/2023\/04\/400x300-Planilha-vida-financeira-true.png\">\n\t\t\t\t<img class=\"newsContent__article__imgCapa newsContent__article__imgCapa--banner\"\n\t\t\t\t\tsrc=\"https:\/\/files.sunoresearch.com.br\/n\/uploads\/2023\/04\/1420x240-Planilha-vida-financeira-true.png\"\n\t\t\t\t\tdata-promo-id=\"383123\"\t\t\t\t\t\t\t\t\t\twidth='1420' height='240'\t\t\t\t\talt=\"https:\/\/files.sunoresearch.com.br\/n\/uploads\/2023\/04\/1420x240-Planilha-vida-financeira-true.png\"\n\t\t\t\t>\n\t\t\t<\/picture>\n\t\t<\/a>\n\t<\/p>\n\n\n","protected":false},"excerpt":{"rendered":"<p>V\u00e1rios analistas citados pela imprensa da Argentina previam uma reacomoda\u00e7\u00e3o nos mercados locais, ap\u00f3s a vit\u00f3ria do ultraliberal Javier Milei no segundo turno presidencial neste domingo (19), em ambiente de muitas incertezas. Argentina. Foto: Unsplash. O impacto entre investidores, por\u00e9m, deve ficar mais claro na ter\u00e7a-feira (21), pois nesta segunda (20), \u00e9 feriado do Dia [&hellip;]<\/p>\n","protected":false},"author":43,"featured_media":487640,"comment_status":"closed","ping_status":"closed","sticky":false,"template":"","format":"standard","meta":[],"categories":[63],"tags":[699],"suno_strategy":[],"class_list":["post-487621","post","type-post","status-publish","format-standard","has-post-thumbnail","hentry","category-internacional","tag-argentina"],"yoast_head":"<!-- This site is optimized with the Yoast SEO plugin v24.4 - https:\/\/yoast.com\/wordpress\/plugins\/seo\/ -->\n<title>Argentina tem feriado hoje; veja expectativa de analistas locais p\u00f3s elei\u00e7\u00e3o<\/title>\n<meta name=\"description\" content=\"V\u00e1rios analistas citados pela imprensa da Argentina previam uma reacomoda\u00e7\u00e3o nos mercados locais, ap\u00f3s a vit\u00f3ria de Javier Milei.\" \/>\n<meta name=\"robots\" content=\"index, follow, max-snippet:-1, max-image-preview:large, max-video-preview:-1\" \/>\n<link rel=\"canonical\" href=\"https:\/\/www.suno.com.br\/noticias\/argentina-analistas-eleicao-gpj\/\" \/>\n<meta property=\"og:locale\" content=\"pt_BR\" \/>\n<meta property=\"og:type\" content=\"article\" \/>\n<meta property=\"og:title\" content=\"Argentina tem feriado hoje; veja expectativa de analistas locais p\u00f3s elei\u00e7\u00e3o\" \/>\n<meta property=\"og:description\" content=\"V\u00e1rios analistas citados pela imprensa da Argentina previam uma reacomoda\u00e7\u00e3o nos mercados locais, ap\u00f3s a vit\u00f3ria de Javier Milei.\" \/>\n<meta property=\"og:url\" content=\"https:\/\/www.suno.com.br\/noticias\/argentina-analistas-eleicao-gpj\/\" \/>\n<meta property=\"og:site_name\" content=\"Suno Not\u00edcias\" \/>\n<meta property=\"article:publisher\" content=\"https:\/\/facebook.com\/sunoresearch\" \/>\n<meta property=\"article:author\" content=\"https:\/\/www.facebook.com\/sunonoticias\/\" \/>\n<meta property=\"og:image\" content=\"https:\/\/files.sunoresearch.com.br\/n\/uploads\/2023\/11\/gustavo-sanchez-yhhVap-uWvo-unsplash-scaled.jpg\" \/>\n\t<meta property=\"og:image:width\" content=\"2560\" \/>\n\t<meta property=\"og:image:height\" content=\"1707\" \/>\n\t<meta property=\"og:image:type\" content=\"image\/jpeg\" \/>\n<meta name=\"author\" content=\"Reda\u00e7\u00e3o Suno Not\u00edcias\" \/>\n<meta name=\"twitter:card\" content=\"summary_large_image\" \/>\n<meta name=\"twitter:creator\" content=\"@https:\/\/twitter.com\/sunoresearch\" \/>\n<meta name=\"twitter:site\" content=\"@sunoresearch\" \/>\n<meta name=\"twitter:label1\" content=\"Escrito por\" \/>\n\t<meta name=\"twitter:data1\" content=\"Reda\u00e7\u00e3o Suno Not\u00edcias\" \/>\n\t<meta name=\"twitter:label2\" content=\"Est. tempo de leitura\" \/>\n\t<meta name=\"twitter:data2\" content=\"7 minutos\" \/>\n<script type=\"application\/ld+json\" class=\"yoast-schema-graph\">{\"@context\":\"https:\/\/schema.org\",\"@graph\":[{\"@type\":\"NewsArticle\",\"@id\":\"https:\/\/www.suno.com.br\/noticias\/argentina-analistas-eleicao-gpj\/#article\",\"isPartOf\":{\"@id\":\"https:\/\/www.suno.com.br\/noticias\/argentina-analistas-eleicao-gpj\/\"},\"author\":{\"name\":\"Reda\u00e7\u00e3o Suno Not\u00edcias\",\"@id\":\"https:\/\/www.suno.com.br\/noticias\/#\/schema\/person\/c1b1bd3727fa852bd045e9dbff3673ea\"},\"headline\":\"Argentina tem feriado hoje; veja expectativa de analistas locais ap\u00f3s elei\u00e7\u00e3o\",\"datePublished\":\"2023-11-20T11:04:55+00:00\",\"dateModified\":\"2023-11-20T11:07:32+00:00\",\"mainEntityOfPage\":{\"@id\":\"https:\/\/www.suno.com.br\/noticias\/argentina-analistas-eleicao-gpj\/\"},\"wordCount\":1238,\"publisher\":{\"@id\":\"https:\/\/www.suno.com.br\/noticias\/#organization\"},\"image\":{\"@id\":\"https:\/\/www.suno.com.br\/noticias\/argentina-analistas-eleicao-gpj\/#primaryimage\"},\"thumbnailUrl\":\"https:\/\/files.sunoresearch.com.br\/n\/uploads\/2023\/11\/gustavo-sanchez-yhhVap-uWvo-unsplash-scaled.jpg\",\"keywords\":[\"Argentina\"],\"articleSection\":[\"Internacional\"],\"inLanguage\":\"pt-BR\"},{\"@type\":\"WebPage\",\"@id\":\"https:\/\/www.suno.com.br\/noticias\/argentina-analistas-eleicao-gpj\/\",\"url\":\"https:\/\/www.suno.com.br\/noticias\/argentina-analistas-eleicao-gpj\/\",\"name\":\"Argentina tem feriado hoje; veja expectativa de analistas locais p\u00f3s elei\u00e7\u00e3o\",\"isPartOf\":{\"@id\":\"https:\/\/www.suno.com.br\/noticias\/#website\"},\"primaryImageOfPage\":{\"@id\":\"https:\/\/www.suno.com.br\/noticias\/argentina-analistas-eleicao-gpj\/#primaryimage\"},\"image\":{\"@id\":\"https:\/\/www.suno.com.br\/noticias\/argentina-analistas-eleicao-gpj\/#primaryimage\"},\"thumbnailUrl\":\"https:\/\/files.sunoresearch.com.br\/n\/uploads\/2023\/11\/gustavo-sanchez-yhhVap-uWvo-unsplash-scaled.jpg\",\"datePublished\":\"2023-11-20T11:04:55+00:00\",\"dateModified\":\"2023-11-20T11:07:32+00:00\",\"description\":\"V\u00e1rios analistas citados pela imprensa da Argentina previam uma reacomoda\u00e7\u00e3o nos mercados locais, ap\u00f3s a vit\u00f3ria de Javier Milei.\",\"breadcrumb\":{\"@id\":\"https:\/\/www.suno.com.br\/noticias\/argentina-analistas-eleicao-gpj\/#breadcrumb\"},\"inLanguage\":\"pt-BR\",\"potentialAction\":[{\"@type\":\"ReadAction\",\"target\":[\"https:\/\/www.suno.com.br\/noticias\/argentina-analistas-eleicao-gpj\/\"]}]},{\"@type\":\"ImageObject\",\"inLanguage\":\"pt-BR\",\"@id\":\"https:\/\/www.suno.com.br\/noticias\/argentina-analistas-eleicao-gpj\/#primaryimage\",\"url\":\"https:\/\/files.sunoresearch.com.br\/n\/uploads\/2023\/11\/gustavo-sanchez-yhhVap-uWvo-unsplash-scaled.jpg\",\"contentUrl\":\"https:\/\/files.sunoresearch.com.br\/n\/uploads\/2023\/11\/gustavo-sanchez-yhhVap-uWvo-unsplash-scaled.jpg\",\"width\":2560,\"height\":1707,\"caption\":\"Argentina. Foto: Unsplash.\"},{\"@type\":\"BreadcrumbList\",\"@id\":\"https:\/\/www.suno.com.br\/noticias\/argentina-analistas-eleicao-gpj\/#breadcrumb\",\"itemListElement\":[{\"@type\":\"ListItem\",\"position\":1,\"name\":\"Not\u00edcias\",\"item\":\"https:\/\/www.suno.com.br\/noticias\/\"},{\"@type\":\"ListItem\",\"position\":2,\"name\":\"Internacional\",\"item\":\"https:\/\/www.suno.com.br\/noticias\/internacional\/\"},{\"@type\":\"ListItem\",\"position\":3,\"name\":\"Argentina tem feriado hoje; veja expectativa de analistas locais ap\u00f3s elei\u00e7\u00e3o\"}]},{\"@type\":\"WebSite\",\"@id\":\"https:\/\/www.suno.com.br\/noticias\/#website\",\"url\":\"https:\/\/www.suno.com.br\/noticias\/\",\"name\":\"Suno Not\u00edcias\",\"description\":\"Seu portal de informa\u00e7\u00e3o sobre o mundo dos investimentos\",\"publisher\":{\"@id\":\"https:\/\/www.suno.com.br\/noticias\/#organization\"},\"potentialAction\":[{\"@type\":\"SearchAction\",\"target\":{\"@type\":\"EntryPoint\",\"urlTemplate\":\"https:\/\/www.suno.com.br\/noticias\/?s={search_term_string}\"},\"query-input\":{\"@type\":\"PropertyValueSpecification\",\"valueRequired\":true,\"valueName\":\"search_term_string\"}}],\"inLanguage\":\"pt-BR\"},{\"@type\":\"Organization\",\"@id\":\"https:\/\/www.suno.com.br\/noticias\/#organization\",\"name\":\"Suno Not\u00edcias\",\"url\":\"https:\/\/www.suno.com.br\/noticias\/\",\"logo\":{\"@type\":\"ImageObject\",\"inLanguage\":\"pt-BR\",\"@id\":\"https:\/\/www.suno.com.br\/noticias\/#\/schema\/logo\/image\/\",\"url\":\"https:\/\/files.sunoresearch.com.br\/n\/uploads\/2021\/09\/suno-logo.png\",\"contentUrl\":\"https:\/\/files.sunoresearch.com.br\/n\/uploads\/2021\/09\/suno-logo.png\",\"width\":180,\"height\":180,\"caption\":\"Suno Not\u00edcias\"},\"image\":{\"@id\":\"https:\/\/www.suno.com.br\/noticias\/#\/schema\/logo\/image\/\"},\"sameAs\":[\"https:\/\/facebook.com\/sunoresearch\",\"https:\/\/x.com\/sunoresearch\",\"https:\/\/www.instagram.com\/suno\",\"https:\/\/www.linkedin.com\/company\/suno-research\/\",\"https:\/\/www.youtube.com\/c\/sunoresearch\"]},{\"@type\":\"Person\",\"@id\":\"https:\/\/www.suno.com.br\/noticias\/#\/schema\/person\/c1b1bd3727fa852bd045e9dbff3673ea\",\"name\":\"Reda\u00e7\u00e3o Suno Not\u00edcias\",\"image\":{\"@type\":\"ImageObject\",\"inLanguage\":\"pt-BR\",\"@id\":\"https:\/\/www.suno.com.br\/noticias\/#\/schema\/person\/image\/\",\"url\":\"https:\/\/secure.gravatar.com\/avatar\/b8104b9b5a71985d5238ee59fbe418af?s=96&r=g\",\"contentUrl\":\"https:\/\/secure.gravatar.com\/avatar\/b8104b9b5a71985d5238ee59fbe418af?s=96&r=g\",\"caption\":\"Reda\u00e7\u00e3o Suno Not\u00edcias\"},\"description\":\"O Suno Not\u00edcias \u00e9 um portal de informa\u00e7\u00f5es sobre Mercado Financeiro, Pol\u00edtica, Neg\u00f3cios, Economia e Finan\u00e7as Pessoais.\",\"sameAs\":[\"https:\/\/www.suno.com.br\/noticias\",\"https:\/\/www.facebook.com\/sunonoticias\/\",\"https:\/\/www.instagram.com\/sunonoticias\/\",\"https:\/\/x.com\/https:\/\/twitter.com\/sunoresearch\",\"https:\/\/www.youtube.com\/sunonoticias\"],\"url\":\"https:\/\/www.suno.com.br\/noticias\/author\/redacao-suno\/\"}]}<\/script>\n<!-- \/ Yoast SEO plugin. -->","yoast_head_json":{"title":"Argentina tem feriado hoje; veja expectativa de analistas locais p\u00f3s elei\u00e7\u00e3o","description":"V\u00e1rios analistas citados pela imprensa da Argentina previam uma reacomoda\u00e7\u00e3o nos mercados locais, ap\u00f3s a vit\u00f3ria de Javier Milei.","robots":{"index":"index","follow":"follow","max-snippet":"max-snippet:-1","max-image-preview":"max-image-preview:large","max-video-preview":"max-video-preview:-1"},"canonical":"https:\/\/www.suno.com.br\/noticias\/argentina-analistas-eleicao-gpj\/","og_locale":"pt_BR","og_type":"article","og_title":"Argentina tem feriado hoje; veja expectativa de analistas locais p\u00f3s elei\u00e7\u00e3o","og_description":"V\u00e1rios analistas citados pela imprensa da Argentina previam uma reacomoda\u00e7\u00e3o nos mercados locais, ap\u00f3s a vit\u00f3ria de Javier Milei.","og_url":"https:\/\/www.suno.com.br\/noticias\/argentina-analistas-eleicao-gpj\/","og_site_name":"Suno Not\u00edcias","article_publisher":"https:\/\/facebook.com\/sunoresearch","article_author":"https:\/\/www.facebook.com\/sunonoticias\/","og_image":[{"width":2560,"height":1707,"url":"https:\/\/files.sunoresearch.com.br\/n\/uploads\/2023\/11\/gustavo-sanchez-yhhVap-uWvo-unsplash-scaled.jpg","type":"image\/jpeg"}],"author":"Reda\u00e7\u00e3o Suno Not\u00edcias","twitter_card":"summary_large_image","twitter_creator":"@https:\/\/twitter.com\/sunoresearch","twitter_site":"@sunoresearch","twitter_misc":{"Escrito por":"Reda\u00e7\u00e3o Suno Not\u00edcias","Est. tempo de leitura":"7 minutos"},"schema":{"@context":"https:\/\/schema.org","@graph":[{"@type":"NewsArticle","@id":"https:\/\/www.suno.com.br\/noticias\/argentina-analistas-eleicao-gpj\/#article","isPartOf":{"@id":"https:\/\/www.suno.com.br\/noticias\/argentina-analistas-eleicao-gpj\/"},"author":{"name":"Reda\u00e7\u00e3o Suno Not\u00edcias","@id":"https:\/\/www.suno.com.br\/noticias\/#\/schema\/person\/c1b1bd3727fa852bd045e9dbff3673ea"},"headline":"Argentina tem feriado hoje; veja expectativa de analistas locais ap\u00f3s elei\u00e7\u00e3o","datePublished":"2023-11-20T11:04:55+00:00","dateModified":"2023-11-20T11:07:32+00:00","mainEntityOfPage":{"@id":"https:\/\/www.suno.com.br\/noticias\/argentina-analistas-eleicao-gpj\/"},"wordCount":1238,"publisher":{"@id":"https:\/\/www.suno.com.br\/noticias\/#organization"},"image":{"@id":"https:\/\/www.suno.com.br\/noticias\/argentina-analistas-eleicao-gpj\/#primaryimage"},"thumbnailUrl":"https:\/\/files.sunoresearch.com.br\/n\/uploads\/2023\/11\/gustavo-sanchez-yhhVap-uWvo-unsplash-scaled.jpg","keywords":["Argentina"],"articleSection":["Internacional"],"inLanguage":"pt-BR"},{"@type":"WebPage","@id":"https:\/\/www.suno.com.br\/noticias\/argentina-analistas-eleicao-gpj\/","url":"https:\/\/www.suno.com.br\/noticias\/argentina-analistas-eleicao-gpj\/","name":"Argentina tem feriado hoje; veja expectativa de analistas locais p\u00f3s elei\u00e7\u00e3o","isPartOf":{"@id":"https:\/\/www.suno.com.br\/noticias\/#website"},"primaryImageOfPage":{"@id":"https:\/\/www.suno.com.br\/noticias\/argentina-analistas-eleicao-gpj\/#primaryimage"},"image":{"@id":"https:\/\/www.suno.com.br\/noticias\/argentina-analistas-eleicao-gpj\/#primaryimage"},"thumbnailUrl":"https:\/\/files.sunoresearch.com.br\/n\/uploads\/2023\/11\/gustavo-sanchez-yhhVap-uWvo-unsplash-scaled.jpg","datePublished":"2023-11-20T11:04:55+00:00","dateModified":"2023-11-20T11:07:32+00:00","description":"V\u00e1rios analistas citados pela imprensa da Argentina previam uma reacomoda\u00e7\u00e3o nos mercados locais, ap\u00f3s a vit\u00f3ria de Javier Milei.","breadcrumb":{"@id":"https:\/\/www.suno.com.br\/noticias\/argentina-analistas-eleicao-gpj\/#breadcrumb"},"inLanguage":"pt-BR","potentialAction":[{"@type":"ReadAction","target":["https:\/\/www.suno.com.br\/noticias\/argentina-analistas-eleicao-gpj\/"]}]},{"@type":"ImageObject","inLanguage":"pt-BR","@id":"https:\/\/www.suno.com.br\/noticias\/argentina-analistas-eleicao-gpj\/#primaryimage","url":"https:\/\/files.sunoresearch.com.br\/n\/uploads\/2023\/11\/gustavo-sanchez-yhhVap-uWvo-unsplash-scaled.jpg","contentUrl":"https:\/\/files.sunoresearch.com.br\/n\/uploads\/2023\/11\/gustavo-sanchez-yhhVap-uWvo-unsplash-scaled.jpg","width":2560,"height":1707,"caption":"Argentina. Foto: Unsplash."},{"@type":"BreadcrumbList","@id":"https:\/\/www.suno.com.br\/noticias\/argentina-analistas-eleicao-gpj\/#breadcrumb","itemListElement":[{"@type":"ListItem","position":1,"name":"Not\u00edcias","item":"https:\/\/www.suno.com.br\/noticias\/"},{"@type":"ListItem","position":2,"name":"Internacional","item":"https:\/\/www.suno.com.br\/noticias\/internacional\/"},{"@type":"ListItem","position":3,"name":"Argentina tem feriado hoje; veja expectativa de analistas locais ap\u00f3s elei\u00e7\u00e3o"}]},{"@type":"WebSite","@id":"https:\/\/www.suno.com.br\/noticias\/#website","url":"https:\/\/www.suno.com.br\/noticias\/","name":"Suno Not\u00edcias","description":"Seu portal de informa\u00e7\u00e3o sobre o mundo dos investimentos","publisher":{"@id":"https:\/\/www.suno.com.br\/noticias\/#organization"},"potentialAction":[{"@type":"SearchAction","target":{"@type":"EntryPoint","urlTemplate":"https:\/\/www.suno.com.br\/noticias\/?s={search_term_string}"},"query-input":{"@type":"PropertyValueSpecification","valueRequired":true,"valueName":"search_term_string"}}],"inLanguage":"pt-BR"},{"@type":"Organization","@id":"https:\/\/www.suno.com.br\/noticias\/#organization","name":"Suno Not\u00edcias","url":"https:\/\/www.suno.com.br\/noticias\/","logo":{"@type":"ImageObject","inLanguage":"pt-BR","@id":"https:\/\/www.suno.com.br\/noticias\/#\/schema\/logo\/image\/","url":"https:\/\/files.sunoresearch.com.br\/n\/uploads\/2021\/09\/suno-logo.png","contentUrl":"https:\/\/files.sunoresearch.com.br\/n\/uploads\/2021\/09\/suno-logo.png","width":180,"height":180,"caption":"Suno Not\u00edcias"},"image":{"@id":"https:\/\/www.suno.com.br\/noticias\/#\/schema\/logo\/image\/"},"sameAs":["https:\/\/facebook.com\/sunoresearch","https:\/\/x.com\/sunoresearch","https:\/\/www.instagram.com\/suno","https:\/\/www.linkedin.com\/company\/suno-research\/","https:\/\/www.youtube.com\/c\/sunoresearch"]},{"@type":"Person","@id":"https:\/\/www.suno.com.br\/noticias\/#\/schema\/person\/c1b1bd3727fa852bd045e9dbff3673ea","name":"Reda\u00e7\u00e3o Suno Not\u00edcias","image":{"@type":"ImageObject","inLanguage":"pt-BR","@id":"https:\/\/www.suno.com.br\/noticias\/#\/schema\/person\/image\/","url":"https:\/\/secure.gravatar.com\/avatar\/b8104b9b5a71985d5238ee59fbe418af?s=96&r=g","contentUrl":"https:\/\/secure.gravatar.com\/avatar\/b8104b9b5a71985d5238ee59fbe418af?s=96&r=g","caption":"Reda\u00e7\u00e3o Suno Not\u00edcias"},"description":"O Suno Not\u00edcias \u00e9 um portal de informa\u00e7\u00f5es sobre Mercado Financeiro, Pol\u00edtica, Neg\u00f3cios, Economia e Finan\u00e7as Pessoais.","sameAs":["https:\/\/www.suno.com.br\/noticias","https:\/\/www.facebook.com\/sunonoticias\/","https:\/\/www.instagram.com\/sunonoticias\/","https:\/\/x.com\/https:\/\/twitter.com\/sunoresearch","https:\/\/www.youtube.com\/sunonoticias"],"url":"https:\/\/www.suno.com.br\/noticias\/author\/redacao-suno\/"}]}},"default_loop_html":"<div class=\"cardsPage__listCard__boxs\"><div class=\"cardsPage__listCard__boxs__img\"><a href=\"https:\/\/www.suno.com.br\/noticias\/argentina-analistas-eleicao-gpj\/\"><img class=\"mask\" src=\"https:\/\/www.suno.com.br\/noticias\/wp-content\/themes\/suno\/resources\/images\/spotlight\/spotlight1img\/bg-mask.png\" alt=\"Image Mask\"\/><img src=\"https:\/\/files.sunoresearch.com.br\/n\/uploads\/2023\/11\/gustavo-sanchez-yhhVap-uWvo-unsplash-400x200.jpg\" alt=\"Argentina tem feriado hoje; veja expectativa de analistas locais ap\u00f3s elei\u00e7\u00e3o\"\/><\/a><span class=\"spotlightCategory\"><a href=\"https:\/\/www.suno.com.br\/noticias\/internacional\/\">Internacional<\/a><\/span><\/div><div class=\"cardsPage__listCard__boxs__content\"><a href=\"https:\/\/www.suno.com.br\/noticias\/argentina-analistas-eleicao-gpj\/\"><h2 class=\"content__title\">Argentina tem feriado hoje; veja expectativa de analistas locais ap\u00f3s elei\u00e7\u00e3o<\/h2><\/a><div class=\"newsContent__article__meta\"><div class=\"newsContent__article__meta__authorBox\"><a href=\"https:\/\/www.suno.com.br\/noticias\/author\/redacao-suno\/\" class=\"authorBox__avatar noMobi\"><img src=\"https:\/\/files.sunoresearch.com.br\/n\/uploads\/2020\/08\/0ace682d-redacao-1-150x150.webp\" alt=\"Reda\u00e7\u00e3o Suno Not\u00edcias\"><\/a><div class=\"authorBox__name\"><span>por\n\t\t\t<a href=\"https:\/\/www.suno.com.br\/noticias\/author\/redacao-suno\/\"><span itemprop=\"author\">Reda\u00e7\u00e3o Suno Not\u00edcias<\/span><\/a><\/span><time datetime=\"2023-11-20T08:04:55-03:00\" itemprop=\"datePublished\">20\/11\/2023 08:04<\/time><\/div><\/div><\/div><\/div><\/div>","single_layout":"posts","amp_enabled":true,"_links":{"self":[{"href":"https:\/\/www.suno.com.br\/noticias\/wp-json\/wp\/v2\/posts\/487621"}],"collection":[{"href":"https:\/\/www.suno.com.br\/noticias\/wp-json\/wp\/v2\/posts"}],"about":[{"href":"https:\/\/www.suno.com.br\/noticias\/wp-json\/wp\/v2\/types\/post"}],"author":[{"embeddable":true,"href":"https:\/\/www.suno.com.br\/noticias\/wp-json\/wp\/v2\/users\/43"}],"replies":[{"embeddable":true,"href":"https:\/\/www.suno.com.br\/noticias\/wp-json\/wp\/v2\/comments?post=487621"}],"version-history":[{"count":3,"href":"https:\/\/www.suno.com.br\/noticias\/wp-json\/wp\/v2\/posts\/487621\/revisions"}],"predecessor-version":[{"id":487651,"href":"https:\/\/www.suno.com.br\/noticias\/wp-json\/wp\/v2\/posts\/487621\/revisions\/487651"}],"wp:featuredmedia":[{"embeddable":true,"href":"https:\/\/www.suno.com.br\/noticias\/wp-json\/wp\/v2\/media\/487640"}],"wp:attachment":[{"href":"https:\/\/www.suno.com.br\/noticias\/wp-json\/wp\/v2\/media?parent=487621"}],"wp:term":[{"taxonomy":"category","embeddable":true,"href":"https:\/\/www.suno.com.br\/noticias\/wp-json\/wp\/v2\/categories?post=487621"},{"taxonomy":"post_tag","embeddable":true,"href":"https:\/\/www.suno.com.br\/noticias\/wp-json\/wp\/v2\/tags?post=487621"},{"taxonomy":"suno_strategy","embeddable":true,"href":"https:\/\/www.suno.com.br\/noticias\/wp-json\/wp\/v2\/suno_strategy?post=487621"}],"curies":[{"name":"wp","href":"https:\/\/api.w.org\/{rel}","templated":true}]}}