{"id":487399,"date":"2023-11-18T11:50:19","date_gmt":"2023-11-18T14:50:19","guid":{"rendered":"https:\/\/www.suno.com.br\/noticias\/?p=487399"},"modified":"2023-11-18T11:50:33","modified_gmt":"2023-11-18T14:50:33","slug":"comercio-recorde-vendas-black-friday-jvj","status":"publish","type":"post","link":"https:\/\/www.suno.com.br\/noticias\/comercio-recorde-vendas-black-friday-jvj\/","title":{"rendered":"Com\u00e9rcio ter\u00e1 recorde de vendas na Black Friday? Veja qual \u00e9 a expectativa"},"content":{"rendered":"<p>O <strong>com\u00e9rcio<\/strong> brasileiro est\u00e1 otimista em rela\u00e7\u00e3o \u00e0s vendas da Black Friday, na pr\u00f3xima sexta-feira (24). A estimativa da Confedera\u00e7\u00e3o Nacional do Com\u00e9rcio de Bens, Servi\u00e7os e Turismo (CNC) \u00e9 de um faturamento de R$ 4,64 bilh\u00f5es, o que significa 4,3% a mais que em 2022. Se a previs\u00e3o de concretizar, ser\u00e1 o maior volume de vendas para a data, trazida para o Brasil em 2010.&nbsp;<img decoding=\"async\" style=\"width: 1px; height: 1px;\" src=\"https:\/\/agenciabrasil.ebc.com.br\/ebc.png?id=1567142&amp;o=rss\"><img decoding=\"async\" style=\"width: 1px; height: 1px;\" src=\"https:\/\/agenciabrasil.ebc.com.br\/ebc.gif?id=1567142&amp;o=rss\"><\/p>\t<div class=\"wrapper-featured-image\">\n\t\t<figure class=\"spotlightImg\">\n\n\t\t\t<picture>\n\t\t\t\t<source media=\"(max-width: 768px)\" srcset=\"https:\/\/files.sunoresearch.com.br\/n\/uploads\/2021\/06\/8061b70b-reabertura_do_comercio_em_sao_paulo_fase_de_transicao_rvrsa_abr_190420212796_0-400x200.jpg\">\n\t\t\t\t<img loading=\"lazy\" decoding=\"async\" class=\"newsContent__article__imgCapa lazyloadDisabled \" src=\"https:\/\/files.sunoresearch.com.br\/n\/uploads\/2021\/06\/8061b70b-reabertura_do_comercio_em_sao_paulo_fase_de_transicao_rvrsa_abr_190420212796_0-800x450.jpg\" width=\"800\" height=\"450\" alt=\"Com\u00e9rcio ter\u00e1 recorde de vendas na Black Friday? Veja qual \u00e9 a expectativa\" fetchpriority=high \/>\n\t\t\t<\/picture>\n\n\t\t\t<figcaption class=\"wp-caption-text wp-caption-text--show\">Com\u00e9rcio ter\u00e1 recorde de vendas na Black Friday? Foto: Rovena Rosa\/Ag\u00eancia Brasil<\/figcaption>\n\t\t<\/figure>\n\t<\/div>\n\n\n\n\n\n\t<p>\n\t\t<a href=\"https:\/\/lp2.suno.com.br\/cl\/black-friday-2025\/?utm_campaign=_SNCDF0E4858_\" target=\"_blank\" data-element=\"shortcode-suno-banner\" title=\"Banner SUNO, clique e saiba mais\">\n\t\t\t<picture>\n\t\t\t\t<source media=\"(max-width: 500px)\" srcset=\"https:\/\/files.sunoresearch.com.br\/n\/uploads\/2025\/10\/Artigos-e-Noticias-Banner-Home-artigos-01-Mobile_-400x300-1-png.webp\">\n\t\t\t\t<img class=\"newsContent__article__imgCapa newsContent__article__imgCapa--banner\"\n\t\t\t\t\tsrc=\"https:\/\/files.sunoresearch.com.br\/n\/uploads\/2025\/10\/Artigos-e-Noticias-Banner-Home-artigos-01-Desktop_-1420x240-1-png.webp\"\n\t\t\t\t\tdata-promo-id=\"311259\"\t\t\t\t\t\t\t\t\t\twidth='1420' height='240'\t\t\t\t\talt=\"https:\/\/files.sunoresearch.com.br\/n\/uploads\/2025\/10\/Artigos-e-Noticias-Banner-Home-artigos-01-Desktop_-1420x240-1-png.webp\"\n\t\t\t\t>\n\t\t\t<\/picture>\n\t\t<\/a>\n\t<\/p>\n\n\n\n\n\n<p>Um levantamento da CNC mostra que os segmentos de eletroeletr\u00f4nicos e utilidades dom\u00e9sticas (R$ 1,28 bilh\u00e3o) e de m\u00f3veis e eletrodom\u00e9sticos (R$ 1,05 bilh\u00e3o) dever\u00e3o responder por quase metade (48%) da movimenta\u00e7\u00e3o financeira prevista. Na sequ\u00eancia, se destacam os ramos de hiper e supermercados (R$ 1,02 bilh\u00e3o) e de vestu\u00e1rio, cal\u00e7ados e acess\u00f3rios (R$ 0,73 bilh\u00e3o).&nbsp;<\/p>\n\n\n\n<h2 class=\"wp-block-heading\">Menos infla\u00e7\u00e3o<\/h2>\n\n\n\n<p>A desacelera\u00e7\u00e3o da <strong>infla\u00e7\u00e3o <\/strong>\u00e9 um dos fatores que devem impulsionar as vendas, segundo a CNC. No ano passado, de acordo com a pesquisa, os pre\u00e7os livres da economia acumulavam alta de 9,7%. Este ano, a varia\u00e7\u00e3o \u00e9 de 3%. &nbsp;<\/p>\n\n\n\t<div data-element=\"shortcode-read-more\" class=\"knowMore\">\n\t\t\t\t<span class=\"knowMore__title\">Leia mais<\/span>\n\t\t\t\t<a class=\"knowMore__link\" href=\"https:\/\/www.suno.com.br\/noticias\/lucro-maiores-bancos-brasil-3t23-jvj\/\">\n\t\t\tVeja qual foi o lucro dos 5 maiores bancos do Brasil no 3T23\t\t<\/a>\n\t<\/div>\n\n\n\n\n<p>A valoriza\u00e7\u00e3o de 7,5% do real ante o d\u00f3lar \u00e9 outro fator positivo, pois contribuiu para estrat\u00e9gias mais agressivas de pre\u00e7os por parte dos varejistas. &nbsp;<\/p>\n\n\n\n<p>Os cortes recentes na <a class=\"suno-keyword\" target=\"_blank\" data-force=\"no\" data-priority=\"1\" href=\"https:\/\/www.suno.com.br\/artigos\/taxa-de-juros\/\" rel=\"noopener\">taxa b\u00e1sica de juros<\/a> por parte do <strong>Banco Central<\/strong>, que favorecem o cr\u00e9dito, representam outro motivador para as compras, principalmente de bens dur\u00e1veis &#8211; geladeira, televis\u00e3o e celular. &nbsp;<\/p>\n\n\n\n<p>\u201cO in\u00edcio da flexibiliza\u00e7\u00e3o da <a class=\"suno-keyword\" target=\"_blank\" data-force=\"no\" data-priority=\"1\" href=\"https:\/\/www.suno.com.br\/artigos\/politica-monetaria\/\" rel=\"noopener\">pol\u00edtica monet\u00e1ria<\/a> a partir de agosto tende a distensionar o mercado de cr\u00e9dito em um evento caracterizado por um volume de vendas relativamente maior de bens dur\u00e1veis \u2013 tradicionalmente mais dependentes das condi\u00e7\u00f5es de cr\u00e9dito\u201d, argumenta o economista da CNC, Fabio Bentes, respons\u00e1vel pelo levantamento. &nbsp;<\/p>\n\n\n\n<h2 class=\"wp-block-heading\">Produtos&nbsp;<\/h2>\n\n\n\n<p>A pesquisa indicou quais produtos est\u00e3o sendo mais procurados pelos consumidores na internet nos \u00faltimos 30 dias. Na semana em que o pa\u00eds enfrenta uma onda de calor, n\u00e3o chega a ser surpresa a presen\u00e7a de aparelho de ar condicionado no topo. As buscas cresceram 177%.<\/p>\n\n\n\n<p>Com muita gente procurando, o efeito negativo \u00e9 que os aparelhos t\u00eam ficado mais caros nos \u00faltimos 40 dias, com alta de 2,9%. &nbsp;<\/p>\n\n\n\n<p>Dos 10 itens monitorados pela CNC, apenas o ar-condicionado e o videogame (+7,9%) est\u00e3o apresentando pre\u00e7o maior na data que costuma ser associada a promo\u00e7\u00f5es. Na sequ\u00eancia, os bens mais procurados s\u00e3o televis\u00e3o e fog\u00e3o. Os dois t\u00eam apresentado queda nos pre\u00e7os: -1,5% e -2,7%, respectivamente.&nbsp;<\/p>\n\n\n\n<p>Os produtos com maiores descontos m\u00e9dios s\u00e3o smartwatches (-12,4%), notebooks (-9,2%), fones de ouvido (-6,1%) e caixas de som (-5,6%). &nbsp;<\/p>\n\n\n\n<h2 class=\"wp-block-heading\">Anos de crescimento&nbsp;<\/h2>\n\n\n\n<p>Desde 2017 a <strong>Black Friday<\/strong> tem apresentado crescimento seguido no volume de vendas. Atualmente \u00e9 a quinta data mais favor\u00e1vel para o com\u00e9rcio, atr\u00e1s do Natal, Dia das M\u00e3es, Dia das Crian\u00e7as e Dia dos Pais. <\/p>\n\n\n\n<p>A partir de 2020, o crescimento se mostrou mais intenso, por causa da intensifica\u00e7\u00e3o do <strong>com\u00e9rcio<\/strong> online. Al\u00e9m disso, a facilidade para consulta e a compara\u00e7\u00e3o de pre\u00e7os pela internet explicam o ganho de import\u00e2ncia da Black Friday no calend\u00e1rio nacional, segundo a CNC.&nbsp;<\/p>\n\n\n\n<p>(Com informa\u00e7\u00f5es de Ag\u00eancia Brasil)<\/p>\n\n\n\t<p>\n\t\t<a href=\"https:\/\/lp.suno.com.br\/ebook-como-analisar-uma-acao\/\" target=\"_blank\" data-element=\"shortcode-suno-banner\" title=\"Banner SUNO, clique e saiba mais\">\n\t\t\t<picture>\n\t\t\t\t<source media=\"(max-width: 500px)\" srcset=\"https:\/\/files.sunoresearch.com.br\/n\/uploads\/2023\/12\/Ebook-Acoes-Mobile.jpg\">\n\t\t\t\t<img class=\"newsContent__article__imgCapa newsContent__article__imgCapa--banner\"\n\t\t\t\t\tsrc=\"https:\/\/files.sunoresearch.com.br\/n\/uploads\/2023\/12\/Ebook-Acoes-Desktop.webp\"\n\t\t\t\t\tdata-promo-id=\"311260\"\t\t\t\t\t\t\t\t\t\twidth='1420' height='286'\t\t\t\t\talt=\"https:\/\/files.sunoresearch.com.br\/n\/uploads\/2023\/12\/Ebook-Acoes-Desktop.webp\"\n\t\t\t\t>\n\t\t\t<\/picture>\n\t\t<\/a>\n\t<\/p>\n\n\n","protected":false},"excerpt":{"rendered":"<p>O com\u00e9rcio brasileiro est\u00e1 otimista em rela\u00e7\u00e3o \u00e0s vendas da Black Friday, na pr\u00f3xima sexta-feira (24). A estimativa da Confedera\u00e7\u00e3o Nacional do Com\u00e9rcio de Bens, Servi\u00e7os e Turismo (CNC) \u00e9 de um faturamento de R$ 4,64 bilh\u00f5es, o que significa 4,3% a mais que em 2022. Se a previs\u00e3o de concretizar, ser\u00e1 o maior volume [&hellip;]<\/p>\n","protected":false},"author":173,"featured_media":156477,"comment_status":"closed","ping_status":"closed","sticky":false,"template":"","format":"standard","meta":[],"categories":[62],"tags":[],"suno_strategy":[],"class_list":["post-487399","post","type-post","status-publish","format-standard","has-post-thumbnail","hentry","category-economia"],"yoast_head":"<!-- This site is optimized with the Yoast SEO plugin v24.4 - https:\/\/yoast.com\/wordpress\/plugins\/seo\/ -->\n<title>Com\u00e9rcio ter\u00e1 recorde de vendas na Black Friday? Veja a expectativa<\/title>\n<meta name=\"description\" content=\"O com\u00e9rcio pode registrar recorde de vendas na Black Friday? Veja quais s\u00e3o as expectativas para a Black Friday 2023.\" \/>\n<meta name=\"robots\" content=\"index, follow, max-snippet:-1, max-image-preview:large, max-video-preview:-1\" \/>\n<link rel=\"canonical\" href=\"https:\/\/www.suno.com.br\/noticias\/comercio-recorde-vendas-black-friday-jvj\/\" \/>\n<meta property=\"og:locale\" content=\"pt_BR\" \/>\n<meta property=\"og:type\" content=\"article\" \/>\n<meta property=\"og:title\" content=\"Com\u00e9rcio ter\u00e1 recorde de vendas na Black Friday? Veja a expectativa\" \/>\n<meta property=\"og:description\" content=\"O com\u00e9rcio pode registrar recorde de vendas na Black Friday? Veja quais s\u00e3o as expectativas para a Black Friday 2023.\" \/>\n<meta property=\"og:url\" content=\"https:\/\/www.suno.com.br\/noticias\/comercio-recorde-vendas-black-friday-jvj\/\" \/>\n<meta property=\"og:site_name\" content=\"Suno Not\u00edcias\" \/>\n<meta property=\"article:publisher\" content=\"https:\/\/facebook.com\/sunoresearch\" \/>\n<meta property=\"og:image\" content=\"https:\/\/files.sunoresearch.com.br\/n\/uploads\/2021\/06\/8061b70b-reabertura_do_comercio_em_sao_paulo_fase_de_transicao_rvrsa_abr_190420212796_0-scaled.jpg\" \/>\n\t<meta property=\"og:image:width\" content=\"2560\" \/>\n\t<meta property=\"og:image:height\" content=\"1707\" \/>\n\t<meta property=\"og:image:type\" content=\"image\/jpeg\" \/>\n<meta name=\"author\" content=\"Jo\u00e3o Vitor\" \/>\n<meta name=\"twitter:card\" content=\"summary_large_image\" \/>\n<meta name=\"twitter:creator\" content=\"@sunoresearch\" \/>\n<meta name=\"twitter:site\" content=\"@sunoresearch\" \/>\n<meta name=\"twitter:label1\" content=\"Escrito por\" \/>\n\t<meta name=\"twitter:data1\" content=\"Jo\u00e3o Vitor\" \/>\n\t<meta name=\"twitter:label2\" content=\"Est. tempo de leitura\" \/>\n\t<meta name=\"twitter:data2\" content=\"4 minutos\" \/>\n<script type=\"application\/ld+json\" class=\"yoast-schema-graph\">{\"@context\":\"https:\/\/schema.org\",\"@graph\":[{\"@type\":\"NewsArticle\",\"@id\":\"https:\/\/www.suno.com.br\/noticias\/comercio-recorde-vendas-black-friday-jvj\/#article\",\"isPartOf\":{\"@id\":\"https:\/\/www.suno.com.br\/noticias\/comercio-recorde-vendas-black-friday-jvj\/\"},\"author\":{\"name\":\"Jo\u00e3o Vitor\",\"@id\":\"https:\/\/www.suno.com.br\/noticias\/#\/schema\/person\/87fc6973867c52dd884811905c43afba\"},\"headline\":\"Com\u00e9rcio ter\u00e1 recorde de vendas na Black Friday? Veja qual \u00e9 a expectativa\",\"datePublished\":\"2023-11-18T14:50:19+00:00\",\"dateModified\":\"2023-11-18T14:50:33+00:00\",\"mainEntityOfPage\":{\"@id\":\"https:\/\/www.suno.com.br\/noticias\/comercio-recorde-vendas-black-friday-jvj\/\"},\"wordCount\":572,\"publisher\":{\"@id\":\"https:\/\/www.suno.com.br\/noticias\/#organization\"},\"image\":{\"@id\":\"https:\/\/www.suno.com.br\/noticias\/comercio-recorde-vendas-black-friday-jvj\/#primaryimage\"},\"thumbnailUrl\":\"https:\/\/files.sunoresearch.com.br\/n\/uploads\/2021\/06\/8061b70b-reabertura_do_comercio_em_sao_paulo_fase_de_transicao_rvrsa_abr_190420212796_0-scaled.jpg\",\"articleSection\":[\"Economia\"],\"inLanguage\":\"pt-BR\"},{\"@type\":\"WebPage\",\"@id\":\"https:\/\/www.suno.com.br\/noticias\/comercio-recorde-vendas-black-friday-jvj\/\",\"url\":\"https:\/\/www.suno.com.br\/noticias\/comercio-recorde-vendas-black-friday-jvj\/\",\"name\":\"Com\u00e9rcio ter\u00e1 recorde de vendas na Black Friday? Veja a expectativa\",\"isPartOf\":{\"@id\":\"https:\/\/www.suno.com.br\/noticias\/#website\"},\"primaryImageOfPage\":{\"@id\":\"https:\/\/www.suno.com.br\/noticias\/comercio-recorde-vendas-black-friday-jvj\/#primaryimage\"},\"image\":{\"@id\":\"https:\/\/www.suno.com.br\/noticias\/comercio-recorde-vendas-black-friday-jvj\/#primaryimage\"},\"thumbnailUrl\":\"https:\/\/files.sunoresearch.com.br\/n\/uploads\/2021\/06\/8061b70b-reabertura_do_comercio_em_sao_paulo_fase_de_transicao_rvrsa_abr_190420212796_0-scaled.jpg\",\"datePublished\":\"2023-11-18T14:50:19+00:00\",\"dateModified\":\"2023-11-18T14:50:33+00:00\",\"description\":\"O com\u00e9rcio pode registrar recorde de vendas na Black Friday? Veja quais s\u00e3o as expectativas para a Black Friday 2023.\",\"breadcrumb\":{\"@id\":\"https:\/\/www.suno.com.br\/noticias\/comercio-recorde-vendas-black-friday-jvj\/#breadcrumb\"},\"inLanguage\":\"pt-BR\",\"potentialAction\":[{\"@type\":\"ReadAction\",\"target\":[\"https:\/\/www.suno.com.br\/noticias\/comercio-recorde-vendas-black-friday-jvj\/\"]}]},{\"@type\":\"ImageObject\",\"inLanguage\":\"pt-BR\",\"@id\":\"https:\/\/www.suno.com.br\/noticias\/comercio-recorde-vendas-black-friday-jvj\/#primaryimage\",\"url\":\"https:\/\/files.sunoresearch.com.br\/n\/uploads\/2021\/06\/8061b70b-reabertura_do_comercio_em_sao_paulo_fase_de_transicao_rvrsa_abr_190420212796_0-scaled.jpg\",\"contentUrl\":\"https:\/\/files.sunoresearch.com.br\/n\/uploads\/2021\/06\/8061b70b-reabertura_do_comercio_em_sao_paulo_fase_de_transicao_rvrsa_abr_190420212796_0-scaled.jpg\",\"width\":2560,\"height\":1707,\"caption\":\"Com\u00e9rcio ter\u00e1 recorde de vendas na Black Friday? Foto: Rovena Rosa\/Ag\u00eancia Brasil\"},{\"@type\":\"BreadcrumbList\",\"@id\":\"https:\/\/www.suno.com.br\/noticias\/comercio-recorde-vendas-black-friday-jvj\/#breadcrumb\",\"itemListElement\":[{\"@type\":\"ListItem\",\"position\":1,\"name\":\"Not\u00edcias\",\"item\":\"https:\/\/www.suno.com.br\/noticias\/\"},{\"@type\":\"ListItem\",\"position\":2,\"name\":\"Economia\",\"item\":\"https:\/\/www.suno.com.br\/noticias\/economia\/\"},{\"@type\":\"ListItem\",\"position\":3,\"name\":\"Com\u00e9rcio ter\u00e1 recorde de vendas na Black Friday? Veja qual \u00e9 a expectativa\"}]},{\"@type\":\"WebSite\",\"@id\":\"https:\/\/www.suno.com.br\/noticias\/#website\",\"url\":\"https:\/\/www.suno.com.br\/noticias\/\",\"name\":\"Suno Not\u00edcias\",\"description\":\"Seu portal de informa\u00e7\u00e3o sobre o mundo dos investimentos\",\"publisher\":{\"@id\":\"https:\/\/www.suno.com.br\/noticias\/#organization\"},\"potentialAction\":[{\"@type\":\"SearchAction\",\"target\":{\"@type\":\"EntryPoint\",\"urlTemplate\":\"https:\/\/www.suno.com.br\/noticias\/?s={search_term_string}\"},\"query-input\":{\"@type\":\"PropertyValueSpecification\",\"valueRequired\":true,\"valueName\":\"search_term_string\"}}],\"inLanguage\":\"pt-BR\"},{\"@type\":\"Organization\",\"@id\":\"https:\/\/www.suno.com.br\/noticias\/#organization\",\"name\":\"Suno Not\u00edcias\",\"url\":\"https:\/\/www.suno.com.br\/noticias\/\",\"logo\":{\"@type\":\"ImageObject\",\"inLanguage\":\"pt-BR\",\"@id\":\"https:\/\/www.suno.com.br\/noticias\/#\/schema\/logo\/image\/\",\"url\":\"https:\/\/files.sunoresearch.com.br\/n\/uploads\/2021\/09\/suno-logo.png\",\"contentUrl\":\"https:\/\/files.sunoresearch.com.br\/n\/uploads\/2021\/09\/suno-logo.png\",\"width\":180,\"height\":180,\"caption\":\"Suno Not\u00edcias\"},\"image\":{\"@id\":\"https:\/\/www.suno.com.br\/noticias\/#\/schema\/logo\/image\/\"},\"sameAs\":[\"https:\/\/facebook.com\/sunoresearch\",\"https:\/\/x.com\/sunoresearch\",\"https:\/\/www.instagram.com\/suno\",\"https:\/\/www.linkedin.com\/company\/suno-research\/\",\"https:\/\/www.youtube.com\/c\/sunoresearch\"]},{\"@type\":\"Person\",\"@id\":\"https:\/\/www.suno.com.br\/noticias\/#\/schema\/person\/87fc6973867c52dd884811905c43afba\",\"name\":\"Jo\u00e3o Vitor\",\"image\":{\"@type\":\"ImageObject\",\"inLanguage\":\"pt-BR\",\"@id\":\"https:\/\/www.suno.com.br\/noticias\/#\/schema\/person\/image\/\",\"url\":\"https:\/\/secure.gravatar.com\/avatar\/2843227ca03ccf8cc7ccca45204c127e?s=96&r=g\",\"contentUrl\":\"https:\/\/secure.gravatar.com\/avatar\/2843227ca03ccf8cc7ccca45204c127e?s=96&r=g\",\"caption\":\"Jo\u00e3o Vitor\"},\"description\":\"Redator profissional, com atua\u00e7\u00e3o no mercado editorial na produ\u00e7\u00e3o de not\u00edcias e conte\u00fados sobre o mercado de a\u00e7\u00f5es, fundos imobili\u00e1rios e economia popular. Graduando em Engenharia Qu\u00edmica pela Unesp, tamb\u00e9m j\u00e1 atuou como consultor financeiro.\",\"url\":\"https:\/\/www.suno.com.br\/noticias\/author\/joao-vitor-jacintho\/\"}]}<\/script>\n<!-- \/ Yoast SEO plugin. -->","yoast_head_json":{"title":"Com\u00e9rcio ter\u00e1 recorde de vendas na Black Friday? Veja a expectativa","description":"O com\u00e9rcio pode registrar recorde de vendas na Black Friday? Veja quais s\u00e3o as expectativas para a Black Friday 2023.","robots":{"index":"index","follow":"follow","max-snippet":"max-snippet:-1","max-image-preview":"max-image-preview:large","max-video-preview":"max-video-preview:-1"},"canonical":"https:\/\/www.suno.com.br\/noticias\/comercio-recorde-vendas-black-friday-jvj\/","og_locale":"pt_BR","og_type":"article","og_title":"Com\u00e9rcio ter\u00e1 recorde de vendas na Black Friday? Veja a expectativa","og_description":"O com\u00e9rcio pode registrar recorde de vendas na Black Friday? Veja quais s\u00e3o as expectativas para a Black Friday 2023.","og_url":"https:\/\/www.suno.com.br\/noticias\/comercio-recorde-vendas-black-friday-jvj\/","og_site_name":"Suno Not\u00edcias","article_publisher":"https:\/\/facebook.com\/sunoresearch","og_image":[{"width":2560,"height":1707,"url":"https:\/\/files.sunoresearch.com.br\/n\/uploads\/2021\/06\/8061b70b-reabertura_do_comercio_em_sao_paulo_fase_de_transicao_rvrsa_abr_190420212796_0-scaled.jpg","type":"image\/jpeg"}],"author":"Jo\u00e3o Vitor","twitter_card":"summary_large_image","twitter_creator":"@sunoresearch","twitter_site":"@sunoresearch","twitter_misc":{"Escrito por":"Jo\u00e3o Vitor","Est. tempo de leitura":"4 minutos"},"schema":{"@context":"https:\/\/schema.org","@graph":[{"@type":"NewsArticle","@id":"https:\/\/www.suno.com.br\/noticias\/comercio-recorde-vendas-black-friday-jvj\/#article","isPartOf":{"@id":"https:\/\/www.suno.com.br\/noticias\/comercio-recorde-vendas-black-friday-jvj\/"},"author":{"name":"Jo\u00e3o Vitor","@id":"https:\/\/www.suno.com.br\/noticias\/#\/schema\/person\/87fc6973867c52dd884811905c43afba"},"headline":"Com\u00e9rcio ter\u00e1 recorde de vendas na Black Friday? Veja qual \u00e9 a expectativa","datePublished":"2023-11-18T14:50:19+00:00","dateModified":"2023-11-18T14:50:33+00:00","mainEntityOfPage":{"@id":"https:\/\/www.suno.com.br\/noticias\/comercio-recorde-vendas-black-friday-jvj\/"},"wordCount":572,"publisher":{"@id":"https:\/\/www.suno.com.br\/noticias\/#organization"},"image":{"@id":"https:\/\/www.suno.com.br\/noticias\/comercio-recorde-vendas-black-friday-jvj\/#primaryimage"},"thumbnailUrl":"https:\/\/files.sunoresearch.com.br\/n\/uploads\/2021\/06\/8061b70b-reabertura_do_comercio_em_sao_paulo_fase_de_transicao_rvrsa_abr_190420212796_0-scaled.jpg","articleSection":["Economia"],"inLanguage":"pt-BR"},{"@type":"WebPage","@id":"https:\/\/www.suno.com.br\/noticias\/comercio-recorde-vendas-black-friday-jvj\/","url":"https:\/\/www.suno.com.br\/noticias\/comercio-recorde-vendas-black-friday-jvj\/","name":"Com\u00e9rcio ter\u00e1 recorde de vendas na Black Friday? Veja a expectativa","isPartOf":{"@id":"https:\/\/www.suno.com.br\/noticias\/#website"},"primaryImageOfPage":{"@id":"https:\/\/www.suno.com.br\/noticias\/comercio-recorde-vendas-black-friday-jvj\/#primaryimage"},"image":{"@id":"https:\/\/www.suno.com.br\/noticias\/comercio-recorde-vendas-black-friday-jvj\/#primaryimage"},"thumbnailUrl":"https:\/\/files.sunoresearch.com.br\/n\/uploads\/2021\/06\/8061b70b-reabertura_do_comercio_em_sao_paulo_fase_de_transicao_rvrsa_abr_190420212796_0-scaled.jpg","datePublished":"2023-11-18T14:50:19+00:00","dateModified":"2023-11-18T14:50:33+00:00","description":"O com\u00e9rcio pode registrar recorde de vendas na Black Friday? Veja quais s\u00e3o as expectativas para a Black Friday 2023.","breadcrumb":{"@id":"https:\/\/www.suno.com.br\/noticias\/comercio-recorde-vendas-black-friday-jvj\/#breadcrumb"},"inLanguage":"pt-BR","potentialAction":[{"@type":"ReadAction","target":["https:\/\/www.suno.com.br\/noticias\/comercio-recorde-vendas-black-friday-jvj\/"]}]},{"@type":"ImageObject","inLanguage":"pt-BR","@id":"https:\/\/www.suno.com.br\/noticias\/comercio-recorde-vendas-black-friday-jvj\/#primaryimage","url":"https:\/\/files.sunoresearch.com.br\/n\/uploads\/2021\/06\/8061b70b-reabertura_do_comercio_em_sao_paulo_fase_de_transicao_rvrsa_abr_190420212796_0-scaled.jpg","contentUrl":"https:\/\/files.sunoresearch.com.br\/n\/uploads\/2021\/06\/8061b70b-reabertura_do_comercio_em_sao_paulo_fase_de_transicao_rvrsa_abr_190420212796_0-scaled.jpg","width":2560,"height":1707,"caption":"Com\u00e9rcio ter\u00e1 recorde de vendas na Black Friday? Foto: Rovena Rosa\/Ag\u00eancia Brasil"},{"@type":"BreadcrumbList","@id":"https:\/\/www.suno.com.br\/noticias\/comercio-recorde-vendas-black-friday-jvj\/#breadcrumb","itemListElement":[{"@type":"ListItem","position":1,"name":"Not\u00edcias","item":"https:\/\/www.suno.com.br\/noticias\/"},{"@type":"ListItem","position":2,"name":"Economia","item":"https:\/\/www.suno.com.br\/noticias\/economia\/"},{"@type":"ListItem","position":3,"name":"Com\u00e9rcio ter\u00e1 recorde de vendas na Black Friday? Veja qual \u00e9 a expectativa"}]},{"@type":"WebSite","@id":"https:\/\/www.suno.com.br\/noticias\/#website","url":"https:\/\/www.suno.com.br\/noticias\/","name":"Suno Not\u00edcias","description":"Seu portal de informa\u00e7\u00e3o sobre o mundo dos investimentos","publisher":{"@id":"https:\/\/www.suno.com.br\/noticias\/#organization"},"potentialAction":[{"@type":"SearchAction","target":{"@type":"EntryPoint","urlTemplate":"https:\/\/www.suno.com.br\/noticias\/?s={search_term_string}"},"query-input":{"@type":"PropertyValueSpecification","valueRequired":true,"valueName":"search_term_string"}}],"inLanguage":"pt-BR"},{"@type":"Organization","@id":"https:\/\/www.suno.com.br\/noticias\/#organization","name":"Suno Not\u00edcias","url":"https:\/\/www.suno.com.br\/noticias\/","logo":{"@type":"ImageObject","inLanguage":"pt-BR","@id":"https:\/\/www.suno.com.br\/noticias\/#\/schema\/logo\/image\/","url":"https:\/\/files.sunoresearch.com.br\/n\/uploads\/2021\/09\/suno-logo.png","contentUrl":"https:\/\/files.sunoresearch.com.br\/n\/uploads\/2021\/09\/suno-logo.png","width":180,"height":180,"caption":"Suno Not\u00edcias"},"image":{"@id":"https:\/\/www.suno.com.br\/noticias\/#\/schema\/logo\/image\/"},"sameAs":["https:\/\/facebook.com\/sunoresearch","https:\/\/x.com\/sunoresearch","https:\/\/www.instagram.com\/suno","https:\/\/www.linkedin.com\/company\/suno-research\/","https:\/\/www.youtube.com\/c\/sunoresearch"]},{"@type":"Person","@id":"https:\/\/www.suno.com.br\/noticias\/#\/schema\/person\/87fc6973867c52dd884811905c43afba","name":"Jo\u00e3o Vitor","image":{"@type":"ImageObject","inLanguage":"pt-BR","@id":"https:\/\/www.suno.com.br\/noticias\/#\/schema\/person\/image\/","url":"https:\/\/secure.gravatar.com\/avatar\/2843227ca03ccf8cc7ccca45204c127e?s=96&r=g","contentUrl":"https:\/\/secure.gravatar.com\/avatar\/2843227ca03ccf8cc7ccca45204c127e?s=96&r=g","caption":"Jo\u00e3o Vitor"},"description":"Redator profissional, com atua\u00e7\u00e3o no mercado editorial na produ\u00e7\u00e3o de not\u00edcias e conte\u00fados sobre o mercado de a\u00e7\u00f5es, fundos imobili\u00e1rios e economia popular. Graduando em Engenharia Qu\u00edmica pela Unesp, tamb\u00e9m j\u00e1 atuou como consultor financeiro.","url":"https:\/\/www.suno.com.br\/noticias\/author\/joao-vitor-jacintho\/"}]}},"default_loop_html":"<div class=\"cardsPage__listCard__boxs\"><div class=\"cardsPage__listCard__boxs__img\"><a href=\"https:\/\/www.suno.com.br\/noticias\/comercio-recorde-vendas-black-friday-jvj\/\"><img class=\"mask\" src=\"https:\/\/www.suno.com.br\/noticias\/wp-content\/themes\/suno\/resources\/images\/spotlight\/spotlight1img\/bg-mask.png\" alt=\"Image Mask\"\/><img src=\"https:\/\/files.sunoresearch.com.br\/n\/uploads\/2021\/06\/8061b70b-reabertura_do_comercio_em_sao_paulo_fase_de_transicao_rvrsa_abr_190420212796_0-400x200.jpg\" alt=\"Com\u00e9rcio ter\u00e1 recorde de vendas na Black Friday? Veja qual \u00e9 a expectativa\"\/><\/a><span class=\"spotlightCategory\"><a href=\"https:\/\/www.suno.com.br\/noticias\/economia\/\">Economia<\/a><\/span><\/div><div class=\"cardsPage__listCard__boxs__content\"><a href=\"https:\/\/www.suno.com.br\/noticias\/comercio-recorde-vendas-black-friday-jvj\/\"><h2 class=\"content__title\">Com\u00e9rcio ter\u00e1 recorde de vendas na Black Friday? Veja qual \u00e9 a expectativa<\/h2><\/a><div class=\"newsContent__article__meta\"><div class=\"newsContent__article__meta__authorBox\"><a href=\"https:\/\/www.suno.com.br\/noticias\/author\/joao-vitor-jacintho\/\" class=\"authorBox__avatar noMobi\"><img src=\"https:\/\/secure.gravatar.com\/avatar\/2843227ca03ccf8cc7ccca45204c127e?s=96&#038;r=g\" alt=\"Jo\u00e3o Vitor Jacintho\"><\/a><div class=\"authorBox__name\"><span>por\n\t\t\t<a href=\"https:\/\/www.suno.com.br\/noticias\/author\/joao-vitor-jacintho\/\"><span itemprop=\"author\">Jo\u00e3o Vitor Jacintho<\/span><\/a><\/span><time datetime=\"2023-11-18T11:50:19-03:00\" itemprop=\"datePublished\">18\/11\/2023 11:50<\/time><\/div><\/div><\/div><\/div><\/div>","single_layout":"posts","amp_enabled":true,"_links":{"self":[{"href":"https:\/\/www.suno.com.br\/noticias\/wp-json\/wp\/v2\/posts\/487399"}],"collection":[{"href":"https:\/\/www.suno.com.br\/noticias\/wp-json\/wp\/v2\/posts"}],"about":[{"href":"https:\/\/www.suno.com.br\/noticias\/wp-json\/wp\/v2\/types\/post"}],"author":[{"embeddable":true,"href":"https:\/\/www.suno.com.br\/noticias\/wp-json\/wp\/v2\/users\/173"}],"replies":[{"embeddable":true,"href":"https:\/\/www.suno.com.br\/noticias\/wp-json\/wp\/v2\/comments?post=487399"}],"version-history":[{"count":3,"href":"https:\/\/www.suno.com.br\/noticias\/wp-json\/wp\/v2\/posts\/487399\/revisions"}],"predecessor-version":[{"id":487422,"href":"https:\/\/www.suno.com.br\/noticias\/wp-json\/wp\/v2\/posts\/487399\/revisions\/487422"}],"wp:featuredmedia":[{"embeddable":true,"href":"https:\/\/www.suno.com.br\/noticias\/wp-json\/wp\/v2\/media\/156477"}],"wp:attachment":[{"href":"https:\/\/www.suno.com.br\/noticias\/wp-json\/wp\/v2\/media?parent=487399"}],"wp:term":[{"taxonomy":"category","embeddable":true,"href":"https:\/\/www.suno.com.br\/noticias\/wp-json\/wp\/v2\/categories?post=487399"},{"taxonomy":"post_tag","embeddable":true,"href":"https:\/\/www.suno.com.br\/noticias\/wp-json\/wp\/v2\/tags?post=487399"},{"taxonomy":"suno_strategy","embeddable":true,"href":"https:\/\/www.suno.com.br\/noticias\/wp-json\/wp\/v2\/suno_strategy?post=487399"}],"curies":[{"name":"wp","href":"https:\/\/api.w.org\/{rel}","templated":true}]}}