{"id":48731,"date":"2020-01-06T12:50:55","date_gmt":"2020-01-06T14:50:55","guid":{"rendered":"https:\/\/www.suno.com.br\/noticias\/?p=48731"},"modified":"2020-01-06T12:50:55","modified_gmt":"2020-01-06T14:50:55","slug":"bolsonaro-nao-quer-tributar-energia-solar-decisao-e-da-aneel","status":"publish","type":"post","link":"https:\/\/www.suno.com.br\/noticias\/bolsonaro-nao-quer-tributar-energia-solar-decisao-e-da-aneel\/","title":{"rendered":"Bolsonaro afirma que n\u00e3o quer tributar energia solar, mas decis\u00e3o \u00e9 da Aneel"},"content":{"rendered":"<p>O presidente <strong>Jair Bolsonaro<\/strong> disse que o Congresso ir\u00e1 travar o progresso de uma proposta da <strong>Ag\u00eancia Nacional de Energia El\u00e9trica<\/strong> (Aneel) para reduzir incentivos \u00e0 chamada gera\u00e7\u00e3o distribu\u00edda de energia. Essa gera\u00e7\u00e3o envolve, sobretudo, a instala\u00e7\u00e3o de placas solares em telhados e terrenos por consumidores.<\/p>\t<div class=\"wrapper-featured-image\">\n\t\t<figure class=\"spotlightImg\">\n\n\t\t\t<picture>\n\t\t\t\t<source media=\"(max-width: 768px)\" srcset=\"https:\/\/files.sunoresearch.com.br\/n\/uploads\/2019\/11\/f61641bd-aneel-400x200.webp\">\n\t\t\t\t<img loading=\"lazy\" decoding=\"async\" class=\"newsContent__article__imgCapa lazyloadDisabled newsContent__article__imgCapa--noCaption\" src=\"https:\/\/files.sunoresearch.com.br\/n\/uploads\/2019\/11\/f61641bd-aneel-800x450.webp\" width=\"800\" height=\"450\" alt=\"Bolsonaro afirma que n\u00e3o quer tributar energia solar, mas decis\u00e3o \u00e9 da Aneel\" fetchpriority=high \/>\n\t\t\t<\/picture>\n\n\t\t\t<figcaption class=\"wp-caption-text wp-caption-text--hide\">Aneel avalia acordo para que n\u00e3o haja cobran\u00e7a de contas de luz durante a pandemia do coronav\u00edrus. Clique aqui para saber mais.<\/figcaption>\n\t\t<\/figure>\n\t<\/div>\n\n\n\n<p>Bolsonaro, em uma publica\u00e7\u00e3o em sua conta pessoal do Facebook, disse que discutiu acerca da proposta da <strong>Aneel<\/strong> com os presidentes da C\u00e2mara, <strong>Rodrigo Maia<\/strong> (DEM-RJ), e do Senado, <strong>Davi Alcolumbre<\/strong> (DEM-AP).<\/p>\n<p>\u201cAcabei de conversar com Rodrigo Maia e Davi Alcolumbre, sobre a taxa\u00e7\u00e3o da energia solar proposta pela Aneel. O presidente da C\u00e2mara por\u00e1 em vota\u00e7\u00e3o projeto de lei, em regime de urg\u00eancia, proibindo a taxa\u00e7\u00e3o da energia gerada por radia\u00e7\u00e3o solar. O mesmo far\u00e1 o presidente do Senado. Caso encerrado\u201d, relatou o mandat\u00e1rio.<\/p>\n<p>O presidente j\u00e1 havia manifestado, atrav\u00e9s das redes sociais, ser contra a proposta da <strong>Aneel<\/strong>, no entanto, salientou que a ag\u00eancia \u00e9 aut\u00f4noma. \u201cSeus integrantes t\u00eam mandato, eu n\u00e3o tenho qualquer inger\u00eancia sobre eles, a decis\u00e3o \u00e9 deles\u201d.<\/p>\n<p><a href=\"https:\/\/www.suno.com.br\/noticias\/caixa-planeja-realizar-ipo-area-seguros-abril-negocio-avaliado-r-60-bi\/\">Confira: Caixa planeja IPO de seguridade em abril; neg\u00f3cio \u00e9 avaliado em at\u00e9 R$ 60 bi<\/a><\/p>\n<p>A companhia come\u00e7ou a discutir no ano passado a proposta para retirar gradualmente o que considera subs\u00eddios \u00e0 <strong>gera\u00e7\u00e3o distribu\u00edda<\/strong>, tecnologia que tem progredido no Pa\u00eds. De acordo com o regulador, a aus\u00eancia de mudan\u00e7as geraria custos bilion\u00e1rios a serem pagos nas pr\u00f3ximas d\u00e9cadas por consumidores que n\u00e3o possuem esses sistemas para produzir a pr\u00f3pria energia.<\/p>\n<p>A proposta, que foi submetida a processo de audi\u00eancia p\u00fablica, gerou uma forte resist\u00eancia de investidores do setor de energia solar, que re\u00fane milhares de companhias.<\/p>\n<p>Todavia, a medida contava com apoio de t\u00e9cnicos do <strong>Minist\u00e9rio da Economia<\/strong>, chegando a publicar pareceres posicionando a favor da redu\u00e7\u00e3o dos incentivos.<\/p>\n<p>Em estudo publicado em junho do ano passado, a <strong>Secretaria de Avalia\u00e7\u00e3o de Pol\u00edticas P\u00fablicas, Planejamento, Energia e Loteria<\/strong> (Secap) da pasta informou que os incentivos \u00e0 gera\u00e7\u00e3o distribu\u00edda geram \u201cdistor\u00e7\u00f5es\u201d e representam \u201csubs\u00eddio regressivo\u201d, j\u00e1 que fam\u00edlias de menor renda acabariam financiando investimentos nesses sistemas por consumidores de maior poder aquisitivo.<\/p>\n<p><a href=\"https:\/\/www.suno.com.br\/noticias\/privatizacao-da-eletrobras-resistencia-na-camara\/\">Saiba mais: Privatiza\u00e7\u00e3o da Eletrobras encontra resist\u00eancia na C\u00e2mara<\/a><\/p>\n<p>No v\u00eddeo publicado no \u00faltimo domingo (5), <strong>Bolsonaro<\/strong> afirmou que somente ele poderia tratar desse assunto no governo. \u201cN\u00e3o me interessam pareceres de secret\u00e1rios, seja quem for. A decis\u00e3o do governo \u00e9 n\u00e3o taxar.\u201d<\/p>\n<h2>Aneel salienta custos de manuten\u00e7\u00e3o da rede<\/h2>\n<p>Instalando um sistema de gera\u00e7\u00e3o distribu\u00edda, geralmente solar, consumidores podem abater da conta de luz tudo o que produzem. Entretanto, a Aneel argumenta que esses clientes ainda geram custos ao sistema, uma vez que os pain\u00e9is solares s\u00f3 produzem durante o dia, fazendo com que os consumidores precisem usar energia da rede em outros hor\u00e1rios.<\/p>\n\t<p>\n\t\t<a href=\"https:\/\/lp.suno.com.br\/planilha-controle-gastos\/\" target=\"_blank\" data-element=\"shortcode-suno-banner\" title=\"Banner SUNO, clique e saiba mais\">\n\t\t\t<picture>\n\t\t\t\t<source media=\"(max-width: 500px)\" srcset=\"https:\/\/files.sunoresearch.com.br\/n\/uploads\/2023\/03\/400x300-Planilha-controle-de-gastos.png\">\n\t\t\t\t<img class=\"newsContent__article__imgCapa newsContent__article__imgCapa--banner\"\n\t\t\t\t\tsrc=\"https:\/\/files.sunoresearch.com.br\/n\/uploads\/2023\/03\/1420x240-Planilha-controle-de-gastos.png\"\n\t\t\t\t\tdata-promo-id=\"102417\"\t\t\t\t\t\t\t\t\t\twidth='1420' height='240'\t\t\t\t\talt=\"https:\/\/files.sunoresearch.com.br\/n\/uploads\/2023\/03\/1420x240-Planilha-controle-de-gastos.png\"\n\t\t\t\t>\n\t\t\t<\/picture>\n\t\t<\/a>\n\t<\/p>\n\n\n<p>A proposta da ag\u00eancia previa descontar dos cr\u00e9ditos gerados pela produ\u00e7\u00e3o o que considera custos para manuten\u00e7\u00e3o da rede. A diretoria da empresa informou que as novas regras para chamada gera\u00e7\u00e3o de distribu\u00edda evitariam custos estimados em R$ 55 bilh\u00f5es at\u00e9 2035 para usu\u00e1rios que n\u00e3o utilizam a tecnologia.<\/p>\n<p>Atualmente, est\u00e3o ativos no Brasil cerca de 2 gigawatts em sistemas de gera\u00e7\u00e3o distribu\u00edda, separados em 162 mil instala\u00e7\u00f5es. Desses, 1,87 gigawatts envolvem pain\u00e9is solares fotovoltaicos.<\/p>\n<p><a href=\"https:\/\/www.suno.com.br\/noticias\/vale-investir-estatais-confira-opiniao-especialista\/\">Veja tamb\u00e9m: Vale a pena investir em estatais? Confira a opini\u00e3o de um especialista<\/a><\/p>\n<p>O senador <strong>Major Ol\u00edmpio<\/strong> (PSL-SP) disse no final do ano passado que uma frente parlamentar j\u00e1 tinha 303 assinaturas de deputados e 41 de senadores para vetar a proposta da Aneel caso ela fosse aprovada em definitivo pelo regulador.<\/p>\n<p>Al\u00e9m disso, em novembro, o deputado <strong>Silas C\u00e2mara<\/strong> (Republicanos-AM), presidente da <strong>Comiss\u00e3o de Minas e Energia<\/strong> da C\u00e2mara dos Deputados, apresentou projeto de lei que tem o objetivo de manter ao menos em parte os subs\u00eddios \u00e0 tecnologia em contraponto \u00e0 mudan\u00e7a em avalia\u00e7\u00e3o na <strong>Aneel<\/strong>.<\/p>\n\n","protected":false},"excerpt":{"rendered":"<p>O presidente Jair Bolsonaro disse que o Congresso ir\u00e1 travar o progresso de uma proposta da Ag\u00eancia Nacional de Energia El\u00e9trica (Aneel) para reduzir incentivos \u00e0 chamada gera\u00e7\u00e3o distribu\u00edda de energia. Essa gera\u00e7\u00e3o envolve, sobretudo, a instala\u00e7\u00e3o de placas solares em telhados e terrenos por consumidores. Aneel avalia acordo para que n\u00e3o haja cobran\u00e7a de [&hellip;]<\/p>\n","protected":false},"author":24,"featured_media":45479,"comment_status":"closed","ping_status":"closed","sticky":false,"template":"","format":"standard","meta":[],"categories":[61],"tags":[896,719],"suno_strategy":[],"class_list":["post-48731","post","type-post","status-publish","format-standard","has-post-thumbnail","hentry","category-politica","tag-aneel","tag-jair-bolsonaro"],"yoast_head":"<!-- This site is optimized with the Yoast SEO plugin v24.4 - https:\/\/yoast.com\/wordpress\/plugins\/seo\/ -->\n<title>Bolsonaro diz que n\u00e3o quer tributar energia solar, mas decis\u00e3o \u00e9 da Aneel<\/title>\n<meta name=\"description\" content=\"O presidente Bolsonaro disse que o Congresso ir\u00e1 travar o progresso da proposta da Ag\u00eancia Nacional de Energia El\u00e9trica (Aneel). Saiba mais.\" \/>\n<meta name=\"robots\" content=\"index, follow, max-snippet:-1, max-image-preview:large, max-video-preview:-1\" \/>\n<link rel=\"canonical\" href=\"https:\/\/www.suno.com.br\/noticias\/bolsonaro-nao-quer-tributar-energia-solar-decisao-e-da-aneel\/\" \/>\n<meta property=\"og:locale\" content=\"pt_BR\" \/>\n<meta property=\"og:type\" content=\"article\" \/>\n<meta property=\"og:title\" content=\"Bolsonaro diz que n\u00e3o quer tributar energia solar, mas decis\u00e3o \u00e9 da Aneel\" \/>\n<meta property=\"og:description\" content=\"O presidente Bolsonaro disse que o Congresso ir\u00e1 travar o progresso da proposta da Ag\u00eancia Nacional de Energia El\u00e9trica (Aneel). Saiba mais.\" \/>\n<meta property=\"og:url\" content=\"https:\/\/www.suno.com.br\/noticias\/bolsonaro-nao-quer-tributar-energia-solar-decisao-e-da-aneel\/\" \/>\n<meta property=\"og:site_name\" content=\"Suno Not\u00edcias\" \/>\n<meta property=\"article:publisher\" content=\"https:\/\/facebook.com\/sunoresearch\" \/>\n<meta property=\"og:image\" content=\"https:\/\/files.sunoresearch.com.br\/n\/uploads\/2019\/11\/f61641bd-aneel-1024x683.jpg\" \/>\n\t<meta property=\"og:image:width\" content=\"1024\" \/>\n\t<meta property=\"og:image:height\" content=\"683\" \/>\n\t<meta property=\"og:image:type\" content=\"image\/jpeg\" \/>\n<meta name=\"author\" content=\"Jader Lazarini\" \/>\n<meta name=\"twitter:card\" content=\"summary_large_image\" \/>\n<meta name=\"twitter:creator\" content=\"@sunoresearch\" \/>\n<meta name=\"twitter:site\" content=\"@sunoresearch\" \/>\n<meta name=\"twitter:label1\" content=\"Escrito por\" \/>\n\t<meta name=\"twitter:data1\" content=\"Jader Lazarini\" \/>\n\t<meta name=\"twitter:label2\" content=\"Est. tempo de leitura\" \/>\n\t<meta name=\"twitter:data2\" content=\"4 minutos\" \/>\n<script type=\"application\/ld+json\" class=\"yoast-schema-graph\">{\"@context\":\"https:\/\/schema.org\",\"@graph\":[{\"@type\":\"NewsArticle\",\"@id\":\"https:\/\/www.suno.com.br\/noticias\/bolsonaro-nao-quer-tributar-energia-solar-decisao-e-da-aneel\/#article\",\"isPartOf\":{\"@id\":\"https:\/\/www.suno.com.br\/noticias\/bolsonaro-nao-quer-tributar-energia-solar-decisao-e-da-aneel\/\"},\"author\":{\"name\":\"Jader Lazarini\",\"@id\":\"https:\/\/www.suno.com.br\/noticias\/#\/schema\/person\/918d79de1f0281f01599b93f9ea6e23f\"},\"headline\":\"Bolsonaro afirma que n\u00e3o quer tributar energia solar, mas decis\u00e3o \u00e9 da Aneel\",\"datePublished\":\"2020-01-06T14:50:55+00:00\",\"mainEntityOfPage\":{\"@id\":\"https:\/\/www.suno.com.br\/noticias\/bolsonaro-nao-quer-tributar-energia-solar-decisao-e-da-aneel\/\"},\"wordCount\":715,\"publisher\":{\"@id\":\"https:\/\/www.suno.com.br\/noticias\/#organization\"},\"image\":{\"@id\":\"https:\/\/www.suno.com.br\/noticias\/bolsonaro-nao-quer-tributar-energia-solar-decisao-e-da-aneel\/#primaryimage\"},\"thumbnailUrl\":\"https:\/\/files.sunoresearch.com.br\/n\/uploads\/2019\/11\/f61641bd-aneel-scaled.webp\",\"keywords\":[\"Aneel\",\"Jair Bolsonaro\"],\"articleSection\":[\"Pol\u00edtica\"],\"inLanguage\":\"pt-BR\"},{\"@type\":\"WebPage\",\"@id\":\"https:\/\/www.suno.com.br\/noticias\/bolsonaro-nao-quer-tributar-energia-solar-decisao-e-da-aneel\/\",\"url\":\"https:\/\/www.suno.com.br\/noticias\/bolsonaro-nao-quer-tributar-energia-solar-decisao-e-da-aneel\/\",\"name\":\"Bolsonaro diz que n\u00e3o quer tributar energia solar, mas decis\u00e3o \u00e9 da Aneel\",\"isPartOf\":{\"@id\":\"https:\/\/www.suno.com.br\/noticias\/#website\"},\"primaryImageOfPage\":{\"@id\":\"https:\/\/www.suno.com.br\/noticias\/bolsonaro-nao-quer-tributar-energia-solar-decisao-e-da-aneel\/#primaryimage\"},\"image\":{\"@id\":\"https:\/\/www.suno.com.br\/noticias\/bolsonaro-nao-quer-tributar-energia-solar-decisao-e-da-aneel\/#primaryimage\"},\"thumbnailUrl\":\"https:\/\/files.sunoresearch.com.br\/n\/uploads\/2019\/11\/f61641bd-aneel-scaled.webp\",\"datePublished\":\"2020-01-06T14:50:55+00:00\",\"description\":\"O presidente Bolsonaro disse que o Congresso ir\u00e1 travar o progresso da proposta da Ag\u00eancia Nacional de Energia El\u00e9trica (Aneel). Saiba mais.\",\"breadcrumb\":{\"@id\":\"https:\/\/www.suno.com.br\/noticias\/bolsonaro-nao-quer-tributar-energia-solar-decisao-e-da-aneel\/#breadcrumb\"},\"inLanguage\":\"pt-BR\",\"potentialAction\":[{\"@type\":\"ReadAction\",\"target\":[\"https:\/\/www.suno.com.br\/noticias\/bolsonaro-nao-quer-tributar-energia-solar-decisao-e-da-aneel\/\"]}]},{\"@type\":\"ImageObject\",\"inLanguage\":\"pt-BR\",\"@id\":\"https:\/\/www.suno.com.br\/noticias\/bolsonaro-nao-quer-tributar-energia-solar-decisao-e-da-aneel\/#primaryimage\",\"url\":\"https:\/\/files.sunoresearch.com.br\/n\/uploads\/2019\/11\/f61641bd-aneel-scaled.webp\",\"contentUrl\":\"https:\/\/files.sunoresearch.com.br\/n\/uploads\/2019\/11\/f61641bd-aneel-scaled.webp\",\"width\":2560,\"height\":1707,\"caption\":\"Aneel avalia acordo para que n\u00e3o haja cobran\u00e7a de contas de luz durante a pandemia do coronav\u00edrus. Clique aqui para saber mais.\"},{\"@type\":\"BreadcrumbList\",\"@id\":\"https:\/\/www.suno.com.br\/noticias\/bolsonaro-nao-quer-tributar-energia-solar-decisao-e-da-aneel\/#breadcrumb\",\"itemListElement\":[{\"@type\":\"ListItem\",\"position\":1,\"name\":\"Not\u00edcias\",\"item\":\"https:\/\/www.suno.com.br\/noticias\/\"},{\"@type\":\"ListItem\",\"position\":2,\"name\":\"Pol\u00edtica\",\"item\":\"https:\/\/www.suno.com.br\/noticias\/politica\/\"},{\"@type\":\"ListItem\",\"position\":3,\"name\":\"Bolsonaro afirma que n\u00e3o quer tributar energia solar, mas decis\u00e3o \u00e9 da Aneel\"}]},{\"@type\":\"WebSite\",\"@id\":\"https:\/\/www.suno.com.br\/noticias\/#website\",\"url\":\"https:\/\/www.suno.com.br\/noticias\/\",\"name\":\"Suno Not\u00edcias\",\"description\":\"Seu portal de informa\u00e7\u00e3o sobre o mundo dos investimentos\",\"publisher\":{\"@id\":\"https:\/\/www.suno.com.br\/noticias\/#organization\"},\"potentialAction\":[{\"@type\":\"SearchAction\",\"target\":{\"@type\":\"EntryPoint\",\"urlTemplate\":\"https:\/\/www.suno.com.br\/noticias\/?s={search_term_string}\"},\"query-input\":{\"@type\":\"PropertyValueSpecification\",\"valueRequired\":true,\"valueName\":\"search_term_string\"}}],\"inLanguage\":\"pt-BR\"},{\"@type\":\"Organization\",\"@id\":\"https:\/\/www.suno.com.br\/noticias\/#organization\",\"name\":\"Suno Not\u00edcias\",\"url\":\"https:\/\/www.suno.com.br\/noticias\/\",\"logo\":{\"@type\":\"ImageObject\",\"inLanguage\":\"pt-BR\",\"@id\":\"https:\/\/www.suno.com.br\/noticias\/#\/schema\/logo\/image\/\",\"url\":\"https:\/\/files.sunoresearch.com.br\/n\/uploads\/2021\/09\/suno-logo.png\",\"contentUrl\":\"https:\/\/files.sunoresearch.com.br\/n\/uploads\/2021\/09\/suno-logo.png\",\"width\":180,\"height\":180,\"caption\":\"Suno Not\u00edcias\"},\"image\":{\"@id\":\"https:\/\/www.suno.com.br\/noticias\/#\/schema\/logo\/image\/\"},\"sameAs\":[\"https:\/\/facebook.com\/sunoresearch\",\"https:\/\/x.com\/sunoresearch\",\"https:\/\/www.instagram.com\/suno\",\"https:\/\/www.linkedin.com\/company\/suno-research\/\",\"https:\/\/www.youtube.com\/c\/sunoresearch\"]},{\"@type\":\"Person\",\"@id\":\"https:\/\/www.suno.com.br\/noticias\/#\/schema\/person\/918d79de1f0281f01599b93f9ea6e23f\",\"name\":\"Jader Lazarini\",\"image\":{\"@type\":\"ImageObject\",\"inLanguage\":\"pt-BR\",\"@id\":\"https:\/\/www.suno.com.br\/noticias\/#\/schema\/person\/image\/\",\"url\":\"https:\/\/secure.gravatar.com\/avatar\/3c1ad8caa51589841baeb923fcddea97?s=96&r=g\",\"contentUrl\":\"https:\/\/secure.gravatar.com\/avatar\/3c1ad8caa51589841baeb923fcddea97?s=96&r=g\",\"caption\":\"Jader Lazarini\"},\"description\":\"Jader Lazarini escreve sobre investimentos, finan\u00e7as, economia e neg\u00f3cios. \u00c9 bacharel em Rela\u00e7\u00f5es Internacionais e analista CNPI (2619).\",\"url\":\"https:\/\/www.suno.com.br\/noticias\/author\/jader-lazarini\/\"}]}<\/script>\n<!-- \/ Yoast SEO plugin. -->","yoast_head_json":{"title":"Bolsonaro diz que n\u00e3o quer tributar energia solar, mas decis\u00e3o \u00e9 da Aneel","description":"O presidente Bolsonaro disse que o Congresso ir\u00e1 travar o progresso da proposta da Ag\u00eancia Nacional de Energia El\u00e9trica (Aneel). Saiba mais.","robots":{"index":"index","follow":"follow","max-snippet":"max-snippet:-1","max-image-preview":"max-image-preview:large","max-video-preview":"max-video-preview:-1"},"canonical":"https:\/\/www.suno.com.br\/noticias\/bolsonaro-nao-quer-tributar-energia-solar-decisao-e-da-aneel\/","og_locale":"pt_BR","og_type":"article","og_title":"Bolsonaro diz que n\u00e3o quer tributar energia solar, mas decis\u00e3o \u00e9 da Aneel","og_description":"O presidente Bolsonaro disse que o Congresso ir\u00e1 travar o progresso da proposta da Ag\u00eancia Nacional de Energia El\u00e9trica (Aneel). Saiba mais.","og_url":"https:\/\/www.suno.com.br\/noticias\/bolsonaro-nao-quer-tributar-energia-solar-decisao-e-da-aneel\/","og_site_name":"Suno Not\u00edcias","article_publisher":"https:\/\/facebook.com\/sunoresearch","og_image":[{"width":1024,"height":683,"url":"https:\/\/files.sunoresearch.com.br\/n\/uploads\/2019\/11\/f61641bd-aneel-1024x683.jpg","type":"image\/jpeg"}],"author":"Jader Lazarini","twitter_card":"summary_large_image","twitter_creator":"@sunoresearch","twitter_site":"@sunoresearch","twitter_misc":{"Escrito por":"Jader Lazarini","Est. tempo de leitura":"4 minutos"},"schema":{"@context":"https:\/\/schema.org","@graph":[{"@type":"NewsArticle","@id":"https:\/\/www.suno.com.br\/noticias\/bolsonaro-nao-quer-tributar-energia-solar-decisao-e-da-aneel\/#article","isPartOf":{"@id":"https:\/\/www.suno.com.br\/noticias\/bolsonaro-nao-quer-tributar-energia-solar-decisao-e-da-aneel\/"},"author":{"name":"Jader Lazarini","@id":"https:\/\/www.suno.com.br\/noticias\/#\/schema\/person\/918d79de1f0281f01599b93f9ea6e23f"},"headline":"Bolsonaro afirma que n\u00e3o quer tributar energia solar, mas decis\u00e3o \u00e9 da Aneel","datePublished":"2020-01-06T14:50:55+00:00","mainEntityOfPage":{"@id":"https:\/\/www.suno.com.br\/noticias\/bolsonaro-nao-quer-tributar-energia-solar-decisao-e-da-aneel\/"},"wordCount":715,"publisher":{"@id":"https:\/\/www.suno.com.br\/noticias\/#organization"},"image":{"@id":"https:\/\/www.suno.com.br\/noticias\/bolsonaro-nao-quer-tributar-energia-solar-decisao-e-da-aneel\/#primaryimage"},"thumbnailUrl":"https:\/\/files.sunoresearch.com.br\/n\/uploads\/2019\/11\/f61641bd-aneel-scaled.webp","keywords":["Aneel","Jair Bolsonaro"],"articleSection":["Pol\u00edtica"],"inLanguage":"pt-BR"},{"@type":"WebPage","@id":"https:\/\/www.suno.com.br\/noticias\/bolsonaro-nao-quer-tributar-energia-solar-decisao-e-da-aneel\/","url":"https:\/\/www.suno.com.br\/noticias\/bolsonaro-nao-quer-tributar-energia-solar-decisao-e-da-aneel\/","name":"Bolsonaro diz que n\u00e3o quer tributar energia solar, mas decis\u00e3o \u00e9 da Aneel","isPartOf":{"@id":"https:\/\/www.suno.com.br\/noticias\/#website"},"primaryImageOfPage":{"@id":"https:\/\/www.suno.com.br\/noticias\/bolsonaro-nao-quer-tributar-energia-solar-decisao-e-da-aneel\/#primaryimage"},"image":{"@id":"https:\/\/www.suno.com.br\/noticias\/bolsonaro-nao-quer-tributar-energia-solar-decisao-e-da-aneel\/#primaryimage"},"thumbnailUrl":"https:\/\/files.sunoresearch.com.br\/n\/uploads\/2019\/11\/f61641bd-aneel-scaled.webp","datePublished":"2020-01-06T14:50:55+00:00","description":"O presidente Bolsonaro disse que o Congresso ir\u00e1 travar o progresso da proposta da Ag\u00eancia Nacional de Energia El\u00e9trica (Aneel). Saiba mais.","breadcrumb":{"@id":"https:\/\/www.suno.com.br\/noticias\/bolsonaro-nao-quer-tributar-energia-solar-decisao-e-da-aneel\/#breadcrumb"},"inLanguage":"pt-BR","potentialAction":[{"@type":"ReadAction","target":["https:\/\/www.suno.com.br\/noticias\/bolsonaro-nao-quer-tributar-energia-solar-decisao-e-da-aneel\/"]}]},{"@type":"ImageObject","inLanguage":"pt-BR","@id":"https:\/\/www.suno.com.br\/noticias\/bolsonaro-nao-quer-tributar-energia-solar-decisao-e-da-aneel\/#primaryimage","url":"https:\/\/files.sunoresearch.com.br\/n\/uploads\/2019\/11\/f61641bd-aneel-scaled.webp","contentUrl":"https:\/\/files.sunoresearch.com.br\/n\/uploads\/2019\/11\/f61641bd-aneel-scaled.webp","width":2560,"height":1707,"caption":"Aneel avalia acordo para que n\u00e3o haja cobran\u00e7a de contas de luz durante a pandemia do coronav\u00edrus. Clique aqui para saber mais."},{"@type":"BreadcrumbList","@id":"https:\/\/www.suno.com.br\/noticias\/bolsonaro-nao-quer-tributar-energia-solar-decisao-e-da-aneel\/#breadcrumb","itemListElement":[{"@type":"ListItem","position":1,"name":"Not\u00edcias","item":"https:\/\/www.suno.com.br\/noticias\/"},{"@type":"ListItem","position":2,"name":"Pol\u00edtica","item":"https:\/\/www.suno.com.br\/noticias\/politica\/"},{"@type":"ListItem","position":3,"name":"Bolsonaro afirma que n\u00e3o quer tributar energia solar, mas decis\u00e3o \u00e9 da Aneel"}]},{"@type":"WebSite","@id":"https:\/\/www.suno.com.br\/noticias\/#website","url":"https:\/\/www.suno.com.br\/noticias\/","name":"Suno Not\u00edcias","description":"Seu portal de informa\u00e7\u00e3o sobre o mundo dos investimentos","publisher":{"@id":"https:\/\/www.suno.com.br\/noticias\/#organization"},"potentialAction":[{"@type":"SearchAction","target":{"@type":"EntryPoint","urlTemplate":"https:\/\/www.suno.com.br\/noticias\/?s={search_term_string}"},"query-input":{"@type":"PropertyValueSpecification","valueRequired":true,"valueName":"search_term_string"}}],"inLanguage":"pt-BR"},{"@type":"Organization","@id":"https:\/\/www.suno.com.br\/noticias\/#organization","name":"Suno Not\u00edcias","url":"https:\/\/www.suno.com.br\/noticias\/","logo":{"@type":"ImageObject","inLanguage":"pt-BR","@id":"https:\/\/www.suno.com.br\/noticias\/#\/schema\/logo\/image\/","url":"https:\/\/files.sunoresearch.com.br\/n\/uploads\/2021\/09\/suno-logo.png","contentUrl":"https:\/\/files.sunoresearch.com.br\/n\/uploads\/2021\/09\/suno-logo.png","width":180,"height":180,"caption":"Suno Not\u00edcias"},"image":{"@id":"https:\/\/www.suno.com.br\/noticias\/#\/schema\/logo\/image\/"},"sameAs":["https:\/\/facebook.com\/sunoresearch","https:\/\/x.com\/sunoresearch","https:\/\/www.instagram.com\/suno","https:\/\/www.linkedin.com\/company\/suno-research\/","https:\/\/www.youtube.com\/c\/sunoresearch"]},{"@type":"Person","@id":"https:\/\/www.suno.com.br\/noticias\/#\/schema\/person\/918d79de1f0281f01599b93f9ea6e23f","name":"Jader Lazarini","image":{"@type":"ImageObject","inLanguage":"pt-BR","@id":"https:\/\/www.suno.com.br\/noticias\/#\/schema\/person\/image\/","url":"https:\/\/secure.gravatar.com\/avatar\/3c1ad8caa51589841baeb923fcddea97?s=96&r=g","contentUrl":"https:\/\/secure.gravatar.com\/avatar\/3c1ad8caa51589841baeb923fcddea97?s=96&r=g","caption":"Jader Lazarini"},"description":"Jader Lazarini escreve sobre investimentos, finan\u00e7as, economia e neg\u00f3cios. \u00c9 bacharel em Rela\u00e7\u00f5es Internacionais e analista CNPI (2619).","url":"https:\/\/www.suno.com.br\/noticias\/author\/jader-lazarini\/"}]}},"default_loop_html":"<div class=\"cardsPage__listCard__boxs\"><div class=\"cardsPage__listCard__boxs__img\"><a href=\"https:\/\/www.suno.com.br\/noticias\/bolsonaro-nao-quer-tributar-energia-solar-decisao-e-da-aneel\/\"><img class=\"mask\" src=\"https:\/\/www.suno.com.br\/noticias\/wp-content\/themes\/suno\/resources\/images\/spotlight\/spotlight1img\/bg-mask.png\" alt=\"Image Mask\"\/><img src=\"https:\/\/files.sunoresearch.com.br\/n\/uploads\/2019\/11\/f61641bd-aneel-400x200.webp\" alt=\"Bolsonaro afirma que n\u00e3o quer tributar energia solar, mas decis\u00e3o \u00e9 da Aneel\"\/><\/a><span class=\"spotlightCategory\"><a href=\"https:\/\/www.suno.com.br\/noticias\/politica\/\">Pol\u00edtica<\/a><\/span><\/div><div class=\"cardsPage__listCard__boxs__content\"><a href=\"https:\/\/www.suno.com.br\/noticias\/bolsonaro-nao-quer-tributar-energia-solar-decisao-e-da-aneel\/\"><h2 class=\"content__title\">Bolsonaro afirma que n\u00e3o quer tributar energia solar, mas decis\u00e3o \u00e9 da Aneel<\/h2><\/a><div class=\"newsContent__article__meta\"><div class=\"newsContent__article__meta__authorBox\"><a href=\"https:\/\/www.suno.com.br\/noticias\/author\/jader-lazarini\/\" class=\"authorBox__avatar noMobi\"><img src=\"https:\/\/files.sunoresearch.com.br\/n\/uploads\/2021\/01\/178e6598-foto-perfil-2-150x150.jpg\" alt=\"Jader Lazarini\"><\/a><div class=\"authorBox__name\"><span>por\n\t\t\t<a href=\"https:\/\/www.suno.com.br\/noticias\/author\/jader-lazarini\/\"><span itemprop=\"author\">Jader Lazarini<\/span><\/a><\/span><time datetime=\"2020-01-06T12:50:55-03:00\" itemprop=\"datePublished\">06\/01\/2020 12:50<\/time><\/div><\/div><\/div><\/div><\/div>","single_layout":"posts","amp_enabled":true,"_links":{"self":[{"href":"https:\/\/www.suno.com.br\/noticias\/wp-json\/wp\/v2\/posts\/48731"}],"collection":[{"href":"https:\/\/www.suno.com.br\/noticias\/wp-json\/wp\/v2\/posts"}],"about":[{"href":"https:\/\/www.suno.com.br\/noticias\/wp-json\/wp\/v2\/types\/post"}],"author":[{"embeddable":true,"href":"https:\/\/www.suno.com.br\/noticias\/wp-json\/wp\/v2\/users\/24"}],"replies":[{"embeddable":true,"href":"https:\/\/www.suno.com.br\/noticias\/wp-json\/wp\/v2\/comments?post=48731"}],"version-history":[{"count":0,"href":"https:\/\/www.suno.com.br\/noticias\/wp-json\/wp\/v2\/posts\/48731\/revisions"}],"wp:featuredmedia":[{"embeddable":true,"href":"https:\/\/www.suno.com.br\/noticias\/wp-json\/wp\/v2\/media\/45479"}],"wp:attachment":[{"href":"https:\/\/www.suno.com.br\/noticias\/wp-json\/wp\/v2\/media?parent=48731"}],"wp:term":[{"taxonomy":"category","embeddable":true,"href":"https:\/\/www.suno.com.br\/noticias\/wp-json\/wp\/v2\/categories?post=48731"},{"taxonomy":"post_tag","embeddable":true,"href":"https:\/\/www.suno.com.br\/noticias\/wp-json\/wp\/v2\/tags?post=48731"},{"taxonomy":"suno_strategy","embeddable":true,"href":"https:\/\/www.suno.com.br\/noticias\/wp-json\/wp\/v2\/suno_strategy?post=48731"}],"curies":[{"name":"wp","href":"https:\/\/api.w.org\/{rel}","templated":true}]}}