{"id":487282,"date":"2023-11-17T20:41:18","date_gmt":"2023-11-17T23:41:18","guid":{"rendered":"https:\/\/www.suno.com.br\/noticias\/?p=487282"},"modified":"2023-11-17T21:00:23","modified_gmt":"2023-11-18T00:00:23","slug":"haddad-contingenciamento-orcamento-2024-meta-fiscal-deficit","status":"publish","type":"post","link":"https:\/\/www.suno.com.br\/noticias\/haddad-contingenciamento-orcamento-2024-meta-fiscal-deficit\/","title":{"rendered":"Haddad: para zerar d\u00e9ficit, bloqueio do or\u00e7amento em 2024 pode chegar a R$ 23 bilh\u00f5es"},"content":{"rendered":"<p>O ministro da Fazenda, Fernando <strong>Haddad<\/strong>, disse nesta sexta-feira, 17, que o contingenciamento do or\u00e7amento necess\u00e1rio para zerar o d\u00e9ficit das contas prim\u00e1rias no ano que vem pode variar de R$ 22 bilh\u00f5es a R$ 23 bilh\u00f5es pelas estimativas atuais da pasta. Mas ele insistiu que nada mudou em rela\u00e7\u00e3o ao marco fiscal.<\/p>\t<div class=\"wrapper-featured-image\">\n\t\t<figure class=\"spotlightImg\">\n\n\t\t\t<picture>\n\t\t\t\t<source media=\"(max-width: 768px)\" srcset=\"https:\/\/files.sunoresearch.com.br\/n\/uploads\/2023\/06\/haddad-programa-desenrola-brasil-400x200.jpg\">\n\t\t\t\t<img loading=\"lazy\" decoding=\"async\" class=\"newsContent__article__imgCapa lazyloadDisabled \" src=\"https:\/\/files.sunoresearch.com.br\/n\/uploads\/2023\/06\/haddad-programa-desenrola-brasil-800x450.jpg\" width=\"800\" height=\"450\" alt=\"Haddad: para zerar d\u00e9ficit, bloqueio do or\u00e7amento em 2024 pode chegar a R$ 23 bilh\u00f5es\" fetchpriority=high \/>\n\t\t\t<\/picture>\n\n\t\t\t<figcaption class=\"wp-caption-text wp-caption-text--show\">Foto: Diogo Zacarias\/Minist\u00e9rio da Fazenda<\/figcaption>\n\t\t<\/figure>\n\t<\/div>\n\n\n\n\n\n\t<p>\n\t\t<a href=\"\" target=\"_blank\" data-element=\"shortcode-suno-banner\" title=\"Banner SUNO, clique e saiba mais\">\n\t\t\t<picture>\n\t\t\t\t<source media=\"(max-width: 500px)\" srcset=\"\">\n\t\t\t\t<img class=\"newsContent__article__imgCapa newsContent__article__imgCapa--banner\"\n\t\t\t\t\tsrc=\"\"\n\t\t\t\t\tdata-promo-id=\"240038\"\t\t\t\t\t\t\t\t\t\t\t\t\t\t\talt=\"\"\n\t\t\t\t>\n\t\t\t<\/picture>\n\t\t<\/a>\n\t<\/p>\n\n\n\n\n\n\n\n<p>Segundo o <strong>ministro da Fazenda<\/strong>, as contas feitas no mercado, que prev\u00ea um bloqueio de R$ 53 bilh\u00f5es, est\u00e3o muito acima porque os investidores est\u00e3o levando em considera\u00e7\u00e3o a regra de bloqueio de at\u00e9 25% das despesas discricion\u00e1rias, de modo a assegurar o funcionamento da m\u00e1quina p\u00fablica. Por\u00e9m, explicou Haddad, essa regra n\u00e3o afasta o poder p\u00fablico da banda do novo marco que limita o crescimento das despesas em, no m\u00ednimo, 0,6% e, no m\u00e1ximo, 2,5% acima da infla\u00e7\u00e3o.<\/p>\n\n\n\n<p>Nesse par\u00e2metro, reiterou o ministro, o <strong>contingenciamento<\/strong> pode chegar a R$ 22 bilh\u00f5es ou R$ 23 bilh\u00f5es. &#8220;Nessa faixa que n\u00f3s vamos&#8221;, disse.<\/p>\n\n\n\n<p>&#8220;O <strong>marco fiscal<\/strong>, que foi aprovado e que foi comemorado internacionalmente como uma inova\u00e7\u00e3o do Brasil, estabelece que o desempenho do gasto p\u00fablico do ano seguinte n\u00e3o pode ser inferior a 0,6% em termos reais, nem superior a 2,5 % em termos reais&#8221;, declarou Haddad a jornalistas. O or\u00e7amento encaminhado ao Congresso, lembrou o ministro, prev\u00ea aumento de 1 ,7 % das despesas em rela\u00e7\u00e3o a este ano.<\/p>\n\n\n\n<p>Num caso de frustra\u00e7\u00e3o das receitas, que servem de refer\u00eancia aos gastos, o crescimento das despesas teria que recuar ao piso de 0,6%. Por outro lado, se as receitas surpreenderem, o aumento autorizado das despesas poderia chegar ao teto de 2,5%. &#8220;\u00c9 isso desde sempre, n\u00e3o tem nenhuma novidade&#8221;, pontuou Haddad.<\/p>\n\n\n\n<p>O ministro disse que se o <strong>or\u00e7amento<\/strong> <strong>federal<\/strong> tivesse sido enviado com o crescimento nas despesas no limite superior, de 2,5%, o contingenciamento seria no m\u00e1ximo da ordem de R$ 40 bilh\u00f5es &#8211; a diferen\u00e7a entre o teto e o piso de 0,6%. Ou seja, mesmo com esse corte de 2 pontos porcentuais, o bloqueio ficaria abaixo do valor que vem sendo previsto pelo mercado.<\/p>\n\n\n\t<p>\n\t\t<a href=\"https:\/\/lp.suno.com.br\/ebook-gratuito-investindo-no-exterior\/\" target=\"_blank\" data-element=\"shortcode-suno-banner\" title=\"Banner SUNO, clique e saiba mais\">\n\t\t\t<picture>\n\t\t\t\t<source media=\"(max-width: 500px)\" srcset=\"https:\/\/files.sunoresearch.com.br\/n\/uploads\/2023\/03\/400x300-Investindo-no-exterior.png\">\n\t\t\t\t<img class=\"newsContent__article__imgCapa newsContent__article__imgCapa--banner\"\n\t\t\t\t\tsrc=\"https:\/\/files.sunoresearch.com.br\/n\/uploads\/2023\/03\/1420x240-Investindo-no-exterior.png\"\n\t\t\t\t\tdata-promo-id=\"383161\"\t\t\t\t\t\t\t\t\t\twidth='1420' height='240'\t\t\t\t\talt=\"https:\/\/files.sunoresearch.com.br\/n\/uploads\/2023\/03\/1420x240-Investindo-no-exterior.png\"\n\t\t\t\t>\n\t\t\t<\/picture>\n\t\t<\/a>\n\t<\/p>\n\n\n\n\n\n<h2 class=\"wp-block-heading\">Em vit\u00f3ria de Haddad, governo vai manter meta de d\u00e9ficit zero na LDO<\/h2>\n\n\n\n<p>O governo descartou a possibilidade de alterar neste momento a meta de <strong>d\u00e9ficit zero<\/strong> para as <strong>contas p\u00fablicas em 2024<\/strong>. A informa\u00e7\u00e3o foi confirmada primeiro pelo relator do projeto de Lei de Diretrizes Or\u00e7ament\u00e1rias, deputado Danilo Forte (Uni\u00e3o Brasil-CE), e, na sequ\u00eancia, pelo ministro das Rela\u00e7\u00f5es Institucionais, Alexandre Padilha. A decis\u00e3o representa uma vit\u00f3ria pol\u00edtica do ministro da Fazenda, Fernando Haddad, que vem sofrendo press\u00e3o de outros colegas de governo e do PT para rever o alvo.<\/p>\n\n\n\n<p>O an\u00fancio ocorreu ap\u00f3s reuni\u00e3o nesta quinta, 16, no Pal\u00e1cio do Planalto, que contou com a presen\u00e7a de Forte, Haddad e Padilha e ainda das ministras Simone Tebet (Planejamento e Or\u00e7amento) e Esther Dweck (Gest\u00e3o e Inova\u00e7\u00e3o em Servi\u00e7os P\u00fablicos) e do l\u00edder do governo no Congresso, senador Randolfe Rodrigues (sem partido-AP).<\/p>\n\n\n\n<p>Tamb\u00e9m era esperada a presen\u00e7a do ministro da Casa Civil, Rui Costa, que defendia a revis\u00e3o da <a class=\"suno-keyword\" target=\"_blank\" data-force=\"no\" data-priority=\"1\" href=\"https:\/\/www.suno.com.br\/artigos\/meta-fiscal\/\" rel=\"noopener\">meta fiscal<\/a>. Ele n\u00e3o participou porque, na hora da reuni\u00e3o, estava em Bel\u00e9m (PA) no lan\u00e7amento de projetos do novo Programa de Acelera\u00e7\u00e3o do Crescimento (PAC) para o Estado.<\/p>\n\n\n\n<p>&#8220;O governo manteve a posi\u00e7\u00e3o dele de meta fiscal zero. Tirou qualquer possibilidade de emenda ao relat\u00f3rio (da <strong>LDO<\/strong>), qualquer mensagem modificativa com rela\u00e7\u00e3o ao que est\u00e1 sendo decidido, e a preserva\u00e7\u00e3o do <strong>arcabou\u00e7o fiscal<\/strong>&#8220;, declarou Forte, depois da reuni\u00e3o com os ministros. &#8220;Vamos trabalhar agora para concluir a vota\u00e7\u00e3o do Or\u00e7amento para dar ao Pa\u00eds um Or\u00e7amento fact\u00edvel em 2024. A possibilidade de revis\u00e3o poder\u00e1 vir em alguma mudan\u00e7a no futuro, mas no presente (momento) o governo manteve a meta fiscal zero.&#8221;<\/p>\n\n\n\n<p>O governo tinha at\u00e9 esta sexta, 17, para decidir se mudava ou n\u00e3o a meta de d\u00e9ficit zero, o que s\u00f3 poderia ser feito por meio de emenda de parlamentares \u00e0 LDO ou via acordo com o pr\u00f3prio relator. Na segunda-feira, 13, o deputado Lindbergh Farias (PT-RJ) chegou a apresentar duas emendas \u00e0 LDO que alteram a meta fiscal do ano que vem. Uma delas prev\u00ea d\u00e9ficit de 0,75% do PIB e a outra, de 1%.<\/p>\n\n\n\n<p>Forte disse que dever\u00e1 entregar seu relat\u00f3rio final na pr\u00f3xima segunda ou ter\u00e7a-feira. A expectativa \u00e9 de que a vota\u00e7\u00e3o do texto na Comiss\u00e3o Mista de Or\u00e7amento (CMO) aconte\u00e7a na quarta-feira.<\/p>\n\n\n\n<p>A discuss\u00e3o sobre eventual mudan\u00e7a da meta foi reaberta pelo pr\u00f3prio presidente <strong>Luiz In\u00e1cio Lula da Silva<\/strong>, no fim de outubro, depois de dizer que o d\u00e9ficit zero &#8220;dificilmente&#8221; seria atingido e que o Pa\u00eds n\u00e3o precisava disso. &#8220;O que eu posso dizer \u00e9 que ela (a meta fiscal) n\u00e3o precisa ser zero. A gente n\u00e3o precisa disso. Eu n\u00e3o vou estabelecer uma meta fiscal que me obrigue a come\u00e7ar o ano fazendo corte de bilh\u00f5es nas obras que s\u00e3o priorit\u00e1rias nesse Pa\u00eds&#8221;, disse Lula, em encontro com jornalistas.<\/p>\n\n\n\n<h2 class=\"wp-block-heading\">Discuss\u00e3o sobre meta fiscal racha governo<\/h2>\n\n\n\n<p>A discuss\u00e3o, criticada por especialistas e no <a class=\"suno-keyword\" target=\"_blank\" data-force=\"no\" data-priority=\"2\" href=\"https:\/\/www.suno.com.br\/guias\/mercado-financeiro\/\" rel=\"noopener\">mercado financeiro<\/a>, dividiu o governo. Rui Costa prop\u00f4s a altera\u00e7\u00e3o da meta para d\u00e9ficit de 0,5% do PIB. Padilha, Simone Tebet e Esther Dweck defenderam a posi\u00e7\u00e3o de esperar mais informa\u00e7\u00f5es sobre a aprova\u00e7\u00e3o de projetos no Congresso que podem aumentar a arrecada\u00e7\u00e3o do governo no pr\u00f3ximo ano &#8211; e, assim, evitar um contingenciamento de gastos em pleno ano de elei\u00e7\u00f5es municipais.<\/p>\n\n\n\n<p>Sob press\u00e3o, Haddad pediu tempo at\u00e9 mar\u00e7o, quando deve sair o primeiro Relat\u00f3rio de Receitas e Despesas Prim\u00e1rias de 2024, para que se decida sobre qualquer mudan\u00e7a na meta. Como mostrou o <strong>Estad\u00e3o<\/strong>, o ministro quer aguardar o avan\u00e7o das medidas arrecadat\u00f3rias no Congresso. A <strong>equipe econ\u00f4mica <\/strong>ainda corre atr\u00e1s de uma receita extra de R$ 168 bilh\u00f5es para garantir o equil\u00edbrio das contas p\u00fablicas no pr\u00f3ximo ano.<\/p>\n\n\n\n<p>Haddad e Tebet foram os primeiros a sair da reuni\u00e3o, antes mesmo do seu t\u00e9rmino. Eles deixaram o Pal\u00e1cio do Planalto por volta das 12h30. Haddad chegou \u00e0 Fazenda sem falar com a imprensa. De acordo com Danilo Forte, o ministro da Fazenda voltou a demonstrar preocupa\u00e7\u00e3o com a conclus\u00e3o das vota\u00e7\u00f5es no Congresso de projetos que aumentam a arrecada\u00e7\u00e3o do governo.<\/p>\n\n\n\n<p>Haddad apresentou no come\u00e7o do ano a meta de zerar o <strong>d\u00e9ficit das contas p\u00fablicas <\/strong>em 2024, junto com o novo arcabou\u00e7o fiscal, que substitui o antigo <a class=\"suno-keyword\" target=\"_blank\" data-force=\"no\" data-priority=\"1\" href=\"https:\/\/www.suno.com.br\/artigos\/teto-de-gastos\/\" rel=\"noopener\">teto de gastos<\/a>, com regras mais flex\u00edveis para as despesas. A Casa Civil e a presidente do PT, Gleisi Hoffmann, contudo, foram contra o objetivo de d\u00e9ficit zero por entenderem que o aperto fiscal pode comprometer o crescimento econ\u00f4mico.<\/p>\n\n\n\n<p><strong>Haddad<\/strong> resistiu ao &#8220;fogo amigo&#8221;, com o argumento de que a aprova\u00e7\u00e3o das medidas no Congresso podem elevar a arrecada\u00e7\u00e3o. Mas, ap\u00f3s as declara\u00e7\u00f5es de Lula, as press\u00f5es pela mudan\u00e7a da meta voltaram a crescer.<\/p>\n\n\n\n<p>As informa\u00e7\u00f5es s\u00e3o do jornal <strong>O Estado de S. Paulo.<\/strong><\/p>\n\n\n\n<p><em>Com Estad\u00e3o Conte\u00fado<\/em><\/p>\n\n\n\t<p>\n\t\t<a href=\"https:\/\/lp.suno.com.br\/planilha-da-vida-financeira\/\" target=\"_blank\" data-element=\"shortcode-suno-banner\" title=\"Banner SUNO, clique e saiba mais\">\n\t\t\t<picture>\n\t\t\t\t<source media=\"(max-width: 500px)\" srcset=\"https:\/\/files.sunoresearch.com.br\/n\/uploads\/2023\/04\/400x300-Planilha-vida-financeira-true.png\">\n\t\t\t\t<img class=\"newsContent__article__imgCapa newsContent__article__imgCapa--banner\"\n\t\t\t\t\tsrc=\"https:\/\/files.sunoresearch.com.br\/n\/uploads\/2023\/04\/1420x240-Planilha-vida-financeira-true.png\"\n\t\t\t\t\tdata-promo-id=\"383123\"\t\t\t\t\t\t\t\t\t\twidth='1420' height='240'\t\t\t\t\talt=\"https:\/\/files.sunoresearch.com.br\/n\/uploads\/2023\/04\/1420x240-Planilha-vida-financeira-true.png\"\n\t\t\t\t>\n\t\t\t<\/picture>\n\t\t<\/a>\n\t<\/p>\n\n\n","protected":false},"excerpt":{"rendered":"<p>O ministro da Fazenda, Fernando Haddad, disse nesta sexta-feira, 17, que o contingenciamento do or\u00e7amento necess\u00e1rio para zerar o d\u00e9ficit das contas prim\u00e1rias no ano que vem pode variar de R$ 22 bilh\u00f5es a R$ 23 bilh\u00f5es pelas estimativas atuais da pasta. Mas ele insistiu que nada mudou em rela\u00e7\u00e3o ao marco fiscal. Foto: Diogo [&hellip;]<\/p>\n","protected":false},"author":43,"featured_media":413518,"comment_status":"closed","ping_status":"closed","sticky":false,"template":"","format":"standard","meta":[],"categories":[61],"tags":[716,824,1128],"suno_strategy":[],"class_list":["post-487282","post","type-post","status-publish","format-standard","has-post-thumbnail","hentry","category-politica","tag-fernando-haddad","tag-ministerio-fazenda","tag-orcamento-publico"],"yoast_head":"<!-- This site is optimized with the Yoast SEO plugin v24.4 - https:\/\/yoast.com\/wordpress\/plugins\/seo\/ -->\n<title>Haddad: contingenciamento em 2024 pode chegar a R$ 23 bilh\u00f5es<\/title>\n<meta name=\"description\" content=\"O ministro Fernando Haddad disseque o contingenciamento do or\u00e7amento para zerar o d\u00e9ficit das contas prim\u00e1rias pode chegar a R$ 23 bilh\u00f5es\" \/>\n<meta name=\"robots\" content=\"index, follow, max-snippet:-1, max-image-preview:large, max-video-preview:-1\" \/>\n<link rel=\"canonical\" href=\"https:\/\/www.suno.com.br\/noticias\/haddad-contingenciamento-orcamento-2024-meta-fiscal-deficit\/\" \/>\n<meta property=\"og:locale\" content=\"pt_BR\" \/>\n<meta property=\"og:type\" content=\"article\" \/>\n<meta property=\"og:title\" content=\"Haddad: contingenciamento em 2024 pode chegar a R$ 23 bilh\u00f5es\" \/>\n<meta property=\"og:description\" content=\"O ministro Fernando Haddad disseque o contingenciamento do or\u00e7amento para zerar o d\u00e9ficit das contas prim\u00e1rias pode chegar a R$ 23 bilh\u00f5es\" \/>\n<meta property=\"og:url\" content=\"https:\/\/www.suno.com.br\/noticias\/haddad-contingenciamento-orcamento-2024-meta-fiscal-deficit\/\" \/>\n<meta property=\"og:site_name\" content=\"Suno Not\u00edcias\" \/>\n<meta property=\"article:publisher\" content=\"https:\/\/facebook.com\/sunoresearch\" \/>\n<meta property=\"article:author\" content=\"https:\/\/www.facebook.com\/sunonoticias\/\" \/>\n<meta property=\"og:image\" content=\"https:\/\/files.sunoresearch.com.br\/n\/uploads\/2023\/06\/haddad-programa-desenrola-brasil.jpg\" \/>\n\t<meta property=\"og:image:width\" content=\"1200\" \/>\n\t<meta property=\"og:image:height\" content=\"800\" \/>\n\t<meta property=\"og:image:type\" content=\"image\/jpeg\" \/>\n<meta name=\"author\" content=\"Reda\u00e7\u00e3o Suno Not\u00edcias\" \/>\n<meta name=\"twitter:card\" content=\"summary_large_image\" \/>\n<meta name=\"twitter:creator\" content=\"@https:\/\/twitter.com\/sunoresearch\" \/>\n<meta name=\"twitter:site\" content=\"@sunoresearch\" \/>\n<meta name=\"twitter:label1\" content=\"Escrito por\" \/>\n\t<meta name=\"twitter:data1\" content=\"Reda\u00e7\u00e3o Suno Not\u00edcias\" \/>\n\t<meta name=\"twitter:label2\" content=\"Est. tempo de leitura\" \/>\n\t<meta name=\"twitter:data2\" content=\"7 minutos\" \/>\n<script type=\"application\/ld+json\" class=\"yoast-schema-graph\">{\"@context\":\"https:\/\/schema.org\",\"@graph\":[{\"@type\":\"NewsArticle\",\"@id\":\"https:\/\/www.suno.com.br\/noticias\/haddad-contingenciamento-orcamento-2024-meta-fiscal-deficit\/#article\",\"isPartOf\":{\"@id\":\"https:\/\/www.suno.com.br\/noticias\/haddad-contingenciamento-orcamento-2024-meta-fiscal-deficit\/\"},\"author\":{\"name\":\"Reda\u00e7\u00e3o Suno Not\u00edcias\",\"@id\":\"https:\/\/www.suno.com.br\/noticias\/#\/schema\/person\/c1b1bd3727fa852bd045e9dbff3673ea\"},\"headline\":\"Haddad: para zerar d\u00e9ficit, bloqueio do or\u00e7amento em 2024 pode chegar a R$ 23 bilh\u00f5es\",\"datePublished\":\"2023-11-17T23:41:18+00:00\",\"dateModified\":\"2023-11-18T00:00:23+00:00\",\"mainEntityOfPage\":{\"@id\":\"https:\/\/www.suno.com.br\/noticias\/haddad-contingenciamento-orcamento-2024-meta-fiscal-deficit\/\"},\"wordCount\":1269,\"publisher\":{\"@id\":\"https:\/\/www.suno.com.br\/noticias\/#organization\"},\"image\":{\"@id\":\"https:\/\/www.suno.com.br\/noticias\/haddad-contingenciamento-orcamento-2024-meta-fiscal-deficit\/#primaryimage\"},\"thumbnailUrl\":\"https:\/\/files.sunoresearch.com.br\/n\/uploads\/2023\/06\/haddad-programa-desenrola-brasil.jpg\",\"keywords\":[\"Fernando Haddad\",\"Minist\u00e9rio da Fazenda\",\"Or\u00e7amento P\u00fablico\"],\"articleSection\":[\"Pol\u00edtica\"],\"inLanguage\":\"pt-BR\"},{\"@type\":\"WebPage\",\"@id\":\"https:\/\/www.suno.com.br\/noticias\/haddad-contingenciamento-orcamento-2024-meta-fiscal-deficit\/\",\"url\":\"https:\/\/www.suno.com.br\/noticias\/haddad-contingenciamento-orcamento-2024-meta-fiscal-deficit\/\",\"name\":\"Haddad: contingenciamento em 2024 pode chegar a R$ 23 bilh\u00f5es\",\"isPartOf\":{\"@id\":\"https:\/\/www.suno.com.br\/noticias\/#website\"},\"primaryImageOfPage\":{\"@id\":\"https:\/\/www.suno.com.br\/noticias\/haddad-contingenciamento-orcamento-2024-meta-fiscal-deficit\/#primaryimage\"},\"image\":{\"@id\":\"https:\/\/www.suno.com.br\/noticias\/haddad-contingenciamento-orcamento-2024-meta-fiscal-deficit\/#primaryimage\"},\"thumbnailUrl\":\"https:\/\/files.sunoresearch.com.br\/n\/uploads\/2023\/06\/haddad-programa-desenrola-brasil.jpg\",\"datePublished\":\"2023-11-17T23:41:18+00:00\",\"dateModified\":\"2023-11-18T00:00:23+00:00\",\"description\":\"O ministro Fernando Haddad disseque o contingenciamento do or\u00e7amento para zerar o d\u00e9ficit das contas prim\u00e1rias pode chegar a R$ 23 bilh\u00f5es\",\"breadcrumb\":{\"@id\":\"https:\/\/www.suno.com.br\/noticias\/haddad-contingenciamento-orcamento-2024-meta-fiscal-deficit\/#breadcrumb\"},\"inLanguage\":\"pt-BR\",\"potentialAction\":[{\"@type\":\"ReadAction\",\"target\":[\"https:\/\/www.suno.com.br\/noticias\/haddad-contingenciamento-orcamento-2024-meta-fiscal-deficit\/\"]}]},{\"@type\":\"ImageObject\",\"inLanguage\":\"pt-BR\",\"@id\":\"https:\/\/www.suno.com.br\/noticias\/haddad-contingenciamento-orcamento-2024-meta-fiscal-deficit\/#primaryimage\",\"url\":\"https:\/\/files.sunoresearch.com.br\/n\/uploads\/2023\/06\/haddad-programa-desenrola-brasil.jpg\",\"contentUrl\":\"https:\/\/files.sunoresearch.com.br\/n\/uploads\/2023\/06\/haddad-programa-desenrola-brasil.jpg\",\"width\":1200,\"height\":800,\"caption\":\"Foto: Diogo Zacarias\/Minist\u00e9rio da Fazenda\"},{\"@type\":\"BreadcrumbList\",\"@id\":\"https:\/\/www.suno.com.br\/noticias\/haddad-contingenciamento-orcamento-2024-meta-fiscal-deficit\/#breadcrumb\",\"itemListElement\":[{\"@type\":\"ListItem\",\"position\":1,\"name\":\"Not\u00edcias\",\"item\":\"https:\/\/www.suno.com.br\/noticias\/\"},{\"@type\":\"ListItem\",\"position\":2,\"name\":\"Pol\u00edtica\",\"item\":\"https:\/\/www.suno.com.br\/noticias\/politica\/\"},{\"@type\":\"ListItem\",\"position\":3,\"name\":\"Haddad: para zerar d\u00e9ficit, bloqueio do or\u00e7amento em 2024 pode chegar a R$ 23 bilh\u00f5es\"}]},{\"@type\":\"WebSite\",\"@id\":\"https:\/\/www.suno.com.br\/noticias\/#website\",\"url\":\"https:\/\/www.suno.com.br\/noticias\/\",\"name\":\"Suno Not\u00edcias\",\"description\":\"Seu portal de informa\u00e7\u00e3o sobre o mundo dos investimentos\",\"publisher\":{\"@id\":\"https:\/\/www.suno.com.br\/noticias\/#organization\"},\"potentialAction\":[{\"@type\":\"SearchAction\",\"target\":{\"@type\":\"EntryPoint\",\"urlTemplate\":\"https:\/\/www.suno.com.br\/noticias\/?s={search_term_string}\"},\"query-input\":{\"@type\":\"PropertyValueSpecification\",\"valueRequired\":true,\"valueName\":\"search_term_string\"}}],\"inLanguage\":\"pt-BR\"},{\"@type\":\"Organization\",\"@id\":\"https:\/\/www.suno.com.br\/noticias\/#organization\",\"name\":\"Suno Not\u00edcias\",\"url\":\"https:\/\/www.suno.com.br\/noticias\/\",\"logo\":{\"@type\":\"ImageObject\",\"inLanguage\":\"pt-BR\",\"@id\":\"https:\/\/www.suno.com.br\/noticias\/#\/schema\/logo\/image\/\",\"url\":\"https:\/\/files.sunoresearch.com.br\/n\/uploads\/2021\/09\/suno-logo.png\",\"contentUrl\":\"https:\/\/files.sunoresearch.com.br\/n\/uploads\/2021\/09\/suno-logo.png\",\"width\":180,\"height\":180,\"caption\":\"Suno Not\u00edcias\"},\"image\":{\"@id\":\"https:\/\/www.suno.com.br\/noticias\/#\/schema\/logo\/image\/\"},\"sameAs\":[\"https:\/\/facebook.com\/sunoresearch\",\"https:\/\/x.com\/sunoresearch\",\"https:\/\/www.instagram.com\/suno\",\"https:\/\/www.linkedin.com\/company\/suno-research\/\",\"https:\/\/www.youtube.com\/c\/sunoresearch\"]},{\"@type\":\"Person\",\"@id\":\"https:\/\/www.suno.com.br\/noticias\/#\/schema\/person\/c1b1bd3727fa852bd045e9dbff3673ea\",\"name\":\"Reda\u00e7\u00e3o Suno Not\u00edcias\",\"image\":{\"@type\":\"ImageObject\",\"inLanguage\":\"pt-BR\",\"@id\":\"https:\/\/www.suno.com.br\/noticias\/#\/schema\/person\/image\/\",\"url\":\"https:\/\/secure.gravatar.com\/avatar\/b8104b9b5a71985d5238ee59fbe418af?s=96&r=g\",\"contentUrl\":\"https:\/\/secure.gravatar.com\/avatar\/b8104b9b5a71985d5238ee59fbe418af?s=96&r=g\",\"caption\":\"Reda\u00e7\u00e3o Suno Not\u00edcias\"},\"description\":\"O Suno Not\u00edcias \u00e9 um portal de informa\u00e7\u00f5es sobre Mercado Financeiro, Pol\u00edtica, Neg\u00f3cios, Economia e Finan\u00e7as Pessoais.\",\"sameAs\":[\"https:\/\/www.suno.com.br\/noticias\",\"https:\/\/www.facebook.com\/sunonoticias\/\",\"https:\/\/www.instagram.com\/sunonoticias\/\",\"https:\/\/x.com\/https:\/\/twitter.com\/sunoresearch\",\"https:\/\/www.youtube.com\/sunonoticias\"],\"url\":\"https:\/\/www.suno.com.br\/noticias\/author\/redacao-suno\/\"}]}<\/script>\n<!-- \/ Yoast SEO plugin. -->","yoast_head_json":{"title":"Haddad: contingenciamento em 2024 pode chegar a R$ 23 bilh\u00f5es","description":"O ministro Fernando Haddad disseque o contingenciamento do or\u00e7amento para zerar o d\u00e9ficit das contas prim\u00e1rias pode chegar a R$ 23 bilh\u00f5es","robots":{"index":"index","follow":"follow","max-snippet":"max-snippet:-1","max-image-preview":"max-image-preview:large","max-video-preview":"max-video-preview:-1"},"canonical":"https:\/\/www.suno.com.br\/noticias\/haddad-contingenciamento-orcamento-2024-meta-fiscal-deficit\/","og_locale":"pt_BR","og_type":"article","og_title":"Haddad: contingenciamento em 2024 pode chegar a R$ 23 bilh\u00f5es","og_description":"O ministro Fernando Haddad disseque o contingenciamento do or\u00e7amento para zerar o d\u00e9ficit das contas prim\u00e1rias pode chegar a R$ 23 bilh\u00f5es","og_url":"https:\/\/www.suno.com.br\/noticias\/haddad-contingenciamento-orcamento-2024-meta-fiscal-deficit\/","og_site_name":"Suno Not\u00edcias","article_publisher":"https:\/\/facebook.com\/sunoresearch","article_author":"https:\/\/www.facebook.com\/sunonoticias\/","og_image":[{"width":1200,"height":800,"url":"https:\/\/files.sunoresearch.com.br\/n\/uploads\/2023\/06\/haddad-programa-desenrola-brasil.jpg","type":"image\/jpeg"}],"author":"Reda\u00e7\u00e3o Suno Not\u00edcias","twitter_card":"summary_large_image","twitter_creator":"@https:\/\/twitter.com\/sunoresearch","twitter_site":"@sunoresearch","twitter_misc":{"Escrito por":"Reda\u00e7\u00e3o Suno Not\u00edcias","Est. tempo de leitura":"7 minutos"},"schema":{"@context":"https:\/\/schema.org","@graph":[{"@type":"NewsArticle","@id":"https:\/\/www.suno.com.br\/noticias\/haddad-contingenciamento-orcamento-2024-meta-fiscal-deficit\/#article","isPartOf":{"@id":"https:\/\/www.suno.com.br\/noticias\/haddad-contingenciamento-orcamento-2024-meta-fiscal-deficit\/"},"author":{"name":"Reda\u00e7\u00e3o Suno Not\u00edcias","@id":"https:\/\/www.suno.com.br\/noticias\/#\/schema\/person\/c1b1bd3727fa852bd045e9dbff3673ea"},"headline":"Haddad: para zerar d\u00e9ficit, bloqueio do or\u00e7amento em 2024 pode chegar a R$ 23 bilh\u00f5es","datePublished":"2023-11-17T23:41:18+00:00","dateModified":"2023-11-18T00:00:23+00:00","mainEntityOfPage":{"@id":"https:\/\/www.suno.com.br\/noticias\/haddad-contingenciamento-orcamento-2024-meta-fiscal-deficit\/"},"wordCount":1269,"publisher":{"@id":"https:\/\/www.suno.com.br\/noticias\/#organization"},"image":{"@id":"https:\/\/www.suno.com.br\/noticias\/haddad-contingenciamento-orcamento-2024-meta-fiscal-deficit\/#primaryimage"},"thumbnailUrl":"https:\/\/files.sunoresearch.com.br\/n\/uploads\/2023\/06\/haddad-programa-desenrola-brasil.jpg","keywords":["Fernando Haddad","Minist\u00e9rio da Fazenda","Or\u00e7amento P\u00fablico"],"articleSection":["Pol\u00edtica"],"inLanguage":"pt-BR"},{"@type":"WebPage","@id":"https:\/\/www.suno.com.br\/noticias\/haddad-contingenciamento-orcamento-2024-meta-fiscal-deficit\/","url":"https:\/\/www.suno.com.br\/noticias\/haddad-contingenciamento-orcamento-2024-meta-fiscal-deficit\/","name":"Haddad: contingenciamento em 2024 pode chegar a R$ 23 bilh\u00f5es","isPartOf":{"@id":"https:\/\/www.suno.com.br\/noticias\/#website"},"primaryImageOfPage":{"@id":"https:\/\/www.suno.com.br\/noticias\/haddad-contingenciamento-orcamento-2024-meta-fiscal-deficit\/#primaryimage"},"image":{"@id":"https:\/\/www.suno.com.br\/noticias\/haddad-contingenciamento-orcamento-2024-meta-fiscal-deficit\/#primaryimage"},"thumbnailUrl":"https:\/\/files.sunoresearch.com.br\/n\/uploads\/2023\/06\/haddad-programa-desenrola-brasil.jpg","datePublished":"2023-11-17T23:41:18+00:00","dateModified":"2023-11-18T00:00:23+00:00","description":"O ministro Fernando Haddad disseque o contingenciamento do or\u00e7amento para zerar o d\u00e9ficit das contas prim\u00e1rias pode chegar a R$ 23 bilh\u00f5es","breadcrumb":{"@id":"https:\/\/www.suno.com.br\/noticias\/haddad-contingenciamento-orcamento-2024-meta-fiscal-deficit\/#breadcrumb"},"inLanguage":"pt-BR","potentialAction":[{"@type":"ReadAction","target":["https:\/\/www.suno.com.br\/noticias\/haddad-contingenciamento-orcamento-2024-meta-fiscal-deficit\/"]}]},{"@type":"ImageObject","inLanguage":"pt-BR","@id":"https:\/\/www.suno.com.br\/noticias\/haddad-contingenciamento-orcamento-2024-meta-fiscal-deficit\/#primaryimage","url":"https:\/\/files.sunoresearch.com.br\/n\/uploads\/2023\/06\/haddad-programa-desenrola-brasil.jpg","contentUrl":"https:\/\/files.sunoresearch.com.br\/n\/uploads\/2023\/06\/haddad-programa-desenrola-brasil.jpg","width":1200,"height":800,"caption":"Foto: Diogo Zacarias\/Minist\u00e9rio da Fazenda"},{"@type":"BreadcrumbList","@id":"https:\/\/www.suno.com.br\/noticias\/haddad-contingenciamento-orcamento-2024-meta-fiscal-deficit\/#breadcrumb","itemListElement":[{"@type":"ListItem","position":1,"name":"Not\u00edcias","item":"https:\/\/www.suno.com.br\/noticias\/"},{"@type":"ListItem","position":2,"name":"Pol\u00edtica","item":"https:\/\/www.suno.com.br\/noticias\/politica\/"},{"@type":"ListItem","position":3,"name":"Haddad: para zerar d\u00e9ficit, bloqueio do or\u00e7amento em 2024 pode chegar a R$ 23 bilh\u00f5es"}]},{"@type":"WebSite","@id":"https:\/\/www.suno.com.br\/noticias\/#website","url":"https:\/\/www.suno.com.br\/noticias\/","name":"Suno Not\u00edcias","description":"Seu portal de informa\u00e7\u00e3o sobre o mundo dos investimentos","publisher":{"@id":"https:\/\/www.suno.com.br\/noticias\/#organization"},"potentialAction":[{"@type":"SearchAction","target":{"@type":"EntryPoint","urlTemplate":"https:\/\/www.suno.com.br\/noticias\/?s={search_term_string}"},"query-input":{"@type":"PropertyValueSpecification","valueRequired":true,"valueName":"search_term_string"}}],"inLanguage":"pt-BR"},{"@type":"Organization","@id":"https:\/\/www.suno.com.br\/noticias\/#organization","name":"Suno Not\u00edcias","url":"https:\/\/www.suno.com.br\/noticias\/","logo":{"@type":"ImageObject","inLanguage":"pt-BR","@id":"https:\/\/www.suno.com.br\/noticias\/#\/schema\/logo\/image\/","url":"https:\/\/files.sunoresearch.com.br\/n\/uploads\/2021\/09\/suno-logo.png","contentUrl":"https:\/\/files.sunoresearch.com.br\/n\/uploads\/2021\/09\/suno-logo.png","width":180,"height":180,"caption":"Suno Not\u00edcias"},"image":{"@id":"https:\/\/www.suno.com.br\/noticias\/#\/schema\/logo\/image\/"},"sameAs":["https:\/\/facebook.com\/sunoresearch","https:\/\/x.com\/sunoresearch","https:\/\/www.instagram.com\/suno","https:\/\/www.linkedin.com\/company\/suno-research\/","https:\/\/www.youtube.com\/c\/sunoresearch"]},{"@type":"Person","@id":"https:\/\/www.suno.com.br\/noticias\/#\/schema\/person\/c1b1bd3727fa852bd045e9dbff3673ea","name":"Reda\u00e7\u00e3o Suno Not\u00edcias","image":{"@type":"ImageObject","inLanguage":"pt-BR","@id":"https:\/\/www.suno.com.br\/noticias\/#\/schema\/person\/image\/","url":"https:\/\/secure.gravatar.com\/avatar\/b8104b9b5a71985d5238ee59fbe418af?s=96&r=g","contentUrl":"https:\/\/secure.gravatar.com\/avatar\/b8104b9b5a71985d5238ee59fbe418af?s=96&r=g","caption":"Reda\u00e7\u00e3o Suno Not\u00edcias"},"description":"O Suno Not\u00edcias \u00e9 um portal de informa\u00e7\u00f5es sobre Mercado Financeiro, Pol\u00edtica, Neg\u00f3cios, Economia e Finan\u00e7as Pessoais.","sameAs":["https:\/\/www.suno.com.br\/noticias","https:\/\/www.facebook.com\/sunonoticias\/","https:\/\/www.instagram.com\/sunonoticias\/","https:\/\/x.com\/https:\/\/twitter.com\/sunoresearch","https:\/\/www.youtube.com\/sunonoticias"],"url":"https:\/\/www.suno.com.br\/noticias\/author\/redacao-suno\/"}]}},"default_loop_html":"<div class=\"cardsPage__listCard__boxs\"><div class=\"cardsPage__listCard__boxs__img\"><a href=\"https:\/\/www.suno.com.br\/noticias\/haddad-contingenciamento-orcamento-2024-meta-fiscal-deficit\/\"><img class=\"mask\" src=\"https:\/\/www.suno.com.br\/noticias\/wp-content\/themes\/suno\/resources\/images\/spotlight\/spotlight1img\/bg-mask.png\" alt=\"Image Mask\"\/><img src=\"https:\/\/files.sunoresearch.com.br\/n\/uploads\/2023\/06\/haddad-programa-desenrola-brasil-400x200.jpg\" alt=\"Haddad: para zerar d\u00e9ficit, bloqueio do or\u00e7amento em 2024 pode chegar a R$ 23 bilh\u00f5es\"\/><\/a><span class=\"spotlightCategory\"><a href=\"https:\/\/www.suno.com.br\/noticias\/politica\/\">Pol\u00edtica<\/a><\/span><\/div><div class=\"cardsPage__listCard__boxs__content\"><a href=\"https:\/\/www.suno.com.br\/noticias\/haddad-contingenciamento-orcamento-2024-meta-fiscal-deficit\/\"><h2 class=\"content__title\">Haddad: para zerar d\u00e9ficit, bloqueio do or\u00e7amento em 2024 pode chegar a R$ 23 bilh\u00f5es<\/h2><\/a><div class=\"newsContent__article__meta\"><div class=\"newsContent__article__meta__authorBox\"><a href=\"https:\/\/www.suno.com.br\/noticias\/author\/redacao-suno\/\" class=\"authorBox__avatar noMobi\"><img src=\"https:\/\/files.sunoresearch.com.br\/n\/uploads\/2020\/08\/0ace682d-redacao-1-150x150.webp\" alt=\"Reda\u00e7\u00e3o Suno Not\u00edcias\"><\/a><div class=\"authorBox__name\"><span>por\n\t\t\t<a href=\"https:\/\/www.suno.com.br\/noticias\/author\/redacao-suno\/\"><span itemprop=\"author\">Reda\u00e7\u00e3o Suno Not\u00edcias<\/span><\/a><\/span><time datetime=\"2023-11-17T20:41:18-03:00\" itemprop=\"datePublished\">17\/11\/2023 20:41<\/time><\/div><\/div><\/div><\/div><\/div>","single_layout":"posts","amp_enabled":true,"_links":{"self":[{"href":"https:\/\/www.suno.com.br\/noticias\/wp-json\/wp\/v2\/posts\/487282"}],"collection":[{"href":"https:\/\/www.suno.com.br\/noticias\/wp-json\/wp\/v2\/posts"}],"about":[{"href":"https:\/\/www.suno.com.br\/noticias\/wp-json\/wp\/v2\/types\/post"}],"author":[{"embeddable":true,"href":"https:\/\/www.suno.com.br\/noticias\/wp-json\/wp\/v2\/users\/43"}],"replies":[{"embeddable":true,"href":"https:\/\/www.suno.com.br\/noticias\/wp-json\/wp\/v2\/comments?post=487282"}],"version-history":[{"count":2,"href":"https:\/\/www.suno.com.br\/noticias\/wp-json\/wp\/v2\/posts\/487282\/revisions"}],"predecessor-version":[{"id":487346,"href":"https:\/\/www.suno.com.br\/noticias\/wp-json\/wp\/v2\/posts\/487282\/revisions\/487346"}],"wp:featuredmedia":[{"embeddable":true,"href":"https:\/\/www.suno.com.br\/noticias\/wp-json\/wp\/v2\/media\/413518"}],"wp:attachment":[{"href":"https:\/\/www.suno.com.br\/noticias\/wp-json\/wp\/v2\/media?parent=487282"}],"wp:term":[{"taxonomy":"category","embeddable":true,"href":"https:\/\/www.suno.com.br\/noticias\/wp-json\/wp\/v2\/categories?post=487282"},{"taxonomy":"post_tag","embeddable":true,"href":"https:\/\/www.suno.com.br\/noticias\/wp-json\/wp\/v2\/tags?post=487282"},{"taxonomy":"suno_strategy","embeddable":true,"href":"https:\/\/www.suno.com.br\/noticias\/wp-json\/wp\/v2\/suno_strategy?post=487282"}],"curies":[{"name":"wp","href":"https:\/\/api.w.org\/{rel}","templated":true}]}}