{"id":487125,"date":"2023-11-17T14:35:48","date_gmt":"2023-11-17T17:35:48","guid":{"rendered":"https:\/\/www.suno.com.br\/noticias\/?p=487125"},"modified":"2023-11-17T19:59:51","modified_gmt":"2023-11-17T22:59:51","slug":"snid11-carteira-fundo-suno-resiliencia-selic-evm","status":"publish","type":"post","link":"https:\/\/www.suno.com.br\/noticias\/snid11-carteira-fundo-suno-resiliencia-selic-evm\/","title":{"rendered":"SNID11: apesar dos cortes da Selic, performance continua s\u00f3lida, em tend\u00eancia de alta"},"content":{"rendered":"<p>No relat\u00f3rio gerencial mais recente do Suno Infra Deb\u00eantures, o <strong><a href=\"https:\/\/www.suno.com.br\/noticias\/snid11-acima-benchmark-rendimento-15-evm\/\" target=\"_blank\" rel=\"noreferrer noopener\">SNID11<\/a><\/strong>, a gest\u00e3o destaca que apesar de o per\u00edodo de setembro a outubro ser marcado pelo corte na Selic, a carteira do fundo segue resiliente e mostrando uma melhora da performance.<\/p><div class=\"videoFull \">\n\t\t\t<div class=\"videoWrapper yt-lazyload center\"\n\t\t\t\tdata-width=\"960\"\n\t\t\t\tdata-height=\"540\"\n\t\t\t\tdata-id=\"nSPT88ASxAA\"\n\t\t\t\tdata-alt=\"V\u00eddeo do YouTube - clique para reproduzir\"\n\t\t\t\tdata-logo=\"3\"\n\t\t\t\tdata-imagequality=\"maxres\">\n\t\t\t<\/div>\n\t\t<\/div><script type=\"application\/ld+json\">{\"@context\":\"https:\/\/schema.org\",\"@type\":\"VideoObject\",\"name\":\"\ud83d\udd34 MAGAZINE LUIZA (MGLU3) DECOLA | META FISCAL MANTIDA | IBOVESPA SOBE\",\"description\":\"#mercadofinanceiro #investimentos #bolsadevalores #ibovespa #dinheiro #finan\u00e7as #pol\u00edtica #d\u00f3lar #livedas19h #petr4 #petrobras #vale3 #vale #a\u00e7\u00f5es #economia #dividendos #magazineluiza #mglu3 #americanas #amer3 \ud83d\udd34BLACK FRIDAY DA SECULUS: https:\/\/www.seculus.com.br\/blackfriday \ud83d\udd34BLACK FRIDAY DA SUNO: https:\/\/lp.suno.com.br\/pv\/black-friday-2023\/?utm_source=youtube.noticias&utm_medium=live&utm_campaign=RS.BKF23.ns.20231110 \ud83d\udd34 APP DO STATUS INVEST: https:\/\/lp.statusinvest.com.br\/cl\/novo-app-status-invest\/?utm_source=instagram.status&utm_medium=bio&utm_campaign=RSI.APP23.ns.20231019 00:00 In\u00edcio do v\u00eddeo 02:01 Fechamento de Preg\u00e3o 06:05 Magazine Luiza sobe 24% 08:17 Meta Fiscal \u00e9 mantida 13:03\u2026\",\"duration\":\"PT29M52S\",\"embedUrl\":\"https:\/\/www.youtube.com\/embed\/nSPT88ASxAA\",\"regionsAllowed\":\"en-US\",\"interactionStatistic\":{\"@type\":\"InteractionCounter\",\"interactionType\":{\"@type\":\"WatchAction\"},\"userInteractionCount\":2707},\"thumbnailUrl\":\"https:\/\/i.ytimg.com\/vi\/nSPT88ASxAA\/default.jpg\",\"uploadDate\":\"2023-11-16T22:35:01Z\"}<\/script>\n\n\n\n\n\t<p>\n\t\t<a href=\"https:\/\/lp.suno.com.br\/ebook-como-analisar-uma-acao\/\" target=\"_blank\" data-element=\"shortcode-suno-banner\" title=\"Banner SUNO, clique e saiba mais\">\n\t\t\t<picture>\n\t\t\t\t<source media=\"(max-width: 500px)\" srcset=\"https:\/\/files.sunoresearch.com.br\/n\/uploads\/2023\/03\/Ebook-Acoes-Mobile.jpg\">\n\t\t\t\t<img class=\"newsContent__article__imgCapa newsContent__article__imgCapa--banner\"\n\t\t\t\t\tsrc=\"https:\/\/files.sunoresearch.com.br\/n\/uploads\/2023\/03\/Ebook-Acoes-Desktop.jpg\"\n\t\t\t\t\tdata-promo-id=\"378302\"\t\t\t\t\t\t\t\t\t\twidth='1420' height='286'\t\t\t\t\talt=\"https:\/\/files.sunoresearch.com.br\/n\/uploads\/2023\/03\/Ebook-Acoes-Desktop.jpg\"\n\t\t\t\t>\n\t\t\t<\/picture>\n\t\t<\/a>\n\t<\/p>\n\n\n\n\n\n\n\n<p>&#8220;\u00c9 importante destacar que, apesar da queda das taxas de juros impactarem o resultado nominal do fundo, o resultado percentual em rela\u00e7\u00e3o ao indexador (%CDI) tem aumentado&#8221;, diz o <strong>relat\u00f3rio gerencial do SNID11<\/strong>.<\/p>\n\n\n\n<p>&#8220;Este aumento se deve ao fato de a carteira do fundo possuir um spread de cr\u00e9dito fixo que n\u00e3o sofre altera\u00e7\u00f5es devido \u00e0s varia\u00e7\u00f5es do indexador&#8221;, completa a gest\u00e3o do <strong>FI-Infra da Suno<\/strong>.<\/p>\n\n\n\n<p>\u00c9 natural que, nominalmente, o fundo seja impactado por uma redu\u00e7\u00e3o da <strong>Selic<\/strong>, dado que o portf\u00f3lio \u00e9 indexado ao CDI por conta dos DAPs &#8211; instrumento utilizado como hedge para troca do componente IPCA das <a class=\"suno-keyword\" target=\"_blank\" data-force=\"no\" data-priority=\"1\" href=\"https:\/\/www.suno.com.br\/artigos\/debentures-incentivadas\/\" rel=\"noopener\">deb\u00eantures incentivadas<\/a>. <\/p>\n\n\n<div class=\"wp-block-image\">\n<figure class=\"aligncenter size-full\"><img loading=\"lazy\" decoding=\"async\" width=\"617\" height=\"410\" src=\"https:\/\/files.sunoresearch.com.br\/n\/uploads\/2023\/11\/performance-SNID11.jpg\" alt=\"Carrego mensal SNID vs CDI e comparativo de retorno\" class=\"wp-image-487133\" srcset=\"https:\/\/files.sunoresearch.com.br\/n\/uploads\/2023\/11\/performance-SNID11.jpg 617w, https:\/\/files.sunoresearch.com.br\/n\/uploads\/2023\/11\/performance-SNID11-300x199.jpg 300w, https:\/\/files.sunoresearch.com.br\/n\/uploads\/2023\/11\/performance-SNID11-150x100.jpg 150w\" sizes=\"(max-width: 617px) 100vw, 617px\" \/><\/figure><\/div>\n\n\n<p>A gest\u00e3o do fundo tamb\u00e9m destaca que o SNID11 vem conseguindo aumentar o percentual de retorno frente ao CDI, j\u00e1 considerando todos os custos operacionais do fundo.<\/p>\n\n\n\n<p>&#8220;Isso exemplifica como um produto atrelado ao CDI continua sendo atrativo mesmo com um cen\u00e1rio de queda da taxa de juros. Ressaltamos a estrat\u00e9gia da gest\u00e3o em linearizar os rendimentos distribu\u00eddos&#8221;, diz  a <strong>Suno Asset<\/strong> no relat\u00f3rio.<\/p>\n\n\n\n<p>&#8220;Conforme explicitado na tabela anterior, o carrego do fundo foi superior ao resultado que de fato foi distribu\u00eddo at\u00e9 o m\u00eas de setembro, acumulando reservas para que os rendimentos mensais sejam linearizados e n\u00e3o sofram impactos no <a class=\"suno-keyword\" target=\"_blank\" data-force=\"no\" data-priority=\"1\" href=\"https:\/\/www.suno.com.br\/artigos\/curto-prazo\/\" rel=\"noopener\">curto prazo<\/a>&#8220;, completa.<\/p>\n\n\n\t<p>\n\t\t<a href=\"https:\/\/lp.suno.com.br\/asset\/suno-fundo-infra-estrutura-snid11\/\" target=\"_blank\" data-element=\"shortcode-suno-banner\" title=\"Banner SUNO, clique e saiba mais\">\n\t\t\t<picture>\n\t\t\t\t<source media=\"(max-width: 500px)\" srcset=\"https:\/\/files.sunoresearch.com.br\/n\/uploads\/2024\/01\/400x300-Banner-Home-1-SNID-AO.png\">\n\t\t\t\t<img class=\"newsContent__article__imgCapa newsContent__article__imgCapa--banner\"\n\t\t\t\t\tsrc=\"https:\/\/files.sunoresearch.com.br\/n\/uploads\/2024\/01\/1420x240-Banner-Home-1-SNID-AO.png\"\n\t\t\t\t\tdata-promo-id=\"364419\"\t\t\t\t\t\t\t\t\t\twidth='1420' height='240'\t\t\t\t\talt=\"https:\/\/files.sunoresearch.com.br\/n\/uploads\/2024\/01\/1420x240-Banner-Home-1-SNID-AO.png\"\n\t\t\t\t>\n\t\t\t<\/picture>\n\t\t<\/a>\n\t<\/p>\n\n\n\n\n\n<h2 class=\"wp-block-heading\">Novidade na carteira do fundo da Suno<\/h2>\n\n\n\n<p>No relat\u00f3rio gerencial, a gest\u00e3o do fundo ainda destacou o in\u00edcio de uma nova posi\u00e7\u00e3o na <strong>carteira do SNID11<\/strong>, a ENAT21.<\/p>\n\n\n\n<p>O ativo em quest\u00e3o \u00e9 uma deb\u00eantures emitida pela Enauta (ENAT3), companhia do segmento de petr\u00f3leo que \u00e9 listada em bolsa.<\/p>\n\n\n\n<p>&#8220;A Enauta possui 21 ativos, sendo 2 campos em fase de explora\u00e7\u00e3o dos recursos, Campos Manati e Atlanta, 1 campo desativado e outros 18 campos em fase explorat\u00f3ria&#8221;, destaca o SNID11 sobre a companhia.<\/p>\n\n\n\n<p>O relat\u00f3rio gerencial lembra que no m\u00eas de setembro a Enauta veio a mercado, em sua 2\u00b0 emiss\u00e3o de debentures, com um montante de R$ 1,1 bilh\u00e3o, para fazer frente a esses investimentos. <\/p>\n\n\n\n<p>&#8220;Por\u00e9m optamos por nos expormos a empresa atrav\u00e9s da deb\u00eanture, atrelada ao CDI, da 1\u00b0 emiss\u00e3o, a ENAT21, por entender que o spread da debenture se encontrava mais atrativo&#8221;, diz a Suno Asset.<\/p>\n\n\n\n<p>A aloca\u00e7\u00e3o foi de 3,6% do patrim\u00f4nio na deb\u00eanture. Correspondendo a um financeiro de,<br>aproximadamente, R$ 1,2 milh\u00f5es. A uma taxa de CDI + 4,59%<\/p>\n\n\n\n<p>Conforme detalhado pela gest\u00e3o, para realizar esta aloca\u00e7\u00e3o foi feita a compromissada reversa no valor de R$ 1 milh\u00e3o, para perfazer o caixa necess\u00e1rio para as aquisi\u00e7\u00f5es.<\/p>\n\n\n\n<h2 class=\"wp-block-heading\">Carteira do SNID11 n\u00e3o foi afetada por mudan\u00e7as no mercado de cr\u00e9dito <\/h2>\n\n\n\n<p>Sobre o mercado de cr\u00e9dito, a gest\u00e3o do fundo destaca que o per\u00edodo foi marcado pela abertura das taxas de juros dos <a class=\"suno-keyword\" target=\"_blank\" data-force=\"no\" data-priority=\"1\" href=\"https:\/\/www.suno.com.br\/artigos\/titulos-publicos\/\" rel=\"noopener\">t\u00edtulos p\u00fablicos<\/a> atrelados ao IPCA (NTN-B). <\/p>\n\n\n\n<p>Com isso, ocorre uma marca\u00e7\u00e3o negativa (desvaloriza\u00e7\u00e3o) dos <a class=\"suno-keyword\" target=\"_blank\" data-force=\"no\" data-priority=\"1\" href=\"https:\/\/www.suno.com.br\/artigos\/titulos-privados\/\" rel=\"noopener\">t\u00edtulos privados<\/a> em geral. <\/p>\n\n\n\n<p>&#8220;Essa abertura de taxas se deu por um contexto macroecon\u00f4mico mais desafiador, impactado tamb\u00e9m pelas taxas de juros americanas, que deve se manter em um patamar elevado por mais tempo&#8221;, observa a gest\u00e3o.<\/p>\n\n\n\n<p>&#8220;O que, na margem, impossibilita o Banco Central Brasileiro de realizar cortes mais agressivos na Taxa Selic. Por fim, mesmo com um cen\u00e1rio mais desafiador, entendemos que n\u00e3o houve deteriora\u00e7\u00e3o dos fundamentos dos credores que temos em carteira&#8221;, completam os gestores do <strong>SNID11<\/strong>.<\/p>\n\n\n\t<p>\n\t\t<a href=\"https:\/\/lp.suno.com.br\/minicurso-investindo-fiis\/\" target=\"_blank\" data-element=\"shortcode-suno-banner\" title=\"Banner SUNO, clique e saiba mais\">\n\t\t\t<picture>\n\t\t\t\t<source media=\"(max-width: 500px)\" srcset=\"https:\/\/files.sunoresearch.com.br\/n\/uploads\/2023\/03\/400x300-Minicurso-FIIS.png\">\n\t\t\t\t<img class=\"newsContent__article__imgCapa newsContent__article__imgCapa--banner\"\n\t\t\t\t\tsrc=\"https:\/\/files.sunoresearch.com.br\/n\/uploads\/2023\/03\/1420x240-Minicurso-FIIS.png\"\n\t\t\t\t\tdata-promo-id=\"383125\"\t\t\t\t\t\t\t\t\t\twidth='1420' height='240'\t\t\t\t\talt=\"https:\/\/files.sunoresearch.com.br\/n\/uploads\/2023\/03\/1420x240-Minicurso-FIIS.png\"\n\t\t\t\t>\n\t\t\t<\/picture>\n\t\t<\/a>\n\t<\/p>\n\n\n","protected":false},"excerpt":{"rendered":"<p>No relat\u00f3rio gerencial mais recente do Suno Infra Deb\u00eantures, o SNID11, a gest\u00e3o destaca que apesar de o per\u00edodo de setembro a outubro ser marcado pelo corte na Selic, a carteira do fundo segue resiliente e mostrando uma melhora da performance. &#8220;\u00c9 importante destacar que, apesar da queda das taxas de juros impactarem o resultado [&hellip;]<\/p>\n","protected":false},"author":73,"featured_media":360039,"comment_status":"closed","ping_status":"closed","sticky":false,"template":"","format":"standard","meta":[],"categories":[66],"tags":[106968,290],"suno_strategy":[],"class_list":["post-487125","post","type-post","status-publish","format-standard","has-post-thumbnail","hentry","category-fiis","tag-snid11","tag-taxa-selic"],"yoast_head":"<!-- This site is optimized with the Yoast SEO plugin v24.4 - https:\/\/yoast.com\/wordpress\/plugins\/seo\/ -->\n<title>SNID11: Apesar dos cortes da Selic, performance segue aumentando<\/title>\n<meta name=\"description\" content=\"Gest\u00e3o do SNID11 destaca que apesar do movimento da Selic, o resultado percentual em rela\u00e7\u00e3o ao indexador (I) tem aumentado\" \/>\n<meta name=\"robots\" content=\"index, follow, max-snippet:-1, max-image-preview:large, max-video-preview:-1\" \/>\n<link rel=\"canonical\" href=\"https:\/\/www.suno.com.br\/noticias\/snid11-carteira-fundo-suno-resiliencia-selic-evm\/\" \/>\n<meta property=\"og:locale\" content=\"pt_BR\" \/>\n<meta property=\"og:type\" content=\"article\" \/>\n<meta property=\"og:title\" content=\"SNID11: Apesar dos cortes da Selic, performance segue aumentando\" \/>\n<meta property=\"og:description\" content=\"Gest\u00e3o do SNID11 destaca que apesar do movimento da Selic, o resultado percentual em rela\u00e7\u00e3o ao indexador (I) tem aumentado\" \/>\n<meta property=\"og:url\" content=\"https:\/\/www.suno.com.br\/noticias\/snid11-carteira-fundo-suno-resiliencia-selic-evm\/\" \/>\n<meta property=\"og:site_name\" content=\"Suno Not\u00edcias\" \/>\n<meta property=\"article:publisher\" content=\"https:\/\/facebook.com\/sunoresearch\" \/>\n<meta property=\"og:image\" content=\"https:\/\/files.sunoresearch.com.br\/n\/uploads\/2023\/02\/SUNO-SNID11-@cauediniz-B3-4640.jpg\" \/>\n\t<meta property=\"og:image:width\" content=\"2500\" \/>\n\t<meta property=\"og:image:height\" content=\"1667\" \/>\n\t<meta property=\"og:image:type\" content=\"image\/jpeg\" \/>\n<meta name=\"author\" content=\"Eduardo Vargas\" \/>\n<meta name=\"twitter:card\" content=\"summary_large_image\" \/>\n<meta name=\"twitter:creator\" content=\"@sunoresearch\" \/>\n<meta name=\"twitter:site\" content=\"@sunoresearch\" \/>\n<meta name=\"twitter:label1\" content=\"Escrito por\" \/>\n\t<meta name=\"twitter:data1\" content=\"Eduardo Vargas\" \/>\n\t<meta name=\"twitter:label2\" content=\"Est. tempo de leitura\" \/>\n\t<meta name=\"twitter:data2\" content=\"4 minutos\" \/>\n<script type=\"application\/ld+json\" class=\"yoast-schema-graph\">{\"@context\":\"https:\/\/schema.org\",\"@graph\":[{\"@type\":\"NewsArticle\",\"@id\":\"https:\/\/www.suno.com.br\/noticias\/snid11-carteira-fundo-suno-resiliencia-selic-evm\/#article\",\"isPartOf\":{\"@id\":\"https:\/\/www.suno.com.br\/noticias\/snid11-carteira-fundo-suno-resiliencia-selic-evm\/\"},\"author\":{\"name\":\"Eduardo Vargas\",\"@id\":\"https:\/\/www.suno.com.br\/noticias\/#\/schema\/person\/7f4d362bf3518e76090143ae77bb49a5\"},\"headline\":\"SNID11: apesar dos cortes da Selic, performance continua s\u00f3lida, em tend\u00eancia de alta\",\"datePublished\":\"2023-11-17T17:35:48+00:00\",\"dateModified\":\"2023-11-17T22:59:51+00:00\",\"mainEntityOfPage\":{\"@id\":\"https:\/\/www.suno.com.br\/noticias\/snid11-carteira-fundo-suno-resiliencia-selic-evm\/\"},\"wordCount\":652,\"publisher\":{\"@id\":\"https:\/\/www.suno.com.br\/noticias\/#organization\"},\"image\":{\"@id\":\"https:\/\/www.suno.com.br\/noticias\/snid11-carteira-fundo-suno-resiliencia-selic-evm\/#primaryimage\"},\"thumbnailUrl\":\"https:\/\/files.sunoresearch.com.br\/n\/uploads\/2023\/02\/SUNO-SNID11-@cauediniz-B3-4640.jpg\",\"keywords\":[\"SNID11\",\"Taxa Selic\"],\"articleSection\":[\"FIIs\"],\"inLanguage\":\"pt-BR\"},{\"@type\":\"WebPage\",\"@id\":\"https:\/\/www.suno.com.br\/noticias\/snid11-carteira-fundo-suno-resiliencia-selic-evm\/\",\"url\":\"https:\/\/www.suno.com.br\/noticias\/snid11-carteira-fundo-suno-resiliencia-selic-evm\/\",\"name\":\"SNID11: Apesar dos cortes da Selic, performance segue aumentando\",\"isPartOf\":{\"@id\":\"https:\/\/www.suno.com.br\/noticias\/#website\"},\"primaryImageOfPage\":{\"@id\":\"https:\/\/www.suno.com.br\/noticias\/snid11-carteira-fundo-suno-resiliencia-selic-evm\/#primaryimage\"},\"image\":{\"@id\":\"https:\/\/www.suno.com.br\/noticias\/snid11-carteira-fundo-suno-resiliencia-selic-evm\/#primaryimage\"},\"thumbnailUrl\":\"https:\/\/files.sunoresearch.com.br\/n\/uploads\/2023\/02\/SUNO-SNID11-@cauediniz-B3-4640.jpg\",\"datePublished\":\"2023-11-17T17:35:48+00:00\",\"dateModified\":\"2023-11-17T22:59:51+00:00\",\"description\":\"Gest\u00e3o do SNID11 destaca que apesar do movimento da Selic, o resultado percentual em rela\u00e7\u00e3o ao indexador (I) tem aumentado\",\"breadcrumb\":{\"@id\":\"https:\/\/www.suno.com.br\/noticias\/snid11-carteira-fundo-suno-resiliencia-selic-evm\/#breadcrumb\"},\"inLanguage\":\"pt-BR\",\"potentialAction\":[{\"@type\":\"ReadAction\",\"target\":[\"https:\/\/www.suno.com.br\/noticias\/snid11-carteira-fundo-suno-resiliencia-selic-evm\/\"]}]},{\"@type\":\"ImageObject\",\"inLanguage\":\"pt-BR\",\"@id\":\"https:\/\/www.suno.com.br\/noticias\/snid11-carteira-fundo-suno-resiliencia-selic-evm\/#primaryimage\",\"url\":\"https:\/\/files.sunoresearch.com.br\/n\/uploads\/2023\/02\/SUNO-SNID11-@cauediniz-B3-4640.jpg\",\"contentUrl\":\"https:\/\/files.sunoresearch.com.br\/n\/uploads\/2023\/02\/SUNO-SNID11-@cauediniz-B3-4640.jpg\",\"width\":2500,\"height\":1667,\"caption\":\"Suno. Foto: Divulga\u00e7\u00e3o.\"},{\"@type\":\"BreadcrumbList\",\"@id\":\"https:\/\/www.suno.com.br\/noticias\/snid11-carteira-fundo-suno-resiliencia-selic-evm\/#breadcrumb\",\"itemListElement\":[{\"@type\":\"ListItem\",\"position\":1,\"name\":\"Not\u00edcias\",\"item\":\"https:\/\/www.suno.com.br\/noticias\/\"},{\"@type\":\"ListItem\",\"position\":2,\"name\":\"FIIs\",\"item\":\"https:\/\/www.suno.com.br\/noticias\/fiis\/\"},{\"@type\":\"ListItem\",\"position\":3,\"name\":\"SNID11: apesar dos cortes da Selic, performance continua s\u00f3lida, em tend\u00eancia de alta\"}]},{\"@type\":\"WebSite\",\"@id\":\"https:\/\/www.suno.com.br\/noticias\/#website\",\"url\":\"https:\/\/www.suno.com.br\/noticias\/\",\"name\":\"Suno Not\u00edcias\",\"description\":\"Seu portal de informa\u00e7\u00e3o sobre o mundo dos investimentos\",\"publisher\":{\"@id\":\"https:\/\/www.suno.com.br\/noticias\/#organization\"},\"potentialAction\":[{\"@type\":\"SearchAction\",\"target\":{\"@type\":\"EntryPoint\",\"urlTemplate\":\"https:\/\/www.suno.com.br\/noticias\/?s={search_term_string}\"},\"query-input\":{\"@type\":\"PropertyValueSpecification\",\"valueRequired\":true,\"valueName\":\"search_term_string\"}}],\"inLanguage\":\"pt-BR\"},{\"@type\":\"Organization\",\"@id\":\"https:\/\/www.suno.com.br\/noticias\/#organization\",\"name\":\"Suno Not\u00edcias\",\"url\":\"https:\/\/www.suno.com.br\/noticias\/\",\"logo\":{\"@type\":\"ImageObject\",\"inLanguage\":\"pt-BR\",\"@id\":\"https:\/\/www.suno.com.br\/noticias\/#\/schema\/logo\/image\/\",\"url\":\"https:\/\/files.sunoresearch.com.br\/n\/uploads\/2021\/09\/suno-logo.png\",\"contentUrl\":\"https:\/\/files.sunoresearch.com.br\/n\/uploads\/2021\/09\/suno-logo.png\",\"width\":180,\"height\":180,\"caption\":\"Suno Not\u00edcias\"},\"image\":{\"@id\":\"https:\/\/www.suno.com.br\/noticias\/#\/schema\/logo\/image\/\"},\"sameAs\":[\"https:\/\/facebook.com\/sunoresearch\",\"https:\/\/x.com\/sunoresearch\",\"https:\/\/www.instagram.com\/suno\",\"https:\/\/www.linkedin.com\/company\/suno-research\/\",\"https:\/\/www.youtube.com\/c\/sunoresearch\"]},{\"@type\":\"Person\",\"@id\":\"https:\/\/www.suno.com.br\/noticias\/#\/schema\/person\/7f4d362bf3518e76090143ae77bb49a5\",\"name\":\"Eduardo Vargas\",\"image\":{\"@type\":\"ImageObject\",\"inLanguage\":\"pt-BR\",\"@id\":\"https:\/\/www.suno.com.br\/noticias\/#\/schema\/person\/image\/\",\"url\":\"https:\/\/secure.gravatar.com\/avatar\/dac340933427a22924c9f99d1eb2e3f2?s=96&r=g\",\"contentUrl\":\"https:\/\/secure.gravatar.com\/avatar\/dac340933427a22924c9f99d1eb2e3f2?s=96&r=g\",\"caption\":\"Eduardo Vargas\"},\"description\":\"Jornalista formado pela UFSC, cobre macroeconomia, neg\u00f3cios e startups para o Suno Not\u00edcias, escrevendo principalmente not\u00edcias sobre o mercado financeiro e a bolsa de valores. No YouTube e no Instagram, \u00e9 respons\u00e1vel pela produ\u00e7\u00e3o de Reels e Shorts do Suno Not\u00edcias. Anteriormente, trabalhou cobrindo economia e cotidiano no ND+ e para o ND, maior jornal impresso de Santa Catarina. Cursou um semestre letivo de Estudos de M\u00eddia na Universidad de Buenos Aires.\",\"url\":\"https:\/\/www.suno.com.br\/noticias\/author\/eduardo-vargas\/\"}]}<\/script>\n<!-- \/ Yoast SEO plugin. -->","yoast_head_json":{"title":"SNID11: Apesar dos cortes da Selic, performance segue aumentando","description":"Gest\u00e3o do SNID11 destaca que apesar do movimento da Selic, o resultado percentual em rela\u00e7\u00e3o ao indexador (I) tem aumentado","robots":{"index":"index","follow":"follow","max-snippet":"max-snippet:-1","max-image-preview":"max-image-preview:large","max-video-preview":"max-video-preview:-1"},"canonical":"https:\/\/www.suno.com.br\/noticias\/snid11-carteira-fundo-suno-resiliencia-selic-evm\/","og_locale":"pt_BR","og_type":"article","og_title":"SNID11: Apesar dos cortes da Selic, performance segue aumentando","og_description":"Gest\u00e3o do SNID11 destaca que apesar do movimento da Selic, o resultado percentual em rela\u00e7\u00e3o ao indexador (I) tem aumentado","og_url":"https:\/\/www.suno.com.br\/noticias\/snid11-carteira-fundo-suno-resiliencia-selic-evm\/","og_site_name":"Suno Not\u00edcias","article_publisher":"https:\/\/facebook.com\/sunoresearch","og_image":[{"width":2500,"height":1667,"url":"https:\/\/files.sunoresearch.com.br\/n\/uploads\/2023\/02\/SUNO-SNID11-@cauediniz-B3-4640.jpg","type":"image\/jpeg"}],"author":"Eduardo Vargas","twitter_card":"summary_large_image","twitter_creator":"@sunoresearch","twitter_site":"@sunoresearch","twitter_misc":{"Escrito por":"Eduardo Vargas","Est. tempo de leitura":"4 minutos"},"schema":{"@context":"https:\/\/schema.org","@graph":[{"@type":"NewsArticle","@id":"https:\/\/www.suno.com.br\/noticias\/snid11-carteira-fundo-suno-resiliencia-selic-evm\/#article","isPartOf":{"@id":"https:\/\/www.suno.com.br\/noticias\/snid11-carteira-fundo-suno-resiliencia-selic-evm\/"},"author":{"name":"Eduardo Vargas","@id":"https:\/\/www.suno.com.br\/noticias\/#\/schema\/person\/7f4d362bf3518e76090143ae77bb49a5"},"headline":"SNID11: apesar dos cortes da Selic, performance continua s\u00f3lida, em tend\u00eancia de alta","datePublished":"2023-11-17T17:35:48+00:00","dateModified":"2023-11-17T22:59:51+00:00","mainEntityOfPage":{"@id":"https:\/\/www.suno.com.br\/noticias\/snid11-carteira-fundo-suno-resiliencia-selic-evm\/"},"wordCount":652,"publisher":{"@id":"https:\/\/www.suno.com.br\/noticias\/#organization"},"image":{"@id":"https:\/\/www.suno.com.br\/noticias\/snid11-carteira-fundo-suno-resiliencia-selic-evm\/#primaryimage"},"thumbnailUrl":"https:\/\/files.sunoresearch.com.br\/n\/uploads\/2023\/02\/SUNO-SNID11-@cauediniz-B3-4640.jpg","keywords":["SNID11","Taxa Selic"],"articleSection":["FIIs"],"inLanguage":"pt-BR"},{"@type":"WebPage","@id":"https:\/\/www.suno.com.br\/noticias\/snid11-carteira-fundo-suno-resiliencia-selic-evm\/","url":"https:\/\/www.suno.com.br\/noticias\/snid11-carteira-fundo-suno-resiliencia-selic-evm\/","name":"SNID11: Apesar dos cortes da Selic, performance segue aumentando","isPartOf":{"@id":"https:\/\/www.suno.com.br\/noticias\/#website"},"primaryImageOfPage":{"@id":"https:\/\/www.suno.com.br\/noticias\/snid11-carteira-fundo-suno-resiliencia-selic-evm\/#primaryimage"},"image":{"@id":"https:\/\/www.suno.com.br\/noticias\/snid11-carteira-fundo-suno-resiliencia-selic-evm\/#primaryimage"},"thumbnailUrl":"https:\/\/files.sunoresearch.com.br\/n\/uploads\/2023\/02\/SUNO-SNID11-@cauediniz-B3-4640.jpg","datePublished":"2023-11-17T17:35:48+00:00","dateModified":"2023-11-17T22:59:51+00:00","description":"Gest\u00e3o do SNID11 destaca que apesar do movimento da Selic, o resultado percentual em rela\u00e7\u00e3o ao indexador (I) tem aumentado","breadcrumb":{"@id":"https:\/\/www.suno.com.br\/noticias\/snid11-carteira-fundo-suno-resiliencia-selic-evm\/#breadcrumb"},"inLanguage":"pt-BR","potentialAction":[{"@type":"ReadAction","target":["https:\/\/www.suno.com.br\/noticias\/snid11-carteira-fundo-suno-resiliencia-selic-evm\/"]}]},{"@type":"ImageObject","inLanguage":"pt-BR","@id":"https:\/\/www.suno.com.br\/noticias\/snid11-carteira-fundo-suno-resiliencia-selic-evm\/#primaryimage","url":"https:\/\/files.sunoresearch.com.br\/n\/uploads\/2023\/02\/SUNO-SNID11-@cauediniz-B3-4640.jpg","contentUrl":"https:\/\/files.sunoresearch.com.br\/n\/uploads\/2023\/02\/SUNO-SNID11-@cauediniz-B3-4640.jpg","width":2500,"height":1667,"caption":"Suno. Foto: Divulga\u00e7\u00e3o."},{"@type":"BreadcrumbList","@id":"https:\/\/www.suno.com.br\/noticias\/snid11-carteira-fundo-suno-resiliencia-selic-evm\/#breadcrumb","itemListElement":[{"@type":"ListItem","position":1,"name":"Not\u00edcias","item":"https:\/\/www.suno.com.br\/noticias\/"},{"@type":"ListItem","position":2,"name":"FIIs","item":"https:\/\/www.suno.com.br\/noticias\/fiis\/"},{"@type":"ListItem","position":3,"name":"SNID11: apesar dos cortes da Selic, performance continua s\u00f3lida, em tend\u00eancia de alta"}]},{"@type":"WebSite","@id":"https:\/\/www.suno.com.br\/noticias\/#website","url":"https:\/\/www.suno.com.br\/noticias\/","name":"Suno Not\u00edcias","description":"Seu portal de informa\u00e7\u00e3o sobre o mundo dos investimentos","publisher":{"@id":"https:\/\/www.suno.com.br\/noticias\/#organization"},"potentialAction":[{"@type":"SearchAction","target":{"@type":"EntryPoint","urlTemplate":"https:\/\/www.suno.com.br\/noticias\/?s={search_term_string}"},"query-input":{"@type":"PropertyValueSpecification","valueRequired":true,"valueName":"search_term_string"}}],"inLanguage":"pt-BR"},{"@type":"Organization","@id":"https:\/\/www.suno.com.br\/noticias\/#organization","name":"Suno Not\u00edcias","url":"https:\/\/www.suno.com.br\/noticias\/","logo":{"@type":"ImageObject","inLanguage":"pt-BR","@id":"https:\/\/www.suno.com.br\/noticias\/#\/schema\/logo\/image\/","url":"https:\/\/files.sunoresearch.com.br\/n\/uploads\/2021\/09\/suno-logo.png","contentUrl":"https:\/\/files.sunoresearch.com.br\/n\/uploads\/2021\/09\/suno-logo.png","width":180,"height":180,"caption":"Suno Not\u00edcias"},"image":{"@id":"https:\/\/www.suno.com.br\/noticias\/#\/schema\/logo\/image\/"},"sameAs":["https:\/\/facebook.com\/sunoresearch","https:\/\/x.com\/sunoresearch","https:\/\/www.instagram.com\/suno","https:\/\/www.linkedin.com\/company\/suno-research\/","https:\/\/www.youtube.com\/c\/sunoresearch"]},{"@type":"Person","@id":"https:\/\/www.suno.com.br\/noticias\/#\/schema\/person\/7f4d362bf3518e76090143ae77bb49a5","name":"Eduardo Vargas","image":{"@type":"ImageObject","inLanguage":"pt-BR","@id":"https:\/\/www.suno.com.br\/noticias\/#\/schema\/person\/image\/","url":"https:\/\/secure.gravatar.com\/avatar\/dac340933427a22924c9f99d1eb2e3f2?s=96&r=g","contentUrl":"https:\/\/secure.gravatar.com\/avatar\/dac340933427a22924c9f99d1eb2e3f2?s=96&r=g","caption":"Eduardo Vargas"},"description":"Jornalista formado pela UFSC, cobre macroeconomia, neg\u00f3cios e startups para o Suno Not\u00edcias, escrevendo principalmente not\u00edcias sobre o mercado financeiro e a bolsa de valores. No YouTube e no Instagram, \u00e9 respons\u00e1vel pela produ\u00e7\u00e3o de Reels e Shorts do Suno Not\u00edcias. Anteriormente, trabalhou cobrindo economia e cotidiano no ND+ e para o ND, maior jornal impresso de Santa Catarina. Cursou um semestre letivo de Estudos de M\u00eddia na Universidad de Buenos Aires.","url":"https:\/\/www.suno.com.br\/noticias\/author\/eduardo-vargas\/"}]}},"default_loop_html":"<div class=\"cardsPage__listCard__boxs\"><div class=\"cardsPage__listCard__boxs__img\"><a href=\"https:\/\/www.suno.com.br\/noticias\/snid11-carteira-fundo-suno-resiliencia-selic-evm\/\"><img class=\"mask\" src=\"https:\/\/www.suno.com.br\/noticias\/wp-content\/themes\/suno\/resources\/images\/spotlight\/spotlight1img\/bg-mask.png\" alt=\"Image Mask\"\/><img src=\"https:\/\/files.sunoresearch.com.br\/n\/uploads\/2023\/02\/SUNO-SNID11-@cauediniz-B3-4640-400x200.jpg\" alt=\"SNID11: apesar dos cortes da Selic, performance continua s\u00f3lida, em tend\u00eancia de alta\"\/><\/a><span class=\"spotlightCategory\"><a href=\"https:\/\/www.suno.com.br\/noticias\/fiis\/\">FIIs<\/a><\/span><\/div><div class=\"cardsPage__listCard__boxs__content\"><a href=\"https:\/\/www.suno.com.br\/noticias\/snid11-carteira-fundo-suno-resiliencia-selic-evm\/\"><h2 class=\"content__title\">SNID11: apesar dos cortes da Selic, performance continua s\u00f3lida, em tend\u00eancia de alta<\/h2><\/a><div class=\"newsContent__article__meta\"><div class=\"newsContent__article__meta__authorBox\"><a href=\"https:\/\/www.suno.com.br\/noticias\/author\/eduardo-vargas\/\" class=\"authorBox__avatar noMobi\"><img src=\"https:\/\/secure.gravatar.com\/avatar\/dac340933427a22924c9f99d1eb2e3f2?s=96&#038;r=g\" alt=\"Eduardo Vargas\"><\/a><div class=\"authorBox__name\"><span>por\n\t\t\t<a href=\"https:\/\/www.suno.com.br\/noticias\/author\/eduardo-vargas\/\"><span itemprop=\"author\">Eduardo Vargas<\/span><\/a><\/span><time datetime=\"2023-11-17T14:35:48-03:00\" itemprop=\"datePublished\">17\/11\/2023 14:35<\/time><\/div><\/div><\/div><\/div><\/div>","single_layout":"posts","amp_enabled":true,"_links":{"self":[{"href":"https:\/\/www.suno.com.br\/noticias\/wp-json\/wp\/v2\/posts\/487125"}],"collection":[{"href":"https:\/\/www.suno.com.br\/noticias\/wp-json\/wp\/v2\/posts"}],"about":[{"href":"https:\/\/www.suno.com.br\/noticias\/wp-json\/wp\/v2\/types\/post"}],"author":[{"embeddable":true,"href":"https:\/\/www.suno.com.br\/noticias\/wp-json\/wp\/v2\/users\/73"}],"replies":[{"embeddable":true,"href":"https:\/\/www.suno.com.br\/noticias\/wp-json\/wp\/v2\/comments?post=487125"}],"version-history":[{"count":3,"href":"https:\/\/www.suno.com.br\/noticias\/wp-json\/wp\/v2\/posts\/487125\/revisions"}],"predecessor-version":[{"id":487323,"href":"https:\/\/www.suno.com.br\/noticias\/wp-json\/wp\/v2\/posts\/487125\/revisions\/487323"}],"wp:featuredmedia":[{"embeddable":true,"href":"https:\/\/www.suno.com.br\/noticias\/wp-json\/wp\/v2\/media\/360039"}],"wp:attachment":[{"href":"https:\/\/www.suno.com.br\/noticias\/wp-json\/wp\/v2\/media?parent=487125"}],"wp:term":[{"taxonomy":"category","embeddable":true,"href":"https:\/\/www.suno.com.br\/noticias\/wp-json\/wp\/v2\/categories?post=487125"},{"taxonomy":"post_tag","embeddable":true,"href":"https:\/\/www.suno.com.br\/noticias\/wp-json\/wp\/v2\/tags?post=487125"},{"taxonomy":"suno_strategy","embeddable":true,"href":"https:\/\/www.suno.com.br\/noticias\/wp-json\/wp\/v2\/suno_strategy?post=487125"}],"curies":[{"name":"wp","href":"https:\/\/api.w.org\/{rel}","templated":true}]}}