{"id":486908,"date":"2023-11-17T11:37:17","date_gmt":"2023-11-17T14:37:17","guid":{"rendered":"https:\/\/www.suno.com.br\/noticias\/?p=486908"},"modified":"2023-11-17T11:37:24","modified_gmt":"2023-11-17T14:37:24","slug":"bolsa-fecha-dia-da-consciencia-negra-feriado-estadual-cpf","status":"publish","type":"post","link":"https:\/\/www.suno.com.br\/noticias\/bolsa-fecha-dia-da-consciencia-negra-feriado-estadual-cpf\/","title":{"rendered":"Bolsa fecha no feriado da Consci\u00eancia Negra? Saiba o que abre e fecha no dia 20 de novembro"},"content":{"rendered":"<p>No pr\u00f3ximo dia 20 de novembro, o feriado do <strong>Dia da Consci\u00eancia Negra<\/strong> \u00e9 comemorado em seis estados brasileiros, em mais de mil cidades. A data em homenagem ao l\u00edder quilombola Zumbi dos Palmares pode modificar o funcionamento de alguns servi\u00e7os b\u00e1sicos. Confira a seguir o que muda. <\/p>\t<div class=\"wrapper-featured-image\">\n\t\t<figure class=\"spotlightImg\">\n\n\t\t\t<picture>\n\t\t\t\t<source media=\"(max-width: 768px)\" srcset=\"https:\/\/files.sunoresearch.com.br\/n\/uploads\/2022\/03\/B32-400x200.jpg\">\n\t\t\t\t<img loading=\"lazy\" decoding=\"async\" class=\"newsContent__article__imgCapa lazyloadDisabled \" src=\"https:\/\/files.sunoresearch.com.br\/n\/uploads\/2022\/03\/B32-800x450.jpg\" width=\"800\" height=\"450\" alt=\"Bolsa fecha no feriado da Consci\u00eancia Negra? Saiba o que abre e fecha no dia 20 de novembro\" fetchpriority=high \/>\n\t\t\t<\/picture>\n\n\t\t\t<figcaption class=\"wp-caption-text wp-caption-text--show\">B3 (B3SA3). Foto: Divulga\u00e7\u00e3o<\/figcaption>\n\t\t<\/figure>\n\t<\/div>\n\n\n\n\n\n\t<p>\n\t\t<a href=\"https:\/\/lp.suno.com.br\/planilha-da-vida-financeira\/\" target=\"_blank\" data-element=\"shortcode-suno-banner\" title=\"Banner SUNO, clique e saiba mais\">\n\t\t\t<picture>\n\t\t\t\t<source media=\"(max-width: 500px)\" srcset=\"https:\/\/files.sunoresearch.com.br\/n\/uploads\/2023\/04\/400x300-Planilha-vida-financeira-true.png\">\n\t\t\t\t<img class=\"newsContent__article__imgCapa newsContent__article__imgCapa--banner\"\n\t\t\t\t\tsrc=\"https:\/\/files.sunoresearch.com.br\/n\/uploads\/2023\/04\/1420x240-Planilha-vida-financeira-true.png\"\n\t\t\t\t\tdata-promo-id=\"383123\"\t\t\t\t\t\t\t\t\t\twidth='1420' height='240'\t\t\t\t\talt=\"https:\/\/files.sunoresearch.com.br\/n\/uploads\/2023\/04\/1420x240-Planilha-vida-financeira-true.png\"\n\t\t\t\t>\n\t\t\t<\/picture>\n\t\t<\/a>\n\t<\/p>\n\n\n\n\n\n<p>O <strong>Dia da Consci\u00eancia Negra<\/strong> por enquanto \u00e9 reconhecido como um <strong>feriado estadual <\/strong>para as unidades federativas de Alagoas, Amazonas, Amap\u00e1, Mato Grosso, Rio de Janeiro e S\u00e3o Paulo.<\/p>\n\n\n\n<p>Al\u00e9m delas, algumas cidades brasileiras t\u00eam leis municipais que registram o <strong>dia 20 de novembro<\/strong> como <strong>feriado municipal<\/strong>, como em Boa Vista, capital de Roraima. No Distrito Federal, em Bras\u00edlia, a data \u00e9 considerada <strong>ponto facultativo<\/strong>.<\/p>\n\n\n\n<p>Al\u00e9m disso, um projeto de lei em tramita\u00e7\u00e3o pretende tornar o <strong>Dia da Consci\u00eancia Negra<\/strong> um feriado nacional. A proposta est\u00e1 para ser votada na C\u00e2mara dos Deputados, com aprova\u00e7\u00e3o do Senado. <\/p>\n\n\n\n<h2 class=\"wp-block-heading\">Quem vai trabalhar no dia 20 de novembro?<\/h2>\n\n\n\n<p>No setor p\u00fablico, funcion\u00e1rios federais n\u00e3o ter\u00e3o <strong>ponto facultativo<\/strong> na segunda-feira, dia 20 de novembro.  <\/p>\n\n\n\n<p>Servidores p\u00fablicos a n\u00edvel municipal e estadual dever\u00e3o ver qual \u00e9 a posi\u00e7\u00e3o do governo local. <\/p>\n\n\n\n<p>Para as empresas privadas, todas aquelas em cidades ou estados que adotam o <strong>feriado do Dia da Consci\u00eancia Negra<\/strong> dever\u00e3o dispensar seus funcion\u00e1rios, conforme previsto em lei. Caso o colaborador trabalhe, ter\u00e1 direito a receber o sal\u00e1rio do dia em dobro ou compensar a folga em outra data. <\/p>\n\n\n\t<p>\n\t\t<a href=\"https:\/\/lp.suno.com.br\/ebook-10-livros\/\" target=\"_blank\" data-element=\"shortcode-suno-banner\" title=\"Banner SUNO, clique e saiba mais\">\n\t\t\t<picture>\n\t\t\t\t<source media=\"(max-width: 500px)\" srcset=\"https:\/\/files.sunoresearch.com.br\/n\/uploads\/2023\/03\/400x300-10-livros.png\">\n\t\t\t\t<img class=\"newsContent__article__imgCapa newsContent__article__imgCapa--banner\"\n\t\t\t\t\tsrc=\"https:\/\/files.sunoresearch.com.br\/n\/uploads\/2023\/03\/1420x240-10-livros.png\"\n\t\t\t\t\tdata-promo-id=\"383159\"\t\t\t\t\t\t\t\t\t\twidth='1420' height='240'\t\t\t\t\talt=\"https:\/\/files.sunoresearch.com.br\/n\/uploads\/2023\/03\/1420x240-10-livros.png\"\n\t\t\t\t>\n\t\t\t<\/picture>\n\t\t<\/a>\n\t<\/p>\n\n\n\n\n\n<h2 class=\"wp-block-heading\">Bolsa e bancos v\u00e3o funcionar no feriado do Dia da Consci\u00eancia Negra?<\/h2>\n\n\n\n<p>A <a class=\"suno-keyword\" target=\"_blank\" data-force=\"no\" data-priority=\"3\" href=\"https:\/\/www.suno.com.br\/guias\/bolsa-de-valores\/\" rel=\"noopener\">bolsa de valores<\/a> brasileira abrir\u00e1 normalmente na pr\u00f3xima segunda-feira (20), <strong>Dia da Consci\u00eancia Negra<\/strong>, com negocia\u00e7\u00f5es das 10h \u00e0s 17h. <\/p>\n\n\n\n<p>Segundo o calend\u00e1rio da B3 divulgado no in\u00edcio deste ano, as negocia\u00e7\u00f5es da <strong>B3 (B3SA3)<\/strong> apenas ser\u00e3o paralisadas em feriados nacionais. <\/p>\n\n\n\n<p>As negocia\u00e7\u00f5es para os mercados de&nbsp;<a href=\"https:\/\/www.suno.com.br\/artigos\/renda-variavel-7-dicas\/\" target=\"_blank\" rel=\"noreferrer noopener\">renda vari\u00e1vel<\/a>, incluindo a\u00e7\u00f5es, fundos imobili\u00e1rios, ETFs,&nbsp;<a href=\"https:\/\/www.suno.com.br\/bdrs\/\" target=\"_blank\" rel=\"noreferrer noopener\">BDRs<\/a>, derivativos, renda fixa privada e ETF de renda fixa seguir\u00e3o normais. Al\u00e9m disso, opera\u00e7\u00f5es de renda fixa e movimenta\u00e7\u00f5es de garantias no Sistema Cetip, negocia\u00e7\u00f5es e liquida\u00e7\u00f5es de <a class=\"suno-keyword\" target=\"_blank\" data-force=\"no\" data-priority=\"1\" href=\"https:\/\/www.suno.com.br\/artigos\/titulos-publicos\/\" rel=\"noopener\">t\u00edtulos p\u00fablicos<\/a> do Tesouro Direto tamb\u00e9m ter\u00e3o os hor\u00e1rios de funcionamento padr\u00e3o. <\/p>\n\n\n\n<p>Quanto aos <strong>bancos, <\/strong>o atendimento presencial em cidades onde a data \u00e9 reconhecida ser\u00e1 paralisado no <strong>dia 20 de novembro<\/strong>, com previs\u00e3o de retomada na ter\u00e7a-feira (21). <\/p>\n\n\n\n<p>Entretanto, os servi\u00e7os de autoatendimento das <strong>ag\u00eancias banc\u00e1rias<\/strong> seguir\u00e3o o funcionamento normal para realiza\u00e7\u00e3o de transfer\u00eancias e pagamento de contas. Al\u00e9m disso, a maioria dos boletos j\u00e1 s\u00e3o automaticamente ajustados com as datas de vencimento. <\/p>\n\n\n\n<p>Contas com vencimento para a segunda-feira (20) poder\u00e3o ser pagas na ter\u00e7a-feira (21). <\/p>\n\n\n\n<h2 class=\"wp-block-heading\">Funcionamento dos servi\u00e7os no dia 20 de novembro<\/h2>\n\n\n\n<p>Conhecido por ser o \u00faltimo feriado antes do Natal, o <strong>Dia da Consci\u00eancia Negra<\/strong> poder\u00e1 atrasar algumas entregas. Nas localidades que reconhecem o feriado, o atendimento nas ag\u00eancias e unidades dos <strong>Correios <\/strong>ser\u00e1 paralisado. <\/p>\n\n\n\n<p>A Central de Atendimento ao Cliente (CAC), contudo, continuar\u00e1 dispon\u00edvel de forma automatizada. As atividades tamb\u00e9m ser\u00e3o retomadas na ter\u00e7a-feira (21).<\/p>\n\n\n\n<p>Quanto ao<strong> transporte p\u00fablico <\/strong>na cidade de S\u00e3o Paulo (SP), as opera\u00e7\u00f5es de linhas modificar\u00e3o seu funcionamento. Linhas de trem da CPTM seguir\u00e3o os hor\u00e1rios mais intercalados similares aos domingos e frotas de \u00f4nibus da EMTU tamb\u00e9m ter\u00e3o opera\u00e7\u00f5es com as frequ\u00eancias de dias de fim de semana no dia <strong>20 de novembro.<\/strong><\/p>\n\n\n\n\n\t<p>\n\t\t<a href=\"https:\/\/lp.suno.com.br\/planilha-da-vida-financeira\/\" target=\"_blank\" data-element=\"shortcode-suno-banner\" title=\"Banner SUNO, clique e saiba mais\">\n\t\t\t<picture>\n\t\t\t\t<source media=\"(max-width: 500px)\" srcset=\"https:\/\/files.sunoresearch.com.br\/n\/uploads\/2023\/04\/400x300-Planilha-vida-financeira-true.png\">\n\t\t\t\t<img class=\"newsContent__article__imgCapa newsContent__article__imgCapa--banner\"\n\t\t\t\t\tsrc=\"https:\/\/files.sunoresearch.com.br\/n\/uploads\/2023\/04\/1420x240-Planilha-vida-financeira-true.png\"\n\t\t\t\t\tdata-promo-id=\"383123\"\t\t\t\t\t\t\t\t\t\twidth='1420' height='240'\t\t\t\t\talt=\"https:\/\/files.sunoresearch.com.br\/n\/uploads\/2023\/04\/1420x240-Planilha-vida-financeira-true.png\"\n\t\t\t\t>\n\t\t\t<\/picture>\n\t\t<\/a>\n\t<\/p>\n\n\n","protected":false},"excerpt":{"rendered":"<p>No pr\u00f3ximo dia 20 de novembro, o feriado do Dia da Consci\u00eancia Negra \u00e9 comemorado em seis estados brasileiros, em mais de mil cidades. A data em homenagem ao l\u00edder quilombola Zumbi dos Palmares pode modificar o funcionamento de alguns servi\u00e7os b\u00e1sicos. Confira a seguir o que muda. B3 (B3SA3). Foto: Divulga\u00e7\u00e3o O Dia da [&hellip;]<\/p>\n","protected":false},"author":283,"featured_media":240971,"comment_status":"closed","ping_status":"closed","sticky":false,"template":"","format":"standard","meta":[],"categories":[65],"tags":[367,289,1937,700],"suno_strategy":[],"class_list":["post-486908","post","type-post","status-publish","format-standard","has-post-thumbnail","hentry","category-financas-pessoais","tag-b3-b3sa3","tag-bancos","tag-bolsa-de-valores-de-sao-paulo-b3","tag-correios"],"yoast_head":"<!-- This site is optimized with the Yoast SEO plugin v24.4 - https:\/\/yoast.com\/wordpress\/plugins\/seo\/ -->\n<title>Bolsa fecha no Dia da Consci\u00eancia Negra? Saiba o que abre no feriado<\/title>\n<meta name=\"description\" content=\"Celebrado no dia 20 de novembro, o Dia da Consci\u00eancia Negra \u00e9 feriado em seis estados brasileiros. Veja o que vai funcionar na data.\" \/>\n<meta name=\"robots\" content=\"index, follow, max-snippet:-1, max-image-preview:large, max-video-preview:-1\" \/>\n<link rel=\"canonical\" href=\"https:\/\/www.suno.com.br\/noticias\/bolsa-fecha-dia-da-consciencia-negra-feriado-estadual-cpf\/\" \/>\n<meta property=\"og:locale\" content=\"pt_BR\" \/>\n<meta property=\"og:type\" content=\"article\" \/>\n<meta property=\"og:title\" content=\"Bolsa fecha no Dia da Consci\u00eancia Negra? Saiba o que abre no feriado\" \/>\n<meta property=\"og:description\" content=\"Celebrado no dia 20 de novembro, o Dia da Consci\u00eancia Negra \u00e9 feriado em seis estados brasileiros. Veja o que vai funcionar na data.\" \/>\n<meta property=\"og:url\" content=\"https:\/\/www.suno.com.br\/noticias\/bolsa-fecha-dia-da-consciencia-negra-feriado-estadual-cpf\/\" \/>\n<meta property=\"og:site_name\" content=\"Suno Not\u00edcias\" \/>\n<meta property=\"article:publisher\" content=\"https:\/\/facebook.com\/sunoresearch\" \/>\n<meta property=\"og:image\" content=\"https:\/\/files.sunoresearch.com.br\/n\/uploads\/2022\/03\/B32-1024x683.jpg\" \/>\n\t<meta property=\"og:image:width\" content=\"1024\" \/>\n\t<meta property=\"og:image:height\" content=\"683\" \/>\n\t<meta property=\"og:image:type\" content=\"image\/jpeg\" \/>\n<meta name=\"author\" content=\"Camila Paim\" \/>\n<meta name=\"twitter:card\" content=\"summary_large_image\" \/>\n<meta name=\"twitter:creator\" content=\"@sunoresearch\" \/>\n<meta name=\"twitter:site\" content=\"@sunoresearch\" \/>\n<meta name=\"twitter:label1\" content=\"Escrito por\" \/>\n\t<meta name=\"twitter:data1\" content=\"Camila Paim\" \/>\n\t<meta name=\"twitter:label2\" content=\"Est. tempo de leitura\" \/>\n\t<meta name=\"twitter:data2\" content=\"3 minutos\" \/>\n<script type=\"application\/ld+json\" class=\"yoast-schema-graph\">{\"@context\":\"https:\/\/schema.org\",\"@graph\":[{\"@type\":\"NewsArticle\",\"@id\":\"https:\/\/www.suno.com.br\/noticias\/bolsa-fecha-dia-da-consciencia-negra-feriado-estadual-cpf\/#article\",\"isPartOf\":{\"@id\":\"https:\/\/www.suno.com.br\/noticias\/bolsa-fecha-dia-da-consciencia-negra-feriado-estadual-cpf\/\"},\"author\":{\"name\":\"Camila Paim\",\"@id\":\"https:\/\/www.suno.com.br\/noticias\/#\/schema\/person\/f341d3ae5d1cc685176c9a5327cdfdbb\"},\"headline\":\"Bolsa fecha no feriado da Consci\u00eancia Negra? Saiba o que abre e fecha no dia 20 de novembro\",\"datePublished\":\"2023-11-17T14:37:17+00:00\",\"dateModified\":\"2023-11-17T14:37:24+00:00\",\"mainEntityOfPage\":{\"@id\":\"https:\/\/www.suno.com.br\/noticias\/bolsa-fecha-dia-da-consciencia-negra-feriado-estadual-cpf\/\"},\"wordCount\":625,\"publisher\":{\"@id\":\"https:\/\/www.suno.com.br\/noticias\/#organization\"},\"image\":{\"@id\":\"https:\/\/www.suno.com.br\/noticias\/bolsa-fecha-dia-da-consciencia-negra-feriado-estadual-cpf\/#primaryimage\"},\"thumbnailUrl\":\"https:\/\/files.sunoresearch.com.br\/n\/uploads\/2022\/03\/B32.jpg\",\"keywords\":[\"B3 (B3SA3)\",\"bancos\",\"Bolsa de Valores de S\u00e3o Paulo (B3)\",\"Correios\"],\"articleSection\":[\"Finan\u00e7as Pessoais\"],\"inLanguage\":\"pt-BR\"},{\"@type\":\"WebPage\",\"@id\":\"https:\/\/www.suno.com.br\/noticias\/bolsa-fecha-dia-da-consciencia-negra-feriado-estadual-cpf\/\",\"url\":\"https:\/\/www.suno.com.br\/noticias\/bolsa-fecha-dia-da-consciencia-negra-feriado-estadual-cpf\/\",\"name\":\"Bolsa fecha no Dia da Consci\u00eancia Negra? Saiba o que abre no feriado\",\"isPartOf\":{\"@id\":\"https:\/\/www.suno.com.br\/noticias\/#website\"},\"primaryImageOfPage\":{\"@id\":\"https:\/\/www.suno.com.br\/noticias\/bolsa-fecha-dia-da-consciencia-negra-feriado-estadual-cpf\/#primaryimage\"},\"image\":{\"@id\":\"https:\/\/www.suno.com.br\/noticias\/bolsa-fecha-dia-da-consciencia-negra-feriado-estadual-cpf\/#primaryimage\"},\"thumbnailUrl\":\"https:\/\/files.sunoresearch.com.br\/n\/uploads\/2022\/03\/B32.jpg\",\"datePublished\":\"2023-11-17T14:37:17+00:00\",\"dateModified\":\"2023-11-17T14:37:24+00:00\",\"description\":\"Celebrado no dia 20 de novembro, o Dia da Consci\u00eancia Negra \u00e9 feriado em seis estados brasileiros. Veja o que vai funcionar na data.\",\"breadcrumb\":{\"@id\":\"https:\/\/www.suno.com.br\/noticias\/bolsa-fecha-dia-da-consciencia-negra-feriado-estadual-cpf\/#breadcrumb\"},\"inLanguage\":\"pt-BR\",\"potentialAction\":[{\"@type\":\"ReadAction\",\"target\":[\"https:\/\/www.suno.com.br\/noticias\/bolsa-fecha-dia-da-consciencia-negra-feriado-estadual-cpf\/\"]}]},{\"@type\":\"ImageObject\",\"inLanguage\":\"pt-BR\",\"@id\":\"https:\/\/www.suno.com.br\/noticias\/bolsa-fecha-dia-da-consciencia-negra-feriado-estadual-cpf\/#primaryimage\",\"url\":\"https:\/\/files.sunoresearch.com.br\/n\/uploads\/2022\/03\/B32.jpg\",\"contentUrl\":\"https:\/\/files.sunoresearch.com.br\/n\/uploads\/2022\/03\/B32.jpg\",\"width\":1981,\"height\":1321,\"caption\":\"B3 (B3SA3). Foto: Divulga\u00e7\u00e3o\"},{\"@type\":\"BreadcrumbList\",\"@id\":\"https:\/\/www.suno.com.br\/noticias\/bolsa-fecha-dia-da-consciencia-negra-feriado-estadual-cpf\/#breadcrumb\",\"itemListElement\":[{\"@type\":\"ListItem\",\"position\":1,\"name\":\"Not\u00edcias\",\"item\":\"https:\/\/www.suno.com.br\/noticias\/\"},{\"@type\":\"ListItem\",\"position\":2,\"name\":\"Finan\u00e7as Pessoais\",\"item\":\"https:\/\/www.suno.com.br\/noticias\/financas-pessoais\/\"},{\"@type\":\"ListItem\",\"position\":3,\"name\":\"Bolsa fecha no feriado da Consci\u00eancia Negra? Saiba o que abre e fecha no dia 20 de novembro\"}]},{\"@type\":\"WebSite\",\"@id\":\"https:\/\/www.suno.com.br\/noticias\/#website\",\"url\":\"https:\/\/www.suno.com.br\/noticias\/\",\"name\":\"Suno Not\u00edcias\",\"description\":\"Seu portal de informa\u00e7\u00e3o sobre o mundo dos investimentos\",\"publisher\":{\"@id\":\"https:\/\/www.suno.com.br\/noticias\/#organization\"},\"potentialAction\":[{\"@type\":\"SearchAction\",\"target\":{\"@type\":\"EntryPoint\",\"urlTemplate\":\"https:\/\/www.suno.com.br\/noticias\/?s={search_term_string}\"},\"query-input\":{\"@type\":\"PropertyValueSpecification\",\"valueRequired\":true,\"valueName\":\"search_term_string\"}}],\"inLanguage\":\"pt-BR\"},{\"@type\":\"Organization\",\"@id\":\"https:\/\/www.suno.com.br\/noticias\/#organization\",\"name\":\"Suno Not\u00edcias\",\"url\":\"https:\/\/www.suno.com.br\/noticias\/\",\"logo\":{\"@type\":\"ImageObject\",\"inLanguage\":\"pt-BR\",\"@id\":\"https:\/\/www.suno.com.br\/noticias\/#\/schema\/logo\/image\/\",\"url\":\"https:\/\/files.sunoresearch.com.br\/n\/uploads\/2021\/09\/suno-logo.png\",\"contentUrl\":\"https:\/\/files.sunoresearch.com.br\/n\/uploads\/2021\/09\/suno-logo.png\",\"width\":180,\"height\":180,\"caption\":\"Suno Not\u00edcias\"},\"image\":{\"@id\":\"https:\/\/www.suno.com.br\/noticias\/#\/schema\/logo\/image\/\"},\"sameAs\":[\"https:\/\/facebook.com\/sunoresearch\",\"https:\/\/x.com\/sunoresearch\",\"https:\/\/www.instagram.com\/suno\",\"https:\/\/www.linkedin.com\/company\/suno-research\/\",\"https:\/\/www.youtube.com\/c\/sunoresearch\"]},{\"@type\":\"Person\",\"@id\":\"https:\/\/www.suno.com.br\/noticias\/#\/schema\/person\/f341d3ae5d1cc685176c9a5327cdfdbb\",\"name\":\"Camila Paim\",\"image\":{\"@type\":\"ImageObject\",\"inLanguage\":\"pt-BR\",\"@id\":\"https:\/\/www.suno.com.br\/noticias\/#\/schema\/person\/image\/\",\"url\":\"https:\/\/secure.gravatar.com\/avatar\/f33728e65febb1aa7ecf6792956f9b20?s=96&r=g\",\"contentUrl\":\"https:\/\/secure.gravatar.com\/avatar\/f33728e65febb1aa7ecf6792956f9b20?s=96&r=g\",\"caption\":\"Camila Paim\"},\"description\":\"Jornalista formada pela USP, tem experi\u00eancia em reda\u00e7\u00f5es, SEO, Branded Content e Webdesign. Com passagem pelo Jornal da USP, Empiricus e C6 Bank, hoje \u00e9 rep\u00f3rter no Suno Not\u00edcias cobrindo macroeconomia, finan\u00e7as pessoais e startups.\",\"url\":\"https:\/\/www.suno.com.br\/noticias\/author\/camila-figueiredosuno-com-br\/\"}]}<\/script>\n<!-- \/ Yoast SEO plugin. -->","yoast_head_json":{"title":"Bolsa fecha no Dia da Consci\u00eancia Negra? Saiba o que abre no feriado","description":"Celebrado no dia 20 de novembro, o Dia da Consci\u00eancia Negra \u00e9 feriado em seis estados brasileiros. Veja o que vai funcionar na data.","robots":{"index":"index","follow":"follow","max-snippet":"max-snippet:-1","max-image-preview":"max-image-preview:large","max-video-preview":"max-video-preview:-1"},"canonical":"https:\/\/www.suno.com.br\/noticias\/bolsa-fecha-dia-da-consciencia-negra-feriado-estadual-cpf\/","og_locale":"pt_BR","og_type":"article","og_title":"Bolsa fecha no Dia da Consci\u00eancia Negra? Saiba o que abre no feriado","og_description":"Celebrado no dia 20 de novembro, o Dia da Consci\u00eancia Negra \u00e9 feriado em seis estados brasileiros. Veja o que vai funcionar na data.","og_url":"https:\/\/www.suno.com.br\/noticias\/bolsa-fecha-dia-da-consciencia-negra-feriado-estadual-cpf\/","og_site_name":"Suno Not\u00edcias","article_publisher":"https:\/\/facebook.com\/sunoresearch","og_image":[{"width":1024,"height":683,"url":"https:\/\/files.sunoresearch.com.br\/n\/uploads\/2022\/03\/B32-1024x683.jpg","type":"image\/jpeg"}],"author":"Camila Paim","twitter_card":"summary_large_image","twitter_creator":"@sunoresearch","twitter_site":"@sunoresearch","twitter_misc":{"Escrito por":"Camila Paim","Est. tempo de leitura":"3 minutos"},"schema":{"@context":"https:\/\/schema.org","@graph":[{"@type":"NewsArticle","@id":"https:\/\/www.suno.com.br\/noticias\/bolsa-fecha-dia-da-consciencia-negra-feriado-estadual-cpf\/#article","isPartOf":{"@id":"https:\/\/www.suno.com.br\/noticias\/bolsa-fecha-dia-da-consciencia-negra-feriado-estadual-cpf\/"},"author":{"name":"Camila Paim","@id":"https:\/\/www.suno.com.br\/noticias\/#\/schema\/person\/f341d3ae5d1cc685176c9a5327cdfdbb"},"headline":"Bolsa fecha no feriado da Consci\u00eancia Negra? Saiba o que abre e fecha no dia 20 de novembro","datePublished":"2023-11-17T14:37:17+00:00","dateModified":"2023-11-17T14:37:24+00:00","mainEntityOfPage":{"@id":"https:\/\/www.suno.com.br\/noticias\/bolsa-fecha-dia-da-consciencia-negra-feriado-estadual-cpf\/"},"wordCount":625,"publisher":{"@id":"https:\/\/www.suno.com.br\/noticias\/#organization"},"image":{"@id":"https:\/\/www.suno.com.br\/noticias\/bolsa-fecha-dia-da-consciencia-negra-feriado-estadual-cpf\/#primaryimage"},"thumbnailUrl":"https:\/\/files.sunoresearch.com.br\/n\/uploads\/2022\/03\/B32.jpg","keywords":["B3 (B3SA3)","bancos","Bolsa de Valores de S\u00e3o Paulo (B3)","Correios"],"articleSection":["Finan\u00e7as Pessoais"],"inLanguage":"pt-BR"},{"@type":"WebPage","@id":"https:\/\/www.suno.com.br\/noticias\/bolsa-fecha-dia-da-consciencia-negra-feriado-estadual-cpf\/","url":"https:\/\/www.suno.com.br\/noticias\/bolsa-fecha-dia-da-consciencia-negra-feriado-estadual-cpf\/","name":"Bolsa fecha no Dia da Consci\u00eancia Negra? Saiba o que abre no feriado","isPartOf":{"@id":"https:\/\/www.suno.com.br\/noticias\/#website"},"primaryImageOfPage":{"@id":"https:\/\/www.suno.com.br\/noticias\/bolsa-fecha-dia-da-consciencia-negra-feriado-estadual-cpf\/#primaryimage"},"image":{"@id":"https:\/\/www.suno.com.br\/noticias\/bolsa-fecha-dia-da-consciencia-negra-feriado-estadual-cpf\/#primaryimage"},"thumbnailUrl":"https:\/\/files.sunoresearch.com.br\/n\/uploads\/2022\/03\/B32.jpg","datePublished":"2023-11-17T14:37:17+00:00","dateModified":"2023-11-17T14:37:24+00:00","description":"Celebrado no dia 20 de novembro, o Dia da Consci\u00eancia Negra \u00e9 feriado em seis estados brasileiros. Veja o que vai funcionar na data.","breadcrumb":{"@id":"https:\/\/www.suno.com.br\/noticias\/bolsa-fecha-dia-da-consciencia-negra-feriado-estadual-cpf\/#breadcrumb"},"inLanguage":"pt-BR","potentialAction":[{"@type":"ReadAction","target":["https:\/\/www.suno.com.br\/noticias\/bolsa-fecha-dia-da-consciencia-negra-feriado-estadual-cpf\/"]}]},{"@type":"ImageObject","inLanguage":"pt-BR","@id":"https:\/\/www.suno.com.br\/noticias\/bolsa-fecha-dia-da-consciencia-negra-feriado-estadual-cpf\/#primaryimage","url":"https:\/\/files.sunoresearch.com.br\/n\/uploads\/2022\/03\/B32.jpg","contentUrl":"https:\/\/files.sunoresearch.com.br\/n\/uploads\/2022\/03\/B32.jpg","width":1981,"height":1321,"caption":"B3 (B3SA3). Foto: Divulga\u00e7\u00e3o"},{"@type":"BreadcrumbList","@id":"https:\/\/www.suno.com.br\/noticias\/bolsa-fecha-dia-da-consciencia-negra-feriado-estadual-cpf\/#breadcrumb","itemListElement":[{"@type":"ListItem","position":1,"name":"Not\u00edcias","item":"https:\/\/www.suno.com.br\/noticias\/"},{"@type":"ListItem","position":2,"name":"Finan\u00e7as Pessoais","item":"https:\/\/www.suno.com.br\/noticias\/financas-pessoais\/"},{"@type":"ListItem","position":3,"name":"Bolsa fecha no feriado da Consci\u00eancia Negra? Saiba o que abre e fecha no dia 20 de novembro"}]},{"@type":"WebSite","@id":"https:\/\/www.suno.com.br\/noticias\/#website","url":"https:\/\/www.suno.com.br\/noticias\/","name":"Suno Not\u00edcias","description":"Seu portal de informa\u00e7\u00e3o sobre o mundo dos investimentos","publisher":{"@id":"https:\/\/www.suno.com.br\/noticias\/#organization"},"potentialAction":[{"@type":"SearchAction","target":{"@type":"EntryPoint","urlTemplate":"https:\/\/www.suno.com.br\/noticias\/?s={search_term_string}"},"query-input":{"@type":"PropertyValueSpecification","valueRequired":true,"valueName":"search_term_string"}}],"inLanguage":"pt-BR"},{"@type":"Organization","@id":"https:\/\/www.suno.com.br\/noticias\/#organization","name":"Suno Not\u00edcias","url":"https:\/\/www.suno.com.br\/noticias\/","logo":{"@type":"ImageObject","inLanguage":"pt-BR","@id":"https:\/\/www.suno.com.br\/noticias\/#\/schema\/logo\/image\/","url":"https:\/\/files.sunoresearch.com.br\/n\/uploads\/2021\/09\/suno-logo.png","contentUrl":"https:\/\/files.sunoresearch.com.br\/n\/uploads\/2021\/09\/suno-logo.png","width":180,"height":180,"caption":"Suno Not\u00edcias"},"image":{"@id":"https:\/\/www.suno.com.br\/noticias\/#\/schema\/logo\/image\/"},"sameAs":["https:\/\/facebook.com\/sunoresearch","https:\/\/x.com\/sunoresearch","https:\/\/www.instagram.com\/suno","https:\/\/www.linkedin.com\/company\/suno-research\/","https:\/\/www.youtube.com\/c\/sunoresearch"]},{"@type":"Person","@id":"https:\/\/www.suno.com.br\/noticias\/#\/schema\/person\/f341d3ae5d1cc685176c9a5327cdfdbb","name":"Camila Paim","image":{"@type":"ImageObject","inLanguage":"pt-BR","@id":"https:\/\/www.suno.com.br\/noticias\/#\/schema\/person\/image\/","url":"https:\/\/secure.gravatar.com\/avatar\/f33728e65febb1aa7ecf6792956f9b20?s=96&r=g","contentUrl":"https:\/\/secure.gravatar.com\/avatar\/f33728e65febb1aa7ecf6792956f9b20?s=96&r=g","caption":"Camila Paim"},"description":"Jornalista formada pela USP, tem experi\u00eancia em reda\u00e7\u00f5es, SEO, Branded Content e Webdesign. Com passagem pelo Jornal da USP, Empiricus e C6 Bank, hoje \u00e9 rep\u00f3rter no Suno Not\u00edcias cobrindo macroeconomia, finan\u00e7as pessoais e startups.","url":"https:\/\/www.suno.com.br\/noticias\/author\/camila-figueiredosuno-com-br\/"}]}},"default_loop_html":"<div class=\"cardsPage__listCard__boxs\"><div class=\"cardsPage__listCard__boxs__img\"><a href=\"https:\/\/www.suno.com.br\/noticias\/bolsa-fecha-dia-da-consciencia-negra-feriado-estadual-cpf\/\"><img class=\"mask\" src=\"https:\/\/www.suno.com.br\/noticias\/wp-content\/themes\/suno\/resources\/images\/spotlight\/spotlight1img\/bg-mask.png\" alt=\"Image Mask\"\/><img src=\"https:\/\/files.sunoresearch.com.br\/n\/uploads\/2022\/03\/B32-400x200.jpg\" alt=\"Bolsa fecha no feriado da Consci\u00eancia Negra? Saiba o que abre e fecha no dia 20 de novembro\"\/><\/a><span class=\"spotlightCategory\"><a href=\"https:\/\/www.suno.com.br\/noticias\/financas-pessoais\/\">Finan\u00e7as Pessoais<\/a><\/span><\/div><div class=\"cardsPage__listCard__boxs__content\"><a href=\"https:\/\/www.suno.com.br\/noticias\/bolsa-fecha-dia-da-consciencia-negra-feriado-estadual-cpf\/\"><h2 class=\"content__title\">Bolsa fecha no feriado da Consci\u00eancia Negra? Saiba o que abre e fecha no dia 20 de novembro<\/h2><\/a><div class=\"newsContent__article__meta\"><div class=\"newsContent__article__meta__authorBox\"><a href=\"https:\/\/www.suno.com.br\/noticias\/author\/camila-figueiredosuno-com-br\/\" class=\"authorBox__avatar noMobi\"><img src=\"https:\/\/files.sunoresearch.com.br\/n\/uploads\/2024\/05\/camila-paim-square-150x150.jpg\" alt=\"Camila Paim\"><\/a><div class=\"authorBox__name\"><span>por\n\t\t\t<a href=\"https:\/\/www.suno.com.br\/noticias\/author\/camila-figueiredosuno-com-br\/\"><span itemprop=\"author\">Camila Paim<\/span><\/a><\/span><time datetime=\"2023-11-17T11:37:17-03:00\" itemprop=\"datePublished\">17\/11\/2023 11:37<\/time><\/div><\/div><\/div><\/div><\/div>","single_layout":"posts","amp_enabled":true,"_links":{"self":[{"href":"https:\/\/www.suno.com.br\/noticias\/wp-json\/wp\/v2\/posts\/486908"}],"collection":[{"href":"https:\/\/www.suno.com.br\/noticias\/wp-json\/wp\/v2\/posts"}],"about":[{"href":"https:\/\/www.suno.com.br\/noticias\/wp-json\/wp\/v2\/types\/post"}],"author":[{"embeddable":true,"href":"https:\/\/www.suno.com.br\/noticias\/wp-json\/wp\/v2\/users\/283"}],"replies":[{"embeddable":true,"href":"https:\/\/www.suno.com.br\/noticias\/wp-json\/wp\/v2\/comments?post=486908"}],"version-history":[{"count":3,"href":"https:\/\/www.suno.com.br\/noticias\/wp-json\/wp\/v2\/posts\/486908\/revisions"}],"predecessor-version":[{"id":486996,"href":"https:\/\/www.suno.com.br\/noticias\/wp-json\/wp\/v2\/posts\/486908\/revisions\/486996"}],"wp:featuredmedia":[{"embeddable":true,"href":"https:\/\/www.suno.com.br\/noticias\/wp-json\/wp\/v2\/media\/240971"}],"wp:attachment":[{"href":"https:\/\/www.suno.com.br\/noticias\/wp-json\/wp\/v2\/media?parent=486908"}],"wp:term":[{"taxonomy":"category","embeddable":true,"href":"https:\/\/www.suno.com.br\/noticias\/wp-json\/wp\/v2\/categories?post=486908"},{"taxonomy":"post_tag","embeddable":true,"href":"https:\/\/www.suno.com.br\/noticias\/wp-json\/wp\/v2\/tags?post=486908"},{"taxonomy":"suno_strategy","embeddable":true,"href":"https:\/\/www.suno.com.br\/noticias\/wp-json\/wp\/v2\/suno_strategy?post=486908"}],"curies":[{"name":"wp","href":"https:\/\/api.w.org\/{rel}","templated":true}]}}