{"id":486880,"date":"2023-11-17T09:50:45","date_gmt":"2023-11-17T12:50:45","guid":{"rendered":"https:\/\/www.suno.com.br\/noticias\/?p=486880"},"modified":"2023-11-17T09:55:36","modified_gmt":"2023-11-17T12:55:36","slug":"tenda-tend3-capital-social-gpj","status":"publish","type":"post","link":"https:\/\/www.suno.com.br\/noticias\/tenda-tend3-capital-social-gpj\/","title":{"rendered":"Tenda (TEND3) convoca assembleia para deliberar sobre redu\u00e7\u00e3o de capital social; saiba mais"},"content":{"rendered":"<p>A <strong>Tenda <\/strong>(TEND3) convocou na quinta-feira (16) uma assembleia geral extraordin\u00e1ria (AGE) para o pr\u00f3ximo dia 27 de novembro com o objetivo de discutir a proposta da administra\u00e7\u00e3o de redu\u00e7\u00e3o do <a href=\"https:\/\/www.suno.com.br\/artigos\/capital-social\/\">capital social<\/a>. <\/p>\t<div class=\"wrapper-featured-image\">\n\t\t<figure class=\"spotlightImg\">\n\n\t\t\t<picture>\n\t\t\t\t<source media=\"(max-width: 768px)\" srcset=\"https:\/\/files.sunoresearch.com.br\/n\/uploads\/2021\/07\/543ff7c6-215870500_2680010118811050_351142597745808933_n-400x200.jpg\">\n\t\t\t\t<img loading=\"lazy\" decoding=\"async\" class=\"newsContent__article__imgCapa lazyloadDisabled \" src=\"https:\/\/files.sunoresearch.com.br\/n\/uploads\/2021\/07\/543ff7c6-215870500_2680010118811050_351142597745808933_n-800x450.jpg\" width=\"800\" height=\"450\" alt=\"Tenda (TEND3) convoca assembleia para deliberar sobre redu\u00e7\u00e3o de capital social; saiba mais\" fetchpriority=high \/>\n\t\t\t<\/picture>\n\n\t\t\t<figcaption class=\"wp-caption-text wp-caption-text--show\">Tenda (TEND3). Foto: Reprodu\u00e7\u00e3o Facebook.<\/figcaption>\n\t\t<\/figure>\n\t<\/div>\n\n\n\n\n\n\n\n\t<p>\n\t\t<a href=\"https:\/\/lp.suno.com.br\/planilha-da-vida-financeira\/\" target=\"_blank\" data-element=\"shortcode-suno-banner\" title=\"Banner SUNO, clique e saiba mais\">\n\t\t\t<picture>\n\t\t\t\t<source media=\"(max-width: 500px)\" srcset=\"https:\/\/files.sunoresearch.com.br\/n\/uploads\/2023\/04\/400x300-Planilha-vida-financeira-true.png\">\n\t\t\t\t<img class=\"newsContent__article__imgCapa newsContent__article__imgCapa--banner\"\n\t\t\t\t\tsrc=\"https:\/\/files.sunoresearch.com.br\/n\/uploads\/2023\/04\/1420x240-Planilha-vida-financeira-true.png\"\n\t\t\t\t\tdata-promo-id=\"106682\"\t\t\t\t\t\t\t\t\t\twidth='1420' height='240'\t\t\t\t\talt=\"https:\/\/files.sunoresearch.com.br\/n\/uploads\/2023\/04\/1420x240-Planilha-vida-financeira-true.png\"\n\t\t\t\t>\n\t\t\t<\/picture>\n\t\t<\/a>\n\t<\/p>\n\n\n\n\n\n<p>A redu\u00e7\u00e3o proposta pela administra\u00e7\u00e3o da companhia \u00e9 de R$ 419.475.577,11, &#8220;correspondente ao valor dos <a href=\"https:\/\/www.suno.com.br\/artigos\/prejuizos-acumulados\/\">preju\u00edzos acumulados<\/a> reconhecidos nas informa\u00e7\u00f5es financeiras trimestrais, referentes ao per\u00edodo de tr\u00eas meses, encerrado em 30 de junho de 2023, mediante lan\u00e7amento cont\u00e1bil que debita o montante reduzido \u00e0 conta \u201ccapital social\u201d, creditando-se valor igual \u00e0 conta \u201cpreju\u00edzos acumulados\u201d, informou a companhia.<\/p>\n\n\n\n\t<div data-element=\"shortcode-read-more\" class=\"readToo\">\n\t\t\t\t<span class=\"readToo__title\">Leia mais<\/span>\n\t\t\t\t<ul class=\"readToo__list\">\n\t\t\t<li><a href=\"https:\/\/www.suno.com.br\/noticias\/magazine-luiza-mglu3-capitalizacao-gpj\/\">Magazine Luiza (MGLU3) se manifesta a respeito de not\u00edcia sobre potencial capitaliza\u00e7\u00e3o; confira<\/a><\/li><li><a href=\"https:\/\/www.suno.com.br\/noticias\/americanas-amer3-assembleia-gpj\/\">Americanas (AMER3) convoca assembleia geral de credores; veja quando ser\u00e1<\/a><\/li>\t\t<\/ul>\n\t<\/div>\n\n\n\n\n<p>A Tenda justificou a iniciativa devido aos sucessivos preju\u00edzos enfrentados pela companhia nos \u00faltimos exerc\u00edcios sociais, al\u00e9m da crise que impactou o mercado imobili\u00e1rios nos \u00faltimos anos, o que gerou perdas significativas para a empresa.<\/p>\n\n\n\n<p>Caso a <a href=\"https:\/\/www.suno.com.br\/artigos\/reducao-capital\/\">redu\u00e7\u00e3o de capital<\/a> seja aprovada pelos acionistas, o capital social da <strong>Tenda<\/strong> passar\u00e1 a ser de R$ 910.728.801,38, dividido em 123.094.246 <a href=\"https:\/\/www.suno.com.br\/artigos\/o-que-sao-acoes-ordinarias-preferenciais-e-units\/\">a\u00e7\u00f5es ordin\u00e1rias<\/a>, todas nominativas, escriturais e sem <a href=\"https:\/\/www.suno.com.br\/artigos\/valor-nominal\/\">valor nominal<\/a>.<\/p>\n\n\n\t<p>\n\t\t<a href=\"https:\/\/lp.suno.com.br\/ebook-como-analisar-uma-acao\/\" target=\"_blank\" data-element=\"shortcode-suno-banner\" title=\"Banner SUNO, clique e saiba mais\">\n\t\t\t<picture>\n\t\t\t\t<source media=\"(max-width: 500px)\" srcset=\"https:\/\/files.sunoresearch.com.br\/n\/uploads\/2023\/03\/Ebook-Acoes-Mobile.jpg\">\n\t\t\t\t<img class=\"newsContent__article__imgCapa newsContent__article__imgCapa--banner\"\n\t\t\t\t\tsrc=\"https:\/\/files.sunoresearch.com.br\/n\/uploads\/2023\/03\/Ebook-Acoes-Desktop.jpg\"\n\t\t\t\t\tdata-promo-id=\"378302\"\t\t\t\t\t\t\t\t\t\twidth='1420' height='286'\t\t\t\t\talt=\"https:\/\/files.sunoresearch.com.br\/n\/uploads\/2023\/03\/Ebook-Acoes-Desktop.jpg\"\n\t\t\t\t>\n\t\t\t<\/picture>\n\t\t<\/a>\n\t<\/p>\n\n\n\n\n\n<h2 class=\"wp-block-heading\">Desempenho das a\u00e7\u00f5es da Tenda<\/h2>\n\n\n\n<div class=\"pluginQuotation\">\n  <p class=\"ticker\">\n    Cota\u00e7\u00e3o <span>TEND3<\/span>\n  <\/p>\n  <div class=\"info\">\n    <div class=\"leftSide\">\n      Gr\u00e1fico gerado em: 17\/11\/2023    <\/div>\n\t\t\t\t\t<div class=\"rightSide\">\n\t\t\t\t\t<span class=\"period\">\n\t\t\t\t\t\t1 Dia\t\t\t\t\t<\/span>\n\t\t\t<\/div>\n\t\t  <\/div>\n\n  <div id=\"chart-e28422118bd52fdeb50af2d0e6a2db69\" data-block-hash=\"e28422118bd52fdeb50af2d0e6a2db69\"  class=\"chart\" style=\"width:100%;height:400px;\"><\/div>\n\n  <div class=\"pluginQuotation__footer\">\n    <div class=\"dataChart\">\n\n      <div class=\"dataChart__div1 variation\">\n        <div class=\"value-positive\">\n          1,75 (+0,24%)        <\/div>\n        <div class=\"text\">\n          Varia\u00e7\u00e3o do per\u00edodo\n        <\/div>\n      <\/div>\n\n      <div class=\"dataChart__div2 minMax\">\n        <div class=\"value\">\n          R$\u00a013,56        <\/div>\n        <div class=\"text\">\n          M\u00ednima\n        <\/div>\n      <\/div>\n\n      <div class=\"dataChart__div3 minMax\">\n        <div class=\"value\">\n          R$\u00a013,95        <\/div>\n        <div class=\"text\">\n          M\u00e1xima\n        <\/div>\n      <\/div>\n\n\t\t\t<div class=\"dataChart__div4 rightSide\">\n\t\t\t\t<div class=\"analiticaSource\">\n\t\t\t\t\t<span>\n\t\t\t\t\t\tFonte:\n\t\t\t\t\t<\/span>\n\t\t\t\t\t<img decoding=\"async\" class=\"analiticaLogo\" src=\"https:\/\/www.suno.com.br\/noticias\/wp-content\/plugins\/suno-block-ticker-quotation\/src\/suno-analitica-logo.png\" alt=\"Logo Suno Anal\u00edtica\" \/>\n\t\t\t\t<\/div>\n\n\t\t\t\t<a href=\"https:\/\/www.suno.com.br\/analitica\/acoes\/TEND3\" target=\"_blank\">\n\t\t\t\t\t<span>\n\t\t\t\t\t\tVer mais cota\u00e7\u00f5es\n\t\t\t\t\t<\/span>\n\t\t\t\t\t<svg xmlns=\"http:\/\/www.w3.org\/2000\/svg\" width=\"9\" height=\"8\" viewBox=\"0 0 9 8\" fill=\"none\">\n\t\t\t\t\t\t<path d=\"M4.20996 0L3.50496 0.705L6.29496 3.5H0.209961V4.5H6.29496L3.50496 7.295L4.20996 8L8.20996 4L4.20996 0Z\" fill=\"#D42126\" \/>\n\t\t\t\t\t<\/svg>\n\t\t\t\t<\/a>\n    <\/div>\n\n    <\/div>\n  <\/div>\n<\/div>\n\n\n<script type=\"text\/javascript\">\n  let chart_e28422118bd52fdeb50af2d0e6a2db69 = document.getElementById('chart-e28422118bd52fdeb50af2d0e6a2db69');\n  let data_json_e28422118bd52fdeb50af2d0e6a2db69 = \"[{\\\"date\\\":\\\"16\\\\\\\/11\\\\\\\/23 10:02\\\",\\\"value\\\":13.69},{\\\"date\\\":\\\"16\\\\\\\/11\\\\\\\/23 10:04\\\",\\\"value\\\":13.57},{\\\"date\\\":\\\"16\\\\\\\/11\\\\\\\/23 10:06\\\",\\\"value\\\":13.56},{\\\"date\\\":\\\"16\\\\\\\/11\\\\\\\/23 10:08\\\",\\\"value\\\":13.62},{\\\"date\\\":\\\"16\\\\\\\/11\\\\\\\/23 10:10\\\",\\\"value\\\":13.69},{\\\"date\\\":\\\"16\\\\\\\/11\\\\\\\/23 10:12\\\",\\\"value\\\":13.72},{\\\"date\\\":\\\"16\\\\\\\/11\\\\\\\/23 10:14\\\",\\\"value\\\":13.73},{\\\"date\\\":\\\"16\\\\\\\/11\\\\\\\/23 10:16\\\",\\\"value\\\":13.72},{\\\"date\\\":\\\"16\\\\\\\/11\\\\\\\/23 10:18\\\",\\\"value\\\":13.73},{\\\"date\\\":\\\"16\\\\\\\/11\\\\\\\/23 10:20\\\",\\\"value\\\":13.81},{\\\"date\\\":\\\"16\\\\\\\/11\\\\\\\/23 10:22\\\",\\\"value\\\":13.83},{\\\"date\\\":\\\"16\\\\\\\/11\\\\\\\/23 10:24\\\",\\\"value\\\":13.84},{\\\"date\\\":\\\"16\\\\\\\/11\\\\\\\/23 10:26\\\",\\\"value\\\":13.8},{\\\"date\\\":\\\"16\\\\\\\/11\\\\\\\/23 10:28\\\",\\\"value\\\":13.79},{\\\"date\\\":\\\"16\\\\\\\/11\\\\\\\/23 10:30\\\",\\\"value\\\":13.86},{\\\"date\\\":\\\"16\\\\\\\/11\\\\\\\/23 10:32\\\",\\\"value\\\":13.82},{\\\"date\\\":\\\"16\\\\\\\/11\\\\\\\/23 10:34\\\",\\\"value\\\":13.7},{\\\"date\\\":\\\"16\\\\\\\/11\\\\\\\/23 10:36\\\",\\\"value\\\":13.7},{\\\"date\\\":\\\"16\\\\\\\/11\\\\\\\/23 10:38\\\",\\\"value\\\":13.71},{\\\"date\\\":\\\"16\\\\\\\/11\\\\\\\/23 10:40\\\",\\\"value\\\":13.76},{\\\"date\\\":\\\"16\\\\\\\/11\\\\\\\/23 10:42\\\",\\\"value\\\":13.81},{\\\"date\\\":\\\"16\\\\\\\/11\\\\\\\/23 10:44\\\",\\\"value\\\":13.72},{\\\"date\\\":\\\"16\\\\\\\/11\\\\\\\/23 10:46\\\",\\\"value\\\":13.7},{\\\"date\\\":\\\"16\\\\\\\/11\\\\\\\/23 10:48\\\",\\\"value\\\":13.74},{\\\"date\\\":\\\"16\\\\\\\/11\\\\\\\/23 10:50\\\",\\\"value\\\":13.73},{\\\"date\\\":\\\"16\\\\\\\/11\\\\\\\/23 10:52\\\",\\\"value\\\":13.78},{\\\"date\\\":\\\"16\\\\\\\/11\\\\\\\/23 10:54\\\",\\\"value\\\":13.8},{\\\"date\\\":\\\"16\\\\\\\/11\\\\\\\/23 10:56\\\",\\\"value\\\":13.79},{\\\"date\\\":\\\"16\\\\\\\/11\\\\\\\/23 10:58\\\",\\\"value\\\":13.81},{\\\"date\\\":\\\"16\\\\\\\/11\\\\\\\/23 11:00\\\",\\\"value\\\":13.75},{\\\"date\\\":\\\"16\\\\\\\/11\\\\\\\/23 11:02\\\",\\\"value\\\":13.8},{\\\"date\\\":\\\"16\\\\\\\/11\\\\\\\/23 11:04\\\",\\\"value\\\":13.82},{\\\"date\\\":\\\"16\\\\\\\/11\\\\\\\/23 11:06\\\",\\\"value\\\":13.9},{\\\"date\\\":\\\"16\\\\\\\/11\\\\\\\/23 11:08\\\",\\\"value\\\":13.85},{\\\"date\\\":\\\"16\\\\\\\/11\\\\\\\/23 11:10\\\",\\\"value\\\":13.86},{\\\"date\\\":\\\"16\\\\\\\/11\\\\\\\/23 11:12\\\",\\\"value\\\":13.88},{\\\"date\\\":\\\"16\\\\\\\/11\\\\\\\/23 11:14\\\",\\\"value\\\":13.85},{\\\"date\\\":\\\"16\\\\\\\/11\\\\\\\/23 11:16\\\",\\\"value\\\":13.8},{\\\"date\\\":\\\"16\\\\\\\/11\\\\\\\/23 11:18\\\",\\\"value\\\":13.82},{\\\"date\\\":\\\"16\\\\\\\/11\\\\\\\/23 11:20\\\",\\\"value\\\":13.81},{\\\"date\\\":\\\"16\\\\\\\/11\\\\\\\/23 11:22\\\",\\\"value\\\":13.82},{\\\"date\\\":\\\"16\\\\\\\/11\\\\\\\/23 11:24\\\",\\\"value\\\":13.9},{\\\"date\\\":\\\"16\\\\\\\/11\\\\\\\/23 11:26\\\",\\\"value\\\":13.92},{\\\"date\\\":\\\"16\\\\\\\/11\\\\\\\/23 11:28\\\",\\\"value\\\":13.89},{\\\"date\\\":\\\"16\\\\\\\/11\\\\\\\/23 11:30\\\",\\\"value\\\":13.95},{\\\"date\\\":\\\"16\\\\\\\/11\\\\\\\/23 11:32\\\",\\\"value\\\":13.86},{\\\"date\\\":\\\"16\\\\\\\/11\\\\\\\/23 11:34\\\",\\\"value\\\":13.87},{\\\"date\\\":\\\"16\\\\\\\/11\\\\\\\/23 11:36\\\",\\\"value\\\":13.85},{\\\"date\\\":\\\"16\\\\\\\/11\\\\\\\/23 11:38\\\",\\\"value\\\":13.87},{\\\"date\\\":\\\"16\\\\\\\/11\\\\\\\/23 11:40\\\",\\\"value\\\":13.87},{\\\"date\\\":\\\"16\\\\\\\/11\\\\\\\/23 11:42\\\",\\\"value\\\":13.87},{\\\"date\\\":\\\"16\\\\\\\/11\\\\\\\/23 11:44\\\",\\\"value\\\":13.86},{\\\"date\\\":\\\"16\\\\\\\/11\\\\\\\/23 11:46\\\",\\\"value\\\":13.87},{\\\"date\\\":\\\"16\\\\\\\/11\\\\\\\/23 11:48\\\",\\\"value\\\":13.85},{\\\"date\\\":\\\"16\\\\\\\/11\\\\\\\/23 11:50\\\",\\\"value\\\":13.84},{\\\"date\\\":\\\"16\\\\\\\/11\\\\\\\/23 11:52\\\",\\\"value\\\":13.79},{\\\"date\\\":\\\"16\\\\\\\/11\\\\\\\/23 11:54\\\",\\\"value\\\":13.8},{\\\"date\\\":\\\"16\\\\\\\/11\\\\\\\/23 11:56\\\",\\\"value\\\":13.81},{\\\"date\\\":\\\"16\\\\\\\/11\\\\\\\/23 11:58\\\",\\\"value\\\":13.81},{\\\"date\\\":\\\"16\\\\\\\/11\\\\\\\/23 12:00\\\",\\\"value\\\":13.83},{\\\"date\\\":\\\"16\\\\\\\/11\\\\\\\/23 12:02\\\",\\\"value\\\":13.8},{\\\"date\\\":\\\"16\\\\\\\/11\\\\\\\/23 12:04\\\",\\\"value\\\":13.84},{\\\"date\\\":\\\"16\\\\\\\/11\\\\\\\/23 12:06\\\",\\\"value\\\":13.8},{\\\"date\\\":\\\"16\\\\\\\/11\\\\\\\/23 12:08\\\",\\\"value\\\":13.76},{\\\"date\\\":\\\"16\\\\\\\/11\\\\\\\/23 12:10\\\",\\\"value\\\":13.77},{\\\"date\\\":\\\"16\\\\\\\/11\\\\\\\/23 12:12\\\",\\\"value\\\":13.76},{\\\"date\\\":\\\"16\\\\\\\/11\\\\\\\/23 12:18\\\",\\\"value\\\":13.76},{\\\"date\\\":\\\"16\\\\\\\/11\\\\\\\/23 12:20\\\",\\\"value\\\":13.79},{\\\"date\\\":\\\"16\\\\\\\/11\\\\\\\/23 12:22\\\",\\\"value\\\":13.8},{\\\"date\\\":\\\"16\\\\\\\/11\\\\\\\/23 12:24\\\",\\\"value\\\":13.81},{\\\"date\\\":\\\"16\\\\\\\/11\\\\\\\/23 12:26\\\",\\\"value\\\":13.79},{\\\"date\\\":\\\"16\\\\\\\/11\\\\\\\/23 12:28\\\",\\\"value\\\":13.78},{\\\"date\\\":\\\"16\\\\\\\/11\\\\\\\/23 12:30\\\",\\\"value\\\":13.81},{\\\"date\\\":\\\"16\\\\\\\/11\\\\\\\/23 12:32\\\",\\\"value\\\":13.82},{\\\"date\\\":\\\"16\\\\\\\/11\\\\\\\/23 12:34\\\",\\\"value\\\":13.84},{\\\"date\\\":\\\"16\\\\\\\/11\\\\\\\/23 12:36\\\",\\\"value\\\":13.85},{\\\"date\\\":\\\"16\\\\\\\/11\\\\\\\/23 12:38\\\",\\\"value\\\":13.83},{\\\"date\\\":\\\"16\\\\\\\/11\\\\\\\/23 12:40\\\",\\\"value\\\":13.81},{\\\"date\\\":\\\"16\\\\\\\/11\\\\\\\/23 12:42\\\",\\\"value\\\":13.8},{\\\"date\\\":\\\"16\\\\\\\/11\\\\\\\/23 12:44\\\",\\\"value\\\":13.78},{\\\"date\\\":\\\"16\\\\\\\/11\\\\\\\/23 12:46\\\",\\\"value\\\":13.77},{\\\"date\\\":\\\"16\\\\\\\/11\\\\\\\/23 12:48\\\",\\\"value\\\":13.76},{\\\"date\\\":\\\"16\\\\\\\/11\\\\\\\/23 12:50\\\",\\\"value\\\":13.78},{\\\"date\\\":\\\"16\\\\\\\/11\\\\\\\/23 12:52\\\",\\\"value\\\":13.76},{\\\"date\\\":\\\"16\\\\\\\/11\\\\\\\/23 12:54\\\",\\\"value\\\":13.74},{\\\"date\\\":\\\"16\\\\\\\/11\\\\\\\/23 12:56\\\",\\\"value\\\":13.76},{\\\"date\\\":\\\"16\\\\\\\/11\\\\\\\/23 12:58\\\",\\\"value\\\":13.81},{\\\"date\\\":\\\"16\\\\\\\/11\\\\\\\/23 13:00\\\",\\\"value\\\":13.78},{\\\"date\\\":\\\"16\\\\\\\/11\\\\\\\/23 13:02\\\",\\\"value\\\":13.79},{\\\"date\\\":\\\"16\\\\\\\/11\\\\\\\/23 13:14\\\",\\\"value\\\":13.85},{\\\"date\\\":\\\"16\\\\\\\/11\\\\\\\/23 13:16\\\",\\\"value\\\":13.87},{\\\"date\\\":\\\"16\\\\\\\/11\\\\\\\/23 13:18\\\",\\\"value\\\":13.87},{\\\"date\\\":\\\"16\\\\\\\/11\\\\\\\/23 13:20\\\",\\\"value\\\":13.85},{\\\"date\\\":\\\"16\\\\\\\/11\\\\\\\/23 13:22\\\",\\\"value\\\":13.81},{\\\"date\\\":\\\"16\\\\\\\/11\\\\\\\/23 13:24\\\",\\\"value\\\":13.8},{\\\"date\\\":\\\"16\\\\\\\/11\\\\\\\/23 13:26\\\",\\\"value\\\":13.79},{\\\"date\\\":\\\"16\\\\\\\/11\\\\\\\/23 13:28\\\",\\\"value\\\":13.79},{\\\"date\\\":\\\"16\\\\\\\/11\\\\\\\/23 13:30\\\",\\\"value\\\":13.79},{\\\"date\\\":\\\"16\\\\\\\/11\\\\\\\/23 13:32\\\",\\\"value\\\":13.79},{\\\"date\\\":\\\"16\\\\\\\/11\\\\\\\/23 13:34\\\",\\\"value\\\":13.8},{\\\"date\\\":\\\"16\\\\\\\/11\\\\\\\/23 13:36\\\",\\\"value\\\":13.8},{\\\"date\\\":\\\"16\\\\\\\/11\\\\\\\/23 13:38\\\",\\\"value\\\":13.78},{\\\"date\\\":\\\"16\\\\\\\/11\\\\\\\/23 13:40\\\",\\\"value\\\":13.8},{\\\"date\\\":\\\"16\\\\\\\/11\\\\\\\/23 13:42\\\",\\\"value\\\":13.75},{\\\"date\\\":\\\"16\\\\\\\/11\\\\\\\/23 13:44\\\",\\\"value\\\":13.76},{\\\"date\\\":\\\"16\\\\\\\/11\\\\\\\/23 13:46\\\",\\\"value\\\":13.81},{\\\"date\\\":\\\"16\\\\\\\/11\\\\\\\/23 13:48\\\",\\\"value\\\":13.79},{\\\"date\\\":\\\"16\\\\\\\/11\\\\\\\/23 13:50\\\",\\\"value\\\":13.79},{\\\"date\\\":\\\"16\\\\\\\/11\\\\\\\/23 13:52\\\",\\\"value\\\":13.77},{\\\"date\\\":\\\"16\\\\\\\/11\\\\\\\/23 13:54\\\",\\\"value\\\":13.78},{\\\"date\\\":\\\"16\\\\\\\/11\\\\\\\/23 13:56\\\",\\\"value\\\":13.79},{\\\"date\\\":\\\"16\\\\\\\/11\\\\\\\/23 13:58\\\",\\\"value\\\":13.8},{\\\"date\\\":\\\"16\\\\\\\/11\\\\\\\/23 14:00\\\",\\\"value\\\":13.81},{\\\"date\\\":\\\"16\\\\\\\/11\\\\\\\/23 14:02\\\",\\\"value\\\":13.82},{\\\"date\\\":\\\"16\\\\\\\/11\\\\\\\/23 14:04\\\",\\\"value\\\":13.82},{\\\"date\\\":\\\"16\\\\\\\/11\\\\\\\/23 14:06\\\",\\\"value\\\":13.8},{\\\"date\\\":\\\"16\\\\\\\/11\\\\\\\/23 14:08\\\",\\\"value\\\":13.79},{\\\"date\\\":\\\"16\\\\\\\/11\\\\\\\/23 14:10\\\",\\\"value\\\":13.84},{\\\"date\\\":\\\"16\\\\\\\/11\\\\\\\/23 14:12\\\",\\\"value\\\":13.81},{\\\"date\\\":\\\"16\\\\\\\/11\\\\\\\/23 14:14\\\",\\\"value\\\":13.82},{\\\"date\\\":\\\"16\\\\\\\/11\\\\\\\/23 14:16\\\",\\\"value\\\":13.84},{\\\"date\\\":\\\"16\\\\\\\/11\\\\\\\/23 14:18\\\",\\\"value\\\":13.86},{\\\"date\\\":\\\"16\\\\\\\/11\\\\\\\/23 14:20\\\",\\\"value\\\":13.84},{\\\"date\\\":\\\"16\\\\\\\/11\\\\\\\/23 14:22\\\",\\\"value\\\":13.86},{\\\"date\\\":\\\"16\\\\\\\/11\\\\\\\/23 14:24\\\",\\\"value\\\":13.86},{\\\"date\\\":\\\"16\\\\\\\/11\\\\\\\/23 14:26\\\",\\\"value\\\":13.85},{\\\"date\\\":\\\"16\\\\\\\/11\\\\\\\/23 14:28\\\",\\\"value\\\":13.83},{\\\"date\\\":\\\"16\\\\\\\/11\\\\\\\/23 14:30\\\",\\\"value\\\":13.83},{\\\"date\\\":\\\"16\\\\\\\/11\\\\\\\/23 14:32\\\",\\\"value\\\":13.82},{\\\"date\\\":\\\"16\\\\\\\/11\\\\\\\/23 14:34\\\",\\\"value\\\":13.84},{\\\"date\\\":\\\"16\\\\\\\/11\\\\\\\/23 14:36\\\",\\\"value\\\":13.83},{\\\"date\\\":\\\"16\\\\\\\/11\\\\\\\/23 14:38\\\",\\\"value\\\":13.86},{\\\"date\\\":\\\"16\\\\\\\/11\\\\\\\/23 14:40\\\",\\\"value\\\":13.87},{\\\"date\\\":\\\"16\\\\\\\/11\\\\\\\/23 14:42\\\",\\\"value\\\":13.85},{\\\"date\\\":\\\"16\\\\\\\/11\\\\\\\/23 14:44\\\",\\\"value\\\":13.83},{\\\"date\\\":\\\"16\\\\\\\/11\\\\\\\/23 14:46\\\",\\\"value\\\":13.83},{\\\"date\\\":\\\"16\\\\\\\/11\\\\\\\/23 14:48\\\",\\\"value\\\":13.82},{\\\"date\\\":\\\"16\\\\\\\/11\\\\\\\/23 14:50\\\",\\\"value\\\":13.81},{\\\"date\\\":\\\"16\\\\\\\/11\\\\\\\/23 14:52\\\",\\\"value\\\":13.78},{\\\"date\\\":\\\"16\\\\\\\/11\\\\\\\/23 14:54\\\",\\\"value\\\":13.75},{\\\"date\\\":\\\"16\\\\\\\/11\\\\\\\/23 14:56\\\",\\\"value\\\":13.74},{\\\"date\\\":\\\"16\\\\\\\/11\\\\\\\/23 14:58\\\",\\\"value\\\":13.76},{\\\"date\\\":\\\"16\\\\\\\/11\\\\\\\/23 15:00\\\",\\\"value\\\":13.79},{\\\"date\\\":\\\"16\\\\\\\/11\\\\\\\/23 15:02\\\",\\\"value\\\":13.82},{\\\"date\\\":\\\"16\\\\\\\/11\\\\\\\/23 15:04\\\",\\\"value\\\":13.81},{\\\"date\\\":\\\"16\\\\\\\/11\\\\\\\/23 15:06\\\",\\\"value\\\":13.85},{\\\"date\\\":\\\"16\\\\\\\/11\\\\\\\/23 15:08\\\",\\\"value\\\":13.85},{\\\"date\\\":\\\"16\\\\\\\/11\\\\\\\/23 15:10\\\",\\\"value\\\":13.83},{\\\"date\\\":\\\"16\\\\\\\/11\\\\\\\/23 15:12\\\",\\\"value\\\":13.83},{\\\"date\\\":\\\"16\\\\\\\/11\\\\\\\/23 15:14\\\",\\\"value\\\":13.88},{\\\"date\\\":\\\"16\\\\\\\/11\\\\\\\/23 15:16\\\",\\\"value\\\":13.88},{\\\"date\\\":\\\"16\\\\\\\/11\\\\\\\/23 15:18\\\",\\\"value\\\":13.86},{\\\"date\\\":\\\"16\\\\\\\/11\\\\\\\/23 15:20\\\",\\\"value\\\":13.87},{\\\"date\\\":\\\"16\\\\\\\/11\\\\\\\/23 15:22\\\",\\\"value\\\":13.85},{\\\"date\\\":\\\"16\\\\\\\/11\\\\\\\/23 15:24\\\",\\\"value\\\":13.89},{\\\"date\\\":\\\"16\\\\\\\/11\\\\\\\/23 15:26\\\",\\\"value\\\":13.83},{\\\"date\\\":\\\"16\\\\\\\/11\\\\\\\/23 15:28\\\",\\\"value\\\":13.83},{\\\"date\\\":\\\"16\\\\\\\/11\\\\\\\/23 15:30\\\",\\\"value\\\":13.85},{\\\"date\\\":\\\"16\\\\\\\/11\\\\\\\/23 15:32\\\",\\\"value\\\":13.86},{\\\"date\\\":\\\"16\\\\\\\/11\\\\\\\/23 15:34\\\",\\\"value\\\":13.86},{\\\"date\\\":\\\"16\\\\\\\/11\\\\\\\/23 15:36\\\",\\\"value\\\":13.85},{\\\"date\\\":\\\"16\\\\\\\/11\\\\\\\/23 15:38\\\",\\\"value\\\":13.84},{\\\"date\\\":\\\"16\\\\\\\/11\\\\\\\/23 15:40\\\",\\\"value\\\":13.84},{\\\"date\\\":\\\"16\\\\\\\/11\\\\\\\/23 15:42\\\",\\\"value\\\":13.81},{\\\"date\\\":\\\"16\\\\\\\/11\\\\\\\/23 15:44\\\",\\\"value\\\":13.81},{\\\"date\\\":\\\"16\\\\\\\/11\\\\\\\/23 15:46\\\",\\\"value\\\":13.81},{\\\"date\\\":\\\"16\\\\\\\/11\\\\\\\/23 15:48\\\",\\\"value\\\":13.8},{\\\"date\\\":\\\"16\\\\\\\/11\\\\\\\/23 15:50\\\",\\\"value\\\":13.93}]\";\n  let isPositive_e28422118bd52fdeb50af2d0e6a2db69 = true;\n\n  let color_e28422118bd52fdeb50af2d0e6a2db69 = isPositive_e28422118bd52fdeb50af2d0e6a2db69 ? '#3AB53A' : '#D92C2D';\n\n  let data_e28422118bd52fdeb50af2d0e6a2db69 = JSON.parse(data_json_e28422118bd52fdeb50af2d0e6a2db69);\n\n  const result_e28422118bd52fdeb50af2d0e6a2db69 = {\n    date: [],\n    value: [],\n  };\n\n  data_e28422118bd52fdeb50af2d0e6a2db69.forEach((item) => {\n    result_e28422118bd52fdeb50af2d0e6a2db69.date.push(item.date);\n    result_e28422118bd52fdeb50af2d0e6a2db69.value.push(Number(item.value));\n  });\n\n  let option_e28422118bd52fdeb50af2d0e6a2db69 = {\n    \/\/ variavel de cor global\n    color: [color_e28422118bd52fdeb50af2d0e6a2db69],\n    title: {\n      text: '',\n    },\n    tooltip: {\n      trigger: 'axis',\n      axisPointer: {\n        type: 'cross',\n        label: {\n          \/\/ cor dos valores em X e Y\n          backgroundColor: color_e28422118bd52fdeb50af2d0e6a2db69,\n          formatter: (value) => {\n            if (typeof value.value === 'number') {\n              return Number(value.value).toLocaleString('pt-br', {\n                style: 'currency',\n                currency: 'BRL'\n              });\n            }\n            return value.value;\n          },\n        },\n      },\n      valueFormatter: (value) => Number(value).toLocaleString('pt-br', {\n        style: 'currency',\n        currency: 'BRL'\n      }),\n    },\n    legend: {\n      \/\/ data: ['Valor de Fechamento'],\n      show: false,\n    },\n    toolbox: {\n      feature: {\n        saveAsImage: {\n          show: false,\n        },\n      },\n    },\n    grid: {\n      left: '0px',\n      right: '0px',\n      bottom: '0px',\n      containLabel: true,\n    },\n    xAxis: [{\n      type: 'category',\n      data: result_e28422118bd52fdeb50af2d0e6a2db69.date,\n      boundaryGap: true,\n    }],\n    yAxis: [{\n      type: 'value',\n      min: Math.min(...result_e28422118bd52fdeb50af2d0e6a2db69.value),\n      max: Math.max(...result_e28422118bd52fdeb50af2d0e6a2db69.value),\n      axisLabel: {\n        formatter: (value) => value.toLocaleString('pt-br', {\n          style: 'currency',\n          currency: 'BRL'\n        }),\n      },\n    }],\n    series: [{\n      name: 'Valor de Fechamento',\n      type: 'line',\n      stack: 'Total',\n      \/\/ cor do grafico\n      areaStyle: {},\n      emphasis: {\n        focus: 'series',\n      },\n      data: result_e28422118bd52fdeb50af2d0e6a2db69.value,\n      \/\/ cor da linha\n      lineStyle: {\n        color: color_e28422118bd52fdeb50af2d0e6a2db69,\n      },\n    }, ],\n  };\n\n\twindow.chart_e28422118bd52fdeb50af2d0e6a2db69 = {\n\t\tel: chart_e28422118bd52fdeb50af2d0e6a2db69,\n\t\toption: option_e28422118bd52fdeb50af2d0e6a2db69\t};\n\n\n<\/script>\n\n\n\t<p>\n\t\t<a href=\"https:\/\/lp.suno.com.br\/planilha-da-vida-financeira\/\" target=\"_blank\" data-element=\"shortcode-suno-banner\" title=\"Banner SUNO, clique e saiba mais\">\n\t\t\t<picture>\n\t\t\t\t<source media=\"(max-width: 500px)\" srcset=\"https:\/\/files.sunoresearch.com.br\/n\/uploads\/2023\/04\/400x300-Planilha-vida-financeira-true.png\">\n\t\t\t\t<img class=\"newsContent__article__imgCapa newsContent__article__imgCapa--banner\"\n\t\t\t\t\tsrc=\"https:\/\/files.sunoresearch.com.br\/n\/uploads\/2023\/04\/1420x240-Planilha-vida-financeira-true.png\"\n\t\t\t\t\tdata-promo-id=\"383123\"\t\t\t\t\t\t\t\t\t\twidth='1420' height='240'\t\t\t\t\talt=\"https:\/\/files.sunoresearch.com.br\/n\/uploads\/2023\/04\/1420x240-Planilha-vida-financeira-true.png\"\n\t\t\t\t>\n\t\t\t<\/picture>\n\t\t<\/a>\n\t<\/p>\n\n\n","protected":false},"excerpt":{"rendered":"<p>A Tenda (TEND3) convocou na quinta-feira (16) uma assembleia geral extraordin\u00e1ria (AGE) para o pr\u00f3ximo dia 27 de novembro com o objetivo de discutir a proposta da administra\u00e7\u00e3o de redu\u00e7\u00e3o do capital social. Tenda (TEND3). Foto: Reprodu\u00e7\u00e3o Facebook. A redu\u00e7\u00e3o proposta pela administra\u00e7\u00e3o da companhia \u00e9 de R$ 419.475.577,11, &#8220;correspondente ao valor dos preju\u00edzos acumulados [&hellip;]<\/p>\n","protected":false},"author":313,"featured_media":166645,"comment_status":"closed","ping_status":"closed","sticky":false,"template":"","format":"standard","meta":[],"categories":[64],"tags":[286,660],"suno_strategy":[],"class_list":["post-486880","post","type-post","status-publish","format-standard","has-post-thumbnail","hentry","category-negocios","tag-acoes","tag-tenda-tend3"],"yoast_head":"<!-- This site is optimized with the Yoast SEO plugin v24.4 - https:\/\/yoast.com\/wordpress\/plugins\/seo\/ -->\n<title>Tenda (TEND3) convoca assembleia para discutir redu\u00e7\u00e3o de capital social<\/title>\n<meta name=\"description\" content=\"A Tenda justificou a iniciativa devido aos sucessivos preju\u00edzos enfrentados pela companhia nos \u00faltimos exerc\u00edcios sociais. Saiba mais!\" \/>\n<meta name=\"robots\" content=\"index, follow, max-snippet:-1, max-image-preview:large, max-video-preview:-1\" \/>\n<link rel=\"canonical\" href=\"https:\/\/www.suno.com.br\/noticias\/tenda-tend3-capital-social-gpj\/\" \/>\n<meta property=\"og:locale\" content=\"pt_BR\" \/>\n<meta property=\"og:type\" content=\"article\" \/>\n<meta property=\"og:title\" content=\"Tenda (TEND3) convoca assembleia para discutir redu\u00e7\u00e3o de capital social\" \/>\n<meta property=\"og:description\" content=\"A Tenda justificou a iniciativa devido aos sucessivos preju\u00edzos enfrentados pela companhia nos \u00faltimos exerc\u00edcios sociais. Saiba mais!\" \/>\n<meta property=\"og:url\" content=\"https:\/\/www.suno.com.br\/noticias\/tenda-tend3-capital-social-gpj\/\" \/>\n<meta property=\"og:site_name\" content=\"Suno Not\u00edcias\" \/>\n<meta property=\"article:publisher\" content=\"https:\/\/facebook.com\/sunoresearch\" \/>\n<meta property=\"og:image\" content=\"https:\/\/files.sunoresearch.com.br\/n\/uploads\/2021\/07\/543ff7c6-215870500_2680010118811050_351142597745808933_n.jpg\" \/>\n\t<meta property=\"og:image:width\" content=\"2048\" \/>\n\t<meta property=\"og:image:height\" content=\"1366\" \/>\n\t<meta property=\"og:image:type\" content=\"image\/jpeg\" \/>\n<meta name=\"author\" content=\"Giovanni Porf\u00edrio Jacomino\" \/>\n<meta name=\"twitter:card\" content=\"summary_large_image\" \/>\n<meta name=\"twitter:creator\" content=\"@sunoresearch\" \/>\n<meta name=\"twitter:site\" content=\"@sunoresearch\" \/>\n<meta name=\"twitter:label1\" content=\"Escrito por\" \/>\n\t<meta name=\"twitter:data1\" content=\"Giovanni Porf\u00edrio Jacomino\" \/>\n\t<meta name=\"twitter:label2\" content=\"Est. tempo de leitura\" \/>\n\t<meta name=\"twitter:data2\" content=\"1 minuto\" \/>\n<script type=\"application\/ld+json\" class=\"yoast-schema-graph\">{\"@context\":\"https:\/\/schema.org\",\"@graph\":[{\"@type\":\"NewsArticle\",\"@id\":\"https:\/\/www.suno.com.br\/noticias\/tenda-tend3-capital-social-gpj\/#article\",\"isPartOf\":{\"@id\":\"https:\/\/www.suno.com.br\/noticias\/tenda-tend3-capital-social-gpj\/\"},\"author\":{\"name\":\"Giovanni Porf\u00edrio Jacomino\",\"@id\":\"https:\/\/www.suno.com.br\/noticias\/#\/schema\/person\/d0f32748bbca4bee871fa191ee4e2d40\"},\"headline\":\"Tenda (TEND3) convoca assembleia para deliberar sobre redu\u00e7\u00e3o de capital social; saiba mais\",\"datePublished\":\"2023-11-17T12:50:45+00:00\",\"dateModified\":\"2023-11-17T12:55:36+00:00\",\"mainEntityOfPage\":{\"@id\":\"https:\/\/www.suno.com.br\/noticias\/tenda-tend3-capital-social-gpj\/\"},\"wordCount\":196,\"publisher\":{\"@id\":\"https:\/\/www.suno.com.br\/noticias\/#organization\"},\"image\":{\"@id\":\"https:\/\/www.suno.com.br\/noticias\/tenda-tend3-capital-social-gpj\/#primaryimage\"},\"thumbnailUrl\":\"https:\/\/files.sunoresearch.com.br\/n\/uploads\/2021\/07\/543ff7c6-215870500_2680010118811050_351142597745808933_n.jpg\",\"keywords\":[\"A\u00e7\u00f5es\",\"Tenda (TEND3)\"],\"articleSection\":[\"Neg\u00f3cios\"],\"inLanguage\":\"pt-BR\"},{\"@type\":\"WebPage\",\"@id\":\"https:\/\/www.suno.com.br\/noticias\/tenda-tend3-capital-social-gpj\/\",\"url\":\"https:\/\/www.suno.com.br\/noticias\/tenda-tend3-capital-social-gpj\/\",\"name\":\"Tenda (TEND3) convoca assembleia para discutir redu\u00e7\u00e3o de capital social\",\"isPartOf\":{\"@id\":\"https:\/\/www.suno.com.br\/noticias\/#website\"},\"primaryImageOfPage\":{\"@id\":\"https:\/\/www.suno.com.br\/noticias\/tenda-tend3-capital-social-gpj\/#primaryimage\"},\"image\":{\"@id\":\"https:\/\/www.suno.com.br\/noticias\/tenda-tend3-capital-social-gpj\/#primaryimage\"},\"thumbnailUrl\":\"https:\/\/files.sunoresearch.com.br\/n\/uploads\/2021\/07\/543ff7c6-215870500_2680010118811050_351142597745808933_n.jpg\",\"datePublished\":\"2023-11-17T12:50:45+00:00\",\"dateModified\":\"2023-11-17T12:55:36+00:00\",\"description\":\"A Tenda justificou a iniciativa devido aos sucessivos preju\u00edzos enfrentados pela companhia nos \u00faltimos exerc\u00edcios sociais. Saiba mais!\",\"breadcrumb\":{\"@id\":\"https:\/\/www.suno.com.br\/noticias\/tenda-tend3-capital-social-gpj\/#breadcrumb\"},\"inLanguage\":\"pt-BR\",\"potentialAction\":[{\"@type\":\"ReadAction\",\"target\":[\"https:\/\/www.suno.com.br\/noticias\/tenda-tend3-capital-social-gpj\/\"]}]},{\"@type\":\"ImageObject\",\"inLanguage\":\"pt-BR\",\"@id\":\"https:\/\/www.suno.com.br\/noticias\/tenda-tend3-capital-social-gpj\/#primaryimage\",\"url\":\"https:\/\/files.sunoresearch.com.br\/n\/uploads\/2021\/07\/543ff7c6-215870500_2680010118811050_351142597745808933_n.jpg\",\"contentUrl\":\"https:\/\/files.sunoresearch.com.br\/n\/uploads\/2021\/07\/543ff7c6-215870500_2680010118811050_351142597745808933_n.jpg\",\"width\":2048,\"height\":1366,\"caption\":\"Tenda (TEND3). Foto: Reprodu\u00e7\u00e3o Facebook.\"},{\"@type\":\"BreadcrumbList\",\"@id\":\"https:\/\/www.suno.com.br\/noticias\/tenda-tend3-capital-social-gpj\/#breadcrumb\",\"itemListElement\":[{\"@type\":\"ListItem\",\"position\":1,\"name\":\"Not\u00edcias\",\"item\":\"https:\/\/www.suno.com.br\/noticias\/\"},{\"@type\":\"ListItem\",\"position\":2,\"name\":\"Neg\u00f3cios\",\"item\":\"https:\/\/www.suno.com.br\/noticias\/negocios\/\"},{\"@type\":\"ListItem\",\"position\":3,\"name\":\"Tenda (TEND3) convoca assembleia para deliberar sobre redu\u00e7\u00e3o de capital social; saiba mais\"}]},{\"@type\":\"WebSite\",\"@id\":\"https:\/\/www.suno.com.br\/noticias\/#website\",\"url\":\"https:\/\/www.suno.com.br\/noticias\/\",\"name\":\"Suno Not\u00edcias\",\"description\":\"Seu portal de informa\u00e7\u00e3o sobre o mundo dos investimentos\",\"publisher\":{\"@id\":\"https:\/\/www.suno.com.br\/noticias\/#organization\"},\"potentialAction\":[{\"@type\":\"SearchAction\",\"target\":{\"@type\":\"EntryPoint\",\"urlTemplate\":\"https:\/\/www.suno.com.br\/noticias\/?s={search_term_string}\"},\"query-input\":{\"@type\":\"PropertyValueSpecification\",\"valueRequired\":true,\"valueName\":\"search_term_string\"}}],\"inLanguage\":\"pt-BR\"},{\"@type\":\"Organization\",\"@id\":\"https:\/\/www.suno.com.br\/noticias\/#organization\",\"name\":\"Suno Not\u00edcias\",\"url\":\"https:\/\/www.suno.com.br\/noticias\/\",\"logo\":{\"@type\":\"ImageObject\",\"inLanguage\":\"pt-BR\",\"@id\":\"https:\/\/www.suno.com.br\/noticias\/#\/schema\/logo\/image\/\",\"url\":\"https:\/\/files.sunoresearch.com.br\/n\/uploads\/2021\/09\/suno-logo.png\",\"contentUrl\":\"https:\/\/files.sunoresearch.com.br\/n\/uploads\/2021\/09\/suno-logo.png\",\"width\":180,\"height\":180,\"caption\":\"Suno Not\u00edcias\"},\"image\":{\"@id\":\"https:\/\/www.suno.com.br\/noticias\/#\/schema\/logo\/image\/\"},\"sameAs\":[\"https:\/\/facebook.com\/sunoresearch\",\"https:\/\/x.com\/sunoresearch\",\"https:\/\/www.instagram.com\/suno\",\"https:\/\/www.linkedin.com\/company\/suno-research\/\",\"https:\/\/www.youtube.com\/c\/sunoresearch\"]},{\"@type\":\"Person\",\"@id\":\"https:\/\/www.suno.com.br\/noticias\/#\/schema\/person\/d0f32748bbca4bee871fa191ee4e2d40\",\"name\":\"Giovanni Porf\u00edrio Jacomino\",\"image\":{\"@type\":\"ImageObject\",\"inLanguage\":\"pt-BR\",\"@id\":\"https:\/\/www.suno.com.br\/noticias\/#\/schema\/person\/image\/\",\"url\":\"https:\/\/secure.gravatar.com\/avatar\/efb32e19b730a121cb7a80f41ffec01a?s=96&r=g\",\"contentUrl\":\"https:\/\/secure.gravatar.com\/avatar\/efb32e19b730a121cb7a80f41ffec01a?s=96&r=g\",\"caption\":\"Giovanni Porf\u00edrio Jacomino\"},\"description\":\"Giovanni Porf\u00edrio Jacomino \u00e9 jornalista formado pela Universidade Estadual de Londrina (UEL) e p\u00f3s-graduado em Produ\u00e7\u00e3o e Pr\u00e1ticas Jornal\u00edsticas na Contemporaneidade na Faculdade C\u00e1sper L\u00edbero (FCL). Foi editor web no Startupi e no Finsiders, atuando ainda como editor no TC Mover, portal de not\u00edcias da TradersClub, fazendo a cobertura de assuntos relacionados ao mercado financeiro interno e externo. Atualmente, \u00e9 Rep\u00f3rter do Suno Not\u00edcias.\",\"url\":\"https:\/\/www.suno.com.br\/noticias\/author\/giovanni-porfiriosuno-com-br\/\"}]}<\/script>\n<!-- \/ Yoast SEO plugin. -->","yoast_head_json":{"title":"Tenda (TEND3) convoca assembleia para discutir redu\u00e7\u00e3o de capital social","description":"A Tenda justificou a iniciativa devido aos sucessivos preju\u00edzos enfrentados pela companhia nos \u00faltimos exerc\u00edcios sociais. Saiba mais!","robots":{"index":"index","follow":"follow","max-snippet":"max-snippet:-1","max-image-preview":"max-image-preview:large","max-video-preview":"max-video-preview:-1"},"canonical":"https:\/\/www.suno.com.br\/noticias\/tenda-tend3-capital-social-gpj\/","og_locale":"pt_BR","og_type":"article","og_title":"Tenda (TEND3) convoca assembleia para discutir redu\u00e7\u00e3o de capital social","og_description":"A Tenda justificou a iniciativa devido aos sucessivos preju\u00edzos enfrentados pela companhia nos \u00faltimos exerc\u00edcios sociais. Saiba mais!","og_url":"https:\/\/www.suno.com.br\/noticias\/tenda-tend3-capital-social-gpj\/","og_site_name":"Suno Not\u00edcias","article_publisher":"https:\/\/facebook.com\/sunoresearch","og_image":[{"width":2048,"height":1366,"url":"https:\/\/files.sunoresearch.com.br\/n\/uploads\/2021\/07\/543ff7c6-215870500_2680010118811050_351142597745808933_n.jpg","type":"image\/jpeg"}],"author":"Giovanni Porf\u00edrio Jacomino","twitter_card":"summary_large_image","twitter_creator":"@sunoresearch","twitter_site":"@sunoresearch","twitter_misc":{"Escrito por":"Giovanni Porf\u00edrio Jacomino","Est. tempo de leitura":"1 minuto"},"schema":{"@context":"https:\/\/schema.org","@graph":[{"@type":"NewsArticle","@id":"https:\/\/www.suno.com.br\/noticias\/tenda-tend3-capital-social-gpj\/#article","isPartOf":{"@id":"https:\/\/www.suno.com.br\/noticias\/tenda-tend3-capital-social-gpj\/"},"author":{"name":"Giovanni Porf\u00edrio Jacomino","@id":"https:\/\/www.suno.com.br\/noticias\/#\/schema\/person\/d0f32748bbca4bee871fa191ee4e2d40"},"headline":"Tenda (TEND3) convoca assembleia para deliberar sobre redu\u00e7\u00e3o de capital social; saiba mais","datePublished":"2023-11-17T12:50:45+00:00","dateModified":"2023-11-17T12:55:36+00:00","mainEntityOfPage":{"@id":"https:\/\/www.suno.com.br\/noticias\/tenda-tend3-capital-social-gpj\/"},"wordCount":196,"publisher":{"@id":"https:\/\/www.suno.com.br\/noticias\/#organization"},"image":{"@id":"https:\/\/www.suno.com.br\/noticias\/tenda-tend3-capital-social-gpj\/#primaryimage"},"thumbnailUrl":"https:\/\/files.sunoresearch.com.br\/n\/uploads\/2021\/07\/543ff7c6-215870500_2680010118811050_351142597745808933_n.jpg","keywords":["A\u00e7\u00f5es","Tenda (TEND3)"],"articleSection":["Neg\u00f3cios"],"inLanguage":"pt-BR"},{"@type":"WebPage","@id":"https:\/\/www.suno.com.br\/noticias\/tenda-tend3-capital-social-gpj\/","url":"https:\/\/www.suno.com.br\/noticias\/tenda-tend3-capital-social-gpj\/","name":"Tenda (TEND3) convoca assembleia para discutir redu\u00e7\u00e3o de capital social","isPartOf":{"@id":"https:\/\/www.suno.com.br\/noticias\/#website"},"primaryImageOfPage":{"@id":"https:\/\/www.suno.com.br\/noticias\/tenda-tend3-capital-social-gpj\/#primaryimage"},"image":{"@id":"https:\/\/www.suno.com.br\/noticias\/tenda-tend3-capital-social-gpj\/#primaryimage"},"thumbnailUrl":"https:\/\/files.sunoresearch.com.br\/n\/uploads\/2021\/07\/543ff7c6-215870500_2680010118811050_351142597745808933_n.jpg","datePublished":"2023-11-17T12:50:45+00:00","dateModified":"2023-11-17T12:55:36+00:00","description":"A Tenda justificou a iniciativa devido aos sucessivos preju\u00edzos enfrentados pela companhia nos \u00faltimos exerc\u00edcios sociais. Saiba mais!","breadcrumb":{"@id":"https:\/\/www.suno.com.br\/noticias\/tenda-tend3-capital-social-gpj\/#breadcrumb"},"inLanguage":"pt-BR","potentialAction":[{"@type":"ReadAction","target":["https:\/\/www.suno.com.br\/noticias\/tenda-tend3-capital-social-gpj\/"]}]},{"@type":"ImageObject","inLanguage":"pt-BR","@id":"https:\/\/www.suno.com.br\/noticias\/tenda-tend3-capital-social-gpj\/#primaryimage","url":"https:\/\/files.sunoresearch.com.br\/n\/uploads\/2021\/07\/543ff7c6-215870500_2680010118811050_351142597745808933_n.jpg","contentUrl":"https:\/\/files.sunoresearch.com.br\/n\/uploads\/2021\/07\/543ff7c6-215870500_2680010118811050_351142597745808933_n.jpg","width":2048,"height":1366,"caption":"Tenda (TEND3). Foto: Reprodu\u00e7\u00e3o Facebook."},{"@type":"BreadcrumbList","@id":"https:\/\/www.suno.com.br\/noticias\/tenda-tend3-capital-social-gpj\/#breadcrumb","itemListElement":[{"@type":"ListItem","position":1,"name":"Not\u00edcias","item":"https:\/\/www.suno.com.br\/noticias\/"},{"@type":"ListItem","position":2,"name":"Neg\u00f3cios","item":"https:\/\/www.suno.com.br\/noticias\/negocios\/"},{"@type":"ListItem","position":3,"name":"Tenda (TEND3) convoca assembleia para deliberar sobre redu\u00e7\u00e3o de capital social; saiba mais"}]},{"@type":"WebSite","@id":"https:\/\/www.suno.com.br\/noticias\/#website","url":"https:\/\/www.suno.com.br\/noticias\/","name":"Suno Not\u00edcias","description":"Seu portal de informa\u00e7\u00e3o sobre o mundo dos investimentos","publisher":{"@id":"https:\/\/www.suno.com.br\/noticias\/#organization"},"potentialAction":[{"@type":"SearchAction","target":{"@type":"EntryPoint","urlTemplate":"https:\/\/www.suno.com.br\/noticias\/?s={search_term_string}"},"query-input":{"@type":"PropertyValueSpecification","valueRequired":true,"valueName":"search_term_string"}}],"inLanguage":"pt-BR"},{"@type":"Organization","@id":"https:\/\/www.suno.com.br\/noticias\/#organization","name":"Suno Not\u00edcias","url":"https:\/\/www.suno.com.br\/noticias\/","logo":{"@type":"ImageObject","inLanguage":"pt-BR","@id":"https:\/\/www.suno.com.br\/noticias\/#\/schema\/logo\/image\/","url":"https:\/\/files.sunoresearch.com.br\/n\/uploads\/2021\/09\/suno-logo.png","contentUrl":"https:\/\/files.sunoresearch.com.br\/n\/uploads\/2021\/09\/suno-logo.png","width":180,"height":180,"caption":"Suno Not\u00edcias"},"image":{"@id":"https:\/\/www.suno.com.br\/noticias\/#\/schema\/logo\/image\/"},"sameAs":["https:\/\/facebook.com\/sunoresearch","https:\/\/x.com\/sunoresearch","https:\/\/www.instagram.com\/suno","https:\/\/www.linkedin.com\/company\/suno-research\/","https:\/\/www.youtube.com\/c\/sunoresearch"]},{"@type":"Person","@id":"https:\/\/www.suno.com.br\/noticias\/#\/schema\/person\/d0f32748bbca4bee871fa191ee4e2d40","name":"Giovanni Porf\u00edrio Jacomino","image":{"@type":"ImageObject","inLanguage":"pt-BR","@id":"https:\/\/www.suno.com.br\/noticias\/#\/schema\/person\/image\/","url":"https:\/\/secure.gravatar.com\/avatar\/efb32e19b730a121cb7a80f41ffec01a?s=96&r=g","contentUrl":"https:\/\/secure.gravatar.com\/avatar\/efb32e19b730a121cb7a80f41ffec01a?s=96&r=g","caption":"Giovanni Porf\u00edrio Jacomino"},"description":"Giovanni Porf\u00edrio Jacomino \u00e9 jornalista formado pela Universidade Estadual de Londrina (UEL) e p\u00f3s-graduado em Produ\u00e7\u00e3o e Pr\u00e1ticas Jornal\u00edsticas na Contemporaneidade na Faculdade C\u00e1sper L\u00edbero (FCL). Foi editor web no Startupi e no Finsiders, atuando ainda como editor no TC Mover, portal de not\u00edcias da TradersClub, fazendo a cobertura de assuntos relacionados ao mercado financeiro interno e externo. Atualmente, \u00e9 Rep\u00f3rter do Suno Not\u00edcias.","url":"https:\/\/www.suno.com.br\/noticias\/author\/giovanni-porfiriosuno-com-br\/"}]}},"default_loop_html":"<div class=\"cardsPage__listCard__boxs\"><div class=\"cardsPage__listCard__boxs__img\"><a href=\"https:\/\/www.suno.com.br\/noticias\/tenda-tend3-capital-social-gpj\/\"><img class=\"mask\" src=\"https:\/\/www.suno.com.br\/noticias\/wp-content\/themes\/suno\/resources\/images\/spotlight\/spotlight1img\/bg-mask.png\" alt=\"Image Mask\"\/><img src=\"https:\/\/files.sunoresearch.com.br\/n\/uploads\/2021\/07\/543ff7c6-215870500_2680010118811050_351142597745808933_n-400x200.jpg\" alt=\"Tenda (TEND3) convoca assembleia para deliberar sobre redu\u00e7\u00e3o de capital social; saiba mais\"\/><\/a><span class=\"spotlightCategory\"><a href=\"https:\/\/www.suno.com.br\/noticias\/negocios\/\">Neg\u00f3cios<\/a><\/span><\/div><div class=\"cardsPage__listCard__boxs__content\"><a href=\"https:\/\/www.suno.com.br\/noticias\/tenda-tend3-capital-social-gpj\/\"><h2 class=\"content__title\">Tenda (TEND3) convoca assembleia para deliberar sobre redu\u00e7\u00e3o de capital social; saiba mais<\/h2><\/a><div class=\"newsContent__article__meta\"><div class=\"newsContent__article__meta__authorBox\"><a href=\"https:\/\/www.suno.com.br\/noticias\/author\/giovanni-porfiriosuno-com-br\/\" class=\"authorBox__avatar noMobi\"><img src=\"https:\/\/files.sunoresearch.com.br\/n\/uploads\/2024\/05\/DSCF4115-1-1-150x150.webp\" alt=\"Giovanni Porf\u00edrio Jacomino\"><\/a><div class=\"authorBox__name\"><span>por\n\t\t\t<a href=\"https:\/\/www.suno.com.br\/noticias\/author\/giovanni-porfiriosuno-com-br\/\"><span itemprop=\"author\">Giovanni Porf\u00edrio Jacomino<\/span><\/a><\/span><time datetime=\"2023-11-17T09:50:45-03:00\" itemprop=\"datePublished\">17\/11\/2023 09:50<\/time><\/div><\/div><\/div><\/div><\/div>","single_layout":"posts","amp_enabled":true,"_links":{"self":[{"href":"https:\/\/www.suno.com.br\/noticias\/wp-json\/wp\/v2\/posts\/486880"}],"collection":[{"href":"https:\/\/www.suno.com.br\/noticias\/wp-json\/wp\/v2\/posts"}],"about":[{"href":"https:\/\/www.suno.com.br\/noticias\/wp-json\/wp\/v2\/types\/post"}],"author":[{"embeddable":true,"href":"https:\/\/www.suno.com.br\/noticias\/wp-json\/wp\/v2\/users\/313"}],"replies":[{"embeddable":true,"href":"https:\/\/www.suno.com.br\/noticias\/wp-json\/wp\/v2\/comments?post=486880"}],"version-history":[{"count":3,"href":"https:\/\/www.suno.com.br\/noticias\/wp-json\/wp\/v2\/posts\/486880\/revisions"}],"predecessor-version":[{"id":486900,"href":"https:\/\/www.suno.com.br\/noticias\/wp-json\/wp\/v2\/posts\/486880\/revisions\/486900"}],"wp:featuredmedia":[{"embeddable":true,"href":"https:\/\/www.suno.com.br\/noticias\/wp-json\/wp\/v2\/media\/166645"}],"wp:attachment":[{"href":"https:\/\/www.suno.com.br\/noticias\/wp-json\/wp\/v2\/media?parent=486880"}],"wp:term":[{"taxonomy":"category","embeddable":true,"href":"https:\/\/www.suno.com.br\/noticias\/wp-json\/wp\/v2\/categories?post=486880"},{"taxonomy":"post_tag","embeddable":true,"href":"https:\/\/www.suno.com.br\/noticias\/wp-json\/wp\/v2\/tags?post=486880"},{"taxonomy":"suno_strategy","embeddable":true,"href":"https:\/\/www.suno.com.br\/noticias\/wp-json\/wp\/v2\/suno_strategy?post=486880"}],"curies":[{"name":"wp","href":"https:\/\/api.w.org\/{rel}","templated":true}]}}